{"id":454267,"date":"2025-06-16T05:44:13","date_gmt":"2025-06-16T03:44:13","guid":{"rendered":"https:\/\/www.radiopiu.net\/wordpress\/?p=454267"},"modified":"2025-06-17T05:54:28","modified_gmt":"2025-06-17T03:54:28","slug":"incidente-sul-lavoro-a-vallada-agordina-ferito-un-operaio-straniero","status":"publish","type":"post","link":"https:\/\/www.radiopiu.net\/wordpress\/incidente-sul-lavoro-a-vallada-agordina-ferito-un-operaio-straniero\/","title":{"rendered":"INCIDENTE SUL LAVORO A VALLADA AGORDINA: FERITO UN OPERAIO STRANIERO"},"content":{"rendered":"<p>*******<\/p>\n<p>&nbsp;<\/p>\n<p><strong><a class=\"dt-pswp-item\" href=\"https:\/\/www.radiopiu.net\/wordpress\/wp-content\/uploads\/2020\/08\/CROCE-VERDE-VAL-BIOIS.jpg\" data-dt-img-description=\"\" data-large_image_width=\"1599\" data-large_image_height=\"1200\"><img loading=\"lazy\" decoding=\"async\" class=\" wp-image-153811 alignleft\" src=\"https:\/\/www.radiopiu.net\/wordpress\/wp-content\/uploads\/2020\/08\/CROCE-VERDE-VAL-BIOIS-300x225.jpg\" alt=\"\" width=\"153\" height=\"115\" srcset=\"https:\/\/www.radiopiu.net\/wordpress\/wp-content\/uploads\/2020\/08\/CROCE-VERDE-VAL-BIOIS-300x225.jpg 300w, https:\/\/www.radiopiu.net\/wordpress\/wp-content\/uploads\/2020\/08\/CROCE-VERDE-VAL-BIOIS-1024x768.jpg 1024w, https:\/\/www.radiopiu.net\/wordpress\/wp-content\/uploads\/2020\/08\/CROCE-VERDE-VAL-BIOIS-768x576.jpg 768w, https:\/\/www.radiopiu.net\/wordpress\/wp-content\/uploads\/2020\/08\/CROCE-VERDE-VAL-BIOIS-1536x1153.jpg 1536w, https:\/\/www.radiopiu.net\/wordpress\/wp-content\/uploads\/2020\/08\/CROCE-VERDE-VAL-BIOIS.jpg 1599w\" sizes=\"auto, (max-width: 153px) 100vw, 153px\" \/><\/a>VALLADA <\/strong>Stamattina alle 11:50 si \u00e8 verificato un incidente sul lavoro nel territorio comunale di Vallada Agordina. Un uomo di 44 anni, di nazionalit\u00e0 straniera, \u00e8 rimasto ferito mentre era impegnato in un\u2019attivit\u00e0 lavorativa. L\u2019allarme \u00e8 scattato immediatamente e sul posto sono intervenuti i soccorritori del Suem 118 con due ambulanze. Dopo le prime cure sul luogo dell\u2019incidente, il ferito \u00e8 stato trasportato in ambulanza all\u2019ospedale di Agordo per accertamenti e ulteriori trattamenti. Le sue condizioni non risultano al momento gravi.<\/p>\n<p>&nbsp;<\/p>\n<p>&nbsp;<\/p>\n<p>&nbsp;<\/p>\n<p>********<\/p>\n","protected":false},"excerpt":{"rendered":"<p>******* &nbsp; VALLADA Stamattina alle 11:50 si \u00e8 verificato un incidente sul lavoro nel territorio comunale di Vallada Agordina. Un uomo di 44 anni, di nazionalit\u00e0 straniera, \u00e8 rimasto ferito mentre era impegnato in un\u2019attivit\u00e0 lavorativa. L\u2019allarme \u00e8 scattato immediatamente e sul posto sono intervenuti i soccorritori del Suem 118 con due ambulanze. Dopo le&hellip;<\/p>\n","protected":false},"author":4,"featured_media":153811,"comment_status":"closed","ping_status":"closed","sticky":false,"template":"","format":"standard","meta":{"_monsterinsights_skip_tracking":false,"_monsterinsights_sitenote_active":false,"_monsterinsights_sitenote_note":"","_monsterinsights_sitenote_category":0,"footnotes":""},"categories":[51,49],"tags":[],"class_list":["post-454267","post","type-post","status-publish","format-standard","has-post-thumbnail","hentry","category-evidenza-top","category-news-18","category-51","category-49","description-off"],"img_url":"https:\/\/www.radiopiu.net\/wordpress\/wp-content\/uploads\/2020\/08\/CROCE-VERDE-VAL-BIOIS.jpg","_links":{"self":[{"href":"https:\/\/www.radiopiu.net\/wordpress\/wp-json\/wp\/v2\/posts\/454267","targetHints":{"allow":["GET"]}}],"collection":[{"href":"https:\/\/www.radiopiu.net\/wordpress\/wp-json\/wp\/v2\/posts"}],"about":[{"href":"https:\/\/www.radiopiu.net\/wordpress\/wp-json\/wp\/v2\/types\/post"}],"author":[{"embeddable":true,"href":"https:\/\/www.radiopiu.net\/wordpress\/wp-json\/wp\/v2\/users\/4"}],"replies":[{"embeddable":true,"href":"https:\/\/www.radiopiu.net\/wordpress\/wp-json\/wp\/v2\/comments?post=454267"}],"version-history":[{"count":1,"href":"https:\/\/www.radiopiu.net\/wordpress\/wp-json\/wp\/v2\/posts\/454267\/revisions"}],"predecessor-version":[{"id":454268,"href":"https:\/\/www.radiopiu.net\/wordpress\/wp-json\/wp\/v2\/posts\/454267\/revisions\/454268"}],"wp:featuredmedia":[{"embeddable":true,"href":"https:\/\/www.radiopiu.net\/wordpress\/wp-json\/wp\/v2\/media\/153811"}],"wp:attachment":[{"href":"https:\/\/www.radiopiu.net\/wordpress\/wp-json\/wp\/v2\/media?parent=454267"}],"wp:term":[{"taxonomy":"category","embeddable":true,"href":"https:\/\/www.radiopiu.net\/wordpress\/wp-json\/wp\/v2\/categories?post=454267"},{"taxonomy":"post_tag","embeddable":true,"href":"https:\/\/www.radiopiu.net\/wordpress\/wp-json\/wp\/v2\/tags?post=454267"}],"curies":[{"name":"wp","href":"https:\/\/api.w.org\/{rel}","templated":true}]}}