{"id":454547,"date":"2025-06-17T20:48:55","date_gmt":"2025-06-17T18:48:55","guid":{"rendered":"https:\/\/www.radiopiu.net\/wordpress\/?p=454547"},"modified":"2025-06-18T05:40:36","modified_gmt":"2025-06-18T03:40:36","slug":"dillo-a-radio-piu-falcade-senza-area-camper-una-contraddizione-per-un-comune-alpine-pearls","status":"publish","type":"post","link":"https:\/\/www.radiopiu.net\/wordpress\/dillo-a-radio-piu-falcade-senza-area-camper-una-contraddizione-per-un-comune-alpine-pearls\/","title":{"rendered":"DILLO A RADIO PIU&#8217;&#8230;FALCADE SENZA AREA CAMPER: UNA CONTRADDIZIONE PER UN COMUNE ALPINE PEARLS"},"content":{"rendered":"<p>********<\/p>\n<p>&nbsp;<\/p>\n<p><strong><a class=\"dt-pswp-item\" href=\"https:\/\/www.radiopiu.net\/wordpress\/wp-content\/uploads\/2025\/06\/CAMPER.jpg\" data-dt-img-description=\"\" data-large_image_width=\"1280\" data-large_image_height=\"853\"><img loading=\"lazy\" decoding=\"async\" class=\" wp-image-454548 alignleft\" src=\"https:\/\/www.radiopiu.net\/wordpress\/wp-content\/uploads\/2025\/06\/CAMPER-300x200.jpg\" alt=\"\" width=\"236\" height=\"157\" srcset=\"https:\/\/www.radiopiu.net\/wordpress\/wp-content\/uploads\/2025\/06\/CAMPER-300x200.jpg 300w, https:\/\/www.radiopiu.net\/wordpress\/wp-content\/uploads\/2025\/06\/CAMPER-1024x682.jpg 1024w, https:\/\/www.radiopiu.net\/wordpress\/wp-content\/uploads\/2025\/06\/CAMPER-768x512.jpg 768w, https:\/\/www.radiopiu.net\/wordpress\/wp-content\/uploads\/2025\/06\/CAMPER.jpg 1280w\" sizes=\"auto, (max-width: 236px) 100vw, 236px\" \/><\/a>RICEVIAMO E PUBBLICHIAMO<\/strong><\/p>\n<p>Buongiorno, desidero segnalare una criticit\u00e0 che sta emergendo con forza a Falcade in questo inizio stagione estiva: l\u2019assoluta carenza di spazi adeguati per la sosta dei camper\/pulmini camperizzati, in un comune che fa del turismo uno dei suoi principali motori economici e che aderisce, non a caso, al circuito Alpine Pearls, noto per la promozione di un turismo sostenibile e responsabile. Ogni anno molti turisti itineranti scelgono Falcade e il suo territorio per vacanze all\u2019insegna della natura, del trekking, dello sport e della tranquillit\u00e0. Tuttavia, l\u2019unica area abitualmente utilizzata per il parcheggio dei camper \u2013 vicina al centro del paese e a tutte le principali attivit\u00e0 e attrattive \u2013 a partire dal 9 giugno 2025, \u00e8 ufficialmente chiusa per lavori, come indicato nell\u2019Ordinanza n. 41 del 04\/06\/2025 e al momento non \u00e8 stata individuata alcuna alternativa concreta e funzionale, se non l&#8217;utilizzo dei vari parcheggi per auto sparsi nel territorio comunale o il &#8220;parcheggio selvaggio&#8221; come si sta vedendo in altri comuni Agordini, in cui si \u00e8 arrivato al punto di inserire zone a traffico limitato per evitare tutto ci\u00f2. Questo vuoto rappresenta un ostacolo reale alla permanenza dei camperisti nel territorio comunale. Va sottolineato per\u00f2 che questi lavori previsti sono, per loro natura, inderogabili, in quanto riguardano opere idrauliche di fondamentale importanza per la sicurezza e la funzionalit\u00e0 del territorio e eseguiti per conto della Regione Veneto. Nonostante ci\u00f2, il Comune avrebbe potuto e dovuto prevedere soluzioni alternative per la sosta dei camperisti, minimizzando l\u2019impatto di queste necessarie opere sul flusso turistico. L\u2019ordinanza di chiusura dell\u2019area, in s\u00e9, \u00e8 comprensibile e inevitabile nell\u2019ambito della pianificazione e dell\u2019esecuzione di interventi di sicurezza idraulica. Tuttavia, rimane l\u2019imperativo di garantire un\u2019adeguata alternativa per i turisti camperisti, che continuano a rappresentare una fetta importante dell\u2019offerta turistica e della vivacit\u00e0 economica del comune. Il campeggio esistente \u00e8 di dimensioni contenute come piazzole camper e spesso al completo gi\u00e0 nei primi periodi di alta stagione. L\u2019unica altra area &#8220;parcheggio camper&#8221; presente, quella di Caviola, \u00e8 piccola, scarsamente accessibile e lontana sia dal centro di Falcade che dalle principali attrazioni turistiche. A ci\u00f2 si aggiunge una mobilit\u00e0 interna poco funzionale, con collegamenti pubblici ridotti e autobus poco frequenti, che rendono ancora pi\u00f9 difficile spostarsi una volta lasciato il camper. In questo contesto, la mancanza di un\u2019area dedicata ai camper non \u00e8 solo un disagio per una precisa categoria di turisti, ma rappresenta una grave incoerenza rispetto alla visione di sostenibilit\u00e0 ambientale e mobilit\u00e0 dolce che Alpine Pearls promuove, e che il Comune di Falcade dovrebbe pienamente sostenere e mettere in pratica e risolverebbe il problema del &#8220;parcheggio selvaggio&#8221;. \u00c8 incomprensibile, inoltre, che negli anni non si sia previsto nemmeno un punto minimo di accoglienza, con la possibilit\u00e0 di sosta regolamentata e l\u2019accesso ai servizi di base: carico e scarico delle acque, collegamento elettrico, contenitori per la raccolta differenziata. Si tratta di dotazioni semplici, ormai presenti anche nei pi\u00f9 piccoli comuni montani, che per\u00f2 fanno una grande differenza in termini di qualit\u00e0 dell\u2019offerta turistica. I camperisti, lo ricordiamo, sono turisti a tutti gli effetti, che spesso contribuiscono attivamente all\u2019economia locale usufruendo di ristoranti, negozi, servizi e impianti. Ignorare le loro esigenze significa perdere un\u2019opportunit\u00e0 concreta di sviluppo per il territorio, in un momento in cui la concorrenza tra destinazioni turistiche \u00e8 sempre pi\u00f9 alta e inoltre rinunciare a una forma di turismo sostenibile, coerente con le strategie di promozione turistica del territorio. \u00c8 auspicabile che l\u2019Amministrazione comunale intervenga al pi\u00f9 presto, individuando una soluzione transitoria per la stagione in corso, ma soprattutto progettando una vera area camper attrezzata per il futuro, in grado di rispondere a standard minimi di accoglienza e alle aspettative di un pubblico ormai consolidato e in crescita, in coerenza con i valori che si dichiara di voler promuovere. Molto spesso quando al turista itinerante non si d\u00e0 un minimo di accoglienza cambia destinazione portando il camper e i &#8220;soldi&#8221; in altre localit\u00e0. Forse Falcade non ha bisogno n\u00e9 dei camperisti e nemmeno del loro contributo economico.<\/p>\n<p>Diego Costa<\/p>\n<p>&nbsp;<\/p>\n<p>&nbsp;<\/p>\n<p>&nbsp;<\/p>\n<p>&nbsp;<\/p>\n<p>**********<\/p>\n","protected":false},"excerpt":{"rendered":"<p>******** &nbsp; RICEVIAMO E PUBBLICHIAMO Buongiorno, desidero segnalare una criticit\u00e0 che sta emergendo con forza a Falcade in questo inizio stagione estiva: l\u2019assoluta carenza di spazi adeguati per la sosta dei camper\/pulmini camperizzati, in un comune che fa del turismo uno dei suoi principali motori economici e che aderisce, non a caso, al circuito Alpine&hellip;<\/p>\n","protected":false},"author":4,"featured_media":454548,"comment_status":"closed","ping_status":"closed","sticky":false,"template":"","format":"standard","meta":{"_monsterinsights_skip_tracking":false,"_monsterinsights_sitenote_active":false,"_monsterinsights_sitenote_note":"","_monsterinsights_sitenote_category":0,"footnotes":""},"categories":[51,49],"tags":[],"class_list":["post-454547","post","type-post","status-publish","format-standard","has-post-thumbnail","hentry","category-evidenza-top","category-news-18","category-51","category-49","description-off"],"img_url":"https:\/\/www.radiopiu.net\/wordpress\/wp-content\/uploads\/2025\/06\/CAMPER.jpg","_links":{"self":[{"href":"https:\/\/www.radiopiu.net\/wordpress\/wp-json\/wp\/v2\/posts\/454547","targetHints":{"allow":["GET"]}}],"collection":[{"href":"https:\/\/www.radiopiu.net\/wordpress\/wp-json\/wp\/v2\/posts"}],"about":[{"href":"https:\/\/www.radiopiu.net\/wordpress\/wp-json\/wp\/v2\/types\/post"}],"author":[{"embeddable":true,"href":"https:\/\/www.radiopiu.net\/wordpress\/wp-json\/wp\/v2\/users\/4"}],"replies":[{"embeddable":true,"href":"https:\/\/www.radiopiu.net\/wordpress\/wp-json\/wp\/v2\/comments?post=454547"}],"version-history":[{"count":1,"href":"https:\/\/www.radiopiu.net\/wordpress\/wp-json\/wp\/v2\/posts\/454547\/revisions"}],"predecessor-version":[{"id":454549,"href":"https:\/\/www.radiopiu.net\/wordpress\/wp-json\/wp\/v2\/posts\/454547\/revisions\/454549"}],"wp:featuredmedia":[{"embeddable":true,"href":"https:\/\/www.radiopiu.net\/wordpress\/wp-json\/wp\/v2\/media\/454548"}],"wp:attachment":[{"href":"https:\/\/www.radiopiu.net\/wordpress\/wp-json\/wp\/v2\/media?parent=454547"}],"wp:term":[{"taxonomy":"category","embeddable":true,"href":"https:\/\/www.radiopiu.net\/wordpress\/wp-json\/wp\/v2\/categories?post=454547"},{"taxonomy":"post_tag","embeddable":true,"href":"https:\/\/www.radiopiu.net\/wordpress\/wp-json\/wp\/v2\/tags?post=454547"}],"curies":[{"name":"wp","href":"https:\/\/api.w.org\/{rel}","templated":true}]}}