{"id":460561,"date":"2025-07-23T05:30:52","date_gmt":"2025-07-23T03:30:52","guid":{"rendered":"https:\/\/www.radiopiu.net\/wordpress\/?p=460561"},"modified":"2025-07-23T07:58:39","modified_gmt":"2025-07-23T05:58:39","slug":"giornale-radiopiu-23-luglio-2025-direttore-mirko-mezzacasa","status":"publish","type":"post","link":"https:\/\/www.radiopiu.net\/wordpress\/giornale-radiopiu-23-luglio-2025-direttore-mirko-mezzacasa\/","title":{"rendered":"GIORNALE RADIOPIU 23 LUGLIO 2025 DIRETTORE MIRKO MEZZACASA"},"content":{"rendered":"<p>*******<\/p>\n<p>&nbsp;<\/p>\n<p><em><span style=\"color: #ff0000;\"><a class=\"dt-pswp-item\" href=\"https:\/\/www.radiopiu.net\/wordpress\/wp-content\/uploads\/2024\/10\/Senza-nome-8.png\" data-dt-img-description=\"\" data-large_image_width=\"343\" data-large_image_height=\"303\"><img loading=\"lazy\" decoding=\"async\" class=\"wp-image-412130 alignleft\" src=\"https:\/\/www.radiopiu.net\/wordpress\/wp-content\/uploads\/2024\/10\/Senza-nome-8-300x265.png\" alt=\"\" width=\"105\" height=\"93\" srcset=\"https:\/\/www.radiopiu.net\/wordpress\/wp-content\/uploads\/2024\/10\/Senza-nome-8-300x265.png 300w, https:\/\/www.radiopiu.net\/wordpress\/wp-content\/uploads\/2024\/10\/Senza-nome-8.png 343w\" sizes=\"auto, (max-width: 105px) 100vw, 105px\" \/><\/a><\/span><\/em><strong><em><span style=\"color: #ff0000;\"> LA\u00a0 APP PER IOS-IPHONE di Nicola Vettorello<\/span><\/em><\/strong><\/p>\n<p><strong><span style=\"color: #0000ff;\"><a style=\"color: #0000ff;\" href=\"https:\/\/apps.apple.com\/it\/app\/radio-pi%C3%B9-emittente-agordina\/id1515939845\">https:\/\/apps.apple.com\/it\/app\/radio-pi%C3%B9-emittente-agordina\/id1515939845<\/a><\/span><\/strong><\/p>\n<p><strong><em style=\"color: #ff0000;\">LA\u00a0 APP RADIO\u00a0 PER ANDROID di Nicola Vettorello<\/em><\/strong><\/p>\n<p><strong><span style=\"color: #0000ff;\"><a style=\"color: #0000ff;\" href=\"https:\/\/play.google.com\/store\/apps\/details?id=net.radiopiu.iniko\" target=\"_blank\" rel=\"noopener noreferrer\">https:\/\/<\/a><a style=\"color: #0000ff;\" href=\"https:\/\/play.google.com\/store\/apps\/details?id=net.radiopiu.iniko\" target=\"_blank\" rel=\"noopener noreferrer\">play.google.com\/store\/apps\/details?id=net.radiopiu.iniko\u00a0\u00a0\u00a0\u00a0<\/a><\/span><\/strong><\/p>\n<p>&nbsp;<\/p>\n<p>&nbsp;<\/p>\n<p>&nbsp;<\/p>\n<hr \/>\n<p><span style=\"color: #0000ff;\">\u00a0<\/span><\/p>\n<p>&nbsp;<\/p>\n<blockquote>\n<h1 data-start=\"0\" data-end=\"60\"><strong data-start=\"0\" data-end=\"60\"><a class=\"dt-pswp-item\" href=\"https:\/\/www.radiopiu.net\/wordpress\/wp-content\/uploads\/2025\/07\/121e1bc5-d334-4fec-80c5-6951c586bdf6.jpg\" data-dt-img-description=\"\" data-large_image_width=\"1141\" data-large_image_height=\"1600\"><img loading=\"lazy\" decoding=\"async\" class=\" wp-image-460745 alignleft\" src=\"https:\/\/www.radiopiu.net\/wordpress\/wp-content\/uploads\/2025\/07\/121e1bc5-d334-4fec-80c5-6951c586bdf6-214x300.jpg\" alt=\"\" width=\"136\" height=\"191\" srcset=\"https:\/\/www.radiopiu.net\/wordpress\/wp-content\/uploads\/2025\/07\/121e1bc5-d334-4fec-80c5-6951c586bdf6-214x300.jpg 214w, https:\/\/www.radiopiu.net\/wordpress\/wp-content\/uploads\/2025\/07\/121e1bc5-d334-4fec-80c5-6951c586bdf6-730x1024.jpg 730w, https:\/\/www.radiopiu.net\/wordpress\/wp-content\/uploads\/2025\/07\/121e1bc5-d334-4fec-80c5-6951c586bdf6-768x1077.jpg 768w, https:\/\/www.radiopiu.net\/wordpress\/wp-content\/uploads\/2025\/07\/121e1bc5-d334-4fec-80c5-6951c586bdf6-1095x1536.jpg 1095w, https:\/\/www.radiopiu.net\/wordpress\/wp-content\/uploads\/2025\/07\/121e1bc5-d334-4fec-80c5-6951c586bdf6.jpg 1141w\" sizes=\"auto, (max-width: 136px) 100vw, 136px\" \/><\/a>OGGI SU RADIOPI\u00d9: MUSICA, informazione\u00a0 e dirette\u00a0<\/strong><\/h1>\n<\/blockquote>\n<p class=\"\" data-start=\"62\" data-end=\"463\"><strong>ALLE 8.05 LA RASSEGNA STAMPA LOCALE 8.25\u00a0 PIU SIAMO 9.00 IL NUOVO EVENTO DI ORTI RUPESTRI, SABATO A SAN TOMASO LA PRESENTAZIONE DEL LIBRO DI GIANANDREA MENCINI, L&#8217;AUTORE SARA&#8217; NOSTRO OSPITE CON RENATO DA RONCH\u00a0 \u00a010.30\u00a0 IN RICORDO DI LUCIA BARBIERO, LA GARA DI CORSA IN MONTAGNA A FORCELLA AURINE, IN STUDIO TERRY DAL SOLER ALESSIA DE MARCO E LUCA CAGNATI IL VINCITORE DELLA TRANS CIVETTA\u00a0 2025 IN COPPIA CON LORENZO CAGNATI\u00a0 12.00 IL LISCIO DI MIRCO BENCIVENNI 12.30 GR PRINCIPALE 13.20 COLLAGE OPERAZIONE NOSTALGIA, LORIS SCUSSEL 15.10 CON MICHELA DALLA NEVEGAL TOUR E MARINA AMAZING CALENDAR\u00a0 \u00a016 45 LE HIT STORICHE DI MIRCO BENCIVENNI 19.05 LE ANTICIPAZIONI DAL TG DI ANTENNA 3 DA UN\u2019IDEA DI TIZIANA BOLOGNANI 19.20 SARA LAVEDER DA GOSALDO PRESENTA LA COMPETIZIONE-PASSEGGIATA DI DOMENICA SOTTO LA CRODA GRANDA A GOSALDO<br \/>\n<\/strong><\/p>\n<p>&nbsp;<\/p>\n<p>&nbsp;<\/p>\n<hr \/>\n<p>&nbsp;<\/p>\n<p>&nbsp;<\/p>\n<div class=\"x11i5rnm xat24cr x1mh8g0r x1vvkbs xtlvy1s x126k92a\">\n<div dir=\"auto\">\n<div dir=\"auto\">\n<p><strong><a class=\"dt-pswp-item\" href=\"https:\/\/www.radiopiu.net\/wordpress\/wp-content\/uploads\/2025\/07\/file-2.jpg\" data-dt-img-description=\"\" data-large_image_width=\"640\" data-large_image_height=\"641\"><img loading=\"lazy\" decoding=\"async\" class=\"wp-image-460616 alignleft\" src=\"https:\/\/www.radiopiu.net\/wordpress\/wp-content\/uploads\/2025\/07\/file-2-300x300.jpg\" alt=\"\" width=\"141\" height=\"141\" srcset=\"https:\/\/www.radiopiu.net\/wordpress\/wp-content\/uploads\/2025\/07\/file-2-300x300.jpg 300w, https:\/\/www.radiopiu.net\/wordpress\/wp-content\/uploads\/2025\/07\/file-2-150x150.jpg 150w, https:\/\/www.radiopiu.net\/wordpress\/wp-content\/uploads\/2025\/07\/file-2.jpg 640w\" sizes=\"auto, (max-width: 141px) 100vw, 141px\" \/><\/a>EL BAL DEL FIOR, DI GIULIANA DA RONCH, 23 LUGLIO<\/strong><strong>\u00a02025<\/strong><\/p>\n<\/div>\n<\/div>\n<div dir=\"auto\">\n<div dir=\"auto\">\n<p>&nbsp;<\/p>\n<audio class=\"wp-audio-shortcode\" id=\"audio-460561-1\" preload=\"none\" style=\"width: 100%;\" controls=\"controls\"><source type=\"audio\/mpeg\" src=\"https:\/\/www.radiopiu.net\/wordpress\/wp-content\/uploads\/2025\/07\/GME-3.mp3?_=1\" \/><a href=\"https:\/\/www.radiopiu.net\/wordpress\/wp-content\/uploads\/2025\/07\/GME-3.mp3\">https:\/\/www.radiopiu.net\/wordpress\/wp-content\/uploads\/2025\/07\/GME-3.mp3<\/a><\/audio>\n<p>&nbsp;<\/p>\n<hr \/>\n<p>&nbsp;<\/p>\n<p>&nbsp;<\/p>\n<\/div>\n<\/div>\n<\/div>\n<div class=\"x11i5rnm xat24cr x1mh8g0r x1vvkbs xtlvy1s x126k92a\">\n<blockquote>\n<h1><strong><a class=\"dt-pswp-item\" href=\"https:\/\/www.radiopiu.net\/wordpress\/wp-content\/uploads\/2024\/10\/629301fd-708d-4f53-95c2-d28cbefd500f.jpg\" data-dt-img-description=\"\" data-large_image_width=\"1600\" data-large_image_height=\"1322\"><img loading=\"lazy\" decoding=\"async\" class=\"wp-image-413782 alignright\" src=\"https:\/\/www.radiopiu.net\/wordpress\/wp-content\/uploads\/2024\/10\/629301fd-708d-4f53-95c2-d28cbefd500f-300x248.jpg\" alt=\"\" width=\"106\" height=\"88\" srcset=\"https:\/\/www.radiopiu.net\/wordpress\/wp-content\/uploads\/2024\/10\/629301fd-708d-4f53-95c2-d28cbefd500f-300x248.jpg 300w, https:\/\/www.radiopiu.net\/wordpress\/wp-content\/uploads\/2024\/10\/629301fd-708d-4f53-95c2-d28cbefd500f-1024x846.jpg 1024w, https:\/\/www.radiopiu.net\/wordpress\/wp-content\/uploads\/2024\/10\/629301fd-708d-4f53-95c2-d28cbefd500f-768x635.jpg 768w, https:\/\/www.radiopiu.net\/wordpress\/wp-content\/uploads\/2024\/10\/629301fd-708d-4f53-95c2-d28cbefd500f-1536x1269.jpg 1536w, https:\/\/www.radiopiu.net\/wordpress\/wp-content\/uploads\/2024\/10\/629301fd-708d-4f53-95c2-d28cbefd500f.jpg 1600w\" sizes=\"auto, (max-width: 106px) 100vw, 106px\" \/><\/a><\/strong><\/h1>\n<h1><strong><a class=\"dt-pswp-item\" href=\"https:\/\/www.radiopiu.net\/wordpress\/wp-content\/uploads\/2024\/11\/th-18.jpg\" data-dt-img-description=\"\" data-large_image_width=\"156\" data-large_image_height=\"180\"><img loading=\"lazy\" decoding=\"async\" class=\"size-full wp-image-421611 alignleft\" src=\"https:\/\/www.radiopiu.net\/wordpress\/wp-content\/uploads\/2024\/11\/th-18.jpg\" alt=\"\" width=\"156\" height=\"180\" \/><\/a><\/strong><\/h1>\n<h1><strong>N di parom &#8211; L Almanach de la nosta jent<\/strong><\/h1>\n<\/blockquote>\n<p>&nbsp;<\/p>\n<p>Le voci: Davide Conedera, Agordo, Michela Dell&#8217;Osbel, La Valle Agordina Simone Ganz, Falcade Veronica Lezuo, Colle Santa Lucia. La voce nella sigla \u00e8 di Giorgia Taio<\/p>\n<p><strong>LA PUNTATA DI OGGI, 23 LUGLIO 2025<\/strong><\/p>\n<p>&nbsp;<\/p>\n<audio class=\"wp-audio-shortcode\" id=\"audio-460561-2\" preload=\"none\" style=\"width: 100%;\" controls=\"controls\"><source type=\"audio\/mpeg\" src=\"https:\/\/www.radiopiu.net\/wordpress\/wp-content\/uploads\/2025\/07\/AL3-4.mp3?_=2\" \/><a href=\"https:\/\/www.radiopiu.net\/wordpress\/wp-content\/uploads\/2025\/07\/AL3-4.mp3\">https:\/\/www.radiopiu.net\/wordpress\/wp-content\/uploads\/2025\/07\/AL3-4.mp3<\/a><\/audio>\n<p>&nbsp;<\/p>\n<\/div>\n<div class=\"x11i5rnm xat24cr x1mh8g0r x1vvkbs xtlvy1s x126k92a\">\n<div dir=\"auto\">\n<hr \/>\n<\/div>\n<\/div>\n<blockquote>\n<blockquote>\n<h1><span style=\"color: #ff0000;\">\u00a0<\/span><\/h1>\n<h1><span style=\"color: #ff0000;\">I podcast informativi del mattino &#8211; audio &#8211;\u00a0\u00a0<\/span><\/h1>\n<\/blockquote>\n<p><strong><a class=\"dt-pswp-item\" href=\"https:\/\/www.radiopiu.net\/wordpress\/wp-content\/uploads\/2024\/11\/6.jpg\" data-dt-img-description=\"\" data-large_image_width=\"177\" data-large_image_height=\"180\"><img loading=\"lazy\" decoding=\"async\" class=\"size-full wp-image-417911 alignleft\" src=\"https:\/\/www.radiopiu.net\/wordpress\/wp-content\/uploads\/2024\/11\/6.jpg\" alt=\"\" width=\"177\" height=\"180\" \/><\/a>LA RASSEGNA STAMPA NAZIONALE ALLA RADIO, OGNI GIORNO ALLE 5 E ALLE 6 DEL MATTINO <span style=\"color: #0000ff;\">viene pubblicata alle 6.00 <span style=\"color: #ff0000;\">DIRETTA RADIO\u00a0 \u00a0\u00a0<\/span><\/span><\/strong><\/p><\/blockquote>\n<p>&nbsp;<\/p>\n<p><strong>NOTIZIE DELLA NOTTE\u00a0<\/strong><\/p>\n<p data-start=\"0\" data-end=\"54\"><strong data-start=\"0\" data-end=\"54\">DAL MONDO: CLIMA, GUERRE E DIPLOMAZIE IN MOVIMENTO<\/strong><\/p>\n<p data-start=\"56\" data-end=\"458\"><strong data-start=\"56\" data-end=\"81\">Clima e Costituzione:<\/strong><br data-start=\"81\" data-end=\"84\" \/>Negli Stati Uniti si apre un nuovo fronte legale sul cambiamento climatico. Un giudice americano sar\u00e0 chiamato a stabilire se la crisi climatica, con le sue conseguenze devastanti, violi o meno i diritti costituzionali dei cittadini. Si tratta di una decisione che potrebbe avere ripercussioni di portata storica, in un contesto globale sempre pi\u00f9 segnato da eventi estremi.<\/p>\n<p data-start=\"460\" data-end=\"803\"><strong data-start=\"460\" data-end=\"482\">Gaza sotto accusa:<\/strong><br data-start=\"482\" data-end=\"485\" \/>Oltre 100 organizzazioni non governative hanno denunciato una situazione di &#8220;carestia di massa&#8221; in atto nella Striscia di Gaza. L&#8217;appello rivolto alla comunit\u00e0 internazionale chiede un immediato cessate il fuoco e la riapertura di corridoi umanitari, per garantire ai civili l&#8217;accesso a cibo, acqua e cure mediche.<\/p>\n<p data-start=\"805\" data-end=\"1092\"><strong data-start=\"805\" data-end=\"817\">Ucraina:<\/strong><br data-start=\"817\" data-end=\"820\" \/>La guerra in Ucraina registra un nuovo episodio drammatico: un caccia Mirage di fabbricazione francese, in dotazione all\u2019aeronautica ucraina, \u00e8 precipitato durante un volo. Le autorit\u00e0 non hanno ancora fornito dettagli sulle cause dell\u2019incidente n\u00e9 sul destino del pilota.<\/p>\n<p data-start=\"1094\" data-end=\"1413\"><strong data-start=\"1094\" data-end=\"1120\">Economia e diplomazia:<\/strong><br data-start=\"1120\" data-end=\"1123\" \/>La Borsa di Tokyo ha registrato un rialzo dei titoli automobilistici, trainata dall&#8217;annuncio di un nuovo accordo commerciale tra il Giappone e Donald Trump. L\u2019intesa prevede l\u2019applicazione di dazi al 15%, ma allo stesso tempo apre la porta a una collaborazione pi\u00f9 stabile tra le parti.<\/p>\n<p data-start=\"1415\" data-end=\"1670\"><strong data-start=\"1415\" data-end=\"1440\">Scontro politico USA:<\/strong><br data-start=\"1440\" data-end=\"1443\" \/>Barack Obama interviene nel dibattito elettorale, definendo &#8220;bizzarre e ridicole&#8221; le accuse mosse da Trump. L&#8217;ex presidente ha voluto difendere l\u2019integrit\u00e0 del sistema giudiziario e richiamare alla responsabilit\u00e0 istituzionale.<\/p>\n<p data-start=\"1672\" data-end=\"1938\"><strong data-start=\"1672\" data-end=\"1696\">Crisi mediorientale:<\/strong><br data-start=\"1696\" data-end=\"1699\" \/>L&#8217;inviato speciale Witkoff \u00e8 in missione tra Israele e i Paesi arabi per mediare una tregua nella Striscia di Gaza e riaprire i corridoi umanitari. La situazione rimane estremamente delicata, ma si intravedono primi segnali di dialogo.<\/p>\n<p data-start=\"1940\" data-end=\"2195\" data-is-last-node=\"\" data-is-only-node=\"\"><strong data-start=\"1940\" data-end=\"1963\">Le parole del Papa:<\/strong><br data-start=\"1963\" data-end=\"1966\" \/>Papa Leone, tornando a parlare dei conflitti globali, ha espresso il desiderio di visitare <strong data-start=\"2061\" data-end=\"2069\">Gaza<\/strong>, ma anche altri luoghi feriti dalla guerra, ricordando l&#8217;urgenza della pace e della solidariet\u00e0 verso le popolazioni colpite.<\/p>\n<h1>AUDIO dalle 6 del mattino<\/h1>\n<audio class=\"wp-audio-shortcode\" id=\"audio-460561-3\" preload=\"none\" style=\"width: 100%;\" controls=\"controls\"><source type=\"audio\/mpeg\" src=\"https:\/\/www.radiopiu.net\/wordpress\/wp-content\/uploads\/2025\/07\/GIORNALEDELLESEI-18.mp3?_=3\" \/><a href=\"https:\/\/www.radiopiu.net\/wordpress\/wp-content\/uploads\/2025\/07\/GIORNALEDELLESEI-18.mp3\">https:\/\/www.radiopiu.net\/wordpress\/wp-content\/uploads\/2025\/07\/GIORNALEDELLESEI-18.mp3<\/a><\/audio>\n<p>&nbsp;<\/p>\n<p>&nbsp;<\/p>\n<hr \/>\n<p>&nbsp;<\/p>\n<h1 style=\"text-align: center;\"><span style=\"color: #ff0000;\"><a class=\"dt-pswp-item\" href=\"https:\/\/www.radiopiu.net\/wordpress\/wp-content\/uploads\/2024\/11\/7.jpg\" data-dt-img-description=\"\" data-large_image_width=\"180\" data-large_image_height=\"180\"><img loading=\"lazy\" decoding=\"async\" class=\"size-full wp-image-417912 alignleft\" src=\"https:\/\/www.radiopiu.net\/wordpress\/wp-content\/uploads\/2024\/11\/7.jpg\" alt=\"\" width=\"180\" height=\"180\" srcset=\"https:\/\/www.radiopiu.net\/wordpress\/wp-content\/uploads\/2024\/11\/7.jpg 180w, https:\/\/www.radiopiu.net\/wordpress\/wp-content\/uploads\/2024\/11\/7-150x150.jpg 150w\" sizes=\"auto, (max-width: 180px) 100vw, 180px\" \/><\/a>I podcast informativi del mattino &#8211; audio &#8211;\u00a0<\/span><\/h1>\n<p><strong>OGNI GIORNO ALLE SETTE DEL MATTINO, LA RASSEGNA STAMPA LOCALE FLASH&#8230; PER CHI VA IN FRETTA. I TITOLI DAI GIORNALI E DAL SITO WWW.RADIOPIU.NET <span style=\"color: #0000ff;\">viene pubblicato alle 7.00<\/span> <span style=\"color: #ff0000;\">DIRETTA RADIO\u00a0<\/span><\/strong><\/p>\n<p><em><span style=\"color: #ff0000;\">per chi va in fretta&#8230; tante notizie in pochi minuti. L&#8217;informazione locale alla radio, ogni ora dalle 7 del mattino alle 19 della sera.\u00a0\u00a0<\/span><\/em><\/p>\n<p><strong data-start=\"0\" data-end=\"62\">Notizie locali dal Bellunese: tra cronaca, eventi e novit\u00e0<\/strong><\/p>\n<p>&nbsp;<\/p>\n<div class=\"flex flex-1 grow basis-auto flex-col overflow-hidden\">\n<div class=\"relative h-full\">\n<div class=\"flex h-full flex-col overflow-y-auto [scrollbar-gutter:stable]\">\n<div class=\"mt-1.5 flex flex-col text-sm @thread-xl\/thread:pt-header-height md:pb-9\">\n<article class=\"group\/turn w-full text-token-text-primary focus-visible:outline-none\" dir=\"auto\" tabindex=\"-1\" data-testid=\"conversation-turn-2\" data-scroll-anchor=\"true\">\n<div class=\"text-base my-auto mx-auto py-5 px-6\">\n<div class=\"mx-auto flex flex-1 text-base gap-4 md:gap-5 lg:gap-6 md:max-w-3xl\">\n<div class=\"group\/conversation-turn relative flex w-full min-w-0 flex-col agent-turn @xs\/thread:px-0 @sm\/thread:px-1.5 @md\/thread:px-4\">\n<div class=\"relative flex-col gap-1 md:gap-3\">\n<div class=\"flex max-w-full flex-col flex-grow\">\n<div class=\"min-h-8 text-message relative flex w-full flex-col items-end gap-2 whitespace-normal break-words text-start [.text-message+&amp;]:mt-5\" dir=\"auto\" data-message-author-role=\"assistant\" data-message-id=\"bff05fc0-dc7c-4ab7-9b20-d3eec753127b\" data-message-model-slug=\"gpt-4o-mini\">\n<div class=\"flex w-full flex-col gap-1 empty:hidden first:pt-[3px]\">\n<div class=\"markdown prose w-full break-words dark:prose-invert dark\">\n<p class=\"\" data-start=\"64\" data-end=\"329\"><em><strong>Radio Pi\u00f9 offre una panoramica sui principali eventi e notizie in provincia di Belluno, accompagnata dalla programmazione radiofonica. Tra le principali notizie<\/strong><\/em><\/p>\n<\/div>\n<\/div>\n<\/div>\n<\/div>\n<\/div>\n<\/div>\n<\/div>\n<\/div>\n<\/article>\n<\/div>\n<\/div>\n<\/div>\n<\/div>\n<h1>AUDIO dalle 7 del mattino<\/h1>\n<audio class=\"wp-audio-shortcode\" id=\"audio-460561-4\" preload=\"none\" style=\"width: 100%;\" controls=\"controls\"><source type=\"audio\/mpeg\" src=\"https:\/\/www.radiopiu.net\/wordpress\/wp-content\/uploads\/2025\/07\/GF07-17.mp3?_=4\" \/><a href=\"https:\/\/www.radiopiu.net\/wordpress\/wp-content\/uploads\/2025\/07\/GF07-17.mp3\">https:\/\/www.radiopiu.net\/wordpress\/wp-content\/uploads\/2025\/07\/GF07-17.mp3<\/a><\/audio>\n<p>&nbsp;<\/p>\n<p>&nbsp;<\/p>\n<hr \/>\n<p>&nbsp;<\/p>\n<h1><\/h1>\n<h1 style=\"text-align: center;\"><span style=\"color: #ff0000;\"><a class=\"dt-pswp-item\" href=\"https:\/\/www.radiopiu.net\/wordpress\/wp-content\/uploads\/2024\/11\/th.jpg\" data-dt-img-description=\"\" data-large_image_width=\"148\" data-large_image_height=\"179\"><img loading=\"lazy\" decoding=\"async\" class=\" wp-image-417913 alignleft\" src=\"https:\/\/www.radiopiu.net\/wordpress\/wp-content\/uploads\/2024\/11\/th.jpg\" alt=\"\" width=\"66\" height=\"80\" \/><\/a>I podcast informativi del mattino &#8211; audio &#8211;\u00a0<\/span><\/h1>\n<blockquote><p><strong>GIORNALE RADIO NAZIONALE, EDIZIONE DELLE SETTE <span style=\"color: #0000ff;\">viene pubblicato alle 7.05 <span style=\"color: #ff0000;\">DIRETTA RADIO\u00a0<\/span><\/span><\/strong><\/p><\/blockquote>\n<p><strong>il giornale radionazionale e&#8217; in onda ogni ora, dalle sette del mattino alle venti della sera\u00a0 \u00a0\u00a0<\/strong><\/p>\n<p>&nbsp;<\/p>\n<blockquote>\n<h2><em><a class=\"dt-pswp-item\" href=\"https:\/\/www.radiopiu.net\/wordpress\/wp-content\/uploads\/2025\/02\/download-7.jpg\" data-dt-img-description=\"\" data-large_image_width=\"211\" data-large_image_height=\"239\"><img loading=\"lazy\" decoding=\"async\" class=\" wp-image-435553 alignleft\" src=\"https:\/\/www.radiopiu.net\/wordpress\/wp-content\/uploads\/2025\/02\/download-7.jpg\" alt=\"\" width=\"186\" height=\"211\" \/><\/a><span style=\"color: #ff0000;\">RADIOPI\u00d9<\/span> \u2013 La voce del territorio, lo sguardo sul Paese.<\/em><\/h2>\n<\/blockquote>\n<p data-start=\"0\" data-end=\"76\"><strong data-start=\"0\" data-end=\"76\">CRONACA DI UNA GIORNATA TRA TRAGEDIE, SVILUPPI GIUDIZIARI E NUOVE VERIT\u00c0<\/strong><\/p>\n<p data-start=\"241\" data-end=\"521\"><strong data-start=\"241\" data-end=\"273\">BRESCIA \u2013 <\/strong>Tragedia nei cieli Due persone, un uomo e una donna, hanno perso la vita dopo che un ultraleggero \u00e8 precipitato nel Bresciano. L\u2019impatto non ha lasciato scampo ai passeggeri: sul posto vigili del fuoco e forze dell\u2019ordine per accertare le cause dell\u2019incidente.<\/p>\n<p data-start=\"523\" data-end=\"771\"><strong data-start=\"523\" data-end=\"586\">GALLIPOLI \u2013 Bimbo in piscina, dichiarata la morte cerebrale <\/strong>Gravissimo epilogo per il bambino salvato nei giorni scorsi da un annegamento in piscina. Dopo giorni di speranze, \u00e8 stata dichiarata la morte cerebrale. La comunit\u00e0 \u00e8 sconvolta.<\/p>\n<p data-start=\"773\" data-end=\"1190\"><strong data-start=\"773\" data-end=\"828\">ROMA \u2013 Arrestato il medico della liposuzione fatale <\/strong>Il medico coinvolto nella morte di una paziente durante una liposuzione \u00e8 stato arrestato: continuava ad esercitare nonostante l\u2019indagine in corso. Sempre nella capitale, dopo 31 anni si riapre l\u2019indagine sull\u2019omicidio della commercialista Simonetta Di Veroli, uccisa nel 1994. I familiari si dicono fiduciosi: &#8220;Finalmente, si pu\u00f2 fare chiarezza&#8221;.<\/p>\n<p data-start=\"1192\" data-end=\"1429\"><strong data-start=\"1192\" data-end=\"1222\">LATINA \u2013 Allarme West Nile <\/strong>Un paziente \u00e8 in terapia intensiva per il virus West Nile. Altri quattro risultano in miglioramento, mentre un 86enne resta in condizioni gravi ma stabili. A lanciare l&#8217;allarme \u00e8 la ASL di Latina.<\/p>\n<p data-start=\"1431\" data-end=\"1718\"><strong data-start=\"1431\" data-end=\"1484\">FIRENZE \u2013 Caso Mostro di Firenze, svolta genetica <\/strong>Nuova rivelazione sul caso del Mostro di Firenze: il test del DNA ha rivelato che Natalino, il bambino sopravvissuto al delitto del 1968, non era figlio di Stefano Mele, come si era sempre creduto, ma di Giovanni Vinci.<\/p>\n<p data-start=\"1720\" data-end=\"2022\"><strong data-start=\"1720\" data-end=\"1781\">CUTRO \u2013 Rinviati a giudizio sei militari per il naufragio <\/strong>Per la tragedia del naufragio di Cutro, in cui persero la vita decine di migranti, sono stati rinviati a giudizio quattro finanzieri e due operatori della Guardia Costiera. Le accuse si riferiscono a presunti ritardi nei soccorsi.<\/p>\n<p data-start=\"2024\" data-end=\"2301\"><strong data-start=\"2024\" data-end=\"2091\">SVIZZERA \u2013 Muore con il suicidio assistito la giornalista Laura <\/strong>Colpita da sclerosi multipla, la giornalista cinquantenne Laura ha scelto di porre fine alle sue sofferenze ricorrendo al suicidio assistito in Svizzera. &#8220;Una decisione lucida&#8221;, dicono gli amici.<\/p>\n<blockquote>\n<h2><span style=\"color: #ff0000;\">RADIOPI\u00d9<\/span> \u2013 Dalle Dolomiti alla pianura, i fatti che segnano la Regione.<\/h2>\n<\/blockquote>\n<p><strong><a class=\"dt-pswp-item\" href=\"https:\/\/www.radiopiu.net\/wordpress\/wp-content\/uploads\/2025\/02\/download-3.jpg\" data-dt-img-description=\"\" data-large_image_width=\"223\" data-large_image_height=\"226\"><img loading=\"lazy\" decoding=\"async\" class=\"size-full wp-image-434732 alignleft\" src=\"https:\/\/www.radiopiu.net\/wordpress\/wp-content\/uploads\/2025\/02\/download-3.jpg\" alt=\"\" width=\"223\" height=\"226\" \/><\/a><\/strong><\/p>\n<p>&nbsp;<\/p>\n<div class=\"font-playfairdisplay font-bold text-tipografia-titolo text-[32px]\/[125%] md:text-4xl\/[125%]\" data-sentry-component=\"TitoloLocaleMag\" data-sentry-source-file=\"TitoloLocaleMag.tsx\">\n<div class=\"empty:hidden\" data-sentry-component=\"HtmlField\" data-sentry-source-file=\"HtmlField.tsx\">\n<p><strong>PADOVA<\/strong> Ragazzo veneto di 21 anni muore in guerra ucciso da un missile. Combatteva per l\u2019Ucraina.\u00a0 Artiom Naliato viveva in provincia di Padova. Adottato da bambino, era cittadino italiano. L\u20191 giugno era tornato nella sua patria per partecipare al conflitto con la Russia<\/p>\n<div class=\"flex basis-auto flex-col -mb-(--composer-overlap-px) [--composer-overlap-px:55px] grow overflow-hidden\">\n<div class=\"relative h-full\">\n<div class=\"flex h-full flex-col overflow-y-auto [scrollbar-gutter:stable_both-edges] @[84rem]\/thread:pt-(--header-height)\">\n<div class=\"@thread-xl\/thread:pt-header-height flex flex-col text-sm\">\n<article class=\"text-token-text-primary w-full\" dir=\"auto\" data-testid=\"conversation-turn-50\" data-scroll-anchor=\"true\">\n<div class=\"text-base my-auto mx-auto pb-10 [--thread-content-margin:--spacing(4)] @[37rem]:[--thread-content-margin:--spacing(6)] @[72rem]:[--thread-content-margin:--spacing(16)] px-(--thread-content-margin)\">\n<div class=\"[--thread-content-max-width:32rem] @[34rem]:[--thread-content-max-width:40rem] @[64rem]:[--thread-content-max-width:48rem] mx-auto max-w-(--thread-content-max-width) flex-1 group\/turn-messages focus-visible:outline-hidden relative flex w-full min-w-0 flex-col agent-turn\" tabindex=\"-1\">\n<div class=\"flex max-w-full flex-col grow\">\n<div class=\"min-h-8 text-message relative flex w-full flex-col items-end gap-2 text-start break-words whitespace-normal [.text-message+&amp;]:mt-5\" dir=\"auto\" data-message-author-role=\"assistant\" data-message-id=\"a6a1ef15-ee17-4e6c-879b-c0b479947a97\" data-message-model-slug=\"gpt-4o\">\n<div class=\"flex w-full flex-col gap-1 empty:hidden first:pt-[3px]\">\n<div class=\"markdown prose dark:prose-invert w-full break-words dark\">\n<p data-start=\"263\" data-end=\"572\"><strong data-start=\"263\" data-end=\"334\">VICENZA\u00a0 <\/strong>Sar\u00e0 processato a dicembre il comandante dei Vigili del Fuoco accusato di violenza sessuale per un fatto avvenuto alcuni mesi fa a Vicenza. La vicenda \u00e8 ancora coperta da riserbo, ma la Procura ha disposto il rinvio a giudizio.<\/p>\n<p data-start=\"574\" data-end=\"865\"><strong data-start=\"574\" data-end=\"625\">VENEZIA <\/strong>Nella sede della Prefettura di Venezia si \u00e8 tenuto un vertice regionale tra le forze dell\u2019ordine, con l\u2019obiettivo di rafforzare la sinergia con l\u2019autorit\u00e0 giudiziaria per una risposta pi\u00f9 coordinata alle emergenze del territorio.<\/p>\n<p data-start=\"867\" data-end=\"1149\"><strong data-start=\"867\" data-end=\"933\">VICENZA\u00a0 <\/strong>Un 27enne \u00e8 stato denunciato dopo una serie di azioni assurde: prima ruba un\u2019auto, poi si schianta e infine rapina chi lo stava soccorrendo. L\u2019episodio ha lasciato sconcertati anche i soccorritori.<\/p>\n<p data-start=\"1151\" data-end=\"1417\"><strong data-start=\"1151\" data-end=\"1214\">PADOVA <\/strong>Un uomo \u00e8 stato arrestato dai carabinieri nel Padovano: aveva minacciato la sorella con un fucile, e nella sua abitazione \u00e8 stata scoperta anche una serra per la coltivazione di marijuana.<\/p>\n<p data-start=\"1419\" data-end=\"1676\"><strong data-start=\"1419\" data-end=\"1474\">TREVISO\u00a0 <\/strong>Un 42enne \u00e8 stato denunciato per una serie di furti in chiese del Trevigiano. \u00c8 stato fermato dai carabinieri vicino a un santuario, con arnesi da scasso nel bagagliaio dell\u2019auto.<\/p>\n<p data-start=\"1678\" data-end=\"1934\"><strong data-start=\"1678\" data-end=\"1736\">VICENZA\u00a0 <\/strong>Gravissimo incidente in provincia di Vicenza, dove una donna in bicicletta \u00e8 stata investita da una betoniera. L\u2019anziana \u00e8 stata ricoverata in codice rosso e lotta tra la vita e la morte.<\/p>\n<p data-start=\"1936\" data-end=\"2187\"><strong data-start=\"1936\" data-end=\"1989\">PADOVA\u00a0 <\/strong>Un\u2019equipe internazionale guidata dall\u2019Universit\u00e0 di Padova ha presentato un nuovo modello sull\u2019origine e l\u2019evoluzione dell\u2019universo, aprendo prospettive inedite per l\u2019astrofisica teorica.<\/p>\n<p data-start=\"2189\" data-end=\"2431\"><strong data-start=\"2189\" data-end=\"2237\">VICENZA\/VERONA\u00a0 <\/strong>La Guardia di Finanza ha eseguito una maxi-operazione contro le truffe sui fondi Pnrr. Ben 35 persone denunciate e beni sequestrati per 3 milioni di euro tra Vicenza e Verona.<\/p>\n<p data-start=\"2433\" data-end=\"2704\" data-is-last-node=\"\" data-is-only-node=\"\"><strong data-start=\"2433\" data-end=\"2493\">MOGLIANO\u00a0 <\/strong>Un noto venditore ambulante di rose, conosciuto come Rosario, \u00e8 stato multato per 5.000 euro mentre svolgeva la sua attivit\u00e0 nei locali di Mogliano. Il caso ha suscitato sconcerto tra i cittadini.<\/p>\n<\/div>\n<\/div>\n<\/div>\n<\/div>\n<\/div>\n<\/div>\n<\/article>\n<\/div>\n<\/div>\n<\/div>\n<\/div>\n<\/div>\n<\/div>\n<h1><span style=\"color: #ff0000;\"><span style=\"color: #0000ff;\">ULTIM&#8217;ORA<\/span> <span style=\"color: #000000;\">AUDIO dalle sette del mattino, ogni ora alla radio EDIZIONE DELLE SETTE<\/span><\/span><\/h1>\n<audio class=\"wp-audio-shortcode\" id=\"audio-460561-5\" preload=\"none\" style=\"width: 100%;\" controls=\"controls\"><source type=\"audio\/mpeg\" src=\"https:\/\/www.radiopiu.net\/wordpress\/wp-content\/uploads\/2025\/07\/giornale07-21.mp3?_=5\" \/><a href=\"https:\/\/www.radiopiu.net\/wordpress\/wp-content\/uploads\/2025\/07\/giornale07-21.mp3\">https:\/\/www.radiopiu.net\/wordpress\/wp-content\/uploads\/2025\/07\/giornale07-21.mp3<\/a><\/audio>\n<p>&nbsp;<\/p>\n<p>&nbsp;<\/p>\n<p>&nbsp;<\/p>\n<p>&nbsp;<\/p>\n<p>&nbsp;<\/p>\n<p>&nbsp;<\/p>\n<hr \/>\n<p>&nbsp;<\/p>\n<p>&nbsp;<\/p>\n<h1><span style=\"color: #ff0000;\"><a class=\"dt-pswp-item\" href=\"https:\/\/www.radiopiu.net\/wordpress\/wp-content\/uploads\/2024\/11\/8.jpg\" data-dt-img-description=\"\" data-large_image_width=\"180\" data-large_image_height=\"180\"><img loading=\"lazy\" decoding=\"async\" class=\"size-full wp-image-417910 alignleft\" src=\"https:\/\/www.radiopiu.net\/wordpress\/wp-content\/uploads\/2024\/11\/8.jpg\" alt=\"\" width=\"180\" height=\"180\" srcset=\"https:\/\/www.radiopiu.net\/wordpress\/wp-content\/uploads\/2024\/11\/8.jpg 180w, https:\/\/www.radiopiu.net\/wordpress\/wp-content\/uploads\/2024\/11\/8-150x150.jpg 150w\" sizes=\"auto, (max-width: 180px) 100vw, 180px\" \/><\/a>I podcast informativi del mattino &#8211; video &#8211;\u00a0<\/span><\/h1>\n<h2 style=\"text-align: left;\"><strong>RASSEGNA STAMPA LOCALE, ORE OTTO<\/strong><\/h2>\n<h2><strong> <span style=\"color: #0000ff;\">viene\u00a0 <\/span><\/strong><strong><span style=\"color: #0000ff;\">pubblicata alle 8.05 <span style=\"color: #ff0000;\">DIRETTA RADIO\u00a0 \u00a0<\/span><\/span><\/strong><strong>DI MIRKO MEZZACASA<\/strong><\/h2>\n<h1><span style=\"color: #ff0000;\"><strong>VIDEO\u00a0 \u00a0in diretta AGGIORNAMENTO\u00a0 dalle 8 del mattino\u00a0 \u00a0\u00a0<\/strong><\/span><\/h1>\n<p>&nbsp;<\/p>\n<p>&nbsp;<\/p>\n\n\t\t\t<style type='text\/css'>\n\t\t\t\t#gallery-1 {\n\t\t\t\t\tmargin: auto;\n\t\t\t\t}\n\t\t\t\t#gallery-1 .gallery-item {\n\t\t\t\t\tfloat: left;\n\t\t\t\t\tmargin-top: 10px;\n\t\t\t\t\ttext-align: center;\n\t\t\t\t\twidth: 33%;\n\t\t\t\t}\n\t\t\t\t#gallery-1 img {\n\t\t\t\t\tborder: 2px solid #cfcfcf;\n\t\t\t\t}\n\t\t\t\t#gallery-1 .gallery-caption {\n\t\t\t\t\tmargin-left: 0;\n\t\t\t\t}\n\t\t\t\t\/* see gallery_shortcode() in wp-includes\/media.php *\/\n\t\t\t<\/style>\n\t\t<div id='gallery-1' class='dt-gallery-container gallery galleryid-460561 gallery-columns-3 gallery-size-thumbnail'><dl class='gallery-item'>\n\t\t\t\t<dt class='gallery-icon landscape'>\n\t\t\t\t\t<a class=\"rollover rollover-zoom dt-pswp-item\" title=\"Senza nome\" data-dt-img-description=\"\" data-large_image_width=\"556\" data-large_image_height=\"359\"href='https:\/\/www.radiopiu.net\/wordpress\/wp-content\/uploads\/2025\/07\/Senza-nome-44.png'><img loading=\"lazy\" decoding=\"async\" width=\"150\" height=\"150\" src=\"https:\/\/www.radiopiu.net\/wordpress\/wp-content\/uploads\/2025\/07\/Senza-nome-44-150x150.png\" class=\"attachment-thumbnail size-thumbnail\" alt=\"\" \/><\/a>\n\t\t\t\t<\/dt><\/dl><dl class='gallery-item'>\n\t\t\t\t<dt class='gallery-icon landscape'>\n\t\t\t\t\t<a class=\"rollover rollover-zoom dt-pswp-item\" title=\"Senza nome\" data-dt-img-description=\"\" data-large_image_width=\"437\" data-large_image_height=\"264\"href='https:\/\/www.radiopiu.net\/wordpress\/wp-content\/uploads\/2025\/07\/Senza-nome-42.png'><img loading=\"lazy\" decoding=\"async\" width=\"150\" height=\"150\" src=\"https:\/\/www.radiopiu.net\/wordpress\/wp-content\/uploads\/2025\/07\/Senza-nome-42-150x150.png\" class=\"attachment-thumbnail size-thumbnail\" alt=\"\" \/><\/a>\n\t\t\t\t<\/dt><\/dl><dl class='gallery-item'>\n\t\t\t\t<dt class='gallery-icon landscape'>\n\t\t\t\t\t<a class=\"rollover rollover-zoom dt-pswp-item\" title=\"Senza nome\" data-dt-img-description=\"\" data-large_image_width=\"702\" data-large_image_height=\"381\"href='https:\/\/www.radiopiu.net\/wordpress\/wp-content\/uploads\/2025\/07\/Senza-nome-43.png'><img loading=\"lazy\" decoding=\"async\" width=\"150\" height=\"150\" src=\"https:\/\/www.radiopiu.net\/wordpress\/wp-content\/uploads\/2025\/07\/Senza-nome-43-150x150.png\" class=\"attachment-thumbnail size-thumbnail\" alt=\"\" \/><\/a>\n\t\t\t\t<\/dt><\/dl><br style=\"clear: both\" \/>\n\t\t\t<\/div>\n\n<p><iframe loading=\"lazy\" title=\"DAL 1983 LA RASSEGNA STAMPA LOCALE di mirko mezzacasa. L&#039;ORIGINALE\" width=\"1200\" height=\"675\" src=\"https:\/\/www.youtube.com\/embed\/q2XclB0MDnI?feature=oembed\" frameborder=\"0\" allow=\"accelerometer; autoplay; clipboard-write; encrypted-media; gyroscope; picture-in-picture; web-share\" referrerpolicy=\"strict-origin-when-cross-origin\" allowfullscreen><\/iframe><\/p>\n<hr \/>\n<p>&nbsp;<\/p>\n<p><strong><a class=\"dt-pswp-item\" href=\"https:\/\/www.radiopiu.net\/wordpress\/wp-content\/uploads\/2023\/12\/ANTENNA.png\" data-dt-img-description=\"\" data-large_image_width=\"300\" data-large_image_height=\"166\"><img loading=\"lazy\" decoding=\"async\" class=\"wp-image-366306 alignright\" src=\"https:\/\/www.radiopiu.net\/wordpress\/wp-content\/uploads\/2023\/12\/ANTENNA.png\" alt=\"\" width=\"101\" height=\"56\" \/><\/a><a class=\"dt-pswp-item\" href=\"https:\/\/www.radiopiu.net\/wordpress\/wp-content\/uploads\/2024\/11\/th-17.jpg\" data-dt-img-description=\"\" data-large_image_width=\"224\" data-large_image_height=\"180\"><img loading=\"lazy\" decoding=\"async\" class=\" wp-image-421610 alignleft\" src=\"https:\/\/www.radiopiu.net\/wordpress\/wp-content\/uploads\/2024\/11\/th-17.jpg\" alt=\"\" width=\"167\" height=\"134\" \/><\/a>ogni sera alle 19 le anticipazioni alla radio, quello che poi seguirete nel TELEGIORNALE BELLUNESE\u00a0 in onda alle 19.30 sul CANALE 10 del digitale terrestre.\u00a0\u00a0<\/strong><\/p>\n<p><b>\u00a0\u00a0<\/b><\/p>\n<h1><span style=\"color: #ff0000;\"><strong>LE ANTICIPAZIONI DI\u00a0 FABIO FIORAVANZI<\/strong><\/span><\/h1>\n<audio class=\"wp-audio-shortcode\" id=\"audio-460561-6\" preload=\"none\" style=\"width: 100%;\" controls=\"controls\"><source type=\"audio\/mpeg\" src=\"https:\/\/www.radiopiu.net\/wordpress\/wp-content\/uploads\/2025\/07\/ANTENNA3-16.mp3?_=6\" \/><a href=\"https:\/\/www.radiopiu.net\/wordpress\/wp-content\/uploads\/2025\/07\/ANTENNA3-16.mp3\">https:\/\/www.radiopiu.net\/wordpress\/wp-content\/uploads\/2025\/07\/ANTENNA3-16.mp3<\/a><\/audio>\n<p>&nbsp;<\/p>\n<p>&nbsp;<\/p>\n<p>&nbsp;<\/p>\n<hr \/>\n<p>&nbsp;<\/p>\n<blockquote>\n<h3><a class=\"dt-pswp-item\" href=\"https:\/\/www.radiopiu.net\/wordpress\/wp-content\/uploads\/2023\/01\/bicchiere-acqua.png\" data-dt-img-description=\"\" data-large_image_width=\"1800\" data-large_image_height=\"1166\"><img loading=\"lazy\" decoding=\"async\" class=\" wp-image-315608 alignleft\" src=\"https:\/\/www.radiopiu.net\/wordpress\/wp-content\/uploads\/2023\/01\/bicchiere-acqua-300x194.png\" alt=\"\" width=\"110\" height=\"71\" srcset=\"https:\/\/www.radiopiu.net\/wordpress\/wp-content\/uploads\/2023\/01\/bicchiere-acqua-300x194.png 300w, https:\/\/www.radiopiu.net\/wordpress\/wp-content\/uploads\/2023\/01\/bicchiere-acqua-1024x663.png 1024w, https:\/\/www.radiopiu.net\/wordpress\/wp-content\/uploads\/2023\/01\/bicchiere-acqua-768x497.png 768w, https:\/\/www.radiopiu.net\/wordpress\/wp-content\/uploads\/2023\/01\/bicchiere-acqua-1536x995.png 1536w, https:\/\/www.radiopiu.net\/wordpress\/wp-content\/uploads\/2023\/01\/bicchiere-acqua.png 1800w\" sizes=\"auto, (max-width: 110px) 100vw, 110px\" \/><\/a>ACQUA NON POTABILE A COLLE SANTA LUCIA<\/h3>\n<\/blockquote>\n<p><strong>REDAZIONE <\/strong>Servizi Integrati Bellunesi informa che a Colle Santa Lucia in localit\u00e0 Rucav\u00e0 l&#8217;acqua erogata dall&#8217;acquedotto non \u00e8 potabile e non pu\u00f2 essere usata per scopi alimentari. Verr\u00e0 effettuato servizio sostitutivo con cisterna in Centro.<\/p>\n<p>&nbsp;<\/p>\n<p>&nbsp;<\/p>\n<hr \/>\n<p>&nbsp;<\/p>\n<blockquote>\n<h2>DOMANI I FUNERALI DI PIER LUIGI DALLE VEDOVE, SCHIACCIATO DA UNA BALLA DI FIENO Chiedi a ChatGPT<\/h2>\n<\/blockquote>\n<p><strong><a class=\"dt-pswp-item\" href=\"https:\/\/www.radiopiu.net\/wordpress\/wp-content\/uploads\/2025\/07\/Senza-nome-40.png\" data-dt-img-description=\"\" data-large_image_width=\"223\" data-large_image_height=\"198\"><img loading=\"lazy\" decoding=\"async\" class=\" wp-image-460748 alignleft\" src=\"https:\/\/www.radiopiu.net\/wordpress\/wp-content\/uploads\/2025\/07\/Senza-nome-40.png\" alt=\"\" width=\"133\" height=\"118\" \/><\/a>BORGO VALBELLUNA<\/strong> Si terranno domani alle 15, nella chiesa parrocchiale di Carve, i funerali di Pier Luigi Dalle Vedove, 66 anni, conosciuto da tutti come Pier Rore. Questa sera alle 19 sar\u00e0 recitato il rosario nella chiesetta di Campo, mentre domani mattina, dalle 9 alle 12, sar\u00e0 possibile un ultimo saluto\u00a0 presso la casa funeraria Ganz di Sedico. L\u2019uomo \u00e8 deceduto sabato sera in seguito a un tragico incidente: una balla di fieno da 3-4 quintali lo ha schiacciato, probabilmente rotolando da una posizione instabile. Il corpo \u00e8 stato ritrovato da uno dei tre figli, allertati dalla moglie, preoccupata per il mancato rientro a casa. La Procura ha concesso il nulla osta alla sepoltura: nessuna responsabilit\u00e0 penale \u00e8 stata individuata. Pier Luigi era un ex dipendente della Ceramica Dolomite e un alpino in pensione.<\/p>\n<p>&nbsp;<\/p>\n<hr \/>\n<blockquote>\n<h3><\/h3>\n<h3>MALORE FATALE PER UN TEDESCO A PASSO FALZAREGO<\/h3>\n<\/blockquote>\n<p><strong><a class=\"dt-pswp-item\" href=\"https:\/\/www.radiopiu.net\/wordpress\/wp-content\/uploads\/2025\/07\/SALT-1.jpeg\" data-dt-img-description=\"\" data-large_image_width=\"2040\" data-large_image_height=\"1536\"><img loading=\"lazy\" decoding=\"async\" class=\" wp-image-457763 alignleft\" src=\"https:\/\/www.radiopiu.net\/wordpress\/wp-content\/uploads\/2025\/07\/SALT-1-300x226.jpeg\" alt=\"\" width=\"181\" height=\"136\" srcset=\"https:\/\/www.radiopiu.net\/wordpress\/wp-content\/uploads\/2025\/07\/SALT-1-300x226.jpeg 300w, https:\/\/www.radiopiu.net\/wordpress\/wp-content\/uploads\/2025\/07\/SALT-1-1024x771.jpeg 1024w, https:\/\/www.radiopiu.net\/wordpress\/wp-content\/uploads\/2025\/07\/SALT-1-768x578.jpeg 768w, https:\/\/www.radiopiu.net\/wordpress\/wp-content\/uploads\/2025\/07\/SALT-1-1536x1157.jpeg 1536w, https:\/\/www.radiopiu.net\/wordpress\/wp-content\/uploads\/2025\/07\/SALT-1.jpeg 2040w\" sizes=\"auto, (max-width: 181px) 100vw, 181px\" \/><\/a>REDAZIONE <\/strong>Un escursionista tedesco di 71 anni ha perso la vita ieri nei pressi del Passo Falzarego. L\u2019allarme \u00e8 scattato poco dopo mezzogiorno, quando la Centrale Operativa SUEM 118 di Belluno ha ricevuto una chiamata di soccorso per un malore. Sul posto \u00e8 intervenuto tempestivamente l\u2019elisoccorso Falco 1, supportato da l&#8217;ambulanza della Croce Bianca di Arabba, ma per l\u2019uomo non c\u2019\u00e8 stato nulla da fare. Il decesso \u00e8 stato constatato sul posto. La salma \u00e8 stata successivamente trasferita al centro base di Arabba. Poco dopo, un altro escursionista, un uomo di 62 anni residente a Genova, ha accusato un malore nei pressi di Cortina durante un&#8217;escursione. In questo caso, l\u2019intervento dell\u2019elisoccorso Falco 2 ha consentito il trasporto rapido presso il presidio sanitario di Cortina. Un terzo intervento si \u00e8 reso necessario lungo il sentiero che conduce al Rifugio Coldai per un trauma riportato da un minorenne, anch\u2019esso impegnato in un\u2019escursione. L&#8217;elicottero Falco 2 \u00e8 intervenuto per il soccorso.<\/p>\n<p>&nbsp;<\/p>\n<p>&nbsp;<\/p>\n<hr \/>\n<p>&nbsp;<\/p>\n<blockquote>\n<h3>SI SENTE MALE SUL SENTIERO PER IL RIFUGIO VANDELLI: INTERVIENE FALCO 2<\/h3>\n<\/blockquote>\n<p><strong>CORTINA<\/strong> Attorno alle 12.40 di ieri Falco 2 \u00e8 decollato in direzione del sentiero numero 217, che porta al Rifugio Vandelli, dove un escursionista genovese di 62 anni si era sentito poco bene, mentre saliva assieme ai familiari. Sbarcati nelle vicinanze medico e tecnico di elisoccorso con un verricello corto, i soccorritori hanno valutato le condizioni dell&#8217;uomo, per poi caricarlo a bordo e trasportarlo all&#8217;ospedale di Cortina per gli approfondimenti del caso.<\/p>\n<p>&nbsp;<\/p>\n<p>&nbsp;<\/p>\n<hr \/>\n<p>&nbsp;<\/p>\n<blockquote>\n<h3><a class=\"dt-pswp-item\" href=\"https:\/\/www.radiopiu.net\/wordpress\/wp-content\/uploads\/2024\/08\/SALT-1.jpg\" data-dt-img-description=\"\" data-large_image_width=\"1772\" data-large_image_height=\"1178\"><img loading=\"lazy\" decoding=\"async\" class=\" wp-image-406547 alignleft\" src=\"https:\/\/www.radiopiu.net\/wordpress\/wp-content\/uploads\/2024\/08\/SALT-1-300x199.jpg\" alt=\"\" width=\"214\" height=\"142\" srcset=\"https:\/\/www.radiopiu.net\/wordpress\/wp-content\/uploads\/2024\/08\/SALT-1-300x199.jpg 300w, https:\/\/www.radiopiu.net\/wordpress\/wp-content\/uploads\/2024\/08\/SALT-1-1024x681.jpg 1024w, https:\/\/www.radiopiu.net\/wordpress\/wp-content\/uploads\/2024\/08\/SALT-1-768x511.jpg 768w, https:\/\/www.radiopiu.net\/wordpress\/wp-content\/uploads\/2024\/08\/SALT-1-1536x1021.jpg 1536w, https:\/\/www.radiopiu.net\/wordpress\/wp-content\/uploads\/2024\/08\/SALT-1.jpg 1772w\" sizes=\"auto, (max-width: 214px) 100vw, 214px\" \/><\/a>GIOVANE FERITO SUL SENTIERO DAL RIFUGIO COLDAI A MALGA PIODA<\/h3>\n<\/blockquote>\n<p><strong>VAL DI ZOLDO<\/strong> Poco prima delle 16 di ieri Falco 2 \u00e8 stato attivato per un giovane escursionista di 14 anni che era caduto, riportando una ferita sul ginocchio, mentre stava percorrendo in discesa il sentiero dal Rifugio Coldai a Malga Pioda. Il quattordicenne di Ferrara, che faceva parte di una comitiva ed era assistito da uno degli accompagnatori, \u00e8 stato raggiunto da medico e tecnico di elisoccorso sbarcati in hovering nelle vicinanze. I soccorritori lo hanno medicato e issato a bordo con il verricello, per accompagnarlo all&#8217;ospedale di Belluno.<\/p>\n<p>&nbsp;<\/p>\n<p>&nbsp;<\/p>\n<hr \/>\n<p>&nbsp;<\/p>\n<blockquote>\n<h3>MASSO DI 80 TONNELLATE SFIORA UNA CASA A SETTEVILLE (QUERO): FAMIGLIA EVACUATA<\/h3>\n<\/blockquote>\n<p><strong><a class=\"dt-pswp-item\" href=\"https:\/\/www.radiopiu.net\/wordpress\/wp-content\/uploads\/2025\/07\/MASSO-SETTEVILLE.jpg\" data-dt-img-description=\"\" data-large_image_width=\"748\" data-large_image_height=\"487\"><img loading=\"lazy\" decoding=\"async\" class=\" wp-image-460713 alignleft\" src=\"https:\/\/www.radiopiu.net\/wordpress\/wp-content\/uploads\/2025\/07\/MASSO-SETTEVILLE-300x195.jpg\" alt=\"\" width=\"163\" height=\"106\" srcset=\"https:\/\/www.radiopiu.net\/wordpress\/wp-content\/uploads\/2025\/07\/MASSO-SETTEVILLE-300x195.jpg 300w, https:\/\/www.radiopiu.net\/wordpress\/wp-content\/uploads\/2025\/07\/MASSO-SETTEVILLE.jpg 748w\" sizes=\"auto, (max-width: 163px) 100vw, 163px\" \/><\/a>SETTEVILLE<\/strong> Nella notte tra luned\u00ec e marted\u00ec, un masso di circa 80 tonnellate si \u00e8 staccato da una parete rocciosa in valle di Schievenin (Quero), nel Comune di Setteville, probabilmente a causa delle recenti forti piogge. Il macigno \u00e8 rotolato per circa 200 metri lungo un pendio boscoso, fermandosi a pochi metri dall\u2019ingresso di un\u2019abitazione dove dormivano gli anziani coniugi Bruno Schievenin e Lucia Mazzocco con la loro figlia Isabel. La discesa del masso \u00e8 stata accompagnata da un forte rombo e un boato, destando grande paura tra gli abitanti della zona. Fortunatamente nessuno \u00e8 rimasto ferito. Il masso ha portato con s\u00e9 detriti che hanno coperto il giardino della casa. L\u2019area \u00e8 stata immediatamente delimitata e messa in sicurezza dai Vigili del Fuoco e dagli operai comunali intervenuti. La famiglia \u00e8 stata evacuata e potr\u00e0 rientrare solo dopo che i tecnici comunali e un geologo avranno effettuato un nuovo sopralluogo per valutare la stabilit\u00e0 del versante e decidere gli interventi necessari. L\u2019incidente ha sfiorato una tragedia, ma per fortuna si \u00e8 concluso senza danni alle persone.<\/p>\n<p>&nbsp;<\/p>\n<p>&nbsp;<\/p>\n<hr \/>\n<p>&nbsp;<\/p>\n<blockquote>\n<h3>INCIDENTE SULLA SR 203 AGORDINA, DUE AUTO COINVOLTE<\/h3>\n<\/blockquote>\n<p><b>SEDICO<\/b> Incidente stradale ieri in localit\u00e0 Candaten sulla SR 203 Agordina dove due auto sono entrate in collisione. Si tratta di una BMW nera e di una Volkswagen Touareg grigia. L\u2019impatto \u00e8 stato violento: entrambi i veicoli hanno riportato danni significativi, con ruote piegate e airbag attivati. Sul posto sono intervenuti i Carabinieri per effettuare i rilievi del caso e ricostruire la dinamica dell\u2019incidente. Disagi al traffico con l\u2019istituzione di un senso unico alternato per consentire anche la rimozione dei mezzi.<\/p>\n\n\t\t\t<style type='text\/css'>\n\t\t\t\t#gallery-2 {\n\t\t\t\t\tmargin: auto;\n\t\t\t\t}\n\t\t\t\t#gallery-2 .gallery-item {\n\t\t\t\t\tfloat: left;\n\t\t\t\t\tmargin-top: 10px;\n\t\t\t\t\ttext-align: center;\n\t\t\t\t\twidth: 33%;\n\t\t\t\t}\n\t\t\t\t#gallery-2 img {\n\t\t\t\t\tborder: 2px solid #cfcfcf;\n\t\t\t\t}\n\t\t\t\t#gallery-2 .gallery-caption {\n\t\t\t\t\tmargin-left: 0;\n\t\t\t\t}\n\t\t\t\t\/* see gallery_shortcode() in wp-includes\/media.php *\/\n\t\t\t<\/style>\n\t\t<div id='gallery-2' class='dt-gallery-container gallery galleryid-460561 gallery-columns-3 gallery-size-thumbnail'><dl class='gallery-item'>\n\t\t\t\t<dt class='gallery-icon landscape'>\n\t\t\t\t\t<a class=\"rollover rollover-zoom dt-pswp-item\" title=\"a6ccd242-b1a1-4f94-a375-fd8b3709cadc\" data-dt-img-description=\"\" data-large_image_width=\"1179\" data-large_image_height=\"840\"href='https:\/\/www.radiopiu.net\/wordpress\/wp-content\/uploads\/2025\/07\/a6ccd242-b1a1-4f94-a375-fd8b3709cadc.jpg'><img loading=\"lazy\" decoding=\"async\" width=\"150\" height=\"150\" src=\"https:\/\/www.radiopiu.net\/wordpress\/wp-content\/uploads\/2025\/07\/a6ccd242-b1a1-4f94-a375-fd8b3709cadc-150x150.jpg\" class=\"attachment-thumbnail size-thumbnail\" alt=\"\" \/><\/a>\n\t\t\t\t<\/dt><\/dl><dl class='gallery-item'>\n\t\t\t\t<dt class='gallery-icon landscape'>\n\t\t\t\t\t<a class=\"rollover rollover-zoom dt-pswp-item\" title=\"46f0f5d0-06c1-4a9f-8a52-0cb79079b08e\" data-dt-img-description=\"\" data-large_image_width=\"1179\" data-large_image_height=\"1084\"href='https:\/\/www.radiopiu.net\/wordpress\/wp-content\/uploads\/2025\/07\/46f0f5d0-06c1-4a9f-8a52-0cb79079b08e.jpg'><img loading=\"lazy\" decoding=\"async\" width=\"150\" height=\"150\" src=\"https:\/\/www.radiopiu.net\/wordpress\/wp-content\/uploads\/2025\/07\/46f0f5d0-06c1-4a9f-8a52-0cb79079b08e-150x150.jpg\" class=\"attachment-thumbnail size-thumbnail\" alt=\"\" \/><\/a>\n\t\t\t\t<\/dt><\/dl><dl class='gallery-item'>\n\t\t\t\t<dt class='gallery-icon landscape'>\n\t\t\t\t\t<a class=\"rollover rollover-zoom dt-pswp-item\" title=\"5d9dd5a4-91f3-44da-845c-4a1db1990459\" data-dt-img-description=\"\" data-large_image_width=\"1179\" data-large_image_height=\"943\"href='https:\/\/www.radiopiu.net\/wordpress\/wp-content\/uploads\/2025\/07\/5d9dd5a4-91f3-44da-845c-4a1db1990459.jpg'><img loading=\"lazy\" decoding=\"async\" width=\"150\" height=\"150\" src=\"https:\/\/www.radiopiu.net\/wordpress\/wp-content\/uploads\/2025\/07\/5d9dd5a4-91f3-44da-845c-4a1db1990459-150x150.jpg\" class=\"attachment-thumbnail size-thumbnail\" alt=\"\" \/><\/a>\n\t\t\t\t<\/dt><\/dl><br style=\"clear: both\" \/>\n\t\t\t<\/div>\n\n<p>&nbsp;<\/p>\n<hr \/>\n<p>&nbsp;<\/p>\n<blockquote>\n<h3>TRAFFICO BLOCCATO A PIEVE DI CADORE: PARLA IL SINDACO SINDI MANUSHI<\/h3>\n<\/blockquote>\n<p><strong><a class=\"dt-pswp-item\" href=\"https:\/\/www.radiopiu.net\/wordpress\/wp-content\/uploads\/2025\/07\/0077e9ec-1963-49d7-864b-e8b5005b3c9a.jpg\" data-dt-img-description=\"\" data-large_image_width=\"1170\" data-large_image_height=\"668\"><img loading=\"lazy\" decoding=\"async\" class=\" wp-image-460727 alignleft\" src=\"https:\/\/www.radiopiu.net\/wordpress\/wp-content\/uploads\/2025\/07\/0077e9ec-1963-49d7-864b-e8b5005b3c9a-300x171.jpg\" alt=\"\" width=\"209\" height=\"119\" srcset=\"https:\/\/www.radiopiu.net\/wordpress\/wp-content\/uploads\/2025\/07\/0077e9ec-1963-49d7-864b-e8b5005b3c9a-300x171.jpg 300w, https:\/\/www.radiopiu.net\/wordpress\/wp-content\/uploads\/2025\/07\/0077e9ec-1963-49d7-864b-e8b5005b3c9a-1024x585.jpg 1024w, https:\/\/www.radiopiu.net\/wordpress\/wp-content\/uploads\/2025\/07\/0077e9ec-1963-49d7-864b-e8b5005b3c9a-768x438.jpg 768w, https:\/\/www.radiopiu.net\/wordpress\/wp-content\/uploads\/2025\/07\/0077e9ec-1963-49d7-864b-e8b5005b3c9a.jpg 1170w\" sizes=\"auto, (max-width: 209px) 100vw, 209px\" \/><\/a>PIEVE DI CADORE <\/strong>La sindaca di Pieve di Cadore oltre a registrare l&#8217;accaduto (&#8220;Si \u00e8 creata una coda dal ponte Cadore a Tai perch\u00e9 c\u2019\u00e8 un semaforo per lavori alla circonvallazione tra Pieve e Calalzo. La coda \u00e8 causata anche dal fatto che il cartello che indica l\u2019Alemagna chiusa \u00e8 sbagliato; si sono lavate le scritte che indicano che \u00e8 chiusa solo in orario notturno e durante temporali.&#8221;) invita la Provincia di Belluno a comunicare a che punto sono le installazioni di monitoraggio a San Vito per permettere il passaggio anche notturno.<\/p>\n<p><strong>DI BARBARA PAOLAZZI<\/strong><\/p>\n<audio class=\"wp-audio-shortcode\" id=\"audio-460561-7\" preload=\"none\" style=\"width: 100%;\" controls=\"controls\"><source type=\"audio\/mpeg\" src=\"https:\/\/www.radiopiu.net\/wordpress\/wp-content\/uploads\/2025\/07\/PAOLAZZI-TRAFFICO-A-PIEVE-DI-CADORE.mp3?_=7\" \/><a href=\"https:\/\/www.radiopiu.net\/wordpress\/wp-content\/uploads\/2025\/07\/PAOLAZZI-TRAFFICO-A-PIEVE-DI-CADORE.mp3\">https:\/\/www.radiopiu.net\/wordpress\/wp-content\/uploads\/2025\/07\/PAOLAZZI-TRAFFICO-A-PIEVE-DI-CADORE.mp3<\/a><\/audio>\n<p>&nbsp;<\/p>\n<hr \/>\n<p>&nbsp;<\/p>\n<blockquote>\n<h3>CITTADINA ACCUSA IL COMUNE PER LA COSTRUZIONE DELLA CENTRALINA DI ROCCA PIETORE<\/h3>\n<\/blockquote>\n<p><strong><a class=\"dt-pswp-item\" href=\"https:\/\/www.radiopiu.net\/wordpress\/wp-content\/uploads\/2021\/06\/8554eb80-bb6e-4752-a6d3-57aff91a2903.jpg\" data-dt-img-description=\"\" data-large_image_width=\"768\" data-large_image_height=\"1024\"><img loading=\"lazy\" decoding=\"async\" class=\" wp-image-215003 alignleft\" src=\"https:\/\/www.radiopiu.net\/wordpress\/wp-content\/uploads\/2021\/06\/8554eb80-bb6e-4752-a6d3-57aff91a2903-225x300.jpg\" alt=\"\" width=\"153\" height=\"204\" srcset=\"https:\/\/www.radiopiu.net\/wordpress\/wp-content\/uploads\/2021\/06\/8554eb80-bb6e-4752-a6d3-57aff91a2903-225x300.jpg 225w, https:\/\/www.radiopiu.net\/wordpress\/wp-content\/uploads\/2021\/06\/8554eb80-bb6e-4752-a6d3-57aff91a2903.jpg 768w\" sizes=\"auto, (max-width: 153px) 100vw, 153px\" \/><\/a>ROCCA PIETORE<\/strong><\/p>\n<p>DI GIANNI SANTOMASO<\/p>\n<audio class=\"wp-audio-shortcode\" id=\"audio-460561-8\" preload=\"none\" style=\"width: 100%;\" controls=\"controls\"><source type=\"audio\/mpeg\" src=\"https:\/\/www.radiopiu.net\/wordpress\/wp-content\/uploads\/2025\/07\/GIANNI-ACCUSA-AL-COMUNE-PER-LA-CENTRALE-DI-ROCCA-PIETORE.mp3?_=8\" \/><a href=\"https:\/\/www.radiopiu.net\/wordpress\/wp-content\/uploads\/2025\/07\/GIANNI-ACCUSA-AL-COMUNE-PER-LA-CENTRALE-DI-ROCCA-PIETORE.mp3\">https:\/\/www.radiopiu.net\/wordpress\/wp-content\/uploads\/2025\/07\/GIANNI-ACCUSA-AL-COMUNE-PER-LA-CENTRALE-DI-ROCCA-PIETORE.mp3<\/a><\/audio>\n<p>&nbsp;<\/p>\n<p>&nbsp;<\/p>\n<hr \/>\n<p>&nbsp;<\/p>\n<blockquote><p><span style=\"color: #ff0000;\"><a class=\"dt-pswp-item\" href=\"https:\/\/www.radiopiu.net\/wordpress\/wp-content\/uploads\/2025\/07\/download-15.jpg\" data-dt-img-description=\"\" data-large_image_width=\"267\" data-large_image_height=\"189\"><img loading=\"lazy\" decoding=\"async\" class=\"size-full wp-image-460760 alignleft\" src=\"https:\/\/www.radiopiu.net\/wordpress\/wp-content\/uploads\/2025\/07\/download-15.jpg\" alt=\"\" width=\"267\" height=\"189\" \/><\/a>LA GIUDIZIARIA OGGI<\/span><br \/>\n<span style=\"color: #ff0000;\">DAL CORRIERE DELLE ALPI &#8211; SINTESI &#8211;\u00a0<\/span><br \/>\n<span style=\"color: #ff0000;\">GIGI SOSSO<\/span><\/p>\n<p><strong data-start=\"75\" data-end=\"148\">Rissa fuori dallo Steam Bar, chiesta la condanna per quattro imputati<\/strong><\/p><\/blockquote>\n<p><strong>BELLUNO<\/strong> Il 15 aprile di tre anni fa, una rissa tra quattro persone \u2014 due bellunesi, un moldavo e un brasiliano \u2014 ha richiesto l\u2019intervento della polizia in via Loreto, davanti al locale allora succeduto allo Steam Bar, oggi chiuso. All\u2019arrivo della volante, due uomini erano feriti: uno sanguinante, l\u2019altro privo di sensi. Nessuno ha voluto essere refertato, ma gli agenti hanno confermato la gravit\u00e0 della situazione. Il pubblico ministero Giuseppe Gulli ha chiesto sei mesi di reclusione per tutti e quattro, ritenendo accertata la responsabilit\u00e0 penale. La difesa ha chiesto l\u2019assoluzione, sostenendo che non si sia trattato di una vera rissa. Il giudice Cristina Cittolin decider\u00e0 il 23 settembre. Il reato \u00e8 procedibile d\u2019ufficio, anche in assenza di querele.<\/p>\n<p>&nbsp;<\/p>\n<blockquote>\n<h3>Battaglia legale tra ex coniugi per la figlia: l\u2019uomo a processo per mancato rispetto degli accordi<\/h3>\n<\/blockquote>\n<p><strong>FELTRE <\/strong>Una madre ha portato in tribunale l\u2019ex marito, accusandolo di non aver rispettato le disposizioni del giudice riguardo al diritto di visita della figlia, dopo la separazione. L\u2019uomo dovr\u00e0 difendersi dall\u2019accusa di mancata esecuzione dolosa di un provvedimento del giudice civile, in un procedimento davanti al giudice Luca Berletti. Tre anni fa la stessa donna era intervenuta con irruzioni nella scuola media frequentata dalla figlia, episodio che aveva fatto intervenire i carabinieri. L\u2019ex coniuge aveva allora ipotizzato una denuncia per atti persecutori e altri reati, ma ora si trova lui sul banco degli imputati. Non \u00e8 stata costituita parte civile e non verranno chiesti risarcimenti. La ricostruzione dei fatti da parte dei due ex sar\u00e0 determinante per la decisione finale della pubblica accusa.<\/p>\n<blockquote><p><strong data-start=\"86\" data-end=\"178\">Droga e armi: due patteggiamenti per il blitz di Halloween. Operazione partita da Feltre<\/strong><\/p><\/blockquote>\n<p data-start=\"72\" data-end=\"514\"><strong data-start=\"72\" data-end=\"131\">FELTRE <\/strong>Blitz di Halloween: due patteggiamenti per droga e armi Scattato nella notte tra il 31 ottobre e il 1\u00b0 novembre, il blitz antidroga dei carabinieri di Feltre ha portato all\u2019arresto di nove giovani. Due di loro, K B\u00a0(26 anni) e G I S\u00a0(29 anni), entrambi trevigiani, hanno patteggiato: 2 anni e 4 mesi per K B (che deteneva anche una penna-pistola), 1 anno, 9 mesi e 10 giorni per G I S. In casa avevano un vero bazar di droghe sintetiche, kit per il confezionamento e 8.000 euro in contanti. L\u2019operazione, estesa tra Feltre e la Marca, ha portato al sequestro di ingenti quantit\u00e0 di sostanze stupefacenti. Restano aperti i procedimenti per altri indagati.<\/p>\n<hr \/>\n<p>&nbsp;<\/p>\n<blockquote>\n<h3>LAVORI DI MESSA IN SICUREZZA A VIA MEDIL: ENTRO L\u2019AUTUNNO IL VIA AL CANTIERE<\/h3>\n<\/blockquote>\n<p><strong><a class=\"dt-pswp-item\" href=\"https:\/\/www.radiopiu.net\/wordpress\/wp-content\/uploads\/2025\/07\/VIA-MEDIL.jpg\" data-dt-img-description=\"\" data-large_image_width=\"517\" data-large_image_height=\"307\"><img loading=\"lazy\" decoding=\"async\" class=\" wp-image-460646 alignleft\" src=\"https:\/\/www.radiopiu.net\/wordpress\/wp-content\/uploads\/2025\/07\/VIA-MEDIL-300x178.jpg\" alt=\"\" width=\"170\" height=\"101\" srcset=\"https:\/\/www.radiopiu.net\/wordpress\/wp-content\/uploads\/2025\/07\/VIA-MEDIL-300x178.jpg 300w, https:\/\/www.radiopiu.net\/wordpress\/wp-content\/uploads\/2025\/07\/VIA-MEDIL.jpg 517w\" sizes=\"auto, (max-width: 170px) 100vw, 170px\" \/><\/a>BELLUNO <\/strong>Entro l\u2019autunno inizieranno i lavori per la messa in sicurezza definitiva della frana in via Medil, nel territorio del Nevegal. Il progetto da 155 mila euro, finanziato dalla Regione Veneto con fondi della Protezione Civile, mira al consolidamento del versante franoso e al ripristino della viabilit\u00e0. Dopo un primo intervento d\u2019urgenza del Comune per evitare l\u2019isolamento dei residenti, si passer\u00e0 ora a un\u2019opera strutturale. Il dissesto, causato dalle piogge del 2023 e aggravato dalla natura del terreno, ha danneggiato la strada e minacciato le opere acquedottistiche a valle. Il piano prevede consolidatori strutturali, palizzate in legno, trincee drenanti, canalette di raccolta acque, biostuoie antierosione e nuova asfaltatura, oltre alla posa di barriere di sicurezza. Il sindaco De Pellegrin e l\u2019assessore Roccon sottolineano l\u2019importanza dell\u2019intervento per la sicurezza idrogeologica dell\u2019area e ringraziano la Regione per il sostegno.<\/p>\n<p>&nbsp;<\/p>\n<p>&nbsp;<\/p>\n<hr \/>\n<p>&nbsp;<\/p>\n<blockquote>\n<h3>CACCIA: APPROVATO IL NUOVO CALENDARIO VENATORIO PER LA STAGIONE 2025\/2026<\/h3>\n<\/blockquote>\n<p><strong>BELLUNO<\/strong> La stagione venatoria 2025\/2026 nella provincia di Belluno inizier\u00e0 ufficialmente domenica 21 settembre, con alcune eccezioni. Dal 16 agosto sar\u00e0 gi\u00e0 possibile cacciare cervi (maschi, femmine di classe I e piccoli) per prevenire danni alle colture agricole. Dal 1\u00b0 settembre via libera anche alla caccia a capriolo maschio, muflone e camoscio. La chiusura generale \u00e8 fissata per il 31 gennaio 2026. Il calendario, in continuit\u00e0 con gli anni precedenti, ripropone le stesse regole del piano faunistico provinciale e segue le date del calendario regionale approvato l\u201911 giugno. La settimana venatoria inizier\u00e0 il luned\u00ec, con divieto assoluto di caccia il marted\u00ec e il venerd\u00ec, anche se festivi. Si rinnova l\u2019invito all\u2019uso di munizioni atossiche.<\/p>\n<p><strong>SILVIA CALLIGARO, VICEPRESIDENTE DELLA PROVINCIA DI BELLUNO CON DELEGA ALLA CACCIA<\/strong><\/p>\n<div style=\"width: 848px;\" class=\"wp-video\"><video class=\"wp-video-shortcode\" id=\"video-460561-1\" width=\"848\" height=\"480\" preload=\"metadata\" controls=\"controls\"><source type=\"video\/mp4\" src=\"https:\/\/www.radiopiu.net\/wordpress\/wp-content\/uploads\/2025\/07\/WhatsApp-Video-2025-07-22-at-12.22.20-1.mp4?_=1\" \/><a href=\"https:\/\/www.radiopiu.net\/wordpress\/wp-content\/uploads\/2025\/07\/WhatsApp-Video-2025-07-22-at-12.22.20-1.mp4\">https:\/\/www.radiopiu.net\/wordpress\/wp-content\/uploads\/2025\/07\/WhatsApp-Video-2025-07-22-at-12.22.20-1.mp4<\/a><\/video><\/div>\n<p>&nbsp;<\/p>\n<hr \/>\n<p>&nbsp;<\/p>\n<blockquote>\n<h3>CALALZO DI CADORE OSPITER\u00c0 LA 27^ EDIZIONE DEL PREMIO PELMO D\u2019ORO. TRA I PREMIATI GIORGIO FONTANIVE<\/h3>\n<\/blockquote>\n<p><strong>BELLUNO<\/strong> La 27\u00aa edizione del Premio Pelmo d\u2019Oro si terr\u00e0 a Calalzo di Cadore sabato 26 luglio 2025 alle 10:15 in Loc. San Giovanni. La giuria, formata da rappresentanti della Casa Comune, dal Presidente della Provincia di Belluno e dal Presidente del Consorzio BIM Piave, assegner\u00e0 i premi a personalit\u00e0 di rilievo nel mondo alpino e culturale. Diego Dellai ricever\u00e0 il premio per l\u2019Alpinismo in attivit\u00e0, riconosciuto per importanti imprese sulla parete nord dell\u2019Agner. I fratelli Michal e Miroslav Coubal saranno premiati per la Carriera alpinistica, grazie alle loro prime ascensioni sulle Dolomiti dagli anni Ottanta e Novanta. Giorgio Fontanive ricever\u00e0 il premio per la Cultura alpina, per il suo contributo nella valorizzazione storica e scientifica delle Dolomiti agordine. Il Premio Speciale Dolomiti UNESCO andr\u00e0 a Riccarda de Eccher, che con arte e spirito esplorativo promuove la bellezza e la tutela delle Dolomiti. Alfio De Sandre ricever\u00e0 il Premio Speciale \u201cGiuliano De Marchi\u201d per il suo impegno nella prevenzione delle dipendenze. Infine, Francesco Chiamulera sar\u00e0 premiato per il suo ruolo culturale con rassegne e musei letterari sulle Dolomiti. La cerimonia, arricchita dalla fanfara della Brigata Alpina &#8220;Julia&#8221; e da opere d\u2019arte, si svolge con il patrocinio di enti locali e la collaborazione di associazioni alpine.<\/p>\n<p><strong>I PREMIATI<\/strong><\/p>\n<p>Diego Dellai, Michal e Miroslav Coubal, Giorgio Fontanive, Riccarda de Eccher, Alfio De Sandre, Francesco Chiamulera<\/p>\n\n\t\t\t<style type='text\/css'>\n\t\t\t\t#gallery-3 {\n\t\t\t\t\tmargin: auto;\n\t\t\t\t}\n\t\t\t\t#gallery-3 .gallery-item {\n\t\t\t\t\tfloat: left;\n\t\t\t\t\tmargin-top: 10px;\n\t\t\t\t\ttext-align: center;\n\t\t\t\t\twidth: 16%;\n\t\t\t\t}\n\t\t\t\t#gallery-3 img {\n\t\t\t\t\tborder: 2px solid #cfcfcf;\n\t\t\t\t}\n\t\t\t\t#gallery-3 .gallery-caption {\n\t\t\t\t\tmargin-left: 0;\n\t\t\t\t}\n\t\t\t\t\/* see gallery_shortcode() in wp-includes\/media.php *\/\n\t\t\t<\/style>\n\t\t<div id='gallery-3' class='dt-gallery-container gallery galleryid-460561 gallery-columns-6 gallery-size-thumbnail'><dl class='gallery-item'>\n\t\t\t\t<dt class='gallery-icon landscape'>\n\t\t\t\t\t<a class=\"rollover rollover-zoom dt-pswp-item\" title=\"Dellai 2\" data-dt-img-description=\"\" data-large_image_width=\"2560\" data-large_image_height=\"1920\"href='https:\/\/www.radiopiu.net\/wordpress\/wp-content\/uploads\/2025\/06\/Dellai-2-scaled.jpg'><img loading=\"lazy\" decoding=\"async\" width=\"150\" height=\"150\" src=\"https:\/\/www.radiopiu.net\/wordpress\/wp-content\/uploads\/2025\/06\/Dellai-2-150x150.jpg\" class=\"attachment-thumbnail size-thumbnail\" alt=\"\" \/><\/a>\n\t\t\t\t<\/dt><\/dl><dl class='gallery-item'>\n\t\t\t\t<dt class='gallery-icon landscape'>\n\t\t\t\t\t<a class=\"rollover rollover-zoom dt-pswp-item\" title=\"Coubal\" data-dt-img-description=\"\" data-large_image_width=\"2560\" data-large_image_height=\"1669\"href='https:\/\/www.radiopiu.net\/wordpress\/wp-content\/uploads\/2025\/06\/Coubal-scaled.jpg'><img loading=\"lazy\" decoding=\"async\" width=\"150\" height=\"150\" src=\"https:\/\/www.radiopiu.net\/wordpress\/wp-content\/uploads\/2025\/06\/Coubal-150x150.jpg\" class=\"attachment-thumbnail size-thumbnail\" alt=\"\" \/><\/a>\n\t\t\t\t<\/dt><\/dl><dl class='gallery-item'>\n\t\t\t\t<dt class='gallery-icon portrait'>\n\t\t\t\t\t<a class=\"rollover rollover-zoom dt-pswp-item\" title=\"Fontanive RELATORE ALL&#039;ADUNANZA\" data-dt-img-description=\"\" data-large_image_width=\"2035\" data-large_image_height=\"2092\"href='https:\/\/www.radiopiu.net\/wordpress\/wp-content\/uploads\/2025\/06\/Fontanive-RELATORE-ALLADUNANZA.jpg'><img loading=\"lazy\" decoding=\"async\" width=\"150\" height=\"150\" src=\"https:\/\/www.radiopiu.net\/wordpress\/wp-content\/uploads\/2025\/06\/Fontanive-RELATORE-ALLADUNANZA-150x150.jpg\" class=\"attachment-thumbnail size-thumbnail\" alt=\"\" \/><\/a>\n\t\t\t\t<\/dt><\/dl><dl class='gallery-item'>\n\t\t\t\t<dt class='gallery-icon landscape'>\n\t\t\t\t\t<a class=\"rollover rollover-zoom dt-pswp-item\" title=\"de Eccher36.Tre Cime copy\" data-dt-img-description=\"\" data-large_image_width=\"2560\" data-large_image_height=\"1699\"href='https:\/\/www.radiopiu.net\/wordpress\/wp-content\/uploads\/2025\/06\/de-Eccher36.Tre-Cime-copy-scaled.jpg'><img loading=\"lazy\" decoding=\"async\" width=\"150\" height=\"150\" src=\"https:\/\/www.radiopiu.net\/wordpress\/wp-content\/uploads\/2025\/06\/de-Eccher36.Tre-Cime-copy-150x150.jpg\" class=\"attachment-thumbnail size-thumbnail\" alt=\"\" \/><\/a>\n\t\t\t\t<\/dt><\/dl><dl class='gallery-item'>\n\t\t\t\t<dt class='gallery-icon landscape'>\n\t\t\t\t\t<a class=\"rollover rollover-zoom dt-pswp-item\" title=\"DE SANDRE OK\" data-dt-img-description=\"\" data-large_image_width=\"830\" data-large_image_height=\"523\"href='https:\/\/www.radiopiu.net\/wordpress\/wp-content\/uploads\/2025\/06\/DE-SANDRE-OK.jpg'><img loading=\"lazy\" decoding=\"async\" width=\"150\" height=\"150\" src=\"https:\/\/www.radiopiu.net\/wordpress\/wp-content\/uploads\/2025\/06\/DE-SANDRE-OK-150x150.jpg\" class=\"attachment-thumbnail size-thumbnail\" alt=\"\" \/><\/a>\n\t\t\t\t<\/dt><\/dl><dl class='gallery-item'>\n\t\t\t\t<dt class='gallery-icon portrait'>\n\t\t\t\t\t<a class=\"rollover rollover-zoom dt-pswp-item\" title=\"Chiamulera\" data-dt-img-description=\"\" data-large_image_width=\"1224\" data-large_image_height=\"1462\"href='https:\/\/www.radiopiu.net\/wordpress\/wp-content\/uploads\/2025\/06\/Chiamulera.png'><img loading=\"lazy\" decoding=\"async\" width=\"150\" height=\"150\" src=\"https:\/\/www.radiopiu.net\/wordpress\/wp-content\/uploads\/2025\/06\/Chiamulera-150x150.png\" class=\"attachment-thumbnail size-thumbnail\" alt=\"\" \/><\/a>\n\t\t\t\t<\/dt><\/dl><br style=\"clear: both\" \/>\n\t\t\t<\/div>\n\n<p>&nbsp;<\/p>\n<hr \/>\n<p>&nbsp;<\/p>\n<blockquote>\n<h3>ESTATE SUL NEVEGAL: PASSEGGIATE, CONCERTI, SPORT E GIOCHI CON GLI AMICI DEL NEVEGAL<\/h3>\n<\/blockquote>\n<p><strong><a class=\"dt-pswp-item\" href=\"https:\/\/www.radiopiu.net\/wordpress\/wp-content\/uploads\/2023\/05\/PIAZZALE-NEVEGAL.png\" data-dt-img-description=\"\" data-large_image_width=\"1081\" data-large_image_height=\"605\"><img loading=\"lazy\" decoding=\"async\" class=\" wp-image-336376 alignleft\" src=\"https:\/\/www.radiopiu.net\/wordpress\/wp-content\/uploads\/2023\/05\/PIAZZALE-NEVEGAL-300x168.png\" alt=\"\" width=\"198\" height=\"111\" srcset=\"https:\/\/www.radiopiu.net\/wordpress\/wp-content\/uploads\/2023\/05\/PIAZZALE-NEVEGAL-300x168.png 300w, https:\/\/www.radiopiu.net\/wordpress\/wp-content\/uploads\/2023\/05\/PIAZZALE-NEVEGAL-1024x573.png 1024w, https:\/\/www.radiopiu.net\/wordpress\/wp-content\/uploads\/2023\/05\/PIAZZALE-NEVEGAL-768x430.png 768w, https:\/\/www.radiopiu.net\/wordpress\/wp-content\/uploads\/2023\/05\/PIAZZALE-NEVEGAL.png 1081w\" sizes=\"auto, (max-width: 198px) 100vw, 198px\" \/><\/a>BELLUNO<\/strong> Passeggiate all&#8217;aria aperta, concerti, sport e giochi: estate ricca di appuntamenti, quella del Nevegal, grazie al programma di appuntamenti organizzati gi\u00e0 da domenica prossima dall&#8217;associazione Amici del Nevegal.<\/p>\n<p><strong>DI DANIELE DALVIT<\/strong><\/p>\n<audio class=\"wp-audio-shortcode\" id=\"audio-460561-9\" preload=\"none\" style=\"width: 100%;\" controls=\"controls\"><source type=\"audio\/mpeg\" src=\"https:\/\/www.radiopiu.net\/wordpress\/wp-content\/uploads\/2025\/07\/Servizio-Programma-amici-Nevegal-2025.mp3?_=9\" \/><a href=\"https:\/\/www.radiopiu.net\/wordpress\/wp-content\/uploads\/2025\/07\/Servizio-Programma-amici-Nevegal-2025.mp3\">https:\/\/www.radiopiu.net\/wordpress\/wp-content\/uploads\/2025\/07\/Servizio-Programma-amici-Nevegal-2025.mp3<\/a><\/audio>\n<p>&nbsp;<\/p>\n<hr \/>\n<p>&nbsp;<\/p>\n<blockquote>\n<h3><strong>GIOVANI&amp;FUTURO COMPIE TRE ANNI: DA BELLUNO A PROGETTO NAZIONALE PER IL CAMBIAMENTO<\/strong><\/h3>\n<\/blockquote>\n<p><strong><a class=\"dt-pswp-item\" href=\"https:\/\/www.radiopiu.net\/wordpress\/wp-content\/uploads\/2025\/07\/GiovanieFuturo-Montecitorio.jpeg\" data-dt-img-description=\"\" data-large_image_width=\"1200\" data-large_image_height=\"1600\"><img loading=\"lazy\" decoding=\"async\" class=\" wp-image-460659 alignleft\" src=\"https:\/\/www.radiopiu.net\/wordpress\/wp-content\/uploads\/2025\/07\/GiovanieFuturo-Montecitorio-225x300.jpeg\" alt=\"\" width=\"116\" height=\"155\" srcset=\"https:\/\/www.radiopiu.net\/wordpress\/wp-content\/uploads\/2025\/07\/GiovanieFuturo-Montecitorio-225x300.jpeg 225w, https:\/\/www.radiopiu.net\/wordpress\/wp-content\/uploads\/2025\/07\/GiovanieFuturo-Montecitorio-768x1024.jpeg 768w, https:\/\/www.radiopiu.net\/wordpress\/wp-content\/uploads\/2025\/07\/GiovanieFuturo-Montecitorio-1152x1536.jpeg 1152w, https:\/\/www.radiopiu.net\/wordpress\/wp-content\/uploads\/2025\/07\/GiovanieFuturo-Montecitorio.jpeg 1200w\" sizes=\"auto, (max-width: 116px) 100vw, 116px\" \/><\/a>BELLUNO <\/strong>Oggi l\u2019associazione Giovani&amp;Futuro celebra tre anni dalla sua fondazione. Nata nel 2022 in Cadore-Comelico, l\u2019associazione ha saputo trasformarsi in un movimento nazionale con sezioni in quasi tutte le regioni d\u2019Italia. Sotto la guida del presidente Luca Frescura, si \u00e8 fatta promotrice di importanti battaglie: dal taglio dell\u2019IVA sul pellet alla proposta di legge per ridurre l\u2019IVA su prodotti per l\u2019infanzia e l\u2019igiene femminile, raccogliendo quasi 70.000 firme in meno di tre mesi. Giovani&amp;Futuro ha mantenuto vivo anche l\u2019impegno locale, come nella proposta per la riduzione delle bollette dell\u2019acqua e nella difesa della Galleria Comelico. Tra gli incontri pi\u00f9 significativi, quello con Dasha Navalnaya a Strasburgo. Il primo congresso nazionale si terr\u00e0 il 14 e 15 settembre. Frescura e il vicepresidente Thomas Menia Corbanese confermano l\u2019impegno per un\u2019Italia pi\u00f9 giusta, libera e attenta ai giovani, portando avanti valori di trasparenza, partecipazione e radicamento territoriale.<\/p>\n<p>&nbsp;<\/p>\n<p>&nbsp;<\/p>\n<hr \/>\n<p>&nbsp;<\/p>\n<blockquote>\n<h3>NASCE IL GELATO DEL BENESSERE: SCIENZA E ARTIGIANATO INSIEME A LONGARONE<\/h3>\n<\/blockquote>\n<p><strong><a class=\"dt-pswp-item\" href=\"https:\/\/www.radiopiu.net\/wordpress\/wp-content\/uploads\/2025\/07\/Gruppo-di-ricerca-neurogastronomia.jpg\" data-dt-img-description=\"\" data-large_image_width=\"1200\" data-large_image_height=\"1242\"><img loading=\"lazy\" decoding=\"async\" class=\" wp-image-460648 alignleft\" src=\"https:\/\/www.radiopiu.net\/wordpress\/wp-content\/uploads\/2025\/07\/Gruppo-di-ricerca-neurogastronomia-290x300.jpg\" alt=\"\" width=\"153\" height=\"158\" srcset=\"https:\/\/www.radiopiu.net\/wordpress\/wp-content\/uploads\/2025\/07\/Gruppo-di-ricerca-neurogastronomia-290x300.jpg 290w, https:\/\/www.radiopiu.net\/wordpress\/wp-content\/uploads\/2025\/07\/Gruppo-di-ricerca-neurogastronomia-989x1024.jpg 989w, https:\/\/www.radiopiu.net\/wordpress\/wp-content\/uploads\/2025\/07\/Gruppo-di-ricerca-neurogastronomia-768x795.jpg 768w, https:\/\/www.radiopiu.net\/wordpress\/wp-content\/uploads\/2025\/07\/Gruppo-di-ricerca-neurogastronomia.jpg 1200w\" sizes=\"auto, (max-width: 153px) 100vw, 153px\" \/><\/a>LONGARONE <\/strong>Prosegue con slancio la collaborazione tra Longarone Fiere Dolomiti e il CNR-IRIB (Istituto per la ricerca e l\u2019innovazione biomedica) per lo sviluppo del \u201cgelato del benessere\u201d, frutto dell\u2019incontro tra neurogastronomia e gelateria artigianale. Dodici gusti innovativi, tra cui quello alla \u201cMandorla siciliana attivata\u201d e agli Omega-3, arricchiti con vitamine e minerali, sono il cuore di un progetto che unisce ricerca scientifica e tradizione dolciaria. Alla produzione penser\u00e0 il maestro gelatiere Filippo Bano, presidente del GA, mentre l\u2019aspetto scientifico sar\u00e0 guidato dal ricercatore Domenico Nuzzo, esperto di neurogastronomia. Materie prime di qualit\u00e0 saranno fornite da aziende selezionate, come Norsan Italia e la Cooperativa Val di Bella. A settembre si terr\u00e0 un\u2019anteprima in gelateria con test emozionali. Giovanni De Lorenzi, AD di Longarone Fiere, evidenzia l\u2019alto valore del progetto in vista di MIG 2025, che coinvolger\u00e0 anche le aziende del settore gelato.<\/p>\n<p>&nbsp;<\/p>\n<p>&nbsp;<\/p>\n<hr \/>\n<p>&nbsp;<\/p>\n<blockquote>\n<h3>UN&#8217;INVASIONE DI RANOCCHIE TRA AGORDO E LA VALLE AGORDINA<\/h3>\n<\/blockquote>\n<p><strong>DI MARINA DONA&#8217;<\/strong><\/p>\n<p><strong>LA VALLE AGORDINA<\/strong> Nella serata del 21 luglio 2025 le strade tra il comune di Agordo e La Valle Agordina, sono state interessate da un fenomeno alquanto particolare : una miriade di ranocchi saltellanti, sfidando il traffico non solo veicolare ma anche umano. Un ragazzo si prodigava a raccoglierle per salvarle e portarle al sicuro.<\/p>\n<div style=\"width: 848px;\" class=\"wp-video\"><video class=\"wp-video-shortcode\" id=\"video-460561-2\" width=\"848\" height=\"480\" preload=\"metadata\" controls=\"controls\"><source type=\"video\/mp4\" src=\"https:\/\/www.radiopiu.net\/wordpress\/wp-content\/uploads\/2025\/07\/WhatsApp-Video-2025-07-22-at-16.22.25.mp4?_=2\" \/><a href=\"https:\/\/www.radiopiu.net\/wordpress\/wp-content\/uploads\/2025\/07\/WhatsApp-Video-2025-07-22-at-16.22.25.mp4\">https:\/\/www.radiopiu.net\/wordpress\/wp-content\/uploads\/2025\/07\/WhatsApp-Video-2025-07-22-at-16.22.25.mp4<\/a><\/video><\/div>\n<p>&nbsp;<\/p>\n\n\t\t\t<style type='text\/css'>\n\t\t\t\t#gallery-4 {\n\t\t\t\t\tmargin: auto;\n\t\t\t\t}\n\t\t\t\t#gallery-4 .gallery-item {\n\t\t\t\t\tfloat: left;\n\t\t\t\t\tmargin-top: 10px;\n\t\t\t\t\ttext-align: center;\n\t\t\t\t\twidth: 50%;\n\t\t\t\t}\n\t\t\t\t#gallery-4 img {\n\t\t\t\t\tborder: 2px solid #cfcfcf;\n\t\t\t\t}\n\t\t\t\t#gallery-4 .gallery-caption {\n\t\t\t\t\tmargin-left: 0;\n\t\t\t\t}\n\t\t\t\t\/* see gallery_shortcode() in wp-includes\/media.php *\/\n\t\t\t<\/style>\n\t\t<div id='gallery-4' class='dt-gallery-container gallery galleryid-460561 gallery-columns-2 gallery-size-medium'><dl class='gallery-item'>\n\t\t\t\t<dt class='gallery-icon landscape'>\n\t\t\t\t\t<a class=\"rollover rollover-zoom dt-pswp-item\" title=\"962756c1-1dc7-4aac-b77e-fa03b3786874\" data-dt-img-description=\"\" data-large_image_width=\"1224\" data-large_image_height=\"624\"href='https:\/\/www.radiopiu.net\/wordpress\/wp-content\/uploads\/2025\/07\/962756c1-1dc7-4aac-b77e-fa03b3786874.jpg'><img loading=\"lazy\" decoding=\"async\" width=\"300\" height=\"153\" src=\"https:\/\/www.radiopiu.net\/wordpress\/wp-content\/uploads\/2025\/07\/962756c1-1dc7-4aac-b77e-fa03b3786874-300x153.jpg\" class=\"attachment-medium size-medium\" alt=\"\" srcset=\"https:\/\/www.radiopiu.net\/wordpress\/wp-content\/uploads\/2025\/07\/962756c1-1dc7-4aac-b77e-fa03b3786874-300x153.jpg 300w, https:\/\/www.radiopiu.net\/wordpress\/wp-content\/uploads\/2025\/07\/962756c1-1dc7-4aac-b77e-fa03b3786874-1024x522.jpg 1024w, https:\/\/www.radiopiu.net\/wordpress\/wp-content\/uploads\/2025\/07\/962756c1-1dc7-4aac-b77e-fa03b3786874-768x392.jpg 768w, https:\/\/www.radiopiu.net\/wordpress\/wp-content\/uploads\/2025\/07\/962756c1-1dc7-4aac-b77e-fa03b3786874.jpg 1224w\" sizes=\"auto, (max-width: 300px) 100vw, 300px\" \/><\/a>\n\t\t\t\t<\/dt><\/dl><dl class='gallery-item'>\n\t\t\t\t<dt class='gallery-icon landscape'>\n\t\t\t\t\t<a class=\"rollover rollover-zoom dt-pswp-item\" title=\"a5e4af04-5808-47f3-acd3-8b41ccfc82c8\" data-dt-img-description=\"\" data-large_image_width=\"1224\" data-large_image_height=\"682\"href='https:\/\/www.radiopiu.net\/wordpress\/wp-content\/uploads\/2025\/07\/a5e4af04-5808-47f3-acd3-8b41ccfc82c8.jpg'><img loading=\"lazy\" decoding=\"async\" width=\"300\" height=\"167\" src=\"https:\/\/www.radiopiu.net\/wordpress\/wp-content\/uploads\/2025\/07\/a5e4af04-5808-47f3-acd3-8b41ccfc82c8-300x167.jpg\" class=\"attachment-medium size-medium\" alt=\"\" srcset=\"https:\/\/www.radiopiu.net\/wordpress\/wp-content\/uploads\/2025\/07\/a5e4af04-5808-47f3-acd3-8b41ccfc82c8-300x167.jpg 300w, https:\/\/www.radiopiu.net\/wordpress\/wp-content\/uploads\/2025\/07\/a5e4af04-5808-47f3-acd3-8b41ccfc82c8-1024x571.jpg 1024w, https:\/\/www.radiopiu.net\/wordpress\/wp-content\/uploads\/2025\/07\/a5e4af04-5808-47f3-acd3-8b41ccfc82c8-768x428.jpg 768w, https:\/\/www.radiopiu.net\/wordpress\/wp-content\/uploads\/2025\/07\/a5e4af04-5808-47f3-acd3-8b41ccfc82c8.jpg 1224w\" sizes=\"auto, (max-width: 300px) 100vw, 300px\" \/><\/a>\n\t\t\t\t<\/dt><\/dl><br style=\"clear: both\" \/>\n\t\t\t<\/div>\n\n<hr \/>\n<p>&nbsp;<\/p>\n<blockquote>\n<h3>SEBASTIANO VASSALLI: UN PERCORSO LETTERARIO NEL CUORE DI ZOLDO<\/h3>\n<\/blockquote>\n<p><strong><a class=\"dt-pswp-item\" href=\"https:\/\/www.radiopiu.net\/wordpress\/wp-content\/uploads\/2025\/07\/KJLDGLL.jpg\" data-dt-img-description=\"\" data-large_image_width=\"667\" data-large_image_height=\"423\"><img loading=\"lazy\" decoding=\"async\" class=\" wp-image-460622 alignleft\" src=\"https:\/\/www.radiopiu.net\/wordpress\/wp-content\/uploads\/2025\/07\/KJLDGLL-300x190.jpg\" alt=\"\" width=\"201\" height=\"127\" srcset=\"https:\/\/www.radiopiu.net\/wordpress\/wp-content\/uploads\/2025\/07\/KJLDGLL-300x190.jpg 300w, https:\/\/www.radiopiu.net\/wordpress\/wp-content\/uploads\/2025\/07\/KJLDGLL.jpg 667w\" sizes=\"auto, (max-width: 201px) 100vw, 201px\" \/><\/a>VAL DI ZOLDO<\/strong> Il 26 luglio a Val di Zoldo sar\u00e0 inaugurato un percorso paesaggistico-letterario dedicato a Sebastiano Vassalli, a dieci anni dalla sua scomparsa. Composto da 12 stele in vetro temperato, il tragitto si snoda tra strade e sentieri della valle, ciascuna con citazioni dal romanzo <em data-start=\"347\" data-end=\"363\">Marco e Mattio<\/em> e QR code con approfondimenti. Il progetto, iniziato nel 2015 con l&#8217;inaugurazione della prima stele da parte dello stesso Vassalli, \u00e8 ora finalmente completato. Il legame dell\u2019autore con Zoldo risale al 1992, anno di pubblicazione del romanzo ambientato in loco, che contribu\u00ec a valorizzare la valle nella letteratura italiana. Numerose iniziative culturali hanno celebrato lo scrittore nel tempo, tra cui convegni, mostre e letture pubbliche. L\u2019inaugurazione del percorso rappresenta il culmine di un impegno corale per ricordare Vassalli, cittadino onorario di Zoldo, e la sua profonda connessione con queste montagne.<\/p>\n<p>&nbsp;<\/p>\n<p>&nbsp;<\/p>\n<hr \/>\n<p>&nbsp;<\/p>\n<blockquote>\n<h3>CONSEGNA DELLE NUOVE ATTREZZATURE AL CILP DI FELTRE GRAZIE AL DONO DEL SOROPTIMIST CLUB BELLUNO FELTRE<\/h3>\n<\/blockquote>\n<p><strong>DI LUISA ALCHINI<\/strong><\/p>\n<p><strong>FELTRE<\/strong> Gioved\u00ec 24 luglio alle 15.30 presso la sede del Centro Internazionale del Libro Parlato di Feltre, al terzo piano sala Documentale, ci sar\u00e0 la consegna ufficiale delle attrezzature donate da Soroptimist Club Belluno Feltre. Le nuove apparecchiature saranno fondamentali per rendere ancora pi\u00f9 efficaci le letture dei \u201cLibri parlanti\u201d in pubblico come eventi e presso le RSA. L\u2019attivit\u00e0 di lettura nelle strutture per anziani \u00e8 in continua espansione su tutto il terri5rio provinciale e grazie al progetto finanziato dal CSV \u201cLettura consapevole ed inclusiva\u201d si prevede d\u2019 incrementare il numero dei volontari che attraverso la frequenza dei corsi proposti possono acquisire le competenze necessarie per rapportarsi con le persone anziane o con disabilit\u00e0, dando loro sostegno e sollievo attraverso i racconti. La prima sessione si \u00e8 svolta a Feltre da gennaio a maggio, la seconda partir\u00e0 a settembre. Il Consiglio Direttivo a nome dell\u2019Associazione esprime profonda gratitudine nei confronti di Soroptimist Belluno Feltre che attraverso questo prezioso dono testimonia l\u2019attenzione verso l\u2019operato del Cilp che da oltre 40 anni contribuisce a rendere fruibile la lettura alle persone che non hanno facolt\u00e0 di poterlo fare autonomamente, un riconoscimento dell\u2019attivit\u00e0 che i donatori di voce svolgono con impegno e professionalit\u00e0<\/p>\n\n\t\t\t<style type='text\/css'>\n\t\t\t\t#gallery-5 {\n\t\t\t\t\tmargin: auto;\n\t\t\t\t}\n\t\t\t\t#gallery-5 .gallery-item {\n\t\t\t\t\tfloat: left;\n\t\t\t\t\tmargin-top: 10px;\n\t\t\t\t\ttext-align: center;\n\t\t\t\t\twidth: 33%;\n\t\t\t\t}\n\t\t\t\t#gallery-5 img {\n\t\t\t\t\tborder: 2px solid #cfcfcf;\n\t\t\t\t}\n\t\t\t\t#gallery-5 .gallery-caption {\n\t\t\t\t\tmargin-left: 0;\n\t\t\t\t}\n\t\t\t\t\/* see gallery_shortcode() in wp-includes\/media.php *\/\n\t\t\t<\/style>\n\t\t<div id='gallery-5' class='dt-gallery-container gallery galleryid-460561 gallery-columns-3 gallery-size-thumbnail'><dl class='gallery-item'>\n\t\t\t\t<dt class='gallery-icon portrait'>\n\t\t\t\t\t<a class=\"rollover rollover-zoom dt-pswp-item\" title=\"ada532c1-9713-487f-a792-90012593974d\" data-dt-img-description=\"\" data-large_image_width=\"1200\" data-large_image_height=\"1600\"href='https:\/\/www.radiopiu.net\/wordpress\/wp-content\/uploads\/2025\/07\/ada532c1-9713-487f-a792-90012593974d.jpg'><img loading=\"lazy\" decoding=\"async\" width=\"150\" height=\"150\" src=\"https:\/\/www.radiopiu.net\/wordpress\/wp-content\/uploads\/2025\/07\/ada532c1-9713-487f-a792-90012593974d-150x150.jpg\" class=\"attachment-thumbnail size-thumbnail\" alt=\"\" \/><\/a>\n\t\t\t\t<\/dt><\/dl><dl class='gallery-item'>\n\t\t\t\t<dt class='gallery-icon portrait'>\n\t\t\t\t\t<a class=\"rollover rollover-zoom dt-pswp-item\" title=\"7499a3b7-463c-424a-bc99-a0899e03241e\" data-dt-img-description=\"\" data-large_image_width=\"720\" data-large_image_height=\"1600\"href='https:\/\/www.radiopiu.net\/wordpress\/wp-content\/uploads\/2025\/07\/7499a3b7-463c-424a-bc99-a0899e03241e.jpg'><img loading=\"lazy\" decoding=\"async\" width=\"150\" height=\"150\" src=\"https:\/\/www.radiopiu.net\/wordpress\/wp-content\/uploads\/2025\/07\/7499a3b7-463c-424a-bc99-a0899e03241e-150x150.jpg\" class=\"attachment-thumbnail size-thumbnail\" alt=\"\" \/><\/a>\n\t\t\t\t<\/dt><\/dl><dl class='gallery-item'>\n\t\t\t\t<dt class='gallery-icon landscape'>\n\t\t\t\t\t<a class=\"rollover rollover-zoom dt-pswp-item\" title=\"c827c81c-970c-40b8-a177-cfb59c62b33a\" data-dt-img-description=\"\" data-large_image_width=\"1600\" data-large_image_height=\"1200\"href='https:\/\/www.radiopiu.net\/wordpress\/wp-content\/uploads\/2025\/07\/c827c81c-970c-40b8-a177-cfb59c62b33a.jpg'><img loading=\"lazy\" decoding=\"async\" width=\"150\" height=\"150\" src=\"https:\/\/www.radiopiu.net\/wordpress\/wp-content\/uploads\/2025\/07\/c827c81c-970c-40b8-a177-cfb59c62b33a-150x150.jpg\" class=\"attachment-thumbnail size-thumbnail\" alt=\"\" \/><\/a>\n\t\t\t\t<\/dt><\/dl><br style=\"clear: both\" \/>\n\t\t\t<\/div>\n\n<p>&nbsp;<\/p>\n<hr \/>\n<p>&nbsp;<\/p>\n<blockquote>\n<h3>IN PANDA DA AVOSCAN ALL&#8217;ISLANDA: IN VIAGGIO CON PATRICK MARMOLADA<\/h3>\n<\/blockquote>\n<p><strong>REDAZIONE <\/strong>Un viaggio nelle remote Highlands islandesi si \u00e8 trasformato in un\u2019esperienza irripetibile per Patrick Marmolada, che si \u00e8 trovato casualmente nel posto giusto al momento giusto per assistere a uno degli spettacoli pi\u00f9 affascinanti \u2013 e temuti \u2013 della natura: un\u2019eruzione vulcanica. \u00abStavo guidando verso Reykjav\u00edk per fare rifornimento di carburante e scorte di cibo, dato che nelle Highlands non ci sono distributori n\u00e9 supermercati per centinaia di chilometri\u00bb, racconta. \u00abProprio in quel momento ho letto della nuova eruzione iniziata nella notte a Grindav\u00edk, un paesino a sud della capitale. Era un\u2019occasione straordinaria: desideravo vederne una da anni, seguendo da lontano le notizie delle eruzioni precedenti\u00bb. Senza esitare, ha deviato il percorso e si \u00e8 diretto verso Grindav\u00edk, nonostante la situazione fosse ancora incerta e tutte le strade fossero state chiuse per precauzione. \u00abHo passato l\u00ec la notte, aspettando novit\u00e0. Il giorno seguente, \u00e8 stata riaperta una porzione di strada che permetteva di osservare da lontano l\u2019eruzione in sicurezza\u00bb. Complice il vento, che spingeva i fumi tossici nella direzione opposta, e la luce soffusa delle notti artiche \u2013 in questo periodo dell\u2019anno, il buio vero e proprio non cala mai \u2013 \u00e8 riuscito a scattare fotografie mozzafiato. \u00ab\u00c8 stato un momento surreale, un misto di adrenalina, meraviglia e rispetto per la forza della natura. Intorno a me c\u2019erano poche altre persone, tutte l\u00ec per lo stesso motivo: assistere a qualcosa di unico\u00bb. E c\u2019era anche lei, la sua inseparabile compagna di viaggio: una Fiat Panda. \u00abCredo sia l\u2019unica Panda ad aver mai visto un\u2019eruzione vulcanica in Islanda\u00bb, scherza. Ma nel suo sguardo si legge qualcosa di pi\u00f9: la consapevolezza di aver vissuto un\u2019esperienza che rester\u00e0 impressa per sempre. L\u2019Islanda, ancora una volta, conferma la sua anima indomita: un\u2019isola dove la natura scrive il tempo, il paesaggio e le emozioni. E dove, a volte, basta trovarsi nel posto giusto al momento giusto per assistere a un miracolo.<\/p>\n\n\t\t\t<style type='text\/css'>\n\t\t\t\t#gallery-6 {\n\t\t\t\t\tmargin: auto;\n\t\t\t\t}\n\t\t\t\t#gallery-6 .gallery-item {\n\t\t\t\t\tfloat: left;\n\t\t\t\t\tmargin-top: 10px;\n\t\t\t\t\ttext-align: center;\n\t\t\t\t\twidth: 20%;\n\t\t\t\t}\n\t\t\t\t#gallery-6 img {\n\t\t\t\t\tborder: 2px solid #cfcfcf;\n\t\t\t\t}\n\t\t\t\t#gallery-6 .gallery-caption {\n\t\t\t\t\tmargin-left: 0;\n\t\t\t\t}\n\t\t\t\t\/* see gallery_shortcode() in wp-includes\/media.php *\/\n\t\t\t<\/style>\n\t\t<div id='gallery-6' class='dt-gallery-container gallery galleryid-460561 gallery-columns-5 gallery-size-thumbnail'><dl class='gallery-item'>\n\t\t\t\t<dt class='gallery-icon landscape'>\n\t\t\t\t\t<a class=\"rollover rollover-zoom dt-pswp-item\" title=\"DSC05919\" data-dt-img-description=\"\" data-large_image_width=\"2048\" data-large_image_height=\"1365\"href='https:\/\/www.radiopiu.net\/wordpress\/wp-content\/uploads\/2025\/07\/DSC05919.jpg'><img loading=\"lazy\" decoding=\"async\" width=\"150\" height=\"150\" src=\"https:\/\/www.radiopiu.net\/wordpress\/wp-content\/uploads\/2025\/07\/DSC05919-150x150.jpg\" class=\"attachment-thumbnail size-thumbnail\" alt=\"\" \/><\/a>\n\t\t\t\t<\/dt><\/dl><dl class='gallery-item'>\n\t\t\t\t<dt class='gallery-icon landscape'>\n\t\t\t\t\t<a class=\"rollover rollover-zoom dt-pswp-item\" title=\"DSC05991\" data-dt-img-description=\"\" data-large_image_width=\"2048\" data-large_image_height=\"1365\"href='https:\/\/www.radiopiu.net\/wordpress\/wp-content\/uploads\/2025\/07\/DSC05991.jpg'><img loading=\"lazy\" decoding=\"async\" width=\"150\" height=\"150\" src=\"https:\/\/www.radiopiu.net\/wordpress\/wp-content\/uploads\/2025\/07\/DSC05991-150x150.jpg\" class=\"attachment-thumbnail size-thumbnail\" alt=\"\" \/><\/a>\n\t\t\t\t<\/dt><\/dl><dl class='gallery-item'>\n\t\t\t\t<dt class='gallery-icon landscape'>\n\t\t\t\t\t<a class=\"rollover rollover-zoom dt-pswp-item\" title=\"DSC06007\" data-dt-img-description=\"\" data-large_image_width=\"2048\" data-large_image_height=\"1365\"href='https:\/\/www.radiopiu.net\/wordpress\/wp-content\/uploads\/2025\/07\/DSC06007.jpg'><img loading=\"lazy\" decoding=\"async\" width=\"150\" height=\"150\" src=\"https:\/\/www.radiopiu.net\/wordpress\/wp-content\/uploads\/2025\/07\/DSC06007-150x150.jpg\" class=\"attachment-thumbnail size-thumbnail\" alt=\"\" \/><\/a>\n\t\t\t\t<\/dt><\/dl><dl class='gallery-item'>\n\t\t\t\t<dt class='gallery-icon landscape'>\n\t\t\t\t\t<a class=\"rollover rollover-zoom dt-pswp-item\" title=\"DSC06015\" data-dt-img-description=\"\" data-large_image_width=\"2048\" data-large_image_height=\"1365\"href='https:\/\/www.radiopiu.net\/wordpress\/wp-content\/uploads\/2025\/07\/DSC06015.jpg'><img loading=\"lazy\" decoding=\"async\" width=\"150\" height=\"150\" src=\"https:\/\/www.radiopiu.net\/wordpress\/wp-content\/uploads\/2025\/07\/DSC06015-150x150.jpg\" class=\"attachment-thumbnail size-thumbnail\" alt=\"\" \/><\/a>\n\t\t\t\t<\/dt><\/dl><dl class='gallery-item'>\n\t\t\t\t<dt class='gallery-icon landscape'>\n\t\t\t\t\t<a class=\"rollover rollover-zoom dt-pswp-item\" title=\"DSC06037\" data-dt-img-description=\"\" data-large_image_width=\"2048\" data-large_image_height=\"1365\"href='https:\/\/www.radiopiu.net\/wordpress\/wp-content\/uploads\/2025\/07\/DSC06037.jpg'><img loading=\"lazy\" decoding=\"async\" width=\"150\" height=\"150\" src=\"https:\/\/www.radiopiu.net\/wordpress\/wp-content\/uploads\/2025\/07\/DSC06037-150x150.jpg\" class=\"attachment-thumbnail size-thumbnail\" alt=\"\" \/><\/a>\n\t\t\t\t<\/dt><\/dl><br style=\"clear: both\" \/>\n\t\t\t<\/div>\n\n<p>&nbsp;<\/p>\n<hr \/>\n<p>&nbsp;<\/p>\n<blockquote>\n<h3>COSMO, DANIELA, ROBERTO E SIRO CON LA CHITARRA DI LEGNO DI MAURO BEN<\/h3>\n<\/blockquote>\n<p><strong><a class=\"dt-pswp-item\" href=\"https:\/\/www.radiopiu.net\/wordpress\/wp-content\/uploads\/2025\/07\/0e3fbae4-828c-4a5f-a50b-cbc216a2bc94.jpg\" data-dt-img-description=\"\" data-large_image_width=\"1224\" data-large_image_height=\"943\"><img loading=\"lazy\" decoding=\"async\" class=\" wp-image-460708 alignleft\" src=\"https:\/\/www.radiopiu.net\/wordpress\/wp-content\/uploads\/2025\/07\/0e3fbae4-828c-4a5f-a50b-cbc216a2bc94-300x231.jpg\" alt=\"\" width=\"226\" height=\"174\" srcset=\"https:\/\/www.radiopiu.net\/wordpress\/wp-content\/uploads\/2025\/07\/0e3fbae4-828c-4a5f-a50b-cbc216a2bc94-300x231.jpg 300w, https:\/\/www.radiopiu.net\/wordpress\/wp-content\/uploads\/2025\/07\/0e3fbae4-828c-4a5f-a50b-cbc216a2bc94-1024x789.jpg 1024w, https:\/\/www.radiopiu.net\/wordpress\/wp-content\/uploads\/2025\/07\/0e3fbae4-828c-4a5f-a50b-cbc216a2bc94-768x592.jpg 768w, https:\/\/www.radiopiu.net\/wordpress\/wp-content\/uploads\/2025\/07\/0e3fbae4-828c-4a5f-a50b-cbc216a2bc94.jpg 1224w\" sizes=\"auto, (max-width: 226px) 100vw, 226px\" \/><\/a>DI MARINA DONA&#8217;<\/strong><\/p>\n<p><strong>TAIBON<\/strong> Cosmo e Daniela sono come la canzone di Antonello Venditti nella frase che dice che certi amori non finiscono, fanno dei giri immensi e poi ritornano, un giro lungo 15 anni. Dopo la lunga giornata in valle di San Lucano per festeggiare il santo patrono il 20 luglio 2025 dove Cosmo Forcella, Daniela Lena e Roberto Soccol hanno cantato e suonato per tutto il giorno e la sera i loro brani dai loro 3 cd, ecco unirsi al rimpatrio anche Siro Lena. Per tutti loro, come si pu\u00f2 vedere dalla foto, un bellissimo regalo di Mauro Ben del mobilificio Ben: una simpatica chitarra di legno che custodiranno sicuramente gelosamente come il ricordo di un gesto di affetto ma che contemporaneamente ricorder\u00e0 loro questa memorabile giornata. Chiss\u00e0 magari questa sar\u00e0 la prima di tante altre&#8230; visto l&#8217;affetto ricevuto in molti sarebbero contenti.<\/p>\n<p>&nbsp;<\/p>\n<p>&nbsp;<\/p>\n<hr \/>\n<p>&nbsp;<\/p>\n<h1><span style=\"color: #ff0000;\">CONSIGLI COMUNALI IN AGORDINO<\/span><\/h1>\n<p><strong>TAIBON\u00a0<\/strong>Il Consiglio Comunale \u00e8 convocato per <strong data-start=\"168\" data-end=\"211\">oggi alle 18.30<\/strong>. All\u2019ordine del giorno: convenzioni con l\u2019Unione Montana Agordina per la gestione associata di tributi, informatica, personale, manutenzione del territorio, e integrazione documentale sul piano di accertamento delle terre di uso civico.<\/p>\n<p><strong>FALCADE<\/strong> Consiglio comunale convocato domani alle 20. Due punti da discutere: un prelievo dal fondo di riserva e una variazione a bilancio.<\/p>\n<p><strong>SELVA DI CADORE<\/strong> Consiglio comunale venerdi alle 19. Tre punti all&#8217;ordine del giorno: la salvaguardia degli equilibri del bilancio, la nomina del revisore dei conti e l&#8217;approvazione del rendiconto di ASCA.<\/p>\n<p><strong>COLLE SANTA LUCIA <\/strong>Consiglio comunale sabato alle 7:30. Tra i punti in discussione l&#8217;aggiornamento al Documento Unico di Programmazione, la sesta variazione a bilancio, l&#8217;attuazione dei programmi di esercizio 2025, la nomina del revisore dei conti e l&#8217;approvazione alla prima variazione e integrazione al programma triennale ed elenco annuale 2025 dei lavori pubblici.<\/p>\n<p><strong>RIVAMONTE<\/strong> Consiglio comunale marted\u00ec alle 18:30. Tra gli otto punti all&#8217;ordine del giorno si discuter\u00e0 degli equilibri di bilancio, l&#8217;esame e approvazione del DUP e le convenzioni con l\u2019Unione Montana Agordina per la gestione associata di tributi, informatica, personale e manutenzione del territorio.<\/p>\n<p>&nbsp;<\/p>\n<hr \/>\n<p>&nbsp;<\/p>\n<blockquote>\n<h2>VOCI DI MONTAGNA \u2013 RADIO PI\u00d9 E LEONARDO CHINELLATO ALLA SCOPERTA DEI RIFUGI DELLE DOLOMITI<\/h2>\n<\/blockquote>\n<p data-start=\"226\" data-end=\"495\"><a class=\"dt-pswp-item\" href=\"https:\/\/www.radiopiu.net\/wordpress\/wp-content\/uploads\/2025\/07\/file.jpg\" data-dt-img-description=\"\" data-large_image_width=\"640\" data-large_image_height=\"640\"><img loading=\"lazy\" decoding=\"async\" class=\"wp-image-458139 alignleft\" src=\"https:\/\/www.radiopiu.net\/wordpress\/wp-content\/uploads\/2025\/07\/file-300x300.jpg\" alt=\"\" width=\"177\" height=\"177\" srcset=\"https:\/\/www.radiopiu.net\/wordpress\/wp-content\/uploads\/2025\/07\/file-300x300.jpg 300w, https:\/\/www.radiopiu.net\/wordpress\/wp-content\/uploads\/2025\/07\/file-150x150.jpg 150w, https:\/\/www.radiopiu.net\/wordpress\/wp-content\/uploads\/2025\/07\/file.jpg 640w\" sizes=\"auto, (max-width: 177px) 100vw, 177px\" \/><\/a>Un&#8217;estate in cammino, tra sentieri e storie di quota. \u00c8 con entusiasmo che Radio Pi\u00f9 annuncia la nuova rubrica estiva dedicata alla montagna e ai suoi rifugi, guidata da Leonardo Chinellato, giovane appassionato ed esperto conoscitore del territorio dolomitico. Leonardo si \u00e8 proposto con un\u2019idea semplice ma preziosa: raccontare le Dolomiti dal cuore dei rifugi, ascoltando i rifugisti, raccogliendo testimonianze, parlando di accoglienza, percorsi e vita in alta quota. Un progetto nato dalla passione per la montagna vissuta con rispetto e curiosit\u00e0, e subito accolto con entusiasmo dalla redazione di Radio Pi\u00f9. Cos\u00ec \u00e8 nata &#8220;Voci di Montagna&#8221;, una serie di appuntamenti radiofonici che ci porteranno in cammino, dal rifugio Falier fino ai pi\u00f9 iconici e anche ai meno noti rifugi del Bellunese, passando per luoghi accessibili, panorami mozzafiato e incontri umani autentici. Ogni puntata sar\u00e0 un viaggio sonoro, una finestra sulle Dolomiti vissute non solo con gli scarponi, ma anche con il cuore. Un\u2019occasione per conoscere meglio chi lavora e vive lass\u00f9, custodendo ogni giorno la bellezza e la fragilit\u00e0 di un patrimonio unico al mondo. Appuntamento ogni settimana su Radio Pi\u00f9, in diretta e in replica, e disponibile anche online. Zaino e cuffie pronte: si parte!<\/p>\n<p>&nbsp;<\/p>\n<h1 data-start=\"226\" data-end=\"495\"><span style=\"color: #0000ff;\"><strong>PUNTATA 3, RIFUGIO\u00a0 SASSO BIANCO_SAN TOMASO<br \/>\n<\/strong><\/span><\/h1>\n<audio class=\"wp-audio-shortcode\" id=\"audio-460561-10\" preload=\"none\" style=\"width: 100%;\" controls=\"controls\"><source type=\"audio\/mpeg\" src=\"https:\/\/www.radiopiu.net\/wordpress\/wp-content\/uploads\/2025\/07\/03-Rifugio-Sasso-Bianco.mp3?_=10\" \/><a href=\"https:\/\/www.radiopiu.net\/wordpress\/wp-content\/uploads\/2025\/07\/03-Rifugio-Sasso-Bianco.mp3\">https:\/\/www.radiopiu.net\/wordpress\/wp-content\/uploads\/2025\/07\/03-Rifugio-Sasso-Bianco.mp3<\/a><\/audio>\n<p data-start=\"226\" data-end=\"495\"><strong><span style=\"color: #ff0000;\">GALLERIA FOTOGRAFICA\u00a0\u00a0<\/span><br \/>\n<\/strong><\/p>\n\n\t\t\t<style type='text\/css'>\n\t\t\t\t#gallery-7 {\n\t\t\t\t\tmargin: auto;\n\t\t\t\t}\n\t\t\t\t#gallery-7 .gallery-item {\n\t\t\t\t\tfloat: left;\n\t\t\t\t\tmargin-top: 10px;\n\t\t\t\t\ttext-align: center;\n\t\t\t\t\twidth: 25%;\n\t\t\t\t}\n\t\t\t\t#gallery-7 img {\n\t\t\t\t\tborder: 2px solid #cfcfcf;\n\t\t\t\t}\n\t\t\t\t#gallery-7 .gallery-caption {\n\t\t\t\t\tmargin-left: 0;\n\t\t\t\t}\n\t\t\t\t\/* see gallery_shortcode() in wp-includes\/media.php *\/\n\t\t\t<\/style>\n\t\t<div id='gallery-7' class='dt-gallery-container gallery galleryid-460561 gallery-columns-4 gallery-size-thumbnail'><dl class='gallery-item'>\n\t\t\t\t<dt class='gallery-icon portrait'>\n\t\t\t\t\t<a class=\"rollover\" href='https:\/\/www.radiopiu.net\/wordpress\/voci-di-montagna-radio-pio-alla-scoperta-dei-rifugi-delle-dolomiti\/pxl_20250607_130754887\/'><img loading=\"lazy\" decoding=\"async\" width=\"150\" height=\"150\" src=\"https:\/\/www.radiopiu.net\/wordpress\/wp-content\/uploads\/2025\/07\/PXL_20250607_130754887-150x150.jpg\" class=\"attachment-thumbnail size-thumbnail\" alt=\"\" \/><\/a>\n\t\t\t\t<\/dt><\/dl><dl class='gallery-item'>\n\t\t\t\t<dt class='gallery-icon landscape'>\n\t\t\t\t\t<a class=\"rollover\" href='https:\/\/www.radiopiu.net\/wordpress\/voci-di-montagna-radio-pio-alla-scoperta-dei-rifugi-delle-dolomiti\/pxl_20250607_112102519\/'><img loading=\"lazy\" decoding=\"async\" width=\"150\" height=\"150\" src=\"https:\/\/www.radiopiu.net\/wordpress\/wp-content\/uploads\/2025\/07\/PXL_20250607_112102519-150x150.jpg\" class=\"attachment-thumbnail size-thumbnail\" alt=\"\" \/><\/a>\n\t\t\t\t<\/dt><\/dl><dl class='gallery-item'>\n\t\t\t\t<dt class='gallery-icon portrait'>\n\t\t\t\t\t<a class=\"rollover\" href='https:\/\/www.radiopiu.net\/wordpress\/voci-di-montagna-radio-pio-alla-scoperta-dei-rifugi-delle-dolomiti\/pxl_20250607_114128614\/'><img loading=\"lazy\" decoding=\"async\" width=\"150\" height=\"150\" src=\"https:\/\/www.radiopiu.net\/wordpress\/wp-content\/uploads\/2025\/07\/PXL_20250607_114128614-150x150.jpg\" class=\"attachment-thumbnail size-thumbnail\" alt=\"\" \/><\/a>\n\t\t\t\t<\/dt><\/dl><dl class='gallery-item'>\n\t\t\t\t<dt class='gallery-icon portrait'>\n\t\t\t\t\t<a class=\"rollover\" href='https:\/\/www.radiopiu.net\/wordpress\/voci-di-montagna-radio-pio-alla-scoperta-dei-rifugi-delle-dolomiti\/pxl_20250607_122432680\/'><img loading=\"lazy\" decoding=\"async\" width=\"150\" height=\"150\" src=\"https:\/\/www.radiopiu.net\/wordpress\/wp-content\/uploads\/2025\/07\/PXL_20250607_122432680-150x150.jpg\" class=\"attachment-thumbnail size-thumbnail\" alt=\"\" \/><\/a>\n\t\t\t\t<\/dt><\/dl><br style=\"clear: both\" \/><dl class='gallery-item'>\n\t\t\t\t<dt class='gallery-icon landscape'>\n\t\t\t\t\t<a class=\"rollover\" href='https:\/\/www.radiopiu.net\/wordpress\/voci-di-montagna-radio-pio-alla-scoperta-dei-rifugi-delle-dolomiti\/pxl_20250607_122044851\/'><img loading=\"lazy\" decoding=\"async\" width=\"150\" height=\"150\" src=\"https:\/\/www.radiopiu.net\/wordpress\/wp-content\/uploads\/2025\/07\/PXL_20250607_122044851-150x150.jpg\" class=\"attachment-thumbnail size-thumbnail\" alt=\"\" \/><\/a>\n\t\t\t\t<\/dt><\/dl><dl class='gallery-item'>\n\t\t\t\t<dt class='gallery-icon landscape'>\n\t\t\t\t\t<a class=\"rollover\" href='https:\/\/www.radiopiu.net\/wordpress\/voci-di-montagna-radio-pio-alla-scoperta-dei-rifugi-delle-dolomiti\/pxl_20250607_124054548\/'><img loading=\"lazy\" decoding=\"async\" width=\"150\" height=\"150\" src=\"https:\/\/www.radiopiu.net\/wordpress\/wp-content\/uploads\/2025\/07\/PXL_20250607_124054548-150x150.jpg\" class=\"attachment-thumbnail size-thumbnail\" alt=\"\" \/><\/a>\n\t\t\t\t<\/dt><\/dl><dl class='gallery-item'>\n\t\t\t\t<dt class='gallery-icon landscape'>\n\t\t\t\t\t<a class=\"rollover\" href='https:\/\/www.radiopiu.net\/wordpress\/voci-di-montagna-radio-pio-alla-scoperta-dei-rifugi-delle-dolomiti\/pxl_20250607_124104478\/'><img loading=\"lazy\" decoding=\"async\" width=\"150\" height=\"150\" src=\"https:\/\/www.radiopiu.net\/wordpress\/wp-content\/uploads\/2025\/07\/PXL_20250607_124104478-150x150.jpg\" class=\"attachment-thumbnail size-thumbnail\" alt=\"\" \/><\/a>\n\t\t\t\t<\/dt><\/dl><dl class='gallery-item'>\n\t\t\t\t<dt class='gallery-icon portrait'>\n\t\t\t\t\t<a class=\"rollover\" href='https:\/\/www.radiopiu.net\/wordpress\/voci-di-montagna-radio-pio-alla-scoperta-dei-rifugi-delle-dolomiti\/pxl_20250607_160825739\/'><img loading=\"lazy\" decoding=\"async\" width=\"150\" height=\"150\" src=\"https:\/\/www.radiopiu.net\/wordpress\/wp-content\/uploads\/2025\/07\/PXL_20250607_160825739-150x150.jpg\" class=\"attachment-thumbnail size-thumbnail\" alt=\"\" \/><\/a>\n\t\t\t\t<\/dt><\/dl><br style=\"clear: both\" \/>\n\t\t\t<\/div>\n\n<p>&nbsp;<\/p>\n<hr \/>\n<p>&nbsp;<\/p>\n<blockquote>\n<h3>PROROGATO IL TERMINE PER LE OFFERTE DI ALLOGGIAMENTO FORZE DELL\u2019ORDINE PER MILANO CORTINA 2026<\/h3>\n<\/blockquote>\n<p><strong>BELLUNO <\/strong>\u00c8 stato prorogato al 4 agosto 2025, ore 12:00 il termine per la presentazione delle offerte relative alla gara aperta per la selezione di operatori economici finalizzata alla stipula di un accordo quadro per il servizio di alloggiamento del personale delle Forze dell\u2019Ordine impiegato nei servizi di ordine pubblico durante i Giochi Olimpici e Paralimpici Invernali Milano Cortina 2026. La scadenza era inizialmente fissata al 28 luglio 2025, ma \u00e8 stata posticipata per favorire la pi\u00f9 ampia partecipazione da parte di strutture alberghiere e similari, anche in considerazione dei chiarimenti recentemente richiesti sul contenuto del bando di gara.<\/p>\n<p>&nbsp;<\/p>\n<p>&nbsp;<\/p>\n<hr \/>\n<p>&nbsp;<\/p>\n<blockquote>\n<h3>\u201cBACK\u201d TO SUMMER: INIZIATIVA ULSS DOLOMITI PER UNA SCHIENA IN FORMA<\/h3>\n<\/blockquote>\n<p><strong><a class=\"dt-pswp-item\" href=\"https:\/\/www.radiopiu.net\/wordpress\/wp-content\/uploads\/2025\/07\/LoSGYHOAJ.jpg\" data-dt-img-description=\"\" data-large_image_width=\"989\" data-large_image_height=\"652\"><img loading=\"lazy\" decoding=\"async\" class=\" wp-image-458216 alignleft\" src=\"https:\/\/www.radiopiu.net\/wordpress\/wp-content\/uploads\/2025\/07\/LoSGYHOAJ-300x198.jpg\" alt=\"\" width=\"192\" height=\"127\" srcset=\"https:\/\/www.radiopiu.net\/wordpress\/wp-content\/uploads\/2025\/07\/LoSGYHOAJ-300x198.jpg 300w, https:\/\/www.radiopiu.net\/wordpress\/wp-content\/uploads\/2025\/07\/LoSGYHOAJ-768x506.jpg 768w, https:\/\/www.radiopiu.net\/wordpress\/wp-content\/uploads\/2025\/07\/LoSGYHOAJ.jpg 989w\" sizes=\"auto, (max-width: 192px) 100vw, 192px\" \/><\/a>BELLUNO <\/strong>L\u2019Ulss Dolomiti, tramite l\u2019unit\u00e0 di Recupero e Rieducazione Funzionale dell\u2019Ospedale di Lamon, promuove \u201cBack\u201d to Summer, tre appuntamenti estivi dedicati alla prevenzione e gestione del mal di schiena. Le sessioni si terranno a Lamon il 23 luglio, 20 agosto e 17 settembre 2025, con camminate guidate da fisioterapisti e esercizi mirati. I partecipanti devono portare tappetino e indossare abbigliamento sportivo. Il luogo verr\u00e0 comunicato via email in base al meteo. Iscrizioni e informazioni sono disponibili online o contattando direttamente l\u2019unit\u00e0 di riabilitazione. L\u2019iniziativa invita tutta la cittadinanza a prendersi cura della propria schiena in modo semplice e attivo.<\/p>\n<p>&nbsp;<\/p>\n<p>&nbsp;<\/p>\n<hr \/>\n<p>&nbsp;<\/p>\n<blockquote>\n<h3>DA OH PERBACCO WINE DI CENCENIGHE IL MERCOLEDI&#8217; ITALIANO E VENERDI L&#8217;APERICENA FRIULANO<\/h3>\n<\/blockquote>\n<p><strong>CENCENIGHE<\/strong> Per tutto il mese di luglio e agosto, l\u2019Oh Perbacco Wine di Cencenighe dedica il venerd\u00ec sera agli apericena con abbinamenti gastronomici. Otto venerd\u00ec per otto cantine diverse. Un modo diverso per passare la serata tra un buon vino e del cibo delizioso. Questa settimana tocca all&#8217;aperitivo Friuli. Ma stasera appuntamento speciale con il &#8220;Mercoled\u00ec Italiano&#8221;: Food &amp; Drink con le selezioni musicali di Morgan Deejay.<\/p>\n\n\t\t\t<style type='text\/css'>\n\t\t\t\t#gallery-8 {\n\t\t\t\t\tmargin: auto;\n\t\t\t\t}\n\t\t\t\t#gallery-8 .gallery-item {\n\t\t\t\t\tfloat: left;\n\t\t\t\t\tmargin-top: 10px;\n\t\t\t\t\ttext-align: center;\n\t\t\t\t\twidth: 50%;\n\t\t\t\t}\n\t\t\t\t#gallery-8 img {\n\t\t\t\t\tborder: 2px solid #cfcfcf;\n\t\t\t\t}\n\t\t\t\t#gallery-8 .gallery-caption {\n\t\t\t\t\tmargin-left: 0;\n\t\t\t\t}\n\t\t\t\t\/* see gallery_shortcode() in wp-includes\/media.php *\/\n\t\t\t<\/style>\n\t\t<div id='gallery-8' class='dt-gallery-container gallery galleryid-460561 gallery-columns-2 gallery-size-medium'><dl class='gallery-item'>\n\t\t\t\t<dt class='gallery-icon portrait'>\n\t\t\t\t\t<a class=\"rollover rollover-zoom dt-pswp-item\" title=\"0de520a5-69fc-43ab-a93c-a0b9ed31e3fc\" data-dt-img-description=\"\" data-large_image_width=\"1080\" data-large_image_height=\"1482\"href='https:\/\/www.radiopiu.net\/wordpress\/wp-content\/uploads\/2025\/07\/0de520a5-69fc-43ab-a93c-a0b9ed31e3fc.jpg'><img loading=\"lazy\" decoding=\"async\" width=\"219\" height=\"300\" src=\"https:\/\/www.radiopiu.net\/wordpress\/wp-content\/uploads\/2025\/07\/0de520a5-69fc-43ab-a93c-a0b9ed31e3fc-219x300.jpg\" class=\"attachment-medium size-medium\" alt=\"\" srcset=\"https:\/\/www.radiopiu.net\/wordpress\/wp-content\/uploads\/2025\/07\/0de520a5-69fc-43ab-a93c-a0b9ed31e3fc-219x300.jpg 219w, https:\/\/www.radiopiu.net\/wordpress\/wp-content\/uploads\/2025\/07\/0de520a5-69fc-43ab-a93c-a0b9ed31e3fc-746x1024.jpg 746w, https:\/\/www.radiopiu.net\/wordpress\/wp-content\/uploads\/2025\/07\/0de520a5-69fc-43ab-a93c-a0b9ed31e3fc-768x1054.jpg 768w, https:\/\/www.radiopiu.net\/wordpress\/wp-content\/uploads\/2025\/07\/0de520a5-69fc-43ab-a93c-a0b9ed31e3fc.jpg 1080w\" sizes=\"auto, (max-width: 219px) 100vw, 219px\" \/><\/a>\n\t\t\t\t<\/dt><\/dl><dl class='gallery-item'>\n\t\t\t\t<dt class='gallery-icon portrait'>\n\t\t\t\t\t<a class=\"rollover rollover-zoom dt-pswp-item\" title=\"e1eb5fe4-a6df-4228-a48c-3bdb57291cd8\" data-dt-img-description=\"\" data-large_image_width=\"899\" data-large_image_height=\"1599\"href='https:\/\/www.radiopiu.net\/wordpress\/wp-content\/uploads\/2025\/07\/e1eb5fe4-a6df-4228-a48c-3bdb57291cd8.jpg'><img loading=\"lazy\" decoding=\"async\" width=\"169\" height=\"300\" src=\"https:\/\/www.radiopiu.net\/wordpress\/wp-content\/uploads\/2025\/07\/e1eb5fe4-a6df-4228-a48c-3bdb57291cd8-169x300.jpg\" class=\"attachment-medium size-medium\" alt=\"\" srcset=\"https:\/\/www.radiopiu.net\/wordpress\/wp-content\/uploads\/2025\/07\/e1eb5fe4-a6df-4228-a48c-3bdb57291cd8-169x300.jpg 169w, https:\/\/www.radiopiu.net\/wordpress\/wp-content\/uploads\/2025\/07\/e1eb5fe4-a6df-4228-a48c-3bdb57291cd8-576x1024.jpg 576w, https:\/\/www.radiopiu.net\/wordpress\/wp-content\/uploads\/2025\/07\/e1eb5fe4-a6df-4228-a48c-3bdb57291cd8-768x1366.jpg 768w, https:\/\/www.radiopiu.net\/wordpress\/wp-content\/uploads\/2025\/07\/e1eb5fe4-a6df-4228-a48c-3bdb57291cd8-864x1536.jpg 864w, https:\/\/www.radiopiu.net\/wordpress\/wp-content\/uploads\/2025\/07\/e1eb5fe4-a6df-4228-a48c-3bdb57291cd8.jpg 899w\" sizes=\"auto, (max-width: 169px) 100vw, 169px\" \/><\/a>\n\t\t\t\t<\/dt><\/dl><br style=\"clear: both\" \/>\n\t\t\t<\/div>\n\n<p>&nbsp;<\/p>\n<hr \/>\n<p>&nbsp;<\/p>\n<blockquote>\n<h3>LA MONTAGNA NEL CUORE 2025: CULTURA, EMOZIONI E GRANDI OSPITI AD ALLEGHE<\/h3>\n<\/blockquote>\n<p><strong><a class=\"dt-pswp-item\" href=\"https:\/\/www.radiopiu.net\/wordpress\/wp-content\/uploads\/2025\/07\/LoSGHAOSGA-1.jpg\" data-dt-img-description=\"\" data-large_image_width=\"1131\" data-large_image_height=\"997\"><img loading=\"lazy\" decoding=\"async\" class=\" wp-image-458380 alignleft\" src=\"https:\/\/www.radiopiu.net\/wordpress\/wp-content\/uploads\/2025\/07\/LoSGHAOSGA-1-300x264.jpg\" alt=\"\" width=\"182\" height=\"160\" srcset=\"https:\/\/www.radiopiu.net\/wordpress\/wp-content\/uploads\/2025\/07\/LoSGHAOSGA-1-300x264.jpg 300w, https:\/\/www.radiopiu.net\/wordpress\/wp-content\/uploads\/2025\/07\/LoSGHAOSGA-1-1024x903.jpg 1024w, https:\/\/www.radiopiu.net\/wordpress\/wp-content\/uploads\/2025\/07\/LoSGHAOSGA-1-768x677.jpg 768w, https:\/\/www.radiopiu.net\/wordpress\/wp-content\/uploads\/2025\/07\/LoSGHAOSGA-1.jpg 1131w\" sizes=\"auto, (max-width: 182px) 100vw, 182px\" \/><\/a>ALLEGHE <\/strong>L\u2019estate 2025 ad Alleghe si arricchisce con \u201cLa Montagna nel Cuore\u201d, rassegna culturale promossa dal Consorzio Operatori Turistici e dal Comune, in collaborazione con la biblioteca. Sei appuntamenti settimanali, dal 17 luglio al 6 agosto, animeranno la Sala Stoppani con protagonisti d\u2019eccezione. Si parte con Valter Binotto, alpinista e fotografo, per un viaggio tra arte e natura. Seguiranno i giornalisti Lorenzo Cremonesi e Gian Antonio Stella con riflessioni su guerre e vette. Lo scrittore Francesco Vidotto presenter\u00e0 il suo romanzo \u201cOnesto\u201d, mentre l\u2019olimpionica Deborah Compagnoni racconter\u00e0 la sua vita tra le montagne. Igor Koller e Luca Calvi parleranno della leggendaria Via del Pesce sulla Marmolada. Chiuder\u00e0 la rassegna una serata speciale tra musica e disegno con Fabio Vettori e il duo Gabrielli Bernardi, per un originale omaggio a Niccol\u00f2 Paganini. Una celebrazione intensa della montagna tra parole, immagini e suoni.<\/p>\n<p>&nbsp;<\/p>\n<p>&nbsp;<\/p>\n<hr \/>\n<p>&nbsp;<\/p>\n<blockquote>\n<h3>FALCADE OSPITA UNA PERFORMANCE SUL CAMBIAMENTO AMBIENTALE<\/h3>\n<\/blockquote>\n<p><strong><a class=\"dt-pswp-item\" href=\"https:\/\/www.radiopiu.net\/wordpress\/wp-content\/uploads\/2025\/07\/1ce0d1c1-ccbd-4163-8000-bab4346d4f90.jpg\" data-dt-img-description=\"\" data-large_image_width=\"750\" data-large_image_height=\"1062\"><img loading=\"lazy\" decoding=\"async\" class=\" wp-image-459708 alignleft\" src=\"https:\/\/www.radiopiu.net\/wordpress\/wp-content\/uploads\/2025\/07\/1ce0d1c1-ccbd-4163-8000-bab4346d4f90-212x300.jpg\" alt=\"\" width=\"136\" height=\"192\" srcset=\"https:\/\/www.radiopiu.net\/wordpress\/wp-content\/uploads\/2025\/07\/1ce0d1c1-ccbd-4163-8000-bab4346d4f90-212x300.jpg 212w, https:\/\/www.radiopiu.net\/wordpress\/wp-content\/uploads\/2025\/07\/1ce0d1c1-ccbd-4163-8000-bab4346d4f90-723x1024.jpg 723w, https:\/\/www.radiopiu.net\/wordpress\/wp-content\/uploads\/2025\/07\/1ce0d1c1-ccbd-4163-8000-bab4346d4f90.jpg 750w\" sizes=\"auto, (max-width: 136px) 100vw, 136px\" \/><\/a>FALCADE <\/strong>Un appuntamento da non perdere per tutti coloro che hanno a cuore il destino del nostro pianeta. Oggi, alle 20:30, presso la Casa della Giovent\u00f9 della Parrocchia di Caviola, si terr\u00e0 la performance esistenziale \u201cIl Cambiamento Ambientale\u201d, ideata e condotta da Matteo Fratarcangeli. L\u2019evento, organizzato dalla Pro Loco di Caviola in collaborazione con la Parrocchia di Caviola e con il patrocinio del Comune di Falcade, si propone come un momento di riflessione profonda e coinvolgente sul tema dell\u2019ambiente e dei mutamenti climatici che stanno interessando il nostro tempo. Attraverso un linguaggio che unisce arte, parola e introspezione, la performance intende stimolare una presa di coscienza collettiva sulla crisi ambientale in atto, mettendo al centro l\u2019essere umano e la sua responsabilit\u00e0 esistenziale nei confronti della natura. La serata si inserisce nel panorama di eventi estivi proposti nella vallata, con l\u2019obiettivo di coniugare cultura, spiritualit\u00e0 e impegno civile. L\u2019ingresso \u00e8 libero e aperto a tutti.<\/p>\n<p><strong>JESSICA SECCHI, CONSIGLIERE COMUNALE DI FALCADE CON DELEGA AL SOCIALE<\/strong><\/p>\n<audio class=\"wp-audio-shortcode\" id=\"audio-460561-11\" preload=\"none\" style=\"width: 100%;\" controls=\"controls\"><source type=\"audio\/mpeg\" src=\"https:\/\/www.radiopiu.net\/wordpress\/wp-content\/uploads\/2025\/07\/JESSICA-SECCHI.mp3?_=11\" \/><a href=\"https:\/\/www.radiopiu.net\/wordpress\/wp-content\/uploads\/2025\/07\/JESSICA-SECCHI.mp3\">https:\/\/www.radiopiu.net\/wordpress\/wp-content\/uploads\/2025\/07\/JESSICA-SECCHI.mp3<\/a><\/audio>\n<p>&nbsp;<\/p>\n<hr \/>\n<p>&nbsp;<\/p>\n<blockquote>\n<h3>ARTE E MUSICA IN VALLE: SCACCHI E MUSICA VENEZIANA A CHIES D\u2019ALPAGO<\/h3>\n<\/blockquote>\n<p><strong>ALPAGO <\/strong>Il 26 e 27 luglio Chies d\u2019Alpago ospita un evento unico che unisce arte, musica e cultura. Il 26 luglio, alla Sala Polivalente di Lamosano, sar\u00e0 presentato il libro \u201cLa Scacchiera sotto il Calicanto\u201d di Giovanni Lorusso, che racconta il gioco degli scacchi come espressione artistica e culturale. L\u2019incontro sar\u00e0 seguito dall\u2019inaugurazione di una mostra con opere inedite di artisti locali dedicate agli scacchi, tra cui due lavori ispirati a Lamosano. La mostra sar\u00e0 aperta anche il 27 luglio. Il giorno successivo, nella suggestiva cornice della Val Salatis, si terr\u00e0 il concerto del Quartetto Veneto, che proporr\u00e0 musica veneziana e da film in un contesto immersivo a 1420 metri di altitudine. L\u2019evento, promosso dall\u2019associazione Musica &amp; Cultura, celebra anche il ruolo della donna nelle arti. L\u2019ingresso \u00e8 gratuito e per chi ha difficolt\u00e0 sar\u00e0 disponibile una navetta. Un\u2019occasione speciale per vivere l\u2019arte e la musica in una cornice naturale d\u2019eccezione.<\/p>\n\n\t\t\t<style type='text\/css'>\n\t\t\t\t#gallery-9 {\n\t\t\t\t\tmargin: auto;\n\t\t\t\t}\n\t\t\t\t#gallery-9 .gallery-item {\n\t\t\t\t\tfloat: left;\n\t\t\t\t\tmargin-top: 10px;\n\t\t\t\t\ttext-align: center;\n\t\t\t\t\twidth: 50%;\n\t\t\t\t}\n\t\t\t\t#gallery-9 img {\n\t\t\t\t\tborder: 2px solid #cfcfcf;\n\t\t\t\t}\n\t\t\t\t#gallery-9 .gallery-caption {\n\t\t\t\t\tmargin-left: 0;\n\t\t\t\t}\n\t\t\t\t\/* see gallery_shortcode() in wp-includes\/media.php *\/\n\t\t\t<\/style>\n\t\t<div id='gallery-9' class='dt-gallery-container gallery galleryid-460561 gallery-columns-2 gallery-size-thumbnail'><dl class='gallery-item'>\n\t\t\t\t<dt class='gallery-icon portrait'>\n\t\t\t\t\t<a class=\"rollover rollover-zoom dt-pswp-item\" title=\"Quartetto Veneto a Pian de le Stele\" data-dt-img-description=\"\" data-large_image_width=\"1104\" data-large_image_height=\"1562\"href='https:\/\/www.radiopiu.net\/wordpress\/wp-content\/uploads\/2025\/07\/Quartetto-Veneto-a-Pian-de-le-Stele.jpg'><img loading=\"lazy\" decoding=\"async\" width=\"150\" height=\"150\" src=\"https:\/\/www.radiopiu.net\/wordpress\/wp-content\/uploads\/2025\/07\/Quartetto-Veneto-a-Pian-de-le-Stele-150x150.jpg\" class=\"attachment-thumbnail size-thumbnail\" alt=\"\" \/><\/a>\n\t\t\t\t<\/dt><\/dl><dl class='gallery-item'>\n\t\t\t\t<dt class='gallery-icon portrait'>\n\t\t\t\t\t<a class=\"rollover rollover-zoom dt-pswp-item\" title=\"Mostra e libro Scacchiera sotto il calicanto\" data-dt-img-description=\"\" data-large_image_width=\"1767\" data-large_image_height=\"2500\"href='https:\/\/www.radiopiu.net\/wordpress\/wp-content\/uploads\/2025\/07\/Mostra-e-libro-Scacchiera-sotto-il-calicanto.jpg'><img loading=\"lazy\" decoding=\"async\" width=\"150\" height=\"150\" src=\"https:\/\/www.radiopiu.net\/wordpress\/wp-content\/uploads\/2025\/07\/Mostra-e-libro-Scacchiera-sotto-il-calicanto-150x150.jpg\" class=\"attachment-thumbnail size-thumbnail\" alt=\"\" \/><\/a>\n\t\t\t\t<\/dt><\/dl><br style=\"clear: both\" \/>\n\t\t\t<\/div>\n\n<p>&nbsp;<\/p>\n<hr \/>\n<p>&nbsp;<\/p>\n<blockquote>\n<h3><a class=\"dt-pswp-item\" href=\"https:\/\/www.radiopiu.net\/wordpress\/wp-content\/uploads\/2025\/07\/locandina-Paris-scaled.jpg\" data-dt-img-description=\"\" data-large_image_width=\"1810\" data-large_image_height=\"2560\"><img loading=\"lazy\" decoding=\"async\" class=\" wp-image-458646 alignleft\" src=\"https:\/\/www.radiopiu.net\/wordpress\/wp-content\/uploads\/2025\/07\/locandina-Paris-212x300.jpg\" alt=\"\" width=\"151\" height=\"214\" srcset=\"https:\/\/www.radiopiu.net\/wordpress\/wp-content\/uploads\/2025\/07\/locandina-Paris-212x300.jpg 212w, https:\/\/www.radiopiu.net\/wordpress\/wp-content\/uploads\/2025\/07\/locandina-Paris-724x1024.jpg 724w, https:\/\/www.radiopiu.net\/wordpress\/wp-content\/uploads\/2025\/07\/locandina-Paris-768x1086.jpg 768w, https:\/\/www.radiopiu.net\/wordpress\/wp-content\/uploads\/2025\/07\/locandina-Paris-1086x1536.jpg 1086w, https:\/\/www.radiopiu.net\/wordpress\/wp-content\/uploads\/2025\/07\/locandina-Paris-1448x2048.jpg 1448w, https:\/\/www.radiopiu.net\/wordpress\/wp-content\/uploads\/2025\/07\/locandina-Paris-scaled.jpg 1810w\" sizes=\"auto, (max-width: 151px) 100vw, 151px\" \/><\/a>PRESENTAZIONE PROGETTO PATRICOM A VALLADA: TURISMO CULTURALE SOSTENIBILE SUI PASSI DI PARIS BORDON<\/h3>\n<\/blockquote>\n<p><strong>VALLADA <\/strong>Luned\u00ec 29 luglio alle 21, nella chiesa di San Simon di Vallada, si terr\u00e0 l\u2019incontro &#8220;Paris Bordon negli itinerari agordini verso il Tirolo. Per un turismo culturale sostenibile e di comunit\u00e0&#8221;. L\u2019evento segna l\u2019avvio del progetto PATRICOM, sviluppato sotto la supervisione scientifica del prof. Marsel Grosso, e si propone di valorizzare il patrimonio artistico bellunese attraverso una piattaforma online ad accesso libero con contenuti scientifici divulgativi. Il progetto mette al centro un itinerario dedicato alle opere di Paris Bordon conservate in quattro chiese del territorio: San Simon a Vallada, Santi Cornelio e Cipriano a Taibon, Sant&#8217;Aronne a Cusighe e Santa Croce a Pialdier di Trichiana. L&#8217;iniziativa mira a promuovere un modello di turismo lento, consapevole e partecipato, coinvolgendo attivamente le comunit\u00e0 locali. L\u2019incontro a Vallada rappresenta il primo di una serie di appuntamenti previsti.<\/p>\n<p>&nbsp;<\/p>\n<p>&nbsp;<\/p>\n<p>&nbsp;<\/p>\n<p>&nbsp;<\/p>\n<p><a class=\"dt-pswp-item\" href=\"https:\/\/www.radiopiu.net\/wordpress\/wp-content\/uploads\/2025\/07\/Screenshot-2025-07-17-045737-4.png\" data-dt-img-description=\"\" data-large_image_width=\"307\" data-large_image_height=\"10\"><img loading=\"lazy\" decoding=\"async\" class=\"alignnone size-medium wp-image-460130\" src=\"https:\/\/www.radiopiu.net\/wordpress\/wp-content\/uploads\/2025\/07\/Screenshot-2025-07-17-045737-4-300x10.png\" alt=\"\" width=\"300\" height=\"10\" srcset=\"https:\/\/www.radiopiu.net\/wordpress\/wp-content\/uploads\/2025\/07\/Screenshot-2025-07-17-045737-4-300x10.png 300w, https:\/\/www.radiopiu.net\/wordpress\/wp-content\/uploads\/2025\/07\/Screenshot-2025-07-17-045737-4.png 307w\" sizes=\"auto, (max-width: 300px) 100vw, 300px\" \/><\/a><\/p>\n<hr \/>\n<p>&nbsp;<\/p>\n<blockquote>\n<h3>UN&#8217;ESTATE DI EVENTI CON L&#8217;ASSOCIAZIONE BORGO SOTTOGUDA<\/h3>\n<\/blockquote>\n<p><strong>ROCCA PIETORE <\/strong>Cultura, musica, spettacoli e natura si incontrano nello straordinario scenario di Rocca Pietore e delle Dolomiti. Segui l\u2019Associazione su Instagram e Facebook per non perdere neanche un appuntamento! Tra gli eventi in programma, sabato 26 luglio alle ore 21, il Teatro Tenda di Bosco Verde ospita <em data-start=\"392\" data-end=\"453\">\u201cLucio Dalla e Lucio Battisti\u2026 per la prima volta insieme!\u201d<\/em>: un concerto emozionante tra note e ricordi con Michele Fenati alla voce, accompagnato da Vittorio Veroli (violino), Fabrizio Tarroni (chitarra) e Gabriele Felici (violoncello). Ingresso libero con offerta consapevole. Venerd\u00ec 1\u00b0 agosto, sempre al Teatro Tenda alle 20.45, arrivano \u201cLe mirabolanti avventure di Roald Dahl\u201d con Carlo Corsini e Simone Carnielli. Uno spettacolo per grandi e piccoli, ricco di magia e fantasia, tratto dalle celebri opere dello scrittore inglese. Anche questo evento \u00e8 a ingresso con offerta consapevole. Un\u2019estate da vivere tra emozioni, storie e paesaggi indimenticabili, grazie all\u2019impegno dell\u2019Associazione Borgo Sottoguda \u2013 Qualit\u00e0 e Territorio.<\/p>\n\n\t\t\t<style type='text\/css'>\n\t\t\t\t#gallery-10 {\n\t\t\t\t\tmargin: auto;\n\t\t\t\t}\n\t\t\t\t#gallery-10 .gallery-item {\n\t\t\t\t\tfloat: left;\n\t\t\t\t\tmargin-top: 10px;\n\t\t\t\t\ttext-align: center;\n\t\t\t\t\twidth: 33%;\n\t\t\t\t}\n\t\t\t\t#gallery-10 img {\n\t\t\t\t\tborder: 2px solid #cfcfcf;\n\t\t\t\t}\n\t\t\t\t#gallery-10 .gallery-caption {\n\t\t\t\t\tmargin-left: 0;\n\t\t\t\t}\n\t\t\t\t\/* see gallery_shortcode() in wp-includes\/media.php *\/\n\t\t\t<\/style>\n\t\t<div id='gallery-10' class='dt-gallery-container gallery galleryid-460561 gallery-columns-3 gallery-size-medium'><dl class='gallery-item'>\n\t\t\t\t<dt class='gallery-icon portrait'>\n\t\t\t\t\t<a class=\"rollover rollover-zoom dt-pswp-item\" title=\"4651f578-507e-465d-9233-15b857674fc4\" data-dt-img-description=\"\" data-large_image_width=\"1061\" data-large_image_height=\"1500\"href='https:\/\/www.radiopiu.net\/wordpress\/wp-content\/uploads\/2025\/07\/4651f578-507e-465d-9233-15b857674fc4.jpg'><img loading=\"lazy\" decoding=\"async\" width=\"212\" height=\"300\" src=\"https:\/\/www.radiopiu.net\/wordpress\/wp-content\/uploads\/2025\/07\/4651f578-507e-465d-9233-15b857674fc4-212x300.jpg\" class=\"attachment-medium size-medium\" alt=\"\" srcset=\"https:\/\/www.radiopiu.net\/wordpress\/wp-content\/uploads\/2025\/07\/4651f578-507e-465d-9233-15b857674fc4-212x300.jpg 212w, https:\/\/www.radiopiu.net\/wordpress\/wp-content\/uploads\/2025\/07\/4651f578-507e-465d-9233-15b857674fc4-724x1024.jpg 724w, https:\/\/www.radiopiu.net\/wordpress\/wp-content\/uploads\/2025\/07\/4651f578-507e-465d-9233-15b857674fc4-768x1086.jpg 768w, https:\/\/www.radiopiu.net\/wordpress\/wp-content\/uploads\/2025\/07\/4651f578-507e-465d-9233-15b857674fc4.jpg 1061w\" sizes=\"auto, (max-width: 212px) 100vw, 212px\" \/><\/a>\n\t\t\t\t<\/dt><\/dl><dl class='gallery-item'>\n\t\t\t\t<dt class='gallery-icon portrait'>\n\t\t\t\t\t<a class=\"rollover rollover-zoom dt-pswp-item\" title=\"a757e121-3336-49c7-8db0-188d7a1c2f55\" data-dt-img-description=\"\" data-large_image_width=\"1138\" data-large_image_height=\"1600\"href='https:\/\/www.radiopiu.net\/wordpress\/wp-content\/uploads\/2025\/07\/a757e121-3336-49c7-8db0-188d7a1c2f55.jpg'><img loading=\"lazy\" decoding=\"async\" width=\"213\" height=\"300\" src=\"https:\/\/www.radiopiu.net\/wordpress\/wp-content\/uploads\/2025\/07\/a757e121-3336-49c7-8db0-188d7a1c2f55-213x300.jpg\" class=\"attachment-medium size-medium\" alt=\"\" srcset=\"https:\/\/www.radiopiu.net\/wordpress\/wp-content\/uploads\/2025\/07\/a757e121-3336-49c7-8db0-188d7a1c2f55-213x300.jpg 213w, https:\/\/www.radiopiu.net\/wordpress\/wp-content\/uploads\/2025\/07\/a757e121-3336-49c7-8db0-188d7a1c2f55-728x1024.jpg 728w, https:\/\/www.radiopiu.net\/wordpress\/wp-content\/uploads\/2025\/07\/a757e121-3336-49c7-8db0-188d7a1c2f55-768x1080.jpg 768w, https:\/\/www.radiopiu.net\/wordpress\/wp-content\/uploads\/2025\/07\/a757e121-3336-49c7-8db0-188d7a1c2f55-1092x1536.jpg 1092w, https:\/\/www.radiopiu.net\/wordpress\/wp-content\/uploads\/2025\/07\/a757e121-3336-49c7-8db0-188d7a1c2f55.jpg 1138w\" sizes=\"auto, (max-width: 213px) 100vw, 213px\" \/><\/a>\n\t\t\t\t<\/dt><\/dl><dl class='gallery-item'>\n\t\t\t\t<dt class='gallery-icon portrait'>\n\t\t\t\t\t<a class=\"rollover rollover-zoom dt-pswp-item\" title=\"9f9ca95d-04e3-4709-bc79-9e0aa5324ef1\" data-dt-img-description=\"\" data-large_image_width=\"1131\" data-large_image_height=\"1600\"href='https:\/\/www.radiopiu.net\/wordpress\/wp-content\/uploads\/2025\/07\/9f9ca95d-04e3-4709-bc79-9e0aa5324ef1.jpg'><img loading=\"lazy\" decoding=\"async\" width=\"212\" height=\"300\" src=\"https:\/\/www.radiopiu.net\/wordpress\/wp-content\/uploads\/2025\/07\/9f9ca95d-04e3-4709-bc79-9e0aa5324ef1-212x300.jpg\" class=\"attachment-medium size-medium\" alt=\"\" srcset=\"https:\/\/www.radiopiu.net\/wordpress\/wp-content\/uploads\/2025\/07\/9f9ca95d-04e3-4709-bc79-9e0aa5324ef1-212x300.jpg 212w, https:\/\/www.radiopiu.net\/wordpress\/wp-content\/uploads\/2025\/07\/9f9ca95d-04e3-4709-bc79-9e0aa5324ef1-724x1024.jpg 724w, https:\/\/www.radiopiu.net\/wordpress\/wp-content\/uploads\/2025\/07\/9f9ca95d-04e3-4709-bc79-9e0aa5324ef1-768x1086.jpg 768w, https:\/\/www.radiopiu.net\/wordpress\/wp-content\/uploads\/2025\/07\/9f9ca95d-04e3-4709-bc79-9e0aa5324ef1-1086x1536.jpg 1086w, https:\/\/www.radiopiu.net\/wordpress\/wp-content\/uploads\/2025\/07\/9f9ca95d-04e3-4709-bc79-9e0aa5324ef1.jpg 1131w\" sizes=\"auto, (max-width: 212px) 100vw, 212px\" \/><\/a>\n\t\t\t\t<\/dt><\/dl><br style=\"clear: both\" \/>\n\t\t\t<\/div>\n\n<p>&nbsp;<\/p>\n<hr \/>\n<p>&nbsp;<\/p>\n<blockquote>\n<h3>LUCIO DALLA E LUCIO BATTISTI&#8230;A BOSCO VERDE DI ROCCA PIETORE<\/h3>\n<\/blockquote>\n<p><strong>ROCCA PIETORE\u00a0 <\/strong>Michele e la band sono prontissimi. E voi, avete gi\u00e0 ripassato le canzoni? Sabato alle 21, tutti al Teatrotenda a Bosco Verde di Rocca Pietore per un viaggio musicale unico nel suo genere: <strong data-start=\"289\" data-end=\"345\" data-is-only-node=\"\">&#8220;LUCIO, Dalla e Battisti per la prima volta insieme&#8221;<\/strong>. Un concerto emozionante, dedicato a due icone della musica italiana, per cantare e rivivere insieme i loro pi\u00f9 grandi successi.<\/p>\n<p><strong>L&#8217;INVITO DALLA PAGINA FACEBOOK DELL&#8217;ASSOCIAZIONE BORGO DI SOTTOGUDA<\/strong><\/p>\n<p><iframe loading=\"lazy\" style=\"border: none; overflow: hidden;\" src=\"https:\/\/www.facebook.com\/plugins\/video.php?height=316&amp;href=https%3A%2F%2Fwww.facebook.com%2Freel%2F2223068034811060%2F&amp;show_text=false&amp;width=560&amp;t=0\" width=\"560\" height=\"316\" frameborder=\"0\" scrolling=\"no\" allowfullscreen=\"allowfullscreen\" data-mce-fragment=\"1\"><\/iframe><\/p>\n<p>&nbsp;<\/p>\n<p>&nbsp;<\/p>\n<hr \/>\n<p>&nbsp;<\/p>\n<blockquote>\n<h3>IL CINEMA SOTTO LE STELLE TORNA AD AGORDO<\/h3>\n<\/blockquote>\n<p><strong><a class=\"dt-pswp-item\" href=\"https:\/\/www.radiopiu.net\/wordpress\/wp-content\/uploads\/2025\/07\/CINEMA-IN-CONTRADA.jpg\" data-dt-img-description=\"\" data-large_image_width=\"589\" data-large_image_height=\"403\"><img loading=\"lazy\" decoding=\"async\" class=\" wp-image-459052 alignleft\" src=\"https:\/\/www.radiopiu.net\/wordpress\/wp-content\/uploads\/2025\/07\/CINEMA-IN-CONTRADA-300x205.jpg\" alt=\"\" width=\"206\" height=\"141\" srcset=\"https:\/\/www.radiopiu.net\/wordpress\/wp-content\/uploads\/2025\/07\/CINEMA-IN-CONTRADA-300x205.jpg 300w, https:\/\/www.radiopiu.net\/wordpress\/wp-content\/uploads\/2025\/07\/CINEMA-IN-CONTRADA.jpg 589w\" sizes=\"auto, (max-width: 206px) 100vw, 206px\" \/><\/a>AGORDO<\/strong> Torna ad Agordo la rassegna \u201cCinema sotto le stelle delle Dolomiti\u201d, giunta alla sua quinta edizione. L\u2019iniziativa, organizzata dal Comune e dalla Pro Loco di Agordo, animer\u00e0 anche quest\u2019estate la Contrada dei Signori con tre serate dedicate al grande cinema, dal 31 luglio al 6 agosto. Il programma propone film per tutte le et\u00e0, capaci di emozionare e stimolare la riflessione. Si parte con <em data-start=\"469\" data-end=\"482\">Jojo Rabbit<\/em>, ironico e profondo racconto sull\u2019odio e la tolleranza. Segue <em data-start=\"545\" data-end=\"557\">La La Land<\/em>, musical che celebra sogni e passioni. La rassegna si chiude con <em data-start=\"623\" data-end=\"658\">Mio fratello rincorre i dinosauri<\/em>, toccante storia sulla disabilit\u00e0 e i legami familiari. In quest\u2019ultima serata interverranno la famiglia Mazzariol e la cooperativa Societ\u00e0 Nuova. Le proiezioni sono gratuite (posti limitati) e iniziano alle 21.00, tranne il 6 agosto (alle 20.15). Prenotazioni su Eventbrite o presso l\u2019Ufficio Turistico di Agordo.<\/p>\n<p><strong>DI GIANNI SANTOMASO<\/strong><\/p>\n<audio class=\"wp-audio-shortcode\" id=\"audio-460561-12\" preload=\"none\" style=\"width: 100%;\" controls=\"controls\"><source type=\"audio\/mpeg\" src=\"https:\/\/www.radiopiu.net\/wordpress\/wp-content\/uploads\/2025\/07\/GIANNI-TORNA-IL-CINEMA-ALLAPERTO-AD-AGORDO.mp3?_=12\" \/><a href=\"https:\/\/www.radiopiu.net\/wordpress\/wp-content\/uploads\/2025\/07\/GIANNI-TORNA-IL-CINEMA-ALLAPERTO-AD-AGORDO.mp3\">https:\/\/www.radiopiu.net\/wordpress\/wp-content\/uploads\/2025\/07\/GIANNI-TORNA-IL-CINEMA-ALLAPERTO-AD-AGORDO.mp3<\/a><\/audio>\n<p>&nbsp;<\/p>\n<p>&nbsp;<\/p>\n<hr \/>\n<p>&nbsp;<\/p>\n<blockquote>\n<h3>GOSALDO CELEBRA L\u2019ARTE E LA MEMORIA: INCONTRO SU AUGUSTO MURER IL 26 LUGLIO<\/h3>\n<\/blockquote>\n<p><strong><a class=\"dt-pswp-item\" href=\"https:\/\/www.radiopiu.net\/wordpress\/wp-content\/uploads\/2025\/07\/1c039005-af3b-4b37-8be3-f3ba13b5eabb.jpg\" data-dt-img-description=\"\" data-large_image_width=\"1141\" data-large_image_height=\"1628\"><img loading=\"lazy\" decoding=\"async\" class=\" wp-image-459724 alignleft\" src=\"https:\/\/www.radiopiu.net\/wordpress\/wp-content\/uploads\/2025\/07\/1c039005-af3b-4b37-8be3-f3ba13b5eabb-210x300.jpg\" alt=\"\" width=\"120\" height=\"171\" srcset=\"https:\/\/www.radiopiu.net\/wordpress\/wp-content\/uploads\/2025\/07\/1c039005-af3b-4b37-8be3-f3ba13b5eabb-210x300.jpg 210w, https:\/\/www.radiopiu.net\/wordpress\/wp-content\/uploads\/2025\/07\/1c039005-af3b-4b37-8be3-f3ba13b5eabb-718x1024.jpg 718w, https:\/\/www.radiopiu.net\/wordpress\/wp-content\/uploads\/2025\/07\/1c039005-af3b-4b37-8be3-f3ba13b5eabb-768x1096.jpg 768w, https:\/\/www.radiopiu.net\/wordpress\/wp-content\/uploads\/2025\/07\/1c039005-af3b-4b37-8be3-f3ba13b5eabb-1077x1536.jpg 1077w, https:\/\/www.radiopiu.net\/wordpress\/wp-content\/uploads\/2025\/07\/1c039005-af3b-4b37-8be3-f3ba13b5eabb.jpg 1141w\" sizes=\"auto, (max-width: 120px) 100vw, 120px\" \/><\/a>GOSALDO <\/strong>L\u2019Associazione Amici della Biblioteca di Gosaldo propone un nuovo appuntamento culturale dedicato all\u2019arte, alla memoria e all\u2019identit\u00e0 veneta. Sabato\u00a0 26 luglio, alle 17, nella sala Croda Granda (presso le ex scuole medie), si terr\u00e0 una presentazione speciale su Augusto Murer e sulla sua opera \u201cMonumento alla partigiana veneta\u201d, uno dei simboli pi\u00f9 potenti della Resistenza e della scultura italiana del secondo Novecento, collocato a Venezia. L\u2019incontro, organizzato con il patrocinio dell\u2019Associazione Erma \u2013 Museo Augusto Murer, vuole essere un\u2019occasione per riscoprire il valore storico, artistico e civile di un\u2019opera che continua a parlare al presente. Attraverso immagini, testimonianze e approfondimenti, si ripercorrer\u00e0 la figura del maestro Murer e il significato profondo della sua arte. L\u2019iniziativa si inserisce in un anno particolarmente attivo per gli Amici della Biblioteca, che hanno recentemente avviato un percorso di rinnovamento dei locali, attivazione di nuovi servizi e proposte culturali inedite, con l\u2019obiettivo di valorizzare il patrimonio della biblioteca, promuovere la lettura e creare momenti di incontro per la comunit\u00e0.<\/p>\n<p>&nbsp;<\/p>\n<p>&nbsp;<\/p>\n<hr \/>\n<p>&nbsp;<\/p>\n<blockquote>\n<h3>CULTURA E AVVENTURA A SOSPIROLO: TRE SERATE TRA MONTAGNA, BICI E TEATRO<\/h3>\n<\/blockquote>\n<p><strong><a class=\"dt-pswp-item\" href=\"https:\/\/www.radiopiu.net\/wordpress\/wp-content\/uploads\/2025\/07\/LHSDGOH.jpg\" data-dt-img-description=\"\" data-large_image_width=\"1190\" data-large_image_height=\"466\"><img loading=\"lazy\" decoding=\"async\" class=\" wp-image-460508 alignleft\" src=\"https:\/\/www.radiopiu.net\/wordpress\/wp-content\/uploads\/2025\/07\/LHSDGOH-300x117.jpg\" alt=\"\" width=\"251\" height=\"98\" srcset=\"https:\/\/www.radiopiu.net\/wordpress\/wp-content\/uploads\/2025\/07\/LHSDGOH-300x117.jpg 300w, https:\/\/www.radiopiu.net\/wordpress\/wp-content\/uploads\/2025\/07\/LHSDGOH-1024x401.jpg 1024w, https:\/\/www.radiopiu.net\/wordpress\/wp-content\/uploads\/2025\/07\/LHSDGOH-768x301.jpg 768w, https:\/\/www.radiopiu.net\/wordpress\/wp-content\/uploads\/2025\/07\/LHSDGOH.jpg 1190w\" sizes=\"auto, (max-width: 251px) 100vw, 251px\" \/><\/a>SOSPIROLO <\/strong>Dal 28 al 31 luglio 2025, il Centro ricreativo \u201cPr\u00e0 de la Melia\u201d ospita tre serate del ciclo \u201cCultura e Avventura\u201d, preludio alla Festa Campestre. Si inizia luned\u00ec 28 con la 9\u00aa edizione di <em>Oltre i Feruch<\/em>: otto cortometraggi su canyon, alpinismo, leggende e ricordi di montagna, con assegnazione del premio &#8220;Feruch de Ruden&#8221;. Mercoled\u00ec 30, l\u2019Associazione Veses APS presenta il libro <em>Pedalare in Valbelluna<\/em>, 40 itinerari per scoprire il territorio su due ruote. Gioved\u00ec 31, i <em>Fuori di Quinta<\/em> portano in scena <em>Trama allo specchio<\/em>, commedia ironica su verit\u00e0 e apparenza. Ingresso libero a tutte le serate.<\/p>\n<p>&nbsp;<\/p>\n<p>&nbsp;<\/p>\n<hr \/>\n<p>&nbsp;<\/p>\n<blockquote>\n<h3>ESTATE SUL COLLE: DIVERTIMENTO, NATURA E RELAX A DUE PASSI DA BELLUNO<\/h3>\n<\/blockquote>\n<p><strong>BELLUNO <\/strong>Per offrire un&#8217;alternativa al caldo cittadino e alle affollate mete turistiche, l\u2019Associazione \u201cAmici del Neveg\u00e0l APS\u201d propone un ricco calendario di eventi estivi sul Neveg\u00e0l, a pochi minuti da Belluno. Il programma include attivit\u00e0 per bambini, passeggiate nella natura, concerti, giochi e momenti di socialit\u00e0. Si parte domenica 27 luglio con la \u201cBicimkana\u201d, percorso su due ruote per piccoli ciclisti, mentre il 2 e 9 agosto spazio alla musica. Il 12 si cammina sul sentiero \u201cCosta dei Pin\u201d, e il 17 ci sar\u00e0 un incontro sulle prospettive del Colle. Chiudono il programma il Torneo di Burraco (31 agosto) e una camminata guidata il 7 settembre. Tutti gli eventi sono patrocinati dal Comune di Belluno.<\/p>\n\n\t\t\t<style type='text\/css'>\n\t\t\t\t#gallery-11 {\n\t\t\t\t\tmargin: auto;\n\t\t\t\t}\n\t\t\t\t#gallery-11 .gallery-item {\n\t\t\t\t\tfloat: left;\n\t\t\t\t\tmargin-top: 10px;\n\t\t\t\t\ttext-align: center;\n\t\t\t\t\twidth: 50%;\n\t\t\t\t}\n\t\t\t\t#gallery-11 img {\n\t\t\t\t\tborder: 2px solid #cfcfcf;\n\t\t\t\t}\n\t\t\t\t#gallery-11 .gallery-caption {\n\t\t\t\t\tmargin-left: 0;\n\t\t\t\t}\n\t\t\t\t\/* see gallery_shortcode() in wp-includes\/media.php *\/\n\t\t\t<\/style>\n\t\t<div id='gallery-11' class='dt-gallery-container gallery galleryid-460561 gallery-columns-2 gallery-size-thumbnail'><dl class='gallery-item'>\n\t\t\t\t<dt class='gallery-icon portrait'>\n\t\t\t\t\t<a class=\"rollover rollover-zoom dt-pswp-item\" title=\"NEVEGAL 1\" data-dt-img-description=\"\" data-large_image_width=\"673\" data-large_image_height=\"953\"href='https:\/\/www.radiopiu.net\/wordpress\/wp-content\/uploads\/2025\/07\/NEVEGAL-1.jpg'><img loading=\"lazy\" decoding=\"async\" width=\"150\" height=\"150\" src=\"https:\/\/www.radiopiu.net\/wordpress\/wp-content\/uploads\/2025\/07\/NEVEGAL-1-150x150.jpg\" class=\"attachment-thumbnail size-thumbnail\" alt=\"\" \/><\/a>\n\t\t\t\t<\/dt><\/dl><dl class='gallery-item'>\n\t\t\t\t<dt class='gallery-icon portrait'>\n\t\t\t\t\t<a class=\"rollover rollover-zoom dt-pswp-item\" title=\"NEVEGAL 2\" data-dt-img-description=\"\" data-large_image_width=\"675\" data-large_image_height=\"954\"href='https:\/\/www.radiopiu.net\/wordpress\/wp-content\/uploads\/2025\/07\/NEVEGAL-2.jpg'><img loading=\"lazy\" decoding=\"async\" width=\"150\" height=\"150\" src=\"https:\/\/www.radiopiu.net\/wordpress\/wp-content\/uploads\/2025\/07\/NEVEGAL-2-150x150.jpg\" class=\"attachment-thumbnail size-thumbnail\" alt=\"\" \/><\/a>\n\t\t\t\t<\/dt><\/dl><br style=\"clear: both\" \/>\n\t\t\t<\/div>\n\n<p>&nbsp;<\/p>\n<p>&nbsp;<\/p>\n<hr \/>\n<p>&nbsp;<\/p>\n<blockquote>\n<h3>FESTA DEI BELLUNESI NEL MONDO A LIMANA: UN OMAGGIO A RENATO DE FANTI<\/h3>\n<\/blockquote>\n<p><strong><a class=\"dt-pswp-item\" href=\"https:\/\/www.radiopiu.net\/wordpress\/wp-content\/uploads\/2025\/07\/LKDoHASIoHGQOP.jpg\" data-dt-img-description=\"\" data-large_image_width=\"1647\" data-large_image_height=\"1396\"><img loading=\"lazy\" decoding=\"async\" class=\" wp-image-460536 alignleft\" src=\"https:\/\/www.radiopiu.net\/wordpress\/wp-content\/uploads\/2025\/07\/LKDoHASIoHGQOP-300x254.jpg\" alt=\"\" width=\"119\" height=\"101\" srcset=\"https:\/\/www.radiopiu.net\/wordpress\/wp-content\/uploads\/2025\/07\/LKDoHASIoHGQOP-300x254.jpg 300w, https:\/\/www.radiopiu.net\/wordpress\/wp-content\/uploads\/2025\/07\/LKDoHASIoHGQOP-1024x868.jpg 1024w, https:\/\/www.radiopiu.net\/wordpress\/wp-content\/uploads\/2025\/07\/LKDoHASIoHGQOP-768x651.jpg 768w, https:\/\/www.radiopiu.net\/wordpress\/wp-content\/uploads\/2025\/07\/LKDoHASIoHGQOP-1536x1302.jpg 1536w, https:\/\/www.radiopiu.net\/wordpress\/wp-content\/uploads\/2025\/07\/LKDoHASIoHGQOP.jpg 1647w\" sizes=\"auto, (max-width: 119px) 100vw, 119px\" \/><\/a>LIMANA <\/strong>Domenica 3 agosto 2025 Limana ospiter\u00e0 la Festa dei Bellunesi nel Mondo, dedicata a Renato De Fanti, simbolo del legame con la comunit\u00e0. La giornata inizier\u00e0 alle 9.30 con il corteo, seguito dalla Santa Messa alle 10.30 e dall\u2019intitolazione di una sala a De Fanti presso il Municipio. Il pranzo conviviale con piatti tipici si terr\u00e0 alle 13.00 presso l\u2019area Pro Loco, con spettacolo di nativi americani alle 14.00 e visita guidata a Giaon alle 15.00. L\u2019evento \u00e8 organizzato con il Comune e la Pro Loco di Limana. Prenotazione obbligatoria entro il 28 luglio. Una giornata per celebrare identit\u00e0, memoria e spirito comunitario.<\/p>\n<p>&nbsp;<\/p>\n<p>&nbsp;<\/p>\n<hr \/>\n<p>&nbsp;<\/p>\n<h2><span style=\"color: #ff0000;\"><strong>L&#8217;OPINIONE DI FRANCO PIACENTINI<\/strong><\/span><\/h2>\n<p><a class=\"dt-pswp-item\" href=\"https:\/\/www.radiopiu.net\/wordpress\/wp-content\/uploads\/2024\/01\/ANZIANI.jpg\" data-dt-img-description=\"\" data-large_image_width=\"1280\" data-large_image_height=\"853\"><img loading=\"lazy\" decoding=\"async\" class=\" wp-image-371639 alignleft\" src=\"https:\/\/www.radiopiu.net\/wordpress\/wp-content\/uploads\/2024\/01\/ANZIANI-300x200.jpg\" alt=\"\" width=\"197\" height=\"131\" srcset=\"https:\/\/www.radiopiu.net\/wordpress\/wp-content\/uploads\/2024\/01\/ANZIANI-300x200.jpg 300w, https:\/\/www.radiopiu.net\/wordpress\/wp-content\/uploads\/2024\/01\/ANZIANI-1024x682.jpg 1024w, https:\/\/www.radiopiu.net\/wordpress\/wp-content\/uploads\/2024\/01\/ANZIANI-768x512.jpg 768w, https:\/\/www.radiopiu.net\/wordpress\/wp-content\/uploads\/2024\/01\/ANZIANI.jpg 1280w\" sizes=\"auto, (max-width: 197px) 100vw, 197px\" \/><\/a>Tre straordinarie donne (Tina Anselmi \u2013 Rosi Bindi \u2013 Livia Turco) con le loro grandi riforme, avevano collocato il nostro Paese ad alti livelli qualitativi in Italia e a livello internazionale, sui diritti costituzionali alla base delle prestazioni sanitarie e dei servizi sociali. Purtroppo, molti obiettivi di quelle importanti riforme, a tutt\u2019oggi, continuano a rimanere belle parole scritte sulla carta. Le responsabilit\u00e0 sulle mancate complete applicazioni di tutte le riforme sociali e sanitarie in Italia, senza ombra di dubbio, vanno addebitate, non solo al nostro fragile sistema politico-governativo-amministrativo, ma anche alle continue polemiche contrapposizioni tra i partiti, che utilizzando strumentalmente lo scontro di piazza e sui mass-media, per reciprocamente scagliarsi, colpe e responsabilit\u00e0 sui disservizi. Disservizi che colpiscono soprattutto le persone povere e pi\u00f9 fragili, costrette a non curarsi adeguatamente, se malate, e costrette all\u2019emarginazione, se non autosufficienti. Al di l\u00e0 di questi strumentali litigi politici, realisticamente, coloro che hanno avuto e che oggi hanno responsabilit\u00e0 di governo (nazionale e regionale) dovrebbero, devono, prendere atto, che le riforme socioassistenziali e sociosanitarie non hanno mai avuto, alla loro base applicativa, adeguati ed esigibili finanziamenti: \u201cse sul piatto non si mettono i soldi, poveri e fragili non mangiano\u201d, non si curano e non ricevono assistenza. In un Paese, come il nostro, con lo spaventoso debito pubblico, il 137% del PIL, e con la inaccettabile annuale evasione fiscale di cento miliardi di euro, non \u00e8 certamente semplice garantire ai cittadini (agli onesti contribuenti) i diritti costituzionali sul diritto ad una efficiente sanit\u00e0 pubblica e sul diritto ad una adeguata assistenza, senza le onerose, obbligatorie, compartecipazioni economiche. Viene immediata la domanda: \u201csi pu\u00f2 uscire da questo tunnel, oggi senza uscita, che di fatto sta mortificando la Carta Costituzionale?\u201d Personalmente penso di s\u00ec! alla condizione vincolante che tutti gli interessati (Governo \u2013 Parlamento \u2013 Regioni \u2013 Enti Locali \u2013 Rappresentati delle Forze Politiche di maggioranza e opposizione \u2013 Fondazioni Bancarie \u2013 Terzo Settore \u2013 Volontariato \u2013 Confederazioni Sindacali CGIL CISL UIL \u2013 Associazioni Economiche e Imprenditoriali) entrino a far parte, costruttivamente, del \u201cTavolo Permanente della Concertazione Sociale per il Welfare Generativo\u201d. Questa (personale) proposta, frutto delle positive opportunit\u00e0 formative promosse e realizzate dalla Fondazione Emanuela Zancan, potrebbe concretizzarsi se tutti i soggetti citati, riprendendo anche oggi quel metodo, valorizzandolo, del \u201cPatto Ciampi1993\u201d. Se quanto sopra proposto pu\u00f2 suggerire riflessioni sulle cause delle difficolt\u00e0 applicative delle riforme e indicazioni per concertare la soluzione dei problemi, purtroppo va registrato che in alcune realt\u00e0 sociali e in un buon numero di aree geografiche, il peloso assistenzialismo, a volte utilizzato per scopi elettorali e di potere governativo, ha prevalso sulla corretta applicazione dell\u2019articolo 4 comma 2 della Costituzione: \u201c<em>Ogni cittadino ha il dovere di svolgere, secondo le proprie possibilit\u00e0 e la propria scelta, un\u2019attivit\u00e0 o una funzione che concorra al progresso materiale o spirituale<\/em> <em>della societ\u00e0<\/em>\u201d. \u00a0Aggiungo, che sui \u201cdiritti e doveri costituzionali del cittadino\u201d, coloro che hanno compiti elettivi parlamentari e doveri amministrativi di governo, valorizzando la sussidiariet\u00e0 del Volontariato, quando \u00e8 lo Stato (casse pubbliche) chiamato a pagare, devono obbligatoriamente vincolare le prestazioni economiche socioassistenziali ai \u201clavori socialmente utili\u201d. Inoltre, per sconfiggere l\u2019isolamento e l\u2019abbandono delle persone anziane, vanno programmati e finanziati percorsi di \u201cinvecchiamento attivo\u201d, non dimenticando i portatori d\u2019handicap, ai quali vanno riconosciuti i diritti costituzionali, tra questi anche il diritto al lavoro. Ovviamente diritto all\u2019occupazione lavorative anche per i disoccupati. Questa opinione potrebbe configurarsi in un percorso attuativo del Welfare Generativo, nel contesto di Federalismo Solidale e non nella rottura del Paese con l\u2019Autonomia Differenziata.<\/p>\n<p>Franco Piacentini<\/p>\n<p>&nbsp;<\/p>\n<p>&nbsp;<\/p>\n<hr \/>\n<p>&nbsp;<\/p>\n<h1><span style=\"color: #ff6600;\">IERI ALLA RADIO<\/span><\/h1>\n<h2><span style=\"color: #ff00ff;\">OGGI COME IERI, TERZO ANNO. CON SILVIA BALDO<\/span><\/h2>\n<p><strong><a class=\"dt-pswp-item\" href=\"https:\/\/www.radiopiu.net\/wordpress\/wp-content\/uploads\/2025\/07\/ferruccio-amendola.jpg\" data-dt-img-description=\"\" data-large_image_width=\"1200\" data-large_image_height=\"997\"><img loading=\"lazy\" decoding=\"async\" class=\" wp-image-460686 alignleft\" src=\"https:\/\/www.radiopiu.net\/wordpress\/wp-content\/uploads\/2025\/07\/ferruccio-amendola-300x249.jpg\" alt=\"\" width=\"158\" height=\"131\" srcset=\"https:\/\/www.radiopiu.net\/wordpress\/wp-content\/uploads\/2025\/07\/ferruccio-amendola-300x249.jpg 300w, https:\/\/www.radiopiu.net\/wordpress\/wp-content\/uploads\/2025\/07\/ferruccio-amendola-1024x851.jpg 1024w, https:\/\/www.radiopiu.net\/wordpress\/wp-content\/uploads\/2025\/07\/ferruccio-amendola-768x638.jpg 768w, https:\/\/www.radiopiu.net\/wordpress\/wp-content\/uploads\/2025\/07\/ferruccio-amendola.jpg 1200w\" sizes=\"auto, (max-width: 158px) 100vw, 158px\" \/><\/a>22 LUGLIO 2025 FERRUCCIO AMENDOLA<\/strong><\/p>\n<audio class=\"wp-audio-shortcode\" id=\"audio-460561-13\" preload=\"none\" style=\"width: 100%;\" controls=\"controls\"><source type=\"audio\/mpeg\" src=\"https:\/\/www.radiopiu.net\/wordpress\/wp-content\/uploads\/2025\/07\/SIBI2-2.mp3?_=13\" \/><a href=\"https:\/\/www.radiopiu.net\/wordpress\/wp-content\/uploads\/2025\/07\/SIBI2-2.mp3\">https:\/\/www.radiopiu.net\/wordpress\/wp-content\/uploads\/2025\/07\/SIBI2-2.mp3<\/a><\/audio>\n<p>&nbsp;<\/p>\n<h2><strong>LA RACCOLTA COMPLETA <a href=\"https:\/\/www.radiopiu.net\/wordpress\/oggi-come-ieri-terzo-anno-con-silvia-baldo\/\">CLICCA QUI<\/a><\/strong><\/h2>\n<p>&nbsp;<\/p>\n<hr \/>\n<p>&nbsp;<\/p>\n<h2><span style=\"color: #00ffff;\">&#8220;DINTORN E FORA VIA&#8221;\u00a0 IL PROGRAMMA\u00a0 A CURA DEL MUSLA<\/span><\/h2>\n<p><strong><a class=\"dt-pswp-item\" href=\"https:\/\/www.radiopiu.net\/wordpress\/wp-content\/uploads\/2023\/10\/GIORNALE-QUOTIDIANO.jpg\" data-dt-img-description=\"\" data-large_image_width=\"1280\" data-large_image_height=\"853\"><img loading=\"lazy\" decoding=\"async\" class=\" wp-image-356264 alignleft\" src=\"https:\/\/www.radiopiu.net\/wordpress\/wp-content\/uploads\/2023\/10\/GIORNALE-QUOTIDIANO-300x200.jpg\" alt=\"\" width=\"153\" height=\"102\" srcset=\"https:\/\/www.radiopiu.net\/wordpress\/wp-content\/uploads\/2023\/10\/GIORNALE-QUOTIDIANO-300x200.jpg 300w, https:\/\/www.radiopiu.net\/wordpress\/wp-content\/uploads\/2023\/10\/GIORNALE-QUOTIDIANO-1024x682.jpg 1024w, https:\/\/www.radiopiu.net\/wordpress\/wp-content\/uploads\/2023\/10\/GIORNALE-QUOTIDIANO-768x512.jpg 768w, https:\/\/www.radiopiu.net\/wordpress\/wp-content\/uploads\/2023\/10\/GIORNALE-QUOTIDIANO.jpg 1280w\" sizes=\"auto, (max-width: 153px) 100vw, 153px\" \/><\/a>PUNTATA DEL 22 LUGLIO 2025 NORMAN CREPAZ<\/strong><\/p>\n<audio class=\"wp-audio-shortcode\" id=\"audio-460561-14\" preload=\"none\" style=\"width: 100%;\" controls=\"controls\"><source type=\"audio\/mpeg\" src=\"https:\/\/www.radiopiu.net\/wordpress\/wp-content\/uploads\/2025\/07\/MUSLA-6.mp3?_=14\" \/><a href=\"https:\/\/www.radiopiu.net\/wordpress\/wp-content\/uploads\/2025\/07\/MUSLA-6.mp3\">https:\/\/www.radiopiu.net\/wordpress\/wp-content\/uploads\/2025\/07\/MUSLA-6.mp3<\/a><\/audio>\n<p>&nbsp;<\/p>\n<h2><strong>LA RACCOLTA COMPLETA <a href=\"https:\/\/www.radiopiu.net\/wordpress\/musla\/\"><span style=\"color: #3366ff;\">CLICCA QUI<\/span><\/a><\/strong><\/h2>\n<p>&nbsp;<\/p>\n<hr \/>\n<p>&nbsp;<\/p>\n<h2><span style=\"color: #ff0000;\">SABATO E DOMENICA IL MINI GP DEI CAMPIONI A VOLTAGO<\/span><\/h2>\n<p><strong><a class=\"dt-pswp-item\" href=\"https:\/\/www.radiopiu.net\/wordpress\/wp-content\/uploads\/2025\/07\/8b54122e-644a-4377-b3f7-8b4ad8b1eb4d.jpg\" data-dt-img-description=\"\" data-large_image_width=\"1414\" data-large_image_height=\"2000\"><img loading=\"lazy\" decoding=\"async\" class=\" wp-image-460564 alignleft\" src=\"https:\/\/www.radiopiu.net\/wordpress\/wp-content\/uploads\/2025\/07\/8b54122e-644a-4377-b3f7-8b4ad8b1eb4d-212x300.jpg\" alt=\"\" width=\"144\" height=\"204\" srcset=\"https:\/\/www.radiopiu.net\/wordpress\/wp-content\/uploads\/2025\/07\/8b54122e-644a-4377-b3f7-8b4ad8b1eb4d-212x300.jpg 212w, https:\/\/www.radiopiu.net\/wordpress\/wp-content\/uploads\/2025\/07\/8b54122e-644a-4377-b3f7-8b4ad8b1eb4d-724x1024.jpg 724w, https:\/\/www.radiopiu.net\/wordpress\/wp-content\/uploads\/2025\/07\/8b54122e-644a-4377-b3f7-8b4ad8b1eb4d-768x1086.jpg 768w, https:\/\/www.radiopiu.net\/wordpress\/wp-content\/uploads\/2025\/07\/8b54122e-644a-4377-b3f7-8b4ad8b1eb4d-1086x1536.jpg 1086w, https:\/\/www.radiopiu.net\/wordpress\/wp-content\/uploads\/2025\/07\/8b54122e-644a-4377-b3f7-8b4ad8b1eb4d.jpg 1414w\" sizes=\"auto, (max-width: 144px) 100vw, 144px\" \/><\/a>DI MIRKO MEZZACASA<\/strong><\/p>\n<p>OSPITI: Marco Tormen e Giuseppe Schena (sindaco di Voltago)<\/p>\n<audio class=\"wp-audio-shortcode\" id=\"audio-460561-15\" preload=\"none\" style=\"width: 100%;\" controls=\"controls\"><source type=\"audio\/mpeg\" src=\"https:\/\/www.radiopiu.net\/wordpress\/wp-content\/uploads\/2025\/07\/marco-tormen-giuseppe-schena-go-kart-2627.mp3?_=15\" \/><a href=\"https:\/\/www.radiopiu.net\/wordpress\/wp-content\/uploads\/2025\/07\/marco-tormen-giuseppe-schena-go-kart-2627.mp3\">https:\/\/www.radiopiu.net\/wordpress\/wp-content\/uploads\/2025\/07\/marco-tormen-giuseppe-schena-go-kart-2627.mp3<\/a><\/audio>\n<p>&nbsp;<\/p>\n<hr \/>\n<p>&nbsp;<\/p>\n<h2><span style=\"color: #99cc00;\">VIAGGIO STUDIO SCUOLE MEDIE IN GRAN BRETAGNA CON MAGIC TEACHER CLAUDIA<\/span><\/h2>\n<p><strong>REDAZIONE<\/strong> Viaggio studio di 15 giorni a Broadstairs, nel verde Kent, per 25 ragazzi d&#8217;ogni parte d&#8217;Agordino. Gli studenti della Magic Teacher Claudia hanno soggiornato in famiglie inglesi locali e sono andati a scuola con altri ragazzi da tutto il mondo, visitando le bellissime citt\u00e0 di Canterbury, Cambridge e Londra.<\/p>\n<p>Intervistati Carolina Becker, Vittorio Roilo, Maja Tancon, Angela Piccolin, Giorgia Micheluzzi, Gabriele Da Rin, Ilaria Delmonego, Arianna Pellegrinon<\/p>\n<audio class=\"wp-audio-shortcode\" id=\"audio-460561-16\" preload=\"none\" style=\"width: 100%;\" controls=\"controls\"><source type=\"audio\/mpeg\" src=\"https:\/\/www.radiopiu.net\/wordpress\/wp-content\/uploads\/2025\/07\/VIAGGIO-STUDIO-INGHILTERRA.mp3?_=16\" \/><a href=\"https:\/\/www.radiopiu.net\/wordpress\/wp-content\/uploads\/2025\/07\/VIAGGIO-STUDIO-INGHILTERRA.mp3\">https:\/\/www.radiopiu.net\/wordpress\/wp-content\/uploads\/2025\/07\/VIAGGIO-STUDIO-INGHILTERRA.mp3<\/a><\/audio>\n<p>&nbsp;<\/p>\n\n\t\t\t<style type='text\/css'>\n\t\t\t\t#gallery-12 {\n\t\t\t\t\tmargin: auto;\n\t\t\t\t}\n\t\t\t\t#gallery-12 .gallery-item {\n\t\t\t\t\tfloat: left;\n\t\t\t\t\tmargin-top: 10px;\n\t\t\t\t\ttext-align: center;\n\t\t\t\t\twidth: 20%;\n\t\t\t\t}\n\t\t\t\t#gallery-12 img {\n\t\t\t\t\tborder: 2px solid #cfcfcf;\n\t\t\t\t}\n\t\t\t\t#gallery-12 .gallery-caption {\n\t\t\t\t\tmargin-left: 0;\n\t\t\t\t}\n\t\t\t\t\/* see gallery_shortcode() in wp-includes\/media.php *\/\n\t\t\t<\/style>\n\t\t<div id='gallery-12' class='dt-gallery-container gallery galleryid-460561 gallery-columns-5 gallery-size-thumbnail'><dl class='gallery-item'>\n\t\t\t\t<dt class='gallery-icon landscape'>\n\t\t\t\t\t<a class=\"rollover rollover-zoom dt-pswp-item\" title=\"4c789731-285f-4d3a-a3b1-ec9f0f7a2dd6\" data-dt-img-description=\"\" data-large_image_width=\"1600\" data-large_image_height=\"1200\"href='https:\/\/www.radiopiu.net\/wordpress\/wp-content\/uploads\/2025\/07\/4c789731-285f-4d3a-a3b1-ec9f0f7a2dd6.jpg'><img loading=\"lazy\" decoding=\"async\" width=\"150\" height=\"150\" src=\"https:\/\/www.radiopiu.net\/wordpress\/wp-content\/uploads\/2025\/07\/4c789731-285f-4d3a-a3b1-ec9f0f7a2dd6-150x150.jpg\" class=\"attachment-thumbnail size-thumbnail\" alt=\"\" \/><\/a>\n\t\t\t\t<\/dt><\/dl><dl class='gallery-item'>\n\t\t\t\t<dt class='gallery-icon portrait'>\n\t\t\t\t\t<a class=\"rollover rollover-zoom dt-pswp-item\" title=\"e3b4efb1-6a24-4fdc-bfe3-5984f687b025\" data-dt-img-description=\"\" data-large_image_width=\"1200\" data-large_image_height=\"1600\"href='https:\/\/www.radiopiu.net\/wordpress\/wp-content\/uploads\/2025\/07\/e3b4efb1-6a24-4fdc-bfe3-5984f687b025.jpg'><img loading=\"lazy\" decoding=\"async\" width=\"150\" height=\"150\" src=\"https:\/\/www.radiopiu.net\/wordpress\/wp-content\/uploads\/2025\/07\/e3b4efb1-6a24-4fdc-bfe3-5984f687b025-150x150.jpg\" class=\"attachment-thumbnail size-thumbnail\" alt=\"\" \/><\/a>\n\t\t\t\t<\/dt><\/dl><dl class='gallery-item'>\n\t\t\t\t<dt class='gallery-icon landscape'>\n\t\t\t\t\t<a class=\"rollover rollover-zoom dt-pswp-item\" title=\"92c1082e-38a3-4597-8476-3715697ec93c\" data-dt-img-description=\"\" data-large_image_width=\"2048\" data-large_image_height=\"1536\"href='https:\/\/www.radiopiu.net\/wordpress\/wp-content\/uploads\/2025\/07\/92c1082e-38a3-4597-8476-3715697ec93c.jpg'><img loading=\"lazy\" decoding=\"async\" width=\"150\" height=\"150\" src=\"https:\/\/www.radiopiu.net\/wordpress\/wp-content\/uploads\/2025\/07\/92c1082e-38a3-4597-8476-3715697ec93c-150x150.jpg\" class=\"attachment-thumbnail size-thumbnail\" alt=\"\" \/><\/a>\n\t\t\t\t<\/dt><\/dl><dl class='gallery-item'>\n\t\t\t\t<dt class='gallery-icon portrait'>\n\t\t\t\t\t<a class=\"rollover rollover-zoom dt-pswp-item\" title=\"a20b4a8c-f970-424d-95e0-ffddcc5c755f\" data-dt-img-description=\"\" data-large_image_width=\"1200\" data-large_image_height=\"1600\"href='https:\/\/www.radiopiu.net\/wordpress\/wp-content\/uploads\/2025\/07\/a20b4a8c-f970-424d-95e0-ffddcc5c755f.jpg'><img loading=\"lazy\" decoding=\"async\" width=\"150\" height=\"150\" src=\"https:\/\/www.radiopiu.net\/wordpress\/wp-content\/uploads\/2025\/07\/a20b4a8c-f970-424d-95e0-ffddcc5c755f-150x150.jpg\" class=\"attachment-thumbnail size-thumbnail\" alt=\"\" \/><\/a>\n\t\t\t\t<\/dt><\/dl><dl class='gallery-item'>\n\t\t\t\t<dt class='gallery-icon portrait'>\n\t\t\t\t\t<a class=\"rollover rollover-zoom dt-pswp-item\" title=\"a384e903-f62e-4f00-8167-1ca8e2861dd7\" data-dt-img-description=\"\" data-large_image_width=\"1200\" data-large_image_height=\"1600\"href='https:\/\/www.radiopiu.net\/wordpress\/wp-content\/uploads\/2025\/07\/a384e903-f62e-4f00-8167-1ca8e2861dd7.jpg'><img loading=\"lazy\" decoding=\"async\" width=\"150\" height=\"150\" src=\"https:\/\/www.radiopiu.net\/wordpress\/wp-content\/uploads\/2025\/07\/a384e903-f62e-4f00-8167-1ca8e2861dd7-150x150.jpg\" class=\"attachment-thumbnail size-thumbnail\" alt=\"\" \/><\/a>\n\t\t\t\t<\/dt><\/dl><br style=\"clear: both\" \/>\n\t\t\t<\/div>\n\n<p>&nbsp;<\/p>\n<hr \/>\n<p>&nbsp;<\/p>\n<h2><span style=\"color: #cc99ff;\">I CONSIGLI DI GIANLUCA&#8230;DA DOLOMITI BEER &amp; WINE SHOP<\/span><\/h2>\n<p><strong><a class=\"dt-pswp-item\" href=\"https:\/\/www.radiopiu.net\/wordpress\/wp-content\/uploads\/2021\/03\/vino-300x199-1.jpg\" data-dt-img-description=\"\" data-large_image_width=\"300\" data-large_image_height=\"199\"><img loading=\"lazy\" decoding=\"async\" class=\" wp-image-199994 alignleft\" src=\"https:\/\/www.radiopiu.net\/wordpress\/wp-content\/uploads\/2021\/03\/vino-300x199-1.jpg\" alt=\"\" width=\"163\" height=\"108\" \/><\/a><\/strong><\/p>\n<p>&nbsp;<\/p>\n<p>&nbsp;<\/p>\n<p><strong>REDAZIONE<\/strong> Con l&#8217;arrivo dell&#8217;estate arrivano anche i consigli di Gianluca dal Dolomiti Beer &amp; Wine Shop<\/p>\n<p>&nbsp;<\/p>\n<p>&nbsp;<\/p>\n<p><span style=\"color: #ff0000;\"><strong>22 LUGLIO 2025<\/strong><\/span><\/p>\n<p>I vini della Borgogna, un viaggio esclusivo per dei vini unici<\/p>\n<audio class=\"wp-audio-shortcode\" id=\"audio-460561-17\" preload=\"none\" style=\"width: 100%;\" controls=\"controls\"><source type=\"audio\/mpeg\" src=\"https:\/\/www.radiopiu.net\/wordpress\/wp-content\/uploads\/2025\/07\/GWINE1-14.mp3?_=17\" \/><a href=\"https:\/\/www.radiopiu.net\/wordpress\/wp-content\/uploads\/2025\/07\/GWINE1-14.mp3\">https:\/\/www.radiopiu.net\/wordpress\/wp-content\/uploads\/2025\/07\/GWINE1-14.mp3<\/a><\/audio>\n<p>&nbsp;<\/p>\n<h2><strong>LA RACCOLTA COMPLETA <a href=\"https:\/\/www.radiopiu.net\/wordpress\/i-consigli-di-gianluca-da-dolomiti-beer-wine-shop-il-podcast\/\"><span style=\"color: #3366ff;\">CLICCA QUI<\/span><\/a><\/strong><\/h2>\n<p>&nbsp;<\/p>\n<hr \/>\n<p>&nbsp;<\/p>\n<h2><span style=\"color: #ff0000;\"><a class=\"dt-pswp-item\" href=\"https:\/\/www.radiopiu.net\/wordpress\/wp-content\/uploads\/2018\/09\/appuntamenti.jpeg\" data-dt-img-description=\"\" data-large_image_width=\"800\" data-large_image_height=\"100\"><img loading=\"lazy\" decoding=\"async\" class=\"wp-image-61958 size-full aligncenter\" src=\"https:\/\/www.radiopiu.net\/wordpress\/wp-content\/uploads\/2018\/09\/appuntamenti.jpeg\" alt=\"\" width=\"800\" height=\"100\" srcset=\"https:\/\/www.radiopiu.net\/wordpress\/wp-content\/uploads\/2018\/09\/appuntamenti.jpeg 800w, https:\/\/www.radiopiu.net\/wordpress\/wp-content\/uploads\/2018\/09\/appuntamenti-300x38.jpeg 300w, https:\/\/www.radiopiu.net\/wordpress\/wp-content\/uploads\/2018\/09\/appuntamenti-768x96.jpeg 768w\" sizes=\"auto, (max-width: 800px) 100vw, 800px\" \/><\/a><\/span><\/h2>\n<p>&nbsp;<\/p>\n<div>\n<div class=\"\" dir=\"auto\">\n<div id=\":r9h:\" class=\"x1iorvi4 x1pi30zi x1l90r2v x1swvt13\" data-ad-comet-preview=\"message\" data-ad-preview=\"message\">\n<div class=\"\" dir=\"auto\">\n<div id=\":r9h:\" class=\"x1iorvi4 x1pi30zi x1l90r2v x1swvt13\" data-ad-comet-preview=\"message\" data-ad-preview=\"message\">\n<div class=\"\" dir=\"auto\">\n<div id=\":r9h:\" class=\"x1iorvi4 x1pi30zi x1l90r2v x1swvt13\" data-ad-comet-preview=\"message\" data-ad-preview=\"message\">\n<div class=\"\" dir=\"auto\">\n<div id=\":r9h:\" class=\"x1iorvi4 x1pi30zi x1l90r2v x1swvt13\" data-ad-comet-preview=\"message\" data-ad-preview=\"message\">\n<div>\n<div class=\"\" dir=\"auto\">\n<div id=\":r9h:\" class=\"x1iorvi4 x1pi30zi x1l90r2v x1swvt13\" data-ad-comet-preview=\"message\" data-ad-preview=\"message\">\n<div>\n<div class=\"\" dir=\"auto\">\n<div id=\":r9h:\" class=\"x1iorvi4 x1pi30zi x1l90r2v x1swvt13\" data-ad-comet-preview=\"message\" data-ad-preview=\"message\">\n<div class=\"xdj266r x11i5rnm xat24cr x1mh8g0r x1vvkbs x126k92a\">\n<div dir=\"auto\"><\/div>\n<\/div>\n<div>\n<div class=\"\" dir=\"auto\">\n<div id=\":r9h:\" class=\"x1iorvi4 x1pi30zi x1l90r2v x1swvt13\" data-ad-comet-preview=\"message\" data-ad-preview=\"message\">\n<div>\n<div class=\"\" dir=\"auto\">\n<div id=\":r9h:\" class=\"x1iorvi4 x1pi30zi x1l90r2v x1swvt13\" data-ad-comet-preview=\"message\" data-ad-preview=\"message\">\n\n\t\t\t<style type='text\/css'>\n\t\t\t\t#gallery-13 {\n\t\t\t\t\tmargin: auto;\n\t\t\t\t}\n\t\t\t\t#gallery-13 .gallery-item {\n\t\t\t\t\tfloat: left;\n\t\t\t\t\tmargin-top: 10px;\n\t\t\t\t\ttext-align: center;\n\t\t\t\t\twidth: 20%;\n\t\t\t\t}\n\t\t\t\t#gallery-13 img {\n\t\t\t\t\tborder: 2px solid #cfcfcf;\n\t\t\t\t}\n\t\t\t\t#gallery-13 .gallery-caption {\n\t\t\t\t\tmargin-left: 0;\n\t\t\t\t}\n\t\t\t\t\/* see gallery_shortcode() in wp-includes\/media.php *\/\n\t\t\t<\/style>\n\t\t<div id='gallery-13' class='dt-gallery-container gallery galleryid-460561 gallery-columns-5 gallery-size-thumbnail'><dl class='gallery-item'>\n\t\t\t\t<dt class='gallery-icon portrait'>\n\t\t\t\t\t<a class=\"rollover rollover-zoom dt-pswp-item\" title=\"090267ee-c61a-4395-8f22-076aae3d6bae\" data-dt-img-description=\"\" data-large_image_width=\"1131\" data-large_image_height=\"1600\"href='https:\/\/www.radiopiu.net\/wordpress\/wp-content\/uploads\/2025\/07\/090267ee-c61a-4395-8f22-076aae3d6bae.jpg'><img loading=\"lazy\" decoding=\"async\" width=\"150\" height=\"150\" src=\"https:\/\/www.radiopiu.net\/wordpress\/wp-content\/uploads\/2025\/07\/090267ee-c61a-4395-8f22-076aae3d6bae-150x150.jpg\" class=\"attachment-thumbnail size-thumbnail\" alt=\"\" \/><\/a>\n\t\t\t\t<\/dt><\/dl><dl class='gallery-item'>\n\t\t\t\t<dt class='gallery-icon portrait'>\n\t\t\t\t\t<a class=\"rollover rollover-zoom dt-pswp-item\" title=\"cadf9f3e-b763-4b78-a053-a610ef5c8c99\" data-dt-img-description=\"\" data-large_image_width=\"960\" data-large_image_height=\"1280\"href='https:\/\/www.radiopiu.net\/wordpress\/wp-content\/uploads\/2025\/06\/cadf9f3e-b763-4b78-a053-a610ef5c8c99.jpg'><img loading=\"lazy\" decoding=\"async\" width=\"150\" height=\"150\" src=\"https:\/\/www.radiopiu.net\/wordpress\/wp-content\/uploads\/2025\/06\/cadf9f3e-b763-4b78-a053-a610ef5c8c99-150x150.jpg\" class=\"attachment-thumbnail size-thumbnail\" alt=\"\" \/><\/a>\n\t\t\t\t<\/dt><\/dl><dl class='gallery-item'>\n\t\t\t\t<dt class='gallery-icon portrait'>\n\t\t\t\t\t<a class=\"rollover rollover-zoom dt-pswp-item\" title=\"mostra_RotaSperti\" data-dt-img-description=\"\" data-large_image_width=\"1414\" data-large_image_height=\"2000\"href='https:\/\/www.radiopiu.net\/wordpress\/wp-content\/uploads\/2025\/06\/mostra_RotaSperti.png'><img loading=\"lazy\" decoding=\"async\" width=\"150\" height=\"150\" src=\"https:\/\/www.radiopiu.net\/wordpress\/wp-content\/uploads\/2025\/06\/mostra_RotaSperti-150x150.png\" class=\"attachment-thumbnail size-thumbnail\" alt=\"\" \/><\/a>\n\t\t\t\t<\/dt><\/dl><dl class='gallery-item'>\n\t\t\t\t<dt class='gallery-icon portrait'>\n\t\t\t\t\t<a class=\"rollover rollover-zoom dt-pswp-item\" title=\"fac4fca6-e68b-4407-9911-927fad81e2d6\" data-dt-img-description=\"\" data-large_image_width=\"1080\" data-large_image_height=\"1507\"href='https:\/\/www.radiopiu.net\/wordpress\/wp-content\/uploads\/2025\/06\/fac4fca6-e68b-4407-9911-927fad81e2d6.jpg'><img loading=\"lazy\" decoding=\"async\" width=\"150\" height=\"150\" src=\"https:\/\/www.radiopiu.net\/wordpress\/wp-content\/uploads\/2025\/06\/fac4fca6-e68b-4407-9911-927fad81e2d6-150x150.jpg\" class=\"attachment-thumbnail size-thumbnail\" alt=\"\" \/><\/a>\n\t\t\t\t<\/dt><\/dl><dl class='gallery-item'>\n\t\t\t\t<dt class='gallery-icon portrait'>\n\t\t\t\t\t<a class=\"rollover rollover-zoom dt-pswp-item\" title=\"c55ce2db-ca03-471b-81c4-095c39ada29e\" data-dt-img-description=\"\" data-large_image_width=\"509\" data-large_image_height=\"720\"href='https:\/\/www.radiopiu.net\/wordpress\/wp-content\/uploads\/2025\/06\/c55ce2db-ca03-471b-81c4-095c39ada29e.jpg'><img loading=\"lazy\" decoding=\"async\" width=\"150\" height=\"150\" src=\"https:\/\/www.radiopiu.net\/wordpress\/wp-content\/uploads\/2025\/06\/c55ce2db-ca03-471b-81c4-095c39ada29e-150x150.jpg\" class=\"attachment-thumbnail size-thumbnail\" alt=\"\" \/><\/a>\n\t\t\t\t<\/dt><\/dl><br style=\"clear: both\" \/><dl class='gallery-item'>\n\t\t\t\t<dt class='gallery-icon portrait'>\n\t\t\t\t\t<a class=\"rollover rollover-zoom dt-pswp-item\" title=\"starson luglio\" data-dt-img-description=\"\" data-large_image_width=\"668\" data-large_image_height=\"847\"href='https:\/\/www.radiopiu.net\/wordpress\/wp-content\/uploads\/2025\/07\/starson-luglio.jpg'><img loading=\"lazy\" decoding=\"async\" width=\"150\" height=\"150\" src=\"https:\/\/www.radiopiu.net\/wordpress\/wp-content\/uploads\/2025\/07\/starson-luglio-150x150.jpg\" class=\"attachment-thumbnail size-thumbnail\" alt=\"\" \/><\/a>\n\t\t\t\t<\/dt><\/dl><dl class='gallery-item'>\n\t\t\t\t<dt class='gallery-icon portrait'>\n\t\t\t\t\t<a class=\"rollover rollover-zoom dt-pswp-item\" title=\"8d3ab9cd-a4cb-4a99-bfe1-ac0fb17b9dba\" data-dt-img-description=\"\" data-large_image_width=\"828\" data-large_image_height=\"1158\"href='https:\/\/www.radiopiu.net\/wordpress\/wp-content\/uploads\/2025\/07\/8d3ab9cd-a4cb-4a99-bfe1-ac0fb17b9dba.jpg'><img loading=\"lazy\" decoding=\"async\" width=\"150\" height=\"150\" src=\"https:\/\/www.radiopiu.net\/wordpress\/wp-content\/uploads\/2025\/07\/8d3ab9cd-a4cb-4a99-bfe1-ac0fb17b9dba-150x150.jpg\" class=\"attachment-thumbnail size-thumbnail\" alt=\"\" \/><\/a>\n\t\t\t\t<\/dt><\/dl><dl class='gallery-item'>\n\t\t\t\t<dt class='gallery-icon portrait'>\n\t\t\t\t\t<a class=\"rollover rollover-zoom dt-pswp-item\" title=\"4d595d64-63bb-4e50-8359-03cbcfa1dd7a\" data-dt-img-description=\"\" data-large_image_width=\"828\" data-large_image_height=\"1158\"href='https:\/\/www.radiopiu.net\/wordpress\/wp-content\/uploads\/2025\/07\/4d595d64-63bb-4e50-8359-03cbcfa1dd7a.jpg'><img loading=\"lazy\" decoding=\"async\" width=\"150\" height=\"150\" src=\"https:\/\/www.radiopiu.net\/wordpress\/wp-content\/uploads\/2025\/07\/4d595d64-63bb-4e50-8359-03cbcfa1dd7a-150x150.jpg\" class=\"attachment-thumbnail size-thumbnail\" alt=\"\" \/><\/a>\n\t\t\t\t<\/dt><\/dl><dl class='gallery-item'>\n\t\t\t\t<dt class='gallery-icon portrait'>\n\t\t\t\t\t<a class=\"rollover rollover-zoom dt-pswp-item\" title=\"Screenshot 2025-07-03 053311\" data-dt-img-description=\"\" data-large_image_width=\"553\" data-large_image_height=\"781\"href='https:\/\/www.radiopiu.net\/wordpress\/wp-content\/uploads\/2025\/07\/Screenshot-2025-07-03-053311.png'><img loading=\"lazy\" decoding=\"async\" width=\"150\" height=\"150\" src=\"https:\/\/www.radiopiu.net\/wordpress\/wp-content\/uploads\/2025\/07\/Screenshot-2025-07-03-053311-150x150.png\" class=\"attachment-thumbnail size-thumbnail\" alt=\"\" \/><\/a>\n\t\t\t\t<\/dt><\/dl><dl class='gallery-item'>\n\t\t\t\t<dt class='gallery-icon portrait'>\n\t\t\t\t\t<a class=\"rollover rollover-zoom dt-pswp-item\" title=\"3962b3bb-de84-4fa0-beb8-8af3574e8151\" data-dt-img-description=\"\" data-large_image_width=\"1132\" data-large_image_height=\"1600\"href='https:\/\/www.radiopiu.net\/wordpress\/wp-content\/uploads\/2025\/07\/3962b3bb-de84-4fa0-beb8-8af3574e8151.jpg'><img loading=\"lazy\" decoding=\"async\" width=\"150\" height=\"150\" src=\"https:\/\/www.radiopiu.net\/wordpress\/wp-content\/uploads\/2025\/07\/3962b3bb-de84-4fa0-beb8-8af3574e8151-150x150.jpg\" class=\"attachment-thumbnail size-thumbnail\" alt=\"\" \/><\/a>\n\t\t\t\t<\/dt><\/dl><br style=\"clear: both\" \/><dl class='gallery-item'>\n\t\t\t\t<dt class='gallery-icon portrait'>\n\t\t\t\t\t<a class=\"rollover rollover-zoom dt-pswp-item\" title=\"locandina mostra 25\" data-dt-img-description=\"\" data-large_image_width=\"629\" data-large_image_height=\"875\"href='https:\/\/www.radiopiu.net\/wordpress\/wp-content\/uploads\/2025\/07\/locandina-mostra-25.jpg'><img loading=\"lazy\" decoding=\"async\" width=\"150\" height=\"150\" src=\"https:\/\/www.radiopiu.net\/wordpress\/wp-content\/uploads\/2025\/07\/locandina-mostra-25-150x150.jpg\" class=\"attachment-thumbnail size-thumbnail\" alt=\"\" \/><\/a>\n\t\t\t\t<\/dt><\/dl><dl class='gallery-item'>\n\t\t\t\t<dt class='gallery-icon portrait'>\n\t\t\t\t\t<a class=\"rollover rollover-zoom dt-pswp-item\" title=\"IMG_20250709_080709\" data-dt-img-description=\"\" data-large_image_width=\"639\" data-large_image_height=\"944\"href='https:\/\/www.radiopiu.net\/wordpress\/wp-content\/uploads\/2025\/07\/IMG_20250709_080709.jpg'><img loading=\"lazy\" decoding=\"async\" width=\"150\" height=\"150\" src=\"https:\/\/www.radiopiu.net\/wordpress\/wp-content\/uploads\/2025\/07\/IMG_20250709_080709-150x150.jpg\" class=\"attachment-thumbnail size-thumbnail\" alt=\"\" \/><\/a>\n\t\t\t\t<\/dt><\/dl><dl class='gallery-item'>\n\t\t\t\t<dt class='gallery-icon portrait'>\n\t\t\t\t\t<a class=\"rollover rollover-zoom dt-pswp-item\" title=\"ca7ce0f2-88a1-4d8a-94b7-b20909d01382\" data-dt-img-description=\"\" data-large_image_width=\"1141\" data-large_image_height=\"1600\"href='https:\/\/www.radiopiu.net\/wordpress\/wp-content\/uploads\/2025\/07\/ca7ce0f2-88a1-4d8a-94b7-b20909d01382.jpg'><img loading=\"lazy\" decoding=\"async\" width=\"150\" height=\"150\" src=\"https:\/\/www.radiopiu.net\/wordpress\/wp-content\/uploads\/2025\/07\/ca7ce0f2-88a1-4d8a-94b7-b20909d01382-150x150.jpg\" class=\"attachment-thumbnail size-thumbnail\" alt=\"\" \/><\/a>\n\t\t\t\t<\/dt><\/dl><dl class='gallery-item'>\n\t\t\t\t<dt class='gallery-icon portrait'>\n\t\t\t\t\t<a class=\"rollover rollover-zoom dt-pswp-item\" title=\"SCR-20250710-rfhq\" data-dt-img-description=\"\" data-large_image_width=\"1278\" data-large_image_height=\"1818\"href='https:\/\/www.radiopiu.net\/wordpress\/wp-content\/uploads\/2025\/07\/SCR-20250710-rfhq.png'><img loading=\"lazy\" decoding=\"async\" width=\"150\" height=\"150\" src=\"https:\/\/www.radiopiu.net\/wordpress\/wp-content\/uploads\/2025\/07\/SCR-20250710-rfhq-150x150.png\" class=\"attachment-thumbnail size-thumbnail\" alt=\"\" \/><\/a>\n\t\t\t\t<\/dt><\/dl><dl class='gallery-item'>\n\t\t\t\t<dt class='gallery-icon portrait'>\n\t\t\t\t\t<a class=\"rollover rollover-zoom dt-pswp-item\" title=\"locandina Paris\" data-dt-img-description=\"\" data-large_image_width=\"1810\" data-large_image_height=\"2560\"href='https:\/\/www.radiopiu.net\/wordpress\/wp-content\/uploads\/2025\/07\/locandina-Paris-1-scaled.jpg'><img loading=\"lazy\" decoding=\"async\" width=\"150\" height=\"150\" src=\"https:\/\/www.radiopiu.net\/wordpress\/wp-content\/uploads\/2025\/07\/locandina-Paris-1-150x150.jpg\" class=\"attachment-thumbnail size-thumbnail\" alt=\"\" \/><\/a>\n\t\t\t\t<\/dt><\/dl><br style=\"clear: both\" \/><dl class='gallery-item'>\n\t\t\t\t<dt class='gallery-icon portrait'>\n\t\t\t\t\t<a class=\"rollover rollover-zoom dt-pswp-item\" title=\"Cinema in Contrada 2025_Locandina_A4\" data-dt-img-description=\"\" data-large_image_width=\"1416\" data-large_image_height=\"2000\"href='https:\/\/www.radiopiu.net\/wordpress\/wp-content\/uploads\/2025\/07\/Cinema-in-Contrada-2025_Locandina_A4.png'><img loading=\"lazy\" decoding=\"async\" width=\"150\" height=\"150\" src=\"https:\/\/www.radiopiu.net\/wordpress\/wp-content\/uploads\/2025\/07\/Cinema-in-Contrada-2025_Locandina_A4-150x150.png\" class=\"attachment-thumbnail size-thumbnail\" alt=\"\" \/><\/a>\n\t\t\t\t<\/dt><\/dl><dl class='gallery-item'>\n\t\t\t\t<dt class='gallery-icon portrait'>\n\t\t\t\t\t<a class=\"rollover rollover-zoom dt-pswp-item\" title=\"VERTICAL COL DI LANA 2025\" data-dt-img-description=\"\" data-large_image_width=\"476\" data-large_image_height=\"695\"href='https:\/\/www.radiopiu.net\/wordpress\/wp-content\/uploads\/2025\/07\/VERTICAL-COL-DI-LANA-2025.jpg'><img loading=\"lazy\" decoding=\"async\" width=\"150\" height=\"150\" src=\"https:\/\/www.radiopiu.net\/wordpress\/wp-content\/uploads\/2025\/07\/VERTICAL-COL-DI-LANA-2025-150x150.jpg\" class=\"attachment-thumbnail size-thumbnail\" alt=\"\" \/><\/a>\n\t\t\t\t<\/dt><\/dl><dl class='gallery-item'>\n\t\t\t\t<dt class='gallery-icon portrait'>\n\t\t\t\t\t<a class=\"rollover rollover-zoom dt-pswp-item\" title=\"582f7d3f-1659-4262-b430-7f809aa35179\" data-dt-img-description=\"\" data-large_image_width=\"1131\" data-large_image_height=\"1600\"href='https:\/\/www.radiopiu.net\/wordpress\/wp-content\/uploads\/2025\/07\/582f7d3f-1659-4262-b430-7f809aa35179.jpg'><img loading=\"lazy\" decoding=\"async\" width=\"150\" height=\"150\" src=\"https:\/\/www.radiopiu.net\/wordpress\/wp-content\/uploads\/2025\/07\/582f7d3f-1659-4262-b430-7f809aa35179-150x150.jpg\" class=\"attachment-thumbnail size-thumbnail\" alt=\"\" \/><\/a>\n\t\t\t\t<\/dt><\/dl><dl class='gallery-item'>\n\t\t\t\t<dt class='gallery-icon portrait'>\n\t\t\t\t\t<a class=\"rollover rollover-zoom dt-pswp-item\" title=\"79bd5598-a5d8-47fa-8ba6-4fdc84938635\" data-dt-img-description=\"\" data-large_image_width=\"1344\" data-large_image_height=\"1674\"href='https:\/\/www.radiopiu.net\/wordpress\/wp-content\/uploads\/2025\/07\/79bd5598-a5d8-47fa-8ba6-4fdc84938635.jpg'><img loading=\"lazy\" decoding=\"async\" width=\"150\" height=\"150\" src=\"https:\/\/www.radiopiu.net\/wordpress\/wp-content\/uploads\/2025\/07\/79bd5598-a5d8-47fa-8ba6-4fdc84938635-150x150.jpg\" class=\"attachment-thumbnail size-thumbnail\" alt=\"\" \/><\/a>\n\t\t\t\t<\/dt><\/dl><dl class='gallery-item'>\n\t\t\t\t<dt class='gallery-icon landscape'>\n\t\t\t\t\t<a class=\"rollover rollover-zoom dt-pswp-item\" title=\"Screenshot 2025-07-16 095516\" data-dt-img-description=\"\" data-large_image_width=\"364\" data-large_image_height=\"332\"href='https:\/\/www.radiopiu.net\/wordpress\/wp-content\/uploads\/2025\/07\/Screenshot-2025-07-16-095516.png'><img loading=\"lazy\" decoding=\"async\" width=\"150\" height=\"150\" src=\"https:\/\/www.radiopiu.net\/wordpress\/wp-content\/uploads\/2025\/07\/Screenshot-2025-07-16-095516-150x150.png\" class=\"attachment-thumbnail size-thumbnail\" alt=\"\" \/><\/a>\n\t\t\t\t<\/dt><\/dl><br style=\"clear: both\" \/><dl class='gallery-item'>\n\t\t\t\t<dt class='gallery-icon portrait'>\n\t\t\t\t\t<a class=\"rollover rollover-zoom dt-pswp-item\" title=\"514284824_122160849950463773_4248149650309788008_n\" data-dt-img-description=\"\" data-large_image_width=\"480\" data-large_image_height=\"600\"href='https:\/\/www.radiopiu.net\/wordpress\/wp-content\/uploads\/2025\/07\/514284824_122160849950463773_4248149650309788008_n.jpg'><img loading=\"lazy\" decoding=\"async\" width=\"150\" height=\"150\" src=\"https:\/\/www.radiopiu.net\/wordpress\/wp-content\/uploads\/2025\/07\/514284824_122160849950463773_4248149650309788008_n-150x150.jpg\" class=\"attachment-thumbnail size-thumbnail\" alt=\"\" \/><\/a>\n\t\t\t\t<\/dt><\/dl><dl class='gallery-item'>\n\t\t\t\t<dt class='gallery-icon portrait'>\n\t\t\t\t\t<a class=\"rollover rollover-zoom dt-pswp-item\" title=\"90765e4f-be2b-4e18-8c1f-e4715da15ab1\" data-dt-img-description=\"\" data-large_image_width=\"1131\" data-large_image_height=\"1600\"href='https:\/\/www.radiopiu.net\/wordpress\/wp-content\/uploads\/2025\/07\/90765e4f-be2b-4e18-8c1f-e4715da15ab1.jpg'><img loading=\"lazy\" decoding=\"async\" width=\"150\" height=\"150\" src=\"https:\/\/www.radiopiu.net\/wordpress\/wp-content\/uploads\/2025\/07\/90765e4f-be2b-4e18-8c1f-e4715da15ab1-150x150.jpg\" class=\"attachment-thumbnail size-thumbnail\" alt=\"\" \/><\/a>\n\t\t\t\t<\/dt><\/dl><dl class='gallery-item'>\n\t\t\t\t<dt class='gallery-icon portrait'>\n\t\t\t\t\t<a class=\"rollover rollover-zoom dt-pswp-item\" title=\"5148ef5f-cc35-4360-aaa5-d409e19c28a2\" data-dt-img-description=\"\" data-large_image_width=\"1423\" data-large_image_height=\"2000\"href='https:\/\/www.radiopiu.net\/wordpress\/wp-content\/uploads\/2025\/07\/5148ef5f-cc35-4360-aaa5-d409e19c28a2.jpg'><img loading=\"lazy\" decoding=\"async\" width=\"150\" height=\"150\" src=\"https:\/\/www.radiopiu.net\/wordpress\/wp-content\/uploads\/2025\/07\/5148ef5f-cc35-4360-aaa5-d409e19c28a2-150x150.jpg\" class=\"attachment-thumbnail size-thumbnail\" alt=\"\" \/><\/a>\n\t\t\t\t<\/dt><\/dl><dl class='gallery-item'>\n\t\t\t\t<dt class='gallery-icon portrait'>\n\t\t\t\t\t<a class=\"rollover rollover-zoom dt-pswp-item\" title=\"1ce0d1c1-ccbd-4163-8000-bab4346d4f90\" data-dt-img-description=\"\" data-large_image_width=\"750\" data-large_image_height=\"1062\"href='https:\/\/www.radiopiu.net\/wordpress\/wp-content\/uploads\/2025\/07\/1ce0d1c1-ccbd-4163-8000-bab4346d4f90.jpg'><img loading=\"lazy\" decoding=\"async\" width=\"150\" height=\"150\" src=\"https:\/\/www.radiopiu.net\/wordpress\/wp-content\/uploads\/2025\/07\/1ce0d1c1-ccbd-4163-8000-bab4346d4f90-150x150.jpg\" class=\"attachment-thumbnail size-thumbnail\" alt=\"\" \/><\/a>\n\t\t\t\t<\/dt><\/dl><dl class='gallery-item'>\n\t\t\t\t<dt class='gallery-icon portrait'>\n\t\t\t\t\t<a class=\"rollover rollover-zoom dt-pswp-item\" title=\"1c039005-af3b-4b37-8be3-f3ba13b5eabb\" data-dt-img-description=\"\" data-large_image_width=\"1141\" data-large_image_height=\"1628\"href='https:\/\/www.radiopiu.net\/wordpress\/wp-content\/uploads\/2025\/07\/1c039005-af3b-4b37-8be3-f3ba13b5eabb.jpg'><img loading=\"lazy\" decoding=\"async\" width=\"150\" height=\"150\" src=\"https:\/\/www.radiopiu.net\/wordpress\/wp-content\/uploads\/2025\/07\/1c039005-af3b-4b37-8be3-f3ba13b5eabb-150x150.jpg\" class=\"attachment-thumbnail size-thumbnail\" alt=\"\" \/><\/a>\n\t\t\t\t<\/dt><\/dl><br style=\"clear: both\" \/><dl class='gallery-item'>\n\t\t\t\t<dt class='gallery-icon portrait'>\n\t\t\t\t\t<a class=\"rollover rollover-zoom dt-pswp-item\" title=\"Col-de-Luna-Trail1-pdf\" data-dt-img-description=\"\" data-large_image_width=\"756\" data-large_image_height=\"1068\"href='https:\/\/www.radiopiu.net\/wordpress\/wp-content\/uploads\/2025\/07\/Col-de-Luna-Trail1-pdf.jpg'><img loading=\"lazy\" decoding=\"async\" width=\"150\" height=\"150\" src=\"https:\/\/www.radiopiu.net\/wordpress\/wp-content\/uploads\/2025\/07\/Col-de-Luna-Trail1-pdf-150x150.jpg\" class=\"attachment-thumbnail size-thumbnail\" alt=\"\" \/><\/a>\n\t\t\t\t<\/dt><\/dl><dl class='gallery-item'>\n\t\t\t\t<dt class='gallery-icon portrait'>\n\t\t\t\t\t<a class=\"rollover rollover-zoom dt-pswp-item\" title=\"4651f578-507e-465d-9233-15b857674fc4\" data-dt-img-description=\"\" data-large_image_width=\"1061\" data-large_image_height=\"1500\"href='https:\/\/www.radiopiu.net\/wordpress\/wp-content\/uploads\/2025\/07\/4651f578-507e-465d-9233-15b857674fc4.jpg'><img loading=\"lazy\" decoding=\"async\" width=\"150\" height=\"150\" src=\"https:\/\/www.radiopiu.net\/wordpress\/wp-content\/uploads\/2025\/07\/4651f578-507e-465d-9233-15b857674fc4-150x150.jpg\" class=\"attachment-thumbnail size-thumbnail\" alt=\"\" \/><\/a>\n\t\t\t\t<\/dt><\/dl><dl class='gallery-item'>\n\t\t\t\t<dt class='gallery-icon portrait'>\n\t\t\t\t\t<a class=\"rollover rollover-zoom dt-pswp-item\" title=\"Locandina Il significato della speranza in Albino Luciani_page-0001\" data-dt-img-description=\"\" data-large_image_width=\"1241\" data-large_image_height=\"1755\"href='https:\/\/www.radiopiu.net\/wordpress\/wp-content\/uploads\/2025\/07\/Locandina-Il-significato-della-speranza-in-Albino-Luciani_page-0001.jpg'><img loading=\"lazy\" decoding=\"async\" width=\"150\" height=\"150\" src=\"https:\/\/www.radiopiu.net\/wordpress\/wp-content\/uploads\/2025\/07\/Locandina-Il-significato-della-speranza-in-Albino-Luciani_page-0001-150x150.jpg\" class=\"attachment-thumbnail size-thumbnail\" alt=\"\" \/><\/a>\n\t\t\t\t<\/dt><\/dl><dl class='gallery-item'>\n\t\t\t\t<dt class='gallery-icon portrait'>\n\t\t\t\t\t<a class=\"rollover rollover-zoom dt-pswp-item\" title=\"227a7cb1-ca8d-4b6a-8526-f9194a7cfa50\" data-dt-img-description=\"\" data-large_image_width=\"899\" data-large_image_height=\"1599\"href='https:\/\/www.radiopiu.net\/wordpress\/wp-content\/uploads\/2025\/07\/227a7cb1-ca8d-4b6a-8526-f9194a7cfa50.jpg'><img loading=\"lazy\" decoding=\"async\" width=\"150\" height=\"150\" src=\"https:\/\/www.radiopiu.net\/wordpress\/wp-content\/uploads\/2025\/07\/227a7cb1-ca8d-4b6a-8526-f9194a7cfa50-150x150.jpg\" class=\"attachment-thumbnail size-thumbnail\" alt=\"\" \/><\/a>\n\t\t\t\t<\/dt><\/dl><dl class='gallery-item'>\n\t\t\t\t<dt class='gallery-icon portrait'>\n\t\t\t\t\t<a class=\"rollover rollover-zoom dt-pswp-item\" title=\"SerateNaturaAvventura-P4-853\" data-dt-img-description=\"\" data-large_image_width=\"1200\" data-large_image_height=\"1710\"href='https:\/\/www.radiopiu.net\/wordpress\/wp-content\/uploads\/2025\/07\/SerateNaturaAvventura-P4-853.jpg'><img loading=\"lazy\" decoding=\"async\" width=\"150\" height=\"150\" src=\"https:\/\/www.radiopiu.net\/wordpress\/wp-content\/uploads\/2025\/07\/SerateNaturaAvventura-P4-853-150x150.jpg\" class=\"attachment-thumbnail size-thumbnail\" alt=\"\" \/><\/a>\n\t\t\t\t<\/dt><\/dl><br style=\"clear: both\" \/><dl class='gallery-item'>\n\t\t\t\t<dt class='gallery-icon portrait'>\n\t\t\t\t\t<a class=\"rollover rollover-zoom dt-pswp-item\" title=\"bfb05214-0cc6-47cf-91d7-d20129c9e8a0\" data-dt-img-description=\"\" data-large_image_width=\"1110\" data-large_image_height=\"1667\"href='https:\/\/www.radiopiu.net\/wordpress\/wp-content\/uploads\/2025\/07\/bfb05214-0cc6-47cf-91d7-d20129c9e8a0.jpg'><img loading=\"lazy\" decoding=\"async\" width=\"150\" height=\"150\" src=\"https:\/\/www.radiopiu.net\/wordpress\/wp-content\/uploads\/2025\/07\/bfb05214-0cc6-47cf-91d7-d20129c9e8a0-150x150.jpg\" class=\"attachment-thumbnail size-thumbnail\" alt=\"\" \/><\/a>\n\t\t\t\t<\/dt><\/dl><dl class='gallery-item'>\n\t\t\t\t<dt class='gallery-icon portrait'>\n\t\t\t\t\t<a class=\"rollover rollover-zoom dt-pswp-item\" title=\"518422396_1492048838795727_5394581552165021776_n\" data-dt-img-description=\"\" data-large_image_width=\"1240\" data-large_image_height=\"1754\"href='https:\/\/www.radiopiu.net\/wordpress\/wp-content\/uploads\/2025\/07\/518422396_1492048838795727_5394581552165021776_n.jpg'><img loading=\"lazy\" decoding=\"async\" width=\"150\" height=\"150\" src=\"https:\/\/www.radiopiu.net\/wordpress\/wp-content\/uploads\/2025\/07\/518422396_1492048838795727_5394581552165021776_n-150x150.jpg\" class=\"attachment-thumbnail size-thumbnail\" alt=\"\" \/><\/a>\n\t\t\t\t<\/dt><\/dl><dl class='gallery-item'>\n\t\t\t\t<dt class='gallery-icon landscape'>\n\t\t\t\t\t<a class=\"rollover rollover-zoom dt-pswp-item\" title=\"d2f26985-2ffd-4602-aeea-476feb5befda\" data-dt-img-description=\"\" data-large_image_width=\"526\" data-large_image_height=\"526\"href='https:\/\/www.radiopiu.net\/wordpress\/wp-content\/uploads\/2025\/07\/d2f26985-2ffd-4602-aeea-476feb5befda.jpg'><img loading=\"lazy\" decoding=\"async\" width=\"150\" height=\"150\" src=\"https:\/\/www.radiopiu.net\/wordpress\/wp-content\/uploads\/2025\/07\/d2f26985-2ffd-4602-aeea-476feb5befda-150x150.jpg\" class=\"attachment-thumbnail size-thumbnail\" alt=\"\" srcset=\"https:\/\/www.radiopiu.net\/wordpress\/wp-content\/uploads\/2025\/07\/d2f26985-2ffd-4602-aeea-476feb5befda-150x150.jpg 150w, https:\/\/www.radiopiu.net\/wordpress\/wp-content\/uploads\/2025\/07\/d2f26985-2ffd-4602-aeea-476feb5befda-300x300.jpg 300w, https:\/\/www.radiopiu.net\/wordpress\/wp-content\/uploads\/2025\/07\/d2f26985-2ffd-4602-aeea-476feb5befda.jpg 526w\" sizes=\"auto, (max-width: 150px) 100vw, 150px\" \/><\/a>\n\t\t\t\t<\/dt><\/dl><dl class='gallery-item'>\n\t\t\t\t<dt class='gallery-icon landscape'>\n\t\t\t\t\t<a class=\"rollover rollover-zoom dt-pswp-item\" title=\"b93d192e-fe1c-4b9a-8b00-c924d7c09ef0\" data-dt-img-description=\"\" data-large_image_width=\"526\" data-large_image_height=\"526\"href='https:\/\/www.radiopiu.net\/wordpress\/wp-content\/uploads\/2025\/07\/b93d192e-fe1c-4b9a-8b00-c924d7c09ef0.jpg'><img loading=\"lazy\" decoding=\"async\" width=\"150\" height=\"150\" src=\"https:\/\/www.radiopiu.net\/wordpress\/wp-content\/uploads\/2025\/07\/b93d192e-fe1c-4b9a-8b00-c924d7c09ef0-150x150.jpg\" class=\"attachment-thumbnail size-thumbnail\" alt=\"\" srcset=\"https:\/\/www.radiopiu.net\/wordpress\/wp-content\/uploads\/2025\/07\/b93d192e-fe1c-4b9a-8b00-c924d7c09ef0-150x150.jpg 150w, https:\/\/www.radiopiu.net\/wordpress\/wp-content\/uploads\/2025\/07\/b93d192e-fe1c-4b9a-8b00-c924d7c09ef0-300x300.jpg 300w, https:\/\/www.radiopiu.net\/wordpress\/wp-content\/uploads\/2025\/07\/b93d192e-fe1c-4b9a-8b00-c924d7c09ef0.jpg 526w\" sizes=\"auto, (max-width: 150px) 100vw, 150px\" \/><\/a>\n\t\t\t\t<\/dt><\/dl><dl class='gallery-item'>\n\t\t\t\t<dt class='gallery-icon landscape'>\n\t\t\t\t\t<a class=\"rollover rollover-zoom dt-pswp-item\" title=\"515444840_1149597150531066_7749231705219023918_n\" data-dt-img-description=\"\" data-large_image_width=\"1440\" data-large_image_height=\"1079\"href='https:\/\/www.radiopiu.net\/wordpress\/wp-content\/uploads\/2025\/07\/515444840_1149597150531066_7749231705219023918_n.jpg'><img loading=\"lazy\" decoding=\"async\" width=\"150\" height=\"150\" src=\"https:\/\/www.radiopiu.net\/wordpress\/wp-content\/uploads\/2025\/07\/515444840_1149597150531066_7749231705219023918_n-150x150.jpg\" class=\"attachment-thumbnail size-thumbnail\" alt=\"\" \/><\/a>\n\t\t\t\t<\/dt><\/dl><br style=\"clear: both\" \/>\n\t\t\t<\/div>\n\n<\/div>\n<\/div>\n<\/div>\n<\/div>\n<\/div>\n<\/div>\n<\/div>\n<\/div>\n<\/div>\n<\/div>\n<\/div>\n<\/div>\n<\/div>\n<\/div>\n<\/div>\n<\/div>\n<\/div>\n<\/div>\n<\/div>\n<\/div>\n<\/div>\n<div>\n<div class=\"\" dir=\"auto\">\n<div id=\":r9h:\" class=\"x1iorvi4 x1pi30zi x1l90r2v x1swvt13\" data-ad-comet-preview=\"message\" data-ad-preview=\"message\">\n<div class=\"\" dir=\"auto\">\n<div id=\":r9h:\" class=\"x1iorvi4 x1pi30zi x1l90r2v x1swvt13\" data-ad-comet-preview=\"message\" data-ad-preview=\"message\">\n<div class=\"\" dir=\"auto\">\n<div id=\":r9h:\" class=\"x1iorvi4 x1pi30zi x1l90r2v x1swvt13\" data-ad-comet-preview=\"message\" data-ad-preview=\"message\">\n<div class=\"\" dir=\"auto\">\n<div id=\":r9h:\" class=\"x1iorvi4 x1pi30zi x1l90r2v x1swvt13\" data-ad-comet-preview=\"message\" data-ad-preview=\"message\">\n<div>\n<div class=\"\" dir=\"auto\">\n<div id=\":r9h:\" class=\"x1iorvi4 x1pi30zi x1l90r2v x1swvt13\" data-ad-comet-preview=\"message\" data-ad-preview=\"message\">\n<div>\n<div class=\"\" dir=\"auto\">\n<div id=\":r9h:\" class=\"x1iorvi4 x1pi30zi x1l90r2v x1swvt13\" data-ad-comet-preview=\"message\" data-ad-preview=\"message\">\n<div>\n<div class=\"\" dir=\"auto\">\n<div id=\":r9h:\" class=\"x1iorvi4 x1pi30zi x1l90r2v x1swvt13\" data-ad-comet-preview=\"message\" data-ad-preview=\"message\">\n<div>\n<div class=\"\" dir=\"auto\">\n<div id=\":r9h:\" class=\"x1iorvi4 x1pi30zi x1l90r2v x1swvt13\" data-ad-comet-preview=\"message\" data-ad-preview=\"message\">\n<p>&nbsp;<\/p>\n<hr \/>\n<p>&nbsp;<\/p>\n<\/div>\n<\/div>\n<\/div>\n<\/div>\n<\/div>\n<\/div>\n<\/div>\n<\/div>\n<\/div>\n<\/div>\n<\/div>\n<\/div>\n<\/div>\n<\/div>\n<\/div>\n<\/div>\n<\/div>\n<\/div>\n<\/div>\n<\/div>\n<\/div>\n<p class=\"mceTemp\"><a class=\"dt-pswp-item\" href=\"https:\/\/www.radiopiu.net\/wordpress\/wp-content\/uploads\/2018\/09\/WhatsApp-Image-2018-09-20-at-16.04.06.jpeg\" data-dt-img-description=\"\" data-large_image_width=\"800\" data-large_image_height=\"100\"><img loading=\"lazy\" decoding=\"async\" class=\"wp-image-61378 size-full aligncenter\" src=\"https:\/\/www.radiopiu.net\/wordpress\/wp-content\/uploads\/2018\/09\/WhatsApp-Image-2018-09-20-at-16.04.06.jpeg\" alt=\"\" width=\"800\" height=\"100\" srcset=\"https:\/\/www.radiopiu.net\/wordpress\/wp-content\/uploads\/2018\/09\/WhatsApp-Image-2018-09-20-at-16.04.06.jpeg 800w, https:\/\/www.radiopiu.net\/wordpress\/wp-content\/uploads\/2018\/09\/WhatsApp-Image-2018-09-20-at-16.04.06-300x38.jpeg 300w, https:\/\/www.radiopiu.net\/wordpress\/wp-content\/uploads\/2018\/09\/WhatsApp-Image-2018-09-20-at-16.04.06-768x96.jpeg 768w\" sizes=\"auto, (max-width: 800px) 100vw, 800px\" \/><\/a><\/p>\n<div id=\"dolomitimeteo_div_testi\"><\/div>\n<p><center><b>OGGI<\/b><\/center>Tempo discreto nella prima parte del giorno, nonostante la presenza di stratocumuli, in alcuni casi anche predominanti. Al pomeriggio crescente nuvolosit\u00e0 ovunque per attivit\u00e0 cumuliforme e conseguente riduzione dell&#8217;iniziale soleggiamento, almeno nei settori dove il sole era presente. In tale contesto l&#8217;instabilit\u00e0 aumenter\u00e0, localmente gi\u00e0 al pomeriggio, ma sopratutto a fine giornata.<br \/>\n<b>Precipitazioni: <\/b>Al mattino generale assenti. Al pomeriggio lieve aumento del rischio di qualche sporadico rovescio o temporale. Alla sera ulteriore aumento della probabilit\u00e0 di fenomeni; Di fatto su alcuni settori i fenomeni potrebbero essere assenti per gran parte della giornata e manifestarsi solo tra il tardo pomeriggio e la serata.<br \/>\n<b>Temperature: <\/b>Senza notevoli variazioni di rilievo rispetto a marted\u00ec, salvo qualche locale diminuzione delle massime nei settori pi\u00f9 interessati da fenomeni d&#8217;instabilit\u00e0.<\/p>\n<hr \/>\n<p><center><b>DOMANI<\/b><\/center>Tempo in parte instabile, a tratti anche perturbato, con minore soleggiamento rispetto a mercoled\u00ec, sebbene con schiarite, ma la nuvolosit\u00e0 sar\u00e0 predominante ed associata a fenomeni sparsi, temporaneamente diffusi.<br \/>\n<b>Precipitazioni: <\/b>Al mattino rovesci e temporali sparsi; al pomeriggio fenomeni pi\u00f9 frequenti, in alcuni momenti anche diffusi. Non escluso qualche breve rovescio di forte intensit\u00e0.<br \/>\n<b>Temperature: <\/b>In generale lieve diminuzione eccetto lieve rialzo delle minime in alta quota per maggiore avvezione di aria mite da sud-ovest nottetempo.<\/p>\n<hr \/>\n<p><center><b>VENERDI<\/b><\/center>Il tempo rimarr\u00e0 variabile\/instabile con nuvolosit\u00e0 prevalente e qualche intervallo soleggiato. La probabilit\u00e0 di rovesci e temporali rimarr\u00e0 alta con apice dell&#8217;instabilit\u00e0 nel corso della serata. Contesto termico senza notevoli variazioni, salvo eccezioni legate alla durata delle schiarite o all&#8217;entit\u00e0 dell&#8217;instabilit\u00e0.<\/p>\n<hr \/>\n<p><center><b>SABATO<\/b><\/center>Nottetempo ed al primo mattino tempo in parte instabile con nuvolosit\u00e0 estesa e residui fenomeni. In giornata miglioramento del tempo, pi\u00f9 netto sulle Dolomiti dove il sole torner\u00e0 a predominare, mentre il miglioramento non sar\u00e0 cos\u00ec scontato sulle Prealpi per eventuale ripresa dell&#8217;instabilit\u00e0 al pomeriggio. Contesto termico leggermente pi\u00f9 fresco, eccetto rialzo delle massime nelle valli dolomitiche.<\/p>\n<p>&nbsp;<\/p>\n<hr \/>\n<p>&nbsp;<\/p>\n<p class=\"mceTemp\"><a class=\"dt-pswp-item\" href=\"https:\/\/www.radiopiu.net\/wordpress\/wp-content\/uploads\/2018\/09\/sport.jpg\" data-dt-img-description=\"\" data-large_image_width=\"800\" data-large_image_height=\"100\"><img loading=\"lazy\" decoding=\"async\" class=\"aligncenter wp-image-60761 size-full\" src=\"https:\/\/www.radiopiu.net\/wordpress\/wp-content\/uploads\/2018\/09\/sport.jpg\" alt=\"\" width=\"800\" height=\"100\" srcset=\"https:\/\/www.radiopiu.net\/wordpress\/wp-content\/uploads\/2018\/09\/sport.jpg 800w, https:\/\/www.radiopiu.net\/wordpress\/wp-content\/uploads\/2018\/09\/sport-300x38.jpg 300w, https:\/\/www.radiopiu.net\/wordpress\/wp-content\/uploads\/2018\/09\/sport-768x96.jpg 768w\" sizes=\"auto, (max-width: 800px) 100vw, 800px\" \/> <\/a><\/p>\n<p class=\"mceTemp\"><span style=\"color: #0000ff;\"><strong>\u00a0 \u00a0 \u00a0 \u00a0 \u00a0 \u00a0 \u00a0 \u00a0<\/strong><\/span><\/p>\n<p><span style=\"color: #0000ff;\"><strong>CORSA IN MONTAGNA<\/strong><\/span><\/p>\n<blockquote>\n<h3>TUTTO PRONTO PER LA 13ESIMA EDIZIONE DELLA VERTICAL COL DE LANA<\/h3>\n<\/blockquote>\n<p><strong><a class=\"dt-pswp-item\" href=\"https:\/\/www.radiopiu.net\/wordpress\/wp-content\/uploads\/2025\/07\/POSTER_2025.jpg\" data-dt-img-description=\"\" data-large_image_width=\"935\" data-large_image_height=\"1360\"><img loading=\"lazy\" decoding=\"async\" class=\" wp-image-460722 alignleft\" src=\"https:\/\/www.radiopiu.net\/wordpress\/wp-content\/uploads\/2025\/07\/POSTER_2025-206x300.jpg\" alt=\"\" width=\"136\" height=\"198\" srcset=\"https:\/\/www.radiopiu.net\/wordpress\/wp-content\/uploads\/2025\/07\/POSTER_2025-206x300.jpg 206w, https:\/\/www.radiopiu.net\/wordpress\/wp-content\/uploads\/2025\/07\/POSTER_2025-704x1024.jpg 704w, https:\/\/www.radiopiu.net\/wordpress\/wp-content\/uploads\/2025\/07\/POSTER_2025-768x1117.jpg 768w, https:\/\/www.radiopiu.net\/wordpress\/wp-content\/uploads\/2025\/07\/POSTER_2025.jpg 935w\" sizes=\"auto, (max-width: 136px) 100vw, 136px\" \/><\/a>LIVINALLONGO DEL COL DI LANA <\/strong>Torna anche quest\u2019anno uno degli appuntamenti pi\u00f9 attesi dell\u2019estate sportiva dolomitica: la 13\u00aa edizione della Vertical Col de Lana, la spettacolare corsa in montagna che si terr\u00e0 domenica.\u00a0 La gara, con partenza da Pieve di Livinallongo a quota 1465 metri, condurr\u00e0 i partecipanti fino alla vetta del Col di Lana, a 2465 metri, attraverso un tracciato breve ma estremamente impegnativo: 1000 metri di dislivello positivo in soli 2 km. Il programma prevede: Alle 10 la partenza della Vertical Col De Lana (competitiva e non competitiva), a sguire spazio ai pi\u00f9 piccoli con la Mini Vertical e alle 14 la cerimonia di premiazione. I record da battere sono davvero impressionanti: 33 minuti e 19 secondi per la categoria maschile e 39 minuti e 49 secondi per quella femminile. L&#8217;evento si inserisce nel contesto della festa patronale di San Jaco, che animer\u00e0 tutta la giornata con gli stand gastronomici curati dal Coro Fodom, per un perfetto connubio tra sport, tradizione e convivialit\u00e0. Per maggiori informazioni e per iscrizioni \u00e8 possibile consultare il sito ufficiale: <a class=\"cursor-pointer\" target=\"_new\" rel=\"noopener\" data-start=\"1568\" data-end=\"1627\">www.verticalcoldilana.it<\/a><\/p>\n<p>&nbsp;<\/p>\n<p>&nbsp;<\/p>\n<hr \/>\n<p>&nbsp;<\/p>\n<blockquote>\n<h2>LA SGANBADA TORNA IL 3 AGOSTO A PRALONGO: LA STORICA CORSA DELLA VAL DI ZOLDO ALLA 52\u00aa EDIZIONE<\/h2>\n<\/blockquote>\n<p><strong><a class=\"dt-pswp-item\" href=\"https:\/\/www.radiopiu.net\/wordpress\/wp-content\/uploads\/2025\/07\/Senza-nome-41.png\" data-dt-img-description=\"\" data-large_image_width=\"313\" data-large_image_height=\"168\"><img loading=\"lazy\" decoding=\"async\" class=\"size-medium wp-image-460752 alignleft\" src=\"https:\/\/www.radiopiu.net\/wordpress\/wp-content\/uploads\/2025\/07\/Senza-nome-41-300x161.png\" alt=\"\" width=\"300\" height=\"161\" srcset=\"https:\/\/www.radiopiu.net\/wordpress\/wp-content\/uploads\/2025\/07\/Senza-nome-41-300x161.png 300w, https:\/\/www.radiopiu.net\/wordpress\/wp-content\/uploads\/2025\/07\/Senza-nome-41.png 313w\" sizes=\"auto, (max-width: 300px) 100vw, 300px\" \/><\/a>VAL DI ZOLDO<\/strong><\/p>\n<p data-start=\"101\" data-end=\"384\">La Sganbada \u00e8 pronta a infiammare ancora una volta i sentieri della Val di Zoldo: domenica 3 agosto, a partire dalle 9.30, si rinnova l\u2019appuntamento con la 52\u00aa edizione della storica corsa non competitiva che attraversa le frazioni del Comune di Forno di Zoldo. L\u2019evento, nato nel 1973 grazie alla passione e alla visione dell\u2019allora sindaco Luigino De Fanti, insieme ai dirigenti della Pro Loco Ezio Della Lucia, Franco Castellini e al proprietario della Pensione Zoldana Roberto Lazzaris, \u00e8 diventato uno dei momenti pi\u00f9 attesi dell\u2019estate zoldana. Quattro le gare in programma, per andare incontro a tutte le et\u00e0 e livelli: 20 km per i pi\u00f9 allenati 9 km per chi vuole godersi il paesaggio con una sfida pi\u00f9 leggera\u00a0 4 km dedicati ai camminatori 800 metri per i pi\u00f9 piccoli, la Baby Sganbada Le iscrizioni sono gi\u00e0 aperte presso gli uffici turistici della valle oppure online sul sito <a class=\"\" href=\"http:\/\/www.atletica-zoldo.it\" target=\"_new\" rel=\"noopener\" data-start=\"1070\" data-end=\"1123\">www.atletica-zoldo.it<\/a>. Un evento che \u00e8 molto pi\u00f9 di una corsa: \u00e8 tradizione, comunit\u00e0 e passione per lo sport. Anche quest\u2019anno la Sganbada \u00e8 pronta a scrivere una nuova pagina della sua lunga e affascinante storia.<\/p>\n<hr \/>\n<p data-start=\"101\" data-end=\"384\">\n","protected":false},"excerpt":{"rendered":"<p>******* &nbsp; LA\u00a0 APP PER IOS-IPHONE di Nicola Vettorello https:\/\/apps.apple.com\/it\/app\/radio-pi%C3%B9-emittente-agordina\/id1515939845 LA\u00a0 APP RADIO\u00a0 PER ANDROID di Nicola Vettorello https:\/\/play.google.com\/store\/apps\/details?id=net.radiopiu.iniko\u00a0\u00a0\u00a0\u00a0 &nbsp; &nbsp; &nbsp; \u00a0 &nbsp; OGGI SU RADIOPI\u00d9: MUSICA, informazione\u00a0 e dirette\u00a0 ALLE 8.05 LA RASSEGNA STAMPA LOCALE 8.25\u00a0 PIU SIAMO 9.00 IL NUOVO EVENTO DI ORTI RUPESTRI, SABATO A SAN TOMASO LA PRESENTAZIONE DEL LIBRO&hellip;<\/p>\n","protected":false},"author":4,"featured_media":460676,"comment_status":"closed","ping_status":"closed","sticky":false,"template":"","format":"standard","meta":{"_monsterinsights_skip_tracking":false,"_monsterinsights_sitenote_active":false,"_monsterinsights_sitenote_note":"","_monsterinsights_sitenote_category":0,"footnotes":""},"categories":[51,86,49],"tags":[],"class_list":["post-460561","post","type-post","status-publish","format-standard","has-post-thumbnail","hentry","category-evidenza-top","category-gr","category-news-18","category-51","category-86","category-49","description-off"],"img_url":"https:\/\/www.radiopiu.net\/wordpress\/wp-content\/uploads\/2025\/07\/5d9dd5a4-91f3-44da-845c-4a1db1990459.jpg","_links":{"self":[{"href":"https:\/\/www.radiopiu.net\/wordpress\/wp-json\/wp\/v2\/posts\/460561","targetHints":{"allow":["GET"]}}],"collection":[{"href":"https:\/\/www.radiopiu.net\/wordpress\/wp-json\/wp\/v2\/posts"}],"about":[{"href":"https:\/\/www.radiopiu.net\/wordpress\/wp-json\/wp\/v2\/types\/post"}],"author":[{"embeddable":true,"href":"https:\/\/www.radiopiu.net\/wordpress\/wp-json\/wp\/v2\/users\/4"}],"replies":[{"embeddable":true,"href":"https:\/\/www.radiopiu.net\/wordpress\/wp-json\/wp\/v2\/comments?post=460561"}],"version-history":[{"count":39,"href":"https:\/\/www.radiopiu.net\/wordpress\/wp-json\/wp\/v2\/posts\/460561\/revisions"}],"predecessor-version":[{"id":460775,"href":"https:\/\/www.radiopiu.net\/wordpress\/wp-json\/wp\/v2\/posts\/460561\/revisions\/460775"}],"wp:featuredmedia":[{"embeddable":true,"href":"https:\/\/www.radiopiu.net\/wordpress\/wp-json\/wp\/v2\/media\/460676"}],"wp:attachment":[{"href":"https:\/\/www.radiopiu.net\/wordpress\/wp-json\/wp\/v2\/media?parent=460561"}],"wp:term":[{"taxonomy":"category","embeddable":true,"href":"https:\/\/www.radiopiu.net\/wordpress\/wp-json\/wp\/v2\/categories?post=460561"},{"taxonomy":"post_tag","embeddable":true,"href":"https:\/\/www.radiopiu.net\/wordpress\/wp-json\/wp\/v2\/tags?post=460561"}],"curies":[{"name":"wp","href":"https:\/\/api.w.org\/{rel}","templated":true}]}}