{"id":460661,"date":"2025-07-23T05:29:55","date_gmt":"2025-07-23T03:29:55","guid":{"rendered":"https:\/\/www.radiopiu.net\/wordpress\/?p=460661"},"modified":"2025-07-23T05:37:41","modified_gmt":"2025-07-23T03:37:41","slug":"malore-fatale-per-un-tedesco-a-passo-falzarego","status":"publish","type":"post","link":"https:\/\/www.radiopiu.net\/wordpress\/malore-fatale-per-un-tedesco-a-passo-falzarego\/","title":{"rendered":"MALORE FATALE PER UN TEDESCO A PASSO FALZAREGO"},"content":{"rendered":"<p>*******<\/p>\n<p>&nbsp;<\/p>\n<p><strong><a class=\"dt-pswp-item\" href=\"https:\/\/www.radiopiu.net\/wordpress\/wp-content\/uploads\/2025\/07\/SALT-1.jpeg\" data-dt-img-description=\"\" data-large_image_width=\"2040\" data-large_image_height=\"1536\"><img loading=\"lazy\" decoding=\"async\" class=\" wp-image-457763 alignleft\" src=\"https:\/\/www.radiopiu.net\/wordpress\/wp-content\/uploads\/2025\/07\/SALT-1-300x226.jpeg\" alt=\"\" width=\"181\" height=\"136\" srcset=\"https:\/\/www.radiopiu.net\/wordpress\/wp-content\/uploads\/2025\/07\/SALT-1-300x226.jpeg 300w, https:\/\/www.radiopiu.net\/wordpress\/wp-content\/uploads\/2025\/07\/SALT-1-1024x771.jpeg 1024w, https:\/\/www.radiopiu.net\/wordpress\/wp-content\/uploads\/2025\/07\/SALT-1-768x578.jpeg 768w, https:\/\/www.radiopiu.net\/wordpress\/wp-content\/uploads\/2025\/07\/SALT-1-1536x1157.jpeg 1536w, https:\/\/www.radiopiu.net\/wordpress\/wp-content\/uploads\/2025\/07\/SALT-1.jpeg 2040w\" sizes=\"auto, (max-width: 181px) 100vw, 181px\" \/><\/a>REDAZIONE <\/strong>Un escursionista tedesco di 71 anni ha perso la vita, nei pressi del Passo Falzarego. L\u2019allarme \u00e8 scattato poco dopo mezzogiorno, quando la Centrale Operativa SUEM 118 di Belluno ha ricevuto una chiamata di soccorso per un malore. Sul posto \u00e8 intervenuto tempestivamente l\u2019elisoccorso Falco 1, supportato da l&#8217;ambulanza della Croce Bianca di Arabba, ma per l\u2019uomo non c\u2019\u00e8 stato nulla da fare. Il decesso \u00e8 stato constatato sul posto. La salma \u00e8 stata successivamente trasferita al centro base di Arabba. Poco dopo, un altro escursionista, un uomo di 62 anni residente a Genova, ha accusato un malore nei pressi di Cortina durante un&#8217;escursione. In questo caso, l\u2019intervento dell\u2019elisoccorso Falco 2 ha consentito il trasporto rapido presso il presidio sanitario di Cortina. Un terzo intervento si \u00e8 reso necessario lungo il sentiero che conduce al Rifugio Coldai per un trauma riportato da un minorenne, anch\u2019esso impegnato in un\u2019escursione. L&#8217;elicottero Falco 2 \u00e8 intervenuto per il soccorso.<\/p>\n<p>&nbsp;<\/p>\n<p>&nbsp;<\/p>\n<p>&nbsp;<\/p>\n<p>*********<\/p>\n","protected":false},"excerpt":{"rendered":"<p>******* &nbsp; REDAZIONE Un escursionista tedesco di 71 anni ha perso la vita, nei pressi del Passo Falzarego. L\u2019allarme \u00e8 scattato poco dopo mezzogiorno, quando la Centrale Operativa SUEM 118 di Belluno ha ricevuto una chiamata di soccorso per un malore. Sul posto \u00e8 intervenuto tempestivamente l\u2019elisoccorso Falco 1, supportato da l&#8217;ambulanza della Croce Bianca&hellip;<\/p>\n","protected":false},"author":4,"featured_media":457763,"comment_status":"closed","ping_status":"closed","sticky":false,"template":"","format":"standard","meta":{"_monsterinsights_skip_tracking":false,"_monsterinsights_sitenote_active":false,"_monsterinsights_sitenote_note":"","_monsterinsights_sitenote_category":0,"footnotes":""},"categories":[51,49],"tags":[],"class_list":["post-460661","post","type-post","status-publish","format-standard","has-post-thumbnail","hentry","category-evidenza-top","category-news-18","category-51","category-49","description-off"],"img_url":"https:\/\/www.radiopiu.net\/wordpress\/wp-content\/uploads\/2025\/07\/SALT-1.jpeg","_links":{"self":[{"href":"https:\/\/www.radiopiu.net\/wordpress\/wp-json\/wp\/v2\/posts\/460661","targetHints":{"allow":["GET"]}}],"collection":[{"href":"https:\/\/www.radiopiu.net\/wordpress\/wp-json\/wp\/v2\/posts"}],"about":[{"href":"https:\/\/www.radiopiu.net\/wordpress\/wp-json\/wp\/v2\/types\/post"}],"author":[{"embeddable":true,"href":"https:\/\/www.radiopiu.net\/wordpress\/wp-json\/wp\/v2\/users\/4"}],"replies":[{"embeddable":true,"href":"https:\/\/www.radiopiu.net\/wordpress\/wp-json\/wp\/v2\/comments?post=460661"}],"version-history":[{"count":3,"href":"https:\/\/www.radiopiu.net\/wordpress\/wp-json\/wp\/v2\/posts\/460661\/revisions"}],"predecessor-version":[{"id":460664,"href":"https:\/\/www.radiopiu.net\/wordpress\/wp-json\/wp\/v2\/posts\/460661\/revisions\/460664"}],"wp:featuredmedia":[{"embeddable":true,"href":"https:\/\/www.radiopiu.net\/wordpress\/wp-json\/wp\/v2\/media\/457763"}],"wp:attachment":[{"href":"https:\/\/www.radiopiu.net\/wordpress\/wp-json\/wp\/v2\/media?parent=460661"}],"wp:term":[{"taxonomy":"category","embeddable":true,"href":"https:\/\/www.radiopiu.net\/wordpress\/wp-json\/wp\/v2\/categories?post=460661"},{"taxonomy":"post_tag","embeddable":true,"href":"https:\/\/www.radiopiu.net\/wordpress\/wp-json\/wp\/v2\/tags?post=460661"}],"curies":[{"name":"wp","href":"https:\/\/api.w.org\/{rel}","templated":true}]}}