{"id":460743,"date":"2025-07-24T05:52:03","date_gmt":"2025-07-24T03:52:03","guid":{"rendered":"https:\/\/www.radiopiu.net\/wordpress\/?p=460743"},"modified":"2025-07-24T09:32:04","modified_gmt":"2025-07-24T07:32:04","slug":"giornale-radiopiu-24-luglio-2025-direttore-mirko-mezzacasa","status":"publish","type":"post","link":"https:\/\/www.radiopiu.net\/wordpress\/giornale-radiopiu-24-luglio-2025-direttore-mirko-mezzacasa\/","title":{"rendered":"GIORNALE RADIOPIU 24 LUGLIO 2025 DIRETTORE MIRKO MEZZACASA"},"content":{"rendered":"<p>*******<\/p>\n<p>&nbsp;<\/p>\n<p><em><span style=\"color: #ff0000;\"><a class=\"dt-pswp-item\" href=\"https:\/\/www.radiopiu.net\/wordpress\/wp-content\/uploads\/2024\/10\/Senza-nome-8.png\" data-dt-img-description=\"\" data-large_image_width=\"343\" data-large_image_height=\"303\"><img loading=\"lazy\" decoding=\"async\" class=\"wp-image-412130 alignleft\" src=\"https:\/\/www.radiopiu.net\/wordpress\/wp-content\/uploads\/2024\/10\/Senza-nome-8-300x265.png\" alt=\"\" width=\"105\" height=\"93\" srcset=\"https:\/\/www.radiopiu.net\/wordpress\/wp-content\/uploads\/2024\/10\/Senza-nome-8-300x265.png 300w, https:\/\/www.radiopiu.net\/wordpress\/wp-content\/uploads\/2024\/10\/Senza-nome-8.png 343w\" sizes=\"auto, (max-width: 105px) 100vw, 105px\" \/><\/a><\/span><\/em><strong><em><span style=\"color: #ff0000;\"> LA\u00a0 APP PER IOS-IPHONE di Nicola Vettorello<\/span><\/em><\/strong><\/p>\n<p><strong><span style=\"color: #0000ff;\"><a style=\"color: #0000ff;\" href=\"https:\/\/apps.apple.com\/it\/app\/radio-pi%C3%B9-emittente-agordina\/id1515939845\">https:\/\/apps.apple.com\/it\/app\/radio-pi%C3%B9-emittente-agordina\/id1515939845<\/a><\/span><\/strong><\/p>\n<p><strong><em style=\"color: #ff0000;\">LA\u00a0 APP RADIO\u00a0 PER ANDROID di Nicola Vettorello<\/em><\/strong><\/p>\n<p><strong><span style=\"color: #0000ff;\"><a style=\"color: #0000ff;\" href=\"https:\/\/play.google.com\/store\/apps\/details?id=net.radiopiu.iniko\" target=\"_blank\" rel=\"noopener noreferrer\">https:\/\/<\/a><a style=\"color: #0000ff;\" href=\"https:\/\/play.google.com\/store\/apps\/details?id=net.radiopiu.iniko\" target=\"_blank\" rel=\"noopener noreferrer\">play.google.com\/store\/apps\/details?id=net.radiopiu.iniko\u00a0\u00a0\u00a0\u00a0<\/a><\/span><\/strong><\/p>\n<p>&nbsp;<\/p>\n<p>&nbsp;<\/p>\n<p>&nbsp;<\/p>\n<hr \/>\n<p><span style=\"color: #0000ff;\">\u00a0<\/span><\/p>\n<p>&nbsp;<\/p>\n<blockquote>\n<h1 data-start=\"0\" data-end=\"60\"><strong data-start=\"0\" data-end=\"60\">OGGI SU RADIOPI\u00d9: MUSICA, informazione\u00a0 e dirette\u00a0<\/strong><\/h1>\n<\/blockquote>\n<p class=\"\" data-start=\"62\" data-end=\"463\"><strong><a class=\"dt-pswp-item\" href=\"https:\/\/www.radiopiu.net\/wordpress\/wp-content\/uploads\/2024\/01\/dbd0d535-95bf-468e-9e11-dfc05dd8c264.jpg\" data-dt-img-description=\"\" data-large_image_width=\"1913\" data-large_image_height=\"2048\"><img loading=\"lazy\" decoding=\"async\" class=\"wp-image-370329 alignleft\" src=\"https:\/\/www.radiopiu.net\/wordpress\/wp-content\/uploads\/2024\/01\/dbd0d535-95bf-468e-9e11-dfc05dd8c264-280x300.jpg\" alt=\"\" width=\"169\" height=\"181\" srcset=\"https:\/\/www.radiopiu.net\/wordpress\/wp-content\/uploads\/2024\/01\/dbd0d535-95bf-468e-9e11-dfc05dd8c264-280x300.jpg 280w, https:\/\/www.radiopiu.net\/wordpress\/wp-content\/uploads\/2024\/01\/dbd0d535-95bf-468e-9e11-dfc05dd8c264-957x1024.jpg 957w, https:\/\/www.radiopiu.net\/wordpress\/wp-content\/uploads\/2024\/01\/dbd0d535-95bf-468e-9e11-dfc05dd8c264-768x822.jpg 768w, https:\/\/www.radiopiu.net\/wordpress\/wp-content\/uploads\/2024\/01\/dbd0d535-95bf-468e-9e11-dfc05dd8c264-1435x1536.jpg 1435w, https:\/\/www.radiopiu.net\/wordpress\/wp-content\/uploads\/2024\/01\/dbd0d535-95bf-468e-9e11-dfc05dd8c264.jpg 1913w\" sizes=\"auto, (max-width: 169px) 100vw, 169px\" \/><\/a>ALLE 8.05 LA RASSEGNA STAMPA LOCALE 8.25\u00a0 PIU SIAMO CON MARINA (FOTO) 9.00 la musica country di alex nascinben 9.40 ZTL AD ALLEGHE, LE NOVITA&#8217; L&#8217;INTERVISTA LA SINDACO DANILO DI TONI, DI MARINA DONA&#8217; 10.30\u00a0 SPI CGIL BELLUNO, TROPPI ANZIANI E TROPPO SOLI SERVONO SOLUZIONI URGENTI, CON MARIA RITA GENTILIN CHE PRESENTA ANCHE LA &#8220;PASTASCIUTTA ANTI FASCISTA&#8221;, DOMANI A PIAN LONGHI IN NEVEGAL 11.00 ARCADE SHOW, IL PROGRAMMA DI ELIA CASAGRANDE 12.00 IL LISCIO DI MIRCO BENCIVENNI 12.30 GR PRINCIPALE 13.20 COLLAGE OPERAZIONE NOSTALGIA, LORIS SCUSSEL 15.10 TIME FOR ME, DA ALLEGHE OSPITE AMINIA DE BIASIO con i suoi racconti\u00a0 16 45 LE HIT STORICHE DI MIRCO BENCIVENNI 19.05 LE ANTICIPAZIONI DAL TG DI ANTENNA 3 DA UN\u2019IDEA DI TIZIANA BOLOGNANI 19.20 CELTIC PIPES ROCK! A SANTOMASO ARENA 1082 IL 13 AGOSTO, NE PARLIAMO CON IL SINDACO MORENO DE VAL E IL VICE MARIA JOSE GAIARDO<br \/>\n<\/strong><\/p>\n<p>&nbsp;<\/p>\n<p><a class=\"dt-pswp-item\" href=\"https:\/\/www.radiopiu.net\/wordpress\/wp-content\/uploads\/2025\/07\/524336254_1160945539383924_2271767934845679638_n.jpg\" data-dt-img-description=\"\" data-large_image_width=\"720\" data-large_image_height=\"527\"><img loading=\"lazy\" decoding=\"async\" class=\"size-medium wp-image-460971 aligncenter\" src=\"https:\/\/www.radiopiu.net\/wordpress\/wp-content\/uploads\/2025\/07\/524336254_1160945539383924_2271767934845679638_n-300x220.jpg\" alt=\"\" width=\"300\" height=\"220\" srcset=\"https:\/\/www.radiopiu.net\/wordpress\/wp-content\/uploads\/2025\/07\/524336254_1160945539383924_2271767934845679638_n-300x220.jpg 300w, https:\/\/www.radiopiu.net\/wordpress\/wp-content\/uploads\/2025\/07\/524336254_1160945539383924_2271767934845679638_n.jpg 720w\" sizes=\"auto, (max-width: 300px) 100vw, 300px\" \/><\/a><\/p>\n<hr \/>\n<p>&nbsp;<\/p>\n<p>&nbsp;<\/p>\n<div class=\"x11i5rnm xat24cr x1mh8g0r x1vvkbs xtlvy1s x126k92a\">\n<div dir=\"auto\">\n<div dir=\"auto\">\n<p><strong><a class=\"dt-pswp-item\" href=\"https:\/\/www.radiopiu.net\/wordpress\/wp-content\/uploads\/2025\/07\/file-2.jpg\" data-dt-img-description=\"\" data-large_image_width=\"640\" data-large_image_height=\"641\"><img loading=\"lazy\" decoding=\"async\" class=\"wp-image-460616 alignleft\" src=\"https:\/\/www.radiopiu.net\/wordpress\/wp-content\/uploads\/2025\/07\/file-2-300x300.jpg\" alt=\"\" width=\"141\" height=\"141\" srcset=\"https:\/\/www.radiopiu.net\/wordpress\/wp-content\/uploads\/2025\/07\/file-2-300x300.jpg 300w, https:\/\/www.radiopiu.net\/wordpress\/wp-content\/uploads\/2025\/07\/file-2-150x150.jpg 150w, https:\/\/www.radiopiu.net\/wordpress\/wp-content\/uploads\/2025\/07\/file-2.jpg 640w\" sizes=\"auto, (max-width: 141px) 100vw, 141px\" \/><\/a>EL BAL DEL FIOR, DI GIULIANA DA RONCH, 24 LUGLIO<\/strong><strong>\u00a02025<\/strong><\/p>\n<\/div>\n<\/div>\n<div dir=\"auto\">\n<div dir=\"auto\">\n<p>&nbsp;<\/p>\n<p>&nbsp;<\/p>\n<audio class=\"wp-audio-shortcode\" id=\"audio-460743-1\" preload=\"none\" style=\"width: 100%;\" controls=\"controls\"><source type=\"audio\/mpeg\" src=\"https:\/\/www.radiopiu.net\/wordpress\/wp-content\/uploads\/2025\/07\/GGI-2.mp3?_=1\" \/><a href=\"https:\/\/www.radiopiu.net\/wordpress\/wp-content\/uploads\/2025\/07\/GGI-2.mp3\">https:\/\/www.radiopiu.net\/wordpress\/wp-content\/uploads\/2025\/07\/GGI-2.mp3<\/a><\/audio>\n<p>&nbsp;<\/p>\n<hr \/>\n<p>&nbsp;<\/p>\n<p>&nbsp;<\/p>\n<\/div>\n<\/div>\n<\/div>\n<div class=\"x11i5rnm xat24cr x1mh8g0r x1vvkbs xtlvy1s x126k92a\">\n<blockquote>\n<h1><strong><a class=\"dt-pswp-item\" href=\"https:\/\/www.radiopiu.net\/wordpress\/wp-content\/uploads\/2024\/10\/629301fd-708d-4f53-95c2-d28cbefd500f.jpg\" data-dt-img-description=\"\" data-large_image_width=\"1600\" data-large_image_height=\"1322\"><img loading=\"lazy\" decoding=\"async\" class=\"wp-image-413782 alignright\" src=\"https:\/\/www.radiopiu.net\/wordpress\/wp-content\/uploads\/2024\/10\/629301fd-708d-4f53-95c2-d28cbefd500f-300x248.jpg\" alt=\"\" width=\"106\" height=\"88\" srcset=\"https:\/\/www.radiopiu.net\/wordpress\/wp-content\/uploads\/2024\/10\/629301fd-708d-4f53-95c2-d28cbefd500f-300x248.jpg 300w, https:\/\/www.radiopiu.net\/wordpress\/wp-content\/uploads\/2024\/10\/629301fd-708d-4f53-95c2-d28cbefd500f-1024x846.jpg 1024w, https:\/\/www.radiopiu.net\/wordpress\/wp-content\/uploads\/2024\/10\/629301fd-708d-4f53-95c2-d28cbefd500f-768x635.jpg 768w, https:\/\/www.radiopiu.net\/wordpress\/wp-content\/uploads\/2024\/10\/629301fd-708d-4f53-95c2-d28cbefd500f-1536x1269.jpg 1536w, https:\/\/www.radiopiu.net\/wordpress\/wp-content\/uploads\/2024\/10\/629301fd-708d-4f53-95c2-d28cbefd500f.jpg 1600w\" sizes=\"auto, (max-width: 106px) 100vw, 106px\" \/><\/a><\/strong><\/h1>\n<h1><strong><a class=\"dt-pswp-item\" href=\"https:\/\/www.radiopiu.net\/wordpress\/wp-content\/uploads\/2024\/11\/th-18.jpg\" data-dt-img-description=\"\" data-large_image_width=\"156\" data-large_image_height=\"180\"><img loading=\"lazy\" decoding=\"async\" class=\"size-full wp-image-421611 alignleft\" src=\"https:\/\/www.radiopiu.net\/wordpress\/wp-content\/uploads\/2024\/11\/th-18.jpg\" alt=\"\" width=\"156\" height=\"180\" \/><\/a><\/strong><\/h1>\n<h1><strong>N di parom &#8211; L Almanach de la nosta jent<\/strong><\/h1>\n<\/blockquote>\n<p>&nbsp;<\/p>\n<p>Le voci: Davide Conedera, Agordo, Michela Dell&#8217;Osbel, La Valle Agordina Simone Ganz, Falcade Veronica Lezuo, Colle Santa Lucia. La voce nella sigla \u00e8 di Giorgia Taio<\/p>\n<p><strong>LA PUNTATA DI OGGI, 24 LUGLIO 2025<\/strong><\/p>\n<p>&nbsp;<\/p>\n<audio class=\"wp-audio-shortcode\" id=\"audio-460743-2\" preload=\"none\" style=\"width: 100%;\" controls=\"controls\"><source type=\"audio\/mpeg\" src=\"https:\/\/www.radiopiu.net\/wordpress\/wp-content\/uploads\/2025\/07\/AL4-2.mp3?_=2\" \/><a href=\"https:\/\/www.radiopiu.net\/wordpress\/wp-content\/uploads\/2025\/07\/AL4-2.mp3\">https:\/\/www.radiopiu.net\/wordpress\/wp-content\/uploads\/2025\/07\/AL4-2.mp3<\/a><\/audio>\n<p>&nbsp;<\/p>\n<\/div>\n<div class=\"x11i5rnm xat24cr x1mh8g0r x1vvkbs xtlvy1s x126k92a\">\n<div dir=\"auto\">\n<hr \/>\n<\/div>\n<\/div>\n<blockquote>\n<blockquote>\n<h1><span style=\"color: #ff0000;\">\u00a0<\/span><\/h1>\n<h1><span style=\"color: #ff0000;\">I podcast informativi del mattino &#8211; audio &#8211;\u00a0\u00a0<\/span><\/h1>\n<\/blockquote>\n<p><strong><a class=\"dt-pswp-item\" href=\"https:\/\/www.radiopiu.net\/wordpress\/wp-content\/uploads\/2024\/11\/6.jpg\" data-dt-img-description=\"\" data-large_image_width=\"177\" data-large_image_height=\"180\"><img loading=\"lazy\" decoding=\"async\" class=\"size-full wp-image-417911 alignleft\" src=\"https:\/\/www.radiopiu.net\/wordpress\/wp-content\/uploads\/2024\/11\/6.jpg\" alt=\"\" width=\"177\" height=\"180\" \/><\/a>LA RASSEGNA STAMPA NAZIONALE ALLA RADIO, OGNI GIORNO ALLE 5 E ALLE 6 DEL MATTINO <span style=\"color: #0000ff;\">viene pubblicata alle 6.00 <span style=\"color: #ff0000;\">DIRETTA RADIO\u00a0 \u00a0\u00a0<\/span><\/span><\/strong><\/p><\/blockquote>\n<p>&nbsp;<\/p>\n<p><strong>NOTIZIE DELLA NOTTE<br \/>\n<\/strong><\/p>\n<p data-start=\"77\" data-end=\"150\"><strong data-start=\"77\" data-end=\"150\">DAL MONDO: GIUSTIZIA, POLITICA E SPORT \u2013 GLI AGGIORNAMENTI PRINCIPALI<\/strong><\/p>\n<p data-start=\"152\" data-end=\"572\"><strong data-start=\"152\" data-end=\"236\">COLOMBIA \u2013 CONDANNATI EX DIRIGENTI DI CHIQUITA PER FINANZIAMENTI AI PARAMILITARI<\/strong><br data-start=\"236\" data-end=\"239\" \/>La giustizia colombiana ha condannato alcuni ex dirigenti della multinazionale americana <em data-start=\"328\" data-end=\"345\">Chiquita Brands<\/em> per aver finanziato gruppi paramilitari.<\/p>\n<p data-start=\"574\" data-end=\"937\"><strong data-start=\"574\" data-end=\"635\">GAZA \u2013 HAMAS RISPONDE A PROPOSTA ISRAELIANA SU UNA TREGUA<\/strong><br data-start=\"635\" data-end=\"638\" \/>Hamas ha presentato una risposta ufficiale alla recente proposta di tregua avanzata da Israele. I dettagli non sono ancora stati resi noti.<\/p>\n<p data-start=\"939\" data-end=\"1341\"><strong data-start=\"939\" data-end=\"1019\">USA \u2013 VITTORIA LEGALE PER DONALD TRUMP: LA COLUMBIA DOVR\u00c0 PAGARE 200 MILIONI<\/strong><br data-start=\"1019\" data-end=\"1022\" \/>L\u2019ex presidente Donald Trump ha ottenuto una vittoria in tribunale: la Columbia, stato americano, \u00e8 stata condannata a pagare <strong data-start=\"1148\" data-end=\"1174\">200 milioni di dollari<\/strong> in un contenzioso legale<\/p>\n<p data-start=\"1343\" data-end=\"1676\"><strong data-start=\"1343\" data-end=\"1412\">CASO EPSTEIN \u2013 LA CAMERA USA CONVOCA IL DIPARTIMENTO DI GIUSTIZIA<\/strong><br data-start=\"1412\" data-end=\"1415\" \/>La commissione della Camera degli Stati Uniti che indaga sul caso Epstein ha convocato rappresentanti del Dipartimento di Giustizia per approfondimenti.<\/p>\n<p data-start=\"1678\" data-end=\"2013\"><strong data-start=\"1678\" data-end=\"1753\">DIPLOMAZIA \u2013 WITKOFF INCONTRER\u00c0 MINISTRI DI ISRAELE E QATAR IN SARDEGNA<\/strong><br data-start=\"1753\" data-end=\"1756\" \/>Secondo quanto riportato da <em data-start=\"1784\" data-end=\"1791\">Axios<\/em>, l\u2019imprenditore Steven Witkoff dovrebbe incontrare in Sardegna alcuni ministri di Israele e del Qatar.<\/p>\n<p data-start=\"2015\" data-end=\"2314\"><strong data-start=\"2015\" data-end=\"2077\">BORSE ASIATICHE \u2013 TOKYO IN RIALZO, HONG KONG IN LIEVE CALO<\/strong><br data-start=\"2077\" data-end=\"2080\" \/>Le principali borse asiatiche hanno aperto in modo contrastante. Tokyo ha registrato un aumento dell\u20191,15%, segno di fiducia da parte degli investitori, mentre Hong Kong ha avviato la seduta con un lievissimo calo dello 0,07%.<\/p>\n<p data-start=\"2316\" data-end=\"2643\"><strong data-start=\"2316\" data-end=\"2381\">TENNIS \u2013 ATP DI WASHINGTON: COBOLLI AGLI OTTAVI CONTRO TIAFOE<\/strong><br data-start=\"2381\" data-end=\"2384\" \/>Buone notizie per il tennis italiano: Flavio Cobolli ha conquistato l\u2019accesso agli ottavi di finale al torneo ATP di Washington, dove affronter\u00e0 lo statunitense Frances Tiafoe. Un match impegnativo, ma carico di aspettative per il giovane azzurro.<\/p>\n<h1>AUDIO dalle 6 del mattino<\/h1>\n<audio class=\"wp-audio-shortcode\" id=\"audio-460743-3\" preload=\"none\" style=\"width: 100%;\" controls=\"controls\"><source type=\"audio\/mpeg\" src=\"https:\/\/www.radiopiu.net\/wordpress\/wp-content\/uploads\/2025\/07\/GIORNALEDELLESEI-19.mp3?_=3\" \/><a href=\"https:\/\/www.radiopiu.net\/wordpress\/wp-content\/uploads\/2025\/07\/GIORNALEDELLESEI-19.mp3\">https:\/\/www.radiopiu.net\/wordpress\/wp-content\/uploads\/2025\/07\/GIORNALEDELLESEI-19.mp3<\/a><\/audio>\n<p>&nbsp;<\/p>\n<p>&nbsp;<\/p>\n<hr \/>\n<p>&nbsp;<\/p>\n<h1 style=\"text-align: center;\"><span style=\"color: #ff0000;\"><a class=\"dt-pswp-item\" href=\"https:\/\/www.radiopiu.net\/wordpress\/wp-content\/uploads\/2024\/11\/7.jpg\" data-dt-img-description=\"\" data-large_image_width=\"180\" data-large_image_height=\"180\"><img loading=\"lazy\" decoding=\"async\" class=\"size-full wp-image-417912 alignleft\" src=\"https:\/\/www.radiopiu.net\/wordpress\/wp-content\/uploads\/2024\/11\/7.jpg\" alt=\"\" width=\"180\" height=\"180\" srcset=\"https:\/\/www.radiopiu.net\/wordpress\/wp-content\/uploads\/2024\/11\/7.jpg 180w, https:\/\/www.radiopiu.net\/wordpress\/wp-content\/uploads\/2024\/11\/7-150x150.jpg 150w\" sizes=\"auto, (max-width: 180px) 100vw, 180px\" \/><\/a>I podcast informativi del mattino &#8211; audio &#8211;\u00a0<\/span><\/h1>\n<p><strong>OGNI GIORNO ALLE SETTE DEL MATTINO, LA RASSEGNA STAMPA LOCALE FLASH&#8230; PER CHI VA IN FRETTA. I TITOLI DAI GIORNALI E DAL SITO WWW.RADIOPIU.NET <span style=\"color: #0000ff;\">viene pubblicato alle 7.00<\/span> <span style=\"color: #ff0000;\">DIRETTA RADIO\u00a0<\/span><\/strong><\/p>\n<p><em><span style=\"color: #ff0000;\">per chi va in fretta&#8230; tante notizie in pochi minuti. L&#8217;informazione locale alla radio, ogni ora dalle 7 del mattino alle 19 della sera.\u00a0\u00a0<\/span><\/em><\/p>\n<p><strong data-start=\"0\" data-end=\"62\">Notizie locali dal Bellunese: tra cronaca, eventi e novit\u00e0<\/strong><\/p>\n<div class=\"flex flex-1 grow basis-auto flex-col overflow-hidden\">\n<div class=\"relative h-full\">\n<div class=\"flex h-full flex-col overflow-y-auto [scrollbar-gutter:stable]\">\n<div class=\"mt-1.5 flex flex-col text-sm @thread-xl\/thread:pt-header-height md:pb-9\">\n<article class=\"group\/turn w-full text-token-text-primary focus-visible:outline-none\" dir=\"auto\" tabindex=\"-1\" data-testid=\"conversation-turn-2\" data-scroll-anchor=\"true\">\n<div class=\"text-base my-auto mx-auto py-5 px-6\">\n<div class=\"mx-auto flex flex-1 text-base gap-4 md:gap-5 lg:gap-6 md:max-w-3xl\">\n<div class=\"group\/conversation-turn relative flex w-full min-w-0 flex-col agent-turn @xs\/thread:px-0 @sm\/thread:px-1.5 @md\/thread:px-4\">\n<div class=\"relative flex-col gap-1 md:gap-3\">\n<div class=\"flex max-w-full flex-col flex-grow\">\n<div class=\"min-h-8 text-message relative flex w-full flex-col items-end gap-2 whitespace-normal break-words text-start [.text-message+&amp;]:mt-5\" dir=\"auto\" data-message-author-role=\"assistant\" data-message-id=\"bff05fc0-dc7c-4ab7-9b20-d3eec753127b\" data-message-model-slug=\"gpt-4o-mini\">\n<div class=\"flex w-full flex-col gap-1 empty:hidden first:pt-[3px]\">\n<div class=\"markdown prose w-full break-words dark:prose-invert dark\">\n<p class=\"\" data-start=\"64\" data-end=\"329\"><em><strong>Radio Pi\u00f9 offre una panoramica sui principali eventi e notizie in provincia di Belluno, accompagnata dalla programmazione radiofonica. Tra le principali notizie<\/strong><\/em><\/p>\n<\/div>\n<\/div>\n<\/div>\n<\/div>\n<\/div>\n<\/div>\n<\/div>\n<\/div>\n<\/article>\n<\/div>\n<\/div>\n<\/div>\n<\/div>\n<h1>AUDIO dalle 7 del mattino<\/h1>\n<audio class=\"wp-audio-shortcode\" id=\"audio-460743-4\" preload=\"none\" style=\"width: 100%;\" controls=\"controls\"><source type=\"audio\/mpeg\" src=\"https:\/\/www.radiopiu.net\/wordpress\/wp-content\/uploads\/2025\/07\/GF07-18.mp3?_=4\" \/><a href=\"https:\/\/www.radiopiu.net\/wordpress\/wp-content\/uploads\/2025\/07\/GF07-18.mp3\">https:\/\/www.radiopiu.net\/wordpress\/wp-content\/uploads\/2025\/07\/GF07-18.mp3<\/a><\/audio>\n<p>&nbsp;<\/p>\n<p>&nbsp;<\/p>\n<hr \/>\n<p>&nbsp;<\/p>\n<h1><\/h1>\n<h1 style=\"text-align: center;\"><span style=\"color: #ff0000;\"><a class=\"dt-pswp-item\" href=\"https:\/\/www.radiopiu.net\/wordpress\/wp-content\/uploads\/2024\/11\/th.jpg\" data-dt-img-description=\"\" data-large_image_width=\"148\" data-large_image_height=\"179\"><img loading=\"lazy\" decoding=\"async\" class=\" wp-image-417913 alignleft\" src=\"https:\/\/www.radiopiu.net\/wordpress\/wp-content\/uploads\/2024\/11\/th.jpg\" alt=\"\" width=\"66\" height=\"80\" \/><\/a>I podcast informativi del mattino &#8211; audio &#8211;\u00a0<\/span><\/h1>\n<blockquote><p><strong>GIORNALE RADIO NAZIONALE, EDIZIONE DELLE SETTE <span style=\"color: #0000ff;\">viene pubblicato alle 7.05 <span style=\"color: #ff0000;\">DIRETTA RADIO\u00a0<\/span><\/span><\/strong><\/p><\/blockquote>\n<p><strong>il giornale radionazionale e&#8217; in onda ogni ora, dalle sette del mattino alle venti della sera\u00a0 \u00a0\u00a0<\/strong><\/p>\n<p>&nbsp;<\/p>\n<blockquote>\n<h2><em> <a class=\"dt-pswp-item\" href=\"https:\/\/www.radiopiu.net\/wordpress\/wp-content\/uploads\/2025\/02\/download-7.jpg\" data-dt-img-description=\"\" data-large_image_width=\"211\" data-large_image_height=\"239\"><img loading=\"lazy\" decoding=\"async\" class=\" wp-image-435553 alignleft\" src=\"https:\/\/www.radiopiu.net\/wordpress\/wp-content\/uploads\/2025\/02\/download-7.jpg\" alt=\"\" width=\"186\" height=\"211\" \/><\/a><span style=\"color: #ff0000;\">RADIOPI\u00d9<\/span> \u2013 La voce del territorio, lo sguardo sul Paese.<\/em><\/h2>\n<\/blockquote>\n<p data-start=\"169\" data-end=\"517\"><strong data-start=\"169\" data-end=\"235\">MILANESE \u2013 ORRORE IN CASA: DOPO L\u2019OMICIDIO SCOPPIA UN INCENDIO<\/strong><br data-start=\"235\" data-end=\"238\" \/>Tragedia nel Milanese, dove un uomo \u00e8 stato trovato morto all\u2019interno di un\u2019abitazione in fiamme. Secondo i primi rilievi, si tratterebbe di un omicidio seguito da un incendio doloso. Le indagini sono in corso per ricostruire la dinamica e individuare eventuali responsabili.<\/p>\n<p data-start=\"519\" data-end=\"832\"><strong data-start=\"519\" data-end=\"581\">IBIZA (SPAGNA) \u2013 MISTERO SULLA MORTE DI UN DEEJAY ITALIANO<\/strong><br data-start=\"581\" data-end=\"584\" \/>Ancora dubbi sulla morte di un deejay italiano trovato senza vita a Ibiza. I familiari denunciano che l\u2019autopsia sarebbe stata incompleta e chiedono ulteriori accertamenti. Il caso resta aperto, mentre si attendono gli esiti di nuovi esami.<\/p>\n<p data-start=\"834\" data-end=\"1105\"><strong data-start=\"834\" data-end=\"890\">PISTOIESE \u2013 ANZIANO TROVATO MORTO, FERMATO IL FIGLIO<\/strong><br data-start=\"890\" data-end=\"893\" \/>Nel Pistoiese un uomo \u00e8 stato fermato con l\u2019accusa di omicidio dopo il ritrovamento del corpo del padre, scomparso da alcuni giorni. Le autorit\u00e0 stanno cercando di chiarire le responsabilit\u00e0 e il movente.<\/p>\n<p data-start=\"1107\" data-end=\"1433\"><strong data-start=\"1107\" data-end=\"1177\">ROMA \u2013 FURTO IN CASA DELLA VEDOVA DI MODUGNO: RUBATA LA CASSAFORTE<\/strong><br data-start=\"1177\" data-end=\"1180\" \/>Furto in una villa dell\u2019Appia Antica, a Roma, dove ignoti sono entrati nell\u2019abitazione della vedova del celebre cantante Domenico Modugno, forzando una finestra. I ladri hanno portato via una cassaforte contenente denaro e oggetti di valore.<\/p>\n<p data-start=\"1435\" data-end=\"1749\"><strong data-start=\"1435\" data-end=\"1500\">PESARO \u2013 AFFIDAMENTI NEL MIRINO: 24 INDAGATI, RICCI CONVOCATO<\/strong><br data-start=\"1500\" data-end=\"1503\" \/>A Pesaro, 24 persone risultano indagate in un\u2019inchiesta sugli affidamenti pubblici del Comune. Il sindaco Matteo Ricci \u00e8 atteso dai magistrati il 30 luglio. Rinviati, nel frattempo, alcuni appuntamenti legati alla campagna elettorale.<\/p>\n<p data-start=\"1751\" data-end=\"2059\"><strong data-start=\"1751\" data-end=\"1829\">FRANCIA \u2013 ARRESTATO DALL\u2019INTERPOL L\u2019EX DELLA DONNA PRECIPITATA DAL BALCONE<\/strong><br data-start=\"1829\" data-end=\"1832\" \/>L\u2019Interpol ha arrestato in Francia un uomo gi\u00e0 condannato per maltrattamenti, ora accusato di istigazione al suicidio. \u00c8 l\u2019ex compagno di una donna morta dopo essere caduta da un balcone in circostanze sospette.<\/p>\n<p data-start=\"2061\" data-end=\"2358\"><strong data-start=\"2061\" data-end=\"2133\">COLD CASE \u2013 IMPRENDITORE SCOMPARSO NEL 2016: UN ARRESTO PER OMICIDIO<\/strong><br data-start=\"2133\" data-end=\"2136\" \/>Dopo otto anni di silenzio, un possibile svolta nel caso dell\u2019imprenditore scomparso nel 2016: \u00e8 stato eseguito un arresto con l\u2019accusa di omicidio. Gli inquirenti sperano di ricostruire finalmente quanto accaduto.<\/p>\n<p data-start=\"2360\" data-end=\"2700\"><strong data-start=\"2360\" data-end=\"2442\">ROMA- AUTO D\u2019EPOCA INVESTE UNA FAMIGLIA DI TURISTI TEDESCHI<\/strong><br data-start=\"2442\" data-end=\"2445\" \/>Grave incidente in una zona a traffico limitato: un\u2019auto d\u2019epoca ha perso il controllo a causa di un guasto ai freni, investendo una famiglia di turisti tedeschi. Una donna \u00e8 in condizioni serie. Alla guida c\u2019era un uomo anziano, anch\u2019egli ferito.<\/p>\n<p data-start=\"2702\" data-end=\"2973\"><strong data-start=\"2702\" data-end=\"2780\">BAUMGARTNER \u2013 MORTO IN PARAPENDIO, NESSUN INFARTO MA SI IPOTIZZA UN MALORE<\/strong><br data-start=\"2780\" data-end=\"2783\" \/>\u00c8 stata eseguita l\u2019autopsia sul corpo di Baumgartner, deceduto in seguito a una caduta in parapendio. Escluso l\u2019infarto, non si esclude un malore improvviso alla base dell\u2019incidente.<\/p>\n<blockquote>\n<h2><span style=\"color: #ff0000;\">RADIOPI\u00d9<\/span> \u2013 Dalle Dolomiti alla pianura, i fatti che segnano la Regione.<\/h2>\n<\/blockquote>\n<p><strong><a class=\"dt-pswp-item\" href=\"https:\/\/www.radiopiu.net\/wordpress\/wp-content\/uploads\/2025\/02\/download-3.jpg\" data-dt-img-description=\"\" data-large_image_width=\"223\" data-large_image_height=\"226\"><img loading=\"lazy\" decoding=\"async\" class=\"size-full wp-image-434732 alignleft\" src=\"https:\/\/www.radiopiu.net\/wordpress\/wp-content\/uploads\/2025\/02\/download-3.jpg\" alt=\"\" width=\"223\" height=\"226\" \/><\/a><\/strong><\/p>\n<h3 data-start=\"149\" data-end=\"209\">CRONACA DAL VENETO: LE NOTIZIE PRINCIPALI DALLE PROVINCE<\/h3>\n<p data-start=\"211\" data-end=\"562\"><strong data-start=\"211\" data-end=\"285\">VERONA \u2013 OPERAIO MUORE IN CANTIERE TAV, IPOTESI MALORE LEGATO AL CALDO<\/strong><br data-start=\"285\" data-end=\"288\" \/>Tragedia in un cantiere della TAV a Verona, dove un operaio \u00e8 morto improvvisamente mentre era al lavoro. Secondo le prime ipotesi, potrebbe trattarsi di un malore, con il caldo come possibile concausa, ma saranno gli accertamenti a chiarire le esatte dinamiche.<\/p>\n<p data-start=\"564\" data-end=\"903\"><strong data-start=\"564\" data-end=\"653\">PADOVA \u2013 MUORE IN GUERRA IL GIOVANE ARTIOM, ADOTTATO IN ITALIA E COMBATTENTE PER KIEV<\/strong><br data-start=\"653\" data-end=\"656\" \/>Aveva 21 anni e viveva in Veneto Artiom, ragazzo adottato in Italia, morto in combattimento mentre difendeva l\u2019Ucraina. Il giovane si era arruolato volontariamente. La notizia ha suscitato grande commozione nella comunit\u00e0 padovana.<\/p>\n<p data-start=\"905\" data-end=\"1211\"><strong data-start=\"905\" data-end=\"977\">TREVISO \u2013 FIAMME IN UNA CHIESA STORICA, I RESIDENTI SPENGONO IL ROGO<\/strong><br data-start=\"977\" data-end=\"980\" \/>Nel Trevigiano, una chiesa storica \u00e8 stata incendiata dolosamente. L\u2019intervento tempestivo dei residenti ha evitato danni peggiori. Le forze dell\u2019ordine stanno indagando sull\u2019origine del gesto e su eventuali responsabilit\u00e0.<\/p>\n<p data-start=\"1213\" data-end=\"1547\"><strong data-start=\"1213\" data-end=\"1285\">TREVISO \u2013 TURETTA, APPELLO A NOVEMBRE DOPO LA CONDANNA ALL\u2019ERGASTOLO<\/strong><br data-start=\"1285\" data-end=\"1288\" \/>\u00c8 stato fissato per novembre il processo d\u2019appello a Filippo Turetta, il giovane condannato all\u2019ergastolo in primo grado per l\u2019omicidio della ex fidanzata Giulia Cecchettin. Si tratta di una delle vicende giudiziarie pi\u00f9 seguite degli ultimi mesi.<\/p>\n<p data-start=\"1549\" data-end=\"1841\"><strong data-start=\"1549\" data-end=\"1630\">VICENZA \u2013 A GIUDIZIO IL COMANDANTE DEI VIGILI DEL FUOCO PER VIOLENZA SESSUALE<\/strong><br data-start=\"1630\" data-end=\"1633\" \/>A Vicenza, un comandante dei Vigili del Fuoco andr\u00e0 a processo con l\u2019accusa di violenza sessuale per fatti risalenti ad alcuni mesi fa. Il procedimento \u00e8 stato fissato per il mese di dicembre.<\/p>\n<p data-start=\"1843\" data-end=\"2213\"><strong data-start=\"1843\" data-end=\"1921\">VENEZIA \u2013 STRISCIONE \u201cANTILADRO\u201d SU VILLETTA: PISTOLA E LEONE DI SAN MARCO<\/strong><br data-start=\"1921\" data-end=\"1924\" \/>Ha fatto discutere a Venezia uno striscione affisso da un consigliere comunale sulla sua villetta, raffigurante una pistola e il Leone di San Marco, accompagnato dalla scritta \u201cCi stiamo attrezzando\u201d. Il gesto, pensato come deterrente contro i furti, ha diviso l\u2019opinione pubblica.<\/p>\n<p data-start=\"2215\" data-end=\"2576\"><strong data-start=\"2215\" data-end=\"2286\">VENEZIA \u2013 L\u2019EX VILLA DI GIANCARLO GALAN DIVENTA UN CENTRO CULTURALE<\/strong><br data-start=\"2286\" data-end=\"2289\" \/>Il Demanio ha assegnato per 45 anni in concessione alla Fondazione Essenziale l\u2019ex villa di Giancarlo Galan, Villa Rodella, situata nella provincia di Venezia. La struttura verr\u00e0 trasformata in un centro culturale e sociale, segnando un nuovo capitolo per l\u2019edificio.<\/p>\n<h1><span style=\"color: #ff0000;\"><span style=\"color: #0000ff;\">ULTIM&#8217;ORA<\/span> <span style=\"color: #000000;\">AUDIO dalle sette del mattino, ogni ora alla radio EDIZIONE DELLE SETTE<\/span><\/span><\/h1>\n<audio class=\"wp-audio-shortcode\" id=\"audio-460743-5\" preload=\"none\" style=\"width: 100%;\" controls=\"controls\"><source type=\"audio\/mpeg\" src=\"https:\/\/www.radiopiu.net\/wordpress\/wp-content\/uploads\/2025\/07\/giornale07-22.mp3?_=5\" \/><a href=\"https:\/\/www.radiopiu.net\/wordpress\/wp-content\/uploads\/2025\/07\/giornale07-22.mp3\">https:\/\/www.radiopiu.net\/wordpress\/wp-content\/uploads\/2025\/07\/giornale07-22.mp3<\/a><\/audio>\n<p>&nbsp;<\/p>\n<p>&nbsp;<\/p>\n<p><iframe loading=\"lazy\" title=\"DAL 1983 LA RASSEGNA STAMPA LOCALE di mirko mezzacasa. L&#039;ORIGINALE\" width=\"1200\" height=\"675\" src=\"https:\/\/www.youtube.com\/embed\/O0McsuTwhAY?feature=oembed\" frameborder=\"0\" allow=\"accelerometer; autoplay; clipboard-write; encrypted-media; gyroscope; picture-in-picture; web-share\" referrerpolicy=\"strict-origin-when-cross-origin\" allowfullscreen><\/iframe><\/p>\n<p>&nbsp;<\/p>\n<hr \/>\n<p>&nbsp;<\/p>\n<p>&nbsp;<\/p>\n<h1><span style=\"color: #ff0000;\"><a class=\"dt-pswp-item\" href=\"https:\/\/www.radiopiu.net\/wordpress\/wp-content\/uploads\/2024\/11\/8.jpg\" data-dt-img-description=\"\" data-large_image_width=\"180\" data-large_image_height=\"180\"><img loading=\"lazy\" decoding=\"async\" class=\"size-full wp-image-417910 alignleft\" src=\"https:\/\/www.radiopiu.net\/wordpress\/wp-content\/uploads\/2024\/11\/8.jpg\" alt=\"\" width=\"180\" height=\"180\" srcset=\"https:\/\/www.radiopiu.net\/wordpress\/wp-content\/uploads\/2024\/11\/8.jpg 180w, https:\/\/www.radiopiu.net\/wordpress\/wp-content\/uploads\/2024\/11\/8-150x150.jpg 150w\" sizes=\"auto, (max-width: 180px) 100vw, 180px\" \/><\/a>I podcast informativi del mattino &#8211; video &#8211;\u00a0<\/span><\/h1>\n<h2 style=\"text-align: left;\"><strong>RASSEGNA STAMPA LOCALE, ORE OTTO<\/strong><\/h2>\n<h2><strong> <span style=\"color: #0000ff;\">viene\u00a0 <\/span><\/strong><strong><span style=\"color: #0000ff;\">pubblicata alle 8.05 <span style=\"color: #ff0000;\">DIRETTA RADIO\u00a0 \u00a0<\/span><\/span><\/strong><strong>DI MIRKO MEZZACASA<\/strong><\/h2>\n<h1><span style=\"color: #ff0000;\"><strong>VIDEO\u00a0 \u00a0in diretta AGGIORNAMENTO\u00a0 dalle 8 del mattino\u00a0 \u00a0\u00a0<\/strong><\/span><\/h1>\n\n\t\t\t<style type='text\/css'>\n\t\t\t\t#gallery-1 {\n\t\t\t\t\tmargin: auto;\n\t\t\t\t}\n\t\t\t\t#gallery-1 .gallery-item {\n\t\t\t\t\tfloat: left;\n\t\t\t\t\tmargin-top: 10px;\n\t\t\t\t\ttext-align: center;\n\t\t\t\t\twidth: 33%;\n\t\t\t\t}\n\t\t\t\t#gallery-1 img {\n\t\t\t\t\tborder: 2px solid #cfcfcf;\n\t\t\t\t}\n\t\t\t\t#gallery-1 .gallery-caption {\n\t\t\t\t\tmargin-left: 0;\n\t\t\t\t}\n\t\t\t\t\/* see gallery_shortcode() in wp-includes\/media.php *\/\n\t\t\t<\/style>\n\t\t<div id='gallery-1' class='dt-gallery-container gallery galleryid-460743 gallery-columns-3 gallery-size-thumbnail'><dl class='gallery-item'>\n\t\t\t\t<dt class='gallery-icon landscape'>\n\t\t\t\t\t<a class=\"rollover rollover-zoom dt-pswp-item\" title=\"Senza nome\" data-dt-img-description=\"\" data-large_image_width=\"581\" data-large_image_height=\"461\"href='https:\/\/www.radiopiu.net\/wordpress\/wp-content\/uploads\/2025\/07\/Senza-nome-46.png'><img loading=\"lazy\" decoding=\"async\" width=\"150\" height=\"150\" src=\"https:\/\/www.radiopiu.net\/wordpress\/wp-content\/uploads\/2025\/07\/Senza-nome-46-150x150.png\" class=\"attachment-thumbnail size-thumbnail\" alt=\"\" \/><\/a>\n\t\t\t\t<\/dt><\/dl><dl class='gallery-item'>\n\t\t\t\t<dt class='gallery-icon landscape'>\n\t\t\t\t\t<a class=\"rollover rollover-zoom dt-pswp-item\" title=\"Senza nome\" data-dt-img-description=\"\" data-large_image_width=\"755\" data-large_image_height=\"471\"href='https:\/\/www.radiopiu.net\/wordpress\/wp-content\/uploads\/2025\/07\/Senza-nome-47.png'><img loading=\"lazy\" decoding=\"async\" width=\"150\" height=\"150\" src=\"https:\/\/www.radiopiu.net\/wordpress\/wp-content\/uploads\/2025\/07\/Senza-nome-47-150x150.png\" class=\"attachment-thumbnail size-thumbnail\" alt=\"\" \/><\/a>\n\t\t\t\t<\/dt><\/dl><dl class='gallery-item'>\n\t\t\t\t<dt class='gallery-icon landscape'>\n\t\t\t\t\t<a class=\"rollover rollover-zoom dt-pswp-item\" title=\"Senza nome\" data-dt-img-description=\"\" data-large_image_width=\"555\" data-large_image_height=\"350\"href='https:\/\/www.radiopiu.net\/wordpress\/wp-content\/uploads\/2025\/07\/Senza-nome-45.png'><img loading=\"lazy\" decoding=\"async\" width=\"150\" height=\"150\" src=\"https:\/\/www.radiopiu.net\/wordpress\/wp-content\/uploads\/2025\/07\/Senza-nome-45-150x150.png\" class=\"attachment-thumbnail size-thumbnail\" alt=\"\" \/><\/a>\n\t\t\t\t<\/dt><\/dl><br style=\"clear: both\" \/>\n\t\t\t<\/div>\n\n<p>&nbsp;<\/p>\n<p>&nbsp;<\/p>\n<hr \/>\n<p>&nbsp;<\/p>\n<p><strong><a class=\"dt-pswp-item\" href=\"https:\/\/www.radiopiu.net\/wordpress\/wp-content\/uploads\/2023\/12\/ANTENNA.png\" data-dt-img-description=\"\" data-large_image_width=\"300\" data-large_image_height=\"166\"><img loading=\"lazy\" decoding=\"async\" class=\"wp-image-366306 alignright\" src=\"https:\/\/www.radiopiu.net\/wordpress\/wp-content\/uploads\/2023\/12\/ANTENNA.png\" alt=\"\" width=\"101\" height=\"56\" \/><\/a><a class=\"dt-pswp-item\" href=\"https:\/\/www.radiopiu.net\/wordpress\/wp-content\/uploads\/2024\/11\/th-17.jpg\" data-dt-img-description=\"\" data-large_image_width=\"224\" data-large_image_height=\"180\"><img loading=\"lazy\" decoding=\"async\" class=\" wp-image-421610 alignleft\" src=\"https:\/\/www.radiopiu.net\/wordpress\/wp-content\/uploads\/2024\/11\/th-17.jpg\" alt=\"\" width=\"167\" height=\"134\" \/><\/a>ogni sera alle 19 le anticipazioni alla radio, quello che poi seguirete nel TELEGIORNALE BELLUNESE\u00a0 in onda alle 19.30 sul CANALE 10 del digitale terrestre.\u00a0\u00a0<\/strong><\/p>\n<p><b>\u00a0\u00a0<\/b><\/p>\n<h1><span style=\"color: #ff0000;\"><strong>LE ANTICIPAZIONI DI TIZIANA BOLOGNANI<\/strong><\/span><\/h1>\n<audio class=\"wp-audio-shortcode\" id=\"audio-460743-6\" preload=\"none\" style=\"width: 100%;\" controls=\"controls\"><source type=\"audio\/mpeg\" src=\"https:\/\/www.radiopiu.net\/wordpress\/wp-content\/uploads\/2025\/07\/ANTENNA3-17.mp3?_=6\" \/><a href=\"https:\/\/www.radiopiu.net\/wordpress\/wp-content\/uploads\/2025\/07\/ANTENNA3-17.mp3\">https:\/\/www.radiopiu.net\/wordpress\/wp-content\/uploads\/2025\/07\/ANTENNA3-17.mp3<\/a><\/audio>\n<p>&nbsp;<\/p>\n<p>&nbsp;<\/p>\n<p>&nbsp;<\/p>\n<hr \/>\n<p>&nbsp;<\/p>\n<blockquote>\n<h3><a class=\"dt-pswp-item\" href=\"https:\/\/www.radiopiu.net\/wordpress\/wp-content\/uploads\/2023\/01\/bicchiere-acqua.png\" data-dt-img-description=\"\" data-large_image_width=\"1800\" data-large_image_height=\"1166\"><img loading=\"lazy\" decoding=\"async\" class=\" wp-image-315608 alignleft\" src=\"https:\/\/www.radiopiu.net\/wordpress\/wp-content\/uploads\/2023\/01\/bicchiere-acqua-300x194.png\" alt=\"\" width=\"110\" height=\"71\" srcset=\"https:\/\/www.radiopiu.net\/wordpress\/wp-content\/uploads\/2023\/01\/bicchiere-acqua-300x194.png 300w, https:\/\/www.radiopiu.net\/wordpress\/wp-content\/uploads\/2023\/01\/bicchiere-acqua-1024x663.png 1024w, https:\/\/www.radiopiu.net\/wordpress\/wp-content\/uploads\/2023\/01\/bicchiere-acqua-768x497.png 768w, https:\/\/www.radiopiu.net\/wordpress\/wp-content\/uploads\/2023\/01\/bicchiere-acqua-1536x995.png 1536w, https:\/\/www.radiopiu.net\/wordpress\/wp-content\/uploads\/2023\/01\/bicchiere-acqua.png 1800w\" sizes=\"auto, (max-width: 110px) 100vw, 110px\" \/><\/a>ACQUA NON POTABILE A COLLE SANTA LUCIA<\/h3>\n<\/blockquote>\n<p><strong>REDAZIONE <\/strong>Servizi Integrati Bellunesi informa che a Colle Santa Lucia in localit\u00e0 Rucav\u00e0 l&#8217;acqua erogata dall&#8217;acquedotto non \u00e8 potabile e non pu\u00f2 essere usata per scopi alimentari. Verr\u00e0 effettuato servizio sostitutivo con cisterna in Centro.<\/p>\n<p>&nbsp;<\/p>\n<p>&nbsp;<\/p>\n<hr \/>\n<p>&nbsp;<\/p>\n<blockquote>\n<h3>PERDONO IL SENTIERO E UNO ZAINO SUL SENTIERO DI RU DE PORTA.<\/h3>\n<\/blockquote>\n<p><strong><a class=\"dt-pswp-item\" href=\"https:\/\/www.radiopiu.net\/wordpress\/wp-content\/uploads\/2022\/04\/soccorso-alpino-1024x602-1.jpg\" data-dt-img-description=\"\" data-large_image_width=\"1024\" data-large_image_height=\"602\"><img loading=\"lazy\" decoding=\"async\" class=\" wp-image-270917 alignleft\" src=\"https:\/\/www.radiopiu.net\/wordpress\/wp-content\/uploads\/2022\/04\/soccorso-alpino-1024x602-1-300x176.jpg\" alt=\"\" width=\"188\" height=\"110\" srcset=\"https:\/\/www.radiopiu.net\/wordpress\/wp-content\/uploads\/2022\/04\/soccorso-alpino-1024x602-1-300x176.jpg 300w, https:\/\/www.radiopiu.net\/wordpress\/wp-content\/uploads\/2022\/04\/soccorso-alpino-1024x602-1-768x452.jpg 768w, https:\/\/www.radiopiu.net\/wordpress\/wp-content\/uploads\/2022\/04\/soccorso-alpino-1024x602-1.jpg 1024w\" sizes=\"auto, (max-width: 188px) 100vw, 188px\" \/><\/a>ALLEGHE<\/strong> due 24enni ceche bloccate lungo il sentiero 570 di Ru de Porta, dopo essere partite dal Lago del Coldai. Spaventate dalla ripidit\u00e0 del tratto e dopo aver perso uno zaino in un canale, hanno inviato un video con la loro posizione. I soccorritori, saliti da Malga Pioda, le hanno raggiunte, assicurate con corda corta e accompagnate in sicurezza fino al lago, da dove sono rientrate a piedi fino alla corriera.\u00a0 una coppia di olandesi (56 e 58 anni), partita dallo Staulanza per il giro del monte Pelmo. Sbagliando itinerario, si erano ritrovati bloccati sopra salti di roccia. Raggiunti dai soccorritori, sono stati aiutati a scendere con estrema cautela fino al Passo, dove avevano l\u2019auto.<\/p>\n<p>&nbsp;<\/p>\n<p>&nbsp;<\/p>\n<hr \/>\n<p>&nbsp;<\/p>\n<blockquote>\n<h3>CICLISTA IN DIFFICOLT\u00c0 SUL CRIDOLA<\/h3>\n<\/blockquote>\n<p><strong><a class=\"dt-pswp-item\" href=\"https:\/\/www.radiopiu.net\/wordpress\/wp-content\/uploads\/2024\/07\/SALT.jpeg\" data-dt-img-description=\"\" data-large_image_width=\"1600\" data-large_image_height=\"900\"><img loading=\"lazy\" decoding=\"async\" class=\" wp-image-398172 alignleft\" src=\"https:\/\/www.radiopiu.net\/wordpress\/wp-content\/uploads\/2024\/07\/SALT-300x169.jpeg\" alt=\"\" width=\"181\" height=\"102\" srcset=\"https:\/\/www.radiopiu.net\/wordpress\/wp-content\/uploads\/2024\/07\/SALT-300x169.jpeg 300w, https:\/\/www.radiopiu.net\/wordpress\/wp-content\/uploads\/2024\/07\/SALT-1024x576.jpeg 1024w, https:\/\/www.radiopiu.net\/wordpress\/wp-content\/uploads\/2024\/07\/SALT-768x432.jpeg 768w, https:\/\/www.radiopiu.net\/wordpress\/wp-content\/uploads\/2024\/07\/SALT-1536x864.jpeg 1536w, https:\/\/www.radiopiu.net\/wordpress\/wp-content\/uploads\/2024\/07\/SALT.jpeg 1600w\" sizes=\"auto, (max-width: 181px) 100vw, 181px\" \/><\/a>REDAZIONE<\/strong>\u00a0sul sentiero per il Rifugio Vandelli, recuperata dall\u2019elicottero. Ad Auronzo, l\u2019elicottero Falco 2 ha invece soccorso una 57enne slovena infortunatasi a una caviglia lungo il sentiero 105 nei pressi del Rifugio Auronzo: la donna \u00e8 stata trasportata all\u2019ospedale di Belluno. Infine, a Lorenzago di Cadore, una squadra del Soccorso alpino del Centro Cadore \u00e8 stata allertata da un ciclista in difficolt\u00e0 nella zona del Cridola. L\u2019uomo, per\u00f2, \u00e8 riuscito a rientrare autonomamente con la propria mountain bike e ha incontrato i soccorritori lungo il percorso.<\/p>\n<p>&nbsp;<\/p>\n<p>&nbsp;<\/p>\n<hr \/>\n<p>&nbsp;<\/p>\n<blockquote>\n<h3>INCIDENTE A DOMEGGE DI CADORE E INFORTUNIO AL RIFUGIO AURONZO<\/h3>\n<\/blockquote>\n<p><strong><a class=\"dt-pswp-item\" href=\"https:\/\/www.radiopiu.net\/wordpress\/wp-content\/uploads\/2022\/08\/1661-2022.jpeg\" data-dt-img-description=\"\" data-large_image_width=\"1024\" data-large_image_height=\"768\"><img loading=\"lazy\" decoding=\"async\" class=\" wp-image-290950 alignleft\" src=\"https:\/\/www.radiopiu.net\/wordpress\/wp-content\/uploads\/2022\/08\/1661-2022-300x225.jpeg\" alt=\"\" width=\"137\" height=\"103\" srcset=\"https:\/\/www.radiopiu.net\/wordpress\/wp-content\/uploads\/2022\/08\/1661-2022-300x225.jpeg 300w, https:\/\/www.radiopiu.net\/wordpress\/wp-content\/uploads\/2022\/08\/1661-2022-768x576.jpeg 768w, https:\/\/www.radiopiu.net\/wordpress\/wp-content\/uploads\/2022\/08\/1661-2022.jpeg 1024w\" sizes=\"auto, (max-width: 137px) 100vw, 137px\" \/><\/a>REDAZIONE <\/strong>\u00a0incidente stradale un 67enne della Repubblica Ceca \u00e8 rimasto ferito lievemente ed \u00e8 statao portato in ambulanza all&#8217;ospedale di Pieve di Cadore. Seconda uscita per una escursionista slovacca di 57 anni che si era fatta male nei pressi del Rifugio Auronzo. La donna \u00e8 stata recuperata dell&#8217;elicottero Falco2 e portata al nosocomio di Belluno per le cure del caso.<\/p>\n<p>&nbsp;<\/p>\n<p>&nbsp;<\/p>\n<hr \/>\n<p>&nbsp;<\/p>\n<blockquote>\n<h3>ALLEGHE: AUTO INCASTRATA LUNGO LA SR 203, INTERVENGONO I VIGILI DEL FUOCO<\/h3>\n<\/blockquote>\n<p><strong><img loading=\"lazy\" decoding=\"async\" class=\"alignleft\" src=\"https:\/\/www.radiopiu.net\/wordpress\/wp-content\/uploads\/2025\/07\/download-16.jpg\" width=\"137\" height=\"85\" \/>ALLEGHE<\/strong> un\u2019autovettura, durante una manovra nei pressi di uno svincolo, \u00e8 rimasta incastrata contro il cordolo, occupando parzialmente la carreggiata e provocando intralcio alla circolazione. Fortunatamente nessuna persona \u00e8 rimasta coinvolta. I Vigili del Fuoco, arrivati prontamente sul posto, hanno messo in sicurezza l\u2019area e provveduto a liberare il veicolo, permettendo in breve tempo il ripristino della normale viabilit\u00e0. L\u2019intervento si \u00e8 concluso in circa 30 minuti, senza ulteriori problemi.<\/p>\n<p>&nbsp;<\/p>\n<p>&nbsp;<\/p>\n<hr \/>\n<p>&nbsp;<\/p>\n<blockquote>\n<h3>LAVORATRICE MADRE COSTRETTA A SCEGLIERE TRA FAMIGLIA E LAVORO: SIMBOLO DI DISPARIT\u00c0 DI GENERE?<\/h3>\n<\/blockquote>\n<p><strong><img loading=\"lazy\" decoding=\"async\" class=\"alignleft\" src=\"https:\/\/www.radiopiu.net\/wordpress\/wp-content\/uploads\/2023\/03\/MUNCIPIO-CORTINA.png\" width=\"159\" height=\"138\" \/>CORTINA<\/strong> L\u2019avvocato Ivan Borsato, esperto giuslavorista bellunese e gi\u00e0 consulente della Consigliera Provinciale di Parit\u00e0, ha seguito il caso di \u201cLisa\u201d (nome di fantasia), madre lavoratrice dipendente di Cortina Marketing, societ\u00e0 pubblica partecipata dal Comune di Cortina d\u2019Ampezzo. Dopo la seconda gravidanza, Lisa ha chiesto di lavorare in modalit\u00e0 agile per conciliare esigenze familiari e professionali, vista anche la distanza di 70 km dal luogo di lavoro. L\u2019azienda, che aveva gi\u00e0 concesso temporaneamente lo smart working solo su indicazione medica, ha poi negato qualsiasi forma di flessibilit\u00e0, sostenendo che sarebbe stato discriminatorio verso altri dipendenti. Nonostante il coinvolgimento della Consigliera di Parit\u00e0 e dell\u2019Ispettorato del Lavoro, ogni tentativo di accordo \u00e8 fallito. Lisa, con il sostegno legale di Borsato, ha proposto una formula mista (tre giorni da remoto, due in presenza), ricevendo un rifiuto definitivo. La vicenda, resa pubblica, denuncia una realt\u00e0 ancora troppo diffusa: la mancanza di tutela per le madri lavoratrici, anche in enti pubblici. Lisa ha scelto di esporsi per promuovere una maggiore sensibilit\u00e0 sul diritto alla conciliazione tra vita privata e lavoro.<\/p>\n<p>&nbsp;<\/p>\n<h1 class=\"_title post-title entry-title\">LA \u2018REGINA\u2019 E\u2019 MATRIGNA: MADRE LAVORATRICE CHIEDE LAVORO AGILE, L\u2019AZIENDA DICE \u2018NO\u2019<\/h1>\n<p>\u2013 Intervistati IVAN BORSATO GIUSLAVORISTA (AL TELEFONO) (Servizio di\u00a0<a href=\"https:\/\/antennatre.medianordest.it\/redazione\/Tiziana-Bolognani\/\">Tiziana Bolognani<\/a>)<\/p>\n<p><iframe loading=\"lazy\" title=\"LA &#039;REGINA&#039; E&#039; MATRIGNA: MADRE LAVORATRICE CHIEDE LAVORO AGILE, L&#039;AZIENDA DICE &#039;NO&#039; | 23\/07\/2025\" width=\"1200\" height=\"675\" src=\"https:\/\/www.youtube.com\/embed\/L8d4ikhy3gg?feature=oembed\" frameborder=\"0\" allow=\"accelerometer; autoplay; clipboard-write; encrypted-media; gyroscope; picture-in-picture; web-share\" referrerpolicy=\"strict-origin-when-cross-origin\" allowfullscreen><\/iframe><\/p>\n<p>&nbsp;<\/p>\n<hr \/>\n<p>&nbsp;<\/p>\n<blockquote>\n<h3>FRANA DI SAN VITO: LA PROVINCIA DIFENDE IL PROPRIO OPERATO E RESPINGE LE POLEMICHE<\/h3>\n<\/blockquote>\n<p><strong><a class=\"dt-pswp-item\" href=\"https:\/\/www.radiopiu.net\/wordpress\/wp-content\/uploads\/2025\/07\/cfdb9f31-773f-4934-a869-ccfa0652acbe.jpg\" data-dt-img-description=\"\" data-large_image_width=\"1280\" data-large_image_height=\"720\"><img loading=\"lazy\" decoding=\"async\" class=\" wp-image-457023 alignleft\" src=\"https:\/\/www.radiopiu.net\/wordpress\/wp-content\/uploads\/2025\/07\/cfdb9f31-773f-4934-a869-ccfa0652acbe-300x169.jpg\" alt=\"\" width=\"213\" height=\"120\" srcset=\"https:\/\/www.radiopiu.net\/wordpress\/wp-content\/uploads\/2025\/07\/cfdb9f31-773f-4934-a869-ccfa0652acbe-300x169.jpg 300w, https:\/\/www.radiopiu.net\/wordpress\/wp-content\/uploads\/2025\/07\/cfdb9f31-773f-4934-a869-ccfa0652acbe-1024x576.jpg 1024w, https:\/\/www.radiopiu.net\/wordpress\/wp-content\/uploads\/2025\/07\/cfdb9f31-773f-4934-a869-ccfa0652acbe-768x432.jpg 768w, https:\/\/www.radiopiu.net\/wordpress\/wp-content\/uploads\/2025\/07\/cfdb9f31-773f-4934-a869-ccfa0652acbe.jpg 1280w\" sizes=\"auto, (max-width: 213px) 100vw, 213px\" \/><\/a>BELLUNO <\/strong>In risposta alle recenti dichiarazioni del sindaco di Pieve di Cadore, Sindy Manushi, la Provincia di Belluno chiarisce con fermezza il proprio impegno riguardo alla frana di San Vito. Il consigliere delegato alla Difesa del Suolo, Massimo Bortoluzzi, sottolinea che il monitoraggio \u00e8 partito subito e che gran parte delle opere previste \u00e8 gi\u00e0 stata realizzata. Manca solo l\u2019installazione degli accelerometri, materiali altamente tecnici che richiedono tempi e procedure specifiche. Alcuni strumenti, come i pluviometri, sono stati danneggiati da una recente colata detritica, causando inevitabili ritardi. Bortoluzzi evidenzia la complessit\u00e0 delle soluzioni tecniche e la necessit\u00e0 di affidare il sistema ad ANAS per il collaudo finale. Il presidente della Provincia, Roberto Padrin, respinge ogni strumentalizzazione politica, ribadendo che la seduta del Consiglio provinciale a San Vito sar\u00e0 un momento di confronto reale con i cittadini. Padrin ricorda anche il costante lavoro dietro le quinte con ANAS e le istituzioni per affrontare strutturalmente la viabilit\u00e0 in Cadore. Intanto, proseguono interventi urgenti anche in altre zone, come in valle di Schievenin.<\/p>\n<p>&nbsp;<\/p>\n<p>&nbsp;<\/p>\n<hr \/>\n<p>&nbsp;<\/p>\n<blockquote>\n<h3>MEZZI DI SOCCORSO E PISTA DI EMERGENZA OLTRE IL PONTE DEL GIGION<\/h3>\n<\/blockquote>\n<p><strong><a class=\"dt-pswp-item\" href=\"https:\/\/www.radiopiu.net\/wordpress\/wp-content\/uploads\/2025\/07\/Screenshot-2025-07-23-144038.png\" data-dt-img-description=\"\" data-large_image_width=\"194\" data-large_image_height=\"269\"><img loading=\"lazy\" decoding=\"async\" class=\" wp-image-460828 alignleft\" src=\"https:\/\/www.radiopiu.net\/wordpress\/wp-content\/uploads\/2025\/07\/Screenshot-2025-07-23-144038.png\" alt=\"\" width=\"104\" height=\"144\" \/><\/a>GOSALDO<\/strong> Un importante presidio di sicurezza \u00e8 stato attivato per la frazione\u00a0 Pattine. Il Comune di Gosaldo, in collaborazione con la Protezione Civile, Ulss 1 Dolomiti e i Vigili del Fuoco, ha posizionato alcuni mezzi di soccorso oltre il ponte del &#8220;Gigion&#8221;, punto strategico per l\u2019accesso all\u2019area. L&#8217;iniziativa \u00e8 stata comunicata dal vicesindaco Florinda Cialdella (foto), che ha anche diffuso le immagini dei mezzi gi\u00e0 pronti a intervenire in caso di necessit\u00e0. <em>\u00abAbbiamo voluto essere pronti a ogni evenienza\u00bb<\/em>, spiega la vicesindaca e assessora.<em> \u00abIn caso di maltempo o emergenze, i mezzi gi\u00e0 presenti sul posto potranno agire rapidamente, garantendo assistenza immediata agli abitanti della frazione\u00bb. <\/em>Inoltre, \u00e8 stata creata una pista di emergenza, transitabile esclusivamente dai mezzi di soccorso. <em>\u00ab\u00c8 un\u2019infrastruttura temporanea e verr\u00e0 utilizzata solo se strettamente necessario. \u00a0Ci sembrava opportuno rassicurare la popolazione: stiamo facendo il possibile per garantire la sicurezza di tutti e, al contempo, lavoriamo per risolvere il problema in tempi brevi\u00bb.\u00a0<\/em><\/p>\n\n\t\t\t<style type='text\/css'>\n\t\t\t\t#gallery-2 {\n\t\t\t\t\tmargin: auto;\n\t\t\t\t}\n\t\t\t\t#gallery-2 .gallery-item {\n\t\t\t\t\tfloat: left;\n\t\t\t\t\tmargin-top: 10px;\n\t\t\t\t\ttext-align: center;\n\t\t\t\t\twidth: 50%;\n\t\t\t\t}\n\t\t\t\t#gallery-2 img {\n\t\t\t\t\tborder: 2px solid #cfcfcf;\n\t\t\t\t}\n\t\t\t\t#gallery-2 .gallery-caption {\n\t\t\t\t\tmargin-left: 0;\n\t\t\t\t}\n\t\t\t\t\/* see gallery_shortcode() in wp-includes\/media.php *\/\n\t\t\t<\/style>\n\t\t<div id='gallery-2' class='dt-gallery-container gallery galleryid-460743 gallery-columns-2 gallery-size-medium'><dl class='gallery-item'>\n\t\t\t\t<dt class='gallery-icon portrait'>\n\t\t\t\t\t<a class=\"rollover rollover-zoom dt-pswp-item\" title=\"52d4af0b-11da-404c-9c3a-5aada94232c8\" data-dt-img-description=\"\" data-large_image_width=\"1200\" data-large_image_height=\"1600\"href='https:\/\/www.radiopiu.net\/wordpress\/wp-content\/uploads\/2025\/07\/52d4af0b-11da-404c-9c3a-5aada94232c8.jpg'><img loading=\"lazy\" decoding=\"async\" width=\"225\" height=\"300\" src=\"https:\/\/www.radiopiu.net\/wordpress\/wp-content\/uploads\/2025\/07\/52d4af0b-11da-404c-9c3a-5aada94232c8-225x300.jpg\" class=\"attachment-medium size-medium\" alt=\"\" srcset=\"https:\/\/www.radiopiu.net\/wordpress\/wp-content\/uploads\/2025\/07\/52d4af0b-11da-404c-9c3a-5aada94232c8-225x300.jpg 225w, https:\/\/www.radiopiu.net\/wordpress\/wp-content\/uploads\/2025\/07\/52d4af0b-11da-404c-9c3a-5aada94232c8-768x1024.jpg 768w, https:\/\/www.radiopiu.net\/wordpress\/wp-content\/uploads\/2025\/07\/52d4af0b-11da-404c-9c3a-5aada94232c8-1152x1536.jpg 1152w, https:\/\/www.radiopiu.net\/wordpress\/wp-content\/uploads\/2025\/07\/52d4af0b-11da-404c-9c3a-5aada94232c8.jpg 1200w\" sizes=\"auto, (max-width: 225px) 100vw, 225px\" \/><\/a>\n\t\t\t\t<\/dt><\/dl><dl class='gallery-item'>\n\t\t\t\t<dt class='gallery-icon landscape'>\n\t\t\t\t\t<a class=\"rollover rollover-zoom dt-pswp-item\" title=\"242fc7d8-354a-4698-b58f-2a5e83ad3ffc\" data-dt-img-description=\"\" data-large_image_width=\"1600\" data-large_image_height=\"1200\"href='https:\/\/www.radiopiu.net\/wordpress\/wp-content\/uploads\/2025\/07\/242fc7d8-354a-4698-b58f-2a5e83ad3ffc.jpg'><img loading=\"lazy\" decoding=\"async\" width=\"300\" height=\"225\" src=\"https:\/\/www.radiopiu.net\/wordpress\/wp-content\/uploads\/2025\/07\/242fc7d8-354a-4698-b58f-2a5e83ad3ffc-300x225.jpg\" class=\"attachment-medium size-medium\" alt=\"\" srcset=\"https:\/\/www.radiopiu.net\/wordpress\/wp-content\/uploads\/2025\/07\/242fc7d8-354a-4698-b58f-2a5e83ad3ffc-300x225.jpg 300w, https:\/\/www.radiopiu.net\/wordpress\/wp-content\/uploads\/2025\/07\/242fc7d8-354a-4698-b58f-2a5e83ad3ffc-1024x768.jpg 1024w, https:\/\/www.radiopiu.net\/wordpress\/wp-content\/uploads\/2025\/07\/242fc7d8-354a-4698-b58f-2a5e83ad3ffc-768x576.jpg 768w, https:\/\/www.radiopiu.net\/wordpress\/wp-content\/uploads\/2025\/07\/242fc7d8-354a-4698-b58f-2a5e83ad3ffc-1536x1152.jpg 1536w, https:\/\/www.radiopiu.net\/wordpress\/wp-content\/uploads\/2025\/07\/242fc7d8-354a-4698-b58f-2a5e83ad3ffc.jpg 1600w\" sizes=\"auto, (max-width: 300px) 100vw, 300px\" \/><\/a>\n\t\t\t\t<\/dt><\/dl><br style=\"clear: both\" \/>\n\t\t\t<\/div>\n\n<p>&nbsp;<\/p>\n<hr \/>\n<p>&nbsp;<\/p>\n<blockquote>\n<h3>NUOVE TABELLE DELL\u2019ALTA VIA 1 DETURPATE: IL CAI AGORDO DENUNCIA GLI ATTI VANDALICI SUI SENTIERI DOLOMITICI<\/h3>\n<\/blockquote>\n<p><strong>AGORDO<\/strong> Un\u2019importante opera di riqualificazione delle Alte Vie n. 1 e n. 2, portata avanti con impegno dai volontari del CAI Agordo, \u00e8 stata compromessa da atti vandalici. Sull\u2019Alta Via n. 1, itinerario dolomitico molto frequentato, sono state installate nuove tabelle in alluminio, grazie al sostegno dei Comuni Confinanti. Queste indicazioni, posizionate con fatica e cura, servono a garantire sicurezza e orientamento agli escursionisti. Tuttavia, poco dopo il montaggio, alcune segnalazioni hanno denunciato la presenza di adesivi che deturpano le tabelle, rendendole difficili da leggere. Antonello Cibien, responsabile sentieristica del CAI Agordo, condanna il gesto, che dimostra mancanza di rispetto per l\u2019ambiente e il lavoro dei volontari. Il vandalismo si estende anche alle cassette porta libro di vetta, spesso rovinate da scritte o adesivi. Cibien invita a riflettere: chi parte con l\u2019intento di lasciare un segno distruttivo dimostra assenza di sensibilit\u00e0. La montagna offre molto e chiede poco: rispetto, buonsenso e educazione civica dovrebbero sempre accompagnare chi la frequenta.<\/p>\n<p><strong>DI GIANNI SANTOMASO<\/strong><\/p>\n<audio class=\"wp-audio-shortcode\" id=\"audio-460743-7\" preload=\"none\" style=\"width: 100%;\" controls=\"controls\"><source type=\"audio\/mpeg\" src=\"https:\/\/www.radiopiu.net\/wordpress\/wp-content\/uploads\/2025\/07\/GIANNI-TABELLE-CAI.mp3?_=7\" \/><a href=\"https:\/\/www.radiopiu.net\/wordpress\/wp-content\/uploads\/2025\/07\/GIANNI-TABELLE-CAI.mp3\">https:\/\/www.radiopiu.net\/wordpress\/wp-content\/uploads\/2025\/07\/GIANNI-TABELLE-CAI.mp3<\/a><\/audio>\n<p>&nbsp;<\/p>\n\n\t\t\t<style type='text\/css'>\n\t\t\t\t#gallery-3 {\n\t\t\t\t\tmargin: auto;\n\t\t\t\t}\n\t\t\t\t#gallery-3 .gallery-item {\n\t\t\t\t\tfloat: left;\n\t\t\t\t\tmargin-top: 10px;\n\t\t\t\t\ttext-align: center;\n\t\t\t\t\twidth: 25%;\n\t\t\t\t}\n\t\t\t\t#gallery-3 img {\n\t\t\t\t\tborder: 2px solid #cfcfcf;\n\t\t\t\t}\n\t\t\t\t#gallery-3 .gallery-caption {\n\t\t\t\t\tmargin-left: 0;\n\t\t\t\t}\n\t\t\t\t\/* see gallery_shortcode() in wp-includes\/media.php *\/\n\t\t\t<\/style>\n\t\t<div id='gallery-3' class='dt-gallery-container gallery galleryid-460743 gallery-columns-4 gallery-size-thumbnail'><dl class='gallery-item'>\n\t\t\t\t<dt class='gallery-icon portrait'>\n\t\t\t\t\t<a class=\"rollover rollover-zoom dt-pswp-item\" title=\"7a4c500b-78d4-4afd-96ad-c9cea7ffe6bc\" data-dt-img-description=\"\" data-large_image_width=\"1200\" data-large_image_height=\"1600\"href='https:\/\/www.radiopiu.net\/wordpress\/wp-content\/uploads\/2025\/07\/7a4c500b-78d4-4afd-96ad-c9cea7ffe6bc.jpg'><img loading=\"lazy\" decoding=\"async\" width=\"150\" height=\"150\" src=\"https:\/\/www.radiopiu.net\/wordpress\/wp-content\/uploads\/2025\/07\/7a4c500b-78d4-4afd-96ad-c9cea7ffe6bc-150x150.jpg\" class=\"attachment-thumbnail size-thumbnail\" alt=\"\" \/><\/a>\n\t\t\t\t<\/dt><\/dl><dl class='gallery-item'>\n\t\t\t\t<dt class='gallery-icon portrait'>\n\t\t\t\t\t<a class=\"rollover rollover-zoom dt-pswp-item\" title=\"24fb6d3f-4b23-47fd-bfbd-c73b4a32efa6\" data-dt-img-description=\"\" data-large_image_width=\"1200\" data-large_image_height=\"1600\"href='https:\/\/www.radiopiu.net\/wordpress\/wp-content\/uploads\/2025\/07\/24fb6d3f-4b23-47fd-bfbd-c73b4a32efa6.jpg'><img loading=\"lazy\" decoding=\"async\" width=\"150\" height=\"150\" src=\"https:\/\/www.radiopiu.net\/wordpress\/wp-content\/uploads\/2025\/07\/24fb6d3f-4b23-47fd-bfbd-c73b4a32efa6-150x150.jpg\" class=\"attachment-thumbnail size-thumbnail\" alt=\"\" \/><\/a>\n\t\t\t\t<\/dt><\/dl><dl class='gallery-item'>\n\t\t\t\t<dt class='gallery-icon landscape'>\n\t\t\t\t\t<a class=\"rollover rollover-zoom dt-pswp-item\" title=\"994c5216-366e-4734-aed9-4f9ce2f44069\" data-dt-img-description=\"\" data-large_image_width=\"2048\" data-large_image_height=\"1153\"href='https:\/\/www.radiopiu.net\/wordpress\/wp-content\/uploads\/2025\/07\/994c5216-366e-4734-aed9-4f9ce2f44069.jpg'><img loading=\"lazy\" decoding=\"async\" width=\"150\" height=\"150\" src=\"https:\/\/www.radiopiu.net\/wordpress\/wp-content\/uploads\/2025\/07\/994c5216-366e-4734-aed9-4f9ce2f44069-150x150.jpg\" class=\"attachment-thumbnail size-thumbnail\" alt=\"\" \/><\/a>\n\t\t\t\t<\/dt><\/dl><dl class='gallery-item'>\n\t\t\t\t<dt class='gallery-icon portrait'>\n\t\t\t\t\t<a class=\"rollover rollover-zoom dt-pswp-item\" title=\"a1001b73-5119-49e8-9edd-66e9f854200b\" data-dt-img-description=\"\" data-large_image_width=\"1153\" data-large_image_height=\"2048\"href='https:\/\/www.radiopiu.net\/wordpress\/wp-content\/uploads\/2025\/07\/a1001b73-5119-49e8-9edd-66e9f854200b.jpg'><img loading=\"lazy\" decoding=\"async\" width=\"150\" height=\"150\" src=\"https:\/\/www.radiopiu.net\/wordpress\/wp-content\/uploads\/2025\/07\/a1001b73-5119-49e8-9edd-66e9f854200b-150x150.jpg\" class=\"attachment-thumbnail size-thumbnail\" alt=\"\" \/><\/a>\n\t\t\t\t<\/dt><\/dl><br style=\"clear: both\" \/>\n\t\t\t<\/div>\n\n<p>&nbsp;<\/p>\n<hr \/>\n<p>&nbsp;<\/p>\n<blockquote>\n<h3>MODIFICA ALLA VIABILIT\u00c0 NEL CENTRO DI ALLEGHE DAL 1\u00b0 AL 31 AGOSTO<\/h3>\n<\/blockquote>\n<p><strong>DI MARINA DONA&#8217;<\/strong><\/p>\n<p><strong>ALLEGHE <\/strong>Dal 1\u00b0 al 31 agosto 2025 il centro di Alleghe sar\u00e0 interessato da modifiche alla viabilit\u00e0 con l\u2019istituzione di una ZTL nelle seguenti aree: vie Lungolago, Europa, Monte Pape e piazza Kennedy (dal civico 27 \u2013 Ufficio Turistico \u2013 al civico 27 \u2013 Hotel Alle Alpi \u2013 fino all\u2019inizio di via Europa e via Monte Pape). In tali zone sar\u00e0 vietato il transito dalle ore 00:00 alle 23:59, eccetto per: veicoli muniti di contrassegno, ospiti e dipendenti di strutture ricettive, veicoli per carico\/scarico merci, con accesso consentito fino alle ore 10:00. Il provvedimento \u00e8 finalizzato a ridurre il traffico e aumentare la sicurezza in piazza Kennedy, soggetta a congestione e rischio per i pedoni. Presso l\u2019ingresso della piazza sar\u00e0 istituito un parcheggio per motociclette. Per chi deve recarsi al supermercato o svolgere commissioni: il parcheggio centrale sar\u00e0 gratuito per la prima ora; se si superano i 60 minuti, sar\u00e0 dovuto il pagamento di un\u2019ora e mezza di sosta.<\/p>\n<div style=\"width: 848px;\" class=\"wp-video\"><video class=\"wp-video-shortcode\" id=\"video-460743-1\" width=\"848\" height=\"480\" preload=\"metadata\" controls=\"controls\"><source type=\"video\/mp4\" src=\"https:\/\/www.radiopiu.net\/wordpress\/wp-content\/uploads\/2025\/07\/WhatsApp-Video-2025-07-23-at-22.26.57.mp4?_=1\" \/><a href=\"https:\/\/www.radiopiu.net\/wordpress\/wp-content\/uploads\/2025\/07\/WhatsApp-Video-2025-07-23-at-22.26.57.mp4\">https:\/\/www.radiopiu.net\/wordpress\/wp-content\/uploads\/2025\/07\/WhatsApp-Video-2025-07-23-at-22.26.57.mp4<\/a><\/video><\/div>\n<p>&nbsp;<\/p>\n\n\t\t\t<style type='text\/css'>\n\t\t\t\t#gallery-4 {\n\t\t\t\t\tmargin: auto;\n\t\t\t\t}\n\t\t\t\t#gallery-4 .gallery-item {\n\t\t\t\t\tfloat: left;\n\t\t\t\t\tmargin-top: 10px;\n\t\t\t\t\ttext-align: center;\n\t\t\t\t\twidth: 16%;\n\t\t\t\t}\n\t\t\t\t#gallery-4 img {\n\t\t\t\t\tborder: 2px solid #cfcfcf;\n\t\t\t\t}\n\t\t\t\t#gallery-4 .gallery-caption {\n\t\t\t\t\tmargin-left: 0;\n\t\t\t\t}\n\t\t\t\t\/* see gallery_shortcode() in wp-includes\/media.php *\/\n\t\t\t<\/style>\n\t\t<div id='gallery-4' class='dt-gallery-container gallery galleryid-460743 gallery-columns-6 gallery-size-thumbnail'><dl class='gallery-item'>\n\t\t\t\t<dt class='gallery-icon landscape'>\n\t\t\t\t\t<a class=\"rollover rollover-zoom dt-pswp-item\" title=\"4f159f00-9935-4bad-b002-69bf49889acd\" data-dt-img-description=\"\" data-large_image_width=\"2000\" data-large_image_height=\"1500\"href='https:\/\/www.radiopiu.net\/wordpress\/wp-content\/uploads\/2025\/07\/4f159f00-9935-4bad-b002-69bf49889acd.jpg'><img loading=\"lazy\" decoding=\"async\" width=\"150\" height=\"150\" src=\"https:\/\/www.radiopiu.net\/wordpress\/wp-content\/uploads\/2025\/07\/4f159f00-9935-4bad-b002-69bf49889acd-150x150.jpg\" class=\"attachment-thumbnail size-thumbnail\" alt=\"\" \/><\/a>\n\t\t\t\t<\/dt><\/dl><dl class='gallery-item'>\n\t\t\t\t<dt class='gallery-icon landscape'>\n\t\t\t\t\t<a class=\"rollover rollover-zoom dt-pswp-item\" title=\"cda37991-15f9-48bb-86bd-dce9af584c71\" data-dt-img-description=\"\" data-large_image_width=\"2000\" data-large_image_height=\"1500\"href='https:\/\/www.radiopiu.net\/wordpress\/wp-content\/uploads\/2025\/07\/cda37991-15f9-48bb-86bd-dce9af584c71.jpg'><img loading=\"lazy\" decoding=\"async\" width=\"150\" height=\"150\" src=\"https:\/\/www.radiopiu.net\/wordpress\/wp-content\/uploads\/2025\/07\/cda37991-15f9-48bb-86bd-dce9af584c71-150x150.jpg\" class=\"attachment-thumbnail size-thumbnail\" alt=\"\" \/><\/a>\n\t\t\t\t<\/dt><\/dl><dl class='gallery-item'>\n\t\t\t\t<dt class='gallery-icon landscape'>\n\t\t\t\t\t<a class=\"rollover rollover-zoom dt-pswp-item\" title=\"779171c0-3ef7-430f-bd52-e95bdef361d1\" data-dt-img-description=\"\" data-large_image_width=\"2000\" data-large_image_height=\"1500\"href='https:\/\/www.radiopiu.net\/wordpress\/wp-content\/uploads\/2025\/07\/779171c0-3ef7-430f-bd52-e95bdef361d1.jpg'><img loading=\"lazy\" decoding=\"async\" width=\"150\" height=\"150\" src=\"https:\/\/www.radiopiu.net\/wordpress\/wp-content\/uploads\/2025\/07\/779171c0-3ef7-430f-bd52-e95bdef361d1-150x150.jpg\" class=\"attachment-thumbnail size-thumbnail\" alt=\"\" \/><\/a>\n\t\t\t\t<\/dt><\/dl><dl class='gallery-item'>\n\t\t\t\t<dt class='gallery-icon landscape'>\n\t\t\t\t\t<a class=\"rollover rollover-zoom dt-pswp-item\" title=\"a4f0964a-4d47-4da7-a535-0a0e355103f0\" data-dt-img-description=\"\" data-large_image_width=\"2000\" data-large_image_height=\"1500\"href='https:\/\/www.radiopiu.net\/wordpress\/wp-content\/uploads\/2025\/07\/a4f0964a-4d47-4da7-a535-0a0e355103f0.jpg'><img loading=\"lazy\" decoding=\"async\" width=\"150\" height=\"150\" src=\"https:\/\/www.radiopiu.net\/wordpress\/wp-content\/uploads\/2025\/07\/a4f0964a-4d47-4da7-a535-0a0e355103f0-150x150.jpg\" class=\"attachment-thumbnail size-thumbnail\" alt=\"\" \/><\/a>\n\t\t\t\t<\/dt><\/dl><dl class='gallery-item'>\n\t\t\t\t<dt class='gallery-icon landscape'>\n\t\t\t\t\t<a class=\"rollover rollover-zoom dt-pswp-item\" title=\"d876a5de-84c3-4b4b-a9a0-ab21ce3a83d9\" data-dt-img-description=\"\" data-large_image_width=\"2000\" data-large_image_height=\"1500\"href='https:\/\/www.radiopiu.net\/wordpress\/wp-content\/uploads\/2025\/07\/d876a5de-84c3-4b4b-a9a0-ab21ce3a83d9.jpg'><img loading=\"lazy\" decoding=\"async\" width=\"150\" height=\"150\" src=\"https:\/\/www.radiopiu.net\/wordpress\/wp-content\/uploads\/2025\/07\/d876a5de-84c3-4b4b-a9a0-ab21ce3a83d9-150x150.jpg\" class=\"attachment-thumbnail size-thumbnail\" alt=\"\" \/><\/a>\n\t\t\t\t<\/dt><\/dl><dl class='gallery-item'>\n\t\t\t\t<dt class='gallery-icon landscape'>\n\t\t\t\t\t<a class=\"rollover rollover-zoom dt-pswp-item\" title=\"a682a409-8c01-422f-95a8-484a2dbb5af6\" data-dt-img-description=\"\" data-large_image_width=\"2000\" data-large_image_height=\"1500\"href='https:\/\/www.radiopiu.net\/wordpress\/wp-content\/uploads\/2025\/07\/a682a409-8c01-422f-95a8-484a2dbb5af6.jpg'><img loading=\"lazy\" decoding=\"async\" width=\"150\" height=\"150\" src=\"https:\/\/www.radiopiu.net\/wordpress\/wp-content\/uploads\/2025\/07\/a682a409-8c01-422f-95a8-484a2dbb5af6-150x150.jpg\" class=\"attachment-thumbnail size-thumbnail\" alt=\"\" \/><\/a>\n\t\t\t\t<\/dt><\/dl><br style=\"clear: both\" \/><dl class='gallery-item'>\n\t\t\t\t<dt class='gallery-icon landscape'>\n\t\t\t\t\t<a class=\"rollover rollover-zoom dt-pswp-item\" title=\"c637f286-cee3-4373-b13c-4e1e37d3033c\" data-dt-img-description=\"\" data-large_image_width=\"2000\" data-large_image_height=\"1500\"href='https:\/\/www.radiopiu.net\/wordpress\/wp-content\/uploads\/2025\/07\/c637f286-cee3-4373-b13c-4e1e37d3033c.jpg'><img loading=\"lazy\" decoding=\"async\" width=\"150\" height=\"150\" src=\"https:\/\/www.radiopiu.net\/wordpress\/wp-content\/uploads\/2025\/07\/c637f286-cee3-4373-b13c-4e1e37d3033c-150x150.jpg\" class=\"attachment-thumbnail size-thumbnail\" alt=\"\" \/><\/a>\n\t\t\t\t<\/dt><\/dl><dl class='gallery-item'>\n\t\t\t\t<dt class='gallery-icon landscape'>\n\t\t\t\t\t<a class=\"rollover rollover-zoom dt-pswp-item\" title=\"e7ec533c-e916-41a3-bb34-1a536c845b46\" data-dt-img-description=\"\" data-large_image_width=\"2000\" data-large_image_height=\"1500\"href='https:\/\/www.radiopiu.net\/wordpress\/wp-content\/uploads\/2025\/07\/e7ec533c-e916-41a3-bb34-1a536c845b46.jpg'><img loading=\"lazy\" decoding=\"async\" width=\"150\" height=\"150\" src=\"https:\/\/www.radiopiu.net\/wordpress\/wp-content\/uploads\/2025\/07\/e7ec533c-e916-41a3-bb34-1a536c845b46-150x150.jpg\" class=\"attachment-thumbnail size-thumbnail\" alt=\"\" \/><\/a>\n\t\t\t\t<\/dt><\/dl><dl class='gallery-item'>\n\t\t\t\t<dt class='gallery-icon landscape'>\n\t\t\t\t\t<a class=\"rollover rollover-zoom dt-pswp-item\" title=\"c0064e63-ff2d-4924-aa2c-33ca65a45073\" data-dt-img-description=\"\" data-large_image_width=\"2000\" data-large_image_height=\"1500\"href='https:\/\/www.radiopiu.net\/wordpress\/wp-content\/uploads\/2025\/07\/c0064e63-ff2d-4924-aa2c-33ca65a45073-rotated.jpg'><img loading=\"lazy\" decoding=\"async\" width=\"150\" height=\"150\" src=\"https:\/\/www.radiopiu.net\/wordpress\/wp-content\/uploads\/2025\/07\/c0064e63-ff2d-4924-aa2c-33ca65a45073-150x150.jpg\" class=\"attachment-thumbnail size-thumbnail\" alt=\"\" \/><\/a>\n\t\t\t\t<\/dt><\/dl><dl class='gallery-item'>\n\t\t\t\t<dt class='gallery-icon landscape'>\n\t\t\t\t\t<a class=\"rollover rollover-zoom dt-pswp-item\" title=\"8f285899-e98e-45c8-8586-c9416adb9123\" data-dt-img-description=\"\" data-large_image_width=\"2000\" data-large_image_height=\"1500\"href='https:\/\/www.radiopiu.net\/wordpress\/wp-content\/uploads\/2025\/07\/8f285899-e98e-45c8-8586-c9416adb9123.jpg'><img loading=\"lazy\" decoding=\"async\" width=\"150\" height=\"150\" src=\"https:\/\/www.radiopiu.net\/wordpress\/wp-content\/uploads\/2025\/07\/8f285899-e98e-45c8-8586-c9416adb9123-150x150.jpg\" class=\"attachment-thumbnail size-thumbnail\" alt=\"\" \/><\/a>\n\t\t\t\t<\/dt><\/dl><dl class='gallery-item'>\n\t\t\t\t<dt class='gallery-icon landscape'>\n\t\t\t\t\t<a class=\"rollover rollover-zoom dt-pswp-item\" title=\"c71aeee1-ca24-4b4a-a3db-4eb33ea8d7ee\" data-dt-img-description=\"\" data-large_image_width=\"2048\" data-large_image_height=\"1536\"href='https:\/\/www.radiopiu.net\/wordpress\/wp-content\/uploads\/2025\/07\/c71aeee1-ca24-4b4a-a3db-4eb33ea8d7ee.jpg'><img loading=\"lazy\" decoding=\"async\" width=\"150\" height=\"150\" src=\"https:\/\/www.radiopiu.net\/wordpress\/wp-content\/uploads\/2025\/07\/c71aeee1-ca24-4b4a-a3db-4eb33ea8d7ee-150x150.jpg\" class=\"attachment-thumbnail size-thumbnail\" alt=\"\" \/><\/a>\n\t\t\t\t<\/dt><\/dl><dl class='gallery-item'>\n\t\t\t\t<dt class='gallery-icon landscape'>\n\t\t\t\t\t<a class=\"rollover rollover-zoom dt-pswp-item\" title=\"0993927e-de82-4925-98e0-b1198530bb17\" data-dt-img-description=\"\" data-large_image_width=\"2000\" data-large_image_height=\"1500\"href='https:\/\/www.radiopiu.net\/wordpress\/wp-content\/uploads\/2025\/07\/0993927e-de82-4925-98e0-b1198530bb17.jpg'><img loading=\"lazy\" decoding=\"async\" width=\"150\" height=\"150\" src=\"https:\/\/www.radiopiu.net\/wordpress\/wp-content\/uploads\/2025\/07\/0993927e-de82-4925-98e0-b1198530bb17-150x150.jpg\" class=\"attachment-thumbnail size-thumbnail\" alt=\"\" \/><\/a>\n\t\t\t\t<\/dt><\/dl><br style=\"clear: both\" \/>\n\t\t\t<\/div>\n\n<p>&nbsp;<\/p>\n<hr \/>\n<p>&nbsp;<\/p>\n<blockquote>\n<h3>AL VIA DA SETTEMBRE I LAVORI DI RIQUALIFICAZIONE ENERGETICA E TECNOLOGICA DELL&#8217;ILLUMINAZIONE PUBBLICA A BELLUNO<\/h3>\n<\/blockquote>\n<p><strong><a class=\"dt-pswp-item\" href=\"https:\/\/www.radiopiu.net\/wordpress\/wp-content\/uploads\/2025\/07\/518d0d57-74c7-4144-948e-aa0c4c551c96-scaled.jpg\" data-dt-img-description=\"\" data-large_image_width=\"2560\" data-large_image_height=\"1920\"><img loading=\"lazy\" decoding=\"async\" class=\" wp-image-460797 alignleft\" src=\"https:\/\/www.radiopiu.net\/wordpress\/wp-content\/uploads\/2025\/07\/518d0d57-74c7-4144-948e-aa0c4c551c96-300x225.jpg\" alt=\"\" width=\"195\" height=\"146\" srcset=\"https:\/\/www.radiopiu.net\/wordpress\/wp-content\/uploads\/2025\/07\/518d0d57-74c7-4144-948e-aa0c4c551c96-300x225.jpg 300w, https:\/\/www.radiopiu.net\/wordpress\/wp-content\/uploads\/2025\/07\/518d0d57-74c7-4144-948e-aa0c4c551c96-1024x768.jpg 1024w, https:\/\/www.radiopiu.net\/wordpress\/wp-content\/uploads\/2025\/07\/518d0d57-74c7-4144-948e-aa0c4c551c96-768x576.jpg 768w, https:\/\/www.radiopiu.net\/wordpress\/wp-content\/uploads\/2025\/07\/518d0d57-74c7-4144-948e-aa0c4c551c96-1536x1152.jpg 1536w, https:\/\/www.radiopiu.net\/wordpress\/wp-content\/uploads\/2025\/07\/518d0d57-74c7-4144-948e-aa0c4c551c96-2048x1536.jpg 2048w\" sizes=\"auto, (max-width: 195px) 100vw, 195px\" \/><\/a>BELLUNO<\/strong> Al via da settembre i lavori di riqualificazione energetica e tecnologica dell&#8217;illuminazione pubblica a Belluno: presentato l&#8217;accordo tra Palazzo Rosso ed Edison Next.<\/p>\n<p><strong>DI DANIELE DALVIT<\/strong><\/p>\n<audio class=\"wp-audio-shortcode\" id=\"audio-460743-8\" preload=\"none\" style=\"width: 100%;\" controls=\"controls\"><source type=\"audio\/mpeg\" src=\"https:\/\/www.radiopiu.net\/wordpress\/wp-content\/uploads\/2025\/07\/Servizio-Nuova-illuminazione-Belluno-Edison-Next.mp3?_=8\" \/><a href=\"https:\/\/www.radiopiu.net\/wordpress\/wp-content\/uploads\/2025\/07\/Servizio-Nuova-illuminazione-Belluno-Edison-Next.mp3\">https:\/\/www.radiopiu.net\/wordpress\/wp-content\/uploads\/2025\/07\/Servizio-Nuova-illuminazione-Belluno-Edison-Next.mp3<\/a><\/audio>\n<p>&nbsp;<\/p>\n<hr \/>\n<p>&nbsp;<\/p>\n<blockquote>\n<h3>OSCAR DE PELLEGRIN: &#8220;ASSEMBLEA SULL\u2019EX AGIP APERTA E TRASPARENTE, BASTA POLEMICHE INFONDATE&#8221;<\/h3>\n<\/blockquote>\n<p><strong><a class=\"dt-pswp-item\" href=\"https:\/\/www.radiopiu.net\/wordpress\/wp-content\/uploads\/2025\/03\/Agip-Baldenich-2_edited.jpg\" data-dt-img-description=\"\" data-large_image_width=\"1000\" data-large_image_height=\"1000\"><img loading=\"lazy\" decoding=\"async\" class=\" wp-image-441236 alignleft\" src=\"https:\/\/www.radiopiu.net\/wordpress\/wp-content\/uploads\/2025\/03\/Agip-Baldenich-2_edited-300x300.jpg\" alt=\"\" width=\"155\" height=\"155\" srcset=\"https:\/\/www.radiopiu.net\/wordpress\/wp-content\/uploads\/2025\/03\/Agip-Baldenich-2_edited-300x300.jpg 300w, https:\/\/www.radiopiu.net\/wordpress\/wp-content\/uploads\/2025\/03\/Agip-Baldenich-2_edited-150x150.jpg 150w, https:\/\/www.radiopiu.net\/wordpress\/wp-content\/uploads\/2025\/03\/Agip-Baldenich-2_edited-768x768.jpg 768w, https:\/\/www.radiopiu.net\/wordpress\/wp-content\/uploads\/2025\/03\/Agip-Baldenich-2_edited.jpg 1000w\" sizes=\"auto, (max-width: 155px) 100vw, 155px\" \/><\/a>BELLUNO <\/strong>Il sindaco di Belluno, Oscar De Pellegrin, replica con fermezza alle critiche del Partito Democratico di Oltrardo e del capo frazione di Baldenich, definendo &#8220;false e fuorvianti&#8221; le accuse sull&#8217;assemblea pubblica del 29 luglio riguardo all\u2019area ex Agip. De Pellegrin precisa di aver inviato un invito formale al capo frazione il 22 luglio e smentisce ogni esclusione o mancata attenzione verso le 800 firme raccolte contro il progetto. L\u2019assemblea \u2013 sottolinea \u2013 \u00e8 stata voluta proprio per chiarire in modo trasparente i contenuti della riqualificazione, gi\u00e0 avviata dalla precedente amministrazione nel 2022. Il sindaco ribadisce la volont\u00e0 di garantire un&#8217;informazione corretta e il coinvolgimento dei cittadini. Critica anche le affermazioni sulla presunta \u201cdiserzione\u201d dell\u2019Amministrazione all\u2019assemblea di giugno, ricordando la presenza dell\u2019assessore Dal Pont. \u201cL\u2019incontro del 29 sar\u00e0 pubblico e aperto a tutti\u201d, conclude De Pellegrin, rivendicando un metodo basato su ascolto e trasparenza.<\/p>\n<p>&nbsp;<\/p>\n<p>&nbsp;<\/p>\n<hr \/>\n<p>&nbsp;<\/p>\n<p>&nbsp;<\/p>\n<blockquote>\n<h3>LA POLIZIA CONTRO LE TRUFFE AGLI ANZIANI: ONLINE LO SPOT DELLA CAMPAGNA DI PREVENZIONE<\/h3>\n<\/blockquote>\n<p data-start=\"0\" data-end=\"90\"><strong><a class=\"dt-pswp-item\" href=\"https:\/\/www.radiopiu.net\/wordpress\/wp-content\/uploads\/2025\/07\/commissario-Sofia-Pierini_edited.jpg\" data-dt-img-description=\"\" data-large_image_width=\"806\" data-large_image_height=\"1000\"><img loading=\"lazy\" decoding=\"async\" class=\"wp-image-460931 alignleft\" src=\"https:\/\/www.radiopiu.net\/wordpress\/wp-content\/uploads\/2025\/07\/commissario-Sofia-Pierini_edited-242x300.jpg\" alt=\"\" width=\"183\" height=\"227\" srcset=\"https:\/\/www.radiopiu.net\/wordpress\/wp-content\/uploads\/2025\/07\/commissario-Sofia-Pierini_edited-242x300.jpg 242w, https:\/\/www.radiopiu.net\/wordpress\/wp-content\/uploads\/2025\/07\/commissario-Sofia-Pierini_edited-768x953.jpg 768w, https:\/\/www.radiopiu.net\/wordpress\/wp-content\/uploads\/2025\/07\/commissario-Sofia-Pierini_edited.jpg 806w\" sizes=\"auto, (max-width: 183px) 100vw, 183px\" \/><\/a>L&#8217;INTERVISTA ALLA RADIO, OSPITE SOFIA PIERINI (COMMISSARIO CAPO E DIRIGENTE DELLE VOLANTI PRESSO LA QUESTURA DI BELLUNO)<\/strong><\/p>\n<p data-start=\"0\" data-end=\"90\">Il commissario Sofia Pierini,\u00a0 di Macerata, \u00e8 la\u00a0 dirigente della Polizia di Stato, Ufficio prevenzione generale e soccorso pubblico (in sigla UPG e SP). Laureata in Giurisprudenza, con master in Comunicazione al Consolato d\u2019Italia a New York, e master in diritto penale al Foro di Macerata, la dottoressa Pierini conosce l\u2019inglese e lo spagnolo.<\/p>\n<audio class=\"wp-audio-shortcode\" id=\"audio-460743-9\" preload=\"none\" style=\"width: 100%;\" controls=\"controls\"><source type=\"audio\/mpeg\" src=\"https:\/\/www.radiopiu.net\/wordpress\/wp-content\/uploads\/2025\/07\/SOFIA-PIERINI-QUESTURA-BELLUNO.mp3?_=9\" \/><a href=\"https:\/\/www.radiopiu.net\/wordpress\/wp-content\/uploads\/2025\/07\/SOFIA-PIERINI-QUESTURA-BELLUNO.mp3\">https:\/\/www.radiopiu.net\/wordpress\/wp-content\/uploads\/2025\/07\/SOFIA-PIERINI-QUESTURA-BELLUNO.mp3<\/a><\/audio>\n<p>&nbsp;<\/p>\n<p data-start=\"92\" data-end=\"452\"><strong>BELLUNO<\/strong> La Polizia di Stato lancia una nuova campagna di sensibilizzazione per contrastare le truffe ai danni degli anziani e delle persone pi\u00f9 fragili. Online, sul sito e sui social istituzionali, \u00e8 stato pubblicato uno spot che racconta due dei raggiri pi\u00f9 comuni: il finto corriere e l\u2019amico che chiede denaro per un familiare coinvolto in un falso incidente.<\/p>\n<p data-start=\"454\" data-end=\"745\">Nel video, l\u2019anziana protagonista non si lascia ingannare, chiude la porta in faccia al truffatore e chiama la Polizia, che interviene. Il messaggio \u00e8 chiaro: la prevenzione \u00e8 la prima difesa. A rafforzarlo, nel finale, anche la voce di Myrta Merlino, testimonial della campagna. Il capo di gabinetto della Questura di Belluno, Luca Fodarella, sottolinea l\u2019importanza di queste iniziative: \u00abOltre alla repressione, \u00e8 fondamentale informare la popolazione per riconoscere i segnali delle truffe e sapere come reagire. \u00c8 essenziale coinvolgere anche familiari e vicini di casa per creare una rete di protezione attiva\u00bb. Fodarella spiega che tra le truffe pi\u00f9 diffuse ci sono le false chiamate da sedicenti avvocati o agenti, le richieste di denaro per finti incidenti, le telefonate da parte di falsi operatori bancari e persino sedicenti tecnici che propongono il cambio di banconote a domicilio. L\u2019invito della Polizia \u00e8 chiaro: in caso di dubbio, chiamare subito il 113 o il 112. \u00abNon ci disturbate, ci aiutate \u2013 conclude Fodarella \u2013. Meglio una chiamata in pi\u00f9 che una truffa in pi\u00f9\u00bb.<\/p>\n<p>&nbsp;<\/p>\n<div style=\"width: 640px;\" class=\"wp-video\"><video class=\"wp-video-shortcode\" id=\"video-460743-2\" width=\"640\" height=\"360\" preload=\"metadata\" controls=\"controls\"><source type=\"video\/mp4\" src=\"https:\/\/www.radiopiu.net\/wordpress\/wp-content\/uploads\/2025\/07\/WhatsApp-Video-2025-07-24-at-05.28.08.mp4?_=2\" \/><a href=\"https:\/\/www.radiopiu.net\/wordpress\/wp-content\/uploads\/2025\/07\/WhatsApp-Video-2025-07-24-at-05.28.08.mp4\">https:\/\/www.radiopiu.net\/wordpress\/wp-content\/uploads\/2025\/07\/WhatsApp-Video-2025-07-24-at-05.28.08.mp4<\/a><\/video><\/div>\n<p>&nbsp;<\/p>\n<hr \/>\n<p>&nbsp;<\/p>\n<blockquote>\n<h3>IL 51\u00b0 STORMO E IL COMUNE DI FALCADE COMMEMORANO IL SERGENTE PILOTA FERRUCCIO SERAFINI, MEDAGLIA D\u2019ORO AL VALOR MILITARE<\/h3>\n<\/blockquote>\n<p><strong><a class=\"dt-pswp-item\" href=\"https:\/\/www.radiopiu.net\/wordpress\/wp-content\/uploads\/2025\/07\/DSC_8249.jpg\" data-dt-img-description=\"\" data-large_image_width=\"2000\" data-large_image_height=\"1331\"><img loading=\"lazy\" decoding=\"async\" class=\" wp-image-460864 alignleft\" src=\"https:\/\/www.radiopiu.net\/wordpress\/wp-content\/uploads\/2025\/07\/DSC_8249-300x200.jpg\" alt=\"\" width=\"176\" height=\"117\" srcset=\"https:\/\/www.radiopiu.net\/wordpress\/wp-content\/uploads\/2025\/07\/DSC_8249-300x200.jpg 300w, https:\/\/www.radiopiu.net\/wordpress\/wp-content\/uploads\/2025\/07\/DSC_8249-1024x681.jpg 1024w, https:\/\/www.radiopiu.net\/wordpress\/wp-content\/uploads\/2025\/07\/DSC_8249-768x511.jpg 768w, https:\/\/www.radiopiu.net\/wordpress\/wp-content\/uploads\/2025\/07\/DSC_8249-1536x1022.jpg 1536w, https:\/\/www.radiopiu.net\/wordpress\/wp-content\/uploads\/2025\/07\/DSC_8249.jpg 2000w\" sizes=\"auto, (max-width: 176px) 100vw, 176px\" \/><\/a>FALCADE<\/strong> Il 51\u00b0 Stormo dell\u2019Aeronautica Militare e il Comune di Falcade hanno commemorato il Sergente Pilota Ferruccio Serafini, Medaglia d\u2019Oro al Valor Militare, caduto in combattimento nel 1943 e originario di Falcade. Alla cerimonia hanno partecipato il Colonnello Fabio De Luca, Comandante del 51\u00b0 Stormo, il Sindaco Mauro Salvaterra, rappresentanti militari e associazioni d\u2019arma. Dopo la deposizione della corona e la benedizione del parroco, il Sindaco ha evidenziato l\u2019importanza della memoria e della collaborazione con lo Stormo per trasmettere ai giovani i valori rappresentati da Serafini. Il Colonnello De Luca ha ricordato la vita e il coraggio del pilota, concludendo con la lettura di una toccante lettera scritta dalla madre di Serafini al Comandante dello Stormo dopo la sua morte. La cerimonia ha reso omaggio a un eroe locale, mantenendone vivo il ricordo tra le nuove generazioni.<\/p>\n<p>&nbsp;<\/p>\n<p>&nbsp;<\/p>\n<hr \/>\n<p>&nbsp;<\/p>\n<blockquote>\n<h3>VALORIZZAZIONE DELL\u2019IDENTIT\u00c0 VENETA: FINANZIATI 74 PROGETTI REGIONALI<\/h3>\n<\/blockquote>\n<p><strong><a class=\"dt-pswp-item\" href=\"https:\/\/www.radiopiu.net\/wordpress\/wp-content\/uploads\/2020\/05\/CRISTIANO-CORAZZARI.jpg\" data-dt-img-description=\"\" data-large_image_width=\"400\" data-large_image_height=\"400\"><img loading=\"lazy\" decoding=\"async\" class=\" wp-image-139133 alignleft\" src=\"https:\/\/www.radiopiu.net\/wordpress\/wp-content\/uploads\/2020\/05\/CRISTIANO-CORAZZARI-300x300.jpg\" alt=\"\" width=\"163\" height=\"163\" srcset=\"https:\/\/www.radiopiu.net\/wordpress\/wp-content\/uploads\/2020\/05\/CRISTIANO-CORAZZARI-300x300.jpg 300w, https:\/\/www.radiopiu.net\/wordpress\/wp-content\/uploads\/2020\/05\/CRISTIANO-CORAZZARI-150x150.jpg 150w, https:\/\/www.radiopiu.net\/wordpress\/wp-content\/uploads\/2020\/05\/CRISTIANO-CORAZZARI.jpg 400w\" sizes=\"auto, (max-width: 163px) 100vw, 163px\" \/><\/a>VENEZIA <\/strong>Con un finanziamento complessivo di 379.350 euro, la Regione Veneto ha approvato il sostegno a 74 progetti dedicati alla promozione dell\u2019identit\u00e0 veneta, secondo quanto previsto dalla Legge regionale 3\/2003. La delibera \u00e8 stata proposta dall\u2019assessore alla Cultura e all\u2019Identit\u00e0 veneta, Cristiano Corazzari. Le iniziative selezionate spaziano dalla ricerca storica alla produzione editoriale, dalle rievocazioni teatrali e musicali all\u2019organizzazione di eventi culturali e aggregativi incentrati sulle tradizioni locali. L\u2019obiettivo \u00e8 rafforzare il legame con le radici storiche, sociali e culturali del territorio, favorendo il senso di appartenenza e coesione tra i cittadini veneti. L\u2019amministrazione sottolinea l\u2019importanza di trasmettere i valori identitari alle future generazioni, preservando un patrimonio unico e insostituibile. Tutti i progetti dovranno essere conclusi entro il 31 dicembre 2025. 5 i beneficiari in provincia di Belluno: Dolomiti Blog srl, Associazione Bellunesi nel Mondo, Comune di Val Di Zoldo, Fondazione Papa Luciani e l&#8217;Istituto Storico Bellunese.<\/p>\n<p>&nbsp;<\/p>\n<p>&nbsp;<\/p>\n<hr \/>\n<p>&nbsp;<\/p>\n<blockquote>\n<h3><strong><a class=\"dt-pswp-item\" href=\"https:\/\/www.radiopiu.net\/wordpress\/wp-content\/uploads\/2025\/07\/SCR-20250712-jcrw.jpeg\" data-dt-img-description=\"\" data-large_image_width=\"2138\" data-large_image_height=\"1314\"><img loading=\"lazy\" decoding=\"async\" class=\" wp-image-458777 alignleft\" src=\"https:\/\/www.radiopiu.net\/wordpress\/wp-content\/uploads\/2025\/07\/SCR-20250712-jcrw-300x184.jpeg\" alt=\"\" width=\"218\" height=\"134\" srcset=\"https:\/\/www.radiopiu.net\/wordpress\/wp-content\/uploads\/2025\/07\/SCR-20250712-jcrw-300x184.jpeg 300w, https:\/\/www.radiopiu.net\/wordpress\/wp-content\/uploads\/2025\/07\/SCR-20250712-jcrw-1024x629.jpeg 1024w, https:\/\/www.radiopiu.net\/wordpress\/wp-content\/uploads\/2025\/07\/SCR-20250712-jcrw-768x472.jpeg 768w, https:\/\/www.radiopiu.net\/wordpress\/wp-content\/uploads\/2025\/07\/SCR-20250712-jcrw-1536x944.jpeg 1536w, https:\/\/www.radiopiu.net\/wordpress\/wp-content\/uploads\/2025\/07\/SCR-20250712-jcrw-2048x1259.jpeg 2048w\" sizes=\"auto, (max-width: 218px) 100vw, 218px\" \/><\/a><\/strong>RIPRISTINATA LA CONNESSIONE INTERNET ALL\u2019UFFICIO TURISTICO DI AGORDO: TORNANO OPERATIVI TUTTI I SERVIZI<\/h3>\n<\/blockquote>\n<p><strong>AGORDO <\/strong>Dopo un\u2019interruzione temporanea che aveva causato disagi nella comunicazione e nell\u2019erogazione dei servizi, la connessione internet dell\u2019Ufficio Turistico di Agordo \u00e8 stata finalmente ripristinata. L\u2019ufficio torna cos\u00ec pienamente operativo, compresi i servizi collegati a Dolomitibus e alle informazioni turistiche. Attualmente, l\u2019ufficio \u00e8 raggiungibile telefonicamente al numero 339 1238341<\/p>\n<p>&nbsp;<\/p>\n<p>&nbsp;<\/p>\n<hr \/>\n<p>&nbsp;<\/p>\n<blockquote>\n<h3>RITARDI NELLA CONSEGNA DELLA RIVISTA &#8220;BELLUNESI NEL MONDO&#8221;: IL PRESIDENTE DE BONA ATTACCA LE POSTE<\/h3>\n<\/blockquote>\n<p><strong><a class=\"dt-pswp-item\" href=\"https:\/\/www.radiopiu.net\/wordpress\/wp-content\/uploads\/2025\/07\/SCR-20250723-lrjs.jpeg\" data-dt-img-description=\"\" data-large_image_width=\"1210\" data-large_image_height=\"888\"><img loading=\"lazy\" decoding=\"async\" class=\" wp-image-460785 alignleft\" src=\"https:\/\/www.radiopiu.net\/wordpress\/wp-content\/uploads\/2025\/07\/SCR-20250723-lrjs-300x220.jpeg\" alt=\"\" width=\"160\" height=\"117\" srcset=\"https:\/\/www.radiopiu.net\/wordpress\/wp-content\/uploads\/2025\/07\/SCR-20250723-lrjs-300x220.jpeg 300w, https:\/\/www.radiopiu.net\/wordpress\/wp-content\/uploads\/2025\/07\/SCR-20250723-lrjs-1024x751.jpeg 1024w, https:\/\/www.radiopiu.net\/wordpress\/wp-content\/uploads\/2025\/07\/SCR-20250723-lrjs-768x564.jpeg 768w, https:\/\/www.radiopiu.net\/wordpress\/wp-content\/uploads\/2025\/07\/SCR-20250723-lrjs.jpeg 1210w\" sizes=\"auto, (max-width: 160px) 100vw, 160px\" \/><\/a>BELLUNO <\/strong>La rivista <em>Bellunesi nel Mondo<\/em>, organo ufficiale dell\u2019omonima associazione, continua a subire gravi ritardi nella consegna, soprattutto in provincia di Belluno. Il presidente Oscar De Bona denuncia l\u2019ennesimo disservizio, ironizzando sulla possibilit\u00e0 di accordi con le poste brasiliane o tedesche, visto che l\u00ec la distribuzione \u00e8 avvenuta puntualmente. Il numero di luglio, consegnato al centro di spedizione a inizio mese, non \u00e8 ancora arrivato a molti soci locali. Il problema assume contorni pi\u00f9 seri perch\u00e9 la rivista contiene informazioni cruciali, come il programma della Festa dei Bellunesi nel Mondo del 3 agosto a Limana. Molti anziani, privi di accesso digitale, rischiano di restare esclusi. Ritardi si registrano anche in altre regioni italiane, ma Poste Italiane non ha fornito spiegazioni n\u00e9 scuse. De Bona lamenta il disinteresse, mentre si continua a leggere che il servizio funziona regolarmente.<\/p>\n<p>&nbsp;<\/p>\n<p>&nbsp;<\/p>\n<hr \/>\n<p>&nbsp;<\/p>\n<blockquote>\n<h3><strong><a class=\"dt-pswp-item\" href=\"https:\/\/www.radiopiu.net\/wordpress\/wp-content\/uploads\/2018\/10\/cervo.jpg\" data-dt-img-description=\"\" data-large_image_width=\"1280\" data-large_image_height=\"853\"><img loading=\"lazy\" decoding=\"async\" class=\" wp-image-64272 alignleft\" src=\"https:\/\/www.radiopiu.net\/wordpress\/wp-content\/uploads\/2018\/10\/cervo-300x200.jpg\" alt=\"\" width=\"165\" height=\"110\" srcset=\"https:\/\/www.radiopiu.net\/wordpress\/wp-content\/uploads\/2018\/10\/cervo-300x200.jpg 300w, https:\/\/www.radiopiu.net\/wordpress\/wp-content\/uploads\/2018\/10\/cervo-768x512.jpg 768w, https:\/\/www.radiopiu.net\/wordpress\/wp-content\/uploads\/2018\/10\/cervo-1024x682.jpg 1024w, https:\/\/www.radiopiu.net\/wordpress\/wp-content\/uploads\/2018\/10\/cervo.jpg 1280w\" sizes=\"auto, (max-width: 165px) 100vw, 165px\" \/><\/a>INAUGURAZIONE DEL CENTRO RECUPERO ANIMALI SELVATICI A PASA DI SEDICO<\/strong><\/h3>\n<\/blockquote>\n<p><strong>BELLUNO<\/strong> Oggi alle 18\u00a0sar\u00e0 inaugurato il Centro Recupero Animali Selvatici (CRAS) di Belluno, presso Villa Zuppani a Pasa di Sedico. La struttura, gi\u00e0 operativa da alcuni mesi, \u00e8 frutto della collaborazione tra Regione del Veneto, Agenzia Veneta per l&#8217;Innovazione nel Settore Primario e Provincia di Belluno. Il nuovo CRAS rappresenta un importante passo avanti nella tutela della fauna selvatica e della biodiversit\u00e0 del territorio. L\u2019inaugurazione sar\u00e0 un\u2019occasione significativa per valorizzare l\u2019impegno delle istituzioni nella protezione ambientale.<\/p>\n<p>&nbsp;<\/p>\n<p>&nbsp;<\/p>\n<hr \/>\n<p>&nbsp;<\/p>\n<blockquote>\n<h3>JACOPO DE BIASI PROTAGONISTA A PISA AD &#8220;ARPA D&#8217;ESTATE&#8221;<\/h3>\n<\/blockquote>\n<p><strong><a class=\"dt-pswp-item\" href=\"https:\/\/www.radiopiu.net\/wordpress\/wp-content\/uploads\/2025\/07\/1000291069.jpg\" data-dt-img-description=\"\" data-large_image_width=\"1600\" data-large_image_height=\"1204\"><img loading=\"lazy\" decoding=\"async\" class=\" wp-image-460881 alignleft\" src=\"https:\/\/www.radiopiu.net\/wordpress\/wp-content\/uploads\/2025\/07\/1000291069-300x226.jpg\" alt=\"\" width=\"158\" height=\"119\" srcset=\"https:\/\/www.radiopiu.net\/wordpress\/wp-content\/uploads\/2025\/07\/1000291069-300x226.jpg 300w, https:\/\/www.radiopiu.net\/wordpress\/wp-content\/uploads\/2025\/07\/1000291069-1024x771.jpg 1024w, https:\/\/www.radiopiu.net\/wordpress\/wp-content\/uploads\/2025\/07\/1000291069-768x578.jpg 768w, https:\/\/www.radiopiu.net\/wordpress\/wp-content\/uploads\/2025\/07\/1000291069-1536x1156.jpg 1536w, https:\/\/www.radiopiu.net\/wordpress\/wp-content\/uploads\/2025\/07\/1000291069.jpg 1600w\" sizes=\"auto, (max-width: 158px) 100vw, 158px\" \/><\/a>PISA<\/strong> Sabato 19 luglio, il Giardino Scotto di Pisa ha ospitato l\u2019evento \u201cArpa d\u2019estate\u201d, serata benefica organizzata dalla Fondazione Arpa per sostenere i suoi progetti in ambito sanitario, scientifico e formativo. La serata, ricca di emozioni, ha visto la partecipazione di numerosi artisti, coordinati dal direttore artistico Renato Raimo. Ospiti d\u2019onore Andrea e Matteo Bocelli, con quest\u2019ultimo che ha emozionato il pubblico interpretando \u201cAve Maria\u201d e \u201cCaruso\u201d. Sul palco anche il giovane clarinettista bellunese Jacopo De Biasi, vincitore del Concorso Musicale Internazionale Citt\u00e0 di Belluno, che ha eseguito \u201cOblivion\u201d di Piazzolla. La collaborazione tra il concorso bellunese e la Fondazione Arpa prosegue da anni con l\u2019obiettivo di offrire esperienze di crescita ai giovani talenti. Fondata dal Prof. Franco Mosca, la Fondazione Arpa \u00e8 presieduta onorariamente da Andrea Bocelli ed \u00e8 impegnata nella promozione della salute e della formazione in ambito medico.<\/p>\n<p>&nbsp;<\/p>\n<p>&nbsp;<\/p>\n<hr \/>\n<p>&nbsp;<\/p>\n<h1><span style=\"color: #ff0000;\">CONSIGLI COMUNALI IN AGORDINO<\/span><\/h1>\n<p><strong>FALCADE<\/strong> Consiglio comunale convocato oggi alle 20. Due punti da discutere: un prelievo dal fondo di riserva e una variazione a bilancio.<\/p>\n<p><strong>SELVA DI CADORE<\/strong> Consiglio comunale domani alle 19. Tre punti all&#8217;ordine del giorno: la salvaguardia degli equilibri del bilancio, la nomina del revisore dei conti e l&#8217;approvazione del rendiconto di ASCA.<\/p>\n<p><strong>COLLE SANTA LUCIA <\/strong>Consiglio comunale sabato alle 7:30. Tra i punti in discussione l&#8217;aggiornamento al Documento Unico di Programmazione, la sesta variazione a bilancio, l&#8217;attuazione dei programmi di esercizio 2025, la nomina del revisore dei conti e l&#8217;approvazione alla prima variazione e integrazione al programma triennale ed elenco annuale 2025 dei lavori pubblici.<\/p>\n<p><strong>AGORDO<\/strong> Consiglio comunale convocato luned\u00ec alle 18:30. Sono 7 i punti da discutere: una variazione a bilancio, le convenzioni con l\u2019Unione Montana Agordina per la gestione associata di tributi, informatica, personale e manutenzione del territorio e due interrogazioni della minoranza sullo sviluppo turistico in vista delle Olimpiadi e sicurezza stradale, gestione rifiuti e decoro urbano attorno al Broi e via 27 aprile.<\/p>\n<p><strong>RIVAMONTE<\/strong> Consiglio comunale marted\u00ec alle 18:30. Tra gli otto punti all&#8217;ordine del giorno si discuter\u00e0 degli equilibri di bilancio, l&#8217;esame e approvazione del DUP e le convenzioni con l\u2019Unione Montana Agordina per la gestione associata di tributi, informatica, personale e manutenzione del territorio.<\/p>\n<p><strong>SAN TOMASO<\/strong> Consiglio comunale marted\u00ec alle 20. Tra i punti in discussione la salvaguardia degli equilibri, la presa d&#8217;atto del DUP e la ratifica di una variazione a bilancio<\/p>\n<p>&nbsp;<\/p>\n<p>&nbsp;<\/p>\n<hr \/>\n<p>&nbsp;<\/p>\n<blockquote>\n<h3>PROROGATO IL TERMINE PER LE OFFERTE DI ALLOGGIAMENTO FORZE DELL\u2019ORDINE PER MILANO CORTINA 2026<\/h3>\n<\/blockquote>\n<p><strong>BELLUNO <\/strong>\u00c8 stato prorogato al 4 agosto 2025, ore 12:00 il termine per la presentazione delle offerte relative alla gara aperta per la selezione di operatori economici finalizzata alla stipula di un accordo quadro per il servizio di alloggiamento del personale delle Forze dell\u2019Ordine impiegato nei servizi di ordine pubblico durante i Giochi Olimpici e Paralimpici Invernali Milano Cortina 2026. La scadenza era inizialmente fissata al 28 luglio 2025, ma \u00e8 stata posticipata per favorire la pi\u00f9 ampia partecipazione da parte di strutture alberghiere e similari, anche in considerazione dei chiarimenti recentemente richiesti sul contenuto del bando di gara.<\/p>\n<p>&nbsp;<\/p>\n<p>&nbsp;<\/p>\n<hr \/>\n<p>&nbsp;<\/p>\n<blockquote>\n<h3>AGORDO ETNO MUSICA 2025: UN VIAGGIO TRA SUONI E CULTURE DAL MONDO<\/h3>\n<\/blockquote>\n<p><strong><a class=\"dt-pswp-item\" href=\"https:\/\/www.radiopiu.net\/wordpress\/wp-content\/uploads\/2025\/07\/SCR-20250723-moaa.png\" data-dt-img-description=\"\" data-large_image_width=\"1462\" data-large_image_height=\"870\"><img loading=\"lazy\" decoding=\"async\" class=\" wp-image-460813 alignleft\" src=\"https:\/\/www.radiopiu.net\/wordpress\/wp-content\/uploads\/2025\/07\/SCR-20250723-moaa-300x179.png\" alt=\"\" width=\"245\" height=\"146\" srcset=\"https:\/\/www.radiopiu.net\/wordpress\/wp-content\/uploads\/2025\/07\/SCR-20250723-moaa-300x179.png 300w, https:\/\/www.radiopiu.net\/wordpress\/wp-content\/uploads\/2025\/07\/SCR-20250723-moaa-1024x609.png 1024w, https:\/\/www.radiopiu.net\/wordpress\/wp-content\/uploads\/2025\/07\/SCR-20250723-moaa-768x457.png 768w, https:\/\/www.radiopiu.net\/wordpress\/wp-content\/uploads\/2025\/07\/SCR-20250723-moaa.png 1462w\" sizes=\"auto, (max-width: 245px) 100vw, 245px\" \/><\/a>AGORDO<\/strong> Domenica 27 luglio 2025, Agordo ospiter\u00e0 l\u2019evento musicale internazionale Agordo Etno Musica 2025, una giornata dedicata alla multiculturalit\u00e0, alla musica dal vivo e al ballo libero nei giardini di Palazzo Crotta De Manzoni. Dalle ore 14.30 alle 18.30 si alterneranno esibizioni di gruppi provenienti da Albania, Armenia, Iran, Italia e Marocco, con suoni e danze armene, balcaniche, mediterranee e persiane.\u00a0 L\u2019evento inizier\u00e0 con un\u2019anteprima musicale armena alle 11.00 al Caff\u00e8 Garibaldi. In caso di maltempo, si svolger\u00e0 al coperto presso il PalaSport LungoRova. Il Chiosco-Roulotte La Stanga offrir\u00e0 piatti etnici. L\u2019iniziativa \u00e8 promossa da Agordo Musica<\/p>\n<p>&nbsp;<\/p>\n<p>&nbsp;<\/p>\n<hr \/>\n<p>&nbsp;<\/p>\n<blockquote>\n<h3>\u201cBACK\u201d TO SUMMER: INIZIATIVA ULSS DOLOMITI PER UNA SCHIENA IN FORMA<\/h3>\n<\/blockquote>\n<p><strong><a class=\"dt-pswp-item\" href=\"https:\/\/www.radiopiu.net\/wordpress\/wp-content\/uploads\/2025\/07\/LoSGYHOAJ.jpg\" data-dt-img-description=\"\" data-large_image_width=\"989\" data-large_image_height=\"652\"><img loading=\"lazy\" decoding=\"async\" class=\" wp-image-458216 alignleft\" src=\"https:\/\/www.radiopiu.net\/wordpress\/wp-content\/uploads\/2025\/07\/LoSGYHOAJ-300x198.jpg\" alt=\"\" width=\"192\" height=\"127\" srcset=\"https:\/\/www.radiopiu.net\/wordpress\/wp-content\/uploads\/2025\/07\/LoSGYHOAJ-300x198.jpg 300w, https:\/\/www.radiopiu.net\/wordpress\/wp-content\/uploads\/2025\/07\/LoSGYHOAJ-768x506.jpg 768w, https:\/\/www.radiopiu.net\/wordpress\/wp-content\/uploads\/2025\/07\/LoSGYHOAJ.jpg 989w\" sizes=\"auto, (max-width: 192px) 100vw, 192px\" \/><\/a>BELLUNO <\/strong>L\u2019Ulss Dolomiti, tramite l\u2019unit\u00e0 di Recupero e Rieducazione Funzionale dell\u2019Ospedale di Lamon, promuove \u201cBack\u201d to Summer, tre appuntamenti estivi dedicati alla prevenzione e gestione del mal di schiena. Le sessioni si terranno a Lamon il 23 luglio, 20 agosto e 17 settembre 2025, con camminate guidate da fisioterapisti e esercizi mirati. I partecipanti devono portare tappetino e indossare abbigliamento sportivo. Il luogo verr\u00e0 comunicato via email in base al meteo. Iscrizioni e informazioni sono disponibili online o contattando direttamente l\u2019unit\u00e0 di riabilitazione. L\u2019iniziativa invita tutta la cittadinanza a prendersi cura della propria schiena in modo semplice e attivo.<\/p>\n<p>&nbsp;<\/p>\n<p>&nbsp;<\/p>\n<hr \/>\n<p>&nbsp;<\/p>\n<blockquote>\n<h3>LA MONTAGNA NEL CUORE 2025: CULTURA, EMOZIONI E GRANDI OSPITI AD ALLEGHE<\/h3>\n<\/blockquote>\n<p><strong><a class=\"dt-pswp-item\" href=\"https:\/\/www.radiopiu.net\/wordpress\/wp-content\/uploads\/2025\/07\/LoSGHAOSGA-1.jpg\" data-dt-img-description=\"\" data-large_image_width=\"1131\" data-large_image_height=\"997\"><img loading=\"lazy\" decoding=\"async\" class=\" wp-image-458380 alignleft\" src=\"https:\/\/www.radiopiu.net\/wordpress\/wp-content\/uploads\/2025\/07\/LoSGHAOSGA-1-300x264.jpg\" alt=\"\" width=\"182\" height=\"160\" srcset=\"https:\/\/www.radiopiu.net\/wordpress\/wp-content\/uploads\/2025\/07\/LoSGHAOSGA-1-300x264.jpg 300w, https:\/\/www.radiopiu.net\/wordpress\/wp-content\/uploads\/2025\/07\/LoSGHAOSGA-1-1024x903.jpg 1024w, https:\/\/www.radiopiu.net\/wordpress\/wp-content\/uploads\/2025\/07\/LoSGHAOSGA-1-768x677.jpg 768w, https:\/\/www.radiopiu.net\/wordpress\/wp-content\/uploads\/2025\/07\/LoSGHAOSGA-1.jpg 1131w\" sizes=\"auto, (max-width: 182px) 100vw, 182px\" \/><\/a>ALLEGHE <\/strong>L\u2019estate 2025 ad Alleghe si arricchisce con \u201cLa Montagna nel Cuore\u201d, rassegna culturale promossa dal Consorzio Operatori Turistici e dal Comune, in collaborazione con la biblioteca. Sei appuntamenti settimanali, dal 17 luglio al 6 agosto, animeranno la Sala Stoppani con protagonisti d\u2019eccezione. Si parte con Valter Binotto, alpinista e fotografo, per un viaggio tra arte e natura. Seguiranno i giornalisti Lorenzo Cremonesi e Gian Antonio Stella con riflessioni su guerre e vette. Lo scrittore Francesco Vidotto presenter\u00e0 il suo romanzo \u201cOnesto\u201d, mentre l\u2019olimpionica Deborah Compagnoni racconter\u00e0 la sua vita tra le montagne. Igor Koller e Luca Calvi parleranno della leggendaria Via del Pesce sulla Marmolada. Chiuder\u00e0 la rassegna una serata speciale tra musica e disegno con Fabio Vettori e il duo Gabrielli Bernardi, per un originale omaggio a Niccol\u00f2 Paganini. Una celebrazione intensa della montagna tra parole, immagini e suoni.<\/p>\n<p>&nbsp;<\/p>\n<p>&nbsp;<\/p>\n<hr \/>\n<p>&nbsp;<\/p>\n<blockquote>\n<h3><a class=\"dt-pswp-item\" href=\"https:\/\/www.radiopiu.net\/wordpress\/wp-content\/uploads\/2025\/07\/SCR-20250723-mmrc.jpeg\" data-dt-img-description=\"\" data-large_image_width=\"1470\" data-large_image_height=\"1370\"><img loading=\"lazy\" decoding=\"async\" class=\" wp-image-460810 alignleft\" src=\"https:\/\/www.radiopiu.net\/wordpress\/wp-content\/uploads\/2025\/07\/SCR-20250723-mmrc-300x280.jpeg\" alt=\"\" width=\"166\" height=\"155\" srcset=\"https:\/\/www.radiopiu.net\/wordpress\/wp-content\/uploads\/2025\/07\/SCR-20250723-mmrc-300x280.jpeg 300w, https:\/\/www.radiopiu.net\/wordpress\/wp-content\/uploads\/2025\/07\/SCR-20250723-mmrc-1024x954.jpeg 1024w, https:\/\/www.radiopiu.net\/wordpress\/wp-content\/uploads\/2025\/07\/SCR-20250723-mmrc-768x716.jpeg 768w, https:\/\/www.radiopiu.net\/wordpress\/wp-content\/uploads\/2025\/07\/SCR-20250723-mmrc.jpeg 1470w\" sizes=\"auto, (max-width: 166px) 100vw, 166px\" \/><\/a>PASTASCIUTTA ANTIFASCISTA A PUS PIAN LONGHI: MEMORIA E RESISTENZA<\/h3>\n<\/blockquote>\n<p><strong>PONTE NELLE ALPI<\/strong> A 80 anni dalla liberazione dell\u2019Italia, lo Spi Cgil di Belluno celebra i fratelli Cervi con la tradizionale pastasciutta antifascista, venerd\u00ec a Pus Pian Longhi (Ponte nelle Alpi). La giornata inizier\u00e0 alle 11 con musica dal vivo e proseguir\u00e0 con il pranzo gratuito offerto a tutti i presenti. Alle 19 la storica Michela Ponzani racconter\u00e0 storie di Resistenza. L\u2019iniziativa ricorda il gesto dei Cervi che nel 1943 offrirono pasta a tutto il paese per festeggiare la caduta di Mussolini. Un evento simbolico per tramandare ai giovani la memoria della lotta antifascista e il valore della libert\u00e0.<\/p>\n<p>&nbsp;<\/p>\n<p>&nbsp;<\/p>\n<hr \/>\n<p>&nbsp;<\/p>\n<blockquote>\n<h3>ARTE E MUSICA IN VALLE: SCACCHI E MUSICA VENEZIANA A CHIES D\u2019ALPAGO<\/h3>\n<\/blockquote>\n<p><strong>ALPAGO <\/strong>Il 26 e 27 luglio Chies d\u2019Alpago ospita un evento unico che unisce arte, musica e cultura. Il 26 luglio, alla Sala Polivalente di Lamosano, sar\u00e0 presentato il libro \u201cLa Scacchiera sotto il Calicanto\u201d di Giovanni Lorusso, che racconta il gioco degli scacchi come espressione artistica e culturale. L\u2019incontro sar\u00e0 seguito dall\u2019inaugurazione di una mostra con opere inedite di artisti locali dedicate agli scacchi, tra cui due lavori ispirati a Lamosano. La mostra sar\u00e0 aperta anche il 27 luglio. Il giorno successivo, nella suggestiva cornice della Val Salatis, si terr\u00e0 il concerto del Quartetto Veneto, che proporr\u00e0 musica veneziana e da film in un contesto immersivo a 1420 metri di altitudine. L\u2019evento, promosso dall\u2019associazione Musica &amp; Cultura, celebra anche il ruolo della donna nelle arti. L\u2019ingresso \u00e8 gratuito e per chi ha difficolt\u00e0 sar\u00e0 disponibile una navetta. Un\u2019occasione speciale per vivere l\u2019arte e la musica in una cornice naturale d\u2019eccezione.<\/p>\n\n\t\t\t<style type='text\/css'>\n\t\t\t\t#gallery-5 {\n\t\t\t\t\tmargin: auto;\n\t\t\t\t}\n\t\t\t\t#gallery-5 .gallery-item {\n\t\t\t\t\tfloat: left;\n\t\t\t\t\tmargin-top: 10px;\n\t\t\t\t\ttext-align: center;\n\t\t\t\t\twidth: 50%;\n\t\t\t\t}\n\t\t\t\t#gallery-5 img {\n\t\t\t\t\tborder: 2px solid #cfcfcf;\n\t\t\t\t}\n\t\t\t\t#gallery-5 .gallery-caption {\n\t\t\t\t\tmargin-left: 0;\n\t\t\t\t}\n\t\t\t\t\/* see gallery_shortcode() in wp-includes\/media.php *\/\n\t\t\t<\/style>\n\t\t<div id='gallery-5' class='dt-gallery-container gallery galleryid-460743 gallery-columns-2 gallery-size-thumbnail'><dl class='gallery-item'>\n\t\t\t\t<dt class='gallery-icon portrait'>\n\t\t\t\t\t<a class=\"rollover rollover-zoom dt-pswp-item\" title=\"Quartetto Veneto a Pian de le Stele\" data-dt-img-description=\"\" data-large_image_width=\"1104\" data-large_image_height=\"1562\"href='https:\/\/www.radiopiu.net\/wordpress\/wp-content\/uploads\/2025\/07\/Quartetto-Veneto-a-Pian-de-le-Stele.jpg'><img loading=\"lazy\" decoding=\"async\" width=\"150\" height=\"150\" src=\"https:\/\/www.radiopiu.net\/wordpress\/wp-content\/uploads\/2025\/07\/Quartetto-Veneto-a-Pian-de-le-Stele-150x150.jpg\" class=\"attachment-thumbnail size-thumbnail\" alt=\"\" \/><\/a>\n\t\t\t\t<\/dt><\/dl><dl class='gallery-item'>\n\t\t\t\t<dt class='gallery-icon portrait'>\n\t\t\t\t\t<a class=\"rollover rollover-zoom dt-pswp-item\" title=\"Mostra e libro Scacchiera sotto il calicanto\" data-dt-img-description=\"\" data-large_image_width=\"1767\" data-large_image_height=\"2500\"href='https:\/\/www.radiopiu.net\/wordpress\/wp-content\/uploads\/2025\/07\/Mostra-e-libro-Scacchiera-sotto-il-calicanto.jpg'><img loading=\"lazy\" decoding=\"async\" width=\"150\" height=\"150\" src=\"https:\/\/www.radiopiu.net\/wordpress\/wp-content\/uploads\/2025\/07\/Mostra-e-libro-Scacchiera-sotto-il-calicanto-150x150.jpg\" class=\"attachment-thumbnail size-thumbnail\" alt=\"\" \/><\/a>\n\t\t\t\t<\/dt><\/dl><br style=\"clear: both\" \/>\n\t\t\t<\/div>\n\n<p>&nbsp;<\/p>\n<hr \/>\n<p>&nbsp;<\/p>\n<blockquote>\n<h3><a class=\"dt-pswp-item\" href=\"https:\/\/www.radiopiu.net\/wordpress\/wp-content\/uploads\/2025\/07\/locandina-Paris-scaled.jpg\" data-dt-img-description=\"\" data-large_image_width=\"1810\" data-large_image_height=\"2560\"><img loading=\"lazy\" decoding=\"async\" class=\" wp-image-458646 alignleft\" src=\"https:\/\/www.radiopiu.net\/wordpress\/wp-content\/uploads\/2025\/07\/locandina-Paris-212x300.jpg\" alt=\"\" width=\"151\" height=\"214\" srcset=\"https:\/\/www.radiopiu.net\/wordpress\/wp-content\/uploads\/2025\/07\/locandina-Paris-212x300.jpg 212w, https:\/\/www.radiopiu.net\/wordpress\/wp-content\/uploads\/2025\/07\/locandina-Paris-724x1024.jpg 724w, https:\/\/www.radiopiu.net\/wordpress\/wp-content\/uploads\/2025\/07\/locandina-Paris-768x1086.jpg 768w, https:\/\/www.radiopiu.net\/wordpress\/wp-content\/uploads\/2025\/07\/locandina-Paris-1086x1536.jpg 1086w, https:\/\/www.radiopiu.net\/wordpress\/wp-content\/uploads\/2025\/07\/locandina-Paris-1448x2048.jpg 1448w, https:\/\/www.radiopiu.net\/wordpress\/wp-content\/uploads\/2025\/07\/locandina-Paris-scaled.jpg 1810w\" sizes=\"auto, (max-width: 151px) 100vw, 151px\" \/><\/a>PRESENTAZIONE PROGETTO PATRICOM A VALLADA: TURISMO CULTURALE SOSTENIBILE SUI PASSI DI PARIS BORDON<\/h3>\n<\/blockquote>\n<p><strong>VALLADA <\/strong>Luned\u00ec 29 luglio alle 21, nella chiesa di San Simon di Vallada, si terr\u00e0 l\u2019incontro &#8220;Paris Bordon negli itinerari agordini verso il Tirolo. Per un turismo culturale sostenibile e di comunit\u00e0&#8221;. L\u2019evento segna l\u2019avvio del progetto PATRICOM, sviluppato sotto la supervisione scientifica del prof. Marsel Grosso, e si propone di valorizzare il patrimonio artistico bellunese attraverso una piattaforma online ad accesso libero con contenuti scientifici divulgativi. Il progetto mette al centro un itinerario dedicato alle opere di Paris Bordon conservate in quattro chiese del territorio: San Simon a Vallada, Santi Cornelio e Cipriano a Taibon, Sant&#8217;Aronne a Cusighe e Santa Croce a Pialdier di Trichiana. L&#8217;iniziativa mira a promuovere un modello di turismo lento, consapevole e partecipato, coinvolgendo attivamente le comunit\u00e0 locali. L\u2019incontro a Vallada rappresenta il primo di una serie di appuntamenti previsti.<\/p>\n<p>&nbsp;<\/p>\n<p>&nbsp;<\/p>\n<hr \/>\n<p>&nbsp;<\/p>\n<blockquote>\n<h3>UN&#8217;ESTATE DI EVENTI CON L&#8217;ASSOCIAZIONE BORGO SOTTOGUDA<\/h3>\n<\/blockquote>\n<p><strong>ROCCA PIETORE <\/strong>Cultura, musica, spettacoli e natura si incontrano nello straordinario scenario di Rocca Pietore e delle Dolomiti. Segui l\u2019Associazione su Instagram e Facebook per non perdere neanche un appuntamento! Tra gli eventi in programma, sabato 26 luglio alle ore 21, il Teatro Tenda di Bosco Verde ospita <em data-start=\"392\" data-end=\"453\">\u201cLucio Dalla e Lucio Battisti\u2026 per la prima volta insieme!\u201d<\/em>: un concerto emozionante tra note e ricordi con Michele Fenati alla voce, accompagnato da Vittorio Veroli (violino), Fabrizio Tarroni (chitarra) e Gabriele Felici (violoncello). Ingresso libero con offerta consapevole. Venerd\u00ec 1\u00b0 agosto, sempre al Teatro Tenda alle 20.45, arrivano \u201cLe mirabolanti avventure di Roald Dahl\u201d con Carlo Corsini e Simone Carnielli. Uno spettacolo per grandi e piccoli, ricco di magia e fantasia, tratto dalle celebri opere dello scrittore inglese. Anche questo evento \u00e8 a ingresso con offerta consapevole. Un\u2019estate da vivere tra emozioni, storie e paesaggi indimenticabili, grazie all\u2019impegno dell\u2019Associazione Borgo Sottoguda \u2013 Qualit\u00e0 e Territorio.<\/p>\n\n\t\t\t<style type='text\/css'>\n\t\t\t\t#gallery-6 {\n\t\t\t\t\tmargin: auto;\n\t\t\t\t}\n\t\t\t\t#gallery-6 .gallery-item {\n\t\t\t\t\tfloat: left;\n\t\t\t\t\tmargin-top: 10px;\n\t\t\t\t\ttext-align: center;\n\t\t\t\t\twidth: 33%;\n\t\t\t\t}\n\t\t\t\t#gallery-6 img {\n\t\t\t\t\tborder: 2px solid #cfcfcf;\n\t\t\t\t}\n\t\t\t\t#gallery-6 .gallery-caption {\n\t\t\t\t\tmargin-left: 0;\n\t\t\t\t}\n\t\t\t\t\/* see gallery_shortcode() in wp-includes\/media.php *\/\n\t\t\t<\/style>\n\t\t<div id='gallery-6' class='dt-gallery-container gallery galleryid-460743 gallery-columns-3 gallery-size-medium'><dl class='gallery-item'>\n\t\t\t\t<dt class='gallery-icon portrait'>\n\t\t\t\t\t<a class=\"rollover rollover-zoom dt-pswp-item\" title=\"4651f578-507e-465d-9233-15b857674fc4\" data-dt-img-description=\"\" data-large_image_width=\"1061\" data-large_image_height=\"1500\"href='https:\/\/www.radiopiu.net\/wordpress\/wp-content\/uploads\/2025\/07\/4651f578-507e-465d-9233-15b857674fc4.jpg'><img loading=\"lazy\" decoding=\"async\" width=\"212\" height=\"300\" src=\"https:\/\/www.radiopiu.net\/wordpress\/wp-content\/uploads\/2025\/07\/4651f578-507e-465d-9233-15b857674fc4-212x300.jpg\" class=\"attachment-medium size-medium\" alt=\"\" srcset=\"https:\/\/www.radiopiu.net\/wordpress\/wp-content\/uploads\/2025\/07\/4651f578-507e-465d-9233-15b857674fc4-212x300.jpg 212w, https:\/\/www.radiopiu.net\/wordpress\/wp-content\/uploads\/2025\/07\/4651f578-507e-465d-9233-15b857674fc4-724x1024.jpg 724w, https:\/\/www.radiopiu.net\/wordpress\/wp-content\/uploads\/2025\/07\/4651f578-507e-465d-9233-15b857674fc4-768x1086.jpg 768w, https:\/\/www.radiopiu.net\/wordpress\/wp-content\/uploads\/2025\/07\/4651f578-507e-465d-9233-15b857674fc4.jpg 1061w\" sizes=\"auto, (max-width: 212px) 100vw, 212px\" \/><\/a>\n\t\t\t\t<\/dt><\/dl><dl class='gallery-item'>\n\t\t\t\t<dt class='gallery-icon portrait'>\n\t\t\t\t\t<a class=\"rollover rollover-zoom dt-pswp-item\" title=\"a757e121-3336-49c7-8db0-188d7a1c2f55\" data-dt-img-description=\"\" data-large_image_width=\"1138\" data-large_image_height=\"1600\"href='https:\/\/www.radiopiu.net\/wordpress\/wp-content\/uploads\/2025\/07\/a757e121-3336-49c7-8db0-188d7a1c2f55.jpg'><img loading=\"lazy\" decoding=\"async\" width=\"213\" height=\"300\" src=\"https:\/\/www.radiopiu.net\/wordpress\/wp-content\/uploads\/2025\/07\/a757e121-3336-49c7-8db0-188d7a1c2f55-213x300.jpg\" class=\"attachment-medium size-medium\" alt=\"\" srcset=\"https:\/\/www.radiopiu.net\/wordpress\/wp-content\/uploads\/2025\/07\/a757e121-3336-49c7-8db0-188d7a1c2f55-213x300.jpg 213w, https:\/\/www.radiopiu.net\/wordpress\/wp-content\/uploads\/2025\/07\/a757e121-3336-49c7-8db0-188d7a1c2f55-728x1024.jpg 728w, https:\/\/www.radiopiu.net\/wordpress\/wp-content\/uploads\/2025\/07\/a757e121-3336-49c7-8db0-188d7a1c2f55-768x1080.jpg 768w, https:\/\/www.radiopiu.net\/wordpress\/wp-content\/uploads\/2025\/07\/a757e121-3336-49c7-8db0-188d7a1c2f55-1092x1536.jpg 1092w, https:\/\/www.radiopiu.net\/wordpress\/wp-content\/uploads\/2025\/07\/a757e121-3336-49c7-8db0-188d7a1c2f55.jpg 1138w\" sizes=\"auto, (max-width: 213px) 100vw, 213px\" \/><\/a>\n\t\t\t\t<\/dt><\/dl><dl class='gallery-item'>\n\t\t\t\t<dt class='gallery-icon portrait'>\n\t\t\t\t\t<a class=\"rollover rollover-zoom dt-pswp-item\" title=\"9f9ca95d-04e3-4709-bc79-9e0aa5324ef1\" data-dt-img-description=\"\" data-large_image_width=\"1131\" data-large_image_height=\"1600\"href='https:\/\/www.radiopiu.net\/wordpress\/wp-content\/uploads\/2025\/07\/9f9ca95d-04e3-4709-bc79-9e0aa5324ef1.jpg'><img loading=\"lazy\" decoding=\"async\" width=\"212\" height=\"300\" src=\"https:\/\/www.radiopiu.net\/wordpress\/wp-content\/uploads\/2025\/07\/9f9ca95d-04e3-4709-bc79-9e0aa5324ef1-212x300.jpg\" class=\"attachment-medium size-medium\" alt=\"\" srcset=\"https:\/\/www.radiopiu.net\/wordpress\/wp-content\/uploads\/2025\/07\/9f9ca95d-04e3-4709-bc79-9e0aa5324ef1-212x300.jpg 212w, https:\/\/www.radiopiu.net\/wordpress\/wp-content\/uploads\/2025\/07\/9f9ca95d-04e3-4709-bc79-9e0aa5324ef1-724x1024.jpg 724w, https:\/\/www.radiopiu.net\/wordpress\/wp-content\/uploads\/2025\/07\/9f9ca95d-04e3-4709-bc79-9e0aa5324ef1-768x1086.jpg 768w, https:\/\/www.radiopiu.net\/wordpress\/wp-content\/uploads\/2025\/07\/9f9ca95d-04e3-4709-bc79-9e0aa5324ef1-1086x1536.jpg 1086w, https:\/\/www.radiopiu.net\/wordpress\/wp-content\/uploads\/2025\/07\/9f9ca95d-04e3-4709-bc79-9e0aa5324ef1.jpg 1131w\" sizes=\"auto, (max-width: 212px) 100vw, 212px\" \/><\/a>\n\t\t\t\t<\/dt><\/dl><br style=\"clear: both\" \/>\n\t\t\t<\/div>\n\n<p>&nbsp;<\/p>\n<hr \/>\n<p>&nbsp;<\/p>\n<blockquote>\n<h3>LUCIO DALLA E LUCIO BATTISTI&#8230;A BOSCO VERDE DI ROCCA PIETORE<\/h3>\n<\/blockquote>\n<p><strong>ROCCA PIETORE\u00a0 <\/strong>Michele e la band sono prontissimi. E voi, avete gi\u00e0 ripassato le canzoni? Sabato alle 21, tutti al Teatrotenda a Bosco Verde di Rocca Pietore per un viaggio musicale unico nel suo genere: <strong data-start=\"289\" data-end=\"345\" data-is-only-node=\"\">&#8220;LUCIO, Dalla e Battisti per la prima volta insieme&#8221;<\/strong>. Un concerto emozionante, dedicato a due icone della musica italiana, per cantare e rivivere insieme i loro pi\u00f9 grandi successi.<\/p>\n<p><strong>L&#8217;INVITO DALLA PAGINA FACEBOOK DELL&#8217;ASSOCIAZIONE BORGO DI SOTTOGUDA<\/strong><\/p>\n<p><iframe loading=\"lazy\" style=\"border: none; overflow: hidden;\" src=\"https:\/\/www.facebook.com\/plugins\/video.php?height=316&amp;href=https%3A%2F%2Fwww.facebook.com%2Freel%2F2223068034811060%2F&amp;show_text=false&amp;width=560&amp;t=0\" width=\"560\" height=\"316\" frameborder=\"0\" scrolling=\"no\" allowfullscreen=\"allowfullscreen\" data-mce-fragment=\"1\"><\/iframe><\/p>\n<p>&nbsp;<\/p>\n<p>&nbsp;<\/p>\n<hr \/>\n<p>&nbsp;<\/p>\n<blockquote>\n<h3>IL CINEMA SOTTO LE STELLE TORNA AD AGORDO<\/h3>\n<\/blockquote>\n<p><strong><a class=\"dt-pswp-item\" href=\"https:\/\/www.radiopiu.net\/wordpress\/wp-content\/uploads\/2025\/07\/CINEMA-IN-CONTRADA.jpg\" data-dt-img-description=\"\" data-large_image_width=\"589\" data-large_image_height=\"403\"><img loading=\"lazy\" decoding=\"async\" class=\" wp-image-459052 alignleft\" src=\"https:\/\/www.radiopiu.net\/wordpress\/wp-content\/uploads\/2025\/07\/CINEMA-IN-CONTRADA-300x205.jpg\" alt=\"\" width=\"206\" height=\"141\" srcset=\"https:\/\/www.radiopiu.net\/wordpress\/wp-content\/uploads\/2025\/07\/CINEMA-IN-CONTRADA-300x205.jpg 300w, https:\/\/www.radiopiu.net\/wordpress\/wp-content\/uploads\/2025\/07\/CINEMA-IN-CONTRADA.jpg 589w\" sizes=\"auto, (max-width: 206px) 100vw, 206px\" \/><\/a>AGORDO<\/strong> Torna ad Agordo la rassegna \u201cCinema sotto le stelle delle Dolomiti\u201d, giunta alla sua quinta edizione. L\u2019iniziativa, organizzata dal Comune e dalla Pro Loco di Agordo, animer\u00e0 anche quest\u2019estate la Contrada dei Signori con tre serate dedicate al grande cinema, dal 31 luglio al 6 agosto. Il programma propone film per tutte le et\u00e0, capaci di emozionare e stimolare la riflessione. Si parte con <em data-start=\"469\" data-end=\"482\">Jojo Rabbit<\/em>, ironico e profondo racconto sull\u2019odio e la tolleranza. Segue <em data-start=\"545\" data-end=\"557\">La La Land<\/em>, musical che celebra sogni e passioni. La rassegna si chiude con <em data-start=\"623\" data-end=\"658\">Mio fratello rincorre i dinosauri<\/em>, toccante storia sulla disabilit\u00e0 e i legami familiari. In quest\u2019ultima serata interverranno la famiglia Mazzariol e la cooperativa Societ\u00e0 Nuova. Le proiezioni sono gratuite (posti limitati) e iniziano alle 21.00, tranne il 6 agosto (alle 20.15). Prenotazioni su Eventbrite o presso l\u2019Ufficio Turistico di Agordo.<\/p>\n<p><strong>DI GIANNI SANTOMASO<\/strong><\/p>\n<audio class=\"wp-audio-shortcode\" id=\"audio-460743-10\" preload=\"none\" style=\"width: 100%;\" controls=\"controls\"><source type=\"audio\/mpeg\" src=\"https:\/\/www.radiopiu.net\/wordpress\/wp-content\/uploads\/2025\/07\/GIANNI-TORNA-IL-CINEMA-ALLAPERTO-AD-AGORDO.mp3?_=10\" \/><a href=\"https:\/\/www.radiopiu.net\/wordpress\/wp-content\/uploads\/2025\/07\/GIANNI-TORNA-IL-CINEMA-ALLAPERTO-AD-AGORDO.mp3\">https:\/\/www.radiopiu.net\/wordpress\/wp-content\/uploads\/2025\/07\/GIANNI-TORNA-IL-CINEMA-ALLAPERTO-AD-AGORDO.mp3<\/a><\/audio>\n<p>&nbsp;<\/p>\n<p>&nbsp;<\/p>\n<hr \/>\n<p>&nbsp;<\/p>\n<blockquote>\n<h3>GOSALDO CELEBRA L\u2019ARTE<a class=\"dt-pswp-item\" href=\"https:\/\/www.radiopiu.net\/wordpress\/wp-content\/uploads\/2025\/07\/1c039005-af3b-4b37-8be3-f3ba13b5eabb.jpg\" data-dt-img-description=\"\" data-large_image_width=\"1141\" data-large_image_height=\"1628\"><img loading=\"lazy\" decoding=\"async\" class=\" wp-image-459724 alignleft\" src=\"https:\/\/www.radiopiu.net\/wordpress\/wp-content\/uploads\/2025\/07\/1c039005-af3b-4b37-8be3-f3ba13b5eabb-210x300.jpg\" alt=\"\" width=\"120\" height=\"171\" srcset=\"https:\/\/www.radiopiu.net\/wordpress\/wp-content\/uploads\/2025\/07\/1c039005-af3b-4b37-8be3-f3ba13b5eabb-210x300.jpg 210w, https:\/\/www.radiopiu.net\/wordpress\/wp-content\/uploads\/2025\/07\/1c039005-af3b-4b37-8be3-f3ba13b5eabb-718x1024.jpg 718w, https:\/\/www.radiopiu.net\/wordpress\/wp-content\/uploads\/2025\/07\/1c039005-af3b-4b37-8be3-f3ba13b5eabb-768x1096.jpg 768w, https:\/\/www.radiopiu.net\/wordpress\/wp-content\/uploads\/2025\/07\/1c039005-af3b-4b37-8be3-f3ba13b5eabb-1077x1536.jpg 1077w, https:\/\/www.radiopiu.net\/wordpress\/wp-content\/uploads\/2025\/07\/1c039005-af3b-4b37-8be3-f3ba13b5eabb.jpg 1141w\" sizes=\"auto, (max-width: 120px) 100vw, 120px\" \/><\/a> E LA MEMORIA: INCONTRO SU AUGUSTO MURER IL 26 LUGLIO<\/h3>\n<\/blockquote>\n<p><strong>GOSALDO <\/strong>L\u2019Associazione Amici della Biblioteca di Gosaldo organizza sabato 26 luglio alle 17, nella sala Croda Granda, un evento dedicato all\u2019artista Augusto Murer e alla sua opera \u201cMonumento alla partigiana veneta\u201d, simbolo della Resistenza e della scultura italiana del Novecento. L\u2019incontro, patrocinato dall\u2019Associazione Erma \u2013 Museo Augusto Murer, offrir\u00e0 immagini, testimonianze e approfondimenti per riscoprire il valore storico, artistico e civile dell\u2019opera. L\u2019iniziativa rientra in un anno di rinnovamento per l\u2019associazione, impegnata nella valorizzazione della biblioteca, nell\u2019attivazione di nuovi servizi e nella promozione di incontri culturali per la comunit\u00e0.<\/p>\n<p>&nbsp;<\/p>\n<p>&nbsp;<\/p>\n<hr \/>\n<p>&nbsp;<\/p>\n<blockquote>\n<h3>CONCERTO STRAORDINARIO A TRICHIANA CON I PHILIPPINE MADRIGAL SINGERS<\/h3>\n<\/blockquote>\n<p><strong><a class=\"dt-pswp-item\" href=\"https:\/\/www.radiopiu.net\/wordpress\/wp-content\/uploads\/2025\/07\/SCR-20250723-mvbv.jpeg\" data-dt-img-description=\"\" data-large_image_width=\"1476\" data-large_image_height=\"820\"><img loading=\"lazy\" decoding=\"async\" class=\" wp-image-460824 alignleft\" src=\"https:\/\/www.radiopiu.net\/wordpress\/wp-content\/uploads\/2025\/07\/SCR-20250723-mvbv-300x167.jpeg\" alt=\"\" width=\"146\" height=\"81\" srcset=\"https:\/\/www.radiopiu.net\/wordpress\/wp-content\/uploads\/2025\/07\/SCR-20250723-mvbv-300x167.jpeg 300w, https:\/\/www.radiopiu.net\/wordpress\/wp-content\/uploads\/2025\/07\/SCR-20250723-mvbv-1024x569.jpeg 1024w, https:\/\/www.radiopiu.net\/wordpress\/wp-content\/uploads\/2025\/07\/SCR-20250723-mvbv-768x427.jpeg 768w, https:\/\/www.radiopiu.net\/wordpress\/wp-content\/uploads\/2025\/07\/SCR-20250723-mvbv.jpeg 1476w\" sizes=\"auto, (max-width: 146px) 100vw, 146px\" \/><\/a>BORGO VALBELLUNA <\/strong>Sabato 26 luglio alle 20.30, la chiesa arcipretale di Trichiana ospiter\u00e0 un concerto gratuito dei celebri Philippine Madrigal Singers, nell\u2019ambito della loro tourn\u00e9e italiana coordinata da ASAC. Il Coro Polifonico di Trichiana accoglie questo ensemble di fama mondiale, riconosciuto dall\u2019UNESCO come Artisti per la Pace. Fondato nel 1963 e diretto da Mark Anthony Carpio, il coro \u00e8 noto per l\u2019eccellenza tecnica, l\u2019esecuzione senza direttore e i numerosi premi internazionali conquistati.<\/p>\n<p>&nbsp;<\/p>\n<p>&nbsp;<\/p>\n<hr \/>\n<p>&nbsp;<\/p>\n<blockquote>\n<h3>CULTURA E AVVENTURA A SOSPIROLO: TRE SERATE TRA MONTAGNA, BICI E TEATRO<\/h3>\n<\/blockquote>\n<p><strong><a class=\"dt-pswp-item\" href=\"https:\/\/www.radiopiu.net\/wordpress\/wp-content\/uploads\/2025\/07\/LHSDGOH.jpg\" data-dt-img-description=\"\" data-large_image_width=\"1190\" data-large_image_height=\"466\"><img loading=\"lazy\" decoding=\"async\" class=\" wp-image-460508 alignleft\" src=\"https:\/\/www.radiopiu.net\/wordpress\/wp-content\/uploads\/2025\/07\/LHSDGOH-300x117.jpg\" alt=\"\" width=\"251\" height=\"98\" srcset=\"https:\/\/www.radiopiu.net\/wordpress\/wp-content\/uploads\/2025\/07\/LHSDGOH-300x117.jpg 300w, https:\/\/www.radiopiu.net\/wordpress\/wp-content\/uploads\/2025\/07\/LHSDGOH-1024x401.jpg 1024w, https:\/\/www.radiopiu.net\/wordpress\/wp-content\/uploads\/2025\/07\/LHSDGOH-768x301.jpg 768w, https:\/\/www.radiopiu.net\/wordpress\/wp-content\/uploads\/2025\/07\/LHSDGOH.jpg 1190w\" sizes=\"auto, (max-width: 251px) 100vw, 251px\" \/><\/a>SOSPIROLO <\/strong>Dal 28 al 31 luglio 2025, il Centro ricreativo \u201cPr\u00e0 de la Melia\u201d ospita tre serate del ciclo \u201cCultura e Avventura\u201d, preludio alla Festa Campestre. Si inizia luned\u00ec 28 con la 9\u00aa edizione di <em>Oltre i Feruch<\/em>: otto cortometraggi su canyon, alpinismo, leggende e ricordi di montagna, con assegnazione del premio &#8220;Feruch de Ruden&#8221;. Mercoled\u00ec 30, l\u2019Associazione Veses APS presenta il libro <em>Pedalare in Valbelluna<\/em>, 40 itinerari per scoprire il territorio su due ruote. Gioved\u00ec 31, i <em>Fuori di Quinta<\/em> portano in scena <em>Trama allo specchio<\/em>, commedia ironica su verit\u00e0 e apparenza. Ingresso libero a tutte le serate.<\/p>\n<p>&nbsp;<\/p>\n<p>&nbsp;<\/p>\n<hr \/>\n<p>&nbsp;<\/p>\n<blockquote>\n<h3>ESTATE SUL COLLE: DIVERTIMENTO, NATURA E RELAX A DUE PASSI DA BELLUNO<\/h3>\n<\/blockquote>\n<p><strong>BELLUNO <\/strong>Per offrire un&#8217;alternativa al caldo cittadino e alle affollate mete turistiche, l\u2019Associazione \u201cAmici del Neveg\u00e0l APS\u201d propone un ricco calendario di eventi estivi sul Neveg\u00e0l, a pochi minuti da Belluno. Il programma include attivit\u00e0 per bambini, passeggiate nella natura, concerti, giochi e momenti di socialit\u00e0. Si parte domenica 27 luglio con la \u201cBicimkana\u201d, percorso su due ruote per piccoli ciclisti, mentre il 2 e 9 agosto spazio alla musica. Il 12 si cammina sul sentiero \u201cCosta dei Pin\u201d, e il 17 ci sar\u00e0 un incontro sulle prospettive del Colle. Chiudono il programma il Torneo di Burraco (31 agosto) e una camminata guidata il 7 settembre. Tutti gli eventi sono patrocinati dal Comune di Belluno.<\/p>\n\n\t\t\t<style type='text\/css'>\n\t\t\t\t#gallery-7 {\n\t\t\t\t\tmargin: auto;\n\t\t\t\t}\n\t\t\t\t#gallery-7 .gallery-item {\n\t\t\t\t\tfloat: left;\n\t\t\t\t\tmargin-top: 10px;\n\t\t\t\t\ttext-align: center;\n\t\t\t\t\twidth: 50%;\n\t\t\t\t}\n\t\t\t\t#gallery-7 img {\n\t\t\t\t\tborder: 2px solid #cfcfcf;\n\t\t\t\t}\n\t\t\t\t#gallery-7 .gallery-caption {\n\t\t\t\t\tmargin-left: 0;\n\t\t\t\t}\n\t\t\t\t\/* see gallery_shortcode() in wp-includes\/media.php *\/\n\t\t\t<\/style>\n\t\t<div id='gallery-7' class='dt-gallery-container gallery galleryid-460743 gallery-columns-2 gallery-size-thumbnail'><dl class='gallery-item'>\n\t\t\t\t<dt class='gallery-icon portrait'>\n\t\t\t\t\t<a class=\"rollover rollover-zoom dt-pswp-item\" title=\"NEVEGAL 1\" data-dt-img-description=\"\" data-large_image_width=\"673\" data-large_image_height=\"953\"href='https:\/\/www.radiopiu.net\/wordpress\/wp-content\/uploads\/2025\/07\/NEVEGAL-1.jpg'><img loading=\"lazy\" decoding=\"async\" width=\"150\" height=\"150\" src=\"https:\/\/www.radiopiu.net\/wordpress\/wp-content\/uploads\/2025\/07\/NEVEGAL-1-150x150.jpg\" class=\"attachment-thumbnail size-thumbnail\" alt=\"\" \/><\/a>\n\t\t\t\t<\/dt><\/dl><dl class='gallery-item'>\n\t\t\t\t<dt class='gallery-icon portrait'>\n\t\t\t\t\t<a class=\"rollover rollover-zoom dt-pswp-item\" title=\"NEVEGAL 2\" data-dt-img-description=\"\" data-large_image_width=\"675\" data-large_image_height=\"954\"href='https:\/\/www.radiopiu.net\/wordpress\/wp-content\/uploads\/2025\/07\/NEVEGAL-2.jpg'><img loading=\"lazy\" decoding=\"async\" width=\"150\" height=\"150\" src=\"https:\/\/www.radiopiu.net\/wordpress\/wp-content\/uploads\/2025\/07\/NEVEGAL-2-150x150.jpg\" class=\"attachment-thumbnail size-thumbnail\" alt=\"\" \/><\/a>\n\t\t\t\t<\/dt><\/dl><br style=\"clear: both\" \/>\n\t\t\t<\/div>\n\n<p>&nbsp;<\/p>\n<p>&nbsp;<\/p>\n<hr \/>\n<p>&nbsp;<\/p>\n<p><strong><a class=\"dt-pswp-item\" href=\"https:\/\/www.radiopiu.net\/wordpress\/wp-content\/uploads\/2025\/07\/SCR-20250723-mrjt.jpeg\" data-dt-img-description=\"\" data-large_image_width=\"1408\" data-large_image_height=\"1980\"><img loading=\"lazy\" decoding=\"async\" class=\" wp-image-460819 alignleft\" src=\"https:\/\/www.radiopiu.net\/wordpress\/wp-content\/uploads\/2025\/07\/SCR-20250723-mrjt-213x300.jpeg\" alt=\"\" width=\"130\" height=\"183\" srcset=\"https:\/\/www.radiopiu.net\/wordpress\/wp-content\/uploads\/2025\/07\/SCR-20250723-mrjt-213x300.jpeg 213w, https:\/\/www.radiopiu.net\/wordpress\/wp-content\/uploads\/2025\/07\/SCR-20250723-mrjt-728x1024.jpeg 728w, https:\/\/www.radiopiu.net\/wordpress\/wp-content\/uploads\/2025\/07\/SCR-20250723-mrjt-768x1080.jpeg 768w, https:\/\/www.radiopiu.net\/wordpress\/wp-content\/uploads\/2025\/07\/SCR-20250723-mrjt-1092x1536.jpeg 1092w, https:\/\/www.radiopiu.net\/wordpress\/wp-content\/uploads\/2025\/07\/SCR-20250723-mrjt.jpeg 1408w\" sizes=\"auto, (max-width: 130px) 100vw, 130px\" \/><\/a> <\/strong><\/p>\n<blockquote>\n<h3>PANZE PIENE&#8230;LA FESTA DEL PANZEROTTO A GOSALDO<\/h3>\n<\/blockquote>\n<p><strong>GOSALDO <\/strong>Sabato 2 agosto, appuntamento da non perdere a Gosaldo con \u201cPANZE-PIENE\u201d, la serata pi\u00f9 golosa dell\u2019estate! Dalle ore 19:00, sotto il tendone allestito dalla Pro Loco, prender\u00e0 il via la Festa del Panzerotto: panzerotti caldi, croccanti e filanti, preparati in tante varianti per soddisfare tutti i gusti. Ma la serata non finisce qui: dalle 21:00, si accendono le luci del palco e si scatena il divertimento con la musica live dei Tirataie, per ballare, cantare e vivere una notte all\u2019insegna dell\u2019allegria. Un ringraziamento speciale va alla Macelleria Bepi Bosol, sponsor dell\u2019evento e sostenitore delle iniziative locali. Per ulteriori informazioni: <a class=\"cursor-pointer\" rel=\"noopener\" data-start=\"790\" data-end=\"814\">prolocogosaldo@gmail.com<\/a><\/p>\n<p>&nbsp;<\/p>\n<p>&nbsp;<\/p>\n<hr \/>\n<p>&nbsp;<\/p>\n<blockquote>\n<h3>FESTA DEI BELLUNESI NEL MONDO A LIMANA: UN OMAGGIO A RENATO DE FANTI<\/h3>\n<\/blockquote>\n<p><strong><a class=\"dt-pswp-item\" href=\"https:\/\/www.radiopiu.net\/wordpress\/wp-content\/uploads\/2025\/07\/LKDoHASIoHGQOP.jpg\" data-dt-img-description=\"\" data-large_image_width=\"1647\" data-large_image_height=\"1396\"><img loading=\"lazy\" decoding=\"async\" class=\" wp-image-460536 alignleft\" src=\"https:\/\/www.radiopiu.net\/wordpress\/wp-content\/uploads\/2025\/07\/LKDoHASIoHGQOP-300x254.jpg\" alt=\"\" width=\"119\" height=\"101\" srcset=\"https:\/\/www.radiopiu.net\/wordpress\/wp-content\/uploads\/2025\/07\/LKDoHASIoHGQOP-300x254.jpg 300w, https:\/\/www.radiopiu.net\/wordpress\/wp-content\/uploads\/2025\/07\/LKDoHASIoHGQOP-1024x868.jpg 1024w, https:\/\/www.radiopiu.net\/wordpress\/wp-content\/uploads\/2025\/07\/LKDoHASIoHGQOP-768x651.jpg 768w, https:\/\/www.radiopiu.net\/wordpress\/wp-content\/uploads\/2025\/07\/LKDoHASIoHGQOP-1536x1302.jpg 1536w, https:\/\/www.radiopiu.net\/wordpress\/wp-content\/uploads\/2025\/07\/LKDoHASIoHGQOP.jpg 1647w\" sizes=\"auto, (max-width: 119px) 100vw, 119px\" \/><\/a>LIMANA <\/strong>Domenica 3 agosto 2025 Limana ospiter\u00e0 la Festa dei Bellunesi nel Mondo, dedicata a Renato De Fanti, simbolo del legame con la comunit\u00e0. La giornata inizier\u00e0 alle 9.30 con il corteo, seguito dalla Santa Messa alle 10.30 e dall\u2019intitolazione di una sala a De Fanti presso il Municipio. Il pranzo conviviale con piatti tipici si terr\u00e0 alle 13.00 presso l\u2019area Pro Loco, con spettacolo di nativi americani alle 14.00 e visita guidata a Giaon alle 15.00. L\u2019evento \u00e8 organizzato con il Comune e la Pro Loco di Limana. Prenotazione obbligatoria entro il 28 luglio. Una giornata per celebrare identit\u00e0, memoria e spirito comunitario.<\/p>\n<p>&nbsp;<\/p>\n<p>&nbsp;<\/p>\n<hr \/>\n<p>&nbsp;<\/p>\n<h1><span style=\"color: #ff6600;\">IERI ALLA RADIO<\/span><\/h1>\n<h2><span style=\"color: #ffcc00;\">SABATO A SAN TOMASO LA PRESENTAZIONE DEL LIBRO &#8220;LA BATTAGLIA DEI SEMI&#8221;<\/span><\/h2>\n<p><strong><a class=\"dt-pswp-item\" href=\"https:\/\/www.radiopiu.net\/wordpress\/wp-content\/uploads\/2025\/07\/ca7ce0f2-88a1-4d8a-94b7-b20909d01382.jpg\" data-dt-img-description=\"\" data-large_image_width=\"1141\" data-large_image_height=\"1600\"><img loading=\"lazy\" decoding=\"async\" class=\" wp-image-458345 alignleft\" src=\"https:\/\/www.radiopiu.net\/wordpress\/wp-content\/uploads\/2025\/07\/ca7ce0f2-88a1-4d8a-94b7-b20909d01382-214x300.jpg\" alt=\"\" width=\"155\" height=\"217\" srcset=\"https:\/\/www.radiopiu.net\/wordpress\/wp-content\/uploads\/2025\/07\/ca7ce0f2-88a1-4d8a-94b7-b20909d01382-214x300.jpg 214w, https:\/\/www.radiopiu.net\/wordpress\/wp-content\/uploads\/2025\/07\/ca7ce0f2-88a1-4d8a-94b7-b20909d01382-730x1024.jpg 730w, https:\/\/www.radiopiu.net\/wordpress\/wp-content\/uploads\/2025\/07\/ca7ce0f2-88a1-4d8a-94b7-b20909d01382-768x1077.jpg 768w, https:\/\/www.radiopiu.net\/wordpress\/wp-content\/uploads\/2025\/07\/ca7ce0f2-88a1-4d8a-94b7-b20909d01382-1095x1536.jpg 1095w, https:\/\/www.radiopiu.net\/wordpress\/wp-content\/uploads\/2025\/07\/ca7ce0f2-88a1-4d8a-94b7-b20909d01382.jpg 1141w\" sizes=\"auto, (max-width: 155px) 100vw, 155px\" \/><\/a>DI MIRKO MEZZACASA<\/strong><\/p>\n<p>OSPITI: Renato da Ronch e Gianandrea Mencini<\/p>\n<audio class=\"wp-audio-shortcode\" id=\"audio-460743-11\" preload=\"none\" style=\"width: 100%;\" controls=\"controls\"><source type=\"audio\/mpeg\" src=\"https:\/\/www.radiopiu.net\/wordpress\/wp-content\/uploads\/2025\/07\/RENATO-GIANNANDREA-SAN-TOMASO-audio-modificato-audiophone.mp3?_=11\" \/><a href=\"https:\/\/www.radiopiu.net\/wordpress\/wp-content\/uploads\/2025\/07\/RENATO-GIANNANDREA-SAN-TOMASO-audio-modificato-audiophone.mp3\">https:\/\/www.radiopiu.net\/wordpress\/wp-content\/uploads\/2025\/07\/RENATO-GIANNANDREA-SAN-TOMASO-audio-modificato-audiophone.mp3<\/a><\/audio>\n<p>&nbsp;<\/p>\n<hr \/>\n<p>&nbsp;<\/p>\n<h2><span style=\"color: #00ccff;\">A FORCELLA AURINE IL VERTICAL COL DE LUNA IN RICORDO DI LUCIA BARBIERO<\/span><\/h2>\n<p><strong><a class=\"dt-pswp-item\" href=\"https:\/\/www.radiopiu.net\/wordpress\/wp-content\/uploads\/2025\/07\/SCR-20250723-nfyz-1.png\" data-dt-img-description=\"\" data-large_image_width=\"634\" data-large_image_height=\"520\"><img loading=\"lazy\" decoding=\"async\" class=\" wp-image-460847 alignleft\" src=\"https:\/\/www.radiopiu.net\/wordpress\/wp-content\/uploads\/2025\/07\/SCR-20250723-nfyz-1-300x246.png\" alt=\"\" width=\"187\" height=\"153\" srcset=\"https:\/\/www.radiopiu.net\/wordpress\/wp-content\/uploads\/2025\/07\/SCR-20250723-nfyz-1-300x246.png 300w, https:\/\/www.radiopiu.net\/wordpress\/wp-content\/uploads\/2025\/07\/SCR-20250723-nfyz-1.png 634w\" sizes=\"auto, (max-width: 187px) 100vw, 187px\" \/><\/a>DI MIRKO MEZZACASA<\/strong><\/p>\n<p>OSPITI: Alessia De Marco, Terry Dal Soler e Luca Cagnati<\/p>\n<audio class=\"wp-audio-shortcode\" id=\"audio-460743-12\" preload=\"none\" style=\"width: 100%;\" controls=\"controls\"><source type=\"audio\/mpeg\" src=\"https:\/\/www.radiopiu.net\/wordpress\/wp-content\/uploads\/2025\/07\/lucia-barbiero-seconda-parte-col-de-luna-trail.mp3?_=12\" \/><a href=\"https:\/\/www.radiopiu.net\/wordpress\/wp-content\/uploads\/2025\/07\/lucia-barbiero-seconda-parte-col-de-luna-trail.mp3\">https:\/\/www.radiopiu.net\/wordpress\/wp-content\/uploads\/2025\/07\/lucia-barbiero-seconda-parte-col-de-luna-trail.mp3<\/a><\/audio>\n<p>&nbsp;<\/p>\n<hr \/>\n<p>&nbsp;<\/p>\n<h2><span style=\"color: #ff00ff;\">AMAZING CALENDAR, CON MICHELA E MARINA<\/span><\/h2>\n<p><span style=\"color: #0000ff;\"><strong><a class=\"dt-pswp-item\" href=\"https:\/\/www.radiopiu.net\/wordpress\/wp-content\/uploads\/2024\/05\/aebce9af-b3cd-4fbd-84ed-a9f11e6f86b3.jpg\" data-dt-img-description=\"\" data-large_image_width=\"1080\" data-large_image_height=\"907\"><img loading=\"lazy\" decoding=\"async\" class=\" wp-image-392684 alignleft\" src=\"https:\/\/www.radiopiu.net\/wordpress\/wp-content\/uploads\/2024\/05\/aebce9af-b3cd-4fbd-84ed-a9f11e6f86b3-300x252.jpg\" alt=\"\" width=\"165\" height=\"139\" srcset=\"https:\/\/www.radiopiu.net\/wordpress\/wp-content\/uploads\/2024\/05\/aebce9af-b3cd-4fbd-84ed-a9f11e6f86b3-300x252.jpg 300w, https:\/\/www.radiopiu.net\/wordpress\/wp-content\/uploads\/2024\/05\/aebce9af-b3cd-4fbd-84ed-a9f11e6f86b3-1024x860.jpg 1024w, https:\/\/www.radiopiu.net\/wordpress\/wp-content\/uploads\/2024\/05\/aebce9af-b3cd-4fbd-84ed-a9f11e6f86b3-768x645.jpg 768w, https:\/\/www.radiopiu.net\/wordpress\/wp-content\/uploads\/2024\/05\/aebce9af-b3cd-4fbd-84ed-a9f11e6f86b3.jpg 1080w\" sizes=\"auto, (max-width: 165px) 100vw, 165px\" \/><\/a>20a PUNTATA &#8211; PARTE UNO<\/strong><\/span><\/p>\n<audio class=\"wp-audio-shortcode\" id=\"audio-460743-13\" preload=\"none\" style=\"width: 100%;\" controls=\"controls\"><source type=\"audio\/mpeg\" src=\"https:\/\/www.radiopiu.net\/wordpress\/wp-content\/uploads\/2025\/07\/AMAZING-CALENDAR-VENTESIMA-PUNTATA-1.mp3?_=13\" \/><a href=\"https:\/\/www.radiopiu.net\/wordpress\/wp-content\/uploads\/2025\/07\/AMAZING-CALENDAR-VENTESIMA-PUNTATA-1.mp3\">https:\/\/www.radiopiu.net\/wordpress\/wp-content\/uploads\/2025\/07\/AMAZING-CALENDAR-VENTESIMA-PUNTATA-1.mp3<\/a><\/audio>\n<p><span style=\"color: #0000ff;\">\u00a0<\/span><\/p>\n<p><span style=\"color: #0000ff;\"><strong>PARTE DUE<\/strong><\/span><\/p>\n<audio class=\"wp-audio-shortcode\" id=\"audio-460743-14\" preload=\"none\" style=\"width: 100%;\" controls=\"controls\"><source type=\"audio\/mpeg\" src=\"https:\/\/www.radiopiu.net\/wordpress\/wp-content\/uploads\/2025\/07\/AMAZING-CALENDAR-VENTESIMA-PUNTATA-2.mp3?_=14\" \/><a href=\"https:\/\/www.radiopiu.net\/wordpress\/wp-content\/uploads\/2025\/07\/AMAZING-CALENDAR-VENTESIMA-PUNTATA-2.mp3\">https:\/\/www.radiopiu.net\/wordpress\/wp-content\/uploads\/2025\/07\/AMAZING-CALENDAR-VENTESIMA-PUNTATA-2.mp3<\/a><\/audio>\n<p><span style=\"color: #0000ff;\">\u00a0<\/span><\/p>\n<p><span style=\"color: #0000ff;\"><strong>PARTE TRE<\/strong><\/span><\/p>\n<audio class=\"wp-audio-shortcode\" id=\"audio-460743-15\" preload=\"none\" style=\"width: 100%;\" controls=\"controls\"><source type=\"audio\/mpeg\" src=\"https:\/\/www.radiopiu.net\/wordpress\/wp-content\/uploads\/2025\/07\/AMAZING-CALENDAR-VENTESIMA-PUNTATA-3.mp3?_=15\" \/><a href=\"https:\/\/www.radiopiu.net\/wordpress\/wp-content\/uploads\/2025\/07\/AMAZING-CALENDAR-VENTESIMA-PUNTATA-3.mp3\">https:\/\/www.radiopiu.net\/wordpress\/wp-content\/uploads\/2025\/07\/AMAZING-CALENDAR-VENTESIMA-PUNTATA-3.mp3<\/a><\/audio>\n<p>&nbsp;<\/p>\n<h2><strong>LA RACCOLTA COMPLETA <a href=\"https:\/\/www.radiopiu.net\/wordpress\/amazing-calendar-con-michela-e-marina-la-raccolta\/\"><span style=\"color: #3366ff;\">CLICCA QUI<\/span><\/a><\/strong><\/h2>\n<p>&nbsp;<\/p>\n<hr \/>\n<p>&nbsp;<\/p>\n<h2><span style=\"color: #993300;\">TORNA LA PASSEGGIATA AI PIE DE LA CRODA GRANDA<\/span><\/h2>\n<p><strong><a class=\"dt-pswp-item\" href=\"https:\/\/www.radiopiu.net\/wordpress\/wp-content\/uploads\/2025\/07\/IMG_20250709_080709.jpg\" data-dt-img-description=\"\" data-large_image_width=\"639\" data-large_image_height=\"944\"><img loading=\"lazy\" decoding=\"async\" class=\" wp-image-458344 alignleft\" src=\"https:\/\/www.radiopiu.net\/wordpress\/wp-content\/uploads\/2025\/07\/IMG_20250709_080709-203x300.jpg\" alt=\"\" width=\"141\" height=\"208\" srcset=\"https:\/\/www.radiopiu.net\/wordpress\/wp-content\/uploads\/2025\/07\/IMG_20250709_080709-203x300.jpg 203w, https:\/\/www.radiopiu.net\/wordpress\/wp-content\/uploads\/2025\/07\/IMG_20250709_080709.jpg 639w\" sizes=\"auto, (max-width: 141px) 100vw, 141px\" \/><\/a>DI MIRKO MEZZACASA<\/strong><\/p>\n<p>OSPITE: Sara Laveder<\/p>\n<audio class=\"wp-audio-shortcode\" id=\"audio-460743-16\" preload=\"none\" style=\"width: 100%;\" controls=\"controls\"><source type=\"audio\/mpeg\" src=\"https:\/\/www.radiopiu.net\/wordpress\/wp-content\/uploads\/2025\/07\/sara-laveder-2025.mp3?_=16\" \/><a href=\"https:\/\/www.radiopiu.net\/wordpress\/wp-content\/uploads\/2025\/07\/sara-laveder-2025.mp3\">https:\/\/www.radiopiu.net\/wordpress\/wp-content\/uploads\/2025\/07\/sara-laveder-2025.mp3<\/a><\/audio>\n<p>&nbsp;<\/p>\n<hr \/>\n<p>&nbsp;<\/p>\n<h2><span style=\"color: #cc99ff;\">I CONSIGLI DI GIANLUCA&#8230;DA DOLOMITI BEER &amp; WINE SHOP<\/span><\/h2>\n<p><strong><a class=\"dt-pswp-item\" href=\"https:\/\/www.radiopiu.net\/wordpress\/wp-content\/uploads\/2021\/03\/vino-300x199-1.jpg\" data-dt-img-description=\"\" data-large_image_width=\"300\" data-large_image_height=\"199\"><img loading=\"lazy\" decoding=\"async\" class=\" wp-image-199994 alignleft\" src=\"https:\/\/www.radiopiu.net\/wordpress\/wp-content\/uploads\/2021\/03\/vino-300x199-1.jpg\" alt=\"\" width=\"163\" height=\"108\" \/><\/a><\/strong><\/p>\n<p>&nbsp;<\/p>\n<p>&nbsp;<\/p>\n<p><strong>REDAZIONE<\/strong> Con l&#8217;arrivo dell&#8217;estate arrivano anche i consigli di Gianluca dal Dolomiti Beer &amp; Wine Shop<\/p>\n<p>&nbsp;<\/p>\n<p>&nbsp;<\/p>\n<p><span style=\"color: #ff0000;\"><strong>23 LUGLIO 2025\u00a0<\/strong><\/span><\/p>\n<p>Il messaggio agli ospiti di madre lingua tedesca<\/p>\n<audio class=\"wp-audio-shortcode\" id=\"audio-460743-17\" preload=\"none\" style=\"width: 100%;\" controls=\"controls\"><source type=\"audio\/mpeg\" src=\"https:\/\/www.radiopiu.net\/wordpress\/wp-content\/uploads\/2025\/07\/GWINE1-15.mp3?_=17\" \/><a href=\"https:\/\/www.radiopiu.net\/wordpress\/wp-content\/uploads\/2025\/07\/GWINE1-15.mp3\">https:\/\/www.radiopiu.net\/wordpress\/wp-content\/uploads\/2025\/07\/GWINE1-15.mp3<\/a><\/audio>\n<p>&nbsp;<\/p>\n<h2><strong>LA RACCOLTA COMPLETA <a href=\"https:\/\/www.radiopiu.net\/wordpress\/i-consigli-di-gianluca-da-dolomiti-beer-wine-shop-il-podcast\/\"><span style=\"color: #3366ff;\">CLICCA QUI<\/span><\/a><\/strong><\/h2>\n<p>&nbsp;<\/p>\n<hr \/>\n<p>&nbsp;<\/p>\n<h2><span style=\"color: #ff99cc;\">OGGI LA DEGUSTAZIONE DI BIRRE FRANCESI AL DOLOMITI BEER &amp; WINE SHOP DI FELTRE<\/span><\/h2>\n<p><strong><a class=\"dt-pswp-item\" href=\"https:\/\/www.radiopiu.net\/wordpress\/wp-content\/uploads\/2025\/07\/birra.jpg\" data-dt-img-description=\"\" data-large_image_width=\"1280\" data-large_image_height=\"853\"><img loading=\"lazy\" decoding=\"async\" class=\" wp-image-457149 alignleft\" src=\"https:\/\/www.radiopiu.net\/wordpress\/wp-content\/uploads\/2025\/07\/birra-300x200.jpg\" alt=\"\" width=\"158\" height=\"105\" srcset=\"https:\/\/www.radiopiu.net\/wordpress\/wp-content\/uploads\/2025\/07\/birra-300x200.jpg 300w, https:\/\/www.radiopiu.net\/wordpress\/wp-content\/uploads\/2025\/07\/birra-1024x682.jpg 1024w, https:\/\/www.radiopiu.net\/wordpress\/wp-content\/uploads\/2025\/07\/birra-768x512.jpg 768w, https:\/\/www.radiopiu.net\/wordpress\/wp-content\/uploads\/2025\/07\/birra.jpg 1280w\" sizes=\"auto, (max-width: 158px) 100vw, 158px\" \/><\/a>FELTRE<\/strong> Tempo di degustazioni al Dolomiti Beer &amp; Wine Shop di Feltre. Oggi alle 17 la degustazione di birre francesi<\/p>\n<p>&nbsp;<\/p>\n<p>&nbsp;<\/p>\n<p><strong>LO SPOT ALLA RADIO<\/strong><\/p>\n<audio class=\"wp-audio-shortcode\" id=\"audio-460743-18\" preload=\"none\" style=\"width: 100%;\" controls=\"controls\"><source type=\"audio\/mpeg\" src=\"https:\/\/www.radiopiu.net\/wordpress\/wp-content\/uploads\/2025\/07\/feltre-24-luglio.mp3?_=18\" \/><a href=\"https:\/\/www.radiopiu.net\/wordpress\/wp-content\/uploads\/2025\/07\/feltre-24-luglio.mp3\">https:\/\/www.radiopiu.net\/wordpress\/wp-content\/uploads\/2025\/07\/feltre-24-luglio.mp3<\/a><\/audio>\n<p>&nbsp;<\/p>\n<hr \/>\n<p>&nbsp;<\/p>\n<h2><span style=\"color: #ff0000;\"><a class=\"dt-pswp-item\" href=\"https:\/\/www.radiopiu.net\/wordpress\/wp-content\/uploads\/2018\/09\/appuntamenti.jpeg\" data-dt-img-description=\"\" data-large_image_width=\"800\" data-large_image_height=\"100\"><img loading=\"lazy\" decoding=\"async\" class=\"wp-image-61958 size-full aligncenter\" src=\"https:\/\/www.radiopiu.net\/wordpress\/wp-content\/uploads\/2018\/09\/appuntamenti.jpeg\" alt=\"\" width=\"800\" height=\"100\" srcset=\"https:\/\/www.radiopiu.net\/wordpress\/wp-content\/uploads\/2018\/09\/appuntamenti.jpeg 800w, https:\/\/www.radiopiu.net\/wordpress\/wp-content\/uploads\/2018\/09\/appuntamenti-300x38.jpeg 300w, https:\/\/www.radiopiu.net\/wordpress\/wp-content\/uploads\/2018\/09\/appuntamenti-768x96.jpeg 768w\" sizes=\"auto, (max-width: 800px) 100vw, 800px\" \/><\/a><\/span><\/h2>\n<p>&nbsp;<\/p>\n<div>\n<div class=\"\" dir=\"auto\">\n<div id=\":r9h:\" class=\"x1iorvi4 x1pi30zi x1l90r2v x1swvt13\" data-ad-comet-preview=\"message\" data-ad-preview=\"message\">\n<div class=\"\" dir=\"auto\">\n<div id=\":r9h:\" class=\"x1iorvi4 x1pi30zi x1l90r2v x1swvt13\" data-ad-comet-preview=\"message\" data-ad-preview=\"message\">\n<div class=\"\" dir=\"auto\">\n<div id=\":r9h:\" class=\"x1iorvi4 x1pi30zi x1l90r2v x1swvt13\" data-ad-comet-preview=\"message\" data-ad-preview=\"message\">\n<div class=\"\" dir=\"auto\">\n<div id=\":r9h:\" class=\"x1iorvi4 x1pi30zi x1l90r2v x1swvt13\" data-ad-comet-preview=\"message\" data-ad-preview=\"message\">\n<div>\n<div class=\"\" dir=\"auto\">\n<div id=\":r9h:\" class=\"x1iorvi4 x1pi30zi x1l90r2v x1swvt13\" data-ad-comet-preview=\"message\" data-ad-preview=\"message\">\n<div>\n<div class=\"\" dir=\"auto\">\n<div id=\":r9h:\" class=\"x1iorvi4 x1pi30zi x1l90r2v x1swvt13\" data-ad-comet-preview=\"message\" data-ad-preview=\"message\">\n<div class=\"xdj266r x11i5rnm xat24cr x1mh8g0r x1vvkbs x126k92a\">\n<div dir=\"auto\"><\/div>\n<\/div>\n<div>\n<div class=\"\" dir=\"auto\">\n<div id=\":r9h:\" class=\"x1iorvi4 x1pi30zi x1l90r2v x1swvt13\" data-ad-comet-preview=\"message\" data-ad-preview=\"message\">\n<div>\n<div class=\"\" dir=\"auto\">\n<div id=\":r9h:\" class=\"x1iorvi4 x1pi30zi x1l90r2v x1swvt13\" data-ad-comet-preview=\"message\" data-ad-preview=\"message\">\n\n\t\t\t<style type='text\/css'>\n\t\t\t\t#gallery-8 {\n\t\t\t\t\tmargin: auto;\n\t\t\t\t}\n\t\t\t\t#gallery-8 .gallery-item {\n\t\t\t\t\tfloat: left;\n\t\t\t\t\tmargin-top: 10px;\n\t\t\t\t\ttext-align: center;\n\t\t\t\t\twidth: 20%;\n\t\t\t\t}\n\t\t\t\t#gallery-8 img {\n\t\t\t\t\tborder: 2px solid #cfcfcf;\n\t\t\t\t}\n\t\t\t\t#gallery-8 .gallery-caption {\n\t\t\t\t\tmargin-left: 0;\n\t\t\t\t}\n\t\t\t\t\/* see gallery_shortcode() in wp-includes\/media.php *\/\n\t\t\t<\/style>\n\t\t<div id='gallery-8' class='dt-gallery-container gallery galleryid-460743 gallery-columns-5 gallery-size-thumbnail'><dl class='gallery-item'>\n\t\t\t\t<dt class='gallery-icon portrait'>\n\t\t\t\t\t<a class=\"rollover rollover-zoom dt-pswp-item\" title=\"090267ee-c61a-4395-8f22-076aae3d6bae\" data-dt-img-description=\"\" data-large_image_width=\"1131\" data-large_image_height=\"1600\"href='https:\/\/www.radiopiu.net\/wordpress\/wp-content\/uploads\/2025\/07\/090267ee-c61a-4395-8f22-076aae3d6bae.jpg'><img loading=\"lazy\" decoding=\"async\" width=\"150\" height=\"150\" src=\"https:\/\/www.radiopiu.net\/wordpress\/wp-content\/uploads\/2025\/07\/090267ee-c61a-4395-8f22-076aae3d6bae-150x150.jpg\" class=\"attachment-thumbnail size-thumbnail\" alt=\"\" \/><\/a>\n\t\t\t\t<\/dt><\/dl><dl class='gallery-item'>\n\t\t\t\t<dt class='gallery-icon portrait'>\n\t\t\t\t\t<a class=\"rollover rollover-zoom dt-pswp-item\" title=\"cadf9f3e-b763-4b78-a053-a610ef5c8c99\" data-dt-img-description=\"\" data-large_image_width=\"960\" data-large_image_height=\"1280\"href='https:\/\/www.radiopiu.net\/wordpress\/wp-content\/uploads\/2025\/06\/cadf9f3e-b763-4b78-a053-a610ef5c8c99.jpg'><img loading=\"lazy\" decoding=\"async\" width=\"150\" height=\"150\" src=\"https:\/\/www.radiopiu.net\/wordpress\/wp-content\/uploads\/2025\/06\/cadf9f3e-b763-4b78-a053-a610ef5c8c99-150x150.jpg\" class=\"attachment-thumbnail size-thumbnail\" alt=\"\" \/><\/a>\n\t\t\t\t<\/dt><\/dl><dl class='gallery-item'>\n\t\t\t\t<dt class='gallery-icon portrait'>\n\t\t\t\t\t<a class=\"rollover rollover-zoom dt-pswp-item\" title=\"mostra_RotaSperti\" data-dt-img-description=\"\" data-large_image_width=\"1414\" data-large_image_height=\"2000\"href='https:\/\/www.radiopiu.net\/wordpress\/wp-content\/uploads\/2025\/06\/mostra_RotaSperti.png'><img loading=\"lazy\" decoding=\"async\" width=\"150\" height=\"150\" src=\"https:\/\/www.radiopiu.net\/wordpress\/wp-content\/uploads\/2025\/06\/mostra_RotaSperti-150x150.png\" class=\"attachment-thumbnail size-thumbnail\" alt=\"\" \/><\/a>\n\t\t\t\t<\/dt><\/dl><dl class='gallery-item'>\n\t\t\t\t<dt class='gallery-icon portrait'>\n\t\t\t\t\t<a class=\"rollover rollover-zoom dt-pswp-item\" title=\"fac4fca6-e68b-4407-9911-927fad81e2d6\" data-dt-img-description=\"\" data-large_image_width=\"1080\" data-large_image_height=\"1507\"href='https:\/\/www.radiopiu.net\/wordpress\/wp-content\/uploads\/2025\/06\/fac4fca6-e68b-4407-9911-927fad81e2d6.jpg'><img loading=\"lazy\" decoding=\"async\" width=\"150\" height=\"150\" src=\"https:\/\/www.radiopiu.net\/wordpress\/wp-content\/uploads\/2025\/06\/fac4fca6-e68b-4407-9911-927fad81e2d6-150x150.jpg\" class=\"attachment-thumbnail size-thumbnail\" alt=\"\" \/><\/a>\n\t\t\t\t<\/dt><\/dl><dl class='gallery-item'>\n\t\t\t\t<dt class='gallery-icon portrait'>\n\t\t\t\t\t<a class=\"rollover rollover-zoom dt-pswp-item\" title=\"c55ce2db-ca03-471b-81c4-095c39ada29e\" data-dt-img-description=\"\" data-large_image_width=\"509\" data-large_image_height=\"720\"href='https:\/\/www.radiopiu.net\/wordpress\/wp-content\/uploads\/2025\/06\/c55ce2db-ca03-471b-81c4-095c39ada29e.jpg'><img loading=\"lazy\" decoding=\"async\" width=\"150\" height=\"150\" src=\"https:\/\/www.radiopiu.net\/wordpress\/wp-content\/uploads\/2025\/06\/c55ce2db-ca03-471b-81c4-095c39ada29e-150x150.jpg\" class=\"attachment-thumbnail size-thumbnail\" alt=\"\" \/><\/a>\n\t\t\t\t<\/dt><\/dl><br style=\"clear: both\" \/><dl class='gallery-item'>\n\t\t\t\t<dt class='gallery-icon portrait'>\n\t\t\t\t\t<a class=\"rollover rollover-zoom dt-pswp-item\" title=\"starson luglio\" data-dt-img-description=\"\" data-large_image_width=\"668\" data-large_image_height=\"847\"href='https:\/\/www.radiopiu.net\/wordpress\/wp-content\/uploads\/2025\/07\/starson-luglio.jpg'><img loading=\"lazy\" decoding=\"async\" width=\"150\" height=\"150\" src=\"https:\/\/www.radiopiu.net\/wordpress\/wp-content\/uploads\/2025\/07\/starson-luglio-150x150.jpg\" class=\"attachment-thumbnail size-thumbnail\" alt=\"\" \/><\/a>\n\t\t\t\t<\/dt><\/dl><dl class='gallery-item'>\n\t\t\t\t<dt class='gallery-icon portrait'>\n\t\t\t\t\t<a class=\"rollover rollover-zoom dt-pswp-item\" title=\"8d3ab9cd-a4cb-4a99-bfe1-ac0fb17b9dba\" data-dt-img-description=\"\" data-large_image_width=\"828\" data-large_image_height=\"1158\"href='https:\/\/www.radiopiu.net\/wordpress\/wp-content\/uploads\/2025\/07\/8d3ab9cd-a4cb-4a99-bfe1-ac0fb17b9dba.jpg'><img loading=\"lazy\" decoding=\"async\" width=\"150\" height=\"150\" src=\"https:\/\/www.radiopiu.net\/wordpress\/wp-content\/uploads\/2025\/07\/8d3ab9cd-a4cb-4a99-bfe1-ac0fb17b9dba-150x150.jpg\" class=\"attachment-thumbnail size-thumbnail\" alt=\"\" \/><\/a>\n\t\t\t\t<\/dt><\/dl><dl class='gallery-item'>\n\t\t\t\t<dt class='gallery-icon portrait'>\n\t\t\t\t\t<a class=\"rollover rollover-zoom dt-pswp-item\" title=\"4d595d64-63bb-4e50-8359-03cbcfa1dd7a\" data-dt-img-description=\"\" data-large_image_width=\"828\" data-large_image_height=\"1158\"href='https:\/\/www.radiopiu.net\/wordpress\/wp-content\/uploads\/2025\/07\/4d595d64-63bb-4e50-8359-03cbcfa1dd7a.jpg'><img loading=\"lazy\" decoding=\"async\" width=\"150\" height=\"150\" src=\"https:\/\/www.radiopiu.net\/wordpress\/wp-content\/uploads\/2025\/07\/4d595d64-63bb-4e50-8359-03cbcfa1dd7a-150x150.jpg\" class=\"attachment-thumbnail size-thumbnail\" alt=\"\" \/><\/a>\n\t\t\t\t<\/dt><\/dl><dl class='gallery-item'>\n\t\t\t\t<dt class='gallery-icon portrait'>\n\t\t\t\t\t<a class=\"rollover rollover-zoom dt-pswp-item\" title=\"Screenshot 2025-07-03 053311\" data-dt-img-description=\"\" data-large_image_width=\"553\" data-large_image_height=\"781\"href='https:\/\/www.radiopiu.net\/wordpress\/wp-content\/uploads\/2025\/07\/Screenshot-2025-07-03-053311.png'><img loading=\"lazy\" decoding=\"async\" width=\"150\" height=\"150\" src=\"https:\/\/www.radiopiu.net\/wordpress\/wp-content\/uploads\/2025\/07\/Screenshot-2025-07-03-053311-150x150.png\" class=\"attachment-thumbnail size-thumbnail\" alt=\"\" \/><\/a>\n\t\t\t\t<\/dt><\/dl><dl class='gallery-item'>\n\t\t\t\t<dt class='gallery-icon portrait'>\n\t\t\t\t\t<a class=\"rollover rollover-zoom dt-pswp-item\" title=\"3962b3bb-de84-4fa0-beb8-8af3574e8151\" data-dt-img-description=\"\" data-large_image_width=\"1132\" data-large_image_height=\"1600\"href='https:\/\/www.radiopiu.net\/wordpress\/wp-content\/uploads\/2025\/07\/3962b3bb-de84-4fa0-beb8-8af3574e8151.jpg'><img loading=\"lazy\" decoding=\"async\" width=\"150\" height=\"150\" src=\"https:\/\/www.radiopiu.net\/wordpress\/wp-content\/uploads\/2025\/07\/3962b3bb-de84-4fa0-beb8-8af3574e8151-150x150.jpg\" class=\"attachment-thumbnail size-thumbnail\" alt=\"\" \/><\/a>\n\t\t\t\t<\/dt><\/dl><br style=\"clear: both\" \/><dl class='gallery-item'>\n\t\t\t\t<dt class='gallery-icon portrait'>\n\t\t\t\t\t<a class=\"rollover rollover-zoom dt-pswp-item\" title=\"locandina mostra 25\" data-dt-img-description=\"\" data-large_image_width=\"629\" data-large_image_height=\"875\"href='https:\/\/www.radiopiu.net\/wordpress\/wp-content\/uploads\/2025\/07\/locandina-mostra-25.jpg'><img loading=\"lazy\" decoding=\"async\" width=\"150\" height=\"150\" src=\"https:\/\/www.radiopiu.net\/wordpress\/wp-content\/uploads\/2025\/07\/locandina-mostra-25-150x150.jpg\" class=\"attachment-thumbnail size-thumbnail\" alt=\"\" \/><\/a>\n\t\t\t\t<\/dt><\/dl><dl class='gallery-item'>\n\t\t\t\t<dt class='gallery-icon portrait'>\n\t\t\t\t\t<a class=\"rollover rollover-zoom dt-pswp-item\" title=\"IMG_20250709_080709\" data-dt-img-description=\"\" data-large_image_width=\"639\" data-large_image_height=\"944\"href='https:\/\/www.radiopiu.net\/wordpress\/wp-content\/uploads\/2025\/07\/IMG_20250709_080709.jpg'><img loading=\"lazy\" decoding=\"async\" width=\"150\" height=\"150\" src=\"https:\/\/www.radiopiu.net\/wordpress\/wp-content\/uploads\/2025\/07\/IMG_20250709_080709-150x150.jpg\" class=\"attachment-thumbnail size-thumbnail\" alt=\"\" \/><\/a>\n\t\t\t\t<\/dt><\/dl><dl class='gallery-item'>\n\t\t\t\t<dt class='gallery-icon portrait'>\n\t\t\t\t\t<a class=\"rollover rollover-zoom dt-pswp-item\" title=\"ca7ce0f2-88a1-4d8a-94b7-b20909d01382\" data-dt-img-description=\"\" data-large_image_width=\"1141\" data-large_image_height=\"1600\"href='https:\/\/www.radiopiu.net\/wordpress\/wp-content\/uploads\/2025\/07\/ca7ce0f2-88a1-4d8a-94b7-b20909d01382.jpg'><img loading=\"lazy\" decoding=\"async\" width=\"150\" height=\"150\" src=\"https:\/\/www.radiopiu.net\/wordpress\/wp-content\/uploads\/2025\/07\/ca7ce0f2-88a1-4d8a-94b7-b20909d01382-150x150.jpg\" class=\"attachment-thumbnail size-thumbnail\" alt=\"\" \/><\/a>\n\t\t\t\t<\/dt><\/dl><dl class='gallery-item'>\n\t\t\t\t<dt class='gallery-icon portrait'>\n\t\t\t\t\t<a class=\"rollover rollover-zoom dt-pswp-item\" title=\"SCR-20250710-rfhq\" data-dt-img-description=\"\" data-large_image_width=\"1278\" data-large_image_height=\"1818\"href='https:\/\/www.radiopiu.net\/wordpress\/wp-content\/uploads\/2025\/07\/SCR-20250710-rfhq.png'><img loading=\"lazy\" decoding=\"async\" width=\"150\" height=\"150\" src=\"https:\/\/www.radiopiu.net\/wordpress\/wp-content\/uploads\/2025\/07\/SCR-20250710-rfhq-150x150.png\" class=\"attachment-thumbnail size-thumbnail\" alt=\"\" \/><\/a>\n\t\t\t\t<\/dt><\/dl><dl class='gallery-item'>\n\t\t\t\t<dt class='gallery-icon portrait'>\n\t\t\t\t\t<a class=\"rollover rollover-zoom dt-pswp-item\" title=\"locandina Paris\" data-dt-img-description=\"\" data-large_image_width=\"1810\" data-large_image_height=\"2560\"href='https:\/\/www.radiopiu.net\/wordpress\/wp-content\/uploads\/2025\/07\/locandina-Paris-1-scaled.jpg'><img loading=\"lazy\" decoding=\"async\" width=\"150\" height=\"150\" src=\"https:\/\/www.radiopiu.net\/wordpress\/wp-content\/uploads\/2025\/07\/locandina-Paris-1-150x150.jpg\" class=\"attachment-thumbnail size-thumbnail\" alt=\"\" \/><\/a>\n\t\t\t\t<\/dt><\/dl><br style=\"clear: both\" \/><dl class='gallery-item'>\n\t\t\t\t<dt class='gallery-icon portrait'>\n\t\t\t\t\t<a class=\"rollover rollover-zoom dt-pswp-item\" title=\"Cinema in Contrada 2025_Locandina_A4\" data-dt-img-description=\"\" data-large_image_width=\"1416\" data-large_image_height=\"2000\"href='https:\/\/www.radiopiu.net\/wordpress\/wp-content\/uploads\/2025\/07\/Cinema-in-Contrada-2025_Locandina_A4.png'><img loading=\"lazy\" decoding=\"async\" width=\"150\" height=\"150\" src=\"https:\/\/www.radiopiu.net\/wordpress\/wp-content\/uploads\/2025\/07\/Cinema-in-Contrada-2025_Locandina_A4-150x150.png\" class=\"attachment-thumbnail size-thumbnail\" alt=\"\" \/><\/a>\n\t\t\t\t<\/dt><\/dl><dl class='gallery-item'>\n\t\t\t\t<dt class='gallery-icon portrait'>\n\t\t\t\t\t<a class=\"rollover rollover-zoom dt-pswp-item\" title=\"VERTICAL COL DI LANA 2025\" data-dt-img-description=\"\" data-large_image_width=\"476\" data-large_image_height=\"695\"href='https:\/\/www.radiopiu.net\/wordpress\/wp-content\/uploads\/2025\/07\/VERTICAL-COL-DI-LANA-2025.jpg'><img loading=\"lazy\" decoding=\"async\" width=\"150\" height=\"150\" src=\"https:\/\/www.radiopiu.net\/wordpress\/wp-content\/uploads\/2025\/07\/VERTICAL-COL-DI-LANA-2025-150x150.jpg\" class=\"attachment-thumbnail size-thumbnail\" alt=\"\" \/><\/a>\n\t\t\t\t<\/dt><\/dl><dl class='gallery-item'>\n\t\t\t\t<dt class='gallery-icon portrait'>\n\t\t\t\t\t<a class=\"rollover rollover-zoom dt-pswp-item\" title=\"582f7d3f-1659-4262-b430-7f809aa35179\" data-dt-img-description=\"\" data-large_image_width=\"1131\" data-large_image_height=\"1600\"href='https:\/\/www.radiopiu.net\/wordpress\/wp-content\/uploads\/2025\/07\/582f7d3f-1659-4262-b430-7f809aa35179.jpg'><img loading=\"lazy\" decoding=\"async\" width=\"150\" height=\"150\" src=\"https:\/\/www.radiopiu.net\/wordpress\/wp-content\/uploads\/2025\/07\/582f7d3f-1659-4262-b430-7f809aa35179-150x150.jpg\" class=\"attachment-thumbnail size-thumbnail\" alt=\"\" \/><\/a>\n\t\t\t\t<\/dt><\/dl><dl class='gallery-item'>\n\t\t\t\t<dt class='gallery-icon portrait'>\n\t\t\t\t\t<a class=\"rollover rollover-zoom dt-pswp-item\" title=\"79bd5598-a5d8-47fa-8ba6-4fdc84938635\" data-dt-img-description=\"\" data-large_image_width=\"1344\" data-large_image_height=\"1674\"href='https:\/\/www.radiopiu.net\/wordpress\/wp-content\/uploads\/2025\/07\/79bd5598-a5d8-47fa-8ba6-4fdc84938635.jpg'><img loading=\"lazy\" decoding=\"async\" width=\"150\" height=\"150\" src=\"https:\/\/www.radiopiu.net\/wordpress\/wp-content\/uploads\/2025\/07\/79bd5598-a5d8-47fa-8ba6-4fdc84938635-150x150.jpg\" class=\"attachment-thumbnail size-thumbnail\" alt=\"\" \/><\/a>\n\t\t\t\t<\/dt><\/dl><dl class='gallery-item'>\n\t\t\t\t<dt class='gallery-icon landscape'>\n\t\t\t\t\t<a class=\"rollover rollover-zoom dt-pswp-item\" title=\"Screenshot 2025-07-16 095516\" data-dt-img-description=\"\" data-large_image_width=\"364\" data-large_image_height=\"332\"href='https:\/\/www.radiopiu.net\/wordpress\/wp-content\/uploads\/2025\/07\/Screenshot-2025-07-16-095516.png'><img loading=\"lazy\" decoding=\"async\" width=\"150\" height=\"150\" src=\"https:\/\/www.radiopiu.net\/wordpress\/wp-content\/uploads\/2025\/07\/Screenshot-2025-07-16-095516-150x150.png\" class=\"attachment-thumbnail size-thumbnail\" alt=\"\" \/><\/a>\n\t\t\t\t<\/dt><\/dl><br style=\"clear: both\" \/><dl class='gallery-item'>\n\t\t\t\t<dt class='gallery-icon portrait'>\n\t\t\t\t\t<a class=\"rollover rollover-zoom dt-pswp-item\" title=\"514284824_122160849950463773_4248149650309788008_n\" data-dt-img-description=\"\" data-large_image_width=\"480\" data-large_image_height=\"600\"href='https:\/\/www.radiopiu.net\/wordpress\/wp-content\/uploads\/2025\/07\/514284824_122160849950463773_4248149650309788008_n.jpg'><img loading=\"lazy\" decoding=\"async\" width=\"150\" height=\"150\" src=\"https:\/\/www.radiopiu.net\/wordpress\/wp-content\/uploads\/2025\/07\/514284824_122160849950463773_4248149650309788008_n-150x150.jpg\" class=\"attachment-thumbnail size-thumbnail\" alt=\"\" \/><\/a>\n\t\t\t\t<\/dt><\/dl><dl class='gallery-item'>\n\t\t\t\t<dt class='gallery-icon portrait'>\n\t\t\t\t\t<a class=\"rollover rollover-zoom dt-pswp-item\" title=\"90765e4f-be2b-4e18-8c1f-e4715da15ab1\" data-dt-img-description=\"\" data-large_image_width=\"1131\" data-large_image_height=\"1600\"href='https:\/\/www.radiopiu.net\/wordpress\/wp-content\/uploads\/2025\/07\/90765e4f-be2b-4e18-8c1f-e4715da15ab1.jpg'><img loading=\"lazy\" decoding=\"async\" width=\"150\" height=\"150\" src=\"https:\/\/www.radiopiu.net\/wordpress\/wp-content\/uploads\/2025\/07\/90765e4f-be2b-4e18-8c1f-e4715da15ab1-150x150.jpg\" class=\"attachment-thumbnail size-thumbnail\" alt=\"\" \/><\/a>\n\t\t\t\t<\/dt><\/dl><dl class='gallery-item'>\n\t\t\t\t<dt class='gallery-icon portrait'>\n\t\t\t\t\t<a class=\"rollover rollover-zoom dt-pswp-item\" title=\"5148ef5f-cc35-4360-aaa5-d409e19c28a2\" data-dt-img-description=\"\" data-large_image_width=\"1423\" data-large_image_height=\"2000\"href='https:\/\/www.radiopiu.net\/wordpress\/wp-content\/uploads\/2025\/07\/5148ef5f-cc35-4360-aaa5-d409e19c28a2.jpg'><img loading=\"lazy\" decoding=\"async\" width=\"150\" height=\"150\" src=\"https:\/\/www.radiopiu.net\/wordpress\/wp-content\/uploads\/2025\/07\/5148ef5f-cc35-4360-aaa5-d409e19c28a2-150x150.jpg\" class=\"attachment-thumbnail size-thumbnail\" alt=\"\" \/><\/a>\n\t\t\t\t<\/dt><\/dl><dl class='gallery-item'>\n\t\t\t\t<dt class='gallery-icon portrait'>\n\t\t\t\t\t<a class=\"rollover rollover-zoom dt-pswp-item\" title=\"1c039005-af3b-4b37-8be3-f3ba13b5eabb\" data-dt-img-description=\"\" data-large_image_width=\"1141\" data-large_image_height=\"1628\"href='https:\/\/www.radiopiu.net\/wordpress\/wp-content\/uploads\/2025\/07\/1c039005-af3b-4b37-8be3-f3ba13b5eabb.jpg'><img loading=\"lazy\" decoding=\"async\" width=\"150\" height=\"150\" src=\"https:\/\/www.radiopiu.net\/wordpress\/wp-content\/uploads\/2025\/07\/1c039005-af3b-4b37-8be3-f3ba13b5eabb-150x150.jpg\" class=\"attachment-thumbnail size-thumbnail\" alt=\"\" \/><\/a>\n\t\t\t\t<\/dt><\/dl><dl class='gallery-item'>\n\t\t\t\t<dt class='gallery-icon portrait'>\n\t\t\t\t\t<a class=\"rollover rollover-zoom dt-pswp-item\" title=\"Col-de-Luna-Trail1-pdf\" data-dt-img-description=\"\" data-large_image_width=\"756\" data-large_image_height=\"1068\"href='https:\/\/www.radiopiu.net\/wordpress\/wp-content\/uploads\/2025\/07\/Col-de-Luna-Trail1-pdf.jpg'><img loading=\"lazy\" decoding=\"async\" width=\"150\" height=\"150\" src=\"https:\/\/www.radiopiu.net\/wordpress\/wp-content\/uploads\/2025\/07\/Col-de-Luna-Trail1-pdf-150x150.jpg\" class=\"attachment-thumbnail size-thumbnail\" alt=\"\" \/><\/a>\n\t\t\t\t<\/dt><\/dl><br style=\"clear: both\" \/><dl class='gallery-item'>\n\t\t\t\t<dt class='gallery-icon portrait'>\n\t\t\t\t\t<a class=\"rollover rollover-zoom dt-pswp-item\" title=\"4651f578-507e-465d-9233-15b857674fc4\" data-dt-img-description=\"\" data-large_image_width=\"1061\" data-large_image_height=\"1500\"href='https:\/\/www.radiopiu.net\/wordpress\/wp-content\/uploads\/2025\/07\/4651f578-507e-465d-9233-15b857674fc4.jpg'><img loading=\"lazy\" decoding=\"async\" width=\"150\" height=\"150\" src=\"https:\/\/www.radiopiu.net\/wordpress\/wp-content\/uploads\/2025\/07\/4651f578-507e-465d-9233-15b857674fc4-150x150.jpg\" class=\"attachment-thumbnail size-thumbnail\" alt=\"\" \/><\/a>\n\t\t\t\t<\/dt><\/dl><dl class='gallery-item'>\n\t\t\t\t<dt class='gallery-icon portrait'>\n\t\t\t\t\t<a class=\"rollover rollover-zoom dt-pswp-item\" title=\"Locandina Il significato della speranza in Albino Luciani_page-0001\" data-dt-img-description=\"\" data-large_image_width=\"1241\" data-large_image_height=\"1755\"href='https:\/\/www.radiopiu.net\/wordpress\/wp-content\/uploads\/2025\/07\/Locandina-Il-significato-della-speranza-in-Albino-Luciani_page-0001.jpg'><img loading=\"lazy\" decoding=\"async\" width=\"150\" height=\"150\" src=\"https:\/\/www.radiopiu.net\/wordpress\/wp-content\/uploads\/2025\/07\/Locandina-Il-significato-della-speranza-in-Albino-Luciani_page-0001-150x150.jpg\" class=\"attachment-thumbnail size-thumbnail\" alt=\"\" \/><\/a>\n\t\t\t\t<\/dt><\/dl><dl class='gallery-item'>\n\t\t\t\t<dt class='gallery-icon portrait'>\n\t\t\t\t\t<a class=\"rollover rollover-zoom dt-pswp-item\" title=\"227a7cb1-ca8d-4b6a-8526-f9194a7cfa50\" data-dt-img-description=\"\" data-large_image_width=\"899\" data-large_image_height=\"1599\"href='https:\/\/www.radiopiu.net\/wordpress\/wp-content\/uploads\/2025\/07\/227a7cb1-ca8d-4b6a-8526-f9194a7cfa50.jpg'><img loading=\"lazy\" decoding=\"async\" width=\"150\" height=\"150\" src=\"https:\/\/www.radiopiu.net\/wordpress\/wp-content\/uploads\/2025\/07\/227a7cb1-ca8d-4b6a-8526-f9194a7cfa50-150x150.jpg\" class=\"attachment-thumbnail size-thumbnail\" alt=\"\" \/><\/a>\n\t\t\t\t<\/dt><\/dl><dl class='gallery-item'>\n\t\t\t\t<dt class='gallery-icon portrait'>\n\t\t\t\t\t<a class=\"rollover rollover-zoom dt-pswp-item\" title=\"SerateNaturaAvventura-P4-853\" data-dt-img-description=\"\" data-large_image_width=\"1200\" data-large_image_height=\"1710\"href='https:\/\/www.radiopiu.net\/wordpress\/wp-content\/uploads\/2025\/07\/SerateNaturaAvventura-P4-853.jpg'><img loading=\"lazy\" decoding=\"async\" width=\"150\" height=\"150\" src=\"https:\/\/www.radiopiu.net\/wordpress\/wp-content\/uploads\/2025\/07\/SerateNaturaAvventura-P4-853-150x150.jpg\" class=\"attachment-thumbnail size-thumbnail\" alt=\"\" \/><\/a>\n\t\t\t\t<\/dt><\/dl><dl class='gallery-item'>\n\t\t\t\t<dt class='gallery-icon portrait'>\n\t\t\t\t\t<a class=\"rollover rollover-zoom dt-pswp-item\" title=\"bfb05214-0cc6-47cf-91d7-d20129c9e8a0\" data-dt-img-description=\"\" data-large_image_width=\"1110\" data-large_image_height=\"1667\"href='https:\/\/www.radiopiu.net\/wordpress\/wp-content\/uploads\/2025\/07\/bfb05214-0cc6-47cf-91d7-d20129c9e8a0.jpg'><img loading=\"lazy\" decoding=\"async\" width=\"150\" height=\"150\" src=\"https:\/\/www.radiopiu.net\/wordpress\/wp-content\/uploads\/2025\/07\/bfb05214-0cc6-47cf-91d7-d20129c9e8a0-150x150.jpg\" class=\"attachment-thumbnail size-thumbnail\" alt=\"\" \/><\/a>\n\t\t\t\t<\/dt><\/dl><br style=\"clear: both\" \/><dl class='gallery-item'>\n\t\t\t\t<dt class='gallery-icon portrait'>\n\t\t\t\t\t<a class=\"rollover rollover-zoom dt-pswp-item\" title=\"518422396_1492048838795727_5394581552165021776_n\" data-dt-img-description=\"\" data-large_image_width=\"1240\" data-large_image_height=\"1754\"href='https:\/\/www.radiopiu.net\/wordpress\/wp-content\/uploads\/2025\/07\/518422396_1492048838795727_5394581552165021776_n.jpg'><img loading=\"lazy\" decoding=\"async\" width=\"150\" height=\"150\" src=\"https:\/\/www.radiopiu.net\/wordpress\/wp-content\/uploads\/2025\/07\/518422396_1492048838795727_5394581552165021776_n-150x150.jpg\" class=\"attachment-thumbnail size-thumbnail\" alt=\"\" \/><\/a>\n\t\t\t\t<\/dt><\/dl><dl class='gallery-item'>\n\t\t\t\t<dt class='gallery-icon landscape'>\n\t\t\t\t\t<a class=\"rollover rollover-zoom dt-pswp-item\" title=\"d2f26985-2ffd-4602-aeea-476feb5befda\" data-dt-img-description=\"\" data-large_image_width=\"526\" data-large_image_height=\"526\"href='https:\/\/www.radiopiu.net\/wordpress\/wp-content\/uploads\/2025\/07\/d2f26985-2ffd-4602-aeea-476feb5befda.jpg'><img loading=\"lazy\" decoding=\"async\" width=\"150\" height=\"150\" src=\"https:\/\/www.radiopiu.net\/wordpress\/wp-content\/uploads\/2025\/07\/d2f26985-2ffd-4602-aeea-476feb5befda-150x150.jpg\" class=\"attachment-thumbnail size-thumbnail\" alt=\"\" srcset=\"https:\/\/www.radiopiu.net\/wordpress\/wp-content\/uploads\/2025\/07\/d2f26985-2ffd-4602-aeea-476feb5befda-150x150.jpg 150w, https:\/\/www.radiopiu.net\/wordpress\/wp-content\/uploads\/2025\/07\/d2f26985-2ffd-4602-aeea-476feb5befda-300x300.jpg 300w, https:\/\/www.radiopiu.net\/wordpress\/wp-content\/uploads\/2025\/07\/d2f26985-2ffd-4602-aeea-476feb5befda.jpg 526w\" sizes=\"auto, (max-width: 150px) 100vw, 150px\" \/><\/a>\n\t\t\t\t<\/dt><\/dl><dl class='gallery-item'>\n\t\t\t\t<dt class='gallery-icon landscape'>\n\t\t\t\t\t<a class=\"rollover rollover-zoom dt-pswp-item\" title=\"b93d192e-fe1c-4b9a-8b00-c924d7c09ef0\" data-dt-img-description=\"\" data-large_image_width=\"526\" data-large_image_height=\"526\"href='https:\/\/www.radiopiu.net\/wordpress\/wp-content\/uploads\/2025\/07\/b93d192e-fe1c-4b9a-8b00-c924d7c09ef0.jpg'><img loading=\"lazy\" decoding=\"async\" width=\"150\" height=\"150\" src=\"https:\/\/www.radiopiu.net\/wordpress\/wp-content\/uploads\/2025\/07\/b93d192e-fe1c-4b9a-8b00-c924d7c09ef0-150x150.jpg\" class=\"attachment-thumbnail size-thumbnail\" alt=\"\" srcset=\"https:\/\/www.radiopiu.net\/wordpress\/wp-content\/uploads\/2025\/07\/b93d192e-fe1c-4b9a-8b00-c924d7c09ef0-150x150.jpg 150w, https:\/\/www.radiopiu.net\/wordpress\/wp-content\/uploads\/2025\/07\/b93d192e-fe1c-4b9a-8b00-c924d7c09ef0-300x300.jpg 300w, https:\/\/www.radiopiu.net\/wordpress\/wp-content\/uploads\/2025\/07\/b93d192e-fe1c-4b9a-8b00-c924d7c09ef0.jpg 526w\" sizes=\"auto, (max-width: 150px) 100vw, 150px\" \/><\/a>\n\t\t\t\t<\/dt><\/dl><dl class='gallery-item'>\n\t\t\t\t<dt class='gallery-icon landscape'>\n\t\t\t\t\t<a class=\"rollover rollover-zoom dt-pswp-item\" title=\"515444840_1149597150531066_7749231705219023918_n\" data-dt-img-description=\"\" data-large_image_width=\"1440\" data-large_image_height=\"1079\"href='https:\/\/www.radiopiu.net\/wordpress\/wp-content\/uploads\/2025\/07\/515444840_1149597150531066_7749231705219023918_n.jpg'><img loading=\"lazy\" decoding=\"async\" width=\"150\" height=\"150\" src=\"https:\/\/www.radiopiu.net\/wordpress\/wp-content\/uploads\/2025\/07\/515444840_1149597150531066_7749231705219023918_n-150x150.jpg\" class=\"attachment-thumbnail size-thumbnail\" alt=\"\" \/><\/a>\n\t\t\t\t<\/dt><\/dl><dl class='gallery-item'>\n\t\t\t\t<dt class='gallery-icon portrait'>\n\t\t\t\t\t<a class=\"rollover rollover-zoom dt-pswp-item\" title=\"5eea8780-bf42-4677-985e-b728a3cb7860\" data-dt-img-description=\"\" data-large_image_width=\"1131\" data-large_image_height=\"1600\"href='https:\/\/www.radiopiu.net\/wordpress\/wp-content\/uploads\/2025\/07\/5eea8780-bf42-4677-985e-b728a3cb7860.jpg'><img loading=\"lazy\" decoding=\"async\" width=\"150\" height=\"150\" src=\"https:\/\/www.radiopiu.net\/wordpress\/wp-content\/uploads\/2025\/07\/5eea8780-bf42-4677-985e-b728a3cb7860-150x150.jpg\" class=\"attachment-thumbnail size-thumbnail\" alt=\"\" \/><\/a>\n\t\t\t\t<\/dt><\/dl><br style=\"clear: both\" \/><dl class='gallery-item'>\n\t\t\t\t<dt class='gallery-icon landscape'>\n\t\t\t\t\t<a class=\"rollover rollover-zoom dt-pswp-item\" title=\"Screenshot\" data-dt-img-description=\"\" data-large_image_width=\"1470\" data-large_image_height=\"1370\"href='https:\/\/www.radiopiu.net\/wordpress\/wp-content\/uploads\/2025\/07\/SCR-20250723-mmrc.jpeg'><img loading=\"lazy\" decoding=\"async\" width=\"150\" height=\"150\" src=\"https:\/\/www.radiopiu.net\/wordpress\/wp-content\/uploads\/2025\/07\/SCR-20250723-mmrc-150x150.jpeg\" class=\"attachment-thumbnail size-thumbnail\" alt=\"\" \/><\/a>\n\t\t\t\t<\/dt><\/dl><dl class='gallery-item'>\n\t\t\t\t<dt class='gallery-icon portrait'>\n\t\t\t\t\t<a class=\"rollover rollover-zoom dt-pswp-item\" title=\"CONCERTO M.S. TRICHIANA\" data-dt-img-description=\"\" data-large_image_width=\"1448\" data-large_image_height=\"2048\"href='https:\/\/www.radiopiu.net\/wordpress\/wp-content\/uploads\/2025\/07\/CONCERTO-M.S.-TRICHIANA.jpg'><img loading=\"lazy\" decoding=\"async\" width=\"150\" height=\"150\" src=\"https:\/\/www.radiopiu.net\/wordpress\/wp-content\/uploads\/2025\/07\/CONCERTO-M.S.-TRICHIANA-150x150.jpg\" class=\"attachment-thumbnail size-thumbnail\" alt=\"\" \/><\/a>\n\t\t\t\t<\/dt><\/dl>\n\t\t\t\t<br style='clear: both' \/>\n\t\t\t<\/div>\n\n<\/div>\n<\/div>\n<\/div>\n<\/div>\n<\/div>\n<\/div>\n<\/div>\n<\/div>\n<\/div>\n<\/div>\n<\/div>\n<\/div>\n<\/div>\n<\/div>\n<\/div>\n<\/div>\n<\/div>\n<\/div>\n<\/div>\n<\/div>\n<\/div>\n<div>\n<div class=\"\" dir=\"auto\">\n<div id=\":r9h:\" class=\"x1iorvi4 x1pi30zi x1l90r2v x1swvt13\" data-ad-comet-preview=\"message\" data-ad-preview=\"message\">\n<div class=\"\" dir=\"auto\">\n<div id=\":r9h:\" class=\"x1iorvi4 x1pi30zi x1l90r2v x1swvt13\" data-ad-comet-preview=\"message\" data-ad-preview=\"message\">\n<div class=\"\" dir=\"auto\">\n<div id=\":r9h:\" class=\"x1iorvi4 x1pi30zi x1l90r2v x1swvt13\" data-ad-comet-preview=\"message\" data-ad-preview=\"message\">\n<div class=\"\" dir=\"auto\">\n<div id=\":r9h:\" class=\"x1iorvi4 x1pi30zi x1l90r2v x1swvt13\" data-ad-comet-preview=\"message\" data-ad-preview=\"message\">\n<div>\n<div class=\"\" dir=\"auto\">\n<div id=\":r9h:\" class=\"x1iorvi4 x1pi30zi x1l90r2v x1swvt13\" data-ad-comet-preview=\"message\" data-ad-preview=\"message\">\n<div>\n<div class=\"\" dir=\"auto\">\n<div id=\":r9h:\" class=\"x1iorvi4 x1pi30zi x1l90r2v x1swvt13\" data-ad-comet-preview=\"message\" data-ad-preview=\"message\">\n<div>\n<div class=\"\" dir=\"auto\">\n<div id=\":r9h:\" class=\"x1iorvi4 x1pi30zi x1l90r2v x1swvt13\" data-ad-comet-preview=\"message\" data-ad-preview=\"message\">\n<div>\n<div class=\"\" dir=\"auto\">\n<div id=\":r9h:\" class=\"x1iorvi4 x1pi30zi x1l90r2v x1swvt13\" data-ad-comet-preview=\"message\" data-ad-preview=\"message\">\n<p>&nbsp;<\/p>\n<hr \/>\n<p>&nbsp;<\/p>\n<\/div>\n<\/div>\n<\/div>\n<\/div>\n<\/div>\n<\/div>\n<\/div>\n<\/div>\n<\/div>\n<\/div>\n<\/div>\n<\/div>\n<\/div>\n<\/div>\n<\/div>\n<\/div>\n<\/div>\n<\/div>\n<\/div>\n<\/div>\n<\/div>\n<p class=\"mceTemp\"><a class=\"dt-pswp-item\" href=\"https:\/\/www.radiopiu.net\/wordpress\/wp-content\/uploads\/2018\/09\/WhatsApp-Image-2018-09-20-at-16.04.06.jpeg\" data-dt-img-description=\"\" data-large_image_width=\"800\" data-large_image_height=\"100\"><img loading=\"lazy\" decoding=\"async\" class=\"wp-image-61378 size-full aligncenter\" src=\"https:\/\/www.radiopiu.net\/wordpress\/wp-content\/uploads\/2018\/09\/WhatsApp-Image-2018-09-20-at-16.04.06.jpeg\" alt=\"\" width=\"800\" height=\"100\" srcset=\"https:\/\/www.radiopiu.net\/wordpress\/wp-content\/uploads\/2018\/09\/WhatsApp-Image-2018-09-20-at-16.04.06.jpeg 800w, https:\/\/www.radiopiu.net\/wordpress\/wp-content\/uploads\/2018\/09\/WhatsApp-Image-2018-09-20-at-16.04.06-300x38.jpeg 300w, https:\/\/www.radiopiu.net\/wordpress\/wp-content\/uploads\/2018\/09\/WhatsApp-Image-2018-09-20-at-16.04.06-768x96.jpeg 768w\" sizes=\"auto, (max-width: 800px) 100vw, 800px\" \/><\/a><\/p>\n<div id=\"dolomitimeteo_div_testi\"><\/div>\n<p><center><b>OGGI<\/b><\/center>Tempo da variabile ad instabile con maggiore nuvolosit\u00e0 rispetto a mercoled\u00ec, ancorch\u00e9 con schiarite, pi\u00f9 probabili nelle prime ore. L&#8217;attivit\u00e0 cumuliforme sar\u00e0 a tratti intensa ed associata a fasi instabili, gi\u00e0 nella notte e qua e l\u00e0 al mattino, ma sopratutto al pomeriggio ed in serata.<br \/>\n<b>Precipitazioni: <\/b>Nottetempo ed al primo mattino probabilit\u00e0 medio-alta di rovesci e temporali, mentre il rischio diminuir\u00e0 in mattinata, prima di tornare ad essere alto al pomeriggio (60-80%). Non escluso qualche breve rovescio di forte intensit\u00e0.<br \/>\n<b>Temperature: <\/b>Senza notevoli viariazioni, salvo lieve flessione delle minime, specie in caso di schiarite notturne.<\/p>\n<hr \/>\n<p><center><b>DOMANI<\/b><\/center>Il tempo rimarr\u00e0 variabile\/instabile con nuvolosit\u00e0 prevalente e qualche intervallo soleggiato. Nell&#8217;arco della giornata gli addensamenti saranno a tratti intensi ed in grado di dar luogo a fenomeni d&#8217;instabilit\u00e0, pi\u00f9 probabili al pomeriggio e sulle Prealpi che non sulle Dolomiti.<br \/>\n<b>Precipitazioni: <\/b>Al mattino probabilit\u00e0 assai contenuta per qualche fenomeno sparso, mentre al pomeriggio il rischio di rovesci e locale temporale aumenter\u00e0, specie sulle Prealpi, mentre la stessa instabilit\u00e0 sembra possa risultare pi\u00f9 marginale sulle Dolomiti<br \/>\n<b>Temperature: <\/b>Minime in generale lieve diminuzione e massime pressoch\u00e9 stazionarie.<\/p>\n<hr \/>\n<p><center><b>SABATO<\/b><\/center>Nottetempo ed al primo mattino tempo in parte instabile con nuvolosit\u00e0 estesa associata a rovesci e temporali. In giornata miglioramento del tempo, pi\u00f9 netto sulle Dolomiti dove il sole torner\u00e0 a predominare, mentre il miglioramento non sar\u00e0 cos\u00ec scontato sulle Prealpi per eventuale ripresa dell&#8217;instabilit\u00e0 al pomeriggio. Contesto termico leggermente pi\u00f9 fresco, eccetto rialzo delle massime nelle valli dolomitiche.<\/p>\n<hr \/>\n<p><center><b>DOMENICA<\/b><\/center>Tempo soleggiato con cielo sereno o poco nuvoloso ovunque al mattino, poi riduzione del soleggiamento per arttivit\u00e0 cumuliforme spesso modesta, localmente moderata, sulle Dolomiti dove l&#8217;instabilit\u00e0 sar\u00e0 pressoch\u00e9 inesistente o ridotta, mentre gli addensamenti saranno pi\u00f9 intensi con probabili locali rovesci o temporali sulle Prealpi. Temperature in generale lieve calo, eccetto ripresa delle massime nelle valli per maggiore soleggiamento.<\/p>\n<p>&nbsp;<\/p>\n<hr \/>\n<p>&nbsp;<\/p>\n<p class=\"mceTemp\"><a class=\"dt-pswp-item\" href=\"https:\/\/www.radiopiu.net\/wordpress\/wp-content\/uploads\/2018\/09\/sport.jpg\" data-dt-img-description=\"\" data-large_image_width=\"800\" data-large_image_height=\"100\"><img loading=\"lazy\" decoding=\"async\" class=\"aligncenter wp-image-60761 size-full\" src=\"https:\/\/www.radiopiu.net\/wordpress\/wp-content\/uploads\/2018\/09\/sport.jpg\" alt=\"\" width=\"800\" height=\"100\" srcset=\"https:\/\/www.radiopiu.net\/wordpress\/wp-content\/uploads\/2018\/09\/sport.jpg 800w, https:\/\/www.radiopiu.net\/wordpress\/wp-content\/uploads\/2018\/09\/sport-300x38.jpg 300w, https:\/\/www.radiopiu.net\/wordpress\/wp-content\/uploads\/2018\/09\/sport-768x96.jpg 768w\" sizes=\"auto, (max-width: 800px) 100vw, 800px\" \/> <\/a><\/p>\n<p class=\"mceTemp\"><span style=\"color: #0000ff;\"><strong>\u00a0 \u00a0 \u00a0 \u00a0 \u00a0 \u00a0 \u00a0 \u00a0<\/strong><\/span><\/p>\n<p><span style=\"color: #0000ff;\"><strong>CORSA IN MONTAGNA<\/strong><\/span><\/p>\n<blockquote>\n<h3>TORNA IL VERTICAL LIVIO RORO: SPORT, MEMORIA E COMUNIT\u00c0 A CESIOMAGGIORE<\/h3>\n<\/blockquote>\n<p><a class=\"dt-pswp-item\" href=\"https:\/\/www.radiopiu.net\/wordpress\/wp-content\/uploads\/2025\/07\/OLSUFYTO.jpg\" data-dt-img-description=\"\" data-large_image_width=\"523\" data-large_image_height=\"304\"><img loading=\"lazy\" decoding=\"async\" class=\" wp-image-460900 alignleft\" src=\"https:\/\/www.radiopiu.net\/wordpress\/wp-content\/uploads\/2025\/07\/OLSUFYTO-300x174.jpg\" alt=\"\" width=\"221\" height=\"128\" srcset=\"https:\/\/www.radiopiu.net\/wordpress\/wp-content\/uploads\/2025\/07\/OLSUFYTO-300x174.jpg 300w, https:\/\/www.radiopiu.net\/wordpress\/wp-content\/uploads\/2025\/07\/OLSUFYTO.jpg 523w\" sizes=\"auto, (max-width: 221px) 100vw, 221px\" \/><\/a>Domenica 17 agosto 2025 si terr\u00e0 la seconda edizione del Vertical Livio Roro, evento sportivo e commemorativo organizzato dall\u2019Unione Sportiva Cesio con il supporto di varie realt\u00e0 locali e il patrocinio del Comune di Cesiomaggiore e della Fondazione DMO Dolomiti Bellunesi. Oltre alla gara principale riservata agli adulti, con 3,3 km e 500 metri di dislivello, la novit\u00e0 di quest\u2019anno \u00e8 il Mini Vertical per ragazzi dai 12 ai 17 anni, su un percorso ridotto e non competitivo. Completa il programma l\u2019\u201cEscursione con l\u2019autore\u201d, guidata dallo scrittore Teddy Soppessa<\/p>\n<p>&nbsp;<\/p>\n<p>&nbsp;<\/p>\n<p>&nbsp;<\/p>\n<p>&nbsp;<\/p>\n<p>&nbsp;<\/p>\n","protected":false},"excerpt":{"rendered":"<p>******* &nbsp; LA\u00a0 APP PER IOS-IPHONE di Nicola Vettorello https:\/\/apps.apple.com\/it\/app\/radio-pi%C3%B9-emittente-agordina\/id1515939845 LA\u00a0 APP RADIO\u00a0 PER ANDROID di Nicola Vettorello https:\/\/play.google.com\/store\/apps\/details?id=net.radiopiu.iniko\u00a0\u00a0\u00a0\u00a0 &nbsp; &nbsp; &nbsp; \u00a0 &nbsp; OGGI SU RADIOPI\u00d9: MUSICA, informazione\u00a0 e dirette\u00a0 ALLE 8.05 LA RASSEGNA STAMPA LOCALE 8.25\u00a0 PIU SIAMO CON MARINA (FOTO) 9.00 la musica country di alex nascinben 9.40 ZTL AD ALLEGHE, LE&hellip;<\/p>\n","protected":false},"author":4,"featured_media":460911,"comment_status":"closed","ping_status":"closed","sticky":false,"template":"","format":"standard","meta":{"_monsterinsights_skip_tracking":false,"_monsterinsights_sitenote_active":false,"_monsterinsights_sitenote_note":"","_monsterinsights_sitenote_category":0,"footnotes":""},"categories":[51,86,49],"tags":[],"class_list":["post-460743","post","type-post","status-publish","format-standard","has-post-thumbnail","hentry","category-evidenza-top","category-gr","category-news-18","category-51","category-86","category-49","description-off"],"img_url":"https:\/\/www.radiopiu.net\/wordpress\/wp-content\/uploads\/2025\/07\/779171c0-3ef7-430f-bd52-e95bdef361d1.jpg","_links":{"self":[{"href":"https:\/\/www.radiopiu.net\/wordpress\/wp-json\/wp\/v2\/posts\/460743","targetHints":{"allow":["GET"]}}],"collection":[{"href":"https:\/\/www.radiopiu.net\/wordpress\/wp-json\/wp\/v2\/posts"}],"about":[{"href":"https:\/\/www.radiopiu.net\/wordpress\/wp-json\/wp\/v2\/types\/post"}],"author":[{"embeddable":true,"href":"https:\/\/www.radiopiu.net\/wordpress\/wp-json\/wp\/v2\/users\/4"}],"replies":[{"embeddable":true,"href":"https:\/\/www.radiopiu.net\/wordpress\/wp-json\/wp\/v2\/comments?post=460743"}],"version-history":[{"count":42,"href":"https:\/\/www.radiopiu.net\/wordpress\/wp-json\/wp\/v2\/posts\/460743\/revisions"}],"predecessor-version":[{"id":460972,"href":"https:\/\/www.radiopiu.net\/wordpress\/wp-json\/wp\/v2\/posts\/460743\/revisions\/460972"}],"wp:featuredmedia":[{"embeddable":true,"href":"https:\/\/www.radiopiu.net\/wordpress\/wp-json\/wp\/v2\/media\/460911"}],"wp:attachment":[{"href":"https:\/\/www.radiopiu.net\/wordpress\/wp-json\/wp\/v2\/media?parent=460743"}],"wp:term":[{"taxonomy":"category","embeddable":true,"href":"https:\/\/www.radiopiu.net\/wordpress\/wp-json\/wp\/v2\/categories?post=460743"},{"taxonomy":"post_tag","embeddable":true,"href":"https:\/\/www.radiopiu.net\/wordpress\/wp-json\/wp\/v2\/tags?post=460743"}],"curies":[{"name":"wp","href":"https:\/\/api.w.org\/{rel}","templated":true}]}}