{"id":460781,"date":"2025-07-23T13:08:39","date_gmt":"2025-07-23T11:08:39","guid":{"rendered":"https:\/\/www.radiopiu.net\/wordpress\/?p=460781"},"modified":"2025-07-23T13:08:39","modified_gmt":"2025-07-23T11:08:39","slug":"frana-di-san-vito-la-provincia-difende-il-proprio-operato-e-respinge-le-polemiche","status":"publish","type":"post","link":"https:\/\/www.radiopiu.net\/wordpress\/frana-di-san-vito-la-provincia-difende-il-proprio-operato-e-respinge-le-polemiche\/","title":{"rendered":"FRANA DI SAN VITO: LA PROVINCIA DIFENDE IL PROPRIO OPERATO E RESPINGE LE POLEMICHE"},"content":{"rendered":"<p>********<\/p>\n<p>&nbsp;<\/p>\n<p><strong><a class=\"dt-pswp-item\" href=\"https:\/\/www.radiopiu.net\/wordpress\/wp-content\/uploads\/2025\/07\/cfdb9f31-773f-4934-a869-ccfa0652acbe.jpg\" data-dt-img-description=\"\" data-large_image_width=\"1280\" data-large_image_height=\"720\"><img loading=\"lazy\" decoding=\"async\" class=\" wp-image-457023 alignleft\" src=\"https:\/\/www.radiopiu.net\/wordpress\/wp-content\/uploads\/2025\/07\/cfdb9f31-773f-4934-a869-ccfa0652acbe-300x169.jpg\" alt=\"\" width=\"213\" height=\"120\" srcset=\"https:\/\/www.radiopiu.net\/wordpress\/wp-content\/uploads\/2025\/07\/cfdb9f31-773f-4934-a869-ccfa0652acbe-300x169.jpg 300w, https:\/\/www.radiopiu.net\/wordpress\/wp-content\/uploads\/2025\/07\/cfdb9f31-773f-4934-a869-ccfa0652acbe-1024x576.jpg 1024w, https:\/\/www.radiopiu.net\/wordpress\/wp-content\/uploads\/2025\/07\/cfdb9f31-773f-4934-a869-ccfa0652acbe-768x432.jpg 768w, https:\/\/www.radiopiu.net\/wordpress\/wp-content\/uploads\/2025\/07\/cfdb9f31-773f-4934-a869-ccfa0652acbe.jpg 1280w\" sizes=\"auto, (max-width: 213px) 100vw, 213px\" \/><\/a>BELLUNO <\/strong>Prendendo spunto dalle recenti dichiarazioni del Sindaco di Pieve di Cadore, Sindy Manushi, apparse oggi sulla stampa locale (e pin precedenza sui social), la Provincia di Belluno puntualizza con fermezza alcuni aspetti del proprio operato relativamente alla frana di San Vito. \u00abL\u2019impegno della Provincia per il monitoraggio del versante \u00e8 partito sin da subito \u2013 afferma il consigliere provinciale delegato alla Difesa del Suolo, Massimo Bortoluzzi \u2013 e prosegue in modo costante. Gran parte delle opere previste \u00e8 stata gi\u00e0 eseguita. Manca ancora l\u2019installazione degli accelerometri, ma va precisato, come \u00e8 facilmente intuibile, che si tratta di materiali tecnici molto specifici, con modalit\u00e0 di installazione particolari. Dare in successione date e scadenze approssimative sarebbe fuorviante e rischierebbe di creare ulteriore confusione. Nei giorni scorsi, come noto, una colata detritica ha inoltre danneggiato alcuni dei pluviometri gi\u00e0 installati, rendendo necessario un intervento di ripristino ed allungando evidentemente i tempi. I lavori saranno conclusi (meteo permettendo) nell\u2019arco di alcuni giorni; il sistema andr\u00e0 peraltro poi consegnato ad ANAS, che provveder\u00e0 al collaudo e alla messa in funzione per poterlo rendere efficace e rispondente alla doppia necessit\u00e0 di bilanciare la fruibilit\u00e0 della strada e la salvaguardia della sicurezza. Le soluzioni, sul campo, sono sempre molto pi\u00f9 complesse che a tavolino\u201d, sottolinea Bortoluzzi. \u00abStrumentalizzare politicamente queste situazioni \u2013 dichiara il presidente della Provincia, Roberto Padrin \u2013 non giova a nessuno, nemmeno a chi le cavalca. La seduta del Consiglio provinciale convocata a San Vito di Cadore per marted\u00ec prossimo non \u00e8 affatto soltanto simbolica: sar\u00e0, al contrario, un\u2019occasione concreta per confrontarsi apertamente con i cittadini e gli amministratori locali, rendicontando puntualmente quanto \u00e8 stato fatto e quanto ancora si intende fare\u00bb. Il presidente Padrin ricorda infine che il lavoro della Provincia prosegue quotidianamente, anche lontano dai riflettori, con interlocuzioni istituzionali di alto livello. \u00abLe molte riunioni con l\u2019amministratore delegato di Anas, Gemme, e con altri rappresentanti nazionali e regionali \u2013 conclude \u2013 testimoniano l\u2019impegno serio e spesso silenzioso che stiamo portando avanti per affrontare in modo strutturale e definitivo la questione viabilit\u00e0 in Cadore, una problematica secolare che merita da parte di tutti risposte concrete, non slogan. Certo, ci auguriamo che tutti, lo ribadisco ancora una volta, remino uniti nella stessa direzione\u00bb. Le emergenze legate al dissesto idrogeologico sono peraltro molte e continue, non solo in Cadore. &#8220;Ieri siamo intervenuti, ultimo in ordine di tempo, a seguito del distacco del grosso masso sceso dal versante in valle di Schievenin, nel comune di Setteville. I nostri tecnici hanno effettuato un sopralluogo e stanno facendo le valutazioni del caso per andare poi a bonificare l&#8217;area. Uno dei tanti fronti aperti dove siamo al lavoro\u201d, conclude il consigliere delegato Bortoluzzi.<\/p>\n<p>&nbsp;<\/p>\n<p>&nbsp;<\/p>\n<p>&nbsp;<\/p>\n<p>&nbsp;<\/p>\n<p>***********<\/p>\n","protected":false},"excerpt":{"rendered":"<p>******** &nbsp; BELLUNO Prendendo spunto dalle recenti dichiarazioni del Sindaco di Pieve di Cadore, Sindy Manushi, apparse oggi sulla stampa locale (e pin precedenza sui social), la Provincia di Belluno puntualizza con fermezza alcuni aspetti del proprio operato relativamente alla frana di San Vito. \u00abL\u2019impegno della Provincia per il monitoraggio del versante \u00e8 partito sin&hellip;<\/p>\n","protected":false},"author":4,"featured_media":457023,"comment_status":"closed","ping_status":"closed","sticky":false,"template":"","format":"standard","meta":{"_monsterinsights_skip_tracking":false,"_monsterinsights_sitenote_active":false,"_monsterinsights_sitenote_note":"","_monsterinsights_sitenote_category":0,"footnotes":""},"categories":[51,49],"tags":[],"class_list":["post-460781","post","type-post","status-publish","format-standard","has-post-thumbnail","hentry","category-evidenza-top","category-news-18","category-51","category-49","description-off"],"img_url":"https:\/\/www.radiopiu.net\/wordpress\/wp-content\/uploads\/2025\/07\/cfdb9f31-773f-4934-a869-ccfa0652acbe.jpg","_links":{"self":[{"href":"https:\/\/www.radiopiu.net\/wordpress\/wp-json\/wp\/v2\/posts\/460781","targetHints":{"allow":["GET"]}}],"collection":[{"href":"https:\/\/www.radiopiu.net\/wordpress\/wp-json\/wp\/v2\/posts"}],"about":[{"href":"https:\/\/www.radiopiu.net\/wordpress\/wp-json\/wp\/v2\/types\/post"}],"author":[{"embeddable":true,"href":"https:\/\/www.radiopiu.net\/wordpress\/wp-json\/wp\/v2\/users\/4"}],"replies":[{"embeddable":true,"href":"https:\/\/www.radiopiu.net\/wordpress\/wp-json\/wp\/v2\/comments?post=460781"}],"version-history":[{"count":1,"href":"https:\/\/www.radiopiu.net\/wordpress\/wp-json\/wp\/v2\/posts\/460781\/revisions"}],"predecessor-version":[{"id":460787,"href":"https:\/\/www.radiopiu.net\/wordpress\/wp-json\/wp\/v2\/posts\/460781\/revisions\/460787"}],"wp:featuredmedia":[{"embeddable":true,"href":"https:\/\/www.radiopiu.net\/wordpress\/wp-json\/wp\/v2\/media\/457023"}],"wp:attachment":[{"href":"https:\/\/www.radiopiu.net\/wordpress\/wp-json\/wp\/v2\/media?parent=460781"}],"wp:term":[{"taxonomy":"category","embeddable":true,"href":"https:\/\/www.radiopiu.net\/wordpress\/wp-json\/wp\/v2\/categories?post=460781"},{"taxonomy":"post_tag","embeddable":true,"href":"https:\/\/www.radiopiu.net\/wordpress\/wp-json\/wp\/v2\/tags?post=460781"}],"curies":[{"name":"wp","href":"https:\/\/api.w.org\/{rel}","templated":true}]}}