{"id":460792,"date":"2025-07-24T05:48:34","date_gmt":"2025-07-24T03:48:34","guid":{"rendered":"https:\/\/www.radiopiu.net\/wordpress\/?p=460792"},"modified":"2025-07-24T07:05:46","modified_gmt":"2025-07-24T05:05:46","slug":"incidente-a-domegge-di-cadore-e-infortunio-al-rifugio-auronzo","status":"publish","type":"post","link":"https:\/\/www.radiopiu.net\/wordpress\/incidente-a-domegge-di-cadore-e-infortunio-al-rifugio-auronzo\/","title":{"rendered":"INFORTUNIO AL RIFUGIO AURONZO"},"content":{"rendered":"<p>********<\/p>\n<p>&nbsp;<\/p>\n<p><strong><a class=\"dt-pswp-item\" href=\"https:\/\/www.radiopiu.net\/wordpress\/wp-content\/uploads\/2022\/08\/1661-2022.jpeg\" data-dt-img-description=\"\" data-large_image_width=\"1024\" data-large_image_height=\"768\"><img loading=\"lazy\" decoding=\"async\" class=\" wp-image-290950 alignleft\" src=\"https:\/\/www.radiopiu.net\/wordpress\/wp-content\/uploads\/2022\/08\/1661-2022-300x225.jpeg\" alt=\"\" width=\"137\" height=\"103\" srcset=\"https:\/\/www.radiopiu.net\/wordpress\/wp-content\/uploads\/2022\/08\/1661-2022-300x225.jpeg 300w, https:\/\/www.radiopiu.net\/wordpress\/wp-content\/uploads\/2022\/08\/1661-2022-768x576.jpeg 768w, https:\/\/www.radiopiu.net\/wordpress\/wp-content\/uploads\/2022\/08\/1661-2022.jpeg 1024w\" sizes=\"auto, (max-width: 137px) 100vw, 137px\" \/><\/a>REDAZIONE<\/strong> Due interventi in mattinata in terra cadorina. Il primo a Domegge di Cadore dove la centrale operativa del Suem 118 \u00e8 stata allertata per un incidente stradale dove un 67enne della Repubblica Ceca \u00e8 rimasto ferito lievemente ed \u00e8 statao portato in ambulanza all&#8217;ospedale di Pieve di Cadore. Seconda uscita per una escursionista slovacca di 57 anni che si era fatta male nei pressi del Rifugio Auronzo. La donna \u00e8 stata recuperata dell&#8217;elicottero Falco2 e portata al nosocomio di Belluno per le cure del caso.<\/p>\n<p>&nbsp;<\/p>\n<p>&nbsp;<\/p>\n<p>&nbsp;<\/p>\n<p>********<\/p>\n","protected":false},"excerpt":{"rendered":"<p>******** &nbsp; REDAZIONE Due interventi in mattinata in terra cadorina. Il primo a Domegge di Cadore dove la centrale operativa del Suem 118 \u00e8 stata allertata per un incidente stradale dove un 67enne della Repubblica Ceca \u00e8 rimasto ferito lievemente ed \u00e8 statao portato in ambulanza all&#8217;ospedale di Pieve di Cadore. Seconda uscita per una&hellip;<\/p>\n","protected":false},"author":4,"featured_media":290954,"comment_status":"closed","ping_status":"closed","sticky":false,"template":"","format":"standard","meta":{"_monsterinsights_skip_tracking":false,"_monsterinsights_sitenote_active":false,"_monsterinsights_sitenote_note":"","_monsterinsights_sitenote_category":0,"footnotes":""},"categories":[51,49],"tags":[],"class_list":["post-460792","post","type-post","status-publish","format-standard","has-post-thumbnail","hentry","category-evidenza-top","category-news-18","category-51","category-49","description-off"],"img_url":"https:\/\/www.radiopiu.net\/wordpress\/wp-content\/uploads\/2022\/08\/1661-2022-1.jpeg","_links":{"self":[{"href":"https:\/\/www.radiopiu.net\/wordpress\/wp-json\/wp\/v2\/posts\/460792","targetHints":{"allow":["GET"]}}],"collection":[{"href":"https:\/\/www.radiopiu.net\/wordpress\/wp-json\/wp\/v2\/posts"}],"about":[{"href":"https:\/\/www.radiopiu.net\/wordpress\/wp-json\/wp\/v2\/types\/post"}],"author":[{"embeddable":true,"href":"https:\/\/www.radiopiu.net\/wordpress\/wp-json\/wp\/v2\/users\/4"}],"replies":[{"embeddable":true,"href":"https:\/\/www.radiopiu.net\/wordpress\/wp-json\/wp\/v2\/comments?post=460792"}],"version-history":[{"count":2,"href":"https:\/\/www.radiopiu.net\/wordpress\/wp-json\/wp\/v2\/posts\/460792\/revisions"}],"predecessor-version":[{"id":460956,"href":"https:\/\/www.radiopiu.net\/wordpress\/wp-json\/wp\/v2\/posts\/460792\/revisions\/460956"}],"wp:featuredmedia":[{"embeddable":true,"href":"https:\/\/www.radiopiu.net\/wordpress\/wp-json\/wp\/v2\/media\/290954"}],"wp:attachment":[{"href":"https:\/\/www.radiopiu.net\/wordpress\/wp-json\/wp\/v2\/media?parent=460792"}],"wp:term":[{"taxonomy":"category","embeddable":true,"href":"https:\/\/www.radiopiu.net\/wordpress\/wp-json\/wp\/v2\/categories?post=460792"},{"taxonomy":"post_tag","embeddable":true,"href":"https:\/\/www.radiopiu.net\/wordpress\/wp-json\/wp\/v2\/tags?post=460792"}],"curies":[{"name":"wp","href":"https:\/\/api.w.org\/{rel}","templated":true}]}}