{"id":460870,"date":"2025-07-24T05:48:18","date_gmt":"2025-07-24T03:48:18","guid":{"rendered":"https:\/\/www.radiopiu.net\/wordpress\/?p=460870"},"modified":"2025-07-24T07:06:05","modified_gmt":"2025-07-24T05:06:05","slug":"ciclista-in-difficolta-sul-cridola-interviene-il-soccorso-alpino-ma-rientra-autonomamente","status":"publish","type":"post","link":"https:\/\/www.radiopiu.net\/wordpress\/ciclista-in-difficolta-sul-cridola-interviene-il-soccorso-alpino-ma-rientra-autonomamente\/","title":{"rendered":"CICLISTA IN DIFFICOLT\u00c0 SUL CRIDOLA"},"content":{"rendered":"<p>********<\/p>\n<p>&nbsp;<\/p>\n<p><strong><a class=\"dt-pswp-item\" href=\"https:\/\/www.radiopiu.net\/wordpress\/wp-content\/uploads\/2024\/07\/SALT.jpeg\" data-dt-img-description=\"\" data-large_image_width=\"1600\" data-large_image_height=\"900\"><img loading=\"lazy\" decoding=\"async\" class=\" wp-image-398172 alignleft\" src=\"https:\/\/www.radiopiu.net\/wordpress\/wp-content\/uploads\/2024\/07\/SALT-300x169.jpeg\" alt=\"\" width=\"181\" height=\"102\" srcset=\"https:\/\/www.radiopiu.net\/wordpress\/wp-content\/uploads\/2024\/07\/SALT-300x169.jpeg 300w, https:\/\/www.radiopiu.net\/wordpress\/wp-content\/uploads\/2024\/07\/SALT-1024x576.jpeg 1024w, https:\/\/www.radiopiu.net\/wordpress\/wp-content\/uploads\/2024\/07\/SALT-768x432.jpeg 768w, https:\/\/www.radiopiu.net\/wordpress\/wp-content\/uploads\/2024\/07\/SALT-1536x864.jpeg 1536w, https:\/\/www.radiopiu.net\/wordpress\/wp-content\/uploads\/2024\/07\/SALT.jpeg 1600w\" sizes=\"auto, (max-width: 181px) 100vw, 181px\" \/><\/a>PIEVE DI CADORE <\/strong>L&#8217;elicottero del Suem di Pieve di Cadore ha recuperato un&#8217;escursionista con problemi ai legamenti sul sentiero per il Rifugio Vandelli.<\/p>\n<p><strong>AURONZO <\/strong>Falco 2 \u00e8 invece volato nei pressi del Rifugio Auronzo, poich\u00e9 una 57enne slovena si era fatta male a una caviglia percorrendo il sentiero numero 105. Caricata a bordo, la donna \u00e8 stata trasportata all&#8217;ospedale di Belluno.<\/p>\n<p><strong>LORENZAGO DI CADORE <\/strong>Una squadra del Soccorso alpino del Centro Cadore \u00e8 andata incontro a un ciclista, che aveva chiamato poich\u00e9 si era trovato in difficolt\u00e0 nella zona del Cridola a Lorenzago di Cadore. I soccorritori lo hanno incrociato che era riuscito a rientrare autonomamente con la propria mountain bike.<\/p>\n<p>&nbsp;<\/p>\n<p>&nbsp;<\/p>\n<p>&nbsp;<\/p>\n<p>*******<\/p>\n","protected":false},"excerpt":{"rendered":"<p>******** &nbsp; PIEVE DI CADORE L&#8217;elicottero del Suem di Pieve di Cadore ha recuperato un&#8217;escursionista con problemi ai legamenti sul sentiero per il Rifugio Vandelli. AURONZO Falco 2 \u00e8 invece volato nei pressi del Rifugio Auronzo, poich\u00e9 una 57enne slovena si era fatta male a una caviglia percorrendo il sentiero numero 105. Caricata a bordo,&hellip;<\/p>\n","protected":false},"author":4,"featured_media":398172,"comment_status":"closed","ping_status":"closed","sticky":false,"template":"","format":"standard","meta":{"_monsterinsights_skip_tracking":false,"_monsterinsights_sitenote_active":false,"_monsterinsights_sitenote_note":"","_monsterinsights_sitenote_category":0,"footnotes":""},"categories":[51,49],"tags":[],"class_list":["post-460870","post","type-post","status-publish","format-standard","has-post-thumbnail","hentry","category-evidenza-top","category-news-18","category-51","category-49","description-off"],"img_url":"https:\/\/www.radiopiu.net\/wordpress\/wp-content\/uploads\/2024\/07\/SALT.jpeg","_links":{"self":[{"href":"https:\/\/www.radiopiu.net\/wordpress\/wp-json\/wp\/v2\/posts\/460870","targetHints":{"allow":["GET"]}}],"collection":[{"href":"https:\/\/www.radiopiu.net\/wordpress\/wp-json\/wp\/v2\/posts"}],"about":[{"href":"https:\/\/www.radiopiu.net\/wordpress\/wp-json\/wp\/v2\/types\/post"}],"author":[{"embeddable":true,"href":"https:\/\/www.radiopiu.net\/wordpress\/wp-json\/wp\/v2\/users\/4"}],"replies":[{"embeddable":true,"href":"https:\/\/www.radiopiu.net\/wordpress\/wp-json\/wp\/v2\/comments?post=460870"}],"version-history":[{"count":4,"href":"https:\/\/www.radiopiu.net\/wordpress\/wp-json\/wp\/v2\/posts\/460870\/revisions"}],"predecessor-version":[{"id":460957,"href":"https:\/\/www.radiopiu.net\/wordpress\/wp-json\/wp\/v2\/posts\/460870\/revisions\/460957"}],"wp:featuredmedia":[{"embeddable":true,"href":"https:\/\/www.radiopiu.net\/wordpress\/wp-json\/wp\/v2\/media\/398172"}],"wp:attachment":[{"href":"https:\/\/www.radiopiu.net\/wordpress\/wp-json\/wp\/v2\/media?parent=460870"}],"wp:term":[{"taxonomy":"category","embeddable":true,"href":"https:\/\/www.radiopiu.net\/wordpress\/wp-json\/wp\/v2\/categories?post=460870"},{"taxonomy":"post_tag","embeddable":true,"href":"https:\/\/www.radiopiu.net\/wordpress\/wp-json\/wp\/v2\/tags?post=460870"}],"curies":[{"name":"wp","href":"https:\/\/api.w.org\/{rel}","templated":true}]}}