{"id":460923,"date":"2025-07-25T05:39:21","date_gmt":"2025-07-25T03:39:21","guid":{"rendered":"https:\/\/www.radiopiu.net\/wordpress\/?p=460923"},"modified":"2025-07-25T17:28:01","modified_gmt":"2025-07-25T15:28:01","slug":"giornale-radiopiu-25-luglio-2025-direttore-mirko-mezzacasa","status":"publish","type":"post","link":"https:\/\/www.radiopiu.net\/wordpress\/giornale-radiopiu-25-luglio-2025-direttore-mirko-mezzacasa\/","title":{"rendered":"GIORNALE RADIOPIU 25 LUGLIO 2025 DIRETTORE MIRKO MEZZACASA"},"content":{"rendered":"<p>*******<\/p>\n<p>&nbsp;<\/p>\n<p><em><span style=\"color: #ff0000;\"><a class=\"dt-pswp-item\" href=\"https:\/\/www.radiopiu.net\/wordpress\/wp-content\/uploads\/2024\/10\/Senza-nome-8.png\" data-dt-img-description=\"\" data-large_image_width=\"343\" data-large_image_height=\"303\"><img loading=\"lazy\" decoding=\"async\" class=\"wp-image-412130 alignleft\" src=\"https:\/\/www.radiopiu.net\/wordpress\/wp-content\/uploads\/2024\/10\/Senza-nome-8-300x265.png\" alt=\"\" width=\"105\" height=\"93\" srcset=\"https:\/\/www.radiopiu.net\/wordpress\/wp-content\/uploads\/2024\/10\/Senza-nome-8-300x265.png 300w, https:\/\/www.radiopiu.net\/wordpress\/wp-content\/uploads\/2024\/10\/Senza-nome-8.png 343w\" sizes=\"auto, (max-width: 105px) 100vw, 105px\" \/><\/a><\/span><\/em><strong><em><span style=\"color: #ff0000;\"> LA\u00a0 APP PER IOS-IPHONE di Nicola Vettorello<\/span><\/em><\/strong><\/p>\n<p><strong><span style=\"color: #0000ff;\"><a style=\"color: #0000ff;\" href=\"https:\/\/apps.apple.com\/it\/app\/radio-pi%C3%B9-emittente-agordina\/id1515939845\">https:\/\/apps.apple.com\/it\/app\/radio-pi%C3%B9-emittente-agordina\/id1515939845<\/a><\/span><\/strong><\/p>\n<p><strong><em style=\"color: #ff0000;\">LA\u00a0 APP RADIO\u00a0 PER ANDROID di Nicola Vettorello<\/em><\/strong><\/p>\n<p><strong><span style=\"color: #0000ff;\"><a style=\"color: #0000ff;\" href=\"https:\/\/play.google.com\/store\/apps\/details?id=net.radiopiu.iniko\" target=\"_blank\" rel=\"noopener noreferrer\">https:\/\/<\/a><a style=\"color: #0000ff;\" href=\"https:\/\/play.google.com\/store\/apps\/details?id=net.radiopiu.iniko\" target=\"_blank\" rel=\"noopener noreferrer\">play.google.com\/store\/apps\/details?id=net.radiopiu.iniko\u00a0\u00a0\u00a0\u00a0<\/a><\/span><\/strong><\/p>\n<p>&nbsp;<\/p>\n<div class=\"page-title-head hgroup\">\n<blockquote>\n<h1 class=\"entry-title\">CRAC DA 4,5 MILIONI: QUATTRO INDAGATI PER IL FALLIMENTO DI UN ALBERGO AD AURONZO<\/h1>\n<\/blockquote>\n<p>&nbsp;<\/p>\n\n\t\t\t<style type='text\/css'>\n\t\t\t\t#gallery-1 {\n\t\t\t\t\tmargin: auto;\n\t\t\t\t}\n\t\t\t\t#gallery-1 .gallery-item {\n\t\t\t\t\tfloat: left;\n\t\t\t\t\tmargin-top: 10px;\n\t\t\t\t\ttext-align: center;\n\t\t\t\t\twidth: 33%;\n\t\t\t\t}\n\t\t\t\t#gallery-1 img {\n\t\t\t\t\tborder: 2px solid #cfcfcf;\n\t\t\t\t}\n\t\t\t\t#gallery-1 .gallery-caption {\n\t\t\t\t\tmargin-left: 0;\n\t\t\t\t}\n\t\t\t\t\/* see gallery_shortcode() in wp-includes\/media.php *\/\n\t\t\t<\/style>\n\t\t<div id='gallery-1' class='dt-gallery-container gallery galleryid-460923 gallery-columns-3 gallery-size-thumbnail'><dl class='gallery-item'>\n\t\t\t\t<dt class='gallery-icon landscape'>\n\t\t\t\t\t<a class=\"rollover rollover-zoom dt-pswp-item\" title=\"foto3\" data-dt-img-description=\"\" data-large_image_width=\"2560\" data-large_image_height=\"1920\"href='https:\/\/www.radiopiu.net\/wordpress\/wp-content\/uploads\/2025\/07\/foto3-scaled.jpg'><img loading=\"lazy\" decoding=\"async\" width=\"150\" height=\"150\" src=\"https:\/\/www.radiopiu.net\/wordpress\/wp-content\/uploads\/2025\/07\/foto3-150x150.jpg\" class=\"attachment-thumbnail size-thumbnail\" alt=\"\" \/><\/a>\n\t\t\t\t<\/dt><\/dl><dl class='gallery-item'>\n\t\t\t\t<dt class='gallery-icon landscape'>\n\t\t\t\t\t<a class=\"rollover rollover-zoom dt-pswp-item\" title=\"foto1\" data-dt-img-description=\"\" data-large_image_width=\"1920\" data-large_image_height=\"1080\"href='https:\/\/www.radiopiu.net\/wordpress\/wp-content\/uploads\/2025\/07\/foto1.jpg'><img loading=\"lazy\" decoding=\"async\" width=\"150\" height=\"150\" src=\"https:\/\/www.radiopiu.net\/wordpress\/wp-content\/uploads\/2025\/07\/foto1-150x150.jpg\" class=\"attachment-thumbnail size-thumbnail\" alt=\"\" \/><\/a>\n\t\t\t\t<\/dt><\/dl><dl class='gallery-item'>\n\t\t\t\t<dt class='gallery-icon landscape'>\n\t\t\t\t\t<a class=\"rollover rollover-zoom dt-pswp-item\" title=\"foto2\" data-dt-img-description=\"\" data-large_image_width=\"1920\" data-large_image_height=\"1080\"href='https:\/\/www.radiopiu.net\/wordpress\/wp-content\/uploads\/2025\/07\/foto2.jpg'><img loading=\"lazy\" decoding=\"async\" width=\"150\" height=\"150\" src=\"https:\/\/www.radiopiu.net\/wordpress\/wp-content\/uploads\/2025\/07\/foto2-150x150.jpg\" class=\"attachment-thumbnail size-thumbnail\" alt=\"\" \/><\/a>\n\t\t\t\t<\/dt><\/dl><br style=\"clear: both\" \/>\n\t\t\t<\/div>\n\n<p data-start=\"119\" data-end=\"509\">\n<\/div>\n<p data-start=\"119\" data-end=\"509\"><strong><img decoding=\"async\" class=\"alignleft\" src=\"https:\/\/www.radiopiu.net\/wordpress\/wp-content\/uploads\/2024\/09\/GUARDIA-FINANZA-300x300.jpg\" \/>AURONZO<\/strong> La Guardia di Finanza di Belluno ha concluso un\u2019articolata indagine sul fallimento di un albergo ad Auronzo di Cadore, storica sede del ritiro precampionato di una squadra di Serie A dal 2008 al 2024. Il crac dell\u2019azienda, dichiarato dal Tribunale di Belluno nel 2022, ha portato alla denuncia di quattro persone per bancarotta fraudolenta patrimoniale, preferenziale e documentale. Le indagini, coordinate dalla Procura di Belluno e condotte dalla Tenenza di Auronzo con il supporto di altri reparti, hanno ricostruito un complesso schema criminoso che ha causato un dissesto finanziario di oltre 4,5 milioni di euro. Al centro della vicenda le operazioni tra la societ\u00e0 alberghiera bellunese e il suo socio unico, una societ\u00e0 napoletana gi\u00e0 fallita nel 2012. I finanzieri hanno scoperto trasferimenti illeciti di fondi per circa 800 mila euro effettuati nel 2010 senza delibere valide n\u00e9 giustificazioni economiche. Sono inoltre emerse fatture gonfiate per circa 1,6 milioni di euro per lavori di ristrutturazione dell\u2019hotel: a fronte di una fatturazione da 1,9 milioni, i lavori reali valevano appena 300 mila euro, tutti finanziati da un ignaro istituto di credito. Altri 250 mila euro erano stati usati per rimborsare un finanziamento alla societ\u00e0 madre, in violazione del codice civile, mentre 130 mila euro risultano spesi per scopi personali dall\u2019amministratore, tra cui viaggi, cene e trattamenti estetici. Il colpo finale al patrimonio dell\u2019impresa \u00e8 stato dato dalla cessione fraudolenta di una parte dell\u2019immobile aziendale, dal valore di oltre mezzo milione di euro, a un\u2019altra societ\u00e0 campana. Determinanti le perquisizioni a Roma e Napoli, che hanno permesso di recuperare documenti nascosti e accertare il coinvolgimento di altri due soggetti, uno campano e uno laziale, anche grazie a perizie grafologiche. L\u2019operazione della Guardia di Finanza testimonia l\u2019impegno del Corpo nel contrasto alla criminalit\u00e0 economico-finanziaria, con l\u2019obiettivo di tutelare il tessuto economico e la legalit\u00e0.<\/p>\n<p data-start=\"2182\" data-end=\"2315\" data-is-last-node=\"\" data-is-only-node=\"\"><em data-start=\"2182\" data-end=\"2315\" data-is-last-node=\"\">Le accuse restano al momento ipotesi, nel rispetto della presunzione di innocenza fino a eventuale sentenza definitiva di condanna.<\/em><\/p>\n<p>&nbsp;<\/p>\n<hr \/>\n<p><span style=\"color: #0000ff;\">\u00a0<\/span><\/p>\n<p>&nbsp;<\/p>\n<blockquote>\n<h1 data-start=\"0\" data-end=\"60\"><strong data-start=\"0\" data-end=\"60\"><a class=\"dt-pswp-item\" href=\"https:\/\/www.radiopiu.net\/wordpress\/wp-content\/uploads\/2025\/07\/Senza-nome-49-e1753412505851.png\" data-dt-img-description=\"\" data-large_image_width=\"300\" data-large_image_height=\"262\"><img loading=\"lazy\" decoding=\"async\" class=\" wp-image-461136 alignleft\" src=\"https:\/\/www.radiopiu.net\/wordpress\/wp-content\/uploads\/2025\/07\/Senza-nome-49-e1753412505851.png\" alt=\"\" width=\"212\" height=\"185\" \/><\/a>OGGI SU RADIOPI\u00d9: MUSICA, informazione\u00a0 e dirette\u00a0<\/strong><\/h1>\n<\/blockquote>\n<p class=\"\" data-start=\"62\" data-end=\"463\"><strong><br \/>\nALLE 8.05 LA RASSEGNA STAMPA LOCALE 8.25\u00a0 PIU SIAMO 9.00 premier le novit\u00e0 musicali scelte da Marco Gaz 9.40 i racconti di Paolo Soppelsa 10.30\u00a0 castello di andraz, miniere del fursil, museo ladino&#8230; parliamone con Eleonora e Milly dell&#8217;Istitut Ladin Cesa de Jan di mirko mezzacasa 11.00\u00a0 batticinque, il programma che unisce due generazioni con alessio e marina 12.00 IL LISCIO DI MIRCO BENCIVENNI 12.30 GR PRINCIPALE 13.20 COLLAGE OPERAZIONE NOSTALGIA, LORIS SCUSSEL\u00a0 14.10 summer ista&#8217; di david ben e marina dona&#8217; 14.10 week end marina c&#8217;e&#8217;\u00a0 16.30 marco tormen e giuseppe schena presentano l&#8217;evento di domani e domenica a voltago agordino, gran premio con i go kart 16 45 LE HIT STORICHE DI MIRCO BENCIVENNI 19.05 LE ANTICIPAZIONI DAL TG DI ANTENNA 3 DA UN\u2019IDEA DI TIZIANA BOLOGNANI 19.20 dal sito minerario di Valle Imperina le novit\u00e0 del mese di agosto, gli appuntamenti tra forni fusori, galleria,\u00a0 storia e cultura, ospite Marco Mottes, di mirko mezzacasa<br \/>\n<\/strong><\/p>\n<p>&nbsp;<\/p>\n<p>&nbsp;<\/p>\n<hr \/>\n<p>&nbsp;<\/p>\n<p>&nbsp;<\/p>\n<div class=\"x11i5rnm xat24cr x1mh8g0r x1vvkbs xtlvy1s x126k92a\">\n<div dir=\"auto\">\n<div dir=\"auto\">\n<p><strong><a class=\"dt-pswp-item\" href=\"https:\/\/www.radiopiu.net\/wordpress\/wp-content\/uploads\/2025\/07\/file-2.jpg\" data-dt-img-description=\"\" data-large_image_width=\"640\" data-large_image_height=\"641\"><img loading=\"lazy\" decoding=\"async\" class=\"wp-image-460616 alignleft\" src=\"https:\/\/www.radiopiu.net\/wordpress\/wp-content\/uploads\/2025\/07\/file-2-300x300.jpg\" alt=\"\" width=\"141\" height=\"141\" srcset=\"https:\/\/www.radiopiu.net\/wordpress\/wp-content\/uploads\/2025\/07\/file-2-300x300.jpg 300w, https:\/\/www.radiopiu.net\/wordpress\/wp-content\/uploads\/2025\/07\/file-2-150x150.jpg 150w, https:\/\/www.radiopiu.net\/wordpress\/wp-content\/uploads\/2025\/07\/file-2.jpg 640w\" sizes=\"auto, (max-width: 141px) 100vw, 141px\" \/><\/a>EL BAL DEL FIOR, DI GIULIANA DA RONCH, 25 LUGLIO<\/strong><strong>\u00a02025<\/strong><\/p>\n<\/div>\n<\/div>\n<div dir=\"auto\">\n<div dir=\"auto\">\n<p>&nbsp;<\/p>\n<p>&nbsp;<\/p>\n<audio class=\"wp-audio-shortcode\" id=\"audio-460923-1\" preload=\"none\" style=\"width: 100%;\" controls=\"controls\"><source type=\"audio\/mpeg\" src=\"https:\/\/www.radiopiu.net\/wordpress\/wp-content\/uploads\/2025\/07\/GVE-3.mp3?_=1\" \/><a href=\"https:\/\/www.radiopiu.net\/wordpress\/wp-content\/uploads\/2025\/07\/GVE-3.mp3\">https:\/\/www.radiopiu.net\/wordpress\/wp-content\/uploads\/2025\/07\/GVE-3.mp3<\/a><\/audio>\n<p>&nbsp;<\/p>\n<hr \/>\n<p>&nbsp;<\/p>\n<p>&nbsp;<\/p>\n<\/div>\n<\/div>\n<\/div>\n<div class=\"x11i5rnm xat24cr x1mh8g0r x1vvkbs xtlvy1s x126k92a\">\n<blockquote>\n<h1><strong><a class=\"dt-pswp-item\" href=\"https:\/\/www.radiopiu.net\/wordpress\/wp-content\/uploads\/2024\/10\/629301fd-708d-4f53-95c2-d28cbefd500f.jpg\" data-dt-img-description=\"\" data-large_image_width=\"1600\" data-large_image_height=\"1322\"><img loading=\"lazy\" decoding=\"async\" class=\"wp-image-413782 alignright\" src=\"https:\/\/www.radiopiu.net\/wordpress\/wp-content\/uploads\/2024\/10\/629301fd-708d-4f53-95c2-d28cbefd500f-300x248.jpg\" alt=\"\" width=\"106\" height=\"88\" srcset=\"https:\/\/www.radiopiu.net\/wordpress\/wp-content\/uploads\/2024\/10\/629301fd-708d-4f53-95c2-d28cbefd500f-300x248.jpg 300w, https:\/\/www.radiopiu.net\/wordpress\/wp-content\/uploads\/2024\/10\/629301fd-708d-4f53-95c2-d28cbefd500f-1024x846.jpg 1024w, https:\/\/www.radiopiu.net\/wordpress\/wp-content\/uploads\/2024\/10\/629301fd-708d-4f53-95c2-d28cbefd500f-768x635.jpg 768w, https:\/\/www.radiopiu.net\/wordpress\/wp-content\/uploads\/2024\/10\/629301fd-708d-4f53-95c2-d28cbefd500f-1536x1269.jpg 1536w, https:\/\/www.radiopiu.net\/wordpress\/wp-content\/uploads\/2024\/10\/629301fd-708d-4f53-95c2-d28cbefd500f.jpg 1600w\" sizes=\"auto, (max-width: 106px) 100vw, 106px\" \/><\/a><\/strong><\/h1>\n<h1><strong><a class=\"dt-pswp-item\" href=\"https:\/\/www.radiopiu.net\/wordpress\/wp-content\/uploads\/2024\/11\/th-18.jpg\" data-dt-img-description=\"\" data-large_image_width=\"156\" data-large_image_height=\"180\"><img loading=\"lazy\" decoding=\"async\" class=\"size-full wp-image-421611 alignleft\" src=\"https:\/\/www.radiopiu.net\/wordpress\/wp-content\/uploads\/2024\/11\/th-18.jpg\" alt=\"\" width=\"156\" height=\"180\" \/><\/a><\/strong><\/h1>\n<h1><strong>N di parom &#8211; L Almanach de la nosta jent<\/strong><\/h1>\n<\/blockquote>\n<p>&nbsp;<\/p>\n<p>Le voci: Davide Conedera, Agordo, Michela Dell&#8217;Osbel, La Valle Agordina Simone Ganz, Falcade Veronica Lezuo, Colle Santa Lucia. La voce nella sigla \u00e8 di Giorgia Taio<\/p>\n<p><strong>LA PUNTATA DI OGGI, 25 LUGLIO 2025<\/strong><\/p>\n<p>&nbsp;<\/p>\n<audio class=\"wp-audio-shortcode\" id=\"audio-460923-2\" preload=\"none\" style=\"width: 100%;\" controls=\"controls\"><source type=\"audio\/mpeg\" src=\"https:\/\/www.radiopiu.net\/wordpress\/wp-content\/uploads\/2025\/07\/AL5-3.mp3?_=2\" \/><a href=\"https:\/\/www.radiopiu.net\/wordpress\/wp-content\/uploads\/2025\/07\/AL5-3.mp3\">https:\/\/www.radiopiu.net\/wordpress\/wp-content\/uploads\/2025\/07\/AL5-3.mp3<\/a><\/audio>\n<p>&nbsp;<\/p>\n<\/div>\n<div class=\"x11i5rnm xat24cr x1mh8g0r x1vvkbs xtlvy1s x126k92a\">\n<div dir=\"auto\">\n<hr \/>\n<\/div>\n<\/div>\n<blockquote>\n<blockquote>\n<h1><span style=\"color: #ff0000;\">\u00a0<\/span><\/h1>\n<h1><span style=\"color: #ff0000;\">I podcast informativi del mattino &#8211; audio &#8211;\u00a0\u00a0<\/span><\/h1>\n<\/blockquote>\n<p><strong><a class=\"dt-pswp-item\" href=\"https:\/\/www.radiopiu.net\/wordpress\/wp-content\/uploads\/2024\/11\/6.jpg\" data-dt-img-description=\"\" data-large_image_width=\"177\" data-large_image_height=\"180\"><img loading=\"lazy\" decoding=\"async\" class=\"size-full wp-image-417911 alignleft\" src=\"https:\/\/www.radiopiu.net\/wordpress\/wp-content\/uploads\/2024\/11\/6.jpg\" alt=\"\" width=\"177\" height=\"180\" \/><\/a>LA RASSEGNA STAMPA NAZIONALE ALLA RADIO, OGNI GIORNO ALLE 5 E ALLE 6 DEL MATTINO <span style=\"color: #0000ff;\">viene pubblicata alle 6.00 <span style=\"color: #ff0000;\">DIRETTA RADIO\u00a0 \u00a0\u00a0<\/span><\/span><\/strong><\/p><\/blockquote>\n<p>&nbsp;<\/p>\n<p><strong>NOTIZIE DELLA NOTTE<br \/>\n<\/strong><\/p>\n<p><strong>Gli Stati Uniti<\/strong> respingono fermamente il piano del presidente francese Emmanuel Macron per il riconoscimento dello Stato di Palestina, mentre lo stesso Macron ha annunciato che la <strong>Francia<\/strong> proceder\u00e0 comunque in questa direzione. <strong>\u00a0le borse asiatiche<\/strong> registrano segnali negativi: Hong Kong apre in calo dello 0,69%, mentre Tokyo segna un -0,34% all\u2019avvio.\u00a0<strong> l\u2019ATP di Washington<\/strong> vede l\u2019eliminazione degli italiani Flavio Cobolli e Matteo Arnaldi.\u00a0 <strong>approvata la fusione<\/strong> tra Paramount e Skydance, per un valore di 8,4 miliardi di dollari. <strong>In Italia, cronaca nera a Rovig<\/strong>o, dove sono stati eseguiti cinque fermi per l\u2019omicidio di un giovane colpito con un coccio di bottiglia. Concluso infine il processo per l\u2019omicidio nella cosiddetta \u201cstrada parco\u201d: due ergastoli e un\u2019assoluzione.<strong><br \/>\n<\/strong><\/p>\n<h1>AUDIO dalle 6 del mattino<\/h1>\n<audio class=\"wp-audio-shortcode\" id=\"audio-460923-3\" preload=\"none\" style=\"width: 100%;\" controls=\"controls\"><source type=\"audio\/mpeg\" src=\"https:\/\/www.radiopiu.net\/wordpress\/wp-content\/uploads\/2025\/07\/GIORNALEDELLESEI-20.mp3?_=3\" \/><a href=\"https:\/\/www.radiopiu.net\/wordpress\/wp-content\/uploads\/2025\/07\/GIORNALEDELLESEI-20.mp3\">https:\/\/www.radiopiu.net\/wordpress\/wp-content\/uploads\/2025\/07\/GIORNALEDELLESEI-20.mp3<\/a><\/audio>\n<p>&nbsp;<\/p>\n<p>&nbsp;<\/p>\n<hr \/>\n<p>&nbsp;<\/p>\n<h1 style=\"text-align: center;\"><span style=\"color: #ff0000;\"><a class=\"dt-pswp-item\" href=\"https:\/\/www.radiopiu.net\/wordpress\/wp-content\/uploads\/2024\/11\/7.jpg\" data-dt-img-description=\"\" data-large_image_width=\"180\" data-large_image_height=\"180\"><img loading=\"lazy\" decoding=\"async\" class=\"size-full wp-image-417912 alignleft\" src=\"https:\/\/www.radiopiu.net\/wordpress\/wp-content\/uploads\/2024\/11\/7.jpg\" alt=\"\" width=\"180\" height=\"180\" srcset=\"https:\/\/www.radiopiu.net\/wordpress\/wp-content\/uploads\/2024\/11\/7.jpg 180w, https:\/\/www.radiopiu.net\/wordpress\/wp-content\/uploads\/2024\/11\/7-150x150.jpg 150w\" sizes=\"auto, (max-width: 180px) 100vw, 180px\" \/><\/a>I podcast informativi del mattino &#8211; audio &#8211;\u00a0<\/span><\/h1>\n<p><strong>OGNI GIORNO ALLE SETTE DEL MATTINO, LA RASSEGNA STAMPA LOCALE FLASH&#8230; PER CHI VA IN FRETTA. I TITOLI DAI GIORNALI E DAL SITO WWW.RADIOPIU.NET <span style=\"color: #0000ff;\">viene pubblicato alle 7.00<\/span> <span style=\"color: #ff0000;\">DIRETTA RADIO\u00a0<\/span><\/strong><\/p>\n<p><em><span style=\"color: #ff0000;\">per chi va in fretta&#8230; tante notizie in pochi minuti. L&#8217;informazione locale alla radio, ogni ora dalle 7 del mattino alle 19 della sera.\u00a0\u00a0<\/span><\/em><\/p>\n<p><strong data-start=\"0\" data-end=\"62\">Notizie locali dal Bellunese: tra cronaca, eventi e novit\u00e0<\/strong><\/p>\n<p>&nbsp;<\/p>\n<div class=\"flex flex-1 grow basis-auto flex-col overflow-hidden\">\n<div class=\"relative h-full\">\n<div class=\"flex h-full flex-col overflow-y-auto [scrollbar-gutter:stable]\">\n<div class=\"mt-1.5 flex flex-col text-sm @thread-xl\/thread:pt-header-height md:pb-9\">\n<article class=\"group\/turn w-full text-token-text-primary focus-visible:outline-none\" dir=\"auto\" tabindex=\"-1\" data-testid=\"conversation-turn-2\" data-scroll-anchor=\"true\">\n<div class=\"text-base my-auto mx-auto py-5 px-6\">\n<div class=\"mx-auto flex flex-1 text-base gap-4 md:gap-5 lg:gap-6 md:max-w-3xl\">\n<div class=\"group\/conversation-turn relative flex w-full min-w-0 flex-col agent-turn @xs\/thread:px-0 @sm\/thread:px-1.5 @md\/thread:px-4\">\n<div class=\"relative flex-col gap-1 md:gap-3\">\n<div class=\"flex max-w-full flex-col flex-grow\">\n<div class=\"min-h-8 text-message relative flex w-full flex-col items-end gap-2 whitespace-normal break-words text-start [.text-message+&amp;]:mt-5\" dir=\"auto\" data-message-author-role=\"assistant\" data-message-id=\"bff05fc0-dc7c-4ab7-9b20-d3eec753127b\" data-message-model-slug=\"gpt-4o-mini\">\n<div class=\"flex w-full flex-col gap-1 empty:hidden first:pt-[3px]\">\n<div class=\"markdown prose w-full break-words dark:prose-invert dark\">\n<p class=\"\" data-start=\"64\" data-end=\"329\"><em><strong>Radio Pi\u00f9 offre una panoramica sui principali eventi e notizie in provincia di Belluno, accompagnata dalla programmazione radiofonica. Tra le principali notizie<\/strong><\/em><\/p>\n<\/div>\n<\/div>\n<\/div>\n<\/div>\n<\/div>\n<\/div>\n<\/div>\n<\/div>\n<\/article>\n<\/div>\n<\/div>\n<\/div>\n<\/div>\n<h1>AUDIO dalle 7 del mattino<\/h1>\n<audio class=\"wp-audio-shortcode\" id=\"audio-460923-4\" preload=\"none\" style=\"width: 100%;\" controls=\"controls\"><source type=\"audio\/mpeg\" src=\"https:\/\/www.radiopiu.net\/wordpress\/wp-content\/uploads\/2025\/07\/GF07-19.mp3?_=4\" \/><a href=\"https:\/\/www.radiopiu.net\/wordpress\/wp-content\/uploads\/2025\/07\/GF07-19.mp3\">https:\/\/www.radiopiu.net\/wordpress\/wp-content\/uploads\/2025\/07\/GF07-19.mp3<\/a><\/audio>\n<p>&nbsp;<\/p>\n<p>&nbsp;<\/p>\n<hr \/>\n<p>&nbsp;<\/p>\n<h1><\/h1>\n<h1 style=\"text-align: center;\"><span style=\"color: #ff0000;\"><a class=\"dt-pswp-item\" href=\"https:\/\/www.radiopiu.net\/wordpress\/wp-content\/uploads\/2024\/11\/th.jpg\" data-dt-img-description=\"\" data-large_image_width=\"148\" data-large_image_height=\"179\"><img loading=\"lazy\" decoding=\"async\" class=\" wp-image-417913 alignleft\" src=\"https:\/\/www.radiopiu.net\/wordpress\/wp-content\/uploads\/2024\/11\/th.jpg\" alt=\"\" width=\"66\" height=\"80\" \/><\/a>I podcast informativi del mattino &#8211; audio &#8211;\u00a0<\/span><\/h1>\n<blockquote><p><strong>GIORNALE RADIO NAZIONALE, EDIZIONE DELLE SETTE <span style=\"color: #0000ff;\">viene pubblicato alle 7.05 <span style=\"color: #ff0000;\">DIRETTA RADIO\u00a0<\/span><\/span><\/strong><\/p><\/blockquote>\n<p><strong>il giornale radionazionale e&#8217; in onda ogni ora, dalle sette del mattino alle venti della sera\u00a0 \u00a0\u00a0<\/strong><\/p>\n<p>&nbsp;<\/p>\n<blockquote>\n<h2><em> <a class=\"dt-pswp-item\" href=\"https:\/\/www.radiopiu.net\/wordpress\/wp-content\/uploads\/2025\/02\/download-7.jpg\" data-dt-img-description=\"\" data-large_image_width=\"211\" data-large_image_height=\"239\"><img loading=\"lazy\" decoding=\"async\" class=\" wp-image-435553 alignleft\" src=\"https:\/\/www.radiopiu.net\/wordpress\/wp-content\/uploads\/2025\/02\/download-7.jpg\" alt=\"\" width=\"186\" height=\"211\" \/><\/a><span style=\"color: #ff0000;\">RADIOPI\u00d9<\/span> \u2013 La voce del territorio, lo sguardo sul Paese.<\/em><\/h2>\n<\/blockquote>\n<article class=\"text-token-text-primary w-full\" dir=\"auto\" data-testid=\"conversation-turn-40\" data-scroll-anchor=\"true\">\n<div class=\"text-base my-auto mx-auto pb-10 [--thread-content-margin:--spacing(4)] @[37rem]:[--thread-content-margin:--spacing(6)] @[72rem]:[--thread-content-margin:--spacing(16)] px-(--thread-content-margin)\">\n<div class=\"[--thread-content-max-width:32rem] @[34rem]:[--thread-content-max-width:40rem] @[64rem]:[--thread-content-max-width:48rem] mx-auto max-w-(--thread-content-max-width) flex-1 group\/turn-messages focus-visible:outline-hidden relative flex w-full min-w-0 flex-col agent-turn\" tabindex=\"-1\">\n<div class=\"flex max-w-full flex-col grow\">\n<div class=\"min-h-8 text-message relative flex w-full flex-col items-end gap-2 text-start break-words whitespace-normal [.text-message+&amp;]:mt-5\" dir=\"auto\" data-message-author-role=\"assistant\" data-message-id=\"451fed1c-694a-41f0-a24e-210dae1ff7c5\" data-message-model-slug=\"gpt-4o\">\n<div class=\"flex w-full flex-col gap-1 empty:hidden first:pt-[3px]\">\n<div class=\"markdown prose dark:prose-invert w-full break-words dark\">\n<p data-start=\"0\" data-end=\"79\"><strong data-start=\"0\" data-end=\"79\">Criminalit\u00e0 e violenza in Italia e all\u2019estero: arresti, indagini e tragedie<\/strong><\/p>\n<p data-start=\"81\" data-end=\"535\">Proseguono le indagini sulla misteriosa morte del <strong data-start=\"131\" data-end=\"158\">deejay italiano a Ibiza<\/strong>, ritrovato senza vita nei giorni scorsi. Le autorit\u00e0 spagnole hanno autorizzato la Tac e nuovi esami autoptici per chiarire le cause del decesso. Intanto, a <strong data-start=\"316\" data-end=\"324\">Roma<\/strong>, un uomo allontanato da una discoteca \u00e8 tornato armato, aprendo il fuoco contro il buttafuori: l\u2019episodio ha scosso il mondo della movida capitolina e gli inquirenti sono al lavoro per accertare ogni dettaglio.<\/p>\n<p data-start=\"537\" data-end=\"979\">Nel <strong data-start=\"541\" data-end=\"555\">Napoletano<\/strong>, precisamente nel quartiere di <strong data-start=\"587\" data-end=\"604\">Secondigliano<\/strong>, i carabinieri di <strong data-start=\"623\" data-end=\"637\">Boscoreale<\/strong> hanno arrestato un 20enne serbo ritenuto responsabile di una violenta rapina: insieme ad altri complici aveva rubato un\u2019auto con a bordo un disabile, scaraventandolo a terra e investendolo nella fuga. Il tutto dopo aver tentato due furti in appartamento. L\u2019arresto \u00e8 stato disposto dal gip di <strong data-start=\"931\" data-end=\"951\">Torre Annunziata<\/strong> su richiesta della Procura.<\/p>\n<p data-start=\"981\" data-end=\"1303\">A <strong data-start=\"983\" data-end=\"1005\">Sesto San Giovanni<\/strong> (<strong data-start=\"1007\" data-end=\"1017\">Milano<\/strong>), \u00e8 stato trovato il corpo carbonizzato di un uomo, ucciso a coltellate e poi dato alle fiamme. Si ipotizza si tratti di un cittadino turco-italiano, noto ai servizi sociali. Gli investigatori cercano di risalire all\u2019identit\u00e0 ufficiale per restringere il cerchio attorno all\u2019assassino.<\/p>\n<p data-start=\"1305\" data-end=\"1548\">In <strong data-start=\"1308\" data-end=\"1319\">Sarroch<\/strong>, nella citt\u00e0 metropolitana di <strong data-start=\"1350\" data-end=\"1362\">Cagliari<\/strong>, una donna di 84 anni \u00e8 morta dopo essere caduta in una cisterna a causa di un malore. Altro dramma nell\u2019<strong data-start=\"1468\" data-end=\"1482\">Oristanese<\/strong>, dove un\u2019anziana \u00e8 deceduta in spiaggia per un improvviso malore.<\/p>\n<p data-start=\"1550\" data-end=\"1848\">A <strong data-start=\"1552\" data-end=\"1562\">Milano<\/strong>, sei ragazzi \u2013 cinque dei quali minorenni \u2013 sono stati arrestati per aver aizzato un pitbull contro due adolescenti, al fine di rapinarli. Sempre a Milano, un uomo \u00e8 stato fermato dopo aver aggredito con un tubo di ferro un passante: \u00e8 accusato anche di una tentata rapina in stazione.<\/p>\n<p data-start=\"1850\" data-end=\"2190\" data-is-last-node=\"\" data-is-only-node=\"\">A <strong data-start=\"1852\" data-end=\"1871\">Reggio Calabria<\/strong>, un uomo \u00e8 stato arrestato dopo aver ferito la madre e aggredito l\u2019ex compagna. Una bambina di 7 mesi \u00e8 rimasta ferita nell\u2019aggressione. Infine, a <strong data-start=\"2019\" data-end=\"2030\">Pescara<\/strong>, si \u00e8 concluso il processo per l\u2019omicidio avvenuto il 1\u00b0 agosto 2022 in un bar della \u201cstrada del parco\u201d: due ergastoli e un\u2019assoluzione sono stati pronunciati<\/p>\n<\/div>\n<\/div>\n<\/div>\n<\/div>\n<\/div>\n<\/div>\n<\/article>\n<blockquote>\n<h2><span style=\"color: #ff0000;\">RADIOPI\u00d9<\/span> \u2013 Dalle Dolomiti alla pianura, i fatti che segnano la Regione.<\/h2>\n<\/blockquote>\n<p><strong><a class=\"dt-pswp-item\" href=\"https:\/\/www.radiopiu.net\/wordpress\/wp-content\/uploads\/2025\/02\/download-3.jpg\" data-dt-img-description=\"\" data-large_image_width=\"223\" data-large_image_height=\"226\"><img loading=\"lazy\" decoding=\"async\" class=\"size-full wp-image-434732 alignleft\" src=\"https:\/\/www.radiopiu.net\/wordpress\/wp-content\/uploads\/2025\/02\/download-3.jpg\" alt=\"\" width=\"223\" height=\"226\" \/><\/a><\/strong><\/p>\n<p>&nbsp;<\/p>\n<div class=\"flex basis-auto flex-col -mb-(--composer-overlap-px) [--composer-overlap-px:55px] grow overflow-hidden\">\n<div class=\"relative h-full\">\n<div class=\"flex h-full flex-col overflow-y-auto [scrollbar-gutter:stable_both-edges] @[84rem]\/thread:pt-(--header-height)\">\n<div class=\"@thread-xl\/thread:pt-header-height flex flex-col text-sm pb-25\">\n<article class=\"text-token-text-primary w-full\" dir=\"auto\" data-testid=\"conversation-turn-42\" data-scroll-anchor=\"true\">\n<div class=\"text-base my-auto mx-auto pb-10 [--thread-content-margin:--spacing(4)] @[37rem]:[--thread-content-margin:--spacing(6)] @[72rem]:[--thread-content-margin:--spacing(16)] px-(--thread-content-margin)\">\n<div class=\"[--thread-content-max-width:32rem] @[34rem]:[--thread-content-max-width:40rem] @[64rem]:[--thread-content-max-width:48rem] mx-auto max-w-(--thread-content-max-width) flex-1 group\/turn-messages focus-visible:outline-hidden relative flex w-full min-w-0 flex-col agent-turn\" tabindex=\"-1\">\n<div class=\"flex max-w-full flex-col grow\">\n<div class=\"min-h-8 text-message relative flex w-full flex-col items-end gap-2 text-start break-words whitespace-normal [.text-message+&amp;]:mt-5\" dir=\"auto\" data-message-author-role=\"assistant\" data-message-id=\"4a60504e-f8e4-47c7-ab8e-0bc96ccab738\" data-message-model-slug=\"gpt-4o\">\n<div class=\"flex w-full flex-col gap-1 empty:hidden first:pt-[3px]\">\n<div class=\"markdown prose dark:prose-invert w-full break-words dark\">\n<p data-start=\"61\" data-end=\"384\">Grave incidente sul <strong data-start=\"81\" data-end=\"98\">lago di Garda<\/strong>: un uomo di 56 anni di <strong data-start=\"122\" data-end=\"135\">Malcesine<\/strong>, mentre praticava kitesurf, si \u00e8 scontrato con una barca da pesca, finendo contro la tavola e riportando gravi fratture alle gambe. \u00c8 stato trasportato all\u2019ospedale Polo Confortini di <strong data-start=\"320\" data-end=\"330\">Verona<\/strong>, dove si trova ricoverato ma non in pericolo di vita.<\/p>\n<p data-start=\"386\" data-end=\"906\">Cinque giovani sono stati fermati tra <strong data-start=\"424\" data-end=\"434\">Veneto<\/strong> e <strong data-start=\"437\" data-end=\"446\">Lazio<\/strong> per la brutale rissa avvenuta sabato scorso a <strong data-start=\"493\" data-end=\"503\">Rovigo<\/strong>, in cui ha perso la vita il tunisino Amine Gara. Durante la colluttazione, avvenuta a mezzanotte, sono stati usati coltelli e cocci di bottiglia. Uno dei cinque, tutti pakistani, \u00e8 accusato di omicidio aggravato premeditato: avrebbe colpito la vittima al collo con un coccio di bottiglia, provocandone la morte per shock emorragico. Le indagini sono coordinate dalla Procura della Repubblica di Rovigo.<\/p>\n<p data-start=\"908\" data-end=\"1204\">A <strong data-start=\"910\" data-end=\"927\">Velo d\u2019Astico<\/strong> (<strong data-start=\"929\" data-end=\"940\">Vicenza<\/strong>), un uomo di 73 anni \u00e8 in condizioni disperate dopo essere caduto da una scala e rimasto infilzato sulla sommit\u00e0 di un cancello appuntito, mentre eseguiva dei lavori nella casa del figlio. \u00c8 stato trasportato in elicottero all\u2019ospedale San Bortolo di <strong data-start=\"1192\" data-end=\"1203\">Vicenza<\/strong>.<\/p>\n<p data-start=\"1206\" data-end=\"1367\">Il maltempo colpisce la provincia di <strong data-start=\"1243\" data-end=\"1254\">Treviso<\/strong>, dove un fiume \u00e8 esondato provocando disagi e l\u2019interruzione della circolazione ferroviaria verso <strong data-start=\"1353\" data-end=\"1366\">Pordenone<\/strong>.<\/p>\n<p data-start=\"1369\" data-end=\"1534\" data-is-last-node=\"\" data-is-only-node=\"\">Infine, un operaio \u00e8 morto per un malore in un cantiere della Tav a <strong data-start=\"1437\" data-end=\"1447\">Verona<\/strong>. Al momento si ipotizza che il caldo intenso possa aver avuto un ruolo nella tragedia.<\/p>\n<\/div>\n<\/div>\n<\/div>\n<\/div>\n<\/div>\n<\/div>\n<\/article>\n<\/div>\n<\/div>\n<\/div>\n<\/div>\n<h1><span style=\"color: #ff0000;\"><span style=\"color: #0000ff;\">ULTIM&#8217;ORA<\/span> <span style=\"color: #000000;\">AUDIO dalle sette del mattino, ogni ora alla radio EDIZIONE DELLE SETTE<\/span><\/span><\/h1>\n<audio class=\"wp-audio-shortcode\" id=\"audio-460923-5\" preload=\"none\" style=\"width: 100%;\" controls=\"controls\"><source type=\"audio\/mpeg\" src=\"https:\/\/www.radiopiu.net\/wordpress\/wp-content\/uploads\/2025\/07\/giornale07-23.mp3?_=5\" \/><a href=\"https:\/\/www.radiopiu.net\/wordpress\/wp-content\/uploads\/2025\/07\/giornale07-23.mp3\">https:\/\/www.radiopiu.net\/wordpress\/wp-content\/uploads\/2025\/07\/giornale07-23.mp3<\/a><\/audio>\n<p>&nbsp;<\/p>\n<p>&nbsp;<\/p>\n<p><iframe loading=\"lazy\" title=\"DAL 1983 LA RASSEGNA STAMPA LOCALE di mirko mezzacasa. L&#039;ORIGINALE\" width=\"1200\" height=\"675\" src=\"https:\/\/www.youtube.com\/embed\/nLFDGvkURj8?feature=oembed\" frameborder=\"0\" allow=\"accelerometer; autoplay; clipboard-write; encrypted-media; gyroscope; picture-in-picture; web-share\" referrerpolicy=\"strict-origin-when-cross-origin\" allowfullscreen><\/iframe><\/p>\n<p>&nbsp;<\/p>\n<p>&nbsp;<\/p>\n<p>&nbsp;<\/p>\n<hr \/>\n<p>&nbsp;<\/p>\n<p>&nbsp;<\/p>\n<h1><span style=\"color: #ff0000;\"><a class=\"dt-pswp-item\" href=\"https:\/\/www.radiopiu.net\/wordpress\/wp-content\/uploads\/2024\/11\/8.jpg\" data-dt-img-description=\"\" data-large_image_width=\"180\" data-large_image_height=\"180\"><img loading=\"lazy\" decoding=\"async\" class=\"size-full wp-image-417910 alignleft\" src=\"https:\/\/www.radiopiu.net\/wordpress\/wp-content\/uploads\/2024\/11\/8.jpg\" alt=\"\" width=\"180\" height=\"180\" srcset=\"https:\/\/www.radiopiu.net\/wordpress\/wp-content\/uploads\/2024\/11\/8.jpg 180w, https:\/\/www.radiopiu.net\/wordpress\/wp-content\/uploads\/2024\/11\/8-150x150.jpg 150w\" sizes=\"auto, (max-width: 180px) 100vw, 180px\" \/><\/a>I podcast informativi del mattino &#8211; video &#8211;\u00a0<\/span><\/h1>\n<h2 style=\"text-align: left;\"><strong>RASSEGNA STAMPA LOCALE, ORE OTTO<\/strong><\/h2>\n<h2><strong> <span style=\"color: #0000ff;\">viene\u00a0 <\/span><\/strong><strong><span style=\"color: #0000ff;\">pubblicata alle 8.05 <span style=\"color: #ff0000;\">DIRETTA RADIO\u00a0 \u00a0<\/span><\/span><\/strong><strong>DI MIRKO MEZZACASA<\/strong><\/h2>\n<h1><span style=\"color: #ff0000;\"><strong>VIDEO\u00a0 \u00a0in diretta AGGIORNAMENTO\u00a0 dalle 8 del mattino\u00a0 \u00a0\u00a0<\/strong><\/span><\/h1>\n<p>&nbsp;<\/p>\n\n\t\t\t<style type='text\/css'>\n\t\t\t\t#gallery-2 {\n\t\t\t\t\tmargin: auto;\n\t\t\t\t}\n\t\t\t\t#gallery-2 .gallery-item {\n\t\t\t\t\tfloat: left;\n\t\t\t\t\tmargin-top: 10px;\n\t\t\t\t\ttext-align: center;\n\t\t\t\t\twidth: 33%;\n\t\t\t\t}\n\t\t\t\t#gallery-2 img {\n\t\t\t\t\tborder: 2px solid #cfcfcf;\n\t\t\t\t}\n\t\t\t\t#gallery-2 .gallery-caption {\n\t\t\t\t\tmargin-left: 0;\n\t\t\t\t}\n\t\t\t\t\/* see gallery_shortcode() in wp-includes\/media.php *\/\n\t\t\t<\/style>\n\t\t<div id='gallery-2' class='dt-gallery-container gallery galleryid-460923 gallery-columns-3 gallery-size-thumbnail'><dl class='gallery-item'>\n\t\t\t\t<dt class='gallery-icon landscape'>\n\t\t\t\t\t<a class=\"rollover rollover-zoom dt-pswp-item\" title=\"Senza nome\" data-dt-img-description=\"\" data-large_image_width=\"601\" data-large_image_height=\"477\"href='https:\/\/www.radiopiu.net\/wordpress\/wp-content\/uploads\/2025\/07\/Senza-nome-51.png'><img loading=\"lazy\" decoding=\"async\" width=\"150\" height=\"150\" src=\"https:\/\/www.radiopiu.net\/wordpress\/wp-content\/uploads\/2025\/07\/Senza-nome-51-150x150.png\" class=\"attachment-thumbnail size-thumbnail\" alt=\"\" \/><\/a>\n\t\t\t\t<\/dt><\/dl><dl class='gallery-item'>\n\t\t\t\t<dt class='gallery-icon landscape'>\n\t\t\t\t\t<a class=\"rollover rollover-zoom dt-pswp-item\" title=\"Senza nome\" data-dt-img-description=\"\" data-large_image_width=\"528\" data-large_image_height=\"321\"href='https:\/\/www.radiopiu.net\/wordpress\/wp-content\/uploads\/2025\/07\/Senza-nome-52.png'><img loading=\"lazy\" decoding=\"async\" width=\"150\" height=\"150\" src=\"https:\/\/www.radiopiu.net\/wordpress\/wp-content\/uploads\/2025\/07\/Senza-nome-52-150x150.png\" class=\"attachment-thumbnail size-thumbnail\" alt=\"\" \/><\/a>\n\t\t\t\t<\/dt><\/dl><dl class='gallery-item'>\n\t\t\t\t<dt class='gallery-icon landscape'>\n\t\t\t\t\t<a class=\"rollover rollover-zoom dt-pswp-item\" title=\"Senza nome\" data-dt-img-description=\"\" data-large_image_width=\"826\" data-large_image_height=\"467\"href='https:\/\/www.radiopiu.net\/wordpress\/wp-content\/uploads\/2025\/07\/Senza-nome-53.png'><img loading=\"lazy\" decoding=\"async\" width=\"150\" height=\"150\" src=\"https:\/\/www.radiopiu.net\/wordpress\/wp-content\/uploads\/2025\/07\/Senza-nome-53-150x150.png\" class=\"attachment-thumbnail size-thumbnail\" alt=\"\" \/><\/a>\n\t\t\t\t<\/dt><\/dl><br style=\"clear: both\" \/>\n\t\t\t<\/div>\n\n<p>&nbsp;<\/p>\n<p>&nbsp;<\/p>\n<p>&nbsp;<\/p>\n<hr \/>\n<p>&nbsp;<\/p>\n<p><strong><a class=\"dt-pswp-item\" href=\"https:\/\/www.radiopiu.net\/wordpress\/wp-content\/uploads\/2023\/12\/ANTENNA.png\" data-dt-img-description=\"\" data-large_image_width=\"300\" data-large_image_height=\"166\"><img loading=\"lazy\" decoding=\"async\" class=\"wp-image-366306 alignright\" src=\"https:\/\/www.radiopiu.net\/wordpress\/wp-content\/uploads\/2023\/12\/ANTENNA.png\" alt=\"\" width=\"101\" height=\"56\" \/><\/a><a class=\"dt-pswp-item\" href=\"https:\/\/www.radiopiu.net\/wordpress\/wp-content\/uploads\/2024\/11\/th-17.jpg\" data-dt-img-description=\"\" data-large_image_width=\"224\" data-large_image_height=\"180\"><img loading=\"lazy\" decoding=\"async\" class=\" wp-image-421610 alignleft\" src=\"https:\/\/www.radiopiu.net\/wordpress\/wp-content\/uploads\/2024\/11\/th-17.jpg\" alt=\"\" width=\"167\" height=\"134\" \/><\/a>ogni sera alle 19 le anticipazioni alla radio, quello che poi seguirete nel TELEGIORNALE BELLUNESE\u00a0 in onda alle 19.30 sul CANALE 10 del digitale terrestre.\u00a0\u00a0<\/strong><\/p>\n<p><b>\u00a0\u00a0<\/b><\/p>\n<h1><span style=\"color: #ff0000;\"><strong>LE ANTICIPAZIONI DI TIZIANA BOLOGNANI<\/strong><\/span><\/h1>\n<audio class=\"wp-audio-shortcode\" id=\"audio-460923-6\" preload=\"none\" style=\"width: 100%;\" controls=\"controls\"><source type=\"audio\/mpeg\" src=\"https:\/\/www.radiopiu.net\/wordpress\/wp-content\/uploads\/2025\/07\/ANTENNA3-18.mp3?_=6\" \/><a href=\"https:\/\/www.radiopiu.net\/wordpress\/wp-content\/uploads\/2025\/07\/ANTENNA3-18.mp3\">https:\/\/www.radiopiu.net\/wordpress\/wp-content\/uploads\/2025\/07\/ANTENNA3-18.mp3<\/a><\/audio>\n<p>&nbsp;<\/p>\n<h1 class=\"_title post-title entry-title\">VIABILITA\u2019 SS51, ALBERGATORI CORTINA: \u2018STATO DI INCERTEZZA NON PIU\u2019 TOLLERABILE\u2019<\/h1>\n<p>Intervistati CARLA MEDRI (VICE PRESIDENTE ASSOCIAZIONE ALBERGATORI CORTINA) (Servizio di\u00a0<a href=\"https:\/\/antennatre.medianordest.it\/redazione\/Tiziana-Bolognani\/\">Tiziana Bolognani<\/a>)<\/p>\n<p><iframe loading=\"lazy\" title=\"VIABILITA&#039; SS51, ALBERGATORI CORTINA: &#039;STATO DI INCERTEZZA NON PIU&#039; TOLLERABILE&#039; | 24\/07\/2025\" width=\"1200\" height=\"675\" src=\"https:\/\/www.youtube.com\/embed\/_e6b6NIL0d0?feature=oembed\" frameborder=\"0\" allow=\"accelerometer; autoplay; clipboard-write; encrypted-media; gyroscope; picture-in-picture; web-share\" referrerpolicy=\"strict-origin-when-cross-origin\" allowfullscreen><\/iframe><\/p>\n<hr \/>\n<p>&nbsp;<\/p>\n<blockquote>\n<h3><a class=\"dt-pswp-item\" href=\"https:\/\/www.radiopiu.net\/wordpress\/wp-content\/uploads\/2023\/01\/bicchiere-acqua.png\" data-dt-img-description=\"\" data-large_image_width=\"1800\" data-large_image_height=\"1166\"><img loading=\"lazy\" decoding=\"async\" class=\" wp-image-315608 alignleft\" src=\"https:\/\/www.radiopiu.net\/wordpress\/wp-content\/uploads\/2023\/01\/bicchiere-acqua-300x194.png\" alt=\"\" width=\"110\" height=\"71\" srcset=\"https:\/\/www.radiopiu.net\/wordpress\/wp-content\/uploads\/2023\/01\/bicchiere-acqua-300x194.png 300w, https:\/\/www.radiopiu.net\/wordpress\/wp-content\/uploads\/2023\/01\/bicchiere-acqua-1024x663.png 1024w, https:\/\/www.radiopiu.net\/wordpress\/wp-content\/uploads\/2023\/01\/bicchiere-acqua-768x497.png 768w, https:\/\/www.radiopiu.net\/wordpress\/wp-content\/uploads\/2023\/01\/bicchiere-acqua-1536x995.png 1536w, https:\/\/www.radiopiu.net\/wordpress\/wp-content\/uploads\/2023\/01\/bicchiere-acqua.png 1800w\" sizes=\"auto, (max-width: 110px) 100vw, 110px\" \/><\/a>ACQUA NON POTABILE A COLLE SANTA LUCIA E LIVINALLONGO<\/h3>\n<\/blockquote>\n<p><strong>REDAZIONE <\/strong>Servizi Integrati Bellunesi informa che a Colle Santa Lucia in localit\u00e0 Rucav\u00e0 l&#8217;acqua erogata dall&#8217;acquedotto non \u00e8 potabile e non pu\u00f2 essere usata per scopi alimentari. Verr\u00e0 effettuato servizio sostitutivo con cisterna in Centro. Anche a Livinallongo Del Col di Lana in localit\u00e0 Collaz l&#8217;acqua erogata dall&#8217;acquedotto non \u00e8 potabile e non pu\u00f2 essere usata per scopi alimentari.<\/p>\n<p>&nbsp;<\/p>\n<p>&nbsp;<\/p>\n<hr \/>\n<p>&nbsp;<\/p>\n<blockquote>\n<h3>MALTEMPO: ALLERTA GIALLA IN TUTTO IL VENETO<\/h3>\n<\/blockquote>\n<p><strong><a class=\"dt-pswp-item\" href=\"https:\/\/www.radiopiu.net\/wordpress\/wp-content\/uploads\/2020\/06\/PIOGGIA.jpg\" data-dt-img-description=\"\" data-large_image_width=\"1920\" data-large_image_height=\"1271\"><img loading=\"lazy\" decoding=\"async\" class=\" wp-image-144264 alignleft\" src=\"https:\/\/www.radiopiu.net\/wordpress\/wp-content\/uploads\/2020\/06\/PIOGGIA-300x199.jpg\" alt=\"\" width=\"131\" height=\"87\" srcset=\"https:\/\/www.radiopiu.net\/wordpress\/wp-content\/uploads\/2020\/06\/PIOGGIA-300x199.jpg 300w, https:\/\/www.radiopiu.net\/wordpress\/wp-content\/uploads\/2020\/06\/PIOGGIA-1024x678.jpg 1024w, https:\/\/www.radiopiu.net\/wordpress\/wp-content\/uploads\/2020\/06\/PIOGGIA-768x508.jpg 768w, https:\/\/www.radiopiu.net\/wordpress\/wp-content\/uploads\/2020\/06\/PIOGGIA-1536x1017.jpg 1536w, https:\/\/www.radiopiu.net\/wordpress\/wp-content\/uploads\/2020\/06\/PIOGGIA.jpg 1920w\" sizes=\"auto, (max-width: 131px) 100vw, 131px\" \/><\/a>VENEZIA <\/strong>Oggi il tempo sulla nostra regione sar\u00e0 a tratti instabile con rovesci\/temporali sparsi pi\u00f9 probabili e frequenti su zone centro-settentrionali ma non esclusi anche altrove. Saranno possibili locali fenomeni intensi (forti rovesci, forti raffiche di vento, locali grandinate). Alla luce di queste previsioni, il Centro funzionale decentrato della Protezione civile del Veneto ha dichiarato la fase di attenzione (allerta idrogeologica gialla) per temporali su tutto il territorio regionale, con validit\u00e0 fino alla mezzanotte di sabato.<\/p>\n<p>&nbsp;<\/p>\n<p>&nbsp;<\/p>\n<hr \/>\n<p>&nbsp;<\/p>\n<blockquote>\n<h3>FRANA SULLA SP1 BIS A VAS<\/h3>\n<\/blockquote>\n<p><strong>SETTEVILLE <\/strong>Una violenta ondata di maltempo ha colpito nelle ultime ore il basso feltrino e l&#8217;alto trevigiano, provocando ingenti danni a infrastrutture e viabilit\u00e0. A causa di frane e smottamenti, la SP1 BIS \u00e8 stata interrotta in localit\u00e0 Vas: la circolazione \u00e8 attualmente deviata sulla destra Piave, mentre la sinistra Piave risulta completamente impraticabile per chi viaggia verso il feltrino. Le zone maggiormente colpite includono Alano, Quero, Segusino, Miane, Farra di Soligo, con allagamenti diffusi e gravi difficolt\u00e0 alla mobilit\u00e0.<\/p>\n<p><strong>LE FOTO DALLA CHAT TELEGRAM VPB &#8211; VIABILITA&#8217; PROVINCIA DI BELLUNO<\/strong><\/p>\n\n\t\t\t<style type='text\/css'>\n\t\t\t\t#gallery-3 {\n\t\t\t\t\tmargin: auto;\n\t\t\t\t}\n\t\t\t\t#gallery-3 .gallery-item {\n\t\t\t\t\tfloat: left;\n\t\t\t\t\tmargin-top: 10px;\n\t\t\t\t\ttext-align: center;\n\t\t\t\t\twidth: 50%;\n\t\t\t\t}\n\t\t\t\t#gallery-3 img {\n\t\t\t\t\tborder: 2px solid #cfcfcf;\n\t\t\t\t}\n\t\t\t\t#gallery-3 .gallery-caption {\n\t\t\t\t\tmargin-left: 0;\n\t\t\t\t}\n\t\t\t\t\/* see gallery_shortcode() in wp-includes\/media.php *\/\n\t\t\t<\/style>\n\t\t<div id='gallery-3' class='dt-gallery-container gallery galleryid-460923 gallery-columns-2 gallery-size-thumbnail'><dl class='gallery-item'>\n\t\t\t\t<dt class='gallery-icon portrait'>\n\t\t\t\t\t<a class=\"rollover rollover-zoom dt-pswp-item\" title=\"26387fb2-d688-4ef1-9ca3-7694a02aa0f8\" data-dt-img-description=\"\" data-large_image_width=\"806\" data-large_image_height=\"1280\"href='https:\/\/www.radiopiu.net\/wordpress\/wp-content\/uploads\/2025\/07\/26387fb2-d688-4ef1-9ca3-7694a02aa0f8.jpg'><img loading=\"lazy\" decoding=\"async\" width=\"150\" height=\"150\" src=\"https:\/\/www.radiopiu.net\/wordpress\/wp-content\/uploads\/2025\/07\/26387fb2-d688-4ef1-9ca3-7694a02aa0f8-150x150.jpg\" class=\"attachment-thumbnail size-thumbnail\" alt=\"\" \/><\/a>\n\t\t\t\t<\/dt><\/dl><dl class='gallery-item'>\n\t\t\t\t<dt class='gallery-icon portrait'>\n\t\t\t\t\t<a class=\"rollover rollover-zoom dt-pswp-item\" title=\"6c5cd3d8-a407-4098-be7c-a283edc7d38c\" data-dt-img-description=\"\" data-large_image_width=\"960\" data-large_image_height=\"1280\"href='https:\/\/www.radiopiu.net\/wordpress\/wp-content\/uploads\/2025\/07\/6c5cd3d8-a407-4098-be7c-a283edc7d38c.jpg'><img loading=\"lazy\" decoding=\"async\" width=\"150\" height=\"150\" src=\"https:\/\/www.radiopiu.net\/wordpress\/wp-content\/uploads\/2025\/07\/6c5cd3d8-a407-4098-be7c-a283edc7d38c-150x150.jpg\" class=\"attachment-thumbnail size-thumbnail\" alt=\"\" \/><\/a>\n\t\t\t\t<\/dt><\/dl><br style=\"clear: both\" \/>\n\t\t\t<\/div>\n\n<p>&nbsp;<\/p>\n<blockquote>\n<h3>RIAPERTA LA SP1 BIS A SETTEVILLE DOPO LA COLATA DETRITICA<\/h3>\n<\/blockquote>\n<p><strong>SETTEVILLE <\/strong>\u00c8 stata riaperta al traffico ieri sera la Strada Provinciale 1 bis \u201cMadonna del Piave\u201d, chiusa nel pomeriggio a causa di una frana in prossimit\u00e0 della frazione Scalon, nel Comune di Setteville. Determinante l\u2019intervento tempestivo delle squadre di Veneto Strade, che hanno messo in sicurezza il tratto interessato, consentendo il ripristino della viabilit\u00e0. Un ringraziamento particolare va alle Forze dell\u2019Ordine e ai Vigili del Fuoco, che hanno operato con efficienza e rapidit\u00e0 per garantire la sicurezza e la pronta riapertura della provinciale.<\/p>\n<p>&nbsp;<\/p>\n<hr \/>\n<p>&nbsp;<\/p>\n<p><strong data-start=\"0\" data-end=\"90\" data-is-only-node=\"\">\u00a0LAVORI DI MESSA IN SICUREZZA IN VALLE DI SCHIEVENIN\u00a0<\/strong><\/p>\n<p><strong>SETTE VILLE<\/strong> Avviati gli interventi sopra l\u2019abitazione colpita: la famiglia potrebbe rientrare entro due settimane. Da valutare il ripristino della rampa per le figlie disabili.<\/p>\n<p>&nbsp;<\/p>\n<hr \/>\n<p>&nbsp;<\/p>\n<blockquote>\n<h3>MESSA IN SICUREZZA DEL TERRITORIO: IN PROVINCIA FINANZIATI 3 PROGETTI SU 56<\/h3>\n<\/blockquote>\n<p><strong><a class=\"dt-pswp-item\" href=\"https:\/\/www.radiopiu.net\/wordpress\/wp-content\/uploads\/2025\/07\/FRANA.jpg\" data-dt-img-description=\"\" data-large_image_width=\"1280\" data-large_image_height=\"853\"><img loading=\"lazy\" decoding=\"async\" class=\" wp-image-461008 alignleft\" src=\"https:\/\/www.radiopiu.net\/wordpress\/wp-content\/uploads\/2025\/07\/FRANA-300x200.jpg\" alt=\"\" width=\"206\" height=\"137\" srcset=\"https:\/\/www.radiopiu.net\/wordpress\/wp-content\/uploads\/2025\/07\/FRANA-300x200.jpg 300w, https:\/\/www.radiopiu.net\/wordpress\/wp-content\/uploads\/2025\/07\/FRANA-1024x682.jpg 1024w, https:\/\/www.radiopiu.net\/wordpress\/wp-content\/uploads\/2025\/07\/FRANA-768x512.jpg 768w, https:\/\/www.radiopiu.net\/wordpress\/wp-content\/uploads\/2025\/07\/FRANA.jpg 1280w\" sizes=\"auto, (max-width: 206px) 100vw, 206px\" \/><\/a>BELLUNO<\/strong> Fa discutere la graduatoria nazionale del fondo per la progettazione di interventi di messa in sicurezza: 56 i progetti presentati in provincia, 3 quelli finanziati, tutti a Cortina d&#8217;Ampezzo. A Belluno citt\u00e0, l&#8217;ex sindaco Jacopo Massaro coglie l&#8217;occasione per criticare Palazzo Rosso per le troppe risorse incassate e non spese.<\/p>\n<p><strong>DI DANIELE DALVIT<\/strong><\/p>\n<audio class=\"wp-audio-shortcode\" id=\"audio-460923-7\" preload=\"none\" style=\"width: 100%;\" controls=\"controls\"><source type=\"audio\/mpeg\" src=\"https:\/\/www.radiopiu.net\/wordpress\/wp-content\/uploads\/2025\/07\/Servizio-Fondi-sicurezza-no-Belluno.mp3?_=7\" \/><a href=\"https:\/\/www.radiopiu.net\/wordpress\/wp-content\/uploads\/2025\/07\/Servizio-Fondi-sicurezza-no-Belluno.mp3\">https:\/\/www.radiopiu.net\/wordpress\/wp-content\/uploads\/2025\/07\/Servizio-Fondi-sicurezza-no-Belluno.mp3<\/a><\/audio>\n<p>&nbsp;<\/p>\n<hr \/>\n<p>&nbsp;<\/p>\n<blockquote>\n<h3>VIABILIT\u00c0 SS 51: EMERGENZA INACCETTABILE, SERVONO SOLUZIONI IMMEDIATE<\/h3>\n<\/blockquote>\n<p><strong><a class=\"dt-pswp-item\" href=\"https:\/\/www.radiopiu.net\/wordpress\/wp-content\/uploads\/2025\/07\/Associazione-Albergatori-di-Cortina-dAmpezzo.jpg\" data-dt-img-description=\"\" data-large_image_width=\"233\" data-large_image_height=\"162\"><img loading=\"lazy\" decoding=\"async\" class=\" wp-image-461044 alignleft\" src=\"https:\/\/www.radiopiu.net\/wordpress\/wp-content\/uploads\/2025\/07\/Associazione-Albergatori-di-Cortina-dAmpezzo.jpg\" alt=\"\" width=\"164\" height=\"114\" \/><\/a>CORTINA <\/strong>L\u2019Associazione Albergatori di Cortina d\u2019Ampezzo esprime forte preoccupazione per la situazione critica lungo la SS 51 d\u2019Alemagna, che da oltre un mese causa disagi continui a causa di frane e colate detritiche. Dopo il primo evento del 15 giugno a Borca di Cadore, altri smottamenti, tra cui quello del 29 giugno e del 13 luglio, hanno imposto limitazioni al transito con aperture solo diurne e in assenza di pioggia. Nonostante l\u2019impegno di ANAS, Prefettura e forze dell\u2019ordine, la gestione resta instabile, con continue chiusure imprevedibili. La filiera turistica e i lavoratori pendolari subiscono gravi disagi, con viaggi estenuanti e scarsa informazione. L\u2019Associazione chiede interventi urgenti: estensione dell\u2019orario di apertura anche di notte in condizioni meteo favorevoli, illuminazione e presidio fisso sul tratto, comunicazione centralizzata e in tempo reale, e valutazione di soluzioni viarie alternative con il supporto dell\u2019esercito. \u00c8 necessaria una risposta strategica e immediata: senza mobilit\u00e0, il turismo \u2013 e la vita stessa in montagna \u2013 rischia di fermarsi.<\/p>\n<p><strong>DI BARBARA PAOLAZZI<\/strong><\/p>\n<audio class=\"wp-audio-shortcode\" id=\"audio-460923-8\" preload=\"none\" style=\"width: 100%;\" controls=\"controls\"><source type=\"audio\/mpeg\" src=\"https:\/\/www.radiopiu.net\/wordpress\/wp-content\/uploads\/2025\/07\/PAOLAZZI-ALBERGATORI-CORTINA.mp3?_=8\" \/><a href=\"https:\/\/www.radiopiu.net\/wordpress\/wp-content\/uploads\/2025\/07\/PAOLAZZI-ALBERGATORI-CORTINA.mp3\">https:\/\/www.radiopiu.net\/wordpress\/wp-content\/uploads\/2025\/07\/PAOLAZZI-ALBERGATORI-CORTINA.mp3<\/a><\/audio>\n<p>&nbsp;<\/p>\n<hr \/>\n<p>&nbsp;<\/p>\n<blockquote>\n<h3>TRAIL RUNNER IN DIFFICOLT\u00c0 SUL MONTE PALMINA<\/h3>\n<\/blockquote>\n<p><strong>CANALE D&#8217;AGORDO<\/strong> Paura mercoled\u00ec sera per un trail runner 48enne di Forl\u00ec, che ha perso l\u2019orientamento durante un\u2019escursione sul Monte Palmina, nella zona delle Crepe Scure. L\u2019allarme \u00e8 scattato intorno alle 19, quando l\u2019uomo ha contattato il Soccorso alpino della Val Biois spiegando di aver perso il sentiero a causa dell\u2019erba alta, che ne rendeva difficile la visibilit\u00e0. Guidato telefonicamente dai soccorritori, il runner \u00e8 riuscito a raggiungere Casera Nova, dove ha atteso l\u2019arrivo della squadra. I soccorritori hanno affrontato il dislivello a piedi in circa 40 minuti, raggiungendo l\u2019escursionista e riportandolo in sicurezza a valle attorno alle 21.<\/p>\n<p>&nbsp;<\/p>\n<p>&nbsp;<\/p>\n<hr \/>\n<p>&nbsp;<\/p>\n<blockquote>\n<h3>MALORE A VAL DI ZOLDO E INCIDENTE A PIEVE DI CADORE<\/h3>\n<\/blockquote>\n<p><strong>REDAZIONE <\/strong>Una donna di 55 anni, residente in provincia di Venezia, ha richiesto soccorso per un malore.La paziente \u00e8 stata trasportata in elicottero con codice di media gravit\u00e0 all\u2019ospedale di Belluno. A Pieve di Cadore una donna di 62 anni, cittadina della Repubblica Ceca, \u00e8 rimasta coinvolta in un incidente stradale. L\u2019intervento ha richiesto l\u2019impiego di un\u2019ambulanza e il trasporto presso l\u2019ospedale di Pieve di Cadore.<\/p>\n<p>&nbsp;<\/p>\n<p>&nbsp;<\/p>\n<hr \/>\n<p>&nbsp;<\/p>\n<blockquote>\n<h3>ANZIANO DI 85 ANNI FERITO A CODISSAGO<\/h3>\n<\/blockquote>\n<p><strong>LONGARONE<\/strong> Un anziano di 85 anni originario di Belluno si \u00e8 fatto male a Codissago. Sul posto l&#8217;ambulanza del Suem 118 e l&#8217;elicottero Falco1. L&#8217;uomo \u00e8 stato portato all&#8217;ospedale di Treviso in condizioni gravi.<\/p>\n<p>&nbsp;<\/p>\n<p>&nbsp;<\/p>\n<hr \/>\n<p>&nbsp;<\/p>\n<blockquote>\n<h3>SMART WORKING NEGATO A CORTINA MARKETING: LA CONSIGLIERA DI PARIT\u00c0 INTERVIENE CON FERMEZZA<\/h3>\n<\/blockquote>\n<p><strong><a class=\"dt-pswp-item\" href=\"https:\/\/www.radiopiu.net\/wordpress\/wp-content\/uploads\/2023\/11\/FLAVIA-MONEGO.jpg\" data-dt-img-description=\"\" data-large_image_width=\"800\" data-large_image_height=\"716\"><img loading=\"lazy\" decoding=\"async\" class=\" wp-image-362961 alignleft\" src=\"https:\/\/www.radiopiu.net\/wordpress\/wp-content\/uploads\/2023\/11\/FLAVIA-MONEGO-300x269.jpg\" alt=\"\" width=\"153\" height=\"137\" srcset=\"https:\/\/www.radiopiu.net\/wordpress\/wp-content\/uploads\/2023\/11\/FLAVIA-MONEGO-300x269.jpg 300w, https:\/\/www.radiopiu.net\/wordpress\/wp-content\/uploads\/2023\/11\/FLAVIA-MONEGO-768x687.jpg 768w, https:\/\/www.radiopiu.net\/wordpress\/wp-content\/uploads\/2023\/11\/FLAVIA-MONEGO.jpg 800w\" sizes=\"auto, (max-width: 153px) 100vw, 153px\" \/><\/a>BELLUNO <\/strong>La Consigliera di Parit\u00e0 della Provincia di Belluno Flavia Monego prende posizione sul caso di una lavoratrice di Cortina Marketing, societ\u00e0 pubblica del Comune di Cortina, alla quale \u00e8 stato negato lo smart working nonostante la richiesta motivata da esigenze familiari e rientro da congedo parentale. \u201cLa decisione contrasta con le normative nazionali sulla conciliazione vita-lavoro,\u201d afferma la Consigliera, sottolineando come l\u2019atteggiamento dell\u2019azienda \u2013 tanto pi\u00f9 in quanto pubblica \u2013 sia \u201cdoppiamente inaccettabile\u201d. In un momento storico in cui si promuovono certificazioni di parit\u00e0 e benessere organizzativo, \u00e8 inaccettabile giustificare il diniego con argomenti vaghi come la preparazione alle Olimpiadi. Criticata anche l\u2019assenza dei vertici aziendali all\u2019incontro istituzionale: \u201cUn gesto che mina la leale collaborazione tra enti pubblici.\u201d La Consigliera esprime solidariet\u00e0 alla lavoratrice e auspica un dialogo aperto, nel rispetto dei diritti, delle normative e della dignit\u00e0 del lavoro.<\/p>\n<p>&nbsp;<\/p>\n<p>&nbsp;<\/p>\n<hr \/>\n<p>&nbsp;<\/p>\n<blockquote>\n<h3>EX AGIP: LE FRAZIONI SONO GI\u00c0 STATE ACCANTONATE?<\/h3>\n<\/blockquote>\n<p><strong><a class=\"dt-pswp-item\" href=\"https:\/\/www.radiopiu.net\/wordpress\/wp-content\/uploads\/2025\/07\/download-18.jpg\" data-dt-img-description=\"\" data-large_image_width=\"284\" data-large_image_height=\"178\"><img loading=\"lazy\" decoding=\"async\" class=\" wp-image-460980 alignleft\" src=\"https:\/\/www.radiopiu.net\/wordpress\/wp-content\/uploads\/2025\/07\/download-18.jpg\" alt=\"\" width=\"171\" height=\"107\" \/><\/a>BELLUNO <\/strong>Il gruppo consiliare <em>Insieme per Belluno Bene Comune<\/em> critica duramente l\u2019amministrazione De Pellegrin per la gestione del progetto sull\u2019ex area Agip a Baldenich, destinata a un nuovo supermercato. I consiglieri denunciano una \u201cpartecipazione di facciata\u201d, accusando la Giunta di escludere la Frazione locale \u2013 fortemente contraria al progetto \u2013 anche dall\u2019assemblea pubblica del 29 luglio, convocata appena due giorni prima del voto in Consiglio comunale. Viene contestata anche la presenza del privato acquirente tra i relatori dell\u2019incontro, considerata una forzatura. La Frazione di Baldenich, che si era gi\u00e0 espressa contro il progetto in una riunione ufficiale il 28 giugno, ha raccolto 800 firme di cittadini contrari, gi\u00e0 consegnate al Comune. L\u2019assenza del presidente della Frazione dall\u2019elenco degli invitati a parlare viene interpretata come un segnale di malcontento interno alla stessa struttura voluta da De Pellegrin, che ora \u2013 secondo l\u2019opposizione \u2013 ignora il dissenso per paura o convenienza politica.<\/p>\n<p>&nbsp;<\/p>\n<p>&nbsp;<\/p>\n<hr \/>\n<p>&nbsp;<\/p>\n<blockquote>\n<h3>RIAPRE IL CENTRO DI RECUPERO FAUNA SELVATICA DI BELLUNO: UN&#8217;ECCELLENZA CHE RINASCE GRAZIE AL SOSTEGNO REGIONALE<\/h3>\n<\/blockquote>\n<p><strong><img loading=\"lazy\" decoding=\"async\" class=\"alignleft\" src=\"https:\/\/www.radiopiu.net\/wordpress\/wp-content\/uploads\/2025\/07\/BOTTACIN.jpg\" width=\"280\" height=\"177\" \/>SEDICO<\/strong> Nel pomeriggio di ieri \u00e8 stato inaugurato il nuovo Centro di Recupero della Fauna Selvatica (CRAS) della Provincia di Belluno, riattivato grazie a un finanziamento della Regione del Veneto. L\u2019assessore regionale Gianpaolo Bottacin ha sottolineato come il CRAS fosse un\u2019eccellenza nazionale fino al 2011, quando la struttura fu chiusa dall\u2019amministrazione provinciale successiva, una decisione unica nel territorio veneto, dove gli altri centri sono rimasti sempre operativi. Bottacin ha ricordato anche la nascita, in quegli anni, della prima unit\u00e0 cinofila della Polizia Provinciale di Belluno. La riapertura del CRAS rappresenta un importante risultato frutto della collaborazione tra Regione, Provincia (con il contributo della Vicepresidente Silvia Calligaro) e Veneto Agricoltura. Ora il centro torna a svolgere un ruolo fondamentale nella tutela della fauna selvatica e nella salvaguardia della biodiversit\u00e0 di un territorio montano di grande valore ambientale.<\/p>\n<p>&nbsp;<\/p>\n<p>&nbsp;<\/p>\n<hr \/>\n<p>&nbsp;<\/p>\n<blockquote>\n<h3>RIAPRE IL CRAS DI SEDICO: UN SUCCESSO PER LA FAUNA SELVATICA BELLUNESE<\/h3>\n<\/blockquote>\n<p><strong><a class=\"dt-pswp-item\" href=\"https:\/\/www.radiopiu.net\/wordpress\/wp-content\/uploads\/2025\/07\/SILVIA-CESTARO.jpg\" data-dt-img-description=\"\" data-large_image_width=\"883\" data-large_image_height=\"642\"><img loading=\"lazy\" decoding=\"async\" class=\" wp-image-461018 alignleft\" src=\"https:\/\/www.radiopiu.net\/wordpress\/wp-content\/uploads\/2025\/07\/SILVIA-CESTARO-300x218.jpg\" alt=\"\" width=\"187\" height=\"136\" \/><\/a>VENEZIA<\/strong> Con grande soddisfazione, la consigliera regionale Silvia Cestaro annuncia la riapertura del Cras di Belluno, situato a Villa Zuppani in localit\u00e0 Pasa, a Sedico. Dopo vent\u2019anni di inattivit\u00e0, il Centro di recupero per animali selvatici torna operativo grazie a un accordo firmato nel luglio 2024 tra Regione del Veneto, Provincia di Belluno e Veneto Agricoltura. La struttura, fondamentale per il soccorso e la cura della fauna selvatica ferita \u2013 spesso a causa di incidenti stradali \u2013 diventa punto di riferimento per tutto il territorio montano bellunese. Cestaro sottolinea il suo impegno diretto nella riattivazione del progetto, evidenziando il ruolo centrale della Regione, che ha stanziato 150.000 euro per il triennio 2024-2026, di cui 50.000 gi\u00e0 erogati. Il Cras non solo tutela la biodiversit\u00e0, ma valorizza anche un bene pubblico come Villa Zuppani, evitandone il degrado e la dismissione. L\u2019iniziativa rappresenta un importante passo avanti nella salvaguardia ambientale e nella gestione responsabile del territorio alpino veneto.<\/p>\n<p><strong>SILVIA CESTARO, CONSIGLIERE REGIONALE<\/strong><\/p>\n<audio class=\"wp-audio-shortcode\" id=\"audio-460923-9\" preload=\"none\" style=\"width: 100%;\" controls=\"controls\"><source type=\"audio\/mpeg\" src=\"https:\/\/www.radiopiu.net\/wordpress\/wp-content\/uploads\/2025\/07\/CESTARO.mp3?_=9\" \/><a href=\"https:\/\/www.radiopiu.net\/wordpress\/wp-content\/uploads\/2025\/07\/CESTARO.mp3\">https:\/\/www.radiopiu.net\/wordpress\/wp-content\/uploads\/2025\/07\/CESTARO.mp3<\/a><\/audio>\n<p>&nbsp;<\/p>\n<hr \/>\n<p>&nbsp;<\/p>\n<blockquote>\n<h3>LE INTERROGAZIONI DELLA MINORANZA AL CONSIGLIO COMUNALE DI AGORDO<\/h3>\n<\/blockquote>\n<p><strong><a class=\"dt-pswp-item\" href=\"https:\/\/www.radiopiu.net\/wordpress\/wp-content\/uploads\/2022\/12\/MUNICIPIO-AGORDO.png\" data-dt-img-description=\"\" data-large_image_width=\"1890\" data-large_image_height=\"1210\"><img loading=\"lazy\" decoding=\"async\" class=\" wp-image-309882 alignleft\" src=\"https:\/\/www.radiopiu.net\/wordpress\/wp-content\/uploads\/2022\/12\/MUNICIPIO-AGORDO-300x192.png\" alt=\"\" width=\"184\" height=\"118\" srcset=\"https:\/\/www.radiopiu.net\/wordpress\/wp-content\/uploads\/2022\/12\/MUNICIPIO-AGORDO-300x192.png 300w, https:\/\/www.radiopiu.net\/wordpress\/wp-content\/uploads\/2022\/12\/MUNICIPIO-AGORDO-1024x656.png 1024w, https:\/\/www.radiopiu.net\/wordpress\/wp-content\/uploads\/2022\/12\/MUNICIPIO-AGORDO-768x492.png 768w, https:\/\/www.radiopiu.net\/wordpress\/wp-content\/uploads\/2022\/12\/MUNICIPIO-AGORDO-1536x983.png 1536w, https:\/\/www.radiopiu.net\/wordpress\/wp-content\/uploads\/2022\/12\/MUNICIPIO-AGORDO.png 1890w\" sizes=\"auto, (max-width: 184px) 100vw, 184px\" \/><\/a>AGORDO<\/strong><\/p>\n<p>DI GIANNI SANTOMASO<\/p>\n<audio class=\"wp-audio-shortcode\" id=\"audio-460923-10\" preload=\"none\" style=\"width: 100%;\" controls=\"controls\"><source type=\"audio\/mpeg\" src=\"https:\/\/www.radiopiu.net\/wordpress\/wp-content\/uploads\/2025\/07\/GIANNI-LE-INTERROGAZIONI-DELLA-MINORANZA-AL-CONSIGLIO-COMUNALE-DI-AGORDO.mp3?_=10\" \/><a href=\"https:\/\/www.radiopiu.net\/wordpress\/wp-content\/uploads\/2025\/07\/GIANNI-LE-INTERROGAZIONI-DELLA-MINORANZA-AL-CONSIGLIO-COMUNALE-DI-AGORDO.mp3\">https:\/\/www.radiopiu.net\/wordpress\/wp-content\/uploads\/2025\/07\/GIANNI-LE-INTERROGAZIONI-DELLA-MINORANZA-AL-CONSIGLIO-COMUNALE-DI-AGORDO.mp3<\/a><\/audio>\n<p>&nbsp;<\/p>\n<hr \/>\n<p>&nbsp;<\/p>\n<blockquote>\n<h3>CONSIGLIO COMUNALE DI FALCADE<\/h3>\n<\/blockquote>\n<p><strong>FALCADE <\/strong>Consiglio comunale a Falcade. Due punti da discutere: un prelievo dal fondo di riserva e una variazione a bilancio.<\/p>\n<p><strong>LA DIRETTA RADIO PIU<\/strong><\/p>\n<p><iframe loading=\"lazy\" title=\"CONSIGLIO COMUNALE DI FALCADE 24 LUGLIO 2025\" width=\"1200\" height=\"675\" src=\"https:\/\/www.youtube.com\/embed\/kadA2IywVx4?feature=oembed\" frameborder=\"0\" allow=\"accelerometer; autoplay; clipboard-write; encrypted-media; gyroscope; picture-in-picture; web-share\" referrerpolicy=\"strict-origin-when-cross-origin\" allowfullscreen><\/iframe><\/p>\n<p>&nbsp;<\/p>\n<hr \/>\n<p>&nbsp;<\/p>\n<blockquote>\n<h3>CROLLO DEL CREDITO ALLE PICCOLE IMPRESE BELLUNESI<\/h3>\n<\/blockquote>\n<p><strong><a class=\"dt-pswp-item\" href=\"https:\/\/www.radiopiu.net\/wordpress\/wp-content\/uploads\/2024\/04\/SCARZANELLA-Claudia-21-scaled.jpg\" data-dt-img-description=\"\" data-large_image_width=\"2560\" data-large_image_height=\"1920\"><img loading=\"lazy\" decoding=\"async\" class=\" wp-image-387231 alignleft\" src=\"https:\/\/www.radiopiu.net\/wordpress\/wp-content\/uploads\/2024\/04\/SCARZANELLA-Claudia-21-300x225.jpg\" alt=\"\" width=\"197\" height=\"148\" srcset=\"https:\/\/www.radiopiu.net\/wordpress\/wp-content\/uploads\/2024\/04\/SCARZANELLA-Claudia-21-300x225.jpg 300w, https:\/\/www.radiopiu.net\/wordpress\/wp-content\/uploads\/2024\/04\/SCARZANELLA-Claudia-21-1024x768.jpg 1024w, https:\/\/www.radiopiu.net\/wordpress\/wp-content\/uploads\/2024\/04\/SCARZANELLA-Claudia-21-768x576.jpg 768w, https:\/\/www.radiopiu.net\/wordpress\/wp-content\/uploads\/2024\/04\/SCARZANELLA-Claudia-21-1536x1152.jpg 1536w, https:\/\/www.radiopiu.net\/wordpress\/wp-content\/uploads\/2024\/04\/SCARZANELLA-Claudia-21-2048x1536.jpg 2048w\" sizes=\"auto, (max-width: 197px) 100vw, 197px\" \/><\/a>BELLUNO <\/strong>A marzo 2025, i prestiti alle piccole imprese della provincia di Belluno sono diminuiti del 6,1% rispetto all\u2019anno precedente, un dato leggermente migliore rispetto alla media nazionale (-6,7%) e regionale (-7,2%). Pi\u00f9 drastico il calo per le micro imprese artigiane, che registrano un crollo dell\u201911,1%. Il trend negativo prosegue da anni: rispetto al 2020, il credito alle piccole imprese \u00e8 sceso del 24,2%, e del 40,9% per le micro imprese artigiane. Il confronto con il 2013 \u00e8 ancora pi\u00f9 allarmante: -61,9% per queste ultime. Secondo Claudia Scarzanella, presidente di Confartigianato Imprese Belluno, il \u201ccaro-tassi\u201d e l\u2019incertezza economica frenano la domanda di credito e bloccano gli investimenti. La situazione \u00e8 aggravata da regole pi\u00f9 rigide per le imprese non orientate alla sostenibilit\u00e0. Scarzanella sottolinea l\u2019urgenza di creare percorsi di credito pi\u00f9 accessibili per permettere alle piccole imprese di affrontare le transizioni green e digitali, essenziali per innovare, attrarre giovani e mantenere la competitivit\u00e0 del territorio. Senza credito, il rischio \u00e8 un impoverimento strutturale del tessuto produttivo locale.<\/p>\n<p>&nbsp;<\/p>\n<p>&nbsp;<\/p>\n<hr \/>\n<p>&nbsp;<\/p>\n<blockquote>\n<h3>FELTRE, GIORNATA DA RECORD: IL 20 LUGLIO NATI 7 BAMBINI IN 24 ORE<\/h3>\n<\/blockquote>\n<p><strong><a class=\"dt-pswp-item\" href=\"https:\/\/www.radiopiu.net\/wordpress\/wp-content\/uploads\/2025\/07\/WhatsApp-Image-2025-07-23-at-13.01.18.jpeg\" data-dt-img-description=\"\" data-large_image_width=\"1600\" data-large_image_height=\"1200\"><img loading=\"lazy\" decoding=\"async\" class=\" wp-image-460966 alignleft\" src=\"https:\/\/www.radiopiu.net\/wordpress\/wp-content\/uploads\/2025\/07\/WhatsApp-Image-2025-07-23-at-13.01.18-300x225.jpeg\" alt=\"\" width=\"179\" height=\"134\" srcset=\"https:\/\/www.radiopiu.net\/wordpress\/wp-content\/uploads\/2025\/07\/WhatsApp-Image-2025-07-23-at-13.01.18-300x225.jpeg 300w, https:\/\/www.radiopiu.net\/wordpress\/wp-content\/uploads\/2025\/07\/WhatsApp-Image-2025-07-23-at-13.01.18-1024x768.jpeg 1024w, https:\/\/www.radiopiu.net\/wordpress\/wp-content\/uploads\/2025\/07\/WhatsApp-Image-2025-07-23-at-13.01.18-768x576.jpeg 768w, https:\/\/www.radiopiu.net\/wordpress\/wp-content\/uploads\/2025\/07\/WhatsApp-Image-2025-07-23-at-13.01.18-1536x1152.jpeg 1536w, https:\/\/www.radiopiu.net\/wordpress\/wp-content\/uploads\/2025\/07\/WhatsApp-Image-2025-07-23-at-13.01.18.jpeg 1600w\" sizes=\"auto, (max-width: 179px) 100vw, 179px\" \/><\/a>FELTRE\u00a0<\/strong>Sabato 20 luglio \u00e8 stata una giornata speciale per l\u2019Ostetricia di Feltre, con la nascita di ben sette bambini in sole 24 ore: sei femmine e un maschietto, provenienti da Belluno, Treviso e Primiero. I nuovi nati sono Aurora, Matilde, Thiago, Azzurra, Alma, Anna e Sharon, accolti con gioia da genitori e personale sanitario. La direttrice dell\u2019UOC Ostetricia e Ginecologia, Ilaria Pezzani, ha definito l\u2019evento \u201cuna giornata da record\u201d e un segnale positivo per la natalit\u00e0 nel territorio. Fondamentale il lavoro delle ostetriche Giulia e Carlotta, che hanno gestito la lunga maratona di parti. Anche il direttore generale Giuseppe Dal Ben ha espresso soddisfazione, sottolineando che con questi ultimi arrivi si \u00e8 raggiunta quota 400 nascite nel 2025, in linea con l\u2019anno precedente. Il punto nascita di Feltre si conferma una realt\u00e0 di qualit\u00e0, scelta anche da famiglie di altre province.<\/p>\n<p>&nbsp;<\/p>\n<p>&nbsp;<\/p>\n<hr \/>\n<p>&nbsp;<\/p>\n<blockquote>\n<h3>TAGLIO STRAORDINARIO DEGLI ALBERI A LENTIAI PER MOTIVI DI SICUREZZA<\/h3>\n<\/blockquote>\n<p><strong><a class=\"dt-pswp-item\" href=\"https:\/\/www.radiopiu.net\/wordpress\/wp-content\/uploads\/2022\/03\/lentiai-1.jpg\" data-dt-img-description=\"\" data-large_image_width=\"1920\" data-large_image_height=\"1080\"><img loading=\"lazy\" decoding=\"async\" class=\" wp-image-265033 alignleft\" src=\"https:\/\/www.radiopiu.net\/wordpress\/wp-content\/uploads\/2022\/03\/lentiai-1-300x169.jpg\" alt=\"\" width=\"206\" height=\"116\" srcset=\"https:\/\/www.radiopiu.net\/wordpress\/wp-content\/uploads\/2022\/03\/lentiai-1-300x169.jpg 300w, https:\/\/www.radiopiu.net\/wordpress\/wp-content\/uploads\/2022\/03\/lentiai-1-1024x576.jpg 1024w, https:\/\/www.radiopiu.net\/wordpress\/wp-content\/uploads\/2022\/03\/lentiai-1-768x432.jpg 768w, https:\/\/www.radiopiu.net\/wordpress\/wp-content\/uploads\/2022\/03\/lentiai-1-1536x864.jpg 1536w, https:\/\/www.radiopiu.net\/wordpress\/wp-content\/uploads\/2022\/03\/lentiai-1.jpg 1920w\" sizes=\"auto, (max-width: 206px) 100vw, 206px\" \/><\/a>BORGO VALBELLUNA <\/strong>In questi giorni sar\u00e0 effettuato un taglio piante straordinario a Lentiai. Saranno interessati gli alberi di variet\u00e0 <em>prunus<\/em> che, nel corso degli ultimi anni, stanno subendo in maniera pesante gli effetti del maltempo e si stanno velocemente deteriorando a causa dell\u2019et\u00e0 creando situazioni di potenziale pericolo. \u201cAnche nel corso dell\u2019ultimo evento meteorologico di marted\u00ec diverse piante e numerosi rami si sono spezzati finendo sui marciapiedi o sulla carreggiata\u201d commenta Simone Deola, Vicensindaco del Comune di Borgo Valbelluna \u201cDopo una valutazione con l\u2019ufficio tecnico e una ditta specializzata e visto il continuo ripetersi di questa situazione ormai da diverso tempo abbiamo deciso di tagliarli. Tutte le piante tagliate saranno sostituite con variet\u00e0 maggiormente resistenti ai fenomeni meteorologici intensi\u201d In questo intervento saranno interessate Largo Marconi, via Galilei e il giardino delle scuole di Lentiai.<\/p>\n<p>&nbsp;<\/p>\n<p>&nbsp;<\/p>\n<hr \/>\n<p>&nbsp;<\/p>\n<blockquote>\n<h3>IL GRUPPO FOLKLORISTICO \u201cSTELLA BIANCA\u201d DI SAN PAOLO OSPITE A SEDICO<\/h3>\n<\/blockquote>\n<p><strong>SEDICO<\/strong> Mercoled\u00ec 16 luglio, il Comune di Sedico ha accolto il gruppo folkloristico \u201cStella Bianca\u201d di San Paolo, Brasile, nella sala consiliare. Fondato nel 1994, il gruppo promuove le tradizioni musicali e danzanti italiane, mantenendo vivo il legame culturale con la comunit\u00e0 di origine italiana in Brasile. La visita si inserisce nella tourn\u00e9e europea per il 150\u00b0 anniversario dell\u2019immigrazione italiana in Brasile. Presenti alla cerimonia le consigliere comunali Kalaj e Meneguolo, e il presidente del Coro Monti del Sole, Colle. \u00c8 stato riconosciuto l\u2019impegno del gruppo nel trasmettere alle nuove generazioni la cultura italiana. In serata, il gruppo si \u00e8 esibito a Villa Pat con un ricco repertorio di canti e danze popolari, coinvolgendo il pubblico con energia e passione. La giornata si \u00e8 conclusa con un momento conviviale organizzato dalla Pro Loco, a suggellare un incontro di grande valore culturale e umano.<\/p>\n\n\t\t\t<style type='text\/css'>\n\t\t\t\t#gallery-4 {\n\t\t\t\t\tmargin: auto;\n\t\t\t\t}\n\t\t\t\t#gallery-4 .gallery-item {\n\t\t\t\t\tfloat: left;\n\t\t\t\t\tmargin-top: 10px;\n\t\t\t\t\ttext-align: center;\n\t\t\t\t\twidth: 25%;\n\t\t\t\t}\n\t\t\t\t#gallery-4 img {\n\t\t\t\t\tborder: 2px solid #cfcfcf;\n\t\t\t\t}\n\t\t\t\t#gallery-4 .gallery-caption {\n\t\t\t\t\tmargin-left: 0;\n\t\t\t\t}\n\t\t\t\t\/* see gallery_shortcode() in wp-includes\/media.php *\/\n\t\t\t<\/style>\n\t\t<div id='gallery-4' class='dt-gallery-container gallery galleryid-460923 gallery-columns-4 gallery-size-thumbnail'><dl class='gallery-item'>\n\t\t\t\t<dt class='gallery-icon landscape'>\n\t\t\t\t\t<a class=\"rollover rollover-zoom dt-pswp-item\" title=\"e069036a-fe49-460d-b6b6-3f12ed8f0bf6\" data-dt-img-description=\"\" data-large_image_width=\"1600\" data-large_image_height=\"1200\"href='https:\/\/www.radiopiu.net\/wordpress\/wp-content\/uploads\/2025\/07\/e069036a-fe49-460d-b6b6-3f12ed8f0bf6.jpg'><img loading=\"lazy\" decoding=\"async\" width=\"150\" height=\"150\" src=\"https:\/\/www.radiopiu.net\/wordpress\/wp-content\/uploads\/2025\/07\/e069036a-fe49-460d-b6b6-3f12ed8f0bf6-150x150.jpg\" class=\"attachment-thumbnail size-thumbnail\" alt=\"\" \/><\/a>\n\t\t\t\t<\/dt><\/dl><dl class='gallery-item'>\n\t\t\t\t<dt class='gallery-icon landscape'>\n\t\t\t\t\t<a class=\"rollover rollover-zoom dt-pswp-item\" title=\"494ec661-bed6-44fc-90b9-11b1120db131\" data-dt-img-description=\"\" data-large_image_width=\"1600\" data-large_image_height=\"1200\"href='https:\/\/www.radiopiu.net\/wordpress\/wp-content\/uploads\/2025\/07\/494ec661-bed6-44fc-90b9-11b1120db131.jpg'><img loading=\"lazy\" decoding=\"async\" width=\"150\" height=\"150\" src=\"https:\/\/www.radiopiu.net\/wordpress\/wp-content\/uploads\/2025\/07\/494ec661-bed6-44fc-90b9-11b1120db131-150x150.jpg\" class=\"attachment-thumbnail size-thumbnail\" alt=\"\" \/><\/a>\n\t\t\t\t<\/dt><\/dl><dl class='gallery-item'>\n\t\t\t\t<dt class='gallery-icon landscape'>\n\t\t\t\t\t<a class=\"rollover rollover-zoom dt-pswp-item\" title=\"da1e4a22-eb7d-49e3-b148-d480117f00c2\" data-dt-img-description=\"\" data-large_image_width=\"828\" data-large_image_height=\"450\"href='https:\/\/www.radiopiu.net\/wordpress\/wp-content\/uploads\/2025\/07\/da1e4a22-eb7d-49e3-b148-d480117f00c2.jpg'><img loading=\"lazy\" decoding=\"async\" width=\"150\" height=\"150\" src=\"https:\/\/www.radiopiu.net\/wordpress\/wp-content\/uploads\/2025\/07\/da1e4a22-eb7d-49e3-b148-d480117f00c2-150x150.jpg\" class=\"attachment-thumbnail size-thumbnail\" alt=\"\" \/><\/a>\n\t\t\t\t<\/dt><\/dl><dl class='gallery-item'>\n\t\t\t\t<dt class='gallery-icon landscape'>\n\t\t\t\t\t<a class=\"rollover rollover-zoom dt-pswp-item\" title=\"69700e18-c420-48a7-9b75-4c4f43b34f95\" data-dt-img-description=\"\" data-large_image_width=\"1600\" data-large_image_height=\"1200\"href='https:\/\/www.radiopiu.net\/wordpress\/wp-content\/uploads\/2025\/07\/69700e18-c420-48a7-9b75-4c4f43b34f95.jpg'><img loading=\"lazy\" decoding=\"async\" width=\"150\" height=\"150\" src=\"https:\/\/www.radiopiu.net\/wordpress\/wp-content\/uploads\/2025\/07\/69700e18-c420-48a7-9b75-4c4f43b34f95-150x150.jpg\" class=\"attachment-thumbnail size-thumbnail\" alt=\"\" \/><\/a>\n\t\t\t\t<\/dt><\/dl><br style=\"clear: both\" \/>\n\t\t\t<\/div>\n\n<p>&nbsp;<\/p>\n<hr \/>\n<p>&nbsp;<\/p>\n<blockquote>\n<h3>IL RITORNO DELLO \u201cZINGARO\u201d: UN\u2019OPERA RITROVATA PER BELLUNO<\/h3>\n<\/blockquote>\n<p><strong><a class=\"dt-pswp-item\" href=\"https:\/\/www.radiopiu.net\/wordpress\/wp-content\/uploads\/2022\/07\/Palazzo-Fulcis.jpg\" data-dt-img-description=\"\" data-large_image_width=\"1200\" data-large_image_height=\"801\"><img loading=\"lazy\" decoding=\"async\" class=\" wp-image-289165 alignleft\" src=\"https:\/\/www.radiopiu.net\/wordpress\/wp-content\/uploads\/2022\/07\/Palazzo-Fulcis-300x200.jpg\" alt=\"\" width=\"206\" height=\"137\" srcset=\"https:\/\/www.radiopiu.net\/wordpress\/wp-content\/uploads\/2022\/07\/Palazzo-Fulcis-300x200.jpg 300w, https:\/\/www.radiopiu.net\/wordpress\/wp-content\/uploads\/2022\/07\/Palazzo-Fulcis-1024x684.jpg 1024w, https:\/\/www.radiopiu.net\/wordpress\/wp-content\/uploads\/2022\/07\/Palazzo-Fulcis-768x513.jpg 768w, https:\/\/www.radiopiu.net\/wordpress\/wp-content\/uploads\/2022\/07\/Palazzo-Fulcis.jpg 1200w\" sizes=\"auto, (max-width: 206px) 100vw, 206px\" \/><\/a>BELLUNO <\/strong>Dopo un complesso recupero internazionale, la <em>Madonna con Ges\u00f9 Bambino<\/em> attribuita ad Antonio Solario \u00e8 tornata a Belluno ed \u00e8 visibile fino al 27 luglio al Museo Civico di Palazzo Fulcis, prima di essere sottoposta a un necessario restauro conservativo. L\u2019opera, di grande valore storico e identitario per la citt\u00e0, versa in cattive condizioni: il supporto ligneo \u00e8 fratturato e la superficie pittorica danneggiata. Il restauro, seguito in accordo con la Soprintendenza, sar\u00e0 anche un\u2019occasione di studio e approfondimento tecnico. Il sindaco De Pellegrin e l\u2019assessore Addamiano hanno sottolineato l\u2019impegno sinergico e riservato che ha permesso il rientro dell\u2019opera, definita simbolo di identit\u00e0 civica. Dopo il restauro, il dipinto sar\u00e0 ricollocato accanto alle Madonne di Montagna nella sala dedicata alla collezione originaria del museo, in vista dei 150 anni dalla sua fondazione nel 2026. L\u2019iniziativa rafforza l\u2019offerta culturale della citt\u00e0 e celebra un importante capitolo della sua storia artistica.<\/p>\n<p>&nbsp;<\/p>\n<p>&nbsp;<\/p>\n<hr \/>\n<p>&nbsp;<\/p>\n<blockquote>\n<h3>IL SERGENTE PILOTA FERRUCCIO SERAFINI E I PILOTI DEGLI F16 USA DELL\u201911 SETTEMBRE 2001: I FORTI POSSONO CADERE, MA NON POSSONO CEDERE<\/h3>\n<\/blockquote>\n<p><strong><a class=\"dt-pswp-item\" href=\"https:\/\/www.radiopiu.net\/wordpress\/wp-content\/uploads\/2025\/07\/729px-Ferruccio_Serafini.jpg\" data-dt-img-description=\"\" data-large_image_width=\"729\" data-large_image_height=\"1081\"><img loading=\"lazy\" decoding=\"async\" class=\" wp-image-460865 alignleft\" src=\"https:\/\/www.radiopiu.net\/wordpress\/wp-content\/uploads\/2025\/07\/729px-Ferruccio_Serafini-202x300.jpg\" alt=\"\" width=\"120\" height=\"178\" srcset=\"https:\/\/www.radiopiu.net\/wordpress\/wp-content\/uploads\/2025\/07\/729px-Ferruccio_Serafini-202x300.jpg 202w, https:\/\/www.radiopiu.net\/wordpress\/wp-content\/uploads\/2025\/07\/729px-Ferruccio_Serafini-691x1024.jpg 691w, https:\/\/www.radiopiu.net\/wordpress\/wp-content\/uploads\/2025\/07\/729px-Ferruccio_Serafini.jpg 729w\" sizes=\"auto, (max-width: 120px) 100vw, 120px\" \/><\/a>DI GIOVANNI PIETRO CROSATO<\/strong><\/p>\n<p>Ci si potrebbe chiedere che mai potrebbe avere in comune la tattica di combattimento del Sergente Pilota MOVM Ferruccio Serafini (Falcade, 20 gennaio 1920 \u2013 Macchiareddu, 22 luglio 1943) con quella dei piloti dei caccia che il 9 settembre 2001 furono inviati per intercettare il volo 2001 della United Airlines, dirottato dai terroristi di al-Qaida, che si credeva fosse diretto a Washington. Aerei ben pi\u00f9 moderni del suo, ma che non c&#8217;era stato il tempo necessario per armare con i missili. Una cosa avevano certamente in comune: in entrambi i casi si trovavano a bordo di un aereo da caccia ma non avevano di che utilizzare per fare il proprio dovere. Quei piloti degli F16 USA sapevano che, per evitare che i dirottatori colpissero i loro bersagli, avrebbero dovuto \u2013 come fece il Sergente pilota Ferruccio Serafini \u2013 intercettare e far schiantare i loro caccia contro gli aerei dirottati, eventualmente lanciandosi all&#8217;ultimo momento. Era l\u2019applicazione in ambito aeronautico, della tattica marinaresca dello speronamento. Insomma, dello studiato a scuola \u201crostro\u201d. Ovvero, del pesante oggetto da sfondamento che veniva montato sulla prua delle navi antiche per affondare le navi nemiche. Ora a prima vista potrebbe anche sembrare una manovra aerea quasi da kamikaze, ma nulla \u00e8 di pi\u00f9 errato. Il pilota che sperona utilizza certamente il suo intero aereo come fosse un ariete per cercare di distruggere i comandi del nemico usando l&#8217;elica o l&#8217;ala per tagliare la coda o l&#8217;ala del nemico. Ma un attacco di speronamento non \u00e8 mai stato considerato suicida in quanto il pilota aveva una sia pur minima possibilit\u00e0 di sopravvivere, anche se era molto rischioso. A volte, l&#8217;aereo da speronamento stesso poteva sopravvivere per effettuare un atterraggio controllato, anche se la maggior parte andava persa a causa di danni da combattimento e il pilota si salvava gettandosi con il paracadute. Purtroppo, il Sergente falcadino non riusc\u00ec in questo a causa dell\u2019altezza non sufficiente per farlo. Lo speronamento \u00e8 stato utilizzato nella guerra aerea nella prima met\u00e0 del XX secolo, in entrambe le guerre mondiali e nel periodo tra le due guerre. Nell&#8217;era dei jet, con l&#8217;aumento della velocit\u00e0 di combattimento aereo, lo speronamento si verificava molto meno frequentemente: la probabilit\u00e0 di eseguire con successo (e sopravvivere) a un attacco di speronamento si avvicinava allo zero. Ma se non hai altro mezzo per abbattere un bombardiere con armi atomiche un pensierino ce lo fai eccome. Ma non pensiamo che questa tattica sia stata del tutto abbandonata. Il 18 luglio 1981, quando esisteva ancora l\u2019URSS, l\u2019aereo da caccia sovietico Su-15, pilotato dal capitano V.A. Kulyapin, doveva a tutti i costi fermare un un CL-44 argentino noleggiato da un trafficante d\u2019armi internazionale. Non ritendo di potere fare altro lo speron\u00f2 mentre si trovava in volo in Armenia. Gli occupanti del velivolo civile persero la vita, mentre il pilota del caccia sovietico si salv\u00f2 con il paracadute. Questa era tattica che per\u00f2 era una caratteristica esclusiva degli assi dell\u2019aviazione militare dotati, per\u00f2, oltre che della bravura anche di un coraggio immensamente fuori dal comune. Insomma, per intenderci, di piloti militari come il Sergente pilota Ferruccio Serafini<\/p>\n<p>&nbsp;<\/p>\n<p>&nbsp;<\/p>\n<hr \/>\n<p>&nbsp;<\/p>\n<blockquote>\n<h3>CONVOCAZIONE DEL CONSIGLIO PROVINCIALE A SAN VITO DI CADORE<\/h3>\n<\/blockquote>\n<p><strong>BELLUNO <\/strong>Il Consiglio Provinciale si riunir\u00e0 marted\u00ec alle 11 presso il Comune di San Vito di Cadore, con possibilit\u00e0 di partecipazione anche in videoconferenza. All\u2019ordine del giorno: ratifica della variazione urgente al bilancio 2025\/2027; verifica degli equilibri di bilancio; terza variazione di bilancio; approvazione del DUP 2026-2028. Si discuteranno inoltre due interventi urgenti: contenimento di sversamento da idrocarburi a Cancia e monitoraggio frane alla Croda Marcora. Prevista anche l\u2019approvazione di convenzioni in materia di caccia, pesca e appalti, aggiornamento del regolamento scolastico e comunicazioni del Presidente.<\/p>\n<p>&nbsp;<\/p>\n<p>&nbsp;<\/p>\n<hr \/>\n<p>&nbsp;<\/p>\n<blockquote>\n<h3>CONSIGLIO DELL&#8217;UNIONE MONTANA AGORDINA<\/h3>\n<\/blockquote>\n<p><strong>AGORDO <\/strong>Mercoled\u00ec alle 20 presso la Sala Don Tamis ad Agordo, si terr\u00e0 la seduta pubblica ordinaria del Consiglio dell\u2019Unione Montana Agordina. All\u2019ordine del giorno: recepimento delle convenzioni approvate dai Comuni agordini per la gestione associata di servizi strategici, tra cui strutture sportive, beni silvo-pastorali, centrale unica di committenza, protezione civile, tributi, personale, informatica e manutenzione del territorio. In programma anche la salvaguardia degli equilibri di bilancio 2025\u20132027 con l\u2019assestamento generale, la presa d\u2019atto della relazione dell\u2019Unit\u00e0 di controllo per il primo semestre 2025 e la presentazione del DUP 2026\/2028.<\/p>\n<p>&nbsp;<\/p>\n<p>&nbsp;<\/p>\n<hr \/>\n<p>&nbsp;<\/p>\n<h1><span style=\"color: #ff0000;\">CONSIGLI COMUNALI IN AGORDINO<\/span><\/h1>\n<p><strong>SELVA DI CADORE<\/strong> Consiglio comunale oggi alle 19. Tre punti all&#8217;ordine del giorno: la salvaguardia degli equilibri del bilancio, la nomina del revisore dei conti e l&#8217;approvazione del rendiconto di ASCA.<\/p>\n<p><strong>COLLE SANTA LUCIA <\/strong>Consiglio comunale domani alle 7:30. Tra i punti in discussione l&#8217;aggiornamento al Documento Unico di Programmazione, la sesta variazione a bilancio, l&#8217;attuazione dei programmi di esercizio 2025, la nomina del revisore dei conti e l&#8217;approvazione alla prima variazione e integrazione al programma triennale ed elenco annuale 2025 dei lavori pubblici.<\/p>\n<p><strong>AGORDO<\/strong> Consiglio comunale convocato luned\u00ec alle 18:30. Sono 7 i punti da discutere: una variazione a bilancio, le convenzioni con l\u2019Unione Montana Agordina per la gestione associata di tributi, informatica, personale e manutenzione del territorio e due interrogazioni della minoranza sullo sviluppo turistico in vista delle Olimpiadi e sicurezza stradale, gestione rifiuti e decoro urbano attorno al Broi e via 27 aprile.<\/p>\n<p><strong>RIVAMONTE<\/strong> Consiglio comunale marted\u00ec alle 18:30. Tra gli otto punti all&#8217;ordine del giorno si discuter\u00e0 degli equilibri di bilancio, l&#8217;esame e approvazione del DUP e le convenzioni con l\u2019Unione Montana Agordina per la gestione associata di tributi, informatica, personale e manutenzione del territorio.<\/p>\n<p><strong>SAN TOMASO<\/strong> Consiglio comunale marted\u00ec alle 20. Tra i punti in discussione la salvaguardia degli equilibri, la presa d&#8217;atto del DUP e la ratifica di una variazione a bilancio<\/p>\n<p><strong>ROCCA PIETORE<\/strong> Il sindaco di Rocca Pietore ha convocato il consiglio comunale per gioved\u00ec alle 18. Due punti all&#8217;ordine del giorno: assestamento di bilancio e salvaguardia degli equilibri e l&#8217;approvazione del rendiconto di ASCA per il 2024<\/p>\n<p>&nbsp;<\/p>\n<p>&nbsp;<\/p>\n<hr \/>\n<p>&nbsp;<\/p>\n<h1 class=\"_title post-title entry-title\">IL CAPOLUOGO SARA\u2019 SEDE DEL VILLAGGIO PER I LAVORATORI DEL TRASPORTO OLIMPICO<\/h1>\n<p>Cortina. \u2013 Intervistati PAOLO GAMBA (VICE SINDACO DI BELLUNO) (Servizio di\u00a0<a href=\"https:\/\/antennatre.medianordest.it\/redazione\/Tiziana-Bolognani\/\">Tiziana Bolognani<\/a>)<\/p>\n<p>&nbsp;<\/p>\n<p><iframe loading=\"lazy\" title=\"IL CAPOLUOGO SARA&#039; SEDE DEL VILLAGGIO PER I LAVORATORI DEL TRASPORTO OLIMPICO   | 24\/07\/2025\" width=\"1200\" height=\"675\" src=\"https:\/\/www.youtube.com\/embed\/vS8rKPMuTcU?feature=oembed\" frameborder=\"0\" allow=\"accelerometer; autoplay; clipboard-write; encrypted-media; gyroscope; picture-in-picture; web-share\" referrerpolicy=\"strict-origin-when-cross-origin\" allowfullscreen><\/iframe><\/p>\n<hr \/>\n<p>&nbsp;<\/p>\n<blockquote>\n<h3>PROROGATO IL TERMINE PER LE OFFERTE DI ALLOGGIAMENTO FORZE DELL\u2019ORDINE PER MILANO CORTINA 2026<\/h3>\n<\/blockquote>\n<p><strong>BELLUNO <\/strong>\u00c8 stato prorogato al 4 agosto 2025, ore 12:00 il termine per la presentazione delle offerte relative alla gara aperta per la selezione di operatori economici finalizzata alla stipula di un accordo quadro per il servizio di alloggiamento del personale delle Forze dell\u2019Ordine impiegato nei servizi di ordine pubblico durante i Giochi Olimpici e Paralimpici Invernali Milano Cortina 2026. La scadenza era inizialmente fissata al 28 luglio 2025, ma \u00e8 stata posticipata per favorire la pi\u00f9 ampia partecipazione da parte di strutture alberghiere e similari, anche in considerazione dei chiarimenti recentemente richiesti sul contenuto del bando di gara.<\/p>\n<p>&nbsp;<\/p>\n<p>&nbsp;<\/p>\n<hr \/>\n<p>&nbsp;<\/p>\n<blockquote>\n<h3>STASERA L&#8217;APERICENA FRIULANO DA OH PERBACCO WINE<\/h3>\n<\/blockquote>\n<p><strong>CENCENIGHE <\/strong>Nuovo appuntamento con l&#8217;apericena da Oh Perbacco Wine di Cencenighe stasera alle 18. Questa settimana tocca alla regione Friuli con la Cantina Livon e le specialit\u00e0 friulane.<\/p>\n<p><a class=\"dt-pswp-item\" href=\"https:\/\/www.radiopiu.net\/wordpress\/wp-content\/uploads\/2025\/07\/09f67119-57e0-4bdc-97e0-4b12fa265e33.jpg\" data-dt-img-description=\"\" data-large_image_width=\"810\" data-large_image_height=\"1600\"><img loading=\"lazy\" decoding=\"async\" class=\"size-medium wp-image-461092 aligncenter\" src=\"https:\/\/www.radiopiu.net\/wordpress\/wp-content\/uploads\/2025\/07\/09f67119-57e0-4bdc-97e0-4b12fa265e33-152x300.jpg\" alt=\"\" width=\"152\" height=\"300\" srcset=\"https:\/\/www.radiopiu.net\/wordpress\/wp-content\/uploads\/2025\/07\/09f67119-57e0-4bdc-97e0-4b12fa265e33-152x300.jpg 152w, https:\/\/www.radiopiu.net\/wordpress\/wp-content\/uploads\/2025\/07\/09f67119-57e0-4bdc-97e0-4b12fa265e33-518x1024.jpg 518w, https:\/\/www.radiopiu.net\/wordpress\/wp-content\/uploads\/2025\/07\/09f67119-57e0-4bdc-97e0-4b12fa265e33-768x1517.jpg 768w, https:\/\/www.radiopiu.net\/wordpress\/wp-content\/uploads\/2025\/07\/09f67119-57e0-4bdc-97e0-4b12fa265e33-778x1536.jpg 778w, https:\/\/www.radiopiu.net\/wordpress\/wp-content\/uploads\/2025\/07\/09f67119-57e0-4bdc-97e0-4b12fa265e33.jpg 810w\" sizes=\"auto, (max-width: 152px) 100vw, 152px\" \/><\/a><\/p>\n<p>&nbsp;<\/p>\n<p>&nbsp;<\/p>\n<hr \/>\n<p>&nbsp;<\/p>\n<blockquote>\n<h3>AGORDO ETNO MUSICA 2025: UN VIAGGIO TRA SUONI E CULTURE DAL MONDO<\/h3>\n<\/blockquote>\n<p><strong><a class=\"dt-pswp-item\" href=\"https:\/\/www.radiopiu.net\/wordpress\/wp-content\/uploads\/2025\/07\/SCR-20250723-moaa.png\" data-dt-img-description=\"\" data-large_image_width=\"1462\" data-large_image_height=\"870\"><img loading=\"lazy\" decoding=\"async\" class=\" wp-image-460813 alignleft\" src=\"https:\/\/www.radiopiu.net\/wordpress\/wp-content\/uploads\/2025\/07\/SCR-20250723-moaa-300x179.png\" alt=\"\" width=\"245\" height=\"146\" srcset=\"https:\/\/www.radiopiu.net\/wordpress\/wp-content\/uploads\/2025\/07\/SCR-20250723-moaa-300x179.png 300w, https:\/\/www.radiopiu.net\/wordpress\/wp-content\/uploads\/2025\/07\/SCR-20250723-moaa-1024x609.png 1024w, https:\/\/www.radiopiu.net\/wordpress\/wp-content\/uploads\/2025\/07\/SCR-20250723-moaa-768x457.png 768w, https:\/\/www.radiopiu.net\/wordpress\/wp-content\/uploads\/2025\/07\/SCR-20250723-moaa.png 1462w\" sizes=\"auto, (max-width: 245px) 100vw, 245px\" \/><\/a>AGORDO<\/strong> Domenica 27 luglio 2025, Agordo ospiter\u00e0 l\u2019evento musicale internazionale Agordo Etno Musica 2025, una giornata dedicata alla multiculturalit\u00e0, alla musica dal vivo e al ballo libero nei giardini di Palazzo Crotta De Manzoni. Dalle ore 14.30 alle 18.30 si alterneranno esibizioni di gruppi provenienti da Albania, Armenia, Iran, Italia e Marocco, con suoni e danze armene, balcaniche, mediterranee e persiane.\u00a0 L\u2019evento inizier\u00e0 con un\u2019anteprima musicale armena alle 11.00 al Caff\u00e8 Garibaldi. In caso di maltempo, si svolger\u00e0 al coperto presso il PalaSport LungoRova. Il Chiosco-Roulotte La Stanga offrir\u00e0 piatti etnici. L\u2019iniziativa \u00e8 promossa da Agordo Musica<\/p>\n<p><strong>AUDIO Pina Sabatini<\/strong><\/p>\n<audio class=\"wp-audio-shortcode\" id=\"audio-460923-11\" preload=\"none\" style=\"width: 100%;\" controls=\"controls\"><source type=\"audio\/mpeg\" src=\"https:\/\/www.radiopiu.net\/wordpress\/wp-content\/uploads\/2025\/07\/MUSICA-AGORDINO-2025-INT-2-AgordoETNOmusica-concerto-il-27-luglio.mp3?_=11\" \/><a href=\"https:\/\/www.radiopiu.net\/wordpress\/wp-content\/uploads\/2025\/07\/MUSICA-AGORDINO-2025-INT-2-AgordoETNOmusica-concerto-il-27-luglio.mp3\">https:\/\/www.radiopiu.net\/wordpress\/wp-content\/uploads\/2025\/07\/MUSICA-AGORDINO-2025-INT-2-AgordoETNOmusica-concerto-il-27-luglio.mp3<\/a><\/audio>\n<p>&nbsp;<\/p>\n<p>&nbsp;<\/p>\n<p>&nbsp;<\/p>\n<hr \/>\n<p>&nbsp;<\/p>\n<blockquote>\n<h3>LA MONTAGNA NEL CUORE 2025: CULTURA, EMOZIONI E GRANDI OSPITI AD ALLEGHE<\/h3>\n<\/blockquote>\n<p><strong><a class=\"dt-pswp-item\" href=\"https:\/\/www.radiopiu.net\/wordpress\/wp-content\/uploads\/2025\/07\/LoSGHAOSGA-1.jpg\" data-dt-img-description=\"\" data-large_image_width=\"1131\" data-large_image_height=\"997\"><img loading=\"lazy\" decoding=\"async\" class=\" wp-image-458380 alignleft\" src=\"https:\/\/www.radiopiu.net\/wordpress\/wp-content\/uploads\/2025\/07\/LoSGHAOSGA-1-300x264.jpg\" alt=\"\" width=\"182\" height=\"160\" srcset=\"https:\/\/www.radiopiu.net\/wordpress\/wp-content\/uploads\/2025\/07\/LoSGHAOSGA-1-300x264.jpg 300w, https:\/\/www.radiopiu.net\/wordpress\/wp-content\/uploads\/2025\/07\/LoSGHAOSGA-1-1024x903.jpg 1024w, https:\/\/www.radiopiu.net\/wordpress\/wp-content\/uploads\/2025\/07\/LoSGHAOSGA-1-768x677.jpg 768w, https:\/\/www.radiopiu.net\/wordpress\/wp-content\/uploads\/2025\/07\/LoSGHAOSGA-1.jpg 1131w\" sizes=\"auto, (max-width: 182px) 100vw, 182px\" \/><\/a>ALLEGHE <\/strong>L\u2019estate 2025 ad Alleghe si arricchisce con \u201cLa Montagna nel Cuore\u201d, rassegna culturale promossa dal Consorzio Operatori Turistici e dal Comune, in collaborazione con la biblioteca. Sei appuntamenti settimanali, dal 17 luglio al 6 agosto, animeranno la Sala Stoppani con protagonisti d\u2019eccezione. Si parte con Valter Binotto, alpinista e fotografo, per un viaggio tra arte e natura. Seguiranno i giornalisti Lorenzo Cremonesi e Gian Antonio Stella con riflessioni su guerre e vette. Lo scrittore Francesco Vidotto presenter\u00e0 il suo romanzo \u201cOnesto\u201d, mentre l\u2019olimpionica Deborah Compagnoni racconter\u00e0 la sua vita tra le montagne. Igor Koller e Luca Calvi parleranno della leggendaria Via del Pesce sulla Marmolada. Chiuder\u00e0 la rassegna una serata speciale tra musica e disegno con Fabio Vettori e il duo Gabrielli Bernardi, per un originale omaggio a Niccol\u00f2 Paganini. Una celebrazione intensa della montagna tra parole, immagini e suoni.<\/p>\n<p>&nbsp;<\/p>\n<p>&nbsp;<\/p>\n<hr \/>\n<p>&nbsp;<\/p>\n<blockquote>\n<h3><a class=\"dt-pswp-item\" href=\"https:\/\/www.radiopiu.net\/wordpress\/wp-content\/uploads\/2025\/07\/SCR-20250723-mmrc.jpeg\" data-dt-img-description=\"\" data-large_image_width=\"1470\" data-large_image_height=\"1370\"><img loading=\"lazy\" decoding=\"async\" class=\" wp-image-460810 alignleft\" src=\"https:\/\/www.radiopiu.net\/wordpress\/wp-content\/uploads\/2025\/07\/SCR-20250723-mmrc-300x280.jpeg\" alt=\"\" width=\"166\" height=\"155\" srcset=\"https:\/\/www.radiopiu.net\/wordpress\/wp-content\/uploads\/2025\/07\/SCR-20250723-mmrc-300x280.jpeg 300w, https:\/\/www.radiopiu.net\/wordpress\/wp-content\/uploads\/2025\/07\/SCR-20250723-mmrc-1024x954.jpeg 1024w, https:\/\/www.radiopiu.net\/wordpress\/wp-content\/uploads\/2025\/07\/SCR-20250723-mmrc-768x716.jpeg 768w, https:\/\/www.radiopiu.net\/wordpress\/wp-content\/uploads\/2025\/07\/SCR-20250723-mmrc.jpeg 1470w\" sizes=\"auto, (max-width: 166px) 100vw, 166px\" \/><\/a>PASTASCIUTTA ANTIFASCISTA A PUS PIAN LONGHI: MEMORIA E RESISTENZA<\/h3>\n<\/blockquote>\n<p><strong>PONTE NELLE ALPI<\/strong> A 80 anni dalla liberazione dell\u2019Italia, lo Spi Cgil di Belluno celebra i fratelli Cervi con la tradizionale pastasciutta antifascista, oggi a Pus Pian Longhi (Ponte nelle Alpi). La giornata inizier\u00e0 alle 11 con musica dal vivo e proseguir\u00e0 con il pranzo gratuito offerto a tutti i presenti. Alle 19 la storica Michela Ponzani racconter\u00e0 storie di Resistenza. L\u2019iniziativa ricorda il gesto dei Cervi che nel 1943 offrirono pasta a tutto il paese per festeggiare la caduta di Mussolini. Un evento simbolico per tramandare ai giovani la memoria della lotta antifascista e il valore della libert\u00e0.<\/p>\n<p>&nbsp;<\/p>\n<hr \/>\n<p>&nbsp;<\/p>\n<p>&nbsp;<\/p>\n<p><strong data-start=\"0\" data-end=\"89\" data-is-only-node=\"\"><a class=\"dt-pswp-item\" href=\"https:\/\/www.radiopiu.net\/wordpress\/wp-content\/uploads\/2025\/07\/Senza-nome-50.png\" data-dt-img-description=\"\" data-large_image_width=\"297\" data-large_image_height=\"243\"><img loading=\"lazy\" decoding=\"async\" class=\"wp-image-461139 alignleft\" src=\"https:\/\/www.radiopiu.net\/wordpress\/wp-content\/uploads\/2025\/07\/Senza-nome-50.png\" alt=\"\" width=\"131\" height=\"107\" \/><\/a>CENTO ANNI DI STORIA DELLA FERROVIA BRIBANO\u2013AGORDO: DOMANI PRESENTAZIONE A CENCENIGHE<\/strong><br data-start=\"89\" data-end=\"92\" \/><strong>CENCENIGHE<\/strong> Domani alle 17.30 in sala consiliare il volume di Basichetto e De Vecchi tra immagini, racconti e memoria collettiva. Al mattino letture e giochi per bambini al parco.<\/p>\n<p>&nbsp;<\/p>\n<p>&nbsp;<\/p>\n<hr \/>\n<p>&nbsp;<\/p>\n<p><strong data-start=\"0\" data-end=\"95\" data-is-only-node=\"\"><a class=\"dt-pswp-item\" href=\"https:\/\/www.radiopiu.net\/wordpress\/wp-content\/uploads\/2022\/09\/Il-Musal-e-la-chiesa-di-papa-Luciani-1.jpg\" data-dt-img-description=\"\" data-large_image_width=\"1440\" data-large_image_height=\"1080\"><img loading=\"lazy\" decoding=\"async\" class=\"wp-image-296449 alignleft\" src=\"https:\/\/www.radiopiu.net\/wordpress\/wp-content\/uploads\/2022\/09\/Il-Musal-e-la-chiesa-di-papa-Luciani-1-300x225.jpg\" alt=\"\" width=\"167\" height=\"125\" srcset=\"https:\/\/www.radiopiu.net\/wordpress\/wp-content\/uploads\/2022\/09\/Il-Musal-e-la-chiesa-di-papa-Luciani-1-300x225.jpg 300w, https:\/\/www.radiopiu.net\/wordpress\/wp-content\/uploads\/2022\/09\/Il-Musal-e-la-chiesa-di-papa-Luciani-1-1024x768.jpg 1024w, https:\/\/www.radiopiu.net\/wordpress\/wp-content\/uploads\/2022\/09\/Il-Musal-e-la-chiesa-di-papa-Luciani-1-768x576.jpg 768w, https:\/\/www.radiopiu.net\/wordpress\/wp-content\/uploads\/2022\/09\/Il-Musal-e-la-chiesa-di-papa-Luciani-1.jpg 1440w\" sizes=\"auto, (max-width: 167px) 100vw, 167px\" \/><\/a>A CANALE D\u2019AGORDO IL \u201cGIUBILEO DEI PONTEFICI\u201d: TERZO PROGETTO DELLA FONDAZIONE PAPA LUCIANI<\/strong><br data-start=\"95\" data-end=\"98\" \/><strong>CANALE D&#8217;AGORDO<\/strong> Domani al Musal la presentazione dell\u2019itinerario tra Veneto e Lombardia nei luoghi natali dei papi del Novecento.<\/p>\n<p>&nbsp;<\/p>\n<p>&nbsp;<\/p>\n<hr \/>\n<p>&nbsp;<\/p>\n<p>&nbsp;<\/p>\n<blockquote>\n<h1><a class=\"dt-pswp-item\" href=\"https:\/\/www.radiopiu.net\/wordpress\/wp-content\/uploads\/2025\/07\/521377294_1303472451785391_8412957199746622218_n.jpg\" data-dt-img-description=\"\" data-large_image_width=\"960\" data-large_image_height=\"640\"><img loading=\"lazy\" decoding=\"async\" class=\"size-medium wp-image-461147 alignleft\" src=\"https:\/\/www.radiopiu.net\/wordpress\/wp-content\/uploads\/2025\/07\/521377294_1303472451785391_8412957199746622218_n-300x200.jpg\" alt=\"\" width=\"300\" height=\"200\" srcset=\"https:\/\/www.radiopiu.net\/wordpress\/wp-content\/uploads\/2025\/07\/521377294_1303472451785391_8412957199746622218_n-300x200.jpg 300w, https:\/\/www.radiopiu.net\/wordpress\/wp-content\/uploads\/2025\/07\/521377294_1303472451785391_8412957199746622218_n-768x512.jpg 768w, https:\/\/www.radiopiu.net\/wordpress\/wp-content\/uploads\/2025\/07\/521377294_1303472451785391_8412957199746622218_n.jpg 960w\" sizes=\"auto, (max-width: 300px) 100vw, 300px\" \/><\/a>DOMANI A MOENA &#8220;LA SCUOLA DEGLI AMANTI&#8221;<\/h1>\n<\/blockquote>\n<p><em>Servizio navetta da Falcade<\/em><\/p>\n<p>di <em>\u00a0Oda Zoe Hochscheid<\/em><\/p>\n<audio class=\"wp-audio-shortcode\" id=\"audio-460923-12\" preload=\"none\" style=\"width: 100%;\" controls=\"controls\"><source type=\"audio\/mpeg\" src=\"https:\/\/www.radiopiu.net\/wordpress\/wp-content\/uploads\/2025\/07\/oda-domani.mp3?_=12\" \/><a href=\"https:\/\/www.radiopiu.net\/wordpress\/wp-content\/uploads\/2025\/07\/oda-domani.mp3\">https:\/\/www.radiopiu.net\/wordpress\/wp-content\/uploads\/2025\/07\/oda-domani.mp3<\/a><\/audio>\n<p>&nbsp;<\/p>\n<p>&nbsp;<\/p>\n<hr \/>\n<p>&nbsp;<\/p>\n<blockquote>\n<h3>ARTE E MUSICA IN VALLE: SCACCHI E MUSICA VENEZIANA A CHIES D\u2019ALPAGO<\/h3>\n<\/blockquote>\n<p><strong>ALPAGO\u00a0 <\/strong>Domani e domenica \u00a0Chies d\u2019Alpago ospita un evento unico che unisce arte, musica e cultura. Domani, alla Sala Polivalente di Lamosano, sar\u00e0 presentato il libro \u201cLa Scacchiera sotto il Calicanto\u201d di Giovanni Lorusso, che racconta il gioco degli scacchi come espressione artistica e culturale. L\u2019incontro sar\u00e0 seguito dall\u2019inaugurazione di una mostra con opere inedite di artisti locali dedicate agli scacchi, tra cui due lavori ispirati a Lamosano. La mostra sar\u00e0 aperta anche domenica.\u00a0 Nella suggestiva cornice della Val Salatis, si terr\u00e0 il concerto del Quartetto Veneto, che proporr\u00e0 musica veneziana e da film in un contesto immersivo a 1420 metri di altitudine. L\u2019evento, promosso dall\u2019associazione Musica &amp; Cultura, celebra anche il ruolo della donna nelle arti. L\u2019ingresso \u00e8 gratuito e per chi ha difficolt\u00e0 sar\u00e0 disponibile una navetta. Un\u2019occasione speciale per vivere l\u2019arte e la musica in una cornice naturale d\u2019eccezione.<\/p>\n\n\t\t\t<style type='text\/css'>\n\t\t\t\t#gallery-5 {\n\t\t\t\t\tmargin: auto;\n\t\t\t\t}\n\t\t\t\t#gallery-5 .gallery-item {\n\t\t\t\t\tfloat: left;\n\t\t\t\t\tmargin-top: 10px;\n\t\t\t\t\ttext-align: center;\n\t\t\t\t\twidth: 50%;\n\t\t\t\t}\n\t\t\t\t#gallery-5 img {\n\t\t\t\t\tborder: 2px solid #cfcfcf;\n\t\t\t\t}\n\t\t\t\t#gallery-5 .gallery-caption {\n\t\t\t\t\tmargin-left: 0;\n\t\t\t\t}\n\t\t\t\t\/* see gallery_shortcode() in wp-includes\/media.php *\/\n\t\t\t<\/style>\n\t\t<div id='gallery-5' class='dt-gallery-container gallery galleryid-460923 gallery-columns-2 gallery-size-thumbnail'><dl class='gallery-item'>\n\t\t\t\t<dt class='gallery-icon portrait'>\n\t\t\t\t\t<a class=\"rollover rollover-zoom dt-pswp-item\" title=\"Quartetto Veneto a Pian de le Stele\" data-dt-img-description=\"\" data-large_image_width=\"1104\" data-large_image_height=\"1562\"href='https:\/\/www.radiopiu.net\/wordpress\/wp-content\/uploads\/2025\/07\/Quartetto-Veneto-a-Pian-de-le-Stele.jpg'><img loading=\"lazy\" decoding=\"async\" width=\"150\" height=\"150\" src=\"https:\/\/www.radiopiu.net\/wordpress\/wp-content\/uploads\/2025\/07\/Quartetto-Veneto-a-Pian-de-le-Stele-150x150.jpg\" class=\"attachment-thumbnail size-thumbnail\" alt=\"\" \/><\/a>\n\t\t\t\t<\/dt><\/dl><dl class='gallery-item'>\n\t\t\t\t<dt class='gallery-icon portrait'>\n\t\t\t\t\t<a class=\"rollover rollover-zoom dt-pswp-item\" title=\"Mostra e libro Scacchiera sotto il calicanto\" data-dt-img-description=\"\" data-large_image_width=\"1767\" data-large_image_height=\"2500\"href='https:\/\/www.radiopiu.net\/wordpress\/wp-content\/uploads\/2025\/07\/Mostra-e-libro-Scacchiera-sotto-il-calicanto.jpg'><img loading=\"lazy\" decoding=\"async\" width=\"150\" height=\"150\" src=\"https:\/\/www.radiopiu.net\/wordpress\/wp-content\/uploads\/2025\/07\/Mostra-e-libro-Scacchiera-sotto-il-calicanto-150x150.jpg\" class=\"attachment-thumbnail size-thumbnail\" alt=\"\" \/><\/a>\n\t\t\t\t<\/dt><\/dl><br style=\"clear: both\" \/>\n\t\t\t<\/div>\n\n<p>&nbsp;<\/p>\n<hr \/>\n<p>&nbsp;<\/p>\n<blockquote>\n<h3><a class=\"dt-pswp-item\" href=\"https:\/\/www.radiopiu.net\/wordpress\/wp-content\/uploads\/2025\/07\/locandina-Paris-scaled.jpg\" data-dt-img-description=\"\" data-large_image_width=\"1810\" data-large_image_height=\"2560\"><img loading=\"lazy\" decoding=\"async\" class=\" wp-image-458646 alignleft\" src=\"https:\/\/www.radiopiu.net\/wordpress\/wp-content\/uploads\/2025\/07\/locandina-Paris-212x300.jpg\" alt=\"\" width=\"151\" height=\"214\" srcset=\"https:\/\/www.radiopiu.net\/wordpress\/wp-content\/uploads\/2025\/07\/locandina-Paris-212x300.jpg 212w, https:\/\/www.radiopiu.net\/wordpress\/wp-content\/uploads\/2025\/07\/locandina-Paris-724x1024.jpg 724w, https:\/\/www.radiopiu.net\/wordpress\/wp-content\/uploads\/2025\/07\/locandina-Paris-768x1086.jpg 768w, https:\/\/www.radiopiu.net\/wordpress\/wp-content\/uploads\/2025\/07\/locandina-Paris-1086x1536.jpg 1086w, https:\/\/www.radiopiu.net\/wordpress\/wp-content\/uploads\/2025\/07\/locandina-Paris-1448x2048.jpg 1448w, https:\/\/www.radiopiu.net\/wordpress\/wp-content\/uploads\/2025\/07\/locandina-Paris-scaled.jpg 1810w\" sizes=\"auto, (max-width: 151px) 100vw, 151px\" \/><\/a>PRESENTAZIONE PROGETTO PATRICOM A VALLADA: TURISMO CULTURALE SOSTENIBILE SUI PASSI DI PARIS BORDON<\/h3>\n<\/blockquote>\n<p><strong>VALLADA <\/strong>Luned\u00ec 29 luglio alle 21, nella chiesa di San Simon di Vallada, si terr\u00e0 l\u2019incontro &#8220;Paris Bordon negli itinerari agordini verso il Tirolo. Per un turismo culturale sostenibile e di comunit\u00e0&#8221;. L\u2019evento segna l\u2019avvio del progetto PATRICOM, sviluppato sotto la supervisione scientifica del prof. Marsel Grosso, e si propone di valorizzare il patrimonio artistico bellunese attraverso una piattaforma online ad accesso libero con contenuti scientifici divulgativi. Il progetto mette al centro un itinerario dedicato alle opere di Paris Bordon conservate in quattro chiese del territorio: San Simon a Vallada, Santi Cornelio e Cipriano a Taibon, Sant&#8217;Aronne a Cusighe e Santa Croce a Pialdier di Trichiana. L&#8217;iniziativa mira a promuovere un modello di turismo lento, consapevole e partecipato, coinvolgendo attivamente le comunit\u00e0 locali. L\u2019incontro a Vallada rappresenta il primo di una serie di appuntamenti previsti.<\/p>\n<p>&nbsp;<\/p>\n<p>&nbsp;<\/p>\n<hr \/>\n<p>&nbsp;<\/p>\n<blockquote>\n<h3>UN&#8217;ESTATE DI EVENTI CON L&#8217;ASSOCIAZIONE BORGO SOTTOGUDA<\/h3>\n<\/blockquote>\n<p><strong>ROCCA PIETORE <\/strong>Cultura, musica, spettacoli e natura si incontrano nello straordinario scenario di Rocca Pietore e delle Dolomiti. Segui l\u2019Associazione su Instagram e Facebook per non perdere neanche un appuntamento! Tra gli eventi in programma, domani alle ore 21, il Teatro Tenda di Bosco Verde ospita <em data-start=\"392\" data-end=\"453\">\u201cLucio Dalla e Lucio Battisti\u2026 per la prima volta insieme!\u201d<\/em>: un concerto emozionante tra note e ricordi con Michele Fenati alla voce, accompagnato da Vittorio Veroli (violino), Fabrizio Tarroni (chitarra) e Gabriele Felici (violoncello). Ingresso libero con offerta consapevole. Venerd\u00ec 1\u00b0 agosto, sempre al Teatro Tenda alle 20.45, arrivano \u201cLe mirabolanti avventure di Roald Dahl\u201d con Carlo Corsini e Simone Carnielli. Uno spettacolo per grandi e piccoli, ricco di magia e fantasia, tratto dalle celebri opere dello scrittore inglese. Anche questo evento \u00e8 a ingresso con offerta consapevole. Un\u2019estate da vivere tra emozioni, storie e paesaggi indimenticabili, grazie all\u2019impegno dell\u2019Associazione Borgo Sottoguda \u2013 Qualit\u00e0 e Territorio.<\/p>\n\n\t\t\t<style type='text\/css'>\n\t\t\t\t#gallery-6 {\n\t\t\t\t\tmargin: auto;\n\t\t\t\t}\n\t\t\t\t#gallery-6 .gallery-item {\n\t\t\t\t\tfloat: left;\n\t\t\t\t\tmargin-top: 10px;\n\t\t\t\t\ttext-align: center;\n\t\t\t\t\twidth: 33%;\n\t\t\t\t}\n\t\t\t\t#gallery-6 img {\n\t\t\t\t\tborder: 2px solid #cfcfcf;\n\t\t\t\t}\n\t\t\t\t#gallery-6 .gallery-caption {\n\t\t\t\t\tmargin-left: 0;\n\t\t\t\t}\n\t\t\t\t\/* see gallery_shortcode() in wp-includes\/media.php *\/\n\t\t\t<\/style>\n\t\t<div id='gallery-6' class='dt-gallery-container gallery galleryid-460923 gallery-columns-3 gallery-size-medium'><dl class='gallery-item'>\n\t\t\t\t<dt class='gallery-icon portrait'>\n\t\t\t\t\t<a class=\"rollover rollover-zoom dt-pswp-item\" title=\"4651f578-507e-465d-9233-15b857674fc4\" data-dt-img-description=\"\" data-large_image_width=\"1061\" data-large_image_height=\"1500\"href='https:\/\/www.radiopiu.net\/wordpress\/wp-content\/uploads\/2025\/07\/4651f578-507e-465d-9233-15b857674fc4.jpg'><img loading=\"lazy\" decoding=\"async\" width=\"212\" height=\"300\" src=\"https:\/\/www.radiopiu.net\/wordpress\/wp-content\/uploads\/2025\/07\/4651f578-507e-465d-9233-15b857674fc4-212x300.jpg\" class=\"attachment-medium size-medium\" alt=\"\" srcset=\"https:\/\/www.radiopiu.net\/wordpress\/wp-content\/uploads\/2025\/07\/4651f578-507e-465d-9233-15b857674fc4-212x300.jpg 212w, https:\/\/www.radiopiu.net\/wordpress\/wp-content\/uploads\/2025\/07\/4651f578-507e-465d-9233-15b857674fc4-724x1024.jpg 724w, https:\/\/www.radiopiu.net\/wordpress\/wp-content\/uploads\/2025\/07\/4651f578-507e-465d-9233-15b857674fc4-768x1086.jpg 768w, https:\/\/www.radiopiu.net\/wordpress\/wp-content\/uploads\/2025\/07\/4651f578-507e-465d-9233-15b857674fc4.jpg 1061w\" sizes=\"auto, (max-width: 212px) 100vw, 212px\" \/><\/a>\n\t\t\t\t<\/dt><\/dl><dl class='gallery-item'>\n\t\t\t\t<dt class='gallery-icon portrait'>\n\t\t\t\t\t<a class=\"rollover rollover-zoom dt-pswp-item\" title=\"a757e121-3336-49c7-8db0-188d7a1c2f55\" data-dt-img-description=\"\" data-large_image_width=\"1138\" data-large_image_height=\"1600\"href='https:\/\/www.radiopiu.net\/wordpress\/wp-content\/uploads\/2025\/07\/a757e121-3336-49c7-8db0-188d7a1c2f55.jpg'><img loading=\"lazy\" decoding=\"async\" width=\"213\" height=\"300\" src=\"https:\/\/www.radiopiu.net\/wordpress\/wp-content\/uploads\/2025\/07\/a757e121-3336-49c7-8db0-188d7a1c2f55-213x300.jpg\" class=\"attachment-medium size-medium\" alt=\"\" srcset=\"https:\/\/www.radiopiu.net\/wordpress\/wp-content\/uploads\/2025\/07\/a757e121-3336-49c7-8db0-188d7a1c2f55-213x300.jpg 213w, https:\/\/www.radiopiu.net\/wordpress\/wp-content\/uploads\/2025\/07\/a757e121-3336-49c7-8db0-188d7a1c2f55-728x1024.jpg 728w, https:\/\/www.radiopiu.net\/wordpress\/wp-content\/uploads\/2025\/07\/a757e121-3336-49c7-8db0-188d7a1c2f55-768x1080.jpg 768w, https:\/\/www.radiopiu.net\/wordpress\/wp-content\/uploads\/2025\/07\/a757e121-3336-49c7-8db0-188d7a1c2f55-1092x1536.jpg 1092w, https:\/\/www.radiopiu.net\/wordpress\/wp-content\/uploads\/2025\/07\/a757e121-3336-49c7-8db0-188d7a1c2f55.jpg 1138w\" sizes=\"auto, (max-width: 213px) 100vw, 213px\" \/><\/a>\n\t\t\t\t<\/dt><\/dl><dl class='gallery-item'>\n\t\t\t\t<dt class='gallery-icon portrait'>\n\t\t\t\t\t<a class=\"rollover rollover-zoom dt-pswp-item\" title=\"9f9ca95d-04e3-4709-bc79-9e0aa5324ef1\" data-dt-img-description=\"\" data-large_image_width=\"1131\" data-large_image_height=\"1600\"href='https:\/\/www.radiopiu.net\/wordpress\/wp-content\/uploads\/2025\/07\/9f9ca95d-04e3-4709-bc79-9e0aa5324ef1.jpg'><img loading=\"lazy\" decoding=\"async\" width=\"212\" height=\"300\" src=\"https:\/\/www.radiopiu.net\/wordpress\/wp-content\/uploads\/2025\/07\/9f9ca95d-04e3-4709-bc79-9e0aa5324ef1-212x300.jpg\" class=\"attachment-medium size-medium\" alt=\"\" srcset=\"https:\/\/www.radiopiu.net\/wordpress\/wp-content\/uploads\/2025\/07\/9f9ca95d-04e3-4709-bc79-9e0aa5324ef1-212x300.jpg 212w, https:\/\/www.radiopiu.net\/wordpress\/wp-content\/uploads\/2025\/07\/9f9ca95d-04e3-4709-bc79-9e0aa5324ef1-724x1024.jpg 724w, https:\/\/www.radiopiu.net\/wordpress\/wp-content\/uploads\/2025\/07\/9f9ca95d-04e3-4709-bc79-9e0aa5324ef1-768x1086.jpg 768w, https:\/\/www.radiopiu.net\/wordpress\/wp-content\/uploads\/2025\/07\/9f9ca95d-04e3-4709-bc79-9e0aa5324ef1-1086x1536.jpg 1086w, https:\/\/www.radiopiu.net\/wordpress\/wp-content\/uploads\/2025\/07\/9f9ca95d-04e3-4709-bc79-9e0aa5324ef1.jpg 1131w\" sizes=\"auto, (max-width: 212px) 100vw, 212px\" \/><\/a>\n\t\t\t\t<\/dt><\/dl><br style=\"clear: both\" \/>\n\t\t\t<\/div>\n\n<p>&nbsp;<\/p>\n<hr \/>\n<p>&nbsp;<\/p>\n<blockquote>\n<h3>LUCIO DALLA E LUCIO BATTISTI&#8230;A BOSCO VERDE DI ROCCA PIETORE<\/h3>\n<\/blockquote>\n<p><strong>ROCCA PIETORE\u00a0 <\/strong>Michele e la band sono prontissimi. E voi, avete gi\u00e0 ripassato le canzoni? Domani alle 21, tutti al Teatrotenda a Bosco Verde di Rocca Pietore per un viaggio musicale unico nel suo genere: <strong data-start=\"289\" data-end=\"345\" data-is-only-node=\"\">&#8220;LUCIO, Dalla e Battisti per la prima volta insieme&#8221;<\/strong>. Un concerto emozionante, dedicato a due icone della musica italiana, per cantare e rivivere insieme i loro pi\u00f9 grandi successi.<\/p>\n<p><strong>L&#8217;INVITO DALLA PAGINA FACEBOOK DELL&#8217;ASSOCIAZIONE BORGO DI SOTTOGUDA<\/strong><\/p>\n<p><iframe loading=\"lazy\" style=\"border: none; overflow: hidden;\" src=\"https:\/\/www.facebook.com\/plugins\/video.php?height=316&amp;href=https%3A%2F%2Fwww.facebook.com%2Freel%2F2223068034811060%2F&amp;show_text=false&amp;width=560&amp;t=0\" width=\"560\" height=\"316\" frameborder=\"0\" scrolling=\"no\" allowfullscreen=\"allowfullscreen\" data-mce-fragment=\"1\"><\/iframe><\/p>\n<p>&nbsp;<\/p>\n<p>&nbsp;<\/p>\n<hr \/>\n<p>&nbsp;<\/p>\n<blockquote>\n<h3>VAL FIORENTINA SUMMER VIBES: MUSICA DAL VIVO A SELVA DI CADORE<\/h3>\n<\/blockquote>\n<p><strong><a class=\"dt-pswp-item\" href=\"https:\/\/www.radiopiu.net\/wordpress\/wp-content\/uploads\/2022\/03\/254026600_962124181039693_1306450083412456774_n.png\" data-dt-img-description=\"\" data-large_image_width=\"390\" data-large_image_height=\"300\"><img loading=\"lazy\" decoding=\"async\" class=\" wp-image-267555 alignleft\" src=\"https:\/\/www.radiopiu.net\/wordpress\/wp-content\/uploads\/2022\/03\/254026600_962124181039693_1306450083412456774_n-300x231.png\" alt=\"\" width=\"160\" height=\"123\" srcset=\"https:\/\/www.radiopiu.net\/wordpress\/wp-content\/uploads\/2022\/03\/254026600_962124181039693_1306450083412456774_n-300x231.png 300w, https:\/\/www.radiopiu.net\/wordpress\/wp-content\/uploads\/2022\/03\/254026600_962124181039693_1306450083412456774_n.png 390w\" sizes=\"auto, (max-width: 160px) 100vw, 160px\" \/><\/a>SELVA DI CADORE <\/strong>Al via <em data-start=\"87\" data-end=\"116\">Val Fiorentina Summer Vibes<\/em>, la rassegna musicale estiva che animer\u00e0 Piazza S. Fosca a Selva di Cadore ogni venerd\u00ec dalle 18:00 alle 19:30. Un\u2019occasione per vivere l\u2019estate in musica, tra artisti locali e atmosfere rilassanti ai piedi delle Dolomiti. <strong data-start=\"341\" data-end=\"369\">Calendario degli eventi: <\/strong><strong data-start=\"372\" data-end=\"385\">25 luglio<\/strong>: Silvia Smaniotto + Tastierista, <strong data-start=\"422\" data-end=\"435\">01 agosto<\/strong>: Marco Marchesin + Chitarrista, <strong data-start=\"471\" data-end=\"484\">08 agosto<\/strong>: Eleonora Simeoni + Mattia Mad (duo vocale), <strong data-start=\"533\" data-end=\"546\">15 agosto<\/strong>: Miryam Magrini + Chitarrista + Percussioni, <strong data-start=\"595\" data-end=\"608\">22 agosto<\/strong>: Eleonora Simeoni + Chitarrista, <strong data-start=\"645\" data-end=\"658\">29 agosto<\/strong>: Silvia Smaniotto + Tastierista, <strong data-start=\"695\" data-end=\"711\">05 settembre<\/strong>: Alice Favaro + Chitarrista, <strong data-start=\"744\" data-end=\"760\">12 settembre<\/strong>: Marco Marchesin + Chitarrista. Un&#8217;estate di suoni e emozioni nella splendida cornice della Val Fiorentina.<\/p>\n<p>&nbsp;<\/p>\n<p>&nbsp;<\/p>\n<hr \/>\n<p>&nbsp;<\/p>\n<blockquote>\n<h3>IL CINEMA SOTTO LE STELLE TORNA AD AGORDO<\/h3>\n<\/blockquote>\n<p><strong><a class=\"dt-pswp-item\" href=\"https:\/\/www.radiopiu.net\/wordpress\/wp-content\/uploads\/2025\/07\/CINEMA-IN-CONTRADA.jpg\" data-dt-img-description=\"\" data-large_image_width=\"589\" data-large_image_height=\"403\"><img loading=\"lazy\" decoding=\"async\" class=\" wp-image-459052 alignleft\" src=\"https:\/\/www.radiopiu.net\/wordpress\/wp-content\/uploads\/2025\/07\/CINEMA-IN-CONTRADA-300x205.jpg\" alt=\"\" width=\"206\" height=\"141\" srcset=\"https:\/\/www.radiopiu.net\/wordpress\/wp-content\/uploads\/2025\/07\/CINEMA-IN-CONTRADA-300x205.jpg 300w, https:\/\/www.radiopiu.net\/wordpress\/wp-content\/uploads\/2025\/07\/CINEMA-IN-CONTRADA.jpg 589w\" sizes=\"auto, (max-width: 206px) 100vw, 206px\" \/><\/a>AGORDO<\/strong> Torna ad Agordo la rassegna \u201cCinema sotto le stelle delle Dolomiti\u201d, giunta alla sua quinta edizione. L\u2019iniziativa, organizzata dal Comune e dalla Pro Loco di Agordo, animer\u00e0 anche quest\u2019estate la Contrada dei Signori con tre serate dedicate al grande cinema, dal 31 luglio al 6 agosto. Il programma propone film per tutte le et\u00e0, capaci di emozionare e stimolare la riflessione. Si parte con <em data-start=\"469\" data-end=\"482\">Jojo Rabbit<\/em>, ironico e profondo racconto sull\u2019odio e la tolleranza. Segue <em data-start=\"545\" data-end=\"557\">La La Land<\/em>, musical che celebra sogni e passioni. La rassegna si chiude con <em data-start=\"623\" data-end=\"658\">Mio fratello rincorre i dinosauri<\/em>, toccante storia sulla disabilit\u00e0 e i legami familiari. In quest\u2019ultima serata interverranno la famiglia Mazzariol e la cooperativa Societ\u00e0 Nuova. Le proiezioni sono gratuite (posti limitati) e iniziano alle 21.00, tranne il 6 agosto (alle 20.15). Prenotazioni su Eventbrite o presso l\u2019Ufficio Turistico di Agordo.<\/p>\n<p><strong>DI GIANNI SANTOMASO<\/strong><\/p>\n<audio class=\"wp-audio-shortcode\" id=\"audio-460923-13\" preload=\"none\" style=\"width: 100%;\" controls=\"controls\"><source type=\"audio\/mpeg\" src=\"https:\/\/www.radiopiu.net\/wordpress\/wp-content\/uploads\/2025\/07\/GIANNI-TORNA-IL-CINEMA-ALLAPERTO-AD-AGORDO.mp3?_=13\" \/><a href=\"https:\/\/www.radiopiu.net\/wordpress\/wp-content\/uploads\/2025\/07\/GIANNI-TORNA-IL-CINEMA-ALLAPERTO-AD-AGORDO.mp3\">https:\/\/www.radiopiu.net\/wordpress\/wp-content\/uploads\/2025\/07\/GIANNI-TORNA-IL-CINEMA-ALLAPERTO-AD-AGORDO.mp3<\/a><\/audio>\n<p>&nbsp;<\/p>\n<p>&nbsp;<\/p>\n<hr \/>\n<p>&nbsp;<\/p>\n<blockquote>\n<h3>GOSALDO CELEBRA L\u2019ARTE<a class=\"dt-pswp-item\" href=\"https:\/\/www.radiopiu.net\/wordpress\/wp-content\/uploads\/2025\/07\/1c039005-af3b-4b37-8be3-f3ba13b5eabb.jpg\" data-dt-img-description=\"\" data-large_image_width=\"1141\" data-large_image_height=\"1628\"><img loading=\"lazy\" decoding=\"async\" class=\" wp-image-459724 alignleft\" src=\"https:\/\/www.radiopiu.net\/wordpress\/wp-content\/uploads\/2025\/07\/1c039005-af3b-4b37-8be3-f3ba13b5eabb-210x300.jpg\" alt=\"\" width=\"120\" height=\"171\" srcset=\"https:\/\/www.radiopiu.net\/wordpress\/wp-content\/uploads\/2025\/07\/1c039005-af3b-4b37-8be3-f3ba13b5eabb-210x300.jpg 210w, https:\/\/www.radiopiu.net\/wordpress\/wp-content\/uploads\/2025\/07\/1c039005-af3b-4b37-8be3-f3ba13b5eabb-718x1024.jpg 718w, https:\/\/www.radiopiu.net\/wordpress\/wp-content\/uploads\/2025\/07\/1c039005-af3b-4b37-8be3-f3ba13b5eabb-768x1096.jpg 768w, https:\/\/www.radiopiu.net\/wordpress\/wp-content\/uploads\/2025\/07\/1c039005-af3b-4b37-8be3-f3ba13b5eabb-1077x1536.jpg 1077w, https:\/\/www.radiopiu.net\/wordpress\/wp-content\/uploads\/2025\/07\/1c039005-af3b-4b37-8be3-f3ba13b5eabb.jpg 1141w\" sizes=\"auto, (max-width: 120px) 100vw, 120px\" \/><\/a> E LA MEMORIA<\/h3>\n<\/blockquote>\n<p><strong>GOSALDO <\/strong>L\u2019Associazione Amici della Biblioteca di Gosaldo organizza domani alle 17, nella sala Croda Granda, un evento dedicato all\u2019artista Augusto Murer e alla sua opera \u201cMonumento alla partigiana veneta\u201d, simbolo della Resistenza e della scultura italiana del Novecento. L\u2019incontro, patrocinato dall\u2019Associazione Erma \u2013 Museo Augusto Murer, offrir\u00e0 immagini, testimonianze e approfondimenti per riscoprire il valore storico, artistico e civile dell\u2019opera. L\u2019iniziativa rientra in un anno di rinnovamento per l\u2019associazione, impegnata nella valorizzazione della biblioteca, nell\u2019attivazione di nuovi servizi e nella promozione di incontri culturali per la comunit\u00e0.<\/p>\n<p>&nbsp;<\/p>\n<p>&nbsp;<\/p>\n<hr \/>\n<p>&nbsp;<\/p>\n<blockquote>\n<h3>CONCERTO STRAORDINARIO A TRICHIANA CON I PHILIPPINE MADRIGAL SINGERS<\/h3>\n<\/blockquote>\n<p><strong><a class=\"dt-pswp-item\" href=\"https:\/\/www.radiopiu.net\/wordpress\/wp-content\/uploads\/2025\/07\/SCR-20250723-mvbv.jpeg\" data-dt-img-description=\"\" data-large_image_width=\"1476\" data-large_image_height=\"820\"><img loading=\"lazy\" decoding=\"async\" class=\" wp-image-460824 alignleft\" src=\"https:\/\/www.radiopiu.net\/wordpress\/wp-content\/uploads\/2025\/07\/SCR-20250723-mvbv-300x167.jpeg\" alt=\"\" width=\"146\" height=\"81\" srcset=\"https:\/\/www.radiopiu.net\/wordpress\/wp-content\/uploads\/2025\/07\/SCR-20250723-mvbv-300x167.jpeg 300w, https:\/\/www.radiopiu.net\/wordpress\/wp-content\/uploads\/2025\/07\/SCR-20250723-mvbv-1024x569.jpeg 1024w, https:\/\/www.radiopiu.net\/wordpress\/wp-content\/uploads\/2025\/07\/SCR-20250723-mvbv-768x427.jpeg 768w, https:\/\/www.radiopiu.net\/wordpress\/wp-content\/uploads\/2025\/07\/SCR-20250723-mvbv.jpeg 1476w\" sizes=\"auto, (max-width: 146px) 100vw, 146px\" \/><\/a>BORGO VALBELLUNA <\/strong>Domani alle 20.30, la chiesa arcipretale di Trichiana ospiter\u00e0 un concerto gratuito dei celebri Philippine Madrigal Singers, nell\u2019ambito della loro tourn\u00e9e italiana coordinata da ASAC. Il Coro Polifonico di Trichiana accoglie questo ensemble di fama mondiale, riconosciuto dall\u2019UNESCO come Artisti per la Pace. Fondato nel 1963 e diretto da Mark Anthony Carpio, il coro \u00e8 noto per l\u2019eccellenza tecnica, l\u2019esecuzione senza direttore e i numerosi premi internazionali conquistati.<\/p>\n<p>&nbsp;<\/p>\n<p>&nbsp;<\/p>\n<hr \/>\n<p>&nbsp;<\/p>\n<blockquote>\n<h3>CULTURA E AVVENTURA A SOSPIROLO: TRE SERATE TRA MONTAGNA, BICI E TEATRO<\/h3>\n<\/blockquote>\n<p><strong><a class=\"dt-pswp-item\" href=\"https:\/\/www.radiopiu.net\/wordpress\/wp-content\/uploads\/2025\/07\/LHSDGOH.jpg\" data-dt-img-description=\"\" data-large_image_width=\"1190\" data-large_image_height=\"466\"><img loading=\"lazy\" decoding=\"async\" class=\" wp-image-460508 alignleft\" src=\"https:\/\/www.radiopiu.net\/wordpress\/wp-content\/uploads\/2025\/07\/LHSDGOH-300x117.jpg\" alt=\"\" width=\"251\" height=\"98\" srcset=\"https:\/\/www.radiopiu.net\/wordpress\/wp-content\/uploads\/2025\/07\/LHSDGOH-300x117.jpg 300w, https:\/\/www.radiopiu.net\/wordpress\/wp-content\/uploads\/2025\/07\/LHSDGOH-1024x401.jpg 1024w, https:\/\/www.radiopiu.net\/wordpress\/wp-content\/uploads\/2025\/07\/LHSDGOH-768x301.jpg 768w, https:\/\/www.radiopiu.net\/wordpress\/wp-content\/uploads\/2025\/07\/LHSDGOH.jpg 1190w\" sizes=\"auto, (max-width: 251px) 100vw, 251px\" \/><\/a>SOSPIROLO <\/strong>Dal 28 al 31 luglio 2025, il Centro ricreativo \u201cPr\u00e0 de la Melia\u201d ospita tre serate del ciclo \u201cCultura e Avventura\u201d, preludio alla Festa Campestre. Si inizia luned\u00ec 28 con la 9\u00aa edizione di <em>Oltre i Feruch<\/em>: otto cortometraggi su canyon, alpinismo, leggende e ricordi di montagna, con assegnazione del premio &#8220;Feruch de Ruden&#8221;. Mercoled\u00ec 30, l\u2019Associazione Veses APS presenta il libro <em>Pedalare in Valbelluna<\/em>, 40 itinerari per scoprire il territorio su due ruote. Gioved\u00ec 31, i <em>Fuori di Quinta<\/em> portano in scena <em>Trama allo specchio<\/em>, commedia ironica su verit\u00e0 e apparenza. Ingresso libero a tutte le serate.<\/p>\n<p>&nbsp;<\/p>\n<p>&nbsp;<\/p>\n<hr \/>\n<p>&nbsp;<\/p>\n<blockquote>\n<h3>ESTATE SUL COLLE: DIVERTIMENTO, NATURA E RELAX A DUE PASSI DA BELLUNO<\/h3>\n<\/blockquote>\n<p><strong>BELLUNO <\/strong>Per offrire un&#8217;alternativa al caldo cittadino e alle affollate mete turistiche, l\u2019Associazione \u201cAmici del Neveg\u00e0l APS\u201d propone un ricco calendario di eventi estivi sul Neveg\u00e0l, a pochi minuti da Belluno. Il programma include attivit\u00e0 per bambini, passeggiate nella natura, concerti, giochi e momenti di socialit\u00e0. Si parte domenica 27 luglio con la \u201cBicimkana\u201d, percorso su due ruote per piccoli ciclisti, mentre il 2 e 9 agosto spazio alla musica. Il 12 si cammina sul sentiero \u201cCosta dei Pin\u201d, e il 17 ci sar\u00e0 un incontro sulle prospettive del Colle. Chiudono il programma il Torneo di Burraco (31 agosto) e una camminata guidata il 7 settembre. Tutti gli eventi sono patrocinati dal Comune di Belluno.<\/p>\n\n\t\t\t<style type='text\/css'>\n\t\t\t\t#gallery-7 {\n\t\t\t\t\tmargin: auto;\n\t\t\t\t}\n\t\t\t\t#gallery-7 .gallery-item {\n\t\t\t\t\tfloat: left;\n\t\t\t\t\tmargin-top: 10px;\n\t\t\t\t\ttext-align: center;\n\t\t\t\t\twidth: 50%;\n\t\t\t\t}\n\t\t\t\t#gallery-7 img {\n\t\t\t\t\tborder: 2px solid #cfcfcf;\n\t\t\t\t}\n\t\t\t\t#gallery-7 .gallery-caption {\n\t\t\t\t\tmargin-left: 0;\n\t\t\t\t}\n\t\t\t\t\/* see gallery_shortcode() in wp-includes\/media.php *\/\n\t\t\t<\/style>\n\t\t<div id='gallery-7' class='dt-gallery-container gallery galleryid-460923 gallery-columns-2 gallery-size-thumbnail'><dl class='gallery-item'>\n\t\t\t\t<dt class='gallery-icon portrait'>\n\t\t\t\t\t<a class=\"rollover rollover-zoom dt-pswp-item\" title=\"NEVEGAL 1\" data-dt-img-description=\"\" data-large_image_width=\"673\" data-large_image_height=\"953\"href='https:\/\/www.radiopiu.net\/wordpress\/wp-content\/uploads\/2025\/07\/NEVEGAL-1.jpg'><img loading=\"lazy\" decoding=\"async\" width=\"150\" height=\"150\" src=\"https:\/\/www.radiopiu.net\/wordpress\/wp-content\/uploads\/2025\/07\/NEVEGAL-1-150x150.jpg\" class=\"attachment-thumbnail size-thumbnail\" alt=\"\" \/><\/a>\n\t\t\t\t<\/dt><\/dl><dl class='gallery-item'>\n\t\t\t\t<dt class='gallery-icon portrait'>\n\t\t\t\t\t<a class=\"rollover rollover-zoom dt-pswp-item\" title=\"NEVEGAL 2\" data-dt-img-description=\"\" data-large_image_width=\"675\" data-large_image_height=\"954\"href='https:\/\/www.radiopiu.net\/wordpress\/wp-content\/uploads\/2025\/07\/NEVEGAL-2.jpg'><img loading=\"lazy\" decoding=\"async\" width=\"150\" height=\"150\" src=\"https:\/\/www.radiopiu.net\/wordpress\/wp-content\/uploads\/2025\/07\/NEVEGAL-2-150x150.jpg\" class=\"attachment-thumbnail size-thumbnail\" alt=\"\" \/><\/a>\n\t\t\t\t<\/dt><\/dl><br style=\"clear: both\" \/>\n\t\t\t<\/div>\n\n<p>&nbsp;<\/p>\n<p>&nbsp;<\/p>\n<hr \/>\n<p>&nbsp;<\/p>\n<blockquote>\n<h3><strong data-start=\"0\" data-end=\"69\">ALICE NELLE CITT\u00c0: SPETTACOLI ESTIVI TRA MAGIA, TEATRO E FANTASIA<\/strong><\/h3>\n<\/blockquote>\n<p><strong><a class=\"dt-pswp-item\" href=\"https:\/\/www.radiopiu.net\/wordpress\/wp-content\/uploads\/2025\/07\/LDGHAO.jpg\" data-dt-img-description=\"\" data-large_image_width=\"591\" data-large_image_height=\"291\"><img loading=\"lazy\" decoding=\"async\" class=\" wp-image-461013 alignleft\" src=\"https:\/\/www.radiopiu.net\/wordpress\/wp-content\/uploads\/2025\/07\/LDGHAO-300x148.jpg\" alt=\"\" width=\"195\" height=\"96\" srcset=\"https:\/\/www.radiopiu.net\/wordpress\/wp-content\/uploads\/2025\/07\/LDGHAO-300x148.jpg 300w, https:\/\/www.radiopiu.net\/wordpress\/wp-content\/uploads\/2025\/07\/LDGHAO.jpg 591w\" sizes=\"auto, (max-width: 195px) 100vw, 195px\" \/><\/a>SEDICO <\/strong>La Biblioteca di Sedico propone anche nell\u2019estate 2025 la rassegna \u201cAlice nelle citt\u00e0\u201d, all\u2019interno del progetto \u201cFiguriamoci\u201d, con tre spettacoli serali gratuiti pensati per le famiglie. Il 29 luglio la Compagnia Begher\u00e8 apre con clownerie e poesia, il 5 agosto il mago Sirio Alfiero porta illusioni per tutte le et\u00e0, e il 12 agosto la Compagnia Bambabamin chiude con una moderna Arlecchinata. Eventi all\u2019aperto che trasformano luoghi quotidiani in spazi di cultura e condivisione, coinvolgendo bambini, genitori e nonni in serate di fantasia, gioco e partecipazione.<\/p>\n<p>&nbsp;<\/p>\n<p>&nbsp;<\/p>\n<hr \/>\n<p>&nbsp;<\/p>\n<blockquote>\n<h3>TRE GIORNI DI FESTA A LA VALLE CON LA SAGRA DE LA MADONA DE LA NEIF<\/h3>\n<\/blockquote>\n<p><strong><a class=\"dt-pswp-item\" href=\"https:\/\/www.radiopiu.net\/wordpress\/wp-content\/uploads\/2025\/07\/lhgaoghaoh.jpg\" data-dt-img-description=\"\" data-large_image_width=\"569\" data-large_image_height=\"267\"><img loading=\"lazy\" decoding=\"async\" class=\" wp-image-461023 alignleft\" src=\"https:\/\/www.radiopiu.net\/wordpress\/wp-content\/uploads\/2025\/07\/lhgaoghaoh-300x141.jpg\" alt=\"\" width=\"213\" height=\"100\" srcset=\"https:\/\/www.radiopiu.net\/wordpress\/wp-content\/uploads\/2025\/07\/lhgaoghaoh-300x141.jpg 300w, https:\/\/www.radiopiu.net\/wordpress\/wp-content\/uploads\/2025\/07\/lhgaoghaoh.jpg 569w\" sizes=\"auto, (max-width: 213px) 100vw, 213px\" \/><\/a>LA VALLE<\/strong> Dal 2 al 5 agosto 2025 torna a La Valle Agordina la tradizionale sagra \u201cMadona de la Neif\u201d, organizzata dai Lavallesi Riuniti. Quattro giorni di festa tra musica, gastronomia, giochi e tradizioni. Sabato apertura con aperitivo, torneo di calcio femminile e concerto della Kriss Groove Band. Domenica pomeriggio per bambini, magia, specialit\u00e0 gastronomiche e AlpenBruder in serata. Luned\u00ec si celebra la veglia solenne e si inaugura la mostra fotografica \u201cLa Val da Incornis\u00e0\u201d. Marted\u00ec gran finale con il Merc\u00e0 de l\u2019Ista, sfilata in costumi tradizionali, mestieri antichi, spiedo e serata danzante con Eros &amp; Karin.<\/p>\n<p>&nbsp;<\/p>\n<p>&nbsp;<\/p>\n<hr \/>\n<p>&nbsp;<\/p>\n<p><strong><a class=\"dt-pswp-item\" href=\"https:\/\/www.radiopiu.net\/wordpress\/wp-content\/uploads\/2025\/07\/SCR-20250723-mrjt.jpeg\" data-dt-img-description=\"\" data-large_image_width=\"1408\" data-large_image_height=\"1980\"><img loading=\"lazy\" decoding=\"async\" class=\" wp-image-460819 alignleft\" src=\"https:\/\/www.radiopiu.net\/wordpress\/wp-content\/uploads\/2025\/07\/SCR-20250723-mrjt-213x300.jpeg\" alt=\"\" width=\"130\" height=\"183\" srcset=\"https:\/\/www.radiopiu.net\/wordpress\/wp-content\/uploads\/2025\/07\/SCR-20250723-mrjt-213x300.jpeg 213w, https:\/\/www.radiopiu.net\/wordpress\/wp-content\/uploads\/2025\/07\/SCR-20250723-mrjt-728x1024.jpeg 728w, https:\/\/www.radiopiu.net\/wordpress\/wp-content\/uploads\/2025\/07\/SCR-20250723-mrjt-768x1080.jpeg 768w, https:\/\/www.radiopiu.net\/wordpress\/wp-content\/uploads\/2025\/07\/SCR-20250723-mrjt-1092x1536.jpeg 1092w, https:\/\/www.radiopiu.net\/wordpress\/wp-content\/uploads\/2025\/07\/SCR-20250723-mrjt.jpeg 1408w\" sizes=\"auto, (max-width: 130px) 100vw, 130px\" \/><\/a> <\/strong><\/p>\n<blockquote>\n<h3>PANZE PIENE&#8230;LA FESTA DEL PANZEROTTO A GOSALDO<\/h3>\n<\/blockquote>\n<p><strong>GOSALDO <\/strong>Sabato 2 agosto, appuntamento da non perdere a Gosaldo con \u201cPANZE-PIENE\u201d, la serata pi\u00f9 golosa dell\u2019estate! Dalle ore 19:00, sotto il tendone allestito dalla Pro Loco, prender\u00e0 il via la Festa del Panzerotto: panzerotti caldi, croccanti e filanti, preparati in tante varianti per soddisfare tutti i gusti. Ma la serata non finisce qui: dalle 21:00, si accendono le luci del palco e si scatena il divertimento con la musica live dei Tirataie, per ballare, cantare e vivere una notte all\u2019insegna dell\u2019allegria. Un ringraziamento speciale va alla Macelleria Bepi Bosol, sponsor dell\u2019evento e sostenitore delle iniziative locali. Per ulteriori informazioni: <a class=\"cursor-pointer\" rel=\"noopener\" data-start=\"790\" data-end=\"814\">prolocogosaldo@gmail.com<\/a><\/p>\n<p>&nbsp;<\/p>\n<p>&nbsp;<\/p>\n<hr \/>\n<p>&nbsp;<\/p>\n<blockquote>\n<h3><a class=\"dt-pswp-item\" href=\"https:\/\/www.radiopiu.net\/wordpress\/wp-content\/uploads\/2018\/05\/Dunio-al-lavoro_resized_2.jpg\" data-dt-img-description=\"\" data-large_image_width=\"1536\" data-large_image_height=\"1152\"><img loading=\"lazy\" decoding=\"async\" class=\" wp-image-48005 alignleft\" src=\"https:\/\/www.radiopiu.net\/wordpress\/wp-content\/uploads\/2018\/05\/Dunio-al-lavoro_resized_2-300x225.jpg\" alt=\"\" width=\"172\" height=\"129\" srcset=\"https:\/\/www.radiopiu.net\/wordpress\/wp-content\/uploads\/2018\/05\/Dunio-al-lavoro_resized_2-300x225.jpg 300w, https:\/\/www.radiopiu.net\/wordpress\/wp-content\/uploads\/2018\/05\/Dunio-al-lavoro_resized_2-768x576.jpg 768w, https:\/\/www.radiopiu.net\/wordpress\/wp-content\/uploads\/2018\/05\/Dunio-al-lavoro_resized_2-1024x768.jpg 1024w, https:\/\/www.radiopiu.net\/wordpress\/wp-content\/uploads\/2018\/05\/Dunio-al-lavoro_resized_2.jpg 1536w\" sizes=\"auto, (max-width: 172px) 100vw, 172px\" \/><\/a>ARTE E SCACCHI IN MOSTRA A SAN TOMASO AGORDINO<\/h3>\n<\/blockquote>\n<p><strong>SAN TOMASO <\/strong>La Pro Loco di San Tomaso Agordino inaugura sabato 2 agosto 2025 la mostra &#8220;Dunio e gli scacchi&#8221;, con 36 opere di Dunio Piccolin, nate dalla collaborazione con Giovanni Lorusso dell\u2019Associazione Valbelluna Scacchi. L\u2019esposizione unisce arte e gioco, rendendo gli scacchi pi\u00f9 accessibili e coinvolgenti attraverso illustrazioni per tornei e scuole. Visitabile fino al 17 agosto, la mostra celebra il valore educativo e sociale degli scacchi. Domenica 10 agosto verr\u00e0 presentato anche il libro \u201cLa scacchiera sotto il calicanto\u201d, con opere e racconti legati all\u2019iniziativa. Un evento imperdibile per appassionati.<\/p>\n<p>&nbsp;<\/p>\n<p>&nbsp;<\/p>\n<hr \/>\n<p>&nbsp;<\/p>\n<blockquote>\n<h3><a class=\"dt-pswp-item\" href=\"https:\/\/www.radiopiu.net\/wordpress\/wp-content\/uploads\/2025\/07\/d51a6893-06fe-44a2-80b0-b1604b82f746.jpg\" data-dt-img-description=\"\" data-large_image_width=\"1080\" data-large_image_height=\"1080\"><img loading=\"lazy\" decoding=\"async\" class=\" wp-image-461113 alignleft\" src=\"https:\/\/www.radiopiu.net\/wordpress\/wp-content\/uploads\/2025\/07\/d51a6893-06fe-44a2-80b0-b1604b82f746-300x300.jpg\" alt=\"\" width=\"107\" height=\"107\" srcset=\"https:\/\/www.radiopiu.net\/wordpress\/wp-content\/uploads\/2025\/07\/d51a6893-06fe-44a2-80b0-b1604b82f746-300x300.jpg 300w, https:\/\/www.radiopiu.net\/wordpress\/wp-content\/uploads\/2025\/07\/d51a6893-06fe-44a2-80b0-b1604b82f746-1024x1024.jpg 1024w, https:\/\/www.radiopiu.net\/wordpress\/wp-content\/uploads\/2025\/07\/d51a6893-06fe-44a2-80b0-b1604b82f746-150x150.jpg 150w, https:\/\/www.radiopiu.net\/wordpress\/wp-content\/uploads\/2025\/07\/d51a6893-06fe-44a2-80b0-b1604b82f746-768x768.jpg 768w, https:\/\/www.radiopiu.net\/wordpress\/wp-content\/uploads\/2025\/07\/d51a6893-06fe-44a2-80b0-b1604b82f746.jpg 1080w\" sizes=\"auto, (max-width: 107px) 100vw, 107px\" \/><\/a>IL CORO AMICI CANTORI A SAN TOMASO<\/h3>\n<\/blockquote>\n<p><strong>SAN TOMASO<\/strong> Serata imperdibile sabato 2 agosto dedicata al canto corale alpino, ospitata nell\u2019antica chiesa di Celat a San Tomaso alle 20:30. Ad esibirsi saranno alcuni cantori del celebre Coro della SAT di Trento, la compagine maschile pi\u00f9 nota tra i cori di montagna in Italia.<\/p>\n<p>&nbsp;<\/p>\n<p>&nbsp;<\/p>\n<hr \/>\n<p>&nbsp;<\/p>\n<p>&nbsp;<\/p>\n<blockquote>\n<h3>FESTA DEI BELLUNESI NEL MONDO A LIMANA: UN OMAGGIO A RENATO DE FANTI<\/h3>\n<\/blockquote>\n<p><strong><a class=\"dt-pswp-item\" href=\"https:\/\/www.radiopiu.net\/wordpress\/wp-content\/uploads\/2025\/07\/LKDoHASIoHGQOP.jpg\" data-dt-img-description=\"\" data-large_image_width=\"1647\" data-large_image_height=\"1396\"><img loading=\"lazy\" decoding=\"async\" class=\" wp-image-460536 alignleft\" src=\"https:\/\/www.radiopiu.net\/wordpress\/wp-content\/uploads\/2025\/07\/LKDoHASIoHGQOP-300x254.jpg\" alt=\"\" width=\"119\" height=\"101\" srcset=\"https:\/\/www.radiopiu.net\/wordpress\/wp-content\/uploads\/2025\/07\/LKDoHASIoHGQOP-300x254.jpg 300w, https:\/\/www.radiopiu.net\/wordpress\/wp-content\/uploads\/2025\/07\/LKDoHASIoHGQOP-1024x868.jpg 1024w, https:\/\/www.radiopiu.net\/wordpress\/wp-content\/uploads\/2025\/07\/LKDoHASIoHGQOP-768x651.jpg 768w, https:\/\/www.radiopiu.net\/wordpress\/wp-content\/uploads\/2025\/07\/LKDoHASIoHGQOP-1536x1302.jpg 1536w, https:\/\/www.radiopiu.net\/wordpress\/wp-content\/uploads\/2025\/07\/LKDoHASIoHGQOP.jpg 1647w\" sizes=\"auto, (max-width: 119px) 100vw, 119px\" \/><\/a>LIMANA <\/strong>Domenica 3 agosto 2025 Limana ospiter\u00e0 la Festa dei Bellunesi nel Mondo, dedicata a Renato De Fanti, simbolo del legame con la comunit\u00e0. La giornata inizier\u00e0 alle 9.30 con il corteo, seguito dalla Santa Messa alle 10.30 e dall\u2019intitolazione di una sala a De Fanti presso il Municipio. Il pranzo conviviale con piatti tipici si terr\u00e0 alle 13.00 presso l\u2019area Pro Loco, con spettacolo di nativi americani alle 14.00 e visita guidata a Giaon alle 15.00. L\u2019evento \u00e8 organizzato con il Comune e la Pro Loco di Limana. Prenotazione obbligatoria entro il 28 luglio. Una giornata per celebrare identit\u00e0, memoria e spirito comunitario.<\/p>\n<p>&nbsp;<\/p>\n<p>&nbsp;<\/p>\n<hr \/>\n<p>&nbsp;<\/p>\n<h1><span style=\"color: #ff6600;\">IERI ALLA RADIO<\/span><\/h1>\n<h2><span style=\"color: #008000;\">ZTL AD ALLEGHE, PARLA IL SINDACO DANILO DE TONI<\/span><\/h2>\n<p><strong>DI MARINA DONA&#8217;<\/strong><\/p>\n<p>OSPITE: Danilo De Toni, sindaco di Alleghe<\/p>\n<audio class=\"wp-audio-shortcode\" id=\"audio-460923-14\" preload=\"none\" style=\"width: 100%;\" controls=\"controls\"><source type=\"audio\/mpeg\" src=\"https:\/\/www.radiopiu.net\/wordpress\/wp-content\/uploads\/2025\/07\/REPORTER-ALLEGHE-CENTRO-ZTL-DAL-1-AL-31-AGOSTO-2025-INTERVISTA-AL-SINDACO-DANILO-DE-TONI-5.mp3?_=14\" \/><a href=\"https:\/\/www.radiopiu.net\/wordpress\/wp-content\/uploads\/2025\/07\/REPORTER-ALLEGHE-CENTRO-ZTL-DAL-1-AL-31-AGOSTO-2025-INTERVISTA-AL-SINDACO-DANILO-DE-TONI-5.mp3\">https:\/\/www.radiopiu.net\/wordpress\/wp-content\/uploads\/2025\/07\/REPORTER-ALLEGHE-CENTRO-ZTL-DAL-1-AL-31-AGOSTO-2025-INTERVISTA-AL-SINDACO-DANILO-DE-TONI-5.mp3<\/a><\/audio>\n<p>&nbsp;<\/p>\n\n\t\t\t<style type='text\/css'>\n\t\t\t\t#gallery-8 {\n\t\t\t\t\tmargin: auto;\n\t\t\t\t}\n\t\t\t\t#gallery-8 .gallery-item {\n\t\t\t\t\tfloat: left;\n\t\t\t\t\tmargin-top: 10px;\n\t\t\t\t\ttext-align: center;\n\t\t\t\t\twidth: 16%;\n\t\t\t\t}\n\t\t\t\t#gallery-8 img {\n\t\t\t\t\tborder: 2px solid #cfcfcf;\n\t\t\t\t}\n\t\t\t\t#gallery-8 .gallery-caption {\n\t\t\t\t\tmargin-left: 0;\n\t\t\t\t}\n\t\t\t\t\/* see gallery_shortcode() in wp-includes\/media.php *\/\n\t\t\t<\/style>\n\t\t<div id='gallery-8' class='dt-gallery-container gallery galleryid-460923 gallery-columns-6 gallery-size-thumbnail'><dl class='gallery-item'>\n\t\t\t\t<dt class='gallery-icon landscape'>\n\t\t\t\t\t<a class=\"rollover rollover-zoom dt-pswp-item\" title=\"4f159f00-9935-4bad-b002-69bf49889acd\" data-dt-img-description=\"\" data-large_image_width=\"2000\" data-large_image_height=\"1500\"href='https:\/\/www.radiopiu.net\/wordpress\/wp-content\/uploads\/2025\/07\/4f159f00-9935-4bad-b002-69bf49889acd.jpg'><img loading=\"lazy\" decoding=\"async\" width=\"150\" height=\"150\" src=\"https:\/\/www.radiopiu.net\/wordpress\/wp-content\/uploads\/2025\/07\/4f159f00-9935-4bad-b002-69bf49889acd-150x150.jpg\" class=\"attachment-thumbnail size-thumbnail\" alt=\"\" \/><\/a>\n\t\t\t\t<\/dt><\/dl><dl class='gallery-item'>\n\t\t\t\t<dt class='gallery-icon landscape'>\n\t\t\t\t\t<a class=\"rollover rollover-zoom dt-pswp-item\" title=\"a4f0964a-4d47-4da7-a535-0a0e355103f0\" data-dt-img-description=\"\" data-large_image_width=\"2000\" data-large_image_height=\"1500\"href='https:\/\/www.radiopiu.net\/wordpress\/wp-content\/uploads\/2025\/07\/a4f0964a-4d47-4da7-a535-0a0e355103f0.jpg'><img loading=\"lazy\" decoding=\"async\" width=\"150\" height=\"150\" src=\"https:\/\/www.radiopiu.net\/wordpress\/wp-content\/uploads\/2025\/07\/a4f0964a-4d47-4da7-a535-0a0e355103f0-150x150.jpg\" class=\"attachment-thumbnail size-thumbnail\" alt=\"\" \/><\/a>\n\t\t\t\t<\/dt><\/dl><dl class='gallery-item'>\n\t\t\t\t<dt class='gallery-icon landscape'>\n\t\t\t\t\t<a class=\"rollover rollover-zoom dt-pswp-item\" title=\"779171c0-3ef7-430f-bd52-e95bdef361d1\" data-dt-img-description=\"\" data-large_image_width=\"2000\" data-large_image_height=\"1500\"href='https:\/\/www.radiopiu.net\/wordpress\/wp-content\/uploads\/2025\/07\/779171c0-3ef7-430f-bd52-e95bdef361d1.jpg'><img loading=\"lazy\" decoding=\"async\" width=\"150\" height=\"150\" src=\"https:\/\/www.radiopiu.net\/wordpress\/wp-content\/uploads\/2025\/07\/779171c0-3ef7-430f-bd52-e95bdef361d1-150x150.jpg\" class=\"attachment-thumbnail size-thumbnail\" alt=\"\" \/><\/a>\n\t\t\t\t<\/dt><\/dl><dl class='gallery-item'>\n\t\t\t\t<dt class='gallery-icon landscape'>\n\t\t\t\t\t<a class=\"rollover rollover-zoom dt-pswp-item\" title=\"d876a5de-84c3-4b4b-a9a0-ab21ce3a83d9\" data-dt-img-description=\"\" data-large_image_width=\"2000\" data-large_image_height=\"1500\"href='https:\/\/www.radiopiu.net\/wordpress\/wp-content\/uploads\/2025\/07\/d876a5de-84c3-4b4b-a9a0-ab21ce3a83d9.jpg'><img loading=\"lazy\" decoding=\"async\" width=\"150\" height=\"150\" src=\"https:\/\/www.radiopiu.net\/wordpress\/wp-content\/uploads\/2025\/07\/d876a5de-84c3-4b4b-a9a0-ab21ce3a83d9-150x150.jpg\" class=\"attachment-thumbnail size-thumbnail\" alt=\"\" \/><\/a>\n\t\t\t\t<\/dt><\/dl><dl class='gallery-item'>\n\t\t\t\t<dt class='gallery-icon landscape'>\n\t\t\t\t\t<a class=\"rollover rollover-zoom dt-pswp-item\" title=\"c637f286-cee3-4373-b13c-4e1e37d3033c\" data-dt-img-description=\"\" data-large_image_width=\"2000\" data-large_image_height=\"1500\"href='https:\/\/www.radiopiu.net\/wordpress\/wp-content\/uploads\/2025\/07\/c637f286-cee3-4373-b13c-4e1e37d3033c.jpg'><img loading=\"lazy\" decoding=\"async\" width=\"150\" height=\"150\" src=\"https:\/\/www.radiopiu.net\/wordpress\/wp-content\/uploads\/2025\/07\/c637f286-cee3-4373-b13c-4e1e37d3033c-150x150.jpg\" class=\"attachment-thumbnail size-thumbnail\" alt=\"\" \/><\/a>\n\t\t\t\t<\/dt><\/dl><dl class='gallery-item'>\n\t\t\t\t<dt class='gallery-icon landscape'>\n\t\t\t\t\t<a class=\"rollover rollover-zoom dt-pswp-item\" title=\"a682a409-8c01-422f-95a8-484a2dbb5af6\" data-dt-img-description=\"\" data-large_image_width=\"2000\" data-large_image_height=\"1500\"href='https:\/\/www.radiopiu.net\/wordpress\/wp-content\/uploads\/2025\/07\/a682a409-8c01-422f-95a8-484a2dbb5af6.jpg'><img loading=\"lazy\" decoding=\"async\" width=\"150\" height=\"150\" src=\"https:\/\/www.radiopiu.net\/wordpress\/wp-content\/uploads\/2025\/07\/a682a409-8c01-422f-95a8-484a2dbb5af6-150x150.jpg\" class=\"attachment-thumbnail size-thumbnail\" alt=\"\" \/><\/a>\n\t\t\t\t<\/dt><\/dl><br style=\"clear: both\" \/>\n\t\t\t<\/div>\n\n<p>&nbsp;<\/p>\n<hr \/>\n<p>&nbsp;<\/p>\n<h2><span style=\"color: #800080;\">SPECIALE SPI CGIL <\/span><\/h2>\n<p><strong><a class=\"dt-pswp-item\" href=\"https:\/\/www.radiopiu.net\/wordpress\/wp-content\/uploads\/2019\/02\/Logo_Spi-CGIL-800x445.jpg\" data-dt-img-description=\"\" data-large_image_width=\"800\" data-large_image_height=\"445\"><img loading=\"lazy\" decoding=\"async\" class=\" wp-image-75538 alignleft\" src=\"https:\/\/www.radiopiu.net\/wordpress\/wp-content\/uploads\/2019\/02\/Logo_Spi-CGIL-800x445-300x167.jpg\" alt=\"\" width=\"201\" height=\"112\" srcset=\"https:\/\/www.radiopiu.net\/wordpress\/wp-content\/uploads\/2019\/02\/Logo_Spi-CGIL-800x445-300x167.jpg 300w, https:\/\/www.radiopiu.net\/wordpress\/wp-content\/uploads\/2019\/02\/Logo_Spi-CGIL-800x445-768x427.jpg 768w, https:\/\/www.radiopiu.net\/wordpress\/wp-content\/uploads\/2019\/02\/Logo_Spi-CGIL-800x445.jpg 800w\" sizes=\"auto, (max-width: 201px) 100vw, 201px\" \/><\/a>DI MIRKO MEZZACASA<\/strong><\/p>\n<p>OSPITE: Maria Rita Gentilin SPI CGIL<\/p>\n<audio class=\"wp-audio-shortcode\" id=\"audio-460923-15\" preload=\"none\" style=\"width: 100%;\" controls=\"controls\"><source type=\"audio\/mpeg\" src=\"https:\/\/www.radiopiu.net\/wordpress\/wp-content\/uploads\/2025\/07\/MARIA-RITA-GENTILIN-ULTIMA-PUNTATA-2025.mp3?_=15\" \/><a href=\"https:\/\/www.radiopiu.net\/wordpress\/wp-content\/uploads\/2025\/07\/MARIA-RITA-GENTILIN-ULTIMA-PUNTATA-2025.mp3\">https:\/\/www.radiopiu.net\/wordpress\/wp-content\/uploads\/2025\/07\/MARIA-RITA-GENTILIN-ULTIMA-PUNTATA-2025.mp3<\/a><\/audio>\n<p>&nbsp;<\/p>\n<hr \/>\n<p>&nbsp;<\/p>\n<h2><span style=\"color: #ff0000;\">ARCADE SHOW..ELIA ALLA RADIO<\/span><\/h2>\n<p align=\"JUSTIFY\"><a class=\"dt-pswp-item\" href=\"https:\/\/www.radiopiu.net\/wordpress\/wp-content\/uploads\/2025\/02\/LOGO-ELIA.png\" data-dt-img-description=\"\" data-large_image_width=\"851\" data-large_image_height=\"774\"><img loading=\"lazy\" decoding=\"async\" class=\"size-medium wp-image-436960 aligncenter\" src=\"https:\/\/www.radiopiu.net\/wordpress\/wp-content\/uploads\/2025\/02\/LOGO-ELIA-300x273.png\" alt=\"\" width=\"300\" height=\"273\" srcset=\"https:\/\/www.radiopiu.net\/wordpress\/wp-content\/uploads\/2025\/02\/LOGO-ELIA-300x273.png 300w, https:\/\/www.radiopiu.net\/wordpress\/wp-content\/uploads\/2025\/02\/LOGO-ELIA-768x699.png 768w, https:\/\/www.radiopiu.net\/wordpress\/wp-content\/uploads\/2025\/02\/LOGO-ELIA.png 851w\" sizes=\"auto, (max-width: 300px) 100vw, 300px\" \/><\/a><\/p>\n<p align=\"JUSTIFY\">Arcade show, Entra nella sala giochi ufficiale di RadioPi\u00f9! Inserisci la moneta e gioca insieme a noi! Attualit\u00e0, cinema, sport, social, spensieratezza e soprattutto musica! Il primo show like a game radiofonico in italia, condotto da Elia.<\/p>\n<p align=\"JUSTIFY\"><strong>PUNTATA 19\/1<\/strong><\/p>\n<audio class=\"wp-audio-shortcode\" id=\"audio-460923-16\" preload=\"none\" style=\"width: 100%;\" controls=\"controls\"><source type=\"audio\/mpeg\" src=\"https:\/\/www.radiopiu.net\/wordpress\/wp-content\/uploads\/2025\/07\/ELIA1-1.mp3?_=16\" \/><a href=\"https:\/\/www.radiopiu.net\/wordpress\/wp-content\/uploads\/2025\/07\/ELIA1-1.mp3\">https:\/\/www.radiopiu.net\/wordpress\/wp-content\/uploads\/2025\/07\/ELIA1-1.mp3<\/a><\/audio>\n<p>&nbsp;<\/p>\n<p align=\"JUSTIFY\"><strong>PUNTATA 19\/2<\/strong><\/p>\n<audio class=\"wp-audio-shortcode\" id=\"audio-460923-17\" preload=\"none\" style=\"width: 100%;\" controls=\"controls\"><source type=\"audio\/mpeg\" src=\"https:\/\/www.radiopiu.net\/wordpress\/wp-content\/uploads\/2025\/07\/ELIA2-1.mp3?_=17\" \/><a href=\"https:\/\/www.radiopiu.net\/wordpress\/wp-content\/uploads\/2025\/07\/ELIA2-1.mp3\">https:\/\/www.radiopiu.net\/wordpress\/wp-content\/uploads\/2025\/07\/ELIA2-1.mp3<\/a><\/audio>\n<p>&nbsp;<\/p>\n<p align=\"JUSTIFY\"><strong>PUNTATA 19\/3<\/strong><\/p>\n<audio class=\"wp-audio-shortcode\" id=\"audio-460923-18\" preload=\"none\" style=\"width: 100%;\" controls=\"controls\"><source type=\"audio\/mpeg\" src=\"https:\/\/www.radiopiu.net\/wordpress\/wp-content\/uploads\/2025\/07\/ELIA3-1.mp3?_=18\" \/><a href=\"https:\/\/www.radiopiu.net\/wordpress\/wp-content\/uploads\/2025\/07\/ELIA3-1.mp3\">https:\/\/www.radiopiu.net\/wordpress\/wp-content\/uploads\/2025\/07\/ELIA3-1.mp3<\/a><\/audio>\n<p>&nbsp;<\/p>\n<h2><strong>LA RACCOLTA COMPLETA <a href=\"https:\/\/www.radiopiu.net\/wordpress\/arcade-show-elia-alla-radio\/\">CLICCA QUI<\/a><\/strong><\/h2>\n<p>&nbsp;<\/p>\n<hr \/>\n<p>&nbsp;<\/p>\n<h2><span style=\"color: #99cc00;\">SEI IN RADIO&#8230; SE di MARINA DONA&#8217;<\/span><\/h2>\n<p><strong>PUNTATA 18\u00a0 \u00a0 \u00a0 \u00a0 \u00a0 \u00a0 AUDIO<\/strong><\/p>\n<p><span style=\"color: #ff0000;\"><strong>\u00a0 \u00a0 \u00a0 \u00a0 \u00a0 \u00a0 \u00a0 \u00a0 \u00a0 \u00a0 \u00a0 \u00a0 \u00a0 \u00a0 \u00a0 \u00a0 \u00a0 \u00a0DA&#8230;\u00a0 \u00a0 \u00a0 \u00a0 \u00a0 \u00a0IL MURO DI BELLUNO<\/strong><\/span><\/p>\n<audio class=\"wp-audio-shortcode\" id=\"audio-460923-19\" preload=\"none\" style=\"width: 100%;\" controls=\"controls\"><source type=\"audio\/mpeg\" src=\"https:\/\/www.radiopiu.net\/wordpress\/wp-content\/uploads\/2025\/07\/SEISE-2.mp3?_=19\" \/><a href=\"https:\/\/www.radiopiu.net\/wordpress\/wp-content\/uploads\/2025\/07\/SEISE-2.mp3\">https:\/\/www.radiopiu.net\/wordpress\/wp-content\/uploads\/2025\/07\/SEISE-2.mp3<\/a><\/audio>\n<p>&nbsp;<\/p>\n<p><a class=\"dt-pswp-item\" href=\"https:\/\/www.radiopiu.net\/wordpress\/wp-content\/uploads\/2025\/07\/c3a57b7f-831f-4e7d-a43f-8a86a19e0ac2.jpg\" data-dt-img-description=\"\" data-large_image_width=\"1224\" data-large_image_height=\"1073\"><img loading=\"lazy\" decoding=\"async\" class=\"size-medium wp-image-461069 aligncenter\" src=\"https:\/\/www.radiopiu.net\/wordpress\/wp-content\/uploads\/2025\/07\/c3a57b7f-831f-4e7d-a43f-8a86a19e0ac2-300x263.jpg\" alt=\"\" width=\"300\" height=\"263\" srcset=\"https:\/\/www.radiopiu.net\/wordpress\/wp-content\/uploads\/2025\/07\/c3a57b7f-831f-4e7d-a43f-8a86a19e0ac2-300x263.jpg 300w, https:\/\/www.radiopiu.net\/wordpress\/wp-content\/uploads\/2025\/07\/c3a57b7f-831f-4e7d-a43f-8a86a19e0ac2-1024x898.jpg 1024w, https:\/\/www.radiopiu.net\/wordpress\/wp-content\/uploads\/2025\/07\/c3a57b7f-831f-4e7d-a43f-8a86a19e0ac2-768x673.jpg 768w, https:\/\/www.radiopiu.net\/wordpress\/wp-content\/uploads\/2025\/07\/c3a57b7f-831f-4e7d-a43f-8a86a19e0ac2.jpg 1224w\" sizes=\"auto, (max-width: 300px) 100vw, 300px\" \/><\/a><\/p>\n<p>&nbsp;<\/p>\n<h2><strong>LA RACCOLTA COMPLETA <a href=\"https:\/\/www.radiopiu.net\/wordpress\/sei-in-radio-se-24-lug\/\"><span style=\"color: #3366ff;\">CLICCA QUI<\/span><\/a><\/strong><\/h2>\n<p>&nbsp;<\/p>\n<hr \/>\n<p>&nbsp;<\/p>\n<h2><span style=\"color: #00ccff;\">TIME 4 ME&#8230;CON AMINA DE BIASIO<\/span><\/h2>\n<p><strong><a class=\"dt-pswp-item\" href=\"https:\/\/www.radiopiu.net\/wordpress\/wp-content\/uploads\/2025\/07\/524336254_1160945539383924_2271767934845679638_n.jpg\" data-dt-img-description=\"\" data-large_image_width=\"720\" data-large_image_height=\"527\"><img loading=\"lazy\" decoding=\"async\" class=\" wp-image-460971 alignleft\" src=\"https:\/\/www.radiopiu.net\/wordpress\/wp-content\/uploads\/2025\/07\/524336254_1160945539383924_2271767934845679638_n-300x220.jpg\" alt=\"\" width=\"205\" height=\"150\" srcset=\"https:\/\/www.radiopiu.net\/wordpress\/wp-content\/uploads\/2025\/07\/524336254_1160945539383924_2271767934845679638_n-300x220.jpg 300w, https:\/\/www.radiopiu.net\/wordpress\/wp-content\/uploads\/2025\/07\/524336254_1160945539383924_2271767934845679638_n.jpg 720w\" sizes=\"auto, (max-width: 205px) 100vw, 205px\" \/><\/a>DI MARINA DONA&#8217;<\/strong><\/p>\n<p>OSPITE: Amina De Biasio<\/p>\n<p><span style=\"color: #0000ff;\"><strong>PRIMA PARTE<\/strong><\/span><\/p>\n<audio class=\"wp-audio-shortcode\" id=\"audio-460923-20\" preload=\"none\" style=\"width: 100%;\" controls=\"controls\"><source type=\"audio\/mpeg\" src=\"https:\/\/www.radiopiu.net\/wordpress\/wp-content\/uploads\/2025\/07\/TIME1-2.mp3?_=20\" \/><a href=\"https:\/\/www.radiopiu.net\/wordpress\/wp-content\/uploads\/2025\/07\/TIME1-2.mp3\">https:\/\/www.radiopiu.net\/wordpress\/wp-content\/uploads\/2025\/07\/TIME1-2.mp3<\/a><\/audio>\n<p><span style=\"color: #0000ff;\">\u00a0<\/span><\/p>\n<p><span style=\"color: #0000ff;\"><strong>SECONDA PARTE<\/strong><\/span><\/p>\n<audio class=\"wp-audio-shortcode\" id=\"audio-460923-21\" preload=\"none\" style=\"width: 100%;\" controls=\"controls\"><source type=\"audio\/mpeg\" src=\"https:\/\/www.radiopiu.net\/wordpress\/wp-content\/uploads\/2025\/07\/TIME2-2.mp3?_=21\" \/><a href=\"https:\/\/www.radiopiu.net\/wordpress\/wp-content\/uploads\/2025\/07\/TIME2-2.mp3\">https:\/\/www.radiopiu.net\/wordpress\/wp-content\/uploads\/2025\/07\/TIME2-2.mp3<\/a><\/audio>\n<p><span style=\"color: #0000ff;\">\u00a0<\/span><\/p>\n<p><span style=\"color: #0000ff;\"><strong>TERZA PARTE<\/strong><\/span><\/p>\n<audio class=\"wp-audio-shortcode\" id=\"audio-460923-22\" preload=\"none\" style=\"width: 100%;\" controls=\"controls\"><source type=\"audio\/mpeg\" src=\"https:\/\/www.radiopiu.net\/wordpress\/wp-content\/uploads\/2025\/07\/TIME3-2.mp3?_=22\" \/><a href=\"https:\/\/www.radiopiu.net\/wordpress\/wp-content\/uploads\/2025\/07\/TIME3-2.mp3\">https:\/\/www.radiopiu.net\/wordpress\/wp-content\/uploads\/2025\/07\/TIME3-2.mp3<\/a><\/audio>\n<p>&nbsp;<\/p>\n<hr \/>\n<p>&nbsp;<\/p>\n<h2><span style=\"color: #ff99cc;\">UN&#8217;ESTATE DI EVENTI A SAN TOMASO AGORDINO<\/span><\/h2>\n<p><strong><a class=\"dt-pswp-item\" href=\"https:\/\/www.radiopiu.net\/wordpress\/wp-content\/uploads\/2025\/07\/pdjsaph.jpg\" data-dt-img-description=\"\" data-large_image_width=\"376\" data-large_image_height=\"306\"><img loading=\"lazy\" decoding=\"async\" class=\" wp-image-458699 alignleft\" src=\"https:\/\/www.radiopiu.net\/wordpress\/wp-content\/uploads\/2025\/07\/pdjsaph-300x244.jpg\" alt=\"\" width=\"176\" height=\"143\" srcset=\"https:\/\/www.radiopiu.net\/wordpress\/wp-content\/uploads\/2025\/07\/pdjsaph-300x244.jpg 300w, https:\/\/www.radiopiu.net\/wordpress\/wp-content\/uploads\/2025\/07\/pdjsaph.jpg 376w\" sizes=\"auto, (max-width: 176px) 100vw, 176px\" \/><\/a>DI MIRKO MEZZACASA<\/strong><\/p>\n<p>OSPITI: Jos\u00e8 Gaiardo e Moreno De Val<\/p>\n<audio class=\"wp-audio-shortcode\" id=\"audio-460923-23\" preload=\"none\" style=\"width: 100%;\" controls=\"controls\"><source type=\"audio\/mpeg\" src=\"https:\/\/www.radiopiu.net\/wordpress\/wp-content\/uploads\/2025\/07\/jose-e-moreno-san-tmaso-2025.mp3?_=23\" \/><a href=\"https:\/\/www.radiopiu.net\/wordpress\/wp-content\/uploads\/2025\/07\/jose-e-moreno-san-tmaso-2025.mp3\">https:\/\/www.radiopiu.net\/wordpress\/wp-content\/uploads\/2025\/07\/jose-e-moreno-san-tmaso-2025.mp3<\/a><\/audio>\n<p>&nbsp;<\/p>\n<hr \/>\n<p>&nbsp;<\/p>\n<h2><span style=\"color: #ffcc00;\">SABATO A SAN TOMASO LA PRESENTAZIONE DEL LIBRO &#8220;LA BATTAGLIA DEI SEMI&#8221;<\/span><\/h2>\n<p><strong><a class=\"dt-pswp-item\" href=\"https:\/\/www.radiopiu.net\/wordpress\/wp-content\/uploads\/2025\/07\/ca7ce0f2-88a1-4d8a-94b7-b20909d01382.jpg\" data-dt-img-description=\"\" data-large_image_width=\"1141\" data-large_image_height=\"1600\"><img loading=\"lazy\" decoding=\"async\" class=\" wp-image-458345 alignleft\" src=\"https:\/\/www.radiopiu.net\/wordpress\/wp-content\/uploads\/2025\/07\/ca7ce0f2-88a1-4d8a-94b7-b20909d01382-214x300.jpg\" alt=\"\" width=\"155\" height=\"217\" srcset=\"https:\/\/www.radiopiu.net\/wordpress\/wp-content\/uploads\/2025\/07\/ca7ce0f2-88a1-4d8a-94b7-b20909d01382-214x300.jpg 214w, https:\/\/www.radiopiu.net\/wordpress\/wp-content\/uploads\/2025\/07\/ca7ce0f2-88a1-4d8a-94b7-b20909d01382-730x1024.jpg 730w, https:\/\/www.radiopiu.net\/wordpress\/wp-content\/uploads\/2025\/07\/ca7ce0f2-88a1-4d8a-94b7-b20909d01382-768x1077.jpg 768w, https:\/\/www.radiopiu.net\/wordpress\/wp-content\/uploads\/2025\/07\/ca7ce0f2-88a1-4d8a-94b7-b20909d01382-1095x1536.jpg 1095w, https:\/\/www.radiopiu.net\/wordpress\/wp-content\/uploads\/2025\/07\/ca7ce0f2-88a1-4d8a-94b7-b20909d01382.jpg 1141w\" sizes=\"auto, (max-width: 155px) 100vw, 155px\" \/><\/a>DI MIRKO MEZZACASA<\/strong><\/p>\n<p>OSPITI: Renato da Ronch e Gianandrea Mencini<\/p>\n<audio class=\"wp-audio-shortcode\" id=\"audio-460923-24\" preload=\"none\" style=\"width: 100%;\" controls=\"controls\"><source type=\"audio\/mpeg\" src=\"https:\/\/www.radiopiu.net\/wordpress\/wp-content\/uploads\/2025\/07\/RENATO-GIANNANDREA-SAN-TOMASO-audio-modificato-audiophone.mp3?_=24\" \/><a href=\"https:\/\/www.radiopiu.net\/wordpress\/wp-content\/uploads\/2025\/07\/RENATO-GIANNANDREA-SAN-TOMASO-audio-modificato-audiophone.mp3\">https:\/\/www.radiopiu.net\/wordpress\/wp-content\/uploads\/2025\/07\/RENATO-GIANNANDREA-SAN-TOMASO-audio-modificato-audiophone.mp3<\/a><\/audio>\n<p>&nbsp;<\/p>\n<hr \/>\n<p>&nbsp;<\/p>\n<h2><span style=\"color: #00ccff;\">A FORCELLA AURINE IL VERTICAL COL DE LUNA IN RICORDO DI LUCIA BARBIERO<\/span><\/h2>\n<p><strong><a class=\"dt-pswp-item\" href=\"https:\/\/www.radiopiu.net\/wordpress\/wp-content\/uploads\/2025\/07\/SCR-20250723-nfyz-1.png\" data-dt-img-description=\"\" data-large_image_width=\"634\" data-large_image_height=\"520\"><img loading=\"lazy\" decoding=\"async\" class=\" wp-image-460847 alignleft\" src=\"https:\/\/www.radiopiu.net\/wordpress\/wp-content\/uploads\/2025\/07\/SCR-20250723-nfyz-1-300x246.png\" alt=\"\" width=\"187\" height=\"153\" srcset=\"https:\/\/www.radiopiu.net\/wordpress\/wp-content\/uploads\/2025\/07\/SCR-20250723-nfyz-1-300x246.png 300w, https:\/\/www.radiopiu.net\/wordpress\/wp-content\/uploads\/2025\/07\/SCR-20250723-nfyz-1.png 634w\" sizes=\"auto, (max-width: 187px) 100vw, 187px\" \/><\/a>DI MIRKO MEZZACASA<\/strong><\/p>\n<p>OSPITI: Alessia De Marco, Terry Dal Soler e Luca Cagnati<\/p>\n<audio class=\"wp-audio-shortcode\" id=\"audio-460923-25\" preload=\"none\" style=\"width: 100%;\" controls=\"controls\"><source type=\"audio\/mpeg\" src=\"https:\/\/www.radiopiu.net\/wordpress\/wp-content\/uploads\/2025\/07\/lucia-barbiero-seconda-parte-col-de-luna-trail.mp3?_=25\" \/><a href=\"https:\/\/www.radiopiu.net\/wordpress\/wp-content\/uploads\/2025\/07\/lucia-barbiero-seconda-parte-col-de-luna-trail.mp3\">https:\/\/www.radiopiu.net\/wordpress\/wp-content\/uploads\/2025\/07\/lucia-barbiero-seconda-parte-col-de-luna-trail.mp3<\/a><\/audio>\n<p>&nbsp;<\/p>\n<hr \/>\n<p>&nbsp;<\/p>\n<h2><span style=\"color: #993300;\">TORNA LA PASSEGGIATA AI PIE DE LA CRODA GRANDA<\/span><\/h2>\n<p><strong><a class=\"dt-pswp-item\" href=\"https:\/\/www.radiopiu.net\/wordpress\/wp-content\/uploads\/2025\/07\/IMG_20250709_080709.jpg\" data-dt-img-description=\"\" data-large_image_width=\"639\" data-large_image_height=\"944\"><img loading=\"lazy\" decoding=\"async\" class=\" wp-image-458344 alignleft\" src=\"https:\/\/www.radiopiu.net\/wordpress\/wp-content\/uploads\/2025\/07\/IMG_20250709_080709-203x300.jpg\" alt=\"\" width=\"141\" height=\"208\" srcset=\"https:\/\/www.radiopiu.net\/wordpress\/wp-content\/uploads\/2025\/07\/IMG_20250709_080709-203x300.jpg 203w, https:\/\/www.radiopiu.net\/wordpress\/wp-content\/uploads\/2025\/07\/IMG_20250709_080709.jpg 639w\" sizes=\"auto, (max-width: 141px) 100vw, 141px\" \/><\/a>DI MIRKO MEZZACASA<\/strong><\/p>\n<p>OSPITE: Sara Laveder<\/p>\n<audio class=\"wp-audio-shortcode\" id=\"audio-460923-26\" preload=\"none\" style=\"width: 100%;\" controls=\"controls\"><source type=\"audio\/mpeg\" src=\"https:\/\/www.radiopiu.net\/wordpress\/wp-content\/uploads\/2025\/07\/sara-laveder-2025.mp3?_=26\" \/><a href=\"https:\/\/www.radiopiu.net\/wordpress\/wp-content\/uploads\/2025\/07\/sara-laveder-2025.mp3\">https:\/\/www.radiopiu.net\/wordpress\/wp-content\/uploads\/2025\/07\/sara-laveder-2025.mp3<\/a><\/audio>\n<p>&nbsp;<\/p>\n<hr \/>\n<p>&nbsp;<\/p>\n<h2><span style=\"color: #cc99ff;\">I CONSIGLI DI GIANLUCA&#8230;DA DOLOMITI BEER &amp; WINE SHOP<\/span><\/h2>\n<p><strong><a class=\"dt-pswp-item\" href=\"https:\/\/www.radiopiu.net\/wordpress\/wp-content\/uploads\/2021\/03\/vino-300x199-1.jpg\" data-dt-img-description=\"\" data-large_image_width=\"300\" data-large_image_height=\"199\"><img loading=\"lazy\" decoding=\"async\" class=\" wp-image-199994 alignleft\" src=\"https:\/\/www.radiopiu.net\/wordpress\/wp-content\/uploads\/2021\/03\/vino-300x199-1.jpg\" alt=\"\" width=\"163\" height=\"108\" \/><\/a><\/strong><\/p>\n<p>&nbsp;<\/p>\n<p>&nbsp;<\/p>\n<p><strong>REDAZIONE<\/strong> Con l&#8217;arrivo dell&#8217;estate arrivano anche i consigli di Gianluca dal Dolomiti Beer &amp; Wine Shop<\/p>\n<p>&nbsp;<\/p>\n<p><span style=\"color: #ff0000;\"><strong>\u00a0 \u00a0<\/strong><\/span><\/p>\n<p><span style=\"color: #ff0000;\"><strong>24 LUGLIO 2025<\/strong><\/span><\/p>\n<p>Le birre speciali dell&#8217;Estonia da Dolomiti Beer &amp; Wine Shop<\/p>\n<audio class=\"wp-audio-shortcode\" id=\"audio-460923-27\" preload=\"none\" style=\"width: 100%;\" controls=\"controls\"><source type=\"audio\/mpeg\" src=\"https:\/\/www.radiopiu.net\/wordpress\/wp-content\/uploads\/2025\/07\/GWINE1-17.mp3?_=27\" \/><a href=\"https:\/\/www.radiopiu.net\/wordpress\/wp-content\/uploads\/2025\/07\/GWINE1-17.mp3\">https:\/\/www.radiopiu.net\/wordpress\/wp-content\/uploads\/2025\/07\/GWINE1-17.mp3<\/a><\/audio>\n<p>&nbsp;<\/p>\n<h2><strong>LA RACCOLTA COMPLETA <a href=\"https:\/\/www.radiopiu.net\/wordpress\/i-consigli-di-gianluca-da-dolomiti-beer-wine-shop-il-podcast\/\"><span style=\"color: #3366ff;\">CLICCA QUI<\/span><\/a><\/strong><\/h2>\n<p>&nbsp;<\/p>\n<hr \/>\n<p>&nbsp;<\/p>\n<blockquote class=\"wp-embedded-content\" data-secret=\"StxlElssRT\"><p><a href=\"https:\/\/www.radiopiu.net\/wordpress\/frassene-1909-la-voce-riconoscente-degli-alunni-un-documento-dallarchivio-di-giuliano-laveder\/\">FRASSEN\u00c8, 1909: LA VOCE RICONOSCENTE DEGLI ALUNNI \u2014 UN DOCUMENTO DALL&#8217;ARCHIVIO DI GIULIANO LAVEDER<\/a><\/p><\/blockquote>\n<p><iframe loading=\"lazy\" class=\"wp-embedded-content\" sandbox=\"allow-scripts\" security=\"restricted\" style=\"position: absolute; visibility: hidden;\" title=\"&#8220;FRASSEN\u00c8, 1909: LA VOCE RICONOSCENTE DEGLI ALUNNI \u2014 UN DOCUMENTO DALL&#8217;ARCHIVIO DI GIULIANO LAVEDER&#8221; &#8212; Radio Pi\u00f9\" src=\"https:\/\/www.radiopiu.net\/wordpress\/frassene-1909-la-voce-riconoscente-degli-alunni-un-documento-dallarchivio-di-giuliano-laveder\/embed\/#?secret=24102snQY4#?secret=StxlElssRT\" data-secret=\"StxlElssRT\" width=\"600\" height=\"338\" frameborder=\"0\" marginwidth=\"0\" marginheight=\"0\" scrolling=\"no\"><\/iframe><\/p>\n<p>&nbsp;<\/p>\n<hr \/>\n<p>&nbsp;<\/p>\n<h2><span style=\"color: #ff0000;\"><a class=\"dt-pswp-item\" href=\"https:\/\/www.radiopiu.net\/wordpress\/wp-content\/uploads\/2018\/09\/appuntamenti.jpeg\" data-dt-img-description=\"\" data-large_image_width=\"800\" data-large_image_height=\"100\"><img loading=\"lazy\" decoding=\"async\" class=\"wp-image-61958 size-full aligncenter\" src=\"https:\/\/www.radiopiu.net\/wordpress\/wp-content\/uploads\/2018\/09\/appuntamenti.jpeg\" alt=\"\" width=\"800\" height=\"100\" srcset=\"https:\/\/www.radiopiu.net\/wordpress\/wp-content\/uploads\/2018\/09\/appuntamenti.jpeg 800w, https:\/\/www.radiopiu.net\/wordpress\/wp-content\/uploads\/2018\/09\/appuntamenti-300x38.jpeg 300w, https:\/\/www.radiopiu.net\/wordpress\/wp-content\/uploads\/2018\/09\/appuntamenti-768x96.jpeg 768w\" sizes=\"auto, (max-width: 800px) 100vw, 800px\" \/><\/a><\/span><\/h2>\n<p>&nbsp;<\/p>\n<div>\n<div class=\"\" dir=\"auto\">\n<div id=\":r9h:\" class=\"x1iorvi4 x1pi30zi x1l90r2v x1swvt13\" data-ad-comet-preview=\"message\" data-ad-preview=\"message\">\n<div class=\"\" dir=\"auto\">\n<div id=\":r9h:\" class=\"x1iorvi4 x1pi30zi x1l90r2v x1swvt13\" data-ad-comet-preview=\"message\" data-ad-preview=\"message\">\n<div class=\"\" dir=\"auto\">\n<div id=\":r9h:\" class=\"x1iorvi4 x1pi30zi x1l90r2v x1swvt13\" data-ad-comet-preview=\"message\" data-ad-preview=\"message\">\n<div class=\"\" dir=\"auto\">\n<div id=\":r9h:\" class=\"x1iorvi4 x1pi30zi x1l90r2v x1swvt13\" data-ad-comet-preview=\"message\" data-ad-preview=\"message\">\n<div>\n<div class=\"\" dir=\"auto\">\n<div id=\":r9h:\" class=\"x1iorvi4 x1pi30zi x1l90r2v x1swvt13\" data-ad-comet-preview=\"message\" data-ad-preview=\"message\">\n<div>\n<div class=\"\" dir=\"auto\">\n<div id=\":r9h:\" class=\"x1iorvi4 x1pi30zi x1l90r2v x1swvt13\" data-ad-comet-preview=\"message\" data-ad-preview=\"message\">\n<div class=\"xdj266r x11i5rnm xat24cr x1mh8g0r x1vvkbs x126k92a\">\n<div dir=\"auto\"><\/div>\n<\/div>\n<div>\n<div class=\"\" dir=\"auto\">\n<div id=\":r9h:\" class=\"x1iorvi4 x1pi30zi x1l90r2v x1swvt13\" data-ad-comet-preview=\"message\" data-ad-preview=\"message\">\n<div>\n<div class=\"\" dir=\"auto\">\n<div id=\":r9h:\" class=\"x1iorvi4 x1pi30zi x1l90r2v x1swvt13\" data-ad-comet-preview=\"message\" data-ad-preview=\"message\">\n\n\t\t\t<style type='text\/css'>\n\t\t\t\t#gallery-9 {\n\t\t\t\t\tmargin: auto;\n\t\t\t\t}\n\t\t\t\t#gallery-9 .gallery-item {\n\t\t\t\t\tfloat: left;\n\t\t\t\t\tmargin-top: 10px;\n\t\t\t\t\ttext-align: center;\n\t\t\t\t\twidth: 20%;\n\t\t\t\t}\n\t\t\t\t#gallery-9 img {\n\t\t\t\t\tborder: 2px solid #cfcfcf;\n\t\t\t\t}\n\t\t\t\t#gallery-9 .gallery-caption {\n\t\t\t\t\tmargin-left: 0;\n\t\t\t\t}\n\t\t\t\t\/* see gallery_shortcode() in wp-includes\/media.php *\/\n\t\t\t<\/style>\n\t\t<div id='gallery-9' class='dt-gallery-container gallery galleryid-460923 gallery-columns-5 gallery-size-thumbnail'><dl class='gallery-item'>\n\t\t\t\t<dt class='gallery-icon portrait'>\n\t\t\t\t\t<a class=\"rollover rollover-zoom dt-pswp-item\" title=\"090267ee-c61a-4395-8f22-076aae3d6bae\" data-dt-img-description=\"\" data-large_image_width=\"1131\" data-large_image_height=\"1600\"href='https:\/\/www.radiopiu.net\/wordpress\/wp-content\/uploads\/2025\/07\/090267ee-c61a-4395-8f22-076aae3d6bae.jpg'><img loading=\"lazy\" decoding=\"async\" width=\"150\" height=\"150\" src=\"https:\/\/www.radiopiu.net\/wordpress\/wp-content\/uploads\/2025\/07\/090267ee-c61a-4395-8f22-076aae3d6bae-150x150.jpg\" class=\"attachment-thumbnail size-thumbnail\" alt=\"\" \/><\/a>\n\t\t\t\t<\/dt><\/dl><dl class='gallery-item'>\n\t\t\t\t<dt class='gallery-icon portrait'>\n\t\t\t\t\t<a class=\"rollover rollover-zoom dt-pswp-item\" title=\"cadf9f3e-b763-4b78-a053-a610ef5c8c99\" data-dt-img-description=\"\" data-large_image_width=\"960\" data-large_image_height=\"1280\"href='https:\/\/www.radiopiu.net\/wordpress\/wp-content\/uploads\/2025\/06\/cadf9f3e-b763-4b78-a053-a610ef5c8c99.jpg'><img loading=\"lazy\" decoding=\"async\" width=\"150\" height=\"150\" src=\"https:\/\/www.radiopiu.net\/wordpress\/wp-content\/uploads\/2025\/06\/cadf9f3e-b763-4b78-a053-a610ef5c8c99-150x150.jpg\" class=\"attachment-thumbnail size-thumbnail\" alt=\"\" \/><\/a>\n\t\t\t\t<\/dt><\/dl><dl class='gallery-item'>\n\t\t\t\t<dt class='gallery-icon portrait'>\n\t\t\t\t\t<a class=\"rollover rollover-zoom dt-pswp-item\" title=\"mostra_RotaSperti\" data-dt-img-description=\"\" data-large_image_width=\"1414\" data-large_image_height=\"2000\"href='https:\/\/www.radiopiu.net\/wordpress\/wp-content\/uploads\/2025\/06\/mostra_RotaSperti.png'><img loading=\"lazy\" decoding=\"async\" width=\"150\" height=\"150\" src=\"https:\/\/www.radiopiu.net\/wordpress\/wp-content\/uploads\/2025\/06\/mostra_RotaSperti-150x150.png\" class=\"attachment-thumbnail size-thumbnail\" alt=\"\" \/><\/a>\n\t\t\t\t<\/dt><\/dl><dl class='gallery-item'>\n\t\t\t\t<dt class='gallery-icon portrait'>\n\t\t\t\t\t<a class=\"rollover rollover-zoom dt-pswp-item\" title=\"fac4fca6-e68b-4407-9911-927fad81e2d6\" data-dt-img-description=\"\" data-large_image_width=\"1080\" data-large_image_height=\"1507\"href='https:\/\/www.radiopiu.net\/wordpress\/wp-content\/uploads\/2025\/06\/fac4fca6-e68b-4407-9911-927fad81e2d6.jpg'><img loading=\"lazy\" decoding=\"async\" width=\"150\" height=\"150\" src=\"https:\/\/www.radiopiu.net\/wordpress\/wp-content\/uploads\/2025\/06\/fac4fca6-e68b-4407-9911-927fad81e2d6-150x150.jpg\" class=\"attachment-thumbnail size-thumbnail\" alt=\"\" \/><\/a>\n\t\t\t\t<\/dt><\/dl><dl class='gallery-item'>\n\t\t\t\t<dt class='gallery-icon portrait'>\n\t\t\t\t\t<a class=\"rollover rollover-zoom dt-pswp-item\" title=\"c55ce2db-ca03-471b-81c4-095c39ada29e\" data-dt-img-description=\"\" data-large_image_width=\"509\" data-large_image_height=\"720\"href='https:\/\/www.radiopiu.net\/wordpress\/wp-content\/uploads\/2025\/06\/c55ce2db-ca03-471b-81c4-095c39ada29e.jpg'><img loading=\"lazy\" decoding=\"async\" width=\"150\" height=\"150\" src=\"https:\/\/www.radiopiu.net\/wordpress\/wp-content\/uploads\/2025\/06\/c55ce2db-ca03-471b-81c4-095c39ada29e-150x150.jpg\" class=\"attachment-thumbnail size-thumbnail\" alt=\"\" \/><\/a>\n\t\t\t\t<\/dt><\/dl><br style=\"clear: both\" \/><dl class='gallery-item'>\n\t\t\t\t<dt class='gallery-icon portrait'>\n\t\t\t\t\t<a class=\"rollover rollover-zoom dt-pswp-item\" title=\"starson luglio\" data-dt-img-description=\"\" data-large_image_width=\"668\" data-large_image_height=\"847\"href='https:\/\/www.radiopiu.net\/wordpress\/wp-content\/uploads\/2025\/07\/starson-luglio.jpg'><img loading=\"lazy\" decoding=\"async\" width=\"150\" height=\"150\" src=\"https:\/\/www.radiopiu.net\/wordpress\/wp-content\/uploads\/2025\/07\/starson-luglio-150x150.jpg\" class=\"attachment-thumbnail size-thumbnail\" alt=\"\" \/><\/a>\n\t\t\t\t<\/dt><\/dl><dl class='gallery-item'>\n\t\t\t\t<dt class='gallery-icon portrait'>\n\t\t\t\t\t<a class=\"rollover rollover-zoom dt-pswp-item\" title=\"8d3ab9cd-a4cb-4a99-bfe1-ac0fb17b9dba\" data-dt-img-description=\"\" data-large_image_width=\"828\" data-large_image_height=\"1158\"href='https:\/\/www.radiopiu.net\/wordpress\/wp-content\/uploads\/2025\/07\/8d3ab9cd-a4cb-4a99-bfe1-ac0fb17b9dba.jpg'><img loading=\"lazy\" decoding=\"async\" width=\"150\" height=\"150\" src=\"https:\/\/www.radiopiu.net\/wordpress\/wp-content\/uploads\/2025\/07\/8d3ab9cd-a4cb-4a99-bfe1-ac0fb17b9dba-150x150.jpg\" class=\"attachment-thumbnail size-thumbnail\" alt=\"\" \/><\/a>\n\t\t\t\t<\/dt><\/dl><dl class='gallery-item'>\n\t\t\t\t<dt class='gallery-icon portrait'>\n\t\t\t\t\t<a class=\"rollover rollover-zoom dt-pswp-item\" title=\"4d595d64-63bb-4e50-8359-03cbcfa1dd7a\" data-dt-img-description=\"\" data-large_image_width=\"828\" data-large_image_height=\"1158\"href='https:\/\/www.radiopiu.net\/wordpress\/wp-content\/uploads\/2025\/07\/4d595d64-63bb-4e50-8359-03cbcfa1dd7a.jpg'><img loading=\"lazy\" decoding=\"async\" width=\"150\" height=\"150\" src=\"https:\/\/www.radiopiu.net\/wordpress\/wp-content\/uploads\/2025\/07\/4d595d64-63bb-4e50-8359-03cbcfa1dd7a-150x150.jpg\" class=\"attachment-thumbnail size-thumbnail\" alt=\"\" \/><\/a>\n\t\t\t\t<\/dt><\/dl><dl class='gallery-item'>\n\t\t\t\t<dt class='gallery-icon portrait'>\n\t\t\t\t\t<a class=\"rollover rollover-zoom dt-pswp-item\" title=\"Screenshot 2025-07-03 053311\" data-dt-img-description=\"\" data-large_image_width=\"553\" data-large_image_height=\"781\"href='https:\/\/www.radiopiu.net\/wordpress\/wp-content\/uploads\/2025\/07\/Screenshot-2025-07-03-053311.png'><img loading=\"lazy\" decoding=\"async\" width=\"150\" height=\"150\" src=\"https:\/\/www.radiopiu.net\/wordpress\/wp-content\/uploads\/2025\/07\/Screenshot-2025-07-03-053311-150x150.png\" class=\"attachment-thumbnail size-thumbnail\" alt=\"\" \/><\/a>\n\t\t\t\t<\/dt><\/dl><dl class='gallery-item'>\n\t\t\t\t<dt class='gallery-icon portrait'>\n\t\t\t\t\t<a class=\"rollover rollover-zoom dt-pswp-item\" title=\"3962b3bb-de84-4fa0-beb8-8af3574e8151\" data-dt-img-description=\"\" data-large_image_width=\"1132\" data-large_image_height=\"1600\"href='https:\/\/www.radiopiu.net\/wordpress\/wp-content\/uploads\/2025\/07\/3962b3bb-de84-4fa0-beb8-8af3574e8151.jpg'><img loading=\"lazy\" decoding=\"async\" width=\"150\" height=\"150\" src=\"https:\/\/www.radiopiu.net\/wordpress\/wp-content\/uploads\/2025\/07\/3962b3bb-de84-4fa0-beb8-8af3574e8151-150x150.jpg\" class=\"attachment-thumbnail size-thumbnail\" alt=\"\" \/><\/a>\n\t\t\t\t<\/dt><\/dl><br style=\"clear: both\" \/><dl class='gallery-item'>\n\t\t\t\t<dt class='gallery-icon portrait'>\n\t\t\t\t\t<a class=\"rollover rollover-zoom dt-pswp-item\" title=\"locandina mostra 25\" data-dt-img-description=\"\" data-large_image_width=\"629\" data-large_image_height=\"875\"href='https:\/\/www.radiopiu.net\/wordpress\/wp-content\/uploads\/2025\/07\/locandina-mostra-25.jpg'><img loading=\"lazy\" decoding=\"async\" width=\"150\" height=\"150\" src=\"https:\/\/www.radiopiu.net\/wordpress\/wp-content\/uploads\/2025\/07\/locandina-mostra-25-150x150.jpg\" class=\"attachment-thumbnail size-thumbnail\" alt=\"\" \/><\/a>\n\t\t\t\t<\/dt><\/dl><dl class='gallery-item'>\n\t\t\t\t<dt class='gallery-icon portrait'>\n\t\t\t\t\t<a class=\"rollover rollover-zoom dt-pswp-item\" title=\"IMG_20250709_080709\" data-dt-img-description=\"\" data-large_image_width=\"639\" data-large_image_height=\"944\"href='https:\/\/www.radiopiu.net\/wordpress\/wp-content\/uploads\/2025\/07\/IMG_20250709_080709.jpg'><img loading=\"lazy\" decoding=\"async\" width=\"150\" height=\"150\" src=\"https:\/\/www.radiopiu.net\/wordpress\/wp-content\/uploads\/2025\/07\/IMG_20250709_080709-150x150.jpg\" class=\"attachment-thumbnail size-thumbnail\" alt=\"\" \/><\/a>\n\t\t\t\t<\/dt><\/dl><dl class='gallery-item'>\n\t\t\t\t<dt class='gallery-icon portrait'>\n\t\t\t\t\t<a class=\"rollover rollover-zoom dt-pswp-item\" title=\"ca7ce0f2-88a1-4d8a-94b7-b20909d01382\" data-dt-img-description=\"\" data-large_image_width=\"1141\" data-large_image_height=\"1600\"href='https:\/\/www.radiopiu.net\/wordpress\/wp-content\/uploads\/2025\/07\/ca7ce0f2-88a1-4d8a-94b7-b20909d01382.jpg'><img loading=\"lazy\" decoding=\"async\" width=\"150\" height=\"150\" src=\"https:\/\/www.radiopiu.net\/wordpress\/wp-content\/uploads\/2025\/07\/ca7ce0f2-88a1-4d8a-94b7-b20909d01382-150x150.jpg\" class=\"attachment-thumbnail size-thumbnail\" alt=\"\" \/><\/a>\n\t\t\t\t<\/dt><\/dl><dl class='gallery-item'>\n\t\t\t\t<dt class='gallery-icon portrait'>\n\t\t\t\t\t<a class=\"rollover rollover-zoom dt-pswp-item\" title=\"SCR-20250710-rfhq\" data-dt-img-description=\"\" data-large_image_width=\"1278\" data-large_image_height=\"1818\"href='https:\/\/www.radiopiu.net\/wordpress\/wp-content\/uploads\/2025\/07\/SCR-20250710-rfhq.png'><img loading=\"lazy\" decoding=\"async\" width=\"150\" height=\"150\" src=\"https:\/\/www.radiopiu.net\/wordpress\/wp-content\/uploads\/2025\/07\/SCR-20250710-rfhq-150x150.png\" class=\"attachment-thumbnail size-thumbnail\" alt=\"\" \/><\/a>\n\t\t\t\t<\/dt><\/dl><dl class='gallery-item'>\n\t\t\t\t<dt class='gallery-icon portrait'>\n\t\t\t\t\t<a class=\"rollover rollover-zoom dt-pswp-item\" title=\"locandina Paris\" data-dt-img-description=\"\" data-large_image_width=\"1810\" data-large_image_height=\"2560\"href='https:\/\/www.radiopiu.net\/wordpress\/wp-content\/uploads\/2025\/07\/locandina-Paris-1-scaled.jpg'><img loading=\"lazy\" decoding=\"async\" width=\"150\" height=\"150\" src=\"https:\/\/www.radiopiu.net\/wordpress\/wp-content\/uploads\/2025\/07\/locandina-Paris-1-150x150.jpg\" class=\"attachment-thumbnail size-thumbnail\" alt=\"\" \/><\/a>\n\t\t\t\t<\/dt><\/dl><br style=\"clear: both\" \/><dl class='gallery-item'>\n\t\t\t\t<dt class='gallery-icon portrait'>\n\t\t\t\t\t<a class=\"rollover rollover-zoom dt-pswp-item\" title=\"Cinema in Contrada 2025_Locandina_A4\" data-dt-img-description=\"\" data-large_image_width=\"1416\" data-large_image_height=\"2000\"href='https:\/\/www.radiopiu.net\/wordpress\/wp-content\/uploads\/2025\/07\/Cinema-in-Contrada-2025_Locandina_A4.png'><img loading=\"lazy\" decoding=\"async\" width=\"150\" height=\"150\" src=\"https:\/\/www.radiopiu.net\/wordpress\/wp-content\/uploads\/2025\/07\/Cinema-in-Contrada-2025_Locandina_A4-150x150.png\" class=\"attachment-thumbnail size-thumbnail\" alt=\"\" \/><\/a>\n\t\t\t\t<\/dt><\/dl><dl class='gallery-item'>\n\t\t\t\t<dt class='gallery-icon portrait'>\n\t\t\t\t\t<a class=\"rollover rollover-zoom dt-pswp-item\" title=\"VERTICAL COL DI LANA 2025\" data-dt-img-description=\"\" data-large_image_width=\"476\" data-large_image_height=\"695\"href='https:\/\/www.radiopiu.net\/wordpress\/wp-content\/uploads\/2025\/07\/VERTICAL-COL-DI-LANA-2025.jpg'><img loading=\"lazy\" decoding=\"async\" width=\"150\" height=\"150\" src=\"https:\/\/www.radiopiu.net\/wordpress\/wp-content\/uploads\/2025\/07\/VERTICAL-COL-DI-LANA-2025-150x150.jpg\" class=\"attachment-thumbnail size-thumbnail\" alt=\"\" \/><\/a>\n\t\t\t\t<\/dt><\/dl><dl class='gallery-item'>\n\t\t\t\t<dt class='gallery-icon portrait'>\n\t\t\t\t\t<a class=\"rollover rollover-zoom dt-pswp-item\" title=\"582f7d3f-1659-4262-b430-7f809aa35179\" data-dt-img-description=\"\" data-large_image_width=\"1131\" data-large_image_height=\"1600\"href='https:\/\/www.radiopiu.net\/wordpress\/wp-content\/uploads\/2025\/07\/582f7d3f-1659-4262-b430-7f809aa35179.jpg'><img loading=\"lazy\" decoding=\"async\" width=\"150\" height=\"150\" src=\"https:\/\/www.radiopiu.net\/wordpress\/wp-content\/uploads\/2025\/07\/582f7d3f-1659-4262-b430-7f809aa35179-150x150.jpg\" class=\"attachment-thumbnail size-thumbnail\" alt=\"\" \/><\/a>\n\t\t\t\t<\/dt><\/dl><dl class='gallery-item'>\n\t\t\t\t<dt class='gallery-icon portrait'>\n\t\t\t\t\t<a class=\"rollover rollover-zoom dt-pswp-item\" title=\"79bd5598-a5d8-47fa-8ba6-4fdc84938635\" data-dt-img-description=\"\" data-large_image_width=\"1344\" data-large_image_height=\"1674\"href='https:\/\/www.radiopiu.net\/wordpress\/wp-content\/uploads\/2025\/07\/79bd5598-a5d8-47fa-8ba6-4fdc84938635.jpg'><img loading=\"lazy\" decoding=\"async\" width=\"150\" height=\"150\" src=\"https:\/\/www.radiopiu.net\/wordpress\/wp-content\/uploads\/2025\/07\/79bd5598-a5d8-47fa-8ba6-4fdc84938635-150x150.jpg\" class=\"attachment-thumbnail size-thumbnail\" alt=\"\" \/><\/a>\n\t\t\t\t<\/dt><\/dl><dl class='gallery-item'>\n\t\t\t\t<dt class='gallery-icon landscape'>\n\t\t\t\t\t<a class=\"rollover rollover-zoom dt-pswp-item\" title=\"Screenshot 2025-07-16 095516\" data-dt-img-description=\"\" data-large_image_width=\"364\" data-large_image_height=\"332\"href='https:\/\/www.radiopiu.net\/wordpress\/wp-content\/uploads\/2025\/07\/Screenshot-2025-07-16-095516.png'><img loading=\"lazy\" decoding=\"async\" width=\"150\" height=\"150\" src=\"https:\/\/www.radiopiu.net\/wordpress\/wp-content\/uploads\/2025\/07\/Screenshot-2025-07-16-095516-150x150.png\" class=\"attachment-thumbnail size-thumbnail\" alt=\"\" \/><\/a>\n\t\t\t\t<\/dt><\/dl><br style=\"clear: both\" \/><dl class='gallery-item'>\n\t\t\t\t<dt class='gallery-icon portrait'>\n\t\t\t\t\t<a class=\"rollover rollover-zoom dt-pswp-item\" title=\"514284824_122160849950463773_4248149650309788008_n\" data-dt-img-description=\"\" data-large_image_width=\"480\" data-large_image_height=\"600\"href='https:\/\/www.radiopiu.net\/wordpress\/wp-content\/uploads\/2025\/07\/514284824_122160849950463773_4248149650309788008_n.jpg'><img loading=\"lazy\" decoding=\"async\" width=\"150\" height=\"150\" src=\"https:\/\/www.radiopiu.net\/wordpress\/wp-content\/uploads\/2025\/07\/514284824_122160849950463773_4248149650309788008_n-150x150.jpg\" class=\"attachment-thumbnail size-thumbnail\" alt=\"\" \/><\/a>\n\t\t\t\t<\/dt><\/dl><dl class='gallery-item'>\n\t\t\t\t<dt class='gallery-icon portrait'>\n\t\t\t\t\t<a class=\"rollover rollover-zoom dt-pswp-item\" title=\"90765e4f-be2b-4e18-8c1f-e4715da15ab1\" data-dt-img-description=\"\" data-large_image_width=\"1131\" data-large_image_height=\"1600\"href='https:\/\/www.radiopiu.net\/wordpress\/wp-content\/uploads\/2025\/07\/90765e4f-be2b-4e18-8c1f-e4715da15ab1.jpg'><img loading=\"lazy\" decoding=\"async\" width=\"150\" height=\"150\" src=\"https:\/\/www.radiopiu.net\/wordpress\/wp-content\/uploads\/2025\/07\/90765e4f-be2b-4e18-8c1f-e4715da15ab1-150x150.jpg\" class=\"attachment-thumbnail size-thumbnail\" alt=\"\" \/><\/a>\n\t\t\t\t<\/dt><\/dl><dl class='gallery-item'>\n\t\t\t\t<dt class='gallery-icon portrait'>\n\t\t\t\t\t<a class=\"rollover rollover-zoom dt-pswp-item\" title=\"5148ef5f-cc35-4360-aaa5-d409e19c28a2\" data-dt-img-description=\"\" data-large_image_width=\"1423\" data-large_image_height=\"2000\"href='https:\/\/www.radiopiu.net\/wordpress\/wp-content\/uploads\/2025\/07\/5148ef5f-cc35-4360-aaa5-d409e19c28a2.jpg'><img loading=\"lazy\" decoding=\"async\" width=\"150\" height=\"150\" src=\"https:\/\/www.radiopiu.net\/wordpress\/wp-content\/uploads\/2025\/07\/5148ef5f-cc35-4360-aaa5-d409e19c28a2-150x150.jpg\" class=\"attachment-thumbnail size-thumbnail\" alt=\"\" \/><\/a>\n\t\t\t\t<\/dt><\/dl><dl class='gallery-item'>\n\t\t\t\t<dt class='gallery-icon portrait'>\n\t\t\t\t\t<a class=\"rollover rollover-zoom dt-pswp-item\" title=\"1ce0d1c1-ccbd-4163-8000-bab4346d4f90\" data-dt-img-description=\"\" data-large_image_width=\"750\" data-large_image_height=\"1062\"href='https:\/\/www.radiopiu.net\/wordpress\/wp-content\/uploads\/2025\/07\/1ce0d1c1-ccbd-4163-8000-bab4346d4f90.jpg'><img loading=\"lazy\" decoding=\"async\" width=\"150\" height=\"150\" src=\"https:\/\/www.radiopiu.net\/wordpress\/wp-content\/uploads\/2025\/07\/1ce0d1c1-ccbd-4163-8000-bab4346d4f90-150x150.jpg\" class=\"attachment-thumbnail size-thumbnail\" alt=\"\" \/><\/a>\n\t\t\t\t<\/dt><\/dl><dl class='gallery-item'>\n\t\t\t\t<dt class='gallery-icon portrait'>\n\t\t\t\t\t<a class=\"rollover rollover-zoom dt-pswp-item\" title=\"1c039005-af3b-4b37-8be3-f3ba13b5eabb\" data-dt-img-description=\"\" data-large_image_width=\"1141\" data-large_image_height=\"1628\"href='https:\/\/www.radiopiu.net\/wordpress\/wp-content\/uploads\/2025\/07\/1c039005-af3b-4b37-8be3-f3ba13b5eabb.jpg'><img loading=\"lazy\" decoding=\"async\" width=\"150\" height=\"150\" src=\"https:\/\/www.radiopiu.net\/wordpress\/wp-content\/uploads\/2025\/07\/1c039005-af3b-4b37-8be3-f3ba13b5eabb-150x150.jpg\" class=\"attachment-thumbnail size-thumbnail\" alt=\"\" \/><\/a>\n\t\t\t\t<\/dt><\/dl><br style=\"clear: both\" \/><dl class='gallery-item'>\n\t\t\t\t<dt class='gallery-icon portrait'>\n\t\t\t\t\t<a class=\"rollover rollover-zoom dt-pswp-item\" title=\"Col-de-Luna-Trail1-pdf\" data-dt-img-description=\"\" data-large_image_width=\"756\" data-large_image_height=\"1068\"href='https:\/\/www.radiopiu.net\/wordpress\/wp-content\/uploads\/2025\/07\/Col-de-Luna-Trail1-pdf.jpg'><img loading=\"lazy\" decoding=\"async\" width=\"150\" height=\"150\" src=\"https:\/\/www.radiopiu.net\/wordpress\/wp-content\/uploads\/2025\/07\/Col-de-Luna-Trail1-pdf-150x150.jpg\" class=\"attachment-thumbnail size-thumbnail\" alt=\"\" \/><\/a>\n\t\t\t\t<\/dt><\/dl><dl class='gallery-item'>\n\t\t\t\t<dt class='gallery-icon portrait'>\n\t\t\t\t\t<a class=\"rollover rollover-zoom dt-pswp-item\" title=\"4651f578-507e-465d-9233-15b857674fc4\" data-dt-img-description=\"\" data-large_image_width=\"1061\" data-large_image_height=\"1500\"href='https:\/\/www.radiopiu.net\/wordpress\/wp-content\/uploads\/2025\/07\/4651f578-507e-465d-9233-15b857674fc4.jpg'><img loading=\"lazy\" decoding=\"async\" width=\"150\" height=\"150\" src=\"https:\/\/www.radiopiu.net\/wordpress\/wp-content\/uploads\/2025\/07\/4651f578-507e-465d-9233-15b857674fc4-150x150.jpg\" class=\"attachment-thumbnail size-thumbnail\" alt=\"\" \/><\/a>\n\t\t\t\t<\/dt><\/dl><dl class='gallery-item'>\n\t\t\t\t<dt class='gallery-icon portrait'>\n\t\t\t\t\t<a class=\"rollover rollover-zoom dt-pswp-item\" title=\"Locandina Il significato della speranza in Albino Luciani_page-0001\" data-dt-img-description=\"\" data-large_image_width=\"1241\" data-large_image_height=\"1755\"href='https:\/\/www.radiopiu.net\/wordpress\/wp-content\/uploads\/2025\/07\/Locandina-Il-significato-della-speranza-in-Albino-Luciani_page-0001.jpg'><img loading=\"lazy\" decoding=\"async\" width=\"150\" height=\"150\" src=\"https:\/\/www.radiopiu.net\/wordpress\/wp-content\/uploads\/2025\/07\/Locandina-Il-significato-della-speranza-in-Albino-Luciani_page-0001-150x150.jpg\" class=\"attachment-thumbnail size-thumbnail\" alt=\"\" \/><\/a>\n\t\t\t\t<\/dt><\/dl><dl class='gallery-item'>\n\t\t\t\t<dt class='gallery-icon portrait'>\n\t\t\t\t\t<a class=\"rollover rollover-zoom dt-pswp-item\" title=\"227a7cb1-ca8d-4b6a-8526-f9194a7cfa50\" data-dt-img-description=\"\" data-large_image_width=\"899\" data-large_image_height=\"1599\"href='https:\/\/www.radiopiu.net\/wordpress\/wp-content\/uploads\/2025\/07\/227a7cb1-ca8d-4b6a-8526-f9194a7cfa50.jpg'><img loading=\"lazy\" decoding=\"async\" width=\"150\" height=\"150\" src=\"https:\/\/www.radiopiu.net\/wordpress\/wp-content\/uploads\/2025\/07\/227a7cb1-ca8d-4b6a-8526-f9194a7cfa50-150x150.jpg\" class=\"attachment-thumbnail size-thumbnail\" alt=\"\" \/><\/a>\n\t\t\t\t<\/dt><\/dl><dl class='gallery-item'>\n\t\t\t\t<dt class='gallery-icon portrait'>\n\t\t\t\t\t<a class=\"rollover rollover-zoom dt-pswp-item\" title=\"SerateNaturaAvventura-P4-853\" data-dt-img-description=\"\" data-large_image_width=\"1200\" data-large_image_height=\"1710\"href='https:\/\/www.radiopiu.net\/wordpress\/wp-content\/uploads\/2025\/07\/SerateNaturaAvventura-P4-853.jpg'><img loading=\"lazy\" decoding=\"async\" width=\"150\" height=\"150\" src=\"https:\/\/www.radiopiu.net\/wordpress\/wp-content\/uploads\/2025\/07\/SerateNaturaAvventura-P4-853-150x150.jpg\" class=\"attachment-thumbnail size-thumbnail\" alt=\"\" \/><\/a>\n\t\t\t\t<\/dt><\/dl><br style=\"clear: both\" \/><dl class='gallery-item'>\n\t\t\t\t<dt class='gallery-icon portrait'>\n\t\t\t\t\t<a class=\"rollover rollover-zoom dt-pswp-item\" title=\"bfb05214-0cc6-47cf-91d7-d20129c9e8a0\" data-dt-img-description=\"\" data-large_image_width=\"1110\" data-large_image_height=\"1667\"href='https:\/\/www.radiopiu.net\/wordpress\/wp-content\/uploads\/2025\/07\/bfb05214-0cc6-47cf-91d7-d20129c9e8a0.jpg'><img loading=\"lazy\" decoding=\"async\" width=\"150\" height=\"150\" src=\"https:\/\/www.radiopiu.net\/wordpress\/wp-content\/uploads\/2025\/07\/bfb05214-0cc6-47cf-91d7-d20129c9e8a0-150x150.jpg\" class=\"attachment-thumbnail size-thumbnail\" alt=\"\" \/><\/a>\n\t\t\t\t<\/dt><\/dl><dl class='gallery-item'>\n\t\t\t\t<dt class='gallery-icon portrait'>\n\t\t\t\t\t<a class=\"rollover rollover-zoom dt-pswp-item\" title=\"518422396_1492048838795727_5394581552165021776_n\" data-dt-img-description=\"\" data-large_image_width=\"1240\" data-large_image_height=\"1754\"href='https:\/\/www.radiopiu.net\/wordpress\/wp-content\/uploads\/2025\/07\/518422396_1492048838795727_5394581552165021776_n.jpg'><img loading=\"lazy\" decoding=\"async\" width=\"150\" height=\"150\" src=\"https:\/\/www.radiopiu.net\/wordpress\/wp-content\/uploads\/2025\/07\/518422396_1492048838795727_5394581552165021776_n-150x150.jpg\" class=\"attachment-thumbnail size-thumbnail\" alt=\"\" \/><\/a>\n\t\t\t\t<\/dt><\/dl><dl class='gallery-item'>\n\t\t\t\t<dt class='gallery-icon landscape'>\n\t\t\t\t\t<a class=\"rollover rollover-zoom dt-pswp-item\" title=\"d2f26985-2ffd-4602-aeea-476feb5befda\" data-dt-img-description=\"\" data-large_image_width=\"526\" data-large_image_height=\"526\"href='https:\/\/www.radiopiu.net\/wordpress\/wp-content\/uploads\/2025\/07\/d2f26985-2ffd-4602-aeea-476feb5befda.jpg'><img loading=\"lazy\" decoding=\"async\" width=\"150\" height=\"150\" src=\"https:\/\/www.radiopiu.net\/wordpress\/wp-content\/uploads\/2025\/07\/d2f26985-2ffd-4602-aeea-476feb5befda-150x150.jpg\" class=\"attachment-thumbnail size-thumbnail\" alt=\"\" srcset=\"https:\/\/www.radiopiu.net\/wordpress\/wp-content\/uploads\/2025\/07\/d2f26985-2ffd-4602-aeea-476feb5befda-150x150.jpg 150w, https:\/\/www.radiopiu.net\/wordpress\/wp-content\/uploads\/2025\/07\/d2f26985-2ffd-4602-aeea-476feb5befda-300x300.jpg 300w, https:\/\/www.radiopiu.net\/wordpress\/wp-content\/uploads\/2025\/07\/d2f26985-2ffd-4602-aeea-476feb5befda.jpg 526w\" sizes=\"auto, (max-width: 150px) 100vw, 150px\" \/><\/a>\n\t\t\t\t<\/dt><\/dl><dl class='gallery-item'>\n\t\t\t\t<dt class='gallery-icon landscape'>\n\t\t\t\t\t<a class=\"rollover rollover-zoom dt-pswp-item\" title=\"b93d192e-fe1c-4b9a-8b00-c924d7c09ef0\" data-dt-img-description=\"\" data-large_image_width=\"526\" data-large_image_height=\"526\"href='https:\/\/www.radiopiu.net\/wordpress\/wp-content\/uploads\/2025\/07\/b93d192e-fe1c-4b9a-8b00-c924d7c09ef0.jpg'><img loading=\"lazy\" decoding=\"async\" width=\"150\" height=\"150\" src=\"https:\/\/www.radiopiu.net\/wordpress\/wp-content\/uploads\/2025\/07\/b93d192e-fe1c-4b9a-8b00-c924d7c09ef0-150x150.jpg\" class=\"attachment-thumbnail size-thumbnail\" alt=\"\" srcset=\"https:\/\/www.radiopiu.net\/wordpress\/wp-content\/uploads\/2025\/07\/b93d192e-fe1c-4b9a-8b00-c924d7c09ef0-150x150.jpg 150w, https:\/\/www.radiopiu.net\/wordpress\/wp-content\/uploads\/2025\/07\/b93d192e-fe1c-4b9a-8b00-c924d7c09ef0-300x300.jpg 300w, https:\/\/www.radiopiu.net\/wordpress\/wp-content\/uploads\/2025\/07\/b93d192e-fe1c-4b9a-8b00-c924d7c09ef0.jpg 526w\" sizes=\"auto, (max-width: 150px) 100vw, 150px\" \/><\/a>\n\t\t\t\t<\/dt><\/dl><dl class='gallery-item'>\n\t\t\t\t<dt class='gallery-icon landscape'>\n\t\t\t\t\t<a class=\"rollover rollover-zoom dt-pswp-item\" title=\"515444840_1149597150531066_7749231705219023918_n\" data-dt-img-description=\"\" data-large_image_width=\"1440\" data-large_image_height=\"1079\"href='https:\/\/www.radiopiu.net\/wordpress\/wp-content\/uploads\/2025\/07\/515444840_1149597150531066_7749231705219023918_n.jpg'><img loading=\"lazy\" decoding=\"async\" width=\"150\" height=\"150\" src=\"https:\/\/www.radiopiu.net\/wordpress\/wp-content\/uploads\/2025\/07\/515444840_1149597150531066_7749231705219023918_n-150x150.jpg\" class=\"attachment-thumbnail size-thumbnail\" alt=\"\" \/><\/a>\n\t\t\t\t<\/dt><\/dl><br style=\"clear: both\" \/><dl class='gallery-item'>\n\t\t\t\t<dt class='gallery-icon portrait'>\n\t\t\t\t\t<a class=\"rollover rollover-zoom dt-pswp-item\" title=\"5eea8780-bf42-4677-985e-b728a3cb7860\" data-dt-img-description=\"\" data-large_image_width=\"1131\" data-large_image_height=\"1600\"href='https:\/\/www.radiopiu.net\/wordpress\/wp-content\/uploads\/2025\/07\/5eea8780-bf42-4677-985e-b728a3cb7860.jpg'><img loading=\"lazy\" decoding=\"async\" width=\"150\" height=\"150\" src=\"https:\/\/www.radiopiu.net\/wordpress\/wp-content\/uploads\/2025\/07\/5eea8780-bf42-4677-985e-b728a3cb7860-150x150.jpg\" class=\"attachment-thumbnail size-thumbnail\" alt=\"\" \/><\/a>\n\t\t\t\t<\/dt><\/dl><dl class='gallery-item'>\n\t\t\t\t<dt class='gallery-icon landscape'>\n\t\t\t\t\t<a class=\"rollover rollover-zoom dt-pswp-item\" title=\"Screenshot\" data-dt-img-description=\"\" data-large_image_width=\"1470\" data-large_image_height=\"1370\"href='https:\/\/www.radiopiu.net\/wordpress\/wp-content\/uploads\/2025\/07\/SCR-20250723-mmrc.jpeg'><img loading=\"lazy\" decoding=\"async\" width=\"150\" height=\"150\" src=\"https:\/\/www.radiopiu.net\/wordpress\/wp-content\/uploads\/2025\/07\/SCR-20250723-mmrc-150x150.jpeg\" class=\"attachment-thumbnail size-thumbnail\" alt=\"\" \/><\/a>\n\t\t\t\t<\/dt><\/dl><dl class='gallery-item'>\n\t\t\t\t<dt class='gallery-icon portrait'>\n\t\t\t\t\t<a class=\"rollover rollover-zoom dt-pswp-item\" title=\"CONCERTO M.S. TRICHIANA\" data-dt-img-description=\"\" data-large_image_width=\"1448\" data-large_image_height=\"2048\"href='https:\/\/www.radiopiu.net\/wordpress\/wp-content\/uploads\/2025\/07\/CONCERTO-M.S.-TRICHIANA.jpg'><img loading=\"lazy\" decoding=\"async\" width=\"150\" height=\"150\" src=\"https:\/\/www.radiopiu.net\/wordpress\/wp-content\/uploads\/2025\/07\/CONCERTO-M.S.-TRICHIANA-150x150.jpg\" class=\"attachment-thumbnail size-thumbnail\" alt=\"\" \/><\/a>\n\t\t\t\t<\/dt><\/dl><dl class='gallery-item'>\n\t\t\t\t<dt class='gallery-icon portrait'>\n\t\t\t\t\t<a class=\"rollover rollover-zoom dt-pswp-item\" title=\"60540118-6352-45bd-abf6-424501e3a37e\" data-dt-img-description=\"\" data-large_image_width=\"1131\" data-large_image_height=\"1600\"href='https:\/\/www.radiopiu.net\/wordpress\/wp-content\/uploads\/2025\/07\/60540118-6352-45bd-abf6-424501e3a37e.jpg'><img loading=\"lazy\" decoding=\"async\" width=\"150\" height=\"150\" src=\"https:\/\/www.radiopiu.net\/wordpress\/wp-content\/uploads\/2025\/07\/60540118-6352-45bd-abf6-424501e3a37e-150x150.jpg\" class=\"attachment-thumbnail size-thumbnail\" alt=\"\" \/><\/a>\n\t\t\t\t<\/dt><\/dl><dl class='gallery-item'>\n\t\t\t\t<dt class='gallery-icon portrait'>\n\t\t\t\t\t<a class=\"rollover rollover-zoom dt-pswp-item\" title=\"MADONA DE LA NEIF 2025\" data-dt-img-description=\"\" data-large_image_width=\"658\" data-large_image_height=\"861\"href='https:\/\/www.radiopiu.net\/wordpress\/wp-content\/uploads\/2025\/07\/MADONA-DE-LA-NEIF-2025.jpg'><img loading=\"lazy\" decoding=\"async\" width=\"150\" height=\"150\" src=\"https:\/\/www.radiopiu.net\/wordpress\/wp-content\/uploads\/2025\/07\/MADONA-DE-LA-NEIF-2025-150x150.jpg\" class=\"attachment-thumbnail size-thumbnail\" alt=\"\" \/><\/a>\n\t\t\t\t<\/dt><\/dl><br style=\"clear: both\" \/>\n\t\t\t<\/div>\n\n<\/div>\n<\/div>\n<\/div>\n<\/div>\n<\/div>\n<\/div>\n<\/div>\n<\/div>\n<\/div>\n<\/div>\n<\/div>\n<\/div>\n<\/div>\n<\/div>\n<\/div>\n<\/div>\n<\/div>\n<\/div>\n<\/div>\n<\/div>\n<\/div>\n<div>\n<div class=\"\" dir=\"auto\">\n<div id=\":r9h:\" class=\"x1iorvi4 x1pi30zi x1l90r2v x1swvt13\" data-ad-comet-preview=\"message\" data-ad-preview=\"message\">\n<div class=\"\" dir=\"auto\">\n<div id=\":r9h:\" class=\"x1iorvi4 x1pi30zi x1l90r2v x1swvt13\" data-ad-comet-preview=\"message\" data-ad-preview=\"message\">\n<div class=\"\" dir=\"auto\">\n<div id=\":r9h:\" class=\"x1iorvi4 x1pi30zi x1l90r2v x1swvt13\" data-ad-comet-preview=\"message\" data-ad-preview=\"message\">\n<div class=\"\" dir=\"auto\">\n<div id=\":r9h:\" class=\"x1iorvi4 x1pi30zi x1l90r2v x1swvt13\" data-ad-comet-preview=\"message\" data-ad-preview=\"message\">\n<div>\n<div class=\"\" dir=\"auto\">\n<div id=\":r9h:\" class=\"x1iorvi4 x1pi30zi x1l90r2v x1swvt13\" data-ad-comet-preview=\"message\" data-ad-preview=\"message\">\n<div>\n<div class=\"\" dir=\"auto\">\n<div id=\":r9h:\" class=\"x1iorvi4 x1pi30zi x1l90r2v x1swvt13\" data-ad-comet-preview=\"message\" data-ad-preview=\"message\">\n<div>\n<div class=\"\" dir=\"auto\">\n<div id=\":r9h:\" class=\"x1iorvi4 x1pi30zi x1l90r2v x1swvt13\" data-ad-comet-preview=\"message\" data-ad-preview=\"message\">\n<div>\n<div class=\"\" dir=\"auto\">\n<div id=\":r9h:\" class=\"x1iorvi4 x1pi30zi x1l90r2v x1swvt13\" data-ad-comet-preview=\"message\" data-ad-preview=\"message\">\n<p>&nbsp;<\/p>\n<hr \/>\n<p>&nbsp;<\/p>\n<\/div>\n<\/div>\n<\/div>\n<\/div>\n<\/div>\n<\/div>\n<\/div>\n<\/div>\n<\/div>\n<\/div>\n<\/div>\n<\/div>\n<\/div>\n<\/div>\n<\/div>\n<\/div>\n<\/div>\n<\/div>\n<\/div>\n<\/div>\n<\/div>\n<p class=\"mceTemp\"><a class=\"dt-pswp-item\" href=\"https:\/\/www.radiopiu.net\/wordpress\/wp-content\/uploads\/2018\/09\/WhatsApp-Image-2018-09-20-at-16.04.06.jpeg\" data-dt-img-description=\"\" data-large_image_width=\"800\" data-large_image_height=\"100\"><img loading=\"lazy\" decoding=\"async\" class=\"wp-image-61378 size-full aligncenter\" src=\"https:\/\/www.radiopiu.net\/wordpress\/wp-content\/uploads\/2018\/09\/WhatsApp-Image-2018-09-20-at-16.04.06.jpeg\" alt=\"\" width=\"800\" height=\"100\" srcset=\"https:\/\/www.radiopiu.net\/wordpress\/wp-content\/uploads\/2018\/09\/WhatsApp-Image-2018-09-20-at-16.04.06.jpeg 800w, https:\/\/www.radiopiu.net\/wordpress\/wp-content\/uploads\/2018\/09\/WhatsApp-Image-2018-09-20-at-16.04.06-300x38.jpeg 300w, https:\/\/www.radiopiu.net\/wordpress\/wp-content\/uploads\/2018\/09\/WhatsApp-Image-2018-09-20-at-16.04.06-768x96.jpeg 768w\" sizes=\"auto, (max-width: 800px) 100vw, 800px\" \/><\/a><\/p>\n<div id=\"dolomitimeteo_div_testi\"><\/div>\n<p><center><b>OGGI<\/b><\/center>Il tempo rimarr\u00e0 variabile\/instabile con nuvolosit\u00e0 prevalente e qualche intervallo soleggiato. Nell&#8217;arco della giornata gli addensamenti saranno a tratti intensi ed in grado di dar luogo a fenomeni d&#8217;instabilit\u00e0, pi\u00f9 probabili al pomeriggio, ma non assenti al mattino.<br \/>\n<b>Precipitazioni: <\/b>Al mattino probabilit\u00e0 assai contenuta per qualche fenomeno sparso, mentre al pomeriggio il rischio di rovesci e locale temporale aumenter\u00e0 ovunque fino a risultare alto. Non escluso qualche locale rovescio di forte intensit\u00e0.<br \/>\n<b>Temperature: <\/b>Minime in generale lieve diminuzione e massime pressoch\u00e9 stazionarie.<\/p>\n<hr \/>\n<p><center><b>DOMANI<\/b><\/center>Nottetempo ed al primo mattino tempo in parte instabile con nuvolosit\u00e0 estesa associata a rovesci e temporali, specie sul Bellunese. In giornata miglioramento del tempo, maggiormente avvertito sulle Dolomiti dove il sole torner\u00e0 a predominare, sebbene con annuvolamenti cumuliformi, mentre il miglioramento non sar\u00e0 cos\u00ec scontato sulle Prealpi per eventuale ripresa dell&#8217;instabilit\u00e0 al pomeriggio.<br \/>\n<b>Precipitazioni: <\/b>Instabilit\u00e0 notturna sulle Dolomiti e Prealpi bellunesi con probabilit\u00e0 alta di rovesci, anche temporaleschi; mentre sulle Prealpi occidentale il rischio sar\u00e0 minore. Fatta eccezione del primo mattino, in giornata fenomeni pressoch\u00e9 assenti sulle Dolomiti, mentre qualche rovescio o isolato temporale potr\u00e0 ancora verificarsi sulle Prealpi al pomeriggio per instabilit\u00e0 residua.<br \/>\n<b>Temperature: <\/b>Generale lieve calo termico, ad eccezione di una certa stazionariet\u00e0 delle massime nelle valli.<\/p>\n<hr \/>\n<p><center><b>DOMENICA<\/b><\/center>Tempo soleggiato con cielo sereno o poco nuvoloso ovunque al mattino, poi riduzione del soleggiamento per attivit\u00e0 cumuliforme spesso modesta e solo localmente moderata sulle Dolomiti dove l&#8217;instabilit\u00e0 sar\u00e0 ridotta o in alcuni casi inesistente, mentre gli addensamenti saranno pi\u00f9 intensi con probabili locali rovesci o singoli temporali sulle Prealpi. Temperature in generale lieve calo, eccetto ripresa delle massime nelle valli per maggiore soleggiamento.<\/p>\n<hr \/>\n<p><center><b>LUNEDI<\/b><\/center>Probabile peggioramento del tempo che diverr\u00e0 perturbato con cielo molto nuvoloso o coperto e diffuse precipitazioni a tratti anche di moderata intensit\u00e0. Maltempo in attenuazione al pomeriggio, prima di cessare in serata.<\/p>\n<p>&nbsp;<\/p>\n<hr \/>\n<p>&nbsp;<\/p>\n<p class=\"mceTemp\"><a class=\"dt-pswp-item\" href=\"https:\/\/www.radiopiu.net\/wordpress\/wp-content\/uploads\/2018\/09\/sport.jpg\" data-dt-img-description=\"\" data-large_image_width=\"800\" data-large_image_height=\"100\"><img loading=\"lazy\" decoding=\"async\" class=\"aligncenter wp-image-60761 size-full\" src=\"https:\/\/www.radiopiu.net\/wordpress\/wp-content\/uploads\/2018\/09\/sport.jpg\" alt=\"\" width=\"800\" height=\"100\" srcset=\"https:\/\/www.radiopiu.net\/wordpress\/wp-content\/uploads\/2018\/09\/sport.jpg 800w, https:\/\/www.radiopiu.net\/wordpress\/wp-content\/uploads\/2018\/09\/sport-300x38.jpg 300w, https:\/\/www.radiopiu.net\/wordpress\/wp-content\/uploads\/2018\/09\/sport-768x96.jpg 768w\" sizes=\"auto, (max-width: 800px) 100vw, 800px\" \/> <\/a><\/p>\n<p class=\"mceTemp\"><span style=\"color: #0000ff;\"><strong>\u00a0 \u00a0 \u00a0 \u00a0 \u00a0 \u00a0 \u00a0 \u00a0<\/strong><\/span><\/p>\n<p><span style=\"color: #0000ff;\"><strong>CORSA CAMPESTRE<\/strong><\/span><\/p>\n<blockquote>\n<h3>LA SGANBADA ZOLDANA CELEBRA 52 ANNI DI CORSA, STORIA E PASSIONE<\/h3>\n<\/blockquote>\n<p><a class=\"dt-pswp-item\" href=\"https:\/\/www.radiopiu.net\/wordpress\/wp-content\/uploads\/2025\/07\/Sganbada_start-18K_2025.jpg\" data-dt-img-description=\"\" data-large_image_width=\"1500\" data-large_image_height=\"844\"><img loading=\"lazy\" decoding=\"async\" class=\" wp-image-461035 alignleft\" src=\"https:\/\/www.radiopiu.net\/wordpress\/wp-content\/uploads\/2025\/07\/Sganbada_start-18K_2025-300x169.jpg\" alt=\"\" width=\"231\" height=\"130\" srcset=\"https:\/\/www.radiopiu.net\/wordpress\/wp-content\/uploads\/2025\/07\/Sganbada_start-18K_2025-300x169.jpg 300w, https:\/\/www.radiopiu.net\/wordpress\/wp-content\/uploads\/2025\/07\/Sganbada_start-18K_2025-1024x576.jpg 1024w, https:\/\/www.radiopiu.net\/wordpress\/wp-content\/uploads\/2025\/07\/Sganbada_start-18K_2025-768x432.jpg 768w, https:\/\/www.radiopiu.net\/wordpress\/wp-content\/uploads\/2025\/07\/Sganbada_start-18K_2025.jpg 1500w\" sizes=\"auto, (max-width: 231px) 100vw, 231px\" \/><\/a>Domenica 3 agosto torna la \u201cSganbada Zoldana\u201d, storica corsa non competitiva della Val di Zoldo, giunta alla 52\u00aa edizione. Organizzata dall\u2019Atletica Zoldo, si svolger\u00e0 a Pralongo con quattro percorsi: \u201cLa Storica\u201d (20 km), \u201cLa Classica\u201d (8 km), \u201cLa Corta\u201d (4 km) e \u201cLa Baby\u201d (800 m). L\u2019evento fa parte di un ricco calendario 2025 che include anche la \u201cKAILAS FUGA Dolomiti Extreme Trail\u201d. Proprio KAILAS FUGA, sponsor dell\u2019evento, proporr\u00e0 un training camp per testare le nuove calzature. Nata nel 1973 durante l\u2019austerity, la Sganbada \u00e8 cresciuta coinvolgendo atleti locali e turisti. Tra i vincitori storici: Demenego, De Fanti, De Bona, Cassi, Costa, Zanette e Brustolon. Dal 1998 l\u2019organizzazione \u00e8 curata dall\u2019Atletica Zoldo. Un appuntamento che unisce sport, tradizione e promozione del territorio. Iscrizioni e modulo per il training camp sul sito <a href=\"http:\/\/www.atletica-zoldo.it\/\">www.atletica-zoldo.it<\/a>.<\/p>\n<p>&nbsp;<\/p>\n<p>&nbsp;<\/p>\n<p>&nbsp;<\/p>\n<p>&nbsp;<\/p>\n","protected":false},"excerpt":{"rendered":"<p>******* &nbsp; LA\u00a0 APP PER IOS-IPHONE di Nicola Vettorello https:\/\/apps.apple.com\/it\/app\/radio-pi%C3%B9-emittente-agordina\/id1515939845 LA\u00a0 APP RADIO\u00a0 PER ANDROID di Nicola Vettorello https:\/\/play.google.com\/store\/apps\/details?id=net.radiopiu.iniko\u00a0\u00a0\u00a0\u00a0 &nbsp; CRAC DA 4,5 MILIONI: QUATTRO INDAGATI PER IL FALLIMENTO DI UN ALBERGO AD AURONZO &nbsp; AURONZO La Guardia di Finanza di Belluno ha concluso un\u2019articolata indagine sul fallimento di un albergo ad Auronzo di Cadore,&hellip;<\/p>\n","protected":false},"author":4,"featured_media":461143,"comment_status":"closed","ping_status":"closed","sticky":false,"template":"","format":"standard","meta":{"_monsterinsights_skip_tracking":false,"_monsterinsights_sitenote_active":false,"_monsterinsights_sitenote_note":"","_monsterinsights_sitenote_category":0,"footnotes":""},"categories":[51,86,49],"tags":[],"class_list":["post-460923","post","type-post","status-publish","format-standard","has-post-thumbnail","hentry","category-evidenza-top","category-gr","category-news-18","category-51","category-86","category-49","description-off"],"img_url":"https:\/\/www.radiopiu.net\/wordpress\/wp-content\/uploads\/2025\/07\/Senza-nome-54.png","_links":{"self":[{"href":"https:\/\/www.radiopiu.net\/wordpress\/wp-json\/wp\/v2\/posts\/460923","targetHints":{"allow":["GET"]}}],"collection":[{"href":"https:\/\/www.radiopiu.net\/wordpress\/wp-json\/wp\/v2\/posts"}],"about":[{"href":"https:\/\/www.radiopiu.net\/wordpress\/wp-json\/wp\/v2\/types\/post"}],"author":[{"embeddable":true,"href":"https:\/\/www.radiopiu.net\/wordpress\/wp-json\/wp\/v2\/users\/4"}],"replies":[{"embeddable":true,"href":"https:\/\/www.radiopiu.net\/wordpress\/wp-json\/wp\/v2\/comments?post=460923"}],"version-history":[{"count":51,"href":"https:\/\/www.radiopiu.net\/wordpress\/wp-json\/wp\/v2\/posts\/460923\/revisions"}],"predecessor-version":[{"id":461275,"href":"https:\/\/www.radiopiu.net\/wordpress\/wp-json\/wp\/v2\/posts\/460923\/revisions\/461275"}],"wp:featuredmedia":[{"embeddable":true,"href":"https:\/\/www.radiopiu.net\/wordpress\/wp-json\/wp\/v2\/media\/461143"}],"wp:attachment":[{"href":"https:\/\/www.radiopiu.net\/wordpress\/wp-json\/wp\/v2\/media?parent=460923"}],"wp:term":[{"taxonomy":"category","embeddable":true,"href":"https:\/\/www.radiopiu.net\/wordpress\/wp-json\/wp\/v2\/categories?post=460923"},{"taxonomy":"post_tag","embeddable":true,"href":"https:\/\/www.radiopiu.net\/wordpress\/wp-json\/wp\/v2\/tags?post=460923"}],"curies":[{"name":"wp","href":"https:\/\/api.w.org\/{rel}","templated":true}]}}