{"id":460965,"date":"2025-07-24T08:55:38","date_gmt":"2025-07-24T06:55:38","guid":{"rendered":"https:\/\/www.radiopiu.net\/wordpress\/?p=460965"},"modified":"2025-07-24T08:55:38","modified_gmt":"2025-07-24T06:55:38","slug":"feltre-giornata-da-record-il-20-luglio-nati-7-bambini-in-24-ore","status":"publish","type":"post","link":"https:\/\/www.radiopiu.net\/wordpress\/feltre-giornata-da-record-il-20-luglio-nati-7-bambini-in-24-ore\/","title":{"rendered":"FELTRE, GIORNATA DA RECORD: IL 20 LUGLIO NATI 7 BAMBINI IN 24 ORE"},"content":{"rendered":"<p>***<\/p>\n<blockquote>\n<h2><em>Un giorno indimenticabile per Feltre, simbolo di vita e speranza.<\/em><\/h2>\n<\/blockquote>\n<p data-start=\"71\" data-end=\"439\"><strong><a class=\"dt-pswp-item\" href=\"https:\/\/www.radiopiu.net\/wordpress\/wp-content\/uploads\/2025\/07\/WhatsApp-Image-2025-07-23-at-13.01.18.jpeg\" data-dt-img-description=\"\" data-large_image_width=\"1600\" data-large_image_height=\"1200\"><img loading=\"lazy\" decoding=\"async\" class=\"size-medium wp-image-460966 alignleft\" src=\"https:\/\/www.radiopiu.net\/wordpress\/wp-content\/uploads\/2025\/07\/WhatsApp-Image-2025-07-23-at-13.01.18-300x225.jpeg\" alt=\"\" width=\"300\" height=\"225\" srcset=\"https:\/\/www.radiopiu.net\/wordpress\/wp-content\/uploads\/2025\/07\/WhatsApp-Image-2025-07-23-at-13.01.18-300x225.jpeg 300w, https:\/\/www.radiopiu.net\/wordpress\/wp-content\/uploads\/2025\/07\/WhatsApp-Image-2025-07-23-at-13.01.18-1024x768.jpeg 1024w, https:\/\/www.radiopiu.net\/wordpress\/wp-content\/uploads\/2025\/07\/WhatsApp-Image-2025-07-23-at-13.01.18-768x576.jpeg 768w, https:\/\/www.radiopiu.net\/wordpress\/wp-content\/uploads\/2025\/07\/WhatsApp-Image-2025-07-23-at-13.01.18-1536x1152.jpeg 1536w, https:\/\/www.radiopiu.net\/wordpress\/wp-content\/uploads\/2025\/07\/WhatsApp-Image-2025-07-23-at-13.01.18.jpeg 1600w\" sizes=\"auto, (max-width: 300px) 100vw, 300px\" \/><\/a>FELTRE<\/strong> Una giornata speciale per l\u2019Ostetricia di Feltre: sabato 20 luglio, nell\u2019arco di sole 24 ore, sono venuti alla luce ben sette bambini. Un evento raro che ha portato emozione e allegria in corsia. Si tratta di sei femmine e un maschietto, provenienti da diverse zone: quattro residenti in provincia di Belluno, due dal Trevigiano e uno dal Primiero. Ecco i nomi dei nuovi nati, con l\u2019orario della nascita e i nomi dei genitori: <strong data-start=\"522\" data-end=\"542\">Aurora Anastasio<\/strong>, ore <strong data-start=\"548\" data-end=\"556\">1:28<\/strong> \u2013 genitori: <em data-start=\"569\" data-end=\"597\">Nicole Mazzocato e Armando <\/em><strong data-start=\"602\" data-end=\"620\">Matilde Burigo<\/strong>, ore <strong data-start=\"626\" data-end=\"634\">1:32<\/strong> \u2013 genitori: <em data-start=\"647\" data-end=\"677\">Georgia Faganello e Emanuele <\/em><strong data-start=\"682\" data-end=\"704\">Thiago Del Vecchio<\/strong>, ore <strong data-start=\"710\" data-end=\"718\">5:06<\/strong> \u2013 genitori: <em data-start=\"731\" data-end=\"756\">Evelyn Lezzier e Walter\u00a0 <\/em><strong data-start=\"761\" data-end=\"779\">Azzurra De Col<\/strong>, ore <strong data-start=\"785\" data-end=\"793\">6:25<\/strong> \u2013 genitori: <em data-start=\"806\" data-end=\"833\">Stefania Cortina e Matteo <\/em><strong data-start=\"838\" data-end=\"856\">Alma De Biasio<\/strong>, ore <strong data-start=\"862\" data-end=\"870\">7:19<\/strong> \u2013 genitori: <em data-start=\"883\" data-end=\"908\">Elisa Bustaffa e Nicol\u00f2 <\/em><strong data-start=\"913\" data-end=\"928\">Anna Simion<\/strong>, ore <strong data-start=\"934\" data-end=\"942\">9:07<\/strong> \u2013 genitori: <em data-start=\"955\" data-end=\"992\">Elena Giulia Stompanato e Giancarlo <\/em><strong data-start=\"997\" data-end=\"1015\">Sharon Facchin<\/strong>, ore <strong data-start=\"1021\" data-end=\"1030\">19:25<\/strong> \u2013 genitori: <em data-start=\"1043\" data-end=\"1069\">Angelica Cunial e Matteo<\/em><\/p>\n<p data-start=\"1071\" data-end=\"1529\">Grande la soddisfazione del personale sanitario. <em>\u00abUn momento di gioia condivisa non solo dai genitori, ma anche da tutto il personale, che ogni giorno lavora con passione, professionalit\u00e0 e attenzione \u2013 ha dichiarato Ilaria Pezzani, direttrice dell\u2019UOC Ostetricia e Ginecologia \u2013. Ci piace pensare che questa \u201cgiornata da record\u201d sia un piccolo segnale di speranza, un passo verso un nuovo trend di crescita della natalit\u00e0 nel nostro territorio\u00bb.<\/em> A rendere possibile questo risultato anche l\u2019impegno delle ostetriche Giulia e Carlotta, protagoniste della lunga maratona di nascite. Soddisfatto anche il direttore generale Giuseppe Dal Ben: <em>\u00abOgni mattina controllo anche il numero dei nati, e i 7 del 20 luglio sono stati una piacevole sorpresa. Siamo a 400 nati da inizio anno, in linea con il 2024. \u00c8 la conferma della vitalit\u00e0 del nostro punto nascita, scelto anche da famiglie fuori Ulss, a testimonianza della qualit\u00e0 dei servizi offerti. Un grazie di cuore a tutto il personale per la professionalit\u00e0 e l\u2019entusiasmo dimostrati\u00bb.<\/em><\/p>\n<p data-start=\"1071\" data-end=\"1529\">\n<p data-start=\"1071\" data-end=\"1529\">\n<hr \/>\n<p data-start=\"2152\" data-end=\"2217\" data-is-last-node=\"\" data-is-only-node=\"\">\n","protected":false},"excerpt":{"rendered":"<p>*** Un giorno indimenticabile per Feltre, simbolo di vita e speranza. FELTRE Una giornata speciale per l\u2019Ostetricia di Feltre: sabato 20 luglio, nell\u2019arco di sole 24 ore, sono venuti alla luce ben sette bambini. Un evento raro che ha portato emozione e allegria in corsia. Si tratta di sei femmine e un maschietto, provenienti da&hellip;<\/p>\n","protected":false},"author":4,"featured_media":460966,"comment_status":"closed","ping_status":"closed","sticky":false,"template":"","format":"standard","meta":{"_monsterinsights_skip_tracking":false,"_monsterinsights_sitenote_active":false,"_monsterinsights_sitenote_note":"","_monsterinsights_sitenote_category":0,"footnotes":""},"categories":[49],"tags":[],"class_list":["post-460965","post","type-post","status-publish","format-standard","has-post-thumbnail","hentry","category-news-18","category-49","description-off"],"img_url":"https:\/\/www.radiopiu.net\/wordpress\/wp-content\/uploads\/2025\/07\/WhatsApp-Image-2025-07-23-at-13.01.18.jpeg","_links":{"self":[{"href":"https:\/\/www.radiopiu.net\/wordpress\/wp-json\/wp\/v2\/posts\/460965","targetHints":{"allow":["GET"]}}],"collection":[{"href":"https:\/\/www.radiopiu.net\/wordpress\/wp-json\/wp\/v2\/posts"}],"about":[{"href":"https:\/\/www.radiopiu.net\/wordpress\/wp-json\/wp\/v2\/types\/post"}],"author":[{"embeddable":true,"href":"https:\/\/www.radiopiu.net\/wordpress\/wp-json\/wp\/v2\/users\/4"}],"replies":[{"embeddable":true,"href":"https:\/\/www.radiopiu.net\/wordpress\/wp-json\/wp\/v2\/comments?post=460965"}],"version-history":[{"count":1,"href":"https:\/\/www.radiopiu.net\/wordpress\/wp-json\/wp\/v2\/posts\/460965\/revisions"}],"predecessor-version":[{"id":460967,"href":"https:\/\/www.radiopiu.net\/wordpress\/wp-json\/wp\/v2\/posts\/460965\/revisions\/460967"}],"wp:featuredmedia":[{"embeddable":true,"href":"https:\/\/www.radiopiu.net\/wordpress\/wp-json\/wp\/v2\/media\/460966"}],"wp:attachment":[{"href":"https:\/\/www.radiopiu.net\/wordpress\/wp-json\/wp\/v2\/media?parent=460965"}],"wp:term":[{"taxonomy":"category","embeddable":true,"href":"https:\/\/www.radiopiu.net\/wordpress\/wp-json\/wp\/v2\/categories?post=460965"},{"taxonomy":"post_tag","embeddable":true,"href":"https:\/\/www.radiopiu.net\/wordpress\/wp-json\/wp\/v2\/tags?post=460965"}],"curies":[{"name":"wp","href":"https:\/\/api.w.org\/{rel}","templated":true}]}}