{"id":461003,"date":"2025-07-24T15:57:49","date_gmt":"2025-07-24T13:57:49","guid":{"rendered":"https:\/\/www.radiopiu.net\/wordpress\/?p=461003"},"modified":"2025-07-24T15:57:49","modified_gmt":"2025-07-24T13:57:49","slug":"maltempo-allerta-gialla-in-tutto-il-veneto","status":"publish","type":"post","link":"https:\/\/www.radiopiu.net\/wordpress\/maltempo-allerta-gialla-in-tutto-il-veneto\/","title":{"rendered":"MALTEMPO: ALLERTA GIALLA IN TUTTO IL VENETO"},"content":{"rendered":"<p>********<\/p>\n<p>&nbsp;<\/p>\n<p><strong><a class=\"dt-pswp-item\" href=\"https:\/\/www.radiopiu.net\/wordpress\/wp-content\/uploads\/2020\/06\/PIOGGIA.jpg\" data-dt-img-description=\"\" data-large_image_width=\"1920\" data-large_image_height=\"1271\"><img loading=\"lazy\" decoding=\"async\" class=\" wp-image-144264 alignleft\" src=\"https:\/\/www.radiopiu.net\/wordpress\/wp-content\/uploads\/2020\/06\/PIOGGIA-300x199.jpg\" alt=\"\" width=\"131\" height=\"87\" srcset=\"https:\/\/www.radiopiu.net\/wordpress\/wp-content\/uploads\/2020\/06\/PIOGGIA-300x199.jpg 300w, https:\/\/www.radiopiu.net\/wordpress\/wp-content\/uploads\/2020\/06\/PIOGGIA-1024x678.jpg 1024w, https:\/\/www.radiopiu.net\/wordpress\/wp-content\/uploads\/2020\/06\/PIOGGIA-768x508.jpg 768w, https:\/\/www.radiopiu.net\/wordpress\/wp-content\/uploads\/2020\/06\/PIOGGIA-1536x1017.jpg 1536w, https:\/\/www.radiopiu.net\/wordpress\/wp-content\/uploads\/2020\/06\/PIOGGIA.jpg 1920w\" sizes=\"auto, (max-width: 131px) 100vw, 131px\" \/><\/a>VENEZIA <\/strong>Nel pomeriggio\/sera di oggi gioved\u00ec 24 e nella giornata di domani venerd\u00ec 25 luglio il tempo sulla nostra regione sar\u00e0 a tratti instabile con rovesci\/temporali sparsi pi\u00f9 probabili e frequenti su zone centro-settentrionali ma non esclusi anche altrove. Saranno possibili locali fenomeni intensi (forti rovesci, forti raffiche di vento, locali grandinate). Alla luce di queste previsioni, il Centro funzionale decentrato della Protezione civile del Veneto ha dichiarato la fase di attenzione (allerta idrogeologica gialla) per temporali su tutto il territorio regionale, con validit\u00e0 dalle 14 di oggi alla mezzanotte di sabato.<\/p>\n<p>&nbsp;<\/p>\n<p>&nbsp;<\/p>\n<p>**********<\/p>\n","protected":false},"excerpt":{"rendered":"<p>******** &nbsp; VENEZIA Nel pomeriggio\/sera di oggi gioved\u00ec 24 e nella giornata di domani venerd\u00ec 25 luglio il tempo sulla nostra regione sar\u00e0 a tratti instabile con rovesci\/temporali sparsi pi\u00f9 probabili e frequenti su zone centro-settentrionali ma non esclusi anche altrove. Saranno possibili locali fenomeni intensi (forti rovesci, forti raffiche di vento, locali grandinate). Alla&hellip;<\/p>\n","protected":false},"author":4,"featured_media":144264,"comment_status":"closed","ping_status":"closed","sticky":false,"template":"","format":"standard","meta":{"_monsterinsights_skip_tracking":false,"_monsterinsights_sitenote_active":false,"_monsterinsights_sitenote_note":"","_monsterinsights_sitenote_category":0,"footnotes":""},"categories":[51,49],"tags":[],"class_list":["post-461003","post","type-post","status-publish","format-standard","has-post-thumbnail","hentry","category-evidenza-top","category-news-18","category-51","category-49","description-off"],"img_url":"https:\/\/www.radiopiu.net\/wordpress\/wp-content\/uploads\/2020\/06\/PIOGGIA.jpg","_links":{"self":[{"href":"https:\/\/www.radiopiu.net\/wordpress\/wp-json\/wp\/v2\/posts\/461003","targetHints":{"allow":["GET"]}}],"collection":[{"href":"https:\/\/www.radiopiu.net\/wordpress\/wp-json\/wp\/v2\/posts"}],"about":[{"href":"https:\/\/www.radiopiu.net\/wordpress\/wp-json\/wp\/v2\/types\/post"}],"author":[{"embeddable":true,"href":"https:\/\/www.radiopiu.net\/wordpress\/wp-json\/wp\/v2\/users\/4"}],"replies":[{"embeddable":true,"href":"https:\/\/www.radiopiu.net\/wordpress\/wp-json\/wp\/v2\/comments?post=461003"}],"version-history":[{"count":1,"href":"https:\/\/www.radiopiu.net\/wordpress\/wp-json\/wp\/v2\/posts\/461003\/revisions"}],"predecessor-version":[{"id":461004,"href":"https:\/\/www.radiopiu.net\/wordpress\/wp-json\/wp\/v2\/posts\/461003\/revisions\/461004"}],"wp:featuredmedia":[{"embeddable":true,"href":"https:\/\/www.radiopiu.net\/wordpress\/wp-json\/wp\/v2\/media\/144264"}],"wp:attachment":[{"href":"https:\/\/www.radiopiu.net\/wordpress\/wp-json\/wp\/v2\/media?parent=461003"}],"wp:term":[{"taxonomy":"category","embeddable":true,"href":"https:\/\/www.radiopiu.net\/wordpress\/wp-json\/wp\/v2\/categories?post=461003"},{"taxonomy":"post_tag","embeddable":true,"href":"https:\/\/www.radiopiu.net\/wordpress\/wp-json\/wp\/v2\/tags?post=461003"}],"curies":[{"name":"wp","href":"https:\/\/api.w.org\/{rel}","templated":true}]}}