{"id":461264,"date":"2025-07-25T20:30:10","date_gmt":"2025-07-25T18:30:10","guid":{"rendered":"https:\/\/www.radiopiu.net\/wordpress\/?p=461264"},"modified":"2025-07-26T05:52:37","modified_gmt":"2025-07-26T03:52:37","slug":"incidente-tra-san-vito-e-borca-di-cadore-tre-donne-ferite","status":"publish","type":"post","link":"https:\/\/www.radiopiu.net\/wordpress\/incidente-tra-san-vito-e-borca-di-cadore-tre-donne-ferite\/","title":{"rendered":"INCIDENTE TRA SAN VITO E BORCA DI CADORE: TRE DONNE FERITE"},"content":{"rendered":"<p>********<\/p>\n<p>&nbsp;<\/p>\n<p><strong>REDAZIONE <\/strong>La strada statale 51 \u201cdi Alemagna\u201d \u00e8 stata provvisoriamente chiusa in entrambe le direzioni nel tratto compreso tra San Vito di Cadore e Borca di Cadore a seguito di un incidente che ha coinvolto due veicoli. Ancora in corso gli accertamenti sulle cause del sinistro. Tre donne sono rimaste ferite in modo non grave ma con traumi di media entit\u00e0. Sono state trasportate in ambulanza agli ospedali di Pieve di Cadore e Belluno per le cure del caso. Il traffico \u00e8 stato deviato sulla viabilit\u00e0 secondaria, con segnalazioni apposite posizionate lungo il percorso. Sul posto \u00e8 prontamente intervenuto il personale Anas per la gestione dell\u2019emergenza e per ripristinare la circolazione nel pi\u00f9 breve tempo possibile. Un altro incidente si \u00e8 verificato ad Arabba: un uomo di 71 anni \u00e8 rimasto ferito ed \u00e8 stato trasportato in ambulanza all\u2019ospedale di Agordo.<\/p>\n<p>&nbsp;<\/p>\n<p>&nbsp;<\/p>\n<p>&nbsp;<\/p>\n<p>**********<\/p>\n","protected":false},"excerpt":{"rendered":"<p>******** &nbsp; REDAZIONE La strada statale 51 \u201cdi Alemagna\u201d \u00e8 stata provvisoriamente chiusa in entrambe le direzioni nel tratto compreso tra San Vito di Cadore e Borca di Cadore a seguito di un incidente che ha coinvolto due veicoli. Ancora in corso gli accertamenti sulle cause del sinistro. Tre donne sono rimaste ferite in modo&hellip;<\/p>\n","protected":false},"author":4,"featured_media":348787,"comment_status":"closed","ping_status":"closed","sticky":false,"template":"","format":"standard","meta":{"_monsterinsights_skip_tracking":false,"_monsterinsights_sitenote_active":false,"_monsterinsights_sitenote_note":"","_monsterinsights_sitenote_category":0,"footnotes":""},"categories":[51,49],"tags":[],"class_list":["post-461264","post","type-post","status-publish","format-standard","has-post-thumbnail","hentry","category-evidenza-top","category-news-18","category-51","category-49","description-off"],"img_url":"https:\/\/www.radiopiu.net\/wordpress\/wp-content\/uploads\/2023\/08\/ambulanza-ulss-1.jpg","_links":{"self":[{"href":"https:\/\/www.radiopiu.net\/wordpress\/wp-json\/wp\/v2\/posts\/461264","targetHints":{"allow":["GET"]}}],"collection":[{"href":"https:\/\/www.radiopiu.net\/wordpress\/wp-json\/wp\/v2\/posts"}],"about":[{"href":"https:\/\/www.radiopiu.net\/wordpress\/wp-json\/wp\/v2\/types\/post"}],"author":[{"embeddable":true,"href":"https:\/\/www.radiopiu.net\/wordpress\/wp-json\/wp\/v2\/users\/4"}],"replies":[{"embeddable":true,"href":"https:\/\/www.radiopiu.net\/wordpress\/wp-json\/wp\/v2\/comments?post=461264"}],"version-history":[{"count":1,"href":"https:\/\/www.radiopiu.net\/wordpress\/wp-json\/wp\/v2\/posts\/461264\/revisions"}],"predecessor-version":[{"id":461265,"href":"https:\/\/www.radiopiu.net\/wordpress\/wp-json\/wp\/v2\/posts\/461264\/revisions\/461265"}],"wp:featuredmedia":[{"embeddable":true,"href":"https:\/\/www.radiopiu.net\/wordpress\/wp-json\/wp\/v2\/media\/348787"}],"wp:attachment":[{"href":"https:\/\/www.radiopiu.net\/wordpress\/wp-json\/wp\/v2\/media?parent=461264"}],"wp:term":[{"taxonomy":"category","embeddable":true,"href":"https:\/\/www.radiopiu.net\/wordpress\/wp-json\/wp\/v2\/categories?post=461264"},{"taxonomy":"post_tag","embeddable":true,"href":"https:\/\/www.radiopiu.net\/wordpress\/wp-json\/wp\/v2\/tags?post=461264"}],"curies":[{"name":"wp","href":"https:\/\/api.w.org\/{rel}","templated":true}]}}