{"id":461352,"date":"2025-07-28T05:50:07","date_gmt":"2025-07-28T03:50:07","guid":{"rendered":"https:\/\/www.radiopiu.net\/wordpress\/?p=461352"},"modified":"2025-07-28T19:48:02","modified_gmt":"2025-07-28T17:48:02","slug":"giornale-radiopiu-28-luglio-2025-direttore-mirko-mezzacasa","status":"publish","type":"post","link":"https:\/\/www.radiopiu.net\/wordpress\/giornale-radiopiu-28-luglio-2025-direttore-mirko-mezzacasa\/","title":{"rendered":"GIORNALE RADIOPIU 28 LUGLIO 2025 DIRETTORE MIRKO MEZZACASA"},"content":{"rendered":"<p>*******<\/p>\n<p>&nbsp;<\/p>\n<p><em><span style=\"color: #ff0000;\"><a class=\"dt-pswp-item\" href=\"https:\/\/www.radiopiu.net\/wordpress\/wp-content\/uploads\/2024\/10\/Senza-nome-8.png\" data-dt-img-description=\"\" data-large_image_width=\"343\" data-large_image_height=\"303\"><img loading=\"lazy\" decoding=\"async\" class=\"wp-image-412130 alignleft\" src=\"https:\/\/www.radiopiu.net\/wordpress\/wp-content\/uploads\/2024\/10\/Senza-nome-8-300x265.png\" alt=\"\" width=\"105\" height=\"93\" srcset=\"https:\/\/www.radiopiu.net\/wordpress\/wp-content\/uploads\/2024\/10\/Senza-nome-8-300x265.png 300w, https:\/\/www.radiopiu.net\/wordpress\/wp-content\/uploads\/2024\/10\/Senza-nome-8.png 343w\" sizes=\"auto, (max-width: 105px) 100vw, 105px\" \/><\/a><\/span><\/em><strong><em><span style=\"color: #ff0000;\"> LA\u00a0 APP PER IOS-IPHONE di Nicola Vettorello<\/span><\/em><\/strong><\/p>\n<p><strong><span style=\"color: #0000ff;\"><a style=\"color: #0000ff;\" href=\"https:\/\/apps.apple.com\/it\/app\/radio-pi%C3%B9-emittente-agordina\/id1515939845\">https:\/\/apps.apple.com\/it\/app\/radio-pi%C3%B9-emittente-agordina\/id1515939845<\/a><\/span><\/strong><\/p>\n<p><strong><em style=\"color: #ff0000;\">LA\u00a0 APP RADIO\u00a0 PER ANDROID di Nicola Vettorello<\/em><\/strong><\/p>\n<p><strong><span style=\"color: #0000ff;\"><a style=\"color: #0000ff;\" href=\"https:\/\/play.google.com\/store\/apps\/details?id=net.radiopiu.iniko\" target=\"_blank\" rel=\"noopener noreferrer\">https:\/\/<\/a><a style=\"color: #0000ff;\" href=\"https:\/\/play.google.com\/store\/apps\/details?id=net.radiopiu.iniko\" target=\"_blank\" rel=\"noopener noreferrer\">play.google.com\/store\/apps\/details?id=net.radiopiu.iniko\u00a0\u00a0\u00a0\u00a0<\/a><\/span><\/strong><\/p>\n<p>&nbsp;<\/p>\n<p>&nbsp;<\/p>\n<p>&nbsp;<\/p>\n<hr \/>\n<p><span style=\"color: #0000ff;\">\u00a0<\/span><\/p>\n<p>&nbsp;<\/p>\n<blockquote>\n<h1 data-start=\"0\" data-end=\"60\"><strong data-start=\"0\" data-end=\"60\">OGGI SU RADIOPI\u00d9: MUSICA, informazione\u00a0 e dirette\u00a0<\/strong><\/h1>\n<\/blockquote>\n<p class=\"\" data-start=\"62\" data-end=\"463\"><strong><a class=\"dt-pswp-item\" href=\"https:\/\/www.radiopiu.net\/wordpress\/wp-content\/uploads\/2025\/07\/Immagine-WhatsApp-2025-07-27-ore-20.32.58_e53277b0.jpg\" data-dt-img-description=\"\" data-large_image_width=\"1600\" data-large_image_height=\"900\"><img loading=\"lazy\" decoding=\"async\" class=\"size-medium wp-image-461661 alignleft\" src=\"https:\/\/www.radiopiu.net\/wordpress\/wp-content\/uploads\/2025\/07\/Immagine-WhatsApp-2025-07-27-ore-20.32.58_e53277b0-300x169.jpg\" alt=\"\" width=\"300\" height=\"169\" srcset=\"https:\/\/www.radiopiu.net\/wordpress\/wp-content\/uploads\/2025\/07\/Immagine-WhatsApp-2025-07-27-ore-20.32.58_e53277b0-300x169.jpg 300w, https:\/\/www.radiopiu.net\/wordpress\/wp-content\/uploads\/2025\/07\/Immagine-WhatsApp-2025-07-27-ore-20.32.58_e53277b0-1024x576.jpg 1024w, https:\/\/www.radiopiu.net\/wordpress\/wp-content\/uploads\/2025\/07\/Immagine-WhatsApp-2025-07-27-ore-20.32.58_e53277b0-768x432.jpg 768w, https:\/\/www.radiopiu.net\/wordpress\/wp-content\/uploads\/2025\/07\/Immagine-WhatsApp-2025-07-27-ore-20.32.58_e53277b0-1536x864.jpg 1536w, https:\/\/www.radiopiu.net\/wordpress\/wp-content\/uploads\/2025\/07\/Immagine-WhatsApp-2025-07-27-ore-20.32.58_e53277b0.jpg 1600w\" sizes=\"auto, (max-width: 300px) 100vw, 300px\" \/><\/a>ALLE 8.05 LA RASSEGNA STAMPA LOCALE 8.25\u00a0 PIU SIAMO 9.00\u00a0 OGGI COME IERI, CON SILVIA BALDO 9.40\u00a0 \u00a0I RACCONTI DI PAOLO SOPPELSA 10.30\u00a0 GOSALDO, ESTATE 2025, CON LA PROLOCO I TANTI EVENTI. IN STUDIO MILENA, SARA E DONATELLO\u00a0 \u00a012.00 IL LISCIO DI MIRCO BENCIVENNI 12.30 GR PRINCIPALE 13 10 TRE PER DUE PER TE DI MARINA DONA&#8217;\u00a0 \u00a013.20\u00a0 SALUTE E SOCIETA&#8217; CON IL DOTTOR MARCO CARACCIOLO\u00a0 \u00a016 45 LE HIT STORICHE DI MIRCO BENCIVENNI 19.05 LE ANTICIPAZIONI DAL TG DI ANTENNA 3 DA UN\u2019IDEA DI TIZIANA BOLOGNANI 1920\u00a0 CON MANUEL CONEDERA ED ELIA DECINA: LA MOSTRA DI MINERALI E FOSSILI AD AGORDO <\/strong>(FOTO ALLEGHE SUL LAGO, IL TRAMONTO foto\u00a0 di\u00a0 Mara Mezzacasa)<\/p>\n<hr \/>\n<p>&nbsp;<\/p>\n<p>&nbsp;<\/p>\n<div class=\"x11i5rnm xat24cr x1mh8g0r x1vvkbs xtlvy1s x126k92a\">\n<div dir=\"auto\">\n<div dir=\"auto\">\n<p><strong><a class=\"dt-pswp-item\" href=\"https:\/\/www.radiopiu.net\/wordpress\/wp-content\/uploads\/2025\/07\/file-2.jpg\" data-dt-img-description=\"\" data-large_image_width=\"640\" data-large_image_height=\"641\"><img loading=\"lazy\" decoding=\"async\" class=\"wp-image-460616 alignleft\" src=\"https:\/\/www.radiopiu.net\/wordpress\/wp-content\/uploads\/2025\/07\/file-2-300x300.jpg\" alt=\"\" width=\"141\" height=\"141\" srcset=\"https:\/\/www.radiopiu.net\/wordpress\/wp-content\/uploads\/2025\/07\/file-2-300x300.jpg 300w, https:\/\/www.radiopiu.net\/wordpress\/wp-content\/uploads\/2025\/07\/file-2-150x150.jpg 150w, https:\/\/www.radiopiu.net\/wordpress\/wp-content\/uploads\/2025\/07\/file-2.jpg 640w\" sizes=\"auto, (max-width: 141px) 100vw, 141px\" \/><\/a>EL BAL DEL FIOR, DI GIULIANA DA RONCH, 28 LUGLIO<\/strong><strong>\u00a02025<\/strong><\/p>\n<\/div>\n<\/div>\n<div dir=\"auto\">\n<div dir=\"auto\">\n<p>&nbsp;<\/p>\n<p>&nbsp;<\/p>\n<p>&nbsp;<\/p>\n<audio class=\"wp-audio-shortcode\" id=\"audio-461352-1\" preload=\"none\" style=\"width: 100%;\" controls=\"controls\"><source type=\"audio\/mpeg\" src=\"https:\/\/www.radiopiu.net\/wordpress\/wp-content\/uploads\/2025\/07\/GLU-3.mp3?_=1\" \/><a href=\"https:\/\/www.radiopiu.net\/wordpress\/wp-content\/uploads\/2025\/07\/GLU-3.mp3\">https:\/\/www.radiopiu.net\/wordpress\/wp-content\/uploads\/2025\/07\/GLU-3.mp3<\/a><\/audio>\n<p>&nbsp;<\/p>\n<hr \/>\n<p>&nbsp;<\/p>\n<p>&nbsp;<\/p>\n<\/div>\n<\/div>\n<\/div>\n<div class=\"x11i5rnm xat24cr x1mh8g0r x1vvkbs xtlvy1s x126k92a\">\n<blockquote>\n<h1><strong><a class=\"dt-pswp-item\" href=\"https:\/\/www.radiopiu.net\/wordpress\/wp-content\/uploads\/2024\/10\/629301fd-708d-4f53-95c2-d28cbefd500f.jpg\" data-dt-img-description=\"\" data-large_image_width=\"1600\" data-large_image_height=\"1322\"><img loading=\"lazy\" decoding=\"async\" class=\"wp-image-413782 alignright\" src=\"https:\/\/www.radiopiu.net\/wordpress\/wp-content\/uploads\/2024\/10\/629301fd-708d-4f53-95c2-d28cbefd500f-300x248.jpg\" alt=\"\" width=\"106\" height=\"88\" srcset=\"https:\/\/www.radiopiu.net\/wordpress\/wp-content\/uploads\/2024\/10\/629301fd-708d-4f53-95c2-d28cbefd500f-300x248.jpg 300w, https:\/\/www.radiopiu.net\/wordpress\/wp-content\/uploads\/2024\/10\/629301fd-708d-4f53-95c2-d28cbefd500f-1024x846.jpg 1024w, https:\/\/www.radiopiu.net\/wordpress\/wp-content\/uploads\/2024\/10\/629301fd-708d-4f53-95c2-d28cbefd500f-768x635.jpg 768w, https:\/\/www.radiopiu.net\/wordpress\/wp-content\/uploads\/2024\/10\/629301fd-708d-4f53-95c2-d28cbefd500f-1536x1269.jpg 1536w, https:\/\/www.radiopiu.net\/wordpress\/wp-content\/uploads\/2024\/10\/629301fd-708d-4f53-95c2-d28cbefd500f.jpg 1600w\" sizes=\"auto, (max-width: 106px) 100vw, 106px\" \/><\/a><\/strong><\/h1>\n<h1><strong><a class=\"dt-pswp-item\" href=\"https:\/\/www.radiopiu.net\/wordpress\/wp-content\/uploads\/2024\/11\/th-18.jpg\" data-dt-img-description=\"\" data-large_image_width=\"156\" data-large_image_height=\"180\"><img loading=\"lazy\" decoding=\"async\" class=\"size-full wp-image-421611 alignleft\" src=\"https:\/\/www.radiopiu.net\/wordpress\/wp-content\/uploads\/2024\/11\/th-18.jpg\" alt=\"\" width=\"156\" height=\"180\" \/><\/a><\/strong><\/h1>\n<h1><strong>N di parom &#8211; L Almanach de la nosta jent<\/strong><\/h1>\n<\/blockquote>\n<p>&nbsp;<\/p>\n<p>Le voci: Davide Conedera, Agordo, Michela Dell&#8217;Osbel, La Valle Agordina Simone Ganz, Falcade Veronica Lezuo, Colle Santa Lucia. La voce nella sigla \u00e8 di Giorgia Taio<\/p>\n<p><strong>LA PUNTATA DI OGGI, 28<\/strong><strong>\u00a0LUGLIO 2025<\/strong><\/p>\n<audio class=\"wp-audio-shortcode\" id=\"audio-461352-2\" preload=\"none\" style=\"width: 100%;\" controls=\"controls\"><source type=\"audio\/mpeg\" src=\"https:\/\/www.radiopiu.net\/wordpress\/wp-content\/uploads\/2025\/07\/AL1-3.mp3?_=2\" \/><a href=\"https:\/\/www.radiopiu.net\/wordpress\/wp-content\/uploads\/2025\/07\/AL1-3.mp3\">https:\/\/www.radiopiu.net\/wordpress\/wp-content\/uploads\/2025\/07\/AL1-3.mp3<\/a><\/audio>\n<p>&nbsp;<\/p>\n<\/div>\n<div class=\"x11i5rnm xat24cr x1mh8g0r x1vvkbs xtlvy1s x126k92a\">\n<div dir=\"auto\">\n<hr \/>\n<\/div>\n<\/div>\n<blockquote>\n<blockquote>\n<h1><span style=\"color: #ff0000;\">\u00a0<\/span><\/h1>\n<h1><span style=\"color: #ff0000;\">I podcast informativi del mattino &#8211; audio &#8211;\u00a0\u00a0<\/span><\/h1>\n<\/blockquote>\n<p><strong><a class=\"dt-pswp-item\" href=\"https:\/\/www.radiopiu.net\/wordpress\/wp-content\/uploads\/2024\/11\/6.jpg\" data-dt-img-description=\"\" data-large_image_width=\"177\" data-large_image_height=\"180\"><img loading=\"lazy\" decoding=\"async\" class=\"size-full wp-image-417911 alignleft\" src=\"https:\/\/www.radiopiu.net\/wordpress\/wp-content\/uploads\/2024\/11\/6.jpg\" alt=\"\" width=\"177\" height=\"180\" \/><\/a>LA RASSEGNA STAMPA NAZIONALE ALLA RADIO, OGNI GIORNO ALLE 5 E ALLE 6 DEL MATTINO <span style=\"color: #0000ff;\">viene pubblicata alle 6.00 <span style=\"color: #ff0000;\">DIRETTA RADIO\u00a0 \u00a0\u00a0<\/span><\/span><\/strong><\/p><\/blockquote>\n<p>&nbsp;<\/p>\n<p><strong>NOTIZIE DELLA NOTTE<br \/>\n<\/strong><\/p>\n<article class=\"text-token-text-primary w-full focus:outline-none scroll-mt-[calc(var(--header-height)+min(200px,max(70px,20svh)))]\" dir=\"auto\" tabindex=\"-1\" data-testid=\"conversation-turn-14\" data-scroll-anchor=\"true\" data-turn=\"assistant\">\n<div class=\"text-base my-auto mx-auto pb-10 [--thread-content-margin:--spacing(4)] @[37rem]:[--thread-content-margin:--spacing(6)] @[72rem]:[--thread-content-margin:--spacing(16)] px-(--thread-content-margin)\">\n<div class=\"[--thread-content-max-width:32rem] @[34rem]:[--thread-content-max-width:40rem] @[64rem]:[--thread-content-max-width:48rem] mx-auto max-w-(--thread-content-max-width) flex-1 group\/turn-messages focus-visible:outline-hidden relative flex w-full min-w-0 flex-col agent-turn\" tabindex=\"-1\">\n<div class=\"flex max-w-full flex-col grow\">\n<div class=\"min-h-8 text-message relative flex w-full flex-col items-end gap-2 text-start break-words whitespace-normal [.text-message+&amp;]:mt-5\" dir=\"auto\" data-message-author-role=\"assistant\" data-message-id=\"63430a4c-7486-4820-a107-fd33e5f58cfd\" data-message-model-slug=\"gpt-4o\">\n<div class=\"flex w-full flex-col gap-1 empty:hidden first:pt-[3px]\">\n<div class=\"markdown prose dark:prose-invert w-full break-words dark\">\n<p data-start=\"35\" data-end=\"180\"><strong data-start=\"35\" data-end=\"46\">PANAMA.<\/strong> CK Hutchison, colosso cinese delle infrastrutture, tratta l\u2019ingresso in un consorzio a guida USA per la gestione dei porti di Panama.<\/p>\n<p data-start=\"182\" data-end=\"332\"><strong data-start=\"182\" data-end=\"193\">SCOZIA.<\/strong> Oggi alle 13 a Turnberry, l\u2019incontro tra Donald Trump e il premier britannico Keir Starmer. Il presidente USA proseguir\u00e0 poi per Aberdeen.<\/p>\n<p data-start=\"334\" data-end=\"470\"><strong data-start=\"334\" data-end=\"347\">GIAPPONE.<\/strong> La Borsa di Tokyo apre in lieve rialzo (+0,10%) in attesa di sviluppi sulle trattative commerciali tra Cina e Stati Uniti.<\/p>\n<p data-start=\"472\" data-end=\"675\"><strong data-start=\"472\" data-end=\"479\">UE.<\/strong> Domani il commissario europeo Maro\u0161 \u0160ef\u010dovi\u010d aggiorner\u00e0 i 27 ambasciatori Ue (Coreper II) sull\u2019intesa con Washington sui dazi. Von der Leyen: \u00abPotrebbe essere l&#8217;accordo pi\u00f9 importante di sempre\u00bb.<\/p>\n<p data-start=\"677\" data-end=\"811\"><strong data-start=\"677\" data-end=\"686\">GAZA.<\/strong> Al Jazeera denuncia 62 morti oggi, di cui 34 mentre erano in fila per ricevere cibo, nonostante la pausa tattica annunciata.<\/p>\n<p data-start=\"813\" data-end=\"957\"><strong data-start=\"813\" data-end=\"826\">GERMANIA.<\/strong> Tragico deragliamento ferroviario nel Baden-W\u00fcrttemberg: almeno 4 vittime. Si sospetta una frana causata da un violento temporale.<\/p>\n<p data-start=\"959\" data-end=\"1108\" data-is-last-node=\"\" data-is-only-node=\"\"><strong data-start=\"959\" data-end=\"975\">REGNO UNITO.<\/strong> Nuove proteste a Epping davanti a un hotel per migranti. La polizia interviene per separare due gruppi contrapposti di manifestanti.<\/p>\n<\/div>\n<\/div>\n<\/div>\n<\/div>\n<div class=\"mx-[var(--mini-thread-content-inset)]\">\n<div class=\"flex min-h-[46px] justify-start\"><\/div>\n<\/div>\n<\/div>\n<\/div>\n<\/article>\n<h1>AUDIO dalle 6 del mattino<\/h1>\n<audio class=\"wp-audio-shortcode\" id=\"audio-461352-3\" preload=\"none\" style=\"width: 100%;\" controls=\"controls\"><source type=\"audio\/mpeg\" src=\"https:\/\/www.radiopiu.net\/wordpress\/wp-content\/uploads\/2025\/07\/GIORNALEDELLESEI-22.mp3?_=3\" \/><a href=\"https:\/\/www.radiopiu.net\/wordpress\/wp-content\/uploads\/2025\/07\/GIORNALEDELLESEI-22.mp3\">https:\/\/www.radiopiu.net\/wordpress\/wp-content\/uploads\/2025\/07\/GIORNALEDELLESEI-22.mp3<\/a><\/audio>\n<p>&nbsp;<\/p>\n<p>&nbsp;<\/p>\n<hr \/>\n<p>&nbsp;<\/p>\n<h1 style=\"text-align: center;\"><span style=\"color: #ff0000;\"><a class=\"dt-pswp-item\" href=\"https:\/\/www.radiopiu.net\/wordpress\/wp-content\/uploads\/2024\/11\/7.jpg\" data-dt-img-description=\"\" data-large_image_width=\"180\" data-large_image_height=\"180\"><img loading=\"lazy\" decoding=\"async\" class=\"size-full wp-image-417912 alignleft\" src=\"https:\/\/www.radiopiu.net\/wordpress\/wp-content\/uploads\/2024\/11\/7.jpg\" alt=\"\" width=\"180\" height=\"180\" srcset=\"https:\/\/www.radiopiu.net\/wordpress\/wp-content\/uploads\/2024\/11\/7.jpg 180w, https:\/\/www.radiopiu.net\/wordpress\/wp-content\/uploads\/2024\/11\/7-150x150.jpg 150w\" sizes=\"auto, (max-width: 180px) 100vw, 180px\" \/><\/a>I podcast informativi del mattino &#8211; audio &#8211;\u00a0<\/span><\/h1>\n<p><strong>OGNI GIORNO ALLE SETTE DEL MATTINO, LA RASSEGNA STAMPA LOCALE FLASH&#8230; PER CHI VA IN FRETTA. I TITOLI DAI GIORNALI E DAL SITO WWW.RADIOPIU.NET <span style=\"color: #0000ff;\">viene pubblicato alle 7.00<\/span> <span style=\"color: #ff0000;\">DIRETTA RADIO\u00a0<\/span><\/strong><\/p>\n<p><em><span style=\"color: #ff0000;\">per chi va in fretta&#8230; tante notizie in pochi minuti. L&#8217;informazione locale alla radio, ogni ora dalle 7 del mattino alle 19 della sera.\u00a0\u00a0<\/span><\/em><\/p>\n<p><strong data-start=\"0\" data-end=\"62\">Notizie locali dal Bellunese: tra cronaca, eventi e novit\u00e0<\/strong><\/p>\n<p>&nbsp;<\/p>\n<div class=\"flex flex-1 grow basis-auto flex-col overflow-hidden\">\n<div class=\"relative h-full\">\n<div class=\"flex h-full flex-col overflow-y-auto [scrollbar-gutter:stable]\">\n<div class=\"mt-1.5 flex flex-col text-sm @thread-xl\/thread:pt-header-height md:pb-9\">\n<article class=\"group\/turn w-full text-token-text-primary focus-visible:outline-none\" dir=\"auto\" tabindex=\"-1\" data-testid=\"conversation-turn-2\" data-scroll-anchor=\"true\">\n<div class=\"text-base my-auto mx-auto py-5 px-6\">\n<div class=\"mx-auto flex flex-1 text-base gap-4 md:gap-5 lg:gap-6 md:max-w-3xl\">\n<div class=\"group\/conversation-turn relative flex w-full min-w-0 flex-col agent-turn @xs\/thread:px-0 @sm\/thread:px-1.5 @md\/thread:px-4\">\n<div class=\"relative flex-col gap-1 md:gap-3\">\n<div class=\"flex max-w-full flex-col flex-grow\">\n<div class=\"min-h-8 text-message relative flex w-full flex-col items-end gap-2 whitespace-normal break-words text-start [.text-message+&amp;]:mt-5\" dir=\"auto\" data-message-author-role=\"assistant\" data-message-id=\"bff05fc0-dc7c-4ab7-9b20-d3eec753127b\" data-message-model-slug=\"gpt-4o-mini\">\n<div class=\"flex w-full flex-col gap-1 empty:hidden first:pt-[3px]\">\n<div class=\"markdown prose w-full break-words dark:prose-invert dark\">\n<p class=\"\" data-start=\"64\" data-end=\"329\"><em><strong>Radio Pi\u00f9 offre una panoramica sui principali eventi e notizie in provincia di Belluno, accompagnata dalla programmazione radiofonica. Tra le principali notizie<\/strong><\/em><\/p>\n<\/div>\n<\/div>\n<\/div>\n<\/div>\n<\/div>\n<\/div>\n<\/div>\n<\/div>\n<\/article>\n<\/div>\n<\/div>\n<\/div>\n<\/div>\n<h1>AUDIO dalle 7 del mattino<\/h1>\n<audio class=\"wp-audio-shortcode\" id=\"audio-461352-4\" preload=\"none\" style=\"width: 100%;\" controls=\"controls\"><source type=\"audio\/mpeg\" src=\"https:\/\/www.radiopiu.net\/wordpress\/wp-content\/uploads\/2025\/07\/GF07-21.mp3?_=4\" \/><a href=\"https:\/\/www.radiopiu.net\/wordpress\/wp-content\/uploads\/2025\/07\/GF07-21.mp3\">https:\/\/www.radiopiu.net\/wordpress\/wp-content\/uploads\/2025\/07\/GF07-21.mp3<\/a><\/audio>\n<p>&nbsp;<\/p>\n<p>&nbsp;<\/p>\n<hr \/>\n<p>&nbsp;<\/p>\n<h1><\/h1>\n<h1 style=\"text-align: center;\"><span style=\"color: #ff0000;\"><a class=\"dt-pswp-item\" href=\"https:\/\/www.radiopiu.net\/wordpress\/wp-content\/uploads\/2024\/11\/th.jpg\" data-dt-img-description=\"\" data-large_image_width=\"148\" data-large_image_height=\"179\"><img loading=\"lazy\" decoding=\"async\" class=\" wp-image-417913 alignleft\" src=\"https:\/\/www.radiopiu.net\/wordpress\/wp-content\/uploads\/2024\/11\/th.jpg\" alt=\"\" width=\"66\" height=\"80\" \/><\/a>I podcast informativi del mattino &#8211; audio &#8211;\u00a0<\/span><\/h1>\n<blockquote><p><strong>GIORNALE RADIO NAZIONALE, EDIZIONE DELLE SETTE <span style=\"color: #0000ff;\">viene pubblicato alle 7.05 <span style=\"color: #ff0000;\">DIRETTA RADIO\u00a0<\/span><\/span><\/strong><\/p><\/blockquote>\n<p><strong>il giornale radionazionale e&#8217; in onda ogni ora, dalle sette del mattino alle venti della sera\u00a0 \u00a0\u00a0<\/strong><\/p>\n<p>&nbsp;<\/p>\n<blockquote>\n<h2><em> <a class=\"dt-pswp-item\" href=\"https:\/\/www.radiopiu.net\/wordpress\/wp-content\/uploads\/2025\/02\/download-7.jpg\" data-dt-img-description=\"\" data-large_image_width=\"211\" data-large_image_height=\"239\"><img loading=\"lazy\" decoding=\"async\" class=\" wp-image-435553 alignleft\" src=\"https:\/\/www.radiopiu.net\/wordpress\/wp-content\/uploads\/2025\/02\/download-7.jpg\" alt=\"\" width=\"186\" height=\"211\" \/><\/a><span style=\"color: #ff0000;\">RADIOPI\u00d9<\/span> \u2013 La voce del territorio, lo sguardo sul Paese.\u00a0<\/em><\/h2>\n<p data-start=\"35\" data-end=\"194\"><strong data-start=\"35\" data-end=\"47\">VITERBO.<\/strong> Uomo uccide il cognato a calci e pugni. Indossava il braccialetto elettronico. Era accusato di stalking nei confronti della sorella della vittima. <strong data-start=\"196\" data-end=\"210\">LODI.<\/strong> Anziano uccide la moglie disabile e tenta il suicidio. \u201cMe lo chiese lei\u201d, avrebbe detto. <strong data-start=\"302\" data-end=\"313\">NAPOLI.<\/strong> Rissa a Pomigliano d\u2019Arco: un morto e due feriti. Sempre nel Napoletano, irruzione armata durante una messa in una cappella: colpi a salve e fuga del responsabile, ora ricercato. <strong data-start=\"494\" data-end=\"507\">SABAUDIA.<\/strong> Cameriere muore soffocato da una mozzarella durante la pausa in uno stabilimento balneare. <strong data-start=\"600\" data-end=\"613\">ANACAPRI.<\/strong> Uomo cade e si ferisce gravemente in uno stabilimento, trasferito in elisoccorso a Napoli. <strong data-start=\"706\" data-end=\"718\">ABRUZZO.<\/strong> Il Parco di Civitella Alfedena ammonisce i fotografi per comportamento irresponsabile verso una lupa con cuccioli. <strong data-start=\"835\" data-end=\"846\">NAPOLI.<\/strong> Controlli dei Carabinieri nella movida: uomo con bastone e coltello, dicevano solo un selfie. <strong data-start=\"942\" data-end=\"953\">GENOVA.<\/strong> Delitto trapano: trovate 50 tracce sull\u2019arma per analisi del Dna. Chiusura indagini prevista per ottobre. <strong data-start=\"1061\" data-end=\"1073\">SANREMO.<\/strong> Uomo di 68 anni muore per choc anafilattico dopo aggressione di uno sciame di insetti vicino a Sanremo. <strong data-start=\"1179\" data-end=\"1190\">ITALIA.<\/strong> Strage sulle strade dell\u2019esodo estivo: auto contromano sulla Torino-Milano provoca quattro vittime. A Catanzaro muore una bambina.<\/p>\n<\/blockquote>\n<blockquote>\n<h2><span style=\"color: #ff0000;\">RADIOPI\u00d9<\/span> \u2013 Dalle Dolomiti alla pianura, i fatti che segnano la Regione.<\/h2>\n<\/blockquote>\n<p><strong><a class=\"dt-pswp-item\" href=\"https:\/\/www.radiopiu.net\/wordpress\/wp-content\/uploads\/2025\/02\/download-3.jpg\" data-dt-img-description=\"\" data-large_image_width=\"223\" data-large_image_height=\"226\"><img loading=\"lazy\" decoding=\"async\" class=\"size-full wp-image-434732 alignleft\" src=\"https:\/\/www.radiopiu.net\/wordpress\/wp-content\/uploads\/2025\/02\/download-3.jpg\" alt=\"\" width=\"223\" height=\"226\" \/><\/a><\/strong><\/p>\n<p><strong data-start=\"455\" data-end=\"468\">PADOVA.<\/strong> Incidente mortale: moto si scontra con auto, rallentamenti in zona, polstrada sul posto <strong data-start=\"709\" data-end=\"722\">VERONA.<\/strong> Scontro auto-moto con un morto, vittima un 49enne locale. <strong data-start=\"784\" data-end=\"796\">VENEZIA.<\/strong> \u00c8 morta Maud Giaccari, artista d\u2019avanguardia e giornalista. Cordoglio dalla Biennale di Venezia, a cui ha donato l\u2019archivio. <strong data-start=\"561\" data-end=\"573\">VENEZIA.<\/strong> Fino a fine agosto previste 15 giornate critiche sulle strade venete; previsto un centro servizi Cav con area ristoro ad Arino Est. <strong data-start=\"303\" data-end=\"325\">CORTINA<\/strong> Francesco e Giuseppe Di Pietra vincono la Coppa d\u2019Oro Dolomiti; nella categoria &#8220;legend&#8221; vincono Gianluigi e Federico Smussi.\u00a0<strong data-start=\"25\" data-end=\"37\">VENEZIA.<\/strong> Dal lancio del ticket turistico ad aprile, sono stati pagati da 720.000 turisti, con incassi per 5,4 milioni di euro. Si \u00e8 conclusa la fase sperimentale. <strong>VERONA<\/strong> Bio-fertilizzanti dagli scarti agricoli, progetto a Verona. &#8216;Dimitra&#8217; cofinanziato dall&#8217;Unione Europea nell&#8217;ambito del Programma Life <strong>VENEZIA<\/strong> Cgia, in 9 casi su 10 le tasse sono &#8216;nascoste&#8217; Quest&#8217;anno la famiglia tipo ne versa poco pi\u00f9 di 20 mila euro <strong>TREVISO<\/strong> Benetton, chiusa la ristrutturazione, al via il rilancio Creazione societ\u00e0 interne e confronto per nuovo integrativo<\/p>\n<h1><span style=\"color: #ff0000;\"><span style=\"color: #0000ff;\">ULTIM&#8217;ORA<\/span> <span style=\"color: #000000;\">AUDIO dalle sette del mattino, ogni ora alla radio EDIZIONE DELLE SETTE<\/span><\/span><\/h1>\n<audio class=\"wp-audio-shortcode\" id=\"audio-461352-5\" preload=\"none\" style=\"width: 100%;\" controls=\"controls\"><source type=\"audio\/mpeg\" src=\"https:\/\/www.radiopiu.net\/wordpress\/wp-content\/uploads\/2025\/07\/giornale07-25.mp3?_=5\" \/><a href=\"https:\/\/www.radiopiu.net\/wordpress\/wp-content\/uploads\/2025\/07\/giornale07-25.mp3\">https:\/\/www.radiopiu.net\/wordpress\/wp-content\/uploads\/2025\/07\/giornale07-25.mp3<\/a><\/audio>\n<p>&nbsp;<\/p>\n<p>&nbsp;<\/p>\n<p>&nbsp;<\/p>\n<hr \/>\n<p>&nbsp;<\/p>\n<p>&nbsp;<\/p>\n<h1><span style=\"color: #ff0000;\"><a class=\"dt-pswp-item\" href=\"https:\/\/www.radiopiu.net\/wordpress\/wp-content\/uploads\/2024\/11\/8.jpg\" data-dt-img-description=\"\" data-large_image_width=\"180\" data-large_image_height=\"180\"><img loading=\"lazy\" decoding=\"async\" class=\"size-full wp-image-417910 alignleft\" src=\"https:\/\/www.radiopiu.net\/wordpress\/wp-content\/uploads\/2024\/11\/8.jpg\" alt=\"\" width=\"180\" height=\"180\" srcset=\"https:\/\/www.radiopiu.net\/wordpress\/wp-content\/uploads\/2024\/11\/8.jpg 180w, https:\/\/www.radiopiu.net\/wordpress\/wp-content\/uploads\/2024\/11\/8-150x150.jpg 150w\" sizes=\"auto, (max-width: 180px) 100vw, 180px\" \/><\/a>I podcast informativi del mattino &#8211; video &#8211;\u00a0<\/span><\/h1>\n<h2 style=\"text-align: left;\"><strong>RASSEGNA STAMPA LOCALE, ORE OTTO<\/strong><\/h2>\n<h2><strong> <span style=\"color: #0000ff;\">viene\u00a0 <\/span><\/strong><strong><span style=\"color: #0000ff;\">pubblicata alle 8.05 <span style=\"color: #ff0000;\">DIRETTA RADIO\u00a0 \u00a0<\/span><\/span><\/strong><strong>DI MIRKO MEZZACASA<\/strong><\/h2>\n<h1><span style=\"color: #ff0000;\"><strong>VIDEO\u00a0 \u00a0in diretta AGGIORNAMENTO\u00a0 dalle 8 del mattino\u00a0 \u00a0\u00a0<\/strong><\/span><\/h1>\n<p>&nbsp;<\/p>\n<p>&nbsp;<\/p>\n<p><iframe loading=\"lazy\" title=\"DAL 1983 LA RASSEGNA STAMPA LOCALE di mirko mezzacasa. L&#039;ORIGINALE\" width=\"1200\" height=\"675\" src=\"https:\/\/www.youtube.com\/embed\/gpagukl8YzU?feature=oembed\" frameborder=\"0\" allow=\"accelerometer; autoplay; clipboard-write; encrypted-media; gyroscope; picture-in-picture; web-share\" referrerpolicy=\"strict-origin-when-cross-origin\" allowfullscreen><\/iframe><\/p>\n<hr \/>\n<p>&nbsp;<\/p>\n<p><strong><a class=\"dt-pswp-item\" href=\"https:\/\/www.radiopiu.net\/wordpress\/wp-content\/uploads\/2023\/12\/ANTENNA.png\" data-dt-img-description=\"\" data-large_image_width=\"300\" data-large_image_height=\"166\"><img loading=\"lazy\" decoding=\"async\" class=\"wp-image-366306 alignright\" src=\"https:\/\/www.radiopiu.net\/wordpress\/wp-content\/uploads\/2023\/12\/ANTENNA.png\" alt=\"\" width=\"101\" height=\"56\" \/><\/a><a class=\"dt-pswp-item\" href=\"https:\/\/www.radiopiu.net\/wordpress\/wp-content\/uploads\/2024\/11\/th-17.jpg\" data-dt-img-description=\"\" data-large_image_width=\"224\" data-large_image_height=\"180\"><img loading=\"lazy\" decoding=\"async\" class=\" wp-image-421610 alignleft\" src=\"https:\/\/www.radiopiu.net\/wordpress\/wp-content\/uploads\/2024\/11\/th-17.jpg\" alt=\"\" width=\"167\" height=\"134\" \/><\/a>ogni sera alle 19 le anticipazioni alla radio, quello che poi seguirete nel TELEGIORNALE BELLUNESE\u00a0 in onda alle 19.30 sul CANALE 10 del digitale terrestre.\u00a0\u00a0<\/strong><\/p>\n<p><b>\u00a0\u00a0<\/b><\/p>\n<h1><\/h1>\n<p>&nbsp;<\/p>\n<p>&nbsp;<\/p>\n<p>&nbsp;<\/p>\n<p>&nbsp;<\/p>\n<hr \/>\n<p>&nbsp;<\/p>\n<h2 style=\"text-align: center;\"><span style=\"color: #ff0000;\">RADIO PI\u00d9 CONTRO LA GUERRA. SEMPRE. ANCHE QUANDO QUALCUNO STRAPPA I NOSTRI MANIFESTI<\/span><\/h2>\n<article class=\"text-token-text-primary w-full focus:outline-none scroll-mt-[calc(var(--header-height)+min(200px,max(70px,20svh)))]\" dir=\"auto\" tabindex=\"-1\" data-testid=\"conversation-turn-8\" data-scroll-anchor=\"true\" data-turn=\"assistant\">\n<div class=\"text-base my-auto mx-auto pb-10 [--thread-content-margin:--spacing(4)] @[37rem]:[--thread-content-margin:--spacing(6)] @[72rem]:[--thread-content-margin:--spacing(16)] px-(--thread-content-margin)\">\n<div class=\"[--thread-content-max-width:32rem] @[34rem]:[--thread-content-max-width:40rem] @[64rem]:[--thread-content-max-width:48rem] mx-auto max-w-(--thread-content-max-width) flex-1 group\/turn-messages focus-visible:outline-hidden relative flex w-full min-w-0 flex-col agent-turn\" tabindex=\"-1\">\n<div class=\"flex max-w-full flex-col grow\">\n<div class=\"min-h-8 text-message relative flex w-full flex-col items-end gap-2 text-start break-words whitespace-normal [.text-message+&amp;]:mt-5\" dir=\"auto\" data-message-author-role=\"assistant\" data-message-id=\"940d9f94-35f6-460c-bcde-24f586d14688\" data-message-model-slug=\"gpt-4o\">\n<div class=\"flex w-full flex-col gap-1 empty:hidden first:pt-[3px]\">\n<div class=\"markdown prose dark:prose-invert w-full break-words dark\">\n<p data-start=\"91\" data-end=\"411\"><strong data-start=\"91\" data-end=\"103\">SEDICO \u2013<\/strong> Radio Pi\u00f9 \u00e8, da sempre, contro la guerra. Qualsiasi guerra. Ovunque. In qualunque forma. Un messaggio chiaro, netto, inequivocabile. Un messaggio che abbiamo deciso di portare anche negli spazi pubblici, a voce alta e a colori, attraverso manifesti affissi in luoghi simbolici del nostro territorio. Uno di questi spazi si trova a Peron di Sedico, nel parcheggio adiacente alla pizzeria. Uno spazio regolarmente acquistato e pagato da Radio Pi\u00f9, che si \u00e8 fatta carico anche dei costi di grafica, stampa e affissione. Ma evidentemente, quel messaggio di pace e solidariet\u00e0 non \u00e8 piaciuto a tutti. Nelle notti scorse, per tre volte, i manifesti sono stati strappati. Non rovinati dalla pioggia o staccati dal vento: strappati con intenzione, tra la mezzanotte e le prime luci del mattino. Un gesto vigliacco, che non ha nulla a che fare con la libert\u00e0 di pensiero, ma molto con l\u2019intolleranza e la mancanza di rispetto. Radio Pi\u00f9 ha denunciato quanto accaduto ai Carabinieri di Belluno (112) e sta formalizzando la denuncia anche presso i Carabinieri di Sedico, che avvieranno le indagini.<\/p>\n<\/div>\n<\/div>\n<\/div>\n<\/div>\n<\/div>\n<\/div>\n<\/article>\n\n\t\t\t<style type='text\/css'>\n\t\t\t\t#gallery-1 {\n\t\t\t\t\tmargin: auto;\n\t\t\t\t}\n\t\t\t\t#gallery-1 .gallery-item {\n\t\t\t\t\tfloat: left;\n\t\t\t\t\tmargin-top: 10px;\n\t\t\t\t\ttext-align: center;\n\t\t\t\t\twidth: 50%;\n\t\t\t\t}\n\t\t\t\t#gallery-1 img {\n\t\t\t\t\tborder: 2px solid #cfcfcf;\n\t\t\t\t}\n\t\t\t\t#gallery-1 .gallery-caption {\n\t\t\t\t\tmargin-left: 0;\n\t\t\t\t}\n\t\t\t\t\/* see gallery_shortcode() in wp-includes\/media.php *\/\n\t\t\t<\/style>\n\t\t<div id='gallery-1' class='dt-gallery-container gallery galleryid-461352 gallery-columns-2 gallery-size-full'><dl class='gallery-item'>\n\t\t\t\t<dt class='gallery-icon landscape'>\n\t\t\t\t\t<a class=\"rollover rollover-zoom dt-pswp-item\" title=\"ImmagSine 2025-07-27 213416\" data-dt-img-description=\"\" data-large_image_width=\"268\" data-large_image_height=\"205\"href='https:\/\/www.radiopiu.net\/wordpress\/wp-content\/uploads\/2025\/07\/ImmagSine-2025-07-27-213416.png'><img loading=\"lazy\" decoding=\"async\" width=\"268\" height=\"205\" src=\"https:\/\/www.radiopiu.net\/wordpress\/wp-content\/uploads\/2025\/07\/ImmagSine-2025-07-27-213416.png\" class=\"attachment-full size-full\" alt=\"\" \/><\/a>\n\t\t\t\t<\/dt><\/dl><dl class='gallery-item'>\n\t\t\t\t<dt class='gallery-icon landscape'>\n\t\t\t\t\t<a class=\"rollover rollover-zoom dt-pswp-item\" title=\"Immagine 2025-07-27 213453\" data-dt-img-description=\"\" data-large_image_width=\"426\" data-large_image_height=\"324\"href='https:\/\/www.radiopiu.net\/wordpress\/wp-content\/uploads\/2025\/07\/Immagine-2025-07-27-213453.png'><img loading=\"lazy\" decoding=\"async\" width=\"426\" height=\"324\" src=\"https:\/\/www.radiopiu.net\/wordpress\/wp-content\/uploads\/2025\/07\/Immagine-2025-07-27-213453.png\" class=\"attachment-full size-full\" alt=\"\" srcset=\"https:\/\/www.radiopiu.net\/wordpress\/wp-content\/uploads\/2025\/07\/Immagine-2025-07-27-213453.png 426w, https:\/\/www.radiopiu.net\/wordpress\/wp-content\/uploads\/2025\/07\/Immagine-2025-07-27-213453-300x228.png 300w\" sizes=\"auto, (max-width: 426px) 100vw, 426px\" \/><\/a>\n\t\t\t\t<\/dt><\/dl><br style=\"clear: both\" \/>\n\t\t\t<\/div>\n\n<h3 data-start=\"1245\" data-end=\"1285\"><strong data-start=\"1249\" data-end=\"1285\">Un appello ai nostri ascoltatori<\/strong><\/h3>\n<p class=\"text-token-text-primary w-full focus:outline-none scroll-mt-[calc(var(--header-height)+min(200px,max(70px,20svh)))]\" dir=\"auto\" tabindex=\"-1\" data-testid=\"conversation-turn-8\" data-scroll-anchor=\"true\" data-turn=\"assistant\">Chiediamo la collaborazione della comunit\u00e0, degli ascoltatori, dei cittadini. Se qualcuno ha visto o notato qualcosa nelle notti in questione, anche un dettaglio, non esiti a contattarci o a rivolgersi direttamente ai Carabinieri. \u00c8 importante. Non si tratta solo di un manifesto strappato. Si tratta di un messaggio di pace calpestato, di un tentativo \u2013 pur piccolo e codardo \u2013 di zittire una voce libera, che da oltre 42 anni racconta il territorio con onest\u00e0, empatia e responsabilit\u00e0. Radio Pi\u00f9 continuer\u00e0 a farlo. Non ci fanno paura i gesti notturni, n\u00e9 le mani nascoste. Continueremo a dire no alla guerra, no alla violenza, no alla censura.<br data-start=\"1964\" data-end=\"1967\" \/>Perch\u00e9 la pace si difende anche cos\u00ec: non restando in silenzio.<em data-start=\"2036\" data-end=\"2080\" data-is-last-node=\"\">Radio Pi\u00f9 \u2013 la voce libera delle Dolomiti.<\/em><\/p>\n<p>Mirko Mezzacasa<\/p>\n<p>&nbsp;<\/p>\n<p>&nbsp;<\/p>\n<hr \/>\n<p>&nbsp;<\/p>\n<blockquote>\n<h3><a class=\"dt-pswp-item\" href=\"https:\/\/www.radiopiu.net\/wordpress\/wp-content\/uploads\/2023\/01\/bicchiere-acqua.png\" data-dt-img-description=\"\" data-large_image_width=\"1800\" data-large_image_height=\"1166\"><img loading=\"lazy\" decoding=\"async\" class=\" wp-image-315608 alignleft\" src=\"https:\/\/www.radiopiu.net\/wordpress\/wp-content\/uploads\/2023\/01\/bicchiere-acqua-300x194.png\" alt=\"\" width=\"110\" height=\"71\" srcset=\"https:\/\/www.radiopiu.net\/wordpress\/wp-content\/uploads\/2023\/01\/bicchiere-acqua-300x194.png 300w, https:\/\/www.radiopiu.net\/wordpress\/wp-content\/uploads\/2023\/01\/bicchiere-acqua-1024x663.png 1024w, https:\/\/www.radiopiu.net\/wordpress\/wp-content\/uploads\/2023\/01\/bicchiere-acqua-768x497.png 768w, https:\/\/www.radiopiu.net\/wordpress\/wp-content\/uploads\/2023\/01\/bicchiere-acqua-1536x995.png 1536w, https:\/\/www.radiopiu.net\/wordpress\/wp-content\/uploads\/2023\/01\/bicchiere-acqua.png 1800w\" sizes=\"auto, (max-width: 110px) 100vw, 110px\" \/><\/a>ACQUA NON POTABILE A COLLE SANTA LUCIA E LIVINALLONGO<\/h3>\n<\/blockquote>\n<p><strong>REDAZIONE <\/strong>Servizi Integrati Bellunesi informa che a Colle Santa Lucia in localit\u00e0 Rucav\u00e0 l&#8217;acqua erogata dall&#8217;acquedotto non \u00e8 potabile e non pu\u00f2 essere usata per scopi alimentari. Verr\u00e0 effettuato servizio sostitutivo con cisterna in Centro. Anche a Livinallongo Del Col di Lana in localit\u00e0 Collaz l&#8217;acqua erogata dall&#8217;acquedotto non \u00e8 potabile e non pu\u00f2 essere usata per scopi alimentari.<\/p>\n<p>&nbsp;<\/p>\n<p>&nbsp;<\/p>\n<hr \/>\n<p>&nbsp;<\/p>\n<blockquote>\n<h3>UN ALTRO CROLLO DAL MONTE PELMO, IERI ALLE 14.00<\/h3>\n<\/blockquote>\n<p><strong>REDAZIONE <\/strong>Il video ci arriva dal sentiero 472. Il crollo sulla parete nord del monte Pelmo, sopra la Val Fiorentina, nel Comune di Selva di Cadore. Alcuni escursionisti, pur trovandosi a circa 500 metri dalla parete, hanno notato l\u2019evento e avvisato il sindaco di Val Zoldo, Camillo De Pellegrin, che ha prontamente allertato il Soccorso Alpino. Dalla parete Nordovest del &#8220;Caregon del Padreterno&#8221;, \u00e8 crollato probabilmente un pinnacolo. Una parete che continua a eruttare sassi e crode, come testimonia il grande ghiaione che si sviluppa per oltre un chilometro alla sua base. Tra il Pelmetto e il Pelmo. Il distacco di ieri \u00e8 avvenuto dal lato opposto del canale che origina la componente pi\u00f9 consistente del ghiaione, quella che arriva fino al parcheggio in Val Fiorentina, dove sostano coloro che salgono da una parte al rifugio Citt\u00e0 di Fiume e, dall&#8217;altra, al rifugio Venezia. Area di sosta che Bortolo Sala, sindaco di Borca, ha vietato, dopo la colata di tre anni fa, con tanto di ordinanza proprio per questi motivi. Il Soccorso Alpino ha verificato la situazione\u00a0 e non ha ricevuto richieste di intervento n\u00e9 ha riscontrato la necessit\u00e0 di verifiche sul posto.<br \/>\n<strong>VIDEO 1 PUBBLICATO ALLE 14. 01 DI\u00a0 ieri<\/strong><\/p>\n<div style=\"width: 848px;\" class=\"wp-video\"><video class=\"wp-video-shortcode\" id=\"video-461352-1\" width=\"848\" height=\"480\" preload=\"metadata\" controls=\"controls\"><source type=\"video\/mp4\" src=\"https:\/\/www.radiopiu.net\/wordpress\/wp-content\/uploads\/2025\/07\/WhatsApp-Video-2025-07-27-at-15.03.43.mp4?_=1\" \/><a href=\"https:\/\/www.radiopiu.net\/wordpress\/wp-content\/uploads\/2025\/07\/WhatsApp-Video-2025-07-27-at-15.03.43.mp4\">https:\/\/www.radiopiu.net\/wordpress\/wp-content\/uploads\/2025\/07\/WhatsApp-Video-2025-07-27-at-15.03.43.mp4<\/a><\/video><\/div>\n<p><strong>VIDEO 2 PUBBLICATO DA ROMINA BORTOT ALLE 16.00 DI ieri<\/strong><\/p>\n<p><iframe loading=\"lazy\" style=\"border: none; overflow: hidden;\" src=\"https:\/\/www.facebook.com\/plugins\/video.php?height=476&amp;href=https%3A%2F%2Fwww.facebook.com%2Fromina.bortot.5%2Fvideos%2F759212993170412%2F&amp;show_text=true&amp;width=267&amp;t=0\" width=\"267\" height=\"591\" frameborder=\"0\" scrolling=\"no\" allowfullscreen=\"allowfullscreen\" data-mce-fragment=\"1\"><\/iframe><\/p>\n<p>&nbsp;<\/p>\n<hr \/>\n<p>&nbsp;<\/p>\n<blockquote>\n<h3><a class=\"dt-pswp-item\" href=\"https:\/\/www.radiopiu.net\/wordpress\/wp-content\/uploads\/2025\/07\/Immagine-WhatsApp-2025-07-27-ore-17.36.13_3b302d85.jpg\" data-dt-img-description=\"\" data-large_image_width=\"2000\" data-large_image_height=\"1500\"><img loading=\"lazy\" decoding=\"async\" class=\" wp-image-461548 alignleft\" src=\"https:\/\/www.radiopiu.net\/wordpress\/wp-content\/uploads\/2025\/07\/Immagine-WhatsApp-2025-07-27-ore-17.36.13_3b302d85-300x225.jpg\" alt=\"\" width=\"145\" height=\"109\" srcset=\"https:\/\/www.radiopiu.net\/wordpress\/wp-content\/uploads\/2025\/07\/Immagine-WhatsApp-2025-07-27-ore-17.36.13_3b302d85-300x225.jpg 300w, https:\/\/www.radiopiu.net\/wordpress\/wp-content\/uploads\/2025\/07\/Immagine-WhatsApp-2025-07-27-ore-17.36.13_3b302d85-1024x768.jpg 1024w, https:\/\/www.radiopiu.net\/wordpress\/wp-content\/uploads\/2025\/07\/Immagine-WhatsApp-2025-07-27-ore-17.36.13_3b302d85-768x576.jpg 768w, https:\/\/www.radiopiu.net\/wordpress\/wp-content\/uploads\/2025\/07\/Immagine-WhatsApp-2025-07-27-ore-17.36.13_3b302d85-1536x1152.jpg 1536w, https:\/\/www.radiopiu.net\/wordpress\/wp-content\/uploads\/2025\/07\/Immagine-WhatsApp-2025-07-27-ore-17.36.13_3b302d85.jpg 2000w\" sizes=\"auto, (max-width: 145px) 100vw, 145px\" \/><\/a>INCIDENTE AD ALLEGHE, TRE AUTO COINVOLTE<\/h3>\n<\/blockquote>\n<p><strong>ALLEGHE<\/strong> Disagi sulla SR 203 Agordina all&#8217;altezza della frazione Vallazza ad Alleghe dove tre auto sono entrate in collisione. Traffico bloccato per permettere ai soccorsi di prestare le prime cure agli occupanti delle auto. Sul posto anche i Vigili del Fuoco per la messa in sicurezza della strada. Nell&#8217;incidente un unico ferito, un 39enne di Alleghe,\u00a0 non grave (codice 1) soccorso e portato al Papa Luciani di Agordo dal personale volontario della Croce Verde di Alleghe.<\/p>\n<div style=\"width: 848px;\" class=\"wp-video\"><video class=\"wp-video-shortcode\" id=\"video-461352-2\" width=\"848\" height=\"478\" preload=\"metadata\" controls=\"controls\"><source type=\"video\/mp4\" src=\"https:\/\/www.radiopiu.net\/wordpress\/wp-content\/uploads\/2025\/07\/WhatsApp-Video-2025-07-27-at-17.33.25.mp4?_=2\" \/><a href=\"https:\/\/www.radiopiu.net\/wordpress\/wp-content\/uploads\/2025\/07\/WhatsApp-Video-2025-07-27-at-17.33.25.mp4\">https:\/\/www.radiopiu.net\/wordpress\/wp-content\/uploads\/2025\/07\/WhatsApp-Video-2025-07-27-at-17.33.25.mp4<\/a><\/video><\/div>\n<p>&nbsp;<\/p>\n<hr \/>\n<blockquote>\n<h3><\/h3>\n<h3>FERITI UN 25ENNE E UN CICLISTA<\/h3>\n<\/blockquote>\n<p><strong><a class=\"dt-pswp-item\" href=\"https:\/\/www.radiopiu.net\/wordpress\/wp-content\/uploads\/2025\/03\/pensilina-Longarone.jpg\" data-dt-img-description=\"\" data-large_image_width=\"1152\" data-large_image_height=\"2048\"><img loading=\"lazy\" decoding=\"async\" class=\"wp-image-440340 alignleft\" src=\"https:\/\/www.radiopiu.net\/wordpress\/wp-content\/uploads\/2025\/03\/pensilina-Longarone-169x300.jpg\" alt=\"\" width=\"92\" height=\"163\" srcset=\"https:\/\/www.radiopiu.net\/wordpress\/wp-content\/uploads\/2025\/03\/pensilina-Longarone-169x300.jpg 169w, https:\/\/www.radiopiu.net\/wordpress\/wp-content\/uploads\/2025\/03\/pensilina-Longarone-576x1024.jpg 576w, https:\/\/www.radiopiu.net\/wordpress\/wp-content\/uploads\/2025\/03\/pensilina-Longarone-768x1365.jpg 768w, https:\/\/www.radiopiu.net\/wordpress\/wp-content\/uploads\/2025\/03\/pensilina-Longarone-864x1536.jpg 864w, https:\/\/www.radiopiu.net\/wordpress\/wp-content\/uploads\/2025\/03\/pensilina-Longarone.jpg 1152w\" sizes=\"auto, (max-width: 92px) 100vw, 92px\" \/><\/a>LONGARONE <\/strong>Mattinata movimentata sul fronte della viabilit\u00e0 a Longarone, dove si sono registrati due distinti incidenti stradali che hanno coinvolto altrettanti bellunesi. Nel primo episodio, un giovane di 25 anni residente a Belluno \u00e8 rimasto ferito in seguito a un incidente automobilistico. Sul posto sono intervenuti i soccorsi che hanno trasportato il ragazzo all\u2019ospedale San Martino di Belluno per accertamenti e cure. Le sue condizioni non sarebbero gravi. Poco dopo, un secondo intervento ha riguardato un ciclista di 49 anni, anch\u2019egli di Belluno, investito da un\u2019auto mentre era in sella alla sua bici. Anche lui \u00e8 stato condotto al San Martino. Fortunatamente, non si segnalano situazioni critiche. Entrambi i casi sono ora al vaglio delle forze dell\u2019ordine per la ricostruzione della dinamica e l\u2019accertamento delle eventuali responsabilit\u00e0.<\/p>\n<p>&nbsp;<\/p>\n<hr \/>\n<p>&nbsp;<\/p>\n<blockquote>\n<h3>MALORE PER UN 78ENNE DI TAIBON<\/h3>\n<\/blockquote>\n<p><strong>TAIBON AGORDINO\u00a0<\/strong>Nel pomeriggio di Ieri l&#8217;elicottero Falco 2 \u00e8 atterrato al Campo Sportivo di Taibon Agordino per soccorrere un uomo di 78 anni che aveva accusato un malore. L&#8217;uomo, originario di Taibon, \u00e8 stato portato al nosocomio di Belluno in gravi condizioni.<\/p>\n<p>&nbsp;<\/p>\n<hr \/>\n<p>&nbsp;<\/p>\n<blockquote>\n<h2>CORTINA. MALORE IN CANTIERE, MUORE DOPO TRE GIORNI IN OSPEDALE<\/h2>\n<\/blockquote>\n<p><strong>VITTORIO VENETO<\/strong><\/p>\n<p data-start=\"68\" data-end=\"307\"><img loading=\"lazy\" decoding=\"async\" class=\"alignleft\" src=\"https:\/\/www.radiopiu.net\/wordpress\/wp-content\/uploads\/2025\/07\/Senza-nome-61.png\" width=\"219\" height=\"180\" \/>Gianuario\u00a0 Graziano, capocantiere 58enne residente a Cappella Maggiore, \u00e8 morto gioved\u00ec pomeriggio all\u2019ospedale di Belluno, dove era stato ricoverato luned\u00ec in seguito a un malore accusato mentre lavorava in un cantiere a Cortina. L\u2019uomo, originario di Marsico Nuovo (Potenza), stava seguendo i lavori per la realizzazione di una piscina in un hotel della localit\u00e0 ampezzana. Colto da un capogiro, si era inizialmente ripreso, ma poco dopo si \u00e8 accasciato perdendo conoscenza. Soccorso e operato d\u2019urgenza, non si \u00e8 pi\u00f9 risvegliato. Lascia la moglie Sonia Dal Col, il figlio Luca con Laura, la sorella Raffaella e il fratello Giuseppe. Il funerale si tiene oggi alle 15.30 nella chiesa parrocchiale di Sant\u2019Andrea a Vittorio Veneto<\/p>\n<p>&nbsp;<\/p>\n<p>&nbsp;<\/p>\n<hr \/>\n<p>&nbsp;<\/p>\n<blockquote>\n<h3>25ENNE IN OSPEDALE DOPO UN INCIDENTE A LONGARONE<\/h3>\n<\/blockquote>\n<p><strong><a class=\"dt-pswp-item\" href=\"https:\/\/www.radiopiu.net\/wordpress\/wp-content\/uploads\/2024\/03\/e040112e-5e6f-4e7a-9965-35c6262d822e.jpg\" data-dt-img-description=\"\" data-large_image_width=\"1071\" data-large_image_height=\"679\"><img loading=\"lazy\" decoding=\"async\" class=\" wp-image-379219 alignleft\" src=\"https:\/\/www.radiopiu.net\/wordpress\/wp-content\/uploads\/2024\/03\/e040112e-5e6f-4e7a-9965-35c6262d822e-300x190.jpg\" alt=\"\" width=\"182\" height=\"115\" srcset=\"https:\/\/www.radiopiu.net\/wordpress\/wp-content\/uploads\/2024\/03\/e040112e-5e6f-4e7a-9965-35c6262d822e-300x190.jpg 300w, https:\/\/www.radiopiu.net\/wordpress\/wp-content\/uploads\/2024\/03\/e040112e-5e6f-4e7a-9965-35c6262d822e-1024x649.jpg 1024w, https:\/\/www.radiopiu.net\/wordpress\/wp-content\/uploads\/2024\/03\/e040112e-5e6f-4e7a-9965-35c6262d822e-768x487.jpg 768w, https:\/\/www.radiopiu.net\/wordpress\/wp-content\/uploads\/2024\/03\/e040112e-5e6f-4e7a-9965-35c6262d822e.jpg 1071w\" sizes=\"auto, (max-width: 182px) 100vw, 182px\" \/><\/a>REDAZIONE Nella <\/strong>mattinata di ieri, lungo la SP251 a Longarone, si \u00e8 verificato un incidente stradale. Un uomo di 25 anni, residente a Belluno, \u00e8 rimasto ferito in seguito al sinistro. Il paziente, classificato con ferite di media gravit\u00e0, \u00e8 stato trasportato in ambulanza al Pronto Soccorso di Belluno. Un altro incidente ha coinvolto un ciclista sempre a Belluno. L\u2019uomo, 49 anni, \u00e8 caduto riportando ferite di media gravit\u00e0. Anche in questo caso, l&#8217;intervento \u00e8 stato gestito via ambulanza con destinazione il Pronto Soccorso di Belluno. Nel primo pomeriggio un&#8217;operazione di soccorso si \u00e8 svolta a Forni di Sopra, dove un uomo di 91 anni, residente a Udine, ha richiesto l\u2019intervento per un malore. La gravit\u00e0 della situazione ha richiesto l&#8217;intervento dell\u2019elisoccorso Falco 1, che ha trasportato il paziente all\u2019ospedale di Belluno. Un ulteriore intervento si \u00e8 registrato a Cortina d\u2019Ampezzo per un incidente in bici. I dati relativi al paziente sono parziali, ma si sa che \u00e8 stato necessario l\u2019impiego dell\u2019elisoccorso Falco 2 per il trasferimento.<\/p>\n<p>&nbsp;<\/p>\n<p>&nbsp;<\/p>\n<hr \/>\n<p>&nbsp;<\/p>\n<blockquote>\n<h3>CONTROLLI INTENSIFICATI NEL PARCO NAZIONALE DOLOMITI BELLUNESI IN VISTA DELL\u2019AUMENTO DEL FLUSSO TURISTICO<\/h3>\n<\/blockquote>\n<p><strong><a class=\"dt-pswp-item\" href=\"https:\/\/www.radiopiu.net\/wordpress\/wp-content\/uploads\/2025\/07\/PXL_20250424_082306997.MP_-scaled.jpg\" data-dt-img-description=\"\" data-large_image_width=\"2560\" data-large_image_height=\"1440\"><img loading=\"lazy\" decoding=\"async\" class=\" wp-image-461396 alignleft\" src=\"https:\/\/www.radiopiu.net\/wordpress\/wp-content\/uploads\/2025\/07\/PXL_20250424_082306997.MP_-300x169.jpg\" alt=\"\" width=\"199\" height=\"112\" srcset=\"https:\/\/www.radiopiu.net\/wordpress\/wp-content\/uploads\/2025\/07\/PXL_20250424_082306997.MP_-300x169.jpg 300w, https:\/\/www.radiopiu.net\/wordpress\/wp-content\/uploads\/2025\/07\/PXL_20250424_082306997.MP_-1024x576.jpg 1024w, https:\/\/www.radiopiu.net\/wordpress\/wp-content\/uploads\/2025\/07\/PXL_20250424_082306997.MP_-768x432.jpg 768w, https:\/\/www.radiopiu.net\/wordpress\/wp-content\/uploads\/2025\/07\/PXL_20250424_082306997.MP_-1536x864.jpg 1536w, https:\/\/www.radiopiu.net\/wordpress\/wp-content\/uploads\/2025\/07\/PXL_20250424_082306997.MP_-2048x1152.jpg 2048w\" sizes=\"auto, (max-width: 199px) 100vw, 199px\" \/><\/a>BELLUNO<\/strong> In vista del previsto aumento del flusso turistico estivo, il Reparto Carabinieri Parco intensificher\u00e0 i controlli nel Parco Nazionale Dolomiti Bellunesi, in particolare nelle aree della Valle del Mis e della Val Cordevole. L\u2019obiettivo \u00e8 garantire una fruizione rispettosa dell\u2019ambiente e far rispettare i divieti previsti dal Regolamento del Parco. Sar\u00e0 posta particolare attenzione al Lago del Mis, ai Cadini del Brenton e alle forre come la Val Fogar\u00e8 e la Val del Mus, dove \u00e8 vietata la pratica del canyoning. I controlli, effettuati con pattuglie a piedi e in auto, mirano a prevenire comportamenti scorretti come l\u2019abbandono di rifiuti, il campeggio abusivo, l\u2019accensione di fuochi e il transito di mezzi motorizzati su strade rurali. Sar\u00e0 inoltre verificato che i cani siano sempre condotti al guinzaglio. Le violazioni comportano sanzioni amministrative o, nei casi pi\u00f9 gravi, penali. I Carabinieri Forestali invitano turisti ed escursionisti a consultare il Regolamento del Parco e ad adottare comportamenti responsabili, ricordando che il rispetto delle regole \u00e8 fondamentale per la tutela dell\u2019ambiente naturale e paesaggistico.<\/p>\n<p>&nbsp;<\/p>\n<p>&nbsp;<\/p>\n<hr \/>\n<p>&nbsp;<\/p>\n<blockquote>\n<h3>SEAM E SMART WORKING: LA CONTROREPLICA DELL&#8217;AVVOCATO IVAN BORSATO<\/h3>\n<\/blockquote>\n<p><strong><a class=\"dt-pswp-item\" href=\"https:\/\/www.radiopiu.net\/wordpress\/wp-content\/uploads\/2025\/07\/Municipio-di-Cortina--scaled.jpg\" data-dt-img-description=\"\" data-large_image_width=\"1920\" data-large_image_height=\"2560\"><img loading=\"lazy\" decoding=\"async\" class=\" wp-image-458404 alignleft\" src=\"https:\/\/www.radiopiu.net\/wordpress\/wp-content\/uploads\/2025\/07\/Municipio-di-Cortina--225x300.jpg\" alt=\"\" width=\"123\" height=\"164\" srcset=\"https:\/\/www.radiopiu.net\/wordpress\/wp-content\/uploads\/2025\/07\/Municipio-di-Cortina--225x300.jpg 225w, https:\/\/www.radiopiu.net\/wordpress\/wp-content\/uploads\/2025\/07\/Municipio-di-Cortina--768x1024.jpg 768w, https:\/\/www.radiopiu.net\/wordpress\/wp-content\/uploads\/2025\/07\/Municipio-di-Cortina--1152x1536.jpg 1152w, https:\/\/www.radiopiu.net\/wordpress\/wp-content\/uploads\/2025\/07\/Municipio-di-Cortina--1536x2048.jpg 1536w, https:\/\/www.radiopiu.net\/wordpress\/wp-content\/uploads\/2025\/07\/Municipio-di-Cortina--scaled.jpg 1920w\" sizes=\"auto, (max-width: 123px) 100vw, 123px\" \/><\/a>CORTINA<\/strong> L\u2019avvocato Ivan Borsato controreplica duramente alla SEAM sul caso smart working a Cortina, definendo \u201csconcertante\u201d la posizione della societ\u00e0, accusata di ostinarsi su visioni retrograde e scorrette. Smentisce con dati precisi l\u2019affermazione che la lavoratrice sia entrata in maternit\u00e0 subito dopo l\u2019assunzione, chiarendo che il congedo \u00e8 iniziato mesi dopo. Evidenzia che lo smart working \u00e8 stato concesso solo dopo pressioni e su indicazione medica, non per favoritismi, e che la dipendente aveva offerto piena disponibilit\u00e0 al lavoro. Critica la mancanza di SEAM al tavolo istituzionale e la gestione disorganica del tema, accusando la societ\u00e0 di applicare criteri discriminatori mascherati da equit\u00e0. Rimarca la piena compatibilit\u00e0 tra le mansioni della lavoratrice e il lavoro da remoto, e accusa SEAM di ignorare questo aspetto. L\u2019assistita, conclude Borsato, non ha imposto nulla ma ha solo chiesto chiarimenti e avanzato proposte, riservandosi ulteriori azioni in caso di chiusura al dialogo.<\/p>\n<p>&nbsp;<\/p>\n<p>&nbsp;<\/p>\n<hr \/>\n<p>&nbsp;<\/p>\n<blockquote>\n<h3>AMINA DE BIASIO VINCE ANCORA! PREMIATA A FERMO<\/h3>\n<\/blockquote>\n<blockquote><p>**<br \/>\n<em><a class=\"dt-pswp-item\" href=\"https:\/\/www.radiopiu.net\/wordpress\/wp-content\/uploads\/2025\/07\/amina-de-biasio.jpg\" data-dt-img-description=\"\" data-large_image_width=\"398\" data-large_image_height=\"297\"><img loading=\"lazy\" decoding=\"async\" class=\"wp-image-458495 alignleft\" src=\"https:\/\/www.radiopiu.net\/wordpress\/wp-content\/uploads\/2025\/07\/amina-de-biasio-300x224.jpg\" alt=\"\" width=\"123\" height=\"92\" srcset=\"https:\/\/www.radiopiu.net\/wordpress\/wp-content\/uploads\/2025\/07\/amina-de-biasio-300x224.jpg 300w, https:\/\/www.radiopiu.net\/wordpress\/wp-content\/uploads\/2025\/07\/amina-de-biasio.jpg 398w\" sizes=\"auto, (max-width: 123px) 100vw, 123px\" \/><\/a>Premio letterario Calliope, associazione <a href=\"https:\/\/associazionekoine.org\/\">\u00a0koin\u00e8<\/a> il primo premio al racconto di Amina<\/em><\/p><\/blockquote>\n<p>Questa sera (domenica 27 luglio) l&#8217;alleghese Amina De Biasio (foto) ha messo in fila\u00a0 100 partecipanti con il racconto &#8220;Un nido imperfetto&#8221;. Il giornalista Maurizio Biasi gli ha dato la notizia in diretta telefonica dall&#8217; antico Teatro di Fermo<\/p>\n<p><strong>IL SERVIZIO DI MARINA DONA&#8217;, le premiazioni in diretta e l&#8217;intervista all&#8217;autrice Amina De Biasio<\/strong><\/p>\n<audio class=\"wp-audio-shortcode\" id=\"audio-461352-6\" preload=\"none\" style=\"width: 100%;\" controls=\"controls\"><source type=\"audio\/mpeg\" src=\"https:\/\/www.radiopiu.net\/wordpress\/wp-content\/uploads\/2025\/07\/AMINA-DE-BIASIO-E-UN-NIDO-IMPERFETTO-PRIMO-POSTO-AL-PREMIO-LETTERARIO-CITTA-DI-FERMO-I.mp3?_=6\" \/><a href=\"https:\/\/www.radiopiu.net\/wordpress\/wp-content\/uploads\/2025\/07\/AMINA-DE-BIASIO-E-UN-NIDO-IMPERFETTO-PRIMO-POSTO-AL-PREMIO-LETTERARIO-CITTA-DI-FERMO-I.mp3\">https:\/\/www.radiopiu.net\/wordpress\/wp-content\/uploads\/2025\/07\/AMINA-DE-BIASIO-E-UN-NIDO-IMPERFETTO-PRIMO-POSTO-AL-PREMIO-LETTERARIO-CITTA-DI-FERMO-I.mp3<\/a><\/audio>\n<p>&nbsp;<\/p>\n<p><strong>IL VIDEO DELLA PRESENTAZIONE IN DIRETTA<\/strong><\/p>\n<p>&nbsp;<\/p>\n<p><iframe loading=\"lazy\" title=\"Video WhatsApp 2025 07 27 ore 23 12 21 bd4c6b8a\" width=\"1200\" height=\"675\" src=\"https:\/\/www.youtube.com\/embed\/U17Vw99vMlc?feature=oembed\" frameborder=\"0\" allow=\"accelerometer; autoplay; clipboard-write; encrypted-media; gyroscope; picture-in-picture; web-share\" referrerpolicy=\"strict-origin-when-cross-origin\" allowfullscreen><\/iframe><\/p>\n<p>&nbsp;<\/p>\n<p>&nbsp;<\/p>\n<hr \/>\n<p>&nbsp;<\/p>\n<blockquote>\n<h2>L&#8217; ISOLA PEDONALE AD ALLEGHE<\/h2>\n<\/blockquote>\n<p data-start=\"82\" data-end=\"364\"><strong>ALLEGHE<\/strong> \u201cUna piazza pi\u00f9 umana, senza macchine.\u201d Cos\u00ec l\u2019amico Amedeo Franceschini riassume in poche parole un sentimento condiviso da molti: il desiderio di vedere Piazza Kenney liberata dalle auto, restituita alla comunit\u00e0 come luogo di incontro, di passeggio, di socialit\u00e0. \u00a0Con sempre pi\u00f9 centri storici in Italia e in Europa che scelgono di limitare o vietare il traffico veicolare nelle piazze centrali, anche Alleghe si interroga sul futuro del suo cuore urbano. Non si tratta solo di estetica \u2013 anche se la vista sgombra della chiesa, vale da sola la scelta \u2013 ma soprattutto di qualit\u00e0 della vita. Meno traffico significa meno rumore, meno inquinamento, pi\u00f9 spazio per i bambini che giocano, per chi si incontra a chiacchierare, per chi sceglie di vivere la citt\u00e0 a piedi. Un cambiamento che richiede coraggio, visione, dialogo con i cittadini e soluzioni alternative per la mobilit\u00e0 e la sosta. Ma l\u2019obiettivo \u00e8 chiaro: rendere la piazza non solo uno spazio da attraversare, ma da vivere. Perch\u00e9 una piazza senza auto \u00e8 una piazza che respira, accoglie, racconta. Ed \u00e8 pi\u00f9 umana, come dice Amedeo.<\/p>\n\n\t\t\t<style type='text\/css'>\n\t\t\t\t#gallery-2 {\n\t\t\t\t\tmargin: auto;\n\t\t\t\t}\n\t\t\t\t#gallery-2 .gallery-item {\n\t\t\t\t\tfloat: left;\n\t\t\t\t\tmargin-top: 10px;\n\t\t\t\t\ttext-align: center;\n\t\t\t\t\twidth: 50%;\n\t\t\t\t}\n\t\t\t\t#gallery-2 img {\n\t\t\t\t\tborder: 2px solid #cfcfcf;\n\t\t\t\t}\n\t\t\t\t#gallery-2 .gallery-caption {\n\t\t\t\t\tmargin-left: 0;\n\t\t\t\t}\n\t\t\t\t\/* see gallery_shortcode() in wp-includes\/media.php *\/\n\t\t\t<\/style>\n\t\t<div id='gallery-2' class='dt-gallery-container gallery galleryid-461352 gallery-columns-2 gallery-size-thumbnail'><dl class='gallery-item'>\n\t\t\t\t<dt class='gallery-icon landscape'>\n\t\t\t\t\t<a class=\"rollover rollover-zoom dt-pswp-item\" title=\"Immagine WhatsApp 2025-07-25 ore 17.56.08_27c92939\" data-dt-img-description=\"\" data-large_image_width=\"1600\" data-large_image_height=\"1196\"href='https:\/\/www.radiopiu.net\/wordpress\/wp-content\/uploads\/2025\/07\/Immagine-WhatsApp-2025-07-25-ore-17.56.08_27c92939.jpg'><img loading=\"lazy\" decoding=\"async\" width=\"150\" height=\"150\" src=\"https:\/\/www.radiopiu.net\/wordpress\/wp-content\/uploads\/2025\/07\/Immagine-WhatsApp-2025-07-25-ore-17.56.08_27c92939-150x150.jpg\" class=\"attachment-thumbnail size-thumbnail\" alt=\"\" \/><\/a>\n\t\t\t\t<\/dt><\/dl><dl class='gallery-item'>\n\t\t\t\t<dt class='gallery-icon landscape'>\n\t\t\t\t\t<a class=\"rollover rollover-zoom dt-pswp-item\" title=\"Immagine WhatsApp 2025-07-25 ore 17.56.08_5d891af7\" data-dt-img-description=\"\" data-large_image_width=\"1600\" data-large_image_height=\"1196\"href='https:\/\/www.radiopiu.net\/wordpress\/wp-content\/uploads\/2025\/07\/Immagine-WhatsApp-2025-07-25-ore-17.56.08_5d891af7.jpg'><img loading=\"lazy\" decoding=\"async\" width=\"150\" height=\"150\" src=\"https:\/\/www.radiopiu.net\/wordpress\/wp-content\/uploads\/2025\/07\/Immagine-WhatsApp-2025-07-25-ore-17.56.08_5d891af7-150x150.jpg\" class=\"attachment-thumbnail size-thumbnail\" alt=\"\" \/><\/a>\n\t\t\t\t<\/dt><\/dl><br style=\"clear: both\" \/>\n\t\t\t<\/div>\n\n<p>&nbsp;<\/p>\n<hr \/>\n<p>&nbsp;<\/p>\n<blockquote>\n<h3>IL PREMIO PELMO D\u2019ORO CELEBRA LA FORZA E LA CULTURA DELLA MONTAGNA<\/h3>\n<\/blockquote>\n<p><strong><a class=\"dt-pswp-item\" href=\"https:\/\/www.radiopiu.net\/wordpress\/wp-content\/uploads\/2025\/07\/oro.jpg\" data-dt-img-description=\"\" data-large_image_width=\"1920\" data-large_image_height=\"1277\"><img loading=\"lazy\" decoding=\"async\" class=\" wp-image-461491 alignleft\" src=\"https:\/\/www.radiopiu.net\/wordpress\/wp-content\/uploads\/2025\/07\/oro-300x200.jpg\" alt=\"\" width=\"236\" height=\"157\" srcset=\"https:\/\/www.radiopiu.net\/wordpress\/wp-content\/uploads\/2025\/07\/oro-300x200.jpg 300w, https:\/\/www.radiopiu.net\/wordpress\/wp-content\/uploads\/2025\/07\/oro-1024x681.jpg 1024w, https:\/\/www.radiopiu.net\/wordpress\/wp-content\/uploads\/2025\/07\/oro-768x511.jpg 768w, https:\/\/www.radiopiu.net\/wordpress\/wp-content\/uploads\/2025\/07\/oro-1536x1022.jpg 1536w, https:\/\/www.radiopiu.net\/wordpress\/wp-content\/uploads\/2025\/07\/oro.jpg 1920w\" sizes=\"auto, (max-width: 236px) 100vw, 236px\" \/><\/a>CALALZO DI CADORE <\/strong>Sabato si \u00e8 tenuta la cerimonia di consegna del Pelmo d\u2019Oro, tributo ai montanari che resistono tra le Dolomiti contro frane, tempeste e politiche urbanocentriche. Organizzato dalla Provincia con Cai, guide alpine, soccorso alpino e il Consorzio Bim, l\u2019evento ha premiato Diego Dellai per l\u2019alpinismo in attivit\u00e0, i fratelli ceki Miroslav e Michal Coubal per la carriera alpinistica e Giorgio Fontanive per la cultura alpina. Premi speciali sono andati al medico Alfio De Sandre, al giornalista Francesco Chiamulera e all\u2019alpinista-artista Riccarda de Eccher, che ha sottolineato la scarsa presenza femminile tra i premiati. Commovente la storia del Centro di alcologia di Auronzo, riaperto dopo anni di chiusura. Le storie premiate raccontano passione, resistenza e amore per la montagna. La cerimonia \u00e8 stata accompagnata dalla Fanfara della Brigata Alpina Julia e dal coro La Sorgente.<\/p>\n<p>&nbsp;<\/p>\n<p>&nbsp;<\/p>\n<hr \/>\n<p>&nbsp;<\/p>\n<blockquote>\n<h3>A CANALE D&#8217;AGORDO LE PENTOLE SUONANO PER GAZA<\/h3>\n<\/blockquote>\n<p><strong>CANALE D&#8217;AGORDO <\/strong>Ieri sera, la piazza Papa Luciani di Canale d\u2019Agordo si \u00e8 riempita di suoni, voci e coscienze. Alle ore 20:30, cittadini e cittadine si sono ritrovati per partecipare a un presidio di solidariet\u00e0 con la popolazione di Gaza, duramente colpita da mesi di bombardamenti, fame e isolamento. Con il forte messaggio \u201c<strong data-start=\"534\" data-end=\"580\">Gaza muore di fame: disertiamo il silenzio<\/strong>\u201d, l\u2019evento ha voluto rompere l\u2019indifferenza e dare voce a chi voce non ha. Trombe, tamburi, campane e pentole hanno risuonato all\u2019unisono per richiamare l\u2019attenzione pubblica sull\u2019emergenza umanitaria in corso e per lanciare un grido di pace e giustizia.\u00a0Il suono delle pentole, simbolo di fame e protesta, si \u00e8 fuso con le parole dei presenti, creando un momento di forte impatto emotivo. \u201cVogliamo che ci sentano fino a Gaza, perch\u00e9 sappiano di non essere soli\u201d, si \u00e8 letto in uno dei passaggi centrali dell\u2019appello lanciato dagli organizzatori.<\/p>\n<div style=\"width: 848px;\" class=\"wp-video\"><video class=\"wp-video-shortcode\" id=\"video-461352-3\" width=\"848\" height=\"480\" preload=\"metadata\" controls=\"controls\"><source type=\"video\/mp4\" src=\"https:\/\/www.radiopiu.net\/wordpress\/wp-content\/uploads\/2025\/07\/WhatsApp-Video-2025-07-27-at-21.03.54.mp4?_=3\" \/><a href=\"https:\/\/www.radiopiu.net\/wordpress\/wp-content\/uploads\/2025\/07\/WhatsApp-Video-2025-07-27-at-21.03.54.mp4\">https:\/\/www.radiopiu.net\/wordpress\/wp-content\/uploads\/2025\/07\/WhatsApp-Video-2025-07-27-at-21.03.54.mp4<\/a><\/video><\/div>\n<p>&nbsp;<\/p>\n<hr \/>\n<p>&nbsp;<\/p>\n<blockquote>\n<h3>IL COMITATO BALDENICH24 PROPONE UN CENTRO CIVICO E CHIEDE IL RINVIO DELLA DELIBERA SULL\u2019AREA EX AGIP<\/h3>\n<\/blockquote>\n<p><strong><a class=\"dt-pswp-item\" href=\"https:\/\/www.radiopiu.net\/wordpress\/wp-content\/uploads\/2025\/07\/1000184375.png\" data-dt-img-description=\"\" data-large_image_width=\"1536\" data-large_image_height=\"1024\"><img loading=\"lazy\" decoding=\"async\" class=\" wp-image-461486 alignleft\" src=\"https:\/\/www.radiopiu.net\/wordpress\/wp-content\/uploads\/2025\/07\/1000184375-300x200.png\" alt=\"\" width=\"206\" height=\"137\" srcset=\"https:\/\/www.radiopiu.net\/wordpress\/wp-content\/uploads\/2025\/07\/1000184375-300x200.png 300w, https:\/\/www.radiopiu.net\/wordpress\/wp-content\/uploads\/2025\/07\/1000184375-1024x683.png 1024w, https:\/\/www.radiopiu.net\/wordpress\/wp-content\/uploads\/2025\/07\/1000184375-768x512.png 768w, https:\/\/www.radiopiu.net\/wordpress\/wp-content\/uploads\/2025\/07\/1000184375.png 1536w\" sizes=\"auto, (max-width: 206px) 100vw, 206px\" \/><\/a>BELLUNO <\/strong>Durante l\u2019incontro pubblico del 25 luglio al Bar Milano, il Comitato di Quartiere Baldenich24 ha presentato una proposta alternativa per il futuro dell\u2019area ex AGIP, chiedendo il rinvio della delibera comunale prevista per il 31 luglio. Il Comitato denuncia l\u2019assenza di un confronto reale con i residenti e propone un progetto partecipato, che coinvolga cittadini, comitati e associazioni. Le idee principali includono la creazione di un Centro Civico e Culturale per tutte le generazioni e la realizzazione di una \u201cCasa delle Associazioni\u201d per sostenere il volontariato locale. La proposta mira a valorizzare l\u2019area con spazi pubblici utili alla comunit\u00e0, anzich\u00e9 nuovi supermercati. Il Comitato sar\u00e0 presente alla riunione indetta dal Sindaco il 29 luglio presso la Parrocchia di Don Bosco per presentare pubblicamente le proprie istanze e promuovere un confronto costruttivo con l\u2019amministrazione e i cittadini.<\/p>\n<p>&nbsp;<\/p>\n<hr \/>\n<p>&nbsp;<\/p>\n<blockquote>\n<h2><a class=\"dt-pswp-item\" href=\"https:\/\/www.radiopiu.net\/wordpress\/wp-content\/uploads\/2025\/07\/607a31af-64e5-4f48-ace7-754520b03ccc.jpg\" data-dt-img-description=\"\" data-large_image_width=\"1563\" data-large_image_height=\"1600\"><img loading=\"lazy\" decoding=\"async\" class=\" wp-image-461692 alignleft\" src=\"https:\/\/www.radiopiu.net\/wordpress\/wp-content\/uploads\/2025\/07\/607a31af-64e5-4f48-ace7-754520b03ccc-293x300.jpg\" alt=\"\" width=\"166\" height=\"170\" srcset=\"https:\/\/www.radiopiu.net\/wordpress\/wp-content\/uploads\/2025\/07\/607a31af-64e5-4f48-ace7-754520b03ccc-293x300.jpg 293w, https:\/\/www.radiopiu.net\/wordpress\/wp-content\/uploads\/2025\/07\/607a31af-64e5-4f48-ace7-754520b03ccc-1000x1024.jpg 1000w, https:\/\/www.radiopiu.net\/wordpress\/wp-content\/uploads\/2025\/07\/607a31af-64e5-4f48-ace7-754520b03ccc-768x786.jpg 768w, https:\/\/www.radiopiu.net\/wordpress\/wp-content\/uploads\/2025\/07\/607a31af-64e5-4f48-ace7-754520b03ccc-1500x1536.jpg 1500w, https:\/\/www.radiopiu.net\/wordpress\/wp-content\/uploads\/2025\/07\/607a31af-64e5-4f48-ace7-754520b03ccc.jpg 1563w\" sizes=\"auto, (max-width: 166px) 100vw, 166px\" \/><\/a>DAL PERU&#8217; A VILLA SAN GIUSEPPE, ECCO I NUOVI OSS<\/h2>\n<\/blockquote>\n<p>&nbsp;<\/p>\n<p><strong>LIVINALLONGO<\/strong><\/p>\n<p><strong>DI LORENZO SORATROI<\/strong><\/p>\n<audio class=\"wp-audio-shortcode\" id=\"audio-461352-7\" preload=\"none\" style=\"width: 100%;\" controls=\"controls\"><source type=\"audio\/mpeg\" src=\"https:\/\/www.radiopiu.net\/wordpress\/wp-content\/uploads\/2025\/07\/lorenzo.mp3?_=7\" \/><a href=\"https:\/\/www.radiopiu.net\/wordpress\/wp-content\/uploads\/2025\/07\/lorenzo.mp3\">https:\/\/www.radiopiu.net\/wordpress\/wp-content\/uploads\/2025\/07\/lorenzo.mp3<\/a><\/audio>\n<p>&nbsp;<\/p>\n<hr \/>\n<p>&nbsp;<\/p>\n<blockquote>\n<h3>ASILO NIDO A LIMANA: PROGETTO INCERTO, MAGGIORANZA SENZA RISPOSTE<\/h3>\n<\/blockquote>\n<p><strong><a class=\"dt-pswp-item\" href=\"https:\/\/www.radiopiu.net\/wordpress\/wp-content\/uploads\/2024\/10\/OLTRE-LIMANA.png\" data-dt-img-description=\"\" data-large_image_width=\"1179\" data-large_image_height=\"1184\"><img loading=\"lazy\" decoding=\"async\" class=\" wp-image-413077 alignleft\" src=\"https:\/\/www.radiopiu.net\/wordpress\/wp-content\/uploads\/2024\/10\/OLTRE-LIMANA-300x300.png\" alt=\"\" width=\"148\" height=\"148\" srcset=\"https:\/\/www.radiopiu.net\/wordpress\/wp-content\/uploads\/2024\/10\/OLTRE-LIMANA-300x300.png 300w, https:\/\/www.radiopiu.net\/wordpress\/wp-content\/uploads\/2024\/10\/OLTRE-LIMANA-1020x1024.png 1020w, https:\/\/www.radiopiu.net\/wordpress\/wp-content\/uploads\/2024\/10\/OLTRE-LIMANA-150x150.png 150w, https:\/\/www.radiopiu.net\/wordpress\/wp-content\/uploads\/2024\/10\/OLTRE-LIMANA-768x771.png 768w, https:\/\/www.radiopiu.net\/wordpress\/wp-content\/uploads\/2024\/10\/OLTRE-LIMANA.png 1179w\" sizes=\"auto, (max-width: 148px) 100vw, 148px\" \/><\/a>LIMANA <\/strong>Durante l\u2019ultimo consiglio comunale, il dibattito sull\u2019asilo nido ha messo in luce l\u2019incapacit\u00e0 della maggioranza di affrontare criticamente il tema. La minoranza ha chiarito di non essere contrari al nido, ma al luogo scelto, ai tempi ristretti (entro giugno 2026) e alla mancanza di copertura finanziaria: mancano circa 500.000 euro su un totale di un milione. Le risposte ricevute sono state evasive e fuori tema. L\u2019assessore Troian ha parlato di progetti vecchi di vent\u2019anni, ignorando le delibere pi\u00f9 recenti votate anche da lui. \u00c8 stato detto che la decisione dipende da enti superiori, ma nessuno pu\u00f2 obbligare un Comune a partecipare a bandi penalizzanti. Inoltre, il Comune ha risorse limitate e molti altri impegni economici. Mancano i progetti esecutivi e la gara d\u2019appalto \u00e8 ancora lontana: se l\u2019opera non sar\u00e0 completata in tempo, anche i fondi gi\u00e0 ottenuti andranno restituiti. L\u2019ordine del giorno \u00e8 stato respinto.<\/p>\n<p>&nbsp;<\/p>\n<p>&nbsp;<\/p>\n<hr \/>\n<p>&nbsp;<\/p>\n<blockquote>\n<h3>TORNA A CESIOMAGGIORE LA SETTIMANA DEL CICLISMO 2025: OSPITE D\u2019ONORE FRANCESCO MOSER<\/h3>\n<\/blockquote>\n<p><strong>CESIOMAGGIORE<\/strong> Torna a Cesiomaggiore la Settimana del Ciclismo: tanti appuntamenti sportivi e culturali, e dal Comune arriva l&#8217;annuncio di un&#8217;importante novit\u00e0. A benedire l&#8217;edizione 2025 della manifestazione, un gigante del ciclismo nazionale e mondiale: Francesco Moser.<\/p>\n<p><strong>DI DANIELE DALVIT<\/strong><\/p>\n<audio class=\"wp-audio-shortcode\" id=\"audio-461352-8\" preload=\"none\" style=\"width: 100%;\" controls=\"controls\"><source type=\"audio\/mpeg\" src=\"https:\/\/www.radiopiu.net\/wordpress\/wp-content\/uploads\/2025\/07\/Servizio-Settimana-ciclismo-Cesio-2025.mp3?_=8\" \/><a href=\"https:\/\/www.radiopiu.net\/wordpress\/wp-content\/uploads\/2025\/07\/Servizio-Settimana-ciclismo-Cesio-2025.mp3\">https:\/\/www.radiopiu.net\/wordpress\/wp-content\/uploads\/2025\/07\/Servizio-Settimana-ciclismo-Cesio-2025.mp3<\/a><\/audio>\n<p>&nbsp;<\/p>\n\n\t\t\t<style type='text\/css'>\n\t\t\t\t#gallery-3 {\n\t\t\t\t\tmargin: auto;\n\t\t\t\t}\n\t\t\t\t#gallery-3 .gallery-item {\n\t\t\t\t\tfloat: left;\n\t\t\t\t\tmargin-top: 10px;\n\t\t\t\t\ttext-align: center;\n\t\t\t\t\twidth: 20%;\n\t\t\t\t}\n\t\t\t\t#gallery-3 img {\n\t\t\t\t\tborder: 2px solid #cfcfcf;\n\t\t\t\t}\n\t\t\t\t#gallery-3 .gallery-caption {\n\t\t\t\t\tmargin-left: 0;\n\t\t\t\t}\n\t\t\t\t\/* see gallery_shortcode() in wp-includes\/media.php *\/\n\t\t\t<\/style>\n\t\t<div id='gallery-3' class='dt-gallery-container gallery galleryid-461352 gallery-columns-5 gallery-size-thumbnail'><dl class='gallery-item'>\n\t\t\t\t<dt class='gallery-icon landscape'>\n\t\t\t\t\t<a class=\"rollover rollover-zoom dt-pswp-item\" title=\"d716f072-5ffc-472a-8ebf-a020cf87852d\" data-dt-img-description=\"\" data-large_image_width=\"2560\" data-large_image_height=\"1920\"href='https:\/\/www.radiopiu.net\/wordpress\/wp-content\/uploads\/2025\/07\/d716f072-5ffc-472a-8ebf-a020cf87852d-scaled.jpg'><img loading=\"lazy\" decoding=\"async\" width=\"150\" height=\"150\" src=\"https:\/\/www.radiopiu.net\/wordpress\/wp-content\/uploads\/2025\/07\/d716f072-5ffc-472a-8ebf-a020cf87852d-150x150.jpg\" class=\"attachment-thumbnail size-thumbnail\" alt=\"\" \/><\/a>\n\t\t\t\t<\/dt><\/dl><dl class='gallery-item'>\n\t\t\t\t<dt class='gallery-icon landscape'>\n\t\t\t\t\t<a class=\"rollover rollover-zoom dt-pswp-item\" title=\"34f77be5-2e7b-4646-9905-7ba850bd4fce\" data-dt-img-description=\"\" data-large_image_width=\"2560\" data-large_image_height=\"1920\"href='https:\/\/www.radiopiu.net\/wordpress\/wp-content\/uploads\/2025\/07\/34f77be5-2e7b-4646-9905-7ba850bd4fce-scaled.jpg'><img loading=\"lazy\" decoding=\"async\" width=\"150\" height=\"150\" src=\"https:\/\/www.radiopiu.net\/wordpress\/wp-content\/uploads\/2025\/07\/34f77be5-2e7b-4646-9905-7ba850bd4fce-150x150.jpg\" class=\"attachment-thumbnail size-thumbnail\" alt=\"\" \/><\/a>\n\t\t\t\t<\/dt><\/dl><dl class='gallery-item'>\n\t\t\t\t<dt class='gallery-icon landscape'>\n\t\t\t\t\t<a class=\"rollover rollover-zoom dt-pswp-item\" title=\"11382885-a454-47be-8065-0db5eaa5e0dc\" data-dt-img-description=\"\" data-large_image_width=\"2560\" data-large_image_height=\"1920\"href='https:\/\/www.radiopiu.net\/wordpress\/wp-content\/uploads\/2025\/07\/11382885-a454-47be-8065-0db5eaa5e0dc-scaled.jpg'><img loading=\"lazy\" decoding=\"async\" width=\"150\" height=\"150\" src=\"https:\/\/www.radiopiu.net\/wordpress\/wp-content\/uploads\/2025\/07\/11382885-a454-47be-8065-0db5eaa5e0dc-150x150.jpg\" class=\"attachment-thumbnail size-thumbnail\" alt=\"\" \/><\/a>\n\t\t\t\t<\/dt><\/dl><dl class='gallery-item'>\n\t\t\t\t<dt class='gallery-icon landscape'>\n\t\t\t\t\t<a class=\"rollover rollover-zoom dt-pswp-item\" title=\"0f60dbea-5ce9-412b-ad61-1531feb7ca5a\" data-dt-img-description=\"\" data-large_image_width=\"2560\" data-large_image_height=\"1920\"href='https:\/\/www.radiopiu.net\/wordpress\/wp-content\/uploads\/2025\/07\/0f60dbea-5ce9-412b-ad61-1531feb7ca5a-scaled.jpg'><img loading=\"lazy\" decoding=\"async\" width=\"150\" height=\"150\" src=\"https:\/\/www.radiopiu.net\/wordpress\/wp-content\/uploads\/2025\/07\/0f60dbea-5ce9-412b-ad61-1531feb7ca5a-150x150.jpg\" class=\"attachment-thumbnail size-thumbnail\" alt=\"\" \/><\/a>\n\t\t\t\t<\/dt><\/dl><dl class='gallery-item'>\n\t\t\t\t<dt class='gallery-icon landscape'>\n\t\t\t\t\t<a class=\"rollover rollover-zoom dt-pswp-item\" title=\"66e5e6dc-5964-400e-a4d8-df5de56a7457\" data-dt-img-description=\"\" data-large_image_width=\"2560\" data-large_image_height=\"1920\"href='https:\/\/www.radiopiu.net\/wordpress\/wp-content\/uploads\/2025\/07\/66e5e6dc-5964-400e-a4d8-df5de56a7457-scaled.jpg'><img loading=\"lazy\" decoding=\"async\" width=\"150\" height=\"150\" src=\"https:\/\/www.radiopiu.net\/wordpress\/wp-content\/uploads\/2025\/07\/66e5e6dc-5964-400e-a4d8-df5de56a7457-150x150.jpg\" class=\"attachment-thumbnail size-thumbnail\" alt=\"\" \/><\/a>\n\t\t\t\t<\/dt><\/dl><br style=\"clear: both\" \/>\n\t\t\t<\/div>\n\n<p>&nbsp;<\/p>\n<hr \/>\n<p>&nbsp;<\/p>\n<blockquote>\n<h3>DILLO A RADIO PIU&#8217;&#8230;LE AREE CAMPER DI AGORDO E TAIBON<\/h3>\n<\/blockquote>\n<p><strong><a class=\"dt-pswp-item\" href=\"https:\/\/www.radiopiu.net\/wordpress\/wp-content\/uploads\/2025\/06\/CAMPER.jpg\" data-dt-img-description=\"\" data-large_image_width=\"1280\" data-large_image_height=\"853\"><img loading=\"lazy\" decoding=\"async\" class=\" wp-image-454548 alignleft\" src=\"https:\/\/www.radiopiu.net\/wordpress\/wp-content\/uploads\/2025\/06\/CAMPER-300x200.jpg\" alt=\"\" width=\"198\" height=\"132\" srcset=\"https:\/\/www.radiopiu.net\/wordpress\/wp-content\/uploads\/2025\/06\/CAMPER-300x200.jpg 300w, https:\/\/www.radiopiu.net\/wordpress\/wp-content\/uploads\/2025\/06\/CAMPER-1024x682.jpg 1024w, https:\/\/www.radiopiu.net\/wordpress\/wp-content\/uploads\/2025\/06\/CAMPER-768x512.jpg 768w, https:\/\/www.radiopiu.net\/wordpress\/wp-content\/uploads\/2025\/06\/CAMPER.jpg 1280w\" sizes=\"auto, (max-width: 198px) 100vw, 198px\" \/><\/a>RICEVIAMO E PUBBLICHIAMO<\/strong><\/p>\n<p>Purtroppo mi trovo nuovamente a scrivervi per segnalare la situazione che noi camperisti viviamo qui, nella splendida Agordo e nel Parco delle Dolomiti Bellunesi. Dopo la rimozione della vecchia area camper in Valcozzena \u2013 dove era possibile effettuare rapidamente carico e scarico, sebbene con qualche difficolt\u00e0 dovuta alle auto dei lavoratori Luxottica (che ora, giustamente, usufruiscono dei nuovi parcheggi) \u2013 ecco la \u201cnovit\u00e0\u201d. \u00c8 stata realizzata una nuova area con griglia di scarico, impianto per acque nere e acqua potabile, il tutto ben segnalato in pi\u00f9 lingue. Sulla carta, perfetta. Peccato che, al 27 luglio, l\u2019area sia ancora transennata e apparentemente non funzionante. Durante il periodo del circo mi era parso che le transenne fossero state rimosse e che qualcuno ne stesse usufruendo, ma forse mi sbagliavo. Il punto \u00e8 che siamo a fine luglio 2025, in piena stagione turistica, e nell\u2019area tra Sedico e Caprile esistono solo due punti attrezzati per i servizi dei camper. Quella di Agordo \u00e8 nuova ma non operativa; quella di Taibon \u00e8 nuova ma fino a pochi giorni fa era irraggiungibile dai mezzi pi\u00f9 grandi a causa di lavori stradali. Mi chiedo se i sindaci e le amministrazioni comunali del Bellunese si rendano conto di come stanno trattando il crescente movimento dei camperisti, che rappresenta una fetta importante del turismo attuale. Dove dovremmo effettuare i servizi base? Inoltre, gli unici punti attivi sono a pagamento come una sosta completa, con pernottamento e allaccio alla rete elettrica: un\u2019assurdit\u00e0 per chi vuole semplicemente eseguire le operazioni di carico e scarico. Perch\u00e9 non completare le strutture e renderle finalmente funzionali? Non ho davvero pi\u00f9 parole.<\/p>\n<p>Alessandra<\/p>\n<p>&nbsp;<\/p>\n<p>&nbsp;<\/p>\n<hr \/>\n<p>&nbsp;<\/p>\n<blockquote>\n<h3>DILLO A RADIO PIU&#8217;&#8230;L&#8217;ESPERIENZA CON IL CRAS<\/h3>\n<\/blockquote>\n<p><strong><a class=\"dt-pswp-item\" href=\"https:\/\/www.radiopiu.net\/wordpress\/wp-content\/uploads\/2025\/07\/SCR-20250727-rohe.jpeg\" data-dt-img-description=\"\" data-large_image_width=\"1296\" data-large_image_height=\"1012\"><img loading=\"lazy\" decoding=\"async\" class=\" wp-image-461545 alignleft\" src=\"https:\/\/www.radiopiu.net\/wordpress\/wp-content\/uploads\/2025\/07\/SCR-20250727-rohe-300x234.jpeg\" alt=\"\" width=\"196\" height=\"153\" srcset=\"https:\/\/www.radiopiu.net\/wordpress\/wp-content\/uploads\/2025\/07\/SCR-20250727-rohe-300x234.jpeg 300w, https:\/\/www.radiopiu.net\/wordpress\/wp-content\/uploads\/2025\/07\/SCR-20250727-rohe-1024x800.jpeg 1024w, https:\/\/www.radiopiu.net\/wordpress\/wp-content\/uploads\/2025\/07\/SCR-20250727-rohe-768x600.jpeg 768w, https:\/\/www.radiopiu.net\/wordpress\/wp-content\/uploads\/2025\/07\/SCR-20250727-rohe.jpeg 1296w\" sizes=\"auto, (max-width: 196px) 100vw, 196px\" \/><\/a>RICEVIAMO E PUBBLICHIAMO <\/strong><\/p>\n<p>Era il lontano 2006 quando mi sono laureata all\u2019Universit\u00e0 di Padova in Scienze Forestali e Ambientali. Piena di entusiasmo e speranze, ho cominciato a inviare curriculum nella mia bellissima provincia di Belluno, quasi certa di trovare un\u2019occupazione in ambito ambientale. Uno dei miei curriculum l\u2019ho inviato a: Centro Recupero Animali Selvatici, Amministrazione Provinciale di Belluno, Villa Zuppani, frazione Pasa, 32036 Sedico (BL) Ovviamente, nessuna risposta. Pazienza\u2026 forse il mio CV si \u00e8 perso magari per un disservizio postale&#8230;(ndr.ironico). In questi giorni si parla molto della riapertura del CRAS di Belluno, cos\u00ec mi sono detta: \u201cAspetta un attimo\u2026 vediamo se trovo notizie aggiornate, magari posso rispedire il curriculum. Non si sa mai.\u201d Cercando online, finalmente una risposta: il CRAS di Belluno non \u00e8 attivo da circa vent\u2019anni per carenza di personale tecnico. Sarebbe bastato dirlo! Anche durante il mio tirocinio presso la Provincia di Belluno \u2013 settore caccia e pesca \u2013 nessuno mi ha mai detto che il CRAS fosse chiuso. La vita, comunque, va avanti. Ma vediamo cosa \u00e8 successo a Villa Zuppani in tutti questi anni: 2000: diventa propriet\u00e0 della Provincia di Belluno. 2014: Veneto Agricoltura pianta un gelseto per la coltivazione dei bachi da seta, gestito dal Cantiere della Provvidenza \u2013 Cooperativa sociale onlus. 2016: nasce Cantiere Verde societ\u00e0 agricola srl, societ\u00e0 benefit per promuovere la gelsibachicoltura e l\u2019agricoltura sociale (spin-off del Cantiere della Provvidenza). 2019\u20132021: il Cantiere della Provvidenza ottiene in concessione il recupero e la valorizzazione di Villa Zuppani, con progettualit\u00e0 anche legate al CRAS. 2022: arrivano 740.000 euro con il bando Habitat Cariverona, di cui 360.000 destinati alla Provincia per il recupero della villa. Dai che magari il CRAS riapre&#8230; 2023: nasce la Via della Seta Veneta, con il progetto Serinnovation coordinato dal CREA. Partner: Cantiere della Provvidenza e Cantiere Verde. 2024: nasce la rete bachicoltura setica con 7 soggetti, tra cui, unico bellunese, il Cantiere della Provvidenza. 2024: Villa Zuppani viene data in comodato d\u2019uso gratuito a Veneto Agricoltura, grazie all\u2019accordo con Regione Veneto e Provincia di Belluno. Previsti 50.000 euro annui per tre anni (2024\u20132026) per gestione, personale e spese veterinarie. A questo punto mi chiedo: perch\u00e9 Belluno riceve 50.000 euro l\u2019anno, mentre la Citt\u00e0 Metropolitana di Venezia ne riceve 90.000? Ah giusto\u2026 le Dolomiti di Venezia pullulano di cervi, volpi e caprioli. Gli investimenti di animali lungo il Canal Grande saranno un problema serio\u2026 2025: finalmente riapre il CRAS di Belluno, gestito dalla Polizia Provinciale. Io, ovviamente, mi sono persa il bando del 2023 per agenti\u2026 pazienza. Tanto, come l\u2019ultima volta (2012 o 2013), non l\u2019avrei passato. Ormai sono fuori dal giro. Ma adesso che il CRAS ha riaperto, c\u2019\u00e8 il personale tecnico che mancava vent\u2019anni fa? Si pu\u00f2 inviare un curriculum? \u00c8 possibile fare volontariato? CRAS significa Centro Recupero Animali Selvatici, ma io trovo solo articoli sui bachi da seta a Villa Zuppani. Forse mi sono persa qualcosa. Non c\u2019\u00e8 una spiegazione, un referente, un sito. Solo un vecchio numero di telefono con orari di chiamata\u2026 non \u00e8 cambiato nulla. E ci spiegano \u2013 pure male \u2013 la differenza tra fauna cacciabile e non cacciabile. Ma cervi, caprioli, volpi, merli e tordi possono anche morire. Tanto non rientrano nella \u201clista giusta\u201d. Eppure la legge 157\/1992 \u00e8 chiara: \u201cLa fauna selvatica \u00e8 patrimonio indisponibile dello Stato ed \u00e8 tutelata nell&#8217;interesse della comunit\u00e0 nazionale ed internazionale. Le Regioni emanano norme in ordine al soccorso, alla detenzione temporanea e alla successiva liberazione di fauna selvatica in difficolt\u00e0.\u201d Non si fa distinzione tra fauna cacciabile e non cacciabile. Mi pare evidente che alla fauna bellunese non interessi a nessuno. Niente recapiti, niente informazioni. E i finanziamenti? Ci sono, eccome. Ma dove sono finiti\u2026 resta un mistero. Nel frattempo, io mi incammino sulla nuova Via della Seta, e mi aggiorno sui bachi. La fauna selvatica della provincia di Belluno \u2013 pardon, delle Dolomiti di Venezia \u2013 pu\u00f2 anche morire per strada.<\/p>\n<p data-start=\"4601\" data-end=\"4618\">Elisa Manfroi<\/p>\n<p>&nbsp;<\/p>\n<p>&nbsp;<\/p>\n<hr \/>\n<p>&nbsp;<\/p>\n<blockquote>\n<h3>NATURALMENTE OLISTICO AL BAR DELLE BOCCE AD AGORDO<\/h3>\n<\/blockquote>\n<p><strong>DI MARINA DONA&#8217;<\/strong><\/p>\n<p><strong>AGORDO<\/strong> Fine settimana con Naturalmente Olistico evento organizzato da Sonia del &#8220;Bar alle bocce&#8221;. Un fine settimana delle discipline olistiche e del benessere con la partecipazione di operatori specializzati ed espositori del settore.<\/p>\n<div style=\"width: 848px;\" class=\"wp-video\"><video class=\"wp-video-shortcode\" id=\"video-461352-4\" width=\"848\" height=\"480\" preload=\"metadata\" controls=\"controls\"><source type=\"video\/mp4\" src=\"https:\/\/www.radiopiu.net\/wordpress\/wp-content\/uploads\/2025\/07\/WhatsApp-Video-2025-07-26-at-13.25.04.mp4?_=4\" \/><a href=\"https:\/\/www.radiopiu.net\/wordpress\/wp-content\/uploads\/2025\/07\/WhatsApp-Video-2025-07-26-at-13.25.04.mp4\">https:\/\/www.radiopiu.net\/wordpress\/wp-content\/uploads\/2025\/07\/WhatsApp-Video-2025-07-26-at-13.25.04.mp4<\/a><\/video><\/div>\n<p>&nbsp;<\/p>\n\n\t\t\t<style type='text\/css'>\n\t\t\t\t#gallery-4 {\n\t\t\t\t\tmargin: auto;\n\t\t\t\t}\n\t\t\t\t#gallery-4 .gallery-item {\n\t\t\t\t\tfloat: left;\n\t\t\t\t\tmargin-top: 10px;\n\t\t\t\t\ttext-align: center;\n\t\t\t\t\twidth: 25%;\n\t\t\t\t}\n\t\t\t\t#gallery-4 img {\n\t\t\t\t\tborder: 2px solid #cfcfcf;\n\t\t\t\t}\n\t\t\t\t#gallery-4 .gallery-caption {\n\t\t\t\t\tmargin-left: 0;\n\t\t\t\t}\n\t\t\t\t\/* see gallery_shortcode() in wp-includes\/media.php *\/\n\t\t\t<\/style>\n\t\t<div id='gallery-4' class='dt-gallery-container gallery galleryid-461352 gallery-columns-4 gallery-size-thumbnail'><dl class='gallery-item'>\n\t\t\t\t<dt class='gallery-icon landscape'>\n\t\t\t\t\t<a class=\"rollover rollover-zoom dt-pswp-item\" title=\"d3c2d9bc-f233-4810-afad-303ec1ccbc54\" data-dt-img-description=\"\" data-large_image_width=\"2000\" data-large_image_height=\"1500\"href='https:\/\/www.radiopiu.net\/wordpress\/wp-content\/uploads\/2025\/07\/d3c2d9bc-f233-4810-afad-303ec1ccbc54.jpg'><img loading=\"lazy\" decoding=\"async\" width=\"150\" height=\"150\" src=\"https:\/\/www.radiopiu.net\/wordpress\/wp-content\/uploads\/2025\/07\/d3c2d9bc-f233-4810-afad-303ec1ccbc54-150x150.jpg\" class=\"attachment-thumbnail size-thumbnail\" alt=\"\" \/><\/a>\n\t\t\t\t<\/dt><\/dl><dl class='gallery-item'>\n\t\t\t\t<dt class='gallery-icon landscape'>\n\t\t\t\t\t<a class=\"rollover rollover-zoom dt-pswp-item\" title=\"c18ed76f-cd6e-48e0-950b-47c549892763\" data-dt-img-description=\"\" data-large_image_width=\"2000\" data-large_image_height=\"1500\"href='https:\/\/www.radiopiu.net\/wordpress\/wp-content\/uploads\/2025\/07\/c18ed76f-cd6e-48e0-950b-47c549892763.jpg'><img loading=\"lazy\" decoding=\"async\" width=\"150\" height=\"150\" src=\"https:\/\/www.radiopiu.net\/wordpress\/wp-content\/uploads\/2025\/07\/c18ed76f-cd6e-48e0-950b-47c549892763-150x150.jpg\" class=\"attachment-thumbnail size-thumbnail\" alt=\"\" \/><\/a>\n\t\t\t\t<\/dt><\/dl><dl class='gallery-item'>\n\t\t\t\t<dt class='gallery-icon landscape'>\n\t\t\t\t\t<a class=\"rollover rollover-zoom dt-pswp-item\" title=\"7d5d2edb-fcca-4759-ae9b-161a608c1264\" data-dt-img-description=\"\" data-large_image_width=\"2000\" data-large_image_height=\"1500\"href='https:\/\/www.radiopiu.net\/wordpress\/wp-content\/uploads\/2025\/07\/7d5d2edb-fcca-4759-ae9b-161a608c1264.jpg'><img loading=\"lazy\" decoding=\"async\" width=\"150\" height=\"150\" src=\"https:\/\/www.radiopiu.net\/wordpress\/wp-content\/uploads\/2025\/07\/7d5d2edb-fcca-4759-ae9b-161a608c1264-150x150.jpg\" class=\"attachment-thumbnail size-thumbnail\" alt=\"\" \/><\/a>\n\t\t\t\t<\/dt><\/dl><dl class='gallery-item'>\n\t\t\t\t<dt class='gallery-icon landscape'>\n\t\t\t\t\t<a class=\"rollover rollover-zoom dt-pswp-item\" title=\"6325764e-7016-47e7-a884-ed32065630df\" data-dt-img-description=\"\" data-large_image_width=\"2000\" data-large_image_height=\"1500\"href='https:\/\/www.radiopiu.net\/wordpress\/wp-content\/uploads\/2025\/07\/6325764e-7016-47e7-a884-ed32065630df.jpg'><img loading=\"lazy\" decoding=\"async\" width=\"150\" height=\"150\" src=\"https:\/\/www.radiopiu.net\/wordpress\/wp-content\/uploads\/2025\/07\/6325764e-7016-47e7-a884-ed32065630df-150x150.jpg\" class=\"attachment-thumbnail size-thumbnail\" alt=\"\" \/><\/a>\n\t\t\t\t<\/dt><\/dl><br style=\"clear: both\" \/>\n\t\t\t<\/div>\n\n<p>&nbsp;<\/p>\n<hr \/>\n<p>&nbsp;<\/p>\n<blockquote>\n<h3>IL GP DEI CAMPIONI A VOLTAGO<\/h3>\n<\/blockquote>\n<p><strong>VOLTAGO<\/strong> Un intero weekend all\u2019insegna del divertimento, della passione per i motori e dello spirito sportivo: a Voltago \u00e8 andato in scena il GP dei Campioni, la simpatica e coinvolgente gara di carretti a pedali dedicata ai pi\u00f9 giovani. La manifestazione \u00e8 stata organizzata dal Team di Marco Tormen, pilota di go-kart molto attivo nella promozione dello sport tra bambini e ragazzi. Il circuito, disegnato attorno alla chiesa parrocchiale, si \u00e8 trasformato in un piccolo autodromo in miniatura, pronto ad accogliere i giovani piloti che si sono sfidati tra curve e sprint a colpi di pedali. Sabato si sono svolte le prove libere, occasione per prendere confidenza con il tracciato e testare i mezzi. Domenica mattina, invece, si \u00e8 entrati nel vivo con le qualifiche, che hanno stabilito la griglia di partenza per le due manche di gara disputate nella giornata. Al termine delle competizioni, si \u00e8 tenuta la cerimonia di premiazione. Un evento che ha unito sport, gioco e comunit\u00e0, grazie all\u2019impegno degli organizzatori e al sostegno delle famiglie e dei volontari. Un\u2019occasione speciale per trasmettere ai pi\u00f9 giovani i valori dello sport e il gusto della sana competizione. Presenti anche i chioschi con cibo e bevande.<\/p>\n<p><iframe loading=\"lazy\" title=\"IL GP DEI CAMPIONI A VOLTAGO\" width=\"1200\" height=\"675\" src=\"https:\/\/www.youtube.com\/embed\/mWCj7crMjaA?feature=oembed\" frameborder=\"0\" allow=\"accelerometer; autoplay; clipboard-write; encrypted-media; gyroscope; picture-in-picture; web-share\" referrerpolicy=\"strict-origin-when-cross-origin\" allowfullscreen><\/iframe><\/p>\n<p>&nbsp;<\/p>\n<hr \/>\n<p>&nbsp;<\/p>\n<blockquote>\n<h3>TRICHIANA, PAESE DEL LIBRO: SUCCESSO PER LA 35\u00aa EDIZIONE DEL PREMIO LETTERARIO NAZIONALE<\/h3>\n<\/blockquote>\n<p><strong>BORGO VALBELLUNA <\/strong>Sabato 26 luglio si \u00e8 svolta a Trichiana la cerimonia di premiazione della 35\u00aa edizione del Premio Letterario Nazionale \u201cTrichiana &#8211; Paese del Libro\u201d, con oltre 420 racconti partecipanti da tutta Italia. A vincere \u00e8 stata Paola Bettolatti, di Sondrio, con il racconto <em>Deposizione<\/em>. La giuria, presieduta dallo scrittore Marco Balzano, ha selezionato gli otto finalisti. Il premio si \u00e8 confermato non solo come concorso di scrittura, ma anche come vero e proprio festival culturale, con presentazioni, incontri e un corso di scrittura molto seguito. Ospiti di rilievo come la Senatrice Elena Cattaneo e la scrittrice Maria Grazia Calandrone hanno arricchito le serate del festival. L\u2019Amministrazione comunale ha espresso grande soddisfazione per la riuscita dell\u2019evento e si impegna a portare avanti questa storica tradizione che da 35 anni valorizza la narrativa inedita e il territorio di Borgo Valbelluna.<\/p>\n\n\t\t\t<style type='text\/css'>\n\t\t\t\t#gallery-5 {\n\t\t\t\t\tmargin: auto;\n\t\t\t\t}\n\t\t\t\t#gallery-5 .gallery-item {\n\t\t\t\t\tfloat: left;\n\t\t\t\t\tmargin-top: 10px;\n\t\t\t\t\ttext-align: center;\n\t\t\t\t\twidth: 25%;\n\t\t\t\t}\n\t\t\t\t#gallery-5 img {\n\t\t\t\t\tborder: 2px solid #cfcfcf;\n\t\t\t\t}\n\t\t\t\t#gallery-5 .gallery-caption {\n\t\t\t\t\tmargin-left: 0;\n\t\t\t\t}\n\t\t\t\t\/* see gallery_shortcode() in wp-includes\/media.php *\/\n\t\t\t<\/style>\n\t\t<div id='gallery-5' class='dt-gallery-container gallery galleryid-461352 gallery-columns-4 gallery-size-thumbnail'><dl class='gallery-item'>\n\t\t\t\t<dt class='gallery-icon landscape'>\n\t\t\t\t\t<a class=\"rollover rollover-zoom dt-pswp-item\" title=\"Bettolatti Vincitrice_RobertoDePellegrin\" data-dt-img-description=\"\" data-large_image_width=\"2560\" data-large_image_height=\"1706\"href='https:\/\/www.radiopiu.net\/wordpress\/wp-content\/uploads\/2025\/07\/Bettolatti-Vincitrice_RobertoDePellegrin.jpeg'><img loading=\"lazy\" decoding=\"async\" width=\"150\" height=\"150\" src=\"https:\/\/www.radiopiu.net\/wordpress\/wp-content\/uploads\/2025\/07\/Bettolatti-Vincitrice_RobertoDePellegrin-150x150.jpeg\" class=\"attachment-thumbnail size-thumbnail\" alt=\"\" \/><\/a>\n\t\t\t\t<\/dt><\/dl><dl class='gallery-item'>\n\t\t\t\t<dt class='gallery-icon landscape'>\n\t\t\t\t\t<a class=\"rollover rollover-zoom dt-pswp-item\" title=\"Cattaneo-RobertoDePellegrin\" data-dt-img-description=\"\" data-large_image_width=\"2560\" data-large_image_height=\"1706\"href='https:\/\/www.radiopiu.net\/wordpress\/wp-content\/uploads\/2025\/07\/Cattaneo-RobertoDePellegrin.jpeg'><img loading=\"lazy\" decoding=\"async\" width=\"150\" height=\"150\" src=\"https:\/\/www.radiopiu.net\/wordpress\/wp-content\/uploads\/2025\/07\/Cattaneo-RobertoDePellegrin-150x150.jpeg\" class=\"attachment-thumbnail size-thumbnail\" alt=\"\" \/><\/a>\n\t\t\t\t<\/dt><\/dl><dl class='gallery-item'>\n\t\t\t\t<dt class='gallery-icon landscape'>\n\t\t\t\t\t<a class=\"rollover rollover-zoom dt-pswp-item\" title=\"Finalisti2025-RobertoDePellegrin\" data-dt-img-description=\"\" data-large_image_width=\"2560\" data-large_image_height=\"1706\"href='https:\/\/www.radiopiu.net\/wordpress\/wp-content\/uploads\/2025\/07\/Finalisti2025-RobertoDePellegrin.jpeg'><img loading=\"lazy\" decoding=\"async\" width=\"150\" height=\"150\" src=\"https:\/\/www.radiopiu.net\/wordpress\/wp-content\/uploads\/2025\/07\/Finalisti2025-RobertoDePellegrin-150x150.jpeg\" class=\"attachment-thumbnail size-thumbnail\" alt=\"\" \/><\/a>\n\t\t\t\t<\/dt><\/dl><dl class='gallery-item'>\n\t\t\t\t<dt class='gallery-icon landscape'>\n\t\t\t\t\t<a class=\"rollover rollover-zoom dt-pswp-item\" title=\"TPL2025-RobertoDePellegrin\" data-dt-img-description=\"\" data-large_image_width=\"2560\" data-large_image_height=\"1706\"href='https:\/\/www.radiopiu.net\/wordpress\/wp-content\/uploads\/2025\/07\/TPL2025-RobertoDePellegrin.jpeg'><img loading=\"lazy\" decoding=\"async\" width=\"150\" height=\"150\" src=\"https:\/\/www.radiopiu.net\/wordpress\/wp-content\/uploads\/2025\/07\/TPL2025-RobertoDePellegrin-150x150.jpeg\" class=\"attachment-thumbnail size-thumbnail\" alt=\"\" \/><\/a>\n\t\t\t\t<\/dt><\/dl><br style=\"clear: both\" \/>\n\t\t\t<\/div>\n\n<p>&nbsp;<\/p>\n<p>&nbsp;<\/p>\n<hr \/>\n<p>&nbsp;<\/p>\n<blockquote>\n<h3>ARABBA INCONTRA: DOMANI IL PRIMO APPUNTAMENTO<\/h3>\n<\/blockquote>\n<p><strong><a class=\"dt-pswp-item\" href=\"https:\/\/www.radiopiu.net\/wordpress\/wp-content\/uploads\/2025\/07\/29_07_25-Arabba_InConTra_Favero.jpg\" data-dt-img-description=\"\" data-large_image_width=\"1414\" data-large_image_height=\"2000\"><img loading=\"lazy\" decoding=\"async\" class=\" wp-image-461602 alignleft\" src=\"https:\/\/www.radiopiu.net\/wordpress\/wp-content\/uploads\/2025\/07\/29_07_25-Arabba_InConTra_Favero-212x300.jpg\" alt=\"\" width=\"130\" height=\"184\" srcset=\"https:\/\/www.radiopiu.net\/wordpress\/wp-content\/uploads\/2025\/07\/29_07_25-Arabba_InConTra_Favero-212x300.jpg 212w, https:\/\/www.radiopiu.net\/wordpress\/wp-content\/uploads\/2025\/07\/29_07_25-Arabba_InConTra_Favero-724x1024.jpg 724w, https:\/\/www.radiopiu.net\/wordpress\/wp-content\/uploads\/2025\/07\/29_07_25-Arabba_InConTra_Favero-768x1086.jpg 768w, https:\/\/www.radiopiu.net\/wordpress\/wp-content\/uploads\/2025\/07\/29_07_25-Arabba_InConTra_Favero-1086x1536.jpg 1086w, https:\/\/www.radiopiu.net\/wordpress\/wp-content\/uploads\/2025\/07\/29_07_25-Arabba_InConTra_Favero.jpg 1414w\" sizes=\"auto, (max-width: 130px) 100vw, 130px\" \/><\/a> <\/strong><\/p>\n<p><strong>\u00a0<\/strong><\/p>\n<p><strong>LIVINALLONGO<\/strong> Anche quest\u2019estate Arabba diventa palcoscenico di storie, visioni e riflessioni con\u00a0<strong>&#8220;Arabba InConTra&#8221;<\/strong>, la rassegna che porta nel centro delle Dolomiti alcuni dei protagonisti pi\u00f9 appassionati del mondo alpino, letterario e artistico. Sei serate, dal 29 luglio al 21 agosto, tutte a ingresso libero e con inizio alle ore 20:45, per ascoltare voci diverse ma unite da un profondo legame con la montagna e con i suoi significati pi\u00f9 autentici. Si comincia domani nella Sala Congressi di Arabba con Paola Favero, ex generale dei Carabinieri Forestali, scrittrice e profonda conoscitrice dell\u2019ambiente montano. Presenter\u00e0 il libro &#8220;La foresta raccontata \u2013 storie di alberi, uomini e animali&#8221;, accompagnata da Gianpaolo Soratroi.<\/p>\n<p>&nbsp;<\/p>\n<p>&nbsp;<\/p>\n<p>&nbsp;<\/p>\n<hr \/>\n<p>&nbsp;<\/p>\n<blockquote>\n<h3>LUCIO DALLA E LUCIO BATTISTI RIVIVONO A BOSCO VERDE DI ROCCA PIETORE<\/h3>\n<\/blockquote>\n<p><strong>ROCCA PIETORE<\/strong> Un appuntamento imperdibile quello andato in scena al Teatrotenda di Bosco Verde, nel cuore di Rocca Pietore: \u201cLucio, Dalla e Battisti per la prima volta insieme\u201d ha incantato il pubblico con un viaggio musicale unico, intenso e ricco di emozioni. Un omaggio speciale a due giganti della musica italiana, che, pur non avendo mai condiviso il palco in vita, si sono ritrovati simbolicamente fianco a fianco in una serata dal forte impatto emotivo.<\/p>\n<p><strong>IL VIDEO DELLA SERATA <\/strong><\/p>\n<p><iframe loading=\"lazy\" title=\"SERATA DALLA-BATTISTI A BOSCOVERDE DI ROCCA PIETORE\" width=\"1200\" height=\"675\" src=\"https:\/\/www.youtube.com\/embed\/N_tP6r_jPiM?feature=oembed\" frameborder=\"0\" allow=\"accelerometer; autoplay; clipboard-write; encrypted-media; gyroscope; picture-in-picture; web-share\" referrerpolicy=\"strict-origin-when-cross-origin\" allowfullscreen><\/iframe><\/p>\n<p>&nbsp;<\/p>\n\n\t\t\t<style type='text\/css'>\n\t\t\t\t#gallery-6 {\n\t\t\t\t\tmargin: auto;\n\t\t\t\t}\n\t\t\t\t#gallery-6 .gallery-item {\n\t\t\t\t\tfloat: left;\n\t\t\t\t\tmargin-top: 10px;\n\t\t\t\t\ttext-align: center;\n\t\t\t\t\twidth: 14%;\n\t\t\t\t}\n\t\t\t\t#gallery-6 img {\n\t\t\t\t\tborder: 2px solid #cfcfcf;\n\t\t\t\t}\n\t\t\t\t#gallery-6 .gallery-caption {\n\t\t\t\t\tmargin-left: 0;\n\t\t\t\t}\n\t\t\t\t\/* see gallery_shortcode() in wp-includes\/media.php *\/\n\t\t\t<\/style>\n\t\t<div id='gallery-6' class='dt-gallery-container gallery galleryid-461352 gallery-columns-7 gallery-size-thumbnail'><dl class='gallery-item'>\n\t\t\t\t<dt class='gallery-icon landscape'>\n\t\t\t\t\t<a class=\"rollover\" href='https:\/\/www.radiopiu.net\/wordpress\/lucio-dalla-e-lucio-battisti-rivivono-a-bosco-verde-di-rocca-pietore\/58905e4b-22ae-4400-a472-698de3d35cf8\/'><img loading=\"lazy\" decoding=\"async\" width=\"150\" height=\"150\" src=\"https:\/\/www.radiopiu.net\/wordpress\/wp-content\/uploads\/2025\/07\/58905e4b-22ae-4400-a472-698de3d35cf8-150x150.jpg\" class=\"attachment-thumbnail size-thumbnail\" alt=\"\" \/><\/a>\n\t\t\t\t<\/dt><\/dl><dl class='gallery-item'>\n\t\t\t\t<dt class='gallery-icon landscape'>\n\t\t\t\t\t<a class=\"rollover\" href='https:\/\/www.radiopiu.net\/wordpress\/lucio-dalla-e-lucio-battisti-rivivono-a-bosco-verde-di-rocca-pietore\/0f4bf6d8-1daa-42be-bcef-20739736dcd0\/'><img loading=\"lazy\" decoding=\"async\" width=\"150\" height=\"150\" src=\"https:\/\/www.radiopiu.net\/wordpress\/wp-content\/uploads\/2025\/07\/0f4bf6d8-1daa-42be-bcef-20739736dcd0-150x150.jpg\" class=\"attachment-thumbnail size-thumbnail\" alt=\"\" \/><\/a>\n\t\t\t\t<\/dt><\/dl><dl class='gallery-item'>\n\t\t\t\t<dt class='gallery-icon landscape'>\n\t\t\t\t\t<a class=\"rollover\" href='https:\/\/www.radiopiu.net\/wordpress\/lucio-dalla-e-lucio-battisti-rivivono-a-bosco-verde-di-rocca-pietore\/d27a76f7-803f-452f-931a-f120a3da453f\/'><img loading=\"lazy\" decoding=\"async\" width=\"150\" height=\"150\" src=\"https:\/\/www.radiopiu.net\/wordpress\/wp-content\/uploads\/2025\/07\/d27a76f7-803f-452f-931a-f120a3da453f-150x150.jpg\" class=\"attachment-thumbnail size-thumbnail\" alt=\"\" \/><\/a>\n\t\t\t\t<\/dt><\/dl><dl class='gallery-item'>\n\t\t\t\t<dt class='gallery-icon landscape'>\n\t\t\t\t\t<a class=\"rollover\" href='https:\/\/www.radiopiu.net\/wordpress\/lucio-dalla-e-lucio-battisti-rivivono-a-bosco-verde-di-rocca-pietore\/9f056a85-7d52-4460-bef6-153de4c077f6\/'><img loading=\"lazy\" decoding=\"async\" width=\"150\" height=\"150\" src=\"https:\/\/www.radiopiu.net\/wordpress\/wp-content\/uploads\/2025\/07\/9f056a85-7d52-4460-bef6-153de4c077f6-150x150.jpg\" class=\"attachment-thumbnail size-thumbnail\" alt=\"\" \/><\/a>\n\t\t\t\t<\/dt><\/dl><dl class='gallery-item'>\n\t\t\t\t<dt class='gallery-icon landscape'>\n\t\t\t\t\t<a class=\"rollover\" href='https:\/\/www.radiopiu.net\/wordpress\/lucio-dalla-e-lucio-battisti-rivivono-a-bosco-verde-di-rocca-pietore\/04087305-33a5-4155-9d72-86e2c7cdac90\/'><img loading=\"lazy\" decoding=\"async\" width=\"150\" height=\"150\" src=\"https:\/\/www.radiopiu.net\/wordpress\/wp-content\/uploads\/2025\/07\/04087305-33a5-4155-9d72-86e2c7cdac90-150x150.jpg\" class=\"attachment-thumbnail size-thumbnail\" alt=\"\" \/><\/a>\n\t\t\t\t<\/dt><\/dl><dl class='gallery-item'>\n\t\t\t\t<dt class='gallery-icon landscape'>\n\t\t\t\t\t<a class=\"rollover\" href='https:\/\/www.radiopiu.net\/wordpress\/lucio-dalla-e-lucio-battisti-rivivono-a-bosco-verde-di-rocca-pietore\/27b47b2b-84a9-41d5-8f52-10b5f83c0f85\/'><img loading=\"lazy\" decoding=\"async\" width=\"150\" height=\"150\" src=\"https:\/\/www.radiopiu.net\/wordpress\/wp-content\/uploads\/2025\/07\/27b47b2b-84a9-41d5-8f52-10b5f83c0f85-150x150.jpg\" class=\"attachment-thumbnail size-thumbnail\" alt=\"\" \/><\/a>\n\t\t\t\t<\/dt><\/dl><dl class='gallery-item'>\n\t\t\t\t<dt class='gallery-icon landscape'>\n\t\t\t\t\t<a class=\"rollover\" href='https:\/\/www.radiopiu.net\/wordpress\/lucio-dalla-e-lucio-battisti-rivivono-a-bosco-verde-di-rocca-pietore\/75722334-883e-463f-9175-3bb0206e5642\/'><img loading=\"lazy\" decoding=\"async\" width=\"150\" height=\"150\" src=\"https:\/\/www.radiopiu.net\/wordpress\/wp-content\/uploads\/2025\/07\/75722334-883e-463f-9175-3bb0206e5642-150x150.jpg\" class=\"attachment-thumbnail size-thumbnail\" alt=\"\" \/><\/a>\n\t\t\t\t<\/dt><\/dl><br style=\"clear: both\" \/>\n\t\t\t<\/div>\n\n<p>&nbsp;<\/p>\n<hr \/>\n<p>&nbsp;<\/p>\n<blockquote>\n<h3>GIANNANDREA MENCINI PRESENTA &#8220;LA BATTAGLIA DEI SEMI&#8221;: BIODIVERSIT\u00c0, MONOCOLTURE E RESISTENZA CONTADINA<\/h3>\n<\/blockquote>\n<p><strong>DI MARINA DONA&#8217;<\/strong><\/p>\n<p><strong>SAN TOMASO AGORDINO<\/strong> Nel tardo pomeriggio del 26 luglio 2025, un incontro aperto al pubblico con relatore il famoso giornalista d&#8217;inchiesta veneziano Giannandrea Mencini, per la presentazione del suo ultimo libro &#8220;La battaglia dei semi&#8221;. L&#8217;autore nella sua relazione, ha parlato dell&#8217;importanza della biodiversit\u00e0, anche e non solo per l&#8217;equilibrio degli ecosistemi, ed ha messo in evidenza gli interessi economici che girano attorno alle monoculture. Mette in evidenza che ad oggi sono 3 le multinazionali che hanno in mano il grosso del mercato, delle sementi e dei pesticidi, e la grande distribuzione, di conseguenza, favorendo un costo pi\u00f9 basso, mettono quindi in crisi i piccoli produttori. Un evento seguito dai presenti con grandissimo interesse vista anche l&#8217;esperienza personale che lo scrittore ha acquisito attraverso la conoscenza diretta recandosi personalmente in diverse zone in Italia. Ricordiamo anche altre sue pubblicazioni legate alle tematiche ambientali come &#8220;Vivere in pendenza &#8211; scelte di vita che cambiano la montagna bellunese&#8221; e &#8220;Il vizio delle monocolture nelle Terre Alte&#8221;. L&#8217;evento \u00e8 stato presentato dal presidente di &#8220;Orti rupestri&#8221; Renato Da Ronch con il benvenuto del sindaco Moreno De Val e la vice sindaca Maria Jos\u00e9 Gaiardo.<\/p>\n<div style=\"width: 848px;\" class=\"wp-video\"><video class=\"wp-video-shortcode\" id=\"video-461352-5\" width=\"848\" height=\"480\" preload=\"metadata\" controls=\"controls\"><source type=\"video\/mp4\" src=\"https:\/\/www.radiopiu.net\/wordpress\/wp-content\/uploads\/2025\/07\/WhatsApp-Video-2025-07-27-at-10.21.42.mp4?_=5\" \/><a href=\"https:\/\/www.radiopiu.net\/wordpress\/wp-content\/uploads\/2025\/07\/WhatsApp-Video-2025-07-27-at-10.21.42.mp4\">https:\/\/www.radiopiu.net\/wordpress\/wp-content\/uploads\/2025\/07\/WhatsApp-Video-2025-07-27-at-10.21.42.mp4<\/a><\/video><\/div>\n<p>&nbsp;<\/p>\n\n\t\t\t<style type='text\/css'>\n\t\t\t\t#gallery-7 {\n\t\t\t\t\tmargin: auto;\n\t\t\t\t}\n\t\t\t\t#gallery-7 .gallery-item {\n\t\t\t\t\tfloat: left;\n\t\t\t\t\tmargin-top: 10px;\n\t\t\t\t\ttext-align: center;\n\t\t\t\t\twidth: 12%;\n\t\t\t\t}\n\t\t\t\t#gallery-7 img {\n\t\t\t\t\tborder: 2px solid #cfcfcf;\n\t\t\t\t}\n\t\t\t\t#gallery-7 .gallery-caption {\n\t\t\t\t\tmargin-left: 0;\n\t\t\t\t}\n\t\t\t\t\/* see gallery_shortcode() in wp-includes\/media.php *\/\n\t\t\t<\/style>\n\t\t<div id='gallery-7' class='dt-gallery-container gallery galleryid-461352 gallery-columns-8 gallery-size-thumbnail'><dl class='gallery-item'>\n\t\t\t\t<dt class='gallery-icon landscape'>\n\t\t\t\t\t<a class=\"rollover rollover-zoom dt-pswp-item\" title=\"8bfefea9-0367-4e6f-a2eb-84cfc8b66727\" data-dt-img-description=\"\" data-large_image_width=\"2000\" data-large_image_height=\"1500\"href='https:\/\/www.radiopiu.net\/wordpress\/wp-content\/uploads\/2025\/07\/8bfefea9-0367-4e6f-a2eb-84cfc8b66727.jpg'><img loading=\"lazy\" decoding=\"async\" width=\"150\" height=\"150\" src=\"https:\/\/www.radiopiu.net\/wordpress\/wp-content\/uploads\/2025\/07\/8bfefea9-0367-4e6f-a2eb-84cfc8b66727-150x150.jpg\" class=\"attachment-thumbnail size-thumbnail\" alt=\"\" \/><\/a>\n\t\t\t\t<\/dt><\/dl><dl class='gallery-item'>\n\t\t\t\t<dt class='gallery-icon landscape'>\n\t\t\t\t\t<a class=\"rollover rollover-zoom dt-pswp-item\" title=\"d9a073c1-2868-491f-b647-1b0127fdf8bf\" data-dt-img-description=\"\" data-large_image_width=\"1600\" data-large_image_height=\"1200\"href='https:\/\/www.radiopiu.net\/wordpress\/wp-content\/uploads\/2025\/07\/d9a073c1-2868-491f-b647-1b0127fdf8bf.jpg'><img loading=\"lazy\" decoding=\"async\" width=\"150\" height=\"150\" src=\"https:\/\/www.radiopiu.net\/wordpress\/wp-content\/uploads\/2025\/07\/d9a073c1-2868-491f-b647-1b0127fdf8bf-150x150.jpg\" class=\"attachment-thumbnail size-thumbnail\" alt=\"\" \/><\/a>\n\t\t\t\t<\/dt><\/dl><dl class='gallery-item'>\n\t\t\t\t<dt class='gallery-icon landscape'>\n\t\t\t\t\t<a class=\"rollover rollover-zoom dt-pswp-item\" title=\"6ac64032-5cf4-48e9-9e7f-4fdcbc5a5b69\" data-dt-img-description=\"\" data-large_image_width=\"1600\" data-large_image_height=\"1200\"href='https:\/\/www.radiopiu.net\/wordpress\/wp-content\/uploads\/2025\/07\/6ac64032-5cf4-48e9-9e7f-4fdcbc5a5b69.jpg'><img loading=\"lazy\" decoding=\"async\" width=\"150\" height=\"150\" src=\"https:\/\/www.radiopiu.net\/wordpress\/wp-content\/uploads\/2025\/07\/6ac64032-5cf4-48e9-9e7f-4fdcbc5a5b69-150x150.jpg\" class=\"attachment-thumbnail size-thumbnail\" alt=\"\" \/><\/a>\n\t\t\t\t<\/dt><\/dl><dl class='gallery-item'>\n\t\t\t\t<dt class='gallery-icon landscape'>\n\t\t\t\t\t<a class=\"rollover rollover-zoom dt-pswp-item\" title=\"2746c873-b6bb-42a5-ae6d-094c74b206a9\" data-dt-img-description=\"\" data-large_image_width=\"1600\" data-large_image_height=\"1200\"href='https:\/\/www.radiopiu.net\/wordpress\/wp-content\/uploads\/2025\/07\/2746c873-b6bb-42a5-ae6d-094c74b206a9.jpg'><img loading=\"lazy\" decoding=\"async\" width=\"150\" height=\"150\" src=\"https:\/\/www.radiopiu.net\/wordpress\/wp-content\/uploads\/2025\/07\/2746c873-b6bb-42a5-ae6d-094c74b206a9-150x150.jpg\" class=\"attachment-thumbnail size-thumbnail\" alt=\"\" \/><\/a>\n\t\t\t\t<\/dt><\/dl><dl class='gallery-item'>\n\t\t\t\t<dt class='gallery-icon landscape'>\n\t\t\t\t\t<a class=\"rollover rollover-zoom dt-pswp-item\" title=\"6a7542fe-88cf-4aa4-be40-41f6fdeba934\" data-dt-img-description=\"\" data-large_image_width=\"1600\" data-large_image_height=\"1200\"href='https:\/\/www.radiopiu.net\/wordpress\/wp-content\/uploads\/2025\/07\/6a7542fe-88cf-4aa4-be40-41f6fdeba934.jpg'><img loading=\"lazy\" decoding=\"async\" width=\"150\" height=\"150\" src=\"https:\/\/www.radiopiu.net\/wordpress\/wp-content\/uploads\/2025\/07\/6a7542fe-88cf-4aa4-be40-41f6fdeba934-150x150.jpg\" class=\"attachment-thumbnail size-thumbnail\" alt=\"\" \/><\/a>\n\t\t\t\t<\/dt><\/dl><dl class='gallery-item'>\n\t\t\t\t<dt class='gallery-icon landscape'>\n\t\t\t\t\t<a class=\"rollover rollover-zoom dt-pswp-item\" title=\"c07e84b3-9ae1-4fc4-951d-f74bcbdd70fa\" data-dt-img-description=\"\" data-large_image_width=\"1296\" data-large_image_height=\"972\"href='https:\/\/www.radiopiu.net\/wordpress\/wp-content\/uploads\/2025\/07\/c07e84b3-9ae1-4fc4-951d-f74bcbdd70fa.jpg'><img loading=\"lazy\" decoding=\"async\" width=\"150\" height=\"150\" src=\"https:\/\/www.radiopiu.net\/wordpress\/wp-content\/uploads\/2025\/07\/c07e84b3-9ae1-4fc4-951d-f74bcbdd70fa-150x150.jpg\" class=\"attachment-thumbnail size-thumbnail\" alt=\"\" \/><\/a>\n\t\t\t\t<\/dt><\/dl><dl class='gallery-item'>\n\t\t\t\t<dt class='gallery-icon landscape'>\n\t\t\t\t\t<a class=\"rollover rollover-zoom dt-pswp-item\" title=\"aca84d3c-0596-4e3c-a84e-9174df57a072\" data-dt-img-description=\"\" data-large_image_width=\"1600\" data-large_image_height=\"1200\"href='https:\/\/www.radiopiu.net\/wordpress\/wp-content\/uploads\/2025\/07\/aca84d3c-0596-4e3c-a84e-9174df57a072.jpg'><img loading=\"lazy\" decoding=\"async\" width=\"150\" height=\"150\" src=\"https:\/\/www.radiopiu.net\/wordpress\/wp-content\/uploads\/2025\/07\/aca84d3c-0596-4e3c-a84e-9174df57a072-150x150.jpg\" class=\"attachment-thumbnail size-thumbnail\" alt=\"\" \/><\/a>\n\t\t\t\t<\/dt><\/dl><dl class='gallery-item'>\n\t\t\t\t<dt class='gallery-icon landscape'>\n\t\t\t\t\t<a class=\"rollover rollover-zoom dt-pswp-item\" title=\"43a243f3-6376-4b92-b93a-63b5e015c5a3\" data-dt-img-description=\"\" data-large_image_width=\"1600\" data-large_image_height=\"1200\"href='https:\/\/www.radiopiu.net\/wordpress\/wp-content\/uploads\/2025\/07\/43a243f3-6376-4b92-b93a-63b5e015c5a3.jpg'><img loading=\"lazy\" decoding=\"async\" width=\"150\" height=\"150\" src=\"https:\/\/www.radiopiu.net\/wordpress\/wp-content\/uploads\/2025\/07\/43a243f3-6376-4b92-b93a-63b5e015c5a3-150x150.jpg\" class=\"attachment-thumbnail size-thumbnail\" alt=\"\" \/><\/a>\n\t\t\t\t<\/dt><\/dl><br style=\"clear: both\" \/><dl class='gallery-item'>\n\t\t\t\t<dt class='gallery-icon landscape'>\n\t\t\t\t\t<a class=\"rollover rollover-zoom dt-pswp-item\" title=\"05ca3662-43e8-47ec-bf64-b9e179555858\" data-dt-img-description=\"\" data-large_image_width=\"1600\" data-large_image_height=\"1200\"href='https:\/\/www.radiopiu.net\/wordpress\/wp-content\/uploads\/2025\/07\/05ca3662-43e8-47ec-bf64-b9e179555858.jpg'><img loading=\"lazy\" decoding=\"async\" width=\"150\" height=\"150\" src=\"https:\/\/www.radiopiu.net\/wordpress\/wp-content\/uploads\/2025\/07\/05ca3662-43e8-47ec-bf64-b9e179555858-150x150.jpg\" class=\"attachment-thumbnail size-thumbnail\" alt=\"\" \/><\/a>\n\t\t\t\t<\/dt><\/dl><dl class='gallery-item'>\n\t\t\t\t<dt class='gallery-icon landscape'>\n\t\t\t\t\t<a class=\"rollover rollover-zoom dt-pswp-item\" title=\"4740c612-626f-45c7-99ce-60903fb79121\" data-dt-img-description=\"\" data-large_image_width=\"1600\" data-large_image_height=\"1200\"href='https:\/\/www.radiopiu.net\/wordpress\/wp-content\/uploads\/2025\/07\/4740c612-626f-45c7-99ce-60903fb79121.jpg'><img loading=\"lazy\" decoding=\"async\" width=\"150\" height=\"150\" src=\"https:\/\/www.radiopiu.net\/wordpress\/wp-content\/uploads\/2025\/07\/4740c612-626f-45c7-99ce-60903fb79121-150x150.jpg\" class=\"attachment-thumbnail size-thumbnail\" alt=\"\" \/><\/a>\n\t\t\t\t<\/dt><\/dl><dl class='gallery-item'>\n\t\t\t\t<dt class='gallery-icon landscape'>\n\t\t\t\t\t<a class=\"rollover rollover-zoom dt-pswp-item\" title=\"c9f86449-20e2-44f0-9a99-256708286b0e\" data-dt-img-description=\"\" data-large_image_width=\"1600\" data-large_image_height=\"1200\"href='https:\/\/www.radiopiu.net\/wordpress\/wp-content\/uploads\/2025\/07\/c9f86449-20e2-44f0-9a99-256708286b0e.jpg'><img loading=\"lazy\" decoding=\"async\" width=\"150\" height=\"150\" src=\"https:\/\/www.radiopiu.net\/wordpress\/wp-content\/uploads\/2025\/07\/c9f86449-20e2-44f0-9a99-256708286b0e-150x150.jpg\" class=\"attachment-thumbnail size-thumbnail\" alt=\"\" \/><\/a>\n\t\t\t\t<\/dt><\/dl><dl class='gallery-item'>\n\t\t\t\t<dt class='gallery-icon landscape'>\n\t\t\t\t\t<a class=\"rollover rollover-zoom dt-pswp-item\" title=\"ac49e02d-a2ff-4d20-b81e-bd07635626d0\" data-dt-img-description=\"\" data-large_image_width=\"1296\" data-large_image_height=\"972\"href='https:\/\/www.radiopiu.net\/wordpress\/wp-content\/uploads\/2025\/07\/ac49e02d-a2ff-4d20-b81e-bd07635626d0.jpg'><img loading=\"lazy\" decoding=\"async\" width=\"150\" height=\"150\" src=\"https:\/\/www.radiopiu.net\/wordpress\/wp-content\/uploads\/2025\/07\/ac49e02d-a2ff-4d20-b81e-bd07635626d0-150x150.jpg\" class=\"attachment-thumbnail size-thumbnail\" alt=\"\" \/><\/a>\n\t\t\t\t<\/dt><\/dl><dl class='gallery-item'>\n\t\t\t\t<dt class='gallery-icon landscape'>\n\t\t\t\t\t<a class=\"rollover rollover-zoom dt-pswp-item\" title=\"de969a37-8617-4188-83cf-9ac605f2a60c\" data-dt-img-description=\"\" data-large_image_width=\"1296\" data-large_image_height=\"972\"href='https:\/\/www.radiopiu.net\/wordpress\/wp-content\/uploads\/2025\/07\/de969a37-8617-4188-83cf-9ac605f2a60c.jpg'><img loading=\"lazy\" decoding=\"async\" width=\"150\" height=\"150\" src=\"https:\/\/www.radiopiu.net\/wordpress\/wp-content\/uploads\/2025\/07\/de969a37-8617-4188-83cf-9ac605f2a60c-150x150.jpg\" class=\"attachment-thumbnail size-thumbnail\" alt=\"\" \/><\/a>\n\t\t\t\t<\/dt><\/dl><dl class='gallery-item'>\n\t\t\t\t<dt class='gallery-icon landscape'>\n\t\t\t\t\t<a class=\"rollover rollover-zoom dt-pswp-item\" title=\"5042e2fa-e990-4bc5-ba8b-729f6ebf3bec\" data-dt-img-description=\"\" data-large_image_width=\"1600\" data-large_image_height=\"1200\"href='https:\/\/www.radiopiu.net\/wordpress\/wp-content\/uploads\/2025\/07\/5042e2fa-e990-4bc5-ba8b-729f6ebf3bec.jpg'><img loading=\"lazy\" decoding=\"async\" width=\"150\" height=\"150\" src=\"https:\/\/www.radiopiu.net\/wordpress\/wp-content\/uploads\/2025\/07\/5042e2fa-e990-4bc5-ba8b-729f6ebf3bec-150x150.jpg\" class=\"attachment-thumbnail size-thumbnail\" alt=\"\" \/><\/a>\n\t\t\t\t<\/dt><\/dl><dl class='gallery-item'>\n\t\t\t\t<dt class='gallery-icon landscape'>\n\t\t\t\t\t<a class=\"rollover rollover-zoom dt-pswp-item\" title=\"b27ffbb7-f6f4-4fcd-a5ff-1b2f624fe670\" data-dt-img-description=\"\" data-large_image_width=\"1600\" data-large_image_height=\"1200\"href='https:\/\/www.radiopiu.net\/wordpress\/wp-content\/uploads\/2025\/07\/b27ffbb7-f6f4-4fcd-a5ff-1b2f624fe670.jpg'><img loading=\"lazy\" decoding=\"async\" width=\"150\" height=\"150\" src=\"https:\/\/www.radiopiu.net\/wordpress\/wp-content\/uploads\/2025\/07\/b27ffbb7-f6f4-4fcd-a5ff-1b2f624fe670-150x150.jpg\" class=\"attachment-thumbnail size-thumbnail\" alt=\"\" \/><\/a>\n\t\t\t\t<\/dt><\/dl><dl class='gallery-item'>\n\t\t\t\t<dt class='gallery-icon landscape'>\n\t\t\t\t\t<a class=\"rollover rollover-zoom dt-pswp-item\" title=\"bd638cfc-d985-47d4-b3f1-c2be3080380a\" data-dt-img-description=\"\" data-large_image_width=\"2000\" data-large_image_height=\"1500\"href='https:\/\/www.radiopiu.net\/wordpress\/wp-content\/uploads\/2025\/07\/bd638cfc-d985-47d4-b3f1-c2be3080380a.jpg'><img loading=\"lazy\" decoding=\"async\" width=\"150\" height=\"150\" src=\"https:\/\/www.radiopiu.net\/wordpress\/wp-content\/uploads\/2025\/07\/bd638cfc-d985-47d4-b3f1-c2be3080380a-150x150.jpg\" class=\"attachment-thumbnail size-thumbnail\" alt=\"\" \/><\/a>\n\t\t\t\t<\/dt><\/dl><br style=\"clear: both\" \/>\n\t\t\t<\/div>\n\n<p>&nbsp;<\/p>\n<hr \/>\n<p>&nbsp;<\/p>\n<blockquote>\n<h3>TASSE: IN 9 CASI SU 10 SONO \u201cNASCOSTE\u201d<\/h3>\n<\/blockquote>\n<p><strong><a class=\"dt-pswp-item\" href=\"https:\/\/www.radiopiu.net\/wordpress\/wp-content\/uploads\/2025\/07\/aa1.png\" data-dt-img-description=\"\" data-large_image_width=\"498\" data-large_image_height=\"550\"><img loading=\"lazy\" decoding=\"async\" class=\"size-medium wp-image-461390 alignleft\" src=\"https:\/\/www.radiopiu.net\/wordpress\/wp-content\/uploads\/2025\/07\/aa1-272x300.png\" alt=\"\" width=\"272\" height=\"300\" srcset=\"https:\/\/www.radiopiu.net\/wordpress\/wp-content\/uploads\/2025\/07\/aa1-272x300.png 272w, https:\/\/www.radiopiu.net\/wordpress\/wp-content\/uploads\/2025\/07\/aa1.png 498w\" sizes=\"auto, (max-width: 272px) 100vw, 272px\" \/><\/a>Quest\u2019anno la famiglia tipo veneta ne versa poco pi\u00f9 di 20mila euro<\/strong><br \/>\n========<\/p>\n<p>In oltre 9 casi su 10 le tasse e i contributi pagati anche dalle famiglie dei lavoratori dipendenti del Veneto vengono prelevati alla fonte, ovvero sono defalcati dalla busta paga lorda o sono inclusi negli acquisti quotidiani di beni e di servizi. Stiamo parlando di tasse prelevate \u201calla fonte\u201d (Irpef o contributi Inps) o \u201cnascoste\u201d (Iva, accise, etc.). Solo in poco meno di un caso su dieci, l\u2019operazione avviene consapevolmente, vale a dire per mezzo di un pagamento cash od online o presso uno sportello bancario\/postale.<\/p>\n<p>A dirlo \u00e8 l\u2019Ufficio studi della CGIA che per l\u2019anno in corso ha stimato in 20.231 euro il peso fiscale complessivo che grava su una famiglia veneta tipo composta da due lavoratori dipendenti (marito e moglie) con un figlio a carico.<\/p>\n<p><strong>Una famiglia media paga poco pi\u00f9 di 20mila euro di tasse l\u2019anno<\/strong><br \/>\nEbbene, tra tasse prelevate alla \u201cfonte\u201d (ritenute Irpef, contributi previdenziali e addizionali Irpef) il gettito \u00e8 pari a 12.504 euro (il 61,8 per cento del totale). Se aggiungiamo quelle \u201cnascoste\u201d (Iva sugli acquisti, accise, contributo al Sistema Sanitario Nazionale dall\u2019Rc auto, imposta Rc auto, canone Rai, etc.), nelle casse dello Stato finiscono altri 7.087 euro (pari al 35 per cento del totale). In altre parole, l\u2019importo complessivo sottratto dalla busta paga lorda di questi due coniugi \u00e8 pari a 19.591 euro (il 96,8 per cento del prelievo totale). Pertanto, la coppia presa in esame deve \u201cestrarre\u201d fisicamente dal portafoglio poco meno di 640 euro all&#8217;anno di tasse (bollo auto e Tari) che ha una incidenza sul totale praticamente irrisoria (il 3,2 per cento) (vedi Tab. 1).<\/p>\n<p><strong>Autonomi pi\u00f9 \u201cinsofferenti\u201d alle tasse: questo spiega perch\u00e9 nel Veneto il problema \u00e8 pi\u00f9 avvertito che altrove<\/strong><br \/>\nCon questa elaborazione la CGIA segnala che il prelievo effettuato con il sostituto di imposta d\u00e0 luogo a un rapporto tra il fisco e i lavoratori dipendenti molto diverso da quello intrattenuto dai lavoratori autonomi che, per loro natura, sono chiamati a pagare in misura consapevole la gran parte del proprio carico fiscale; ci\u00f2 determina nel cosiddetto popolo delle partite Iva un\u2019insofferenza nei confronti delle tasse molto superiore a quella manifestata dai dipendenti. E questo lo si avverte soprattutto nel Veneto che da sempre \u00e8 una terra di piccoli imprenditori e di partite Iva.<\/p>\n<p><strong><a class=\"dt-pswp-item\" href=\"https:\/\/www.radiopiu.net\/wordpress\/wp-content\/uploads\/2025\/07\/aa2.png\" data-dt-img-description=\"\" data-large_image_width=\"652\" data-large_image_height=\"450\"><img loading=\"lazy\" decoding=\"async\" class=\"size-medium wp-image-461391 alignleft\" src=\"https:\/\/www.radiopiu.net\/wordpress\/wp-content\/uploads\/2025\/07\/aa2-300x207.png\" alt=\"\" width=\"300\" height=\"207\" srcset=\"https:\/\/www.radiopiu.net\/wordpress\/wp-content\/uploads\/2025\/07\/aa2-300x207.png 300w, https:\/\/www.radiopiu.net\/wordpress\/wp-content\/uploads\/2025\/07\/aa2.png 652w\" sizes=\"auto, (max-width: 300px) 100vw, 300px\" \/><\/a>Per i dipendenti pagare \u00e8 meno \u201cdoloroso\u201d<\/strong><br \/>\nInfatti, nel momento in cui il contribuente deve fare un bonifico o recarsi in banca per pagare l\u2019Irpef o i contributi previdenziali, psicologicamente percepisce maggiormente il peso economico di questi versamenti rispetto a chi subisce il prelievo direttamente dalla busta paga. Nel momento in cui mettiamo mano al portafoglio, invece, prendiamo atto dell\u2019entit\u00e0 del pagamento e di riflesso si ha contezza del peso (eccessivo) del fisco. Diversamente, quando le imposte e i contributi vengono riscossi alla fonte, l\u2019operazione \u00e8 \u201castrattamente\u201d meno dolorosa, perch\u00e9 avviene inconsapevolmente.<\/p>\n<p><strong>Non si evade solo l\u2019Irpef<\/strong><br \/>\nCerto, qualcuno potrebbe obbiettare che proprio per questo tra gli autonomi la propensione ad evadere il fisco \u00e8 maggiore che tra i dipendenti. Questo \u00e8 vero, ma solo in piccola parte. Ricordiamo, infatti, che l\u2019Irpef, pur essendo l\u2019imposta che garantisce il maggior gettito per l\u2019erario, incide sulle entrate fiscali complessive \u201csolo\u201d per il 30 per cento circa. Questo vuol dire che sul restante 70 per cento, la possibilit\u00e0 di evadere pu\u00f2 essere imputata a tutti i contribuenti.<\/p>\n<p><strong>Veneto: ci sono 3,7 milioni di contribuenti Irpef, di cui 146.500 autonomi. Poi abbiamo altri 142.300 forfettari<\/strong><br \/>\nIn Veneto i contribuenti Irpef sono 3,7 milioni, di cui 2,1 milioni sono lavoratori dipendenti, 1,3 milioni sono pensionati, 146.500 sono lavoratori autonomi e altri 191.500 sono percettori di altri redditi (affitti, terreni, buoni del tesoro, etc.). Ricordiamo, inoltre, che la nostra regione annovera anche 142.340 forfettari. Vale a dire lavoratori autonomi che rientrano nel regime fiscale dei minimi. Tornado al numero dei contribuenti IRPEF, a livello provinciale l\u2019area che ne conta di pi\u00f9 \u00e8 Verona con 721.821 (di cui 28.254 autonomi). Seguono Padova con 711.543 (di cui 31.334 autonomi), e Treviso con 674.300 (di cui 25.416 autonomi) (vedi Tab. 2).<\/p>\n<p><strong>Purtroppo, rimaniamo tra i pi\u00f9 tartassati in UE<\/strong><br \/>\nEssendo il Veneto una regione con una grande vocazione all\u2019export, il confronto della tassazione con gli altri paesi d\u2019Europa spiegano gli svantaggi che i nostri piccoli imprenditori subiscono quando devono misurarsi con i concorrenti stranieri. Nel 2024, ad esempio, la pressione fiscale in Danimarca era al 45,4 per cento del Pil, in Francia al 45,2, in Belgio al 45,1, in Austria al 44,8 e in Lussemburgo al 43. Tra tutti i Paesi dell\u2019UE, l\u2019Italia si posizionava al sesto posto con un tasso del 42,6 per cento del Pil. Se tra i nostri principali competitor commerciali solo la Francia presentava un carico fiscale superiore al nostro, gli altri, invece, registravano un livello nettamente inferiore. Se in Germania il peso fiscale sul Pil era al 40,8 per cento (1,8 punti in meno rispetto al dato Italia), in Spagna addirittura al 37,2 (5,4 punti in meno che da noi). Il tasso medio in UE, invece, era al 40,4, 2,2 punti in meno della media nazionale italiana (vedi Graf. 1).<\/p>\n<p>&nbsp;<\/p>\n<p>&nbsp;<\/p>\n<hr \/>\n<p>&nbsp;<\/p>\n<blockquote>\n<h3>CONVOCAZIONE DEL CONSIGLIO PROVINCIALE A SAN VITO DI CADORE<\/h3>\n<\/blockquote>\n<p><strong>BELLUNO <\/strong>Il Consiglio Provinciale si riunir\u00e0 marted\u00ec alle 11 presso il Comune di San Vito di Cadore, con possibilit\u00e0 di partecipazione anche in videoconferenza. All\u2019ordine del giorno: ratifica della variazione urgente al bilancio 2025\/2027; verifica degli equilibri di bilancio; terza variazione di bilancio; approvazione del DUP 2026-2028. Si discuteranno inoltre due interventi urgenti: contenimento di sversamento da idrocarburi a Cancia e monitoraggio frane alla Croda Marcora. Prevista anche l\u2019approvazione di convenzioni in materia di caccia, pesca e appalti, aggiornamento del regolamento scolastico e comunicazioni del Presidente.<\/p>\n<p>&nbsp;<\/p>\n<p>&nbsp;<\/p>\n<hr \/>\n<p>&nbsp;<\/p>\n<blockquote>\n<h3>CONSIGLIO DELL&#8217;UNIONE MONTANA AGORDINA<\/h3>\n<\/blockquote>\n<p><strong>AGORDO <\/strong>Mercoled\u00ec alle 20 presso la Sala Don Tamis ad Agordo, si terr\u00e0 la seduta pubblica ordinaria del Consiglio dell\u2019Unione Montana Agordina. All\u2019ordine del giorno: recepimento delle convenzioni approvate dai Comuni agordini per la gestione associata di servizi strategici, tra cui strutture sportive, beni silvo-pastorali, centrale unica di committenza, protezione civile, tributi, personale, informatica e manutenzione del territorio. In programma anche la salvaguardia degli equilibri di bilancio 2025\u20132027 con l\u2019assestamento generale, la presa d\u2019atto della relazione dell\u2019Unit\u00e0 di controllo per il primo semestre 2025 e la presentazione del DUP 2026\/2028.<\/p>\n<a href=\"https:\/\/www.radiopiu.net\/wordpress\/wp-content\/uploads\/2025\/07\/INTEGRAZIONE-a-Convocazione-Consiglio_Unione_30-luglio-2025-ore-2000-signed-1.pdf\" class=\"pdfemb-viewer\" style=\"\" data-width=\"max\" data-height=\"max\" data-toolbar=\"top\" data-toolbar-fixed=\"on\">INTEGRAZIONE a Convocazione Consiglio_Unione_30 luglio 2025, ore 20,00-signed<\/a>\n<p>&nbsp;<\/p>\n<hr \/>\n<p>&nbsp;<\/p>\n<h1><span style=\"color: #ff0000;\">CONSIGLI COMUNALI IN AGORDINO<\/span><\/h1>\n<p><strong>AGORDO<\/strong> Consiglio comunale convocato oggi alle 18:30. Sono 7 i punti da discutere: una variazione a bilancio, le convenzioni con l\u2019Unione Montana Agordina per la gestione associata di tributi, informatica, personale e manutenzione del territorio e due interrogazioni della minoranza sullo sviluppo turistico in vista delle Olimpiadi e sicurezza stradale, gestione rifiuti e decoro urbano attorno al Broi e via 27 aprile.<\/p>\n<p><strong>RIVAMONTE<\/strong> Consiglio comunale domani alle 18:30. Tra gli otto punti all&#8217;ordine del giorno si discuter\u00e0 degli equilibri di bilancio, l&#8217;esame e approvazione del DUP e le convenzioni con l\u2019Unione Montana Agordina per la gestione associata di tributi, informatica, personale e manutenzione del territorio.<\/p>\n<p><strong>SAN TOMASO<\/strong> Consiglio comunale domani alle 20. Tra i punti in discussione la salvaguardia degli equilibri, la presa d&#8217;atto del DUP e la ratifica di una variazione a bilancio<\/p>\n<p><strong>CANALE<\/strong> <strong>D&#8217;AGORDO<\/strong> Il consiglio comunale \u00e8 stato convocato per gioved\u00ec alle 8. Due punti da discutere: una variazione a bilancio e il mutamento di destinazione d&#8217;uso di un terreno<\/p>\n<p><strong>ROCCA PIETORE<\/strong> Il sindaco di Rocca Pietore ha convocato il consiglio comunale per gioved\u00ec alle 18. Due punti all&#8217;ordine del giorno: assestamento di bilancio e salvaguardia degli equilibri e l&#8217;approvazione del rendiconto di ASCA per il 2024<\/p>\n<p><strong>ALLEGHE\u00a0<\/strong>Si svolger\u00e0 gioved\u00ec alle 20 il consiglio comunale di Alleghe. Sei punti in discussione tra cuo l&#8217;approvazione del DUP, due variazioni a bilancio, la modifica del regolamento comunale sulla tassa di soggiorno e al piano del commercio su aree pubbliche<\/p>\n<p><strong>CENCENIGHE<\/strong> Consiglio comunale gioved\u00ec alle 20:30. Tra i punti in discussione una variazione a bilancio, l&#8217;approvazione del DUP e il bilancio 2024 di ASCA<\/p>\n<p>&nbsp;<\/p>\n<p>&nbsp;<\/p>\n<hr \/>\n<p>&nbsp;<\/p>\n<blockquote>\n<h3>LA MONTAGNA NEL CUORE 2025: CULTURA, EMOZIONI E GRANDI OSPITI AD ALLEGHE<\/h3>\n<\/blockquote>\n<p><strong><a class=\"dt-pswp-item\" href=\"https:\/\/www.radiopiu.net\/wordpress\/wp-content\/uploads\/2025\/07\/LoSGHAOSGA-1.jpg\" data-dt-img-description=\"\" data-large_image_width=\"1131\" data-large_image_height=\"997\"><img loading=\"lazy\" decoding=\"async\" class=\" wp-image-458380 alignleft\" src=\"https:\/\/www.radiopiu.net\/wordpress\/wp-content\/uploads\/2025\/07\/LoSGHAOSGA-1-300x264.jpg\" alt=\"\" width=\"182\" height=\"160\" srcset=\"https:\/\/www.radiopiu.net\/wordpress\/wp-content\/uploads\/2025\/07\/LoSGHAOSGA-1-300x264.jpg 300w, https:\/\/www.radiopiu.net\/wordpress\/wp-content\/uploads\/2025\/07\/LoSGHAOSGA-1-1024x903.jpg 1024w, https:\/\/www.radiopiu.net\/wordpress\/wp-content\/uploads\/2025\/07\/LoSGHAOSGA-1-768x677.jpg 768w, https:\/\/www.radiopiu.net\/wordpress\/wp-content\/uploads\/2025\/07\/LoSGHAOSGA-1.jpg 1131w\" sizes=\"auto, (max-width: 182px) 100vw, 182px\" \/><\/a>ALLEGHE <\/strong>L\u2019estate 2025 ad Alleghe si arricchisce con \u201cLa Montagna nel Cuore\u201d, rassegna culturale promossa dal Consorzio Operatori Turistici e dal Comune, in collaborazione con la biblioteca. Sei appuntamenti settimanali, dal 17 luglio al 6 agosto, animeranno la Sala Stoppani con protagonisti d\u2019eccezione. Il 31 luglio l\u2019olimpionica Deborah Compagnoni racconter\u00e0 la sua vita tra le montagne. Il 2 agosto Igor Koller e Luca Calvi parleranno della leggendaria Via del Pesce sulla Marmolada. Chiuder\u00e0 la rassegna una serata speciale tra musica e disegno con Fabio Vettori e il duo Gabrielli Bernardi, per un originale omaggio a Niccol\u00f2 Paganini il 6 agosto. Una celebrazione intensa della montagna tra parole, immagini e suoni.<\/p>\n<p>&nbsp;<\/p>\n<p>&nbsp;<\/p>\n<hr \/>\n<p>&nbsp;<\/p>\n<blockquote>\n<h3><a class=\"dt-pswp-item\" href=\"https:\/\/www.radiopiu.net\/wordpress\/wp-content\/uploads\/2025\/07\/locandina-Paris-scaled.jpg\" data-dt-img-description=\"\" data-large_image_width=\"1810\" data-large_image_height=\"2560\"><img loading=\"lazy\" decoding=\"async\" class=\" wp-image-458646 alignleft\" src=\"https:\/\/www.radiopiu.net\/wordpress\/wp-content\/uploads\/2025\/07\/locandina-Paris-212x300.jpg\" alt=\"\" width=\"151\" height=\"214\" srcset=\"https:\/\/www.radiopiu.net\/wordpress\/wp-content\/uploads\/2025\/07\/locandina-Paris-212x300.jpg 212w, https:\/\/www.radiopiu.net\/wordpress\/wp-content\/uploads\/2025\/07\/locandina-Paris-724x1024.jpg 724w, https:\/\/www.radiopiu.net\/wordpress\/wp-content\/uploads\/2025\/07\/locandina-Paris-768x1086.jpg 768w, https:\/\/www.radiopiu.net\/wordpress\/wp-content\/uploads\/2025\/07\/locandina-Paris-1086x1536.jpg 1086w, https:\/\/www.radiopiu.net\/wordpress\/wp-content\/uploads\/2025\/07\/locandina-Paris-1448x2048.jpg 1448w, https:\/\/www.radiopiu.net\/wordpress\/wp-content\/uploads\/2025\/07\/locandina-Paris-scaled.jpg 1810w\" sizes=\"auto, (max-width: 151px) 100vw, 151px\" \/><\/a>PRESENTAZIONE PROGETTO PATRICOM A VALLADA: TURISMO CULTURALE SOSTENIBILE SUI PASSI DI PARIS BORDON<\/h3>\n<\/blockquote>\n<p><strong>VALLADA <\/strong>Luned\u00ec 29 luglio alle 21, nella chiesa di San Simon di Vallada, si terr\u00e0 l\u2019incontro &#8220;Paris Bordon negli itinerari agordini verso il Tirolo. Per un turismo culturale sostenibile e di comunit\u00e0&#8221;. L\u2019evento segna l\u2019avvio del progetto PATRICOM, sviluppato sotto la supervisione scientifica del prof. Marsel Grosso, e si propone di valorizzare il patrimonio artistico bellunese attraverso una piattaforma online ad accesso libero con contenuti scientifici divulgativi. Il progetto mette al centro un itinerario dedicato alle opere di Paris Bordon conservate in quattro chiese del territorio: San Simon a Vallada, Santi Cornelio e Cipriano a Taibon, Sant&#8217;Aronne a Cusighe e Santa Croce a Pialdier di Trichiana. L&#8217;iniziativa mira a promuovere un modello di turismo lento, consapevole e partecipato, coinvolgendo attivamente le comunit\u00e0 locali. L\u2019incontro a Vallada rappresenta il primo di una serie di appuntamenti previsti.<\/p>\n<p>&nbsp;<\/p>\n<p>&nbsp;<\/p>\n<hr \/>\n<p>&nbsp;<\/p>\n<blockquote>\n<h3>UN&#8217;ESTATE DI EVENTI CON L&#8217;ASSOCIAZIONE BORGO SOTTOGUDA<\/h3>\n<\/blockquote>\n<p><strong>ROCCA PIETORE <\/strong>Cultura, musica, spettacoli e natura si incontrano nello straordinario scenario di Rocca Pietore e delle Dolomiti. Segui l\u2019Associazione su Instagram e Facebook per non perdere neanche un appuntamento! Venerd\u00ec 1\u00b0 agosto, sempre al Teatro Tenda alle 20.45, arrivano \u201cLe mirabolanti avventure di Roald Dahl\u201d con Carlo Corsini e Simone Carnielli. Uno spettacolo per grandi e piccoli, ricco di magia e fantasia, tratto dalle celebri opere dello scrittore inglese. Anche questo evento \u00e8 a ingresso con offerta consapevole. Un\u2019estate da vivere tra emozioni, storie e paesaggi indimenticabili, grazie all\u2019impegno dell\u2019Associazione Borgo Sottoguda \u2013 Qualit\u00e0 e Territorio.<\/p>\n\n\t\t\t<style type='text\/css'>\n\t\t\t\t#gallery-8 {\n\t\t\t\t\tmargin: auto;\n\t\t\t\t}\n\t\t\t\t#gallery-8 .gallery-item {\n\t\t\t\t\tfloat: left;\n\t\t\t\t\tmargin-top: 10px;\n\t\t\t\t\ttext-align: center;\n\t\t\t\t\twidth: 50%;\n\t\t\t\t}\n\t\t\t\t#gallery-8 img {\n\t\t\t\t\tborder: 2px solid #cfcfcf;\n\t\t\t\t}\n\t\t\t\t#gallery-8 .gallery-caption {\n\t\t\t\t\tmargin-left: 0;\n\t\t\t\t}\n\t\t\t\t\/* see gallery_shortcode() in wp-includes\/media.php *\/\n\t\t\t<\/style>\n\t\t<div id='gallery-8' class='dt-gallery-container gallery galleryid-461352 gallery-columns-2 gallery-size-medium'><dl class='gallery-item'>\n\t\t\t\t<dt class='gallery-icon portrait'>\n\t\t\t\t\t<a class=\"rollover rollover-zoom dt-pswp-item\" title=\"4651f578-507e-465d-9233-15b857674fc4\" data-dt-img-description=\"\" data-large_image_width=\"1061\" data-large_image_height=\"1500\"href='https:\/\/www.radiopiu.net\/wordpress\/wp-content\/uploads\/2025\/07\/4651f578-507e-465d-9233-15b857674fc4.jpg'><img loading=\"lazy\" decoding=\"async\" width=\"212\" height=\"300\" src=\"https:\/\/www.radiopiu.net\/wordpress\/wp-content\/uploads\/2025\/07\/4651f578-507e-465d-9233-15b857674fc4-212x300.jpg\" class=\"attachment-medium size-medium\" alt=\"\" srcset=\"https:\/\/www.radiopiu.net\/wordpress\/wp-content\/uploads\/2025\/07\/4651f578-507e-465d-9233-15b857674fc4-212x300.jpg 212w, https:\/\/www.radiopiu.net\/wordpress\/wp-content\/uploads\/2025\/07\/4651f578-507e-465d-9233-15b857674fc4-724x1024.jpg 724w, https:\/\/www.radiopiu.net\/wordpress\/wp-content\/uploads\/2025\/07\/4651f578-507e-465d-9233-15b857674fc4-768x1086.jpg 768w, https:\/\/www.radiopiu.net\/wordpress\/wp-content\/uploads\/2025\/07\/4651f578-507e-465d-9233-15b857674fc4.jpg 1061w\" sizes=\"auto, (max-width: 212px) 100vw, 212px\" \/><\/a>\n\t\t\t\t<\/dt><\/dl><dl class='gallery-item'>\n\t\t\t\t<dt class='gallery-icon portrait'>\n\t\t\t\t\t<a class=\"rollover rollover-zoom dt-pswp-item\" title=\"9f9ca95d-04e3-4709-bc79-9e0aa5324ef1\" data-dt-img-description=\"\" data-large_image_width=\"1131\" data-large_image_height=\"1600\"href='https:\/\/www.radiopiu.net\/wordpress\/wp-content\/uploads\/2025\/07\/9f9ca95d-04e3-4709-bc79-9e0aa5324ef1.jpg'><img loading=\"lazy\" decoding=\"async\" width=\"212\" height=\"300\" src=\"https:\/\/www.radiopiu.net\/wordpress\/wp-content\/uploads\/2025\/07\/9f9ca95d-04e3-4709-bc79-9e0aa5324ef1-212x300.jpg\" class=\"attachment-medium size-medium\" alt=\"\" srcset=\"https:\/\/www.radiopiu.net\/wordpress\/wp-content\/uploads\/2025\/07\/9f9ca95d-04e3-4709-bc79-9e0aa5324ef1-212x300.jpg 212w, https:\/\/www.radiopiu.net\/wordpress\/wp-content\/uploads\/2025\/07\/9f9ca95d-04e3-4709-bc79-9e0aa5324ef1-724x1024.jpg 724w, https:\/\/www.radiopiu.net\/wordpress\/wp-content\/uploads\/2025\/07\/9f9ca95d-04e3-4709-bc79-9e0aa5324ef1-768x1086.jpg 768w, https:\/\/www.radiopiu.net\/wordpress\/wp-content\/uploads\/2025\/07\/9f9ca95d-04e3-4709-bc79-9e0aa5324ef1-1086x1536.jpg 1086w, https:\/\/www.radiopiu.net\/wordpress\/wp-content\/uploads\/2025\/07\/9f9ca95d-04e3-4709-bc79-9e0aa5324ef1.jpg 1131w\" sizes=\"auto, (max-width: 212px) 100vw, 212px\" \/><\/a>\n\t\t\t\t<\/dt><\/dl><br style=\"clear: both\" \/>\n\t\t\t<\/div>\n\n<p>&nbsp;<\/p>\n<hr \/>\n<p>&nbsp;<\/p>\n<blockquote>\n<h3>VAL FIORENTINA SUMMER VIBES: MUSICA DAL VIVO A SELVA DI CADORE<\/h3>\n<\/blockquote>\n<p><strong><a class=\"dt-pswp-item\" href=\"https:\/\/www.radiopiu.net\/wordpress\/wp-content\/uploads\/2022\/03\/254026600_962124181039693_1306450083412456774_n.png\" data-dt-img-description=\"\" data-large_image_width=\"390\" data-large_image_height=\"300\"><img loading=\"lazy\" decoding=\"async\" class=\" wp-image-267555 alignleft\" src=\"https:\/\/www.radiopiu.net\/wordpress\/wp-content\/uploads\/2022\/03\/254026600_962124181039693_1306450083412456774_n-300x231.png\" alt=\"\" width=\"160\" height=\"123\" srcset=\"https:\/\/www.radiopiu.net\/wordpress\/wp-content\/uploads\/2022\/03\/254026600_962124181039693_1306450083412456774_n-300x231.png 300w, https:\/\/www.radiopiu.net\/wordpress\/wp-content\/uploads\/2022\/03\/254026600_962124181039693_1306450083412456774_n.png 390w\" sizes=\"auto, (max-width: 160px) 100vw, 160px\" \/><\/a>SELVA DI CADORE <\/strong>Al via <em data-start=\"87\" data-end=\"116\">Val Fiorentina Summer Vibes<\/em>, la rassegna musicale estiva che animer\u00e0 Piazza S. Fosca a Selva di Cadore ogni venerd\u00ec dalle 18:00 alle 19:30. Un\u2019occasione per vivere l\u2019estate in musica, tra artisti locali e atmosfere rilassanti ai piedi delle Dolomiti. <strong data-start=\"341\" data-end=\"369\">Calendario degli eventi: <\/strong><strong data-start=\"422\" data-end=\"435\">01 agosto<\/strong>: Marco Marchesin + Chitarrista, <strong data-start=\"471\" data-end=\"484\">08 agosto<\/strong>: Eleonora Simeoni + Mattia Mad (duo vocale), <strong data-start=\"533\" data-end=\"546\">15 agosto<\/strong>: Miryam Magrini + Chitarrista + Percussioni, <strong data-start=\"595\" data-end=\"608\">22 agosto<\/strong>: Eleonora Simeoni + Chitarrista, <strong data-start=\"645\" data-end=\"658\">29 agosto<\/strong>: Silvia Smaniotto + Tastierista, <strong data-start=\"695\" data-end=\"711\">05 settembre<\/strong>: Alice Favaro + Chitarrista, <strong data-start=\"744\" data-end=\"760\">12 settembre<\/strong>: Marco Marchesin + Chitarrista. Un&#8217;estate di suoni e emozioni nella splendida cornice della Val Fiorentina.<\/p>\n<p>&nbsp;<\/p>\n<p>&nbsp;<\/p>\n<hr \/>\n<p>&nbsp;<\/p>\n<blockquote>\n<h3>IL CINEMA SOTTO LE STELLE TORNA AD AGORDO<\/h3>\n<\/blockquote>\n<p><strong><a class=\"dt-pswp-item\" href=\"https:\/\/www.radiopiu.net\/wordpress\/wp-content\/uploads\/2025\/07\/CINEMA-IN-CONTRADA.jpg\" data-dt-img-description=\"\" data-large_image_width=\"589\" data-large_image_height=\"403\"><img loading=\"lazy\" decoding=\"async\" class=\" wp-image-459052 alignleft\" src=\"https:\/\/www.radiopiu.net\/wordpress\/wp-content\/uploads\/2025\/07\/CINEMA-IN-CONTRADA-300x205.jpg\" alt=\"\" width=\"206\" height=\"141\" srcset=\"https:\/\/www.radiopiu.net\/wordpress\/wp-content\/uploads\/2025\/07\/CINEMA-IN-CONTRADA-300x205.jpg 300w, https:\/\/www.radiopiu.net\/wordpress\/wp-content\/uploads\/2025\/07\/CINEMA-IN-CONTRADA.jpg 589w\" sizes=\"auto, (max-width: 206px) 100vw, 206px\" \/><\/a>AGORDO<\/strong> Torna ad Agordo la rassegna \u201cCinema sotto le stelle delle Dolomiti\u201d, giunta alla sua quinta edizione. L\u2019iniziativa, organizzata dal Comune e dalla Pro Loco di Agordo, animer\u00e0 anche quest\u2019estate la Contrada dei Signori con tre serate dedicate al grande cinema, dal 31 luglio al 6 agosto. Il programma propone film per tutte le et\u00e0, capaci di emozionare e stimolare la riflessione. Si parte con <em data-start=\"469\" data-end=\"482\">Jojo Rabbit il 31 luglio<\/em>, ironico e profondo racconto sull\u2019odio e la tolleranza. Segue, il 4 agosto, <em data-start=\"545\" data-end=\"557\">La La Land<\/em>, musical che celebra sogni e passioni. La rassegna si chiude il 6 agosto con <em data-start=\"623\" data-end=\"658\">Mio fratello rincorre i dinosauri<\/em>, toccante storia sulla disabilit\u00e0 e i legami familiari. In quest\u2019ultima serata interverranno la famiglia Mazzariol e la cooperativa Societ\u00e0 Nuova. Le proiezioni sono gratuite (posti limitati) e iniziano alle 21.00, tranne il 6 agosto (alle 20.15). Prenotazioni su Eventbrite o presso l\u2019Ufficio Turistico di Agordo.<\/p>\n<p><strong>DI GIANNI SANTOMASO<\/strong><\/p>\n<audio class=\"wp-audio-shortcode\" id=\"audio-461352-9\" preload=\"none\" style=\"width: 100%;\" controls=\"controls\"><source type=\"audio\/mpeg\" src=\"https:\/\/www.radiopiu.net\/wordpress\/wp-content\/uploads\/2025\/07\/GIANNI-TORNA-IL-CINEMA-ALLAPERTO-AD-AGORDO.mp3?_=9\" \/><a href=\"https:\/\/www.radiopiu.net\/wordpress\/wp-content\/uploads\/2025\/07\/GIANNI-TORNA-IL-CINEMA-ALLAPERTO-AD-AGORDO.mp3\">https:\/\/www.radiopiu.net\/wordpress\/wp-content\/uploads\/2025\/07\/GIANNI-TORNA-IL-CINEMA-ALLAPERTO-AD-AGORDO.mp3<\/a><\/audio>\n<p>&nbsp;<\/p>\n<hr \/>\n<p>&nbsp;<\/p>\n<blockquote>\n<h3>TRE GIORNI DI FESTA A LA VALLE CON LA SAGRA DE LA MADONA DE LA NEIF<\/h3>\n<\/blockquote>\n<p><strong><a class=\"dt-pswp-item\" href=\"https:\/\/www.radiopiu.net\/wordpress\/wp-content\/uploads\/2025\/07\/lhgaoghaoh.jpg\" data-dt-img-description=\"\" data-large_image_width=\"569\" data-large_image_height=\"267\"><img loading=\"lazy\" decoding=\"async\" class=\" wp-image-461023 alignleft\" src=\"https:\/\/www.radiopiu.net\/wordpress\/wp-content\/uploads\/2025\/07\/lhgaoghaoh-300x141.jpg\" alt=\"\" width=\"213\" height=\"100\" srcset=\"https:\/\/www.radiopiu.net\/wordpress\/wp-content\/uploads\/2025\/07\/lhgaoghaoh-300x141.jpg 300w, https:\/\/www.radiopiu.net\/wordpress\/wp-content\/uploads\/2025\/07\/lhgaoghaoh.jpg 569w\" sizes=\"auto, (max-width: 213px) 100vw, 213px\" \/><\/a>LA VALLE<\/strong> Dal 2 al 5 agosto 2025 torna a La Valle Agordina la tradizionale sagra \u201cMadona de la Neif\u201d, organizzata dai Lavallesi Riuniti. Quattro giorni di festa tra musica, gastronomia, giochi e tradizioni. Sabato apertura con aperitivo, torneo di calcio femminile e concerto della Kriss Groove Band. Domenica pomeriggio per bambini, magia, specialit\u00e0 gastronomiche e AlpenBruder in serata. Luned\u00ec si celebra la veglia solenne e si inaugura la mostra fotografica \u201cLa Val da Incornis\u00e0\u201d. Marted\u00ec gran finale con il Merc\u00e0 de l\u2019Ista, sfilata in costumi tradizionali, mestieri antichi, spiedo e serata danzante con Eros &amp; Karin.<\/p>\n<p>&nbsp;<\/p>\n<p>&nbsp;<\/p>\n<hr \/>\n<p>&nbsp;<\/p>\n<p><strong><a class=\"dt-pswp-item\" href=\"https:\/\/www.radiopiu.net\/wordpress\/wp-content\/uploads\/2025\/07\/SCR-20250723-mrjt.jpeg\" data-dt-img-description=\"\" data-large_image_width=\"1408\" data-large_image_height=\"1980\"><img loading=\"lazy\" decoding=\"async\" class=\" wp-image-460819 alignleft\" src=\"https:\/\/www.radiopiu.net\/wordpress\/wp-content\/uploads\/2025\/07\/SCR-20250723-mrjt-213x300.jpeg\" alt=\"\" width=\"130\" height=\"183\" srcset=\"https:\/\/www.radiopiu.net\/wordpress\/wp-content\/uploads\/2025\/07\/SCR-20250723-mrjt-213x300.jpeg 213w, https:\/\/www.radiopiu.net\/wordpress\/wp-content\/uploads\/2025\/07\/SCR-20250723-mrjt-728x1024.jpeg 728w, https:\/\/www.radiopiu.net\/wordpress\/wp-content\/uploads\/2025\/07\/SCR-20250723-mrjt-768x1080.jpeg 768w, https:\/\/www.radiopiu.net\/wordpress\/wp-content\/uploads\/2025\/07\/SCR-20250723-mrjt-1092x1536.jpeg 1092w, https:\/\/www.radiopiu.net\/wordpress\/wp-content\/uploads\/2025\/07\/SCR-20250723-mrjt.jpeg 1408w\" sizes=\"auto, (max-width: 130px) 100vw, 130px\" \/><\/a> <\/strong><\/p>\n<blockquote>\n<h3>PANZE PIENE&#8230;LA FESTA DEL PANZEROTTO A GOSALDO<\/h3>\n<\/blockquote>\n<p><strong>GOSALDO <\/strong>Sabato 2 agosto, appuntamento da non perdere a Gosaldo con \u201cPANZE-PIENE\u201d, la serata pi\u00f9 golosa dell\u2019estate! Dalle ore 19:00, sotto il tendone allestito dalla Pro Loco, prender\u00e0 il via la Festa del Panzerotto: panzerotti caldi, croccanti e filanti, preparati in tante varianti per soddisfare tutti i gusti. Ma la serata non finisce qui: dalle 21:00, si accendono le luci del palco e si scatena il divertimento con la musica live dei Tirataie, per ballare, cantare e vivere una notte all\u2019insegna dell\u2019allegria. Un ringraziamento speciale va alla Macelleria Bepi Bosol, sponsor dell\u2019evento e sostenitore delle iniziative locali. Per ulteriori informazioni: <a class=\"cursor-pointer\" rel=\"noopener\" data-start=\"790\" data-end=\"814\">prolocogosaldo@gmail.com<\/a><\/p>\n<p>&nbsp;<\/p>\n<p>&nbsp;<\/p>\n<hr \/>\n<p>&nbsp;<\/p>\n<blockquote>\n<h3><a class=\"dt-pswp-item\" href=\"https:\/\/www.radiopiu.net\/wordpress\/wp-content\/uploads\/2025\/07\/e62b2e71-0ff5-431d-96e8-6abc8fff354b.jpg\" data-dt-img-description=\"\" data-large_image_width=\"1070\" data-large_image_height=\"1523\"><img loading=\"lazy\" decoding=\"async\" class=\" wp-image-461260 alignleft\" src=\"https:\/\/www.radiopiu.net\/wordpress\/wp-content\/uploads\/2025\/07\/e62b2e71-0ff5-431d-96e8-6abc8fff354b-211x300.jpg\" alt=\"\" width=\"101\" height=\"144\" srcset=\"https:\/\/www.radiopiu.net\/wordpress\/wp-content\/uploads\/2025\/07\/e62b2e71-0ff5-431d-96e8-6abc8fff354b-211x300.jpg 211w, https:\/\/www.radiopiu.net\/wordpress\/wp-content\/uploads\/2025\/07\/e62b2e71-0ff5-431d-96e8-6abc8fff354b-719x1024.jpg 719w, https:\/\/www.radiopiu.net\/wordpress\/wp-content\/uploads\/2025\/07\/e62b2e71-0ff5-431d-96e8-6abc8fff354b-768x1093.jpg 768w, https:\/\/www.radiopiu.net\/wordpress\/wp-content\/uploads\/2025\/07\/e62b2e71-0ff5-431d-96e8-6abc8fff354b.jpg 1070w\" sizes=\"auto, (max-width: 101px) 100vw, 101px\" \/><\/a>LA MOSTRA MERCATO A GOSALDO<\/h3>\n<\/blockquote>\n<p><strong>GOSALDO<\/strong> L&#8217;Associazione Amici della Biblioteca di Gosaldo e la Pro Loco Gosaldo organizzano la mostra mercato &#8220;L&#8217;Arte che fa del bene&#8221;, presso la ex chiesa di San Giacomo a Gosaldo. La mostra raccoglie varie opere (tra cui acquerelli, acqueforti, litografie, oli) a firma di artisti come Bruno Donadel, Lino Fornasier e Francesco Piazza. Le opere esposte sono state donate da Simonetta, Valentina e Sergio Tazzer. Il ricavato dell&#8217;iniziativa sar\u00e0 devoluto alla Parrocchia di Gosaldo, che lo destiner\u00e0 ad iniziative benefiche. La mostra rimarr\u00e0 aperta dalle 10.00 alle 12.00 e dalle 17.00 alle 19.00 del 2 e 3 agosto, dal 9 al 17 agosto e il 23 e 24 agosto.<\/p>\n<p>&nbsp;<\/p>\n<p>&nbsp;<\/p>\n<hr \/>\n<p>&nbsp;<\/p>\n<blockquote>\n<h2>L\u2019Arte che fa del bene\u201d: mostra mercato a scopo benefico nella ex chiesa di San Giacomo<\/h2>\n<\/blockquote>\n<p><strong><a class=\"dt-pswp-item\" href=\"https:\/\/www.radiopiu.net\/wordpress\/wp-content\/uploads\/2025\/07\/Immagine-WhatsApp-2025-07-25-ore-07.38.18_19f3e277.jpg\" data-dt-img-description=\"\" data-large_image_width=\"1070\" data-large_image_height=\"1523\"><img loading=\"lazy\" decoding=\"async\" class=\" wp-image-461665 alignleft\" src=\"https:\/\/www.radiopiu.net\/wordpress\/wp-content\/uploads\/2025\/07\/Immagine-WhatsApp-2025-07-25-ore-07.38.18_19f3e277-211x300.jpg\" alt=\"\" width=\"162\" height=\"230\" srcset=\"https:\/\/www.radiopiu.net\/wordpress\/wp-content\/uploads\/2025\/07\/Immagine-WhatsApp-2025-07-25-ore-07.38.18_19f3e277-211x300.jpg 211w, https:\/\/www.radiopiu.net\/wordpress\/wp-content\/uploads\/2025\/07\/Immagine-WhatsApp-2025-07-25-ore-07.38.18_19f3e277-719x1024.jpg 719w, https:\/\/www.radiopiu.net\/wordpress\/wp-content\/uploads\/2025\/07\/Immagine-WhatsApp-2025-07-25-ore-07.38.18_19f3e277-768x1093.jpg 768w, https:\/\/www.radiopiu.net\/wordpress\/wp-content\/uploads\/2025\/07\/Immagine-WhatsApp-2025-07-25-ore-07.38.18_19f3e277.jpg 1070w\" sizes=\"auto, (max-width: 162px) 100vw, 162px\" \/><\/a>GOSALDO<\/strong>. L&#8217;Associazione Amici della Biblioteca di Gosaldo e la Pro Loco Gosaldo organizzano la mostra mercato &#8220;L&#8217;Arte che fa del bene&#8221;, presso la ex chiesa di San Giacomo a Gosaldo. La mostra raccoglie varie opere (tra cui acquerelli, acqueforti, litografie, oli) a firma di artisti come Bruno Donadel, Lino Fornasier e Francesco Piazza. Le opere esposte sono state donate da Simonetta, Valentina e Sergio Tazzer. Il ricavato dell&#8217;iniziativa sar\u00e0 devoluto alla Parrocchia di Gosaldo, che lo destiner\u00e0 ad iniziative benefiche.<\/p>\n<p>La mostra sar\u00e0 inaugurata domenica 27 luglio, alle ore 10.30 e rimarr\u00e0 aperta dalle 10.00 alle 12.00 e dalle 17.00 alle 19.00 del 2 e 3 agosto, dal 9 al 17 agosto e il 23 e 24 agosto.<\/p>\n<p>&nbsp;<\/p>\n<p>&nbsp;<\/p>\n<hr \/>\n<p>&nbsp;<\/p>\n<blockquote>\n<h3><a class=\"dt-pswp-item\" href=\"https:\/\/www.radiopiu.net\/wordpress\/wp-content\/uploads\/2018\/05\/Dunio-al-lavoro_resized_2.jpg\" data-dt-img-description=\"\" data-large_image_width=\"1536\" data-large_image_height=\"1152\"><img loading=\"lazy\" decoding=\"async\" class=\" wp-image-48005 alignleft\" src=\"https:\/\/www.radiopiu.net\/wordpress\/wp-content\/uploads\/2018\/05\/Dunio-al-lavoro_resized_2-300x225.jpg\" alt=\"\" width=\"172\" height=\"129\" srcset=\"https:\/\/www.radiopiu.net\/wordpress\/wp-content\/uploads\/2018\/05\/Dunio-al-lavoro_resized_2-300x225.jpg 300w, https:\/\/www.radiopiu.net\/wordpress\/wp-content\/uploads\/2018\/05\/Dunio-al-lavoro_resized_2-768x576.jpg 768w, https:\/\/www.radiopiu.net\/wordpress\/wp-content\/uploads\/2018\/05\/Dunio-al-lavoro_resized_2-1024x768.jpg 1024w, https:\/\/www.radiopiu.net\/wordpress\/wp-content\/uploads\/2018\/05\/Dunio-al-lavoro_resized_2.jpg 1536w\" sizes=\"auto, (max-width: 172px) 100vw, 172px\" \/><\/a>ARTE E SCACCHI IN MOSTRA A SAN TOMASO AGORDINO<\/h3>\n<\/blockquote>\n<p><strong>SAN TOMASO <\/strong>La Pro Loco di San Tomaso Agordino inaugura sabato 2 agosto 2025 la mostra &#8220;Dunio e gli scacchi&#8221;, con 36 opere di Dunio Piccolin, nate dalla collaborazione con Giovanni Lorusso dell\u2019Associazione Valbelluna Scacchi. L\u2019esposizione unisce arte e gioco, rendendo gli scacchi pi\u00f9 accessibili e coinvolgenti attraverso illustrazioni per tornei e scuole. Visitabile fino al 17 agosto, la mostra celebra il valore educativo e sociale degli scacchi. Domenica 10 agosto verr\u00e0 presentato anche il libro \u201cLa scacchiera sotto il calicanto\u201d, con opere e racconti legati all\u2019iniziativa. Un evento imperdibile per appassionati.<\/p>\n<p>&nbsp;<\/p>\n<p>&nbsp;<\/p>\n<hr \/>\n<p>&nbsp;<\/p>\n<blockquote>\n<h3><a class=\"dt-pswp-item\" href=\"https:\/\/www.radiopiu.net\/wordpress\/wp-content\/uploads\/2025\/07\/d51a6893-06fe-44a2-80b0-b1604b82f746.jpg\" data-dt-img-description=\"\" data-large_image_width=\"1080\" data-large_image_height=\"1080\"><img loading=\"lazy\" decoding=\"async\" class=\" wp-image-461113 alignleft\" src=\"https:\/\/www.radiopiu.net\/wordpress\/wp-content\/uploads\/2025\/07\/d51a6893-06fe-44a2-80b0-b1604b82f746-300x300.jpg\" alt=\"\" width=\"107\" height=\"107\" srcset=\"https:\/\/www.radiopiu.net\/wordpress\/wp-content\/uploads\/2025\/07\/d51a6893-06fe-44a2-80b0-b1604b82f746-300x300.jpg 300w, https:\/\/www.radiopiu.net\/wordpress\/wp-content\/uploads\/2025\/07\/d51a6893-06fe-44a2-80b0-b1604b82f746-1024x1024.jpg 1024w, https:\/\/www.radiopiu.net\/wordpress\/wp-content\/uploads\/2025\/07\/d51a6893-06fe-44a2-80b0-b1604b82f746-150x150.jpg 150w, https:\/\/www.radiopiu.net\/wordpress\/wp-content\/uploads\/2025\/07\/d51a6893-06fe-44a2-80b0-b1604b82f746-768x768.jpg 768w, https:\/\/www.radiopiu.net\/wordpress\/wp-content\/uploads\/2025\/07\/d51a6893-06fe-44a2-80b0-b1604b82f746.jpg 1080w\" sizes=\"auto, (max-width: 107px) 100vw, 107px\" \/><\/a><\/h3>\n<h3>IL CORO AMICI CANTORI A SAN TOMASO<\/h3>\n<\/blockquote>\n<p><strong>SAN TOMASO<\/strong> Serata imperdibile sabato 2 agosto dedicata al canto corale alpino, ospitata nell\u2019antica chiesa di Celat a San Tomaso alle 20:30. Ad esibirsi saranno alcuni cantori del celebre Coro della SAT di Trento, la compagine maschile pi\u00f9 nota tra i cori di montagna in Italia.<\/p>\n<p>&nbsp;<\/p>\n<p>&nbsp;<\/p>\n<hr \/>\n<p>&nbsp;<\/p>\n<h1><span style=\"color: #ff6600;\">IERI ALLA RADIO<\/span><\/h1>\n<h2><span style=\"color: #339966;\">LA RASSEGNA STAMPA DA L&#8217;AMICO DEL POPOLO<\/span><\/h2>\n<p><strong><a class=\"dt-pswp-item\" href=\"https:\/\/www.radiopiu.net\/wordpress\/wp-content\/uploads\/2025\/06\/GIORGIO-FONTA.jpg\" data-dt-img-description=\"\" data-large_image_width=\"640\" data-large_image_height=\"632\"><img loading=\"lazy\" decoding=\"async\" class=\" wp-image-455615 alignleft\" src=\"https:\/\/www.radiopiu.net\/wordpress\/wp-content\/uploads\/2025\/06\/GIORGIO-FONTA-300x296.jpg\" alt=\"\" width=\"174\" height=\"172\" srcset=\"https:\/\/www.radiopiu.net\/wordpress\/wp-content\/uploads\/2025\/06\/GIORGIO-FONTA-300x296.jpg 300w, https:\/\/www.radiopiu.net\/wordpress\/wp-content\/uploads\/2025\/06\/GIORGIO-FONTA.jpg 640w\" sizes=\"auto, (max-width: 174px) 100vw, 174px\" \/><\/a>DI GIANNI SANTOMASO<\/strong><\/p>\n<p>OSPITE: Giorgio Fontanive<\/p>\n<audio class=\"wp-audio-shortcode\" id=\"audio-461352-10\" preload=\"none\" style=\"width: 100%;\" controls=\"controls\"><source type=\"audio\/mpeg\" src=\"https:\/\/www.radiopiu.net\/wordpress\/wp-content\/uploads\/2025\/07\/RASSEGNA-GIANNI-PER-SITO-1.mp3?_=10\" \/><a href=\"https:\/\/www.radiopiu.net\/wordpress\/wp-content\/uploads\/2025\/07\/RASSEGNA-GIANNI-PER-SITO-1.mp3\">https:\/\/www.radiopiu.net\/wordpress\/wp-content\/uploads\/2025\/07\/RASSEGNA-GIANNI-PER-SITO-1.mp3<\/a><\/audio>\n<p>&nbsp;<\/p>\n<hr \/>\n<p>&nbsp;<\/p>\n<h2><span style=\"color: #cc99ff;\">DUE MINUTI PER TE<\/span><\/h2>\n<p><strong><a class=\"dt-pswp-item\" href=\"https:\/\/www.radiopiu.net\/wordpress\/wp-content\/uploads\/2020\/12\/DON-GIORGIO-LISE.jpg\" data-dt-img-description=\"\" data-large_image_width=\"1600\" data-large_image_height=\"901\"><img loading=\"lazy\" decoding=\"async\" class=\" wp-image-177420 alignleft\" src=\"https:\/\/www.radiopiu.net\/wordpress\/wp-content\/uploads\/2020\/12\/DON-GIORGIO-LISE-300x169.jpg\" alt=\"\" width=\"215\" height=\"121\" srcset=\"https:\/\/www.radiopiu.net\/wordpress\/wp-content\/uploads\/2020\/12\/DON-GIORGIO-LISE-300x169.jpg 300w, https:\/\/www.radiopiu.net\/wordpress\/wp-content\/uploads\/2020\/12\/DON-GIORGIO-LISE-1024x577.jpg 1024w, https:\/\/www.radiopiu.net\/wordpress\/wp-content\/uploads\/2020\/12\/DON-GIORGIO-LISE-768x432.jpg 768w, https:\/\/www.radiopiu.net\/wordpress\/wp-content\/uploads\/2020\/12\/DON-GIORGIO-LISE-1536x865.jpg 1536w, https:\/\/www.radiopiu.net\/wordpress\/wp-content\/uploads\/2020\/12\/DON-GIORGIO-LISE.jpg 1600w\" sizes=\"auto, (max-width: 215px) 100vw, 215px\" \/><\/a>APPUNTAMENTO DELLA DOMENICA CON IL PENSIERO DI MONSIGNOR GIORGIO LISE<\/strong><\/p>\n<audio class=\"wp-audio-shortcode\" id=\"audio-461352-11\" preload=\"none\" style=\"width: 100%;\" controls=\"controls\"><source type=\"audio\/mpeg\" src=\"https:\/\/www.radiopiu.net\/wordpress\/wp-content\/uploads\/2025\/07\/DON-GIORGIO-3.mp3?_=11\" \/><a href=\"https:\/\/www.radiopiu.net\/wordpress\/wp-content\/uploads\/2025\/07\/DON-GIORGIO-3.mp3\">https:\/\/www.radiopiu.net\/wordpress\/wp-content\/uploads\/2025\/07\/DON-GIORGIO-3.mp3<\/a><\/audio>\n<p>&nbsp;<\/p>\n<hr \/>\n<p>&nbsp;<\/p>\n<h2><span style=\"color: #00ccff;\">A FORCELLA AURINE IL VERTICAL COL DE LUNA IN RICORDO DI LUCIA BARBIERO<\/span><\/h2>\n<p><strong><a class=\"dt-pswp-item\" href=\"https:\/\/www.radiopiu.net\/wordpress\/wp-content\/uploads\/2025\/07\/SCR-20250723-nfyz-1.png\" data-dt-img-description=\"\" data-large_image_width=\"634\" data-large_image_height=\"520\"><img loading=\"lazy\" decoding=\"async\" class=\" wp-image-460847 alignleft\" src=\"https:\/\/www.radiopiu.net\/wordpress\/wp-content\/uploads\/2025\/07\/SCR-20250723-nfyz-1-300x246.png\" alt=\"\" width=\"187\" height=\"153\" srcset=\"https:\/\/www.radiopiu.net\/wordpress\/wp-content\/uploads\/2025\/07\/SCR-20250723-nfyz-1-300x246.png 300w, https:\/\/www.radiopiu.net\/wordpress\/wp-content\/uploads\/2025\/07\/SCR-20250723-nfyz-1.png 634w\" sizes=\"auto, (max-width: 187px) 100vw, 187px\" \/><\/a>DI MIRKO MEZZACASA<\/strong><\/p>\n<p>OSPITI: Alessia De Marco, Terry Dal Soler e Luca Cagnati<\/p>\n<audio class=\"wp-audio-shortcode\" id=\"audio-461352-12\" preload=\"none\" style=\"width: 100%;\" controls=\"controls\"><source type=\"audio\/mpeg\" src=\"https:\/\/www.radiopiu.net\/wordpress\/wp-content\/uploads\/2025\/07\/lucia-barbiero-seconda-parte-col-de-luna-trail.mp3?_=12\" \/><a href=\"https:\/\/www.radiopiu.net\/wordpress\/wp-content\/uploads\/2025\/07\/lucia-barbiero-seconda-parte-col-de-luna-trail.mp3\">https:\/\/www.radiopiu.net\/wordpress\/wp-content\/uploads\/2025\/07\/lucia-barbiero-seconda-parte-col-de-luna-trail.mp3<\/a><\/audio>\n<p>&nbsp;<\/p>\n<hr \/>\n<p>&nbsp;<\/p>\n<blockquote class=\"wp-embedded-content\" data-secret=\"K1bQp3HeJG\"><p><a href=\"https:\/\/www.radiopiu.net\/wordpress\/piu-siamo-con-marina-settimana-dal-21-al-25-luglio-2025\/\">PIU&#8217; SIAMO&#8230;CON MARINA &#8211; SETTIMANA DAL 21 AL 25 LUGLIO 2025<\/a><\/p><\/blockquote>\n<p><iframe loading=\"lazy\" class=\"wp-embedded-content\" sandbox=\"allow-scripts\" security=\"restricted\" style=\"position: absolute; visibility: hidden;\" title=\"&#8220;PIU&#8217; SIAMO&#8230;CON MARINA &#8211; SETTIMANA DAL 21 AL 25 LUGLIO 2025&#8221; &#8212; Radio Pi\u00f9\" src=\"https:\/\/www.radiopiu.net\/wordpress\/piu-siamo-con-marina-settimana-dal-21-al-25-luglio-2025\/embed\/#?secret=HFELHXatHz#?secret=K1bQp3HeJG\" data-secret=\"K1bQp3HeJG\" width=\"600\" height=\"338\" frameborder=\"0\" marginwidth=\"0\" marginheight=\"0\" scrolling=\"no\"><\/iframe><\/p>\n<p>&nbsp;<\/p>\n<hr \/>\n<p>&nbsp;<\/p>\n<h2><span style=\"color: #ff0000;\"><a class=\"dt-pswp-item\" href=\"https:\/\/www.radiopiu.net\/wordpress\/wp-content\/uploads\/2018\/09\/appuntamenti.jpeg\" data-dt-img-description=\"\" data-large_image_width=\"800\" data-large_image_height=\"100\"><img loading=\"lazy\" decoding=\"async\" class=\"wp-image-61958 size-full aligncenter\" src=\"https:\/\/www.radiopiu.net\/wordpress\/wp-content\/uploads\/2018\/09\/appuntamenti.jpeg\" alt=\"\" width=\"800\" height=\"100\" srcset=\"https:\/\/www.radiopiu.net\/wordpress\/wp-content\/uploads\/2018\/09\/appuntamenti.jpeg 800w, https:\/\/www.radiopiu.net\/wordpress\/wp-content\/uploads\/2018\/09\/appuntamenti-300x38.jpeg 300w, https:\/\/www.radiopiu.net\/wordpress\/wp-content\/uploads\/2018\/09\/appuntamenti-768x96.jpeg 768w\" sizes=\"auto, (max-width: 800px) 100vw, 800px\" \/><\/a><\/span><\/h2>\n<p>&nbsp;<\/p>\n<div>\n<div class=\"\" dir=\"auto\">\n<div id=\":r9h:\" class=\"x1iorvi4 x1pi30zi x1l90r2v x1swvt13\" data-ad-comet-preview=\"message\" data-ad-preview=\"message\">\n<div class=\"\" dir=\"auto\">\n<div id=\":r9h:\" class=\"x1iorvi4 x1pi30zi x1l90r2v x1swvt13\" data-ad-comet-preview=\"message\" data-ad-preview=\"message\">\n<div class=\"\" dir=\"auto\">\n<div id=\":r9h:\" class=\"x1iorvi4 x1pi30zi x1l90r2v x1swvt13\" data-ad-comet-preview=\"message\" data-ad-preview=\"message\">\n<div class=\"\" dir=\"auto\">\n<div id=\":r9h:\" class=\"x1iorvi4 x1pi30zi x1l90r2v x1swvt13\" data-ad-comet-preview=\"message\" data-ad-preview=\"message\">\n<div>\n<div class=\"\" dir=\"auto\">\n<div id=\":r9h:\" class=\"x1iorvi4 x1pi30zi x1l90r2v x1swvt13\" data-ad-comet-preview=\"message\" data-ad-preview=\"message\">\n<div>\n<div class=\"\" dir=\"auto\">\n<div id=\":r9h:\" class=\"x1iorvi4 x1pi30zi x1l90r2v x1swvt13\" data-ad-comet-preview=\"message\" data-ad-preview=\"message\">\n<div class=\"xdj266r x11i5rnm xat24cr x1mh8g0r x1vvkbs x126k92a\">\n<div dir=\"auto\"><\/div>\n<\/div>\n<div>\n<div class=\"\" dir=\"auto\">\n<div id=\":r9h:\" class=\"x1iorvi4 x1pi30zi x1l90r2v x1swvt13\" data-ad-comet-preview=\"message\" data-ad-preview=\"message\">\n<div>\n<div class=\"\" dir=\"auto\">\n<div id=\":r9h:\" class=\"x1iorvi4 x1pi30zi x1l90r2v x1swvt13\" data-ad-comet-preview=\"message\" data-ad-preview=\"message\">\n\n\t\t\t<style type='text\/css'>\n\t\t\t\t#gallery-9 {\n\t\t\t\t\tmargin: auto;\n\t\t\t\t}\n\t\t\t\t#gallery-9 .gallery-item {\n\t\t\t\t\tfloat: left;\n\t\t\t\t\tmargin-top: 10px;\n\t\t\t\t\ttext-align: center;\n\t\t\t\t\twidth: 20%;\n\t\t\t\t}\n\t\t\t\t#gallery-9 img {\n\t\t\t\t\tborder: 2px solid #cfcfcf;\n\t\t\t\t}\n\t\t\t\t#gallery-9 .gallery-caption {\n\t\t\t\t\tmargin-left: 0;\n\t\t\t\t}\n\t\t\t\t\/* see gallery_shortcode() in wp-includes\/media.php *\/\n\t\t\t<\/style>\n\t\t<div id='gallery-9' class='dt-gallery-container gallery galleryid-461352 gallery-columns-5 gallery-size-thumbnail'><dl class='gallery-item'>\n\t\t\t\t<dt class='gallery-icon portrait'>\n\t\t\t\t\t<a class=\"rollover rollover-zoom dt-pswp-item\" title=\"090267ee-c61a-4395-8f22-076aae3d6bae\" data-dt-img-description=\"\" data-large_image_width=\"1131\" data-large_image_height=\"1600\"href='https:\/\/www.radiopiu.net\/wordpress\/wp-content\/uploads\/2025\/07\/090267ee-c61a-4395-8f22-076aae3d6bae.jpg'><img loading=\"lazy\" decoding=\"async\" width=\"150\" height=\"150\" src=\"https:\/\/www.radiopiu.net\/wordpress\/wp-content\/uploads\/2025\/07\/090267ee-c61a-4395-8f22-076aae3d6bae-150x150.jpg\" class=\"attachment-thumbnail size-thumbnail\" alt=\"\" \/><\/a>\n\t\t\t\t<\/dt><\/dl><dl class='gallery-item'>\n\t\t\t\t<dt class='gallery-icon portrait'>\n\t\t\t\t\t<a class=\"rollover rollover-zoom dt-pswp-item\" title=\"cadf9f3e-b763-4b78-a053-a610ef5c8c99\" data-dt-img-description=\"\" data-large_image_width=\"960\" data-large_image_height=\"1280\"href='https:\/\/www.radiopiu.net\/wordpress\/wp-content\/uploads\/2025\/06\/cadf9f3e-b763-4b78-a053-a610ef5c8c99.jpg'><img loading=\"lazy\" decoding=\"async\" width=\"150\" height=\"150\" src=\"https:\/\/www.radiopiu.net\/wordpress\/wp-content\/uploads\/2025\/06\/cadf9f3e-b763-4b78-a053-a610ef5c8c99-150x150.jpg\" class=\"attachment-thumbnail size-thumbnail\" alt=\"\" \/><\/a>\n\t\t\t\t<\/dt><\/dl><dl class='gallery-item'>\n\t\t\t\t<dt class='gallery-icon portrait'>\n\t\t\t\t\t<a class=\"rollover rollover-zoom dt-pswp-item\" title=\"mostra_RotaSperti\" data-dt-img-description=\"\" data-large_image_width=\"1414\" data-large_image_height=\"2000\"href='https:\/\/www.radiopiu.net\/wordpress\/wp-content\/uploads\/2025\/06\/mostra_RotaSperti.png'><img loading=\"lazy\" decoding=\"async\" width=\"150\" height=\"150\" src=\"https:\/\/www.radiopiu.net\/wordpress\/wp-content\/uploads\/2025\/06\/mostra_RotaSperti-150x150.png\" class=\"attachment-thumbnail size-thumbnail\" alt=\"\" \/><\/a>\n\t\t\t\t<\/dt><\/dl><dl class='gallery-item'>\n\t\t\t\t<dt class='gallery-icon portrait'>\n\t\t\t\t\t<a class=\"rollover rollover-zoom dt-pswp-item\" title=\"fac4fca6-e68b-4407-9911-927fad81e2d6\" data-dt-img-description=\"\" data-large_image_width=\"1080\" data-large_image_height=\"1507\"href='https:\/\/www.radiopiu.net\/wordpress\/wp-content\/uploads\/2025\/06\/fac4fca6-e68b-4407-9911-927fad81e2d6.jpg'><img loading=\"lazy\" decoding=\"async\" width=\"150\" height=\"150\" src=\"https:\/\/www.radiopiu.net\/wordpress\/wp-content\/uploads\/2025\/06\/fac4fca6-e68b-4407-9911-927fad81e2d6-150x150.jpg\" class=\"attachment-thumbnail size-thumbnail\" alt=\"\" \/><\/a>\n\t\t\t\t<\/dt><\/dl><dl class='gallery-item'>\n\t\t\t\t<dt class='gallery-icon portrait'>\n\t\t\t\t\t<a class=\"rollover rollover-zoom dt-pswp-item\" title=\"c55ce2db-ca03-471b-81c4-095c39ada29e\" data-dt-img-description=\"\" data-large_image_width=\"509\" data-large_image_height=\"720\"href='https:\/\/www.radiopiu.net\/wordpress\/wp-content\/uploads\/2025\/06\/c55ce2db-ca03-471b-81c4-095c39ada29e.jpg'><img loading=\"lazy\" decoding=\"async\" width=\"150\" height=\"150\" src=\"https:\/\/www.radiopiu.net\/wordpress\/wp-content\/uploads\/2025\/06\/c55ce2db-ca03-471b-81c4-095c39ada29e-150x150.jpg\" class=\"attachment-thumbnail size-thumbnail\" alt=\"\" \/><\/a>\n\t\t\t\t<\/dt><\/dl><br style=\"clear: both\" \/><dl class='gallery-item'>\n\t\t\t\t<dt class='gallery-icon portrait'>\n\t\t\t\t\t<a class=\"rollover rollover-zoom dt-pswp-item\" title=\"8d3ab9cd-a4cb-4a99-bfe1-ac0fb17b9dba\" data-dt-img-description=\"\" data-large_image_width=\"828\" data-large_image_height=\"1158\"href='https:\/\/www.radiopiu.net\/wordpress\/wp-content\/uploads\/2025\/07\/8d3ab9cd-a4cb-4a99-bfe1-ac0fb17b9dba.jpg'><img loading=\"lazy\" decoding=\"async\" width=\"150\" height=\"150\" src=\"https:\/\/www.radiopiu.net\/wordpress\/wp-content\/uploads\/2025\/07\/8d3ab9cd-a4cb-4a99-bfe1-ac0fb17b9dba-150x150.jpg\" class=\"attachment-thumbnail size-thumbnail\" alt=\"\" \/><\/a>\n\t\t\t\t<\/dt><\/dl><dl class='gallery-item'>\n\t\t\t\t<dt class='gallery-icon portrait'>\n\t\t\t\t\t<a class=\"rollover rollover-zoom dt-pswp-item\" title=\"4d595d64-63bb-4e50-8359-03cbcfa1dd7a\" data-dt-img-description=\"\" data-large_image_width=\"828\" data-large_image_height=\"1158\"href='https:\/\/www.radiopiu.net\/wordpress\/wp-content\/uploads\/2025\/07\/4d595d64-63bb-4e50-8359-03cbcfa1dd7a.jpg'><img loading=\"lazy\" decoding=\"async\" width=\"150\" height=\"150\" src=\"https:\/\/www.radiopiu.net\/wordpress\/wp-content\/uploads\/2025\/07\/4d595d64-63bb-4e50-8359-03cbcfa1dd7a-150x150.jpg\" class=\"attachment-thumbnail size-thumbnail\" alt=\"\" \/><\/a>\n\t\t\t\t<\/dt><\/dl><dl class='gallery-item'>\n\t\t\t\t<dt class='gallery-icon portrait'>\n\t\t\t\t\t<a class=\"rollover rollover-zoom dt-pswp-item\" title=\"3962b3bb-de84-4fa0-beb8-8af3574e8151\" data-dt-img-description=\"\" data-large_image_width=\"1132\" data-large_image_height=\"1600\"href='https:\/\/www.radiopiu.net\/wordpress\/wp-content\/uploads\/2025\/07\/3962b3bb-de84-4fa0-beb8-8af3574e8151.jpg'><img loading=\"lazy\" decoding=\"async\" width=\"150\" height=\"150\" src=\"https:\/\/www.radiopiu.net\/wordpress\/wp-content\/uploads\/2025\/07\/3962b3bb-de84-4fa0-beb8-8af3574e8151-150x150.jpg\" class=\"attachment-thumbnail size-thumbnail\" alt=\"\" \/><\/a>\n\t\t\t\t<\/dt><\/dl><dl class='gallery-item'>\n\t\t\t\t<dt class='gallery-icon portrait'>\n\t\t\t\t\t<a class=\"rollover rollover-zoom dt-pswp-item\" title=\"locandina mostra 25\" data-dt-img-description=\"\" data-large_image_width=\"629\" data-large_image_height=\"875\"href='https:\/\/www.radiopiu.net\/wordpress\/wp-content\/uploads\/2025\/07\/locandina-mostra-25.jpg'><img loading=\"lazy\" decoding=\"async\" width=\"150\" height=\"150\" src=\"https:\/\/www.radiopiu.net\/wordpress\/wp-content\/uploads\/2025\/07\/locandina-mostra-25-150x150.jpg\" class=\"attachment-thumbnail size-thumbnail\" alt=\"\" \/><\/a>\n\t\t\t\t<\/dt><\/dl><dl class='gallery-item'>\n\t\t\t\t<dt class='gallery-icon portrait'>\n\t\t\t\t\t<a class=\"rollover rollover-zoom dt-pswp-item\" title=\"SCR-20250710-rfhq\" data-dt-img-description=\"\" data-large_image_width=\"1278\" data-large_image_height=\"1818\"href='https:\/\/www.radiopiu.net\/wordpress\/wp-content\/uploads\/2025\/07\/SCR-20250710-rfhq.png'><img loading=\"lazy\" decoding=\"async\" width=\"150\" height=\"150\" src=\"https:\/\/www.radiopiu.net\/wordpress\/wp-content\/uploads\/2025\/07\/SCR-20250710-rfhq-150x150.png\" class=\"attachment-thumbnail size-thumbnail\" alt=\"\" \/><\/a>\n\t\t\t\t<\/dt><\/dl><br style=\"clear: both\" \/><dl class='gallery-item'>\n\t\t\t\t<dt class='gallery-icon portrait'>\n\t\t\t\t\t<a class=\"rollover rollover-zoom dt-pswp-item\" title=\"Cinema in Contrada 2025_Locandina_A4\" data-dt-img-description=\"\" data-large_image_width=\"1416\" data-large_image_height=\"2000\"href='https:\/\/www.radiopiu.net\/wordpress\/wp-content\/uploads\/2025\/07\/Cinema-in-Contrada-2025_Locandina_A4.png'><img loading=\"lazy\" decoding=\"async\" width=\"150\" height=\"150\" src=\"https:\/\/www.radiopiu.net\/wordpress\/wp-content\/uploads\/2025\/07\/Cinema-in-Contrada-2025_Locandina_A4-150x150.png\" class=\"attachment-thumbnail size-thumbnail\" alt=\"\" \/><\/a>\n\t\t\t\t<\/dt><\/dl><dl class='gallery-item'>\n\t\t\t\t<dt class='gallery-icon portrait'>\n\t\t\t\t\t<a class=\"rollover rollover-zoom dt-pswp-item\" title=\"582f7d3f-1659-4262-b430-7f809aa35179\" data-dt-img-description=\"\" data-large_image_width=\"1131\" data-large_image_height=\"1600\"href='https:\/\/www.radiopiu.net\/wordpress\/wp-content\/uploads\/2025\/07\/582f7d3f-1659-4262-b430-7f809aa35179.jpg'><img loading=\"lazy\" decoding=\"async\" width=\"150\" height=\"150\" src=\"https:\/\/www.radiopiu.net\/wordpress\/wp-content\/uploads\/2025\/07\/582f7d3f-1659-4262-b430-7f809aa35179-150x150.jpg\" class=\"attachment-thumbnail size-thumbnail\" alt=\"\" \/><\/a>\n\t\t\t\t<\/dt><\/dl><dl class='gallery-item'>\n\t\t\t\t<dt class='gallery-icon portrait'>\n\t\t\t\t\t<a class=\"rollover rollover-zoom dt-pswp-item\" title=\"79bd5598-a5d8-47fa-8ba6-4fdc84938635\" data-dt-img-description=\"\" data-large_image_width=\"1344\" data-large_image_height=\"1674\"href='https:\/\/www.radiopiu.net\/wordpress\/wp-content\/uploads\/2025\/07\/79bd5598-a5d8-47fa-8ba6-4fdc84938635.jpg'><img loading=\"lazy\" decoding=\"async\" width=\"150\" height=\"150\" src=\"https:\/\/www.radiopiu.net\/wordpress\/wp-content\/uploads\/2025\/07\/79bd5598-a5d8-47fa-8ba6-4fdc84938635-150x150.jpg\" class=\"attachment-thumbnail size-thumbnail\" alt=\"\" \/><\/a>\n\t\t\t\t<\/dt><\/dl><dl class='gallery-item'>\n\t\t\t\t<dt class='gallery-icon landscape'>\n\t\t\t\t\t<a class=\"rollover rollover-zoom dt-pswp-item\" title=\"Screenshot 2025-07-16 095516\" data-dt-img-description=\"\" data-large_image_width=\"364\" data-large_image_height=\"332\"href='https:\/\/www.radiopiu.net\/wordpress\/wp-content\/uploads\/2025\/07\/Screenshot-2025-07-16-095516.png'><img loading=\"lazy\" decoding=\"async\" width=\"150\" height=\"150\" src=\"https:\/\/www.radiopiu.net\/wordpress\/wp-content\/uploads\/2025\/07\/Screenshot-2025-07-16-095516-150x150.png\" class=\"attachment-thumbnail size-thumbnail\" alt=\"\" \/><\/a>\n\t\t\t\t<\/dt><\/dl><dl class='gallery-item'>\n\t\t\t\t<dt class='gallery-icon portrait'>\n\t\t\t\t\t<a class=\"rollover rollover-zoom dt-pswp-item\" title=\"514284824_122160849950463773_4248149650309788008_n\" data-dt-img-description=\"\" data-large_image_width=\"480\" data-large_image_height=\"600\"href='https:\/\/www.radiopiu.net\/wordpress\/wp-content\/uploads\/2025\/07\/514284824_122160849950463773_4248149650309788008_n.jpg'><img loading=\"lazy\" decoding=\"async\" width=\"150\" height=\"150\" src=\"https:\/\/www.radiopiu.net\/wordpress\/wp-content\/uploads\/2025\/07\/514284824_122160849950463773_4248149650309788008_n-150x150.jpg\" class=\"attachment-thumbnail size-thumbnail\" alt=\"\" \/><\/a>\n\t\t\t\t<\/dt><\/dl><br style=\"clear: both\" \/><dl class='gallery-item'>\n\t\t\t\t<dt class='gallery-icon portrait'>\n\t\t\t\t\t<a class=\"rollover rollover-zoom dt-pswp-item\" title=\"90765e4f-be2b-4e18-8c1f-e4715da15ab1\" data-dt-img-description=\"\" data-large_image_width=\"1131\" data-large_image_height=\"1600\"href='https:\/\/www.radiopiu.net\/wordpress\/wp-content\/uploads\/2025\/07\/90765e4f-be2b-4e18-8c1f-e4715da15ab1.jpg'><img loading=\"lazy\" decoding=\"async\" width=\"150\" height=\"150\" src=\"https:\/\/www.radiopiu.net\/wordpress\/wp-content\/uploads\/2025\/07\/90765e4f-be2b-4e18-8c1f-e4715da15ab1-150x150.jpg\" class=\"attachment-thumbnail size-thumbnail\" alt=\"\" \/><\/a>\n\t\t\t\t<\/dt><\/dl><dl class='gallery-item'>\n\t\t\t\t<dt class='gallery-icon portrait'>\n\t\t\t\t\t<a class=\"rollover rollover-zoom dt-pswp-item\" title=\"Col-de-Luna-Trail1-pdf\" data-dt-img-description=\"\" data-large_image_width=\"756\" data-large_image_height=\"1068\"href='https:\/\/www.radiopiu.net\/wordpress\/wp-content\/uploads\/2025\/07\/Col-de-Luna-Trail1-pdf.jpg'><img loading=\"lazy\" decoding=\"async\" width=\"150\" height=\"150\" src=\"https:\/\/www.radiopiu.net\/wordpress\/wp-content\/uploads\/2025\/07\/Col-de-Luna-Trail1-pdf-150x150.jpg\" class=\"attachment-thumbnail size-thumbnail\" alt=\"\" \/><\/a>\n\t\t\t\t<\/dt><\/dl><dl class='gallery-item'>\n\t\t\t\t<dt class='gallery-icon portrait'>\n\t\t\t\t\t<a class=\"rollover rollover-zoom dt-pswp-item\" title=\"4651f578-507e-465d-9233-15b857674fc4\" data-dt-img-description=\"\" data-large_image_width=\"1061\" data-large_image_height=\"1500\"href='https:\/\/www.radiopiu.net\/wordpress\/wp-content\/uploads\/2025\/07\/4651f578-507e-465d-9233-15b857674fc4.jpg'><img loading=\"lazy\" decoding=\"async\" width=\"150\" height=\"150\" src=\"https:\/\/www.radiopiu.net\/wordpress\/wp-content\/uploads\/2025\/07\/4651f578-507e-465d-9233-15b857674fc4-150x150.jpg\" class=\"attachment-thumbnail size-thumbnail\" alt=\"\" \/><\/a>\n\t\t\t\t<\/dt><\/dl><dl class='gallery-item'>\n\t\t\t\t<dt class='gallery-icon portrait'>\n\t\t\t\t\t<a class=\"rollover rollover-zoom dt-pswp-item\" title=\"SerateNaturaAvventura-P4-853\" data-dt-img-description=\"\" data-large_image_width=\"1200\" data-large_image_height=\"1710\"href='https:\/\/www.radiopiu.net\/wordpress\/wp-content\/uploads\/2025\/07\/SerateNaturaAvventura-P4-853.jpg'><img loading=\"lazy\" decoding=\"async\" width=\"150\" height=\"150\" src=\"https:\/\/www.radiopiu.net\/wordpress\/wp-content\/uploads\/2025\/07\/SerateNaturaAvventura-P4-853-150x150.jpg\" class=\"attachment-thumbnail size-thumbnail\" alt=\"\" \/><\/a>\n\t\t\t\t<\/dt><\/dl><dl class='gallery-item'>\n\t\t\t\t<dt class='gallery-icon portrait'>\n\t\t\t\t\t<a class=\"rollover rollover-zoom dt-pswp-item\" title=\"518422396_1492048838795727_5394581552165021776_n\" data-dt-img-description=\"\" data-large_image_width=\"1240\" data-large_image_height=\"1754\"href='https:\/\/www.radiopiu.net\/wordpress\/wp-content\/uploads\/2025\/07\/518422396_1492048838795727_5394581552165021776_n.jpg'><img loading=\"lazy\" decoding=\"async\" width=\"150\" height=\"150\" src=\"https:\/\/www.radiopiu.net\/wordpress\/wp-content\/uploads\/2025\/07\/518422396_1492048838795727_5394581552165021776_n-150x150.jpg\" class=\"attachment-thumbnail size-thumbnail\" alt=\"\" \/><\/a>\n\t\t\t\t<\/dt><\/dl><br style=\"clear: both\" \/><dl class='gallery-item'>\n\t\t\t\t<dt class='gallery-icon landscape'>\n\t\t\t\t\t<a class=\"rollover rollover-zoom dt-pswp-item\" title=\"d2f26985-2ffd-4602-aeea-476feb5befda\" data-dt-img-description=\"\" data-large_image_width=\"526\" data-large_image_height=\"526\"href='https:\/\/www.radiopiu.net\/wordpress\/wp-content\/uploads\/2025\/07\/d2f26985-2ffd-4602-aeea-476feb5befda.jpg'><img loading=\"lazy\" decoding=\"async\" width=\"150\" height=\"150\" src=\"https:\/\/www.radiopiu.net\/wordpress\/wp-content\/uploads\/2025\/07\/d2f26985-2ffd-4602-aeea-476feb5befda-150x150.jpg\" class=\"attachment-thumbnail size-thumbnail\" alt=\"\" srcset=\"https:\/\/www.radiopiu.net\/wordpress\/wp-content\/uploads\/2025\/07\/d2f26985-2ffd-4602-aeea-476feb5befda-150x150.jpg 150w, https:\/\/www.radiopiu.net\/wordpress\/wp-content\/uploads\/2025\/07\/d2f26985-2ffd-4602-aeea-476feb5befda-300x300.jpg 300w, https:\/\/www.radiopiu.net\/wordpress\/wp-content\/uploads\/2025\/07\/d2f26985-2ffd-4602-aeea-476feb5befda.jpg 526w\" sizes=\"auto, (max-width: 150px) 100vw, 150px\" \/><\/a>\n\t\t\t\t<\/dt><\/dl><dl class='gallery-item'>\n\t\t\t\t<dt class='gallery-icon landscape'>\n\t\t\t\t\t<a class=\"rollover rollover-zoom dt-pswp-item\" title=\"b93d192e-fe1c-4b9a-8b00-c924d7c09ef0\" data-dt-img-description=\"\" data-large_image_width=\"526\" data-large_image_height=\"526\"href='https:\/\/www.radiopiu.net\/wordpress\/wp-content\/uploads\/2025\/07\/b93d192e-fe1c-4b9a-8b00-c924d7c09ef0.jpg'><img loading=\"lazy\" decoding=\"async\" width=\"150\" height=\"150\" src=\"https:\/\/www.radiopiu.net\/wordpress\/wp-content\/uploads\/2025\/07\/b93d192e-fe1c-4b9a-8b00-c924d7c09ef0-150x150.jpg\" class=\"attachment-thumbnail size-thumbnail\" alt=\"\" srcset=\"https:\/\/www.radiopiu.net\/wordpress\/wp-content\/uploads\/2025\/07\/b93d192e-fe1c-4b9a-8b00-c924d7c09ef0-150x150.jpg 150w, https:\/\/www.radiopiu.net\/wordpress\/wp-content\/uploads\/2025\/07\/b93d192e-fe1c-4b9a-8b00-c924d7c09ef0-300x300.jpg 300w, https:\/\/www.radiopiu.net\/wordpress\/wp-content\/uploads\/2025\/07\/b93d192e-fe1c-4b9a-8b00-c924d7c09ef0.jpg 526w\" sizes=\"auto, (max-width: 150px) 100vw, 150px\" \/><\/a>\n\t\t\t\t<\/dt><\/dl><dl class='gallery-item'>\n\t\t\t\t<dt class='gallery-icon landscape'>\n\t\t\t\t\t<a class=\"rollover rollover-zoom dt-pswp-item\" title=\"515444840_1149597150531066_7749231705219023918_n\" data-dt-img-description=\"\" data-large_image_width=\"1440\" data-large_image_height=\"1079\"href='https:\/\/www.radiopiu.net\/wordpress\/wp-content\/uploads\/2025\/07\/515444840_1149597150531066_7749231705219023918_n.jpg'><img loading=\"lazy\" decoding=\"async\" width=\"150\" height=\"150\" src=\"https:\/\/www.radiopiu.net\/wordpress\/wp-content\/uploads\/2025\/07\/515444840_1149597150531066_7749231705219023918_n-150x150.jpg\" class=\"attachment-thumbnail size-thumbnail\" alt=\"\" \/><\/a>\n\t\t\t\t<\/dt><\/dl><dl class='gallery-item'>\n\t\t\t\t<dt class='gallery-icon portrait'>\n\t\t\t\t\t<a class=\"rollover rollover-zoom dt-pswp-item\" title=\"5eea8780-bf42-4677-985e-b728a3cb7860\" data-dt-img-description=\"\" data-large_image_width=\"1131\" data-large_image_height=\"1600\"href='https:\/\/www.radiopiu.net\/wordpress\/wp-content\/uploads\/2025\/07\/5eea8780-bf42-4677-985e-b728a3cb7860.jpg'><img loading=\"lazy\" decoding=\"async\" width=\"150\" height=\"150\" src=\"https:\/\/www.radiopiu.net\/wordpress\/wp-content\/uploads\/2025\/07\/5eea8780-bf42-4677-985e-b728a3cb7860-150x150.jpg\" class=\"attachment-thumbnail size-thumbnail\" alt=\"\" \/><\/a>\n\t\t\t\t<\/dt><\/dl><dl class='gallery-item'>\n\t\t\t\t<dt class='gallery-icon portrait'>\n\t\t\t\t\t<a class=\"rollover rollover-zoom dt-pswp-item\" title=\"60540118-6352-45bd-abf6-424501e3a37e\" data-dt-img-description=\"\" data-large_image_width=\"1131\" data-large_image_height=\"1600\"href='https:\/\/www.radiopiu.net\/wordpress\/wp-content\/uploads\/2025\/07\/60540118-6352-45bd-abf6-424501e3a37e.jpg'><img loading=\"lazy\" decoding=\"async\" width=\"150\" height=\"150\" src=\"https:\/\/www.radiopiu.net\/wordpress\/wp-content\/uploads\/2025\/07\/60540118-6352-45bd-abf6-424501e3a37e-150x150.jpg\" class=\"attachment-thumbnail size-thumbnail\" alt=\"\" \/><\/a>\n\t\t\t\t<\/dt><\/dl><br style=\"clear: both\" \/><dl class='gallery-item'>\n\t\t\t\t<dt class='gallery-icon portrait'>\n\t\t\t\t\t<a class=\"rollover rollover-zoom dt-pswp-item\" title=\"MADONA DE LA NEIF 2025\" data-dt-img-description=\"\" data-large_image_width=\"658\" data-large_image_height=\"861\"href='https:\/\/www.radiopiu.net\/wordpress\/wp-content\/uploads\/2025\/07\/MADONA-DE-LA-NEIF-2025.jpg'><img loading=\"lazy\" decoding=\"async\" width=\"150\" height=\"150\" src=\"https:\/\/www.radiopiu.net\/wordpress\/wp-content\/uploads\/2025\/07\/MADONA-DE-LA-NEIF-2025-150x150.jpg\" class=\"attachment-thumbnail size-thumbnail\" alt=\"\" \/><\/a>\n\t\t\t\t<\/dt><\/dl><dl class='gallery-item'>\n\t\t\t\t<dt class='gallery-icon portrait'>\n\t\t\t\t\t<a class=\"rollover rollover-zoom dt-pswp-item\" title=\"Locandina conferenza san simon 29.07.2025\" data-dt-img-description=\"\" data-large_image_width=\"1414\" data-large_image_height=\"2000\"href='https:\/\/www.radiopiu.net\/wordpress\/wp-content\/uploads\/2025\/07\/Locandina-conferenza-san-simon-29.07.2025.png'><img loading=\"lazy\" decoding=\"async\" width=\"150\" height=\"150\" src=\"https:\/\/www.radiopiu.net\/wordpress\/wp-content\/uploads\/2025\/07\/Locandina-conferenza-san-simon-29.07.2025-150x150.png\" class=\"attachment-thumbnail size-thumbnail\" alt=\"\" \/><\/a>\n\t\t\t\t<\/dt><\/dl><dl class='gallery-item'>\n\t\t\t\t<dt class='gallery-icon portrait'>\n\t\t\t\t\t<a class=\"rollover rollover-zoom dt-pswp-item\" title=\"Locandina concerto 31.07.2025\" data-dt-img-description=\"\" data-large_image_width=\"595\" data-large_image_height=\"842\"href='https:\/\/www.radiopiu.net\/wordpress\/wp-content\/uploads\/2025\/07\/Locandina-concerto-31.07.2025.jpg'><img loading=\"lazy\" decoding=\"async\" width=\"150\" height=\"150\" src=\"https:\/\/www.radiopiu.net\/wordpress\/wp-content\/uploads\/2025\/07\/Locandina-concerto-31.07.2025-150x150.jpg\" class=\"attachment-thumbnail size-thumbnail\" alt=\"\" \/><\/a>\n\t\t\t\t<\/dt><\/dl><dl class='gallery-item'>\n\t\t\t\t<dt class='gallery-icon portrait'>\n\t\t\t\t\t<a class=\"rollover rollover-zoom dt-pswp-item\" title=\"29_07_25 Arabba_InConTra_Favero\" data-dt-img-description=\"\" data-large_image_width=\"1414\" data-large_image_height=\"2000\"href='https:\/\/www.radiopiu.net\/wordpress\/wp-content\/uploads\/2025\/07\/29_07_25-Arabba_InConTra_Favero.jpg'><img loading=\"lazy\" decoding=\"async\" width=\"150\" height=\"150\" src=\"https:\/\/www.radiopiu.net\/wordpress\/wp-content\/uploads\/2025\/07\/29_07_25-Arabba_InConTra_Favero-150x150.jpg\" class=\"attachment-thumbnail size-thumbnail\" alt=\"\" \/><\/a>\n\t\t\t\t<\/dt><\/dl><dl class='gallery-item'>\n\t\t\t\t<dt class='gallery-icon portrait'>\n\t\t\t\t\t<a class=\"rollover rollover-zoom dt-pswp-item\" title=\"Immagine WhatsApp 2025-07-25 ore 07.38.18_19f3e277\" data-dt-img-description=\"\" data-large_image_width=\"1070\" data-large_image_height=\"1523\"href='https:\/\/www.radiopiu.net\/wordpress\/wp-content\/uploads\/2025\/07\/Immagine-WhatsApp-2025-07-25-ore-07.38.18_19f3e277.jpg'><img loading=\"lazy\" decoding=\"async\" width=\"150\" height=\"150\" src=\"https:\/\/www.radiopiu.net\/wordpress\/wp-content\/uploads\/2025\/07\/Immagine-WhatsApp-2025-07-25-ore-07.38.18_19f3e277-150x150.jpg\" class=\"attachment-thumbnail size-thumbnail\" alt=\"\" \/><\/a>\n\t\t\t\t<\/dt><\/dl><br style=\"clear: both\" \/><dl class='gallery-item'>\n\t\t\t\t<dt class='gallery-icon portrait'>\n\t\t\t\t\t<a class=\"rollover rollover-zoom dt-pswp-item\" title=\"Immagine WhatsApp 2025-07-26 ore 20.22.45_c48ad501\" data-dt-img-description=\"\" data-large_image_width=\"1131\" data-large_image_height=\"1600\"href='https:\/\/www.radiopiu.net\/wordpress\/wp-content\/uploads\/2025\/07\/Immagine-WhatsApp-2025-07-26-ore-20.22.45_c48ad501.jpg'><img loading=\"lazy\" decoding=\"async\" width=\"150\" height=\"150\" src=\"https:\/\/www.radiopiu.net\/wordpress\/wp-content\/uploads\/2025\/07\/Immagine-WhatsApp-2025-07-26-ore-20.22.45_c48ad501-150x150.jpg\" class=\"attachment-thumbnail size-thumbnail\" alt=\"\" \/><\/a>\n\t\t\t\t<\/dt><\/dl><dl class='gallery-item'>\n\t\t\t\t<dt class='gallery-icon portrait'>\n\t\t\t\t\t<a class=\"rollover rollover-zoom dt-pswp-item\" title=\"IMG-20250726-WA0015\" data-dt-img-description=\"\" data-large_image_width=\"975\" data-large_image_height=\"1352\"href='https:\/\/www.radiopiu.net\/wordpress\/wp-content\/uploads\/2025\/07\/IMG-20250726-WA0015.jpg'><img loading=\"lazy\" decoding=\"async\" width=\"150\" height=\"150\" src=\"https:\/\/www.radiopiu.net\/wordpress\/wp-content\/uploads\/2025\/07\/IMG-20250726-WA0015-150x150.jpg\" class=\"attachment-thumbnail size-thumbnail\" alt=\"\" \/><\/a>\n\t\t\t\t<\/dt><\/dl><dl class='gallery-item'>\n\t\t\t\t<dt class='gallery-icon portrait'>\n\t\t\t\t\t<a class=\"rollover rollover-zoom dt-pswp-item\" title=\"manifesto_40_2025-3\" data-dt-img-description=\"\" data-large_image_width=\"1164\" data-large_image_height=\"2560\"href='https:\/\/www.radiopiu.net\/wordpress\/wp-content\/uploads\/2025\/07\/manifesto_40_2025-3-scaled.jpg'><img loading=\"lazy\" decoding=\"async\" width=\"150\" height=\"150\" src=\"https:\/\/www.radiopiu.net\/wordpress\/wp-content\/uploads\/2025\/07\/manifesto_40_2025-3-150x150.jpg\" class=\"attachment-thumbnail size-thumbnail\" alt=\"\" \/><\/a>\n\t\t\t\t<\/dt><\/dl><dl class='gallery-item'>\n\t\t\t\t<dt class='gallery-icon portrait'>\n\t\t\t\t\t<a class=\"rollover rollover-zoom dt-pswp-item\" title=\"F16 replica\" data-dt-img-description=\"\" data-large_image_width=\"1131\" data-large_image_height=\"1600\"href='https:\/\/www.radiopiu.net\/wordpress\/wp-content\/uploads\/2025\/07\/F16-replica.jpg'><img loading=\"lazy\" decoding=\"async\" width=\"150\" height=\"150\" src=\"https:\/\/www.radiopiu.net\/wordpress\/wp-content\/uploads\/2025\/07\/F16-replica-150x150.jpg\" class=\"attachment-thumbnail size-thumbnail\" alt=\"\" \/><\/a>\n\t\t\t\t<\/dt><\/dl><dl class='gallery-item'>\n\t\t\t\t<dt class='gallery-icon portrait'>\n\t\t\t\t\t<a class=\"rollover rollover-zoom dt-pswp-item\" title=\"94c175df-9e0d-4d92-8e27-450dab146985\" data-dt-img-description=\"\" data-large_image_width=\"1131\" data-large_image_height=\"1600\"href='https:\/\/www.radiopiu.net\/wordpress\/wp-content\/uploads\/2025\/07\/94c175df-9e0d-4d92-8e27-450dab146985.jpg'><img loading=\"lazy\" decoding=\"async\" width=\"150\" height=\"150\" src=\"https:\/\/www.radiopiu.net\/wordpress\/wp-content\/uploads\/2025\/07\/94c175df-9e0d-4d92-8e27-450dab146985-150x150.jpg\" class=\"attachment-thumbnail size-thumbnail\" alt=\"\" \/><\/a>\n\t\t\t\t<\/dt><\/dl><br style=\"clear: both\" \/><dl class='gallery-item'>\n\t\t\t\t<dt class='gallery-icon portrait'>\n\t\t\t\t\t<a class=\"rollover rollover-zoom dt-pswp-item\" title=\"8cb87d28-6df9-4bd9-af92-dab34de2a982\" data-dt-img-description=\"\" data-large_image_width=\"1181\" data-large_image_height=\"1670\"href='https:\/\/www.radiopiu.net\/wordpress\/wp-content\/uploads\/2025\/07\/8cb87d28-6df9-4bd9-af92-dab34de2a982.jpg'><img loading=\"lazy\" decoding=\"async\" width=\"150\" height=\"150\" src=\"https:\/\/www.radiopiu.net\/wordpress\/wp-content\/uploads\/2025\/07\/8cb87d28-6df9-4bd9-af92-dab34de2a982-150x150.jpg\" class=\"attachment-thumbnail size-thumbnail\" alt=\"\" \/><\/a>\n\t\t\t\t<\/dt><\/dl>\n\t\t\t\t<br style='clear: both' \/>\n\t\t\t<\/div>\n\n<\/div>\n<\/div>\n<\/div>\n<\/div>\n<\/div>\n<\/div>\n<\/div>\n<\/div>\n<\/div>\n<\/div>\n<\/div>\n<\/div>\n<\/div>\n<\/div>\n<\/div>\n<\/div>\n<\/div>\n<\/div>\n<\/div>\n<\/div>\n<\/div>\n<div>\n<div class=\"\" dir=\"auto\">\n<div id=\":r9h:\" class=\"x1iorvi4 x1pi30zi x1l90r2v x1swvt13\" data-ad-comet-preview=\"message\" data-ad-preview=\"message\">\n<div class=\"\" dir=\"auto\">\n<div id=\":r9h:\" class=\"x1iorvi4 x1pi30zi x1l90r2v x1swvt13\" data-ad-comet-preview=\"message\" data-ad-preview=\"message\">\n<div class=\"\" dir=\"auto\">\n<div id=\":r9h:\" class=\"x1iorvi4 x1pi30zi x1l90r2v x1swvt13\" data-ad-comet-preview=\"message\" data-ad-preview=\"message\">\n<div class=\"\" dir=\"auto\">\n<div id=\":r9h:\" class=\"x1iorvi4 x1pi30zi x1l90r2v x1swvt13\" data-ad-comet-preview=\"message\" data-ad-preview=\"message\">\n<div>\n<div class=\"\" dir=\"auto\">\n<div id=\":r9h:\" class=\"x1iorvi4 x1pi30zi x1l90r2v x1swvt13\" data-ad-comet-preview=\"message\" data-ad-preview=\"message\">\n<div>\n<div class=\"\" dir=\"auto\">\n<div id=\":r9h:\" class=\"x1iorvi4 x1pi30zi x1l90r2v x1swvt13\" data-ad-comet-preview=\"message\" data-ad-preview=\"message\">\n<div>\n<div class=\"\" dir=\"auto\">\n<div id=\":r9h:\" class=\"x1iorvi4 x1pi30zi x1l90r2v x1swvt13\" data-ad-comet-preview=\"message\" data-ad-preview=\"message\">\n<div>\n<div class=\"\" dir=\"auto\">\n<div id=\":r9h:\" class=\"x1iorvi4 x1pi30zi x1l90r2v x1swvt13\" data-ad-comet-preview=\"message\" data-ad-preview=\"message\">\n<p>&nbsp;<\/p>\n<hr \/>\n<p>&nbsp;<\/p>\n<\/div>\n<\/div>\n<\/div>\n<\/div>\n<\/div>\n<\/div>\n<\/div>\n<\/div>\n<\/div>\n<\/div>\n<\/div>\n<\/div>\n<\/div>\n<\/div>\n<\/div>\n<\/div>\n<\/div>\n<\/div>\n<\/div>\n<\/div>\n<\/div>\n<p class=\"mceTemp\"><a class=\"dt-pswp-item\" href=\"https:\/\/www.radiopiu.net\/wordpress\/wp-content\/uploads\/2018\/09\/WhatsApp-Image-2018-09-20-at-16.04.06.jpeg\" data-dt-img-description=\"\" data-large_image_width=\"800\" data-large_image_height=\"100\"><img loading=\"lazy\" decoding=\"async\" class=\"wp-image-61378 size-full aligncenter\" src=\"https:\/\/www.radiopiu.net\/wordpress\/wp-content\/uploads\/2018\/09\/WhatsApp-Image-2018-09-20-at-16.04.06.jpeg\" alt=\"\" width=\"800\" height=\"100\" srcset=\"https:\/\/www.radiopiu.net\/wordpress\/wp-content\/uploads\/2018\/09\/WhatsApp-Image-2018-09-20-at-16.04.06.jpeg 800w, https:\/\/www.radiopiu.net\/wordpress\/wp-content\/uploads\/2018\/09\/WhatsApp-Image-2018-09-20-at-16.04.06-300x38.jpeg 300w, https:\/\/www.radiopiu.net\/wordpress\/wp-content\/uploads\/2018\/09\/WhatsApp-Image-2018-09-20-at-16.04.06-768x96.jpeg 768w\" sizes=\"auto, (max-width: 800px) 100vw, 800px\" \/><\/a><\/p>\n<div id=\"dolomitimeteo_div_testi\"><\/div>\n<p><center><b>OGGI<\/b><\/center>Dopo l&#8217;instabilit\u00e0 residua notturna, probabile peggioramento in mattinata con tempo debolmente perturbato. Il cielo sar\u00e0 molto nuvoloso\/coperto con diffuse precipitazioni perlopi\u00f9 deboli. Il lieve maltempo proseguir\u00e0 in parte al pomeriggio, prima di cessare in serata, assieme al ritorno di qualche schiarita.<br \/>\n<b>Precipitazioni: <\/b>Probabilit\u00e0 media nottetempo per ultimi rovesci e temporali. In giornata probabilit\u00e0 di nuovo alta per piogge diffuse ma deboli, solo a tratti moderate su prealpi nel tardo pomeriggio\/sera cessazione delle piogge<br \/>\n<b>Temperature: <\/b>Generale calo termico con contesto molto fresco in alta e ritorno di valori negativi sulle cime dolomitiche.<\/p>\n<hr \/>\n<p><center><b>DOMANI<\/b><\/center>Miglioramento del tempo con sole e cielo sereno o poco nuvoloso al mattino, salvo nubi medie stratiformi mattutine in allontanamento verso sud. In seguito riduzione del soleggiamento per modesta attivit\u00e0 cumuliforme sulle Dolomiti, un po&#8217; pi\u00f9 intensa ed associata a qualche sporadico fenomeno convettivo, pi\u00f9 probabile su Prealpi.<br \/>\n<b>Precipitazioni: <\/b>Al mattino assenti, al pomeriggio pressoch\u00e9 assenti sulle Dolomiti, mentre il rischio di rovesci o locali temporale sar\u00e0 di nuovo presente su Prealpi e pedemontana<br \/>\n<b>Temperature: <\/b>Minime in calo e massime in ripresa.<\/p>\n<hr \/>\n<p><center><b>MERCOLEDI<\/b><\/center>Al mattino sole e cielo sereno, in seguito maggiore attivit\u00e0 cumuliforme e tempo pi\u00f9 instabile rispetto a marted\u00ec, con aumento della probabilit\u00e0 di rovesci e temporali al pomeriggio\/sera. Temperature senza notevoli variazioni al di fuori di condizioni inerenti ai fenomeni d&#8217;instabilit\u00e0 e al soleggiamento.<\/p>\n<hr \/>\n<p><center><b>GIOVEDI<\/b><\/center>Mattinata perlopi\u00f9 soleggiata con cielo sereno o poco nuvoloso. Poi riduzione del soleggiamento per moderata attivit\u00e0 cumuliforme, localmente intensa, in alcuni casi anche associata a rovesci e temporali convettivi sparsi. Temperature minime in calo e massime in generale lieve rialzo.<\/p>\n<p>&nbsp;<\/p>\n<hr \/>\n<p>&nbsp;<\/p>\n<p class=\"mceTemp\"><a class=\"dt-pswp-item\" href=\"https:\/\/www.radiopiu.net\/wordpress\/wp-content\/uploads\/2018\/09\/sport.jpg\" data-dt-img-description=\"\" data-large_image_width=\"800\" data-large_image_height=\"100\"><img loading=\"lazy\" decoding=\"async\" class=\"aligncenter wp-image-60761 size-full\" src=\"https:\/\/www.radiopiu.net\/wordpress\/wp-content\/uploads\/2018\/09\/sport.jpg\" alt=\"\" width=\"800\" height=\"100\" srcset=\"https:\/\/www.radiopiu.net\/wordpress\/wp-content\/uploads\/2018\/09\/sport.jpg 800w, https:\/\/www.radiopiu.net\/wordpress\/wp-content\/uploads\/2018\/09\/sport-300x38.jpg 300w, https:\/\/www.radiopiu.net\/wordpress\/wp-content\/uploads\/2018\/09\/sport-768x96.jpg 768w\" sizes=\"auto, (max-width: 800px) 100vw, 800px\" \/> <\/a><\/p>\n<p class=\"mceTemp\"><span style=\"color: #0000ff;\"><strong>\u00a0 \u00a0 \u00a0 \u00a0 \u00a0 \u00a0 \u00a0 \u00a0<\/strong><\/span><\/p>\n<p><span style=\"color: #0000ff;\"><strong>CALCIO<\/strong><\/span><\/p>\n<blockquote>\n<h3>TAIBON E FODOM IN FINALE DEL CAMPIONATO AGORDINO DI CALCIO<\/h3>\n<\/blockquote>\n<p><strong><a class=\"dt-pswp-item\" href=\"https:\/\/www.radiopiu.net\/wordpress\/wp-content\/uploads\/2025\/07\/387f2cf7-fde2-47f1-9bcd-b00a3f74cefa.jpg\" data-dt-img-description=\"\" data-large_image_width=\"1600\" data-large_image_height=\"1200\"><img loading=\"lazy\" decoding=\"async\" class=\" wp-image-461566 alignleft\" src=\"https:\/\/www.radiopiu.net\/wordpress\/wp-content\/uploads\/2025\/07\/387f2cf7-fde2-47f1-9bcd-b00a3f74cefa-300x225.jpg\" alt=\"\" width=\"179\" height=\"134\" srcset=\"https:\/\/www.radiopiu.net\/wordpress\/wp-content\/uploads\/2025\/07\/387f2cf7-fde2-47f1-9bcd-b00a3f74cefa-300x225.jpg 300w, https:\/\/www.radiopiu.net\/wordpress\/wp-content\/uploads\/2025\/07\/387f2cf7-fde2-47f1-9bcd-b00a3f74cefa-1024x768.jpg 1024w, https:\/\/www.radiopiu.net\/wordpress\/wp-content\/uploads\/2025\/07\/387f2cf7-fde2-47f1-9bcd-b00a3f74cefa-768x576.jpg 768w, https:\/\/www.radiopiu.net\/wordpress\/wp-content\/uploads\/2025\/07\/387f2cf7-fde2-47f1-9bcd-b00a3f74cefa-1536x1152.jpg 1536w, https:\/\/www.radiopiu.net\/wordpress\/wp-content\/uploads\/2025\/07\/387f2cf7-fde2-47f1-9bcd-b00a3f74cefa.jpg 1600w\" sizes=\"auto, (max-width: 179px) 100vw, 179px\" \/><\/a>DI MARCO GAZ<\/strong><\/p>\n<p>Saranno Taibon (foto) e Fodom a contendersi il titolo 2025 del Campionato Agordino di Calcio. Finale inedita con le due formazioni che per la prima volta potranno festeggiare il titolo in caso di vittoria. Una \u00a0vera e propria lotta tra Taibon e Voltago. La prima semifinale va alla squadra allenata da Daniele De Dea\u00a0 che atterra la squadra del Poi con un secco 2 a 0. Mezzacasa e Paganin decidono la sfida nel secondo tempo consegnando al Taibon una finale tanto desiderata. Sfida combattuta tra Gosaldo e Fodom. Poche occasioni e squadre che hanno giocato alla pari. A decidere la sfida un episodio nella ripresa che ha consegnato agli orsetti l\u2019accesso alla finalissima di Agordo.<\/p>\n<p><strong>I RISULTATI <\/strong>Taibon \u2013 Voltago 2-0, Gosaldo \u2013 Fodom 0-1<\/p>\n<p><strong>LE FINALI DOMENICA ALL\u2019IVANO DORIGO DI AGORDO: <\/strong>Alle 11 Cencenighe \u2013 Caprile (finale 3\u00b0-4\u00b0 posto giovanile), alle 15 Taibon \u2013 Canale (finale Campionato Agordino Under 14), alle 17:30 Taibon \u2013 Fodom (Memorial Attilio Moretti)<\/p>\n<p>&nbsp;<\/p>\n<blockquote>\n<h3>SARA&#8217; TAIBON &#8211; CANALE LA FINALISSIMA DEL CAMPIONATO AGORDINO UNDER 14<\/h3>\n<\/blockquote>\n<p><strong>DI MARCO GAZ<\/strong><\/p>\n<p>Si sono disputate sabato, nel suggestivo scenario di Vallada, le semifinali del Campionato Agordino Under 14, regalando emozioni e tanto spettacolo. A contendersi l\u2019accesso alla finalissima sono state le formazioni di Cencenighe, Canale, Taibon e Caprile.<\/p>\n<p><strong>Canale \u2013 Cencenighe 4-2<\/strong><\/p>\n<p>Match combattuto tra Cencenighe e Canale, con quest\u2019ultima che parte fortissimo grazie a un gol di Shabi e il raddoppio firmato Tibolla. Il Cencenighe reagisce accorciando con Groppa, ma il Canale \u00e8 cinico e allunga ancora con Tibolla, protagonista assoluto della partita con una tripletta, di cui uno su rigore. Nel finale, il Cencenighe trova il 2-4 definitivo con un altro rigore trasformato da Groppa. Il Canale dimostra solidit\u00e0 e concretezza e conquista meritatamente la finale.<\/p>\n\n\t\t\t<style type='text\/css'>\n\t\t\t\t#gallery-10 {\n\t\t\t\t\tmargin: auto;\n\t\t\t\t}\n\t\t\t\t#gallery-10 .gallery-item {\n\t\t\t\t\tfloat: left;\n\t\t\t\t\tmargin-top: 10px;\n\t\t\t\t\ttext-align: center;\n\t\t\t\t\twidth: 50%;\n\t\t\t\t}\n\t\t\t\t#gallery-10 img {\n\t\t\t\t\tborder: 2px solid #cfcfcf;\n\t\t\t\t}\n\t\t\t\t#gallery-10 .gallery-caption {\n\t\t\t\t\tmargin-left: 0;\n\t\t\t\t}\n\t\t\t\t\/* see gallery_shortcode() in wp-includes\/media.php *\/\n\t\t\t<\/style>\n\t\t<div id='gallery-10' class='dt-gallery-container gallery galleryid-461352 gallery-columns-2 gallery-size-medium'><dl class='gallery-item'>\n\t\t\t\t<dt class='gallery-icon landscape'>\n\t\t\t\t\t<a class=\"rollover rollover-zoom dt-pswp-item\" title=\"3170aa24-7a98-4015-b8aa-d2d271ce4622\" data-dt-img-description=\"\" data-large_image_width=\"1600\" data-large_image_height=\"1200\"href='https:\/\/www.radiopiu.net\/wordpress\/wp-content\/uploads\/2025\/07\/3170aa24-7a98-4015-b8aa-d2d271ce4622.jpg'><img loading=\"lazy\" decoding=\"async\" width=\"300\" height=\"225\" src=\"https:\/\/www.radiopiu.net\/wordpress\/wp-content\/uploads\/2025\/07\/3170aa24-7a98-4015-b8aa-d2d271ce4622-300x225.jpg\" class=\"attachment-medium size-medium\" alt=\"\" aria-describedby=\"gallery-10-461494\" srcset=\"https:\/\/www.radiopiu.net\/wordpress\/wp-content\/uploads\/2025\/07\/3170aa24-7a98-4015-b8aa-d2d271ce4622-300x225.jpg 300w, https:\/\/www.radiopiu.net\/wordpress\/wp-content\/uploads\/2025\/07\/3170aa24-7a98-4015-b8aa-d2d271ce4622-1024x768.jpg 1024w, https:\/\/www.radiopiu.net\/wordpress\/wp-content\/uploads\/2025\/07\/3170aa24-7a98-4015-b8aa-d2d271ce4622-768x576.jpg 768w, https:\/\/www.radiopiu.net\/wordpress\/wp-content\/uploads\/2025\/07\/3170aa24-7a98-4015-b8aa-d2d271ce4622-1536x1152.jpg 1536w, https:\/\/www.radiopiu.net\/wordpress\/wp-content\/uploads\/2025\/07\/3170aa24-7a98-4015-b8aa-d2d271ce4622.jpg 1600w\" sizes=\"auto, (max-width: 300px) 100vw, 300px\" \/><\/a>\n\t\t\t\t<\/dt>\n\t\t\t\t\t<dd class='wp-caption-text gallery-caption' id='gallery-10-461494'>\n\t\t\t\t\tCANALE\n\t\t\t\t\t<\/dd><\/dl><dl class='gallery-item'>\n\t\t\t\t<dt class='gallery-icon landscape'>\n\t\t\t\t\t<a class=\"rollover rollover-zoom dt-pswp-item\" title=\"2e956367-0b75-463d-bef9-7dcb95873b19\" data-dt-img-description=\"\" data-large_image_width=\"1600\" data-large_image_height=\"1200\"href='https:\/\/www.radiopiu.net\/wordpress\/wp-content\/uploads\/2025\/07\/2e956367-0b75-463d-bef9-7dcb95873b19.jpg'><img loading=\"lazy\" decoding=\"async\" width=\"300\" height=\"225\" src=\"https:\/\/www.radiopiu.net\/wordpress\/wp-content\/uploads\/2025\/07\/2e956367-0b75-463d-bef9-7dcb95873b19-300x225.jpg\" class=\"attachment-medium size-medium\" alt=\"\" aria-describedby=\"gallery-10-461493\" srcset=\"https:\/\/www.radiopiu.net\/wordpress\/wp-content\/uploads\/2025\/07\/2e956367-0b75-463d-bef9-7dcb95873b19-300x225.jpg 300w, https:\/\/www.radiopiu.net\/wordpress\/wp-content\/uploads\/2025\/07\/2e956367-0b75-463d-bef9-7dcb95873b19-1024x768.jpg 1024w, https:\/\/www.radiopiu.net\/wordpress\/wp-content\/uploads\/2025\/07\/2e956367-0b75-463d-bef9-7dcb95873b19-768x576.jpg 768w, https:\/\/www.radiopiu.net\/wordpress\/wp-content\/uploads\/2025\/07\/2e956367-0b75-463d-bef9-7dcb95873b19-1536x1152.jpg 1536w, https:\/\/www.radiopiu.net\/wordpress\/wp-content\/uploads\/2025\/07\/2e956367-0b75-463d-bef9-7dcb95873b19.jpg 1600w\" sizes=\"auto, (max-width: 300px) 100vw, 300px\" \/><\/a>\n\t\t\t\t<\/dt>\n\t\t\t\t\t<dd class='wp-caption-text gallery-caption' id='gallery-10-461493'>\n\t\t\t\t\tCENCENIGHE\n\t\t\t\t\t<\/dd><\/dl><br style=\"clear: both\" \/>\n\t\t\t<\/div>\n\n<p><strong>Taibon \u2013 Caprile 6-0<\/strong><\/p>\n<p>Nella seconda semifinale, il Taibon domina in lungo e in largo, infliggendo un pesante 6-0 al Caprile. In grande spolvero Cadorin, autore di una doppietta che apre le danze. A seguire, arrivano le reti di Ben, Rossi, Bulf e Ferrara, che chiudono definitivamente i conti. Una prova di forza quella dei ragazzi del Taibon, che confermano di essere tra i favoriti per la conquista del titolo.<\/p>\n\n\t\t\t<style type='text\/css'>\n\t\t\t\t#gallery-11 {\n\t\t\t\t\tmargin: auto;\n\t\t\t\t}\n\t\t\t\t#gallery-11 .gallery-item {\n\t\t\t\t\tfloat: left;\n\t\t\t\t\tmargin-top: 10px;\n\t\t\t\t\ttext-align: center;\n\t\t\t\t\twidth: 50%;\n\t\t\t\t}\n\t\t\t\t#gallery-11 img {\n\t\t\t\t\tborder: 2px solid #cfcfcf;\n\t\t\t\t}\n\t\t\t\t#gallery-11 .gallery-caption {\n\t\t\t\t\tmargin-left: 0;\n\t\t\t\t}\n\t\t\t\t\/* see gallery_shortcode() in wp-includes\/media.php *\/\n\t\t\t<\/style>\n\t\t<div id='gallery-11' class='dt-gallery-container gallery galleryid-461352 gallery-columns-2 gallery-size-medium'><dl class='gallery-item'>\n\t\t\t\t<dt class='gallery-icon landscape'>\n\t\t\t\t\t<a class=\"rollover rollover-zoom dt-pswp-item\" title=\"bbfd6afc-7ba4-4681-9c87-1067149dfcb7\" data-dt-img-description=\"\" data-large_image_width=\"1600\" data-large_image_height=\"1200\"href='https:\/\/www.radiopiu.net\/wordpress\/wp-content\/uploads\/2025\/07\/bbfd6afc-7ba4-4681-9c87-1067149dfcb7.jpg'><img loading=\"lazy\" decoding=\"async\" width=\"300\" height=\"225\" src=\"https:\/\/www.radiopiu.net\/wordpress\/wp-content\/uploads\/2025\/07\/bbfd6afc-7ba4-4681-9c87-1067149dfcb7-300x225.jpg\" class=\"attachment-medium size-medium\" alt=\"\" aria-describedby=\"gallery-11-461495\" srcset=\"https:\/\/www.radiopiu.net\/wordpress\/wp-content\/uploads\/2025\/07\/bbfd6afc-7ba4-4681-9c87-1067149dfcb7-300x225.jpg 300w, https:\/\/www.radiopiu.net\/wordpress\/wp-content\/uploads\/2025\/07\/bbfd6afc-7ba4-4681-9c87-1067149dfcb7-1024x768.jpg 1024w, https:\/\/www.radiopiu.net\/wordpress\/wp-content\/uploads\/2025\/07\/bbfd6afc-7ba4-4681-9c87-1067149dfcb7-768x576.jpg 768w, https:\/\/www.radiopiu.net\/wordpress\/wp-content\/uploads\/2025\/07\/bbfd6afc-7ba4-4681-9c87-1067149dfcb7-1536x1152.jpg 1536w, https:\/\/www.radiopiu.net\/wordpress\/wp-content\/uploads\/2025\/07\/bbfd6afc-7ba4-4681-9c87-1067149dfcb7.jpg 1600w\" sizes=\"auto, (max-width: 300px) 100vw, 300px\" \/><\/a>\n\t\t\t\t<\/dt>\n\t\t\t\t\t<dd class='wp-caption-text gallery-caption' id='gallery-11-461495'>\n\t\t\t\t\tTAIBON\n\t\t\t\t\t<\/dd><\/dl><dl class='gallery-item'>\n\t\t\t\t<dt class='gallery-icon landscape'>\n\t\t\t\t\t<a class=\"rollover rollover-zoom dt-pswp-item\" title=\"337c3363-9606-440e-82f1-0fd162612633\" data-dt-img-description=\"\" data-large_image_width=\"1600\" data-large_image_height=\"1200\"href='https:\/\/www.radiopiu.net\/wordpress\/wp-content\/uploads\/2025\/07\/337c3363-9606-440e-82f1-0fd162612633.jpg'><img loading=\"lazy\" decoding=\"async\" width=\"300\" height=\"225\" src=\"https:\/\/www.radiopiu.net\/wordpress\/wp-content\/uploads\/2025\/07\/337c3363-9606-440e-82f1-0fd162612633-300x225.jpg\" class=\"attachment-medium size-medium\" alt=\"\" aria-describedby=\"gallery-11-461496\" srcset=\"https:\/\/www.radiopiu.net\/wordpress\/wp-content\/uploads\/2025\/07\/337c3363-9606-440e-82f1-0fd162612633-300x225.jpg 300w, https:\/\/www.radiopiu.net\/wordpress\/wp-content\/uploads\/2025\/07\/337c3363-9606-440e-82f1-0fd162612633-1024x768.jpg 1024w, https:\/\/www.radiopiu.net\/wordpress\/wp-content\/uploads\/2025\/07\/337c3363-9606-440e-82f1-0fd162612633-768x576.jpg 768w, https:\/\/www.radiopiu.net\/wordpress\/wp-content\/uploads\/2025\/07\/337c3363-9606-440e-82f1-0fd162612633-1536x1152.jpg 1536w, https:\/\/www.radiopiu.net\/wordpress\/wp-content\/uploads\/2025\/07\/337c3363-9606-440e-82f1-0fd162612633.jpg 1600w\" sizes=\"auto, (max-width: 300px) 100vw, 300px\" \/><\/a>\n\t\t\t\t<\/dt>\n\t\t\t\t\t<dd class='wp-caption-text gallery-caption' id='gallery-11-461496'>\n\t\t\t\t\tCAPRILE\n\t\t\t\t\t<\/dd><\/dl><br style=\"clear: both\" \/>\n\t\t\t<\/div>\n\n<p><strong>Finale: Taibon &#8211; Canale<\/strong><\/p>\n<p>L\u2019attesa \u00e8 ora tutta per la finalissima, in programma sabato 3 agosto allo stadio Ivano Dorigo di Agordo. Sar\u00e0 sfida vera tra due squadre che hanno mostrato talento, grinta e ottime individualit\u00e0. Il Canale cercher\u00e0 di contrastare la potenza offensiva del Taibon in una partita che promette scintille.<\/p>\n<p>&nbsp;<\/p>\n<p><span style=\"color: #0000ff;\"><strong>CORSA IN MONTAGNA<\/strong><\/span><\/p>\n<blockquote>\n<h3>LUKA KOVACIC E ALBA DE SILVESTRO SI AGGIUDICANO LA VERTICAL COL DE LANA 2025<\/h3>\n<\/blockquote>\n<p><strong><a class=\"dt-pswp-item\" href=\"https:\/\/www.radiopiu.net\/wordpress\/wp-content\/uploads\/2025\/07\/SCR-20250722-qzbe.jpeg\" data-dt-img-description=\"\" data-large_image_width=\"1398\" data-large_image_height=\"984\"><img loading=\"lazy\" decoding=\"async\" class=\" wp-image-460723 alignleft\" src=\"https:\/\/www.radiopiu.net\/wordpress\/wp-content\/uploads\/2025\/07\/SCR-20250722-qzbe-300x211.jpeg\" alt=\"\" width=\"218\" height=\"153\" srcset=\"https:\/\/www.radiopiu.net\/wordpress\/wp-content\/uploads\/2025\/07\/SCR-20250722-qzbe-300x211.jpeg 300w, https:\/\/www.radiopiu.net\/wordpress\/wp-content\/uploads\/2025\/07\/SCR-20250722-qzbe-1024x721.jpeg 1024w, https:\/\/www.radiopiu.net\/wordpress\/wp-content\/uploads\/2025\/07\/SCR-20250722-qzbe-768x541.jpeg 768w, https:\/\/www.radiopiu.net\/wordpress\/wp-content\/uploads\/2025\/07\/SCR-20250722-qzbe.jpeg 1398w\" sizes=\"auto, (max-width: 218px) 100vw, 218px\" \/><\/a>LIVINALLONGO\u00a0<\/strong>Un\u2019emozionante sfida contro la gravit\u00e0 ha infiammato i sentieri di Livinallongo del Col di Lana con la Vertical Col de Lana 2025, gara di corsa in montagna che ha messo alla prova atleti e atlete lungo un percorso breve ma intensissimo: 2 km di lunghezza per 1000 metri di dislivello positivo. In una giornata ideale per la competizione, si \u00e8 imposto lo sloveno Luka Kova\u010di\u010d, specialista delle vertical race, che ha sbaragliato la concorrenza fermando il cronometro a un impressionante 33&#8217;27&#8221;. Alle sue spalle, ottimo secondo posto per Hermann Debertolis, mentre il terzo gradino del podio \u00e8 andato ad Armin Larch, autore anch\u2019egli di una prova di grande intensit\u00e0. In campo femminile, a dominare la scena \u00e8 stata Alba De Silvestro, che ha fatto valere la sua esperienza e il suo passo in salita, chiudendo in 40&#8217;42&#8221;. Sul podio anche Corinna Ghirardi, seconda, e Denise Palla, terza, entrambe protagoniste di una prova solida e coraggiosa.<\/p>\n<p><strong>PER CONSULTARE LA CLASSIFICA <a href=\"https:\/\/sportdolomiti.it\/coldilana_classifiche_25#1_062A7F\"><span style=\"color: #3366ff;\">CLICCA QUI<\/span><\/a><\/strong><\/p>\n\n\t\t\t<style type='text\/css'>\n\t\t\t\t#gallery-12 {\n\t\t\t\t\tmargin: auto;\n\t\t\t\t}\n\t\t\t\t#gallery-12 .gallery-item {\n\t\t\t\t\tfloat: left;\n\t\t\t\t\tmargin-top: 10px;\n\t\t\t\t\ttext-align: center;\n\t\t\t\t\twidth: 33%;\n\t\t\t\t}\n\t\t\t\t#gallery-12 img {\n\t\t\t\t\tborder: 2px solid #cfcfcf;\n\t\t\t\t}\n\t\t\t\t#gallery-12 .gallery-caption {\n\t\t\t\t\tmargin-left: 0;\n\t\t\t\t}\n\t\t\t\t\/* see gallery_shortcode() in wp-includes\/media.php *\/\n\t\t\t<\/style>\n\t\t<div id='gallery-12' class='dt-gallery-container gallery galleryid-461352 gallery-columns-3 gallery-size-medium'><dl class='gallery-item'>\n\t\t\t\t<dt class='gallery-icon landscape'>\n\t\t\t\t\t<a class=\"rollover rollover-zoom dt-pswp-item\" title=\"80038641-653a-45a1-a1f1-aa51ce58092f\" data-dt-img-description=\"\" data-large_image_width=\"1599\" data-large_image_height=\"1200\"href='https:\/\/www.radiopiu.net\/wordpress\/wp-content\/uploads\/2025\/07\/80038641-653a-45a1-a1f1-aa51ce58092f.jpg'><img loading=\"lazy\" decoding=\"async\" width=\"300\" height=\"225\" src=\"https:\/\/www.radiopiu.net\/wordpress\/wp-content\/uploads\/2025\/07\/80038641-653a-45a1-a1f1-aa51ce58092f-300x225.jpg\" class=\"attachment-medium size-medium\" alt=\"\" srcset=\"https:\/\/www.radiopiu.net\/wordpress\/wp-content\/uploads\/2025\/07\/80038641-653a-45a1-a1f1-aa51ce58092f-300x225.jpg 300w, https:\/\/www.radiopiu.net\/wordpress\/wp-content\/uploads\/2025\/07\/80038641-653a-45a1-a1f1-aa51ce58092f-1024x768.jpg 1024w, https:\/\/www.radiopiu.net\/wordpress\/wp-content\/uploads\/2025\/07\/80038641-653a-45a1-a1f1-aa51ce58092f-768x576.jpg 768w, https:\/\/www.radiopiu.net\/wordpress\/wp-content\/uploads\/2025\/07\/80038641-653a-45a1-a1f1-aa51ce58092f-1536x1153.jpg 1536w, https:\/\/www.radiopiu.net\/wordpress\/wp-content\/uploads\/2025\/07\/80038641-653a-45a1-a1f1-aa51ce58092f.jpg 1599w\" sizes=\"auto, (max-width: 300px) 100vw, 300px\" \/><\/a>\n\t\t\t\t<\/dt><\/dl><dl class='gallery-item'>\n\t\t\t\t<dt class='gallery-icon landscape'>\n\t\t\t\t\t<a class=\"rollover rollover-zoom dt-pswp-item\" title=\"b9c2dfd8-e1b7-4639-846f-43b341228b7b\" data-dt-img-description=\"\" data-large_image_width=\"1599\" data-large_image_height=\"1599\"href='https:\/\/www.radiopiu.net\/wordpress\/wp-content\/uploads\/2025\/07\/b9c2dfd8-e1b7-4639-846f-43b341228b7b.jpg'><img loading=\"lazy\" decoding=\"async\" width=\"300\" height=\"300\" src=\"https:\/\/www.radiopiu.net\/wordpress\/wp-content\/uploads\/2025\/07\/b9c2dfd8-e1b7-4639-846f-43b341228b7b-300x300.jpg\" class=\"attachment-medium size-medium\" alt=\"\" srcset=\"https:\/\/www.radiopiu.net\/wordpress\/wp-content\/uploads\/2025\/07\/b9c2dfd8-e1b7-4639-846f-43b341228b7b-300x300.jpg 300w, https:\/\/www.radiopiu.net\/wordpress\/wp-content\/uploads\/2025\/07\/b9c2dfd8-e1b7-4639-846f-43b341228b7b-1024x1024.jpg 1024w, https:\/\/www.radiopiu.net\/wordpress\/wp-content\/uploads\/2025\/07\/b9c2dfd8-e1b7-4639-846f-43b341228b7b-150x150.jpg 150w, https:\/\/www.radiopiu.net\/wordpress\/wp-content\/uploads\/2025\/07\/b9c2dfd8-e1b7-4639-846f-43b341228b7b-768x768.jpg 768w, https:\/\/www.radiopiu.net\/wordpress\/wp-content\/uploads\/2025\/07\/b9c2dfd8-e1b7-4639-846f-43b341228b7b-1536x1536.jpg 1536w, https:\/\/www.radiopiu.net\/wordpress\/wp-content\/uploads\/2025\/07\/b9c2dfd8-e1b7-4639-846f-43b341228b7b.jpg 1599w\" sizes=\"auto, (max-width: 300px) 100vw, 300px\" \/><\/a>\n\t\t\t\t<\/dt><\/dl><dl class='gallery-item'>\n\t\t\t\t<dt class='gallery-icon landscape'>\n\t\t\t\t\t<a class=\"rollover rollover-zoom dt-pswp-item\" title=\"14c42c05-a74f-471e-ab1c-0894dcc75f1b\" data-dt-img-description=\"\" data-large_image_width=\"1599\" data-large_image_height=\"1599\"href='https:\/\/www.radiopiu.net\/wordpress\/wp-content\/uploads\/2025\/07\/14c42c05-a74f-471e-ab1c-0894dcc75f1b.jpg'><img loading=\"lazy\" decoding=\"async\" width=\"300\" height=\"300\" src=\"https:\/\/www.radiopiu.net\/wordpress\/wp-content\/uploads\/2025\/07\/14c42c05-a74f-471e-ab1c-0894dcc75f1b-300x300.jpg\" class=\"attachment-medium size-medium\" alt=\"\" srcset=\"https:\/\/www.radiopiu.net\/wordpress\/wp-content\/uploads\/2025\/07\/14c42c05-a74f-471e-ab1c-0894dcc75f1b-300x300.jpg 300w, https:\/\/www.radiopiu.net\/wordpress\/wp-content\/uploads\/2025\/07\/14c42c05-a74f-471e-ab1c-0894dcc75f1b-1024x1024.jpg 1024w, https:\/\/www.radiopiu.net\/wordpress\/wp-content\/uploads\/2025\/07\/14c42c05-a74f-471e-ab1c-0894dcc75f1b-150x150.jpg 150w, https:\/\/www.radiopiu.net\/wordpress\/wp-content\/uploads\/2025\/07\/14c42c05-a74f-471e-ab1c-0894dcc75f1b-768x768.jpg 768w, https:\/\/www.radiopiu.net\/wordpress\/wp-content\/uploads\/2025\/07\/14c42c05-a74f-471e-ab1c-0894dcc75f1b-1536x1536.jpg 1536w, https:\/\/www.radiopiu.net\/wordpress\/wp-content\/uploads\/2025\/07\/14c42c05-a74f-471e-ab1c-0894dcc75f1b.jpg 1599w\" sizes=\"auto, (max-width: 300px) 100vw, 300px\" \/><\/a>\n\t\t\t\t<\/dt><\/dl><br style=\"clear: both\" \/>\n\t\t\t<\/div>\n\n<p>&nbsp;<\/p>\n<blockquote>\n<h3>SABATO A FORCELLA AURINE IL TRAIL COL DE LUNA, MEMORIAL LUCIA BARBIERO<\/h3>\n<\/blockquote>\n<p><strong><a class=\"dt-pswp-item\" href=\"https:\/\/www.radiopiu.net\/wordpress\/wp-content\/uploads\/2025\/07\/Col-de-Luna-Trail1-pdf.jpg\" data-dt-img-description=\"\" data-large_image_width=\"756\" data-large_image_height=\"1068\"><img loading=\"lazy\" decoding=\"async\" class=\" wp-image-459827 alignleft\" src=\"https:\/\/www.radiopiu.net\/wordpress\/wp-content\/uploads\/2025\/07\/Col-de-Luna-Trail1-pdf-212x300.jpg\" alt=\"\" width=\"134\" height=\"190\" srcset=\"https:\/\/www.radiopiu.net\/wordpress\/wp-content\/uploads\/2025\/07\/Col-de-Luna-Trail1-pdf-212x300.jpg 212w, https:\/\/www.radiopiu.net\/wordpress\/wp-content\/uploads\/2025\/07\/Col-de-Luna-Trail1-pdf-725x1024.jpg 725w, https:\/\/www.radiopiu.net\/wordpress\/wp-content\/uploads\/2025\/07\/Col-de-Luna-Trail1-pdf.jpg 756w\" sizes=\"auto, (max-width: 134px) 100vw, 134px\" \/><\/a>GOSALDO<\/strong><\/p>\n<p>DI GIANNI SANTOMASO<\/p>\n<audio class=\"wp-audio-shortcode\" id=\"audio-461352-13\" preload=\"none\" style=\"width: 100%;\" controls=\"controls\"><source type=\"audio\/mpeg\" src=\"https:\/\/www.radiopiu.net\/wordpress\/wp-content\/uploads\/2025\/07\/GIANNI-COL-DE-LUNA-FORCELLA-AURINE.mp3?_=13\" \/><a href=\"https:\/\/www.radiopiu.net\/wordpress\/wp-content\/uploads\/2025\/07\/GIANNI-COL-DE-LUNA-FORCELLA-AURINE.mp3\">https:\/\/www.radiopiu.net\/wordpress\/wp-content\/uploads\/2025\/07\/GIANNI-COL-DE-LUNA-FORCELLA-AURINE.mp3<\/a><\/audio>\n<p>&nbsp;<\/p>\n<p><span style=\"color: #0000ff;\"><strong>CORSA CAMPESTRE<\/strong><\/span><\/p>\n<blockquote>\n<h3>ENTUSIASMO E SPORT ALLA PASSEGGIATA AI PIEDI DELLA CRODA GRANDA A GOSALDO<\/h3>\n<\/blockquote>\n<p><strong>GOSALDO<\/strong> Buona partecipazione e sano spirito sportivo hanno caratterizzato la tradizionale <em data-start=\"214\" data-end=\"255\">Passeggiata ai piedi della Croda Granda<\/em>, svoltasi oggi nel cuore delle Dolomiti bellunesi, a Gosaldo. La manifestazione, che unisce sport e paesaggio, ha visto al via decine di partecipanti, che si sono messi alla prova lungo i suggestivi sentieri immersi nella natura incontaminata ai piedi della Croda Granda. A tagliare per primo il traguardo tra gli uomini \u00e8 stato Giacomo Zagonel, autore di una prestazione brillante e costante. Alle sue spalle si \u00e8 classificato Pierangelo Vergerio, seguito al terzo posto da Yohannes Mooij, protagonista anch\u2019egli di una prova solida. In campo femminile la vittoria \u00e8 andata a Emanuela Zaetta, che ha dominato il percorso con determinazione. Alessandra Da Ronch si \u00e8 aggiudicata il secondo posto, mentre Gaia Pezzei ha completato il podio con una buona prova di tenacia e resistenza. Al termine della passeggiata, premi e applausi per tutti, in particolare per i giovani che si sono cimentati nel tracciato breve con entusiasmo e spirito di gruppo.<\/p>\n<p><strong>LE CLASSIFICHE<\/strong><\/p>\n\n\t\t\t<style type='text\/css'>\n\t\t\t\t#gallery-13 {\n\t\t\t\t\tmargin: auto;\n\t\t\t\t}\n\t\t\t\t#gallery-13 .gallery-item {\n\t\t\t\t\tfloat: left;\n\t\t\t\t\tmargin-top: 10px;\n\t\t\t\t\ttext-align: center;\n\t\t\t\t\twidth: 20%;\n\t\t\t\t}\n\t\t\t\t#gallery-13 img {\n\t\t\t\t\tborder: 2px solid #cfcfcf;\n\t\t\t\t}\n\t\t\t\t#gallery-13 .gallery-caption {\n\t\t\t\t\tmargin-left: 0;\n\t\t\t\t}\n\t\t\t\t\/* see gallery_shortcode() in wp-includes\/media.php *\/\n\t\t\t<\/style>\n\t\t<div id='gallery-13' class='dt-gallery-container gallery galleryid-461352 gallery-columns-5 gallery-size-thumbnail'><dl class='gallery-item'>\n\t\t\t\t<dt class='gallery-icon portrait'>\n\t\t\t\t\t<a class=\"rollover rollover-zoom dt-pswp-item\" title=\"GENERALE 1\" data-dt-img-description=\"\" data-large_image_width=\"1180\" data-large_image_height=\"1750\"href='https:\/\/www.radiopiu.net\/wordpress\/wp-content\/uploads\/2025\/07\/GENERALE-1.png'><img loading=\"lazy\" decoding=\"async\" width=\"150\" height=\"150\" src=\"https:\/\/www.radiopiu.net\/wordpress\/wp-content\/uploads\/2025\/07\/GENERALE-1-150x150.png\" class=\"attachment-thumbnail size-thumbnail\" alt=\"\" aria-describedby=\"gallery-13-461612\" \/><\/a>\n\t\t\t\t<\/dt>\n\t\t\t\t\t<dd class='wp-caption-text gallery-caption' id='gallery-13-461612'>\n\t\t\t\t\tGENERALE 1\n\t\t\t\t\t<\/dd><\/dl><dl class='gallery-item'>\n\t\t\t\t<dt class='gallery-icon landscape'>\n\t\t\t\t\t<a class=\"rollover rollover-zoom dt-pswp-item\" title=\"GENERALE 2\" data-dt-img-description=\"\" data-large_image_width=\"1300\" data-large_image_height=\"1286\"href='https:\/\/www.radiopiu.net\/wordpress\/wp-content\/uploads\/2025\/07\/GENERALE-2.png'><img loading=\"lazy\" decoding=\"async\" width=\"150\" height=\"150\" src=\"https:\/\/www.radiopiu.net\/wordpress\/wp-content\/uploads\/2025\/07\/GENERALE-2-150x150.png\" class=\"attachment-thumbnail size-thumbnail\" alt=\"\" aria-describedby=\"gallery-13-461613\" srcset=\"https:\/\/www.radiopiu.net\/wordpress\/wp-content\/uploads\/2025\/07\/GENERALE-2-150x150.png 150w, https:\/\/www.radiopiu.net\/wordpress\/wp-content\/uploads\/2025\/07\/GENERALE-2-300x297.png 300w\" sizes=\"auto, (max-width: 150px) 100vw, 150px\" \/><\/a>\n\t\t\t\t<\/dt>\n\t\t\t\t\t<dd class='wp-caption-text gallery-caption' id='gallery-13-461613'>\n\t\t\t\t\tGENERALE 2\n\t\t\t\t\t<\/dd><\/dl><dl class='gallery-item'>\n\t\t\t\t<dt class='gallery-icon landscape'>\n\t\t\t\t\t<a class=\"rollover rollover-zoom dt-pswp-item\" title=\"FEMMINILE 8KM\" data-dt-img-description=\"\" data-large_image_width=\"1102\" data-large_image_height=\"784\"href='https:\/\/www.radiopiu.net\/wordpress\/wp-content\/uploads\/2025\/07\/FEMMINILE-8KM.png'><img loading=\"lazy\" decoding=\"async\" width=\"150\" height=\"150\" src=\"https:\/\/www.radiopiu.net\/wordpress\/wp-content\/uploads\/2025\/07\/FEMMINILE-8KM-150x150.png\" class=\"attachment-thumbnail size-thumbnail\" alt=\"\" aria-describedby=\"gallery-13-461614\" \/><\/a>\n\t\t\t\t<\/dt>\n\t\t\t\t\t<dd class='wp-caption-text gallery-caption' id='gallery-13-461614'>\n\t\t\t\t\tFEMMINILE\n\t\t\t\t\t<\/dd><\/dl><dl class='gallery-item'>\n\t\t\t\t<dt class='gallery-icon portrait'>\n\t\t\t\t\t<a class=\"rollover rollover-zoom dt-pswp-item\" title=\"MASCHILE 8 KM\" data-dt-img-description=\"\" data-large_image_width=\"1144\" data-large_image_height=\"1470\"href='https:\/\/www.radiopiu.net\/wordpress\/wp-content\/uploads\/2025\/07\/MASCHILE-8-KM.png'><img loading=\"lazy\" decoding=\"async\" width=\"150\" height=\"150\" src=\"https:\/\/www.radiopiu.net\/wordpress\/wp-content\/uploads\/2025\/07\/MASCHILE-8-KM-150x150.png\" class=\"attachment-thumbnail size-thumbnail\" alt=\"\" aria-describedby=\"gallery-13-461615\" \/><\/a>\n\t\t\t\t<\/dt>\n\t\t\t\t\t<dd class='wp-caption-text gallery-caption' id='gallery-13-461615'>\n\t\t\t\t\tMASCHILE\n\t\t\t\t\t<\/dd><\/dl><dl class='gallery-item'>\n\t\t\t\t<dt class='gallery-icon portrait'>\n\t\t\t\t\t<a class=\"rollover rollover-zoom dt-pswp-item\" title=\"GIOVANILE 1KM\" data-dt-img-description=\"\" data-large_image_width=\"916\" data-large_image_height=\"978\"href='https:\/\/www.radiopiu.net\/wordpress\/wp-content\/uploads\/2025\/07\/GIOVANILE-1KM.png'><img loading=\"lazy\" decoding=\"async\" width=\"150\" height=\"150\" src=\"https:\/\/www.radiopiu.net\/wordpress\/wp-content\/uploads\/2025\/07\/GIOVANILE-1KM-150x150.png\" class=\"attachment-thumbnail size-thumbnail\" alt=\"\" aria-describedby=\"gallery-13-461616\" \/><\/a>\n\t\t\t\t<\/dt>\n\t\t\t\t\t<dd class='wp-caption-text gallery-caption' id='gallery-13-461616'>\n\t\t\t\t\tGIOVANI\n\t\t\t\t\t<\/dd><\/dl><br style=\"clear: both\" \/>\n\t\t\t<\/div>\n\n<p>&nbsp;<\/p>\n\n\t\t\t<style type='text\/css'>\n\t\t\t\t#gallery-14 {\n\t\t\t\t\tmargin: auto;\n\t\t\t\t}\n\t\t\t\t#gallery-14 .gallery-item {\n\t\t\t\t\tfloat: left;\n\t\t\t\t\tmargin-top: 10px;\n\t\t\t\t\ttext-align: center;\n\t\t\t\t\twidth: 25%;\n\t\t\t\t}\n\t\t\t\t#gallery-14 img {\n\t\t\t\t\tborder: 2px solid #cfcfcf;\n\t\t\t\t}\n\t\t\t\t#gallery-14 .gallery-caption {\n\t\t\t\t\tmargin-left: 0;\n\t\t\t\t}\n\t\t\t\t\/* see gallery_shortcode() in wp-includes\/media.php *\/\n\t\t\t<\/style>\n\t\t<div id='gallery-14' class='dt-gallery-container gallery galleryid-461352 gallery-columns-4 gallery-size-medium'><dl class='gallery-item'>\n\t\t\t\t<dt class='gallery-icon landscape'>\n\t\t\t\t\t<a class=\"rollover rollover-zoom dt-pswp-item\" title=\"IMG-20250727-WA0013\" data-dt-img-description=\"\" data-large_image_width=\"960\" data-large_image_height=\"639\"href='https:\/\/www.radiopiu.net\/wordpress\/wp-content\/uploads\/2025\/07\/IMG-20250727-WA0013.jpg'><img loading=\"lazy\" decoding=\"async\" width=\"300\" height=\"200\" src=\"https:\/\/www.radiopiu.net\/wordpress\/wp-content\/uploads\/2025\/07\/IMG-20250727-WA0013-300x200.jpg\" class=\"attachment-medium size-medium\" alt=\"\" srcset=\"https:\/\/www.radiopiu.net\/wordpress\/wp-content\/uploads\/2025\/07\/IMG-20250727-WA0013-300x200.jpg 300w, https:\/\/www.radiopiu.net\/wordpress\/wp-content\/uploads\/2025\/07\/IMG-20250727-WA0013-768x511.jpg 768w, https:\/\/www.radiopiu.net\/wordpress\/wp-content\/uploads\/2025\/07\/IMG-20250727-WA0013.jpg 960w\" sizes=\"auto, (max-width: 300px) 100vw, 300px\" \/><\/a>\n\t\t\t\t<\/dt><\/dl><dl class='gallery-item'>\n\t\t\t\t<dt class='gallery-icon landscape'>\n\t\t\t\t\t<a class=\"rollover rollover-zoom dt-pswp-item\" title=\"IMG-20250727-WA0014\" data-dt-img-description=\"\" data-large_image_width=\"960\" data-large_image_height=\"639\"href='https:\/\/www.radiopiu.net\/wordpress\/wp-content\/uploads\/2025\/07\/IMG-20250727-WA0014.jpg'><img loading=\"lazy\" decoding=\"async\" width=\"300\" height=\"200\" src=\"https:\/\/www.radiopiu.net\/wordpress\/wp-content\/uploads\/2025\/07\/IMG-20250727-WA0014-300x200.jpg\" class=\"attachment-medium size-medium\" alt=\"\" srcset=\"https:\/\/www.radiopiu.net\/wordpress\/wp-content\/uploads\/2025\/07\/IMG-20250727-WA0014-300x200.jpg 300w, https:\/\/www.radiopiu.net\/wordpress\/wp-content\/uploads\/2025\/07\/IMG-20250727-WA0014-768x511.jpg 768w, https:\/\/www.radiopiu.net\/wordpress\/wp-content\/uploads\/2025\/07\/IMG-20250727-WA0014.jpg 960w\" sizes=\"auto, (max-width: 300px) 100vw, 300px\" \/><\/a>\n\t\t\t\t<\/dt><\/dl><dl class='gallery-item'>\n\t\t\t\t<dt class='gallery-icon landscape'>\n\t\t\t\t\t<a class=\"rollover rollover-zoom dt-pswp-item\" title=\"IMG-20250727-WA0016\" data-dt-img-description=\"\" data-large_image_width=\"960\" data-large_image_height=\"639\"href='https:\/\/www.radiopiu.net\/wordpress\/wp-content\/uploads\/2025\/07\/IMG-20250727-WA0016.jpg'><img loading=\"lazy\" decoding=\"async\" width=\"300\" height=\"200\" src=\"https:\/\/www.radiopiu.net\/wordpress\/wp-content\/uploads\/2025\/07\/IMG-20250727-WA0016-300x200.jpg\" class=\"attachment-medium size-medium\" alt=\"\" srcset=\"https:\/\/www.radiopiu.net\/wordpress\/wp-content\/uploads\/2025\/07\/IMG-20250727-WA0016-300x200.jpg 300w, https:\/\/www.radiopiu.net\/wordpress\/wp-content\/uploads\/2025\/07\/IMG-20250727-WA0016-768x511.jpg 768w, https:\/\/www.radiopiu.net\/wordpress\/wp-content\/uploads\/2025\/07\/IMG-20250727-WA0016.jpg 960w\" sizes=\"auto, (max-width: 300px) 100vw, 300px\" \/><\/a>\n\t\t\t\t<\/dt><\/dl><dl class='gallery-item'>\n\t\t\t\t<dt class='gallery-icon landscape'>\n\t\t\t\t\t<a class=\"rollover rollover-zoom dt-pswp-item\" title=\"IMG-20250727-WA0017\" data-dt-img-description=\"\" data-large_image_width=\"960\" data-large_image_height=\"639\"href='https:\/\/www.radiopiu.net\/wordpress\/wp-content\/uploads\/2025\/07\/IMG-20250727-WA0017.jpg'><img loading=\"lazy\" decoding=\"async\" width=\"300\" height=\"200\" src=\"https:\/\/www.radiopiu.net\/wordpress\/wp-content\/uploads\/2025\/07\/IMG-20250727-WA0017-300x200.jpg\" class=\"attachment-medium size-medium\" alt=\"\" srcset=\"https:\/\/www.radiopiu.net\/wordpress\/wp-content\/uploads\/2025\/07\/IMG-20250727-WA0017-300x200.jpg 300w, https:\/\/www.radiopiu.net\/wordpress\/wp-content\/uploads\/2025\/07\/IMG-20250727-WA0017-768x511.jpg 768w, https:\/\/www.radiopiu.net\/wordpress\/wp-content\/uploads\/2025\/07\/IMG-20250727-WA0017.jpg 960w\" sizes=\"auto, (max-width: 300px) 100vw, 300px\" \/><\/a>\n\t\t\t\t<\/dt><\/dl><br style=\"clear: both\" \/>\n\t\t\t<\/div>\n\n<p>&nbsp;<\/p>\n<hr \/>\n<p>&nbsp;<\/p>\n<blockquote>\n<h3 data-start=\"0\" data-end=\"60\"><strong data-start=\"0\" data-end=\"60\">TROFEO CARLA SERAFINI A CAVIOLA<\/strong><\/h3>\n<\/blockquote>\n<p data-start=\"62\" data-end=\"324\"><strong>FALCADE<\/strong> Trofeo Carla Serafini, gara podistica non competitiva organizzata dalla Pro loco di Caviola. La manifestazione si \u00e8 svolta con partenza dal parco giochi di Caviola, a Falcade, e si \u00e8 conclusa con le premiazioni. I partecipanti, divisi per categorie, si sono sfidati in un clima di sport e amicizia. A distinguersi sono stati: Martin Zwerger e Sonia Fontanive nella categoria A, Stefano Tabiadon e Beatrice Carpia nella categoria B, Tommaso Moretti e Sara Paluselli nella categoria C, Mattia Fenti ed Eleonora Busin nella categoria E.\u00a0 Societ\u00e0 sportive locali: Sci club Val Biois e Atletica Agordina, protagoniste in molte classifiche.<\/p>\n<p>&nbsp;<\/p>\n<hr \/>\n<p>&nbsp;<\/p>\n<p><span style=\"color: #0000ff;\"><strong>HOCKEY SU GHIACCIO<\/strong><\/span><\/p>\n<blockquote>\n<h3>DA TORONTO ALLE DOLOMITI: LUISA ROCCO SI ALLENA AD ALLEGHE, SULLE ORME DELLA TRADIZIONE DI FAMIGLIA<\/h3>\n<\/blockquote>\n<p data-start=\"105\" data-end=\"499\"><strong data-start=\"105\" data-end=\"116\"><a class=\"dt-pswp-item\" href=\"https:\/\/www.radiopiu.net\/wordpress\/wp-content\/uploads\/2025\/07\/Immagine-WhatsApp-2025-07-27-ore-08.20.51_5ef8a78d.jpg\" data-dt-img-description=\"\" data-large_image_width=\"1600\" data-large_image_height=\"1200\"><img loading=\"lazy\" decoding=\"async\" class=\"size-medium wp-image-461559 alignleft\" src=\"https:\/\/www.radiopiu.net\/wordpress\/wp-content\/uploads\/2025\/07\/Immagine-WhatsApp-2025-07-27-ore-08.20.51_5ef8a78d-300x225.jpg\" alt=\"\" width=\"300\" height=\"225\" srcset=\"https:\/\/www.radiopiu.net\/wordpress\/wp-content\/uploads\/2025\/07\/Immagine-WhatsApp-2025-07-27-ore-08.20.51_5ef8a78d-300x225.jpg 300w, https:\/\/www.radiopiu.net\/wordpress\/wp-content\/uploads\/2025\/07\/Immagine-WhatsApp-2025-07-27-ore-08.20.51_5ef8a78d-1024x768.jpg 1024w, https:\/\/www.radiopiu.net\/wordpress\/wp-content\/uploads\/2025\/07\/Immagine-WhatsApp-2025-07-27-ore-08.20.51_5ef8a78d-768x576.jpg 768w, https:\/\/www.radiopiu.net\/wordpress\/wp-content\/uploads\/2025\/07\/Immagine-WhatsApp-2025-07-27-ore-08.20.51_5ef8a78d-1536x1152.jpg 1536w, https:\/\/www.radiopiu.net\/wordpress\/wp-content\/uploads\/2025\/07\/Immagine-WhatsApp-2025-07-27-ore-08.20.51_5ef8a78d.jpg 1600w\" sizes=\"auto, (max-width: 300px) 100vw, 300px\" \/><\/a>ALLEGHE<\/strong> \u2013 Un ritorno che profuma di casa e di orgoglio sportivo. Nei giorni scorsi, Luisa Rocco, giovane promessa dello sport canadese, si \u00e8 allenata ad Alleghe, immersa nello splendido scenario delle Dolomiti Bellunesi. Un\u2019esperienza speciale, non solo per l\u2019intensit\u00e0 degli allenamenti, ma soprattutto per il legame profondo che unisce <a class=\"dt-pswp-item\" href=\"https:\/\/www.radiopiu.net\/wordpress\/wp-content\/uploads\/2025\/07\/Immagine-2025-07-27-205004.png\" data-dt-img-description=\"\" data-large_image_width=\"188\" data-large_image_height=\"296\"><img loading=\"lazy\" decoding=\"async\" class=\"size-full wp-image-461585 alignright\" src=\"https:\/\/www.radiopiu.net\/wordpress\/wp-content\/uploads\/2025\/07\/Immagine-2025-07-27-205004.png\" alt=\"\" width=\"188\" height=\"296\" \/><\/a>Luisa e la sua famiglia a questo territorio. Luisa \u00e8 infatti figlia di Vince Rocco (giocatore dell&#8217;Alleghe di serie A)\u00a0 e Francesca Soia, ed \u00e8 nipote del mitico Giulio Soia, volto amatissimo e indimenticabile per molti appassionati di sport e villeggianti della zona, giocatore dell&#8217;Alleghe e arbitro altrettanto famoso. Famiglia di grandi passioni e tradizione sportiva, i Rocco-Soia\u00a0 che\u00a0 da anni vivono a Toronto, in Canada, dove hanno portato avanti con orgoglio valori e legami con la terra d\u2019origine. Durante il soggiorno, Luisa ha approfittato delle alture e dei panorami mozzafiato per una sessione di allenamenti all\u2019aria aperta, tra boschi, sentieri e aria frizzante d\u2019alta quota. Una vera e propria \u201cboccata d\u2019Italia\u201d per corpo e spirito, ma anche un\u2019occasione per rinsaldare le radici e vivere il calore della comunit\u00e0 locale. La presenza della giovane atleta ha suscitato simpatia e curiosit\u00e0 tra residenti e turisti, orgogliosi di vedere come le nuove generazioni, anche da oltre oceano, mantengano vivo il legame con Alleghe e con la storia di famiglia. Bentornata Luisa, e\u2026 a presto tra le vette di casa!<\/p>\n<p data-start=\"105\" data-end=\"499\">mirko mezzacasa<\/p>\n<p data-start=\"105\" data-end=\"499\">PADRE&#8230;E FIGLIA D&#8217;ARTE&#8230;<\/p>\n\n\t\t\t<style type='text\/css'>\n\t\t\t\t#gallery-15 {\n\t\t\t\t\tmargin: auto;\n\t\t\t\t}\n\t\t\t\t#gallery-15 .gallery-item {\n\t\t\t\t\tfloat: left;\n\t\t\t\t\tmargin-top: 10px;\n\t\t\t\t\ttext-align: center;\n\t\t\t\t\twidth: 33%;\n\t\t\t\t}\n\t\t\t\t#gallery-15 img {\n\t\t\t\t\tborder: 2px solid #cfcfcf;\n\t\t\t\t}\n\t\t\t\t#gallery-15 .gallery-caption {\n\t\t\t\t\tmargin-left: 0;\n\t\t\t\t}\n\t\t\t\t\/* see gallery_shortcode() in wp-includes\/media.php *\/\n\t\t\t<\/style>\n\t\t<div id='gallery-15' class='dt-gallery-container gallery galleryid-461352 gallery-columns-3 gallery-size-medium'><dl class='gallery-item'>\n\t\t\t\t<dt class='gallery-icon portrait'>\n\t\t\t\t\t<a class=\"rollover rollover-zoom dt-pswp-item\" title=\"Immagine WhatsApp 2025-07-27 ore 20.49.56_50bacfa8\" data-dt-img-description=\"\" data-large_image_width=\"1365\" data-large_image_height=\"2048\"href='https:\/\/www.radiopiu.net\/wordpress\/wp-content\/uploads\/2025\/07\/Immagine-WhatsApp-2025-07-27-ore-20.49.56_50bacfa8.jpg'><img loading=\"lazy\" decoding=\"async\" width=\"200\" height=\"300\" src=\"https:\/\/www.radiopiu.net\/wordpress\/wp-content\/uploads\/2025\/07\/Immagine-WhatsApp-2025-07-27-ore-20.49.56_50bacfa8-200x300.jpg\" class=\"attachment-medium size-medium\" alt=\"\" srcset=\"https:\/\/www.radiopiu.net\/wordpress\/wp-content\/uploads\/2025\/07\/Immagine-WhatsApp-2025-07-27-ore-20.49.56_50bacfa8-200x300.jpg 200w, https:\/\/www.radiopiu.net\/wordpress\/wp-content\/uploads\/2025\/07\/Immagine-WhatsApp-2025-07-27-ore-20.49.56_50bacfa8-683x1024.jpg 683w, https:\/\/www.radiopiu.net\/wordpress\/wp-content\/uploads\/2025\/07\/Immagine-WhatsApp-2025-07-27-ore-20.49.56_50bacfa8-768x1152.jpg 768w, https:\/\/www.radiopiu.net\/wordpress\/wp-content\/uploads\/2025\/07\/Immagine-WhatsApp-2025-07-27-ore-20.49.56_50bacfa8-1024x1536.jpg 1024w, https:\/\/www.radiopiu.net\/wordpress\/wp-content\/uploads\/2025\/07\/Immagine-WhatsApp-2025-07-27-ore-20.49.56_50bacfa8.jpg 1365w\" sizes=\"auto, (max-width: 200px) 100vw, 200px\" \/><\/a>\n\t\t\t\t<\/dt><\/dl><dl class='gallery-item'>\n\t\t\t\t<dt class='gallery-icon landscape'>\n\t\t\t\t\t<a class=\"rollover rollover-zoom dt-pswp-item\" title=\"Immagine WhatsApp 2025-07-27 ore 20.49.56_ba64cb87\" data-dt-img-description=\"\" data-large_image_width=\"1600\" data-large_image_height=\"1067\"href='https:\/\/www.radiopiu.net\/wordpress\/wp-content\/uploads\/2025\/07\/Immagine-WhatsApp-2025-07-27-ore-20.49.56_ba64cb87.jpg'><img loading=\"lazy\" decoding=\"async\" width=\"300\" height=\"200\" src=\"https:\/\/www.radiopiu.net\/wordpress\/wp-content\/uploads\/2025\/07\/Immagine-WhatsApp-2025-07-27-ore-20.49.56_ba64cb87-300x200.jpg\" class=\"attachment-medium size-medium\" alt=\"\" srcset=\"https:\/\/www.radiopiu.net\/wordpress\/wp-content\/uploads\/2025\/07\/Immagine-WhatsApp-2025-07-27-ore-20.49.56_ba64cb87-300x200.jpg 300w, https:\/\/www.radiopiu.net\/wordpress\/wp-content\/uploads\/2025\/07\/Immagine-WhatsApp-2025-07-27-ore-20.49.56_ba64cb87-1024x683.jpg 1024w, https:\/\/www.radiopiu.net\/wordpress\/wp-content\/uploads\/2025\/07\/Immagine-WhatsApp-2025-07-27-ore-20.49.56_ba64cb87-768x512.jpg 768w, https:\/\/www.radiopiu.net\/wordpress\/wp-content\/uploads\/2025\/07\/Immagine-WhatsApp-2025-07-27-ore-20.49.56_ba64cb87-1536x1024.jpg 1536w, https:\/\/www.radiopiu.net\/wordpress\/wp-content\/uploads\/2025\/07\/Immagine-WhatsApp-2025-07-27-ore-20.49.56_ba64cb87.jpg 1600w\" sizes=\"auto, (max-width: 300px) 100vw, 300px\" \/><\/a>\n\t\t\t\t<\/dt><\/dl>\n\t\t\t\t<br style='clear: both' \/>\n\t\t\t<\/div>\n\n<p>&nbsp;<\/p>\n<p><a class=\"dt-pswp-item\" href=\"https:\/\/www.radiopiu.net\/wordpress\/wp-content\/uploads\/2025\/07\/F16-replica.jpg\" data-dt-img-description=\"\" data-large_image_width=\"1131\" data-large_image_height=\"1600\"><img loading=\"lazy\" decoding=\"async\" class=\"alignnone size-medium wp-image-461745\" src=\"https:\/\/www.radiopiu.net\/wordpress\/wp-content\/uploads\/2025\/07\/F16-replica-212x300.jpg\" alt=\"\" width=\"212\" height=\"300\" srcset=\"https:\/\/www.radiopiu.net\/wordpress\/wp-content\/uploads\/2025\/07\/F16-replica-212x300.jpg 212w, https:\/\/www.radiopiu.net\/wordpress\/wp-content\/uploads\/2025\/07\/F16-replica-724x1024.jpg 724w, https:\/\/www.radiopiu.net\/wordpress\/wp-content\/uploads\/2025\/07\/F16-replica-768x1086.jpg 768w, https:\/\/www.radiopiu.net\/wordpress\/wp-content\/uploads\/2025\/07\/F16-replica-1086x1536.jpg 1086w, https:\/\/www.radiopiu.net\/wordpress\/wp-content\/uploads\/2025\/07\/F16-replica.jpg 1131w\" sizes=\"auto, (max-width: 212px) 100vw, 212px\" \/><\/a><\/p>\n","protected":false},"excerpt":{"rendered":"<p>******* &nbsp; LA\u00a0 APP PER IOS-IPHONE di Nicola Vettorello https:\/\/apps.apple.com\/it\/app\/radio-pi%C3%B9-emittente-agordina\/id1515939845 LA\u00a0 APP RADIO\u00a0 PER ANDROID di Nicola Vettorello https:\/\/play.google.com\/store\/apps\/details?id=net.radiopiu.iniko\u00a0\u00a0\u00a0\u00a0 &nbsp; &nbsp; &nbsp; \u00a0 &nbsp; OGGI SU RADIOPI\u00d9: MUSICA, informazione\u00a0 e dirette\u00a0 ALLE 8.05 LA RASSEGNA STAMPA LOCALE 8.25\u00a0 PIU SIAMO 9.00\u00a0 OGGI COME IERI, CON SILVIA BALDO 9.40\u00a0 \u00a0I RACCONTI DI PAOLO SOPPELSA 10.30\u00a0 GOSALDO,&hellip;<\/p>\n","protected":false},"author":4,"featured_media":461681,"comment_status":"closed","ping_status":"closed","sticky":false,"template":"","format":"standard","meta":{"_monsterinsights_skip_tracking":false,"_monsterinsights_sitenote_active":false,"_monsterinsights_sitenote_note":"","_monsterinsights_sitenote_category":0,"footnotes":""},"categories":[51,86,49],"tags":[],"class_list":["post-461352","post","type-post","status-publish","format-standard","has-post-thumbnail","hentry","category-evidenza-top","category-gr","category-news-18","category-51","category-86","category-49","description-off"],"img_url":"https:\/\/www.radiopiu.net\/wordpress\/wp-content\/uploads\/2025\/07\/511317287_1137584115053400_851992147645853067_n.jpg","_links":{"self":[{"href":"https:\/\/www.radiopiu.net\/wordpress\/wp-json\/wp\/v2\/posts\/461352","targetHints":{"allow":["GET"]}}],"collection":[{"href":"https:\/\/www.radiopiu.net\/wordpress\/wp-json\/wp\/v2\/posts"}],"about":[{"href":"https:\/\/www.radiopiu.net\/wordpress\/wp-json\/wp\/v2\/types\/post"}],"author":[{"embeddable":true,"href":"https:\/\/www.radiopiu.net\/wordpress\/wp-json\/wp\/v2\/users\/4"}],"replies":[{"embeddable":true,"href":"https:\/\/www.radiopiu.net\/wordpress\/wp-json\/wp\/v2\/comments?post=461352"}],"version-history":[{"count":46,"href":"https:\/\/www.radiopiu.net\/wordpress\/wp-json\/wp\/v2\/posts\/461352\/revisions"}],"predecessor-version":[{"id":461835,"href":"https:\/\/www.radiopiu.net\/wordpress\/wp-json\/wp\/v2\/posts\/461352\/revisions\/461835"}],"wp:featuredmedia":[{"embeddable":true,"href":"https:\/\/www.radiopiu.net\/wordpress\/wp-json\/wp\/v2\/media\/461681"}],"wp:attachment":[{"href":"https:\/\/www.radiopiu.net\/wordpress\/wp-json\/wp\/v2\/media?parent=461352"}],"wp:term":[{"taxonomy":"category","embeddable":true,"href":"https:\/\/www.radiopiu.net\/wordpress\/wp-json\/wp\/v2\/categories?post=461352"},{"taxonomy":"post_tag","embeddable":true,"href":"https:\/\/www.radiopiu.net\/wordpress\/wp-json\/wp\/v2\/tags?post=461352"}],"curies":[{"name":"wp","href":"https:\/\/api.w.org\/{rel}","templated":true}]}}