{"id":461430,"date":"2025-07-28T01:00:00","date_gmt":"2025-07-27T23:00:00","guid":{"rendered":"https:\/\/www.radiopiu.net\/wordpress\/?p=461430"},"modified":"2025-07-28T05:56:40","modified_gmt":"2025-07-28T03:56:40","slug":"il-gp-dei-campioni-a-voltago","status":"publish","type":"post","link":"https:\/\/www.radiopiu.net\/wordpress\/il-gp-dei-campioni-a-voltago\/","title":{"rendered":"IL GP DEI CAMPIONI A VOLTAGO"},"content":{"rendered":"<p>*******<\/p>\n<p>&nbsp;<\/p>\n<p><strong>VOLTAGO <\/strong>Un intero weekend all\u2019insegna del divertimento, della passione per i motori e dello spirito sportivo: a Voltago \u00e8 arrivato il GP dei Campioni, la simpatica e coinvolgente gara di carretti a pedali dedicata ai pi\u00f9 giovani. La manifestazione \u00e8 organizzata dal Team di Marco Tormen, pilota di go-kart molto attivo nella promozione dello sport tra bambini e ragazzi. Il circuito, disegnato attorno alla chiesa parrocchiale, si \u00e8 trasformato in un piccolo autodromo in miniatura, pronto ad accogliere i giovani piloti che si sfideranno tra curve e sprint a colpi di pedali. Oggi sono in programma le prove libere, occasione per prendere confidenza con il tracciato e testare i mezzi. Domani mattina, invece, si entrer\u00e0 nel vivo con le qualifiche, che stabiliranno la griglia di partenza per le due manche di gara previste in giornata. Al termine delle competizioni, si terr\u00e0 la cerimonia di premiazione. Un evento che unisce sport, gioco e comunit\u00e0, grazie all\u2019impegno degli organizzatori e al sostegno delle famiglie e dei volontari. Un\u2019occasione speciale per trasmettere ai pi\u00f9 giovani i valori dello sport e il gusto della sana competizione. Presenti anche i chioschi con cibo e bevande.<\/p>\n<p><iframe loading=\"lazy\" title=\"IL GP DEI CAMPIONI A VOLTAGO\" width=\"1200\" height=\"675\" src=\"https:\/\/www.youtube.com\/embed\/mWCj7crMjaA?feature=oembed\" frameborder=\"0\" allow=\"accelerometer; autoplay; clipboard-write; encrypted-media; gyroscope; picture-in-picture; web-share\" referrerpolicy=\"strict-origin-when-cross-origin\" allowfullscreen><\/iframe><\/p>\n<p>&nbsp;<\/p>\n<p>&nbsp;<\/p>\n<p>&nbsp;<\/p>\n<p>&nbsp;<\/p>\n<p>**********<\/p>\n","protected":false},"excerpt":{"rendered":"<p>******* &nbsp; VOLTAGO Un intero weekend all\u2019insegna del divertimento, della passione per i motori e dello spirito sportivo: a Voltago \u00e8 arrivato il GP dei Campioni, la simpatica e coinvolgente gara di carretti a pedali dedicata ai pi\u00f9 giovani. La manifestazione \u00e8 organizzata dal Team di Marco Tormen, pilota di go-kart molto attivo nella promozione&hellip;<\/p>\n","protected":false},"author":4,"featured_media":461431,"comment_status":"closed","ping_status":"closed","sticky":false,"template":"","format":"standard","meta":{"_monsterinsights_skip_tracking":false,"_monsterinsights_sitenote_active":false,"_monsterinsights_sitenote_note":"","_monsterinsights_sitenote_category":0,"footnotes":""},"categories":[104,49],"tags":[],"class_list":["post-461430","post","type-post","status-publish","format-standard","has-post-thumbnail","hentry","category-evidenza_3","category-news-18","category-104","category-49","description-off"],"img_url":"https:\/\/www.radiopiu.net\/wordpress\/wp-content\/uploads\/2025\/07\/4561403e-b524-48b9-b707-5344224f73de.jpg","_links":{"self":[{"href":"https:\/\/www.radiopiu.net\/wordpress\/wp-json\/wp\/v2\/posts\/461430","targetHints":{"allow":["GET"]}}],"collection":[{"href":"https:\/\/www.radiopiu.net\/wordpress\/wp-json\/wp\/v2\/posts"}],"about":[{"href":"https:\/\/www.radiopiu.net\/wordpress\/wp-json\/wp\/v2\/types\/post"}],"author":[{"embeddable":true,"href":"https:\/\/www.radiopiu.net\/wordpress\/wp-json\/wp\/v2\/users\/4"}],"replies":[{"embeddable":true,"href":"https:\/\/www.radiopiu.net\/wordpress\/wp-json\/wp\/v2\/comments?post=461430"}],"version-history":[{"count":2,"href":"https:\/\/www.radiopiu.net\/wordpress\/wp-json\/wp\/v2\/posts\/461430\/revisions"}],"predecessor-version":[{"id":461433,"href":"https:\/\/www.radiopiu.net\/wordpress\/wp-json\/wp\/v2\/posts\/461430\/revisions\/461433"}],"wp:featuredmedia":[{"embeddable":true,"href":"https:\/\/www.radiopiu.net\/wordpress\/wp-json\/wp\/v2\/media\/461431"}],"wp:attachment":[{"href":"https:\/\/www.radiopiu.net\/wordpress\/wp-json\/wp\/v2\/media?parent=461430"}],"wp:term":[{"taxonomy":"category","embeddable":true,"href":"https:\/\/www.radiopiu.net\/wordpress\/wp-json\/wp\/v2\/categories?post=461430"},{"taxonomy":"post_tag","embeddable":true,"href":"https:\/\/www.radiopiu.net\/wordpress\/wp-json\/wp\/v2\/tags?post=461430"}],"curies":[{"name":"wp","href":"https:\/\/api.w.org\/{rel}","templated":true}]}}