{"id":461447,"date":"2025-07-01T10:09:32","date_gmt":"2025-07-01T08:09:32","guid":{"rendered":"https:\/\/www.radiopiu.net\/wordpress\/?p=461447"},"modified":"2025-07-28T05:53:37","modified_gmt":"2025-07-28T03:53:37","slug":"il-palio-di-feltre-e-il-legame-con-i-cavalli-del-reparto-carabinieri-biodiversita","status":"publish","type":"post","link":"https:\/\/www.radiopiu.net\/wordpress\/il-palio-di-feltre-e-il-legame-con-i-cavalli-del-reparto-carabinieri-biodiversita\/","title":{"rendered":"IL PALIO DI FELTRE E IL LEGAME CON I CAVALLI DEL REPARTO CARABINIERI BIODIVERSIT\u00c0"},"content":{"rendered":"<p>*******<\/p>\n<p>&nbsp;<\/p>\n<p><strong>FELTRE <\/strong>Il Palio di Feltre non \u00e8 solo una rievocazione storica, ma un momento di profondo legame con le tradizioni e il territorio. Da oltre dieci anni, vi partecipano anche i cavalli del Reparto Carabinieri Biodiversit\u00e0 di Belluno. Le pattuglie ippomontate del Reparto a Cavallo sono ormai una presenza costante nella manifestazione pi\u00f9 sentita dalla citt\u00e0 di Feltre e dai suoi abitanti. La 46\u00aa edizione \u00e8 stata presentata ufficialmente sabato 26 luglio in Piazza Maggiore. Durante la cerimonia di presentazione dell\u2019edizione 2025 del Palio, il Comandante del Reparto Biodiversit\u00e0, Ten. Col. Elisabetta Tropea, ha ricevuto un gradito omaggio da parte dell\u2019Associazione Palio Citt\u00e0 di Feltre, in segno di riconoscenza per la consolidata collaborazione con il Reparto. I cavalli e i cavalieri del Reparto sfilano da anni con eleganza e solennit\u00e0 per le vie di Feltre, portando il loro saluto al pubblico e consegnando al mossiere la busta con l\u2019ordine di partenza della gara equestre. L\u2019apprezzamento espresso dalla citt\u00e0 evidenzia il profondo legame tra il Reparto Biodiversit\u00e0 e la comunit\u00e0 locale, un legame che si esprime nella costante presenza al servizio del territorio, attraverso la gestione delle riserve naturali statali, ma anche mediante l\u2019allevamento, la doma e l\u2019addestramento dei cavalli di razza maremmana, impiegati nei servizi di rappresentanza e nelle attivit\u00e0 di controllo e tutela dell\u2019ambiente montano. I cavalli del Reparto nascono nel cuore della Riserva Naturale Monti del Sole, all\u2019interno del Parco Nazionale Dolomiti Bellunesi, presso il Centro di Selezione Equestre di Salet. Nutriti con fieno proveniente dai prati e pascoli bellunesi, a Salet ricevono la doma e il primo addestramento da parte del personale specializzato del Reparto. Successivamente, vengono trasferiti al Centro Equestre situato nella Riserva Naturale Vincheto di Celarda, dove perfezionano la loro preparazione. Al termine del percorso di addestramento, i cavalli vengono impiegati in prestigiosi servizi istituzionali su tutto il territorio nazionale. Nel corso dell\u2019ultimo anno, ad esempio, la loro presenza \u00e8 stata richiesta per eventi di grande rilevanza nazionale e internazionale, tra cui Fiera Cavalli, Vinitaly, la Barcolana di Trieste e il G7 Agricoltura di Siracusa. Oltre ai servizi di rappresentanza, i maremmani del Reparto, grazie alla loro robustezza e resistenza, sono impiegati anche nel servizio di pattuglia nelle aree protette e in zone impervie, lungo i sentieri di montagna. In questi contesti, rappresentano un ideale punto d\u2019incontro tra l\u2019uomo, l\u2019istituzione e l\u2019ambiente naturale. Al Palio, questa connessione si esprime in modo particolarmente significativo, unendo la tradizione storica della citt\u00e0 con la sua identit\u00e0 naturalistica e paesaggistica. I cavalli dell\u2019Arma diventano cos\u00ec simbolo di continuit\u00e0 e di quel profondo legame che unisce il territorio, le sue tradizioni e le istituzioni che lo servono.<\/p>\n\n\t\t\t<style type='text\/css'>\n\t\t\t\t#gallery-1 {\n\t\t\t\t\tmargin: auto;\n\t\t\t\t}\n\t\t\t\t#gallery-1 .gallery-item {\n\t\t\t\t\tfloat: left;\n\t\t\t\t\tmargin-top: 10px;\n\t\t\t\t\ttext-align: center;\n\t\t\t\t\twidth: 33%;\n\t\t\t\t}\n\t\t\t\t#gallery-1 img {\n\t\t\t\t\tborder: 2px solid #cfcfcf;\n\t\t\t\t}\n\t\t\t\t#gallery-1 .gallery-caption {\n\t\t\t\t\tmargin-left: 0;\n\t\t\t\t}\n\t\t\t\t\/* see gallery_shortcode() in wp-includes\/media.php *\/\n\t\t\t<\/style>\n\t\t<div id='gallery-1' class='dt-gallery-container gallery galleryid-461447 gallery-columns-3 gallery-size-thumbnail'><dl class='gallery-item'>\n\t\t\t\t<dt class='gallery-icon landscape'>\n\t\t\t\t\t<a class=\"rollover rollover-zoom dt-pswp-item\" title=\"91cc5d25-b188-4724-b1ba-b2598995c94b\" data-dt-img-description=\"\" data-large_image_width=\"2048\" data-large_image_height=\"1536\"href='https:\/\/www.radiopiu.net\/wordpress\/wp-content\/uploads\/2025\/07\/91cc5d25-b188-4724-b1ba-b2598995c94b.jpg'><img loading=\"lazy\" decoding=\"async\" width=\"150\" height=\"150\" src=\"https:\/\/www.radiopiu.net\/wordpress\/wp-content\/uploads\/2025\/07\/91cc5d25-b188-4724-b1ba-b2598995c94b-150x150.jpg\" class=\"attachment-thumbnail size-thumbnail\" alt=\"\" \/><\/a>\n\t\t\t\t<\/dt><\/dl><dl class='gallery-item'>\n\t\t\t\t<dt class='gallery-icon portrait'>\n\t\t\t\t\t<a class=\"rollover rollover-zoom dt-pswp-item\" title=\"ea3b1742-8615-41c2-a0c4-c56f1fd7b6c4\" data-dt-img-description=\"\" data-large_image_width=\"1441\" data-large_image_height=\"2560\"href='https:\/\/www.radiopiu.net\/wordpress\/wp-content\/uploads\/2025\/07\/ea3b1742-8615-41c2-a0c4-c56f1fd7b6c4-scaled.jpg'><img loading=\"lazy\" decoding=\"async\" width=\"150\" height=\"150\" src=\"https:\/\/www.radiopiu.net\/wordpress\/wp-content\/uploads\/2025\/07\/ea3b1742-8615-41c2-a0c4-c56f1fd7b6c4-150x150.jpg\" class=\"attachment-thumbnail size-thumbnail\" alt=\"\" \/><\/a>\n\t\t\t\t<\/dt><\/dl><dl class='gallery-item'>\n\t\t\t\t<dt class='gallery-icon landscape'>\n\t\t\t\t\t<a class=\"rollover rollover-zoom dt-pswp-item\" title=\"2f53d4c2-7c32-48e1-ae70-ebd6c12161cc\" data-dt-img-description=\"\" data-large_image_width=\"1600\" data-large_image_height=\"1176\"href='https:\/\/www.radiopiu.net\/wordpress\/wp-content\/uploads\/2025\/07\/2f53d4c2-7c32-48e1-ae70-ebd6c12161cc.jpg'><img loading=\"lazy\" decoding=\"async\" width=\"150\" height=\"150\" src=\"https:\/\/www.radiopiu.net\/wordpress\/wp-content\/uploads\/2025\/07\/2f53d4c2-7c32-48e1-ae70-ebd6c12161cc-150x150.jpg\" class=\"attachment-thumbnail size-thumbnail\" alt=\"\" \/><\/a>\n\t\t\t\t<\/dt><\/dl><br style=\"clear: both\" \/>\n\t\t\t<\/div>\n\n<p>&nbsp;<\/p>\n<p>&nbsp;<\/p>\n<p>&nbsp;<\/p>\n<p>**********<\/p>\n","protected":false},"excerpt":{"rendered":"<p>******* &nbsp; FELTRE Il Palio di Feltre non \u00e8 solo una rievocazione storica, ma un momento di profondo legame con le tradizioni e il territorio. Da oltre dieci anni, vi partecipano anche i cavalli del Reparto Carabinieri Biodiversit\u00e0 di Belluno. Le pattuglie ippomontate del Reparto a Cavallo sono ormai una presenza costante nella manifestazione pi\u00f9&hellip;<\/p>\n","protected":false},"author":4,"featured_media":461448,"comment_status":"closed","ping_status":"closed","sticky":false,"template":"","format":"standard","meta":{"_monsterinsights_skip_tracking":false,"_monsterinsights_sitenote_active":false,"_monsterinsights_sitenote_note":"","_monsterinsights_sitenote_category":0,"footnotes":""},"categories":[51,49],"tags":[],"class_list":["post-461447","post","type-post","status-publish","format-standard","has-post-thumbnail","hentry","category-evidenza-top","category-news-18","category-51","category-49","description-off"],"img_url":"https:\/\/www.radiopiu.net\/wordpress\/wp-content\/uploads\/2025\/07\/91cc5d25-b188-4724-b1ba-b2598995c94b.jpg","_links":{"self":[{"href":"https:\/\/www.radiopiu.net\/wordpress\/wp-json\/wp\/v2\/posts\/461447","targetHints":{"allow":["GET"]}}],"collection":[{"href":"https:\/\/www.radiopiu.net\/wordpress\/wp-json\/wp\/v2\/posts"}],"about":[{"href":"https:\/\/www.radiopiu.net\/wordpress\/wp-json\/wp\/v2\/types\/post"}],"author":[{"embeddable":true,"href":"https:\/\/www.radiopiu.net\/wordpress\/wp-json\/wp\/v2\/users\/4"}],"replies":[{"embeddable":true,"href":"https:\/\/www.radiopiu.net\/wordpress\/wp-json\/wp\/v2\/comments?post=461447"}],"version-history":[{"count":1,"href":"https:\/\/www.radiopiu.net\/wordpress\/wp-json\/wp\/v2\/posts\/461447\/revisions"}],"predecessor-version":[{"id":461451,"href":"https:\/\/www.radiopiu.net\/wordpress\/wp-json\/wp\/v2\/posts\/461447\/revisions\/461451"}],"wp:featuredmedia":[{"embeddable":true,"href":"https:\/\/www.radiopiu.net\/wordpress\/wp-json\/wp\/v2\/media\/461448"}],"wp:attachment":[{"href":"https:\/\/www.radiopiu.net\/wordpress\/wp-json\/wp\/v2\/media?parent=461447"}],"wp:term":[{"taxonomy":"category","embeddable":true,"href":"https:\/\/www.radiopiu.net\/wordpress\/wp-json\/wp\/v2\/categories?post=461447"},{"taxonomy":"post_tag","embeddable":true,"href":"https:\/\/www.radiopiu.net\/wordpress\/wp-json\/wp\/v2\/tags?post=461447"}],"curies":[{"name":"wp","href":"https:\/\/api.w.org\/{rel}","templated":true}]}}