{"id":461485,"date":"2025-07-28T05:04:50","date_gmt":"2025-07-28T03:04:50","guid":{"rendered":"https:\/\/www.radiopiu.net\/wordpress\/?p=461485"},"modified":"2025-07-28T05:53:32","modified_gmt":"2025-07-28T03:53:32","slug":"dillo-a-radio-piu-le-aree-camper-di-agordo-e-taibon","status":"publish","type":"post","link":"https:\/\/www.radiopiu.net\/wordpress\/dillo-a-radio-piu-le-aree-camper-di-agordo-e-taibon\/","title":{"rendered":"DILLO A RADIO PIU&#8217;&#8230;LE AREE CAMPER DI AGORDO E TAIBON"},"content":{"rendered":"<p>*********<\/p>\n<p>&nbsp;<\/p>\n<p><strong><a class=\"dt-pswp-item\" href=\"https:\/\/www.radiopiu.net\/wordpress\/wp-content\/uploads\/2025\/06\/CAMPER.jpg\" data-dt-img-description=\"\" data-large_image_width=\"1280\" data-large_image_height=\"853\"><img loading=\"lazy\" decoding=\"async\" class=\" wp-image-454548 alignleft\" src=\"https:\/\/www.radiopiu.net\/wordpress\/wp-content\/uploads\/2025\/06\/CAMPER-300x200.jpg\" alt=\"\" width=\"198\" height=\"132\" srcset=\"https:\/\/www.radiopiu.net\/wordpress\/wp-content\/uploads\/2025\/06\/CAMPER-300x200.jpg 300w, https:\/\/www.radiopiu.net\/wordpress\/wp-content\/uploads\/2025\/06\/CAMPER-1024x682.jpg 1024w, https:\/\/www.radiopiu.net\/wordpress\/wp-content\/uploads\/2025\/06\/CAMPER-768x512.jpg 768w, https:\/\/www.radiopiu.net\/wordpress\/wp-content\/uploads\/2025\/06\/CAMPER.jpg 1280w\" sizes=\"auto, (max-width: 198px) 100vw, 198px\" \/><\/a>RICEVIAMO E PUBBLICHIAMO<\/strong><\/p>\n<p>Purtroppo mi trovo nuovamente a scrivervi per segnalare la situazione che noi camperisti viviamo qui, nella splendida Agordo e nel Parco delle Dolomiti Bellunesi. Dopo la rimozione della vecchia area camper in Valcozzena \u2013 dove era possibile effettuare rapidamente carico e scarico, sebbene con qualche difficolt\u00e0 dovuta alle auto dei lavoratori Luxottica (che ora, giustamente, usufruiscono dei nuovi parcheggi) \u2013 ecco la \u201cnovit\u00e0\u201d. \u00c8 stata realizzata una nuova area con griglia di scarico, impianto per acque nere e acqua potabile, il tutto ben segnalato in pi\u00f9 lingue. Sulla carta, perfetta. Peccato che, al 27 luglio, l\u2019area sia ancora transennata e apparentemente non funzionante. Durante il periodo del circo mi era parso che le transenne fossero state rimosse e che qualcuno ne stesse usufruendo, ma forse mi sbagliavo. Il punto \u00e8 che siamo a fine luglio 2025, in piena stagione turistica, e nell\u2019area tra Sedico e Caprile esistono solo due punti attrezzati per i servizi dei camper. Quella di Agordo \u00e8 nuova ma non operativa; quella di Taibon \u00e8 nuova ma fino a pochi giorni fa era irraggiungibile dai mezzi pi\u00f9 grandi a causa di lavori stradali. Mi chiedo se i sindaci e le amministrazioni comunali del Bellunese si rendano conto di come stanno trattando il crescente movimento dei camperisti, che rappresenta una fetta importante del turismo attuale. Dove dovremmo effettuare i servizi base? Inoltre, gli unici punti attivi sono a pagamento come una sosta completa, con pernottamento e allaccio alla rete elettrica: un\u2019assurdit\u00e0 per chi vuole semplicemente eseguire le operazioni di carico e scarico. Perch\u00e9 non completare le strutture e renderle finalmente funzionali? Non ho davvero pi\u00f9 parole.<\/p>\n<p>Alessandra<\/p>\n<p>&nbsp;<\/p>\n<p>&nbsp;<\/p>\n<p>&nbsp;<\/p>\n<p>&nbsp;<\/p>\n<p>*********<\/p>\n","protected":false},"excerpt":{"rendered":"<p>********* &nbsp; RICEVIAMO E PUBBLICHIAMO Purtroppo mi trovo nuovamente a scrivervi per segnalare la situazione che noi camperisti viviamo qui, nella splendida Agordo e nel Parco delle Dolomiti Bellunesi. Dopo la rimozione della vecchia area camper in Valcozzena \u2013 dove era possibile effettuare rapidamente carico e scarico, sebbene con qualche difficolt\u00e0 dovuta alle auto dei&hellip;<\/p>\n","protected":false},"author":4,"featured_media":454548,"comment_status":"closed","ping_status":"closed","sticky":false,"template":"","format":"standard","meta":{"_monsterinsights_skip_tracking":false,"_monsterinsights_sitenote_active":false,"_monsterinsights_sitenote_note":"","_monsterinsights_sitenote_category":0,"footnotes":""},"categories":[51,49],"tags":[],"class_list":["post-461485","post","type-post","status-publish","format-standard","has-post-thumbnail","hentry","category-evidenza-top","category-news-18","category-51","category-49","description-off"],"img_url":"https:\/\/www.radiopiu.net\/wordpress\/wp-content\/uploads\/2025\/06\/CAMPER.jpg","_links":{"self":[{"href":"https:\/\/www.radiopiu.net\/wordpress\/wp-json\/wp\/v2\/posts\/461485","targetHints":{"allow":["GET"]}}],"collection":[{"href":"https:\/\/www.radiopiu.net\/wordpress\/wp-json\/wp\/v2\/posts"}],"about":[{"href":"https:\/\/www.radiopiu.net\/wordpress\/wp-json\/wp\/v2\/types\/post"}],"author":[{"embeddable":true,"href":"https:\/\/www.radiopiu.net\/wordpress\/wp-json\/wp\/v2\/users\/4"}],"replies":[{"embeddable":true,"href":"https:\/\/www.radiopiu.net\/wordpress\/wp-json\/wp\/v2\/comments?post=461485"}],"version-history":[{"count":1,"href":"https:\/\/www.radiopiu.net\/wordpress\/wp-json\/wp\/v2\/posts\/461485\/revisions"}],"predecessor-version":[{"id":461488,"href":"https:\/\/www.radiopiu.net\/wordpress\/wp-json\/wp\/v2\/posts\/461485\/revisions\/461488"}],"wp:featuredmedia":[{"embeddable":true,"href":"https:\/\/www.radiopiu.net\/wordpress\/wp-json\/wp\/v2\/media\/454548"}],"wp:attachment":[{"href":"https:\/\/www.radiopiu.net\/wordpress\/wp-json\/wp\/v2\/media?parent=461485"}],"wp:term":[{"taxonomy":"category","embeddable":true,"href":"https:\/\/www.radiopiu.net\/wordpress\/wp-json\/wp\/v2\/categories?post=461485"},{"taxonomy":"post_tag","embeddable":true,"href":"https:\/\/www.radiopiu.net\/wordpress\/wp-json\/wp\/v2\/tags?post=461485"}],"curies":[{"name":"wp","href":"https:\/\/api.w.org\/{rel}","templated":true}]}}