{"id":461499,"date":"2025-07-28T13:30:54","date_gmt":"2025-07-28T11:30:54","guid":{"rendered":"https:\/\/www.radiopiu.net\/wordpress\/?p=461499"},"modified":"2025-07-27T11:07:32","modified_gmt":"2025-07-27T09:07:32","slug":"i-racconti-di-paolo-soppelsa-puntata-286","status":"publish","type":"post","link":"https:\/\/www.radiopiu.net\/wordpress\/i-racconti-di-paolo-soppelsa-puntata-286\/","title":{"rendered":"I RACCONTI DI PAOLO SOPPELSA &#8211; PUNTATA 286"},"content":{"rendered":"<p>********<\/p>\n<p>&nbsp;<\/p>\n<p><strong>LE MONTAGNE<\/strong><\/p>\n<p><strong>AUDIO<\/strong><\/p>\n<audio class=\"wp-audio-shortcode\" id=\"audio-461499-1\" preload=\"none\" style=\"width: 100%;\" controls=\"controls\"><source type=\"audio\/mpeg\" src=\"https:\/\/www.radiopiu.net\/wordpress\/wp-content\/uploads\/2025\/07\/PAOLOS-3.mp3?_=1\" \/><a href=\"https:\/\/www.radiopiu.net\/wordpress\/wp-content\/uploads\/2025\/07\/PAOLOS-3.mp3\">https:\/\/www.radiopiu.net\/wordpress\/wp-content\/uploads\/2025\/07\/PAOLOS-3.mp3<\/a><\/audio>\n<p>&nbsp;<\/p>\n<p><a class=\"dt-pswp-item\" href=\"https:\/\/www.radiopiu.net\/wordpress\/wp-content\/uploads\/2025\/07\/adfdbd94-1ea7-4c4a-b756-0886d0ad8ba7.jpg\" data-dt-img-description=\"\" data-large_image_width=\"960\" data-large_image_height=\"720\"><img loading=\"lazy\" decoding=\"async\" class=\" wp-image-461501 alignleft\" src=\"https:\/\/www.radiopiu.net\/wordpress\/wp-content\/uploads\/2025\/07\/adfdbd94-1ea7-4c4a-b756-0886d0ad8ba7-300x225.jpg\" alt=\"\" width=\"203\" height=\"152\" srcset=\"https:\/\/www.radiopiu.net\/wordpress\/wp-content\/uploads\/2025\/07\/adfdbd94-1ea7-4c4a-b756-0886d0ad8ba7-300x225.jpg 300w, https:\/\/www.radiopiu.net\/wordpress\/wp-content\/uploads\/2025\/07\/adfdbd94-1ea7-4c4a-b756-0886d0ad8ba7-768x576.jpg 768w, https:\/\/www.radiopiu.net\/wordpress\/wp-content\/uploads\/2025\/07\/adfdbd94-1ea7-4c4a-b756-0886d0ad8ba7.jpg 960w\" sizes=\"auto, (max-width: 203px) 100vw, 203px\" \/><\/a>Le aveva sempre guardate le montagne, fin da quando era bambino, e da allora non aveva mai smesso. Quelle cime, quelle valli strette a volte severe, quelle pareti verticali che si innalzano da certi zoccoli coperti di mughi, non erano diventati abitudine. Amava avere innanzi a s\u00e9 un orizzonte definito, non gli piacevano i grandi spazi senza sfondo propri delle infinite pianure e del mare. Quello di Belluno era un orizzonte ampio, sbarrato a nord dalle prime montagne dolomitiche. Schiara e Pelf, con la loro ragguardevole altezza e le pareti verticali di nuda roccia, gli ricordavano le montagne agordine che trovava quando saliva al paese. Alla loro sinistra, invece, le montagne che chiudevano la vista in direzione dell&#8217;Agordino, erano diverse, apparentemente anonime ma certamente non prive di fascino. Quando si inoltrava con l&#8217;auto lungo la Strada Madre, alzava sempre gli occhi per cercare quelle cime appartate e senza particolare gloria. Osservava il brusco innalzarsi dal fondovalle, seguiva con lo sguardo i ripidi canaloni, cercava le cenge lungo le quali, un tempo, si muovevano abili cacciatori di camosci. Pensava che le montagne, in fondo, fossero un po\u2019 come le persone. Alcune dei capolavori di bellezza, attraenti e solari. Altre invece cupe e selvagge, apparentemente insignificanti, e quindi poco invitanti. Eppure, se solo si fosse riusciti ad andare oltre le apparenze, anche le montagne meno attraenti potevano svelare mille inaspettate meraviglie. La Pala Alta, ad esempio, era cos\u00ec. Montagna aspra, dura e un po\u2019 anonima nel versante bellunese, severa e imponente nel versante che sovrasta la Val Cordevole. Quasi mille metri di dislivello da salire tutti d\u2019un fiato, un mondo di loppe e roccette capace di regalare panorami incredibili. Dalla cima, una visuale completa delle affascinanti e misteriose valli che compongono il variegato mondo della Schiara e soprattutto la vista del Burel, quella altissima parete che precipita nell\u2019oscurit\u00e0 della Val de Piero, sogno e incubo di molti alpinisti. Il Burel, la seconda parete pi\u00f9 alta delle Dolomiti, battuta in sviluppo solo dal mitico spigolo nord dell\u2019Agner. Il Burel, un abisso nascosto, invisibile ad occhi distratti. Una parete che, per ammirarla in tutta la sua severa imponenza, va cercata. Un grido di pietra che sale dai pi\u00f9 profondi inferi di quella montagna che porta il pi\u00f9 luminoso e gentile dei nomi. Sulla cima della Pala Alta era salito per la prima volta tanti anni prima, durante una calda giornata di fine di aprile. C&#8217;era il sole che scioglieva le ultime tracce di neve, e si ammirava un panorama carico di cime e valli aspre e selvagge dove circolano pochi uomini e molti camosci. S\u00ec, le montagne, in fondo, erano davvero come le persone, andavano conosciute in profondit\u00e0. Solamente allora avrebbero potuto svelare tutto il loro fascino. Quando arrivava a Cencenighe ritrovava le montagne pi\u00f9 care, quelle che aveva salito svariate volte. Incombenti, potenti nel chiudere l&#8217;orizzonte, custodivano il paese situato all&#8217;incrocio delle valli e dei venti. Il paese era un po\u2019 cambiato nel corso dei decenni, le montagne invece erano rimaste uguali. Gli piaceva l&#8217;idea di poter ammirare l\u2019identico scenario vissuto dai suoi antenati. Quell\u2019osservare gli riportava memorie di uomini che non c&#8217;erano pi\u00f9 e di vite vissute in simbiosi con quella loro terra. Al tramonto, quando le montagne iniziavano il loro abbandonarsi alla notte nascente, ritornavano attimi lontani nel tempo, capaci di risvegliare ricordi che lo scorrere degli anni aveva reso pi\u00f9 dolci. Al tempo del buio, la Stella del Pelsa, con la sua tenue luce avrebbe rischiarato la sua anima semplice che, nella quiete di un&#8217;altra notte agordina, si sarebbe lasciata cullare dalle sue amate montagne.<\/p>\n<p>&nbsp;<\/p>\n<p>&nbsp;<\/p>\n<p>&nbsp;<\/p>\n<p>&nbsp;<\/p>\n<p>&nbsp;<\/p>\n<p>**********<\/p>\n","protected":false},"excerpt":{"rendered":"<p>******** &nbsp; LE MONTAGNE AUDIO &nbsp; Le aveva sempre guardate le montagne, fin da quando era bambino, e da allora non aveva mai smesso. Quelle cime, quelle valli strette a volte severe, quelle pareti verticali che si innalzano da certi zoccoli coperti di mughi, non erano diventati abitudine. Amava avere innanzi a s\u00e9 un orizzonte&hellip;<\/p>\n","protected":false},"author":4,"featured_media":461501,"comment_status":"closed","ping_status":"closed","sticky":false,"template":"","format":"standard","meta":{"_monsterinsights_skip_tracking":false,"_monsterinsights_sitenote_active":false,"_monsterinsights_sitenote_note":"","_monsterinsights_sitenote_category":0,"footnotes":""},"categories":[49,112],"tags":[],"class_list":["post-461499","post","type-post","status-publish","format-standard","has-post-thumbnail","hentry","category-news-18","category-racconti-soppelsa","category-49","category-112","description-off"],"img_url":"https:\/\/www.radiopiu.net\/wordpress\/wp-content\/uploads\/2025\/07\/adfdbd94-1ea7-4c4a-b756-0886d0ad8ba7.jpg","_links":{"self":[{"href":"https:\/\/www.radiopiu.net\/wordpress\/wp-json\/wp\/v2\/posts\/461499","targetHints":{"allow":["GET"]}}],"collection":[{"href":"https:\/\/www.radiopiu.net\/wordpress\/wp-json\/wp\/v2\/posts"}],"about":[{"href":"https:\/\/www.radiopiu.net\/wordpress\/wp-json\/wp\/v2\/types\/post"}],"author":[{"embeddable":true,"href":"https:\/\/www.radiopiu.net\/wordpress\/wp-json\/wp\/v2\/users\/4"}],"replies":[{"embeddable":true,"href":"https:\/\/www.radiopiu.net\/wordpress\/wp-json\/wp\/v2\/comments?post=461499"}],"version-history":[{"count":1,"href":"https:\/\/www.radiopiu.net\/wordpress\/wp-json\/wp\/v2\/posts\/461499\/revisions"}],"predecessor-version":[{"id":461502,"href":"https:\/\/www.radiopiu.net\/wordpress\/wp-json\/wp\/v2\/posts\/461499\/revisions\/461502"}],"wp:featuredmedia":[{"embeddable":true,"href":"https:\/\/www.radiopiu.net\/wordpress\/wp-json\/wp\/v2\/media\/461501"}],"wp:attachment":[{"href":"https:\/\/www.radiopiu.net\/wordpress\/wp-json\/wp\/v2\/media?parent=461499"}],"wp:term":[{"taxonomy":"category","embeddable":true,"href":"https:\/\/www.radiopiu.net\/wordpress\/wp-json\/wp\/v2\/categories?post=461499"},{"taxonomy":"post_tag","embeddable":true,"href":"https:\/\/www.radiopiu.net\/wordpress\/wp-json\/wp\/v2\/tags?post=461499"}],"curies":[{"name":"wp","href":"https:\/\/api.w.org\/{rel}","templated":true}]}}