{"id":461509,"date":"2025-07-28T01:00:18","date_gmt":"2025-07-27T23:00:18","guid":{"rendered":"https:\/\/www.radiopiu.net\/wordpress\/?p=461509"},"modified":"2025-07-28T05:56:30","modified_gmt":"2025-07-28T03:56:30","slug":"luka-kovacic-e-alba-de-silvestro-si-aggiudicano-la-vertical-col-de-lana-2025","status":"publish","type":"post","link":"https:\/\/www.radiopiu.net\/wordpress\/luka-kovacic-e-alba-de-silvestro-si-aggiudicano-la-vertical-col-de-lana-2025\/","title":{"rendered":"LUKA KOVACIC E ALBA DE SILVESTRO SI AGGIUDICANO LA VERTICAL COL DE LANA 2025"},"content":{"rendered":"<p>*******<\/p>\n<p>&nbsp;<\/p>\n<p><strong><a class=\"dt-pswp-item\" href=\"https:\/\/www.radiopiu.net\/wordpress\/wp-content\/uploads\/2025\/07\/SCR-20250722-qzbe.jpeg\" data-dt-img-description=\"\" data-large_image_width=\"1398\" data-large_image_height=\"984\"><img loading=\"lazy\" decoding=\"async\" class=\" wp-image-460723 alignleft\" src=\"https:\/\/www.radiopiu.net\/wordpress\/wp-content\/uploads\/2025\/07\/SCR-20250722-qzbe-300x211.jpeg\" alt=\"\" width=\"218\" height=\"153\" srcset=\"https:\/\/www.radiopiu.net\/wordpress\/wp-content\/uploads\/2025\/07\/SCR-20250722-qzbe-300x211.jpeg 300w, https:\/\/www.radiopiu.net\/wordpress\/wp-content\/uploads\/2025\/07\/SCR-20250722-qzbe-1024x721.jpeg 1024w, https:\/\/www.radiopiu.net\/wordpress\/wp-content\/uploads\/2025\/07\/SCR-20250722-qzbe-768x541.jpeg 768w, https:\/\/www.radiopiu.net\/wordpress\/wp-content\/uploads\/2025\/07\/SCR-20250722-qzbe.jpeg 1398w\" sizes=\"auto, (max-width: 218px) 100vw, 218px\" \/><\/a>LIVINALLONGO\u00a0<\/strong>Un\u2019emozionante sfida contro la gravit\u00e0 ha infiammato i sentieri di Livinallongo del Col di Lana con la Vertical Col de Lana 2025, gara di corsa in montagna che ha messo alla prova atleti e atlete lungo un percorso breve ma intensissimo: 2 km di lunghezza per 1000 metri di dislivello positivo. In una giornata ideale per la competizione, si \u00e8 imposto lo sloveno Luka Kova\u010di\u010d, specialista delle vertical race, che ha sbaragliato la concorrenza fermando il cronometro a un impressionante 33&#8217;27&#8221;. Alle sue spalle, ottimo secondo posto per Hermann Debertolis, mentre il terzo gradino del podio \u00e8 andato ad Armin Larch, autore anch\u2019egli di una prova di grande intensit\u00e0. In campo femminile, a dominare la scena \u00e8 stata Alba De Silvestro, che ha fatto valere la sua esperienza e il suo passo in salita, chiudendo in 40&#8217;42&#8221;. Sul podio anche Corinna Ghirardi, seconda, e Denise Palla, terza, entrambe protagoniste di una prova solida e coraggiosa.<\/p>\n<p><strong>PER CONSULTARE LA CLASSIFICA <a href=\"https:\/\/sportdolomiti.it\/coldilana_classifiche_25#1_062A7F\"><span style=\"color: #3366ff;\">CLICCA QUI<\/span><\/a><\/strong><\/p>\n\n\t\t\t<style type='text\/css'>\n\t\t\t\t#gallery-1 {\n\t\t\t\t\tmargin: auto;\n\t\t\t\t}\n\t\t\t\t#gallery-1 .gallery-item {\n\t\t\t\t\tfloat: left;\n\t\t\t\t\tmargin-top: 10px;\n\t\t\t\t\ttext-align: center;\n\t\t\t\t\twidth: 33%;\n\t\t\t\t}\n\t\t\t\t#gallery-1 img {\n\t\t\t\t\tborder: 2px solid #cfcfcf;\n\t\t\t\t}\n\t\t\t\t#gallery-1 .gallery-caption {\n\t\t\t\t\tmargin-left: 0;\n\t\t\t\t}\n\t\t\t\t\/* see gallery_shortcode() in wp-includes\/media.php *\/\n\t\t\t<\/style>\n\t\t<div id='gallery-1' class='dt-gallery-container gallery galleryid-461509 gallery-columns-3 gallery-size-medium'><dl class='gallery-item'>\n\t\t\t\t<dt class='gallery-icon landscape'>\n\t\t\t\t\t<a class=\"rollover rollover-zoom dt-pswp-item\" title=\"80038641-653a-45a1-a1f1-aa51ce58092f\" data-dt-img-description=\"\" data-large_image_width=\"1599\" data-large_image_height=\"1200\"href='https:\/\/www.radiopiu.net\/wordpress\/wp-content\/uploads\/2025\/07\/80038641-653a-45a1-a1f1-aa51ce58092f.jpg'><img loading=\"lazy\" decoding=\"async\" width=\"300\" height=\"225\" src=\"https:\/\/www.radiopiu.net\/wordpress\/wp-content\/uploads\/2025\/07\/80038641-653a-45a1-a1f1-aa51ce58092f-300x225.jpg\" class=\"attachment-medium size-medium\" alt=\"\" srcset=\"https:\/\/www.radiopiu.net\/wordpress\/wp-content\/uploads\/2025\/07\/80038641-653a-45a1-a1f1-aa51ce58092f-300x225.jpg 300w, https:\/\/www.radiopiu.net\/wordpress\/wp-content\/uploads\/2025\/07\/80038641-653a-45a1-a1f1-aa51ce58092f-1024x768.jpg 1024w, https:\/\/www.radiopiu.net\/wordpress\/wp-content\/uploads\/2025\/07\/80038641-653a-45a1-a1f1-aa51ce58092f-768x576.jpg 768w, https:\/\/www.radiopiu.net\/wordpress\/wp-content\/uploads\/2025\/07\/80038641-653a-45a1-a1f1-aa51ce58092f-1536x1153.jpg 1536w, https:\/\/www.radiopiu.net\/wordpress\/wp-content\/uploads\/2025\/07\/80038641-653a-45a1-a1f1-aa51ce58092f.jpg 1599w\" sizes=\"auto, (max-width: 300px) 100vw, 300px\" \/><\/a>\n\t\t\t\t<\/dt><\/dl><dl class='gallery-item'>\n\t\t\t\t<dt class='gallery-icon landscape'>\n\t\t\t\t\t<a class=\"rollover rollover-zoom dt-pswp-item\" title=\"b9c2dfd8-e1b7-4639-846f-43b341228b7b\" data-dt-img-description=\"\" data-large_image_width=\"1599\" data-large_image_height=\"1599\"href='https:\/\/www.radiopiu.net\/wordpress\/wp-content\/uploads\/2025\/07\/b9c2dfd8-e1b7-4639-846f-43b341228b7b.jpg'><img loading=\"lazy\" decoding=\"async\" width=\"300\" height=\"300\" src=\"https:\/\/www.radiopiu.net\/wordpress\/wp-content\/uploads\/2025\/07\/b9c2dfd8-e1b7-4639-846f-43b341228b7b-300x300.jpg\" class=\"attachment-medium size-medium\" alt=\"\" srcset=\"https:\/\/www.radiopiu.net\/wordpress\/wp-content\/uploads\/2025\/07\/b9c2dfd8-e1b7-4639-846f-43b341228b7b-300x300.jpg 300w, https:\/\/www.radiopiu.net\/wordpress\/wp-content\/uploads\/2025\/07\/b9c2dfd8-e1b7-4639-846f-43b341228b7b-1024x1024.jpg 1024w, https:\/\/www.radiopiu.net\/wordpress\/wp-content\/uploads\/2025\/07\/b9c2dfd8-e1b7-4639-846f-43b341228b7b-150x150.jpg 150w, https:\/\/www.radiopiu.net\/wordpress\/wp-content\/uploads\/2025\/07\/b9c2dfd8-e1b7-4639-846f-43b341228b7b-768x768.jpg 768w, https:\/\/www.radiopiu.net\/wordpress\/wp-content\/uploads\/2025\/07\/b9c2dfd8-e1b7-4639-846f-43b341228b7b-1536x1536.jpg 1536w, https:\/\/www.radiopiu.net\/wordpress\/wp-content\/uploads\/2025\/07\/b9c2dfd8-e1b7-4639-846f-43b341228b7b.jpg 1599w\" sizes=\"auto, (max-width: 300px) 100vw, 300px\" \/><\/a>\n\t\t\t\t<\/dt><\/dl><dl class='gallery-item'>\n\t\t\t\t<dt class='gallery-icon landscape'>\n\t\t\t\t\t<a class=\"rollover rollover-zoom dt-pswp-item\" title=\"14c42c05-a74f-471e-ab1c-0894dcc75f1b\" data-dt-img-description=\"\" data-large_image_width=\"1599\" data-large_image_height=\"1599\"href='https:\/\/www.radiopiu.net\/wordpress\/wp-content\/uploads\/2025\/07\/14c42c05-a74f-471e-ab1c-0894dcc75f1b.jpg'><img loading=\"lazy\" decoding=\"async\" width=\"300\" height=\"300\" src=\"https:\/\/www.radiopiu.net\/wordpress\/wp-content\/uploads\/2025\/07\/14c42c05-a74f-471e-ab1c-0894dcc75f1b-300x300.jpg\" class=\"attachment-medium size-medium\" alt=\"\" srcset=\"https:\/\/www.radiopiu.net\/wordpress\/wp-content\/uploads\/2025\/07\/14c42c05-a74f-471e-ab1c-0894dcc75f1b-300x300.jpg 300w, https:\/\/www.radiopiu.net\/wordpress\/wp-content\/uploads\/2025\/07\/14c42c05-a74f-471e-ab1c-0894dcc75f1b-1024x1024.jpg 1024w, https:\/\/www.radiopiu.net\/wordpress\/wp-content\/uploads\/2025\/07\/14c42c05-a74f-471e-ab1c-0894dcc75f1b-150x150.jpg 150w, https:\/\/www.radiopiu.net\/wordpress\/wp-content\/uploads\/2025\/07\/14c42c05-a74f-471e-ab1c-0894dcc75f1b-768x768.jpg 768w, https:\/\/www.radiopiu.net\/wordpress\/wp-content\/uploads\/2025\/07\/14c42c05-a74f-471e-ab1c-0894dcc75f1b-1536x1536.jpg 1536w, https:\/\/www.radiopiu.net\/wordpress\/wp-content\/uploads\/2025\/07\/14c42c05-a74f-471e-ab1c-0894dcc75f1b.jpg 1599w\" sizes=\"auto, (max-width: 300px) 100vw, 300px\" \/><\/a>\n\t\t\t\t<\/dt><\/dl><br style=\"clear: both\" \/>\n\t\t\t<\/div>\n\n<p>&nbsp;<\/p>\n<p>&nbsp;<\/p>\n<p>&nbsp;<\/p>\n<p>***********<\/p>\n","protected":false},"excerpt":{"rendered":"<p>******* &nbsp; LIVINALLONGO\u00a0Un\u2019emozionante sfida contro la gravit\u00e0 ha infiammato i sentieri di Livinallongo del Col di Lana con la Vertical Col de Lana 2025, gara di corsa in montagna che ha messo alla prova atleti e atlete lungo un percorso breve ma intensissimo: 2 km di lunghezza per 1000 metri di dislivello positivo. In una&hellip;<\/p>\n","protected":false},"author":4,"featured_media":460723,"comment_status":"closed","ping_status":"closed","sticky":false,"template":"","format":"standard","meta":{"_monsterinsights_skip_tracking":false,"_monsterinsights_sitenote_active":false,"_monsterinsights_sitenote_note":"","_monsterinsights_sitenote_category":0,"footnotes":""},"categories":[104,49],"tags":[],"class_list":["post-461509","post","type-post","status-publish","format-standard","has-post-thumbnail","hentry","category-evidenza_3","category-news-18","category-104","category-49","description-off"],"img_url":"https:\/\/www.radiopiu.net\/wordpress\/wp-content\/uploads\/2025\/07\/SCR-20250722-qzbe.jpeg","_links":{"self":[{"href":"https:\/\/www.radiopiu.net\/wordpress\/wp-json\/wp\/v2\/posts\/461509","targetHints":{"allow":["GET"]}}],"collection":[{"href":"https:\/\/www.radiopiu.net\/wordpress\/wp-json\/wp\/v2\/posts"}],"about":[{"href":"https:\/\/www.radiopiu.net\/wordpress\/wp-json\/wp\/v2\/types\/post"}],"author":[{"embeddable":true,"href":"https:\/\/www.radiopiu.net\/wordpress\/wp-json\/wp\/v2\/users\/4"}],"replies":[{"embeddable":true,"href":"https:\/\/www.radiopiu.net\/wordpress\/wp-json\/wp\/v2\/comments?post=461509"}],"version-history":[{"count":5,"href":"https:\/\/www.radiopiu.net\/wordpress\/wp-json\/wp\/v2\/posts\/461509\/revisions"}],"predecessor-version":[{"id":461576,"href":"https:\/\/www.radiopiu.net\/wordpress\/wp-json\/wp\/v2\/posts\/461509\/revisions\/461576"}],"wp:featuredmedia":[{"embeddable":true,"href":"https:\/\/www.radiopiu.net\/wordpress\/wp-json\/wp\/v2\/media\/460723"}],"wp:attachment":[{"href":"https:\/\/www.radiopiu.net\/wordpress\/wp-json\/wp\/v2\/media?parent=461509"}],"wp:term":[{"taxonomy":"category","embeddable":true,"href":"https:\/\/www.radiopiu.net\/wordpress\/wp-json\/wp\/v2\/categories?post=461509"},{"taxonomy":"post_tag","embeddable":true,"href":"https:\/\/www.radiopiu.net\/wordpress\/wp-json\/wp\/v2\/tags?post=461509"}],"curies":[{"name":"wp","href":"https:\/\/api.w.org\/{rel}","templated":true}]}}