{"id":461527,"date":"2025-07-02T17:35:36","date_gmt":"2025-07-02T15:35:36","guid":{"rendered":"https:\/\/www.radiopiu.net\/wordpress\/?p=461527"},"modified":"2025-07-28T05:50:52","modified_gmt":"2025-07-28T03:50:52","slug":"incidente-a-longarone-25enne-in-ospedale","status":"publish","type":"post","link":"https:\/\/www.radiopiu.net\/wordpress\/incidente-a-longarone-25enne-in-ospedale\/","title":{"rendered":"INCIDENTE A LONGARONE: 25ENNE IN OSPEDALE"},"content":{"rendered":"<p>*******<\/p>\n<p>&nbsp;<\/p>\n<p><strong><a class=\"dt-pswp-item\" href=\"https:\/\/www.radiopiu.net\/wordpress\/wp-content\/uploads\/2024\/03\/e040112e-5e6f-4e7a-9965-35c6262d822e.jpg\" data-dt-img-description=\"\" data-large_image_width=\"1071\" data-large_image_height=\"679\"><img loading=\"lazy\" decoding=\"async\" class=\" wp-image-379219 alignleft\" src=\"https:\/\/www.radiopiu.net\/wordpress\/wp-content\/uploads\/2024\/03\/e040112e-5e6f-4e7a-9965-35c6262d822e-300x190.jpg\" alt=\"\" width=\"182\" height=\"115\" srcset=\"https:\/\/www.radiopiu.net\/wordpress\/wp-content\/uploads\/2024\/03\/e040112e-5e6f-4e7a-9965-35c6262d822e-300x190.jpg 300w, https:\/\/www.radiopiu.net\/wordpress\/wp-content\/uploads\/2024\/03\/e040112e-5e6f-4e7a-9965-35c6262d822e-1024x649.jpg 1024w, https:\/\/www.radiopiu.net\/wordpress\/wp-content\/uploads\/2024\/03\/e040112e-5e6f-4e7a-9965-35c6262d822e-768x487.jpg 768w, https:\/\/www.radiopiu.net\/wordpress\/wp-content\/uploads\/2024\/03\/e040112e-5e6f-4e7a-9965-35c6262d822e.jpg 1071w\" sizes=\"auto, (max-width: 182px) 100vw, 182px\" \/><\/a>REDAZIONE <\/strong>In mattinata, lungo la SP251 a Longarone, si \u00e8 verificato un incidente stradale. Un uomo di 25 anni, residente a Belluno, \u00e8 rimasto ferito in seguito al sinistro. Il paziente, classificato con ferite di media gravit\u00e0, \u00e8 stato trasportato in ambulanza al Pronto Soccorso di Belluno. Un altro incidente ha coinvolto un ciclista sempre a Belluno. L\u2019uomo, 49 anni, \u00e8 caduto riportando ferite di media gravit\u00e0. Anche in questo caso, l&#8217;intervento \u00e8 stato gestito via ambulanza con destinazione il Pronto Soccorso di Belluno. Nel primo pomeriggio un&#8217;operazione di soccorso si \u00e8 svolta a Forni di Sopra, dove un uomo di 91 anni, residente a Udine, ha richiesto l\u2019intervento per un malore. La gravit\u00e0 della situazione ha richiesto l&#8217;intervento dell\u2019elisoccorso Falco 1, che ha trasportato il paziente all\u2019ospedale di Belluno. Un ulteriore intervento si \u00e8 registrato a Cortina d\u2019Ampezzo per un incidente in bici. I dati relativi al paziente sono parziali, ma si sa che \u00e8 stato necessario l\u2019impiego dell\u2019elisoccorso Falco 2 per il trasferimento.<\/p>\n<p>&nbsp;<\/p>\n<p>&nbsp;<\/p>\n<p>&nbsp;<\/p>\n<p>*********<\/p>\n","protected":false},"excerpt":{"rendered":"<p>******* &nbsp; REDAZIONE In mattinata, lungo la SP251 a Longarone, si \u00e8 verificato un incidente stradale. Un uomo di 25 anni, residente a Belluno, \u00e8 rimasto ferito in seguito al sinistro. Il paziente, classificato con ferite di media gravit\u00e0, \u00e8 stato trasportato in ambulanza al Pronto Soccorso di Belluno. Un altro incidente ha coinvolto un&hellip;<\/p>\n","protected":false},"author":4,"featured_media":379219,"comment_status":"closed","ping_status":"closed","sticky":false,"template":"","format":"standard","meta":{"_monsterinsights_skip_tracking":false,"_monsterinsights_sitenote_active":false,"_monsterinsights_sitenote_note":"","_monsterinsights_sitenote_category":0,"footnotes":""},"categories":[49],"tags":[],"class_list":["post-461527","post","type-post","status-publish","format-standard","has-post-thumbnail","hentry","category-news-18","category-49","description-off"],"img_url":"https:\/\/www.radiopiu.net\/wordpress\/wp-content\/uploads\/2024\/03\/e040112e-5e6f-4e7a-9965-35c6262d822e.jpg","_links":{"self":[{"href":"https:\/\/www.radiopiu.net\/wordpress\/wp-json\/wp\/v2\/posts\/461527","targetHints":{"allow":["GET"]}}],"collection":[{"href":"https:\/\/www.radiopiu.net\/wordpress\/wp-json\/wp\/v2\/posts"}],"about":[{"href":"https:\/\/www.radiopiu.net\/wordpress\/wp-json\/wp\/v2\/types\/post"}],"author":[{"embeddable":true,"href":"https:\/\/www.radiopiu.net\/wordpress\/wp-json\/wp\/v2\/users\/4"}],"replies":[{"embeddable":true,"href":"https:\/\/www.radiopiu.net\/wordpress\/wp-json\/wp\/v2\/comments?post=461527"}],"version-history":[{"count":1,"href":"https:\/\/www.radiopiu.net\/wordpress\/wp-json\/wp\/v2\/posts\/461527\/revisions"}],"predecessor-version":[{"id":461528,"href":"https:\/\/www.radiopiu.net\/wordpress\/wp-json\/wp\/v2\/posts\/461527\/revisions\/461528"}],"wp:featuredmedia":[{"embeddable":true,"href":"https:\/\/www.radiopiu.net\/wordpress\/wp-json\/wp\/v2\/media\/379219"}],"wp:attachment":[{"href":"https:\/\/www.radiopiu.net\/wordpress\/wp-json\/wp\/v2\/media?parent=461527"}],"wp:term":[{"taxonomy":"category","embeddable":true,"href":"https:\/\/www.radiopiu.net\/wordpress\/wp-json\/wp\/v2\/categories?post=461527"},{"taxonomy":"post_tag","embeddable":true,"href":"https:\/\/www.radiopiu.net\/wordpress\/wp-json\/wp\/v2\/tags?post=461527"}],"curies":[{"name":"wp","href":"https:\/\/api.w.org\/{rel}","templated":true}]}}