{"id":461544,"date":"2025-07-28T05:05:40","date_gmt":"2025-07-28T03:05:40","guid":{"rendered":"https:\/\/www.radiopiu.net\/wordpress\/?p=461544"},"modified":"2025-07-28T05:53:20","modified_gmt":"2025-07-28T03:53:20","slug":"dillo-a-radio-piu-lesperienza-con-il-cras","status":"publish","type":"post","link":"https:\/\/www.radiopiu.net\/wordpress\/dillo-a-radio-piu-lesperienza-con-il-cras\/","title":{"rendered":"DILLO A RADIO PIU&#8217;&#8230;L&#8217;ESPERIENZA CON IL CRAS"},"content":{"rendered":"<p>*********<\/p>\n<p>&nbsp;<\/p>\n<p><strong><a class=\"dt-pswp-item\" href=\"https:\/\/www.radiopiu.net\/wordpress\/wp-content\/uploads\/2025\/07\/SCR-20250727-rohe.jpeg\" data-dt-img-description=\"\" data-large_image_width=\"1296\" data-large_image_height=\"1012\"><img loading=\"lazy\" decoding=\"async\" class=\" wp-image-461545 alignleft\" src=\"https:\/\/www.radiopiu.net\/wordpress\/wp-content\/uploads\/2025\/07\/SCR-20250727-rohe-300x234.jpeg\" alt=\"\" width=\"196\" height=\"153\" srcset=\"https:\/\/www.radiopiu.net\/wordpress\/wp-content\/uploads\/2025\/07\/SCR-20250727-rohe-300x234.jpeg 300w, https:\/\/www.radiopiu.net\/wordpress\/wp-content\/uploads\/2025\/07\/SCR-20250727-rohe-1024x800.jpeg 1024w, https:\/\/www.radiopiu.net\/wordpress\/wp-content\/uploads\/2025\/07\/SCR-20250727-rohe-768x600.jpeg 768w, https:\/\/www.radiopiu.net\/wordpress\/wp-content\/uploads\/2025\/07\/SCR-20250727-rohe.jpeg 1296w\" sizes=\"auto, (max-width: 196px) 100vw, 196px\" \/><\/a>RICEVIAMO E PUBBLICHIAMO <\/strong><\/p>\n<p>Era il lontano 2006 quando mi sono laureata all\u2019Universit\u00e0 di Padova in Scienze Forestali e Ambientali. Piena di entusiasmo e speranze, ho cominciato a inviare curriculum nella mia bellissima provincia di Belluno, quasi certa di trovare un\u2019occupazione in ambito ambientale. Uno dei miei curriculum l\u2019ho inviato a: Centro Recupero Animali Selvatici, Amministrazione Provinciale di Belluno, Villa Zuppani, frazione Pasa, 32036 Sedico (BL) Ovviamente, nessuna risposta. Pazienza\u2026 forse il mio CV si \u00e8 perso magari per un disservizio postale&#8230;(ndr.ironico).<\/p>\n<p>In questi giorni si parla molto della riapertura del CRAS di Belluno, cos\u00ec mi sono detta: \u201cAspetta un attimo\u2026 vediamo se trovo notizie aggiornate, magari posso rispedire il curriculum. Non si sa mai.\u201d Cercando online, finalmente una risposta: il CRAS di Belluno non \u00e8 attivo da circa vent\u2019anni per carenza di personale tecnico. Sarebbe bastato dirlo! Anche durante il mio tirocinio presso la Provincia di Belluno \u2013 settore caccia e pesca \u2013 nessuno mi ha mai detto che il CRAS fosse chiuso.<\/p>\n<p>La vita, comunque, va avanti. Ma vediamo cosa \u00e8 successo a Villa Zuppani in tutti questi anni: 2000: diventa propriet\u00e0 della Provincia di Belluno.<\/p>\n<p>2014: Veneto Agricoltura pianta un gelseto per la coltivazione dei bachi da seta, gestito dal Cantiere della Provvidenza \u2013 Cooperativa sociale onlus.<\/p>\n<p>2016: nasce Cantiere Verde societ\u00e0 agricola srl, societ\u00e0 benefit per promuovere la gelsibachicoltura e l\u2019agricoltura sociale (spin-off del Cantiere della Provvidenza).<\/p>\n<p>2019\u20132021: il Cantiere della Provvidenza ottiene in concessione il recupero e la valorizzazione di Villa Zuppani, con progettualit\u00e0 anche legate al CRAS. 2022: arrivano 740.000 euro con il bando Habitat Cariverona, di cui 360.000 destinati alla Provincia per il recupero della villa.<\/p>\n<p>Dai che magari il CRAS riapre&#8230; 2023:<\/p>\n<p>nasce la Via della Seta Veneta, con il progetto Serinnovation coordinato dal CREA. Partner: Cantiere della Provvidenza e Cantiere Verde. 2024: nasce la rete bachicoltura setica con 7 soggetti, tra cui, unico bellunese, il Cantiere della Provvidenza.<\/p>\n<p>2024: Villa Zuppani viene data in comodato d\u2019uso gratuito a Veneto Agricoltura, grazie all\u2019accordo con Regione Veneto e Provincia di Belluno. Previsti 50.000 euro annui per tre anni (2024\u20132026) per gestione, personale e spese veterinarie. A questo punto mi chiedo: perch\u00e9 Belluno riceve 50.000 euro l\u2019anno, mentre la Citt\u00e0 Metropolitana di Venezia ne riceve 90.000? Ah giusto\u2026 le Dolomiti di Venezia pullulano di cervi, volpi e caprioli. Gli investimenti di animali lungo il Canal Grande saranno un problema serio\u2026<\/p>\n<p>2025: finalmente riapre il CRAS di Belluno, gestito dalla Polizia Provinciale. Io, ovviamente, mi sono persa il bando del 2023 per agenti\u2026 pazienza.<\/p>\n<p>Tanto, come l\u2019ultima volta (2012 o 2013), non l\u2019avrei passato. Ormai sono fuori dal giro. Ma adesso che il CRAS ha riaperto, c\u2019\u00e8 il personale tecnico che mancava vent\u2019anni fa? Si pu\u00f2 inviare un curriculum? \u00c8 possibile fare volontariato? CRAS significa Centro Recupero Animali Selvatici, ma io trovo solo articoli sui bachi da seta a Villa Zuppani. Forse mi sono persa qualcosa.<\/p>\n<p>Non c\u2019\u00e8 una spiegazione, un referente, un sito. Solo un vecchio numero di telefono con orari di chiamata\u2026 non \u00e8 cambiato nulla. E ci spiegano \u2013 pure male \u2013 la differenza tra fauna cacciabile e non cacciabile. Ma cervi, caprioli, volpi, merli e tordi possono anche morire. Tanto non rientrano nella \u201clista giusta\u201d.<\/p>\n<p>Eppure la legge 157\/1992 \u00e8 chiara: \u201cLa fauna selvatica \u00e8 patrimonio indisponibile dello Stato ed \u00e8 tutelata nell&#8217;interesse della comunit\u00e0 nazionale ed internazionale. Le Regioni emanano norme in ordine al soccorso, alla detenzione temporanea e alla successiva liberazione di fauna selvatica in difficolt\u00e0.\u201d Non si fa distinzione tra fauna cacciabile e non cacciabile. Mi pare evidente che alla fauna bellunese non interessi a nessuno. Niente recapiti, niente informazioni.<\/p>\n<p>E i finanziamenti? Ci sono, eccome. Ma dove sono finiti\u2026 resta un mistero. Nel frattempo, io mi incammino sulla nuova Via della Seta, e mi aggiorno sui bachi. La fauna selvatica della provincia di Belluno \u2013 pardon, delle Dolomiti di Venezia \u2013 pu\u00f2 anche morire per strada.<\/p>\n<p data-start=\"4601\" data-end=\"4618\">Elisa Manfroi<\/p>\n<p>&nbsp;<\/p>\n<p>&nbsp;<\/p>\n<p>&nbsp;<\/p>\n<p>**********<\/p>\n","protected":false},"excerpt":{"rendered":"<p>********* &nbsp; RICEVIAMO E PUBBLICHIAMO Era il lontano 2006 quando mi sono laureata all\u2019Universit\u00e0 di Padova in Scienze Forestali e Ambientali. Piena di entusiasmo e speranze, ho cominciato a inviare curriculum nella mia bellissima provincia di Belluno, quasi certa di trovare un\u2019occupazione in ambito ambientale. Uno dei miei curriculum l\u2019ho inviato a: Centro Recupero Animali&hellip;<\/p>\n","protected":false},"author":4,"featured_media":461545,"comment_status":"closed","ping_status":"closed","sticky":false,"template":"","format":"standard","meta":{"_monsterinsights_skip_tracking":false,"_monsterinsights_sitenote_active":false,"_monsterinsights_sitenote_note":"","_monsterinsights_sitenote_category":0,"footnotes":""},"categories":[51,49],"tags":[],"class_list":["post-461544","post","type-post","status-publish","format-standard","has-post-thumbnail","hentry","category-evidenza-top","category-news-18","category-51","category-49","description-off"],"img_url":"https:\/\/www.radiopiu.net\/wordpress\/wp-content\/uploads\/2025\/07\/SCR-20250727-rohe.jpeg","_links":{"self":[{"href":"https:\/\/www.radiopiu.net\/wordpress\/wp-json\/wp\/v2\/posts\/461544","targetHints":{"allow":["GET"]}}],"collection":[{"href":"https:\/\/www.radiopiu.net\/wordpress\/wp-json\/wp\/v2\/posts"}],"about":[{"href":"https:\/\/www.radiopiu.net\/wordpress\/wp-json\/wp\/v2\/types\/post"}],"author":[{"embeddable":true,"href":"https:\/\/www.radiopiu.net\/wordpress\/wp-json\/wp\/v2\/users\/4"}],"replies":[{"embeddable":true,"href":"https:\/\/www.radiopiu.net\/wordpress\/wp-json\/wp\/v2\/comments?post=461544"}],"version-history":[{"count":5,"href":"https:\/\/www.radiopiu.net\/wordpress\/wp-json\/wp\/v2\/posts\/461544\/revisions"}],"predecessor-version":[{"id":461582,"href":"https:\/\/www.radiopiu.net\/wordpress\/wp-json\/wp\/v2\/posts\/461544\/revisions\/461582"}],"wp:featuredmedia":[{"embeddable":true,"href":"https:\/\/www.radiopiu.net\/wordpress\/wp-json\/wp\/v2\/media\/461545"}],"wp:attachment":[{"href":"https:\/\/www.radiopiu.net\/wordpress\/wp-json\/wp\/v2\/media?parent=461544"}],"wp:term":[{"taxonomy":"category","embeddable":true,"href":"https:\/\/www.radiopiu.net\/wordpress\/wp-json\/wp\/v2\/categories?post=461544"},{"taxonomy":"post_tag","embeddable":true,"href":"https:\/\/www.radiopiu.net\/wordpress\/wp-json\/wp\/v2\/tags?post=461544"}],"curies":[{"name":"wp","href":"https:\/\/api.w.org\/{rel}","templated":true}]}}