{"id":461581,"date":"2025-07-28T10:30:46","date_gmt":"2025-07-28T08:30:46","guid":{"rendered":"https:\/\/www.radiopiu.net\/wordpress\/?p=461581"},"modified":"2025-07-28T09:50:57","modified_gmt":"2025-07-28T07:50:57","slug":"cras-belluno-un-segnale-importante-ma-ora-servono-risposte-concrete","status":"publish","type":"post","link":"https:\/\/www.radiopiu.net\/wordpress\/cras-belluno-un-segnale-importante-ma-ora-servono-risposte-concrete\/","title":{"rendered":"CRAS BELLUNO: UN SEGNALE IMPORTANTE, MA ORA SERVONO RISPOSTE CONCRETE"},"content":{"rendered":"<p>********<\/p>\n<p>&nbsp;<\/p>\n<p><strong><a class=\"dt-pswp-item\" href=\"https:\/\/www.radiopiu.net\/wordpress\/wp-content\/uploads\/2021\/02\/CERVO-IN-STRADA.jpg\" data-dt-img-description=\"\" data-large_image_width=\"1280\" data-large_image_height=\"853\"><img loading=\"lazy\" decoding=\"async\" class=\"size-medium wp-image-194101 alignleft\" src=\"https:\/\/www.radiopiu.net\/wordpress\/wp-content\/uploads\/2021\/02\/CERVO-IN-STRADA-300x200.jpg\" alt=\"\" width=\"300\" height=\"200\" srcset=\"https:\/\/www.radiopiu.net\/wordpress\/wp-content\/uploads\/2021\/02\/CERVO-IN-STRADA-300x200.jpg 300w, https:\/\/www.radiopiu.net\/wordpress\/wp-content\/uploads\/2021\/02\/CERVO-IN-STRADA-1024x682.jpg 1024w, https:\/\/www.radiopiu.net\/wordpress\/wp-content\/uploads\/2021\/02\/CERVO-IN-STRADA-768x512.jpg 768w, https:\/\/www.radiopiu.net\/wordpress\/wp-content\/uploads\/2021\/02\/CERVO-IN-STRADA.jpg 1280w\" sizes=\"auto, (max-width: 300px) 100vw, 300px\" \/><\/a>DI ILIANA COMINA<\/strong><\/p>\n<p>I molti articoli di giornale usciti in questi giorni sulla riapertura del CRAS in provincia sono un segnale incoraggiante in merito alla tutela della fauna selvatica, sono anni che il recupero o anche solo la piet\u00e0 umana rispetto a questi animali sembrava scarseggiare in provincia. I molti volontari che si occupano di animali domestici venivano continuamente contattati soprattutto dai turisti perch\u00e8 la risposta alla richiesta di intervento in caso di incidente o ritrovamento ai numeri di emergenza era sempre la stessa \u201cnon possiamo fare niente\u201d o peggio nessuno dei numeri cercati su internet alla voce \u201cforestale\u201d o \u201cpolizia provinciale\u201d rispondeva negli orari fuori dalla reperibilit\u00e0. Peccato che gli incidenti purtroppo non tengano presente la \u201creperibilit\u00e0\u201d e soprattutto nei giorni di sabato e domenica e i festivi siano proprio quelli a pi\u00f9 alto tasso di incidenti visto il muoversi dei turisti. Leggo sui giornali che ad oggi non c\u2019\u00e8 un numero dedicato, ma i soliti numeri nei soliti orari ad eccezione della domenica mattina fino alle 12.30. Si parla poi di contattare i numeri di emergenza nel \u201cfuori orario\u201d. Insomma quello che succedeva fino adesso\u2026In molti ci chiediamo se realmente ora che \u00e8 operativo il CRAS cambieranno le cose, e ci auguriamo che il centro non diventi un parcheggio per incidentati. Non ho letto il nome di nessun veterinario esperto in selvatici che sia presente nella struttura.<br \/>\nHo letto che per le specie cacciabili interverranno i cacciatori, <span class=\"s1\">pur non comprendendo la differenza di trattamento, gli animali cacciatili sono di serie B? S<\/span>ar\u00e0 il veterinario ULSS a stabilire se fare eutanasia o recupero, c\u2019\u00e8 da aspettarsi quindi che le due figure siano entrambe presenti al momento dell\u2019intervento giusto? E gli animali abbattuti che fine fanno? E\u2019 dato sapere? Per trasparenza sarebbe opportuno. Non ho trovato sul web nessuna pagina dedicata alla struttura, indispensabile per segnalare i numeri e fare in formazione in merito a cosa fare e soprattutto non fare, in caso di incidente o ritrovamento di animali. Ci sono solo articoli di stampa che via via saranno piu complicati da trovare mentre una pagina dedicata dovrebbe gi\u00e0 esistere perch\u00e8 nel 2025 la prima cosa che un turista fa \u00e8 cercare su internet \u201cCRAS Belluno\u201d provate\u2026e vedete quello che trovate. E\u2019 interessante notare che il CRAS di Treviso che esiste da molto tempo abbia la propria pagina sul sito della provincia, sia segnalato su google maps e compaia immediatamente in ricerca con tanto di cellulare (non un numero fisso) ed abbia pure un veterinario specializzato in fauna selvatica al suo interno. A Treviso pare poi che il problema della reperibilit\u00e0 non se lo pongano si legge infatti in questo articolo di Treviso Today si legge: \u201cPer segnalare la presenza di animali in difficolt\u00e0 e ricevere opportune indicazioni dal personale medico del Centro di Recupero Animali Selvatici della Provincia di Treviso, i cittadini possono telefonare al numero: 320 432 0671 attivo 24 ore su 24 e 7 giorni su 7. <span style=\"color: #3366ff;\"><a style=\"color: #3366ff;\" href=\"https:\/\/www.trevisotoday.it\/attualita\/treviso-cras-animali-selvatici-21-marzo-2025.html\"><strong>CLICCA QUI <\/strong><\/a><\/span>Pur comprendendo che il centro \u00e8 appena stato inaugurato e non si pu\u00f2 avere \u201ctutto e subito\u201d (anche se risulta sia attivo da gennaio 2025) ci si chiede davvero se cambier\u00e0 le cose in provincia perch\u00e8 \u00e8 la parte \u201cumana\u201d del servizio che fa la differenza, non la struttura o le voliere o i recinti. Ma siamo certi che quanto prima saranno date delle risposte efficaci ed esaustive in quanto, la provincia di Belluno, \u00e8 sede di un Parco Nazionale e sar\u00e0 certo all\u2019altezza di Treviso ma sapr\u00e0 stare la passo con i CRAS pi\u00f9 importanti d\u2019Italia. Aspettiamo con fiducia pi\u00f9 informazioni, pi\u00f9 interventi e magari il nome del veterinario che sar\u00e0 presente al centro.<\/p>\n<p>&nbsp;<\/p>\n<p>&nbsp;<\/p>\n<p>&nbsp;<\/p>\n<p>&nbsp;<\/p>\n<p>*********<\/p>\n","protected":false},"excerpt":{"rendered":"<p>******** &nbsp; DI ILIANA COMINA I molti articoli di giornale usciti in questi giorni sulla riapertura del CRAS in provincia sono un segnale incoraggiante in merito alla tutela della fauna selvatica, sono anni che il recupero o anche solo la piet\u00e0 umana rispetto a questi animali sembrava scarseggiare in provincia. I molti volontari che si&hellip;<\/p>\n","protected":false},"author":4,"featured_media":194101,"comment_status":"closed","ping_status":"closed","sticky":false,"template":"","format":"standard","meta":{"_monsterinsights_skip_tracking":false,"_monsterinsights_sitenote_active":false,"_monsterinsights_sitenote_note":"","_monsterinsights_sitenote_category":0,"footnotes":""},"categories":[49],"tags":[],"class_list":["post-461581","post","type-post","status-publish","format-standard","has-post-thumbnail","hentry","category-news-18","category-49","description-off"],"img_url":"https:\/\/www.radiopiu.net\/wordpress\/wp-content\/uploads\/2021\/02\/CERVO-IN-STRADA.jpg","_links":{"self":[{"href":"https:\/\/www.radiopiu.net\/wordpress\/wp-json\/wp\/v2\/posts\/461581","targetHints":{"allow":["GET"]}}],"collection":[{"href":"https:\/\/www.radiopiu.net\/wordpress\/wp-json\/wp\/v2\/posts"}],"about":[{"href":"https:\/\/www.radiopiu.net\/wordpress\/wp-json\/wp\/v2\/types\/post"}],"author":[{"embeddable":true,"href":"https:\/\/www.radiopiu.net\/wordpress\/wp-json\/wp\/v2\/users\/4"}],"replies":[{"embeddable":true,"href":"https:\/\/www.radiopiu.net\/wordpress\/wp-json\/wp\/v2\/comments?post=461581"}],"version-history":[{"count":4,"href":"https:\/\/www.radiopiu.net\/wordpress\/wp-json\/wp\/v2\/posts\/461581\/revisions"}],"predecessor-version":[{"id":461713,"href":"https:\/\/www.radiopiu.net\/wordpress\/wp-json\/wp\/v2\/posts\/461581\/revisions\/461713"}],"wp:featuredmedia":[{"embeddable":true,"href":"https:\/\/www.radiopiu.net\/wordpress\/wp-json\/wp\/v2\/media\/194101"}],"wp:attachment":[{"href":"https:\/\/www.radiopiu.net\/wordpress\/wp-json\/wp\/v2\/media?parent=461581"}],"wp:term":[{"taxonomy":"category","embeddable":true,"href":"https:\/\/www.radiopiu.net\/wordpress\/wp-json\/wp\/v2\/categories?post=461581"},{"taxonomy":"post_tag","embeddable":true,"href":"https:\/\/www.radiopiu.net\/wordpress\/wp-json\/wp\/v2\/tags?post=461581"}],"curies":[{"name":"wp","href":"https:\/\/api.w.org\/{rel}","templated":true}]}}