{"id":461598,"date":"2025-07-28T10:00:12","date_gmt":"2025-07-28T08:00:12","guid":{"rendered":"https:\/\/www.radiopiu.net\/wordpress\/?p=461598"},"modified":"2025-07-27T21:22:30","modified_gmt":"2025-07-27T19:22:30","slug":"il-giovane-attaccante-nicolo-fontanive-nel-roster-dellalleghe-hockey","status":"publish","type":"post","link":"https:\/\/www.radiopiu.net\/wordpress\/il-giovane-attaccante-nicolo-fontanive-nel-roster-dellalleghe-hockey\/","title":{"rendered":"IL GIOVANE ATTACCANTE NICOLO&#8217; FONTANIVE NEL ROSTER DELL&#8217;ALLEGHE HOCKEY"},"content":{"rendered":"<p>********<\/p>\n<p>&nbsp;<\/p>\n<p><strong><a class=\"dt-pswp-item\" href=\"https:\/\/www.radiopiu.net\/wordpress\/wp-content\/uploads\/2025\/07\/SCR-20250727-smwj.jpeg\" data-dt-img-description=\"\" data-large_image_width=\"1378\" data-large_image_height=\"972\"><img loading=\"lazy\" decoding=\"async\" class=\" wp-image-461599 alignleft\" src=\"https:\/\/www.radiopiu.net\/wordpress\/wp-content\/uploads\/2025\/07\/SCR-20250727-smwj-300x212.jpeg\" alt=\"\" width=\"219\" height=\"155\" srcset=\"https:\/\/www.radiopiu.net\/wordpress\/wp-content\/uploads\/2025\/07\/SCR-20250727-smwj-300x212.jpeg 300w, https:\/\/www.radiopiu.net\/wordpress\/wp-content\/uploads\/2025\/07\/SCR-20250727-smwj-1024x722.jpeg 1024w, https:\/\/www.radiopiu.net\/wordpress\/wp-content\/uploads\/2025\/07\/SCR-20250727-smwj-768x542.jpeg 768w, https:\/\/www.radiopiu.net\/wordpress\/wp-content\/uploads\/2025\/07\/SCR-20250727-smwj.jpeg 1378w\" sizes=\"auto, (max-width: 219px) 100vw, 219px\" \/><\/a>DI ROBERTO MIANA, PORTAVOCE DELL&#8217;ALLEGHE HOCKEY<\/strong><\/p>\n<p>La Societ\u00e0 Alleghe ha il piacere di confermare nel proprio roster il giovane Nicol\u00f2 Fontanive. Attaccante classe 2007 di Alleghe (compir\u00e0 18 anni il prossimo 30 agosto), studia all\u2019Istituto Minerario di Agordo e nel periodo estivo partecipa con passione al campionato agordino di calcio nelle file del Caprile. \u00c8 un prodotto del vivaio alleghese e, nonostante la giovane et\u00e0, si appresta ad affrontare la sua terza stagione in prima squadra nella quale ha gi\u00e0 collezionato 62 presenze impreziosite da 5 punti. Per Nicol\u00f2, al contempo, anche 10 reti e 19 assist in 38 gare disputate negli ultimi due campionati Under 19. Nik, cos\u00ec chiamato dagli amici, \u00e8 un ragazzo caratterialmente tranquillo ma decisamente competitivo sul rettangolo ghiacciato. Lavora molto per la squadra e pu\u00f2 essere definito una classica ala in grado di finalizzare il gioco. Da chi lo conosce bene viene descritto come un hockeista con ottimo potenziale in zona gol, il cosiddetto \u201cbraccio\u201d, che ha nel suo DNA il gol di rapina, ovvero la peculiarit\u00e0 di essere sempre al posto giusto nel momento giusto. Nicol\u00f2 \u00e8 anche figlio d\u2019arte: pap\u00e0 Fabrizio \u00e8 stato una colonna della squadra biancorossa tra gli anni Novanta e Duemila, vestendone la casacca per 17 stagioni con 657 presenze<\/p>\n<p>&nbsp;<\/p>\n<p>&nbsp;<\/p>\n<p>&nbsp;<\/p>\n<p>&nbsp;<\/p>\n<p>*******<\/p>\n","protected":false},"excerpt":{"rendered":"<p>******** &nbsp; DI ROBERTO MIANA, PORTAVOCE DELL&#8217;ALLEGHE HOCKEY La Societ\u00e0 Alleghe ha il piacere di confermare nel proprio roster il giovane Nicol\u00f2 Fontanive. Attaccante classe 2007 di Alleghe (compir\u00e0 18 anni il prossimo 30 agosto), studia all\u2019Istituto Minerario di Agordo e nel periodo estivo partecipa con passione al campionato agordino di calcio nelle file del&hellip;<\/p>\n","protected":false},"author":4,"featured_media":461599,"comment_status":"closed","ping_status":"closed","sticky":false,"template":"","format":"standard","meta":{"_monsterinsights_skip_tracking":false,"_monsterinsights_sitenote_active":false,"_monsterinsights_sitenote_note":"","_monsterinsights_sitenote_category":0,"footnotes":""},"categories":[49],"tags":[],"class_list":["post-461598","post","type-post","status-publish","format-standard","has-post-thumbnail","hentry","category-news-18","category-49","description-off"],"img_url":"https:\/\/www.radiopiu.net\/wordpress\/wp-content\/uploads\/2025\/07\/SCR-20250727-smwj.jpeg","_links":{"self":[{"href":"https:\/\/www.radiopiu.net\/wordpress\/wp-json\/wp\/v2\/posts\/461598","targetHints":{"allow":["GET"]}}],"collection":[{"href":"https:\/\/www.radiopiu.net\/wordpress\/wp-json\/wp\/v2\/posts"}],"about":[{"href":"https:\/\/www.radiopiu.net\/wordpress\/wp-json\/wp\/v2\/types\/post"}],"author":[{"embeddable":true,"href":"https:\/\/www.radiopiu.net\/wordpress\/wp-json\/wp\/v2\/users\/4"}],"replies":[{"embeddable":true,"href":"https:\/\/www.radiopiu.net\/wordpress\/wp-json\/wp\/v2\/comments?post=461598"}],"version-history":[{"count":1,"href":"https:\/\/www.radiopiu.net\/wordpress\/wp-json\/wp\/v2\/posts\/461598\/revisions"}],"predecessor-version":[{"id":461600,"href":"https:\/\/www.radiopiu.net\/wordpress\/wp-json\/wp\/v2\/posts\/461598\/revisions\/461600"}],"wp:featuredmedia":[{"embeddable":true,"href":"https:\/\/www.radiopiu.net\/wordpress\/wp-json\/wp\/v2\/media\/461599"}],"wp:attachment":[{"href":"https:\/\/www.radiopiu.net\/wordpress\/wp-json\/wp\/v2\/media?parent=461598"}],"wp:term":[{"taxonomy":"category","embeddable":true,"href":"https:\/\/www.radiopiu.net\/wordpress\/wp-json\/wp\/v2\/categories?post=461598"},{"taxonomy":"post_tag","embeddable":true,"href":"https:\/\/www.radiopiu.net\/wordpress\/wp-json\/wp\/v2\/tags?post=461598"}],"curies":[{"name":"wp","href":"https:\/\/api.w.org\/{rel}","templated":true}]}}