{"id":461605,"date":"2025-07-28T05:45:24","date_gmt":"2025-07-28T03:45:24","guid":{"rendered":"https:\/\/www.radiopiu.net\/wordpress\/?p=461605"},"modified":"2025-07-28T05:50:02","modified_gmt":"2025-07-28T03:50:02","slug":"radio-piu-contro-la-guerra-sempre-anche-quando-qualcuno-strappa-i-nostri-manifesti","status":"publish","type":"post","link":"https:\/\/www.radiopiu.net\/wordpress\/radio-piu-contro-la-guerra-sempre-anche-quando-qualcuno-strappa-i-nostri-manifesti\/","title":{"rendered":"Radio Pi\u00f9 contro la guerra. Sempre. Anche quando qualcuno strappa i nostri manifesti."},"content":{"rendered":"<p>**<\/p>\n<article class=\"text-token-text-primary w-full focus:outline-none scroll-mt-[calc(var(--header-height)+min(200px,max(70px,20svh)))]\" dir=\"auto\" tabindex=\"-1\" data-testid=\"conversation-turn-8\" data-scroll-anchor=\"true\" data-turn=\"assistant\">\n<div class=\"text-base my-auto mx-auto pb-10 [--thread-content-margin:--spacing(4)] @[37rem]:[--thread-content-margin:--spacing(6)] @[72rem]:[--thread-content-margin:--spacing(16)] px-(--thread-content-margin)\">\n<div class=\"[--thread-content-max-width:32rem] @[34rem]:[--thread-content-max-width:40rem] @[64rem]:[--thread-content-max-width:48rem] mx-auto max-w-(--thread-content-max-width) flex-1 group\/turn-messages focus-visible:outline-hidden relative flex w-full min-w-0 flex-col agent-turn\" tabindex=\"-1\">\n<div class=\"flex max-w-full flex-col grow\">\n<div class=\"min-h-8 text-message relative flex w-full flex-col items-end gap-2 text-start break-words whitespace-normal [.text-message+&amp;]:mt-5\" dir=\"auto\" data-message-author-role=\"assistant\" data-message-id=\"940d9f94-35f6-460c-bcde-24f586d14688\" data-message-model-slug=\"gpt-4o\">\n<div class=\"flex w-full flex-col gap-1 empty:hidden first:pt-[3px]\">\n<div class=\"markdown prose dark:prose-invert w-full break-words dark\">\n<p data-start=\"91\" data-end=\"411\"><strong data-start=\"91\" data-end=\"103\">SEDICO \u2013<\/strong> Radio Pi\u00f9 \u00e8, da sempre, contro la guerra. Qualsiasi guerra. Ovunque. In qualunque forma. Un messaggio chiaro, netto, inequivocabile. Un messaggio che abbiamo deciso di portare anche negli spazi pubblici, a voce alta e a colori, attraverso manifesti affissi in luoghi simbolici del nostro territorio. Uno di questi spazi si trova a Peron di Sedico, nel parcheggio adiacente alla pizzeria. Uno spazio regolarmente acquistato e pagato da Radio Pi\u00f9, che si \u00e8 fatta carico anche dei costi di grafica, stampa e affissione. Ma evidentemente, quel messaggio di pace e solidariet\u00e0 non \u00e8 piaciuto a tutti. Nelle notti scorse, per tre volte, i manifesti sono stati strappati. Non rovinati dalla pioggia o staccati dal vento: strappati con intenzione, tra la mezzanotte e le prime luci del mattino. Un gesto vigliacco, che non ha nulla a che fare con la libert\u00e0 di pensiero, ma molto con l\u2019intolleranza e la mancanza di rispetto. Radio Pi\u00f9 ha denunciato quanto accaduto ai Carabinieri di Belluno (112) e sta formalizzando la denuncia anche presso i Carabinieri di Sedico, che avvieranno le indagini.<\/p>\n<\/div>\n<\/div>\n<\/div>\n<\/div>\n<\/div>\n<\/div>\n<\/article>\n\n\t\t\t<style type='text\/css'>\n\t\t\t\t#gallery-1 {\n\t\t\t\t\tmargin: auto;\n\t\t\t\t}\n\t\t\t\t#gallery-1 .gallery-item {\n\t\t\t\t\tfloat: left;\n\t\t\t\t\tmargin-top: 10px;\n\t\t\t\t\ttext-align: center;\n\t\t\t\t\twidth: 50%;\n\t\t\t\t}\n\t\t\t\t#gallery-1 img {\n\t\t\t\t\tborder: 2px solid #cfcfcf;\n\t\t\t\t}\n\t\t\t\t#gallery-1 .gallery-caption {\n\t\t\t\t\tmargin-left: 0;\n\t\t\t\t}\n\t\t\t\t\/* see gallery_shortcode() in wp-includes\/media.php *\/\n\t\t\t<\/style>\n\t\t<div id='gallery-1' class='dt-gallery-container gallery galleryid-461605 gallery-columns-2 gallery-size-full'><dl class='gallery-item'>\n\t\t\t\t<dt class='gallery-icon landscape'>\n\t\t\t\t\t<a class=\"rollover rollover-zoom dt-pswp-item\" title=\"ImmagSine 2025-07-27 213416\" data-dt-img-description=\"\" data-large_image_width=\"268\" data-large_image_height=\"205\"href='https:\/\/www.radiopiu.net\/wordpress\/wp-content\/uploads\/2025\/07\/ImmagSine-2025-07-27-213416.png'><img loading=\"lazy\" decoding=\"async\" width=\"268\" height=\"205\" src=\"https:\/\/www.radiopiu.net\/wordpress\/wp-content\/uploads\/2025\/07\/ImmagSine-2025-07-27-213416.png\" class=\"attachment-full size-full\" alt=\"\" \/><\/a>\n\t\t\t\t<\/dt><\/dl><dl class='gallery-item'>\n\t\t\t\t<dt class='gallery-icon landscape'>\n\t\t\t\t\t<a class=\"rollover rollover-zoom dt-pswp-item\" title=\"Immagine 2025-07-27 213453\" data-dt-img-description=\"\" data-large_image_width=\"426\" data-large_image_height=\"324\"href='https:\/\/www.radiopiu.net\/wordpress\/wp-content\/uploads\/2025\/07\/Immagine-2025-07-27-213453.png'><img loading=\"lazy\" decoding=\"async\" width=\"426\" height=\"324\" src=\"https:\/\/www.radiopiu.net\/wordpress\/wp-content\/uploads\/2025\/07\/Immagine-2025-07-27-213453.png\" class=\"attachment-full size-full\" alt=\"\" srcset=\"https:\/\/www.radiopiu.net\/wordpress\/wp-content\/uploads\/2025\/07\/Immagine-2025-07-27-213453.png 426w, https:\/\/www.radiopiu.net\/wordpress\/wp-content\/uploads\/2025\/07\/Immagine-2025-07-27-213453-300x228.png 300w\" sizes=\"auto, (max-width: 426px) 100vw, 426px\" \/><\/a>\n\t\t\t\t<\/dt><\/dl><br style=\"clear: both\" \/>\n\t\t\t<\/div>\n\n<article class=\"text-token-text-primary w-full focus:outline-none scroll-mt-[calc(var(--header-height)+min(200px,max(70px,20svh)))]\" dir=\"auto\" tabindex=\"-1\" data-testid=\"conversation-turn-8\" data-scroll-anchor=\"true\" data-turn=\"assistant\">\n<div class=\"text-base my-auto mx-auto pb-10 [--thread-content-margin:--spacing(4)] @[37rem]:[--thread-content-margin:--spacing(6)] @[72rem]:[--thread-content-margin:--spacing(16)] px-(--thread-content-margin)\">\n<div class=\"[--thread-content-max-width:32rem] @[34rem]:[--thread-content-max-width:40rem] @[64rem]:[--thread-content-max-width:48rem] mx-auto max-w-(--thread-content-max-width) flex-1 group\/turn-messages focus-visible:outline-hidden relative flex w-full min-w-0 flex-col agent-turn\" tabindex=\"-1\">\n<div class=\"flex max-w-full flex-col grow\">\n<div class=\"min-h-8 text-message relative flex w-full flex-col items-end gap-2 text-start break-words whitespace-normal [.text-message+&amp;]:mt-5\" dir=\"auto\" data-message-author-role=\"assistant\" data-message-id=\"940d9f94-35f6-460c-bcde-24f586d14688\" data-message-model-slug=\"gpt-4o\">\n<div class=\"flex w-full flex-col gap-1 empty:hidden first:pt-[3px]\">\n<div class=\"markdown prose dark:prose-invert w-full break-words dark\">\n<h3 data-start=\"1245\" data-end=\"1285\"><strong data-start=\"1249\" data-end=\"1285\">Un appello ai nostri ascoltatori<\/strong><\/h3>\n<p data-start=\"1287\" data-end=\"1543\">Chiediamo la collaborazione della comunit\u00e0, degli ascoltatori, dei cittadini. Se qualcuno ha visto o notato qualcosa nelle notti in questione, anche un dettaglio, non esiti a contattarci o a rivolgersi direttamente ai Carabinieri. \u00c8 importante. Non si tratta solo di un manifesto strappato. Si tratta di un messaggio di pace calpestato, di un tentativo \u2013 pur piccolo e codardo \u2013 di zittire una voce libera, che da oltre 42 anni racconta il territorio con onest\u00e0, empatia e responsabilit\u00e0. Radio Pi\u00f9 continuer\u00e0 a farlo. Non ci fanno paura i gesti notturni, n\u00e9 le mani nascoste. Continueremo a dire no alla guerra, no alla violenza, no alla censura.<br data-start=\"1964\" data-end=\"1967\" \/>Perch\u00e9 la pace si difende anche cos\u00ec: non restando in silenzio.<\/p>\n<p data-start=\"2036\" data-end=\"2080\" data-is-last-node=\"\" data-is-only-node=\"\"><em data-start=\"2036\" data-end=\"2080\" data-is-last-node=\"\">Radio Pi\u00f9 \u2013 la voce libera delle Dolomiti.<\/em><\/p>\n<\/div>\n<\/div>\n<\/div>\n<\/div>\n<\/div>\n<\/div>\n<\/article>\n<div class=\"pointer-events-none h-px w-px\" aria-hidden=\"true\" data-edge=\"true\">Mirko Mezzacasa<\/div>\n","protected":false},"excerpt":{"rendered":"<p>** SEDICO \u2013 Radio Pi\u00f9 \u00e8, da sempre, contro la guerra. Qualsiasi guerra. Ovunque. In qualunque forma. Un messaggio chiaro, netto, inequivocabile. Un messaggio che abbiamo deciso di portare anche negli spazi pubblici, a voce alta e a colori, attraverso manifesti affissi in luoghi simbolici del nostro territorio. Uno di questi spazi si trova a&hellip;<\/p>\n","protected":false},"author":4,"featured_media":461606,"comment_status":"closed","ping_status":"closed","sticky":false,"template":"","format":"standard","meta":{"_monsterinsights_skip_tracking":false,"_monsterinsights_sitenote_active":false,"_monsterinsights_sitenote_note":"","_monsterinsights_sitenote_category":0,"footnotes":""},"categories":[51,49],"tags":[],"class_list":["post-461605","post","type-post","status-publish","format-standard","has-post-thumbnail","hentry","category-evidenza-top","category-news-18","category-51","category-49","description-off"],"img_url":"https:\/\/www.radiopiu.net\/wordpress\/wp-content\/uploads\/2025\/07\/ImmagSine-2025-07-27-213416.png","_links":{"self":[{"href":"https:\/\/www.radiopiu.net\/wordpress\/wp-json\/wp\/v2\/posts\/461605","targetHints":{"allow":["GET"]}}],"collection":[{"href":"https:\/\/www.radiopiu.net\/wordpress\/wp-json\/wp\/v2\/posts"}],"about":[{"href":"https:\/\/www.radiopiu.net\/wordpress\/wp-json\/wp\/v2\/types\/post"}],"author":[{"embeddable":true,"href":"https:\/\/www.radiopiu.net\/wordpress\/wp-json\/wp\/v2\/users\/4"}],"replies":[{"embeddable":true,"href":"https:\/\/www.radiopiu.net\/wordpress\/wp-json\/wp\/v2\/comments?post=461605"}],"version-history":[{"count":3,"href":"https:\/\/www.radiopiu.net\/wordpress\/wp-json\/wp\/v2\/posts\/461605\/revisions"}],"predecessor-version":[{"id":461610,"href":"https:\/\/www.radiopiu.net\/wordpress\/wp-json\/wp\/v2\/posts\/461605\/revisions\/461610"}],"wp:featuredmedia":[{"embeddable":true,"href":"https:\/\/www.radiopiu.net\/wordpress\/wp-json\/wp\/v2\/media\/461606"}],"wp:attachment":[{"href":"https:\/\/www.radiopiu.net\/wordpress\/wp-json\/wp\/v2\/media?parent=461605"}],"wp:term":[{"taxonomy":"category","embeddable":true,"href":"https:\/\/www.radiopiu.net\/wordpress\/wp-json\/wp\/v2\/categories?post=461605"},{"taxonomy":"post_tag","embeddable":true,"href":"https:\/\/www.radiopiu.net\/wordpress\/wp-json\/wp\/v2\/tags?post=461605"}],"curies":[{"name":"wp","href":"https:\/\/api.w.org\/{rel}","templated":true}]}}