{"id":461651,"date":"2025-07-29T05:32:50","date_gmt":"2025-07-29T03:32:50","guid":{"rendered":"https:\/\/www.radiopiu.net\/wordpress\/?p=461651"},"modified":"2025-07-29T10:06:43","modified_gmt":"2025-07-29T08:06:43","slug":"giornale-radiopiu-29-luglio-2025-direttore-mirko-mezzacasa","status":"publish","type":"post","link":"https:\/\/www.radiopiu.net\/wordpress\/giornale-radiopiu-29-luglio-2025-direttore-mirko-mezzacasa\/","title":{"rendered":"GIORNALE RADIOPIU 29 LUGLIO 2025 DIRETTORE MIRKO MEZZACASA"},"content":{"rendered":"<p>*******<\/p>\n<p>&nbsp;<\/p>\n<p><em><span style=\"color: #ff0000;\"><a class=\"dt-pswp-item\" href=\"https:\/\/www.radiopiu.net\/wordpress\/wp-content\/uploads\/2024\/10\/Senza-nome-8.png\" data-dt-img-description=\"\" data-large_image_width=\"343\" data-large_image_height=\"303\"><img loading=\"lazy\" decoding=\"async\" class=\"wp-image-412130 alignleft\" src=\"https:\/\/www.radiopiu.net\/wordpress\/wp-content\/uploads\/2024\/10\/Senza-nome-8-300x265.png\" alt=\"\" width=\"105\" height=\"93\" srcset=\"https:\/\/www.radiopiu.net\/wordpress\/wp-content\/uploads\/2024\/10\/Senza-nome-8-300x265.png 300w, https:\/\/www.radiopiu.net\/wordpress\/wp-content\/uploads\/2024\/10\/Senza-nome-8.png 343w\" sizes=\"auto, (max-width: 105px) 100vw, 105px\" \/><\/a><\/span><\/em><strong><em><span style=\"color: #ff0000;\"> LA\u00a0 APP PER IOS-IPHONE di Nicola Vettorello<\/span><\/em><\/strong><\/p>\n<p><strong><span style=\"color: #0000ff;\"><a style=\"color: #0000ff;\" href=\"https:\/\/apps.apple.com\/it\/app\/radio-pi%C3%B9-emittente-agordina\/id1515939845\">https:\/\/apps.apple.com\/it\/app\/radio-pi%C3%B9-emittente-agordina\/id1515939845<\/a><\/span><\/strong><\/p>\n<p><strong><em style=\"color: #ff0000;\">LA\u00a0 APP RADIO\u00a0 PER ANDROID di Nicola Vettorello<\/em><\/strong><\/p>\n<p><strong><span style=\"color: #0000ff;\"><a style=\"color: #0000ff;\" href=\"https:\/\/play.google.com\/store\/apps\/details?id=net.radiopiu.iniko\" target=\"_blank\" rel=\"noopener noreferrer\">https:\/\/<\/a><a style=\"color: #0000ff;\" href=\"https:\/\/play.google.com\/store\/apps\/details?id=net.radiopiu.iniko\" target=\"_blank\" rel=\"noopener noreferrer\">play.google.com\/store\/apps\/details?id=net.radiopiu.iniko\u00a0\u00a0\u00a0\u00a0<\/a><\/span><\/strong><\/p>\n<p>&nbsp;<\/p>\n<h1>ULTIM&#8217;ORA: 7.45<\/h1>\n<p><strong>PIEVE DI CADORE<\/strong><br \/>\nLieve scossa di terremoto, appena percettibile (1,3 della scala Richter) stamale alle 7.38 con epicento a Pieve di Cadore, profondit\u00e0 10 chilometri.<br \/>\nScossa non registrata dal sismografo di Agordo<\/p>\n<p><a class=\"dt-pswp-item\" href=\"https:\/\/www.radiopiu.net\/wordpress\/wp-content\/uploads\/2025\/07\/fef4ba80-7394-4841-9ab2-d7745fa91191.jpg\" data-dt-img-description=\"\" data-large_image_width=\"720\" data-large_image_height=\"1600\"><img loading=\"lazy\" decoding=\"async\" class=\"alignnone size-medium wp-image-461895\" src=\"https:\/\/www.radiopiu.net\/wordpress\/wp-content\/uploads\/2025\/07\/fef4ba80-7394-4841-9ab2-d7745fa91191-135x300.jpg\" alt=\"\" width=\"135\" height=\"300\" srcset=\"https:\/\/www.radiopiu.net\/wordpress\/wp-content\/uploads\/2025\/07\/fef4ba80-7394-4841-9ab2-d7745fa91191-135x300.jpg 135w, https:\/\/www.radiopiu.net\/wordpress\/wp-content\/uploads\/2025\/07\/fef4ba80-7394-4841-9ab2-d7745fa91191-461x1024.jpg 461w, https:\/\/www.radiopiu.net\/wordpress\/wp-content\/uploads\/2025\/07\/fef4ba80-7394-4841-9ab2-d7745fa91191-691x1536.jpg 691w, https:\/\/www.radiopiu.net\/wordpress\/wp-content\/uploads\/2025\/07\/fef4ba80-7394-4841-9ab2-d7745fa91191.jpg 720w\" sizes=\"auto, (max-width: 135px) 100vw, 135px\" \/><\/a><\/p>\n<p>&nbsp;<\/p>\n<h1>ULTIM&#8217;ORA: 09.00<\/h1>\n<p><strong>VAL DI ZOLDO<\/strong><\/p>\n<p data-start=\"96\" data-end=\"460\"><strong><img loading=\"lazy\" decoding=\"async\" class=\"alignleft\" src=\"https:\/\/www.radiopiu.net\/wordpress\/wp-content\/uploads\/2023\/11\/FALCO-CENCE.jpg\" width=\"291\" height=\"236\" \/><\/strong> Un risveglio amaro quello di oggi per la comunit\u00e0 zoldana e per i villeggianti presenti nella vallata. Alle prime luci del giorno, intorno alle 6.20, l\u2019elicottero Falco 2 del Suem 118 \u00e8 decollato in urgenza per un intervento sanitario: la segnalazione parlava di un malore improvviso che aveva colpito un turista in villeggiatura nella zona.<\/p>\n<p data-start=\"462\" data-end=\"915\">L\u2019uomo, 83 anni, originario di Viterbo, si trovava in vacanza in un\u2019abitazione privata con la famiglia, quando si \u00e8 sentito male. La situazione \u00e8 apparsa da subito molto grave e la richiesta di soccorso \u00e8 stata immediata. L\u2019\u00e9quipe medica \u00e8 giunta sul posto a Mareson di Zoldo Alto in pochissimi minuti, ma nonostante i tentativi di rianimazione, per l\u2019uomo non c\u2019\u00e8 stato nulla da fare. Il malore, probabilmente un arresto cardiaco, si \u00e8 rivelato fatale.<\/p>\n<p>FOTO ARCHIVIO<\/p>\n<p>&nbsp;<\/p>\n<hr \/>\n<p><span style=\"color: #0000ff;\">\u00a0<\/span><\/p>\n<p>&nbsp;<\/p>\n<blockquote>\n<h1 data-start=\"0\" data-end=\"60\"><strong data-start=\"0\" data-end=\"60\"><a class=\"dt-pswp-item\" href=\"https:\/\/www.radiopiu.net\/wordpress\/wp-content\/uploads\/2025\/07\/518422396_1492048838795727_5394581552165021776_n-212x300-1.jpg\" data-dt-img-description=\"\" data-large_image_width=\"212\" data-large_image_height=\"300\"><img loading=\"lazy\" decoding=\"async\" class=\" wp-image-461859 alignleft\" src=\"https:\/\/www.radiopiu.net\/wordpress\/wp-content\/uploads\/2025\/07\/518422396_1492048838795727_5394581552165021776_n-212x300-1.jpg\" alt=\"\" width=\"167\" height=\"236\" \/><\/a><span style=\"color: #ff0000;\">OGGI SU RADIOPI\u00d9: MUSICA, informazione\u00a0 e dirette\u00a0<\/span><\/strong><\/h1>\n<\/blockquote>\n<p class=\"\" data-start=\"62\" data-end=\"463\"><strong>ALLE 8.05 LA RASSEGNA STAMPA LOCALE 8.25\u00a0 PIU SIAMO 9.00\u00a0 la musica country di Alex Nascinben 9.40\u00a0 oggi come ieri, la puntata del martedi, con Silvia Baldo 10 10 con Lorenzo da Laste le nove in Ladin, il programma del Musla 10.30 voci di montagna, il programma estivo di Leonardo Chinellato dal rifugio Vazzoler 2025\u00a0 11 00 tre pezzi&#8230; la musica! 12.00 IL LISCIO DI MIRCO BENCIVENNI 12.30 GR PRINCIPALE 13 10\u00a0 tre per due per te&#8230; di marina dona&#8217;\u00a0 \u00a013.20 COLLAGE OPERAZIONE NOSTALGIA, LORIS SCUSSEL 1400 ELETTROCHOC CON DJ JACK E LA MUSICA CHE BATTE 15.10\u00a0 arcade show!!! il programma di Elia Casagrande\u00a0 16 45 LE HIT STORICHE DI MIRCO BENCIVENNI 19.05 LE ANTICIPAZIONI DAL TG DI ANTENNA 3 DA UN\u2019IDEA DI TIZIANA BOLOGNANI 18.10 masere trophy&#8230; la sfida con l&#8217;ape di Marco Gaz\u00a0<\/strong><\/p>\n<p><span style=\"color: #ff0000;\"><a class=\"dt-pswp-item\" href=\"https:\/\/www.radiopiu.net\/wordpress\/wp-content\/uploads\/2025\/07\/Screenshot-2025-07-29-063001.png\" data-dt-img-description=\"\" data-large_image_width=\"223\" data-large_image_height=\"153\"><img loading=\"lazy\" decoding=\"async\" class=\"size-full wp-image-461881 alignleft\" src=\"https:\/\/www.radiopiu.net\/wordpress\/wp-content\/uploads\/2025\/07\/Screenshot-2025-07-29-063001.png\" alt=\"\" width=\"223\" height=\"153\" \/><\/a>MINIERE SUNSET&#8230; L&#8217;ULTIMA SERATA LA GRANDE FESTA IN PIAZZA AD AGORDO NEL &#8220;CAFFE'&#8221; DI PIAZZA LIBERTA&#8217;, IL FREQUENTATISSIMO LOCALE DA IVAN, ROBERTA E IL SUO FANTASTICO STAFF. QUESTA SERA DALLE 20.30 IL PROGRAMMA IN DIRETTA DAL GIARDINO&#8230; DI RADIOPIU. CONDUCE MARINA DONA&#8217;, REGIA DI MARCO GAZ E DOMANI SERA LA DIRETTA RADIO DAL MINIERE\u00a0<\/span><\/p>\n<p>&nbsp;<\/p>\n<p>&nbsp;<\/p>\n<p data-start=\"62\" data-end=\"463\"><strong>\u00a0<\/strong><\/p>\n<hr \/>\n<p>&nbsp;<\/p>\n<p>&nbsp;<\/p>\n<div class=\"x11i5rnm xat24cr x1mh8g0r x1vvkbs xtlvy1s x126k92a\">\n<div dir=\"auto\">\n<div dir=\"auto\">\n<p><strong><a class=\"dt-pswp-item\" href=\"https:\/\/www.radiopiu.net\/wordpress\/wp-content\/uploads\/2025\/07\/file-2.jpg\" data-dt-img-description=\"\" data-large_image_width=\"640\" data-large_image_height=\"641\"><img loading=\"lazy\" decoding=\"async\" class=\"wp-image-460616 alignleft\" src=\"https:\/\/www.radiopiu.net\/wordpress\/wp-content\/uploads\/2025\/07\/file-2-300x300.jpg\" alt=\"\" width=\"141\" height=\"141\" srcset=\"https:\/\/www.radiopiu.net\/wordpress\/wp-content\/uploads\/2025\/07\/file-2-300x300.jpg 300w, https:\/\/www.radiopiu.net\/wordpress\/wp-content\/uploads\/2025\/07\/file-2-150x150.jpg 150w, https:\/\/www.radiopiu.net\/wordpress\/wp-content\/uploads\/2025\/07\/file-2.jpg 640w\" sizes=\"auto, (max-width: 141px) 100vw, 141px\" \/><\/a>EL BAL DEL FIOR, DI GIULIANA DA RONCH, 29 LUGLIO<\/strong><strong>\u00a02025<\/strong><\/p>\n<\/div>\n<\/div>\n<div dir=\"auto\">\n<div dir=\"auto\">\n<p>&nbsp;<\/p>\n<p>&nbsp;<\/p>\n<audio class=\"wp-audio-shortcode\" id=\"audio-461651-1\" preload=\"none\" style=\"width: 100%;\" controls=\"controls\"><source type=\"audio\/mpeg\" src=\"https:\/\/www.radiopiu.net\/wordpress\/wp-content\/uploads\/2025\/07\/GMA-4.mp3?_=1\" \/><a href=\"https:\/\/www.radiopiu.net\/wordpress\/wp-content\/uploads\/2025\/07\/GMA-4.mp3\">https:\/\/www.radiopiu.net\/wordpress\/wp-content\/uploads\/2025\/07\/GMA-4.mp3<\/a><\/audio>\n<p>&nbsp;<\/p>\n<hr \/>\n<p>&nbsp;<\/p>\n<p>&nbsp;<\/p>\n<\/div>\n<\/div>\n<\/div>\n<div class=\"x11i5rnm xat24cr x1mh8g0r x1vvkbs xtlvy1s x126k92a\">\n<blockquote>\n<h1><strong><a class=\"dt-pswp-item\" href=\"https:\/\/www.radiopiu.net\/wordpress\/wp-content\/uploads\/2024\/10\/629301fd-708d-4f53-95c2-d28cbefd500f.jpg\" data-dt-img-description=\"\" data-large_image_width=\"1600\" data-large_image_height=\"1322\"><img loading=\"lazy\" decoding=\"async\" class=\"wp-image-413782 alignright\" src=\"https:\/\/www.radiopiu.net\/wordpress\/wp-content\/uploads\/2024\/10\/629301fd-708d-4f53-95c2-d28cbefd500f-300x248.jpg\" alt=\"\" width=\"106\" height=\"88\" srcset=\"https:\/\/www.radiopiu.net\/wordpress\/wp-content\/uploads\/2024\/10\/629301fd-708d-4f53-95c2-d28cbefd500f-300x248.jpg 300w, https:\/\/www.radiopiu.net\/wordpress\/wp-content\/uploads\/2024\/10\/629301fd-708d-4f53-95c2-d28cbefd500f-1024x846.jpg 1024w, https:\/\/www.radiopiu.net\/wordpress\/wp-content\/uploads\/2024\/10\/629301fd-708d-4f53-95c2-d28cbefd500f-768x635.jpg 768w, https:\/\/www.radiopiu.net\/wordpress\/wp-content\/uploads\/2024\/10\/629301fd-708d-4f53-95c2-d28cbefd500f-1536x1269.jpg 1536w, https:\/\/www.radiopiu.net\/wordpress\/wp-content\/uploads\/2024\/10\/629301fd-708d-4f53-95c2-d28cbefd500f.jpg 1600w\" sizes=\"auto, (max-width: 106px) 100vw, 106px\" \/><\/a><\/strong><\/h1>\n<h1><strong><a class=\"dt-pswp-item\" href=\"https:\/\/www.radiopiu.net\/wordpress\/wp-content\/uploads\/2024\/11\/th-18.jpg\" data-dt-img-description=\"\" data-large_image_width=\"156\" data-large_image_height=\"180\"><img loading=\"lazy\" decoding=\"async\" class=\"size-full wp-image-421611 alignleft\" src=\"https:\/\/www.radiopiu.net\/wordpress\/wp-content\/uploads\/2024\/11\/th-18.jpg\" alt=\"\" width=\"156\" height=\"180\" \/><\/a><\/strong><\/h1>\n<h1><strong>N di parom &#8211; L Almanach de la nosta jent<\/strong><\/h1>\n<\/blockquote>\n<p>&nbsp;<\/p>\n<p>Le voci: Davide Conedera, Agordo, Michela Dell&#8217;Osbel, La Valle Agordina Simone Ganz, Falcade Veronica Lezuo, Colle Santa Lucia. La voce nella sigla \u00e8 di Giorgia Taio<\/p>\n<p><strong>LA PUNTATA DI OGGI, 29<\/strong><strong>\u00a0LUGLIO 2025<\/strong><\/p>\n<p>&nbsp;<\/p>\n<audio class=\"wp-audio-shortcode\" id=\"audio-461651-2\" preload=\"none\" style=\"width: 100%;\" controls=\"controls\"><source type=\"audio\/mpeg\" src=\"https:\/\/www.radiopiu.net\/wordpress\/wp-content\/uploads\/2025\/07\/AL2-3.mp3?_=2\" \/><a href=\"https:\/\/www.radiopiu.net\/wordpress\/wp-content\/uploads\/2025\/07\/AL2-3.mp3\">https:\/\/www.radiopiu.net\/wordpress\/wp-content\/uploads\/2025\/07\/AL2-3.mp3<\/a><\/audio>\n<p>&nbsp;<\/p>\n<\/div>\n<div class=\"x11i5rnm xat24cr x1mh8g0r x1vvkbs xtlvy1s x126k92a\">\n<div dir=\"auto\">\n<hr \/>\n<\/div>\n<\/div>\n<blockquote>\n<blockquote>\n<h1><span style=\"color: #ff0000;\">\u00a0<\/span><\/h1>\n<h1><span style=\"color: #ff0000;\">I podcast informativi del mattino &#8211; audio &#8211;\u00a0\u00a0<\/span><\/h1>\n<\/blockquote>\n<p><strong><a class=\"dt-pswp-item\" href=\"https:\/\/www.radiopiu.net\/wordpress\/wp-content\/uploads\/2024\/11\/6.jpg\" data-dt-img-description=\"\" data-large_image_width=\"177\" data-large_image_height=\"180\"><img loading=\"lazy\" decoding=\"async\" class=\"size-full wp-image-417911 alignleft\" src=\"https:\/\/www.radiopiu.net\/wordpress\/wp-content\/uploads\/2024\/11\/6.jpg\" alt=\"\" width=\"177\" height=\"180\" \/><\/a>LA RASSEGNA STAMPA NAZIONALE ALLA RADIO, OGNI GIORNO ALLE 5 E ALLE 6 DEL MATTINO <span style=\"color: #0000ff;\">viene pubblicata alle 6.00 <span style=\"color: #ff0000;\">DIRETTA RADIO\u00a0 \u00a0\u00a0<\/span><\/span><\/strong><\/p><\/blockquote>\n<p>&nbsp;<\/p>\n<p><strong>NOTIZIE DELLA NOTTE<br \/>\n<\/strong><\/p>\n<p data-start=\"204\" data-end=\"558\">Il presidente americano <strong>Donald Trump<\/strong> ha dichiarato di non essere interessato a un summit con il leader cinese Xi Jinping, pur lasciando aperta la possibilit\u00e0 di una visita in Cina, ma solo su invito ufficiale. Intanto, <strong>dalla Corea del Nord,<\/strong> arriva una dichiarazione distensiva: i rapporti tra Kim Jong-un e Trump \u201cnon sono cattivi\u201d. Gravi conseguenze <strong>in Cina<\/strong> per il maltempo: forti piogge a Pechino hanno causato 30 morti e costretto oltre 80 mila persone ad abbandonare le proprie case. Preoccupazione anche negli <strong>Stati Uniti: a New York<\/strong> una sparatoria ha coinvolto un agente di polizia e due civili, tutti rimasti feriti. Fa discutere intanto un video virale che mostra Trump mentre bara a golf in Scozia, rilanciato da diversi media internazionali. <strong>Il ministro degli Esteri<\/strong> Antonio Tajani ha annunciato la creazione di una task force alla Farnesina per monitorare l\u2019impatto dei dazi. E&#8217;\u00a0morto<strong> Enrico Lucherini<\/strong>\u00a0storico press agent del cinema italiano, noto per aver lanciato decine di star. Aveva 93 anni.<\/p>\n<h1>AUDIO dalle 6 del mattino<\/h1>\n<audio class=\"wp-audio-shortcode\" id=\"audio-461651-3\" preload=\"none\" style=\"width: 100%;\" controls=\"controls\"><source type=\"audio\/mpeg\" src=\"https:\/\/www.radiopiu.net\/wordpress\/wp-content\/uploads\/2025\/07\/GIORNALEDELLESEI-23.mp3?_=3\" \/><a href=\"https:\/\/www.radiopiu.net\/wordpress\/wp-content\/uploads\/2025\/07\/GIORNALEDELLESEI-23.mp3\">https:\/\/www.radiopiu.net\/wordpress\/wp-content\/uploads\/2025\/07\/GIORNALEDELLESEI-23.mp3<\/a><\/audio>\n<p>&nbsp;<\/p>\n<p>&nbsp;<\/p>\n<hr \/>\n<p>&nbsp;<\/p>\n<h1 style=\"text-align: center;\"><span style=\"color: #ff0000;\"><a class=\"dt-pswp-item\" href=\"https:\/\/www.radiopiu.net\/wordpress\/wp-content\/uploads\/2024\/11\/7.jpg\" data-dt-img-description=\"\" data-large_image_width=\"180\" data-large_image_height=\"180\"><img loading=\"lazy\" decoding=\"async\" class=\"size-full wp-image-417912 alignleft\" src=\"https:\/\/www.radiopiu.net\/wordpress\/wp-content\/uploads\/2024\/11\/7.jpg\" alt=\"\" width=\"180\" height=\"180\" srcset=\"https:\/\/www.radiopiu.net\/wordpress\/wp-content\/uploads\/2024\/11\/7.jpg 180w, https:\/\/www.radiopiu.net\/wordpress\/wp-content\/uploads\/2024\/11\/7-150x150.jpg 150w\" sizes=\"auto, (max-width: 180px) 100vw, 180px\" \/><\/a>I podcast informativi del mattino &#8211; audio &#8211;\u00a0<\/span><\/h1>\n<p><strong>OGNI GIORNO ALLE SETTE DEL MATTINO, LA RASSEGNA STAMPA LOCALE FLASH&#8230; PER CHI VA IN FRETTA. I TITOLI DAI GIORNALI E DAL SITO WWW.RADIOPIU.NET <span style=\"color: #0000ff;\">viene pubblicato alle 7.00<\/span> <span style=\"color: #ff0000;\">DIRETTA RADIO\u00a0<\/span><\/strong><\/p>\n<p><em><span style=\"color: #ff0000;\">per chi va in fretta&#8230; tante notizie in pochi minuti. L&#8217;informazione locale alla radio, ogni ora dalle 7 del mattino alle 19 della sera.\u00a0\u00a0<\/span><\/em><\/p>\n<p><strong data-start=\"0\" data-end=\"62\">Notizie locali dal Bellunese: tra cronaca, eventi e novit\u00e0<\/strong><\/p>\n<p>&nbsp;<\/p>\n<div class=\"flex flex-1 grow basis-auto flex-col overflow-hidden\">\n<div class=\"relative h-full\">\n<div class=\"flex h-full flex-col overflow-y-auto [scrollbar-gutter:stable]\">\n<div class=\"mt-1.5 flex flex-col text-sm @thread-xl\/thread:pt-header-height md:pb-9\">\n<article class=\"group\/turn w-full text-token-text-primary focus-visible:outline-none\" dir=\"auto\" tabindex=\"-1\" data-testid=\"conversation-turn-2\" data-scroll-anchor=\"true\">\n<div class=\"text-base my-auto mx-auto py-5 px-6\">\n<div class=\"mx-auto flex flex-1 text-base gap-4 md:gap-5 lg:gap-6 md:max-w-3xl\">\n<div class=\"group\/conversation-turn relative flex w-full min-w-0 flex-col agent-turn @xs\/thread:px-0 @sm\/thread:px-1.5 @md\/thread:px-4\">\n<div class=\"relative flex-col gap-1 md:gap-3\">\n<div class=\"flex max-w-full flex-col flex-grow\">\n<div class=\"min-h-8 text-message relative flex w-full flex-col items-end gap-2 whitespace-normal break-words text-start [.text-message+&amp;]:mt-5\" dir=\"auto\" data-message-author-role=\"assistant\" data-message-id=\"bff05fc0-dc7c-4ab7-9b20-d3eec753127b\" data-message-model-slug=\"gpt-4o-mini\">\n<div class=\"flex w-full flex-col gap-1 empty:hidden first:pt-[3px]\">\n<div class=\"markdown prose w-full break-words dark:prose-invert dark\">\n<p class=\"\" data-start=\"64\" data-end=\"329\"><em><strong>Radio Pi\u00f9 offre una panoramica sui principali eventi e notizie in provincia di Belluno, accompagnata dalla programmazione radiofonica. Tra le principali notizie<\/strong><\/em><\/p>\n<\/div>\n<\/div>\n<\/div>\n<\/div>\n<\/div>\n<\/div>\n<\/div>\n<\/div>\n<\/article>\n<\/div>\n<\/div>\n<\/div>\n<\/div>\n<h1>AUDIO dalle 7 del mattino<\/h1>\n<audio class=\"wp-audio-shortcode\" id=\"audio-461651-4\" preload=\"none\" style=\"width: 100%;\" controls=\"controls\"><source type=\"audio\/mpeg\" src=\"https:\/\/www.radiopiu.net\/wordpress\/wp-content\/uploads\/2025\/07\/GF07-22.mp3?_=4\" \/><a href=\"https:\/\/www.radiopiu.net\/wordpress\/wp-content\/uploads\/2025\/07\/GF07-22.mp3\">https:\/\/www.radiopiu.net\/wordpress\/wp-content\/uploads\/2025\/07\/GF07-22.mp3<\/a><\/audio>\n<p>&nbsp;<\/p>\n<p>&nbsp;<\/p>\n<hr \/>\n<p>&nbsp;<\/p>\n<h1><\/h1>\n<h1 style=\"text-align: center;\"><span style=\"color: #ff0000;\"><a class=\"dt-pswp-item\" href=\"https:\/\/www.radiopiu.net\/wordpress\/wp-content\/uploads\/2024\/11\/th.jpg\" data-dt-img-description=\"\" data-large_image_width=\"148\" data-large_image_height=\"179\"><img loading=\"lazy\" decoding=\"async\" class=\" wp-image-417913 alignleft\" src=\"https:\/\/www.radiopiu.net\/wordpress\/wp-content\/uploads\/2024\/11\/th.jpg\" alt=\"\" width=\"66\" height=\"80\" \/><\/a>I podcast informativi del mattino &#8211; audio &#8211;\u00a0<\/span><\/h1>\n<blockquote><p><strong>GIORNALE RADIO NAZIONALE, EDIZIONE DELLE SETTE <span style=\"color: #0000ff;\">viene pubblicato alle 7.05 <span style=\"color: #ff0000;\">DIRETTA RADIO\u00a0<\/span><\/span><\/strong><\/p><\/blockquote>\n<p><strong>il giornale radionazionale e&#8217; in onda ogni ora, dalle sette del mattino alle venti della sera\u00a0 \u00a0\u00a0<\/strong><\/p>\n<p>&nbsp;<\/p>\n<blockquote>\n<h2><em> <a class=\"dt-pswp-item\" href=\"https:\/\/www.radiopiu.net\/wordpress\/wp-content\/uploads\/2025\/02\/download-7.jpg\" data-dt-img-description=\"\" data-large_image_width=\"211\" data-large_image_height=\"239\"><img loading=\"lazy\" decoding=\"async\" class=\" wp-image-435553 alignleft\" src=\"https:\/\/www.radiopiu.net\/wordpress\/wp-content\/uploads\/2025\/02\/download-7.jpg\" alt=\"\" width=\"186\" height=\"211\" \/><\/a><span style=\"color: #ff0000;\">RADIOPI\u00d9<\/span> \u2013 La voce del territorio, lo sguardo sul Paese.\u00a0<\/em><\/h2>\n<p data-start=\"198\" data-end=\"470\"><strong data-start=\"198\" data-end=\"208\">POMPEI<\/strong> \u2013 Ancora un grave incidente sul lavoro: due operai sono precipitati da un cestello elevatore e sono in condizioni gravissime. Intanto sono stati notificati quattro avvisi di garanzia per l&#8217;incidente mortale avvenuto venerd\u00ec scorso sullo stesso cantiere.<\/p>\n<p data-start=\"472\" data-end=\"831\"><strong data-start=\"472\" data-end=\"482\">MILANO<\/strong> \u2013 \u00c8 il secondo giorno di ricerche per il 17enne evaso da un centro di detenzione minorile dopo un arresto per rapina. Nelle stesse ore, a Rozzano, nel Milanese, una famiglia ebrea \u00e8 stata aggredita verbalmente da un turista francese: \u201cAssassini, tornate a casa\u201d ha urlato l\u2019uomo, poi identificato grazie a un video circolato sui social.<\/p>\n<p data-start=\"833\" data-end=\"1006\"><strong data-start=\"833\" data-end=\"855\">CASTELVETRANO (TP)<\/strong> \u2013 \u00c8 tornata libera Patrizia Messina Denaro, sorella del boss mafioso. Ha scontato 12 anni di carcere ed \u00e8 rientrata nella cittadina siciliana.<\/p>\n<p data-start=\"1008\" data-end=\"1183\"><strong data-start=\"1008\" data-end=\"1020\">SARDEGNA<\/strong> \u2013 Giornata ad altissimo rischio incendi: tre roghi attivi da questa mattina, con bollino rosso sulla costa orientale dell\u2019isola. Mobilitati i mezzi aerei.<\/p>\n<p data-start=\"1185\" data-end=\"1377\"><strong data-start=\"1185\" data-end=\"1206\">PRAIA A MARE (CS)<\/strong> \u2013 Il sindaco firma un\u2019ordinanza anti-degrado: coprifuoco per gli under 14 con il divieto di circolare in monopattino da mezzanotte e mezza alle sette del mattino.<\/p>\n<p data-start=\"1379\" data-end=\"1502\"><strong data-start=\"1379\" data-end=\"1399\">LATINA e CASERTA<\/strong> \u2013 Due nuove vittime del virus West Nile: un uomo di 77 anni nel Lazio e un ottantenne in Campania.<\/p>\n<p data-start=\"1504\" data-end=\"1697\"><strong data-start=\"1504\" data-end=\"1524\">VAL GARDENA (BZ)<\/strong> \u2013 Fine della tregua: torna il pagamento al tornello per l\u2019accesso alle vette dolomitiche. \u201cNessuna diffida dalla Provincia, andiamo avanti\u201d, spiegano gli organizzatori.<\/p>\n<\/blockquote>\n<blockquote>\n<h2><span style=\"color: #ff0000;\">RADIOPI\u00d9<\/span> \u2013 Dalle Dolomiti alla pianura, i fatti che segnano la Regione.<\/h2>\n<\/blockquote>\n<p><strong><a class=\"dt-pswp-item\" href=\"https:\/\/www.radiopiu.net\/wordpress\/wp-content\/uploads\/2025\/02\/download-3.jpg\" data-dt-img-description=\"\" data-large_image_width=\"223\" data-large_image_height=\"226\"><img loading=\"lazy\" decoding=\"async\" class=\"size-full wp-image-434732 alignleft\" src=\"https:\/\/www.radiopiu.net\/wordpress\/wp-content\/uploads\/2025\/02\/download-3.jpg\" alt=\"\" width=\"223\" height=\"226\" \/><\/a><\/strong><\/p>\n<p>&nbsp;<\/p>\n<p>&nbsp;<\/p>\n<p data-start=\"228\" data-end=\"564\"><strong data-start=\"228\" data-end=\"250\">VALDOBBIADENE (TV)<\/strong> \u2013 Tragedia nei vigneti: un agricoltore di 55 anni \u00e8 morto schiacciato dal trattore in localit\u00e0 Guia. Il corpo \u00e8 stato trovato dalla sorella dopo giorni senza contatti. Secondo i primi rilievi, l\u2019uomo sarebbe caduto per una decina di metri tra i filari. Sul posto carabinieri, Spisal e Soccorso Alpino.<\/p>\n<p data-start=\"566\" data-end=\"750\"><strong data-start=\"566\" data-end=\"581\">RESANA (TV)<\/strong> \u2013 Arrestato un 23enne sorpreso a rubare cavi di rame da un\u2019azienda edile. Tentava la fuga con altri tre complici, bloccati dopo un inseguimento dai carabinieri.<\/p>\n<p data-start=\"752\" data-end=\"940\"><strong data-start=\"752\" data-end=\"786\">FRIULI VENEZIA GIULIA E VENETO<\/strong> \u2013 Nove indagati per traffico illegale di uccelli da richiamo nell\u2019operazione \u201cVerso Nord\u201d condotta dalla Forestale. Sequestrati 327 volatili.<\/p>\n<p data-start=\"942\" data-end=\"1202\"><strong data-start=\"942\" data-end=\"953\">VENEZIA<\/strong> \u2013 Conclusa la fase sperimentale del Contributo di accesso alla citt\u00e0 antica: dal 18 aprile a oggi emessi oltre 720.000 voucher per visitatori giornalieri, con un incasso di 5,4 milioni di euro. Il sistema \u00e8 stato attivo per 54 giornate.<\/p>\n<p data-start=\"1204\" data-end=\"1412\"><strong data-start=\"1204\" data-end=\"1224\">TURISMO OPEN AIR<\/strong> \u2013 Secondo Faita-Federcamping, la stagione estiva si allunga anche al mare. Ottimi i dati di inizio estate per laghi e montagna, con presenze in crescita e prenotazioni in aumento.<\/p>\n<h1><span style=\"color: #ff0000;\"><span style=\"color: #0000ff;\">ULTIM&#8217;ORA<\/span> <span style=\"color: #000000;\">AUDIO dalle sette del mattino, ogni ora alla radio EDIZIONE DELLE SETTE<\/span><\/span><\/h1>\n<audio class=\"wp-audio-shortcode\" id=\"audio-461651-5\" preload=\"none\" style=\"width: 100%;\" controls=\"controls\"><source type=\"audio\/mpeg\" src=\"https:\/\/www.radiopiu.net\/wordpress\/wp-content\/uploads\/2025\/07\/giornale07-26.mp3?_=5\" \/><a href=\"https:\/\/www.radiopiu.net\/wordpress\/wp-content\/uploads\/2025\/07\/giornale07-26.mp3\">https:\/\/www.radiopiu.net\/wordpress\/wp-content\/uploads\/2025\/07\/giornale07-26.mp3<\/a><\/audio>\n<p>&nbsp;<\/p>\n<p>&nbsp;<\/p>\n<hr \/>\n<p>&nbsp;<\/p>\n<p>&nbsp;<\/p>\n<h1><span style=\"color: #ff0000;\"><a class=\"dt-pswp-item\" href=\"https:\/\/www.radiopiu.net\/wordpress\/wp-content\/uploads\/2024\/11\/8.jpg\" data-dt-img-description=\"\" data-large_image_width=\"180\" data-large_image_height=\"180\"><img loading=\"lazy\" decoding=\"async\" class=\"size-full wp-image-417910 alignleft\" src=\"https:\/\/www.radiopiu.net\/wordpress\/wp-content\/uploads\/2024\/11\/8.jpg\" alt=\"\" width=\"180\" height=\"180\" srcset=\"https:\/\/www.radiopiu.net\/wordpress\/wp-content\/uploads\/2024\/11\/8.jpg 180w, https:\/\/www.radiopiu.net\/wordpress\/wp-content\/uploads\/2024\/11\/8-150x150.jpg 150w\" sizes=\"auto, (max-width: 180px) 100vw, 180px\" \/><\/a>I podcast informativi del mattino &#8211; video &#8211;\u00a0<\/span><\/h1>\n<h2 style=\"text-align: left;\"><strong>RASSEGNA STAMPA LOCALE, ORE OTTO<\/strong><\/h2>\n<h2><strong> <span style=\"color: #0000ff;\">viene\u00a0 <\/span><\/strong><strong><span style=\"color: #0000ff;\">pubblicata alle 8.05 <span style=\"color: #ff0000;\">DIRETTA RADIO\u00a0 \u00a0<\/span><\/span><\/strong><strong>DI MIRKO MEZZACASA<\/strong><\/h2>\n<h1><span style=\"color: #ff0000;\"><strong>VIDEO\u00a0 \u00a0in diretta AGGIORNAMENTO\u00a0 dalle 8 del mattino\u00a0 \u00a0\u00a0<\/strong><\/span><\/h1>\n<p>&nbsp;<\/p>\n<p>&nbsp;<\/p>\n\n\t\t\t<style type='text\/css'>\n\t\t\t\t#gallery-1 {\n\t\t\t\t\tmargin: auto;\n\t\t\t\t}\n\t\t\t\t#gallery-1 .gallery-item {\n\t\t\t\t\tfloat: left;\n\t\t\t\t\tmargin-top: 10px;\n\t\t\t\t\ttext-align: center;\n\t\t\t\t\twidth: 25%;\n\t\t\t\t}\n\t\t\t\t#gallery-1 img {\n\t\t\t\t\tborder: 2px solid #cfcfcf;\n\t\t\t\t}\n\t\t\t\t#gallery-1 .gallery-caption {\n\t\t\t\t\tmargin-left: 0;\n\t\t\t\t}\n\t\t\t\t\/* see gallery_shortcode() in wp-includes\/media.php *\/\n\t\t\t<\/style>\n\t\t<div id='gallery-1' class='dt-gallery-container gallery galleryid-461651 gallery-columns-4 gallery-size-thumbnail'><dl class='gallery-item'>\n\t\t\t\t<dt class='gallery-icon landscape'>\n\t\t\t\t\t<a class=\"rollover rollover-zoom dt-pswp-item\" title=\"Screenshot 2025-07-29 050202\" data-dt-img-description=\"\" data-large_image_width=\"551\" data-large_image_height=\"393\"href='https:\/\/www.radiopiu.net\/wordpress\/wp-content\/uploads\/2025\/07\/Screenshot-2025-07-29-050202.png'><img loading=\"lazy\" decoding=\"async\" width=\"150\" height=\"150\" src=\"https:\/\/www.radiopiu.net\/wordpress\/wp-content\/uploads\/2025\/07\/Screenshot-2025-07-29-050202-150x150.png\" class=\"attachment-thumbnail size-thumbnail\" alt=\"\" \/><\/a>\n\t\t\t\t<\/dt><\/dl><dl class='gallery-item'>\n\t\t\t\t<dt class='gallery-icon landscape'>\n\t\t\t\t\t<a class=\"rollover rollover-zoom dt-pswp-item\" title=\"Screenshot 2025-07-29 051546\" data-dt-img-description=\"\" data-large_image_width=\"561\" data-large_image_height=\"265\"href='https:\/\/www.radiopiu.net\/wordpress\/wp-content\/uploads\/2025\/07\/Screenshot-2025-07-29-051546.png'><img loading=\"lazy\" decoding=\"async\" width=\"150\" height=\"150\" src=\"https:\/\/www.radiopiu.net\/wordpress\/wp-content\/uploads\/2025\/07\/Screenshot-2025-07-29-051546-150x150.png\" class=\"attachment-thumbnail size-thumbnail\" alt=\"\" \/><\/a>\n\t\t\t\t<\/dt><\/dl><dl class='gallery-item'>\n\t\t\t\t<dt class='gallery-icon landscape'>\n\t\t\t\t\t<a class=\"rollover rollover-zoom dt-pswp-item\" title=\"Screenshot 2025-07-29 050132\" data-dt-img-description=\"\" data-large_image_width=\"416\" data-large_image_height=\"89\"href='https:\/\/www.radiopiu.net\/wordpress\/wp-content\/uploads\/2025\/07\/Screenshot-2025-07-29-050132.png'><img loading=\"lazy\" decoding=\"async\" width=\"150\" height=\"89\" src=\"https:\/\/www.radiopiu.net\/wordpress\/wp-content\/uploads\/2025\/07\/Screenshot-2025-07-29-050132-150x89.png\" class=\"attachment-thumbnail size-thumbnail\" alt=\"\" \/><\/a>\n\t\t\t\t<\/dt><\/dl><dl class='gallery-item'>\n\t\t\t\t<dt class='gallery-icon landscape'>\n\t\t\t\t\t<a class=\"rollover rollover-zoom dt-pswp-item\" title=\"Screenshot 2025-07-29 051528\" data-dt-img-description=\"\" data-large_image_width=\"1100\" data-large_image_height=\"529\"href='https:\/\/www.radiopiu.net\/wordpress\/wp-content\/uploads\/2025\/07\/Screenshot-2025-07-29-051528.png'><img loading=\"lazy\" decoding=\"async\" width=\"150\" height=\"150\" src=\"https:\/\/www.radiopiu.net\/wordpress\/wp-content\/uploads\/2025\/07\/Screenshot-2025-07-29-051528-150x150.png\" class=\"attachment-thumbnail size-thumbnail\" alt=\"\" \/><\/a>\n\t\t\t\t<\/dt><\/dl><br style=\"clear: both\" \/>\n\t\t\t<\/div>\n\n<p>&nbsp;<\/p>\n<p><iframe loading=\"lazy\" title=\"DAL 1983 LA RASSEGNA STAMPA LOCALE di mirko mezzacasa. L&#039;ORIGINALE\" width=\"1200\" height=\"675\" src=\"https:\/\/www.youtube.com\/embed\/Cbic96PeHdU?feature=oembed\" frameborder=\"0\" allow=\"accelerometer; autoplay; clipboard-write; encrypted-media; gyroscope; picture-in-picture; web-share\" referrerpolicy=\"strict-origin-when-cross-origin\" allowfullscreen><\/iframe><\/p>\n<hr \/>\n<p>&nbsp;<\/p>\n<p><strong><a class=\"dt-pswp-item\" href=\"https:\/\/www.radiopiu.net\/wordpress\/wp-content\/uploads\/2023\/12\/ANTENNA.png\" data-dt-img-description=\"\" data-large_image_width=\"300\" data-large_image_height=\"166\"><img loading=\"lazy\" decoding=\"async\" class=\"wp-image-366306 alignright\" src=\"https:\/\/www.radiopiu.net\/wordpress\/wp-content\/uploads\/2023\/12\/ANTENNA.png\" alt=\"\" width=\"101\" height=\"56\" \/><\/a><a class=\"dt-pswp-item\" href=\"https:\/\/www.radiopiu.net\/wordpress\/wp-content\/uploads\/2024\/11\/th-17.jpg\" data-dt-img-description=\"\" data-large_image_width=\"224\" data-large_image_height=\"180\"><img loading=\"lazy\" decoding=\"async\" class=\" wp-image-421610 alignleft\" src=\"https:\/\/www.radiopiu.net\/wordpress\/wp-content\/uploads\/2024\/11\/th-17.jpg\" alt=\"\" width=\"167\" height=\"134\" \/><\/a>ogni sera alle 19 le anticipazioni alla radio, quello che poi seguirete nel TELEGIORNALE BELLUNESE\u00a0 in onda alle 19.30 sul CANALE 10 del digitale terrestre.\u00a0\u00a0<\/strong><\/p>\n<p><b>\u00a0\u00a0<\/b><\/p>\n<h1><span style=\"color: #ff0000;\"><strong>LE ANTICIPAZIONI DI TIZIANA BOLOGNANI<\/strong><\/span><\/h1>\n<audio class=\"wp-audio-shortcode\" id=\"audio-461651-6\" preload=\"none\" style=\"width: 100%;\" controls=\"controls\"><source type=\"audio\/mpeg\" src=\"https:\/\/www.radiopiu.net\/wordpress\/wp-content\/uploads\/2025\/07\/ANTENNA3-20.mp3?_=6\" \/><a href=\"https:\/\/www.radiopiu.net\/wordpress\/wp-content\/uploads\/2025\/07\/ANTENNA3-20.mp3\">https:\/\/www.radiopiu.net\/wordpress\/wp-content\/uploads\/2025\/07\/ANTENNA3-20.mp3<\/a><\/audio>\n<p>&nbsp;<\/p>\n<p>&nbsp;<\/p>\n<p>&nbsp;<\/p>\n<p>&nbsp;<\/p>\n<hr \/>\n<p>&nbsp;<\/p>\n<blockquote>\n<h3>ACQUA NON POTABILE A COLLE SANTA LUCIA E LIVINALLONGO<\/h3>\n<\/blockquote>\n<p><strong>REDAZIONE <\/strong>Servizi Integrati Bellunesi informa che a Colle Santa Lucia in localit\u00e0 Rucav\u00e0 l&#8217;acqua erogata dall&#8217;acquedotto non \u00e8 potabile e non pu\u00f2 essere usata per scopi alimentari. Verr\u00e0 effettuato servizio sostitutivo con cisterna in Centro. Anche a Livinallongo Del Col di Lana in localit\u00e0 Collaz l&#8217;acqua erogata dall&#8217;acquedotto non \u00e8 potabile e non pu\u00f2 essere usata per scopi alimentari.<\/p>\n<p>&nbsp;<\/p>\n<p>&nbsp;<\/p>\n<hr \/>\n<p>&nbsp;<\/p>\n<blockquote>\n<h3 data-start=\"59\" data-end=\"147\"><strong data-start=\"63\" data-end=\"147\"><a class=\"dt-pswp-item\" href=\"https:\/\/www.radiopiu.net\/wordpress\/wp-content\/uploads\/2024\/04\/polizia.jpg\" data-dt-img-description=\"\" data-large_image_width=\"480\" data-large_image_height=\"270\"><img loading=\"lazy\" decoding=\"async\" class=\" wp-image-387908 alignleft\" src=\"https:\/\/www.radiopiu.net\/wordpress\/wp-content\/uploads\/2024\/04\/polizia-300x169.jpg\" alt=\"\" width=\"215\" height=\"121\" srcset=\"https:\/\/www.radiopiu.net\/wordpress\/wp-content\/uploads\/2024\/04\/polizia-300x169.jpg 300w, https:\/\/www.radiopiu.net\/wordpress\/wp-content\/uploads\/2024\/04\/polizia.jpg 480w\" sizes=\"auto, (max-width: 215px) 100vw, 215px\" \/><\/a>BELLUNO \u2013 ALLARME RISSA IN CENTRO, VOLANTI IN PIAZZA PER UN DIVERBIO TRA GIOVANI<\/strong><\/h3>\n<\/blockquote>\n<p data-start=\"149\" data-end=\"572\"><strong>BELLUNO<\/strong> Ieri\u00a0 poco prima delle 17, le volanti della Polizia sono intervenute\u00a0 in piazza dei Martiri, in centro a Belluno, per sedare un acceso diverbio tra gruppi di giovani. Secondo le prime ricostruzioni, all\u2019origine della lite ci sarebbe la contesa per un telefono cellulare. L\u2019episodio ha coinvolto anche un adulto, abituale frequentatore della zona ma estraneo ai giri giovanili. Alla vista delle forze dell\u2019ordine, il solito fuggi fuggi, con alcuni giovani inseguiti fin dietro Palazzo Rosso, lungo le scalette. Un soggetto \u00e8 stato accompagnato per accertamenti. Nessun ferito, ma ancora tensione in una zona spesso segnalata da cittadini e commercianti per situazioni di disagio quotidiano.<\/p>\n<hr \/>\n<p data-start=\"149\" data-end=\"572\"><a class=\"dt-pswp-item\" href=\"https:\/\/www.radiopiu.net\/wordpress\/wp-content\/uploads\/2025\/07\/Screenshot-2025-07-17-045737-4.png\" data-dt-img-description=\"\" data-large_image_width=\"307\" data-large_image_height=\"10\"><img loading=\"lazy\" decoding=\"async\" class=\"alignnone size-medium wp-image-460130 aligncenter\" src=\"https:\/\/www.radiopiu.net\/wordpress\/wp-content\/uploads\/2025\/07\/Screenshot-2025-07-17-045737-4-300x10.png\" alt=\"\" width=\"300\" height=\"10\" srcset=\"https:\/\/www.radiopiu.net\/wordpress\/wp-content\/uploads\/2025\/07\/Screenshot-2025-07-17-045737-4-300x10.png 300w, https:\/\/www.radiopiu.net\/wordpress\/wp-content\/uploads\/2025\/07\/Screenshot-2025-07-17-045737-4.png 307w\" sizes=\"auto, (max-width: 300px) 100vw, 300px\" \/><\/a><\/p>\n<hr \/>\n<blockquote>\n<h3 data-start=\"149\" data-end=\"572\"><strong data-start=\"84\" data-end=\"130\"><a class=\"dt-pswp-item\" href=\"https:\/\/www.radiopiu.net\/wordpress\/wp-content\/uploads\/2025\/03\/CARABINIERI-16-300x225-1.jpg\" data-dt-img-description=\"\" data-large_image_width=\"300\" data-large_image_height=\"225\"><img loading=\"lazy\" decoding=\"async\" class=\"wp-image-439053 alignleft\" src=\"https:\/\/www.radiopiu.net\/wordpress\/wp-content\/uploads\/2025\/03\/CARABINIERI-16-300x225-1.jpg\" alt=\"\" width=\"134\" height=\"101\" \/><\/a>FURTO NELLA SEDE DELLA PRO LOCO DI FONZASO\u00a0<\/strong><\/h3>\n<\/blockquote>\n<p data-start=\"149\" data-end=\"572\"><strong>FONZASO<\/strong>\u00a0 Colpo nella notte tra domenica e luned\u00ec nella sede della Pro loco di Fonzaso, in via Zucco: rubati circa 700 euro, parte dell\u2019incasso della Cena sotto le stelle di sabato. I ladri hanno forzato la porta e aperto l\u2019armadio dove erano custoditi i soldi. Il presidente Tarcisio Zuglian ha sporto denuncia ai carabinieri, che stanno analizzando le immagini di alcune telecamere della zona. Oltre al furto, anche danni alla sede. Grande amarezza tra i volontari.<\/p>\n<p>&nbsp;<\/p>\n<p>&nbsp;<\/p>\n<hr \/>\n<p>&nbsp;<\/p>\n<blockquote><p><strong data-start=\"89\" data-end=\"137\"><a class=\"dt-pswp-item\" href=\"https:\/\/www.radiopiu.net\/wordpress\/wp-content\/uploads\/2025\/07\/Screenshot-2025-07-29-051314.png\" data-dt-img-description=\"\" data-large_image_width=\"405\" data-large_image_height=\"263\"><img loading=\"lazy\" decoding=\"async\" class=\"wp-image-461868 alignleft\" src=\"https:\/\/www.radiopiu.net\/wordpress\/wp-content\/uploads\/2025\/07\/Screenshot-2025-07-29-051314-300x195.png\" alt=\"\" width=\"195\" height=\"127\" srcset=\"https:\/\/www.radiopiu.net\/wordpress\/wp-content\/uploads\/2025\/07\/Screenshot-2025-07-29-051314-300x195.png 300w, https:\/\/www.radiopiu.net\/wordpress\/wp-content\/uploads\/2025\/07\/Screenshot-2025-07-29-051314.png 405w\" sizes=\"auto, (max-width: 195px) 100vw, 195px\" \/><\/a>FRANA AI MAZZUCCHI, STRADA A SENSO ALTERNATO<\/strong><\/p><\/blockquote>\n<p><strong>PONTE NELLE ALPI<\/strong> Da ieri pomeriggio si transita a senso alternato ai Mazzucchi, dopo la frana di domenica sera che ha invaso la carreggiata vicino al ponte sulla Valle Miazza. Dopo lo sgombero del materiale e i sopralluoghi con gli esperti, la strada \u00e8 stata riaperta su una sola corsia per sicurezza. Il vicesindaco di Ponte nelle Alpi, Angelo Levis, <em>spiega al Corriere delle Alpi<\/em> (foto) che si attende ora la messa in sicurezza definitiva del versante, gi\u00e0 ripulito in parte con l\u2019escavatore. La zona non \u00e8 nuova a fenomeni di dissesto.<\/p>\n<p>&nbsp;<\/p>\n<p>&nbsp;<\/p>\n<hr \/>\n<p data-start=\"149\" data-end=\"572\"><a class=\"dt-pswp-item\" href=\"https:\/\/www.radiopiu.net\/wordpress\/wp-content\/uploads\/2025\/07\/Screenshot-2025-07-17-045737-4.png\" data-dt-img-description=\"\" data-large_image_width=\"307\" data-large_image_height=\"10\"><img loading=\"lazy\" decoding=\"async\" class=\"alignnone size-medium wp-image-460130 aligncenter\" src=\"https:\/\/www.radiopiu.net\/wordpress\/wp-content\/uploads\/2025\/07\/Screenshot-2025-07-17-045737-4-300x10.png\" alt=\"\" width=\"300\" height=\"10\" srcset=\"https:\/\/www.radiopiu.net\/wordpress\/wp-content\/uploads\/2025\/07\/Screenshot-2025-07-17-045737-4-300x10.png 300w, https:\/\/www.radiopiu.net\/wordpress\/wp-content\/uploads\/2025\/07\/Screenshot-2025-07-17-045737-4.png 307w\" sizes=\"auto, (max-width: 300px) 100vw, 300px\" \/><\/a><\/p>\n<hr \/>\n<p>&nbsp;<\/p>\n<p>&nbsp;<\/p>\n<blockquote><p><strong data-start=\"65\" data-end=\"145\"><a class=\"dt-pswp-item\" href=\"https:\/\/www.radiopiu.net\/wordpress\/wp-content\/uploads\/2025\/07\/09695d1d-2c62-4d0f-9f88-adea7cb9e4a2.jpg\" data-dt-img-description=\"\" data-large_image_width=\"1179\" data-large_image_height=\"946\"><img loading=\"lazy\" decoding=\"async\" class=\"wp-image-461525 alignleft\" src=\"https:\/\/www.radiopiu.net\/wordpress\/wp-content\/uploads\/2025\/07\/09695d1d-2c62-4d0f-9f88-adea7cb9e4a2-300x241.jpg\" alt=\"\" width=\"147\" height=\"118\" srcset=\"https:\/\/www.radiopiu.net\/wordpress\/wp-content\/uploads\/2025\/07\/09695d1d-2c62-4d0f-9f88-adea7cb9e4a2-300x241.jpg 300w, https:\/\/www.radiopiu.net\/wordpress\/wp-content\/uploads\/2025\/07\/09695d1d-2c62-4d0f-9f88-adea7cb9e4a2-1024x822.jpg 1024w, https:\/\/www.radiopiu.net\/wordpress\/wp-content\/uploads\/2025\/07\/09695d1d-2c62-4d0f-9f88-adea7cb9e4a2-768x616.jpg 768w, https:\/\/www.radiopiu.net\/wordpress\/wp-content\/uploads\/2025\/07\/09695d1d-2c62-4d0f-9f88-adea7cb9e4a2.jpg 1179w\" sizes=\"auto, (max-width: 147px) 100vw, 147px\" \/><\/a>CANCIA E PELMO SOTTO OSSERVAZIONE<\/strong><\/p><\/blockquote>\n<p><strong>BORCA DI CADORE<\/strong> Il sindaco di Borca di Cadore, Bortolo Sala, gestisce due situazioni critiche: da una parte Cancia, dove domani arriver\u00e0 una commissione da Roma per valutare i danni causati dalla colata dell\u2019Antelao, con richieste di fondi per oltre 12 milioni di euro.<br data-start=\"413\" data-end=\"416\" \/>Dall\u2019altra, il Pelmo, dove domenica si \u00e8 verificato un crollo di roccia dalla parete nord-ovest. Nessun ferito, ma scattati divieti e chiusure precauzionali sui sentieri in caso di forti piogge.<\/p>\n<p>&nbsp;<\/p>\n<hr \/>\n<p>&nbsp;<\/p>\n<blockquote>\n<h3>MALTEMPO IN ARRIVO: NEVE IN QUOTA E FENOMENO DEL VERGLAS, MASSIMA ATTENZIONE PER ESCURSIONISTI E ALPINISTI<\/h3>\n<\/blockquote>\n<p><strong><a class=\"dt-pswp-item\" href=\"https:\/\/www.radiopiu.net\/wordpress\/wp-content\/uploads\/2025\/07\/LOGO_NEW_BELLUNO.jpg\" data-dt-img-description=\"\" data-large_image_width=\"1600\" data-large_image_height=\"1131\"><img loading=\"lazy\" decoding=\"async\" class=\" wp-image-461728 alignleft\" src=\"https:\/\/www.radiopiu.net\/wordpress\/wp-content\/uploads\/2025\/07\/LOGO_NEW_BELLUNO-300x212.jpg\" alt=\"\" width=\"158\" height=\"112\" srcset=\"https:\/\/www.radiopiu.net\/wordpress\/wp-content\/uploads\/2025\/07\/LOGO_NEW_BELLUNO-300x212.jpg 300w, https:\/\/www.radiopiu.net\/wordpress\/wp-content\/uploads\/2025\/07\/LOGO_NEW_BELLUNO-1024x724.jpg 1024w, https:\/\/www.radiopiu.net\/wordpress\/wp-content\/uploads\/2025\/07\/LOGO_NEW_BELLUNO-768x543.jpg 768w, https:\/\/www.radiopiu.net\/wordpress\/wp-content\/uploads\/2025\/07\/LOGO_NEW_BELLUNO-1536x1086.jpg 1536w, https:\/\/www.radiopiu.net\/wordpress\/wp-content\/uploads\/2025\/07\/LOGO_NEW_BELLUNO.jpg 1600w\" sizes=\"auto, (max-width: 158px) 100vw, 158px\" \/><\/a>BELLUNO <\/strong>Nelle prossime ore \u00e8 previsto un brusco calo delle temperature, che abbasser\u00e0 la quota neve a 2.900\u20133.000 metri. Ci\u00f2 potrebbe causare la formazione del pericoloso verglas, una sottile pellicola di ghiaccio invisibile che rende scivolose e insidiose le superfici rocciose. Alla luce delle perturbazioni in arrivo, si raccomanda massima prudenza ad alpinisti ed escursionisti in quota. Senza attrezzatura adeguata \u2013 come ramponi e indumenti tecnici \u2013 si rischiano gravi difficolt\u00e0, anche per eventuali soccorsi. Negli ultimi giorni sono aumentate le richieste di aiuto da parte di escursionisti sorpresi da piogge e temporali. I pericoli legati al maltempo includono terreni scivolosi, frane, guadi impraticabili, cascate improvvise, difficolt\u00e0 di orientamento e ipotermia. La montagna va rispettata: \u00e8 fondamentale consultare le previsioni, pianificare con attenzione e rinunciare se necessario, soprattutto in condizioni di instabilit\u00e0.<\/p>\n<p>&nbsp;<\/p>\n<p>&nbsp;<\/p>\n<hr \/>\n<p>&nbsp;<\/p>\n<blockquote>\n<h3><strong><a class=\"dt-pswp-item\" href=\"https:\/\/www.radiopiu.net\/wordpress\/wp-content\/uploads\/2025\/07\/1000181195.jpg\" data-dt-img-description=\"\" data-large_image_width=\"1124\" data-large_image_height=\"2000\"><img loading=\"lazy\" decoding=\"async\" class=\" wp-image-461706 alignleft\" src=\"https:\/\/www.radiopiu.net\/wordpress\/wp-content\/uploads\/2025\/07\/1000181195-169x300.jpg\" alt=\"\" width=\"97\" height=\"172\" srcset=\"https:\/\/www.radiopiu.net\/wordpress\/wp-content\/uploads\/2025\/07\/1000181195-169x300.jpg 169w, https:\/\/www.radiopiu.net\/wordpress\/wp-content\/uploads\/2025\/07\/1000181195-575x1024.jpg 575w, https:\/\/www.radiopiu.net\/wordpress\/wp-content\/uploads\/2025\/07\/1000181195-768x1367.jpg 768w, https:\/\/www.radiopiu.net\/wordpress\/wp-content\/uploads\/2025\/07\/1000181195-863x1536.jpg 863w, https:\/\/www.radiopiu.net\/wordpress\/wp-content\/uploads\/2025\/07\/1000181195.jpg 1124w\" sizes=\"auto, (max-width: 97px) 100vw, 97px\" \/><\/a><\/strong>ESCURSIONISTI IN DIFFICOLT\u00c0 SOPRA TERMINE DI CADORE<\/h3>\n<\/blockquote>\n<p><strong>TERMINE DI CADORE<\/strong> Domenica pomeriggio una coppia di escursionisti 53enni ha lanciato l\u2019allarme tramite l\u2019app GeoResQ dopo essersi persa sopra Termine di Cadore, sul sentiero 394. Bloccati su un pendio scivoloso e bagnato, senza calzature adeguate ma in posizione sicura, sono stati localizzati grazie alle coordinate fornite alla Centrale di Pieve di Cadore. Il Soccorso alpino di Longarone \u00e8 intervenuto sotto la pioggia, salendo fino a Col Paternoster e poi a piedi lungo il sentiero 395. A Casera Dogarei, i tecnici si sono divisi in due squadre per raggiungere i dispersi. Il contatto \u00e8 stato stabilito vocalmente, e i due, bagnati ma in buone condizioni (la donna con alcuni graffi), sono stati messi in sicurezza con corde e imbraghi. Riaccompagnati al sentiero, sono tornati alle auto. L\u2019intervento si \u00e8 concluso alle 21.15, con il loro rientro a Casso.<\/p>\n<p>&nbsp;<\/p>\n<p>&nbsp;<\/p>\n<hr \/>\n<p>&nbsp;<\/p>\n<blockquote>\n<h3>ESSILORLUXOTTICA REGISTRA UNA SOLIDA CRESCITA DEL FATTURATO NEL SECONDO TRIMESTRE<\/h3>\n<\/blockquote>\n<p><strong><a class=\"dt-pswp-item\" href=\"https:\/\/www.radiopiu.net\/wordpress\/wp-content\/uploads\/2024\/04\/essilorluxottica.png\" data-dt-img-description=\"\" data-large_image_width=\"400\" data-large_image_height=\"400\"><img loading=\"lazy\" decoding=\"async\" class=\" wp-image-386124 alignleft\" src=\"https:\/\/www.radiopiu.net\/wordpress\/wp-content\/uploads\/2024\/04\/essilorluxottica-300x300.png\" alt=\"\" width=\"136\" height=\"136\" srcset=\"https:\/\/www.radiopiu.net\/wordpress\/wp-content\/uploads\/2024\/04\/essilorluxottica-300x300.png 300w, https:\/\/www.radiopiu.net\/wordpress\/wp-content\/uploads\/2024\/04\/essilorluxottica-150x150.png 150w, https:\/\/www.radiopiu.net\/wordpress\/wp-content\/uploads\/2024\/04\/essilorluxottica.png 400w\" sizes=\"auto, (max-width: 136px) 100vw, 136px\" \/><\/a>PARIGI (FRANCIA) <\/strong>Il Consiglio di Amministrazione di EssilorLuxottica ha approvato il bilancio consolidato semestrale al 30 giugno 2025, evidenziando una crescita solida dei ricavi (+7,3% a cambi costanti) in tutte le aree geografiche e business. Il fatturato ha raggiunto 14,024 miliardi di euro, con il segmento Direct to Consumer in crescita pi\u00f9 marcata rispetto a Professional Solutions. L\u2019utile operativo adjusted \u00e8 stato pari al 18,1% del fatturato, stabile a cambi costanti nonostante nuovi dazi USA. Il free cash flow consolidato \u00e8 stato di 951 milioni di euro. Il Gruppo ha rafforzato la propria leadership tecnologica con il successo dei Ray-Ban Meta e il lancio degli Oakley Meta e degli occhiali Nuance Audio, innovativi per disturbi uditivi. L\u2019acquisizione delle cliniche Optegra e lo sviluppo nel med-tech consentono cure della vista pi\u00f9 personalizzate. Tutte le aree geografiche hanno contribuito alla crescita, con EMEA in testa (+9,1%). L\u2019azienda conferma le ambizioni di lungo termine, puntando su innovazione e sostenibilit\u00e0, grazie all\u2019impegno di oltre 200.000 dipendenti nel mondo.<\/p>\n<p>&nbsp;<\/p>\n<p>&nbsp;<\/p>\n<hr \/>\n<p>&nbsp;<\/p>\n<blockquote>\n<h3>ATTO VANDALICO AL GRANDE MANIFESTO DI RADIO PIU AL PERON DI SEDICO<\/h3>\n<\/blockquote>\n<p><strong><a class=\"dt-pswp-item\" href=\"https:\/\/www.radiopiu.net\/wordpress\/wp-content\/uploads\/2025\/07\/511317287_1137584115053400_851992147645853067_n.jpg\" data-dt-img-description=\"\" data-large_image_width=\"960\" data-large_image_height=\"548\"><img loading=\"lazy\" decoding=\"async\" class=\" wp-image-461681 alignleft\" src=\"https:\/\/www.radiopiu.net\/wordpress\/wp-content\/uploads\/2025\/07\/511317287_1137584115053400_851992147645853067_n-300x171.jpg\" alt=\"\" width=\"195\" height=\"111\" srcset=\"https:\/\/www.radiopiu.net\/wordpress\/wp-content\/uploads\/2025\/07\/511317287_1137584115053400_851992147645853067_n-300x171.jpg 300w, https:\/\/www.radiopiu.net\/wordpress\/wp-content\/uploads\/2025\/07\/511317287_1137584115053400_851992147645853067_n-768x438.jpg 768w, https:\/\/www.radiopiu.net\/wordpress\/wp-content\/uploads\/2025\/07\/511317287_1137584115053400_851992147645853067_n.jpg 960w\" sizes=\"auto, (max-width: 195px) 100vw, 195px\" \/><\/a>SEDICO<\/strong><\/p>\n<p>DI GIANNI SANTOMASO<\/p>\n<audio class=\"wp-audio-shortcode\" id=\"audio-461651-7\" preload=\"none\" style=\"width: 100%;\" controls=\"controls\"><source type=\"audio\/mpeg\" src=\"https:\/\/www.radiopiu.net\/wordpress\/wp-content\/uploads\/2025\/07\/GIANNI-ATTO-VANDALICO-AL-GRANDE-MANIFESTO-DI-RADIO-PIU-AL-PERON-DI-SEDICO.mp3?_=7\" \/><a href=\"https:\/\/www.radiopiu.net\/wordpress\/wp-content\/uploads\/2025\/07\/GIANNI-ATTO-VANDALICO-AL-GRANDE-MANIFESTO-DI-RADIO-PIU-AL-PERON-DI-SEDICO.mp3\">https:\/\/www.radiopiu.net\/wordpress\/wp-content\/uploads\/2025\/07\/GIANNI-ATTO-VANDALICO-AL-GRANDE-MANIFESTO-DI-RADIO-PIU-AL-PERON-DI-SEDICO.mp3<\/a><\/audio>\n<p>&nbsp;<\/p>\n<blockquote>\n<h1 class=\"_title post-title entry-title\">VANDALIZZATO MANIFESTO DI RADIO PIU\u2019 CONTRO LE GUERRE<\/h1>\n<\/blockquote>\n<p>Intervistati MIRKO MEZZACASA (DIRETTORE RADIO PIU\u2019) (Servizio di\u00a0<a href=\"https:\/\/antennatre.medianordest.it\/redazione\/Tiziana-Bolognani\/\">Tiziana Bolognani<\/a>)<\/p>\n<p><iframe loading=\"lazy\" title=\"VANDALIZZATO MANIFESTO DI RADIO PIU&#039; CONTRO LE GUERRE | 28\/07\/2025\" width=\"1200\" height=\"675\" src=\"https:\/\/www.youtube.com\/embed\/7DJcDXB0QdM?feature=oembed\" frameborder=\"0\" allow=\"accelerometer; autoplay; clipboard-write; encrypted-media; gyroscope; picture-in-picture; web-share\" referrerpolicy=\"strict-origin-when-cross-origin\" allowfullscreen><\/iframe><\/p>\n<p>&nbsp;<\/p>\n<blockquote>\n<h1 class=\"_title post-title entry-title\">IN PIAZZA DUOMO SI ROMPE IL MURO DI SILENZIO CONTRO IL MASSACRO DEI PALESTINESI<\/h1>\n<\/blockquote>\n<p>Intervistati JOLANDA DA DEPPO (PACE E DISARMO BELLUNO), MONSIGNOR RENATO MARANGONI (VESCOVO DI BELLUNO FELTRE), FRANCESCO MASUT (PACE E DISARMO BELLUNO) (Servizio di\u00a0<a href=\"https:\/\/antennatre.medianordest.it\/redazione\/Tiziana-Bolognani\/\">Tiziana Bolognani<\/a>)<\/p>\n<p><iframe loading=\"lazy\" title=\"IN PIAZZA DUOMO SI ROMPE IL MURO DI SILENZIO CONTRO IL MASSACRO DEI PALESTINESI  | 28\/07\/2025\" width=\"1200\" height=\"675\" src=\"https:\/\/www.youtube.com\/embed\/EZrgSdMUoGs?feature=oembed\" frameborder=\"0\" allow=\"accelerometer; autoplay; clipboard-write; encrypted-media; gyroscope; picture-in-picture; web-share\" referrerpolicy=\"strict-origin-when-cross-origin\" allowfullscreen><\/iframe><\/p>\n<p>&nbsp;<\/p>\n<hr \/>\n<p>&nbsp;<\/p>\n<blockquote>\n<h3>URGENZA INTERVENTI STRUTTURALI PER LA SICUREZZA DELLA SS51 DI ALEMAGNA NELLA VALLE DEL BOITE<\/h3>\n<\/blockquote>\n<p><strong><a class=\"dt-pswp-item\" href=\"https:\/\/www.radiopiu.net\/wordpress\/wp-content\/uploads\/2020\/06\/palazzo_piloni_belluno.jpg\" data-dt-img-description=\"\" data-large_image_width=\"1000\" data-large_image_height=\"667\"><img loading=\"lazy\" decoding=\"async\" class=\" wp-image-144771 alignleft\" src=\"https:\/\/www.radiopiu.net\/wordpress\/wp-content\/uploads\/2020\/06\/palazzo_piloni_belluno-300x200.jpg\" alt=\"\" width=\"179\" height=\"119\" srcset=\"https:\/\/www.radiopiu.net\/wordpress\/wp-content\/uploads\/2020\/06\/palazzo_piloni_belluno-300x200.jpg 300w, https:\/\/www.radiopiu.net\/wordpress\/wp-content\/uploads\/2020\/06\/palazzo_piloni_belluno-768x512.jpg 768w, https:\/\/www.radiopiu.net\/wordpress\/wp-content\/uploads\/2020\/06\/palazzo_piloni_belluno.jpg 1000w\" sizes=\"auto, (max-width: 179px) 100vw, 179px\" \/><\/a>BELLUNO <\/strong>Il presidente della Provincia di Belluno e il consigliere delegato alla Protezione Civile segnalano la grave vulnerabilit\u00e0 della SS51 di Alemagna, soprattutto tra Vodo, Borca, San Vito e Cortina, con particolare rischio nella zona di Dogana Vecchia. Le continue colate detritiche hanno causato interruzioni frequenti della circolazione, evidenziando la necessit\u00e0 di interventi infrastrutturali definitivi come viadotti o gallerie artificiali. Recentemente un\u2019altra colata ha isolato la frazione di Cancia, aggravando il rischio idrogeologico. A Vodo persistono situazioni pericolose legate al Rio Rudan. La Provincia, pur limitata nelle competenze e risorse, ha attivato monitoraggi e interventi temporanei, ma chiede al Governo, Ministero, ANAS e Regione Veneto un piano straordinario con finanziamenti certi per sistemi di allerta, opere di contenimento e grandi opere strutturali. Si sottolinea l\u2019importanza di un impegno coordinato per la sicurezza e la continuit\u00e0 della viabilit\u00e0, fondamentale per residenti e turismo.<\/p>\n<p>&nbsp;<\/p>\n<p>&nbsp;<\/p>\n<hr \/>\n<p>&nbsp;<\/p>\n<blockquote>\n<h3>INIZIATA LA RIMOZIONE DELLE ALGHE SUL LAGO DI ALLEGHE<\/h3>\n<\/blockquote>\n<p><strong>ALLEGHE <\/strong>\u00c8 iniziata ieri l\u2019operazione di rimozione delle alghe dal lago di Alleghe. La ditta appaltatrice incaricata \u00e8 gi\u00e0 al lavoro per ripristinare le normali condizioni del bacino lacustre, interessato nelle ultime settimane da un\u2019intensa proliferazione algale. L\u2019intervento mira a salvaguardare l\u2019ecosistema e garantire la piena fruibilit\u00e0 turistica e sportiva del lago in piena stagione estiva. Le operazioni proseguiranno nei prossimi giorni con monitoraggi costanti.<\/p>\n\n\t\t\t<style type='text\/css'>\n\t\t\t\t#gallery-2 {\n\t\t\t\t\tmargin: auto;\n\t\t\t\t}\n\t\t\t\t#gallery-2 .gallery-item {\n\t\t\t\t\tfloat: left;\n\t\t\t\t\tmargin-top: 10px;\n\t\t\t\t\ttext-align: center;\n\t\t\t\t\twidth: 16%;\n\t\t\t\t}\n\t\t\t\t#gallery-2 img {\n\t\t\t\t\tborder: 2px solid #cfcfcf;\n\t\t\t\t}\n\t\t\t\t#gallery-2 .gallery-caption {\n\t\t\t\t\tmargin-left: 0;\n\t\t\t\t}\n\t\t\t\t\/* see gallery_shortcode() in wp-includes\/media.php *\/\n\t\t\t<\/style>\n\t\t<div id='gallery-2' class='dt-gallery-container gallery galleryid-461651 gallery-columns-6 gallery-size-thumbnail'><dl class='gallery-item'>\n\t\t\t\t<dt class='gallery-icon portrait'>\n\t\t\t\t\t<a class=\"rollover rollover-zoom dt-pswp-item\" title=\"6cf7928b-0c5c-4ab1-808a-aaf31d34364c\" data-dt-img-description=\"\" data-large_image_width=\"1500\" data-large_image_height=\"2000\"href='https:\/\/www.radiopiu.net\/wordpress\/wp-content\/uploads\/2025\/07\/6cf7928b-0c5c-4ab1-808a-aaf31d34364c.jpg'><img loading=\"lazy\" decoding=\"async\" width=\"150\" height=\"150\" src=\"https:\/\/www.radiopiu.net\/wordpress\/wp-content\/uploads\/2025\/07\/6cf7928b-0c5c-4ab1-808a-aaf31d34364c-150x150.jpg\" class=\"attachment-thumbnail size-thumbnail\" alt=\"\" \/><\/a>\n\t\t\t\t<\/dt><\/dl><dl class='gallery-item'>\n\t\t\t\t<dt class='gallery-icon landscape'>\n\t\t\t\t\t<a class=\"rollover rollover-zoom dt-pswp-item\" title=\"61f03dc2-2108-419d-9cd3-b12e94e757e9\" data-dt-img-description=\"\" data-large_image_width=\"2000\" data-large_image_height=\"1500\"href='https:\/\/www.radiopiu.net\/wordpress\/wp-content\/uploads\/2025\/07\/61f03dc2-2108-419d-9cd3-b12e94e757e9.jpg'><img loading=\"lazy\" decoding=\"async\" width=\"150\" height=\"150\" src=\"https:\/\/www.radiopiu.net\/wordpress\/wp-content\/uploads\/2025\/07\/61f03dc2-2108-419d-9cd3-b12e94e757e9-150x150.jpg\" class=\"attachment-thumbnail size-thumbnail\" alt=\"\" \/><\/a>\n\t\t\t\t<\/dt><\/dl><dl class='gallery-item'>\n\t\t\t\t<dt class='gallery-icon landscape'>\n\t\t\t\t\t<a class=\"rollover rollover-zoom dt-pswp-item\" title=\"556c8599-24d9-49d7-b4f4-2ed6cf07ade1\" data-dt-img-description=\"\" data-large_image_width=\"1600\" data-large_image_height=\"900\"href='https:\/\/www.radiopiu.net\/wordpress\/wp-content\/uploads\/2025\/07\/556c8599-24d9-49d7-b4f4-2ed6cf07ade1.jpg'><img loading=\"lazy\" decoding=\"async\" width=\"150\" height=\"150\" src=\"https:\/\/www.radiopiu.net\/wordpress\/wp-content\/uploads\/2025\/07\/556c8599-24d9-49d7-b4f4-2ed6cf07ade1-150x150.jpg\" class=\"attachment-thumbnail size-thumbnail\" alt=\"\" \/><\/a>\n\t\t\t\t<\/dt><\/dl><dl class='gallery-item'>\n\t\t\t\t<dt class='gallery-icon landscape'>\n\t\t\t\t\t<a class=\"rollover rollover-zoom dt-pswp-item\" title=\"af186d40-15ff-4499-88f3-2efc13464e27\" data-dt-img-description=\"\" data-large_image_width=\"2000\" data-large_image_height=\"1500\"href='https:\/\/www.radiopiu.net\/wordpress\/wp-content\/uploads\/2025\/07\/af186d40-15ff-4499-88f3-2efc13464e27.jpg'><img loading=\"lazy\" decoding=\"async\" width=\"150\" height=\"150\" src=\"https:\/\/www.radiopiu.net\/wordpress\/wp-content\/uploads\/2025\/07\/af186d40-15ff-4499-88f3-2efc13464e27-150x150.jpg\" class=\"attachment-thumbnail size-thumbnail\" alt=\"\" \/><\/a>\n\t\t\t\t<\/dt><\/dl><dl class='gallery-item'>\n\t\t\t\t<dt class='gallery-icon portrait'>\n\t\t\t\t\t<a class=\"rollover rollover-zoom dt-pswp-item\" title=\"b1ab826e-5522-4242-90f5-a564731b0ce2\" data-dt-img-description=\"\" data-large_image_width=\"900\" data-large_image_height=\"1600\"href='https:\/\/www.radiopiu.net\/wordpress\/wp-content\/uploads\/2025\/07\/b1ab826e-5522-4242-90f5-a564731b0ce2.jpg'><img loading=\"lazy\" decoding=\"async\" width=\"150\" height=\"150\" src=\"https:\/\/www.radiopiu.net\/wordpress\/wp-content\/uploads\/2025\/07\/b1ab826e-5522-4242-90f5-a564731b0ce2-150x150.jpg\" class=\"attachment-thumbnail size-thumbnail\" alt=\"\" \/><\/a>\n\t\t\t\t<\/dt><\/dl><dl class='gallery-item'>\n\t\t\t\t<dt class='gallery-icon landscape'>\n\t\t\t\t\t<a class=\"rollover rollover-zoom dt-pswp-item\" title=\"b81a9451-0b4a-4984-acf0-766de570643a\" data-dt-img-description=\"\" data-large_image_width=\"1600\" data-large_image_height=\"900\"href='https:\/\/www.radiopiu.net\/wordpress\/wp-content\/uploads\/2025\/07\/b81a9451-0b4a-4984-acf0-766de570643a.jpg'><img loading=\"lazy\" decoding=\"async\" width=\"150\" height=\"150\" src=\"https:\/\/www.radiopiu.net\/wordpress\/wp-content\/uploads\/2025\/07\/b81a9451-0b4a-4984-acf0-766de570643a-150x150.jpg\" class=\"attachment-thumbnail size-thumbnail\" alt=\"\" \/><\/a>\n\t\t\t\t<\/dt><\/dl><br style=\"clear: both\" \/>\n\t\t\t<\/div>\n\n<p>&nbsp;<\/p>\n<div style=\"width: 848px;\" class=\"wp-video\"><video class=\"wp-video-shortcode\" id=\"video-461651-1\" width=\"848\" height=\"480\" preload=\"metadata\" controls=\"controls\"><source type=\"video\/mp4\" src=\"https:\/\/www.radiopiu.net\/wordpress\/wp-content\/uploads\/2025\/07\/WhatsApp-Video-2025-07-28-at-16.24.04.mp4?_=1\" \/><a href=\"https:\/\/www.radiopiu.net\/wordpress\/wp-content\/uploads\/2025\/07\/WhatsApp-Video-2025-07-28-at-16.24.04.mp4\">https:\/\/www.radiopiu.net\/wordpress\/wp-content\/uploads\/2025\/07\/WhatsApp-Video-2025-07-28-at-16.24.04.mp4<\/a><\/video><\/div>\n<p>&nbsp;<\/p>\n<hr \/>\n<p>&nbsp;<\/p>\n<blockquote>\n<h3>AGORDO INAUGURA IL NUOVO CAMPO SINTETICO E LA COPERTURA DELLA TRIBUNA DELLO STADIO IVANO DORIGO<\/h3>\n<\/blockquote>\n<p><strong><a class=\"dt-pswp-item\" href=\"https:\/\/www.radiopiu.net\/wordpress\/wp-content\/uploads\/2020\/11\/IVANO-DORIGO-AGORDO.jpg\" data-dt-img-description=\"\" data-large_image_width=\"1024\" data-large_image_height=\"768\"><img loading=\"lazy\" decoding=\"async\" class=\" wp-image-169847 alignleft\" src=\"https:\/\/www.radiopiu.net\/wordpress\/wp-content\/uploads\/2020\/11\/IVANO-DORIGO-AGORDO-300x225.jpg\" alt=\"\" width=\"185\" height=\"139\" srcset=\"https:\/\/www.radiopiu.net\/wordpress\/wp-content\/uploads\/2020\/11\/IVANO-DORIGO-AGORDO-300x225.jpg 300w, https:\/\/www.radiopiu.net\/wordpress\/wp-content\/uploads\/2020\/11\/IVANO-DORIGO-AGORDO-768x576.jpg 768w, https:\/\/www.radiopiu.net\/wordpress\/wp-content\/uploads\/2020\/11\/IVANO-DORIGO-AGORDO.jpg 1024w\" sizes=\"auto, (max-width: 185px) 100vw, 185px\" \/><\/a>AGORDO <\/strong>Una giornata di sport, festa e orgoglio per la comunit\u00e0 di Agordo: domenica 3 agosto 2025 si terr\u00e0 l\u2019inaugurazione ufficiale del nuovo campo da calcio in erba sintetica e della copertura della tribuna dello Stadio Ivano Dorigo, due opere attese da tempo e realizzate con il contributo del Fondo Comuni Confinanti. L\u2019evento si svolger\u00e0 in concomitanza con la giornata conclusiva del Campionato di Calcio Agordino Giovanile e Senior, a testimonianza del forte legame tra le nuove generazioni e il futuro dell\u2019attivit\u00e0 sportiva locale. Il programma prevede alle 11 la finale per il 3\u00b0 e 4\u00b0 posto del Torneo Giovanile Agordino, seguita alle ore 12:15 dagli interventi delle autorit\u00e0 presenti.\u00a0 L\u2019intervento sullo stadio Ivano Dorigo rappresenta un significativo passo avanti per lo sport agordino, garantendo maggiore fruibilit\u00e0 e comfort sia per gli atleti che per il pubblico. L\u2019intera comunit\u00e0 \u00e8 invitata a partecipare per celebrare insieme questo momento simbolico e festeggiare i risultati raggiunti, con lo sguardo gi\u00e0 rivolto ai prossimi obiettivi.<\/p>\n<p>&nbsp;<\/p>\n<p>&nbsp;<\/p>\n<hr \/>\n<p>&nbsp;<\/p>\n<blockquote>\n<h3>COMUNICARE LE ECCELLENZE BELLUNESI GRAZIE ALLA VISIBILIT\u00c0 OLIMPICA: NASCE UNA NUOVA AGENZIA DI PROMOZIONE TERRITORIALE<\/h3>\n<\/blockquote>\n<p><strong><a class=\"dt-pswp-item\" href=\"https:\/\/www.radiopiu.net\/wordpress\/wp-content\/uploads\/2023\/05\/FONTANA-PIAZZA-MARTIRI-scaled.jpeg\" data-dt-img-description=\"\" data-large_image_width=\"2560\" data-large_image_height=\"1547\"><img loading=\"lazy\" decoding=\"async\" class=\" wp-image-335259 alignleft\" src=\"https:\/\/www.radiopiu.net\/wordpress\/wp-content\/uploads\/2023\/05\/FONTANA-PIAZZA-MARTIRI-300x181.jpeg\" alt=\"\" width=\"177\" height=\"107\" srcset=\"https:\/\/www.radiopiu.net\/wordpress\/wp-content\/uploads\/2023\/05\/FONTANA-PIAZZA-MARTIRI-300x181.jpeg 300w, https:\/\/www.radiopiu.net\/wordpress\/wp-content\/uploads\/2023\/05\/FONTANA-PIAZZA-MARTIRI-1024x619.jpeg 1024w, https:\/\/www.radiopiu.net\/wordpress\/wp-content\/uploads\/2023\/05\/FONTANA-PIAZZA-MARTIRI-768x464.jpeg 768w, https:\/\/www.radiopiu.net\/wordpress\/wp-content\/uploads\/2023\/05\/FONTANA-PIAZZA-MARTIRI-1536x928.jpeg 1536w, https:\/\/www.radiopiu.net\/wordpress\/wp-content\/uploads\/2023\/05\/FONTANA-PIAZZA-MARTIRI-2048x1238.jpeg 2048w\" sizes=\"auto, (max-width: 177px) 100vw, 177px\" \/><\/a>BELLUNO<\/strong> Comunicare le eccellenze bellunesi sfruttando la visibilit\u00e0 olimpica: questo l&#8217;obbiettivo della manifestazione d&#8217;interesse promossa dal Comune di Belluno, all&#8217;interno di un progetto finanziato da Fondazione Cariverona, che mira alla nascita di un&#8217;agenzia di comunicazione destinata ad attivit\u00e0, iniziative e territori bellunesi.<\/p>\n<p><strong>DI DANIELE DALVIT<\/strong><\/p>\n<audio class=\"wp-audio-shortcode\" id=\"audio-461651-8\" preload=\"none\" style=\"width: 100%;\" controls=\"controls\"><source type=\"audio\/mpeg\" src=\"https:\/\/www.radiopiu.net\/wordpress\/wp-content\/uploads\/2025\/07\/Servizio-Agenzia-media-Olimpiadi-Belluno.mp3?_=8\" \/><a href=\"https:\/\/www.radiopiu.net\/wordpress\/wp-content\/uploads\/2025\/07\/Servizio-Agenzia-media-Olimpiadi-Belluno.mp3\">https:\/\/www.radiopiu.net\/wordpress\/wp-content\/uploads\/2025\/07\/Servizio-Agenzia-media-Olimpiadi-Belluno.mp3<\/a><\/audio>\n<p>&nbsp;<\/p>\n<hr \/>\n<p>&nbsp;<\/p>\n<blockquote>\n<h3>RICHIESTA DI UN INCONTRO SUL PROGETTO DEL BACINO DEL VANOI PER CHIAREZZA E TRASPARENZA<\/h3>\n<\/blockquote>\n<p><strong><a class=\"dt-pswp-item\" href=\"https:\/\/www.radiopiu.net\/wordpress\/wp-content\/uploads\/2019\/10\/download-23.jpg\" data-dt-img-description=\"\" data-large_image_width=\"182\" data-large_image_height=\"277\"><img loading=\"lazy\" decoding=\"async\" class=\" wp-image-103547 alignleft\" src=\"https:\/\/www.radiopiu.net\/wordpress\/wp-content\/uploads\/2019\/10\/download-23.jpg\" alt=\"\" width=\"85\" height=\"129\" \/><\/a>BELLUNO <\/strong>Il consigliere delegato alla Difesa del suolo della Provincia di Belluno, Massimo Bortoluzzi, ha inviato una lettera al Commissario straordinario e al Direttore generale del Consorzio di bonifica Brenta, richiedendo un incontro formale riguardo al progetto del bacino del Vanoi. La richiesta segue i recenti carotaggi effettuati in Val Cortella, che hanno sollevato preoccupazioni tra le comunit\u00e0 locali e le istituzioni. Bortoluzzi sottolinea la necessit\u00e0 di ottenere informazioni dettagliate sull\u2019iter progettuale e sulle finalit\u00e0 degli interventi, evidenziando che la Provincia di Belluno, insieme ad altre amministrazioni, ha gi\u00e0 espresso forti critiche, anche attraverso due delibere consiliari contrarie al progetto. L\u2019incontro mira a favorire un confronto trasparente con il Consorzio di bonifica del Brenta, garantendo che le istanze e le preoccupazioni del territorio siano ascoltate e prese in considerazione in ogni fase del procedimento.<\/p>\n<p>&nbsp;<\/p>\n<p>&nbsp;<\/p>\n<hr \/>\n<p>&nbsp;<\/p>\n<blockquote>\n<h3>AVVIATI I LAVORI DI RESTAURO DEL TRAMPOLINO OLIMPICO A CORTINA<\/h3>\n<\/blockquote>\n<p><strong>CORTINA<\/strong><\/p>\n<p><strong>DI BARBARA PAOLAZZI<\/strong><\/p>\n<audio class=\"wp-audio-shortcode\" id=\"audio-461651-9\" preload=\"none\" style=\"width: 100%;\" controls=\"controls\"><source type=\"audio\/mpeg\" src=\"https:\/\/www.radiopiu.net\/wordpress\/wp-content\/uploads\/2025\/07\/PAOLAZZI-TRAMPOLINO-CORTINA-1.mp3?_=9\" \/><a href=\"https:\/\/www.radiopiu.net\/wordpress\/wp-content\/uploads\/2025\/07\/PAOLAZZI-TRAMPOLINO-CORTINA-1.mp3\">https:\/\/www.radiopiu.net\/wordpress\/wp-content\/uploads\/2025\/07\/PAOLAZZI-TRAMPOLINO-CORTINA-1.mp3<\/a><\/audio>\n<p>&nbsp;<\/p>\n<p><span style=\"color: #ff0000;\">FOTO E RENDERING SIMICO<\/span><\/p>\n\n\t\t\t<style type='text\/css'>\n\t\t\t\t#gallery-3 {\n\t\t\t\t\tmargin: auto;\n\t\t\t\t}\n\t\t\t\t#gallery-3 .gallery-item {\n\t\t\t\t\tfloat: left;\n\t\t\t\t\tmargin-top: 10px;\n\t\t\t\t\ttext-align: center;\n\t\t\t\t\twidth: 50%;\n\t\t\t\t}\n\t\t\t\t#gallery-3 img {\n\t\t\t\t\tborder: 2px solid #cfcfcf;\n\t\t\t\t}\n\t\t\t\t#gallery-3 .gallery-caption {\n\t\t\t\t\tmargin-left: 0;\n\t\t\t\t}\n\t\t\t\t\/* see gallery_shortcode() in wp-includes\/media.php *\/\n\t\t\t<\/style>\n\t\t<div id='gallery-3' class='dt-gallery-container gallery galleryid-461651 gallery-columns-2 gallery-size-medium'><dl class='gallery-item'>\n\t\t\t\t<dt class='gallery-icon landscape'>\n\t\t\t\t\t<a class=\"rollover rollover-zoom dt-pswp-item\" title=\"28712968-9fd5-4764-8379-09334e31755f\" data-dt-img-description=\"\" data-large_image_width=\"646\" data-large_image_height=\"337\"href='https:\/\/www.radiopiu.net\/wordpress\/wp-content\/uploads\/2025\/07\/28712968-9fd5-4764-8379-09334e31755f.jpg'><img loading=\"lazy\" decoding=\"async\" width=\"300\" height=\"157\" src=\"https:\/\/www.radiopiu.net\/wordpress\/wp-content\/uploads\/2025\/07\/28712968-9fd5-4764-8379-09334e31755f-300x157.jpg\" class=\"attachment-medium size-medium\" alt=\"\" srcset=\"https:\/\/www.radiopiu.net\/wordpress\/wp-content\/uploads\/2025\/07\/28712968-9fd5-4764-8379-09334e31755f-300x157.jpg 300w, https:\/\/www.radiopiu.net\/wordpress\/wp-content\/uploads\/2025\/07\/28712968-9fd5-4764-8379-09334e31755f.jpg 646w\" sizes=\"auto, (max-width: 300px) 100vw, 300px\" \/><\/a>\n\t\t\t\t<\/dt><\/dl><dl class='gallery-item'>\n\t\t\t\t<dt class='gallery-icon landscape'>\n\t\t\t\t\t<a class=\"rollover rollover-zoom dt-pswp-item\" title=\"de8da61a-3d39-4661-a60c-48ebe673eae0\" data-dt-img-description=\"\" data-large_image_width=\"1600\" data-large_image_height=\"1200\"href='https:\/\/www.radiopiu.net\/wordpress\/wp-content\/uploads\/2025\/07\/de8da61a-3d39-4661-a60c-48ebe673eae0.jpg'><img loading=\"lazy\" decoding=\"async\" width=\"300\" height=\"225\" src=\"https:\/\/www.radiopiu.net\/wordpress\/wp-content\/uploads\/2025\/07\/de8da61a-3d39-4661-a60c-48ebe673eae0-300x225.jpg\" class=\"attachment-medium size-medium\" alt=\"\" srcset=\"https:\/\/www.radiopiu.net\/wordpress\/wp-content\/uploads\/2025\/07\/de8da61a-3d39-4661-a60c-48ebe673eae0-300x225.jpg 300w, https:\/\/www.radiopiu.net\/wordpress\/wp-content\/uploads\/2025\/07\/de8da61a-3d39-4661-a60c-48ebe673eae0-1024x768.jpg 1024w, https:\/\/www.radiopiu.net\/wordpress\/wp-content\/uploads\/2025\/07\/de8da61a-3d39-4661-a60c-48ebe673eae0-768x576.jpg 768w, https:\/\/www.radiopiu.net\/wordpress\/wp-content\/uploads\/2025\/07\/de8da61a-3d39-4661-a60c-48ebe673eae0-1536x1152.jpg 1536w, https:\/\/www.radiopiu.net\/wordpress\/wp-content\/uploads\/2025\/07\/de8da61a-3d39-4661-a60c-48ebe673eae0.jpg 1600w\" sizes=\"auto, (max-width: 300px) 100vw, 300px\" \/><\/a>\n\t\t\t\t<\/dt><\/dl><br style=\"clear: both\" \/>\n\t\t\t<\/div>\n\n<p>&nbsp;<\/p>\n<hr \/>\n<p>&nbsp;<\/p>\n<blockquote>\n<h3>CRAS BELLUNO: UN SEGNALE IMPORTANTE, MA ORA SERVONO RISPOSTE CONCRETE<\/h3>\n<\/blockquote>\n<p><strong><a class=\"dt-pswp-item\" href=\"https:\/\/www.radiopiu.net\/wordpress\/wp-content\/uploads\/2021\/02\/CERVO-IN-STRADA.jpg\" data-dt-img-description=\"\" data-large_image_width=\"1280\" data-large_image_height=\"853\"><img loading=\"lazy\" decoding=\"async\" class=\"size-medium wp-image-194101 alignleft\" src=\"https:\/\/www.radiopiu.net\/wordpress\/wp-content\/uploads\/2021\/02\/CERVO-IN-STRADA-300x200.jpg\" alt=\"\" width=\"300\" height=\"200\" srcset=\"https:\/\/www.radiopiu.net\/wordpress\/wp-content\/uploads\/2021\/02\/CERVO-IN-STRADA-300x200.jpg 300w, https:\/\/www.radiopiu.net\/wordpress\/wp-content\/uploads\/2021\/02\/CERVO-IN-STRADA-1024x682.jpg 1024w, https:\/\/www.radiopiu.net\/wordpress\/wp-content\/uploads\/2021\/02\/CERVO-IN-STRADA-768x512.jpg 768w, https:\/\/www.radiopiu.net\/wordpress\/wp-content\/uploads\/2021\/02\/CERVO-IN-STRADA.jpg 1280w\" sizes=\"auto, (max-width: 300px) 100vw, 300px\" \/><\/a>DI ILIANA COMINA<\/strong><\/p>\n<p>I molti articoli di giornale usciti in questi giorni sulla riapertura del CRAS in provincia sono un segnale incoraggiante in merito alla tutela della fauna selvatica, sono anni che il recupero o anche solo la piet\u00e0 umana rispetto a questi animali sembrava scarseggiare in provincia. I molti volontari che si occupano di animali domestici venivano continuamente contattati soprattutto dai turisti perch\u00e8 la risposta alla richiesta di intervento in caso di incidente o ritrovamento ai numeri di emergenza era sempre la stessa \u201cnon possiamo fare niente\u201d o peggio nessuno dei numeri cercati su internet alla voce \u201cforestale\u201d o \u201cpolizia provinciale\u201d rispondeva negli orari fuori dalla reperibilit\u00e0. Peccato che gli incidenti purtroppo non tengano presente la \u201creperibilit\u00e0\u201d e soprattutto nei giorni di sabato e domenica e i festivi siano proprio quelli a pi\u00f9 alto tasso di incidenti visto il muoversi dei turisti. Leggo sui giornali che ad oggi non c\u2019\u00e8 un numero dedicato, ma i soliti numeri nei soliti orari ad eccezione della domenica mattina fino alle 12.30. Si parla poi di contattare i numeri di emergenza nel \u201cfuori orario\u201d. Insomma quello che succedeva fino adesso\u2026In molti ci chiediamo se realmente ora che \u00e8 operativo il CRAS cambieranno le cose, e ci auguriamo che il centro non diventi un parcheggio per incidentati. Non ho letto il nome di nessun veterinario esperto in selvatici che sia presente nella struttura.<br \/>\nHo letto che per le specie cacciabili interverranno i cacciatori, <span class=\"s1\">pur non comprendendo la differenza di trattamento, gli animali cacciatili sono di serie B? S<\/span>ar\u00e0 il veterinario ULSS a stabilire se fare eutanasia o recupero, c\u2019\u00e8 da aspettarsi quindi che le due figure siano entrambe presenti al momento dell\u2019intervento giusto? E gli animali abbattuti che fine fanno? E\u2019 dato sapere? Per trasparenza sarebbe opportuno. Non ho trovato sul web nessuna pagina dedicata alla struttura, indispensabile per segnalare i numeri e fare in formazione in merito a cosa fare e soprattutto non fare, in caso di incidente o ritrovamento di animali. Ci sono solo articoli di stampa che via via saranno piu complicati da trovare mentre una pagina dedicata dovrebbe gi\u00e0 esistere perch\u00e8 nel 2025 la prima cosa che un turista fa \u00e8 cercare su internet \u201cCRAS Belluno\u201d provate\u2026e vedete quello che trovate. E\u2019 interessante notare che il CRAS di Treviso che esiste da molto tempo abbia la propria pagina sul sito della provincia, sia segnalato su google maps e compaia immediatamente in ricerca con tanto di cellulare (non un numero fisso) ed abbia pure un veterinario specializzato in fauna selvatica al suo interno. A Treviso pare poi che il problema della reperibilit\u00e0 non se lo pongano si legge infatti in questo articolo di Treviso Today si legge: \u201cPer segnalare la presenza di animali in difficolt\u00e0 e ricevere opportune indicazioni dal personale medico del Centro di Recupero Animali Selvatici della Provincia di Treviso, i cittadini possono telefonare al numero: 320 432 0671 attivo 24 ore su 24 e 7 giorni su 7. <span style=\"color: #3366ff;\"><a style=\"color: #3366ff;\" href=\"https:\/\/www.trevisotoday.it\/attualita\/treviso-cras-animali-selvatici-21-marzo-2025.html\"><strong>CLICCA QUI <\/strong><\/a><\/span>Pur comprendendo che il centro \u00e8 appena stato inaugurato e non si pu\u00f2 avere \u201ctutto e subito\u201d (anche se risulta sia attivo da gennaio 2025) ci si chiede davvero se cambier\u00e0 le cose in provincia perch\u00e8 \u00e8 la parte \u201cumana\u201d del servizio che fa la differenza, non la struttura o le voliere o i recinti. Ma siamo certi che quanto prima saranno date delle risposte efficaci ed esaustive in quanto, la provincia di Belluno, \u00e8 sede di un Parco Nazionale e sar\u00e0 certo all\u2019altezza di Treviso ma sapr\u00e0 stare la passo con i CRAS pi\u00f9 importanti d\u2019Italia. Aspettiamo con fiducia pi\u00f9 informazioni, pi\u00f9 interventi e magari il nome del veterinario che sar\u00e0 presente al centro.<\/p>\n<p>&nbsp;<\/p>\n<p>&nbsp;<\/p>\n<hr \/>\n<p>&nbsp;<\/p>\n<blockquote>\n<h3>MYCANDY ARENA SOSTIENE I GIOVANI DI BORGO VALBELLUNA CON UNA DONAZIONE PER L\u2019EURO TRIP 2025<\/h3>\n<\/blockquote>\n<p><strong><a class=\"dt-pswp-item\" href=\"https:\/\/www.radiopiu.net\/wordpress\/wp-content\/uploads\/2025\/07\/LHAL.jpg\" data-dt-img-description=\"\" data-large_image_width=\"330\" data-large_image_height=\"359\"><img loading=\"lazy\" decoding=\"async\" class=\" wp-image-461791 alignleft\" src=\"https:\/\/www.radiopiu.net\/wordpress\/wp-content\/uploads\/2025\/07\/LHAL-276x300.jpg\" alt=\"\" width=\"148\" height=\"161\" srcset=\"https:\/\/www.radiopiu.net\/wordpress\/wp-content\/uploads\/2025\/07\/LHAL-276x300.jpg 276w, https:\/\/www.radiopiu.net\/wordpress\/wp-content\/uploads\/2025\/07\/LHAL.jpg 330w\" sizes=\"auto, (max-width: 148px) 100vw, 148px\" \/><\/a>BORGO VALBELLUNA <\/strong>L\u2019Amministrazione Comunale di Borgo Valbelluna e la Consulta Giovani ringraziano la Mycandy Arena di Lentiai, gestita dalla A.S.D. Prealpi R\/C, per la donazione di 1.000 euro destinata al progetto Euro Trip 2025, rivolto ai giovani tra 18 e 22 anni. Il viaggio culturale approfondir\u00e0 la cooperazione euro-mediterranea con un incontro e una visita a Barcellona. La somma \u00e8 stata raccolta durante le gare di automodelli radiocomandati svolte nella pista, tra le pi\u00f9 innovative d\u2019Europa, che ospiter\u00e0 i campionati europei di ottobre. L\u2019Assessora Chiara Scarton evidenzia come la donazione renda il viaggio pi\u00f9 accessibile, permettendo anche un soggiorno pi\u00f9 lungo. L\u2019Assessora Chiara Cesa sottolinea il valore del progetto MyCandy Academy, rivolto ai pi\u00f9 giovani, che coinvolge le scuole e avvicina i ragazzi al modellismo dinamico. I fondatori della pista, Andrea Grigoletto e Michele Dalla Piazza, confermano l\u2019impegno verso i giovani, unendo sport, crescita e solidariet\u00e0.<\/p>\n<p>&nbsp;<\/p>\n<p>&nbsp;<\/p>\n<hr \/>\n<p>&nbsp;<\/p>\n<blockquote>\n<h3>FORMAZIONE E GELATERIA: SFIDE E OPPORTUNIT\u00c0 PER I GIOVANI PROFESSIONISTI<\/h3>\n<\/blockquote>\n<p><strong><a class=\"dt-pswp-item\" href=\"https:\/\/www.radiopiu.net\/wordpress\/wp-content\/uploads\/2025\/07\/Allievi-scuole-alberghiere-a-MIG.jpg\" data-dt-img-description=\"\" data-large_image_width=\"2000\" data-large_image_height=\"1363\"><img loading=\"lazy\" decoding=\"async\" class=\" wp-image-461789 alignleft\" src=\"https:\/\/www.radiopiu.net\/wordpress\/wp-content\/uploads\/2025\/07\/Allievi-scuole-alberghiere-a-MIG-300x204.jpg\" alt=\"\" width=\"209\" height=\"142\" srcset=\"https:\/\/www.radiopiu.net\/wordpress\/wp-content\/uploads\/2025\/07\/Allievi-scuole-alberghiere-a-MIG-300x204.jpg 300w, https:\/\/www.radiopiu.net\/wordpress\/wp-content\/uploads\/2025\/07\/Allievi-scuole-alberghiere-a-MIG-1024x698.jpg 1024w, https:\/\/www.radiopiu.net\/wordpress\/wp-content\/uploads\/2025\/07\/Allievi-scuole-alberghiere-a-MIG-768x523.jpg 768w, https:\/\/www.radiopiu.net\/wordpress\/wp-content\/uploads\/2025\/07\/Allievi-scuole-alberghiere-a-MIG-1536x1047.jpg 1536w, https:\/\/www.radiopiu.net\/wordpress\/wp-content\/uploads\/2025\/07\/Allievi-scuole-alberghiere-a-MIG.jpg 2000w\" sizes=\"auto, (max-width: 209px) 100vw, 209px\" \/><\/a>LONGARONE <\/strong>Longarone Fiere Dolomiti, in vista della MIG 2025, ha approfondito il tema della formazione professionale per gelatieri, riscontrando che la figura del gelatiere non rientra tra le qualifiche triennali previste dalla normativa nazionale. Questo limita l\u2019offerta di corsi triennali riconosciuti nelle Regioni per accedere a una qualifica ufficiale nel settore. Tuttavia, alcune Regioni come Friuli-Venezia Giulia, Lombardia e Veneto hanno introdotto qualifiche specifiche per la produzione di gelato, rispondendo ai bisogni locali. Giovanni De Lorenzi di Longarone Fiere Dolomiti ha annunciato un\u2019indagine dettagliata presso le Regioni per raccogliere informazioni utili a supportare giovani interessati alla professione. La promozione di corsi dedicati \u00e8 vista come cruciale per orientare i giovani, soprattutto nelle scuole medie, verso la gelateria artigianale, settore oggi poco rappresentato nelle offerte formative ufficiali nonostante la crescente domanda di manodopera specializzata.<\/p>\n<p>&nbsp;<\/p>\n<p>&nbsp;<\/p>\n<hr \/>\n<p>&nbsp;<\/p>\n<blockquote>\n<h3>LE MANIFESTAZIONI PRO GAZA IN AGORDINO<\/h3>\n<\/blockquote>\n<p><strong><a class=\"dt-pswp-item\" href=\"https:\/\/www.radiopiu.net\/wordpress\/wp-content\/uploads\/2025\/07\/SCR-20250727-slgn.jpeg\" data-dt-img-description=\"\" data-large_image_width=\"1676\" data-large_image_height=\"926\"><img loading=\"lazy\" decoding=\"async\" class=\" wp-image-461594 alignleft\" src=\"https:\/\/www.radiopiu.net\/wordpress\/wp-content\/uploads\/2025\/07\/SCR-20250727-slgn-300x166.jpeg\" alt=\"\" width=\"233\" height=\"129\" srcset=\"https:\/\/www.radiopiu.net\/wordpress\/wp-content\/uploads\/2025\/07\/SCR-20250727-slgn-300x166.jpeg 300w, https:\/\/www.radiopiu.net\/wordpress\/wp-content\/uploads\/2025\/07\/SCR-20250727-slgn-1024x566.jpeg 1024w, https:\/\/www.radiopiu.net\/wordpress\/wp-content\/uploads\/2025\/07\/SCR-20250727-slgn-768x424.jpeg 768w, https:\/\/www.radiopiu.net\/wordpress\/wp-content\/uploads\/2025\/07\/SCR-20250727-slgn-1536x849.jpeg 1536w, https:\/\/www.radiopiu.net\/wordpress\/wp-content\/uploads\/2025\/07\/SCR-20250727-slgn.jpeg 1676w\" sizes=\"auto, (max-width: 233px) 100vw, 233px\" \/><\/a>AGORDINO<\/strong><\/p>\n<p>DI GIANNI SANTOMASO<\/p>\n<audio class=\"wp-audio-shortcode\" id=\"audio-461651-10\" preload=\"none\" style=\"width: 100%;\" controls=\"controls\"><source type=\"audio\/mpeg\" src=\"https:\/\/www.radiopiu.net\/wordpress\/wp-content\/uploads\/2025\/07\/GIANNI-LE-MANIFESTAZIONI-PRO-GAZA-IN-AGORDINO.mp3?_=10\" \/><a href=\"https:\/\/www.radiopiu.net\/wordpress\/wp-content\/uploads\/2025\/07\/GIANNI-LE-MANIFESTAZIONI-PRO-GAZA-IN-AGORDINO.mp3\">https:\/\/www.radiopiu.net\/wordpress\/wp-content\/uploads\/2025\/07\/GIANNI-LE-MANIFESTAZIONI-PRO-GAZA-IN-AGORDINO.mp3<\/a><\/audio>\n<p>&nbsp;<\/p>\n<hr \/>\n<p>&nbsp;<\/p>\n<blockquote>\n<h3>ANCHE A BELLUNO SI ALZA IL RUMORE PER IL POPOLO DI GAZA<\/h3>\n<\/blockquote>\n<p><strong>BELLUNO<\/strong><\/p>\n<p>VIDEO DI TIZIANA BOLOGNANI<\/p>\n<div style=\"width: 848px;\" class=\"wp-video\"><video class=\"wp-video-shortcode\" id=\"video-461651-2\" width=\"848\" height=\"480\" preload=\"metadata\" controls=\"controls\"><source type=\"video\/mp4\" src=\"https:\/\/www.radiopiu.net\/wordpress\/wp-content\/uploads\/2025\/07\/WhatsApp-Video-2025-07-28-at-17.34.00.mp4?_=2\" \/><a href=\"https:\/\/www.radiopiu.net\/wordpress\/wp-content\/uploads\/2025\/07\/WhatsApp-Video-2025-07-28-at-17.34.00.mp4\">https:\/\/www.radiopiu.net\/wordpress\/wp-content\/uploads\/2025\/07\/WhatsApp-Video-2025-07-28-at-17.34.00.mp4<\/a><\/video><\/div>\n<p>&nbsp;<\/p>\n<hr \/>\n<p>&nbsp;<\/p>\n<blockquote>\n<h3>CONSIGLIO COMUNALE DI AGORDO: 7 PUNTI ALL\u2019ORDINE DEL GIORNO<\/h3>\n<\/blockquote>\n<p><strong>AGORDO<\/strong> \u00a0Consiglio comunale: Sono 7 i punti da discutere: una variazione a bilancio, le convenzioni con l\u2019Unione Montana Agordina per la gestione associata di tributi, informatica, personale e manutenzione del territorio e due interrogazioni della minoranza sullo sviluppo turistico in vista delle Olimpiadi e sicurezza stradale, gestione rifiuti e decoro urbano attorno al Broi e via 27 aprile.<\/p>\n<p>&nbsp;<\/p>\n<p><strong>LA DIRETTA RADIO PIU&#8217;<\/strong><\/p>\n<p><iframe loading=\"lazy\" title=\"CONSIGLIO COMUNALE DI AGORDO - 28 LUGLIO 2025\" width=\"1200\" height=\"900\" src=\"https:\/\/www.youtube.com\/embed\/ZijZETVtT8E?feature=oembed\" frameborder=\"0\" allow=\"accelerometer; autoplay; clipboard-write; encrypted-media; gyroscope; picture-in-picture; web-share\" referrerpolicy=\"strict-origin-when-cross-origin\" allowfullscreen><\/iframe><\/p>\n<p>&nbsp;<\/p>\n<hr \/>\n<p>&nbsp;<\/p>\n<blockquote>\n<h3>CONVOCAZIONE DEL CONSIGLIO PROVINCIALE A SAN VITO DI CADORE<\/h3>\n<\/blockquote>\n<p><strong>BELLUNO <\/strong>Il Consiglio Provinciale si riunir\u00e0 oggi alle 11 presso il Comune di San Vito di Cadore, con possibilit\u00e0 di partecipazione anche in videoconferenza. All\u2019ordine del giorno: ratifica della variazione urgente al bilancio 2025\/2027; verifica degli equilibri di bilancio; terza variazione di bilancio; approvazione del DUP 2026-2028. Si discuteranno inoltre due interventi urgenti: contenimento di sversamento da idrocarburi a Cancia e monitoraggio frane alla Croda Marcora. Prevista anche l\u2019approvazione di convenzioni in materia di caccia, pesca e appalti, aggiornamento del regolamento scolastico e comunicazioni del Presidente.<\/p>\n<p>&nbsp;<\/p>\n<p>&nbsp;<\/p>\n<hr \/>\n<p>&nbsp;<\/p>\n<blockquote>\n<h3>CONSIGLIO DELL&#8217;UNIONE MONTANA AGORDINA<\/h3>\n<\/blockquote>\n<p><strong>AGORDO <\/strong>Domani alle 20 presso la Sala Don Tamis ad Agordo, si terr\u00e0 la seduta pubblica ordinaria del Consiglio dell\u2019Unione Montana Agordina. All\u2019ordine del giorno: recepimento delle convenzioni approvate dai Comuni agordini per la gestione associata di servizi strategici, tra cui strutture sportive, beni silvo-pastorali, centrale unica di committenza, protezione civile, tributi, personale, informatica e manutenzione del territorio. In programma anche la salvaguardia degli equilibri di bilancio 2025\u20132027 con l\u2019assestamento generale, la presa d\u2019atto della relazione dell\u2019Unit\u00e0 di controllo per il primo semestre 2025 e la presentazione del DUP 2026\/2028.<\/p>\n<a href=\"https:\/\/www.radiopiu.net\/wordpress\/wp-content\/uploads\/2025\/07\/INTEGRAZIONE-a-Convocazione-Consiglio_Unione_30-luglio-2025-ore-2000-signed-1.pdf\" class=\"pdfemb-viewer\" style=\"\" data-width=\"max\" data-height=\"max\" data-toolbar=\"top\" data-toolbar-fixed=\"on\">INTEGRAZIONE a Convocazione Consiglio_Unione_30 luglio 2025, ore 20,00-signed<\/a>\n<p>&nbsp;<\/p>\n<hr \/>\n<p>&nbsp;<\/p>\n<h1><span style=\"color: #ff0000;\">CONSIGLI COMUNALI IN AGORDINO<\/span><\/h1>\n<p><strong>RIVAMONTE<\/strong> Consiglio comunale oggi alle 18:30. Tra gli otto punti all&#8217;ordine del giorno si discuter\u00e0 degli equilibri di bilancio, l&#8217;esame e approvazione del DUP e le convenzioni con l\u2019Unione Montana Agordina per la gestione associata di tributi, informatica, personale e manutenzione del territorio.<\/p>\n<p><strong>SAN TOMASO<\/strong> Consiglio comunale oggi alle 20. Tra i punti in discussione la salvaguardia degli equilibri, la presa d&#8217;atto del DUP e la ratifica di una variazione a bilancio<\/p>\n<p><strong>CANALE<\/strong> <strong>D&#8217;AGORDO<\/strong> Il consiglio comunale \u00e8 stato convocato per gioved\u00ec alle 8. Due punti da discutere: una variazione a bilancio e il mutamento di destinazione d&#8217;uso di un terreno<\/p>\n<p><strong>ROCCA PIETORE<\/strong> Il sindaco di Rocca Pietore ha convocato il consiglio comunale per gioved\u00ec alle 18. Due punti all&#8217;ordine del giorno: assestamento di bilancio e salvaguardia degli equilibri e l&#8217;approvazione del rendiconto di ASCA per il 2024<\/p>\n<p><strong>ALLEGHE\u00a0<\/strong>Si svolger\u00e0 gioved\u00ec alle 20 il consiglio comunale di Alleghe. Sei punti in discussione tra cuo l&#8217;approvazione del DUP, due variazioni a bilancio, la modifica del regolamento comunale sulla tassa di soggiorno e al piano del commercio su aree pubbliche<\/p>\n<p><strong>CENCENIGHE<\/strong> Consiglio comunale gioved\u00ec alle 20:30. Tra i punti in discussione una variazione a bilancio, l&#8217;approvazione del DUP e il bilancio 2024 di ASCA<\/p>\n<p><strong>LIVINALLONGO\u00a0<\/strong>Saranno 4 i punti in discussione nel consiglio comunale convocato gioved\u00ec alle 20:30. In discussione la salvaguardia degli equilibri, la nomina del revisore dei conti e il bilancio dell&#8217;Azienda Fodom Servizi<\/p>\n<p>&nbsp;<\/p>\n<p>&nbsp;<\/p>\n<hr \/>\n<p>&nbsp;<\/p>\n<blockquote>\n<h3>ARABBA INCONTRA: OGGI IL PRIMO APPUNTAMENTO<\/h3>\n<\/blockquote>\n<p><strong><a class=\"dt-pswp-item\" href=\"https:\/\/www.radiopiu.net\/wordpress\/wp-content\/uploads\/2025\/07\/29_07_25-Arabba_InConTra_Favero.jpg\" data-dt-img-description=\"\" data-large_image_width=\"1414\" data-large_image_height=\"2000\"><img loading=\"lazy\" decoding=\"async\" class=\" wp-image-461602 alignleft\" src=\"https:\/\/www.radiopiu.net\/wordpress\/wp-content\/uploads\/2025\/07\/29_07_25-Arabba_InConTra_Favero-212x300.jpg\" alt=\"\" width=\"130\" height=\"184\" srcset=\"https:\/\/www.radiopiu.net\/wordpress\/wp-content\/uploads\/2025\/07\/29_07_25-Arabba_InConTra_Favero-212x300.jpg 212w, https:\/\/www.radiopiu.net\/wordpress\/wp-content\/uploads\/2025\/07\/29_07_25-Arabba_InConTra_Favero-724x1024.jpg 724w, https:\/\/www.radiopiu.net\/wordpress\/wp-content\/uploads\/2025\/07\/29_07_25-Arabba_InConTra_Favero-768x1086.jpg 768w, https:\/\/www.radiopiu.net\/wordpress\/wp-content\/uploads\/2025\/07\/29_07_25-Arabba_InConTra_Favero-1086x1536.jpg 1086w, https:\/\/www.radiopiu.net\/wordpress\/wp-content\/uploads\/2025\/07\/29_07_25-Arabba_InConTra_Favero.jpg 1414w\" sizes=\"auto, (max-width: 130px) 100vw, 130px\" \/><\/a> <\/strong><\/p>\n<p><strong>\u00a0<\/strong><\/p>\n<p><strong>LIVINALLONGO<\/strong> Anche quest\u2019estate Arabba diventa palcoscenico di storie, visioni e riflessioni con\u00a0<strong>&#8220;Arabba InConTra&#8221;<\/strong>, la rassegna che porta nel centro delle Dolomiti alcuni dei protagonisti pi\u00f9 appassionati del mondo alpino, letterario e artistico. Sei serate, dal 29 luglio al 21 agosto, tutte a ingresso libero e con inizio alle ore 20:45, per ascoltare voci diverse ma unite da un profondo legame con la montagna e con i suoi significati pi\u00f9 autentici. Si comincia stasera nella Sala Congressi di Arabba con Paola Favero, ex generale dei Carabinieri Forestali, scrittrice e profonda conoscitrice dell\u2019ambiente montano. Presenter\u00e0 il libro &#8220;La foresta raccontata \u2013 storie di alberi, uomini e animali&#8221;, accompagnata da Gianpaolo Soratroi.<\/p>\n<p>&nbsp;<\/p>\n<p>&nbsp;<\/p>\n<p>&nbsp;<\/p>\n<hr \/>\n<p>&nbsp;<\/p>\n<blockquote>\n<h3>LA MONTAGNA NEL CUORE 2025: CULTURA, EMOZIONI E GRANDI OSPITI AD ALLEGHE<\/h3>\n<\/blockquote>\n<p><strong><a class=\"dt-pswp-item\" href=\"https:\/\/www.radiopiu.net\/wordpress\/wp-content\/uploads\/2025\/07\/LoSGHAOSGA-1.jpg\" data-dt-img-description=\"\" data-large_image_width=\"1131\" data-large_image_height=\"997\"><img loading=\"lazy\" decoding=\"async\" class=\" wp-image-458380 alignleft\" src=\"https:\/\/www.radiopiu.net\/wordpress\/wp-content\/uploads\/2025\/07\/LoSGHAOSGA-1-300x264.jpg\" alt=\"\" width=\"182\" height=\"160\" srcset=\"https:\/\/www.radiopiu.net\/wordpress\/wp-content\/uploads\/2025\/07\/LoSGHAOSGA-1-300x264.jpg 300w, https:\/\/www.radiopiu.net\/wordpress\/wp-content\/uploads\/2025\/07\/LoSGHAOSGA-1-1024x903.jpg 1024w, https:\/\/www.radiopiu.net\/wordpress\/wp-content\/uploads\/2025\/07\/LoSGHAOSGA-1-768x677.jpg 768w, https:\/\/www.radiopiu.net\/wordpress\/wp-content\/uploads\/2025\/07\/LoSGHAOSGA-1.jpg 1131w\" sizes=\"auto, (max-width: 182px) 100vw, 182px\" \/><\/a>ALLEGHE <\/strong>L\u2019estate 2025 ad Alleghe si arricchisce con \u201cLa Montagna nel Cuore\u201d, rassegna culturale promossa dal Consorzio Operatori Turistici e dal Comune, in collaborazione con la biblioteca. Sei appuntamenti settimanali, dal 17 luglio al 6 agosto, animeranno la Sala Stoppani con protagonisti d\u2019eccezione. Il 31 luglio l\u2019olimpionica Deborah Compagnoni racconter\u00e0 la sua vita tra le montagne. Il 2 agosto Igor Koller e Luca Calvi parleranno della leggendaria Via del Pesce sulla Marmolada. Chiuder\u00e0 la rassegna una serata speciale tra musica e disegno con Fabio Vettori e il duo Gabrielli Bernardi, per un originale omaggio a Niccol\u00f2 Paganini il 6 agosto. Una celebrazione intensa della montagna tra parole, immagini e suoni.<\/p>\n<p>&nbsp;<\/p>\n<p>&nbsp;<\/p>\n<p>&nbsp;<\/p>\n<hr \/>\n<p>&nbsp;<\/p>\n<blockquote>\n<h3>UN&#8217;ESTATE DI EVENTI CON L&#8217;ASSOCIAZIONE BORGO SOTTOGUDA<\/h3>\n<\/blockquote>\n<p><strong>ROCCA PIETORE <\/strong>Cultura, musica, spettacoli e natura si incontrano nello straordinario scenario di Rocca Pietore e delle Dolomiti. Segui l\u2019Associazione su Instagram e Facebook per non perdere neanche un appuntamento! Venerd\u00ec 1\u00b0 agosto, sempre al Teatro Tenda alle 20.45, arrivano \u201cLe mirabolanti avventure di Roald Dahl\u201d con Carlo Corsini e Simone Carnielli. Uno spettacolo per grandi e piccoli, ricco di magia e fantasia, tratto dalle celebri opere dello scrittore inglese. Anche questo evento \u00e8 a ingresso con offerta consapevole. Un\u2019estate da vivere tra emozioni, storie e paesaggi indimenticabili, grazie all\u2019impegno dell\u2019Associazione Borgo Sottoguda \u2013 Qualit\u00e0 e Territorio.<\/p>\n\n\t\t\t<style type='text\/css'>\n\t\t\t\t#gallery-4 {\n\t\t\t\t\tmargin: auto;\n\t\t\t\t}\n\t\t\t\t#gallery-4 .gallery-item {\n\t\t\t\t\tfloat: left;\n\t\t\t\t\tmargin-top: 10px;\n\t\t\t\t\ttext-align: center;\n\t\t\t\t\twidth: 50%;\n\t\t\t\t}\n\t\t\t\t#gallery-4 img {\n\t\t\t\t\tborder: 2px solid #cfcfcf;\n\t\t\t\t}\n\t\t\t\t#gallery-4 .gallery-caption {\n\t\t\t\t\tmargin-left: 0;\n\t\t\t\t}\n\t\t\t\t\/* see gallery_shortcode() in wp-includes\/media.php *\/\n\t\t\t<\/style>\n\t\t<div id='gallery-4' class='dt-gallery-container gallery galleryid-461651 gallery-columns-2 gallery-size-medium'><dl class='gallery-item'>\n\t\t\t\t<dt class='gallery-icon portrait'>\n\t\t\t\t\t<a class=\"rollover rollover-zoom dt-pswp-item\" title=\"4651f578-507e-465d-9233-15b857674fc4\" data-dt-img-description=\"\" data-large_image_width=\"1061\" data-large_image_height=\"1500\"href='https:\/\/www.radiopiu.net\/wordpress\/wp-content\/uploads\/2025\/07\/4651f578-507e-465d-9233-15b857674fc4.jpg'><img loading=\"lazy\" decoding=\"async\" width=\"212\" height=\"300\" src=\"https:\/\/www.radiopiu.net\/wordpress\/wp-content\/uploads\/2025\/07\/4651f578-507e-465d-9233-15b857674fc4-212x300.jpg\" class=\"attachment-medium size-medium\" alt=\"\" srcset=\"https:\/\/www.radiopiu.net\/wordpress\/wp-content\/uploads\/2025\/07\/4651f578-507e-465d-9233-15b857674fc4-212x300.jpg 212w, https:\/\/www.radiopiu.net\/wordpress\/wp-content\/uploads\/2025\/07\/4651f578-507e-465d-9233-15b857674fc4-724x1024.jpg 724w, https:\/\/www.radiopiu.net\/wordpress\/wp-content\/uploads\/2025\/07\/4651f578-507e-465d-9233-15b857674fc4-768x1086.jpg 768w, https:\/\/www.radiopiu.net\/wordpress\/wp-content\/uploads\/2025\/07\/4651f578-507e-465d-9233-15b857674fc4.jpg 1061w\" sizes=\"auto, (max-width: 212px) 100vw, 212px\" \/><\/a>\n\t\t\t\t<\/dt><\/dl><dl class='gallery-item'>\n\t\t\t\t<dt class='gallery-icon portrait'>\n\t\t\t\t\t<a class=\"rollover rollover-zoom dt-pswp-item\" title=\"9f9ca95d-04e3-4709-bc79-9e0aa5324ef1\" data-dt-img-description=\"\" data-large_image_width=\"1131\" data-large_image_height=\"1600\"href='https:\/\/www.radiopiu.net\/wordpress\/wp-content\/uploads\/2025\/07\/9f9ca95d-04e3-4709-bc79-9e0aa5324ef1.jpg'><img loading=\"lazy\" decoding=\"async\" width=\"212\" height=\"300\" src=\"https:\/\/www.radiopiu.net\/wordpress\/wp-content\/uploads\/2025\/07\/9f9ca95d-04e3-4709-bc79-9e0aa5324ef1-212x300.jpg\" class=\"attachment-medium size-medium\" alt=\"\" srcset=\"https:\/\/www.radiopiu.net\/wordpress\/wp-content\/uploads\/2025\/07\/9f9ca95d-04e3-4709-bc79-9e0aa5324ef1-212x300.jpg 212w, https:\/\/www.radiopiu.net\/wordpress\/wp-content\/uploads\/2025\/07\/9f9ca95d-04e3-4709-bc79-9e0aa5324ef1-724x1024.jpg 724w, https:\/\/www.radiopiu.net\/wordpress\/wp-content\/uploads\/2025\/07\/9f9ca95d-04e3-4709-bc79-9e0aa5324ef1-768x1086.jpg 768w, https:\/\/www.radiopiu.net\/wordpress\/wp-content\/uploads\/2025\/07\/9f9ca95d-04e3-4709-bc79-9e0aa5324ef1-1086x1536.jpg 1086w, https:\/\/www.radiopiu.net\/wordpress\/wp-content\/uploads\/2025\/07\/9f9ca95d-04e3-4709-bc79-9e0aa5324ef1.jpg 1131w\" sizes=\"auto, (max-width: 212px) 100vw, 212px\" \/><\/a>\n\t\t\t\t<\/dt><\/dl><br style=\"clear: both\" \/>\n\t\t\t<\/div>\n\n<p>&nbsp;<\/p>\n<hr \/>\n<p>&nbsp;<\/p>\n<blockquote>\n<h3>VAL FIORENTINA SUMMER VIBES: MUSICA DAL VIVO A SELVA DI CADORE<\/h3>\n<\/blockquote>\n<p><strong><a class=\"dt-pswp-item\" href=\"https:\/\/www.radiopiu.net\/wordpress\/wp-content\/uploads\/2022\/03\/254026600_962124181039693_1306450083412456774_n.png\" data-dt-img-description=\"\" data-large_image_width=\"390\" data-large_image_height=\"300\"><img loading=\"lazy\" decoding=\"async\" class=\" wp-image-267555 alignleft\" src=\"https:\/\/www.radiopiu.net\/wordpress\/wp-content\/uploads\/2022\/03\/254026600_962124181039693_1306450083412456774_n-300x231.png\" alt=\"\" width=\"160\" height=\"123\" srcset=\"https:\/\/www.radiopiu.net\/wordpress\/wp-content\/uploads\/2022\/03\/254026600_962124181039693_1306450083412456774_n-300x231.png 300w, https:\/\/www.radiopiu.net\/wordpress\/wp-content\/uploads\/2022\/03\/254026600_962124181039693_1306450083412456774_n.png 390w\" sizes=\"auto, (max-width: 160px) 100vw, 160px\" \/><\/a>SELVA DI CADORE <\/strong>Al via <em data-start=\"87\" data-end=\"116\">Val Fiorentina Summer Vibes<\/em>, la rassegna musicale estiva che animer\u00e0 Piazza S. Fosca a Selva di Cadore ogni venerd\u00ec dalle 18:00 alle 19:30. Un\u2019occasione per vivere l\u2019estate in musica, tra artisti locali e atmosfere rilassanti ai piedi delle Dolomiti. <strong data-start=\"341\" data-end=\"369\">Calendario degli eventi: <\/strong><strong data-start=\"422\" data-end=\"435\">01 agosto<\/strong>: Marco Marchesin + Chitarrista, <strong data-start=\"471\" data-end=\"484\">08 agosto<\/strong>: Eleonora Simeoni + Mattia Mad (duo vocale), <strong data-start=\"533\" data-end=\"546\">15 agosto<\/strong>: Miryam Magrini + Chitarrista + Percussioni, <strong data-start=\"595\" data-end=\"608\">22 agosto<\/strong>: Eleonora Simeoni + Chitarrista, <strong data-start=\"645\" data-end=\"658\">29 agosto<\/strong>: Silvia Smaniotto + Tastierista, <strong data-start=\"695\" data-end=\"711\">05 settembre<\/strong>: Alice Favaro + Chitarrista, <strong data-start=\"744\" data-end=\"760\">12 settembre<\/strong>: Marco Marchesin + Chitarrista. Un&#8217;estate di suoni e emozioni nella splendida cornice della Val Fiorentina.<\/p>\n<p>&nbsp;<\/p>\n<p>&nbsp;<\/p>\n<hr \/>\n<p>&nbsp;<\/p>\n<blockquote>\n<h3>IL CINEMA SOTTO LE STELLE TORNA AD AGORDO<\/h3>\n<\/blockquote>\n<p><strong><a class=\"dt-pswp-item\" href=\"https:\/\/www.radiopiu.net\/wordpress\/wp-content\/uploads\/2025\/07\/CINEMA-IN-CONTRADA.jpg\" data-dt-img-description=\"\" data-large_image_width=\"589\" data-large_image_height=\"403\"><img loading=\"lazy\" decoding=\"async\" class=\" wp-image-459052 alignleft\" src=\"https:\/\/www.radiopiu.net\/wordpress\/wp-content\/uploads\/2025\/07\/CINEMA-IN-CONTRADA-300x205.jpg\" alt=\"\" width=\"206\" height=\"141\" srcset=\"https:\/\/www.radiopiu.net\/wordpress\/wp-content\/uploads\/2025\/07\/CINEMA-IN-CONTRADA-300x205.jpg 300w, https:\/\/www.radiopiu.net\/wordpress\/wp-content\/uploads\/2025\/07\/CINEMA-IN-CONTRADA.jpg 589w\" sizes=\"auto, (max-width: 206px) 100vw, 206px\" \/><\/a>AGORDO<\/strong> Torna ad Agordo la rassegna \u201cCinema sotto le stelle delle Dolomiti\u201d, giunta alla sua quinta edizione. L\u2019iniziativa, organizzata dal Comune e dalla Pro Loco di Agordo, animer\u00e0 anche quest\u2019estate la Contrada dei Signori con tre serate dedicate al grande cinema, dal 31 luglio al 6 agosto. Il programma propone film per tutte le et\u00e0, capaci di emozionare e stimolare la riflessione. Si parte con <em data-start=\"469\" data-end=\"482\">Jojo Rabbit il 31 luglio<\/em>, ironico e profondo racconto sull\u2019odio e la tolleranza. Segue, il 4 agosto, <em data-start=\"545\" data-end=\"557\">La La Land<\/em>, musical che celebra sogni e passioni. La rassegna si chiude il 6 agosto con <em data-start=\"623\" data-end=\"658\">Mio fratello rincorre i dinosauri<\/em>, toccante storia sulla disabilit\u00e0 e i legami familiari. In quest\u2019ultima serata interverranno la famiglia Mazzariol e la cooperativa Societ\u00e0 Nuova. Le proiezioni sono gratuite (posti limitati) e iniziano alle 21.00, tranne il 6 agosto (alle 20.15). Prenotazioni su Eventbrite o presso l\u2019Ufficio Turistico di Agordo.<\/p>\n<p><strong>DI GIANNI SANTOMASO<\/strong><\/p>\n<audio class=\"wp-audio-shortcode\" id=\"audio-461651-11\" preload=\"none\" style=\"width: 100%;\" controls=\"controls\"><source type=\"audio\/mpeg\" src=\"https:\/\/www.radiopiu.net\/wordpress\/wp-content\/uploads\/2025\/07\/GIANNI-TORNA-IL-CINEMA-ALLAPERTO-AD-AGORDO.mp3?_=11\" \/><a href=\"https:\/\/www.radiopiu.net\/wordpress\/wp-content\/uploads\/2025\/07\/GIANNI-TORNA-IL-CINEMA-ALLAPERTO-AD-AGORDO.mp3\">https:\/\/www.radiopiu.net\/wordpress\/wp-content\/uploads\/2025\/07\/GIANNI-TORNA-IL-CINEMA-ALLAPERTO-AD-AGORDO.mp3<\/a><\/audio>\n<p>&nbsp;<\/p>\n<hr \/>\n<p>&nbsp;<\/p>\n<blockquote>\n<h3>DOMENICA LA 40ESIMA ADUNANZA DEL CAI DI AGORDO<\/h3>\n<\/blockquote>\n<p><strong><a class=\"dt-pswp-item\" href=\"https:\/\/www.radiopiu.net\/wordpress\/wp-content\/uploads\/2020\/04\/cai-agordo.jpg\" data-dt-img-description=\"\" data-large_image_width=\"297\" data-large_image_height=\"170\"><img loading=\"lazy\" decoding=\"async\" class=\" wp-image-127841 alignleft\" src=\"https:\/\/www.radiopiu.net\/wordpress\/wp-content\/uploads\/2020\/04\/cai-agordo.jpg\" alt=\"\" width=\"229\" height=\"131\" \/><\/a>SOSPIROLO <\/strong>Domenica la splendida cornice della Certosa di Vedana ospiter\u00e0 la <strong data-start=\"278\" data-end=\"338\">40\u00aa Adunanza del Club Alpino Italiano \u2013 Sezione Agordina<\/strong>, con il patrocinio del Comune di Sospirolo. L\u2019evento, aperto a tutti, prender\u00e0 il via alle 9.30 con il ritrovo dei partecipanti presso la Certosa. A seguire, alle 10, si terr\u00e0 la Santa Messa nella cappella del complesso monastico. Il programma proseguir\u00e0 con i saluti ufficiali del Presidente Sezionale e delle autorit\u00e0 locali. Uno dei momenti centrali sar\u00e0 la <strong data-start=\"713\" data-end=\"752\">presentazione del libretto &#8220;Vedana&#8221;<\/strong>, prevista per le 11.45. A concludere la giornata, un rinfresco organizzato dalla Pro Loco di Sospirolo presso la localit\u00e0 Pr\u00e0 della Melia. In caso di maltempo, la presentazione del libretto si svolger\u00e0 presso la Sala Pellizzari del Centro Civico di Sospirolo.<\/p>\n<p>&nbsp;<\/p>\n<p>&nbsp;<\/p>\n<hr \/>\n<p>&nbsp;<\/p>\n<blockquote>\n<h3>VENERD\u00cc GOURMET ALL\u2019OH PERBACCO WINE DI CENCENIGHE: QUESTA SETTIMANA LE SPECIALITA DELL&#8217;EMILIA ROMAGNA<\/h3>\n<\/blockquote>\n<p><strong>CENCENIGHE<\/strong> Per tutto il mese di luglio e agosto, l\u2019Oh Perbacco Wine di Cencenighe dedica il venerd\u00ec sera agli apericena con abbinamenti gastronomici. Otto venerd\u00ec per otto cantine diverse. Un modo diverso per passare la serata tra un buon vino e del cibo delizioso. Questa settimana tocca all&#8217;aperitivo dell&#8217;Emilia Romagna.<\/p>\n\n\t\t\t<style type='text\/css'>\n\t\t\t\t#gallery-5 {\n\t\t\t\t\tmargin: auto;\n\t\t\t\t}\n\t\t\t\t#gallery-5 .gallery-item {\n\t\t\t\t\tfloat: left;\n\t\t\t\t\tmargin-top: 10px;\n\t\t\t\t\ttext-align: center;\n\t\t\t\t\twidth: 100%;\n\t\t\t\t}\n\t\t\t\t#gallery-5 img {\n\t\t\t\t\tborder: 2px solid #cfcfcf;\n\t\t\t\t}\n\t\t\t\t#gallery-5 .gallery-caption {\n\t\t\t\t\tmargin-left: 0;\n\t\t\t\t}\n\t\t\t\t\/* see gallery_shortcode() in wp-includes\/media.php *\/\n\t\t\t<\/style>\n\t\t<div id='gallery-5' class='dt-gallery-container gallery galleryid-461651 gallery-columns-1 gallery-size-medium'><dl class='gallery-item'>\n\t\t\t\t<dt class='gallery-icon portrait'>\n\t\t\t\t\t<a class=\"rollover rollover-zoom dt-pswp-item\" title=\"73c95982-118c-4d21-b11c-0bce34db78df\" data-dt-img-description=\"\" data-large_image_width=\"784\" data-large_image_height=\"1174\"href='https:\/\/www.radiopiu.net\/wordpress\/wp-content\/uploads\/2025\/07\/73c95982-118c-4d21-b11c-0bce34db78df.jpg'><img loading=\"lazy\" decoding=\"async\" width=\"200\" height=\"300\" src=\"https:\/\/www.radiopiu.net\/wordpress\/wp-content\/uploads\/2025\/07\/73c95982-118c-4d21-b11c-0bce34db78df-200x300.jpg\" class=\"attachment-medium size-medium\" alt=\"\" srcset=\"https:\/\/www.radiopiu.net\/wordpress\/wp-content\/uploads\/2025\/07\/73c95982-118c-4d21-b11c-0bce34db78df-200x300.jpg 200w, https:\/\/www.radiopiu.net\/wordpress\/wp-content\/uploads\/2025\/07\/73c95982-118c-4d21-b11c-0bce34db78df-684x1024.jpg 684w, https:\/\/www.radiopiu.net\/wordpress\/wp-content\/uploads\/2025\/07\/73c95982-118c-4d21-b11c-0bce34db78df-768x1150.jpg 768w, https:\/\/www.radiopiu.net\/wordpress\/wp-content\/uploads\/2025\/07\/73c95982-118c-4d21-b11c-0bce34db78df.jpg 784w\" sizes=\"auto, (max-width: 200px) 100vw, 200px\" \/><\/a>\n\t\t\t\t<\/dt><\/dl><br style=\"clear: both\" \/>\n\t\t\t<\/div>\n\n<p>&nbsp;<\/p>\n<hr \/>\n<p>&nbsp;<\/p>\n<blockquote>\n<h3>TRE GIORNI DI FESTA A LA VALLE CON LA SAGRA DE LA MADONA DE LA NEIF<\/h3>\n<\/blockquote>\n<p><strong><a class=\"dt-pswp-item\" href=\"https:\/\/www.radiopiu.net\/wordpress\/wp-content\/uploads\/2025\/07\/lhgaoghaoh.jpg\" data-dt-img-description=\"\" data-large_image_width=\"569\" data-large_image_height=\"267\"><img loading=\"lazy\" decoding=\"async\" class=\" wp-image-461023 alignleft\" src=\"https:\/\/www.radiopiu.net\/wordpress\/wp-content\/uploads\/2025\/07\/lhgaoghaoh-300x141.jpg\" alt=\"\" width=\"213\" height=\"100\" srcset=\"https:\/\/www.radiopiu.net\/wordpress\/wp-content\/uploads\/2025\/07\/lhgaoghaoh-300x141.jpg 300w, https:\/\/www.radiopiu.net\/wordpress\/wp-content\/uploads\/2025\/07\/lhgaoghaoh.jpg 569w\" sizes=\"auto, (max-width: 213px) 100vw, 213px\" \/><\/a>LA VALLE<\/strong> Dal 2 al 5 agosto 2025 torna a La Valle Agordina la tradizionale sagra \u201cMadona de la Neif\u201d, organizzata dai Lavallesi Riuniti. Quattro giorni di festa tra musica, gastronomia, giochi e tradizioni. Sabato apertura con aperitivo, torneo di calcio femminile e concerto della Kriss Groove Band. Domenica pomeriggio per bambini, magia, specialit\u00e0 gastronomiche e AlpenBruder in serata. Luned\u00ec si celebra la veglia solenne e si inaugura la mostra fotografica \u201cLa Val da Incornis\u00e0\u201d. Marted\u00ec gran finale con il Merc\u00e0 de l\u2019Ista, sfilata in costumi tradizionali, mestieri antichi, spiedo e serata danzante con Eros &amp; Karin.<\/p>\n<p>&nbsp;<\/p>\n<p>&nbsp;<\/p>\n<hr \/>\n<p>&nbsp;<\/p>\n<p><strong><a class=\"dt-pswp-item\" href=\"https:\/\/www.radiopiu.net\/wordpress\/wp-content\/uploads\/2025\/07\/SCR-20250723-mrjt.jpeg\" data-dt-img-description=\"\" data-large_image_width=\"1408\" data-large_image_height=\"1980\"><img loading=\"lazy\" decoding=\"async\" class=\" wp-image-460819 alignleft\" src=\"https:\/\/www.radiopiu.net\/wordpress\/wp-content\/uploads\/2025\/07\/SCR-20250723-mrjt-213x300.jpeg\" alt=\"\" width=\"130\" height=\"183\" srcset=\"https:\/\/www.radiopiu.net\/wordpress\/wp-content\/uploads\/2025\/07\/SCR-20250723-mrjt-213x300.jpeg 213w, https:\/\/www.radiopiu.net\/wordpress\/wp-content\/uploads\/2025\/07\/SCR-20250723-mrjt-728x1024.jpeg 728w, https:\/\/www.radiopiu.net\/wordpress\/wp-content\/uploads\/2025\/07\/SCR-20250723-mrjt-768x1080.jpeg 768w, https:\/\/www.radiopiu.net\/wordpress\/wp-content\/uploads\/2025\/07\/SCR-20250723-mrjt-1092x1536.jpeg 1092w, https:\/\/www.radiopiu.net\/wordpress\/wp-content\/uploads\/2025\/07\/SCR-20250723-mrjt.jpeg 1408w\" sizes=\"auto, (max-width: 130px) 100vw, 130px\" \/><\/a> <\/strong><\/p>\n<blockquote>\n<h3>PANZE PIENE&#8230;LA FESTA DEL PANZEROTTO A GOSALDO<\/h3>\n<\/blockquote>\n<p><strong>GOSALDO <\/strong>Sabato 2 agosto, appuntamento da non perdere a Gosaldo con \u201cPANZE-PIENE\u201d, la serata pi\u00f9 golosa dell\u2019estate! Dalle ore 19:00, sotto il tendone allestito dalla Pro Loco, prender\u00e0 il via la Festa del Panzerotto: panzerotti caldi, croccanti e filanti, preparati in tante varianti per soddisfare tutti i gusti. Ma la serata non finisce qui: dalle 21:00, si accendono le luci del palco e si scatena il divertimento con la musica live dei Tirataie, per ballare, cantare e vivere una notte all\u2019insegna dell\u2019allegria. Un ringraziamento speciale va alla Macelleria Bepi Bosol, sponsor dell\u2019evento e sostenitore delle iniziative locali. Per ulteriori informazioni: <a class=\"cursor-pointer\" rel=\"noopener\" data-start=\"790\" data-end=\"814\">prolocogosaldo@gmail.com<\/a><\/p>\n<p>&nbsp;<\/p>\n<p>&nbsp;<\/p>\n<hr \/>\n<p>&nbsp;<\/p>\n<blockquote>\n<h3><a class=\"dt-pswp-item\" href=\"https:\/\/www.radiopiu.net\/wordpress\/wp-content\/uploads\/2025\/07\/e62b2e71-0ff5-431d-96e8-6abc8fff354b.jpg\" data-dt-img-description=\"\" data-large_image_width=\"1070\" data-large_image_height=\"1523\"><img loading=\"lazy\" decoding=\"async\" class=\" wp-image-461260 alignleft\" src=\"https:\/\/www.radiopiu.net\/wordpress\/wp-content\/uploads\/2025\/07\/e62b2e71-0ff5-431d-96e8-6abc8fff354b-211x300.jpg\" alt=\"\" width=\"101\" height=\"144\" srcset=\"https:\/\/www.radiopiu.net\/wordpress\/wp-content\/uploads\/2025\/07\/e62b2e71-0ff5-431d-96e8-6abc8fff354b-211x300.jpg 211w, https:\/\/www.radiopiu.net\/wordpress\/wp-content\/uploads\/2025\/07\/e62b2e71-0ff5-431d-96e8-6abc8fff354b-719x1024.jpg 719w, https:\/\/www.radiopiu.net\/wordpress\/wp-content\/uploads\/2025\/07\/e62b2e71-0ff5-431d-96e8-6abc8fff354b-768x1093.jpg 768w, https:\/\/www.radiopiu.net\/wordpress\/wp-content\/uploads\/2025\/07\/e62b2e71-0ff5-431d-96e8-6abc8fff354b.jpg 1070w\" sizes=\"auto, (max-width: 101px) 100vw, 101px\" \/><\/a>LA MOSTRA MERCATO A GOSALDO<\/h3>\n<\/blockquote>\n<p><strong>GOSALDO<\/strong> L&#8217;Associazione Amici della Biblioteca di Gosaldo e la Pro Loco Gosaldo organizzano la mostra mercato &#8220;L&#8217;Arte che fa del bene&#8221;, presso la ex chiesa di San Giacomo a Gosaldo. La mostra raccoglie varie opere (tra cui acquerelli, acqueforti, litografie, oli) a firma di artisti come Bruno Donadel, Lino Fornasier e Francesco Piazza. Le opere esposte sono state donate da Simonetta, Valentina e Sergio Tazzer. Il ricavato dell&#8217;iniziativa sar\u00e0 devoluto alla Parrocchia di Gosaldo, che lo destiner\u00e0 ad iniziative benefiche. La mostra rimarr\u00e0 aperta dalle 10.00 alle 12.00 e dalle 17.00 alle 19.00 del 2 e 3 agosto, dal 9 al 17 agosto e il 23 e 24 agosto.<\/p>\n<p>&nbsp;<\/p>\n<p>&nbsp;<\/p>\n<hr \/>\n<p>&nbsp;<\/p>\n<blockquote>\n<h3><a class=\"dt-pswp-item\" href=\"https:\/\/www.radiopiu.net\/wordpress\/wp-content\/uploads\/2018\/05\/Dunio-al-lavoro_resized_2.jpg\" data-dt-img-description=\"\" data-large_image_width=\"1536\" data-large_image_height=\"1152\"><img loading=\"lazy\" decoding=\"async\" class=\" wp-image-48005 alignleft\" src=\"https:\/\/www.radiopiu.net\/wordpress\/wp-content\/uploads\/2018\/05\/Dunio-al-lavoro_resized_2-300x225.jpg\" alt=\"\" width=\"172\" height=\"129\" srcset=\"https:\/\/www.radiopiu.net\/wordpress\/wp-content\/uploads\/2018\/05\/Dunio-al-lavoro_resized_2-300x225.jpg 300w, https:\/\/www.radiopiu.net\/wordpress\/wp-content\/uploads\/2018\/05\/Dunio-al-lavoro_resized_2-768x576.jpg 768w, https:\/\/www.radiopiu.net\/wordpress\/wp-content\/uploads\/2018\/05\/Dunio-al-lavoro_resized_2-1024x768.jpg 1024w, https:\/\/www.radiopiu.net\/wordpress\/wp-content\/uploads\/2018\/05\/Dunio-al-lavoro_resized_2.jpg 1536w\" sizes=\"auto, (max-width: 172px) 100vw, 172px\" \/><\/a>ARTE E SCACCHI IN MOSTRA A SAN TOMASO AGORDINO<\/h3>\n<\/blockquote>\n<p><strong>SAN TOMASO <\/strong>La Pro Loco di San Tomaso Agordino inaugura sabato 2 agosto 2025 la mostra &#8220;Dunio e gli scacchi&#8221;, con 36 opere di Dunio Piccolin, nate dalla collaborazione con Giovanni Lorusso dell\u2019Associazione Valbelluna Scacchi. L\u2019esposizione unisce arte e gioco, rendendo gli scacchi pi\u00f9 accessibili e coinvolgenti attraverso illustrazioni per tornei e scuole. Visitabile fino al 17 agosto, la mostra celebra il valore educativo e sociale degli scacchi. Domenica 10 agosto verr\u00e0 presentato anche il libro \u201cLa scacchiera sotto il calicanto\u201d, con opere e racconti legati all\u2019iniziativa. Un evento imperdibile per appassionati.<\/p>\n<p>&nbsp;<\/p>\n<p>&nbsp;<\/p>\n<hr \/>\n<p>&nbsp;<\/p>\n<blockquote>\n<h3><a class=\"dt-pswp-item\" href=\"https:\/\/www.radiopiu.net\/wordpress\/wp-content\/uploads\/2025\/07\/d51a6893-06fe-44a2-80b0-b1604b82f746.jpg\" data-dt-img-description=\"\" data-large_image_width=\"1080\" data-large_image_height=\"1080\"><img loading=\"lazy\" decoding=\"async\" class=\" wp-image-461113 alignleft\" src=\"https:\/\/www.radiopiu.net\/wordpress\/wp-content\/uploads\/2025\/07\/d51a6893-06fe-44a2-80b0-b1604b82f746-300x300.jpg\" alt=\"\" width=\"107\" height=\"107\" srcset=\"https:\/\/www.radiopiu.net\/wordpress\/wp-content\/uploads\/2025\/07\/d51a6893-06fe-44a2-80b0-b1604b82f746-300x300.jpg 300w, https:\/\/www.radiopiu.net\/wordpress\/wp-content\/uploads\/2025\/07\/d51a6893-06fe-44a2-80b0-b1604b82f746-1024x1024.jpg 1024w, https:\/\/www.radiopiu.net\/wordpress\/wp-content\/uploads\/2025\/07\/d51a6893-06fe-44a2-80b0-b1604b82f746-150x150.jpg 150w, https:\/\/www.radiopiu.net\/wordpress\/wp-content\/uploads\/2025\/07\/d51a6893-06fe-44a2-80b0-b1604b82f746-768x768.jpg 768w, https:\/\/www.radiopiu.net\/wordpress\/wp-content\/uploads\/2025\/07\/d51a6893-06fe-44a2-80b0-b1604b82f746.jpg 1080w\" sizes=\"auto, (max-width: 107px) 100vw, 107px\" \/><\/a><\/h3>\n<h3>IL CORO AMICI CANTORI A SAN TOMASO<\/h3>\n<\/blockquote>\n<p><strong>SAN TOMASO<\/strong> Serata imperdibile sabato 2 agosto dedicata al canto corale alpino, ospitata nell\u2019antica chiesa di Celat a San Tomaso alle 20:30. Ad esibirsi saranno alcuni cantori del celebre Coro della SAT di Trento, la compagine maschile pi\u00f9 nota tra i cori di montagna in Italia.<\/p>\n<p>&nbsp;<\/p>\n<p>&nbsp;<\/p>\n<hr \/>\n<p>&nbsp;<\/p>\n<blockquote>\n<h3>AUTO MUSICA E DIVERTIMENTO A VILLA PATT DI SEDICO<\/h3>\n<\/blockquote>\n<p><strong><a class=\"dt-pswp-item\" href=\"https:\/\/www.radiopiu.net\/wordpress\/wp-content\/uploads\/2025\/07\/SCR-20250728-tcop.jpeg\" data-dt-img-description=\"\" data-large_image_width=\"1500\" data-large_image_height=\"654\"><img loading=\"lazy\" decoding=\"async\" class=\" wp-image-461845 alignleft\" src=\"https:\/\/www.radiopiu.net\/wordpress\/wp-content\/uploads\/2025\/07\/SCR-20250728-tcop-300x131.jpeg\" alt=\"\" width=\"204\" height=\"89\" srcset=\"https:\/\/www.radiopiu.net\/wordpress\/wp-content\/uploads\/2025\/07\/SCR-20250728-tcop-300x131.jpeg 300w, https:\/\/www.radiopiu.net\/wordpress\/wp-content\/uploads\/2025\/07\/SCR-20250728-tcop-1024x446.jpeg 1024w, https:\/\/www.radiopiu.net\/wordpress\/wp-content\/uploads\/2025\/07\/SCR-20250728-tcop-768x335.jpeg 768w, https:\/\/www.radiopiu.net\/wordpress\/wp-content\/uploads\/2025\/07\/SCR-20250728-tcop.jpeg 1500w\" sizes=\"auto, (max-width: 204px) 100vw, 204px\" \/><\/a>SEDICO <\/strong>Sabato Villa Patt a Sedico ospiter\u00e0 il primo raduno &#8220;Disagiato&#8221; del Bellunese: <em data-start=\"215\" data-end=\"242\">\u201cDisagiati on the Street\u201d<\/em>, un evento dedicato agli appassionati di auto sportive, d&#8217;epoca e moto a 2 e 3 ruote. Organizzato da Disagiati on the Street in collaborazione con TechnoLegend e Dolomiti Center Fitness, l\u2019evento promette una giornata ricca di intrattenimento: ingresso dalle ore 10, DJ set e musica dal vivo per tutto il giorno, food truck, chioschi e un mezzo speciale per i gelati. La partecipazione ha un costo di 15 euro per veicolo, con buono pasto e gadget inclusi per le prime 100 auto iscritte. Non mancheranno attivit\u00e0 e intrattenimento pensati anche per bambini e famiglie. Per info e iscrizioni: <a class=\"cursor-pointer\" target=\"_new\" rel=\"noopener\" data-start=\"838\" data-end=\"903\">www.disagiationthestreet.it<\/a><\/p>\n<p>&nbsp;<\/p>\n<p>&nbsp;<\/p>\n<hr \/>\n<p>&nbsp;<\/p>\n<blockquote>\n<h3>MUSICA DA CORTILE A PAIANE<\/h3>\n<\/blockquote>\n<p><strong>PONTE NELLE ALPI<\/strong> Sabato dalle 17, torna a Paiane la quinta edizione di &#8220;Musica da Cortile&#8221;, evento gratuito organizzato da APS ITM e Amici della Musica, con il patrocinio del Comune di Ponte nelle Alpi. Due palchi ospiteranno artisti come Fosca e La Gente, TaGaDa, Zeno Turetta, Neon, Suspectra e Gaia Morelli. La manifestazione trasforma la Scuola di Musica in uno spazio di condivisione e cultura, unendo generazioni attraverso la musica dal vivo. Ingresso libero.<\/p>\n<p>&nbsp;<\/p>\n<p>&nbsp;<\/p>\n<hr \/>\n<p>&nbsp;<\/p>\n<blockquote>\n<h3><a class=\"dt-pswp-item\" href=\"https:\/\/www.radiopiu.net\/wordpress\/wp-content\/uploads\/2025\/07\/LKDKL.jpg\" data-dt-img-description=\"\" data-large_image_width=\"1130\" data-large_image_height=\"707\"><img loading=\"lazy\" decoding=\"async\" class=\" wp-image-461767 alignleft\" src=\"https:\/\/www.radiopiu.net\/wordpress\/wp-content\/uploads\/2025\/07\/LKDKL-300x188.jpg\" alt=\"\" width=\"190\" height=\"119\" srcset=\"https:\/\/www.radiopiu.net\/wordpress\/wp-content\/uploads\/2025\/07\/LKDKL-300x188.jpg 300w, https:\/\/www.radiopiu.net\/wordpress\/wp-content\/uploads\/2025\/07\/LKDKL-1024x641.jpg 1024w, https:\/\/www.radiopiu.net\/wordpress\/wp-content\/uploads\/2025\/07\/LKDKL-768x481.jpg 768w, https:\/\/www.radiopiu.net\/wordpress\/wp-content\/uploads\/2025\/07\/LKDKL.jpg 1130w\" sizes=\"auto, (max-width: 190px) 100vw, 190px\" \/><\/a>LO SCHIANTO DEL F16 A LIMANA<\/h3>\n<\/blockquote>\n<p><strong>LIMANA<\/strong> Il Comune di Limana, in collaborazione con la Pro Loco, ripropone il documentario &#8220;Lo schianto dell&#8217;F16 a Limana&#8221; sabato 9 agosto alle 21:00, dopo il successo di febbraio. Saranno presenti il regista Giovanni Carraro e altri ospiti. Verranno mostrati documenti inediti e sar\u00e0 dato spazio alle testimonianze dei cittadini sul tragico evento accaduto 40 anni fa. L\u2019evento si terr\u00e0 sotto il tendone dell\u2019area Pro Loco in via R. Fiabane. Ingresso libero fino a esaurimento posti.<\/p>\n<p>&nbsp;<\/p>\n<p>&nbsp;<\/p>\n<hr \/>\n<p>&nbsp;<\/p>\n<blockquote>\n<h3>LOTTERIA &#8220;CELARDA TRA STORIA E NATURA&#8221; \u2013 ELENCO PREMI ESTRATTI IL 26 LUGLIO 2025<\/h3>\n<\/blockquote>\n<p><strong>FELTRE <\/strong>Si \u00e8 svolta sabato 26 luglio 2025 l\u2019estrazione dei biglietti vincenti della lotteria &#8220;Celarda tra storia e natura&#8221;, appuntamento molto atteso nell\u2019ambito dell\u2019evento che celebra le tradizioni, il paesaggio e la convivialit\u00e0 del borgo di Celarda. L\u2019organizzazione ringrazia tutti coloro che hanno partecipato e sostenuto l\u2019iniziativa. \u00a0Di seguito l\u2019elenco completo dei premi estratti. I possessori dei biglietti vincenti possono ritirare il proprio premio contattando Daniela Manfroi al numero:\u00a0335 340487.\u00a0 Si invita a conservare il biglietto e a effettuare il ritiro entro i termini indicati dal regolamento.\u00a0Complimenti ai vincitori e arrivederci alla prossima edizione di &#8220;Celarda tra storia e natura&#8221;!<\/p>\n<a href=\"https:\/\/www.radiopiu.net\/wordpress\/wp-content\/uploads\/2025\/07\/NumeriEstratti2025.pdf\" class=\"pdfemb-viewer\" style=\"\" data-width=\"max\" data-height=\"max\" data-toolbar=\"top\" data-toolbar-fixed=\"on\">NumeriEstratti2025<\/a>\n<p>&nbsp;<\/p>\n<hr \/>\n<p>&nbsp;<\/p>\n<blockquote>\n<h3>RIAPRONO I MUSEI DI LA VALLE AGORDINA E TAIBON: UN\u2019ESTATE TRA STORIA, TRADIZIONE E AUTENTICIT\u00c0<\/h3>\n<\/blockquote>\n<p data-start=\"100\" data-end=\"499\"><a class=\"dt-pswp-item\" href=\"https:\/\/www.radiopiu.net\/wordpress\/wp-content\/uploads\/2025\/07\/8d3ab9cd-a4cb-4a99-bfe1-ac0fb17b9dba.jpg\" data-dt-img-description=\"\" data-large_image_width=\"828\" data-large_image_height=\"1158\"><img loading=\"lazy\" decoding=\"async\" class=\"size-medium wp-image-457258 alignleft\" src=\"https:\/\/www.radiopiu.net\/wordpress\/wp-content\/uploads\/2025\/07\/8d3ab9cd-a4cb-4a99-bfe1-ac0fb17b9dba-215x300.jpg\" alt=\"\" width=\"215\" height=\"300\" srcset=\"https:\/\/www.radiopiu.net\/wordpress\/wp-content\/uploads\/2025\/07\/8d3ab9cd-a4cb-4a99-bfe1-ac0fb17b9dba-215x300.jpg 215w, https:\/\/www.radiopiu.net\/wordpress\/wp-content\/uploads\/2025\/07\/8d3ab9cd-a4cb-4a99-bfe1-ac0fb17b9dba-732x1024.jpg 732w, https:\/\/www.radiopiu.net\/wordpress\/wp-content\/uploads\/2025\/07\/8d3ab9cd-a4cb-4a99-bfe1-ac0fb17b9dba-768x1074.jpg 768w, https:\/\/www.radiopiu.net\/wordpress\/wp-content\/uploads\/2025\/07\/8d3ab9cd-a4cb-4a99-bfe1-ac0fb17b9dba.jpg 828w\" sizes=\"auto, (max-width: 215px) 100vw, 215px\" \/><\/a>L\u2019Associazione <em data-start=\"115\" data-end=\"150\">Ospitalit\u00e0 Diffusa Conca Agordina<\/em> annuncia con entusiasmo la riapertura estiva dei musei etnografici di <strong data-start=\"221\" data-end=\"242\">La Valle Agordina<\/strong> e <strong data-start=\"245\" data-end=\"255\">Taibon<\/strong>, luoghi preziosi di memoria e identit\u00e0 per le comunit\u00e0 della vallata. Una riapertura resa possibile grazie alla consolidata collaborazione con le amministrazioni comunali, che l\u2019associazione ringrazia sentitamente per il sostegno e la fiducia.<\/p>\n<p data-start=\"501\" data-end=\"740\">I musei saranno aperti <strong data-start=\"524\" data-end=\"570\">tutti i giorni nei mesi di luglio e agosto<\/strong>, grazie alla presenza dei volontari dell\u2019associazione, che a maggio hanno seguito un percorso di formazione per offrire un&#8217;accoglienza informata, attenta e appassionata.<a class=\"dt-pswp-item\" href=\"https:\/\/www.radiopiu.net\/wordpress\/wp-content\/uploads\/2025\/07\/4d595d64-63bb-4e50-8359-03cbcfa1dd7a.jpg\" data-dt-img-description=\"\" data-large_image_width=\"828\" data-large_image_height=\"1158\"><img loading=\"lazy\" decoding=\"async\" class=\"size-medium wp-image-457257 alignright\" src=\"https:\/\/www.radiopiu.net\/wordpress\/wp-content\/uploads\/2025\/07\/4d595d64-63bb-4e50-8359-03cbcfa1dd7a-215x300.jpg\" alt=\"\" width=\"215\" height=\"300\" srcset=\"https:\/\/www.radiopiu.net\/wordpress\/wp-content\/uploads\/2025\/07\/4d595d64-63bb-4e50-8359-03cbcfa1dd7a-215x300.jpg 215w, https:\/\/www.radiopiu.net\/wordpress\/wp-content\/uploads\/2025\/07\/4d595d64-63bb-4e50-8359-03cbcfa1dd7a-732x1024.jpg 732w, https:\/\/www.radiopiu.net\/wordpress\/wp-content\/uploads\/2025\/07\/4d595d64-63bb-4e50-8359-03cbcfa1dd7a-768x1074.jpg 768w, https:\/\/www.radiopiu.net\/wordpress\/wp-content\/uploads\/2025\/07\/4d595d64-63bb-4e50-8359-03cbcfa1dd7a.jpg 828w\" sizes=\"auto, (max-width: 215px) 100vw, 215px\" \/><\/a><\/p>\n<p data-start=\"742\" data-end=\"876\">A fianco della riapertura, prende vita anche un <strong data-start=\"790\" data-end=\"829\">percorso di scoperta sul territorio<\/strong> con due <strong data-start=\"838\" data-end=\"873\">passeggiate guidate settimanali<\/strong>:<\/p>\n<ul data-start=\"877\" data-end=\"945\">\n<li data-start=\"877\" data-end=\"905\">\n<p data-start=\"879\" data-end=\"905\">il <strong data-start=\"882\" data-end=\"902\">marted\u00ec a Taibon<\/strong>,<\/p>\n<\/li>\n<li data-start=\"906\" data-end=\"945\">\n<p data-start=\"908\" data-end=\"945\">il <strong data-start=\"911\" data-end=\"942\">gioved\u00ec a La Valle Agordina<\/strong>,<\/p>\n<\/li>\n<\/ul>\n<p data-start=\"947\" data-end=\"1089\">momenti pensati per immergersi nelle vie storiche, nei racconti e negli scorci pi\u00f9 autentici dei due paesi, guidati da esperti del territorio.<\/p>\n<p data-start=\"1091\" data-end=\"1266\">L\u2019obiettivo? Promuovere una frequentazione <strong data-start=\"1134\" data-end=\"1169\">lenta, consapevole e rispettosa<\/strong>, valorizzando storia e cultura con uno sguardo rivolto alla sostenibilit\u00e0 e all\u2019identit\u00e0 locale.<\/p>\n<p data-start=\"1268\" data-end=\"1582\">L\u2019ingresso ai musei \u00e8 <strong data-start=\"1290\" data-end=\"1302\">gratuito<\/strong>, mentre per le passeggiate sar\u00e0 richiesto un <strong data-start=\"1348\" data-end=\"1370\">piccolo contributo<\/strong>. Tutte le informazioni aggiornate (orari, eventuali variazioni e dettagli delle attivit\u00e0) sono disponibili sulle <strong data-start=\"1484\" data-end=\"1523\">pagine social di Ospitalit\u00e0 Diffusa<\/strong> e <strong data-start=\"1526\" data-end=\"1544\">su Google Maps<\/strong>, tramite le schede dedicate ai musei.<\/p>\n<p>I <strong data-start=\"1586\" data-end=\"1611\">volantini informativi<\/strong> si possono trovare anche presso gli <strong data-start=\"1648\" data-end=\"1668\">uffici turistici<\/strong> e le <strong data-start=\"1674\" data-end=\"1709\">attivit\u00e0 commerciali della zona<\/strong>.<\/p>\n<p>&nbsp;<\/p>\n<p>&nbsp;<\/p>\n<hr \/>\n<p>&nbsp;<\/p>\n<h1><span style=\"color: #ff6600;\">IERI ALLA RADIO<\/span><\/h1>\n<h2><span style=\"color: #ff00ff;\">OGGI COME IERI, TERZO ANNO. CON SILVIA BALDO<\/span><\/h2>\n<p><strong><a class=\"dt-pswp-item\" href=\"https:\/\/www.radiopiu.net\/wordpress\/wp-content\/uploads\/2025\/07\/Deportation_Grand-Pre.jpg\" data-dt-img-description=\"\" data-large_image_width=\"753\" data-large_image_height=\"432\"><img loading=\"lazy\" decoding=\"async\" class=\"wp-image-461800 alignleft\" src=\"https:\/\/www.radiopiu.net\/wordpress\/wp-content\/uploads\/2025\/07\/Deportation_Grand-Pre-300x172.jpg\" alt=\"\" width=\"162\" height=\"93\" srcset=\"https:\/\/www.radiopiu.net\/wordpress\/wp-content\/uploads\/2025\/07\/Deportation_Grand-Pre-300x172.jpg 300w, https:\/\/www.radiopiu.net\/wordpress\/wp-content\/uploads\/2025\/07\/Deportation_Grand-Pre.jpg 753w\" sizes=\"auto, (max-width: 162px) 100vw, 162px\" \/><\/a>28 LUGLIO 2025 LA GIORNATA DEL RICORDO DEGLI ACADIANI<\/strong><\/p>\n<audio class=\"wp-audio-shortcode\" id=\"audio-461651-12\" preload=\"none\" style=\"width: 100%;\" controls=\"controls\"><source type=\"audio\/mpeg\" src=\"https:\/\/www.radiopiu.net\/wordpress\/wp-content\/uploads\/2025\/07\/SIBI-3.mp3?_=12\" \/><a href=\"https:\/\/www.radiopiu.net\/wordpress\/wp-content\/uploads\/2025\/07\/SIBI-3.mp3\">https:\/\/www.radiopiu.net\/wordpress\/wp-content\/uploads\/2025\/07\/SIBI-3.mp3<\/a><\/audio>\n<p>&nbsp;<\/p>\n<h2><strong>LA RACCOLTA COMPLETA <a href=\"https:\/\/www.radiopiu.net\/wordpress\/oggi-come-ieri-terzo-anno-con-silvia-baldo\/\"><span style=\"color: #3366ff;\">CLICCA QUI<\/span><\/a><\/strong><\/h2>\n<p>&nbsp;<\/p>\n<hr \/>\n<p>&nbsp;<\/p>\n<h2><span style=\"color: #993300;\">SALUTE E SOCIETA&#8217;<\/span><\/h2>\n<p><strong><a class=\"dt-pswp-item\" href=\"https:\/\/www.radiopiu.net\/wordpress\/wp-content\/uploads\/2025\/07\/eb1d8fb3-e725-ba29-14a2-a621ac10d24c.jpg\" data-dt-img-description=\"\" data-large_image_width=\"1200\" data-large_image_height=\"933\"><img loading=\"lazy\" decoding=\"async\" class=\" wp-image-461710 alignleft\" src=\"https:\/\/www.radiopiu.net\/wordpress\/wp-content\/uploads\/2025\/07\/eb1d8fb3-e725-ba29-14a2-a621ac10d24c-300x233.jpg\" alt=\"\" width=\"187\" height=\"145\" srcset=\"https:\/\/www.radiopiu.net\/wordpress\/wp-content\/uploads\/2025\/07\/eb1d8fb3-e725-ba29-14a2-a621ac10d24c-300x233.jpg 300w, https:\/\/www.radiopiu.net\/wordpress\/wp-content\/uploads\/2025\/07\/eb1d8fb3-e725-ba29-14a2-a621ac10d24c-1024x796.jpg 1024w, https:\/\/www.radiopiu.net\/wordpress\/wp-content\/uploads\/2025\/07\/eb1d8fb3-e725-ba29-14a2-a621ac10d24c-768x597.jpg 768w, https:\/\/www.radiopiu.net\/wordpress\/wp-content\/uploads\/2025\/07\/eb1d8fb3-e725-ba29-14a2-a621ac10d24c.jpg 1200w\" sizes=\"auto, (max-width: 187px) 100vw, 187px\" \/><\/a>PUNTATA DEL 28 LUGLIO 2025<\/strong><\/p>\n<p><strong>People in Health <\/strong>Presentata la prima Carta People in Health, un documento condiviso che raccoglie le istanze principali delle associazioni pazienti su quattro ambiti prioritari: promozione della salute e prevenzione, percorsi di cura, innovazione e accesso, sostegno alle associazioni e caregiver. <strong>Tumori del sangue <\/strong>L\u2019ematologia italiana vive una fase di profonda trasformazione grazie ai progressi scientifici e alle nuove terapie disponibili. In Lombardia, questa evoluzione ha gi\u00e0 prodotto iniziative concrete come la Rete Ematologica Lombarda e l\u2019Intergruppo Consiliare per i pazienti oncologici.<\/p>\n<p><strong>AUDIO<\/strong><\/p>\n<audio class=\"wp-audio-shortcode\" id=\"audio-461651-13\" preload=\"none\" style=\"width: 100%;\" controls=\"controls\"><source type=\"audio\/mpeg\" src=\"https:\/\/www.radiopiu.net\/wordpress\/wp-content\/uploads\/2025\/07\/SALUTE-3.mp3?_=13\" \/><a href=\"https:\/\/www.radiopiu.net\/wordpress\/wp-content\/uploads\/2025\/07\/SALUTE-3.mp3\">https:\/\/www.radiopiu.net\/wordpress\/wp-content\/uploads\/2025\/07\/SALUTE-3.mp3<\/a><\/audio>\n<p>&nbsp;<\/p>\n<hr \/>\n<p>&nbsp;<\/p>\n<h2><span style=\"color: #00ccff;\">A FORCELLA AURINE IL VERTICAL COL DE LUNA IN RICORDO DI LUCIA BARBIERO<\/span><\/h2>\n<p><strong><a class=\"dt-pswp-item\" href=\"https:\/\/www.radiopiu.net\/wordpress\/wp-content\/uploads\/2025\/07\/SCR-20250723-nfyz-1.png\" data-dt-img-description=\"\" data-large_image_width=\"634\" data-large_image_height=\"520\"><img loading=\"lazy\" decoding=\"async\" class=\" wp-image-460847 alignleft\" src=\"https:\/\/www.radiopiu.net\/wordpress\/wp-content\/uploads\/2025\/07\/SCR-20250723-nfyz-1-300x246.png\" alt=\"\" width=\"187\" height=\"153\" srcset=\"https:\/\/www.radiopiu.net\/wordpress\/wp-content\/uploads\/2025\/07\/SCR-20250723-nfyz-1-300x246.png 300w, https:\/\/www.radiopiu.net\/wordpress\/wp-content\/uploads\/2025\/07\/SCR-20250723-nfyz-1.png 634w\" sizes=\"auto, (max-width: 187px) 100vw, 187px\" \/><\/a>DI MIRKO MEZZACASA<\/strong><\/p>\n<p>OSPITI: Alessia De Marco, Terry Dal Soler e Luca Cagnati<\/p>\n<audio class=\"wp-audio-shortcode\" id=\"audio-461651-14\" preload=\"none\" style=\"width: 100%;\" controls=\"controls\"><source type=\"audio\/mpeg\" src=\"https:\/\/www.radiopiu.net\/wordpress\/wp-content\/uploads\/2025\/07\/lucia-barbiero-seconda-parte-col-de-luna-trail.mp3?_=14\" \/><a href=\"https:\/\/www.radiopiu.net\/wordpress\/wp-content\/uploads\/2025\/07\/lucia-barbiero-seconda-parte-col-de-luna-trail.mp3\">https:\/\/www.radiopiu.net\/wordpress\/wp-content\/uploads\/2025\/07\/lucia-barbiero-seconda-parte-col-de-luna-trail.mp3<\/a><\/audio>\n<p>&nbsp;<\/p>\n<hr \/>\n<p>&nbsp;<\/p>\n<h2><span style=\"color: #ff99cc;\">I RACCONTI DI PAOLO SOPPELSA <\/span><\/h2>\n<p><strong>LE MONTAGNE<\/strong><\/p>\n<p><strong>AUDIO<\/strong><\/p>\n<audio class=\"wp-audio-shortcode\" id=\"audio-461651-15\" preload=\"none\" style=\"width: 100%;\" controls=\"controls\"><source type=\"audio\/mpeg\" src=\"https:\/\/www.radiopiu.net\/wordpress\/wp-content\/uploads\/2025\/07\/PAOLOS-3.mp3?_=15\" \/><a href=\"https:\/\/www.radiopiu.net\/wordpress\/wp-content\/uploads\/2025\/07\/PAOLOS-3.mp3\">https:\/\/www.radiopiu.net\/wordpress\/wp-content\/uploads\/2025\/07\/PAOLOS-3.mp3<\/a><\/audio>\n<p>&nbsp;<\/p>\n<p><a class=\"dt-pswp-item\" href=\"https:\/\/www.radiopiu.net\/wordpress\/wp-content\/uploads\/2025\/07\/adfdbd94-1ea7-4c4a-b756-0886d0ad8ba7.jpg\" data-dt-img-description=\"\" data-large_image_width=\"960\" data-large_image_height=\"720\"><img loading=\"lazy\" decoding=\"async\" class=\" wp-image-461501 alignleft\" src=\"https:\/\/www.radiopiu.net\/wordpress\/wp-content\/uploads\/2025\/07\/adfdbd94-1ea7-4c4a-b756-0886d0ad8ba7-300x225.jpg\" alt=\"\" width=\"203\" height=\"152\" srcset=\"https:\/\/www.radiopiu.net\/wordpress\/wp-content\/uploads\/2025\/07\/adfdbd94-1ea7-4c4a-b756-0886d0ad8ba7-300x225.jpg 300w, https:\/\/www.radiopiu.net\/wordpress\/wp-content\/uploads\/2025\/07\/adfdbd94-1ea7-4c4a-b756-0886d0ad8ba7-768x576.jpg 768w, https:\/\/www.radiopiu.net\/wordpress\/wp-content\/uploads\/2025\/07\/adfdbd94-1ea7-4c4a-b756-0886d0ad8ba7.jpg 960w\" sizes=\"auto, (max-width: 203px) 100vw, 203px\" \/><\/a>Le aveva sempre guardate le montagne, fin da quando era bambino, e da allora non aveva mai smesso. Quelle cime, quelle valli strette a volte severe, quelle pareti verticali che si innalzano da certi zoccoli coperti di mughi, non erano diventati abitudine. Amava avere innanzi a s\u00e9 un orizzonte definito, non gli piacevano i grandi spazi senza sfondo propri delle infinite pianure e del mare. Quello di Belluno era un orizzonte ampio, sbarrato a nord dalle prime montagne dolomitiche. Schiara e Pelf, con la loro ragguardevole altezza e le pareti verticali di nuda roccia, gli ricordavano le montagne agordine che trovava quando saliva al paese. Alla loro sinistra, invece, le montagne che chiudevano la vista in direzione dell&#8217;Agordino, erano diverse, apparentemente anonime ma certamente non prive di fascino. Quando si inoltrava con l&#8217;auto lungo la Strada Madre, alzava sempre gli occhi per cercare quelle cime appartate e senza particolare gloria. Osservava il brusco innalzarsi dal fondovalle, seguiva con lo sguardo i ripidi canaloni, cercava le cenge lungo le quali, un tempo, si muovevano abili cacciatori di camosci. Pensava che le montagne, in fondo, fossero un po\u2019 come le persone. Alcune dei capolavori di bellezza, attraenti e solari. Altre invece cupe e selvagge, apparentemente insignificanti, e quindi poco invitanti. Eppure, se solo si fosse riusciti ad andare oltre le apparenze, anche le montagne meno attraenti potevano svelare mille inaspettate meraviglie. La Pala Alta, ad esempio, era cos\u00ec. Montagna aspra, dura e un po\u2019 anonima nel versante bellunese, severa e imponente nel versante che sovrasta la Val Cordevole. Quasi mille metri di dislivello da salire tutti d\u2019un fiato, un mondo di loppe e roccette capace di regalare panorami incredibili. Dalla cima, una visuale completa delle affascinanti e misteriose valli che compongono il variegato mondo della Schiara e soprattutto la vista del Burel, quella altissima parete che precipita nell\u2019oscurit\u00e0 della Val de Piero, sogno e incubo di molti alpinisti. Il Burel, la seconda parete pi\u00f9 alta delle Dolomiti, battuta in sviluppo solo dal mitico spigolo nord dell\u2019Agner. Il Burel, un abisso nascosto, invisibile ad occhi distratti. Una parete che, per ammirarla in tutta la sua severa imponenza, va cercata. Un grido di pietra che sale dai pi\u00f9 profondi inferi di quella montagna che porta il pi\u00f9 luminoso e gentile dei nomi. Sulla cima della Pala Alta era salito per la prima volta tanti anni prima, durante una calda giornata di fine di aprile. C&#8217;era il sole che scioglieva le ultime tracce di neve, e si ammirava un panorama carico di cime e valli aspre e selvagge dove circolano pochi uomini e molti camosci. S\u00ec, le montagne, in fondo, erano davvero come le persone, andavano conosciute in profondit\u00e0. Solamente allora avrebbero potuto svelare tutto il loro fascino. Quando arrivava a Cencenighe ritrovava le montagne pi\u00f9 care, quelle che aveva salito svariate volte. Incombenti, potenti nel chiudere l&#8217;orizzonte, custodivano il paese situato all&#8217;incrocio delle valli e dei venti. Il paese era un po\u2019 cambiato nel corso dei decenni, le montagne invece erano rimaste uguali. Gli piaceva l&#8217;idea di poter ammirare l\u2019identico scenario vissuto dai suoi antenati. Quell\u2019osservare gli riportava memorie di uomini che non c&#8217;erano pi\u00f9 e di vite vissute in simbiosi con quella loro terra. Al tramonto, quando le montagne iniziavano il loro abbandonarsi alla notte nascente, ritornavano attimi lontani nel tempo, capaci di risvegliare ricordi che lo scorrere degli anni aveva reso pi\u00f9 dolci. Al tempo del buio, la Stella del Pelsa, con la sua tenue luce avrebbe rischiarato la sua anima semplice che, nella quiete di un&#8217;altra notte agordina, si sarebbe lasciata cullare dalle sue amate montagne.<\/p>\n<p>&nbsp;<\/p>\n<p>&nbsp;<\/p>\n<hr \/>\n<p>&nbsp;<\/p>\n<h2><span style=\"color: #ffcc00;\">L&#8217;ESTATE AL CASTELLO DI ANDRAZ<\/span><\/h2>\n<p><strong><a class=\"dt-pswp-item\" href=\"https:\/\/www.radiopiu.net\/wordpress\/wp-content\/uploads\/2022\/05\/1_Sentiero-del-Respiro_Castello-Andraz_18-maggio.jpg\" data-dt-img-description=\"\" data-large_image_width=\"2048\" data-large_image_height=\"1536\"><img loading=\"lazy\" decoding=\"async\" class=\" wp-image-276482 alignleft\" src=\"https:\/\/www.radiopiu.net\/wordpress\/wp-content\/uploads\/2022\/05\/1_Sentiero-del-Respiro_Castello-Andraz_18-maggio-300x225.jpg\" alt=\"\" width=\"199\" height=\"149\" srcset=\"https:\/\/www.radiopiu.net\/wordpress\/wp-content\/uploads\/2022\/05\/1_Sentiero-del-Respiro_Castello-Andraz_18-maggio-300x225.jpg 300w, https:\/\/www.radiopiu.net\/wordpress\/wp-content\/uploads\/2022\/05\/1_Sentiero-del-Respiro_Castello-Andraz_18-maggio-1024x768.jpg 1024w, https:\/\/www.radiopiu.net\/wordpress\/wp-content\/uploads\/2022\/05\/1_Sentiero-del-Respiro_Castello-Andraz_18-maggio-768x576.jpg 768w, https:\/\/www.radiopiu.net\/wordpress\/wp-content\/uploads\/2022\/05\/1_Sentiero-del-Respiro_Castello-Andraz_18-maggio-1536x1152.jpg 1536w, https:\/\/www.radiopiu.net\/wordpress\/wp-content\/uploads\/2022\/05\/1_Sentiero-del-Respiro_Castello-Andraz_18-maggio.jpg 2048w\" sizes=\"auto, (max-width: 199px) 100vw, 199px\" \/><\/a>DI MIRKO MEZZACASA<\/strong><\/p>\n<p>OSPITI: Eleonora De Mattia e Milly Crepaz<\/p>\n<audio class=\"wp-audio-shortcode\" id=\"audio-461651-16\" preload=\"none\" style=\"width: 100%;\" controls=\"controls\"><source type=\"audio\/mpeg\" src=\"https:\/\/www.radiopiu.net\/wordpress\/wp-content\/uploads\/2025\/07\/ELEONORA-MILLY.mp3?_=16\" \/><a href=\"https:\/\/www.radiopiu.net\/wordpress\/wp-content\/uploads\/2025\/07\/ELEONORA-MILLY.mp3\">https:\/\/www.radiopiu.net\/wordpress\/wp-content\/uploads\/2025\/07\/ELEONORA-MILLY.mp3<\/a><\/audio>\n<p>&nbsp;<\/p>\n<hr \/>\n<p>&nbsp;<\/p>\n<h2><span style=\"color: #cc99ff;\">UN&#8217;ESTATE DI EVENTI A SAN TOMASO AGORDINO<\/span><\/h2>\n<p><strong><a class=\"dt-pswp-item\" href=\"https:\/\/www.radiopiu.net\/wordpress\/wp-content\/uploads\/2025\/07\/pdjsaph.jpg\" data-dt-img-description=\"\" data-large_image_width=\"376\" data-large_image_height=\"306\"><img loading=\"lazy\" decoding=\"async\" class=\" wp-image-458699 alignleft\" src=\"https:\/\/www.radiopiu.net\/wordpress\/wp-content\/uploads\/2025\/07\/pdjsaph-300x244.jpg\" alt=\"\" width=\"176\" height=\"143\" srcset=\"https:\/\/www.radiopiu.net\/wordpress\/wp-content\/uploads\/2025\/07\/pdjsaph-300x244.jpg 300w, https:\/\/www.radiopiu.net\/wordpress\/wp-content\/uploads\/2025\/07\/pdjsaph.jpg 376w\" sizes=\"auto, (max-width: 176px) 100vw, 176px\" \/><\/a>DI MIRKO MEZZACASA<\/strong><\/p>\n<p>OSPITI: Jos\u00e8 Gaiardo e Moreno De Val<\/p>\n<audio class=\"wp-audio-shortcode\" id=\"audio-461651-17\" preload=\"none\" style=\"width: 100%;\" controls=\"controls\"><source type=\"audio\/mpeg\" src=\"https:\/\/www.radiopiu.net\/wordpress\/wp-content\/uploads\/2025\/07\/jose-e-moreno-san-tmaso-2025.mp3?_=17\" \/><a href=\"https:\/\/www.radiopiu.net\/wordpress\/wp-content\/uploads\/2025\/07\/jose-e-moreno-san-tmaso-2025.mp3\">https:\/\/www.radiopiu.net\/wordpress\/wp-content\/uploads\/2025\/07\/jose-e-moreno-san-tmaso-2025.mp3<\/a><\/audio>\n<p>&nbsp;<\/p>\n<p>&nbsp;<\/p>\n<hr \/>\n<p>&nbsp;<\/p>\n<h2><span style=\"color: #333399;\">TORNA A CESIOMAGGIORE LA SETTIMANA DEL CICLISMO 2025: OSPITE D\u2019ONORE FRANCESCO MOSER<\/span><\/h2>\n<p><strong>CESIOMAGGIORE<\/strong> Torna a Cesiomaggiore la Settimana del Ciclismo: tanti appuntamenti sportivi e culturali, e dal Comune arriva l&#8217;annuncio di un&#8217;importante novit\u00e0. A benedire l&#8217;edizione 2025 della manifestazione, un gigante del ciclismo nazionale e mondiale: Francesco Moser.<\/p>\n<p><strong>DI DANIELE DALVIT<\/strong><\/p>\n<audio class=\"wp-audio-shortcode\" id=\"audio-461651-18\" preload=\"none\" style=\"width: 100%;\" controls=\"controls\"><source type=\"audio\/mpeg\" src=\"https:\/\/www.radiopiu.net\/wordpress\/wp-content\/uploads\/2025\/07\/Servizio-Settimana-ciclismo-Cesio-2025.mp3?_=18\" \/><a href=\"https:\/\/www.radiopiu.net\/wordpress\/wp-content\/uploads\/2025\/07\/Servizio-Settimana-ciclismo-Cesio-2025.mp3\">https:\/\/www.radiopiu.net\/wordpress\/wp-content\/uploads\/2025\/07\/Servizio-Settimana-ciclismo-Cesio-2025.mp3<\/a><\/audio>\n<p>&nbsp;<\/p>\n\n\t\t\t<style type='text\/css'>\n\t\t\t\t#gallery-6 {\n\t\t\t\t\tmargin: auto;\n\t\t\t\t}\n\t\t\t\t#gallery-6 .gallery-item {\n\t\t\t\t\tfloat: left;\n\t\t\t\t\tmargin-top: 10px;\n\t\t\t\t\ttext-align: center;\n\t\t\t\t\twidth: 20%;\n\t\t\t\t}\n\t\t\t\t#gallery-6 img {\n\t\t\t\t\tborder: 2px solid #cfcfcf;\n\t\t\t\t}\n\t\t\t\t#gallery-6 .gallery-caption {\n\t\t\t\t\tmargin-left: 0;\n\t\t\t\t}\n\t\t\t\t\/* see gallery_shortcode() in wp-includes\/media.php *\/\n\t\t\t<\/style>\n\t\t<div id='gallery-6' class='dt-gallery-container gallery galleryid-461651 gallery-columns-5 gallery-size-thumbnail'><dl class='gallery-item'>\n\t\t\t\t<dt class='gallery-icon landscape'>\n\t\t\t\t\t<a class=\"rollover rollover-zoom dt-pswp-item\" title=\"d716f072-5ffc-472a-8ebf-a020cf87852d\" data-dt-img-description=\"\" data-large_image_width=\"2560\" data-large_image_height=\"1920\"href='https:\/\/www.radiopiu.net\/wordpress\/wp-content\/uploads\/2025\/07\/d716f072-5ffc-472a-8ebf-a020cf87852d-scaled.jpg'><img loading=\"lazy\" decoding=\"async\" width=\"150\" height=\"150\" src=\"https:\/\/www.radiopiu.net\/wordpress\/wp-content\/uploads\/2025\/07\/d716f072-5ffc-472a-8ebf-a020cf87852d-150x150.jpg\" class=\"attachment-thumbnail size-thumbnail\" alt=\"\" \/><\/a>\n\t\t\t\t<\/dt><\/dl><dl class='gallery-item'>\n\t\t\t\t<dt class='gallery-icon landscape'>\n\t\t\t\t\t<a class=\"rollover rollover-zoom dt-pswp-item\" title=\"34f77be5-2e7b-4646-9905-7ba850bd4fce\" data-dt-img-description=\"\" data-large_image_width=\"2560\" data-large_image_height=\"1920\"href='https:\/\/www.radiopiu.net\/wordpress\/wp-content\/uploads\/2025\/07\/34f77be5-2e7b-4646-9905-7ba850bd4fce-scaled.jpg'><img loading=\"lazy\" decoding=\"async\" width=\"150\" height=\"150\" src=\"https:\/\/www.radiopiu.net\/wordpress\/wp-content\/uploads\/2025\/07\/34f77be5-2e7b-4646-9905-7ba850bd4fce-150x150.jpg\" class=\"attachment-thumbnail size-thumbnail\" alt=\"\" \/><\/a>\n\t\t\t\t<\/dt><\/dl><dl class='gallery-item'>\n\t\t\t\t<dt class='gallery-icon landscape'>\n\t\t\t\t\t<a class=\"rollover rollover-zoom dt-pswp-item\" title=\"11382885-a454-47be-8065-0db5eaa5e0dc\" data-dt-img-description=\"\" data-large_image_width=\"2560\" data-large_image_height=\"1920\"href='https:\/\/www.radiopiu.net\/wordpress\/wp-content\/uploads\/2025\/07\/11382885-a454-47be-8065-0db5eaa5e0dc-scaled.jpg'><img loading=\"lazy\" decoding=\"async\" width=\"150\" height=\"150\" src=\"https:\/\/www.radiopiu.net\/wordpress\/wp-content\/uploads\/2025\/07\/11382885-a454-47be-8065-0db5eaa5e0dc-150x150.jpg\" class=\"attachment-thumbnail size-thumbnail\" alt=\"\" \/><\/a>\n\t\t\t\t<\/dt><\/dl><dl class='gallery-item'>\n\t\t\t\t<dt class='gallery-icon landscape'>\n\t\t\t\t\t<a class=\"rollover rollover-zoom dt-pswp-item\" title=\"0f60dbea-5ce9-412b-ad61-1531feb7ca5a\" data-dt-img-description=\"\" data-large_image_width=\"2560\" data-large_image_height=\"1920\"href='https:\/\/www.radiopiu.net\/wordpress\/wp-content\/uploads\/2025\/07\/0f60dbea-5ce9-412b-ad61-1531feb7ca5a-scaled.jpg'><img loading=\"lazy\" decoding=\"async\" width=\"150\" height=\"150\" src=\"https:\/\/www.radiopiu.net\/wordpress\/wp-content\/uploads\/2025\/07\/0f60dbea-5ce9-412b-ad61-1531feb7ca5a-150x150.jpg\" class=\"attachment-thumbnail size-thumbnail\" alt=\"\" \/><\/a>\n\t\t\t\t<\/dt><\/dl><dl class='gallery-item'>\n\t\t\t\t<dt class='gallery-icon landscape'>\n\t\t\t\t\t<a class=\"rollover rollover-zoom dt-pswp-item\" title=\"66e5e6dc-5964-400e-a4d8-df5de56a7457\" data-dt-img-description=\"\" data-large_image_width=\"2560\" data-large_image_height=\"1920\"href='https:\/\/www.radiopiu.net\/wordpress\/wp-content\/uploads\/2025\/07\/66e5e6dc-5964-400e-a4d8-df5de56a7457-scaled.jpg'><img loading=\"lazy\" decoding=\"async\" width=\"150\" height=\"150\" src=\"https:\/\/www.radiopiu.net\/wordpress\/wp-content\/uploads\/2025\/07\/66e5e6dc-5964-400e-a4d8-df5de56a7457-150x150.jpg\" class=\"attachment-thumbnail size-thumbnail\" alt=\"\" \/><\/a>\n\t\t\t\t<\/dt><\/dl><br style=\"clear: both\" \/>\n\t\t\t<\/div>\n\n<p>&nbsp;<\/p>\n<hr \/>\n<p>&nbsp;<\/p>\n<h2><span style=\"color: #808080;\">UN FINE LUGLIO CARICO DI APPUNTAMENTI IN TERRITORIO FODOM<\/span><\/h2>\n<p><strong><a class=\"dt-pswp-item\" href=\"https:\/\/www.radiopiu.net\/wordpress\/wp-content\/uploads\/2021\/07\/Pieve-di-Livinallongo_Arabba-Fodom-Turismo.jpg\" data-dt-img-description=\"\" data-large_image_width=\"2016\" data-large_image_height=\"1512\"><img loading=\"lazy\" decoding=\"async\" class=\" wp-image-222884 alignleft\" src=\"https:\/\/www.radiopiu.net\/wordpress\/wp-content\/uploads\/2021\/07\/Pieve-di-Livinallongo_Arabba-Fodom-Turismo-300x225.jpg\" alt=\"\" width=\"173\" height=\"130\" srcset=\"https:\/\/www.radiopiu.net\/wordpress\/wp-content\/uploads\/2021\/07\/Pieve-di-Livinallongo_Arabba-Fodom-Turismo-300x225.jpg 300w, https:\/\/www.radiopiu.net\/wordpress\/wp-content\/uploads\/2021\/07\/Pieve-di-Livinallongo_Arabba-Fodom-Turismo-1024x768.jpg 1024w, https:\/\/www.radiopiu.net\/wordpress\/wp-content\/uploads\/2021\/07\/Pieve-di-Livinallongo_Arabba-Fodom-Turismo-768x576.jpg 768w, https:\/\/www.radiopiu.net\/wordpress\/wp-content\/uploads\/2021\/07\/Pieve-di-Livinallongo_Arabba-Fodom-Turismo-1536x1152.jpg 1536w, https:\/\/www.radiopiu.net\/wordpress\/wp-content\/uploads\/2021\/07\/Pieve-di-Livinallongo_Arabba-Fodom-Turismo.jpg 2016w\" sizes=\"auto, (max-width: 173px) 100vw, 173px\" \/><\/a>LIVINALLONGO<\/strong><\/p>\n<p>DI GIANPAOLO SORATROI<\/p>\n<audio class=\"wp-audio-shortcode\" id=\"audio-461651-19\" preload=\"none\" style=\"width: 100%;\" controls=\"controls\"><source type=\"audio\/mpeg\" src=\"https:\/\/www.radiopiu.net\/wordpress\/wp-content\/uploads\/2025\/07\/GIANPAOLO-SORATROI-APPUNTAMENTI-FODOM.mp3?_=19\" \/><a href=\"https:\/\/www.radiopiu.net\/wordpress\/wp-content\/uploads\/2025\/07\/GIANPAOLO-SORATROI-APPUNTAMENTI-FODOM.mp3\">https:\/\/www.radiopiu.net\/wordpress\/wp-content\/uploads\/2025\/07\/GIANPAOLO-SORATROI-APPUNTAMENTI-FODOM.mp3<\/a><\/audio>\n<p>&nbsp;<\/p>\n<hr \/>\n<p>&nbsp;<\/p>\n<h2><span style=\"color: #99cc00;\">GLI APPUNTAMENTI ESTIVI AL CENTRO MINERARIO DI VALLE IMPERINA<\/span><\/h2>\n<p><strong><a class=\"dt-pswp-item\" href=\"https:\/\/www.radiopiu.net\/wordpress\/wp-content\/uploads\/2023\/11\/OSTELLO-VALLE-IMPERINA.jpg\" data-dt-img-description=\"\" data-large_image_width=\"1600\" data-large_image_height=\"1066\"><img loading=\"lazy\" decoding=\"async\" class=\" wp-image-361608 alignleft\" src=\"https:\/\/www.radiopiu.net\/wordpress\/wp-content\/uploads\/2023\/11\/OSTELLO-VALLE-IMPERINA-300x200.jpg\" alt=\"\" width=\"203\" height=\"135\" srcset=\"https:\/\/www.radiopiu.net\/wordpress\/wp-content\/uploads\/2023\/11\/OSTELLO-VALLE-IMPERINA-300x200.jpg 300w, https:\/\/www.radiopiu.net\/wordpress\/wp-content\/uploads\/2023\/11\/OSTELLO-VALLE-IMPERINA-1024x682.jpg 1024w, https:\/\/www.radiopiu.net\/wordpress\/wp-content\/uploads\/2023\/11\/OSTELLO-VALLE-IMPERINA-768x512.jpg 768w, https:\/\/www.radiopiu.net\/wordpress\/wp-content\/uploads\/2023\/11\/OSTELLO-VALLE-IMPERINA-1536x1023.jpg 1536w, https:\/\/www.radiopiu.net\/wordpress\/wp-content\/uploads\/2023\/11\/OSTELLO-VALLE-IMPERINA.jpg 1600w\" sizes=\"auto, (max-width: 203px) 100vw, 203px\" \/><\/a>DI MIRKO MEZZACASA<\/strong><\/p>\n<p>OSPITE: Marco Mottes<\/p>\n<audio class=\"wp-audio-shortcode\" id=\"audio-461651-20\" preload=\"none\" style=\"width: 100%;\" controls=\"controls\"><source type=\"audio\/mpeg\" src=\"https:\/\/www.radiopiu.net\/wordpress\/wp-content\/uploads\/2025\/07\/MARCO-MOTTES-CENTRO-MINERARIO-VALLE-IMPERINA.mp3?_=20\" \/><a href=\"https:\/\/www.radiopiu.net\/wordpress\/wp-content\/uploads\/2025\/07\/MARCO-MOTTES-CENTRO-MINERARIO-VALLE-IMPERINA.mp3\">https:\/\/www.radiopiu.net\/wordpress\/wp-content\/uploads\/2025\/07\/MARCO-MOTTES-CENTRO-MINERARIO-VALLE-IMPERINA.mp3<\/a><\/audio>\n<p>&nbsp;<\/p>\n<hr \/>\n<p>&nbsp;<\/p>\n<h2><span style=\"color: #33cccc;\">GLI APPUNTAMENTI ESTIVI DEL GAMP<\/span><\/h2>\n<p><strong><a class=\"dt-pswp-item\" href=\"https:\/\/www.radiopiu.net\/wordpress\/wp-content\/uploads\/2025\/07\/1c72018c-51c5-470c-ab45-7ebe8dd3c5fd.jpg\" data-dt-img-description=\"\" data-large_image_width=\"2048\" data-large_image_height=\"1152\"><img loading=\"lazy\" decoding=\"async\" class=\" wp-image-460212 alignleft\" src=\"https:\/\/www.radiopiu.net\/wordpress\/wp-content\/uploads\/2025\/07\/1c72018c-51c5-470c-ab45-7ebe8dd3c5fd-300x169.jpg\" alt=\"\" width=\"257\" height=\"145\" srcset=\"https:\/\/www.radiopiu.net\/wordpress\/wp-content\/uploads\/2025\/07\/1c72018c-51c5-470c-ab45-7ebe8dd3c5fd-300x169.jpg 300w, https:\/\/www.radiopiu.net\/wordpress\/wp-content\/uploads\/2025\/07\/1c72018c-51c5-470c-ab45-7ebe8dd3c5fd-1024x576.jpg 1024w, https:\/\/www.radiopiu.net\/wordpress\/wp-content\/uploads\/2025\/07\/1c72018c-51c5-470c-ab45-7ebe8dd3c5fd-768x432.jpg 768w, https:\/\/www.radiopiu.net\/wordpress\/wp-content\/uploads\/2025\/07\/1c72018c-51c5-470c-ab45-7ebe8dd3c5fd-1536x864.jpg 1536w, https:\/\/www.radiopiu.net\/wordpress\/wp-content\/uploads\/2025\/07\/1c72018c-51c5-470c-ab45-7ebe8dd3c5fd.jpg 2048w\" sizes=\"auto, (max-width: 257px) 100vw, 257px\" \/><\/a>DI MIRKO MEZZACASA<\/strong><\/p>\n<p>OSPITI: Manuel Conodera ed Enea Decima<\/p>\n<audio class=\"wp-audio-shortcode\" id=\"audio-461651-21\" preload=\"none\" style=\"width: 100%;\" controls=\"controls\"><source type=\"audio\/mpeg\" src=\"https:\/\/www.radiopiu.net\/wordpress\/wp-content\/uploads\/2025\/07\/manuel-conedera-enea-decima-2025.mp3?_=21\" \/><a href=\"https:\/\/www.radiopiu.net\/wordpress\/wp-content\/uploads\/2025\/07\/manuel-conedera-enea-decima-2025.mp3\">https:\/\/www.radiopiu.net\/wordpress\/wp-content\/uploads\/2025\/07\/manuel-conedera-enea-decima-2025.mp3<\/a><\/audio>\n<p>&nbsp;<\/p>\n<hr \/>\n<p>&nbsp;<\/p>\n<h2><span style=\"color: #99ccff;\">CON LA PRO LOCO DI GOSALDO GLI APPUNTAMENTI ESTIVI NON MANCANO<\/span><\/h2>\n<p><strong><a class=\"dt-pswp-item\" href=\"https:\/\/www.radiopiu.net\/wordpress\/wp-content\/uploads\/2022\/01\/280px-DBGosaldoPala3.jpg\" data-dt-img-description=\"\" data-large_image_width=\"280\" data-large_image_height=\"181\"><img loading=\"lazy\" decoding=\"async\" class=\" wp-image-255077 alignleft\" src=\"https:\/\/www.radiopiu.net\/wordpress\/wp-content\/uploads\/2022\/01\/280px-DBGosaldoPala3.jpg\" alt=\"\" width=\"220\" height=\"142\" \/><\/a>DI MIRKO MEZZACASA<\/strong><\/p>\n<p>OSPITI: Donatello Garatone, Milena Masoch, Sara Laveder<\/p>\n<audio class=\"wp-audio-shortcode\" id=\"audio-461651-22\" preload=\"none\" style=\"width: 100%;\" controls=\"controls\"><source type=\"audio\/mpeg\" src=\"https:\/\/www.radiopiu.net\/wordpress\/wp-content\/uploads\/2025\/07\/donatello-sara-milena.mp3?_=22\" \/><a href=\"https:\/\/www.radiopiu.net\/wordpress\/wp-content\/uploads\/2025\/07\/donatello-sara-milena.mp3\">https:\/\/www.radiopiu.net\/wordpress\/wp-content\/uploads\/2025\/07\/donatello-sara-milena.mp3<\/a><\/audio>\n<p>&nbsp;<\/p>\n<hr \/>\n<p>&nbsp;<\/p>\n<h2><span style=\"color: #ffcc99;\">DOMENICA SI ACCENDONO I MOTORI A MASIERE DI SOSPIROLO CON IL MASIERE TROPHY<\/span><\/h2>\n<p><strong><a class=\"dt-pswp-item\" href=\"https:\/\/www.radiopiu.net\/wordpress\/wp-content\/uploads\/2025\/07\/518422396_1492048838795727_5394581552165021776_n.jpg\" data-dt-img-description=\"\" data-large_image_width=\"1240\" data-large_image_height=\"1754\"><img loading=\"lazy\" decoding=\"async\" class=\" wp-image-460527 alignleft\" src=\"https:\/\/www.radiopiu.net\/wordpress\/wp-content\/uploads\/2025\/07\/518422396_1492048838795727_5394581552165021776_n-212x300.jpg\" alt=\"\" width=\"150\" height=\"212\" srcset=\"https:\/\/www.radiopiu.net\/wordpress\/wp-content\/uploads\/2025\/07\/518422396_1492048838795727_5394581552165021776_n-212x300.jpg 212w, https:\/\/www.radiopiu.net\/wordpress\/wp-content\/uploads\/2025\/07\/518422396_1492048838795727_5394581552165021776_n-724x1024.jpg 724w, https:\/\/www.radiopiu.net\/wordpress\/wp-content\/uploads\/2025\/07\/518422396_1492048838795727_5394581552165021776_n-768x1086.jpg 768w, https:\/\/www.radiopiu.net\/wordpress\/wp-content\/uploads\/2025\/07\/518422396_1492048838795727_5394581552165021776_n-1086x1536.jpg 1086w, https:\/\/www.radiopiu.net\/wordpress\/wp-content\/uploads\/2025\/07\/518422396_1492048838795727_5394581552165021776_n.jpg 1240w\" sizes=\"auto, (max-width: 150px) 100vw, 150px\" \/><\/a>DI MARCO GAZ<\/strong><\/p>\n<p>OSPITI: Manuel, Loris e Davide di TNT Corse<\/p>\n<audio class=\"wp-audio-shortcode\" id=\"audio-461651-23\" preload=\"none\" style=\"width: 100%;\" controls=\"controls\"><source type=\"audio\/mpeg\" src=\"https:\/\/www.radiopiu.net\/wordpress\/wp-content\/uploads\/2025\/07\/MASIERE-TROPHY-MANUEL-LORIS-DAVIDE.mp3?_=23\" \/><a href=\"https:\/\/www.radiopiu.net\/wordpress\/wp-content\/uploads\/2025\/07\/MASIERE-TROPHY-MANUEL-LORIS-DAVIDE.mp3\">https:\/\/www.radiopiu.net\/wordpress\/wp-content\/uploads\/2025\/07\/MASIERE-TROPHY-MANUEL-LORIS-DAVIDE.mp3<\/a><\/audio>\n<p>&nbsp;<\/p>\n<hr \/>\n<p>&nbsp;<\/p>\n<h2><span style=\"color: #ff0000;\">I CONSIGLI DI GIANLUCA&#8230;DA DOLOMITI BEER &amp; WINE SHOP<\/span><\/h2>\n<p><strong><a class=\"dt-pswp-item\" href=\"https:\/\/www.radiopiu.net\/wordpress\/wp-content\/uploads\/2021\/03\/vino-300x199-1.jpg\" data-dt-img-description=\"\" data-large_image_width=\"300\" data-large_image_height=\"199\"><img loading=\"lazy\" decoding=\"async\" class=\" wp-image-199994 alignleft\" src=\"https:\/\/www.radiopiu.net\/wordpress\/wp-content\/uploads\/2021\/03\/vino-300x199-1.jpg\" alt=\"\" width=\"163\" height=\"108\" \/><\/a><\/strong><\/p>\n<p>&nbsp;<\/p>\n<p>&nbsp;<\/p>\n<p><strong>REDAZIONE<\/strong> Con l&#8217;arrivo dell&#8217;estate arrivano anche i consigli di Gianluca dal Dolomiti Beer &amp; Wine Shop<\/p>\n<p>&nbsp;<\/p>\n<p><span style=\"color: #ff0000;\"><strong>28 LUGLIO 2025<br \/>\n<\/strong><\/span><\/p>\n<p><a class=\"dt-pswp-item\" href=\"https:\/\/www.radiopiu.net\/wordpress\/wp-content\/uploads\/2025\/07\/Immagine-WhatsApp-2025-07-23-ore-16.40.57_23612530.jpg\" data-dt-img-description=\"\" data-large_image_width=\"1024\" data-large_image_height=\"1536\"><img loading=\"lazy\" decoding=\"async\" class=\" wp-image-461734 alignleft\" src=\"https:\/\/www.radiopiu.net\/wordpress\/wp-content\/uploads\/2025\/07\/Immagine-WhatsApp-2025-07-23-ore-16.40.57_23612530-200x300.jpg\" alt=\"\" width=\"163\" height=\"245\" srcset=\"https:\/\/www.radiopiu.net\/wordpress\/wp-content\/uploads\/2025\/07\/Immagine-WhatsApp-2025-07-23-ore-16.40.57_23612530-200x300.jpg 200w, https:\/\/www.radiopiu.net\/wordpress\/wp-content\/uploads\/2025\/07\/Immagine-WhatsApp-2025-07-23-ore-16.40.57_23612530-683x1024.jpg 683w, https:\/\/www.radiopiu.net\/wordpress\/wp-content\/uploads\/2025\/07\/Immagine-WhatsApp-2025-07-23-ore-16.40.57_23612530-768x1152.jpg 768w, https:\/\/www.radiopiu.net\/wordpress\/wp-content\/uploads\/2025\/07\/Immagine-WhatsApp-2025-07-23-ore-16.40.57_23612530.jpg 1024w\" sizes=\"auto, (max-width: 163px) 100vw, 163px\" \/><\/a>FUORI DAGLI SCHEMI, DENTRO NEL GUSTO Questa NON \u00e8 la solita birra. Questa \u00e8 LERVIG. E noi ce l\u2019abbiamo. \u00a0SUPERSONIC: Double IPA da paura, 8,5% di esplosione tropicale, luppoli americani che urlano libert\u00e0, zero filtri, solo intensit\u00e0. LUCKY JACK: Pale Ale fiera, fresca e agrumata. Pi\u00f9 che fortunata: benedetta dai ribelli del gusto. Dimentica le bionde anonime. Da Dafrom e Dolomiti Beer &amp; Wine Shop trovi birre che spaccano, fatte da chi vive fuori dalle regole. Dalla Norvegia alternativa fino a qui: noi siamo il tuo rifugio contro l\u2019ordinario. Sempre un passo avanti. Sempre birra vera. Sempre con te.<\/p>\n<audio class=\"wp-audio-shortcode\" id=\"audio-461651-24\" preload=\"none\" style=\"width: 100%;\" controls=\"controls\"><source type=\"audio\/mpeg\" src=\"https:\/\/www.radiopiu.net\/wordpress\/wp-content\/uploads\/2025\/07\/GWINE1A-4.mp3?_=24\" \/><a href=\"https:\/\/www.radiopiu.net\/wordpress\/wp-content\/uploads\/2025\/07\/GWINE1A-4.mp3\">https:\/\/www.radiopiu.net\/wordpress\/wp-content\/uploads\/2025\/07\/GWINE1A-4.mp3<\/a><\/audio>\n<p>&nbsp;<\/p>\n<h2><strong>LA RACCOLTA COMPLETA <a href=\"https:\/\/www.radiopiu.net\/wordpress\/i-consigli-di-gianluca\/\"><span style=\"color: #3366ff;\">CLICCA QUI<\/span><\/a><\/strong><\/h2>\n<p>&nbsp;<\/p>\n<hr \/>\n<p>&nbsp;<\/p>\n<h2><span style=\"color: #ff0000;\"><a class=\"dt-pswp-item\" href=\"https:\/\/www.radiopiu.net\/wordpress\/wp-content\/uploads\/2018\/09\/appuntamenti.jpeg\" data-dt-img-description=\"\" data-large_image_width=\"800\" data-large_image_height=\"100\"><img loading=\"lazy\" decoding=\"async\" class=\"wp-image-61958 size-full aligncenter\" src=\"https:\/\/www.radiopiu.net\/wordpress\/wp-content\/uploads\/2018\/09\/appuntamenti.jpeg\" alt=\"\" width=\"800\" height=\"100\" srcset=\"https:\/\/www.radiopiu.net\/wordpress\/wp-content\/uploads\/2018\/09\/appuntamenti.jpeg 800w, https:\/\/www.radiopiu.net\/wordpress\/wp-content\/uploads\/2018\/09\/appuntamenti-300x38.jpeg 300w, https:\/\/www.radiopiu.net\/wordpress\/wp-content\/uploads\/2018\/09\/appuntamenti-768x96.jpeg 768w\" sizes=\"auto, (max-width: 800px) 100vw, 800px\" \/><\/a><\/span><\/h2>\n<p>&nbsp;<\/p>\n<div>\n<div class=\"\" dir=\"auto\">\n<div id=\":r9h:\" class=\"x1iorvi4 x1pi30zi x1l90r2v x1swvt13\" data-ad-comet-preview=\"message\" data-ad-preview=\"message\">\n<div class=\"\" dir=\"auto\">\n<div id=\":r9h:\" class=\"x1iorvi4 x1pi30zi x1l90r2v x1swvt13\" data-ad-comet-preview=\"message\" data-ad-preview=\"message\">\n<div class=\"\" dir=\"auto\">\n<div id=\":r9h:\" class=\"x1iorvi4 x1pi30zi x1l90r2v x1swvt13\" data-ad-comet-preview=\"message\" data-ad-preview=\"message\">\n<div class=\"\" dir=\"auto\">\n<div id=\":r9h:\" class=\"x1iorvi4 x1pi30zi x1l90r2v x1swvt13\" data-ad-comet-preview=\"message\" data-ad-preview=\"message\">\n<div>\n<div class=\"\" dir=\"auto\">\n<div id=\":r9h:\" class=\"x1iorvi4 x1pi30zi x1l90r2v x1swvt13\" data-ad-comet-preview=\"message\" data-ad-preview=\"message\">\n<div>\n<div class=\"\" dir=\"auto\">\n<div id=\":r9h:\" class=\"x1iorvi4 x1pi30zi x1l90r2v x1swvt13\" data-ad-comet-preview=\"message\" data-ad-preview=\"message\">\n<div class=\"xdj266r x11i5rnm xat24cr x1mh8g0r x1vvkbs x126k92a\">\n<div dir=\"auto\"><\/div>\n<\/div>\n<div>\n<div class=\"\" dir=\"auto\">\n<div id=\":r9h:\" class=\"x1iorvi4 x1pi30zi x1l90r2v x1swvt13\" data-ad-comet-preview=\"message\" data-ad-preview=\"message\">\n<div>\n<div class=\"\" dir=\"auto\">\n<div id=\":r9h:\" class=\"x1iorvi4 x1pi30zi x1l90r2v x1swvt13\" data-ad-comet-preview=\"message\" data-ad-preview=\"message\">\n\n\t\t\t<style type='text\/css'>\n\t\t\t\t#gallery-7 {\n\t\t\t\t\tmargin: auto;\n\t\t\t\t}\n\t\t\t\t#gallery-7 .gallery-item {\n\t\t\t\t\tfloat: left;\n\t\t\t\t\tmargin-top: 10px;\n\t\t\t\t\ttext-align: center;\n\t\t\t\t\twidth: 20%;\n\t\t\t\t}\n\t\t\t\t#gallery-7 img {\n\t\t\t\t\tborder: 2px solid #cfcfcf;\n\t\t\t\t}\n\t\t\t\t#gallery-7 .gallery-caption {\n\t\t\t\t\tmargin-left: 0;\n\t\t\t\t}\n\t\t\t\t\/* see gallery_shortcode() in wp-includes\/media.php *\/\n\t\t\t<\/style>\n\t\t<div id='gallery-7' class='dt-gallery-container gallery galleryid-461651 gallery-columns-5 gallery-size-thumbnail'><dl class='gallery-item'>\n\t\t\t\t<dt class='gallery-icon portrait'>\n\t\t\t\t\t<a class=\"rollover rollover-zoom dt-pswp-item\" title=\"090267ee-c61a-4395-8f22-076aae3d6bae\" data-dt-img-description=\"\" data-large_image_width=\"1131\" data-large_image_height=\"1600\"href='https:\/\/www.radiopiu.net\/wordpress\/wp-content\/uploads\/2025\/07\/090267ee-c61a-4395-8f22-076aae3d6bae.jpg'><img loading=\"lazy\" decoding=\"async\" width=\"150\" height=\"150\" src=\"https:\/\/www.radiopiu.net\/wordpress\/wp-content\/uploads\/2025\/07\/090267ee-c61a-4395-8f22-076aae3d6bae-150x150.jpg\" class=\"attachment-thumbnail size-thumbnail\" alt=\"\" \/><\/a>\n\t\t\t\t<\/dt><\/dl><dl class='gallery-item'>\n\t\t\t\t<dt class='gallery-icon portrait'>\n\t\t\t\t\t<a class=\"rollover rollover-zoom dt-pswp-item\" title=\"cadf9f3e-b763-4b78-a053-a610ef5c8c99\" data-dt-img-description=\"\" data-large_image_width=\"960\" data-large_image_height=\"1280\"href='https:\/\/www.radiopiu.net\/wordpress\/wp-content\/uploads\/2025\/06\/cadf9f3e-b763-4b78-a053-a610ef5c8c99.jpg'><img loading=\"lazy\" decoding=\"async\" width=\"150\" height=\"150\" src=\"https:\/\/www.radiopiu.net\/wordpress\/wp-content\/uploads\/2025\/06\/cadf9f3e-b763-4b78-a053-a610ef5c8c99-150x150.jpg\" class=\"attachment-thumbnail size-thumbnail\" alt=\"\" \/><\/a>\n\t\t\t\t<\/dt><\/dl><dl class='gallery-item'>\n\t\t\t\t<dt class='gallery-icon portrait'>\n\t\t\t\t\t<a class=\"rollover rollover-zoom dt-pswp-item\" title=\"mostra_RotaSperti\" data-dt-img-description=\"\" data-large_image_width=\"1414\" data-large_image_height=\"2000\"href='https:\/\/www.radiopiu.net\/wordpress\/wp-content\/uploads\/2025\/06\/mostra_RotaSperti.png'><img loading=\"lazy\" decoding=\"async\" width=\"150\" height=\"150\" src=\"https:\/\/www.radiopiu.net\/wordpress\/wp-content\/uploads\/2025\/06\/mostra_RotaSperti-150x150.png\" class=\"attachment-thumbnail size-thumbnail\" alt=\"\" \/><\/a>\n\t\t\t\t<\/dt><\/dl><dl class='gallery-item'>\n\t\t\t\t<dt class='gallery-icon portrait'>\n\t\t\t\t\t<a class=\"rollover rollover-zoom dt-pswp-item\" title=\"fac4fca6-e68b-4407-9911-927fad81e2d6\" data-dt-img-description=\"\" data-large_image_width=\"1080\" data-large_image_height=\"1507\"href='https:\/\/www.radiopiu.net\/wordpress\/wp-content\/uploads\/2025\/06\/fac4fca6-e68b-4407-9911-927fad81e2d6.jpg'><img loading=\"lazy\" decoding=\"async\" width=\"150\" height=\"150\" src=\"https:\/\/www.radiopiu.net\/wordpress\/wp-content\/uploads\/2025\/06\/fac4fca6-e68b-4407-9911-927fad81e2d6-150x150.jpg\" class=\"attachment-thumbnail size-thumbnail\" alt=\"\" \/><\/a>\n\t\t\t\t<\/dt><\/dl><dl class='gallery-item'>\n\t\t\t\t<dt class='gallery-icon portrait'>\n\t\t\t\t\t<a class=\"rollover rollover-zoom dt-pswp-item\" title=\"c55ce2db-ca03-471b-81c4-095c39ada29e\" data-dt-img-description=\"\" data-large_image_width=\"509\" data-large_image_height=\"720\"href='https:\/\/www.radiopiu.net\/wordpress\/wp-content\/uploads\/2025\/06\/c55ce2db-ca03-471b-81c4-095c39ada29e.jpg'><img loading=\"lazy\" decoding=\"async\" width=\"150\" height=\"150\" src=\"https:\/\/www.radiopiu.net\/wordpress\/wp-content\/uploads\/2025\/06\/c55ce2db-ca03-471b-81c4-095c39ada29e-150x150.jpg\" class=\"attachment-thumbnail size-thumbnail\" alt=\"\" \/><\/a>\n\t\t\t\t<\/dt><\/dl><br style=\"clear: both\" \/><dl class='gallery-item'>\n\t\t\t\t<dt class='gallery-icon portrait'>\n\t\t\t\t\t<a class=\"rollover rollover-zoom dt-pswp-item\" title=\"8d3ab9cd-a4cb-4a99-bfe1-ac0fb17b9dba\" data-dt-img-description=\"\" data-large_image_width=\"828\" data-large_image_height=\"1158\"href='https:\/\/www.radiopiu.net\/wordpress\/wp-content\/uploads\/2025\/07\/8d3ab9cd-a4cb-4a99-bfe1-ac0fb17b9dba.jpg'><img loading=\"lazy\" decoding=\"async\" width=\"150\" height=\"150\" src=\"https:\/\/www.radiopiu.net\/wordpress\/wp-content\/uploads\/2025\/07\/8d3ab9cd-a4cb-4a99-bfe1-ac0fb17b9dba-150x150.jpg\" class=\"attachment-thumbnail size-thumbnail\" alt=\"\" \/><\/a>\n\t\t\t\t<\/dt><\/dl><dl class='gallery-item'>\n\t\t\t\t<dt class='gallery-icon portrait'>\n\t\t\t\t\t<a class=\"rollover rollover-zoom dt-pswp-item\" title=\"4d595d64-63bb-4e50-8359-03cbcfa1dd7a\" data-dt-img-description=\"\" data-large_image_width=\"828\" data-large_image_height=\"1158\"href='https:\/\/www.radiopiu.net\/wordpress\/wp-content\/uploads\/2025\/07\/4d595d64-63bb-4e50-8359-03cbcfa1dd7a.jpg'><img loading=\"lazy\" decoding=\"async\" width=\"150\" height=\"150\" src=\"https:\/\/www.radiopiu.net\/wordpress\/wp-content\/uploads\/2025\/07\/4d595d64-63bb-4e50-8359-03cbcfa1dd7a-150x150.jpg\" class=\"attachment-thumbnail size-thumbnail\" alt=\"\" \/><\/a>\n\t\t\t\t<\/dt><\/dl><dl class='gallery-item'>\n\t\t\t\t<dt class='gallery-icon portrait'>\n\t\t\t\t\t<a class=\"rollover rollover-zoom dt-pswp-item\" title=\"3962b3bb-de84-4fa0-beb8-8af3574e8151\" data-dt-img-description=\"\" data-large_image_width=\"1132\" data-large_image_height=\"1600\"href='https:\/\/www.radiopiu.net\/wordpress\/wp-content\/uploads\/2025\/07\/3962b3bb-de84-4fa0-beb8-8af3574e8151.jpg'><img loading=\"lazy\" decoding=\"async\" width=\"150\" height=\"150\" src=\"https:\/\/www.radiopiu.net\/wordpress\/wp-content\/uploads\/2025\/07\/3962b3bb-de84-4fa0-beb8-8af3574e8151-150x150.jpg\" class=\"attachment-thumbnail size-thumbnail\" alt=\"\" \/><\/a>\n\t\t\t\t<\/dt><\/dl><dl class='gallery-item'>\n\t\t\t\t<dt class='gallery-icon portrait'>\n\t\t\t\t\t<a class=\"rollover rollover-zoom dt-pswp-item\" title=\"locandina mostra 25\" data-dt-img-description=\"\" data-large_image_width=\"629\" data-large_image_height=\"875\"href='https:\/\/www.radiopiu.net\/wordpress\/wp-content\/uploads\/2025\/07\/locandina-mostra-25.jpg'><img loading=\"lazy\" decoding=\"async\" width=\"150\" height=\"150\" src=\"https:\/\/www.radiopiu.net\/wordpress\/wp-content\/uploads\/2025\/07\/locandina-mostra-25-150x150.jpg\" class=\"attachment-thumbnail size-thumbnail\" alt=\"\" \/><\/a>\n\t\t\t\t<\/dt><\/dl><dl class='gallery-item'>\n\t\t\t\t<dt class='gallery-icon portrait'>\n\t\t\t\t\t<a class=\"rollover rollover-zoom dt-pswp-item\" title=\"SCR-20250710-rfhq\" data-dt-img-description=\"\" data-large_image_width=\"1278\" data-large_image_height=\"1818\"href='https:\/\/www.radiopiu.net\/wordpress\/wp-content\/uploads\/2025\/07\/SCR-20250710-rfhq.png'><img loading=\"lazy\" decoding=\"async\" width=\"150\" height=\"150\" src=\"https:\/\/www.radiopiu.net\/wordpress\/wp-content\/uploads\/2025\/07\/SCR-20250710-rfhq-150x150.png\" class=\"attachment-thumbnail size-thumbnail\" alt=\"\" \/><\/a>\n\t\t\t\t<\/dt><\/dl><br style=\"clear: both\" \/><dl class='gallery-item'>\n\t\t\t\t<dt class='gallery-icon portrait'>\n\t\t\t\t\t<a class=\"rollover rollover-zoom dt-pswp-item\" title=\"Cinema in Contrada 2025_Locandina_A4\" data-dt-img-description=\"\" data-large_image_width=\"1416\" data-large_image_height=\"2000\"href='https:\/\/www.radiopiu.net\/wordpress\/wp-content\/uploads\/2025\/07\/Cinema-in-Contrada-2025_Locandina_A4.png'><img loading=\"lazy\" decoding=\"async\" width=\"150\" height=\"150\" src=\"https:\/\/www.radiopiu.net\/wordpress\/wp-content\/uploads\/2025\/07\/Cinema-in-Contrada-2025_Locandina_A4-150x150.png\" class=\"attachment-thumbnail size-thumbnail\" alt=\"\" \/><\/a>\n\t\t\t\t<\/dt><\/dl><dl class='gallery-item'>\n\t\t\t\t<dt class='gallery-icon portrait'>\n\t\t\t\t\t<a class=\"rollover rollover-zoom dt-pswp-item\" title=\"582f7d3f-1659-4262-b430-7f809aa35179\" data-dt-img-description=\"\" data-large_image_width=\"1131\" data-large_image_height=\"1600\"href='https:\/\/www.radiopiu.net\/wordpress\/wp-content\/uploads\/2025\/07\/582f7d3f-1659-4262-b430-7f809aa35179.jpg'><img loading=\"lazy\" decoding=\"async\" width=\"150\" height=\"150\" src=\"https:\/\/www.radiopiu.net\/wordpress\/wp-content\/uploads\/2025\/07\/582f7d3f-1659-4262-b430-7f809aa35179-150x150.jpg\" class=\"attachment-thumbnail size-thumbnail\" alt=\"\" \/><\/a>\n\t\t\t\t<\/dt><\/dl><dl class='gallery-item'>\n\t\t\t\t<dt class='gallery-icon portrait'>\n\t\t\t\t\t<a class=\"rollover rollover-zoom dt-pswp-item\" title=\"79bd5598-a5d8-47fa-8ba6-4fdc84938635\" data-dt-img-description=\"\" data-large_image_width=\"1344\" data-large_image_height=\"1674\"href='https:\/\/www.radiopiu.net\/wordpress\/wp-content\/uploads\/2025\/07\/79bd5598-a5d8-47fa-8ba6-4fdc84938635.jpg'><img loading=\"lazy\" decoding=\"async\" width=\"150\" height=\"150\" src=\"https:\/\/www.radiopiu.net\/wordpress\/wp-content\/uploads\/2025\/07\/79bd5598-a5d8-47fa-8ba6-4fdc84938635-150x150.jpg\" class=\"attachment-thumbnail size-thumbnail\" alt=\"\" \/><\/a>\n\t\t\t\t<\/dt><\/dl><dl class='gallery-item'>\n\t\t\t\t<dt class='gallery-icon landscape'>\n\t\t\t\t\t<a class=\"rollover rollover-zoom dt-pswp-item\" title=\"Screenshot 2025-07-16 095516\" data-dt-img-description=\"\" data-large_image_width=\"364\" data-large_image_height=\"332\"href='https:\/\/www.radiopiu.net\/wordpress\/wp-content\/uploads\/2025\/07\/Screenshot-2025-07-16-095516.png'><img loading=\"lazy\" decoding=\"async\" width=\"150\" height=\"150\" src=\"https:\/\/www.radiopiu.net\/wordpress\/wp-content\/uploads\/2025\/07\/Screenshot-2025-07-16-095516-150x150.png\" class=\"attachment-thumbnail size-thumbnail\" alt=\"\" \/><\/a>\n\t\t\t\t<\/dt><\/dl><dl class='gallery-item'>\n\t\t\t\t<dt class='gallery-icon portrait'>\n\t\t\t\t\t<a class=\"rollover rollover-zoom dt-pswp-item\" title=\"514284824_122160849950463773_4248149650309788008_n\" data-dt-img-description=\"\" data-large_image_width=\"480\" data-large_image_height=\"600\"href='https:\/\/www.radiopiu.net\/wordpress\/wp-content\/uploads\/2025\/07\/514284824_122160849950463773_4248149650309788008_n.jpg'><img loading=\"lazy\" decoding=\"async\" width=\"150\" height=\"150\" src=\"https:\/\/www.radiopiu.net\/wordpress\/wp-content\/uploads\/2025\/07\/514284824_122160849950463773_4248149650309788008_n-150x150.jpg\" class=\"attachment-thumbnail size-thumbnail\" alt=\"\" \/><\/a>\n\t\t\t\t<\/dt><\/dl><br style=\"clear: both\" \/><dl class='gallery-item'>\n\t\t\t\t<dt class='gallery-icon portrait'>\n\t\t\t\t\t<a class=\"rollover rollover-zoom dt-pswp-item\" title=\"90765e4f-be2b-4e18-8c1f-e4715da15ab1\" data-dt-img-description=\"\" data-large_image_width=\"1131\" data-large_image_height=\"1600\"href='https:\/\/www.radiopiu.net\/wordpress\/wp-content\/uploads\/2025\/07\/90765e4f-be2b-4e18-8c1f-e4715da15ab1.jpg'><img loading=\"lazy\" decoding=\"async\" width=\"150\" height=\"150\" src=\"https:\/\/www.radiopiu.net\/wordpress\/wp-content\/uploads\/2025\/07\/90765e4f-be2b-4e18-8c1f-e4715da15ab1-150x150.jpg\" class=\"attachment-thumbnail size-thumbnail\" alt=\"\" \/><\/a>\n\t\t\t\t<\/dt><\/dl><dl class='gallery-item'>\n\t\t\t\t<dt class='gallery-icon portrait'>\n\t\t\t\t\t<a class=\"rollover rollover-zoom dt-pswp-item\" title=\"Col-de-Luna-Trail1-pdf\" data-dt-img-description=\"\" data-large_image_width=\"756\" data-large_image_height=\"1068\"href='https:\/\/www.radiopiu.net\/wordpress\/wp-content\/uploads\/2025\/07\/Col-de-Luna-Trail1-pdf.jpg'><img loading=\"lazy\" decoding=\"async\" width=\"150\" height=\"150\" src=\"https:\/\/www.radiopiu.net\/wordpress\/wp-content\/uploads\/2025\/07\/Col-de-Luna-Trail1-pdf-150x150.jpg\" class=\"attachment-thumbnail size-thumbnail\" alt=\"\" \/><\/a>\n\t\t\t\t<\/dt><\/dl><dl class='gallery-item'>\n\t\t\t\t<dt class='gallery-icon portrait'>\n\t\t\t\t\t<a class=\"rollover rollover-zoom dt-pswp-item\" title=\"4651f578-507e-465d-9233-15b857674fc4\" data-dt-img-description=\"\" data-large_image_width=\"1061\" data-large_image_height=\"1500\"href='https:\/\/www.radiopiu.net\/wordpress\/wp-content\/uploads\/2025\/07\/4651f578-507e-465d-9233-15b857674fc4.jpg'><img loading=\"lazy\" decoding=\"async\" width=\"150\" height=\"150\" src=\"https:\/\/www.radiopiu.net\/wordpress\/wp-content\/uploads\/2025\/07\/4651f578-507e-465d-9233-15b857674fc4-150x150.jpg\" class=\"attachment-thumbnail size-thumbnail\" alt=\"\" \/><\/a>\n\t\t\t\t<\/dt><\/dl><dl class='gallery-item'>\n\t\t\t\t<dt class='gallery-icon portrait'>\n\t\t\t\t\t<a class=\"rollover rollover-zoom dt-pswp-item\" title=\"SerateNaturaAvventura-P4-853\" data-dt-img-description=\"\" data-large_image_width=\"1200\" data-large_image_height=\"1710\"href='https:\/\/www.radiopiu.net\/wordpress\/wp-content\/uploads\/2025\/07\/SerateNaturaAvventura-P4-853.jpg'><img loading=\"lazy\" decoding=\"async\" width=\"150\" height=\"150\" src=\"https:\/\/www.radiopiu.net\/wordpress\/wp-content\/uploads\/2025\/07\/SerateNaturaAvventura-P4-853-150x150.jpg\" class=\"attachment-thumbnail size-thumbnail\" alt=\"\" \/><\/a>\n\t\t\t\t<\/dt><\/dl><dl class='gallery-item'>\n\t\t\t\t<dt class='gallery-icon portrait'>\n\t\t\t\t\t<a class=\"rollover rollover-zoom dt-pswp-item\" title=\"518422396_1492048838795727_5394581552165021776_n\" data-dt-img-description=\"\" data-large_image_width=\"1240\" data-large_image_height=\"1754\"href='https:\/\/www.radiopiu.net\/wordpress\/wp-content\/uploads\/2025\/07\/518422396_1492048838795727_5394581552165021776_n.jpg'><img loading=\"lazy\" decoding=\"async\" width=\"150\" height=\"150\" src=\"https:\/\/www.radiopiu.net\/wordpress\/wp-content\/uploads\/2025\/07\/518422396_1492048838795727_5394581552165021776_n-150x150.jpg\" class=\"attachment-thumbnail size-thumbnail\" alt=\"\" \/><\/a>\n\t\t\t\t<\/dt><\/dl><br style=\"clear: both\" \/><dl class='gallery-item'>\n\t\t\t\t<dt class='gallery-icon landscape'>\n\t\t\t\t\t<a class=\"rollover rollover-zoom dt-pswp-item\" title=\"d2f26985-2ffd-4602-aeea-476feb5befda\" data-dt-img-description=\"\" data-large_image_width=\"526\" data-large_image_height=\"526\"href='https:\/\/www.radiopiu.net\/wordpress\/wp-content\/uploads\/2025\/07\/d2f26985-2ffd-4602-aeea-476feb5befda.jpg'><img loading=\"lazy\" decoding=\"async\" width=\"150\" height=\"150\" src=\"https:\/\/www.radiopiu.net\/wordpress\/wp-content\/uploads\/2025\/07\/d2f26985-2ffd-4602-aeea-476feb5befda-150x150.jpg\" class=\"attachment-thumbnail size-thumbnail\" alt=\"\" srcset=\"https:\/\/www.radiopiu.net\/wordpress\/wp-content\/uploads\/2025\/07\/d2f26985-2ffd-4602-aeea-476feb5befda-150x150.jpg 150w, https:\/\/www.radiopiu.net\/wordpress\/wp-content\/uploads\/2025\/07\/d2f26985-2ffd-4602-aeea-476feb5befda-300x300.jpg 300w, https:\/\/www.radiopiu.net\/wordpress\/wp-content\/uploads\/2025\/07\/d2f26985-2ffd-4602-aeea-476feb5befda.jpg 526w\" sizes=\"auto, (max-width: 150px) 100vw, 150px\" \/><\/a>\n\t\t\t\t<\/dt><\/dl><dl class='gallery-item'>\n\t\t\t\t<dt class='gallery-icon landscape'>\n\t\t\t\t\t<a class=\"rollover rollover-zoom dt-pswp-item\" title=\"b93d192e-fe1c-4b9a-8b00-c924d7c09ef0\" data-dt-img-description=\"\" data-large_image_width=\"526\" data-large_image_height=\"526\"href='https:\/\/www.radiopiu.net\/wordpress\/wp-content\/uploads\/2025\/07\/b93d192e-fe1c-4b9a-8b00-c924d7c09ef0.jpg'><img loading=\"lazy\" decoding=\"async\" width=\"150\" height=\"150\" src=\"https:\/\/www.radiopiu.net\/wordpress\/wp-content\/uploads\/2025\/07\/b93d192e-fe1c-4b9a-8b00-c924d7c09ef0-150x150.jpg\" class=\"attachment-thumbnail size-thumbnail\" alt=\"\" srcset=\"https:\/\/www.radiopiu.net\/wordpress\/wp-content\/uploads\/2025\/07\/b93d192e-fe1c-4b9a-8b00-c924d7c09ef0-150x150.jpg 150w, https:\/\/www.radiopiu.net\/wordpress\/wp-content\/uploads\/2025\/07\/b93d192e-fe1c-4b9a-8b00-c924d7c09ef0-300x300.jpg 300w, https:\/\/www.radiopiu.net\/wordpress\/wp-content\/uploads\/2025\/07\/b93d192e-fe1c-4b9a-8b00-c924d7c09ef0.jpg 526w\" sizes=\"auto, (max-width: 150px) 100vw, 150px\" \/><\/a>\n\t\t\t\t<\/dt><\/dl><dl class='gallery-item'>\n\t\t\t\t<dt class='gallery-icon landscape'>\n\t\t\t\t\t<a class=\"rollover rollover-zoom dt-pswp-item\" title=\"515444840_1149597150531066_7749231705219023918_n\" data-dt-img-description=\"\" data-large_image_width=\"1440\" data-large_image_height=\"1079\"href='https:\/\/www.radiopiu.net\/wordpress\/wp-content\/uploads\/2025\/07\/515444840_1149597150531066_7749231705219023918_n.jpg'><img loading=\"lazy\" decoding=\"async\" width=\"150\" height=\"150\" src=\"https:\/\/www.radiopiu.net\/wordpress\/wp-content\/uploads\/2025\/07\/515444840_1149597150531066_7749231705219023918_n-150x150.jpg\" class=\"attachment-thumbnail size-thumbnail\" alt=\"\" \/><\/a>\n\t\t\t\t<\/dt><\/dl><dl class='gallery-item'>\n\t\t\t\t<dt class='gallery-icon portrait'>\n\t\t\t\t\t<a class=\"rollover rollover-zoom dt-pswp-item\" title=\"5eea8780-bf42-4677-985e-b728a3cb7860\" data-dt-img-description=\"\" data-large_image_width=\"1131\" data-large_image_height=\"1600\"href='https:\/\/www.radiopiu.net\/wordpress\/wp-content\/uploads\/2025\/07\/5eea8780-bf42-4677-985e-b728a3cb7860.jpg'><img loading=\"lazy\" decoding=\"async\" width=\"150\" height=\"150\" src=\"https:\/\/www.radiopiu.net\/wordpress\/wp-content\/uploads\/2025\/07\/5eea8780-bf42-4677-985e-b728a3cb7860-150x150.jpg\" class=\"attachment-thumbnail size-thumbnail\" alt=\"\" \/><\/a>\n\t\t\t\t<\/dt><\/dl><dl class='gallery-item'>\n\t\t\t\t<dt class='gallery-icon portrait'>\n\t\t\t\t\t<a class=\"rollover rollover-zoom dt-pswp-item\" title=\"60540118-6352-45bd-abf6-424501e3a37e\" data-dt-img-description=\"\" data-large_image_width=\"1131\" data-large_image_height=\"1600\"href='https:\/\/www.radiopiu.net\/wordpress\/wp-content\/uploads\/2025\/07\/60540118-6352-45bd-abf6-424501e3a37e.jpg'><img loading=\"lazy\" decoding=\"async\" width=\"150\" height=\"150\" src=\"https:\/\/www.radiopiu.net\/wordpress\/wp-content\/uploads\/2025\/07\/60540118-6352-45bd-abf6-424501e3a37e-150x150.jpg\" class=\"attachment-thumbnail size-thumbnail\" alt=\"\" \/><\/a>\n\t\t\t\t<\/dt><\/dl><br style=\"clear: both\" \/><dl class='gallery-item'>\n\t\t\t\t<dt class='gallery-icon portrait'>\n\t\t\t\t\t<a class=\"rollover rollover-zoom dt-pswp-item\" title=\"MADONA DE LA NEIF 2025\" data-dt-img-description=\"\" data-large_image_width=\"658\" data-large_image_height=\"861\"href='https:\/\/www.radiopiu.net\/wordpress\/wp-content\/uploads\/2025\/07\/MADONA-DE-LA-NEIF-2025.jpg'><img loading=\"lazy\" decoding=\"async\" width=\"150\" height=\"150\" src=\"https:\/\/www.radiopiu.net\/wordpress\/wp-content\/uploads\/2025\/07\/MADONA-DE-LA-NEIF-2025-150x150.jpg\" class=\"attachment-thumbnail size-thumbnail\" alt=\"\" \/><\/a>\n\t\t\t\t<\/dt><\/dl><dl class='gallery-item'>\n\t\t\t\t<dt class='gallery-icon portrait'>\n\t\t\t\t\t<a class=\"rollover rollover-zoom dt-pswp-item\" title=\"Locandina conferenza san simon 29.07.2025\" data-dt-img-description=\"\" data-large_image_width=\"1414\" data-large_image_height=\"2000\"href='https:\/\/www.radiopiu.net\/wordpress\/wp-content\/uploads\/2025\/07\/Locandina-conferenza-san-simon-29.07.2025.png'><img loading=\"lazy\" decoding=\"async\" width=\"150\" height=\"150\" src=\"https:\/\/www.radiopiu.net\/wordpress\/wp-content\/uploads\/2025\/07\/Locandina-conferenza-san-simon-29.07.2025-150x150.png\" class=\"attachment-thumbnail size-thumbnail\" alt=\"\" \/><\/a>\n\t\t\t\t<\/dt><\/dl><dl class='gallery-item'>\n\t\t\t\t<dt class='gallery-icon portrait'>\n\t\t\t\t\t<a class=\"rollover rollover-zoom dt-pswp-item\" title=\"Locandina concerto 31.07.2025\" data-dt-img-description=\"\" data-large_image_width=\"595\" data-large_image_height=\"842\"href='https:\/\/www.radiopiu.net\/wordpress\/wp-content\/uploads\/2025\/07\/Locandina-concerto-31.07.2025.jpg'><img loading=\"lazy\" decoding=\"async\" width=\"150\" height=\"150\" src=\"https:\/\/www.radiopiu.net\/wordpress\/wp-content\/uploads\/2025\/07\/Locandina-concerto-31.07.2025-150x150.jpg\" class=\"attachment-thumbnail size-thumbnail\" alt=\"\" \/><\/a>\n\t\t\t\t<\/dt><\/dl><dl class='gallery-item'>\n\t\t\t\t<dt class='gallery-icon portrait'>\n\t\t\t\t\t<a class=\"rollover rollover-zoom dt-pswp-item\" title=\"29_07_25 Arabba_InConTra_Favero\" data-dt-img-description=\"\" data-large_image_width=\"1414\" data-large_image_height=\"2000\"href='https:\/\/www.radiopiu.net\/wordpress\/wp-content\/uploads\/2025\/07\/29_07_25-Arabba_InConTra_Favero.jpg'><img loading=\"lazy\" decoding=\"async\" width=\"150\" height=\"150\" src=\"https:\/\/www.radiopiu.net\/wordpress\/wp-content\/uploads\/2025\/07\/29_07_25-Arabba_InConTra_Favero-150x150.jpg\" class=\"attachment-thumbnail size-thumbnail\" alt=\"\" \/><\/a>\n\t\t\t\t<\/dt><\/dl><dl class='gallery-item'>\n\t\t\t\t<dt class='gallery-icon portrait'>\n\t\t\t\t\t<a class=\"rollover rollover-zoom dt-pswp-item\" title=\"Immagine WhatsApp 2025-07-25 ore 07.38.18_19f3e277\" data-dt-img-description=\"\" data-large_image_width=\"1070\" data-large_image_height=\"1523\"href='https:\/\/www.radiopiu.net\/wordpress\/wp-content\/uploads\/2025\/07\/Immagine-WhatsApp-2025-07-25-ore-07.38.18_19f3e277.jpg'><img loading=\"lazy\" decoding=\"async\" width=\"150\" height=\"150\" src=\"https:\/\/www.radiopiu.net\/wordpress\/wp-content\/uploads\/2025\/07\/Immagine-WhatsApp-2025-07-25-ore-07.38.18_19f3e277-150x150.jpg\" class=\"attachment-thumbnail size-thumbnail\" alt=\"\" \/><\/a>\n\t\t\t\t<\/dt><\/dl><br style=\"clear: both\" \/><dl class='gallery-item'>\n\t\t\t\t<dt class='gallery-icon portrait'>\n\t\t\t\t\t<a class=\"rollover rollover-zoom dt-pswp-item\" title=\"Immagine WhatsApp 2025-07-26 ore 20.22.45_c48ad501\" data-dt-img-description=\"\" data-large_image_width=\"1131\" data-large_image_height=\"1600\"href='https:\/\/www.radiopiu.net\/wordpress\/wp-content\/uploads\/2025\/07\/Immagine-WhatsApp-2025-07-26-ore-20.22.45_c48ad501.jpg'><img loading=\"lazy\" decoding=\"async\" width=\"150\" height=\"150\" src=\"https:\/\/www.radiopiu.net\/wordpress\/wp-content\/uploads\/2025\/07\/Immagine-WhatsApp-2025-07-26-ore-20.22.45_c48ad501-150x150.jpg\" class=\"attachment-thumbnail size-thumbnail\" alt=\"\" \/><\/a>\n\t\t\t\t<\/dt><\/dl><dl class='gallery-item'>\n\t\t\t\t<dt class='gallery-icon portrait'>\n\t\t\t\t\t<a class=\"rollover rollover-zoom dt-pswp-item\" title=\"IMG-20250726-WA0015\" data-dt-img-description=\"\" data-large_image_width=\"975\" data-large_image_height=\"1352\"href='https:\/\/www.radiopiu.net\/wordpress\/wp-content\/uploads\/2025\/07\/IMG-20250726-WA0015.jpg'><img loading=\"lazy\" decoding=\"async\" width=\"150\" height=\"150\" src=\"https:\/\/www.radiopiu.net\/wordpress\/wp-content\/uploads\/2025\/07\/IMG-20250726-WA0015-150x150.jpg\" class=\"attachment-thumbnail size-thumbnail\" alt=\"\" \/><\/a>\n\t\t\t\t<\/dt><\/dl><dl class='gallery-item'>\n\t\t\t\t<dt class='gallery-icon portrait'>\n\t\t\t\t\t<a class=\"rollover rollover-zoom dt-pswp-item\" title=\"manifesto_40_2025-3\" data-dt-img-description=\"\" data-large_image_width=\"1164\" data-large_image_height=\"2560\"href='https:\/\/www.radiopiu.net\/wordpress\/wp-content\/uploads\/2025\/07\/manifesto_40_2025-3-scaled.jpg'><img loading=\"lazy\" decoding=\"async\" width=\"150\" height=\"150\" src=\"https:\/\/www.radiopiu.net\/wordpress\/wp-content\/uploads\/2025\/07\/manifesto_40_2025-3-150x150.jpg\" class=\"attachment-thumbnail size-thumbnail\" alt=\"\" \/><\/a>\n\t\t\t\t<\/dt><\/dl><dl class='gallery-item'>\n\t\t\t\t<dt class='gallery-icon portrait'>\n\t\t\t\t\t<a class=\"rollover rollover-zoom dt-pswp-item\" title=\"F16 replica\" data-dt-img-description=\"\" data-large_image_width=\"1131\" data-large_image_height=\"1600\"href='https:\/\/www.radiopiu.net\/wordpress\/wp-content\/uploads\/2025\/07\/F16-replica.jpg'><img loading=\"lazy\" decoding=\"async\" width=\"150\" height=\"150\" src=\"https:\/\/www.radiopiu.net\/wordpress\/wp-content\/uploads\/2025\/07\/F16-replica-150x150.jpg\" class=\"attachment-thumbnail size-thumbnail\" alt=\"\" \/><\/a>\n\t\t\t\t<\/dt><\/dl><dl class='gallery-item'>\n\t\t\t\t<dt class='gallery-icon portrait'>\n\t\t\t\t\t<a class=\"rollover rollover-zoom dt-pswp-item\" title=\"8cb87d28-6df9-4bd9-af92-dab34de2a982\" data-dt-img-description=\"\" data-large_image_width=\"1181\" data-large_image_height=\"1670\"href='https:\/\/www.radiopiu.net\/wordpress\/wp-content\/uploads\/2025\/07\/8cb87d28-6df9-4bd9-af92-dab34de2a982.jpg'><img loading=\"lazy\" decoding=\"async\" width=\"150\" height=\"150\" src=\"https:\/\/www.radiopiu.net\/wordpress\/wp-content\/uploads\/2025\/07\/8cb87d28-6df9-4bd9-af92-dab34de2a982-150x150.jpg\" class=\"attachment-thumbnail size-thumbnail\" alt=\"\" \/><\/a>\n\t\t\t\t<\/dt><\/dl><br style=\"clear: both\" \/><dl class='gallery-item'>\n\t\t\t\t<dt class='gallery-icon portrait'>\n\t\t\t\t\t<a class=\"rollover rollover-zoom dt-pswp-item\" title=\"gares\" data-dt-img-description=\"\" data-large_image_width=\"600\" data-large_image_height=\"855\"href='https:\/\/www.radiopiu.net\/wordpress\/wp-content\/uploads\/2025\/07\/gares.jpg'><img loading=\"lazy\" decoding=\"async\" width=\"150\" height=\"150\" src=\"https:\/\/www.radiopiu.net\/wordpress\/wp-content\/uploads\/2025\/07\/gares-150x150.jpg\" class=\"attachment-thumbnail size-thumbnail\" alt=\"\" \/><\/a>\n\t\t\t\t<\/dt><\/dl><dl class='gallery-item'>\n\t\t\t\t<dt class='gallery-icon landscape'>\n\t\t\t\t\t<a class=\"rollover rollover-zoom dt-pswp-item\" title=\"eb234dd4-d70c-4445-bc02-d9cf97a3c245\" data-dt-img-description=\"\" data-large_image_width=\"1080\" data-large_image_height=\"1080\"href='https:\/\/www.radiopiu.net\/wordpress\/wp-content\/uploads\/2025\/07\/eb234dd4-d70c-4445-bc02-d9cf97a3c245.jpg'><img loading=\"lazy\" decoding=\"async\" width=\"150\" height=\"150\" src=\"https:\/\/www.radiopiu.net\/wordpress\/wp-content\/uploads\/2025\/07\/eb234dd4-d70c-4445-bc02-d9cf97a3c245-150x150.jpg\" class=\"attachment-thumbnail size-thumbnail\" alt=\"\" srcset=\"https:\/\/www.radiopiu.net\/wordpress\/wp-content\/uploads\/2025\/07\/eb234dd4-d70c-4445-bc02-d9cf97a3c245-150x150.jpg 150w, https:\/\/www.radiopiu.net\/wordpress\/wp-content\/uploads\/2025\/07\/eb234dd4-d70c-4445-bc02-d9cf97a3c245-300x300.jpg 300w, https:\/\/www.radiopiu.net\/wordpress\/wp-content\/uploads\/2025\/07\/eb234dd4-d70c-4445-bc02-d9cf97a3c245-1024x1024.jpg 1024w, https:\/\/www.radiopiu.net\/wordpress\/wp-content\/uploads\/2025\/07\/eb234dd4-d70c-4445-bc02-d9cf97a3c245-768x768.jpg 768w, https:\/\/www.radiopiu.net\/wordpress\/wp-content\/uploads\/2025\/07\/eb234dd4-d70c-4445-bc02-d9cf97a3c245.jpg 1080w\" sizes=\"auto, (max-width: 150px) 100vw, 150px\" \/><\/a>\n\t\t\t\t<\/dt><\/dl><dl class='gallery-item'>\n\t\t\t\t<dt class='gallery-icon portrait'>\n\t\t\t\t\t<a class=\"rollover rollover-zoom dt-pswp-item\" title=\"ddb863d7-62a1-4f60-9265-13e2e8193bc9\" data-dt-img-description=\"\" data-large_image_width=\"1244\" data-large_image_height=\"1600\"href='https:\/\/www.radiopiu.net\/wordpress\/wp-content\/uploads\/2025\/07\/ddb863d7-62a1-4f60-9265-13e2e8193bc9.jpg'><img loading=\"lazy\" decoding=\"async\" width=\"150\" height=\"150\" src=\"https:\/\/www.radiopiu.net\/wordpress\/wp-content\/uploads\/2025\/07\/ddb863d7-62a1-4f60-9265-13e2e8193bc9-150x150.jpg\" class=\"attachment-thumbnail size-thumbnail\" alt=\"\" \/><\/a>\n\t\t\t\t<\/dt><\/dl><dl class='gallery-item'>\n\t\t\t\t<dt class='gallery-icon portrait'>\n\t\t\t\t\t<a class=\"rollover rollover-zoom dt-pswp-item\" title=\"Screenshot\" data-dt-img-description=\"\" data-large_image_width=\"1178\" data-large_image_height=\"1332\"href='https:\/\/www.radiopiu.net\/wordpress\/wp-content\/uploads\/2025\/07\/SCR-20250728-qnyg.jpeg'><img loading=\"lazy\" decoding=\"async\" width=\"150\" height=\"150\" src=\"https:\/\/www.radiopiu.net\/wordpress\/wp-content\/uploads\/2025\/07\/SCR-20250728-qnyg-150x150.jpeg\" class=\"attachment-thumbnail size-thumbnail\" alt=\"\" \/><\/a>\n\t\t\t\t<\/dt><\/dl><dl class='gallery-item'>\n\t\t\t\t<dt class='gallery-icon portrait'>\n\t\t\t\t\t<a class=\"rollover rollover-zoom dt-pswp-item\" title=\"ed2718c8-19c0-4c92-bb73-9b4c4f18e705\" data-dt-img-description=\"\" data-large_image_width=\"1200\" data-large_image_height=\"1600\"href='https:\/\/www.radiopiu.net\/wordpress\/wp-content\/uploads\/2025\/07\/ed2718c8-19c0-4c92-bb73-9b4c4f18e705.jpg'><img loading=\"lazy\" decoding=\"async\" width=\"150\" height=\"150\" src=\"https:\/\/www.radiopiu.net\/wordpress\/wp-content\/uploads\/2025\/07\/ed2718c8-19c0-4c92-bb73-9b4c4f18e705-150x150.jpg\" class=\"attachment-thumbnail size-thumbnail\" alt=\"\" \/><\/a>\n\t\t\t\t<\/dt><\/dl><br style=\"clear: both\" \/><dl class='gallery-item'>\n\t\t\t\t<dt class='gallery-icon portrait'>\n\t\t\t\t\t<a class=\"rollover rollover-zoom dt-pswp-item\" title=\"523777113_1154780213354341_6981268896384360470_n\" data-dt-img-description=\"\" data-large_image_width=\"1080\" data-large_image_height=\"1526\"href='https:\/\/www.radiopiu.net\/wordpress\/wp-content\/uploads\/2025\/07\/523777113_1154780213354341_6981268896384360470_n.jpg'><img loading=\"lazy\" decoding=\"async\" width=\"150\" height=\"150\" src=\"https:\/\/www.radiopiu.net\/wordpress\/wp-content\/uploads\/2025\/07\/523777113_1154780213354341_6981268896384360470_n-150x150.jpg\" class=\"attachment-thumbnail size-thumbnail\" alt=\"\" \/><\/a>\n\t\t\t\t<\/dt><\/dl><dl class='gallery-item'>\n\t\t\t\t<dt class='gallery-icon portrait'>\n\t\t\t\t\t<a class=\"rollover rollover-zoom dt-pswp-item\" title=\"IMG-20250726-WA0015\" data-dt-img-description=\"\" data-large_image_width=\"975\" data-large_image_height=\"1352\"href='https:\/\/www.radiopiu.net\/wordpress\/wp-content\/uploads\/2025\/07\/IMG-20250726-WA0015-1.jpg'><img loading=\"lazy\" decoding=\"async\" width=\"150\" height=\"150\" src=\"https:\/\/www.radiopiu.net\/wordpress\/wp-content\/uploads\/2025\/07\/IMG-20250726-WA0015-1-150x150.jpg\" class=\"attachment-thumbnail size-thumbnail\" alt=\"\" \/><\/a>\n\t\t\t\t<\/dt><\/dl>\n\t\t\t\t<br style='clear: both' \/>\n\t\t\t<\/div>\n\n<\/div>\n<\/div>\n<\/div>\n<\/div>\n<\/div>\n<\/div>\n<\/div>\n<\/div>\n<\/div>\n<\/div>\n<\/div>\n<\/div>\n<\/div>\n<\/div>\n<\/div>\n<\/div>\n<\/div>\n<\/div>\n<\/div>\n<\/div>\n<\/div>\n<div>\n<div class=\"\" dir=\"auto\">\n<div id=\":r9h:\" class=\"x1iorvi4 x1pi30zi x1l90r2v x1swvt13\" data-ad-comet-preview=\"message\" data-ad-preview=\"message\">\n<div class=\"\" dir=\"auto\">\n<div id=\":r9h:\" class=\"x1iorvi4 x1pi30zi x1l90r2v x1swvt13\" data-ad-comet-preview=\"message\" data-ad-preview=\"message\">\n<div class=\"\" dir=\"auto\">\n<div id=\":r9h:\" class=\"x1iorvi4 x1pi30zi x1l90r2v x1swvt13\" data-ad-comet-preview=\"message\" data-ad-preview=\"message\">\n<div class=\"\" dir=\"auto\">\n<div id=\":r9h:\" class=\"x1iorvi4 x1pi30zi x1l90r2v x1swvt13\" data-ad-comet-preview=\"message\" data-ad-preview=\"message\">\n<div>\n<div class=\"\" dir=\"auto\">\n<div id=\":r9h:\" class=\"x1iorvi4 x1pi30zi x1l90r2v x1swvt13\" data-ad-comet-preview=\"message\" data-ad-preview=\"message\">\n<div>\n<div class=\"\" dir=\"auto\">\n<div id=\":r9h:\" class=\"x1iorvi4 x1pi30zi x1l90r2v x1swvt13\" data-ad-comet-preview=\"message\" data-ad-preview=\"message\">\n<div>\n<div class=\"\" dir=\"auto\">\n<div id=\":r9h:\" class=\"x1iorvi4 x1pi30zi x1l90r2v x1swvt13\" data-ad-comet-preview=\"message\" data-ad-preview=\"message\">\n<div>\n<div class=\"\" dir=\"auto\">\n<div id=\":r9h:\" class=\"x1iorvi4 x1pi30zi x1l90r2v x1swvt13\" data-ad-comet-preview=\"message\" data-ad-preview=\"message\">\n<p>&nbsp;<\/p>\n<p>&nbsp;<\/p>\n<hr \/>\n<p>&nbsp;<\/p>\n<\/div>\n<\/div>\n<\/div>\n<\/div>\n<\/div>\n<\/div>\n<\/div>\n<\/div>\n<\/div>\n<\/div>\n<\/div>\n<\/div>\n<\/div>\n<\/div>\n<\/div>\n<\/div>\n<\/div>\n<\/div>\n<\/div>\n<\/div>\n<\/div>\n<p class=\"mceTemp\"><a class=\"dt-pswp-item\" href=\"https:\/\/www.radiopiu.net\/wordpress\/wp-content\/uploads\/2018\/09\/WhatsApp-Image-2018-09-20-at-16.04.06.jpeg\" data-dt-img-description=\"\" data-large_image_width=\"800\" data-large_image_height=\"100\"><img loading=\"lazy\" decoding=\"async\" class=\"wp-image-61378 size-full aligncenter\" src=\"https:\/\/www.radiopiu.net\/wordpress\/wp-content\/uploads\/2018\/09\/WhatsApp-Image-2018-09-20-at-16.04.06.jpeg\" alt=\"\" width=\"800\" height=\"100\" srcset=\"https:\/\/www.radiopiu.net\/wordpress\/wp-content\/uploads\/2018\/09\/WhatsApp-Image-2018-09-20-at-16.04.06.jpeg 800w, https:\/\/www.radiopiu.net\/wordpress\/wp-content\/uploads\/2018\/09\/WhatsApp-Image-2018-09-20-at-16.04.06-300x38.jpeg 300w, https:\/\/www.radiopiu.net\/wordpress\/wp-content\/uploads\/2018\/09\/WhatsApp-Image-2018-09-20-at-16.04.06-768x96.jpeg 768w\" sizes=\"auto, (max-width: 800px) 100vw, 800px\" \/><\/a><\/p>\n<div id=\"dolomitimeteo_div_testi\"><\/div>\n<p><center><b>OGGI<\/b><\/center>Miglioramento del tempo, gi\u00e0 nella notte, sulle Prealpi occidentali, dove il cielo sar\u00e0 sereno o poco nuvoloso con sole al mattino. Sul Bellunese nubi medie stratiformi in lento diradamento e sostituite dal ritorno del sole a partire da ovest. Al pomeriggio attivit\u00e0 cumuliforme da modesta a moderata sulle Dolomiti, pi\u00f9 intensa sulle Prealpi. Di conseguenza i fenomeni convettivi saranno meno probabile sulle prime rispetto alle seconde.<br \/>\n<b>Precipitazioni: <\/b>Al mattino assenti, salvo qualche goccia mattutina sul bellunese. Al pomeriggio probabilit\u00e0 assai remota sulle Dolomiti, in alcuni casi anche assenti, mentre il rischio di rovesci sar\u00e0 maggiore sulle Prealpi e la pedemontana<br \/>\n<b>Temperature: <\/b>Minime in calo e massime in ripresa.<\/p>\n<hr \/>\n<p><center><b>DOMANI<\/b><\/center>Al mattino sole e cielo sereno o poco nuvoloso per velature, in seguito maggiore attivit\u00e0 cumuliforme e tempo pi\u00f9 instabile rispetto a marted\u00ec, con maggiore rischio di fenomeni convettivi pomeridiani. Il contesto fresco si mantiene, specie in quota.<br \/>\n<b>Precipitazioni: <\/b>Al mattino assenti. Al pomeriggio aumento della probabilit\u00e0 di rovesci e temporali, specie sulle Prealpi, mentre la stessa probabilit\u00e0 sembra poter essere minore sulle Dolomiti e limitarsi soprattutto a rovesci, mentre il rischio temporale potrebbe essere assente su quest&#8217;ultime.<br \/>\n<b>Temperature: <\/b>In generale lieve calo salvo stazionariet\u00e0 delle minime nelle valli.<\/p>\n<hr \/>\n<p><center><b>GIOVEDI<\/b><\/center>Mattinata perlopi\u00f9 soleggiata con cielo sereno o poco nuvoloso. Poi parziale riduzione del soleggiamento per modesta attivit\u00e0 cumuliforme, localmente moderata, ma ad oggi sembra che il rischio di fenomeni convettivi sia piuttosto remoto e che si tratti della giornata pi\u00f9 stabile della settimana. Temperature in generale ripresa, salvo stazionariet\u00e0 delle minime nelle valli.<\/p>\n<hr \/>\n<p><center><b>VENERDI<\/b><\/center>Residui tratti di sole e primi annuvolamenti, gi\u00e0 al mattino, ed entro le ore centrali il tempo sar\u00e0 all&#8217;insegna dell&#8217;instabilit\u00e0 con addensamenti cumuliformi spesso intensi associati a frequenti rovesci, anche temporaleschi. Temperature in diminuzione<\/p>\n<p>&nbsp;<\/p>\n<hr \/>\n<p>&nbsp;<\/p>\n<p class=\"mceTemp\"><a class=\"dt-pswp-item\" href=\"https:\/\/www.radiopiu.net\/wordpress\/wp-content\/uploads\/2018\/09\/sport.jpg\" data-dt-img-description=\"\" data-large_image_width=\"800\" data-large_image_height=\"100\"><img loading=\"lazy\" decoding=\"async\" class=\"aligncenter wp-image-60761 size-full\" src=\"https:\/\/www.radiopiu.net\/wordpress\/wp-content\/uploads\/2018\/09\/sport.jpg\" alt=\"\" width=\"800\" height=\"100\" srcset=\"https:\/\/www.radiopiu.net\/wordpress\/wp-content\/uploads\/2018\/09\/sport.jpg 800w, https:\/\/www.radiopiu.net\/wordpress\/wp-content\/uploads\/2018\/09\/sport-300x38.jpg 300w, https:\/\/www.radiopiu.net\/wordpress\/wp-content\/uploads\/2018\/09\/sport-768x96.jpg 768w\" sizes=\"auto, (max-width: 800px) 100vw, 800px\" \/> <\/a><\/p>\n<p class=\"mceTemp\"><span style=\"color: #0000ff;\"><strong>\u00a0 \u00a0 \u00a0 \u00a0 \u00a0 \u00a0 \u00a0 \u00a0<\/strong><\/span><\/p>\n<p><span style=\"color: #0000ff;\"><strong>HOCKEY SU GHIACCIO<\/strong><\/span><\/p>\n<blockquote>\n<h3>IL GIOVANE ATTACCANTE NICOLO&#8217; FONTANIVE NEL ROSTER DELL&#8217;ALLEGHE HOCKEY<\/h3>\n<\/blockquote>\n<p><strong><a class=\"dt-pswp-item\" href=\"https:\/\/www.radiopiu.net\/wordpress\/wp-content\/uploads\/2025\/07\/SCR-20250727-smwj.jpeg\" data-dt-img-description=\"\" data-large_image_width=\"1378\" data-large_image_height=\"972\"><img loading=\"lazy\" decoding=\"async\" class=\" wp-image-461599 alignleft\" src=\"https:\/\/www.radiopiu.net\/wordpress\/wp-content\/uploads\/2025\/07\/SCR-20250727-smwj-300x212.jpeg\" alt=\"\" width=\"219\" height=\"155\" srcset=\"https:\/\/www.radiopiu.net\/wordpress\/wp-content\/uploads\/2025\/07\/SCR-20250727-smwj-300x212.jpeg 300w, https:\/\/www.radiopiu.net\/wordpress\/wp-content\/uploads\/2025\/07\/SCR-20250727-smwj-1024x722.jpeg 1024w, https:\/\/www.radiopiu.net\/wordpress\/wp-content\/uploads\/2025\/07\/SCR-20250727-smwj-768x542.jpeg 768w, https:\/\/www.radiopiu.net\/wordpress\/wp-content\/uploads\/2025\/07\/SCR-20250727-smwj.jpeg 1378w\" sizes=\"auto, (max-width: 219px) 100vw, 219px\" \/><\/a>DI ROBERTO MIANA, PORTAVOCE DELL&#8217;ALLEGHE HOCKEY<\/strong><\/p>\n<p>La Societ\u00e0 Alleghe ha il piacere di confermare nel proprio roster il giovane Nicol\u00f2 Fontanive. Attaccante classe 2007 di Alleghe (compir\u00e0 18 anni il prossimo 30 agosto), studia all\u2019Istituto Minerario di Agordo e nel periodo estivo partecipa con passione al campionato agordino di calcio nelle file del Caprile. \u00c8 un prodotto del vivaio alleghese e, nonostante la giovane et\u00e0, si appresta ad affrontare la sua terza stagione in prima squadra nella quale ha gi\u00e0 collezionato 62 presenze impreziosite da 5 punti. Per Nicol\u00f2, al contempo, anche 10 reti e 19 assist in 38 gare disputate negli ultimi due campionati Under 19. Nik, cos\u00ec chiamato dagli amici, \u00e8 un ragazzo caratterialmente tranquillo ma decisamente competitivo sul rettangolo ghiacciato. Lavora molto per la squadra e pu\u00f2 essere definito una classica ala in grado di finalizzare il gioco. Da chi lo conosce bene viene descritto come un hockeista con ottimo potenziale in zona gol, il cosiddetto \u201cbraccio\u201d, che ha nel suo DNA il gol di rapina, ovvero la peculiarit\u00e0 di essere sempre al posto giusto nel momento giusto. Nicol\u00f2 \u00e8 anche figlio d\u2019arte: pap\u00e0 Fabrizio \u00e8 stato una colonna della squadra biancorossa tra gli anni Novanta e Duemila, vestendone la casacca per 17 stagioni con 657 presenze<\/p>\n<p>&nbsp;<\/p>\n<p><span style=\"color: #0000ff;\"><strong>MOUNTAIN BIKE<\/strong><\/span><\/p>\n<blockquote>\n<h3>ASTRID MIOLA TORNA A VINCERE: SUA LA &#8220;TROI TREK&#8221; DI POLCENIGO<\/h3>\n<\/blockquote>\n<p><strong><a class=\"dt-pswp-item\" href=\"https:\/\/www.radiopiu.net\/wordpress\/wp-content\/uploads\/2025\/07\/651f2560-d309-47ec-80e0-dd22f16f0747.jpg\" data-dt-img-description=\"\" data-large_image_width=\"1350\" data-large_image_height=\"900\"><img loading=\"lazy\" decoding=\"async\" class=\" wp-image-461779 alignleft\" src=\"https:\/\/www.radiopiu.net\/wordpress\/wp-content\/uploads\/2025\/07\/651f2560-d309-47ec-80e0-dd22f16f0747-300x200.jpg\" alt=\"\" width=\"155\" height=\"103\" srcset=\"https:\/\/www.radiopiu.net\/wordpress\/wp-content\/uploads\/2025\/07\/651f2560-d309-47ec-80e0-dd22f16f0747-300x200.jpg 300w, https:\/\/www.radiopiu.net\/wordpress\/wp-content\/uploads\/2025\/07\/651f2560-d309-47ec-80e0-dd22f16f0747-1024x683.jpg 1024w, https:\/\/www.radiopiu.net\/wordpress\/wp-content\/uploads\/2025\/07\/651f2560-d309-47ec-80e0-dd22f16f0747-768x512.jpg 768w, https:\/\/www.radiopiu.net\/wordpress\/wp-content\/uploads\/2025\/07\/651f2560-d309-47ec-80e0-dd22f16f0747.jpg 1350w\" sizes=\"auto, (max-width: 155px) 100vw, 155px\" \/><\/a>REDAZIONE\u00a0 <\/strong>Dopo un periodo complicato, Astrid Miola \u00e8 tornata in sella e lo ha fatto nel migliore dei modi: conquistando la vittoria nella granfondo nazionale di mountain bike &#8220;Troi Trek&#8221;, svoltasi a Polcenigo (PN). Una prestazione grintosa e determinata, che segna il ritorno alle gare dell\u2019atleta bellunese e rappresenta un\u2019importante iniezione di fiducia in vista del finale di stagione. L\u2019atleta ha voluto anche ringraziare chi le \u00e8 stato vicino nei momenti difficili: \u00abIl supporto ricevuto \u00e8 stato fondamentale, questa vittoria \u00e8 anche per loro.\u00bb Con la &#8220;Troi Trek&#8221;, Miola rilancia cos\u00ec le sue ambizioni per le ultime gare dell\u2019anno, pronta a chiudere la stagione con il sorriso e, perch\u00e9 no, con altri successi.<\/p>\n<p>&nbsp;<\/p>\n<p>&nbsp;<\/p>\n<blockquote class=\"wp-embedded-content\" data-secret=\"ep5xxhBpg4\"><p><a href=\"https:\/\/www.radiopiu.net\/wordpress\/campionato-agordino-show-2025-il-podcast\/\">CAMPIONATO AGORDINO SHOW 2025 &#8211; IL PODCAST<\/a><\/p><\/blockquote>\n<p><iframe loading=\"lazy\" class=\"wp-embedded-content\" sandbox=\"allow-scripts\" security=\"restricted\" style=\"position: absolute; visibility: hidden;\" title=\"&#8220;CAMPIONATO AGORDINO SHOW 2025 &#8211; IL PODCAST&#8221; &#8212; Radio Pi\u00f9\" src=\"https:\/\/www.radiopiu.net\/wordpress\/campionato-agordino-show-2025-il-podcast\/embed\/#?secret=jlkaCXnF6b#?secret=ep5xxhBpg4\" data-secret=\"ep5xxhBpg4\" width=\"600\" height=\"338\" frameborder=\"0\" marginwidth=\"0\" marginheight=\"0\" scrolling=\"no\"><\/iframe><\/p>\n<p>&nbsp;<\/p>\n<p>&nbsp;<\/p>\n<p>&nbsp;<\/p>\n<p>&nbsp;<\/p>\n<p>&nbsp;<\/p>\n","protected":false},"excerpt":{"rendered":"<p>******* &nbsp; LA\u00a0 APP PER IOS-IPHONE di Nicola Vettorello https:\/\/apps.apple.com\/it\/app\/radio-pi%C3%B9-emittente-agordina\/id1515939845 LA\u00a0 APP RADIO\u00a0 PER ANDROID di Nicola Vettorello https:\/\/play.google.com\/store\/apps\/details?id=net.radiopiu.iniko\u00a0\u00a0\u00a0\u00a0 &nbsp; ULTIM&#8217;ORA: 7.45 PIEVE DI CADORE Lieve scossa di terremoto, appena percettibile (1,3 della scala Richter) stamale alle 7.38 con epicento a Pieve di Cadore, profondit\u00e0 10 chilometri. Scossa non registrata dal sismografo di Agordo &nbsp;&hellip;<\/p>\n","protected":false},"author":4,"featured_media":461875,"comment_status":"closed","ping_status":"closed","sticky":false,"template":"","format":"standard","meta":{"_monsterinsights_skip_tracking":false,"_monsterinsights_sitenote_active":false,"_monsterinsights_sitenote_note":"","_monsterinsights_sitenote_category":0,"footnotes":""},"categories":[51,86,49],"tags":[],"class_list":["post-461651","post","type-post","status-publish","format-standard","has-post-thumbnail","hentry","category-evidenza-top","category-gr","category-news-18","category-51","category-86","category-49","description-off"],"img_url":"https:\/\/www.radiopiu.net\/wordpress\/wp-content\/uploads\/2025\/07\/Screenshot-2025-07-29-053232.png","_links":{"self":[{"href":"https:\/\/www.radiopiu.net\/wordpress\/wp-json\/wp\/v2\/posts\/461651","targetHints":{"allow":["GET"]}}],"collection":[{"href":"https:\/\/www.radiopiu.net\/wordpress\/wp-json\/wp\/v2\/posts"}],"about":[{"href":"https:\/\/www.radiopiu.net\/wordpress\/wp-json\/wp\/v2\/types\/post"}],"author":[{"embeddable":true,"href":"https:\/\/www.radiopiu.net\/wordpress\/wp-json\/wp\/v2\/users\/4"}],"replies":[{"embeddable":true,"href":"https:\/\/www.radiopiu.net\/wordpress\/wp-json\/wp\/v2\/comments?post=461651"}],"version-history":[{"count":53,"href":"https:\/\/www.radiopiu.net\/wordpress\/wp-json\/wp\/v2\/posts\/461651\/revisions"}],"predecessor-version":[{"id":461903,"href":"https:\/\/www.radiopiu.net\/wordpress\/wp-json\/wp\/v2\/posts\/461651\/revisions\/461903"}],"wp:featuredmedia":[{"embeddable":true,"href":"https:\/\/www.radiopiu.net\/wordpress\/wp-json\/wp\/v2\/media\/461875"}],"wp:attachment":[{"href":"https:\/\/www.radiopiu.net\/wordpress\/wp-json\/wp\/v2\/media?parent=461651"}],"wp:term":[{"taxonomy":"category","embeddable":true,"href":"https:\/\/www.radiopiu.net\/wordpress\/wp-json\/wp\/v2\/categories?post=461651"},{"taxonomy":"post_tag","embeddable":true,"href":"https:\/\/www.radiopiu.net\/wordpress\/wp-json\/wp\/v2\/tags?post=461651"}],"curies":[{"name":"wp","href":"https:\/\/api.w.org\/{rel}","templated":true}]}}