{"id":461666,"date":"2025-07-28T05:06:21","date_gmt":"2025-07-28T03:06:21","guid":{"rendered":"https:\/\/www.radiopiu.net\/wordpress\/?p=461666"},"modified":"2025-07-28T05:06:21","modified_gmt":"2025-07-28T03:06:21","slug":"l-isola-pedonale-ad-alleghe","status":"publish","type":"post","link":"https:\/\/www.radiopiu.net\/wordpress\/l-isola-pedonale-ad-alleghe\/","title":{"rendered":"L&#8217; ISOLA PEDONALE AD ALLEGHE"},"content":{"rendered":"<p>**<\/p>\n<blockquote>\n<h2><\/h2>\n<\/blockquote>\n<p data-start=\"82\" data-end=\"364\"><strong>ALLEGHE<\/strong> \u201cUna piazza pi\u00f9 umana, senza macchine.\u201d Cos\u00ec l\u2019amico Amedeo Franceschini riassume in poche parole un sentimento condiviso da molti: il desiderio di vedere Piazza Kenney liberata dalle auto, restituita alla comunit\u00e0 come luogo di incontro, di passeggio, di socialit\u00e0. \u00a0Con sempre pi\u00f9 centri storici in Italia e in Europa che scelgono di limitare o vietare il traffico veicolare nelle piazze centrali, anche Alleghe si interroga sul futuro del suo cuore urbano. Non si tratta solo di estetica \u2013 anche se la vista sgombra della chiesa, vale da sola la scelta \u2013 ma soprattutto di qualit\u00e0 della vita. Meno traffico significa meno rumore, meno inquinamento, pi\u00f9 spazio per i bambini che giocano, per chi si incontra a chiacchierare, per chi sceglie di vivere la citt\u00e0 a piedi. Un cambiamento che richiede coraggio, visione, dialogo con i cittadini e soluzioni alternative per la mobilit\u00e0 e la sosta. Ma l\u2019obiettivo \u00e8 chiaro: rendere la piazza non solo uno spazio da attraversare, ma da vivere. Perch\u00e9 una piazza senza auto \u00e8 una piazza che respira, accoglie, racconta. Ed \u00e8 pi\u00f9 umana, come dice Amedeo.<\/p>\n\n\t\t\t<style type='text\/css'>\n\t\t\t\t#gallery-1 {\n\t\t\t\t\tmargin: auto;\n\t\t\t\t}\n\t\t\t\t#gallery-1 .gallery-item {\n\t\t\t\t\tfloat: left;\n\t\t\t\t\tmargin-top: 10px;\n\t\t\t\t\ttext-align: center;\n\t\t\t\t\twidth: 50%;\n\t\t\t\t}\n\t\t\t\t#gallery-1 img {\n\t\t\t\t\tborder: 2px solid #cfcfcf;\n\t\t\t\t}\n\t\t\t\t#gallery-1 .gallery-caption {\n\t\t\t\t\tmargin-left: 0;\n\t\t\t\t}\n\t\t\t\t\/* see gallery_shortcode() in wp-includes\/media.php *\/\n\t\t\t<\/style>\n\t\t<div id='gallery-1' class='dt-gallery-container gallery galleryid-461666 gallery-columns-2 gallery-size-thumbnail'><dl class='gallery-item'>\n\t\t\t\t<dt class='gallery-icon landscape'>\n\t\t\t\t\t<a class=\"rollover rollover-zoom dt-pswp-item\" title=\"Immagine WhatsApp 2025-07-25 ore 17.56.08_27c92939\" data-dt-img-description=\"\" data-large_image_width=\"1600\" data-large_image_height=\"1196\"href='https:\/\/www.radiopiu.net\/wordpress\/wp-content\/uploads\/2025\/07\/Immagine-WhatsApp-2025-07-25-ore-17.56.08_27c92939.jpg'><img loading=\"lazy\" decoding=\"async\" width=\"150\" height=\"150\" src=\"https:\/\/www.radiopiu.net\/wordpress\/wp-content\/uploads\/2025\/07\/Immagine-WhatsApp-2025-07-25-ore-17.56.08_27c92939-150x150.jpg\" class=\"attachment-thumbnail size-thumbnail\" alt=\"\" \/><\/a>\n\t\t\t\t<\/dt><\/dl><dl class='gallery-item'>\n\t\t\t\t<dt class='gallery-icon landscape'>\n\t\t\t\t\t<a class=\"rollover rollover-zoom dt-pswp-item\" title=\"Immagine WhatsApp 2025-07-25 ore 17.56.08_5d891af7\" data-dt-img-description=\"\" data-large_image_width=\"1600\" data-large_image_height=\"1196\"href='https:\/\/www.radiopiu.net\/wordpress\/wp-content\/uploads\/2025\/07\/Immagine-WhatsApp-2025-07-25-ore-17.56.08_5d891af7.jpg'><img loading=\"lazy\" decoding=\"async\" width=\"150\" height=\"150\" src=\"https:\/\/www.radiopiu.net\/wordpress\/wp-content\/uploads\/2025\/07\/Immagine-WhatsApp-2025-07-25-ore-17.56.08_5d891af7-150x150.jpg\" class=\"attachment-thumbnail size-thumbnail\" alt=\"\" \/><\/a>\n\t\t\t\t<\/dt><\/dl><br style=\"clear: both\" \/>\n\t\t\t<\/div>\n\n<hr \/>\n<p>&nbsp;<\/p>\n","protected":false},"excerpt":{"rendered":"<p>** ALLEGHE \u201cUna piazza pi\u00f9 umana, senza macchine.\u201d Cos\u00ec l\u2019amico Amedeo Franceschini riassume in poche parole un sentimento condiviso da molti: il desiderio di vedere Piazza Kenney liberata dalle auto, restituita alla comunit\u00e0 come luogo di incontro, di passeggio, di socialit\u00e0. \u00a0Con sempre pi\u00f9 centri storici in Italia e in Europa che scelgono di limitare&hellip;<\/p>\n","protected":false},"author":4,"featured_media":461663,"comment_status":"closed","ping_status":"closed","sticky":false,"template":"","format":"standard","meta":{"_monsterinsights_skip_tracking":false,"_monsterinsights_sitenote_active":false,"_monsterinsights_sitenote_note":"","_monsterinsights_sitenote_category":0,"footnotes":""},"categories":[51,49],"tags":[],"class_list":["post-461666","post","type-post","status-publish","format-standard","has-post-thumbnail","hentry","category-evidenza-top","category-news-18","category-51","category-49","description-off"],"img_url":"https:\/\/www.radiopiu.net\/wordpress\/wp-content\/uploads\/2025\/07\/Immagine-WhatsApp-2025-07-25-ore-17.56.08_5d891af7.jpg","_links":{"self":[{"href":"https:\/\/www.radiopiu.net\/wordpress\/wp-json\/wp\/v2\/posts\/461666","targetHints":{"allow":["GET"]}}],"collection":[{"href":"https:\/\/www.radiopiu.net\/wordpress\/wp-json\/wp\/v2\/posts"}],"about":[{"href":"https:\/\/www.radiopiu.net\/wordpress\/wp-json\/wp\/v2\/types\/post"}],"author":[{"embeddable":true,"href":"https:\/\/www.radiopiu.net\/wordpress\/wp-json\/wp\/v2\/users\/4"}],"replies":[{"embeddable":true,"href":"https:\/\/www.radiopiu.net\/wordpress\/wp-json\/wp\/v2\/comments?post=461666"}],"version-history":[{"count":1,"href":"https:\/\/www.radiopiu.net\/wordpress\/wp-json\/wp\/v2\/posts\/461666\/revisions"}],"predecessor-version":[{"id":461667,"href":"https:\/\/www.radiopiu.net\/wordpress\/wp-json\/wp\/v2\/posts\/461666\/revisions\/461667"}],"wp:featuredmedia":[{"embeddable":true,"href":"https:\/\/www.radiopiu.net\/wordpress\/wp-json\/wp\/v2\/media\/461663"}],"wp:attachment":[{"href":"https:\/\/www.radiopiu.net\/wordpress\/wp-json\/wp\/v2\/media?parent=461666"}],"wp:term":[{"taxonomy":"category","embeddable":true,"href":"https:\/\/www.radiopiu.net\/wordpress\/wp-json\/wp\/v2\/categories?post=461666"},{"taxonomy":"post_tag","embeddable":true,"href":"https:\/\/www.radiopiu.net\/wordpress\/wp-json\/wp\/v2\/tags?post=461666"}],"curies":[{"name":"wp","href":"https:\/\/api.w.org\/{rel}","templated":true}]}}