{"id":461769,"date":"2025-07-31T00:45:44","date_gmt":"2025-07-30T22:45:44","guid":{"rendered":"https:\/\/www.radiopiu.net\/wordpress\/?p=461769"},"modified":"2025-07-31T05:45:59","modified_gmt":"2025-07-31T03:45:59","slug":"al-centro-minerario-di-valle-imperina-la-storia-dei-neri-fantasmi-di-marcinelle","status":"publish","type":"post","link":"https:\/\/www.radiopiu.net\/wordpress\/al-centro-minerario-di-valle-imperina-la-storia-dei-neri-fantasmi-di-marcinelle\/","title":{"rendered":"AL CENTRO MINERARIO DI VALLE IMPERINA LA STORIA DEI \u201cNERI FANTASMI DI MARCINELLE\u201d"},"content":{"rendered":"<p>********<\/p>\n<p>&nbsp;<\/p>\n<p><strong><a class=\"dt-pswp-item\" href=\"https:\/\/www.radiopiu.net\/wordpress\/wp-content\/uploads\/2025\/07\/OIEUD-NLJH.jpg\" data-dt-img-description=\"\" data-large_image_width=\"474\" data-large_image_height=\"677\"><img loading=\"lazy\" decoding=\"async\" class=\" wp-image-461770 alignleft\" src=\"https:\/\/www.radiopiu.net\/wordpress\/wp-content\/uploads\/2025\/07\/OIEUD-NLJH-210x300.jpg\" alt=\"\" width=\"160\" height=\"229\" srcset=\"https:\/\/www.radiopiu.net\/wordpress\/wp-content\/uploads\/2025\/07\/OIEUD-NLJH-210x300.jpg 210w, https:\/\/www.radiopiu.net\/wordpress\/wp-content\/uploads\/2025\/07\/OIEUD-NLJH.jpg 474w\" sizes=\"auto, (max-width: 160px) 100vw, 160px\" \/><\/a>RIVAMONTE <\/strong>All\u2019indomani della Seconda guerra mondiale, centinaia di agordini partirono per il Belgio, allora noto come il \u201cPaese nero\u201d. Molti trovarono impiego nelle miniere, in condizioni durissime. Le famiglie agordine si stabilirono principalmente nella zona di Mons, in particolare a Boussu Bois, localit\u00e0 che ancora oggi evoca ricordi vivi \u2013 spesso dolorosi \u2013 in chi visse quella stagione. Sabato 2 agosto, alle ore 17.00, questo importante capitolo dell\u2019emigrazione bellunese sar\u00e0 rievocato nel centro minerario di Valle Imperina, luogo simbolico scelto non a caso. L\u2019incontro \u00e8 promosso dal Comune di Rivamonte, dall\u2019Associazione Bellunesi nel Mondo (ABM) e dalla Famiglia degli ex emigranti dell\u2019Agordino. Dopo i saluti istituzionali, interverr\u00e0 lo storico Egidio Pasuch, autore del libro <em data-start=\"873\" data-end=\"960\">I neri fantasmi di Marcinelle. Storia (e storie) dell\u2019emigrazione bellunese in Belgio<\/em>. L\u2019introduzione sar\u00e0 affidata al professor Gian Pietro Zanin. La scelta di Valle Imperina, oltre al forte valore simbolico, segna anche la conclusione di un ciclo di circa trenta presentazioni svoltesi in tutta la provincia. Proprio in questo centro minerario, tra qualche settimana, sar\u00e0 presentato anche il nuovo libro di Pasuch, ideale prosecuzione del precedente, dedicato alla silicosi nelle montagne venete. Tra le storie rievocate, un posto speciale \u00e8 occupato da quella di Armando Casera, minatore agordino e figura di spicco del sindacalismo in Belgio. Casera si batt\u00e9 con determinazione per migliorare le condizioni di sicurezza nei luoghi di lavoro e fu promotore, nel 1966 a Mons, della nascita di una delle prime Famiglie di Emigranti, tra le prime a ricevere il gonfalone della Provincia di Belluno. Non si possono dimenticare i molti agordini che persero la vita nelle miniere belghe, soprattutto a Boussu Bois, localit\u00e0 visitata anche dall\u2019allora parroco di Frassen\u00e8, don Giosu\u00e8 Fagherazzi, che raccont\u00f2 la sua esperienza in un opuscolo. <em data-start=\"2019\" data-end=\"2050\">I neri fantasmi di Marcinelle<\/em>, pubblicato dall\u2019Associazione Bellunesi nel Mondo, ha riscosso grande interesse e ha gi\u00e0 richiesto pi\u00f9 ristampe nel primo anno di pubblicazione: segno evidente di una memoria ancora viva nel cuore della comunit\u00e0 bellunese.<\/p>\n<p>&nbsp;<\/p>\n<p>&nbsp;<\/p>\n<p>&nbsp;<\/p>\n<p>**********<\/p>\n","protected":false},"excerpt":{"rendered":"<p>******** &nbsp; RIVAMONTE All\u2019indomani della Seconda guerra mondiale, centinaia di agordini partirono per il Belgio, allora noto come il \u201cPaese nero\u201d. Molti trovarono impiego nelle miniere, in condizioni durissime. Le famiglie agordine si stabilirono principalmente nella zona di Mons, in particolare a Boussu Bois, localit\u00e0 che ancora oggi evoca ricordi vivi \u2013 spesso dolorosi \u2013&hellip;<\/p>\n","protected":false},"author":4,"featured_media":461770,"comment_status":"closed","ping_status":"closed","sticky":false,"template":"","format":"standard","meta":{"_monsterinsights_skip_tracking":false,"_monsterinsights_sitenote_active":false,"_monsterinsights_sitenote_note":"","_monsterinsights_sitenote_category":0,"footnotes":""},"categories":[104,49],"tags":[],"class_list":["post-461769","post","type-post","status-publish","format-standard","has-post-thumbnail","hentry","category-evidenza_3","category-news-18","category-104","category-49","description-off"],"img_url":"https:\/\/www.radiopiu.net\/wordpress\/wp-content\/uploads\/2025\/07\/OIEUD-NLJH.jpg","_links":{"self":[{"href":"https:\/\/www.radiopiu.net\/wordpress\/wp-json\/wp\/v2\/posts\/461769","targetHints":{"allow":["GET"]}}],"collection":[{"href":"https:\/\/www.radiopiu.net\/wordpress\/wp-json\/wp\/v2\/posts"}],"about":[{"href":"https:\/\/www.radiopiu.net\/wordpress\/wp-json\/wp\/v2\/types\/post"}],"author":[{"embeddable":true,"href":"https:\/\/www.radiopiu.net\/wordpress\/wp-json\/wp\/v2\/users\/4"}],"replies":[{"embeddable":true,"href":"https:\/\/www.radiopiu.net\/wordpress\/wp-json\/wp\/v2\/comments?post=461769"}],"version-history":[{"count":1,"href":"https:\/\/www.radiopiu.net\/wordpress\/wp-json\/wp\/v2\/posts\/461769\/revisions"}],"predecessor-version":[{"id":461771,"href":"https:\/\/www.radiopiu.net\/wordpress\/wp-json\/wp\/v2\/posts\/461769\/revisions\/461771"}],"wp:featuredmedia":[{"embeddable":true,"href":"https:\/\/www.radiopiu.net\/wordpress\/wp-json\/wp\/v2\/media\/461770"}],"wp:attachment":[{"href":"https:\/\/www.radiopiu.net\/wordpress\/wp-json\/wp\/v2\/media?parent=461769"}],"wp:term":[{"taxonomy":"category","embeddable":true,"href":"https:\/\/www.radiopiu.net\/wordpress\/wp-json\/wp\/v2\/categories?post=461769"},{"taxonomy":"post_tag","embeddable":true,"href":"https:\/\/www.radiopiu.net\/wordpress\/wp-json\/wp\/v2\/tags?post=461769"}],"curies":[{"name":"wp","href":"https:\/\/api.w.org\/{rel}","templated":true}]}}