{"id":461856,"date":"2025-07-30T05:45:06","date_gmt":"2025-07-30T03:45:06","guid":{"rendered":"https:\/\/www.radiopiu.net\/wordpress\/?p=461856"},"modified":"2025-07-30T07:59:08","modified_gmt":"2025-07-30T05:59:08","slug":"giornale-radiopiu-30-luglio-2025-direttore-mirko-mezzacasa","status":"publish","type":"post","link":"https:\/\/www.radiopiu.net\/wordpress\/giornale-radiopiu-30-luglio-2025-direttore-mirko-mezzacasa\/","title":{"rendered":"GIORNALE RADIOPIU 30 LUGLIO 2025 DIRETTORE MIRKO MEZZACASA"},"content":{"rendered":"<p>*******<\/p>\n<p>&nbsp;<\/p>\n<p><em><span style=\"color: #ff0000;\"><a class=\"dt-pswp-item\" href=\"https:\/\/www.radiopiu.net\/wordpress\/wp-content\/uploads\/2024\/10\/Senza-nome-8.png\" data-dt-img-description=\"\" data-large_image_width=\"343\" data-large_image_height=\"303\"><img loading=\"lazy\" decoding=\"async\" class=\"wp-image-412130 alignleft\" src=\"https:\/\/www.radiopiu.net\/wordpress\/wp-content\/uploads\/2024\/10\/Senza-nome-8-300x265.png\" alt=\"\" width=\"105\" height=\"93\" srcset=\"https:\/\/www.radiopiu.net\/wordpress\/wp-content\/uploads\/2024\/10\/Senza-nome-8-300x265.png 300w, https:\/\/www.radiopiu.net\/wordpress\/wp-content\/uploads\/2024\/10\/Senza-nome-8.png 343w\" sizes=\"auto, (max-width: 105px) 100vw, 105px\" \/><\/a><\/span><\/em><strong><em><span style=\"color: #ff0000;\"> LA\u00a0 APP PER IOS-IPHONE di Nicola Vettorello<\/span><\/em><\/strong><\/p>\n<p><strong><span style=\"color: #0000ff;\"><a style=\"color: #0000ff;\" href=\"https:\/\/apps.apple.com\/it\/app\/radio-pi%C3%B9-emittente-agordina\/id1515939845\">https:\/\/apps.apple.com\/it\/app\/radio-pi%C3%B9-emittente-agordina\/id1515939845<\/a><\/span><\/strong><\/p>\n<p><strong><em style=\"color: #ff0000;\">LA\u00a0 APP RADIO\u00a0 PER ANDROID di Nicola Vettorello<\/em><\/strong><\/p>\n<p><strong><span style=\"color: #0000ff;\"><a style=\"color: #0000ff;\" href=\"https:\/\/play.google.com\/store\/apps\/details?id=net.radiopiu.iniko\" target=\"_blank\" rel=\"noopener noreferrer\">https:\/\/<\/a><a style=\"color: #0000ff;\" href=\"https:\/\/play.google.com\/store\/apps\/details?id=net.radiopiu.iniko\" target=\"_blank\" rel=\"noopener noreferrer\">play.google.com\/store\/apps\/details?id=net.radiopiu.iniko\u00a0\u00a0\u00a0\u00a0<\/a><\/span><\/strong><\/p>\n<p>&nbsp;<\/p>\n<p>&nbsp;<\/p>\n<p>&nbsp;<\/p>\n<hr \/>\n<p><span style=\"color: #0000ff;\">\u00a0<\/span><\/p>\n<p>&nbsp;<\/p>\n<blockquote>\n<h1 data-start=\"0\" data-end=\"60\"><strong data-start=\"0\" data-end=\"60\">OGGI SU RADIOPI\u00d9: MUSICA, informazione\u00a0 e dirette\u00a0<\/strong><\/h1>\n<\/blockquote>\n<p class=\"\" data-start=\"62\" data-end=\"463\"><strong><a class=\"dt-pswp-item\" href=\"https:\/\/www.radiopiu.net\/wordpress\/wp-content\/uploads\/2025\/07\/MADONA-DE-LA-NEIF-2025.jpg\" data-dt-img-description=\"\" data-large_image_width=\"658\" data-large_image_height=\"861\"><img loading=\"lazy\" decoding=\"async\" class=\" wp-image-461022 alignleft\" src=\"https:\/\/www.radiopiu.net\/wordpress\/wp-content\/uploads\/2025\/07\/MADONA-DE-LA-NEIF-2025-229x300.jpg\" alt=\"\" width=\"129\" height=\"169\" srcset=\"https:\/\/www.radiopiu.net\/wordpress\/wp-content\/uploads\/2025\/07\/MADONA-DE-LA-NEIF-2025-229x300.jpg 229w, https:\/\/www.radiopiu.net\/wordpress\/wp-content\/uploads\/2025\/07\/MADONA-DE-LA-NEIF-2025.jpg 658w\" sizes=\"auto, (max-width: 129px) 100vw, 129px\" \/><\/a>ALLE 8.05 LA RASSEGNA STAMPA LOCALE 8.25\u00a0 PIU SIAMO 9.00 CORRADO DE ROCCO-ATLETICA VALZOLDANA PRESENTA LA SGAMBADA IN PROGRAMMA DOMENICA A PRALONGO 10.10 S0FIA PIERINI, COMMISSARIO PRESSO LA QUESTURA DI BELLUNO OSPITE DI RADIO PIU, LA POLIZIA CONTRO LE TRUFFE 10.30\u00a0 MADONA DE LA NEIF 2025 IN STUDIO RICCARDO RDJ E LA PRESIDENTE DELLA PROLOCO FEDERICA MEZZACASA\u00a0 11.00 TRE PEZZI, IL PROGRAMMA DI MARINA 12.00 IL LISCIO DI MIRCO BENCIVENNI 12.30 GR PRINCIPALE 13 10\u00a0 TRE PER DUE PER TE\u00a0 \u00a013.20 COLLAGE OPERAZIONE NOSTALGIA, LORIS SCUSSEL 1400\u00a0 BATTI CINQUE IL PROGRAMMA CHE UNISCE LE GENERAZIONI CON ALESSIO E MARINA 15.10 LA CLASSIFICA DI RADIOPIU QUELLA UFFICIALE CON MARCO GAZ\u00a0 16 45 LE HIT STORICHE DI MIRCO BENCIVENNI 19.05 LE ANTICIPAZIONI DAL TG DI ANTENNA 3 DA UN\u2019IDEA DI TIZIANA BOLOGNANI 1920\u00a0 \u00a0<\/strong><\/p>\n\n\t\t\t<style type='text\/css'>\n\t\t\t\t#gallery-1 {\n\t\t\t\t\tmargin: auto;\n\t\t\t\t}\n\t\t\t\t#gallery-1 .gallery-item {\n\t\t\t\t\tfloat: left;\n\t\t\t\t\tmargin-top: 10px;\n\t\t\t\t\ttext-align: center;\n\t\t\t\t\twidth: 50%;\n\t\t\t\t}\n\t\t\t\t#gallery-1 img {\n\t\t\t\t\tborder: 2px solid #cfcfcf;\n\t\t\t\t}\n\t\t\t\t#gallery-1 .gallery-caption {\n\t\t\t\t\tmargin-left: 0;\n\t\t\t\t}\n\t\t\t\t\/* see gallery_shortcode() in wp-includes\/media.php *\/\n\t\t\t<\/style>\n\t\t<div id='gallery-1' class='dt-gallery-container gallery galleryid-461856 gallery-columns-2 gallery-size-medium'><dl class='gallery-item'>\n\t\t\t\t<dt class='gallery-icon landscape'>\n\t\t\t\t\t<a class=\"rollover rollover-zoom dt-pswp-item\" title=\"258112e7-b68e-4ea4-856f-3dc233408e46\" data-dt-img-description=\"\" data-large_image_width=\"1599\" data-large_image_height=\"1200\"href='https:\/\/www.radiopiu.net\/wordpress\/wp-content\/uploads\/2025\/07\/258112e7-b68e-4ea4-856f-3dc233408e46.jpg'><img loading=\"lazy\" decoding=\"async\" width=\"300\" height=\"225\" src=\"https:\/\/www.radiopiu.net\/wordpress\/wp-content\/uploads\/2025\/07\/258112e7-b68e-4ea4-856f-3dc233408e46-300x225.jpg\" class=\"attachment-medium size-medium\" alt=\"\" srcset=\"https:\/\/www.radiopiu.net\/wordpress\/wp-content\/uploads\/2025\/07\/258112e7-b68e-4ea4-856f-3dc233408e46-300x225.jpg 300w, https:\/\/www.radiopiu.net\/wordpress\/wp-content\/uploads\/2025\/07\/258112e7-b68e-4ea4-856f-3dc233408e46-1024x768.jpg 1024w, https:\/\/www.radiopiu.net\/wordpress\/wp-content\/uploads\/2025\/07\/258112e7-b68e-4ea4-856f-3dc233408e46-768x576.jpg 768w, https:\/\/www.radiopiu.net\/wordpress\/wp-content\/uploads\/2025\/07\/258112e7-b68e-4ea4-856f-3dc233408e46-1536x1153.jpg 1536w, https:\/\/www.radiopiu.net\/wordpress\/wp-content\/uploads\/2025\/07\/258112e7-b68e-4ea4-856f-3dc233408e46.jpg 1599w\" sizes=\"auto, (max-width: 300px) 100vw, 300px\" \/><\/a>\n\t\t\t\t<\/dt><\/dl><dl class='gallery-item'>\n\t\t\t\t<dt class='gallery-icon landscape'>\n\t\t\t\t\t<a class=\"rollover rollover-zoom dt-pswp-item\" title=\"59852963-ca85-4c32-bd17-ac336fb0bdba\" data-dt-img-description=\"\" data-large_image_width=\"1599\" data-large_image_height=\"1200\"href='https:\/\/www.radiopiu.net\/wordpress\/wp-content\/uploads\/2025\/07\/59852963-ca85-4c32-bd17-ac336fb0bdba.jpg'><img loading=\"lazy\" decoding=\"async\" width=\"300\" height=\"225\" src=\"https:\/\/www.radiopiu.net\/wordpress\/wp-content\/uploads\/2025\/07\/59852963-ca85-4c32-bd17-ac336fb0bdba-300x225.jpg\" class=\"attachment-medium size-medium\" alt=\"\" srcset=\"https:\/\/www.radiopiu.net\/wordpress\/wp-content\/uploads\/2025\/07\/59852963-ca85-4c32-bd17-ac336fb0bdba-300x225.jpg 300w, https:\/\/www.radiopiu.net\/wordpress\/wp-content\/uploads\/2025\/07\/59852963-ca85-4c32-bd17-ac336fb0bdba-1024x768.jpg 1024w, https:\/\/www.radiopiu.net\/wordpress\/wp-content\/uploads\/2025\/07\/59852963-ca85-4c32-bd17-ac336fb0bdba-768x576.jpg 768w, https:\/\/www.radiopiu.net\/wordpress\/wp-content\/uploads\/2025\/07\/59852963-ca85-4c32-bd17-ac336fb0bdba-1536x1153.jpg 1536w, https:\/\/www.radiopiu.net\/wordpress\/wp-content\/uploads\/2025\/07\/59852963-ca85-4c32-bd17-ac336fb0bdba.jpg 1599w\" sizes=\"auto, (max-width: 300px) 100vw, 300px\" \/><\/a>\n\t\t\t\t<\/dt><\/dl><br style=\"clear: both\" \/>\n\t\t\t<\/div>\n\n<p data-start=\"62\" data-end=\"463\"><strong>QUESTA SERA: DALLE 20.30 DIRETTA DA PIAZZA LIBERTA&#8217;. MINIERE SUNSET, L&#8217;ULTIMA SERATA. CON MARINA DONA&#8217;, FRANCESCO TOME&#8217;, GIANFRANCO TOME&#8217;. DIRETTA DAL CAFFE&#8217; MINIERE\u00a0 IL BAR DELLA PIAZZA. IERI SERA LA PRESENTAZIONE NEGLI STUDI DI RADIOPIU CON MARCO GAZ, MARINA DONA&#8217;, MAX DEL LARESEI (e Mara) IVAN IL BIONDO, DJ BATTAGLIA DJ JACK<\/strong><\/p>\n<p>&nbsp;<\/p>\n<p><iframe loading=\"lazy\" style=\"border: none; overflow: hidden;\" src=\"https:\/\/www.facebook.com\/plugins\/video.php?height=314&amp;href=https%3A%2F%2Fwww.facebook.com%2Fradiopiu%2Fvideos%2F1265370131726456%2F&amp;show_text=false&amp;width=560&amp;t=0\" width=\"560\" height=\"314\" frameborder=\"0\" scrolling=\"no\" allowfullscreen=\"allowfullscreen\"><\/iframe><\/p>\n<p>&nbsp;<\/p>\n<hr \/>\n<p>&nbsp;<\/p>\n<p>&nbsp;<\/p>\n<div class=\"x11i5rnm xat24cr x1mh8g0r x1vvkbs xtlvy1s x126k92a\">\n<div dir=\"auto\">\n<div dir=\"auto\">\n<p><strong><a class=\"dt-pswp-item\" href=\"https:\/\/www.radiopiu.net\/wordpress\/wp-content\/uploads\/2025\/07\/file-2.jpg\" data-dt-img-description=\"\" data-large_image_width=\"640\" data-large_image_height=\"641\"><img loading=\"lazy\" decoding=\"async\" class=\"wp-image-460616 alignleft\" src=\"https:\/\/www.radiopiu.net\/wordpress\/wp-content\/uploads\/2025\/07\/file-2-300x300.jpg\" alt=\"\" width=\"141\" height=\"141\" srcset=\"https:\/\/www.radiopiu.net\/wordpress\/wp-content\/uploads\/2025\/07\/file-2-300x300.jpg 300w, https:\/\/www.radiopiu.net\/wordpress\/wp-content\/uploads\/2025\/07\/file-2-150x150.jpg 150w, https:\/\/www.radiopiu.net\/wordpress\/wp-content\/uploads\/2025\/07\/file-2.jpg 640w\" sizes=\"auto, (max-width: 141px) 100vw, 141px\" \/><\/a>EL BAL DEL FIOR, DI GIULIANA DA RONCH, 30 LUGLIO<\/strong><strong>\u00a02025<\/strong><\/p>\n<\/div>\n<\/div>\n<div dir=\"auto\">\n<div dir=\"auto\">\n<p>&nbsp;<\/p>\n<p>&nbsp;<\/p>\n<audio class=\"wp-audio-shortcode\" id=\"audio-461856-1\" preload=\"none\" style=\"width: 100%;\" controls=\"controls\"><source type=\"audio\/mpeg\" src=\"https:\/\/www.radiopiu.net\/wordpress\/wp-content\/uploads\/2025\/07\/GME-4.mp3?_=1\" \/><a href=\"https:\/\/www.radiopiu.net\/wordpress\/wp-content\/uploads\/2025\/07\/GME-4.mp3\">https:\/\/www.radiopiu.net\/wordpress\/wp-content\/uploads\/2025\/07\/GME-4.mp3<\/a><\/audio>\n<p>&nbsp;<\/p>\n<hr \/>\n<p>&nbsp;<\/p>\n<p>&nbsp;<\/p>\n<\/div>\n<\/div>\n<\/div>\n<div class=\"x11i5rnm xat24cr x1mh8g0r x1vvkbs xtlvy1s x126k92a\">\n<blockquote>\n<h1><strong><a class=\"dt-pswp-item\" href=\"https:\/\/www.radiopiu.net\/wordpress\/wp-content\/uploads\/2024\/10\/629301fd-708d-4f53-95c2-d28cbefd500f.jpg\" data-dt-img-description=\"\" data-large_image_width=\"1600\" data-large_image_height=\"1322\"><img loading=\"lazy\" decoding=\"async\" class=\"wp-image-413782 alignright\" src=\"https:\/\/www.radiopiu.net\/wordpress\/wp-content\/uploads\/2024\/10\/629301fd-708d-4f53-95c2-d28cbefd500f-300x248.jpg\" alt=\"\" width=\"106\" height=\"88\" srcset=\"https:\/\/www.radiopiu.net\/wordpress\/wp-content\/uploads\/2024\/10\/629301fd-708d-4f53-95c2-d28cbefd500f-300x248.jpg 300w, https:\/\/www.radiopiu.net\/wordpress\/wp-content\/uploads\/2024\/10\/629301fd-708d-4f53-95c2-d28cbefd500f-1024x846.jpg 1024w, https:\/\/www.radiopiu.net\/wordpress\/wp-content\/uploads\/2024\/10\/629301fd-708d-4f53-95c2-d28cbefd500f-768x635.jpg 768w, https:\/\/www.radiopiu.net\/wordpress\/wp-content\/uploads\/2024\/10\/629301fd-708d-4f53-95c2-d28cbefd500f-1536x1269.jpg 1536w, https:\/\/www.radiopiu.net\/wordpress\/wp-content\/uploads\/2024\/10\/629301fd-708d-4f53-95c2-d28cbefd500f.jpg 1600w\" sizes=\"auto, (max-width: 106px) 100vw, 106px\" \/><\/a><\/strong><\/h1>\n<h1><strong><a class=\"dt-pswp-item\" href=\"https:\/\/www.radiopiu.net\/wordpress\/wp-content\/uploads\/2024\/11\/th-18.jpg\" data-dt-img-description=\"\" data-large_image_width=\"156\" data-large_image_height=\"180\"><img loading=\"lazy\" decoding=\"async\" class=\"size-full wp-image-421611 alignleft\" src=\"https:\/\/www.radiopiu.net\/wordpress\/wp-content\/uploads\/2024\/11\/th-18.jpg\" alt=\"\" width=\"156\" height=\"180\" \/><\/a><\/strong><\/h1>\n<h1><strong>N di parom &#8211; L Almanach de la nosta jent<\/strong><\/h1>\n<\/blockquote>\n<p>&nbsp;<\/p>\n<p>Le voci: Davide Conedera, Agordo, Michela Dell&#8217;Osbel, La Valle Agordina Simone Ganz, Falcade Veronica Lezuo, Colle Santa Lucia. La voce nella sigla \u00e8 di Giorgia Taio<\/p>\n<p><strong>LA PUNTATA DI OGGI, 30<\/strong><strong>\u00a0LUGLIO 2025<\/strong><\/p>\n<p>&nbsp;<\/p>\n<audio class=\"wp-audio-shortcode\" id=\"audio-461856-2\" preload=\"none\" style=\"width: 100%;\" controls=\"controls\"><source type=\"audio\/mpeg\" src=\"https:\/\/www.radiopiu.net\/wordpress\/wp-content\/uploads\/2025\/07\/AL3-5.mp3?_=2\" \/><a href=\"https:\/\/www.radiopiu.net\/wordpress\/wp-content\/uploads\/2025\/07\/AL3-5.mp3\">https:\/\/www.radiopiu.net\/wordpress\/wp-content\/uploads\/2025\/07\/AL3-5.mp3<\/a><\/audio>\n<p>&nbsp;<\/p>\n<\/div>\n<div class=\"x11i5rnm xat24cr x1mh8g0r x1vvkbs xtlvy1s x126k92a\">\n<div dir=\"auto\">\n<hr \/>\n<\/div>\n<\/div>\n<blockquote>\n<blockquote>\n<h1><span style=\"color: #ff0000;\">\u00a0<\/span><\/h1>\n<h1><span style=\"color: #ff0000;\">I podcast informativi del mattino &#8211; audio &#8211;\u00a0\u00a0<\/span><\/h1>\n<\/blockquote>\n<p><strong><a class=\"dt-pswp-item\" href=\"https:\/\/www.radiopiu.net\/wordpress\/wp-content\/uploads\/2024\/11\/6.jpg\" data-dt-img-description=\"\" data-large_image_width=\"177\" data-large_image_height=\"180\"><img loading=\"lazy\" decoding=\"async\" class=\"size-full wp-image-417911 alignleft\" src=\"https:\/\/www.radiopiu.net\/wordpress\/wp-content\/uploads\/2024\/11\/6.jpg\" alt=\"\" width=\"177\" height=\"180\" \/><\/a>LA RASSEGNA STAMPA NAZIONALE ALLA RADIO, OGNI GIORNO ALLE 5 E ALLE 6 DEL MATTINO <span style=\"color: #0000ff;\">viene pubblicata alle 6.00 <span style=\"color: #ff0000;\">DIRETTA RADIO\u00a0 \u00a0\u00a0<\/span><\/span><\/strong><\/p><\/blockquote>\n<p>&nbsp;<\/p>\n<p><strong>NOTIZIE DELLA NOTTE<br \/>\n<\/strong><\/p>\n<p data-start=\"0\" data-end=\"62\"><strong data-start=\"0\" data-end=\"62\">GUERRA, CLIMA E DIPLOMAZIA: IL MONDO TRA TENSIONI E SVOLTE<\/strong><\/p>\n<p data-start=\"64\" data-end=\"270\">Tornano le tensioni tra <strong>Thailandia e Cambogia<\/strong>: Bangkok accusa Phnom Penh di aver violato il cessate il fuoco. Intanto, nel Pacifico \u00e8 scattata un\u2019allerta tsunami dopo una forte scossa al largo della Russia. Prosegue l\u2019offensiva su vasta scala contro <strong>l\u2019Ucraina:<\/strong> anche l\u2019ultima notte \u00e8 stata segnata da attacchi con missili e droni. <strong>Donald Trump<\/strong> lancia la sfida alla normativa climatica americana, puntando a cancellare la storica sentenza che limita le emissioni di gas serra. <strong>Malta<\/strong> ha annunciato il riconoscimento ufficiale dello Stato di Palestina a settembre, mentre il premier israeliano Netanyahu attacca il leader laburista britannico Starmer, accusandolo di \u201cpremiare Hamas\u201d. <strong>A Roma<\/strong> \u00e8 stata arrestata la deputata italo-brasiliana Zambelli, coinvolta in un\u2019inchiesta internazionale. In <strong>Papua Nuova Guinea,<\/strong> Papa Leone ha infiammato 120mila giovani con un forte messaggio per la pace.<\/p>\n<h1>AUDIO dalle 6 del mattino<\/h1>\n<audio class=\"wp-audio-shortcode\" id=\"audio-461856-3\" preload=\"none\" style=\"width: 100%;\" controls=\"controls\"><source type=\"audio\/mpeg\" src=\"https:\/\/www.radiopiu.net\/wordpress\/wp-content\/uploads\/2025\/07\/GIORNALEDELLESEI-24.mp3?_=3\" \/><a href=\"https:\/\/www.radiopiu.net\/wordpress\/wp-content\/uploads\/2025\/07\/GIORNALEDELLESEI-24.mp3\">https:\/\/www.radiopiu.net\/wordpress\/wp-content\/uploads\/2025\/07\/GIORNALEDELLESEI-24.mp3<\/a><\/audio>\n<p>&nbsp;<\/p>\n<p>&nbsp;<\/p>\n<hr \/>\n<p>&nbsp;<\/p>\n<h1 style=\"text-align: center;\"><span style=\"color: #ff0000;\"><a class=\"dt-pswp-item\" href=\"https:\/\/www.radiopiu.net\/wordpress\/wp-content\/uploads\/2024\/11\/7.jpg\" data-dt-img-description=\"\" data-large_image_width=\"180\" data-large_image_height=\"180\"><img loading=\"lazy\" decoding=\"async\" class=\"size-full wp-image-417912 alignleft\" src=\"https:\/\/www.radiopiu.net\/wordpress\/wp-content\/uploads\/2024\/11\/7.jpg\" alt=\"\" width=\"180\" height=\"180\" srcset=\"https:\/\/www.radiopiu.net\/wordpress\/wp-content\/uploads\/2024\/11\/7.jpg 180w, https:\/\/www.radiopiu.net\/wordpress\/wp-content\/uploads\/2024\/11\/7-150x150.jpg 150w\" sizes=\"auto, (max-width: 180px) 100vw, 180px\" \/><\/a>I podcast informativi del mattino &#8211; audio &#8211;\u00a0<\/span><\/h1>\n<p><strong>OGNI GIORNO ALLE SETTE DEL MATTINO, LA RASSEGNA STAMPA LOCALE FLASH&#8230; PER CHI VA IN FRETTA. I TITOLI DAI GIORNALI E DAL SITO WWW.RADIOPIU.NET <span style=\"color: #0000ff;\">viene pubblicato alle 7.00<\/span> <span style=\"color: #ff0000;\">DIRETTA RADIO\u00a0<\/span><\/strong><\/p>\n<p><em><span style=\"color: #ff0000;\">per chi va in fretta&#8230; tante notizie in pochi minuti. L&#8217;informazione locale alla radio, ogni ora dalle 7 del mattino alle 19 della sera.\u00a0\u00a0<\/span><\/em><\/p>\n<p><strong data-start=\"0\" data-end=\"62\">Notizie locali dal Bellunese: tra cronaca, eventi e novit\u00e0<\/strong><\/p>\n<p>&nbsp;<\/p>\n<div class=\"flex flex-1 grow basis-auto flex-col overflow-hidden\">\n<div class=\"relative h-full\">\n<div class=\"flex h-full flex-col overflow-y-auto [scrollbar-gutter:stable]\">\n<div class=\"mt-1.5 flex flex-col text-sm @thread-xl\/thread:pt-header-height md:pb-9\">\n<article class=\"group\/turn w-full text-token-text-primary focus-visible:outline-none\" dir=\"auto\" tabindex=\"-1\" data-testid=\"conversation-turn-2\" data-scroll-anchor=\"true\">\n<div class=\"text-base my-auto mx-auto py-5 px-6\">\n<div class=\"mx-auto flex flex-1 text-base gap-4 md:gap-5 lg:gap-6 md:max-w-3xl\">\n<div class=\"group\/conversation-turn relative flex w-full min-w-0 flex-col agent-turn @xs\/thread:px-0 @sm\/thread:px-1.5 @md\/thread:px-4\">\n<div class=\"relative flex-col gap-1 md:gap-3\">\n<div class=\"flex max-w-full flex-col flex-grow\">\n<div class=\"min-h-8 text-message relative flex w-full flex-col items-end gap-2 whitespace-normal break-words text-start [.text-message+&amp;]:mt-5\" dir=\"auto\" data-message-author-role=\"assistant\" data-message-id=\"bff05fc0-dc7c-4ab7-9b20-d3eec753127b\" data-message-model-slug=\"gpt-4o-mini\">\n<div class=\"flex w-full flex-col gap-1 empty:hidden first:pt-[3px]\">\n<div class=\"markdown prose w-full break-words dark:prose-invert dark\">\n<p class=\"\" data-start=\"64\" data-end=\"329\"><em><strong>Radio Pi\u00f9 offre una panoramica sui principali eventi e notizie in provincia di Belluno, accompagnata dalla programmazione radiofonica. Tra le principali notizie<\/strong><\/em><\/p>\n<\/div>\n<\/div>\n<\/div>\n<\/div>\n<\/div>\n<\/div>\n<\/div>\n<\/div>\n<\/article>\n<\/div>\n<\/div>\n<\/div>\n<\/div>\n<h1>AUDIO dalle 7 del mattino<\/h1>\n<audio class=\"wp-audio-shortcode\" id=\"audio-461856-4\" preload=\"none\" style=\"width: 100%;\" controls=\"controls\"><source type=\"audio\/mpeg\" src=\"https:\/\/www.radiopiu.net\/wordpress\/wp-content\/uploads\/2025\/07\/GF07-23.mp3?_=4\" \/><a href=\"https:\/\/www.radiopiu.net\/wordpress\/wp-content\/uploads\/2025\/07\/GF07-23.mp3\">https:\/\/www.radiopiu.net\/wordpress\/wp-content\/uploads\/2025\/07\/GF07-23.mp3<\/a><\/audio>\n<p>&nbsp;<\/p>\n<p>&nbsp;<\/p>\n<hr \/>\n<p>&nbsp;<\/p>\n<h1><\/h1>\n<h1 style=\"text-align: center;\"><span style=\"color: #ff0000;\"><a class=\"dt-pswp-item\" href=\"https:\/\/www.radiopiu.net\/wordpress\/wp-content\/uploads\/2024\/11\/th.jpg\" data-dt-img-description=\"\" data-large_image_width=\"148\" data-large_image_height=\"179\"><img loading=\"lazy\" decoding=\"async\" class=\" wp-image-417913 alignleft\" src=\"https:\/\/www.radiopiu.net\/wordpress\/wp-content\/uploads\/2024\/11\/th.jpg\" alt=\"\" width=\"66\" height=\"80\" \/><\/a>I podcast informativi del mattino &#8211; audio &#8211;\u00a0<\/span><\/h1>\n<blockquote><p><strong>GIORNALE RADIO NAZIONALE, EDIZIONE DELLE SETTE <span style=\"color: #0000ff;\">viene pubblicato alle 7.05 <span style=\"color: #ff0000;\">DIRETTA RADIO\u00a0<\/span><\/span><\/strong><\/p><\/blockquote>\n<p><strong>il giornale radionazionale e&#8217; in onda ogni ora, dalle sette del mattino alle venti della sera\u00a0 \u00a0\u00a0<\/strong><\/p>\n<p>&nbsp;<\/p>\n<blockquote>\n<h2><em> <a class=\"dt-pswp-item\" href=\"https:\/\/www.radiopiu.net\/wordpress\/wp-content\/uploads\/2025\/02\/download-7.jpg\" data-dt-img-description=\"\" data-large_image_width=\"211\" data-large_image_height=\"239\"><img loading=\"lazy\" decoding=\"async\" class=\" wp-image-435553 alignleft\" src=\"https:\/\/www.radiopiu.net\/wordpress\/wp-content\/uploads\/2025\/02\/download-7.jpg\" alt=\"\" width=\"186\" height=\"211\" \/><\/a><span style=\"color: #ff0000;\">RADIOPI\u00d9<\/span> \u2013 La voce del territorio, lo sguardo sul Paese.\u00a0<\/em><\/h2>\n<div class=\"flex basis-auto flex-col -mb-(--composer-overlap-px) [--composer-overlap-px:55px] grow overflow-hidden\">\n<div class=\"relative h-full\">\n<div class=\"flex h-full flex-col overflow-y-auto [scrollbar-gutter:stable_both-edges] @[84rem]\/thread:pt-(--header-height)\">\n<div class=\"@thread-xl\/thread:pt-header-height flex flex-col text-sm pb-25\">\n<article class=\"text-token-text-primary w-full focus:outline-none scroll-mt-[calc(var(--header-height)+min(200px,max(70px,20svh)))]\" dir=\"auto\" tabindex=\"-1\" data-testid=\"conversation-turn-78\" data-scroll-anchor=\"true\" data-turn=\"assistant\">\n<div class=\"text-base my-auto mx-auto pb-10 [--thread-content-margin:--spacing(4)] @[37rem]:[--thread-content-margin:--spacing(6)] @[72rem]:[--thread-content-margin:--spacing(16)] px-(--thread-content-margin)\">\n<div class=\"[--thread-content-max-width:32rem] @[34rem]:[--thread-content-max-width:40rem] @[64rem]:[--thread-content-max-width:48rem] mx-auto max-w-(--thread-content-max-width) flex-1 group\/turn-messages focus-visible:outline-hidden relative flex w-full min-w-0 flex-col agent-turn\" tabindex=\"-1\">\n<div class=\"flex max-w-full flex-col grow\">\n<div class=\"min-h-8 text-message relative flex w-full flex-col items-end gap-2 text-start break-words whitespace-normal [.text-message+&amp;]:mt-5\" dir=\"auto\" data-message-author-role=\"assistant\" data-message-id=\"005dd362-3563-41c8-b456-325590d7258c\" data-message-model-slug=\"gpt-4o\">\n<div class=\"flex w-full flex-col gap-1 empty:hidden first:pt-[3px]\">\n<div class=\"markdown prose dark:prose-invert w-full break-words dark\">\n<p data-start=\"0\" data-end=\"62\"><strong data-start=\"0\" data-end=\"62\">CRONACHE DALL\u2019ITALIA: TRA EMERGENZE, GIUSTIZIA E POLEMICHE<\/strong><\/p>\n<p data-start=\"64\" data-end=\"363\"><strong data-start=\"64\" data-end=\"79\">CATANZARO \u2013<\/strong> Tragedia nella sanit\u00e0 calabrese: Carlotta La Croce, 12 anni, di Amaroni, \u00e8 morta dopo aver atteso due ore un&#8217;ambulanza per essere trasferita dall\u2019ospedale di Soverato a quello di Catanzaro. La Procura ha aperto un fascicolo per accertare eventuali responsabilit\u00e0 mediche.<\/p>\n<p data-start=\"365\" data-end=\"614\"><strong data-start=\"365\" data-end=\"377\">MILANO \u2013<\/strong> L\u2019inchiesta sull\u2019urbanistica scuote la citt\u00e0: dopo le sei richieste d\u2019arresto, la Procura ha ricevuto decine di esposti da cittadini e avvocati, che chiedono verifiche su cantieri e progetti edilizi sospetti. Il caso si allarga.<\/p>\n<p data-start=\"616\" data-end=\"850\"><strong data-start=\"616\" data-end=\"626\">ROMA \u2013<\/strong> In arrivo da Barcellona Andrea Cavallari, 26 anni, modenese, condannato per la strage di Corinaldo. Era evaso approfittando di un permesso premio a Bologna e sar\u00e0 ora trasferito nel carcere di Civitavecchia.<\/p>\n<p data-start=\"852\" data-end=\"1114\"><strong data-start=\"852\" data-end=\"864\">NAPOLI \u2013<\/strong> Il prefetto ha introdotto misure straordinarie permanenti per contrastare i problemi di sicurezza legati alla movida e al disordine urbano. Il Tar della Campania, per\u00f2, ha giudicato illegittima la proroga delle cosiddette zone rosse.<\/p>\n<p data-start=\"1116\" data-end=\"1258\"><strong data-start=\"1116\" data-end=\"1130\">SARDEGNA \u2013<\/strong> Ancora incendi nella zona orientale dell\u2019Isola, dove si registra il bollino rosso: da stamattina gi\u00e0 tre fronti attivi.<\/p>\n<p data-start=\"1260\" data-end=\"1412\"><strong data-start=\"1260\" data-end=\"1272\">ITALIA \u2013<\/strong> L\u2019associazione Antigone lancia l\u2019allarme: nelle carceri i diritti sono sempre pi\u00f9 calpestati, tra sovraffollamento e caldo estremo.<\/p>\n<p data-start=\"1414\" data-end=\"1596\" data-is-last-node=\"\" data-is-only-node=\"\"><strong data-start=\"1414\" data-end=\"1430\">UNIVERSIT\u00c0 \u2013<\/strong> Test di Medicina: sono 54mila gli iscritti, quasi uno su due entrer\u00e0. La ministra Bernini commenta: \u00abL\u2019universit\u00e0 deve essere una palestra, non un muro\u00bb.<\/p>\n<p data-start=\"1414\" data-end=\"1596\" data-is-last-node=\"\" data-is-only-node=\"\">\n<\/div>\n<\/div>\n<\/div>\n<\/div>\n<\/div>\n<\/div>\n<\/article>\n<\/div>\n<\/div>\n<\/div>\n<\/div>\n<\/blockquote>\n<blockquote>\n<h2><span style=\"color: #ff0000;\">RADIOPI\u00d9<\/span> \u2013 Dalle Dolomiti alla pianura, i fatti che segnano la Regione.<\/h2>\n<\/blockquote>\n<p><strong><a class=\"dt-pswp-item\" href=\"https:\/\/www.radiopiu.net\/wordpress\/wp-content\/uploads\/2025\/02\/download-3.jpg\" data-dt-img-description=\"\" data-large_image_width=\"223\" data-large_image_height=\"226\"><img loading=\"lazy\" decoding=\"async\" class=\"size-full wp-image-434732 alignleft\" src=\"https:\/\/www.radiopiu.net\/wordpress\/wp-content\/uploads\/2025\/02\/download-3.jpg\" alt=\"\" width=\"223\" height=\"226\" \/><\/a><\/strong><\/p>\n<p data-start=\"0\" data-end=\"62\"><strong data-start=\"0\" data-end=\"62\">NORD-EST: TRA EMERGENZE SANITARIE, ARTE, FRODI E SICUREZZA<\/strong><\/p>\n<p data-start=\"64\" data-end=\"440\"><strong data-start=\"64\" data-end=\"77\">VICENZA \u2013<\/strong> \u00c8 stato registrato un caso di dengue nel Vicentino. Il paziente \u00e8 stato isolato e l&#8217;Ulss 7 ha disposto interventi di disinfestazione, rassicurando: \u00abNessun allarme per la popolazione\u00bb. Sempre nel Vicentino, un incendio in una casa che ospitava migranti ha portato all&#8217;evacuazione di 15 persone. Il sottotetto dell\u2019edificio \u00e8 andato distrutto.<\/p>\n<p data-start=\"64\" data-end=\"440\"><strong data-start=\"1125\" data-end=\"1137\">FRIULI \u2013<\/strong> Scoperta una frode da oltre 50 milioni di euro nel settore delle sedie: 14 indagati operavano nel cosiddetto &#8220;Triangolo della sedia&#8221;. Intanto, tra Friuli Venezia Giulia e Veneto, i Carabinieri forestali hanno sgominato un traffico illegale di uccelli da richiamo: nell\u2019operazione \u201cVerso Nord\u201d sono 9 gli indagati e 327 volatili sequestrati.<\/p>\n<p data-start=\"442\" data-end=\"655\"><strong data-start=\"442\" data-end=\"454\">PADOVA \u2013<\/strong> L&#8217;arte entra negli studi legali e notarili con il ritorno di StArt, iniziativa che porta le opere d\u2019arte nei luoghi delle professioni per favorire il dialogo tra creativit\u00e0 e attivit\u00e0 forensi.<\/p>\n<p data-start=\"657\" data-end=\"899\"><strong data-start=\"657\" data-end=\"669\">ROVIGO \u2013<\/strong> Il ministro Molteni ha annunciato che dal primo agosto anche Rovigo sar\u00e0 zona rossa, con un rafforzamento della questura grazie all\u2019arrivo di nuovi agenti. Misura introdotta per migliorare il controllo del territorio.<\/p>\n<p data-start=\"901\" data-end=\"1123\"><strong data-start=\"901\" data-end=\"930\">AUTOSTRADA DEL BRENNERO \u2013<\/strong> Debutto operativo per le moto della Croce Rossa lungo l\u2019A22. Il nuovo servizio \u00e8 stato attivato in convenzione con la societ\u00e0 autostradale per garantire maggiore rapidit\u00e0 nei soccorsi.<\/p>\n<h1><span style=\"color: #ff0000;\"><span style=\"color: #0000ff;\">ULTIM&#8217;ORA<\/span> <span style=\"color: #000000;\">AUDIO dalle sette del mattino, ogni ora alla radio EDIZIONE DELLE SETTE<\/span><\/span><\/h1>\n<audio class=\"wp-audio-shortcode\" id=\"audio-461856-5\" preload=\"none\" style=\"width: 100%;\" controls=\"controls\"><source type=\"audio\/mpeg\" src=\"https:\/\/www.radiopiu.net\/wordpress\/wp-content\/uploads\/2025\/07\/giornale07-27.mp3?_=5\" \/><a href=\"https:\/\/www.radiopiu.net\/wordpress\/wp-content\/uploads\/2025\/07\/giornale07-27.mp3\">https:\/\/www.radiopiu.net\/wordpress\/wp-content\/uploads\/2025\/07\/giornale07-27.mp3<\/a><\/audio>\n<p>&nbsp;<\/p>\n<p>&nbsp;<\/p>\n<p>&nbsp;<\/p>\n<hr \/>\n<p>&nbsp;<\/p>\n<p>&nbsp;<\/p>\n<h1><span style=\"color: #ff0000;\"><a class=\"dt-pswp-item\" href=\"https:\/\/www.radiopiu.net\/wordpress\/wp-content\/uploads\/2024\/11\/8.jpg\" data-dt-img-description=\"\" data-large_image_width=\"180\" data-large_image_height=\"180\"><img loading=\"lazy\" decoding=\"async\" class=\"size-full wp-image-417910 alignleft\" src=\"https:\/\/www.radiopiu.net\/wordpress\/wp-content\/uploads\/2024\/11\/8.jpg\" alt=\"\" width=\"180\" height=\"180\" srcset=\"https:\/\/www.radiopiu.net\/wordpress\/wp-content\/uploads\/2024\/11\/8.jpg 180w, https:\/\/www.radiopiu.net\/wordpress\/wp-content\/uploads\/2024\/11\/8-150x150.jpg 150w\" sizes=\"auto, (max-width: 180px) 100vw, 180px\" \/><\/a>I podcast informativi del mattino &#8211; video &#8211;\u00a0<\/span><\/h1>\n<h2 style=\"text-align: left;\"><strong>RASSEGNA STAMPA LOCALE, ORE OTTO<\/strong><\/h2>\n<h2><strong> <span style=\"color: #0000ff;\">viene\u00a0 <\/span><\/strong><strong><span style=\"color: #0000ff;\">pubblicata alle 8.05 <span style=\"color: #ff0000;\">DIRETTA RADIO\u00a0 \u00a0<\/span><\/span><\/strong><strong>DI MIRKO MEZZACASA<\/strong><\/h2>\n<h1><span style=\"color: #ff0000;\"><strong>VIDEO\u00a0 \u00a0in diretta AGGIORNAMENTO\u00a0 dalle 8 del mattino\u00a0 \u00a0 \u00a0<\/strong><\/span><\/h1>\n<p>&nbsp;<\/p>\n\n\t\t\t<style type='text\/css'>\n\t\t\t\t#gallery-2 {\n\t\t\t\t\tmargin: auto;\n\t\t\t\t}\n\t\t\t\t#gallery-2 .gallery-item {\n\t\t\t\t\tfloat: left;\n\t\t\t\t\tmargin-top: 10px;\n\t\t\t\t\ttext-align: center;\n\t\t\t\t\twidth: 33%;\n\t\t\t\t}\n\t\t\t\t#gallery-2 img {\n\t\t\t\t\tborder: 2px solid #cfcfcf;\n\t\t\t\t}\n\t\t\t\t#gallery-2 .gallery-caption {\n\t\t\t\t\tmargin-left: 0;\n\t\t\t\t}\n\t\t\t\t\/* see gallery_shortcode() in wp-includes\/media.php *\/\n\t\t\t<\/style>\n\t\t<div id='gallery-2' class='dt-gallery-container gallery galleryid-461856 gallery-columns-3 gallery-size-thumbnail'><dl class='gallery-item'>\n\t\t\t\t<dt class='gallery-icon landscape'>\n\t\t\t\t\t<a class=\"rollover rollover-zoom dt-pswp-item\" title=\"Screenshot 2025-07-30 052431\" data-dt-img-description=\"\" data-large_image_width=\"555\" data-large_image_height=\"288\"href='https:\/\/www.radiopiu.net\/wordpress\/wp-content\/uploads\/2025\/07\/Screenshot-2025-07-30-052431.png'><img loading=\"lazy\" decoding=\"async\" width=\"150\" height=\"150\" src=\"https:\/\/www.radiopiu.net\/wordpress\/wp-content\/uploads\/2025\/07\/Screenshot-2025-07-30-052431-150x150.png\" class=\"attachment-thumbnail size-thumbnail\" alt=\"\" \/><\/a>\n\t\t\t\t<\/dt><\/dl><dl class='gallery-item'>\n\t\t\t\t<dt class='gallery-icon landscape'>\n\t\t\t\t\t<a class=\"rollover rollover-zoom dt-pswp-item\" title=\"Screenshot 2025-07-30 053233\" data-dt-img-description=\"\" data-large_image_width=\"609\" data-large_image_height=\"347\"href='https:\/\/www.radiopiu.net\/wordpress\/wp-content\/uploads\/2025\/07\/Screenshot-2025-07-30-053233.png'><img loading=\"lazy\" decoding=\"async\" width=\"150\" height=\"150\" src=\"https:\/\/www.radiopiu.net\/wordpress\/wp-content\/uploads\/2025\/07\/Screenshot-2025-07-30-053233-150x150.png\" class=\"attachment-thumbnail size-thumbnail\" alt=\"\" \/><\/a>\n\t\t\t\t<\/dt><\/dl><dl class='gallery-item'>\n\t\t\t\t<dt class='gallery-icon landscape'>\n\t\t\t\t\t<a class=\"rollover rollover-zoom dt-pswp-item\" title=\"Screenshot 2025-07-30 053146\" data-dt-img-description=\"\" data-large_image_width=\"548\" data-large_image_height=\"318\"href='https:\/\/www.radiopiu.net\/wordpress\/wp-content\/uploads\/2025\/07\/Screenshot-2025-07-30-053146.png'><img loading=\"lazy\" decoding=\"async\" width=\"150\" height=\"150\" src=\"https:\/\/www.radiopiu.net\/wordpress\/wp-content\/uploads\/2025\/07\/Screenshot-2025-07-30-053146-150x150.png\" class=\"attachment-thumbnail size-thumbnail\" alt=\"\" \/><\/a>\n\t\t\t\t<\/dt><\/dl><br style=\"clear: both\" \/>\n\t\t\t<\/div>\n\n<p>&nbsp;<\/p>\n<p><iframe loading=\"lazy\" title=\"DAL 1983 LA RASSEGNA STAMPA LOCALE di mirko mezzacasa. L&#039;ORIGINALE\" width=\"1200\" height=\"675\" src=\"https:\/\/www.youtube.com\/embed\/zuBWauwJBNA?feature=oembed\" frameborder=\"0\" allow=\"accelerometer; autoplay; clipboard-write; encrypted-media; gyroscope; picture-in-picture; web-share\" referrerpolicy=\"strict-origin-when-cross-origin\" allowfullscreen><\/iframe><\/p>\n<p>&nbsp;<\/p>\n<hr \/>\n<p>&nbsp;<\/p>\n<p><strong><a class=\"dt-pswp-item\" href=\"https:\/\/www.radiopiu.net\/wordpress\/wp-content\/uploads\/2023\/12\/ANTENNA.png\" data-dt-img-description=\"\" data-large_image_width=\"300\" data-large_image_height=\"166\"><img loading=\"lazy\" decoding=\"async\" class=\"wp-image-366306 alignright\" src=\"https:\/\/www.radiopiu.net\/wordpress\/wp-content\/uploads\/2023\/12\/ANTENNA.png\" alt=\"\" width=\"101\" height=\"56\" \/><\/a><a class=\"dt-pswp-item\" href=\"https:\/\/www.radiopiu.net\/wordpress\/wp-content\/uploads\/2024\/11\/th-17.jpg\" data-dt-img-description=\"\" data-large_image_width=\"224\" data-large_image_height=\"180\"><img loading=\"lazy\" decoding=\"async\" class=\" wp-image-421610 alignleft\" src=\"https:\/\/www.radiopiu.net\/wordpress\/wp-content\/uploads\/2024\/11\/th-17.jpg\" alt=\"\" width=\"167\" height=\"134\" \/><\/a>ogni sera alle 19 le anticipazioni alla radio, quello che poi seguirete nel TELEGIORNALE BELLUNESE\u00a0 in onda alle 19.30 sul CANALE 10 del digitale terrestre.\u00a0\u00a0<\/strong><\/p>\n<p><b>\u00a0\u00a0<\/b><\/p>\n<h1><span style=\"color: #ff0000;\"><strong>LE ANTICIPAZIONI DI TIZIANA BOLOGNANI<\/strong><\/span><\/h1>\n<audio class=\"wp-audio-shortcode\" id=\"audio-461856-6\" preload=\"none\" style=\"width: 100%;\" controls=\"controls\"><source type=\"audio\/mpeg\" src=\"https:\/\/www.radiopiu.net\/wordpress\/wp-content\/uploads\/2025\/07\/ANTENNA3-21.mp3?_=6\" \/><a href=\"https:\/\/www.radiopiu.net\/wordpress\/wp-content\/uploads\/2025\/07\/ANTENNA3-21.mp3\">https:\/\/www.radiopiu.net\/wordpress\/wp-content\/uploads\/2025\/07\/ANTENNA3-21.mp3<\/a><\/audio>\n<p>&nbsp;<\/p>\n<p>&nbsp;<\/p>\n<p>&nbsp;<\/p>\n<p>&nbsp;<\/p>\n<hr \/>\n<p>&nbsp;<\/p>\n<blockquote>\n<h3>ACQUA NON POTABILE A COLLE SANTA LUCIA E LIVINALLONGO<\/h3>\n<\/blockquote>\n<p><strong>REDAZIONE <\/strong>Servizi Integrati Bellunesi informa che a Colle Santa Lucia in localit\u00e0 Rucav\u00e0 l&#8217;acqua erogata dall&#8217;acquedotto non \u00e8 potabile e non pu\u00f2 essere usata per scopi alimentari. Verr\u00e0 effettuato servizio sostitutivo con cisterna in Centro. Anche a Livinallongo Del Col di Lana in localit\u00e0 Collaz l&#8217;acqua erogata dall&#8217;acquedotto non \u00e8 potabile e non pu\u00f2 essere usata per scopi alimentari.<\/p>\n<p>&nbsp;<\/p>\n<blockquote>\n<h3>LAVORI PROGRAMMATI SIB<\/h3>\n<\/blockquote>\n<p><strong>TAIBON<\/strong> Servizi Integrati Bellunesi informa che, per lavori alla rete idrica comunale, domani dalle 8 alle 17 verr\u00e0 sospesa l\u2019erogazione dell\u2019acqua a Taibon Agordino, nelle Localit\u00e0 capoluogo, Campagna, Villanova, Forno Di Val e Peden (ad eccezione di Via AL FORTE e di Viale NUOVO). Il personale addetto operer\u00e0 per limitare il pi\u00f9 possibile i disagi alla popolazione.<\/p>\n<p>&nbsp;<\/p>\n<hr \/>\n<p>&nbsp;<\/p>\n<blockquote>\n<h3>ESCURSIONISTA AUSTRIACO MUORE DOPO UNA CADUTA SUL SENTIERO 514 VERSO IL RIFUGIO PIAN DE FONTANA<\/h3>\n<\/blockquote>\n<p><strong><a class=\"dt-pswp-item\" href=\"https:\/\/www.radiopiu.net\/wordpress\/wp-content\/uploads\/2025\/07\/LOGO_NEW_BELLUNO.jpg\" data-dt-img-description=\"\" data-large_image_width=\"1600\" data-large_image_height=\"1131\"><img loading=\"lazy\" decoding=\"async\" class=\" wp-image-461728 alignleft\" src=\"https:\/\/www.radiopiu.net\/wordpress\/wp-content\/uploads\/2025\/07\/LOGO_NEW_BELLUNO-300x212.jpg\" alt=\"\" width=\"178\" height=\"126\" srcset=\"https:\/\/www.radiopiu.net\/wordpress\/wp-content\/uploads\/2025\/07\/LOGO_NEW_BELLUNO-300x212.jpg 300w, https:\/\/www.radiopiu.net\/wordpress\/wp-content\/uploads\/2025\/07\/LOGO_NEW_BELLUNO-1024x724.jpg 1024w, https:\/\/www.radiopiu.net\/wordpress\/wp-content\/uploads\/2025\/07\/LOGO_NEW_BELLUNO-768x543.jpg 768w, https:\/\/www.radiopiu.net\/wordpress\/wp-content\/uploads\/2025\/07\/LOGO_NEW_BELLUNO-1536x1086.jpg 1536w, https:\/\/www.radiopiu.net\/wordpress\/wp-content\/uploads\/2025\/07\/LOGO_NEW_BELLUNO.jpg 1600w\" sizes=\"auto, (max-width: 178px) 100vw, 178px\" \/><\/a>REDAZIONE <\/strong>Tragico incidente a Longarone sul sentiero 514 verso il Rifugio Pian de Fontana: un escursionista austriaco di 79 anni ha perso la vita dopo una rovinosa caduta di circa venti metri in un tratto ripido. Recuperato in gravi condizioni dal Suem di Pieve di Cadore, l\u2019uomo \u00e8 stato elitrasportato all\u2019ospedale di Belluno, dove purtroppo \u00e8 deceduto nonostante le cure ricevute. Alla stessa ora, ad Auronzo, una donna di 54 anni di San Pietro di Cadore, in escursione con un bambino di 7 anni, ha perso l\u2019orientamento nei pressi del Rifugio Monte Agudo. Rintracciati grazie alla geolocalizzazione, sono stati raggiunti e riaccompagnati al rifugio dal Soccorso alpino e dalla Guardia di finanza. In Val di Zoldo, un 79enne padovano ha smarrito il sentiero 525 verso il Rifugio Sora\u2019l Sass. I soccorritori, contattati telefonicamente, lo hanno raggiunto e riportato in sicurezza a Pralongo. Infine a Cortina, una 63enne di Faenza si \u00e8 infortunata alla caviglia lungo il sentiero tra i rifugi Averau e Scoiattoli. \u00c8 stata soccorsa in jeep dalla Guardia di finanza e portata all\u2019ospedale Codivilla.<\/p>\n<p>&nbsp;<\/p>\n<p>&nbsp;<\/p>\n<hr \/>\n<p>&nbsp;<\/p>\n<blockquote>\n<h3>ANZIANO CADE DAL PRIMO PIANO<\/h3>\n<\/blockquote>\n<p><strong>SOSPIROLO <\/strong>Un uomo di 88 anni \u00e8 deceduto nel tardo pomeriggio di ieri a causa di un trauma, cadendo dal primo piano della abitazione di famiglia, nella frazione di Mis.\u00a0 Sono intervenuti i sanitari del Suem 118. Sul posto l&#8217;ambulanza e l&#8217;elicottero Falco 1 ma per l&#8217;anziano non c&#8217;\u00e8 stato nulla da fare se non constatare il decesso.I carabinieri sono rimasti a lungo sul posto per effettuare i rilievi di legge e per ricostruire con precisione la dinamica del tragico incidente.<\/p>\n<p>&nbsp;<\/p>\n<hr \/>\n<p>&nbsp;<\/p>\n<p>&nbsp;<\/p>\n<blockquote>\n<p data-start=\"0\" data-end=\"111\"><strong data-start=\"26\" data-end=\"111\"><a class=\"dt-pswp-item\" href=\"https:\/\/www.radiopiu.net\/wordpress\/wp-content\/uploads\/2025\/07\/Screenshot-2025-07-30-052704.png\" data-dt-img-description=\"\" data-large_image_width=\"307\" data-large_image_height=\"317\"><img loading=\"lazy\" decoding=\"async\" class=\"wp-image-462030 alignleft\" src=\"https:\/\/www.radiopiu.net\/wordpress\/wp-content\/uploads\/2025\/07\/Screenshot-2025-07-30-052704-291x300.png\" alt=\"\" width=\"137\" height=\"141\" srcset=\"https:\/\/www.radiopiu.net\/wordpress\/wp-content\/uploads\/2025\/07\/Screenshot-2025-07-30-052704-291x300.png 291w, https:\/\/www.radiopiu.net\/wordpress\/wp-content\/uploads\/2025\/07\/Screenshot-2025-07-30-052704.png 307w\" sizes=\"auto, (max-width: 137px) 100vw, 137px\" \/><\/a>ZOLDO PIANGE IL PROFESSOR UBERTINI, AMICO DELLA VALLE E MAESTRO DELL\u2019IDROGEOLOGIA<\/strong><\/p>\n<\/blockquote>\n<p data-start=\"113\" data-end=\"556\" data-is-last-node=\"\" data-is-only-node=\"\"><br data-start=\"147\" data-end=\"150\" \/>Zoldo saluta con affetto il professor Lucio Ubertini, esperto di fama mondiale in protezione idrogeologica e zoldano d\u2019adozione. Aveva casa a Pecol, dove tornava ogni anno. Ubertini, 82 anni, originario di Viterbo, \u00e8 stato direttore del Cnr-Irpi e punto di riferimento per i lavori lungo il Ma\u00e8 dagli anni \u201980. Ha lasciato un\u2019impronta indelebile nella valle, sia dal punto di vista professionale che umano.<\/p>\n<p>&nbsp;<\/p>\n<p>&nbsp;<\/p>\n<hr \/>\n<p>&nbsp;<\/p>\n<blockquote>\n<h3>GUIDAVA CONTROMANO CON TASSO ALCOLEMICO TRIPLO RISPETTO AL LIMITE<\/h3>\n<\/blockquote>\n<p><strong><a class=\"dt-pswp-item\" href=\"https:\/\/www.radiopiu.net\/wordpress\/wp-content\/uploads\/2018\/10\/Volante-Questura.jpg\" data-dt-img-description=\"\" data-large_image_width=\"768\" data-large_image_height=\"510\"><img loading=\"lazy\" decoding=\"async\" class=\" wp-image-63842 alignleft\" src=\"https:\/\/www.radiopiu.net\/wordpress\/wp-content\/uploads\/2018\/10\/Volante-Questura-300x199.jpg\" alt=\"\" width=\"204\" height=\"135\" \/><\/a>BELLUNO<\/strong> Nel fine settimana, nell\u2019ambito dei controlli disposti dal Questore di Belluno, la Squadra Volante ha ritirato una patente a seguito di una grave infrazione. Gli agenti hanno notato un\u2019auto percorrere contromano via Caffi, nel centro di Belluno, e hanno subito fermato il veicolo per effettuare accertamenti. Il conducente, apparso subito in stato di alterazione con occhi lucidi e alito vinoso, \u00e8 stato sottoposto all\u2019etilometro. L\u2019esame ha rilevato un tasso alcolemico di 1,86 g\/litro, ben oltre il limite consentito. Per questo motivo, al giovane \u00e8 stata ritirata la patente. L\u2019episodio si inserisce in una pi\u00f9 ampia attivit\u00e0 di controllo finalizzata a garantire la sicurezza stradale e prevenire comportamenti pericolosi alla guida. La Polizia rinnova l\u2019invito a tutti gli automobilisti a mantenere un atteggiamento responsabile e prudente al volante, per proteggere s\u00e9 stessi e gli altri utenti della strada da possibili conseguenze gravi o fatali.<\/p>\n<p>&nbsp;<\/p>\n<p>&nbsp;<\/p>\n<hr \/>\n<p>&nbsp;<\/p>\n<blockquote>\n<p data-start=\"0\" data-end=\"98\"><strong data-start=\"26\" data-end=\"98\"><a class=\"dt-pswp-item\" href=\"https:\/\/www.radiopiu.net\/wordpress\/wp-content\/uploads\/2025\/07\/Screenshot-2025-07-30-051750.png\" data-dt-img-description=\"\" data-large_image_width=\"730\" data-large_image_height=\"367\"><img loading=\"lazy\" decoding=\"async\" class=\"size-medium wp-image-462024 alignleft\" src=\"https:\/\/www.radiopiu.net\/wordpress\/wp-content\/uploads\/2025\/07\/Screenshot-2025-07-30-051750-300x151.png\" alt=\"\" width=\"300\" height=\"151\" srcset=\"https:\/\/www.radiopiu.net\/wordpress\/wp-content\/uploads\/2025\/07\/Screenshot-2025-07-30-051750-300x151.png 300w, https:\/\/www.radiopiu.net\/wordpress\/wp-content\/uploads\/2025\/07\/Screenshot-2025-07-30-051750.png 730w\" sizes=\"auto, (max-width: 300px) 100vw, 300px\" \/><\/a>PONTET PERICOLANTE, IL COMUNE CHIUDE IL PONTE VECCHIO DI BORGO PIAVE<\/strong><\/p>\n<\/blockquote>\n<p data-start=\"100\" data-end=\"336\" data-is-last-node=\"\" data-is-only-node=\"\"><strong>BELLUNO<\/strong><\/p>\n<article class=\"text-token-text-primary w-full focus:outline-none scroll-mt-[calc(var(--header-height)+min(200px,max(70px,20svh)))]\" dir=\"auto\" tabindex=\"-1\" data-testid=\"conversation-turn-66\" data-scroll-anchor=\"true\" data-turn=\"assistant\">\n<div class=\"text-base my-auto mx-auto pb-10 [--thread-content-margin:--spacing(4)] @[37rem]:[--thread-content-margin:--spacing(6)] @[72rem]:[--thread-content-margin:--spacing(16)] px-(--thread-content-margin)\">\n<div class=\"[--thread-content-max-width:32rem] @[34rem]:[--thread-content-max-width:40rem] @[64rem]:[--thread-content-max-width:48rem] mx-auto max-w-(--thread-content-max-width) flex-1 group\/turn-messages focus-visible:outline-hidden relative flex w-full min-w-0 flex-col agent-turn\" tabindex=\"-1\">\n<div class=\"flex max-w-full flex-col grow\">\n<div class=\"min-h-8 text-message relative flex w-full flex-col items-end gap-2 text-start break-words whitespace-normal [.text-message+&amp;]:mt-5\" dir=\"auto\" data-message-author-role=\"assistant\" data-message-id=\"0ca8b33f-6d0b-4105-9fa1-7a9d66d6cbaf\" data-message-model-slug=\"gpt-4o\">\n<div class=\"flex w-full flex-col gap-1 empty:hidden first:pt-[3px]\">\n<div class=\"markdown prose dark:prose-invert w-full break-words dark\">\n<p data-start=\"100\" data-end=\"336\" data-is-last-node=\"\" data-is-only-node=\"\">Chiuso il Pontet a Borgo Piave per rischio crolli: vietato l\u2019accesso e la sosta sulle rive del Piave. Il ponte storico \u00e8 pericolante, serviranno sopralluoghi, progetti e fondi per metterlo in sicurezza.<\/p>\n<hr \/>\n<p style=\"text-align: center;\" data-start=\"100\" data-end=\"336\" data-is-last-node=\"\" data-is-only-node=\"\"><a class=\"dt-pswp-item\" href=\"https:\/\/www.radiopiu.net\/wordpress\/wp-content\/uploads\/2025\/07\/Senza-nome-67.png\" data-dt-img-description=\"\" data-large_image_width=\"323\" data-large_image_height=\"44\"><img loading=\"lazy\" decoding=\"async\" class=\"alignnone size-medium wp-image-462035\" src=\"https:\/\/www.radiopiu.net\/wordpress\/wp-content\/uploads\/2025\/07\/Senza-nome-67-300x41.png\" alt=\"\" width=\"300\" height=\"41\" srcset=\"https:\/\/www.radiopiu.net\/wordpress\/wp-content\/uploads\/2025\/07\/Senza-nome-67-300x41.png 300w, https:\/\/www.radiopiu.net\/wordpress\/wp-content\/uploads\/2025\/07\/Senza-nome-67.png 323w\" sizes=\"auto, (max-width: 300px) 100vw, 300px\" \/><\/a><\/p>\n<hr \/>\n<blockquote>\n<h3 data-start=\"100\" data-end=\"336\">AUTOVELOX: ANNULLATE DUE MULTE DAL GIUDICE DI PACE<\/h3>\n<\/blockquote>\n<p><strong>COLLE SANTA LUCIA<\/strong>\u00a0 Ii giudice di pace di Belluno ha annullato due multe elevate tramite l\u2019autovelox al Passo Giau. Il ricorso, sostenuto dall\u2019associazione Altvelox, ha evidenziato che il dispositivo non era omologato e che mancavano verifiche e dati essenziali. Il giudice ha accolto le motivazioni, ritenendo illegittimi i verbali. Altvelox annuncia ora una denuncia contro Comune e autorit\u00e0 competenti.<\/p>\n<\/div>\n<\/div>\n<\/div>\n<\/div>\n<\/div>\n<\/div>\n<\/article>\n<p>&nbsp;<\/p>\n<hr \/>\n<p>&nbsp;<\/p>\n<blockquote>\n<h3>LA SEDUTA DEL CONSIGLIO PROVINCIALE A SAN VITO DI CADORE<\/h3>\n<\/blockquote>\n<p><strong><a class=\"dt-pswp-item\" href=\"https:\/\/www.radiopiu.net\/wordpress\/wp-content\/uploads\/2025\/07\/e31f5408-6b31-4678-aff3-dc0e60609609.jpg\" data-dt-img-description=\"\" data-large_image_width=\"1600\" data-large_image_height=\"900\"><img loading=\"lazy\" decoding=\"async\" class=\" wp-image-461991 alignleft\" src=\"https:\/\/www.radiopiu.net\/wordpress\/wp-content\/uploads\/2025\/07\/e31f5408-6b31-4678-aff3-dc0e60609609-300x169.jpg\" alt=\"\" width=\"220\" height=\"124\" srcset=\"https:\/\/www.radiopiu.net\/wordpress\/wp-content\/uploads\/2025\/07\/e31f5408-6b31-4678-aff3-dc0e60609609-300x169.jpg 300w, https:\/\/www.radiopiu.net\/wordpress\/wp-content\/uploads\/2025\/07\/e31f5408-6b31-4678-aff3-dc0e60609609-1024x576.jpg 1024w, https:\/\/www.radiopiu.net\/wordpress\/wp-content\/uploads\/2025\/07\/e31f5408-6b31-4678-aff3-dc0e60609609-768x432.jpg 768w, https:\/\/www.radiopiu.net\/wordpress\/wp-content\/uploads\/2025\/07\/e31f5408-6b31-4678-aff3-dc0e60609609-1536x864.jpg 1536w, https:\/\/www.radiopiu.net\/wordpress\/wp-content\/uploads\/2025\/07\/e31f5408-6b31-4678-aff3-dc0e60609609.jpg 1600w\" sizes=\"auto, (max-width: 220px) 100vw, 220px\" \/><\/a>SAN VITO DI CADORE<\/strong> Si \u00e8 svolta a San Vito di Cadore la seduta \u201cin trasferta\u201d del Consiglio Provinciale di Belluno, convocata per rafforzare il dialogo con le comunit\u00e0 locali colpite da dissesti. Il presidente Padrin ha aperto i lavori ringraziando i sindaci presenti e sottolineando la vicinanza della Provincia ai territori. Il sindaco De Bon ha rivendicato l\u2019efficacia delle azioni intraprese dopo il crollo della Marcora, ribadendo la priorit\u00e0 della sicurezza. Il tema della viabilit\u00e0 sull\u2019Alemagna e dei dissesti a Cancia \u00e8 stato centrale: approvati gli stanziamenti per le \u201csomme urgenze\u201d e sollecitato, tramite un emendamento condiviso, l\u2019intervento di governo e Regione per un\u2019opera strutturale. Approvata anche una variazione di bilancio da 1 milione di euro per scuole e trasporti, inclusi i fondi per la continuit\u00e0 del liceo di Auronzo. Via libera anche al DUP 2026-2028, basato su sette direttrici per il benessere collettivo, e all\u2019accordo con il Ministero dell\u2019Interno per il completamento del Centro Coordinamento Soccorsi a Belluno, che diventer\u00e0 una moderna sala interforze. Tutti i provvedimenti sono stati approvati all\u2019unanimit\u00e0, a testimonianza di un\u2019unit\u00e0 di intenti su temi cruciali per la montagna bellunese.<\/p>\n<p>&nbsp;<\/p>\n<p>&nbsp;<\/p>\n<hr \/>\n<p>&nbsp;<\/p>\n<blockquote>\n<h3>INIZIATI I LAVORI PER LA CABINOVIA APOLLONIO SOCREPES<\/h3>\n<\/blockquote>\n<p><strong>CORTINA\u00a0<\/strong>Sono iniziati i lavori per la cabinovia Apollonio-Socrepes a Cortina d\u2019Ampezzo, un\u2019opera strategica per i Giochi Olimpici 2026 e la mobilit\u00e0 locale. Il progetto prevede 10 piloni, tre stazioni e 50 cabine capaci di trasportare 2.400 persone l\u2019ora. Il Commissario Saldini sottolinea l\u2019avanzamento nei tempi previsti e l\u2019importanza dell\u2019opera anche oltre le Olimpiadi. Previsto un sistema di sicurezza attivo 24 ore su 24 con telecamere e guardiania, collegato alle Forze dell\u2019Ordine.<\/p>\n<p><strong>DI BARBARA PAOLAZZI<\/strong><\/p>\n<audio class=\"wp-audio-shortcode\" id=\"audio-461856-7\" preload=\"none\" style=\"width: 100%;\" controls=\"controls\"><source type=\"audio\/mpeg\" src=\"https:\/\/www.radiopiu.net\/wordpress\/wp-content\/uploads\/2025\/07\/PAOLAZZI-CABIONOVIA-APPOLONIO-SOCREPES.mp3?_=7\" \/><a href=\"https:\/\/www.radiopiu.net\/wordpress\/wp-content\/uploads\/2025\/07\/PAOLAZZI-CABIONOVIA-APPOLONIO-SOCREPES.mp3\">https:\/\/www.radiopiu.net\/wordpress\/wp-content\/uploads\/2025\/07\/PAOLAZZI-CABIONOVIA-APPOLONIO-SOCREPES.mp3<\/a><\/audio>\n<p>&nbsp;<\/p>\n\n\t\t\t<style type='text\/css'>\n\t\t\t\t#gallery-3 {\n\t\t\t\t\tmargin: auto;\n\t\t\t\t}\n\t\t\t\t#gallery-3 .gallery-item {\n\t\t\t\t\tfloat: left;\n\t\t\t\t\tmargin-top: 10px;\n\t\t\t\t\ttext-align: center;\n\t\t\t\t\twidth: 50%;\n\t\t\t\t}\n\t\t\t\t#gallery-3 img {\n\t\t\t\t\tborder: 2px solid #cfcfcf;\n\t\t\t\t}\n\t\t\t\t#gallery-3 .gallery-caption {\n\t\t\t\t\tmargin-left: 0;\n\t\t\t\t}\n\t\t\t\t\/* see gallery_shortcode() in wp-includes\/media.php *\/\n\t\t\t<\/style>\n\t\t<div id='gallery-3' class='dt-gallery-container gallery galleryid-461856 gallery-columns-2 gallery-size-thumbnail'><dl class='gallery-item'>\n\t\t\t\t<dt class='gallery-icon portrait'>\n\t\t\t\t\t<a class=\"rollover rollover-zoom dt-pswp-item\" title=\"c694b1c4-a896-4fec-b638-a606bac56d5d\" data-dt-img-description=\"\" data-large_image_width=\"360\" data-large_image_height=\"640\"href='https:\/\/www.radiopiu.net\/wordpress\/wp-content\/uploads\/2025\/07\/c694b1c4-a896-4fec-b638-a606bac56d5d.jpg'><img loading=\"lazy\" decoding=\"async\" width=\"150\" height=\"150\" src=\"https:\/\/www.radiopiu.net\/wordpress\/wp-content\/uploads\/2025\/07\/c694b1c4-a896-4fec-b638-a606bac56d5d-150x150.jpg\" class=\"attachment-thumbnail size-thumbnail\" alt=\"\" \/><\/a>\n\t\t\t\t<\/dt><\/dl><dl class='gallery-item'>\n\t\t\t\t<dt class='gallery-icon portrait'>\n\t\t\t\t\t<a class=\"rollover rollover-zoom dt-pswp-item\" title=\"0e6f5ef9-ab7e-435b-ba86-45381da471f7\" data-dt-img-description=\"\" data-large_image_width=\"360\" data-large_image_height=\"640\"href='https:\/\/www.radiopiu.net\/wordpress\/wp-content\/uploads\/2025\/07\/0e6f5ef9-ab7e-435b-ba86-45381da471f7.jpg'><img loading=\"lazy\" decoding=\"async\" width=\"150\" height=\"150\" src=\"https:\/\/www.radiopiu.net\/wordpress\/wp-content\/uploads\/2025\/07\/0e6f5ef9-ab7e-435b-ba86-45381da471f7-150x150.jpg\" class=\"attachment-thumbnail size-thumbnail\" alt=\"\" \/><\/a>\n\t\t\t\t<\/dt><\/dl><br style=\"clear: both\" \/>\n\t\t\t<\/div>\n\n<p>&nbsp;<\/p>\n<hr \/>\n<p>&nbsp;<\/p>\n<p>&nbsp;<\/p>\n<blockquote>\n<h1 class=\"_title post-title entry-title\">STATALE 51 DI ALEMAGNA, FRONTE COMUNE PER INFRASTRUTTURE DEFINITIVE<\/h1>\n<\/blockquote>\n<p>FRANCO DE BON (SINDACO DI SAN VITO DI CADORE), GIANLUCA LORENZI (SINDACO DI CORTINA D\u2019AMPEZZO), ROBERTO PADRIN (PRESIDENTE PROVINCIA DI BELLUNO) (Servizio di\u00a0<a href=\"https:\/\/antennatre.medianordest.it\/redazione\/Tiziana-Bolognani\/\">Tiziana Bolognani<\/a>)<\/p>\n<p><iframe loading=\"lazy\" title=\"STATALE 51 DI ALEMAGNA, FRONTE COMUNE PER INFRASTRUTTURE DEFINITIVE | 29\/07\/2025\" width=\"1200\" height=\"675\" src=\"https:\/\/www.youtube.com\/embed\/sHydrtwVKAc?feature=oembed\" frameborder=\"0\" allow=\"accelerometer; autoplay; clipboard-write; encrypted-media; gyroscope; picture-in-picture; web-share\" referrerpolicy=\"strict-origin-when-cross-origin\" allowfullscreen><\/iframe><\/p>\n<p>&nbsp;<\/p>\n<blockquote>\n<h1 class=\"_title post-title entry-title\">ODG SULLA SS 51, SCINTILLE IN CONSIGLIO FRA CALLIGARO E MANUSHI<\/h1>\n<\/blockquote>\n<p>SINDI MANUSHI (CONSIGLIERA FUTURA CENTRO SINISTRA BELLUNESE) (Servizio di\u00a0<a href=\"https:\/\/antennatre.medianordest.it\/redazione\/Tiziana-Bolognani\/\">Tiziana Bolognani<\/a>)<\/p>\n<p><iframe loading=\"lazy\" title=\"ODG SULLA SS 51, SCINTILLE IN CONSIGLIO FRA CALLIGARO E MANUSHI | 29\/07\/2025\" width=\"1200\" height=\"675\" src=\"https:\/\/www.youtube.com\/embed\/TDSF3uek_K4?feature=oembed\" frameborder=\"0\" allow=\"accelerometer; autoplay; clipboard-write; encrypted-media; gyroscope; picture-in-picture; web-share\" referrerpolicy=\"strict-origin-when-cross-origin\" allowfullscreen><\/iframe><\/p>\n<hr \/>\n<p>&nbsp;<\/p>\n<blockquote>\n<h3>FODOM SERVIZI E ASCA: NIENTE FUSIONE MA RAPPORTI SOLIDI E OBIETTIVI CONDIVISI<\/h3>\n<\/blockquote>\n<p><strong><a class=\"dt-pswp-item\" href=\"https:\/\/www.radiopiu.net\/wordpress\/wp-content\/uploads\/2025\/07\/47e2f9cc-4d20-4d92-a41a-a2b61b979dd9.jpg\" data-dt-img-description=\"\" data-large_image_width=\"2000\" data-large_image_height=\"1500\"><img loading=\"lazy\" decoding=\"async\" class=\" wp-image-461986 alignleft\" src=\"https:\/\/www.radiopiu.net\/wordpress\/wp-content\/uploads\/2025\/07\/47e2f9cc-4d20-4d92-a41a-a2b61b979dd9-300x225.jpg\" alt=\"\" width=\"195\" height=\"146\" srcset=\"https:\/\/www.radiopiu.net\/wordpress\/wp-content\/uploads\/2025\/07\/47e2f9cc-4d20-4d92-a41a-a2b61b979dd9-300x225.jpg 300w, https:\/\/www.radiopiu.net\/wordpress\/wp-content\/uploads\/2025\/07\/47e2f9cc-4d20-4d92-a41a-a2b61b979dd9-1024x768.jpg 1024w, https:\/\/www.radiopiu.net\/wordpress\/wp-content\/uploads\/2025\/07\/47e2f9cc-4d20-4d92-a41a-a2b61b979dd9-768x576.jpg 768w, https:\/\/www.radiopiu.net\/wordpress\/wp-content\/uploads\/2025\/07\/47e2f9cc-4d20-4d92-a41a-a2b61b979dd9-1536x1152.jpg 1536w, https:\/\/www.radiopiu.net\/wordpress\/wp-content\/uploads\/2025\/07\/47e2f9cc-4d20-4d92-a41a-a2b61b979dd9.jpg 2000w\" sizes=\"auto, (max-width: 195px) 100vw, 195px\" \/><\/a>DI MARINA DONA&#8217;<\/strong><\/p>\n<p><strong>AGORDO<\/strong> Il presidente della &#8220;Fodom servizi&#8221; Denni Dorigo ce ne parla. In occasione dell&#8217;evento del 18 luglio in sala Don Tamis ad Agordo per salutare Mariachiara Santin, che ha lasciato l&#8217;incarico di direttrice dell&#8217;azienda Asca, chiediamo al presidente della &#8220;Fodom servizi&#8221; Denni Dorigo che era presente all&#8217;evento, quali siano i rapporti con l&#8217;azienda Asca dopo il rifiuto alla fusione per la gestione della casa di riposo &#8220;Villa San Giuseppe&#8221; di Livinallongo. L&#8217;obbiettivo principale della &#8220;Fodom servizi \u00e8 far sentire l&#8217;ospite come se fosse a casa sua e di offrire anche delle attivit\u00e0 di vario genere per riempire la giornata in modo attivo. Nonostante la non fusione comunque i rapporti tra Asca e la Fodom servizi sono tutt&#8217;altro che incrinati.<\/p>\n<p><strong>AUDIO<\/strong><\/p>\n<audio class=\"wp-audio-shortcode\" id=\"audio-461856-8\" preload=\"none\" style=\"width: 100%;\" controls=\"controls\"><source type=\"audio\/mpeg\" src=\"https:\/\/www.radiopiu.net\/wordpress\/wp-content\/uploads\/2025\/07\/FODOM-SERVIZI-E-ASCA-DENNY-DORIGO-METTE-A-TACERE-LE-VOCI-DI-UN-POSSIBILE-CONFLITTO-.mp3?_=8\" \/><a href=\"https:\/\/www.radiopiu.net\/wordpress\/wp-content\/uploads\/2025\/07\/FODOM-SERVIZI-E-ASCA-DENNY-DORIGO-METTE-A-TACERE-LE-VOCI-DI-UN-POSSIBILE-CONFLITTO-.mp3\">https:\/\/www.radiopiu.net\/wordpress\/wp-content\/uploads\/2025\/07\/FODOM-SERVIZI-E-ASCA-DENNY-DORIGO-METTE-A-TACERE-LE-VOCI-DI-UN-POSSIBILE-CONFLITTO-.mp3<\/a><\/audio>\n<p>&nbsp;<\/p>\n<p>&nbsp;<\/p>\n<p>&nbsp;<\/p>\n<hr \/>\n<p>&nbsp;<\/p>\n<blockquote>\n<h3>NESSUN AUMENTO PER LA MENSA SCOLASTICA: IL COMUNE SMENTISCE IL PD<\/h3>\n<\/blockquote>\n<p><strong><a class=\"dt-pswp-item\" href=\"https:\/\/www.radiopiu.net\/wordpress\/wp-content\/uploads\/2018\/06\/lavoro-addetto-mensa-cuoco.jpg\" data-dt-img-description=\"\" data-large_image_width=\"499\" data-large_image_height=\"293\"><img loading=\"lazy\" decoding=\"async\" class=\" wp-image-51211 alignleft\" src=\"https:\/\/www.radiopiu.net\/wordpress\/wp-content\/uploads\/2018\/06\/lavoro-addetto-mensa-cuoco-300x176.jpg\" alt=\"\" width=\"181\" height=\"106\" srcset=\"https:\/\/www.radiopiu.net\/wordpress\/wp-content\/uploads\/2018\/06\/lavoro-addetto-mensa-cuoco-300x176.jpg 300w, https:\/\/www.radiopiu.net\/wordpress\/wp-content\/uploads\/2018\/06\/lavoro-addetto-mensa-cuoco.jpg 499w\" sizes=\"auto, (max-width: 181px) 100vw, 181px\" \/><\/a>BELLUNO <\/strong>Il sindaco di Belluno Oscar De Pellegrin ha smentito con fermezza le voci di un aumento delle tariffe della mensa scolastica, definendole infondate e mai nemmeno ipotizzate. Il primo cittadino accusa il PD di generare allarmismo sociale con dichiarazioni basate su dati errati, danneggiando le famiglie. L\u2019assessore Roberta Olivotto ha chiarito che il costo del pasto pagato dal Comune non corrisponde alla tariffa applicata agli utenti, ferma da tre anni nonostante due adeguamenti ISTAT assorbiti dall\u2019Amministrazione. Nessuna delle consigliere del PD, sottolinea Olivotto, ha mai chiesto chiarimenti diretti o tramite interrogazioni in merito ad eventuali rincari. Il Comune ribadisce il suo impegno a sostenere le famiglie, anche attraverso il sistema di sconti ISEE fino all\u201980%. Investimenti recenti includono nuove mense e 130.000 euro per attrezzature. \u201cI fatti parlano pi\u00f9 forte delle polemiche\u201d, conclude l\u2019assessore.<\/p>\n<p>&nbsp;<\/p>\n<p>&nbsp;<\/p>\n<hr \/>\n<p>&nbsp;<\/p>\n<blockquote>\n<h3>FRAZIONI ATTIVE: CITTADINI E COMUNE INSIEME PER CURARE IL TERRITORIO<\/h3>\n<\/blockquote>\n<p><strong>BELLUNO <\/strong>Il progetto delle frazioni del Comune di Belluno entra nella fase operativa. Dopo la suddivisione in 27 aree, l\u2019approvazione di un Regolamento e la nomina dei capi frazione, molte comunit\u00e0 hanno avviato interventi di manutenzione in sussidiariet\u00e0. Coordinati dai capi frazione e in contatto con l\u2019Amministrazione, i cittadini si stanno prendendo cura dei propri territori. A Chiesurazza si gestisce il parco, a Tisoi si mantiene il cimitero e si interviene dopo eventi meteo, a Borgo Piave si cura l\u2019area verde e la scuola, mentre a Sopracroda si gestiscono i parcheggi e il laghetto antincendio. Il Comune fornisce mezzi, carburante e copertura assicurativa; i cittadini offrono tempo e impegno. \u201c\u00c8 lo spirito che volevamo \u2013 dichiara il sindaco De Pellegrin \u2013 un\u2019alleanza concreta tra amministrazione e territorio\u201d. L\u2019invito ai capi frazione \u00e8 di continuare a segnalare bisogni e organizzare nuovi interventi per rafforzare questa forma virtuosa di cittadinanza attiva.<\/p>\n\n\t\t\t<style type='text\/css'>\n\t\t\t\t#gallery-4 {\n\t\t\t\t\tmargin: auto;\n\t\t\t\t}\n\t\t\t\t#gallery-4 .gallery-item {\n\t\t\t\t\tfloat: left;\n\t\t\t\t\tmargin-top: 10px;\n\t\t\t\t\ttext-align: center;\n\t\t\t\t\twidth: 25%;\n\t\t\t\t}\n\t\t\t\t#gallery-4 img {\n\t\t\t\t\tborder: 2px solid #cfcfcf;\n\t\t\t\t}\n\t\t\t\t#gallery-4 .gallery-caption {\n\t\t\t\t\tmargin-left: 0;\n\t\t\t\t}\n\t\t\t\t\/* see gallery_shortcode() in wp-includes\/media.php *\/\n\t\t\t<\/style>\n\t\t<div id='gallery-4' class='dt-gallery-container gallery galleryid-461856 gallery-columns-4 gallery-size-thumbnail'><dl class='gallery-item'>\n\t\t\t\t<dt class='gallery-icon portrait'>\n\t\t\t\t\t<a class=\"rollover rollover-zoom dt-pswp-item\" title=\"Tisoi\" data-dt-img-description=\"\" data-large_image_width=\"1200\" data-large_image_height=\"1600\"href='https:\/\/www.radiopiu.net\/wordpress\/wp-content\/uploads\/2025\/07\/Tisoi.jpg'><img loading=\"lazy\" decoding=\"async\" width=\"150\" height=\"150\" src=\"https:\/\/www.radiopiu.net\/wordpress\/wp-content\/uploads\/2025\/07\/Tisoi-150x150.jpg\" class=\"attachment-thumbnail size-thumbnail\" alt=\"\" aria-describedby=\"gallery-4-461947\" \/><\/a>\n\t\t\t\t<\/dt>\n\t\t\t\t\t<dd class='wp-caption-text gallery-caption' id='gallery-4-461947'>\n\t\t\t\t\tTISOI\n\t\t\t\t\t<\/dd><\/dl><dl class='gallery-item'>\n\t\t\t\t<dt class='gallery-icon landscape'>\n\t\t\t\t\t<a class=\"rollover rollover-zoom dt-pswp-item\" title=\"Chiesurazza\" data-dt-img-description=\"\" data-large_image_width=\"2048\" data-large_image_height=\"1536\"href='https:\/\/www.radiopiu.net\/wordpress\/wp-content\/uploads\/2025\/07\/Chiesurazza.jpg'><img loading=\"lazy\" decoding=\"async\" width=\"150\" height=\"150\" src=\"https:\/\/www.radiopiu.net\/wordpress\/wp-content\/uploads\/2025\/07\/Chiesurazza-150x150.jpg\" class=\"attachment-thumbnail size-thumbnail\" alt=\"\" aria-describedby=\"gallery-4-461948\" \/><\/a>\n\t\t\t\t<\/dt>\n\t\t\t\t\t<dd class='wp-caption-text gallery-caption' id='gallery-4-461948'>\n\t\t\t\t\tCHIESURAZZA\n\t\t\t\t\t<\/dd><\/dl><dl class='gallery-item'>\n\t\t\t\t<dt class='gallery-icon landscape'>\n\t\t\t\t\t<a class=\"rollover rollover-zoom dt-pswp-item\" title=\"Borgo Piave\" data-dt-img-description=\"\" data-large_image_width=\"1600\" data-large_image_height=\"1200\"href='https:\/\/www.radiopiu.net\/wordpress\/wp-content\/uploads\/2025\/07\/Borgo-Piave.jpg'><img loading=\"lazy\" decoding=\"async\" width=\"150\" height=\"150\" src=\"https:\/\/www.radiopiu.net\/wordpress\/wp-content\/uploads\/2025\/07\/Borgo-Piave-150x150.jpg\" class=\"attachment-thumbnail size-thumbnail\" alt=\"\" aria-describedby=\"gallery-4-461949\" \/><\/a>\n\t\t\t\t<\/dt>\n\t\t\t\t\t<dd class='wp-caption-text gallery-caption' id='gallery-4-461949'>\n\t\t\t\t\tBORGO PIAVE\n\t\t\t\t\t<\/dd><\/dl><dl class='gallery-item'>\n\t\t\t\t<dt class='gallery-icon portrait'>\n\t\t\t\t\t<a class=\"rollover rollover-zoom dt-pswp-item\" title=\"Sopracroda\" data-dt-img-description=\"\" data-large_image_width=\"1200\" data-large_image_height=\"1600\"href='https:\/\/www.radiopiu.net\/wordpress\/wp-content\/uploads\/2025\/07\/Sopracroda.jpg'><img loading=\"lazy\" decoding=\"async\" width=\"150\" height=\"150\" src=\"https:\/\/www.radiopiu.net\/wordpress\/wp-content\/uploads\/2025\/07\/Sopracroda-150x150.jpg\" class=\"attachment-thumbnail size-thumbnail\" alt=\"\" aria-describedby=\"gallery-4-461950\" \/><\/a>\n\t\t\t\t<\/dt>\n\t\t\t\t\t<dd class='wp-caption-text gallery-caption' id='gallery-4-461950'>\n\t\t\t\t\tSOPRACRODA\n\t\t\t\t\t<\/dd><\/dl><br style=\"clear: both\" \/>\n\t\t\t<\/div>\n\n<p>&nbsp;<\/p>\n<hr \/>\n<p>&nbsp;<\/p>\n<blockquote>\n<h3>BIGLIETTO SCONTATO IL PRIMO AGOSTO AL MUSEO FULCIS PER RICORDARE SEBASTIANO RICCI<\/h3>\n<\/blockquote>\n<p><strong><a class=\"dt-pswp-item\" href=\"https:\/\/www.radiopiu.net\/wordpress\/wp-content\/uploads\/2024\/08\/Belluno-giardino-Museo-Fulcis-002.jpg\" data-dt-img-description=\"\" data-large_image_width=\"1000\" data-large_image_height=\"750\"><img loading=\"lazy\" decoding=\"async\" class=\" wp-image-405811 alignleft\" src=\"https:\/\/www.radiopiu.net\/wordpress\/wp-content\/uploads\/2024\/08\/Belluno-giardino-Museo-Fulcis-002-300x225.jpg\" alt=\"\" width=\"172\" height=\"129\" srcset=\"https:\/\/www.radiopiu.net\/wordpress\/wp-content\/uploads\/2024\/08\/Belluno-giardino-Museo-Fulcis-002-300x225.jpg 300w, https:\/\/www.radiopiu.net\/wordpress\/wp-content\/uploads\/2024\/08\/Belluno-giardino-Museo-Fulcis-002-768x576.jpg 768w, https:\/\/www.radiopiu.net\/wordpress\/wp-content\/uploads\/2024\/08\/Belluno-giardino-Museo-Fulcis-002.jpg 1000w\" sizes=\"auto, (max-width: 172px) 100vw, 172px\" \/><\/a>BELLUNO<\/strong> Il primo agosto di ogni anno, biglietto scontato per tutti al Museo di Palazzo Fulcis a Belluno: l&#8217;iniziativa \u00e8 voluta dal Comune capoluogo per ricordare Sebastiano Ricci, artista a cui \u00e8 dedicato il museo.<\/p>\n<p><strong>DI DANIELE DALVIT<\/strong><\/p>\n<audio class=\"wp-audio-shortcode\" id=\"audio-461856-9\" preload=\"none\" style=\"width: 100%;\" controls=\"controls\"><source type=\"audio\/mpeg\" src=\"https:\/\/www.radiopiu.net\/wordpress\/wp-content\/uploads\/2025\/07\/Servizio-Giornata-Sebastiano-Ricci-Museo.mp3?_=9\" \/><a href=\"https:\/\/www.radiopiu.net\/wordpress\/wp-content\/uploads\/2025\/07\/Servizio-Giornata-Sebastiano-Ricci-Museo.mp3\">https:\/\/www.radiopiu.net\/wordpress\/wp-content\/uploads\/2025\/07\/Servizio-Giornata-Sebastiano-Ricci-Museo.mp3<\/a><\/audio>\n<p>&nbsp;<\/p>\n<hr \/>\n<p>&nbsp;<\/p>\n<blockquote>\n<h3>DALLA GELATERIA \u201cBELLUNO\u201d IN BRASILE AL CUORE DELLE DOLOMITI<\/h3>\n<\/blockquote>\n<p><strong><a class=\"dt-pswp-item\" href=\"https:\/\/www.radiopiu.net\/wordpress\/wp-content\/uploads\/2025\/07\/rech_gelateria_dolomiti.jpg\" data-dt-img-description=\"\" data-large_image_width=\"1280\" data-large_image_height=\"640\"><img loading=\"lazy\" decoding=\"async\" class=\" wp-image-461955 alignleft\" src=\"https:\/\/www.radiopiu.net\/wordpress\/wp-content\/uploads\/2025\/07\/rech_gelateria_dolomiti-300x150.jpg\" alt=\"\" width=\"208\" height=\"104\" srcset=\"https:\/\/www.radiopiu.net\/wordpress\/wp-content\/uploads\/2025\/07\/rech_gelateria_dolomiti-300x150.jpg 300w, https:\/\/www.radiopiu.net\/wordpress\/wp-content\/uploads\/2025\/07\/rech_gelateria_dolomiti-1024x512.jpg 1024w, https:\/\/www.radiopiu.net\/wordpress\/wp-content\/uploads\/2025\/07\/rech_gelateria_dolomiti-768x384.jpg 768w, https:\/\/www.radiopiu.net\/wordpress\/wp-content\/uploads\/2025\/07\/rech_gelateria_dolomiti.jpg 1280w\" sizes=\"auto, (max-width: 208px) 100vw, 208px\" \/><\/a>BELLUNO <\/strong>Luned\u00ec 28 luglio la sede dell\u2019Associazione Bellunesi nel Mondo ha accolto Vera Lucia Lorenzet Rech e Janio Vicente Rech, titolari della gelateria artigianale \u201cBelluno\u201d di Florianopolis, Brasile. Discendenti di emigranti di Seren del Grappa e Mel, i due imprenditori hanno voluto rendere omaggio alle loro origini. Accolti dal consigliere Giuseppe Carrera e dal direttore Marco Crepaz, hanno raccontato la storia della loro attivit\u00e0 e il legame con il Bellunese, evidente nel nome scelto e nelle immagini che decorano il locale. La gelateria \u00e8 molto apprezzata per i gusti alla frutta e la qualit\u00e0 dei prodotti. La visita rafforza i legami tra l\u2019ABM e la comunit\u00e0 bellunese nel mondo, testimoniando il valore della memoria e dell\u2019identit\u00e0 condivisa anche a grande distanza.<\/p>\n<p>&nbsp;<\/p>\n<p>&nbsp;<\/p>\n<hr \/>\n<p>&nbsp;<\/p>\n<blockquote>\n<h3>EDUCAZIONE AMBIENTALE NELLA RISERVA VINCHETO DI CELARDA: INCONTRI CON ESPERTI E NATURA<\/h3>\n<\/blockquote>\n<p><strong>BELLUNO <\/strong>Ha preso il via con una visita guidata la stagione di incontri dedicati all\u2019educazione e divulgazione ambientale organizzata dal Reparto Carabinieri Biodiversit\u00e0 di Belluno presso la Riserva Naturale Vincheto di Celarda. Il prossimo appuntamento si terr\u00e0 sabato 2 agosto, dalle 9.00 alle 11.00, con la partecipazione del prof. Cesare Lasen, botanico di fama e profondo conoscitore della flora alpina. Durante l\u2019incontro, Lasen affronter\u00e0 il tema degli aspetti vegetazionali della riserva, soffermandosi sul bosco igrofilo e gli ambienti circostanti, fondamentali per l\u2019equilibrio dell\u2019ecosistema del Fiume Piave. La camminata guidata sar\u00e0 un\u2019occasione preziosa per approfondire la conoscenza della vegetazione tipica dell\u2019area protetta. La partecipazione \u00e8 gratuita, ma \u00e8 necessario prenotare scrivendo a: <a href=\"mailto:rcb.belluno@gmail.com\">rcb.belluno@gmail.com<\/a>.<\/p>\n\n\t\t\t<style type='text\/css'>\n\t\t\t\t#gallery-5 {\n\t\t\t\t\tmargin: auto;\n\t\t\t\t}\n\t\t\t\t#gallery-5 .gallery-item {\n\t\t\t\t\tfloat: left;\n\t\t\t\t\tmargin-top: 10px;\n\t\t\t\t\ttext-align: center;\n\t\t\t\t\twidth: 50%;\n\t\t\t\t}\n\t\t\t\t#gallery-5 img {\n\t\t\t\t\tborder: 2px solid #cfcfcf;\n\t\t\t\t}\n\t\t\t\t#gallery-5 .gallery-caption {\n\t\t\t\t\tmargin-left: 0;\n\t\t\t\t}\n\t\t\t\t\/* see gallery_shortcode() in wp-includes\/media.php *\/\n\t\t\t<\/style>\n\t\t<div id='gallery-5' class='dt-gallery-container gallery galleryid-461856 gallery-columns-2 gallery-size-thumbnail'><dl class='gallery-item'>\n\t\t\t\t<dt class='gallery-icon portrait'>\n\t\t\t\t\t<a class=\"rollover rollover-zoom dt-pswp-item\" title=\"loc lasen 2\" data-dt-img-description=\"\" data-large_image_width=\"1536\" data-large_image_height=\"2048\"href='https:\/\/www.radiopiu.net\/wordpress\/wp-content\/uploads\/2025\/07\/loc-lasen-2.jpg'><img loading=\"lazy\" decoding=\"async\" width=\"150\" height=\"150\" src=\"https:\/\/www.radiopiu.net\/wordpress\/wp-content\/uploads\/2025\/07\/loc-lasen-2-150x150.jpg\" class=\"attachment-thumbnail size-thumbnail\" alt=\"\" \/><\/a>\n\t\t\t\t<\/dt><\/dl><dl class='gallery-item'>\n\t\t\t\t<dt class='gallery-icon portrait'>\n\t\t\t\t\t<a class=\"rollover rollover-zoom dt-pswp-item\" title=\"loc lasen 3\" data-dt-img-description=\"\" data-large_image_width=\"1920\" data-large_image_height=\"2560\"href='https:\/\/www.radiopiu.net\/wordpress\/wp-content\/uploads\/2025\/07\/loc-lasen-3.jpg'><img loading=\"lazy\" decoding=\"async\" width=\"150\" height=\"150\" src=\"https:\/\/www.radiopiu.net\/wordpress\/wp-content\/uploads\/2025\/07\/loc-lasen-3-150x150.jpg\" class=\"attachment-thumbnail size-thumbnail\" alt=\"\" \/><\/a>\n\t\t\t\t<\/dt><\/dl><br style=\"clear: both\" \/>\n\t\t\t<\/div>\n\n<p>&nbsp;<\/p>\n<p>&nbsp;<\/p>\n<hr \/>\n<p>&nbsp;<\/p>\n<blockquote>\n<h3>UN MARE DI RUMORE PER GAZA: CAMPANE E PIAZZE UNITI NEL DISSENSO<\/h3>\n<\/blockquote>\n<p><strong><a class=\"dt-pswp-item\" href=\"https:\/\/www.radiopiu.net\/wordpress\/wp-content\/uploads\/2025\/07\/gaza-sta-morendo-di-fame2.jpg\" data-dt-img-description=\"\" data-large_image_width=\"2000\" data-large_image_height=\"1500\"><img loading=\"lazy\" decoding=\"async\" class=\" wp-image-461957 alignleft\" src=\"https:\/\/www.radiopiu.net\/wordpress\/wp-content\/uploads\/2025\/07\/gaza-sta-morendo-di-fame2-300x225.jpg\" alt=\"\" width=\"161\" height=\"121\" srcset=\"https:\/\/www.radiopiu.net\/wordpress\/wp-content\/uploads\/2025\/07\/gaza-sta-morendo-di-fame2-300x225.jpg 300w, https:\/\/www.radiopiu.net\/wordpress\/wp-content\/uploads\/2025\/07\/gaza-sta-morendo-di-fame2-1024x768.jpg 1024w, https:\/\/www.radiopiu.net\/wordpress\/wp-content\/uploads\/2025\/07\/gaza-sta-morendo-di-fame2-768x576.jpg 768w, https:\/\/www.radiopiu.net\/wordpress\/wp-content\/uploads\/2025\/07\/gaza-sta-morendo-di-fame2-1536x1152.jpg 1536w, https:\/\/www.radiopiu.net\/wordpress\/wp-content\/uploads\/2025\/07\/gaza-sta-morendo-di-fame2.jpg 2000w\" sizes=\"auto, (max-width: 161px) 100vw, 161px\" \/><\/a>FELTRE <\/strong>Il 27 luglio \u00e8 stata una serata di mobilitazione civile e umana in molte piazze d\u2019Italia e della provincia di Belluno. Cittadini, associazioni e famiglie hanno risposto all\u2019appello per rompere il silenzio sul dramma che si sta consumando a Gaza, dove la popolazione muore di fame. Nessuna bandiera politica, solo un richiamo all\u2019umanit\u00e0 e al rispetto della vita. In provincia, forte il segnale della Chiesa: su invito del Vescovo, alle 22 molti campanili, da Belluno a Feltre fino a Rasai di Seren, hanno suonato le campane in segno di protesta. A Feltre, l\u2019associazione Lo.Co. e il comitato Palestina hanno chiamato i cittadini a manifestare contro il silenzio colpevole delle istituzioni e dei governi. Le campane del duomo hanno suonato per Gaza, per la pace e per risvegliare le coscienze cristiane.<\/p>\n<p>&nbsp;<\/p>\n<p>&nbsp;<\/p>\n<hr \/>\n<p>&nbsp;<\/p>\n<blockquote>\n<h3>UNA MONOROTAIA TRA LE DOLOMITI? SI RIFA\u2019 VIVA L\u2019IDEA FUTURIBILE DI FERNANDO DE SIMONE<\/h3>\n<p><em>Presentato in Provincia un progetto innovativo per il trasporto nelle aree a rischio frane. Un sistema rapido, sismoresistente e gi\u00e0 testato nel mondo.<\/em><\/p>\n<p>&nbsp;<\/p><\/blockquote>\n<article class=\"text-token-text-primary w-full focus:outline-none scroll-mt-[calc(var(--header-height)+min(200px,max(70px,20svh)))]\" dir=\"auto\" tabindex=\"-1\" data-testid=\"conversation-turn-54\" data-scroll-anchor=\"true\" data-turn=\"assistant\">\n<div class=\"text-base my-auto mx-auto pb-10 [--thread-content-margin:--spacing(4)] @[37rem]:[--thread-content-margin:--spacing(6)] @[72rem]:[--thread-content-margin:--spacing(16)] px-(--thread-content-margin)\">\n<div class=\"[--thread-content-max-width:32rem] @[34rem]:[--thread-content-max-width:40rem] @[64rem]:[--thread-content-max-width:48rem] mx-auto max-w-(--thread-content-max-width) flex-1 group\/turn-messages focus-visible:outline-hidden relative flex w-full min-w-0 flex-col agent-turn\" tabindex=\"-1\">\n<div class=\"flex max-w-full flex-col grow\">\n<div class=\"min-h-8 text-message relative flex w-full flex-col items-end gap-2 text-start break-words whitespace-normal [.text-message+&amp;]:mt-5\" dir=\"auto\" data-message-author-role=\"assistant\" data-message-id=\"d86cbac4-f343-4681-8092-b18399c0f112\" data-message-model-slug=\"gpt-4o\">\n<div class=\"flex w-full flex-col gap-1 empty:hidden first:pt-[3px]\">\n<div class=\"markdown prose dark:prose-invert w-full break-words dark\">\n<p data-start=\"271\" data-end=\"626\"><img loading=\"lazy\" decoding=\"async\" class=\"alignleft\" src=\"https:\/\/www.radiopiu.net\/wordpress\/wp-content\/uploads\/2025\/07\/Senza-nome-66.png\" width=\"359\" height=\"243\" \/>Dimenticato per anni, il progetto di una linea ferroviaria tra Sedico, Agordo, Alleghe e Cortina torna al centro del dibattito grazie all\u2019ingegnere Fernando De Simone. Gi\u00e0 promotore di soluzioni alternative per la mobilit\u00e0 montana, De Simone ha presentato alla Provincia di Belluno un piano concreto: una <strong data-start=\"472\" data-end=\"499\">monorotaia sopraelevata<\/strong> sviluppata da <strong data-start=\"514\" data-end=\"540\">Intamin Transportation<\/strong>, azienda svizzera specializzata in sistemi di trasporto innovativi. Il sistema, pensato per territori montani e a rischio idrogeologico, poggerebbe su pali laterali alle strade esistenti, senza impatti invasivi. Una sola squadra pu\u00f2 realizzare 1,5 km l\u2019anno, ma con 23 squadre la tratta Calalzo\u2013Cortina (34,4 km) si potrebbe completare in dodici mesi. Gi\u00e0 collaudato in zone sismiche come Ashgabat e operativo a Bologna per il collegamento stazione\u2013aeroporto, il sistema raggiunge 80 km\/h. Il finanziamento proposto \u00e8 il <strong data-start=\"1064\" data-end=\"1085\">Project Financing<\/strong>, in cui pubblico e privato collaborano. In un territorio fragile e strategico, e con le Olimpiadi all\u2019orizzonte, la proposta sembra oggi meno utopica e pi\u00f9 urgente. La mobilit\u00e0 sostenibile nelle Dolomiti potrebbe finalmente diventare realt\u00e0.<\/p>\n<\/div>\n<\/div>\n<\/div>\n<\/div>\n<\/div>\n<\/div>\n<\/article>\n<p>&nbsp;<\/p>\n<p>&nbsp;<\/p>\n<hr \/>\n<p>&nbsp;<\/p>\n<blockquote>\n<h3>LA CURA PER IL TERRITORIO<\/h3>\n<\/blockquote>\n<p><strong>CANALE D&#8217;AGORDO<\/strong><\/p>\n<p data-start=\"102\" data-end=\"262\">Grazie di cuore a Nicola dei Crock e alla sua famiglia per mantenere sempre <strong data-start=\"180\" data-end=\"200\">pulito e agibile<\/strong> il percorso <strong data-start=\"213\" data-end=\"261\">Canal Piai \u2013 San Silvester \u2013 Sass del Bez d\u00fb<\/strong>. La vostra cura e dedizione rendono queste escursioni pi\u00f9 piacevoli e sicure per tutti gli amanti della montagna. Un sentito ringraziamento da parte della comunit\u00e0!<\/p>\n\n\t\t\t<style type='text\/css'>\n\t\t\t\t#gallery-6 {\n\t\t\t\t\tmargin: auto;\n\t\t\t\t}\n\t\t\t\t#gallery-6 .gallery-item {\n\t\t\t\t\tfloat: left;\n\t\t\t\t\tmargin-top: 10px;\n\t\t\t\t\ttext-align: center;\n\t\t\t\t\twidth: 33%;\n\t\t\t\t}\n\t\t\t\t#gallery-6 img {\n\t\t\t\t\tborder: 2px solid #cfcfcf;\n\t\t\t\t}\n\t\t\t\t#gallery-6 .gallery-caption {\n\t\t\t\t\tmargin-left: 0;\n\t\t\t\t}\n\t\t\t\t\/* see gallery_shortcode() in wp-includes\/media.php *\/\n\t\t\t<\/style>\n\t\t<div id='gallery-6' class='dt-gallery-container gallery galleryid-461856 gallery-columns-3 gallery-size-thumbnail'><dl class='gallery-item'>\n\t\t\t\t<dt class='gallery-icon portrait'>\n\t\t\t\t\t<a class=\"rollover rollover-zoom dt-pswp-item\" title=\"a56999d1-871e-48c6-b3e4-67a31af75b37\" data-dt-img-description=\"\" data-large_image_width=\"1200\" data-large_image_height=\"1600\"href='https:\/\/www.radiopiu.net\/wordpress\/wp-content\/uploads\/2025\/07\/a56999d1-871e-48c6-b3e4-67a31af75b37.jpg'><img loading=\"lazy\" decoding=\"async\" width=\"150\" height=\"150\" src=\"https:\/\/www.radiopiu.net\/wordpress\/wp-content\/uploads\/2025\/07\/a56999d1-871e-48c6-b3e4-67a31af75b37-150x150.jpg\" class=\"attachment-thumbnail size-thumbnail\" alt=\"\" \/><\/a>\n\t\t\t\t<\/dt><\/dl><dl class='gallery-item'>\n\t\t\t\t<dt class='gallery-icon landscape'>\n\t\t\t\t\t<a class=\"rollover rollover-zoom dt-pswp-item\" title=\"dea72e4a-dc50-4771-8547-5aaeb2ee286d\" data-dt-img-description=\"\" data-large_image_width=\"1600\" data-large_image_height=\"1200\"href='https:\/\/www.radiopiu.net\/wordpress\/wp-content\/uploads\/2025\/07\/dea72e4a-dc50-4771-8547-5aaeb2ee286d.jpg'><img loading=\"lazy\" decoding=\"async\" width=\"150\" height=\"150\" src=\"https:\/\/www.radiopiu.net\/wordpress\/wp-content\/uploads\/2025\/07\/dea72e4a-dc50-4771-8547-5aaeb2ee286d-150x150.jpg\" class=\"attachment-thumbnail size-thumbnail\" alt=\"\" \/><\/a>\n\t\t\t\t<\/dt><\/dl><dl class='gallery-item'>\n\t\t\t\t<dt class='gallery-icon landscape'>\n\t\t\t\t\t<a class=\"rollover rollover-zoom dt-pswp-item\" title=\"8dee2178-7935-43bd-8eaf-97fac0004da3\" data-dt-img-description=\"\" data-large_image_width=\"1600\" data-large_image_height=\"1200\"href='https:\/\/www.radiopiu.net\/wordpress\/wp-content\/uploads\/2025\/07\/8dee2178-7935-43bd-8eaf-97fac0004da3.jpg'><img loading=\"lazy\" decoding=\"async\" width=\"150\" height=\"150\" src=\"https:\/\/www.radiopiu.net\/wordpress\/wp-content\/uploads\/2025\/07\/8dee2178-7935-43bd-8eaf-97fac0004da3-150x150.jpg\" class=\"attachment-thumbnail size-thumbnail\" alt=\"\" \/><\/a>\n\t\t\t\t<\/dt><\/dl><br style=\"clear: both\" \/><dl class='gallery-item'>\n\t\t\t\t<dt class='gallery-icon portrait'>\n\t\t\t\t\t<a class=\"rollover rollover-zoom dt-pswp-item\" title=\"f4cc556d-35b9-4386-a297-582825818545\" data-dt-img-description=\"\" data-large_image_width=\"1200\" data-large_image_height=\"1600\"href='https:\/\/www.radiopiu.net\/wordpress\/wp-content\/uploads\/2025\/07\/f4cc556d-35b9-4386-a297-582825818545.jpg'><img loading=\"lazy\" decoding=\"async\" width=\"150\" height=\"150\" src=\"https:\/\/www.radiopiu.net\/wordpress\/wp-content\/uploads\/2025\/07\/f4cc556d-35b9-4386-a297-582825818545-150x150.jpg\" class=\"attachment-thumbnail size-thumbnail\" alt=\"\" \/><\/a>\n\t\t\t\t<\/dt><\/dl><dl class='gallery-item'>\n\t\t\t\t<dt class='gallery-icon portrait'>\n\t\t\t\t\t<a class=\"rollover rollover-zoom dt-pswp-item\" title=\"3ab1446e-44a8-41c3-9879-cb5e9babc9ea\" data-dt-img-description=\"\" data-large_image_width=\"1200\" data-large_image_height=\"1600\"href='https:\/\/www.radiopiu.net\/wordpress\/wp-content\/uploads\/2025\/07\/3ab1446e-44a8-41c3-9879-cb5e9babc9ea.jpg'><img loading=\"lazy\" decoding=\"async\" width=\"150\" height=\"150\" src=\"https:\/\/www.radiopiu.net\/wordpress\/wp-content\/uploads\/2025\/07\/3ab1446e-44a8-41c3-9879-cb5e9babc9ea-150x150.jpg\" class=\"attachment-thumbnail size-thumbnail\" alt=\"\" \/><\/a>\n\t\t\t\t<\/dt><\/dl><dl class='gallery-item'>\n\t\t\t\t<dt class='gallery-icon portrait'>\n\t\t\t\t\t<a class=\"rollover rollover-zoom dt-pswp-item\" title=\"3ea85c41-0785-473a-b678-98a21590b47b\" data-dt-img-description=\"\" data-large_image_width=\"1200\" data-large_image_height=\"1600\"href='https:\/\/www.radiopiu.net\/wordpress\/wp-content\/uploads\/2025\/07\/3ea85c41-0785-473a-b678-98a21590b47b.jpg'><img loading=\"lazy\" decoding=\"async\" width=\"150\" height=\"150\" src=\"https:\/\/www.radiopiu.net\/wordpress\/wp-content\/uploads\/2025\/07\/3ea85c41-0785-473a-b678-98a21590b47b-150x150.jpg\" class=\"attachment-thumbnail size-thumbnail\" alt=\"\" \/><\/a>\n\t\t\t\t<\/dt><\/dl><br style=\"clear: both\" \/>\n\t\t\t<\/div>\n\n<p>&nbsp;<\/p>\n<hr \/>\n<p>&nbsp;<\/p>\n<blockquote>\n<h3>SCUOLA INTERREGIONALE DI CANTO CON LE MUSE E LE DOLOMITI<\/h3>\n<\/blockquote>\n<p><strong>LA DIRETTA RADIO PIU&#8217;<\/strong><\/p>\n<p><iframe loading=\"lazy\" title=\"Scuola Interregionale di canto con Le Muse e Le Dolomiti\" width=\"1200\" height=\"900\" src=\"https:\/\/www.youtube.com\/embed\/hqmx93LoRp8?feature=oembed\" frameborder=\"0\" allow=\"accelerometer; autoplay; clipboard-write; encrypted-media; gyroscope; picture-in-picture; web-share\" referrerpolicy=\"strict-origin-when-cross-origin\" allowfullscreen><\/iframe><\/p>\n<p>&nbsp;<\/p>\n<hr \/>\n<p>&nbsp;<\/p>\n<p>&nbsp;<\/p>\n<div class=\"page-title-head hgroup\">\n<blockquote>\n<h2 class=\"entry-title\">DILLO A RADIO PIU\u2019\u2026SALVATO IL LICEO LINGUISTICO DI AURONZO, MA LA PARTITA PER LA SCUOLA IN CADORE \u00c8 ANCORA APERTA<\/h2>\n<\/blockquote>\n<\/div>\n<div class=\"page-title-breadcrumbs\">\n<p data-start=\"0\" data-end=\"66\"><strong data-start=\"14\" data-end=\"66\">&#8220;SCUOLA IN MONTAGNA, LA PARTITA \u00c8 ANCORA APERTA&#8221;<\/strong><\/p>\n<p data-start=\"68\" data-end=\"363\" data-is-last-node=\"\" data-is-only-node=\"\"><strong data-start=\"68\" data-end=\"99\">SINTESI RADIO (20 secondi):<\/strong><br data-start=\"99\" data-end=\"102\" \/>Francesco Marengon elogia il salvataggio del Liceo linguistico di Auronzo e l\u2019impegno di Silvia Calligaro, ma avverte: la sfida vera \u00e8 il futuro dell\u2019istruzione nelle terre alte. Serve gioco di squadra, perch\u00e9 la scuola \u00e8 la prima difesa contro lo spopolamento.<\/p>\n<\/div>\n<p>&nbsp;<\/p>\n<p dir=\"auto\"><strong class=\"photoswipe-wrapper\"><a class=\"dt-pswp-item pspw-wrap-ready\" href=\"https:\/\/www.radiopiu.net\/wordpress\/wp-content\/uploads\/2025\/07\/maxresdefault.jpg\" data-dt-img-description=\"\" data-large_image_width=\"1280\" data-large_image_height=\"720\"><img loading=\"lazy\" decoding=\"async\" class=\" wp-image-461966 alignleft\" src=\"https:\/\/www.radiopiu.net\/wordpress\/wp-content\/uploads\/2025\/07\/maxresdefault-300x169.jpg\" sizes=\"auto, (max-width: 243px) 100vw, 243px\" srcset=\"https:\/\/www.radiopiu.net\/wordpress\/wp-content\/uploads\/2025\/07\/maxresdefault-300x169.jpg 300w, https:\/\/www.radiopiu.net\/wordpress\/wp-content\/uploads\/2025\/07\/maxresdefault-1024x576.jpg 1024w, https:\/\/www.radiopiu.net\/wordpress\/wp-content\/uploads\/2025\/07\/maxresdefault-768x432.jpg 768w, https:\/\/www.radiopiu.net\/wordpress\/wp-content\/uploads\/2025\/07\/maxresdefault.jpg 1280w\" alt=\"\" width=\"243\" height=\"137\" \/><\/a>DI FRANCESCO MARENGON<\/strong><\/p>\n<p dir=\"auto\"><strong>AURONZO DI CADORE\u00a0<\/strong>Il salvataggio del Liceo linguistico di Auronzo, il futuro delle scuole del Cadore e il ringraziamento a Silvia Calligaro, sindaco di Vigo di Cadore e vicepresidente della Provincia di Belluno, per le sue azioni in questi campi: Francesco Marengon, consigliere dell\u2019Unione Montana Centro Cadore, guarda al presente e al futuro delle strutture scolastiche delle terre alte. \u00abPartiamo dalla questione del Liceo linguistico, dove hanno studiato le mie figlie e dove ho anche ricoperto il ruolo di rappresentante: negli ultimi anni, abbiamo cercato (senza riuscirci) un referente preparato e cosciente di come siano organizzate le scuole in Cadore per poter affrontare la questione e trovare possibili soluzioni. Per questo, non posso e non possiamo far altro che ringraziare Silvia Calligaro per aver scelto di metterci la faccia e per essersi impegnata per arrivare a questo salvataggio\u00bb, sottolinea Marengon. Ma questa azione non pu\u00f2 essere sufficiente se non c\u2019\u00e8 la partecipazione dei territori: \u00abPochi giorni dopo l\u2019ottima notizia dell\u2019intervento della Provincia di Belluno, di investitori esterni e di un importante investitore privato, la riunione promossa dal comitato delle aree interne proprio sul tema delle scuole e dei finanziamenti per l\u2019istruzione \u00e8 andata praticamente deserta: su questi temi dobbiamo esserci tutti, la situazione \u00e8 delicata e non possiamo lasciare al suo destino chi ha scelto di impegnarsi in prima persona come Silvia. Pensiamo ad esempio alla nuova scuola (in costruzione) dell\u2019istituto ottici e ITT a Pieve di Cadore: ci sono temi importanti da affrontare e i nostri amministratori non possono pensare che sia una persona sola a risolverli. Basta nascondersi o delegare: tutti parlano di lotta allo spopolamento, ma la scuola \u00e8 uno dei servizi principali da mantenere in montagna se vogliamo che le famiglie e i ragazzi continuino a vivere nei nostri paesi. Dobbiamo tutti prenderci la nostra fetta di responsabilit\u00e0, sapendo che possiamo contare su una rappresentante importante a Belluno e Silvia deve sapere di poter contare su di noi\u00bb. \u00abIl salvataggio del Liceo linguistico \u00e8 stata una vittoria importante, ma \u00e8 stata anche una sola partita all\u2019interno di un campionato pi\u00f9 importante, quello del futuro delle scuole e della formazione in Cadore, Comelico e Ampezzo\u00bb, conclude Marengon. \u00abIl \u201ctorneo\u201d \u00e8 ancora lungo, e tutti devono scendere in campo dando il massimo, altrimenti rischiamo di veder sfumare il risultato finale\u00bb.<\/p>\n<p>&nbsp;<\/p>\n<hr \/>\n<blockquote>\n<h2><\/h2>\n<h2>DILLO A RADIOPIU, <strong data-start=\"14\" data-end=\"71\">&#8220;DOLOMITI A RISCHIO: IL FUTURO \u00c8 (ANCORA) IN RITARDO&#8221;<\/strong><\/h2>\n<\/blockquote>\n<p><a class=\"dt-pswp-item\" href=\"https:\/\/www.radiopiu.net\/wordpress\/wp-content\/uploads\/2025\/07\/LJKFSOUHSA.jpg\" data-dt-img-description=\"\" data-large_image_width=\"806\" data-large_image_height=\"579\"><img loading=\"lazy\" decoding=\"async\" class=\"size-medium wp-image-460999 alignleft\" src=\"https:\/\/www.radiopiu.net\/wordpress\/wp-content\/uploads\/2025\/07\/LJKFSOUHSA-300x216.jpg\" alt=\"\" width=\"300\" height=\"216\" srcset=\"https:\/\/www.radiopiu.net\/wordpress\/wp-content\/uploads\/2025\/07\/LJKFSOUHSA-300x216.jpg 300w, https:\/\/www.radiopiu.net\/wordpress\/wp-content\/uploads\/2025\/07\/LJKFSOUHSA-768x552.jpg 768w, https:\/\/www.radiopiu.net\/wordpress\/wp-content\/uploads\/2025\/07\/LJKFSOUHSA.jpg 806w\" sizes=\"auto, (max-width: 300px) 100vw, 300px\" \/><\/a>Purtroppo questi episodi si originano sempre pi\u00f9 spesso anche a causa del cambiamento climatico che \u00e8 dimostrato aver origine anche dalle attivit\u00e0 umane che provocano il surriscaldamento dell\u2019atmosfera e lo scioglimento del permafrost che \u00e8 il collante delle nostre meravigliose Dolomiti. In questi giorni si sentono le discussioni degli esperti e le loro proposte per risolvere i problemi causati dallo sfacelo in atto nella zona della Croda Marcora e del Sorapis. Un problema completamente diverso, ma causato dalla stessa ragione (il riscaldamento globale con il conseguente innalzamento del livello marino) ha caratterizzato Venezia negli ultimi due secoli, grosso modo quindi dall\u2019inizio della rivoluzione industriale. Ma finalmente, con la realizzazione del Mose, si \u00e8 giunti ad un punto di svolta, uno spartiacque (parola appropriata) che dovrebbe procrastinare, non risolvere del tutto, il calvario di quel gioiello mondiale. Analogamente si dovrebbe agire per quanto sta avvenendo lungo la valle del Boite. Si aggiunga che le difficolt\u00e0 di mobilit\u00e0 in senso lato saranno ancora maggiori in previsione delle prossime Olimpiadi invernali, n\u00e9 la soluzione sar\u00e0 l\u2019introduzione delle navette da Longarone o altri hub in loco. Oltre a sperperare ora fiumi di danaro per spazzare al mattino ci\u00f2 che la montagna deposita la notte, e l\u2019impegno quotidiano di uomini e mezzi per prevenire ulteriori sfaldamenti, quale che sia la soluzione proposta (quelle finora suggerite sono la galleria in profondit\u00e0 nella sede detritica da San Vito a Zuel, il viadotto nello stesso percorso, o lo spostamento del percorso stradale sulla destra Boite), a mio giudizio non si riuscir\u00e0 a risolvere il problema, perch\u00e9, oltre a questo, se ne va aggiungendo un altro molto particolare, L\u2019overtourism. Dai passi dolomitici alle cime montane, dai sentieri Cai e non solo, dai rifugi, alle Alte Vie, alle strade di penetrazione del nostro territorio, stiamo assistendo ad una progressiva paralisi negli spostamenti e soprattutto nella possibilit\u00e0 di godere del nostro magnifico paesaggio. Per non parlare della vita degli abitanti, che viene quotidianamente scompigliata dalle migliaia di persone che con auto e moto allegramente ci assalgono. Frane, traffico automobilistico, di autocarri e di moto, ipertourism sono complicazioni che si sommano, di fronte alle quali una galleria, un viadotto, uno spostamento stradale o l\u2019introduzione di ticket, di orari o chiusure alternate dei passaggi, sono dei pannicelli caldi che non portano ad alcuna soluzione definitiva. Di fronte a questa situazione destinata solamente ad aggravarsi c\u2019\u00e8 una sola possibilit\u00e0 di svolta, che \u00e8 la ferrovia. Il Comitato per l\u2019Anello Ferroviario delle Dolomiti da decenni propone la ferrovia come unica soluzione soddisfacente a tutte queste tematiche. Un mezzo che ogni giorno pi\u00f9 dimostra la sua modernit\u00e0, la sua sicurezza nel difficile territorio montano, la sua capienza di trasporto, la sua sostanziale democrazia, la durata nel tempo della sua realizzazione e del suo valore, la elasticit\u00e0 di trasporto a lungo e corto raggio, e quindi di eliminazione di gran parte del traffico automobilistico e nel contempo di sostanziale metropolitana di superfice. Purtroppo la realt\u00e0 finora ha dimostrato che le parole pronunciate dalla politica nostrana, come d&#8217;altronde quella delle vicine provincie autonome, sostanziatesi negli ultimi dieci anni in roboanti incontri istituzionali, programmi, disegni, video emozionali, sono state vane e inconcludenti E oggi, di fronte allo sconquasso che ci avvolge e che certamente ci travolger\u00e0, se ne coglie la sostanziale incapacit\u00e0 previsionale, che dovrebbe essere la caratteristica fondamentale di un politico. Abbiamo perso oltre dieci anni che sarebbero stati sufficienti a prevenire i problemi.<\/p>\n<p><strong>Tomaso Pettazzi<\/strong><\/p>\n<p>Segretario del Comitato per l&#8217;Anello ferroviario delle Dolomiti<\/p>\n<p>&nbsp;<\/p>\n<p>&nbsp;<\/p>\n<p>&nbsp;<\/p>\n<hr \/>\n<p>&nbsp;<\/p>\n<blockquote>\n<h3>CONSIGLIO DELL&#8217;UNIONE MONTANA AGORDINA<\/h3>\n<\/blockquote>\n<p><strong>AGORDO <\/strong>Oggi alle 20 presso la Sala Don Tamis ad Agordo, si terr\u00e0 la seduta pubblica ordinaria del Consiglio dell\u2019Unione Montana Agordina. All\u2019ordine del giorno: recepimento delle convenzioni approvate dai Comuni agordini per la gestione associata di servizi strategici, tra cui strutture sportive, beni silvo-pastorali, centrale unica di committenza, protezione civile, tributi, personale, informatica e manutenzione del territorio. In programma anche la salvaguardia degli equilibri di bilancio 2025\u20132027 con l\u2019assestamento generale, la presa d\u2019atto della relazione dell\u2019Unit\u00e0 di controllo per il primo semestre 2025 e la presentazione del DUP 2026\/2028.<\/p>\n<a href=\"https:\/\/www.radiopiu.net\/wordpress\/wp-content\/uploads\/2025\/07\/INTEGRAZIONE-a-Convocazione-Consiglio_Unione_30-luglio-2025-ore-2000-signed-1.pdf\" class=\"pdfemb-viewer\" style=\"\" data-width=\"max\" data-height=\"max\" data-toolbar=\"top\" data-toolbar-fixed=\"on\">INTEGRAZIONE a Convocazione Consiglio_Unione_30 luglio 2025, ore 20,00-signed<\/a>\n<p>&nbsp;<\/p>\n<hr \/>\n<p>&nbsp;<\/p>\n<h1><span style=\"color: #ff0000;\">CONSIGLI COMUNALI IN AGORDINO<\/span><\/h1>\n<p><strong>CANALE<\/strong> <strong>D&#8217;AGORDO<\/strong> Il consiglio comunale \u00e8 stato convocato per domani alle 8. Due punti da discutere: una variazione a bilancio e il mutamento di destinazione d&#8217;uso di un terreno<\/p>\n<p><strong>ROCCA PIETORE<\/strong> Il sindaco di Rocca Pietore ha convocato il consiglio comunale per domani alle 18. Due punti all&#8217;ordine del giorno: assestamento di bilancio e salvaguardia degli equilibri e l&#8217;approvazione del rendiconto di ASCA per il 2024<\/p>\n<p><strong>ALLEGHE\u00a0<\/strong>Si svolger\u00e0 domani alle 20 il consiglio comunale di Alleghe. Sei punti in discussione tra cuo l&#8217;approvazione del DUP, due variazioni a bilancio, la modifica del regolamento comunale sulla tassa di soggiorno e al piano del commercio su aree pubbliche<\/p>\n<p><strong>CENCENIGHE<\/strong> Consiglio comunale domani alle 20:30. Tra i punti in discussione una variazione a bilancio, l&#8217;approvazione del DUP e il bilancio 2024 di ASCA<\/p>\n<p><strong>LIVINALLONGO\u00a0<\/strong>Saranno 4 i punti in discussione nel consiglio comunale convocato domani alle 20:30. In discussione la salvaguardia degli equilibri, la nomina del revisore dei conti e il bilancio dell&#8217;Azienda Fodom Servizi<\/p>\n<p>&nbsp;<\/p>\n<p>&nbsp;<\/p>\n<hr \/>\n<p>&nbsp;<\/p>\n<blockquote>\n<h3>LA MONTAGNA NEL CUORE 2025: CULTURA, EMOZIONI E GRANDI OSPITI AD ALLEGHE<\/h3>\n<\/blockquote>\n<p><strong><a class=\"dt-pswp-item\" href=\"https:\/\/www.radiopiu.net\/wordpress\/wp-content\/uploads\/2025\/07\/LoSGHAOSGA-1.jpg\" data-dt-img-description=\"\" data-large_image_width=\"1131\" data-large_image_height=\"997\"><img loading=\"lazy\" decoding=\"async\" class=\" wp-image-458380 alignleft\" src=\"https:\/\/www.radiopiu.net\/wordpress\/wp-content\/uploads\/2025\/07\/LoSGHAOSGA-1-300x264.jpg\" alt=\"\" width=\"182\" height=\"160\" srcset=\"https:\/\/www.radiopiu.net\/wordpress\/wp-content\/uploads\/2025\/07\/LoSGHAOSGA-1-300x264.jpg 300w, https:\/\/www.radiopiu.net\/wordpress\/wp-content\/uploads\/2025\/07\/LoSGHAOSGA-1-1024x903.jpg 1024w, https:\/\/www.radiopiu.net\/wordpress\/wp-content\/uploads\/2025\/07\/LoSGHAOSGA-1-768x677.jpg 768w, https:\/\/www.radiopiu.net\/wordpress\/wp-content\/uploads\/2025\/07\/LoSGHAOSGA-1.jpg 1131w\" sizes=\"auto, (max-width: 182px) 100vw, 182px\" \/><\/a>ALLEGHE <\/strong>L\u2019estate 2025 ad Alleghe si arricchisce con \u201cLa Montagna nel Cuore\u201d, rassegna culturale promossa dal Consorzio Operatori Turistici e dal Comune, in collaborazione con la biblioteca. Sei appuntamenti settimanali, dal 17 luglio al 6 agosto, animeranno la Sala Stoppani con protagonisti d\u2019eccezione. Domani l\u2019olimpionica Deborah Compagnoni racconter\u00e0 la sua vita tra le montagne. Il 2 agosto Igor Koller e Luca Calvi parleranno della leggendaria Via del Pesce sulla Marmolada. Chiuder\u00e0 la rassegna una serata speciale tra musica e disegno con Fabio Vettori e il duo Gabrielli Bernardi, per un originale omaggio a Niccol\u00f2 Paganini il 6 agosto. Una celebrazione intensa della montagna tra parole, immagini e suoni.<\/p>\n<p>&nbsp;<\/p>\n<p>&nbsp;<\/p>\n<p>&nbsp;<\/p>\n<hr \/>\n<p>&nbsp;<\/p>\n<blockquote>\n<h3>UN&#8217;ESTATE DI EVENTI CON L&#8217;ASSOCIAZIONE BORGO SOTTOGUDA<\/h3>\n<\/blockquote>\n<p><strong>ROCCA PIETORE <\/strong>Cultura, musica, spettacoli e natura si incontrano nello straordinario scenario di Rocca Pietore e delle Dolomiti. Segui l\u2019Associazione su Instagram e Facebook per non perdere neanche un appuntamento! Venerd\u00ec 1\u00b0 agosto, sempre al Teatro Tenda alle 20.45, arrivano \u201cLe mirabolanti avventure di Roald Dahl\u201d con Carlo Corsini e Simone Carnielli. Uno spettacolo per grandi e piccoli, ricco di magia e fantasia, tratto dalle celebri opere dello scrittore inglese. Anche questo evento \u00e8 a ingresso con offerta consapevole. Un\u2019estate da vivere tra emozioni, storie e paesaggi indimenticabili, grazie all\u2019impegno dell\u2019Associazione Borgo Sottoguda \u2013 Qualit\u00e0 e Territorio.<\/p>\n\n\t\t\t<style type='text\/css'>\n\t\t\t\t#gallery-7 {\n\t\t\t\t\tmargin: auto;\n\t\t\t\t}\n\t\t\t\t#gallery-7 .gallery-item {\n\t\t\t\t\tfloat: left;\n\t\t\t\t\tmargin-top: 10px;\n\t\t\t\t\ttext-align: center;\n\t\t\t\t\twidth: 50%;\n\t\t\t\t}\n\t\t\t\t#gallery-7 img {\n\t\t\t\t\tborder: 2px solid #cfcfcf;\n\t\t\t\t}\n\t\t\t\t#gallery-7 .gallery-caption {\n\t\t\t\t\tmargin-left: 0;\n\t\t\t\t}\n\t\t\t\t\/* see gallery_shortcode() in wp-includes\/media.php *\/\n\t\t\t<\/style>\n\t\t<div id='gallery-7' class='dt-gallery-container gallery galleryid-461856 gallery-columns-2 gallery-size-medium'><dl class='gallery-item'>\n\t\t\t\t<dt class='gallery-icon portrait'>\n\t\t\t\t\t<a class=\"rollover rollover-zoom dt-pswp-item\" title=\"4651f578-507e-465d-9233-15b857674fc4\" data-dt-img-description=\"\" data-large_image_width=\"1061\" data-large_image_height=\"1500\"href='https:\/\/www.radiopiu.net\/wordpress\/wp-content\/uploads\/2025\/07\/4651f578-507e-465d-9233-15b857674fc4.jpg'><img loading=\"lazy\" decoding=\"async\" width=\"212\" height=\"300\" src=\"https:\/\/www.radiopiu.net\/wordpress\/wp-content\/uploads\/2025\/07\/4651f578-507e-465d-9233-15b857674fc4-212x300.jpg\" class=\"attachment-medium size-medium\" alt=\"\" srcset=\"https:\/\/www.radiopiu.net\/wordpress\/wp-content\/uploads\/2025\/07\/4651f578-507e-465d-9233-15b857674fc4-212x300.jpg 212w, https:\/\/www.radiopiu.net\/wordpress\/wp-content\/uploads\/2025\/07\/4651f578-507e-465d-9233-15b857674fc4-724x1024.jpg 724w, https:\/\/www.radiopiu.net\/wordpress\/wp-content\/uploads\/2025\/07\/4651f578-507e-465d-9233-15b857674fc4-768x1086.jpg 768w, https:\/\/www.radiopiu.net\/wordpress\/wp-content\/uploads\/2025\/07\/4651f578-507e-465d-9233-15b857674fc4.jpg 1061w\" sizes=\"auto, (max-width: 212px) 100vw, 212px\" \/><\/a>\n\t\t\t\t<\/dt><\/dl><dl class='gallery-item'>\n\t\t\t\t<dt class='gallery-icon portrait'>\n\t\t\t\t\t<a class=\"rollover rollover-zoom dt-pswp-item\" title=\"9f9ca95d-04e3-4709-bc79-9e0aa5324ef1\" data-dt-img-description=\"\" data-large_image_width=\"1131\" data-large_image_height=\"1600\"href='https:\/\/www.radiopiu.net\/wordpress\/wp-content\/uploads\/2025\/07\/9f9ca95d-04e3-4709-bc79-9e0aa5324ef1.jpg'><img loading=\"lazy\" decoding=\"async\" width=\"212\" height=\"300\" src=\"https:\/\/www.radiopiu.net\/wordpress\/wp-content\/uploads\/2025\/07\/9f9ca95d-04e3-4709-bc79-9e0aa5324ef1-212x300.jpg\" class=\"attachment-medium size-medium\" alt=\"\" srcset=\"https:\/\/www.radiopiu.net\/wordpress\/wp-content\/uploads\/2025\/07\/9f9ca95d-04e3-4709-bc79-9e0aa5324ef1-212x300.jpg 212w, https:\/\/www.radiopiu.net\/wordpress\/wp-content\/uploads\/2025\/07\/9f9ca95d-04e3-4709-bc79-9e0aa5324ef1-724x1024.jpg 724w, https:\/\/www.radiopiu.net\/wordpress\/wp-content\/uploads\/2025\/07\/9f9ca95d-04e3-4709-bc79-9e0aa5324ef1-768x1086.jpg 768w, https:\/\/www.radiopiu.net\/wordpress\/wp-content\/uploads\/2025\/07\/9f9ca95d-04e3-4709-bc79-9e0aa5324ef1-1086x1536.jpg 1086w, https:\/\/www.radiopiu.net\/wordpress\/wp-content\/uploads\/2025\/07\/9f9ca95d-04e3-4709-bc79-9e0aa5324ef1.jpg 1131w\" sizes=\"auto, (max-width: 212px) 100vw, 212px\" \/><\/a>\n\t\t\t\t<\/dt><\/dl><br style=\"clear: both\" \/>\n\t\t\t<\/div>\n\n<p>&nbsp;<\/p>\n<hr \/>\n<p>&nbsp;<\/p>\n<blockquote>\n<h3>VAL FIORENTINA SUMMER VIBES: MUSICA DAL VIVO A SELVA DI CADORE<\/h3>\n<\/blockquote>\n<p><strong><a class=\"dt-pswp-item\" href=\"https:\/\/www.radiopiu.net\/wordpress\/wp-content\/uploads\/2022\/03\/254026600_962124181039693_1306450083412456774_n.png\" data-dt-img-description=\"\" data-large_image_width=\"390\" data-large_image_height=\"300\"><img loading=\"lazy\" decoding=\"async\" class=\" wp-image-267555 alignleft\" src=\"https:\/\/www.radiopiu.net\/wordpress\/wp-content\/uploads\/2022\/03\/254026600_962124181039693_1306450083412456774_n-300x231.png\" alt=\"\" width=\"160\" height=\"123\" srcset=\"https:\/\/www.radiopiu.net\/wordpress\/wp-content\/uploads\/2022\/03\/254026600_962124181039693_1306450083412456774_n-300x231.png 300w, https:\/\/www.radiopiu.net\/wordpress\/wp-content\/uploads\/2022\/03\/254026600_962124181039693_1306450083412456774_n.png 390w\" sizes=\"auto, (max-width: 160px) 100vw, 160px\" \/><\/a>SELVA DI CADORE <\/strong>Al via <em data-start=\"87\" data-end=\"116\">Val Fiorentina Summer Vibes<\/em>, la rassegna musicale estiva che animer\u00e0 Piazza S. Fosca a Selva di Cadore ogni venerd\u00ec dalle 18:00 alle 19:30. Un\u2019occasione per vivere l\u2019estate in musica, tra artisti locali e atmosfere rilassanti ai piedi delle Dolomiti. <strong data-start=\"341\" data-end=\"369\">Calendario degli eventi: <\/strong><strong data-start=\"422\" data-end=\"435\">01 agosto<\/strong>: Marco Marchesin + Chitarrista, <strong data-start=\"471\" data-end=\"484\">08 agosto<\/strong>: Eleonora Simeoni + Mattia Mad (duo vocale), <strong data-start=\"533\" data-end=\"546\">15 agosto<\/strong>: Miryam Magrini + Chitarrista + Percussioni, <strong data-start=\"595\" data-end=\"608\">22 agosto<\/strong>: Eleonora Simeoni + Chitarrista, <strong data-start=\"645\" data-end=\"658\">29 agosto<\/strong>: Silvia Smaniotto + Tastierista, <strong data-start=\"695\" data-end=\"711\">05 settembre<\/strong>: Alice Favaro + Chitarrista, <strong data-start=\"744\" data-end=\"760\">12 settembre<\/strong>: Marco Marchesin + Chitarrista. Un&#8217;estate di suoni e emozioni nella splendida cornice della Val Fiorentina.<\/p>\n<p>&nbsp;<\/p>\n<p>&nbsp;<\/p>\n<hr \/>\n<p>&nbsp;<\/p>\n<blockquote>\n<h3>IL CINEMA SOTTO LE STELLE TORNA AD AGORDO<\/h3>\n<\/blockquote>\n<p><strong><a class=\"dt-pswp-item\" href=\"https:\/\/www.radiopiu.net\/wordpress\/wp-content\/uploads\/2025\/07\/CINEMA-IN-CONTRADA.jpg\" data-dt-img-description=\"\" data-large_image_width=\"589\" data-large_image_height=\"403\"><img loading=\"lazy\" decoding=\"async\" class=\" wp-image-459052 alignleft\" src=\"https:\/\/www.radiopiu.net\/wordpress\/wp-content\/uploads\/2025\/07\/CINEMA-IN-CONTRADA-300x205.jpg\" alt=\"\" width=\"206\" height=\"141\" srcset=\"https:\/\/www.radiopiu.net\/wordpress\/wp-content\/uploads\/2025\/07\/CINEMA-IN-CONTRADA-300x205.jpg 300w, https:\/\/www.radiopiu.net\/wordpress\/wp-content\/uploads\/2025\/07\/CINEMA-IN-CONTRADA.jpg 589w\" sizes=\"auto, (max-width: 206px) 100vw, 206px\" \/><\/a>AGORDO<\/strong> Torna ad Agordo la rassegna \u201cCinema sotto le stelle delle Dolomiti\u201d, giunta alla sua quinta edizione. L\u2019iniziativa, organizzata dal Comune e dalla Pro Loco di Agordo, animer\u00e0 anche quest\u2019estate la Contrada dei Signori con tre serate dedicate al grande cinema, dal 31 luglio al 6 agosto. Il programma propone film per tutte le et\u00e0, capaci di emozionare e stimolare la riflessione. Si parte domani con <em data-start=\"469\" data-end=\"482\">Jojo Rabbit<\/em>, ironico e profondo racconto sull\u2019odio e la tolleranza. Segue, il 4 agosto, <em data-start=\"545\" data-end=\"557\">La La Land<\/em>, musical che celebra sogni e passioni. La rassegna si chiude il 6 agosto con <em data-start=\"623\" data-end=\"658\">Mio fratello rincorre i dinosauri<\/em>, toccante storia sulla disabilit\u00e0 e i legami familiari. In quest\u2019ultima serata interverranno la famiglia Mazzariol e la cooperativa Societ\u00e0 Nuova. Le proiezioni sono gratuite (posti limitati) e iniziano alle 21.00, tranne il 6 agosto (alle 20.15). Prenotazioni su Eventbrite o presso l\u2019Ufficio Turistico di Agordo.<\/p>\n<p><strong>DI GIANNI SANTOMASO<\/strong><\/p>\n<audio class=\"wp-audio-shortcode\" id=\"audio-461856-10\" preload=\"none\" style=\"width: 100%;\" controls=\"controls\"><source type=\"audio\/mpeg\" src=\"https:\/\/www.radiopiu.net\/wordpress\/wp-content\/uploads\/2025\/07\/GIANNI-TORNA-IL-CINEMA-ALLAPERTO-AD-AGORDO.mp3?_=10\" \/><a href=\"https:\/\/www.radiopiu.net\/wordpress\/wp-content\/uploads\/2025\/07\/GIANNI-TORNA-IL-CINEMA-ALLAPERTO-AD-AGORDO.mp3\">https:\/\/www.radiopiu.net\/wordpress\/wp-content\/uploads\/2025\/07\/GIANNI-TORNA-IL-CINEMA-ALLAPERTO-AD-AGORDO.mp3<\/a><\/audio>\n<p>&nbsp;<\/p>\n<hr \/>\n<p>&nbsp;<\/p>\n<blockquote>\n<h3>DOMENICA LA 40ESIMA ADUNANZA DEL CAI DI AGORDO<\/h3>\n<\/blockquote>\n<p><strong><a class=\"dt-pswp-item\" href=\"https:\/\/www.radiopiu.net\/wordpress\/wp-content\/uploads\/2020\/04\/cai-agordo.jpg\" data-dt-img-description=\"\" data-large_image_width=\"297\" data-large_image_height=\"170\"><img loading=\"lazy\" decoding=\"async\" class=\" wp-image-127841 alignleft\" src=\"https:\/\/www.radiopiu.net\/wordpress\/wp-content\/uploads\/2020\/04\/cai-agordo.jpg\" alt=\"\" width=\"229\" height=\"131\" \/><\/a>SOSPIROLO <\/strong>Domenica la splendida cornice della Certosa di Vedana ospiter\u00e0 la <strong data-start=\"278\" data-end=\"338\">40\u00aa Adunanza del Club Alpino Italiano \u2013 Sezione Agordina<\/strong>, con il patrocinio del Comune di Sospirolo. L\u2019evento, aperto a tutti, prender\u00e0 il via alle 9.30 con il ritrovo dei partecipanti presso la Certosa. A seguire, alle 10, si terr\u00e0 la Santa Messa nella cappella del complesso monastico. Il programma proseguir\u00e0 con i saluti ufficiali del Presidente Sezionale e delle autorit\u00e0 locali. Uno dei momenti centrali sar\u00e0 la <strong data-start=\"713\" data-end=\"752\">presentazione del libretto &#8220;Vedana&#8221;<\/strong>, prevista per le 11.45. A concludere la giornata, un rinfresco organizzato dalla Pro Loco di Sospirolo presso la localit\u00e0 Pr\u00e0 della Melia. In caso di maltempo, la presentazione del libretto si svolger\u00e0 presso la Sala Pellizzari del Centro Civico di Sospirolo.<\/p>\n<p>&nbsp;<\/p>\n<p>&nbsp;<\/p>\n<hr \/>\n<p>&nbsp;<\/p>\n<blockquote>\n<h3>VENERD\u00cc GOURMET ALL\u2019OH PERBACCO WINE DI CENCENIGHE: QUESTA SETTIMANA LE SPECIALITA DELL&#8217;EMILIA ROMAGNA<\/h3>\n<\/blockquote>\n<p><strong>CENCENIGHE<\/strong> Per tutto il mese di luglio e agosto, l\u2019Oh Perbacco Wine di Cencenighe dedica il venerd\u00ec sera agli apericena con abbinamenti gastronomici. Otto venerd\u00ec per otto cantine diverse. Un modo diverso per passare la serata tra un buon vino e del cibo delizioso. Questa settimana tocca all&#8217;aperitivo dell&#8217;Emilia Romagna.<\/p>\n\n\t\t\t<style type='text\/css'>\n\t\t\t\t#gallery-8 {\n\t\t\t\t\tmargin: auto;\n\t\t\t\t}\n\t\t\t\t#gallery-8 .gallery-item {\n\t\t\t\t\tfloat: left;\n\t\t\t\t\tmargin-top: 10px;\n\t\t\t\t\ttext-align: center;\n\t\t\t\t\twidth: 100%;\n\t\t\t\t}\n\t\t\t\t#gallery-8 img {\n\t\t\t\t\tborder: 2px solid #cfcfcf;\n\t\t\t\t}\n\t\t\t\t#gallery-8 .gallery-caption {\n\t\t\t\t\tmargin-left: 0;\n\t\t\t\t}\n\t\t\t\t\/* see gallery_shortcode() in wp-includes\/media.php *\/\n\t\t\t<\/style>\n\t\t<div id='gallery-8' class='dt-gallery-container gallery galleryid-461856 gallery-columns-1 gallery-size-medium'><dl class='gallery-item'>\n\t\t\t\t<dt class='gallery-icon portrait'>\n\t\t\t\t\t<a class=\"rollover rollover-zoom dt-pswp-item\" title=\"73c95982-118c-4d21-b11c-0bce34db78df\" data-dt-img-description=\"\" data-large_image_width=\"784\" data-large_image_height=\"1174\"href='https:\/\/www.radiopiu.net\/wordpress\/wp-content\/uploads\/2025\/07\/73c95982-118c-4d21-b11c-0bce34db78df.jpg'><img loading=\"lazy\" decoding=\"async\" width=\"200\" height=\"300\" src=\"https:\/\/www.radiopiu.net\/wordpress\/wp-content\/uploads\/2025\/07\/73c95982-118c-4d21-b11c-0bce34db78df-200x300.jpg\" class=\"attachment-medium size-medium\" alt=\"\" srcset=\"https:\/\/www.radiopiu.net\/wordpress\/wp-content\/uploads\/2025\/07\/73c95982-118c-4d21-b11c-0bce34db78df-200x300.jpg 200w, https:\/\/www.radiopiu.net\/wordpress\/wp-content\/uploads\/2025\/07\/73c95982-118c-4d21-b11c-0bce34db78df-684x1024.jpg 684w, https:\/\/www.radiopiu.net\/wordpress\/wp-content\/uploads\/2025\/07\/73c95982-118c-4d21-b11c-0bce34db78df-768x1150.jpg 768w, https:\/\/www.radiopiu.net\/wordpress\/wp-content\/uploads\/2025\/07\/73c95982-118c-4d21-b11c-0bce34db78df.jpg 784w\" sizes=\"auto, (max-width: 200px) 100vw, 200px\" \/><\/a>\n\t\t\t\t<\/dt><\/dl><br style=\"clear: both\" \/>\n\t\t\t<\/div>\n\n<p>&nbsp;<\/p>\n<hr \/>\n<p>&nbsp;<\/p>\n<blockquote>\n<h3>TRE GIORNI DI FESTA A LA VALLE CON LA SAGRA DE LA MADONA DE LA NEIF<\/h3>\n<\/blockquote>\n<p><strong><a class=\"dt-pswp-item\" href=\"https:\/\/www.radiopiu.net\/wordpress\/wp-content\/uploads\/2025\/07\/lhgaoghaoh.jpg\" data-dt-img-description=\"\" data-large_image_width=\"569\" data-large_image_height=\"267\"><img loading=\"lazy\" decoding=\"async\" class=\" wp-image-461023 alignleft\" src=\"https:\/\/www.radiopiu.net\/wordpress\/wp-content\/uploads\/2025\/07\/lhgaoghaoh-300x141.jpg\" alt=\"\" width=\"213\" height=\"100\" srcset=\"https:\/\/www.radiopiu.net\/wordpress\/wp-content\/uploads\/2025\/07\/lhgaoghaoh-300x141.jpg 300w, https:\/\/www.radiopiu.net\/wordpress\/wp-content\/uploads\/2025\/07\/lhgaoghaoh.jpg 569w\" sizes=\"auto, (max-width: 213px) 100vw, 213px\" \/><\/a>LA VALLE<\/strong> Dal 2 al 5 agosto 2025 torna a La Valle Agordina la tradizionale sagra \u201cMadona de la Neif\u201d, organizzata dai Lavallesi Riuniti. Quattro giorni di festa tra musica, gastronomia, giochi e tradizioni. Sabato apertura con aperitivo, torneo di calcio femminile e concerto della Kriss Groove Band. Domenica pomeriggio per bambini, magia, specialit\u00e0 gastronomiche e AlpenBruder in serata. Luned\u00ec si celebra la veglia solenne e si inaugura la mostra fotografica \u201cLa Val da Incornis\u00e0\u201d. Marted\u00ec gran finale con il Merc\u00e0 de l\u2019Ista, sfilata in costumi tradizionali, mestieri antichi, spiedo e serata danzante con Eros &amp; Karin.<\/p>\n<p>&nbsp;<\/p>\n<p>&nbsp;<\/p>\n<hr \/>\n<p>&nbsp;<\/p>\n<p><strong><a class=\"dt-pswp-item\" href=\"https:\/\/www.radiopiu.net\/wordpress\/wp-content\/uploads\/2025\/07\/SCR-20250723-mrjt.jpeg\" data-dt-img-description=\"\" data-large_image_width=\"1408\" data-large_image_height=\"1980\"><img loading=\"lazy\" decoding=\"async\" class=\" wp-image-460819 alignleft\" src=\"https:\/\/www.radiopiu.net\/wordpress\/wp-content\/uploads\/2025\/07\/SCR-20250723-mrjt-213x300.jpeg\" alt=\"\" width=\"130\" height=\"183\" srcset=\"https:\/\/www.radiopiu.net\/wordpress\/wp-content\/uploads\/2025\/07\/SCR-20250723-mrjt-213x300.jpeg 213w, https:\/\/www.radiopiu.net\/wordpress\/wp-content\/uploads\/2025\/07\/SCR-20250723-mrjt-728x1024.jpeg 728w, https:\/\/www.radiopiu.net\/wordpress\/wp-content\/uploads\/2025\/07\/SCR-20250723-mrjt-768x1080.jpeg 768w, https:\/\/www.radiopiu.net\/wordpress\/wp-content\/uploads\/2025\/07\/SCR-20250723-mrjt-1092x1536.jpeg 1092w, https:\/\/www.radiopiu.net\/wordpress\/wp-content\/uploads\/2025\/07\/SCR-20250723-mrjt.jpeg 1408w\" sizes=\"auto, (max-width: 130px) 100vw, 130px\" \/><\/a> <\/strong><\/p>\n<blockquote>\n<h3>PANZE PIENE&#8230;LA FESTA DEL PANZEROTTO A GOSALDO<\/h3>\n<\/blockquote>\n<p><strong>GOSALDO <\/strong>Sabato 2 agosto, appuntamento da non perdere a Gosaldo con \u201cPANZE-PIENE\u201d, la serata pi\u00f9 golosa dell\u2019estate! Dalle ore 19:00, sotto il tendone allestito dalla Pro Loco, prender\u00e0 il via la Festa del Panzerotto: panzerotti caldi, croccanti e filanti, preparati in tante varianti per soddisfare tutti i gusti. Ma la serata non finisce qui: dalle 21:00, si accendono le luci del palco e si scatena il divertimento con la musica live dei Tirataie, per ballare, cantare e vivere una notte all\u2019insegna dell\u2019allegria. Un ringraziamento speciale va alla Macelleria Bepi Bosol, sponsor dell\u2019evento e sostenitore delle iniziative locali. Per ulteriori informazioni: <a class=\"cursor-pointer\" rel=\"noopener\" data-start=\"790\" data-end=\"814\">prolocogosaldo@gmail.com<\/a><\/p>\n<p>&nbsp;<\/p>\n<p>&nbsp;<\/p>\n<hr \/>\n<p>&nbsp;<\/p>\n<blockquote>\n<h3><a class=\"dt-pswp-item\" href=\"https:\/\/www.radiopiu.net\/wordpress\/wp-content\/uploads\/2025\/07\/e62b2e71-0ff5-431d-96e8-6abc8fff354b.jpg\" data-dt-img-description=\"\" data-large_image_width=\"1070\" data-large_image_height=\"1523\"><img loading=\"lazy\" decoding=\"async\" class=\" wp-image-461260 alignleft\" src=\"https:\/\/www.radiopiu.net\/wordpress\/wp-content\/uploads\/2025\/07\/e62b2e71-0ff5-431d-96e8-6abc8fff354b-211x300.jpg\" alt=\"\" width=\"101\" height=\"144\" srcset=\"https:\/\/www.radiopiu.net\/wordpress\/wp-content\/uploads\/2025\/07\/e62b2e71-0ff5-431d-96e8-6abc8fff354b-211x300.jpg 211w, https:\/\/www.radiopiu.net\/wordpress\/wp-content\/uploads\/2025\/07\/e62b2e71-0ff5-431d-96e8-6abc8fff354b-719x1024.jpg 719w, https:\/\/www.radiopiu.net\/wordpress\/wp-content\/uploads\/2025\/07\/e62b2e71-0ff5-431d-96e8-6abc8fff354b-768x1093.jpg 768w, https:\/\/www.radiopiu.net\/wordpress\/wp-content\/uploads\/2025\/07\/e62b2e71-0ff5-431d-96e8-6abc8fff354b.jpg 1070w\" sizes=\"auto, (max-width: 101px) 100vw, 101px\" \/><\/a>LA MOSTRA MERCATO A GOSALDO<\/h3>\n<\/blockquote>\n<p><strong>GOSALDO<\/strong> L&#8217;Associazione Amici della Biblioteca di Gosaldo e la Pro Loco Gosaldo organizzano la mostra mercato &#8220;L&#8217;Arte che fa del bene&#8221;, presso la ex chiesa di San Giacomo a Gosaldo. La mostra raccoglie varie opere (tra cui acquerelli, acqueforti, litografie, oli) a firma di artisti come Bruno Donadel, Lino Fornasier e Francesco Piazza. Le opere esposte sono state donate da Simonetta, Valentina e Sergio Tazzer. Il ricavato dell&#8217;iniziativa sar\u00e0 devoluto alla Parrocchia di Gosaldo, che lo destiner\u00e0 ad iniziative benefiche. La mostra rimarr\u00e0 aperta dalle 10.00 alle 12.00 e dalle 17.00 alle 19.00 del 2 e 3 agosto, dal 9 al 17 agosto e il 23 e 24 agosto.<\/p>\n<p>&nbsp;<\/p>\n<p>&nbsp;<\/p>\n<hr \/>\n<p>&nbsp;<\/p>\n<blockquote>\n<h3><a class=\"dt-pswp-item\" href=\"https:\/\/www.radiopiu.net\/wordpress\/wp-content\/uploads\/2018\/05\/Dunio-al-lavoro_resized_2.jpg\" data-dt-img-description=\"\" data-large_image_width=\"1536\" data-large_image_height=\"1152\"><img loading=\"lazy\" decoding=\"async\" class=\" wp-image-48005 alignleft\" src=\"https:\/\/www.radiopiu.net\/wordpress\/wp-content\/uploads\/2018\/05\/Dunio-al-lavoro_resized_2-300x225.jpg\" alt=\"\" width=\"172\" height=\"129\" srcset=\"https:\/\/www.radiopiu.net\/wordpress\/wp-content\/uploads\/2018\/05\/Dunio-al-lavoro_resized_2-300x225.jpg 300w, https:\/\/www.radiopiu.net\/wordpress\/wp-content\/uploads\/2018\/05\/Dunio-al-lavoro_resized_2-768x576.jpg 768w, https:\/\/www.radiopiu.net\/wordpress\/wp-content\/uploads\/2018\/05\/Dunio-al-lavoro_resized_2-1024x768.jpg 1024w, https:\/\/www.radiopiu.net\/wordpress\/wp-content\/uploads\/2018\/05\/Dunio-al-lavoro_resized_2.jpg 1536w\" sizes=\"auto, (max-width: 172px) 100vw, 172px\" \/><\/a>ARTE E SCACCHI IN MOSTRA A SAN TOMASO AGORDINO<\/h3>\n<\/blockquote>\n<p><strong>SAN TOMASO <\/strong>La Pro Loco di San Tomaso Agordino inaugura sabato 2 agosto 2025 la mostra &#8220;Dunio e gli scacchi&#8221;, con 36 opere di Dunio Piccolin, nate dalla collaborazione con Giovanni Lorusso dell\u2019Associazione Valbelluna Scacchi. L\u2019esposizione unisce arte e gioco, rendendo gli scacchi pi\u00f9 accessibili e coinvolgenti attraverso illustrazioni per tornei e scuole. Visitabile fino al 17 agosto, la mostra celebra il valore educativo e sociale degli scacchi. Domenica 10 agosto verr\u00e0 presentato anche il libro \u201cLa scacchiera sotto il calicanto\u201d, con opere e racconti legati all\u2019iniziativa. Un evento imperdibile per appassionati.<\/p>\n<p>&nbsp;<\/p>\n<p>&nbsp;<\/p>\n<hr \/>\n<p>&nbsp;<\/p>\n<blockquote>\n<h3><a class=\"dt-pswp-item\" href=\"https:\/\/www.radiopiu.net\/wordpress\/wp-content\/uploads\/2025\/07\/d51a6893-06fe-44a2-80b0-b1604b82f746.jpg\" data-dt-img-description=\"\" data-large_image_width=\"1080\" data-large_image_height=\"1080\"><img loading=\"lazy\" decoding=\"async\" class=\" wp-image-461113 alignleft\" src=\"https:\/\/www.radiopiu.net\/wordpress\/wp-content\/uploads\/2025\/07\/d51a6893-06fe-44a2-80b0-b1604b82f746-300x300.jpg\" alt=\"\" width=\"107\" height=\"107\" srcset=\"https:\/\/www.radiopiu.net\/wordpress\/wp-content\/uploads\/2025\/07\/d51a6893-06fe-44a2-80b0-b1604b82f746-300x300.jpg 300w, https:\/\/www.radiopiu.net\/wordpress\/wp-content\/uploads\/2025\/07\/d51a6893-06fe-44a2-80b0-b1604b82f746-1024x1024.jpg 1024w, https:\/\/www.radiopiu.net\/wordpress\/wp-content\/uploads\/2025\/07\/d51a6893-06fe-44a2-80b0-b1604b82f746-150x150.jpg 150w, https:\/\/www.radiopiu.net\/wordpress\/wp-content\/uploads\/2025\/07\/d51a6893-06fe-44a2-80b0-b1604b82f746-768x768.jpg 768w, https:\/\/www.radiopiu.net\/wordpress\/wp-content\/uploads\/2025\/07\/d51a6893-06fe-44a2-80b0-b1604b82f746.jpg 1080w\" sizes=\"auto, (max-width: 107px) 100vw, 107px\" \/><\/a><\/h3>\n<h3>IL CORO AMICI CANTORI A SAN TOMASO<\/h3>\n<\/blockquote>\n<p><strong>SAN TOMASO<\/strong> Serata imperdibile sabato 2 agosto dedicata al canto corale alpino, ospitata nell\u2019antica chiesa di Celat a San Tomaso alle 20:30. Ad esibirsi saranno alcuni cantori del celebre Coro della SAT di Trento, la compagine maschile pi\u00f9 nota tra i cori di montagna in Italia.<\/p>\n<p>&nbsp;<\/p>\n<p>&nbsp;<\/p>\n<hr \/>\n<p>&nbsp;<\/p>\n<blockquote>\n<h3>AUTO MUSICA E DIVERTIMENTO A VILLA PATT DI SEDICO<\/h3>\n<\/blockquote>\n<p><strong><a class=\"dt-pswp-item\" href=\"https:\/\/www.radiopiu.net\/wordpress\/wp-content\/uploads\/2025\/07\/SCR-20250728-tcop.jpeg\" data-dt-img-description=\"\" data-large_image_width=\"1500\" data-large_image_height=\"654\"><img loading=\"lazy\" decoding=\"async\" class=\" wp-image-461845 alignleft\" src=\"https:\/\/www.radiopiu.net\/wordpress\/wp-content\/uploads\/2025\/07\/SCR-20250728-tcop-300x131.jpeg\" alt=\"\" width=\"204\" height=\"89\" srcset=\"https:\/\/www.radiopiu.net\/wordpress\/wp-content\/uploads\/2025\/07\/SCR-20250728-tcop-300x131.jpeg 300w, https:\/\/www.radiopiu.net\/wordpress\/wp-content\/uploads\/2025\/07\/SCR-20250728-tcop-1024x446.jpeg 1024w, https:\/\/www.radiopiu.net\/wordpress\/wp-content\/uploads\/2025\/07\/SCR-20250728-tcop-768x335.jpeg 768w, https:\/\/www.radiopiu.net\/wordpress\/wp-content\/uploads\/2025\/07\/SCR-20250728-tcop.jpeg 1500w\" sizes=\"auto, (max-width: 204px) 100vw, 204px\" \/><\/a>SEDICO <\/strong>Sabato Villa Patt a Sedico ospiter\u00e0 il primo raduno &#8220;Disagiato&#8221; del Bellunese: <em data-start=\"215\" data-end=\"242\">\u201cDisagiati on the Street\u201d<\/em>, un evento dedicato agli appassionati di auto sportive, d&#8217;epoca e moto a 2 e 3 ruote. Organizzato da Disagiati on the Street in collaborazione con TechnoLegend e Dolomiti Center Fitness, l\u2019evento promette una giornata ricca di intrattenimento: ingresso dalle ore 10, DJ set e musica dal vivo per tutto il giorno, food truck, chioschi e un mezzo speciale per i gelati. La partecipazione ha un costo di 15 euro per veicolo, con buono pasto e gadget inclusi per le prime 100 auto iscritte. Non mancheranno attivit\u00e0 e intrattenimento pensati anche per bambini e famiglie. Per info e iscrizioni: <a class=\"cursor-pointer\" target=\"_new\" rel=\"noopener\" data-start=\"838\" data-end=\"903\">www.disagiationthestreet.it<\/a><\/p>\n<p>&nbsp;<\/p>\n<p>&nbsp;<\/p>\n<hr \/>\n<p>&nbsp;<\/p>\n<blockquote>\n<h3>MUSICA DA CORTILE A PAIANE<\/h3>\n<\/blockquote>\n<p><strong>PONTE NELLE ALPI<\/strong> Sabato dalle 17, torna a Paiane la quinta edizione di &#8220;Musica da Cortile&#8221;, evento gratuito organizzato da APS ITM e Amici della Musica, con il patrocinio del Comune di Ponte nelle Alpi. Due palchi ospiteranno artisti come Fosca e La Gente, TaGaDa, Zeno Turetta, Neon, Suspectra e Gaia Morelli. La manifestazione trasforma la Scuola di Musica in uno spazio di condivisione e cultura, unendo generazioni attraverso la musica dal vivo. Ingresso libero.<\/p>\n<p>&nbsp;<\/p>\n<p>&nbsp;<\/p>\n<hr \/>\n<p>&nbsp;<\/p>\n<blockquote>\n<h3>\u201cGERLE\u201d: UN VIAGGIO TRA STORIA E TEATRO SULLE TRACCE DELLE PORTATRICI DEL COMELICO<\/h3>\n<\/blockquote>\n<p><strong><a class=\"dt-pswp-item\" href=\"https:\/\/www.radiopiu.net\/wordpress\/wp-content\/uploads\/2025\/07\/gerle_comelianti.jpg\" data-dt-img-description=\"\" data-large_image_width=\"1804\" data-large_image_height=\"1354\"><img loading=\"lazy\" decoding=\"async\" class=\" wp-image-461960 alignleft\" src=\"https:\/\/www.radiopiu.net\/wordpress\/wp-content\/uploads\/2025\/07\/gerle_comelianti-300x225.jpg\" alt=\"\" width=\"121\" height=\"91\" srcset=\"https:\/\/www.radiopiu.net\/wordpress\/wp-content\/uploads\/2025\/07\/gerle_comelianti-300x225.jpg 300w, https:\/\/www.radiopiu.net\/wordpress\/wp-content\/uploads\/2025\/07\/gerle_comelianti-1024x769.jpg 1024w, https:\/\/www.radiopiu.net\/wordpress\/wp-content\/uploads\/2025\/07\/gerle_comelianti-768x576.jpg 768w, https:\/\/www.radiopiu.net\/wordpress\/wp-content\/uploads\/2025\/07\/gerle_comelianti-1536x1153.jpg 1536w, https:\/\/www.radiopiu.net\/wordpress\/wp-content\/uploads\/2025\/07\/gerle_comelianti.jpg 1804w\" sizes=\"auto, (max-width: 121px) 100vw, 121px\" \/><\/a>SAN PIETRO DI CADORE <\/strong>Sabato alle 16, a San Pietro di Cadore si terr\u00e0 \u201cGerle. Il peso della guerra sulle spalle e nel cuore\u201d, tour storico-artistico in memoria delle Portatrici del Comelico, donne dimenticate della Prima Guerra Mondiale. L\u2019evento prevede visite guidate in piccoli gruppi con partenza dal monumento in Piazza Roma, per poi proseguire a Palazzo Poli-De Pol. Ogni tour include una parte storica, a cura di Silvia Soravia e Francesco Pomar\u00e8, e una teatrale con il gruppo I Comelianti. Parte della rassegna \u201cEstate in Villa 2025\u201d, l\u2019iniziativa \u00e8 gratuita, con prenotazione obbligatoria entro le 12.00 del 2 agosto.<\/p>\n<p>&nbsp;<\/p>\n<p>&nbsp;<\/p>\n<hr \/>\n<p>&nbsp;<\/p>\n<blockquote>\n<h3>MUSICA, RICORDI E NATURA: WEEKEND VIBRANTE A CHIES D\u2019ALPAGO<\/h3>\n<\/blockquote>\n<p>Chies d\u2019Alpago si anima con un weekend di musica e cultura. Gioved\u00ec 31 luglio alle 21.00, la storica band Fuori Orario torna con una Reunion all\u2019Ostaria La Ridesta di Irrighe, regalando una serata tra classici italiani e internazionali. Sabato 2 agosto, dalle 18.00, il Greenball si trasforma in una festa rock con le Pink Armada: aperitivo con DJ set e, dalle 22.00, concerto grintoso in ricordo di Matteo Zanon. Non solo musica: sabato e domenica, dalle 15.00 alle 18.00, sar\u00e0 aperto anche il Museo di Storia Naturale. Un fine settimana che unisce ritmo, memoria e bellezza del territorio.<\/p>\n<p>&nbsp;<\/p>\n<p>&nbsp;<\/p>\n<hr \/>\n<p>&nbsp;<\/p>\n<blockquote>\n<h3><a class=\"dt-pswp-item\" href=\"https:\/\/www.radiopiu.net\/wordpress\/wp-content\/uploads\/2025\/07\/LKDKL.jpg\" data-dt-img-description=\"\" data-large_image_width=\"1130\" data-large_image_height=\"707\"><img loading=\"lazy\" decoding=\"async\" class=\" wp-image-461767 alignleft\" src=\"https:\/\/www.radiopiu.net\/wordpress\/wp-content\/uploads\/2025\/07\/LKDKL-300x188.jpg\" alt=\"\" width=\"190\" height=\"119\" srcset=\"https:\/\/www.radiopiu.net\/wordpress\/wp-content\/uploads\/2025\/07\/LKDKL-300x188.jpg 300w, https:\/\/www.radiopiu.net\/wordpress\/wp-content\/uploads\/2025\/07\/LKDKL-1024x641.jpg 1024w, https:\/\/www.radiopiu.net\/wordpress\/wp-content\/uploads\/2025\/07\/LKDKL-768x481.jpg 768w, https:\/\/www.radiopiu.net\/wordpress\/wp-content\/uploads\/2025\/07\/LKDKL.jpg 1130w\" sizes=\"auto, (max-width: 190px) 100vw, 190px\" \/><\/a>LO SCHIANTO DEL F16 A LIMANA<\/h3>\n<\/blockquote>\n<p><strong>LIMANA<\/strong> Il Comune di Limana, in collaborazione con la Pro Loco, ripropone il documentario &#8220;Lo schianto dell&#8217;F16 a Limana&#8221; sabato 9 agosto alle 21:00, dopo il successo di febbraio. Saranno presenti il regista Giovanni Carraro e altri ospiti. Verranno mostrati documenti inediti e sar\u00e0 dato spazio alle testimonianze dei cittadini sul tragico evento accaduto 40 anni fa. L\u2019evento si terr\u00e0 sotto il tendone dell\u2019area Pro Loco in via R. Fiabane. Ingresso libero fino a esaurimento posti.<\/p>\n<p>&nbsp;<\/p>\n<p>&nbsp;<\/p>\n<hr \/>\n<p>&nbsp;<\/p>\n<blockquote>\n<h3>LOTTERIA &#8220;CELARDA TRA STORIA E NATURA&#8221; \u2013 ELENCO PREMI ESTRATTI IL 26 LUGLIO 2025<\/h3>\n<\/blockquote>\n<p><strong>FELTRE <\/strong>Si \u00e8 svolta sabato 26 luglio 2025 l\u2019estrazione dei biglietti vincenti della lotteria &#8220;Celarda tra storia e natura&#8221;, appuntamento molto atteso nell\u2019ambito dell\u2019evento che celebra le tradizioni, il paesaggio e la convivialit\u00e0 del borgo di Celarda. L\u2019organizzazione ringrazia tutti coloro che hanno partecipato e sostenuto l\u2019iniziativa. \u00a0Di seguito l\u2019elenco completo dei premi estratti. I possessori dei biglietti vincenti possono ritirare il proprio premio contattando Daniela Manfroi al numero:\u00a0335 340487.\u00a0 Si invita a conservare il biglietto e a effettuare il ritiro entro i termini indicati dal regolamento.\u00a0Complimenti ai vincitori e arrivederci alla prossima edizione di &#8220;Celarda tra storia e natura&#8221;!<\/p>\n<a href=\"https:\/\/www.radiopiu.net\/wordpress\/wp-content\/uploads\/2025\/07\/NumeriEstratti2025.pdf\" class=\"pdfemb-viewer\" style=\"\" data-width=\"max\" data-height=\"max\" data-toolbar=\"top\" data-toolbar-fixed=\"on\">NumeriEstratti2025<\/a>\n<p>&nbsp;<\/p>\n<hr \/>\n<p>&nbsp;<\/p>\n<blockquote>\n<h3>RIAPRONO I MUSEI DI LA VALLE AGORDINA E TAIBON: UN\u2019ESTATE TRA STORIA, TRADIZIONE E AUTENTICIT\u00c0<\/h3>\n<\/blockquote>\n<p data-start=\"100\" data-end=\"499\"><a class=\"dt-pswp-item\" href=\"https:\/\/www.radiopiu.net\/wordpress\/wp-content\/uploads\/2025\/07\/8d3ab9cd-a4cb-4a99-bfe1-ac0fb17b9dba.jpg\" data-dt-img-description=\"\" data-large_image_width=\"828\" data-large_image_height=\"1158\"><img loading=\"lazy\" decoding=\"async\" class=\"size-medium wp-image-457258 alignleft\" src=\"https:\/\/www.radiopiu.net\/wordpress\/wp-content\/uploads\/2025\/07\/8d3ab9cd-a4cb-4a99-bfe1-ac0fb17b9dba-215x300.jpg\" alt=\"\" width=\"215\" height=\"300\" srcset=\"https:\/\/www.radiopiu.net\/wordpress\/wp-content\/uploads\/2025\/07\/8d3ab9cd-a4cb-4a99-bfe1-ac0fb17b9dba-215x300.jpg 215w, https:\/\/www.radiopiu.net\/wordpress\/wp-content\/uploads\/2025\/07\/8d3ab9cd-a4cb-4a99-bfe1-ac0fb17b9dba-732x1024.jpg 732w, https:\/\/www.radiopiu.net\/wordpress\/wp-content\/uploads\/2025\/07\/8d3ab9cd-a4cb-4a99-bfe1-ac0fb17b9dba-768x1074.jpg 768w, https:\/\/www.radiopiu.net\/wordpress\/wp-content\/uploads\/2025\/07\/8d3ab9cd-a4cb-4a99-bfe1-ac0fb17b9dba.jpg 828w\" sizes=\"auto, (max-width: 215px) 100vw, 215px\" \/><\/a>L\u2019Associazione <em data-start=\"115\" data-end=\"150\">Ospitalit\u00e0 Diffusa Conca Agordina<\/em> annuncia con entusiasmo la riapertura estiva dei musei etnografici di <strong data-start=\"221\" data-end=\"242\">La Valle Agordina<\/strong> e <strong data-start=\"245\" data-end=\"255\">Taibon<\/strong>, luoghi preziosi di memoria e identit\u00e0 per le comunit\u00e0 della vallata. Una riapertura resa possibile grazie alla consolidata collaborazione con le amministrazioni comunali, che l\u2019associazione ringrazia sentitamente per il sostegno e la fiducia.<\/p>\n<p data-start=\"501\" data-end=\"740\">I musei saranno aperti <strong data-start=\"524\" data-end=\"570\">tutti i giorni nei mesi di luglio e agosto<\/strong>, grazie alla presenza dei volontari dell\u2019associazione, che a maggio hanno seguito un percorso di formazione per offrire un&#8217;accoglienza informata, attenta e appassionata.<a class=\"dt-pswp-item\" href=\"https:\/\/www.radiopiu.net\/wordpress\/wp-content\/uploads\/2025\/07\/4d595d64-63bb-4e50-8359-03cbcfa1dd7a.jpg\" data-dt-img-description=\"\" data-large_image_width=\"828\" data-large_image_height=\"1158\"><img loading=\"lazy\" decoding=\"async\" class=\"size-medium wp-image-457257 alignright\" src=\"https:\/\/www.radiopiu.net\/wordpress\/wp-content\/uploads\/2025\/07\/4d595d64-63bb-4e50-8359-03cbcfa1dd7a-215x300.jpg\" alt=\"\" width=\"215\" height=\"300\" srcset=\"https:\/\/www.radiopiu.net\/wordpress\/wp-content\/uploads\/2025\/07\/4d595d64-63bb-4e50-8359-03cbcfa1dd7a-215x300.jpg 215w, https:\/\/www.radiopiu.net\/wordpress\/wp-content\/uploads\/2025\/07\/4d595d64-63bb-4e50-8359-03cbcfa1dd7a-732x1024.jpg 732w, https:\/\/www.radiopiu.net\/wordpress\/wp-content\/uploads\/2025\/07\/4d595d64-63bb-4e50-8359-03cbcfa1dd7a-768x1074.jpg 768w, https:\/\/www.radiopiu.net\/wordpress\/wp-content\/uploads\/2025\/07\/4d595d64-63bb-4e50-8359-03cbcfa1dd7a.jpg 828w\" sizes=\"auto, (max-width: 215px) 100vw, 215px\" \/><\/a><\/p>\n<p data-start=\"742\" data-end=\"876\">A fianco della riapertura, prende vita anche un <strong data-start=\"790\" data-end=\"829\">percorso di scoperta sul territorio<\/strong> con due <strong data-start=\"838\" data-end=\"873\">passeggiate guidate settimanali<\/strong>:<\/p>\n<ul data-start=\"877\" data-end=\"945\">\n<li data-start=\"877\" data-end=\"905\">\n<p data-start=\"879\" data-end=\"905\">il <strong data-start=\"882\" data-end=\"902\">marted\u00ec a Taibon<\/strong>,<\/p>\n<\/li>\n<li data-start=\"906\" data-end=\"945\">\n<p data-start=\"908\" data-end=\"945\">il <strong data-start=\"911\" data-end=\"942\">gioved\u00ec a La Valle Agordina<\/strong>,<\/p>\n<\/li>\n<\/ul>\n<p data-start=\"947\" data-end=\"1089\">momenti pensati per immergersi nelle vie storiche, nei racconti e negli scorci pi\u00f9 autentici dei due paesi, guidati da esperti del territorio.<\/p>\n<p data-start=\"1091\" data-end=\"1266\">L\u2019obiettivo? Promuovere una frequentazione <strong data-start=\"1134\" data-end=\"1169\">lenta, consapevole e rispettosa<\/strong>, valorizzando storia e cultura con uno sguardo rivolto alla sostenibilit\u00e0 e all\u2019identit\u00e0 locale.<\/p>\n<p data-start=\"1268\" data-end=\"1582\">L\u2019ingresso ai musei \u00e8 <strong data-start=\"1290\" data-end=\"1302\">gratuito<\/strong>, mentre per le passeggiate sar\u00e0 richiesto un <strong data-start=\"1348\" data-end=\"1370\">piccolo contributo<\/strong>. Tutte le informazioni aggiornate (orari, eventuali variazioni e dettagli delle attivit\u00e0) sono disponibili sulle <strong data-start=\"1484\" data-end=\"1523\">pagine social di Ospitalit\u00e0 Diffusa<\/strong> e <strong data-start=\"1526\" data-end=\"1544\">su Google Maps<\/strong>, tramite le schede dedicate ai musei.<\/p>\n<p>I <strong data-start=\"1586\" data-end=\"1611\">volantini informativi<\/strong> si possono trovare anche presso gli <strong data-start=\"1648\" data-end=\"1668\">uffici turistici<\/strong> e le <strong data-start=\"1674\" data-end=\"1709\">attivit\u00e0 commerciali della zona<\/strong>.<\/p>\n<p>&nbsp;<\/p>\n<p>&nbsp;<\/p>\n<hr \/>\n<p>&nbsp;<\/p>\n<h1><span style=\"color: #ff6600;\">IERI ALLA RADIO<\/span><\/h1>\n<h2><span style=\"color: #ff00ff;\">OGGI COME IERI, TERZO ANNO. CON SILVIA BALDO<\/span><\/h2>\n<p><strong><a class=\"dt-pswp-item\" href=\"https:\/\/www.radiopiu.net\/wordpress\/wp-content\/uploads\/2025\/07\/07-29-Efemerides-de-Tecnologia-NASA.jpg\" data-dt-img-description=\"\" data-large_image_width=\"400\" data-large_image_height=\"319\"><img loading=\"lazy\" decoding=\"async\" class=\" wp-image-461976 alignleft\" src=\"https:\/\/www.radiopiu.net\/wordpress\/wp-content\/uploads\/2025\/07\/07-29-Efemerides-de-Tecnologia-NASA-300x239.jpg\" alt=\"\" width=\"164\" height=\"131\" srcset=\"https:\/\/www.radiopiu.net\/wordpress\/wp-content\/uploads\/2025\/07\/07-29-Efemerides-de-Tecnologia-NASA-300x239.jpg 300w, https:\/\/www.radiopiu.net\/wordpress\/wp-content\/uploads\/2025\/07\/07-29-Efemerides-de-Tecnologia-NASA.jpg 400w\" sizes=\"auto, (max-width: 164px) 100vw, 164px\" \/><\/a>29 LUGLIO 2025 LA NASCITA DELLA NASA<\/strong><\/p>\n<audio class=\"wp-audio-shortcode\" id=\"audio-461856-11\" preload=\"none\" style=\"width: 100%;\" controls=\"controls\"><source type=\"audio\/mpeg\" src=\"https:\/\/www.radiopiu.net\/wordpress\/wp-content\/uploads\/2025\/07\/SIBI2-3.mp3?_=11\" \/><a href=\"https:\/\/www.radiopiu.net\/wordpress\/wp-content\/uploads\/2025\/07\/SIBI2-3.mp3\">https:\/\/www.radiopiu.net\/wordpress\/wp-content\/uploads\/2025\/07\/SIBI2-3.mp3<\/a><\/audio>\n<p>&nbsp;<\/p>\n<h2><strong>LA RACCOLTA COMPLETA <a href=\"https:\/\/www.radiopiu.net\/wordpress\/oggi-come-ieri-terzo-anno-con-silvia-baldo\/\"><span style=\"color: #3366ff;\">CLICCA QUI<\/span><\/a><\/strong><\/h2>\n<p>&nbsp;<\/p>\n<hr \/>\n<p>&nbsp;<\/p>\n<h2><span style=\"color: #993300;\">&#8220;DINTORN E FORA VIA&#8221;\u00a0 IL PROGRAMMA\u00a0 A CURA DEL MUSLA\u00a0<\/span><\/h2>\n<p><strong><a class=\"dt-pswp-item\" href=\"https:\/\/www.radiopiu.net\/wordpress\/wp-content\/uploads\/2022\/05\/QUOTIDIANO-GIORNALE.jpg\" data-dt-img-description=\"\" data-large_image_width=\"1920\" data-large_image_height=\"1271\"><img loading=\"lazy\" decoding=\"async\" class=\" wp-image-274885 alignleft\" src=\"https:\/\/www.radiopiu.net\/wordpress\/wp-content\/uploads\/2022\/05\/QUOTIDIANO-GIORNALE-300x199.jpg\" alt=\"\" width=\"157\" height=\"104\" srcset=\"https:\/\/www.radiopiu.net\/wordpress\/wp-content\/uploads\/2022\/05\/QUOTIDIANO-GIORNALE-300x199.jpg 300w, https:\/\/www.radiopiu.net\/wordpress\/wp-content\/uploads\/2022\/05\/QUOTIDIANO-GIORNALE-1024x678.jpg 1024w, https:\/\/www.radiopiu.net\/wordpress\/wp-content\/uploads\/2022\/05\/QUOTIDIANO-GIORNALE-768x508.jpg 768w, https:\/\/www.radiopiu.net\/wordpress\/wp-content\/uploads\/2022\/05\/QUOTIDIANO-GIORNALE-1536x1017.jpg 1536w, https:\/\/www.radiopiu.net\/wordpress\/wp-content\/uploads\/2022\/05\/QUOTIDIANO-GIORNALE.jpg 1920w\" sizes=\"auto, (max-width: 157px) 100vw, 157px\" \/><\/a>PUNTATA DEL 29 LUGLIO 2025 <span style=\"color: #ff0000;\"><span style=\"color: #000000;\">LORENZO DE VALLIER<\/span><\/span><\/strong><\/p>\n<audio class=\"wp-audio-shortcode\" id=\"audio-461856-12\" preload=\"none\" style=\"width: 100%;\" controls=\"controls\"><source type=\"audio\/mpeg\" src=\"https:\/\/www.radiopiu.net\/wordpress\/wp-content\/uploads\/2025\/07\/MUSLA-8.mp3?_=12\" \/><a href=\"https:\/\/www.radiopiu.net\/wordpress\/wp-content\/uploads\/2025\/07\/MUSLA-8.mp3\">https:\/\/www.radiopiu.net\/wordpress\/wp-content\/uploads\/2025\/07\/MUSLA-8.mp3<\/a><\/audio>\n<p>&nbsp;<\/p>\n<h2><strong>LA RACCOLTA COMPLETA <a href=\"https:\/\/www.radiopiu.net\/wordpress\/musla\/\"><span style=\"color: #3366ff;\">CLICCA QUI<\/span><\/a><\/strong><\/h2>\n<p>&nbsp;<\/p>\n<hr \/>\n<p>&nbsp;<\/p>\n<h2><span style=\"color: #00ccff;\">A FORCELLA AURINE IL VERTICAL COL DE LUNA IN RICORDO DI LUCIA BARBIERO<\/span><\/h2>\n<p><strong><a class=\"dt-pswp-item\" href=\"https:\/\/www.radiopiu.net\/wordpress\/wp-content\/uploads\/2025\/07\/SCR-20250723-nfyz-1.png\" data-dt-img-description=\"\" data-large_image_width=\"634\" data-large_image_height=\"520\"><img loading=\"lazy\" decoding=\"async\" class=\" wp-image-460847 alignleft\" src=\"https:\/\/www.radiopiu.net\/wordpress\/wp-content\/uploads\/2025\/07\/SCR-20250723-nfyz-1-300x246.png\" alt=\"\" width=\"187\" height=\"153\" srcset=\"https:\/\/www.radiopiu.net\/wordpress\/wp-content\/uploads\/2025\/07\/SCR-20250723-nfyz-1-300x246.png 300w, https:\/\/www.radiopiu.net\/wordpress\/wp-content\/uploads\/2025\/07\/SCR-20250723-nfyz-1.png 634w\" sizes=\"auto, (max-width: 187px) 100vw, 187px\" \/><\/a>DI MIRKO MEZZACASA<\/strong><\/p>\n<p>OSPITI: Alessia De Marco, Terry Dal Soler e Luca Cagnati<\/p>\n<audio class=\"wp-audio-shortcode\" id=\"audio-461856-13\" preload=\"none\" style=\"width: 100%;\" controls=\"controls\"><source type=\"audio\/mpeg\" src=\"https:\/\/www.radiopiu.net\/wordpress\/wp-content\/uploads\/2025\/07\/lucia-barbiero-seconda-parte-col-de-luna-trail.mp3?_=13\" \/><a href=\"https:\/\/www.radiopiu.net\/wordpress\/wp-content\/uploads\/2025\/07\/lucia-barbiero-seconda-parte-col-de-luna-trail.mp3\">https:\/\/www.radiopiu.net\/wordpress\/wp-content\/uploads\/2025\/07\/lucia-barbiero-seconda-parte-col-de-luna-trail.mp3<\/a><\/audio>\n<p>&nbsp;<\/p>\n<hr \/>\n<p>&nbsp;<\/p>\n<h2><span style=\"color: #ffcc00;\">L&#8217;ESTATE AL CASTELLO DI ANDRAZ<\/span><\/h2>\n<p><strong><a class=\"dt-pswp-item\" href=\"https:\/\/www.radiopiu.net\/wordpress\/wp-content\/uploads\/2022\/05\/1_Sentiero-del-Respiro_Castello-Andraz_18-maggio.jpg\" data-dt-img-description=\"\" data-large_image_width=\"2048\" data-large_image_height=\"1536\"><img loading=\"lazy\" decoding=\"async\" class=\" wp-image-276482 alignleft\" src=\"https:\/\/www.radiopiu.net\/wordpress\/wp-content\/uploads\/2022\/05\/1_Sentiero-del-Respiro_Castello-Andraz_18-maggio-300x225.jpg\" alt=\"\" width=\"199\" height=\"149\" srcset=\"https:\/\/www.radiopiu.net\/wordpress\/wp-content\/uploads\/2022\/05\/1_Sentiero-del-Respiro_Castello-Andraz_18-maggio-300x225.jpg 300w, https:\/\/www.radiopiu.net\/wordpress\/wp-content\/uploads\/2022\/05\/1_Sentiero-del-Respiro_Castello-Andraz_18-maggio-1024x768.jpg 1024w, https:\/\/www.radiopiu.net\/wordpress\/wp-content\/uploads\/2022\/05\/1_Sentiero-del-Respiro_Castello-Andraz_18-maggio-768x576.jpg 768w, https:\/\/www.radiopiu.net\/wordpress\/wp-content\/uploads\/2022\/05\/1_Sentiero-del-Respiro_Castello-Andraz_18-maggio-1536x1152.jpg 1536w, https:\/\/www.radiopiu.net\/wordpress\/wp-content\/uploads\/2022\/05\/1_Sentiero-del-Respiro_Castello-Andraz_18-maggio.jpg 2048w\" sizes=\"auto, (max-width: 199px) 100vw, 199px\" \/><\/a>DI MIRKO MEZZACASA<\/strong><\/p>\n<p>OSPITI: Eleonora De Mattia e Milly Crepaz<\/p>\n<audio class=\"wp-audio-shortcode\" id=\"audio-461856-14\" preload=\"none\" style=\"width: 100%;\" controls=\"controls\"><source type=\"audio\/mpeg\" src=\"https:\/\/www.radiopiu.net\/wordpress\/wp-content\/uploads\/2025\/07\/ELEONORA-MILLY.mp3?_=14\" \/><a href=\"https:\/\/www.radiopiu.net\/wordpress\/wp-content\/uploads\/2025\/07\/ELEONORA-MILLY.mp3\">https:\/\/www.radiopiu.net\/wordpress\/wp-content\/uploads\/2025\/07\/ELEONORA-MILLY.mp3<\/a><\/audio>\n<p>&nbsp;<\/p>\n<hr \/>\n<p>&nbsp;<\/p>\n<h2><span style=\"color: #cc99ff;\">UN&#8217;ESTATE DI EVENTI A SAN TOMASO AGORDINO<\/span><\/h2>\n<p><strong><a class=\"dt-pswp-item\" href=\"https:\/\/www.radiopiu.net\/wordpress\/wp-content\/uploads\/2025\/07\/pdjsaph.jpg\" data-dt-img-description=\"\" data-large_image_width=\"376\" data-large_image_height=\"306\"><img loading=\"lazy\" decoding=\"async\" class=\" wp-image-458699 alignleft\" src=\"https:\/\/www.radiopiu.net\/wordpress\/wp-content\/uploads\/2025\/07\/pdjsaph-300x244.jpg\" alt=\"\" width=\"176\" height=\"143\" srcset=\"https:\/\/www.radiopiu.net\/wordpress\/wp-content\/uploads\/2025\/07\/pdjsaph-300x244.jpg 300w, https:\/\/www.radiopiu.net\/wordpress\/wp-content\/uploads\/2025\/07\/pdjsaph.jpg 376w\" sizes=\"auto, (max-width: 176px) 100vw, 176px\" \/><\/a>DI MIRKO MEZZACASA<\/strong><\/p>\n<p>OSPITI: Jos\u00e8 Gaiardo e Moreno De Val<\/p>\n<audio class=\"wp-audio-shortcode\" id=\"audio-461856-15\" preload=\"none\" style=\"width: 100%;\" controls=\"controls\"><source type=\"audio\/mpeg\" src=\"https:\/\/www.radiopiu.net\/wordpress\/wp-content\/uploads\/2025\/07\/jose-e-moreno-san-tmaso-2025.mp3?_=15\" \/><a href=\"https:\/\/www.radiopiu.net\/wordpress\/wp-content\/uploads\/2025\/07\/jose-e-moreno-san-tmaso-2025.mp3\">https:\/\/www.radiopiu.net\/wordpress\/wp-content\/uploads\/2025\/07\/jose-e-moreno-san-tmaso-2025.mp3<\/a><\/audio>\n<p>&nbsp;<\/p>\n<p>&nbsp;<\/p>\n<hr \/>\n<p>&nbsp;<\/p>\n<h2><span style=\"color: #333399;\">TORNA A CESIOMAGGIORE LA SETTIMANA DEL CICLISMO 2025: OSPITE D\u2019ONORE FRANCESCO MOSER<\/span><\/h2>\n<p><strong>CESIOMAGGIORE<\/strong> Torna a Cesiomaggiore la Settimana del Ciclismo: tanti appuntamenti sportivi e culturali, e dal Comune arriva l&#8217;annuncio di un&#8217;importante novit\u00e0. A benedire l&#8217;edizione 2025 della manifestazione, un gigante del ciclismo nazionale e mondiale: Francesco Moser.<\/p>\n<p><strong>DI DANIELE DALVIT<\/strong><\/p>\n<audio class=\"wp-audio-shortcode\" id=\"audio-461856-16\" preload=\"none\" style=\"width: 100%;\" controls=\"controls\"><source type=\"audio\/mpeg\" src=\"https:\/\/www.radiopiu.net\/wordpress\/wp-content\/uploads\/2025\/07\/Servizio-Settimana-ciclismo-Cesio-2025.mp3?_=16\" \/><a href=\"https:\/\/www.radiopiu.net\/wordpress\/wp-content\/uploads\/2025\/07\/Servizio-Settimana-ciclismo-Cesio-2025.mp3\">https:\/\/www.radiopiu.net\/wordpress\/wp-content\/uploads\/2025\/07\/Servizio-Settimana-ciclismo-Cesio-2025.mp3<\/a><\/audio>\n<p>&nbsp;<\/p>\n\n\t\t\t<style type='text\/css'>\n\t\t\t\t#gallery-9 {\n\t\t\t\t\tmargin: auto;\n\t\t\t\t}\n\t\t\t\t#gallery-9 .gallery-item {\n\t\t\t\t\tfloat: left;\n\t\t\t\t\tmargin-top: 10px;\n\t\t\t\t\ttext-align: center;\n\t\t\t\t\twidth: 20%;\n\t\t\t\t}\n\t\t\t\t#gallery-9 img {\n\t\t\t\t\tborder: 2px solid #cfcfcf;\n\t\t\t\t}\n\t\t\t\t#gallery-9 .gallery-caption {\n\t\t\t\t\tmargin-left: 0;\n\t\t\t\t}\n\t\t\t\t\/* see gallery_shortcode() in wp-includes\/media.php *\/\n\t\t\t<\/style>\n\t\t<div id='gallery-9' class='dt-gallery-container gallery galleryid-461856 gallery-columns-5 gallery-size-thumbnail'><dl class='gallery-item'>\n\t\t\t\t<dt class='gallery-icon landscape'>\n\t\t\t\t\t<a class=\"rollover rollover-zoom dt-pswp-item\" title=\"d716f072-5ffc-472a-8ebf-a020cf87852d\" data-dt-img-description=\"\" data-large_image_width=\"2560\" data-large_image_height=\"1920\"href='https:\/\/www.radiopiu.net\/wordpress\/wp-content\/uploads\/2025\/07\/d716f072-5ffc-472a-8ebf-a020cf87852d-scaled.jpg'><img loading=\"lazy\" decoding=\"async\" width=\"150\" height=\"150\" src=\"https:\/\/www.radiopiu.net\/wordpress\/wp-content\/uploads\/2025\/07\/d716f072-5ffc-472a-8ebf-a020cf87852d-150x150.jpg\" class=\"attachment-thumbnail size-thumbnail\" alt=\"\" \/><\/a>\n\t\t\t\t<\/dt><\/dl><dl class='gallery-item'>\n\t\t\t\t<dt class='gallery-icon landscape'>\n\t\t\t\t\t<a class=\"rollover rollover-zoom dt-pswp-item\" title=\"34f77be5-2e7b-4646-9905-7ba850bd4fce\" data-dt-img-description=\"\" data-large_image_width=\"2560\" data-large_image_height=\"1920\"href='https:\/\/www.radiopiu.net\/wordpress\/wp-content\/uploads\/2025\/07\/34f77be5-2e7b-4646-9905-7ba850bd4fce-scaled.jpg'><img loading=\"lazy\" decoding=\"async\" width=\"150\" height=\"150\" src=\"https:\/\/www.radiopiu.net\/wordpress\/wp-content\/uploads\/2025\/07\/34f77be5-2e7b-4646-9905-7ba850bd4fce-150x150.jpg\" class=\"attachment-thumbnail size-thumbnail\" alt=\"\" \/><\/a>\n\t\t\t\t<\/dt><\/dl><dl class='gallery-item'>\n\t\t\t\t<dt class='gallery-icon landscape'>\n\t\t\t\t\t<a class=\"rollover rollover-zoom dt-pswp-item\" title=\"11382885-a454-47be-8065-0db5eaa5e0dc\" data-dt-img-description=\"\" data-large_image_width=\"2560\" data-large_image_height=\"1920\"href='https:\/\/www.radiopiu.net\/wordpress\/wp-content\/uploads\/2025\/07\/11382885-a454-47be-8065-0db5eaa5e0dc-scaled.jpg'><img loading=\"lazy\" decoding=\"async\" width=\"150\" height=\"150\" src=\"https:\/\/www.radiopiu.net\/wordpress\/wp-content\/uploads\/2025\/07\/11382885-a454-47be-8065-0db5eaa5e0dc-150x150.jpg\" class=\"attachment-thumbnail size-thumbnail\" alt=\"\" \/><\/a>\n\t\t\t\t<\/dt><\/dl><dl class='gallery-item'>\n\t\t\t\t<dt class='gallery-icon landscape'>\n\t\t\t\t\t<a class=\"rollover rollover-zoom dt-pswp-item\" title=\"0f60dbea-5ce9-412b-ad61-1531feb7ca5a\" data-dt-img-description=\"\" data-large_image_width=\"2560\" data-large_image_height=\"1920\"href='https:\/\/www.radiopiu.net\/wordpress\/wp-content\/uploads\/2025\/07\/0f60dbea-5ce9-412b-ad61-1531feb7ca5a-scaled.jpg'><img loading=\"lazy\" decoding=\"async\" width=\"150\" height=\"150\" src=\"https:\/\/www.radiopiu.net\/wordpress\/wp-content\/uploads\/2025\/07\/0f60dbea-5ce9-412b-ad61-1531feb7ca5a-150x150.jpg\" class=\"attachment-thumbnail size-thumbnail\" alt=\"\" \/><\/a>\n\t\t\t\t<\/dt><\/dl><dl class='gallery-item'>\n\t\t\t\t<dt class='gallery-icon landscape'>\n\t\t\t\t\t<a class=\"rollover rollover-zoom dt-pswp-item\" title=\"66e5e6dc-5964-400e-a4d8-df5de56a7457\" data-dt-img-description=\"\" data-large_image_width=\"2560\" data-large_image_height=\"1920\"href='https:\/\/www.radiopiu.net\/wordpress\/wp-content\/uploads\/2025\/07\/66e5e6dc-5964-400e-a4d8-df5de56a7457-scaled.jpg'><img loading=\"lazy\" decoding=\"async\" width=\"150\" height=\"150\" src=\"https:\/\/www.radiopiu.net\/wordpress\/wp-content\/uploads\/2025\/07\/66e5e6dc-5964-400e-a4d8-df5de56a7457-150x150.jpg\" class=\"attachment-thumbnail size-thumbnail\" alt=\"\" \/><\/a>\n\t\t\t\t<\/dt><\/dl><br style=\"clear: both\" \/>\n\t\t\t<\/div>\n\n<p>&nbsp;<\/p>\n<hr \/>\n<p>&nbsp;<\/p>\n<h2><span style=\"color: #808080;\">UN FINE LUGLIO CARICO DI APPUNTAMENTI IN TERRITORIO FODOM<\/span><\/h2>\n<p><strong><a class=\"dt-pswp-item\" href=\"https:\/\/www.radiopiu.net\/wordpress\/wp-content\/uploads\/2021\/07\/Pieve-di-Livinallongo_Arabba-Fodom-Turismo.jpg\" data-dt-img-description=\"\" data-large_image_width=\"2016\" data-large_image_height=\"1512\"><img loading=\"lazy\" decoding=\"async\" class=\" wp-image-222884 alignleft\" src=\"https:\/\/www.radiopiu.net\/wordpress\/wp-content\/uploads\/2021\/07\/Pieve-di-Livinallongo_Arabba-Fodom-Turismo-300x225.jpg\" alt=\"\" width=\"173\" height=\"130\" srcset=\"https:\/\/www.radiopiu.net\/wordpress\/wp-content\/uploads\/2021\/07\/Pieve-di-Livinallongo_Arabba-Fodom-Turismo-300x225.jpg 300w, https:\/\/www.radiopiu.net\/wordpress\/wp-content\/uploads\/2021\/07\/Pieve-di-Livinallongo_Arabba-Fodom-Turismo-1024x768.jpg 1024w, https:\/\/www.radiopiu.net\/wordpress\/wp-content\/uploads\/2021\/07\/Pieve-di-Livinallongo_Arabba-Fodom-Turismo-768x576.jpg 768w, https:\/\/www.radiopiu.net\/wordpress\/wp-content\/uploads\/2021\/07\/Pieve-di-Livinallongo_Arabba-Fodom-Turismo-1536x1152.jpg 1536w, https:\/\/www.radiopiu.net\/wordpress\/wp-content\/uploads\/2021\/07\/Pieve-di-Livinallongo_Arabba-Fodom-Turismo.jpg 2016w\" sizes=\"auto, (max-width: 173px) 100vw, 173px\" \/><\/a>LIVINALLONGO<\/strong><\/p>\n<p>DI GIANPAOLO SORATROI<\/p>\n<audio class=\"wp-audio-shortcode\" id=\"audio-461856-17\" preload=\"none\" style=\"width: 100%;\" controls=\"controls\"><source type=\"audio\/mpeg\" src=\"https:\/\/www.radiopiu.net\/wordpress\/wp-content\/uploads\/2025\/07\/GIANPAOLO-SORATROI-APPUNTAMENTI-FODOM.mp3?_=17\" \/><a href=\"https:\/\/www.radiopiu.net\/wordpress\/wp-content\/uploads\/2025\/07\/GIANPAOLO-SORATROI-APPUNTAMENTI-FODOM.mp3\">https:\/\/www.radiopiu.net\/wordpress\/wp-content\/uploads\/2025\/07\/GIANPAOLO-SORATROI-APPUNTAMENTI-FODOM.mp3<\/a><\/audio>\n<p>&nbsp;<\/p>\n<hr \/>\n<p>&nbsp;<\/p>\n<h2><span style=\"color: #99cc00;\">GLI APPUNTAMENTI ESTIVI AL CENTRO MINERARIO DI VALLE IMPERINA<\/span><\/h2>\n<p><strong><a class=\"dt-pswp-item\" href=\"https:\/\/www.radiopiu.net\/wordpress\/wp-content\/uploads\/2023\/11\/OSTELLO-VALLE-IMPERINA.jpg\" data-dt-img-description=\"\" data-large_image_width=\"1600\" data-large_image_height=\"1066\"><img loading=\"lazy\" decoding=\"async\" class=\" wp-image-361608 alignleft\" src=\"https:\/\/www.radiopiu.net\/wordpress\/wp-content\/uploads\/2023\/11\/OSTELLO-VALLE-IMPERINA-300x200.jpg\" alt=\"\" width=\"203\" height=\"135\" srcset=\"https:\/\/www.radiopiu.net\/wordpress\/wp-content\/uploads\/2023\/11\/OSTELLO-VALLE-IMPERINA-300x200.jpg 300w, https:\/\/www.radiopiu.net\/wordpress\/wp-content\/uploads\/2023\/11\/OSTELLO-VALLE-IMPERINA-1024x682.jpg 1024w, https:\/\/www.radiopiu.net\/wordpress\/wp-content\/uploads\/2023\/11\/OSTELLO-VALLE-IMPERINA-768x512.jpg 768w, https:\/\/www.radiopiu.net\/wordpress\/wp-content\/uploads\/2023\/11\/OSTELLO-VALLE-IMPERINA-1536x1023.jpg 1536w, https:\/\/www.radiopiu.net\/wordpress\/wp-content\/uploads\/2023\/11\/OSTELLO-VALLE-IMPERINA.jpg 1600w\" sizes=\"auto, (max-width: 203px) 100vw, 203px\" \/><\/a>DI MIRKO MEZZACASA<\/strong><\/p>\n<p>OSPITE: Marco Mottes<\/p>\n<audio class=\"wp-audio-shortcode\" id=\"audio-461856-18\" preload=\"none\" style=\"width: 100%;\" controls=\"controls\"><source type=\"audio\/mpeg\" src=\"https:\/\/www.radiopiu.net\/wordpress\/wp-content\/uploads\/2025\/07\/MARCO-MOTTES-CENTRO-MINERARIO-VALLE-IMPERINA.mp3?_=18\" \/><a href=\"https:\/\/www.radiopiu.net\/wordpress\/wp-content\/uploads\/2025\/07\/MARCO-MOTTES-CENTRO-MINERARIO-VALLE-IMPERINA.mp3\">https:\/\/www.radiopiu.net\/wordpress\/wp-content\/uploads\/2025\/07\/MARCO-MOTTES-CENTRO-MINERARIO-VALLE-IMPERINA.mp3<\/a><\/audio>\n<p>&nbsp;<\/p>\n<hr \/>\n<p>&nbsp;<\/p>\n<h2><span style=\"color: #33cccc;\">GLI APPUNTAMENTI ESTIVI DEL GAMP<\/span><\/h2>\n<p><strong><a class=\"dt-pswp-item\" href=\"https:\/\/www.radiopiu.net\/wordpress\/wp-content\/uploads\/2025\/07\/1c72018c-51c5-470c-ab45-7ebe8dd3c5fd.jpg\" data-dt-img-description=\"\" data-large_image_width=\"2048\" data-large_image_height=\"1152\"><img loading=\"lazy\" decoding=\"async\" class=\" wp-image-460212 alignleft\" src=\"https:\/\/www.radiopiu.net\/wordpress\/wp-content\/uploads\/2025\/07\/1c72018c-51c5-470c-ab45-7ebe8dd3c5fd-300x169.jpg\" alt=\"\" width=\"257\" height=\"145\" srcset=\"https:\/\/www.radiopiu.net\/wordpress\/wp-content\/uploads\/2025\/07\/1c72018c-51c5-470c-ab45-7ebe8dd3c5fd-300x169.jpg 300w, https:\/\/www.radiopiu.net\/wordpress\/wp-content\/uploads\/2025\/07\/1c72018c-51c5-470c-ab45-7ebe8dd3c5fd-1024x576.jpg 1024w, https:\/\/www.radiopiu.net\/wordpress\/wp-content\/uploads\/2025\/07\/1c72018c-51c5-470c-ab45-7ebe8dd3c5fd-768x432.jpg 768w, https:\/\/www.radiopiu.net\/wordpress\/wp-content\/uploads\/2025\/07\/1c72018c-51c5-470c-ab45-7ebe8dd3c5fd-1536x864.jpg 1536w, https:\/\/www.radiopiu.net\/wordpress\/wp-content\/uploads\/2025\/07\/1c72018c-51c5-470c-ab45-7ebe8dd3c5fd.jpg 2048w\" sizes=\"auto, (max-width: 257px) 100vw, 257px\" \/><\/a>DI MIRKO MEZZACASA<\/strong><\/p>\n<p>OSPITI: Manuel Conedera ed Enea Decima<\/p>\n<audio class=\"wp-audio-shortcode\" id=\"audio-461856-19\" preload=\"none\" style=\"width: 100%;\" controls=\"controls\"><source type=\"audio\/mpeg\" src=\"https:\/\/www.radiopiu.net\/wordpress\/wp-content\/uploads\/2025\/07\/manuel-conedera-enea-decima-2025.mp3?_=19\" \/><a href=\"https:\/\/www.radiopiu.net\/wordpress\/wp-content\/uploads\/2025\/07\/manuel-conedera-enea-decima-2025.mp3\">https:\/\/www.radiopiu.net\/wordpress\/wp-content\/uploads\/2025\/07\/manuel-conedera-enea-decima-2025.mp3<\/a><\/audio>\n<p>&nbsp;<\/p>\n<hr \/>\n<p>&nbsp;<\/p>\n<h2><span style=\"color: #99ccff;\">CON LA PRO LOCO DI GOSALDO GLI APPUNTAMENTI ESTIVI NON MANCANO<\/span><\/h2>\n<p><strong><a class=\"dt-pswp-item\" href=\"https:\/\/www.radiopiu.net\/wordpress\/wp-content\/uploads\/2022\/01\/280px-DBGosaldoPala3.jpg\" data-dt-img-description=\"\" data-large_image_width=\"280\" data-large_image_height=\"181\"><img loading=\"lazy\" decoding=\"async\" class=\" wp-image-255077 alignleft\" src=\"https:\/\/www.radiopiu.net\/wordpress\/wp-content\/uploads\/2022\/01\/280px-DBGosaldoPala3.jpg\" alt=\"\" width=\"220\" height=\"142\" \/><\/a>DI MIRKO MEZZACASA<\/strong><\/p>\n<p>OSPITI: Donatello Garatone, Milena Masoch, Sara Laveder<\/p>\n<audio class=\"wp-audio-shortcode\" id=\"audio-461856-20\" preload=\"none\" style=\"width: 100%;\" controls=\"controls\"><source type=\"audio\/mpeg\" src=\"https:\/\/www.radiopiu.net\/wordpress\/wp-content\/uploads\/2025\/07\/donatello-sara-milena.mp3?_=20\" \/><a href=\"https:\/\/www.radiopiu.net\/wordpress\/wp-content\/uploads\/2025\/07\/donatello-sara-milena.mp3\">https:\/\/www.radiopiu.net\/wordpress\/wp-content\/uploads\/2025\/07\/donatello-sara-milena.mp3<\/a><\/audio>\n<p>&nbsp;<\/p>\n<hr \/>\n<p>&nbsp;<\/p>\n<h2><span style=\"color: #ffcc99;\">DOMENICA SI ACCENDONO I MOTORI A MASIERE DI SOSPIROLO CON IL MASIERE TROPHY<\/span><\/h2>\n<p><strong><a class=\"dt-pswp-item\" href=\"https:\/\/www.radiopiu.net\/wordpress\/wp-content\/uploads\/2025\/07\/518422396_1492048838795727_5394581552165021776_n.jpg\" data-dt-img-description=\"\" data-large_image_width=\"1240\" data-large_image_height=\"1754\"><img loading=\"lazy\" decoding=\"async\" class=\" wp-image-460527 alignleft\" src=\"https:\/\/www.radiopiu.net\/wordpress\/wp-content\/uploads\/2025\/07\/518422396_1492048838795727_5394581552165021776_n-212x300.jpg\" alt=\"\" width=\"150\" height=\"212\" srcset=\"https:\/\/www.radiopiu.net\/wordpress\/wp-content\/uploads\/2025\/07\/518422396_1492048838795727_5394581552165021776_n-212x300.jpg 212w, https:\/\/www.radiopiu.net\/wordpress\/wp-content\/uploads\/2025\/07\/518422396_1492048838795727_5394581552165021776_n-724x1024.jpg 724w, https:\/\/www.radiopiu.net\/wordpress\/wp-content\/uploads\/2025\/07\/518422396_1492048838795727_5394581552165021776_n-768x1086.jpg 768w, https:\/\/www.radiopiu.net\/wordpress\/wp-content\/uploads\/2025\/07\/518422396_1492048838795727_5394581552165021776_n-1086x1536.jpg 1086w, https:\/\/www.radiopiu.net\/wordpress\/wp-content\/uploads\/2025\/07\/518422396_1492048838795727_5394581552165021776_n.jpg 1240w\" sizes=\"auto, (max-width: 150px) 100vw, 150px\" \/><\/a>DI MARCO GAZ<\/strong><\/p>\n<p>OSPITI: Manuel, Loris e Davide di TNT Corse<\/p>\n<audio class=\"wp-audio-shortcode\" id=\"audio-461856-21\" preload=\"none\" style=\"width: 100%;\" controls=\"controls\"><source type=\"audio\/mpeg\" src=\"https:\/\/www.radiopiu.net\/wordpress\/wp-content\/uploads\/2025\/07\/MASIERE-TROPHY-MANUEL-LORIS-DAVIDE.mp3?_=21\" \/><a href=\"https:\/\/www.radiopiu.net\/wordpress\/wp-content\/uploads\/2025\/07\/MASIERE-TROPHY-MANUEL-LORIS-DAVIDE.mp3\">https:\/\/www.radiopiu.net\/wordpress\/wp-content\/uploads\/2025\/07\/MASIERE-TROPHY-MANUEL-LORIS-DAVIDE.mp3<\/a><\/audio>\n<p>&nbsp;<\/p>\n<hr \/>\n<p>&nbsp;<\/p>\n<h2><span style=\"color: #ff0000;\">I CONSIGLI DI GIANLUCA&#8230;DA DOLOMITI BEER &amp; WINE SHOP<\/span><\/h2>\n<p><strong><a class=\"dt-pswp-item\" href=\"https:\/\/www.radiopiu.net\/wordpress\/wp-content\/uploads\/2021\/03\/vino-300x199-1.jpg\" data-dt-img-description=\"\" data-large_image_width=\"300\" data-large_image_height=\"199\"><img loading=\"lazy\" decoding=\"async\" class=\" wp-image-199994 alignleft\" src=\"https:\/\/www.radiopiu.net\/wordpress\/wp-content\/uploads\/2021\/03\/vino-300x199-1.jpg\" alt=\"\" width=\"163\" height=\"108\" \/><\/a><\/strong><\/p>\n<p>&nbsp;<\/p>\n<p>&nbsp;<\/p>\n<p><strong>REDAZIONE<\/strong> Con l&#8217;arrivo dell&#8217;estate arrivano anche i consigli di Gianluca dal Dolomiti Beer &amp; Wine Shop<\/p>\n<p>&nbsp;<\/p>\n<p><span style=\"color: #ff0000;\"><strong><a class=\"dt-pswp-item\" href=\"https:\/\/www.radiopiu.net\/wordpress\/wp-content\/uploads\/2025\/07\/6388bebc-ba6d-4c82-905e-88615b81f037.jpg\" data-dt-img-description=\"\" data-large_image_width=\"1024\" data-large_image_height=\"1536\"><img loading=\"lazy\" decoding=\"async\" class=\" wp-image-461904 alignleft\" src=\"https:\/\/www.radiopiu.net\/wordpress\/wp-content\/uploads\/2025\/07\/6388bebc-ba6d-4c82-905e-88615b81f037-200x300.jpg\" alt=\"\" width=\"127\" height=\"191\" srcset=\"https:\/\/www.radiopiu.net\/wordpress\/wp-content\/uploads\/2025\/07\/6388bebc-ba6d-4c82-905e-88615b81f037-200x300.jpg 200w, https:\/\/www.radiopiu.net\/wordpress\/wp-content\/uploads\/2025\/07\/6388bebc-ba6d-4c82-905e-88615b81f037-683x1024.jpg 683w, https:\/\/www.radiopiu.net\/wordpress\/wp-content\/uploads\/2025\/07\/6388bebc-ba6d-4c82-905e-88615b81f037-768x1152.jpg 768w, https:\/\/www.radiopiu.net\/wordpress\/wp-content\/uploads\/2025\/07\/6388bebc-ba6d-4c82-905e-88615b81f037.jpg 1024w\" sizes=\"auto, (max-width: 127px) 100vw, 127px\" \/><\/a>29 LUGLIO 2025<\/strong><\/span><\/p>\n<p>LERVIG ORANGE VELVET\u00a0 Non \u00e8 una birra. \u00c8 un calcio alle regole. \u00c8 cremosa. \u00c8 agrumata. \u00c8 fuori controllo. Come noi. Come voi. Come ogni anima libera che entra in Dolomiti Beer &amp; Wine Shop. Non serviamo mode. Serviamo birre vere, diverse, scelte con la testa e con il cuore.<br \/>\nBirre che parlano chiaro. Che spingono. Che sorprendono. \u00a0Microbirrifici ribelli. \u00a0Produttori indipendenti. Una selezione unica, anche dal nostro territorio. Vuoi la solita bionda da discount? Passa oltre. Vuoi qualcosa che ti strappi un \u201cWOW\u201d? Ci siamo.\u00a0 Dafrom \u00e8 il tuo posto. Sempre.<br \/>\nPerch\u00e9 siamo il punto di riferimento dei veri amanti della birra. Quelli che non si accontentano mai<\/p>\n<audio class=\"wp-audio-shortcode\" id=\"audio-461856-22\" preload=\"none\" style=\"width: 100%;\" controls=\"controls\"><source type=\"audio\/mpeg\" src=\"https:\/\/www.radiopiu.net\/wordpress\/wp-content\/uploads\/2025\/07\/GWINE1A-5.mp3?_=22\" \/><a href=\"https:\/\/www.radiopiu.net\/wordpress\/wp-content\/uploads\/2025\/07\/GWINE1A-5.mp3\">https:\/\/www.radiopiu.net\/wordpress\/wp-content\/uploads\/2025\/07\/GWINE1A-5.mp3<\/a><\/audio>\n<p>&nbsp;<\/p>\n<h2><strong>LA RACCOLTA COMPLETA <a href=\"https:\/\/www.radiopiu.net\/wordpress\/i-consigli-di-gianluca\/\"><span style=\"color: #3366ff;\">CLICCA QUI<\/span><\/a><\/strong><\/h2>\n<p>&nbsp;<\/p>\n<hr \/>\n<p>&nbsp;<\/p>\n<h2><span style=\"color: #ff0000;\"><a class=\"dt-pswp-item\" href=\"https:\/\/www.radiopiu.net\/wordpress\/wp-content\/uploads\/2018\/09\/appuntamenti.jpeg\" data-dt-img-description=\"\" data-large_image_width=\"800\" data-large_image_height=\"100\"><img loading=\"lazy\" decoding=\"async\" class=\"wp-image-61958 size-full aligncenter\" src=\"https:\/\/www.radiopiu.net\/wordpress\/wp-content\/uploads\/2018\/09\/appuntamenti.jpeg\" alt=\"\" width=\"800\" height=\"100\" srcset=\"https:\/\/www.radiopiu.net\/wordpress\/wp-content\/uploads\/2018\/09\/appuntamenti.jpeg 800w, https:\/\/www.radiopiu.net\/wordpress\/wp-content\/uploads\/2018\/09\/appuntamenti-300x38.jpeg 300w, https:\/\/www.radiopiu.net\/wordpress\/wp-content\/uploads\/2018\/09\/appuntamenti-768x96.jpeg 768w\" sizes=\"auto, (max-width: 800px) 100vw, 800px\" \/><\/a><\/span><\/h2>\n<p>&nbsp;<\/p>\n\n\t\t\t<style type='text\/css'>\n\t\t\t\t#gallery-10 {\n\t\t\t\t\tmargin: auto;\n\t\t\t\t}\n\t\t\t\t#gallery-10 .gallery-item {\n\t\t\t\t\tfloat: left;\n\t\t\t\t\tmargin-top: 10px;\n\t\t\t\t\ttext-align: center;\n\t\t\t\t\twidth: 20%;\n\t\t\t\t}\n\t\t\t\t#gallery-10 img {\n\t\t\t\t\tborder: 2px solid #cfcfcf;\n\t\t\t\t}\n\t\t\t\t#gallery-10 .gallery-caption {\n\t\t\t\t\tmargin-left: 0;\n\t\t\t\t}\n\t\t\t\t\/* see gallery_shortcode() in wp-includes\/media.php *\/\n\t\t\t<\/style>\n\t\t<div id='gallery-10' class='dt-gallery-container gallery galleryid-461856 gallery-columns-5 gallery-size-thumbnail'><dl class='gallery-item'>\n\t\t\t\t<dt class='gallery-icon portrait'>\n\t\t\t\t\t<a class=\"rollover rollover-zoom dt-pswp-item\" title=\"090267ee-c61a-4395-8f22-076aae3d6bae\" data-dt-img-description=\"\" data-large_image_width=\"1131\" data-large_image_height=\"1600\"href='https:\/\/www.radiopiu.net\/wordpress\/wp-content\/uploads\/2025\/07\/090267ee-c61a-4395-8f22-076aae3d6bae.jpg'><img loading=\"lazy\" decoding=\"async\" width=\"150\" height=\"150\" src=\"https:\/\/www.radiopiu.net\/wordpress\/wp-content\/uploads\/2025\/07\/090267ee-c61a-4395-8f22-076aae3d6bae-150x150.jpg\" class=\"attachment-thumbnail size-thumbnail\" alt=\"\" \/><\/a>\n\t\t\t\t<\/dt><\/dl><dl class='gallery-item'>\n\t\t\t\t<dt class='gallery-icon portrait'>\n\t\t\t\t\t<a class=\"rollover rollover-zoom dt-pswp-item\" title=\"cadf9f3e-b763-4b78-a053-a610ef5c8c99\" data-dt-img-description=\"\" data-large_image_width=\"960\" data-large_image_height=\"1280\"href='https:\/\/www.radiopiu.net\/wordpress\/wp-content\/uploads\/2025\/06\/cadf9f3e-b763-4b78-a053-a610ef5c8c99.jpg'><img loading=\"lazy\" decoding=\"async\" width=\"150\" height=\"150\" src=\"https:\/\/www.radiopiu.net\/wordpress\/wp-content\/uploads\/2025\/06\/cadf9f3e-b763-4b78-a053-a610ef5c8c99-150x150.jpg\" class=\"attachment-thumbnail size-thumbnail\" alt=\"\" \/><\/a>\n\t\t\t\t<\/dt><\/dl><dl class='gallery-item'>\n\t\t\t\t<dt class='gallery-icon portrait'>\n\t\t\t\t\t<a class=\"rollover rollover-zoom dt-pswp-item\" title=\"mostra_RotaSperti\" data-dt-img-description=\"\" data-large_image_width=\"1414\" data-large_image_height=\"2000\"href='https:\/\/www.radiopiu.net\/wordpress\/wp-content\/uploads\/2025\/06\/mostra_RotaSperti.png'><img loading=\"lazy\" decoding=\"async\" width=\"150\" height=\"150\" src=\"https:\/\/www.radiopiu.net\/wordpress\/wp-content\/uploads\/2025\/06\/mostra_RotaSperti-150x150.png\" class=\"attachment-thumbnail size-thumbnail\" alt=\"\" \/><\/a>\n\t\t\t\t<\/dt><\/dl><dl class='gallery-item'>\n\t\t\t\t<dt class='gallery-icon portrait'>\n\t\t\t\t\t<a class=\"rollover rollover-zoom dt-pswp-item\" title=\"fac4fca6-e68b-4407-9911-927fad81e2d6\" data-dt-img-description=\"\" data-large_image_width=\"1080\" data-large_image_height=\"1507\"href='https:\/\/www.radiopiu.net\/wordpress\/wp-content\/uploads\/2025\/06\/fac4fca6-e68b-4407-9911-927fad81e2d6.jpg'><img loading=\"lazy\" decoding=\"async\" width=\"150\" height=\"150\" src=\"https:\/\/www.radiopiu.net\/wordpress\/wp-content\/uploads\/2025\/06\/fac4fca6-e68b-4407-9911-927fad81e2d6-150x150.jpg\" class=\"attachment-thumbnail size-thumbnail\" alt=\"\" \/><\/a>\n\t\t\t\t<\/dt><\/dl><dl class='gallery-item'>\n\t\t\t\t<dt class='gallery-icon portrait'>\n\t\t\t\t\t<a class=\"rollover rollover-zoom dt-pswp-item\" title=\"c55ce2db-ca03-471b-81c4-095c39ada29e\" data-dt-img-description=\"\" data-large_image_width=\"509\" data-large_image_height=\"720\"href='https:\/\/www.radiopiu.net\/wordpress\/wp-content\/uploads\/2025\/06\/c55ce2db-ca03-471b-81c4-095c39ada29e.jpg'><img loading=\"lazy\" decoding=\"async\" width=\"150\" height=\"150\" src=\"https:\/\/www.radiopiu.net\/wordpress\/wp-content\/uploads\/2025\/06\/c55ce2db-ca03-471b-81c4-095c39ada29e-150x150.jpg\" class=\"attachment-thumbnail size-thumbnail\" alt=\"\" \/><\/a>\n\t\t\t\t<\/dt><\/dl><br style=\"clear: both\" \/><dl class='gallery-item'>\n\t\t\t\t<dt class='gallery-icon portrait'>\n\t\t\t\t\t<a class=\"rollover rollover-zoom dt-pswp-item\" title=\"8d3ab9cd-a4cb-4a99-bfe1-ac0fb17b9dba\" data-dt-img-description=\"\" data-large_image_width=\"828\" data-large_image_height=\"1158\"href='https:\/\/www.radiopiu.net\/wordpress\/wp-content\/uploads\/2025\/07\/8d3ab9cd-a4cb-4a99-bfe1-ac0fb17b9dba.jpg'><img loading=\"lazy\" decoding=\"async\" width=\"150\" height=\"150\" src=\"https:\/\/www.radiopiu.net\/wordpress\/wp-content\/uploads\/2025\/07\/8d3ab9cd-a4cb-4a99-bfe1-ac0fb17b9dba-150x150.jpg\" class=\"attachment-thumbnail size-thumbnail\" alt=\"\" \/><\/a>\n\t\t\t\t<\/dt><\/dl><dl class='gallery-item'>\n\t\t\t\t<dt class='gallery-icon portrait'>\n\t\t\t\t\t<a class=\"rollover rollover-zoom dt-pswp-item\" title=\"4d595d64-63bb-4e50-8359-03cbcfa1dd7a\" data-dt-img-description=\"\" data-large_image_width=\"828\" data-large_image_height=\"1158\"href='https:\/\/www.radiopiu.net\/wordpress\/wp-content\/uploads\/2025\/07\/4d595d64-63bb-4e50-8359-03cbcfa1dd7a.jpg'><img loading=\"lazy\" decoding=\"async\" width=\"150\" height=\"150\" src=\"https:\/\/www.radiopiu.net\/wordpress\/wp-content\/uploads\/2025\/07\/4d595d64-63bb-4e50-8359-03cbcfa1dd7a-150x150.jpg\" class=\"attachment-thumbnail size-thumbnail\" alt=\"\" \/><\/a>\n\t\t\t\t<\/dt><\/dl><dl class='gallery-item'>\n\t\t\t\t<dt class='gallery-icon portrait'>\n\t\t\t\t\t<a class=\"rollover rollover-zoom dt-pswp-item\" title=\"3962b3bb-de84-4fa0-beb8-8af3574e8151\" data-dt-img-description=\"\" data-large_image_width=\"1132\" data-large_image_height=\"1600\"href='https:\/\/www.radiopiu.net\/wordpress\/wp-content\/uploads\/2025\/07\/3962b3bb-de84-4fa0-beb8-8af3574e8151.jpg'><img loading=\"lazy\" decoding=\"async\" width=\"150\" height=\"150\" src=\"https:\/\/www.radiopiu.net\/wordpress\/wp-content\/uploads\/2025\/07\/3962b3bb-de84-4fa0-beb8-8af3574e8151-150x150.jpg\" class=\"attachment-thumbnail size-thumbnail\" alt=\"\" \/><\/a>\n\t\t\t\t<\/dt><\/dl><dl class='gallery-item'>\n\t\t\t\t<dt class='gallery-icon portrait'>\n\t\t\t\t\t<a class=\"rollover rollover-zoom dt-pswp-item\" title=\"locandina mostra 25\" data-dt-img-description=\"\" data-large_image_width=\"629\" data-large_image_height=\"875\"href='https:\/\/www.radiopiu.net\/wordpress\/wp-content\/uploads\/2025\/07\/locandina-mostra-25.jpg'><img loading=\"lazy\" decoding=\"async\" width=\"150\" height=\"150\" src=\"https:\/\/www.radiopiu.net\/wordpress\/wp-content\/uploads\/2025\/07\/locandina-mostra-25-150x150.jpg\" class=\"attachment-thumbnail size-thumbnail\" alt=\"\" \/><\/a>\n\t\t\t\t<\/dt><\/dl><dl class='gallery-item'>\n\t\t\t\t<dt class='gallery-icon portrait'>\n\t\t\t\t\t<a class=\"rollover rollover-zoom dt-pswp-item\" title=\"SCR-20250710-rfhq\" data-dt-img-description=\"\" data-large_image_width=\"1278\" data-large_image_height=\"1818\"href='https:\/\/www.radiopiu.net\/wordpress\/wp-content\/uploads\/2025\/07\/SCR-20250710-rfhq.png'><img loading=\"lazy\" decoding=\"async\" width=\"150\" height=\"150\" src=\"https:\/\/www.radiopiu.net\/wordpress\/wp-content\/uploads\/2025\/07\/SCR-20250710-rfhq-150x150.png\" class=\"attachment-thumbnail size-thumbnail\" alt=\"\" \/><\/a>\n\t\t\t\t<\/dt><\/dl><br style=\"clear: both\" \/><dl class='gallery-item'>\n\t\t\t\t<dt class='gallery-icon portrait'>\n\t\t\t\t\t<a class=\"rollover rollover-zoom dt-pswp-item\" title=\"Cinema in Contrada 2025_Locandina_A4\" data-dt-img-description=\"\" data-large_image_width=\"1416\" data-large_image_height=\"2000\"href='https:\/\/www.radiopiu.net\/wordpress\/wp-content\/uploads\/2025\/07\/Cinema-in-Contrada-2025_Locandina_A4.png'><img loading=\"lazy\" decoding=\"async\" width=\"150\" height=\"150\" src=\"https:\/\/www.radiopiu.net\/wordpress\/wp-content\/uploads\/2025\/07\/Cinema-in-Contrada-2025_Locandina_A4-150x150.png\" class=\"attachment-thumbnail size-thumbnail\" alt=\"\" \/><\/a>\n\t\t\t\t<\/dt><\/dl><dl class='gallery-item'>\n\t\t\t\t<dt class='gallery-icon portrait'>\n\t\t\t\t\t<a class=\"rollover rollover-zoom dt-pswp-item\" title=\"582f7d3f-1659-4262-b430-7f809aa35179\" data-dt-img-description=\"\" data-large_image_width=\"1131\" data-large_image_height=\"1600\"href='https:\/\/www.radiopiu.net\/wordpress\/wp-content\/uploads\/2025\/07\/582f7d3f-1659-4262-b430-7f809aa35179.jpg'><img loading=\"lazy\" decoding=\"async\" width=\"150\" height=\"150\" src=\"https:\/\/www.radiopiu.net\/wordpress\/wp-content\/uploads\/2025\/07\/582f7d3f-1659-4262-b430-7f809aa35179-150x150.jpg\" class=\"attachment-thumbnail size-thumbnail\" alt=\"\" \/><\/a>\n\t\t\t\t<\/dt><\/dl><dl class='gallery-item'>\n\t\t\t\t<dt class='gallery-icon portrait'>\n\t\t\t\t\t<a class=\"rollover rollover-zoom dt-pswp-item\" title=\"79bd5598-a5d8-47fa-8ba6-4fdc84938635\" data-dt-img-description=\"\" data-large_image_width=\"1344\" data-large_image_height=\"1674\"href='https:\/\/www.radiopiu.net\/wordpress\/wp-content\/uploads\/2025\/07\/79bd5598-a5d8-47fa-8ba6-4fdc84938635.jpg'><img loading=\"lazy\" decoding=\"async\" width=\"150\" height=\"150\" src=\"https:\/\/www.radiopiu.net\/wordpress\/wp-content\/uploads\/2025\/07\/79bd5598-a5d8-47fa-8ba6-4fdc84938635-150x150.jpg\" class=\"attachment-thumbnail size-thumbnail\" alt=\"\" \/><\/a>\n\t\t\t\t<\/dt><\/dl><dl class='gallery-item'>\n\t\t\t\t<dt class='gallery-icon landscape'>\n\t\t\t\t\t<a class=\"rollover rollover-zoom dt-pswp-item\" title=\"Screenshot 2025-07-16 095516\" data-dt-img-description=\"\" data-large_image_width=\"364\" data-large_image_height=\"332\"href='https:\/\/www.radiopiu.net\/wordpress\/wp-content\/uploads\/2025\/07\/Screenshot-2025-07-16-095516.png'><img loading=\"lazy\" decoding=\"async\" width=\"150\" height=\"150\" src=\"https:\/\/www.radiopiu.net\/wordpress\/wp-content\/uploads\/2025\/07\/Screenshot-2025-07-16-095516-150x150.png\" class=\"attachment-thumbnail size-thumbnail\" alt=\"\" \/><\/a>\n\t\t\t\t<\/dt><\/dl><dl class='gallery-item'>\n\t\t\t\t<dt class='gallery-icon portrait'>\n\t\t\t\t\t<a class=\"rollover rollover-zoom dt-pswp-item\" title=\"514284824_122160849950463773_4248149650309788008_n\" data-dt-img-description=\"\" data-large_image_width=\"480\" data-large_image_height=\"600\"href='https:\/\/www.radiopiu.net\/wordpress\/wp-content\/uploads\/2025\/07\/514284824_122160849950463773_4248149650309788008_n.jpg'><img loading=\"lazy\" decoding=\"async\" width=\"150\" height=\"150\" src=\"https:\/\/www.radiopiu.net\/wordpress\/wp-content\/uploads\/2025\/07\/514284824_122160849950463773_4248149650309788008_n-150x150.jpg\" class=\"attachment-thumbnail size-thumbnail\" alt=\"\" \/><\/a>\n\t\t\t\t<\/dt><\/dl><br style=\"clear: both\" \/><dl class='gallery-item'>\n\t\t\t\t<dt class='gallery-icon portrait'>\n\t\t\t\t\t<a class=\"rollover rollover-zoom dt-pswp-item\" title=\"90765e4f-be2b-4e18-8c1f-e4715da15ab1\" data-dt-img-description=\"\" data-large_image_width=\"1131\" data-large_image_height=\"1600\"href='https:\/\/www.radiopiu.net\/wordpress\/wp-content\/uploads\/2025\/07\/90765e4f-be2b-4e18-8c1f-e4715da15ab1.jpg'><img loading=\"lazy\" decoding=\"async\" width=\"150\" height=\"150\" src=\"https:\/\/www.radiopiu.net\/wordpress\/wp-content\/uploads\/2025\/07\/90765e4f-be2b-4e18-8c1f-e4715da15ab1-150x150.jpg\" class=\"attachment-thumbnail size-thumbnail\" alt=\"\" \/><\/a>\n\t\t\t\t<\/dt><\/dl><dl class='gallery-item'>\n\t\t\t\t<dt class='gallery-icon portrait'>\n\t\t\t\t\t<a class=\"rollover rollover-zoom dt-pswp-item\" title=\"Col-de-Luna-Trail1-pdf\" data-dt-img-description=\"\" data-large_image_width=\"756\" data-large_image_height=\"1068\"href='https:\/\/www.radiopiu.net\/wordpress\/wp-content\/uploads\/2025\/07\/Col-de-Luna-Trail1-pdf.jpg'><img loading=\"lazy\" decoding=\"async\" width=\"150\" height=\"150\" src=\"https:\/\/www.radiopiu.net\/wordpress\/wp-content\/uploads\/2025\/07\/Col-de-Luna-Trail1-pdf-150x150.jpg\" class=\"attachment-thumbnail size-thumbnail\" alt=\"\" \/><\/a>\n\t\t\t\t<\/dt><\/dl><dl class='gallery-item'>\n\t\t\t\t<dt class='gallery-icon portrait'>\n\t\t\t\t\t<a class=\"rollover rollover-zoom dt-pswp-item\" title=\"4651f578-507e-465d-9233-15b857674fc4\" data-dt-img-description=\"\" data-large_image_width=\"1061\" data-large_image_height=\"1500\"href='https:\/\/www.radiopiu.net\/wordpress\/wp-content\/uploads\/2025\/07\/4651f578-507e-465d-9233-15b857674fc4.jpg'><img loading=\"lazy\" decoding=\"async\" width=\"150\" height=\"150\" src=\"https:\/\/www.radiopiu.net\/wordpress\/wp-content\/uploads\/2025\/07\/4651f578-507e-465d-9233-15b857674fc4-150x150.jpg\" class=\"attachment-thumbnail size-thumbnail\" alt=\"\" \/><\/a>\n\t\t\t\t<\/dt><\/dl><dl class='gallery-item'>\n\t\t\t\t<dt class='gallery-icon portrait'>\n\t\t\t\t\t<a class=\"rollover rollover-zoom dt-pswp-item\" title=\"SerateNaturaAvventura-P4-853\" data-dt-img-description=\"\" data-large_image_width=\"1200\" data-large_image_height=\"1710\"href='https:\/\/www.radiopiu.net\/wordpress\/wp-content\/uploads\/2025\/07\/SerateNaturaAvventura-P4-853.jpg'><img loading=\"lazy\" decoding=\"async\" width=\"150\" height=\"150\" src=\"https:\/\/www.radiopiu.net\/wordpress\/wp-content\/uploads\/2025\/07\/SerateNaturaAvventura-P4-853-150x150.jpg\" class=\"attachment-thumbnail size-thumbnail\" alt=\"\" \/><\/a>\n\t\t\t\t<\/dt><\/dl><dl class='gallery-item'>\n\t\t\t\t<dt class='gallery-icon portrait'>\n\t\t\t\t\t<a class=\"rollover rollover-zoom dt-pswp-item\" title=\"518422396_1492048838795727_5394581552165021776_n\" data-dt-img-description=\"\" data-large_image_width=\"1240\" data-large_image_height=\"1754\"href='https:\/\/www.radiopiu.net\/wordpress\/wp-content\/uploads\/2025\/07\/518422396_1492048838795727_5394581552165021776_n.jpg'><img loading=\"lazy\" decoding=\"async\" width=\"150\" height=\"150\" src=\"https:\/\/www.radiopiu.net\/wordpress\/wp-content\/uploads\/2025\/07\/518422396_1492048838795727_5394581552165021776_n-150x150.jpg\" class=\"attachment-thumbnail size-thumbnail\" alt=\"\" \/><\/a>\n\t\t\t\t<\/dt><\/dl><br style=\"clear: both\" \/><dl class='gallery-item'>\n\t\t\t\t<dt class='gallery-icon landscape'>\n\t\t\t\t\t<a class=\"rollover rollover-zoom dt-pswp-item\" title=\"d2f26985-2ffd-4602-aeea-476feb5befda\" data-dt-img-description=\"\" data-large_image_width=\"526\" data-large_image_height=\"526\"href='https:\/\/www.radiopiu.net\/wordpress\/wp-content\/uploads\/2025\/07\/d2f26985-2ffd-4602-aeea-476feb5befda.jpg'><img loading=\"lazy\" decoding=\"async\" width=\"150\" height=\"150\" src=\"https:\/\/www.radiopiu.net\/wordpress\/wp-content\/uploads\/2025\/07\/d2f26985-2ffd-4602-aeea-476feb5befda-150x150.jpg\" class=\"attachment-thumbnail size-thumbnail\" alt=\"\" srcset=\"https:\/\/www.radiopiu.net\/wordpress\/wp-content\/uploads\/2025\/07\/d2f26985-2ffd-4602-aeea-476feb5befda-150x150.jpg 150w, https:\/\/www.radiopiu.net\/wordpress\/wp-content\/uploads\/2025\/07\/d2f26985-2ffd-4602-aeea-476feb5befda-300x300.jpg 300w, https:\/\/www.radiopiu.net\/wordpress\/wp-content\/uploads\/2025\/07\/d2f26985-2ffd-4602-aeea-476feb5befda.jpg 526w\" sizes=\"auto, (max-width: 150px) 100vw, 150px\" \/><\/a>\n\t\t\t\t<\/dt><\/dl><dl class='gallery-item'>\n\t\t\t\t<dt class='gallery-icon landscape'>\n\t\t\t\t\t<a class=\"rollover rollover-zoom dt-pswp-item\" title=\"b93d192e-fe1c-4b9a-8b00-c924d7c09ef0\" data-dt-img-description=\"\" data-large_image_width=\"526\" data-large_image_height=\"526\"href='https:\/\/www.radiopiu.net\/wordpress\/wp-content\/uploads\/2025\/07\/b93d192e-fe1c-4b9a-8b00-c924d7c09ef0.jpg'><img loading=\"lazy\" decoding=\"async\" width=\"150\" height=\"150\" src=\"https:\/\/www.radiopiu.net\/wordpress\/wp-content\/uploads\/2025\/07\/b93d192e-fe1c-4b9a-8b00-c924d7c09ef0-150x150.jpg\" class=\"attachment-thumbnail size-thumbnail\" alt=\"\" srcset=\"https:\/\/www.radiopiu.net\/wordpress\/wp-content\/uploads\/2025\/07\/b93d192e-fe1c-4b9a-8b00-c924d7c09ef0-150x150.jpg 150w, https:\/\/www.radiopiu.net\/wordpress\/wp-content\/uploads\/2025\/07\/b93d192e-fe1c-4b9a-8b00-c924d7c09ef0-300x300.jpg 300w, https:\/\/www.radiopiu.net\/wordpress\/wp-content\/uploads\/2025\/07\/b93d192e-fe1c-4b9a-8b00-c924d7c09ef0.jpg 526w\" sizes=\"auto, (max-width: 150px) 100vw, 150px\" \/><\/a>\n\t\t\t\t<\/dt><\/dl><dl class='gallery-item'>\n\t\t\t\t<dt class='gallery-icon landscape'>\n\t\t\t\t\t<a class=\"rollover rollover-zoom dt-pswp-item\" title=\"515444840_1149597150531066_7749231705219023918_n\" data-dt-img-description=\"\" data-large_image_width=\"1440\" data-large_image_height=\"1079\"href='https:\/\/www.radiopiu.net\/wordpress\/wp-content\/uploads\/2025\/07\/515444840_1149597150531066_7749231705219023918_n.jpg'><img loading=\"lazy\" decoding=\"async\" width=\"150\" height=\"150\" src=\"https:\/\/www.radiopiu.net\/wordpress\/wp-content\/uploads\/2025\/07\/515444840_1149597150531066_7749231705219023918_n-150x150.jpg\" class=\"attachment-thumbnail size-thumbnail\" alt=\"\" \/><\/a>\n\t\t\t\t<\/dt><\/dl><dl class='gallery-item'>\n\t\t\t\t<dt class='gallery-icon portrait'>\n\t\t\t\t\t<a class=\"rollover rollover-zoom dt-pswp-item\" title=\"5eea8780-bf42-4677-985e-b728a3cb7860\" data-dt-img-description=\"\" data-large_image_width=\"1131\" data-large_image_height=\"1600\"href='https:\/\/www.radiopiu.net\/wordpress\/wp-content\/uploads\/2025\/07\/5eea8780-bf42-4677-985e-b728a3cb7860.jpg'><img loading=\"lazy\" decoding=\"async\" width=\"150\" height=\"150\" src=\"https:\/\/www.radiopiu.net\/wordpress\/wp-content\/uploads\/2025\/07\/5eea8780-bf42-4677-985e-b728a3cb7860-150x150.jpg\" class=\"attachment-thumbnail size-thumbnail\" alt=\"\" \/><\/a>\n\t\t\t\t<\/dt><\/dl><dl class='gallery-item'>\n\t\t\t\t<dt class='gallery-icon portrait'>\n\t\t\t\t\t<a class=\"rollover rollover-zoom dt-pswp-item\" title=\"60540118-6352-45bd-abf6-424501e3a37e\" data-dt-img-description=\"\" data-large_image_width=\"1131\" data-large_image_height=\"1600\"href='https:\/\/www.radiopiu.net\/wordpress\/wp-content\/uploads\/2025\/07\/60540118-6352-45bd-abf6-424501e3a37e.jpg'><img loading=\"lazy\" decoding=\"async\" width=\"150\" height=\"150\" src=\"https:\/\/www.radiopiu.net\/wordpress\/wp-content\/uploads\/2025\/07\/60540118-6352-45bd-abf6-424501e3a37e-150x150.jpg\" class=\"attachment-thumbnail size-thumbnail\" alt=\"\" \/><\/a>\n\t\t\t\t<\/dt><\/dl><br style=\"clear: both\" \/><dl class='gallery-item'>\n\t\t\t\t<dt class='gallery-icon portrait'>\n\t\t\t\t\t<a class=\"rollover rollover-zoom dt-pswp-item\" title=\"MADONA DE LA NEIF 2025\" data-dt-img-description=\"\" data-large_image_width=\"658\" data-large_image_height=\"861\"href='https:\/\/www.radiopiu.net\/wordpress\/wp-content\/uploads\/2025\/07\/MADONA-DE-LA-NEIF-2025.jpg'><img loading=\"lazy\" decoding=\"async\" width=\"150\" height=\"150\" src=\"https:\/\/www.radiopiu.net\/wordpress\/wp-content\/uploads\/2025\/07\/MADONA-DE-LA-NEIF-2025-150x150.jpg\" class=\"attachment-thumbnail size-thumbnail\" alt=\"\" \/><\/a>\n\t\t\t\t<\/dt><\/dl><dl class='gallery-item'>\n\t\t\t\t<dt class='gallery-icon portrait'>\n\t\t\t\t\t<a class=\"rollover rollover-zoom dt-pswp-item\" title=\"Locandina conferenza san simon 29.07.2025\" data-dt-img-description=\"\" data-large_image_width=\"1414\" data-large_image_height=\"2000\"href='https:\/\/www.radiopiu.net\/wordpress\/wp-content\/uploads\/2025\/07\/Locandina-conferenza-san-simon-29.07.2025.png'><img loading=\"lazy\" decoding=\"async\" width=\"150\" height=\"150\" src=\"https:\/\/www.radiopiu.net\/wordpress\/wp-content\/uploads\/2025\/07\/Locandina-conferenza-san-simon-29.07.2025-150x150.png\" class=\"attachment-thumbnail size-thumbnail\" alt=\"\" \/><\/a>\n\t\t\t\t<\/dt><\/dl><dl class='gallery-item'>\n\t\t\t\t<dt class='gallery-icon portrait'>\n\t\t\t\t\t<a class=\"rollover rollover-zoom dt-pswp-item\" title=\"Locandina concerto 31.07.2025\" data-dt-img-description=\"\" data-large_image_width=\"595\" data-large_image_height=\"842\"href='https:\/\/www.radiopiu.net\/wordpress\/wp-content\/uploads\/2025\/07\/Locandina-concerto-31.07.2025.jpg'><img loading=\"lazy\" decoding=\"async\" width=\"150\" height=\"150\" src=\"https:\/\/www.radiopiu.net\/wordpress\/wp-content\/uploads\/2025\/07\/Locandina-concerto-31.07.2025-150x150.jpg\" class=\"attachment-thumbnail size-thumbnail\" alt=\"\" \/><\/a>\n\t\t\t\t<\/dt><\/dl><dl class='gallery-item'>\n\t\t\t\t<dt class='gallery-icon portrait'>\n\t\t\t\t\t<a class=\"rollover rollover-zoom dt-pswp-item\" title=\"29_07_25 Arabba_InConTra_Favero\" data-dt-img-description=\"\" data-large_image_width=\"1414\" data-large_image_height=\"2000\"href='https:\/\/www.radiopiu.net\/wordpress\/wp-content\/uploads\/2025\/07\/29_07_25-Arabba_InConTra_Favero.jpg'><img loading=\"lazy\" decoding=\"async\" width=\"150\" height=\"150\" src=\"https:\/\/www.radiopiu.net\/wordpress\/wp-content\/uploads\/2025\/07\/29_07_25-Arabba_InConTra_Favero-150x150.jpg\" class=\"attachment-thumbnail size-thumbnail\" alt=\"\" \/><\/a>\n\t\t\t\t<\/dt><\/dl><dl class='gallery-item'>\n\t\t\t\t<dt class='gallery-icon portrait'>\n\t\t\t\t\t<a class=\"rollover rollover-zoom dt-pswp-item\" title=\"Immagine WhatsApp 2025-07-25 ore 07.38.18_19f3e277\" data-dt-img-description=\"\" data-large_image_width=\"1070\" data-large_image_height=\"1523\"href='https:\/\/www.radiopiu.net\/wordpress\/wp-content\/uploads\/2025\/07\/Immagine-WhatsApp-2025-07-25-ore-07.38.18_19f3e277.jpg'><img loading=\"lazy\" decoding=\"async\" width=\"150\" height=\"150\" src=\"https:\/\/www.radiopiu.net\/wordpress\/wp-content\/uploads\/2025\/07\/Immagine-WhatsApp-2025-07-25-ore-07.38.18_19f3e277-150x150.jpg\" class=\"attachment-thumbnail size-thumbnail\" alt=\"\" \/><\/a>\n\t\t\t\t<\/dt><\/dl><br style=\"clear: both\" \/><dl class='gallery-item'>\n\t\t\t\t<dt class='gallery-icon portrait'>\n\t\t\t\t\t<a class=\"rollover rollover-zoom dt-pswp-item\" title=\"Immagine WhatsApp 2025-07-26 ore 20.22.45_c48ad501\" data-dt-img-description=\"\" data-large_image_width=\"1131\" data-large_image_height=\"1600\"href='https:\/\/www.radiopiu.net\/wordpress\/wp-content\/uploads\/2025\/07\/Immagine-WhatsApp-2025-07-26-ore-20.22.45_c48ad501.jpg'><img loading=\"lazy\" decoding=\"async\" width=\"150\" height=\"150\" src=\"https:\/\/www.radiopiu.net\/wordpress\/wp-content\/uploads\/2025\/07\/Immagine-WhatsApp-2025-07-26-ore-20.22.45_c48ad501-150x150.jpg\" class=\"attachment-thumbnail size-thumbnail\" alt=\"\" \/><\/a>\n\t\t\t\t<\/dt><\/dl><dl class='gallery-item'>\n\t\t\t\t<dt class='gallery-icon portrait'>\n\t\t\t\t\t<a class=\"rollover rollover-zoom dt-pswp-item\" title=\"IMG-20250726-WA0015\" data-dt-img-description=\"\" data-large_image_width=\"975\" data-large_image_height=\"1352\"href='https:\/\/www.radiopiu.net\/wordpress\/wp-content\/uploads\/2025\/07\/IMG-20250726-WA0015.jpg'><img loading=\"lazy\" decoding=\"async\" width=\"150\" height=\"150\" src=\"https:\/\/www.radiopiu.net\/wordpress\/wp-content\/uploads\/2025\/07\/IMG-20250726-WA0015-150x150.jpg\" class=\"attachment-thumbnail size-thumbnail\" alt=\"\" \/><\/a>\n\t\t\t\t<\/dt><\/dl><dl class='gallery-item'>\n\t\t\t\t<dt class='gallery-icon portrait'>\n\t\t\t\t\t<a class=\"rollover rollover-zoom dt-pswp-item\" title=\"manifesto_40_2025-3\" data-dt-img-description=\"\" data-large_image_width=\"1164\" data-large_image_height=\"2560\"href='https:\/\/www.radiopiu.net\/wordpress\/wp-content\/uploads\/2025\/07\/manifesto_40_2025-3-scaled.jpg'><img loading=\"lazy\" decoding=\"async\" width=\"150\" height=\"150\" src=\"https:\/\/www.radiopiu.net\/wordpress\/wp-content\/uploads\/2025\/07\/manifesto_40_2025-3-150x150.jpg\" class=\"attachment-thumbnail size-thumbnail\" alt=\"\" \/><\/a>\n\t\t\t\t<\/dt><\/dl><dl class='gallery-item'>\n\t\t\t\t<dt class='gallery-icon portrait'>\n\t\t\t\t\t<a class=\"rollover rollover-zoom dt-pswp-item\" title=\"F16 replica\" data-dt-img-description=\"\" data-large_image_width=\"1131\" data-large_image_height=\"1600\"href='https:\/\/www.radiopiu.net\/wordpress\/wp-content\/uploads\/2025\/07\/F16-replica.jpg'><img loading=\"lazy\" decoding=\"async\" width=\"150\" height=\"150\" src=\"https:\/\/www.radiopiu.net\/wordpress\/wp-content\/uploads\/2025\/07\/F16-replica-150x150.jpg\" class=\"attachment-thumbnail size-thumbnail\" alt=\"\" \/><\/a>\n\t\t\t\t<\/dt><\/dl><dl class='gallery-item'>\n\t\t\t\t<dt class='gallery-icon portrait'>\n\t\t\t\t\t<a class=\"rollover rollover-zoom dt-pswp-item\" title=\"8cb87d28-6df9-4bd9-af92-dab34de2a982\" data-dt-img-description=\"\" data-large_image_width=\"1181\" data-large_image_height=\"1670\"href='https:\/\/www.radiopiu.net\/wordpress\/wp-content\/uploads\/2025\/07\/8cb87d28-6df9-4bd9-af92-dab34de2a982.jpg'><img loading=\"lazy\" decoding=\"async\" width=\"150\" height=\"150\" src=\"https:\/\/www.radiopiu.net\/wordpress\/wp-content\/uploads\/2025\/07\/8cb87d28-6df9-4bd9-af92-dab34de2a982-150x150.jpg\" class=\"attachment-thumbnail size-thumbnail\" alt=\"\" \/><\/a>\n\t\t\t\t<\/dt><\/dl><br style=\"clear: both\" \/><dl class='gallery-item'>\n\t\t\t\t<dt class='gallery-icon portrait'>\n\t\t\t\t\t<a class=\"rollover rollover-zoom dt-pswp-item\" title=\"gares\" data-dt-img-description=\"\" data-large_image_width=\"600\" data-large_image_height=\"855\"href='https:\/\/www.radiopiu.net\/wordpress\/wp-content\/uploads\/2025\/07\/gares.jpg'><img loading=\"lazy\" decoding=\"async\" width=\"150\" height=\"150\" src=\"https:\/\/www.radiopiu.net\/wordpress\/wp-content\/uploads\/2025\/07\/gares-150x150.jpg\" class=\"attachment-thumbnail size-thumbnail\" alt=\"\" \/><\/a>\n\t\t\t\t<\/dt><\/dl><dl class='gallery-item'>\n\t\t\t\t<dt class='gallery-icon landscape'>\n\t\t\t\t\t<a class=\"rollover rollover-zoom dt-pswp-item\" title=\"eb234dd4-d70c-4445-bc02-d9cf97a3c245\" data-dt-img-description=\"\" data-large_image_width=\"1080\" data-large_image_height=\"1080\"href='https:\/\/www.radiopiu.net\/wordpress\/wp-content\/uploads\/2025\/07\/eb234dd4-d70c-4445-bc02-d9cf97a3c245.jpg'><img loading=\"lazy\" decoding=\"async\" width=\"150\" height=\"150\" src=\"https:\/\/www.radiopiu.net\/wordpress\/wp-content\/uploads\/2025\/07\/eb234dd4-d70c-4445-bc02-d9cf97a3c245-150x150.jpg\" class=\"attachment-thumbnail size-thumbnail\" alt=\"\" srcset=\"https:\/\/www.radiopiu.net\/wordpress\/wp-content\/uploads\/2025\/07\/eb234dd4-d70c-4445-bc02-d9cf97a3c245-150x150.jpg 150w, https:\/\/www.radiopiu.net\/wordpress\/wp-content\/uploads\/2025\/07\/eb234dd4-d70c-4445-bc02-d9cf97a3c245-300x300.jpg 300w, https:\/\/www.radiopiu.net\/wordpress\/wp-content\/uploads\/2025\/07\/eb234dd4-d70c-4445-bc02-d9cf97a3c245-1024x1024.jpg 1024w, https:\/\/www.radiopiu.net\/wordpress\/wp-content\/uploads\/2025\/07\/eb234dd4-d70c-4445-bc02-d9cf97a3c245-768x768.jpg 768w, https:\/\/www.radiopiu.net\/wordpress\/wp-content\/uploads\/2025\/07\/eb234dd4-d70c-4445-bc02-d9cf97a3c245.jpg 1080w\" sizes=\"auto, (max-width: 150px) 100vw, 150px\" \/><\/a>\n\t\t\t\t<\/dt><\/dl><dl class='gallery-item'>\n\t\t\t\t<dt class='gallery-icon portrait'>\n\t\t\t\t\t<a class=\"rollover rollover-zoom dt-pswp-item\" title=\"ddb863d7-62a1-4f60-9265-13e2e8193bc9\" data-dt-img-description=\"\" data-large_image_width=\"1244\" data-large_image_height=\"1600\"href='https:\/\/www.radiopiu.net\/wordpress\/wp-content\/uploads\/2025\/07\/ddb863d7-62a1-4f60-9265-13e2e8193bc9.jpg'><img loading=\"lazy\" decoding=\"async\" width=\"150\" height=\"150\" src=\"https:\/\/www.radiopiu.net\/wordpress\/wp-content\/uploads\/2025\/07\/ddb863d7-62a1-4f60-9265-13e2e8193bc9-150x150.jpg\" class=\"attachment-thumbnail size-thumbnail\" alt=\"\" \/><\/a>\n\t\t\t\t<\/dt><\/dl><dl class='gallery-item'>\n\t\t\t\t<dt class='gallery-icon portrait'>\n\t\t\t\t\t<a class=\"rollover rollover-zoom dt-pswp-item\" title=\"Screenshot\" data-dt-img-description=\"\" data-large_image_width=\"1178\" data-large_image_height=\"1332\"href='https:\/\/www.radiopiu.net\/wordpress\/wp-content\/uploads\/2025\/07\/SCR-20250728-qnyg.jpeg'><img loading=\"lazy\" decoding=\"async\" width=\"150\" height=\"150\" src=\"https:\/\/www.radiopiu.net\/wordpress\/wp-content\/uploads\/2025\/07\/SCR-20250728-qnyg-150x150.jpeg\" class=\"attachment-thumbnail size-thumbnail\" alt=\"\" \/><\/a>\n\t\t\t\t<\/dt><\/dl><dl class='gallery-item'>\n\t\t\t\t<dt class='gallery-icon portrait'>\n\t\t\t\t\t<a class=\"rollover rollover-zoom dt-pswp-item\" title=\"ed2718c8-19c0-4c92-bb73-9b4c4f18e705\" data-dt-img-description=\"\" data-large_image_width=\"1200\" data-large_image_height=\"1600\"href='https:\/\/www.radiopiu.net\/wordpress\/wp-content\/uploads\/2025\/07\/ed2718c8-19c0-4c92-bb73-9b4c4f18e705.jpg'><img loading=\"lazy\" decoding=\"async\" width=\"150\" height=\"150\" src=\"https:\/\/www.radiopiu.net\/wordpress\/wp-content\/uploads\/2025\/07\/ed2718c8-19c0-4c92-bb73-9b4c4f18e705-150x150.jpg\" class=\"attachment-thumbnail size-thumbnail\" alt=\"\" \/><\/a>\n\t\t\t\t<\/dt><\/dl><br style=\"clear: both\" \/><dl class='gallery-item'>\n\t\t\t\t<dt class='gallery-icon portrait'>\n\t\t\t\t\t<a class=\"rollover rollover-zoom dt-pswp-item\" title=\"523777113_1154780213354341_6981268896384360470_n\" data-dt-img-description=\"\" data-large_image_width=\"1080\" data-large_image_height=\"1526\"href='https:\/\/www.radiopiu.net\/wordpress\/wp-content\/uploads\/2025\/07\/523777113_1154780213354341_6981268896384360470_n.jpg'><img loading=\"lazy\" decoding=\"async\" width=\"150\" height=\"150\" src=\"https:\/\/www.radiopiu.net\/wordpress\/wp-content\/uploads\/2025\/07\/523777113_1154780213354341_6981268896384360470_n-150x150.jpg\" class=\"attachment-thumbnail size-thumbnail\" alt=\"\" \/><\/a>\n\t\t\t\t<\/dt><\/dl><dl class='gallery-item'>\n\t\t\t\t<dt class='gallery-icon portrait'>\n\t\t\t\t\t<a class=\"rollover rollover-zoom dt-pswp-item\" title=\"Fuori Orario Reunion all&#039;Ostaria la Ridesta di Irrighe\" data-dt-img-description=\"\" data-large_image_width=\"1131\" data-large_image_height=\"1600\"href='https:\/\/www.radiopiu.net\/wordpress\/wp-content\/uploads\/2025\/07\/Fuori-Orario-Reunion-allOstaria-la-Ridesta-di-Irrighe.jpg'><img loading=\"lazy\" decoding=\"async\" width=\"150\" height=\"150\" src=\"https:\/\/www.radiopiu.net\/wordpress\/wp-content\/uploads\/2025\/07\/Fuori-Orario-Reunion-allOstaria-la-Ridesta-di-Irrighe-150x150.jpg\" class=\"attachment-thumbnail size-thumbnail\" alt=\"\" \/><\/a>\n\t\t\t\t<\/dt><\/dl><dl class='gallery-item'>\n\t\t\t\t<dt class='gallery-icon portrait'>\n\t\t\t\t\t<a class=\"rollover rollover-zoom dt-pswp-item\" title=\"Greenball Night - Memorial Matteo Zanon\" data-dt-img-description=\"\" data-large_image_width=\"1127\" data-large_image_height=\"1600\"href='https:\/\/www.radiopiu.net\/wordpress\/wp-content\/uploads\/2025\/07\/Greenball-Night-Memorial-Matteo-Zanon.jpg'><img loading=\"lazy\" decoding=\"async\" width=\"150\" height=\"150\" src=\"https:\/\/www.radiopiu.net\/wordpress\/wp-content\/uploads\/2025\/07\/Greenball-Night-Memorial-Matteo-Zanon-150x150.jpg\" class=\"attachment-thumbnail size-thumbnail\" alt=\"\" \/><\/a>\n\t\t\t\t<\/dt><\/dl><dl class='gallery-item'>\n\t\t\t\t<dt class='gallery-icon portrait'>\n\t\t\t\t\t<a class=\"rollover rollover-zoom dt-pswp-item\" title=\"1e3f7b00-7647-45cf-9e72-e3b2df294e1d\" data-dt-img-description=\"\" data-large_image_width=\"1060\" data-large_image_height=\"1600\"href='https:\/\/www.radiopiu.net\/wordpress\/wp-content\/uploads\/2025\/07\/1e3f7b00-7647-45cf-9e72-e3b2df294e1d.jpg'><img loading=\"lazy\" decoding=\"async\" width=\"150\" height=\"150\" src=\"https:\/\/www.radiopiu.net\/wordpress\/wp-content\/uploads\/2025\/07\/1e3f7b00-7647-45cf-9e72-e3b2df294e1d-150x150.jpg\" class=\"attachment-thumbnail size-thumbnail\" alt=\"\" \/><\/a>\n\t\t\t\t<\/dt><\/dl><dl class='gallery-item'>\n\t\t\t\t<dt class='gallery-icon portrait'>\n\t\t\t\t\t<a class=\"rollover rollover-zoom dt-pswp-item\" title=\"100d0741-e575-497b-b3c9-071672b149c1\" data-dt-img-description=\"\" data-large_image_width=\"739\" data-large_image_height=\"1600\"href='https:\/\/www.radiopiu.net\/wordpress\/wp-content\/uploads\/2025\/07\/100d0741-e575-497b-b3c9-071672b149c1.jpg'><img loading=\"lazy\" decoding=\"async\" width=\"150\" height=\"150\" src=\"https:\/\/www.radiopiu.net\/wordpress\/wp-content\/uploads\/2025\/07\/100d0741-e575-497b-b3c9-071672b149c1-150x150.jpg\" class=\"attachment-thumbnail size-thumbnail\" alt=\"\" \/><\/a>\n\t\t\t\t<\/dt><\/dl><br style=\"clear: both\" \/><dl class='gallery-item'>\n\t\t\t\t<dt class='gallery-icon portrait'>\n\t\t\t\t\t<a class=\"rollover rollover-zoom dt-pswp-item\" title=\"c3d6f0b8-3236-4d49-b07e-3612be2ddc73\" data-dt-img-description=\"\" data-large_image_width=\"1512\" data-large_image_height=\"2048\"href='https:\/\/www.radiopiu.net\/wordpress\/wp-content\/uploads\/2025\/07\/c3d6f0b8-3236-4d49-b07e-3612be2ddc73.jpg'><img loading=\"lazy\" decoding=\"async\" width=\"150\" height=\"150\" src=\"https:\/\/www.radiopiu.net\/wordpress\/wp-content\/uploads\/2025\/07\/c3d6f0b8-3236-4d49-b07e-3612be2ddc73-150x150.jpg\" class=\"attachment-thumbnail size-thumbnail\" alt=\"\" \/><\/a>\n\t\t\t\t<\/dt><\/dl><dl class='gallery-item'>\n\t\t\t\t<dt class='gallery-icon portrait'>\n\t\t\t\t\t<a class=\"rollover rollover-zoom dt-pswp-item\" title=\"3812307a-aa0d-4629-b459-dbeda692d5af\" data-dt-img-description=\"\" data-large_image_width=\"1181\" data-large_image_height=\"1670\"href='https:\/\/www.radiopiu.net\/wordpress\/wp-content\/uploads\/2025\/07\/3812307a-aa0d-4629-b459-dbeda692d5af.jpg'><img loading=\"lazy\" decoding=\"async\" width=\"150\" height=\"150\" src=\"https:\/\/www.radiopiu.net\/wordpress\/wp-content\/uploads\/2025\/07\/3812307a-aa0d-4629-b459-dbeda692d5af-150x150.jpg\" class=\"attachment-thumbnail size-thumbnail\" alt=\"\" \/><\/a>\n\t\t\t\t<\/dt><\/dl><dl class='gallery-item'>\n\t\t\t\t<dt class='gallery-icon portrait'>\n\t\t\t\t\t<a class=\"rollover rollover-zoom dt-pswp-item\" title=\"b50c6f6f-77f5-41a7-a950-cb7c813d2200\" data-dt-img-description=\"\" data-large_image_width=\"874\" data-large_image_height=\"1240\"href='https:\/\/www.radiopiu.net\/wordpress\/wp-content\/uploads\/2025\/07\/b50c6f6f-77f5-41a7-a950-cb7c813d2200.jpg'><img loading=\"lazy\" decoding=\"async\" width=\"150\" height=\"150\" src=\"https:\/\/www.radiopiu.net\/wordpress\/wp-content\/uploads\/2025\/07\/b50c6f6f-77f5-41a7-a950-cb7c813d2200-150x150.jpg\" class=\"attachment-thumbnail size-thumbnail\" alt=\"\" \/><\/a>\n\t\t\t\t<\/dt><\/dl>\n\t\t\t\t<br style='clear: both' \/>\n\t\t\t<\/div>\n\n<p>&nbsp;<\/p>\n<p>&nbsp;<\/p>\n<div>\n<div class=\"\" dir=\"auto\">\n<div id=\":r9h:\" class=\"x1iorvi4 x1pi30zi x1l90r2v x1swvt13\" data-ad-comet-preview=\"message\" data-ad-preview=\"message\">\n<div class=\"\" dir=\"auto\">\n<div id=\":r9h:\" class=\"x1iorvi4 x1pi30zi x1l90r2v x1swvt13\" data-ad-comet-preview=\"message\" data-ad-preview=\"message\">\n<div class=\"\" dir=\"auto\">\n<div id=\":r9h:\" class=\"x1iorvi4 x1pi30zi x1l90r2v x1swvt13\" data-ad-comet-preview=\"message\" data-ad-preview=\"message\">\n<div class=\"\" dir=\"auto\">\n<div id=\":r9h:\" class=\"x1iorvi4 x1pi30zi x1l90r2v x1swvt13\" data-ad-comet-preview=\"message\" data-ad-preview=\"message\">\n<div>\n<div class=\"\" dir=\"auto\">\n<div id=\":r9h:\" class=\"x1iorvi4 x1pi30zi x1l90r2v x1swvt13\" data-ad-comet-preview=\"message\" data-ad-preview=\"message\">\n<div>\n<div class=\"\" dir=\"auto\">\n<div id=\":r9h:\" class=\"x1iorvi4 x1pi30zi x1l90r2v x1swvt13\" data-ad-comet-preview=\"message\" data-ad-preview=\"message\">\n<div>\n<div class=\"\" dir=\"auto\">\n<div id=\":r9h:\" class=\"x1iorvi4 x1pi30zi x1l90r2v x1swvt13\" data-ad-comet-preview=\"message\" data-ad-preview=\"message\">\n<div>\n<div class=\"\" dir=\"auto\">\n<div id=\":r9h:\" class=\"x1iorvi4 x1pi30zi x1l90r2v x1swvt13\" data-ad-comet-preview=\"message\" data-ad-preview=\"message\">\n<hr \/>\n<p>&nbsp;<\/p>\n<\/div>\n<\/div>\n<\/div>\n<\/div>\n<\/div>\n<\/div>\n<\/div>\n<\/div>\n<\/div>\n<\/div>\n<\/div>\n<\/div>\n<\/div>\n<\/div>\n<\/div>\n<\/div>\n<\/div>\n<\/div>\n<\/div>\n<\/div>\n<\/div>\n<p class=\"mceTemp\"><a class=\"dt-pswp-item\" href=\"https:\/\/www.radiopiu.net\/wordpress\/wp-content\/uploads\/2018\/09\/WhatsApp-Image-2018-09-20-at-16.04.06.jpeg\" data-dt-img-description=\"\" data-large_image_width=\"800\" data-large_image_height=\"100\"><img loading=\"lazy\" decoding=\"async\" class=\"wp-image-61378 size-full aligncenter\" src=\"https:\/\/www.radiopiu.net\/wordpress\/wp-content\/uploads\/2018\/09\/WhatsApp-Image-2018-09-20-at-16.04.06.jpeg\" alt=\"\" width=\"800\" height=\"100\" srcset=\"https:\/\/www.radiopiu.net\/wordpress\/wp-content\/uploads\/2018\/09\/WhatsApp-Image-2018-09-20-at-16.04.06.jpeg 800w, https:\/\/www.radiopiu.net\/wordpress\/wp-content\/uploads\/2018\/09\/WhatsApp-Image-2018-09-20-at-16.04.06-300x38.jpeg 300w, https:\/\/www.radiopiu.net\/wordpress\/wp-content\/uploads\/2018\/09\/WhatsApp-Image-2018-09-20-at-16.04.06-768x96.jpeg 768w\" sizes=\"auto, (max-width: 800px) 100vw, 800px\" \/><\/a><\/p>\n<div id=\"dolomitimeteo_div_testi\"><\/div>\n<p><center><b>OGGI<\/b><\/center>Al mattino sole e cielo sereno o poco nuvoloso per primi cumuli e qualche stratocumulo a ridosso delle cime. Con il passare delle ore crescente ed irregolare attivit\u00e0 cumuliforme, tant&#8217;\u00e8 che su qualche settore la riduzione del soleggiamento rimarr\u00e0 parziale. Gli addensamenti pi\u00f9 intensi potranno dare luogo qua e l\u00e0 a qualche fenomeno convettivo.<br \/>\n<b>Precipitazioni: <\/b>Al mattino assenti. Al pomeriggio aumento della probabilit\u00e0 di rovesci e temporali, specie sulle Prealpi, mentre la stessa probabilit\u00e0 sembra poter essere minore sulle Dolomiti e limitarsi soprattutto a rovesci, mentre il rischio temporale potrebbe essere assente su quest&#8217;ultime.<br \/>\n<b>Temperature: <\/b>Minime in generale lieve calo, specie nelle valli, mentre le massime saranno in diminuzione<\/p>\n<hr \/>\n<p><center><b>DOMANI<\/b><\/center>Mattinata perlopi\u00f9 soleggiata con cielo sereno o poco nuvoloso. Poi parziale riduzione del soleggiamento per modesta attivit\u00e0 cumuliforme, localmente moderata, ma ad oggi sembra che il rischio di fenomeni convettivi sia piuttosto remoto se non del tutto assente. Si tratter\u00e0 infatti della giornata pi\u00f9 stabile della settimana.<br \/>\n<b>Precipitazioni: <\/b>Assenti al mattino e pressoch\u00e9 assenti al pomeriggio<br \/>\n<b>Temperature: <\/b>In generale lieve rialzo, salvo stazionariet\u00e0 delle minime nelle valli.<\/p>\n<hr \/>\n<p><center><b>VENERDI<\/b><\/center>Residui tratti di sole e crescenti annuvolamenti, gi\u00e0 dal primo mattino, ed entro le ore centrali il tempo sar\u00e0 gi\u00e0 all&#8217;insegna dell&#8217;instabilit\u00e0 con addensamenti cumuliformi spesso intensi, associati rovesci, anche temporaleschi, man mano pi\u00f9 frequenti con il passare delle ore. Temperature minime in aumento, specie nelle valli, e massime in diminuzione<\/p>\n<hr \/>\n<p><center><b>SABATO<\/b><\/center>Tempo da variabile ad instabile con qualche breve tratto soleggiato, in un cielo generalmente molto nuvoloso\/coperto. I fenomeni saranno gi\u00e0 probabili al mattino, ma soprattutto al pomeriggio, quando la probabilit\u00e0 di rovesci e temporali sar\u00e0 alta e pi\u00f9 diffusa. Temperature minime stazionarie e massime in calo per maggiore instabilit\u00e0.<\/p>\n<p>&nbsp;<\/p>\n<hr \/>\n<p>&nbsp;<\/p>\n<p class=\"mceTemp\"><a class=\"dt-pswp-item\" href=\"https:\/\/www.radiopiu.net\/wordpress\/wp-content\/uploads\/2018\/09\/sport.jpg\" data-dt-img-description=\"\" data-large_image_width=\"800\" data-large_image_height=\"100\"><img loading=\"lazy\" decoding=\"async\" class=\"aligncenter wp-image-60761 size-full\" src=\"https:\/\/www.radiopiu.net\/wordpress\/wp-content\/uploads\/2018\/09\/sport.jpg\" alt=\"\" width=\"800\" height=\"100\" srcset=\"https:\/\/www.radiopiu.net\/wordpress\/wp-content\/uploads\/2018\/09\/sport.jpg 800w, https:\/\/www.radiopiu.net\/wordpress\/wp-content\/uploads\/2018\/09\/sport-300x38.jpg 300w, https:\/\/www.radiopiu.net\/wordpress\/wp-content\/uploads\/2018\/09\/sport-768x96.jpg 768w\" sizes=\"auto, (max-width: 800px) 100vw, 800px\" \/> <\/a><\/p>\n<p class=\"mceTemp\"><span style=\"color: #0000ff;\"><strong>\u00a0 \u00a0 \u00a0 \u00a0 \u00a0 \u00a0 \u00a0 \u00a0<\/strong><\/span><\/p>\n<p><span style=\"color: #0000ff;\"><strong>CORSA CAMPESTRE<\/strong><\/span><\/p>\n<blockquote>\n<h3>IL 14 AGOSTO TORNA IL GIRO DEL LAGO DI ALLEGHE IN NOTTURNA<\/h3>\n<\/blockquote>\n<p><strong><a class=\"dt-pswp-item\" href=\"https:\/\/www.radiopiu.net\/wordpress\/wp-content\/uploads\/2025\/07\/partenza1.jpg\" data-dt-img-description=\"\" data-large_image_width=\"1772\" data-large_image_height=\"1182\"><img loading=\"lazy\" decoding=\"async\" class=\" wp-image-461938 alignleft\" src=\"https:\/\/www.radiopiu.net\/wordpress\/wp-content\/uploads\/2025\/07\/partenza1-300x200.jpg\" alt=\"\" width=\"203\" height=\"135\" srcset=\"https:\/\/www.radiopiu.net\/wordpress\/wp-content\/uploads\/2025\/07\/partenza1-300x200.jpg 300w, https:\/\/www.radiopiu.net\/wordpress\/wp-content\/uploads\/2025\/07\/partenza1-1024x683.jpg 1024w, https:\/\/www.radiopiu.net\/wordpress\/wp-content\/uploads\/2025\/07\/partenza1-768x512.jpg 768w, https:\/\/www.radiopiu.net\/wordpress\/wp-content\/uploads\/2025\/07\/partenza1-1536x1025.jpg 1536w, https:\/\/www.radiopiu.net\/wordpress\/wp-content\/uploads\/2025\/07\/partenza1.jpg 1772w\" sizes=\"auto, (max-width: 203px) 100vw, 203px\" \/><\/a>ALLEGHE <\/strong>Si rinnova anche quest\u2019anno l\u2019appuntamento con \u201cIl Giro del Lago di Alleghe in notturna\u201d, manifestazione podistica giunta alla sua 45\u00aa edizione e divenuta ormai un evento fisso del Ferragosto alleghese. La gara, attesa da residenti e turisti, si svolger\u00e0 gioved\u00ec 14 agosto, con partenza alle 21 dal piazzale di Masar\u00e8, davanti alla sede del Gruppo Alpini. Caratterizzata da una suggestiva ambientazione serale, la corsa si snoda lungo un tracciato panoramico di 5,3 chilometri attorno al lago di Alleghe, immerso nello scenario unico delle Dolomiti. Non si tratta solo di una gara competitiva, ma di un evento aperto a tutti, adulti e bambini, che unisce sport, natura e tradizione. Negli ultimi anni la manifestazione ha registrato un crescente successo di pubblico, superando i 1000 concorrenti nelle edizioni 2022, 2023 e 2024. La partecipazione numerosa conferma l\u2019appeal dell\u2019iniziativa, molto apprezzata anche per l\u2019atmosfera festosa che la accompagna. Le iscrizioni sono gi\u00e0 aperte e potranno essere effettuate fino alle ore 18.00 del giorno della gara. Sar\u00e0 possibile iscriversi presso il gazebo degli Alpini in Piazza Kennedy oppure, dalle 20.45 in poi, direttamente nella sede degli Alpini a Masar\u00e8 (fino ad esaurimento dei pettorali disponibili). Per ulteriori informazioni su quote di iscrizione e orari, \u00e8 possibile rivolgersi all\u2019Ufficio Turistico di Alleghe (Tel. 0437\/523333 \u2013 Email: <a class=\"cursor-pointer\" rel=\"noopener\" data-start=\"1642\" data-end=\"1664\">consorzio@alleghe.info<\/a>).<\/p>\n<p><strong>PERCORSO<\/strong><\/p>\n<p><a class=\"dt-pswp-item\" href=\"https:\/\/www.radiopiu.net\/wordpress\/wp-content\/uploads\/2025\/07\/Percorso-del-Giro-del-Lago-in-notturna-Copia.jpg\" data-dt-img-description=\"\" data-large_image_width=\"1060\" data-large_image_height=\"705\"><img loading=\"lazy\" decoding=\"async\" class=\"alignnone wp-image-461937 \" src=\"https:\/\/www.radiopiu.net\/wordpress\/wp-content\/uploads\/2025\/07\/Percorso-del-Giro-del-Lago-in-notturna-Copia-1024x681.jpg\" alt=\"\" width=\"474\" height=\"315\" srcset=\"https:\/\/www.radiopiu.net\/wordpress\/wp-content\/uploads\/2025\/07\/Percorso-del-Giro-del-Lago-in-notturna-Copia-1024x681.jpg 1024w, https:\/\/www.radiopiu.net\/wordpress\/wp-content\/uploads\/2025\/07\/Percorso-del-Giro-del-Lago-in-notturna-Copia-300x200.jpg 300w, https:\/\/www.radiopiu.net\/wordpress\/wp-content\/uploads\/2025\/07\/Percorso-del-Giro-del-Lago-in-notturna-Copia-768x511.jpg 768w, https:\/\/www.radiopiu.net\/wordpress\/wp-content\/uploads\/2025\/07\/Percorso-del-Giro-del-Lago-in-notturna-Copia.jpg 1060w\" sizes=\"auto, (max-width: 474px) 100vw, 474px\" \/><\/a><\/p>\n<p>&nbsp;<\/p>\n<p><span style=\"color: #0000ff;\"><strong>CALCIO<\/strong><\/span><\/p>\n<blockquote>\n<h3>IL CALCIO DEI SOGNI SBARCA A FALCADE: ARRIVA IL REAL MADRID CLINIC<\/h3>\n<\/blockquote>\n<p><strong><a class=\"dt-pswp-item\" href=\"https:\/\/www.radiopiu.net\/wordpress\/wp-content\/uploads\/2025\/05\/7aba90c8-ab6b-42c1-984c-702db9ae0b5b.jpg\" data-dt-img-description=\"\" data-large_image_width=\"1128\" data-large_image_height=\"1600\"><img loading=\"lazy\" decoding=\"async\" class=\" wp-image-451274 alignleft\" src=\"https:\/\/www.radiopiu.net\/wordpress\/wp-content\/uploads\/2025\/05\/7aba90c8-ab6b-42c1-984c-702db9ae0b5b-212x300.jpg\" alt=\"\" width=\"177\" height=\"250\" srcset=\"https:\/\/www.radiopiu.net\/wordpress\/wp-content\/uploads\/2025\/05\/7aba90c8-ab6b-42c1-984c-702db9ae0b5b-212x300.jpg 212w, https:\/\/www.radiopiu.net\/wordpress\/wp-content\/uploads\/2025\/05\/7aba90c8-ab6b-42c1-984c-702db9ae0b5b-722x1024.jpg 722w, https:\/\/www.radiopiu.net\/wordpress\/wp-content\/uploads\/2025\/05\/7aba90c8-ab6b-42c1-984c-702db9ae0b5b-768x1089.jpg 768w, https:\/\/www.radiopiu.net\/wordpress\/wp-content\/uploads\/2025\/05\/7aba90c8-ab6b-42c1-984c-702db9ae0b5b-1083x1536.jpg 1083w, https:\/\/www.radiopiu.net\/wordpress\/wp-content\/uploads\/2025\/05\/7aba90c8-ab6b-42c1-984c-702db9ae0b5b.jpg 1128w\" sizes=\"auto, (max-width: 177px) 100vw, 177px\" \/><\/a>FALCADE <\/strong>L\u2019estate 2025 si tinge di blanco nella suggestiva cornice delle Dolomiti. A Falcade approda il prestigioso Real Madrid Clinic, l\u2019innovativo camp di calcio ufficiale promosso dalla Fundaci\u00f3n Real Madrid in collaborazione con A.S.D. Focobon. Un\u2019occasione imperdibile per ragazze e ragazzi dai 6 ai 16 anni che desiderano allenarsi secondo le metodologie del settore giovanile di uno dei club pi\u00f9 titolati al mondo. L\u2019appuntamento \u00e8 fissato dal 28 luglio al 1\u00b0 agosto presso il campo in Via Fioita n\u00b03. I partecipanti prenderanno parte a 10 sessioni di allenamento ispirate ai principi e ai valori del Real Madrid, con analisi personalizzate grazie alla piattaforma Scorecard. Il progetto mira a trasmettere non solo tecnica e tattica, ma anche cultura sportiva e spirito di squadra. Ogni iscritto ricever\u00e0 un kit ufficiale adidas completo (maglia, pantaloncini, calzettoni e pallone), oltre a una Gym Bag e una borraccia. Ma non \u00e8 tutto: i migliori talenti selezionati durante il camp avranno la possibilit\u00e0 di partecipare alla finale internazionale a Madrid, allenandosi nei centri sportivi della \u201cCasa Blanca\u201d. Con testimonial d&#8217;eccezione come Vin\u00edcius Jr., Jude Bellingham e Federico Valverde \u2014 simboli della nuova generazione madridista \u2014 il camp promette un\u2019immersione totale nello stile professionale del club spagnolo. Un\u2019opportunit\u00e0 irripetibile per crescere come atleti e persone, in un contesto di eccellenza tecnica e divertimento.<\/p>\n<p>&nbsp;<\/p>\n<p>&nbsp;<\/p>\n<p>&nbsp;<\/p>\n","protected":false},"excerpt":{"rendered":"<p>******* &nbsp; LA\u00a0 APP PER IOS-IPHONE di Nicola Vettorello https:\/\/apps.apple.com\/it\/app\/radio-pi%C3%B9-emittente-agordina\/id1515939845 LA\u00a0 APP RADIO\u00a0 PER ANDROID di Nicola Vettorello https:\/\/play.google.com\/store\/apps\/details?id=net.radiopiu.iniko\u00a0\u00a0\u00a0\u00a0 &nbsp; &nbsp; &nbsp; \u00a0 &nbsp; OGGI SU RADIOPI\u00d9: MUSICA, informazione\u00a0 e dirette\u00a0 ALLE 8.05 LA RASSEGNA STAMPA LOCALE 8.25\u00a0 PIU SIAMO 9.00 CORRADO DE ROCCO-ATLETICA VALZOLDANA PRESENTA LA SGAMBADA IN PROGRAMMA DOMENICA A PRALONGO 10.10 S0FIA&hellip;<\/p>\n","protected":false},"author":4,"featured_media":462024,"comment_status":"closed","ping_status":"closed","sticky":false,"template":"","format":"standard","meta":{"_monsterinsights_skip_tracking":false,"_monsterinsights_sitenote_active":false,"_monsterinsights_sitenote_note":"","_monsterinsights_sitenote_category":0,"footnotes":""},"categories":[51,86,49],"tags":[],"class_list":["post-461856","post","type-post","status-publish","format-standard","has-post-thumbnail","hentry","category-evidenza-top","category-gr","category-news-18","category-51","category-86","category-49","description-off"],"img_url":"https:\/\/www.radiopiu.net\/wordpress\/wp-content\/uploads\/2025\/07\/Screenshot-2025-07-30-051750.png","_links":{"self":[{"href":"https:\/\/www.radiopiu.net\/wordpress\/wp-json\/wp\/v2\/posts\/461856","targetHints":{"allow":["GET"]}}],"collection":[{"href":"https:\/\/www.radiopiu.net\/wordpress\/wp-json\/wp\/v2\/posts"}],"about":[{"href":"https:\/\/www.radiopiu.net\/wordpress\/wp-json\/wp\/v2\/types\/post"}],"author":[{"embeddable":true,"href":"https:\/\/www.radiopiu.net\/wordpress\/wp-json\/wp\/v2\/users\/4"}],"replies":[{"embeddable":true,"href":"https:\/\/www.radiopiu.net\/wordpress\/wp-json\/wp\/v2\/comments?post=461856"}],"version-history":[{"count":33,"href":"https:\/\/www.radiopiu.net\/wordpress\/wp-json\/wp\/v2\/posts\/461856\/revisions"}],"predecessor-version":[{"id":462036,"href":"https:\/\/www.radiopiu.net\/wordpress\/wp-json\/wp\/v2\/posts\/461856\/revisions\/462036"}],"wp:featuredmedia":[{"embeddable":true,"href":"https:\/\/www.radiopiu.net\/wordpress\/wp-json\/wp\/v2\/media\/462024"}],"wp:attachment":[{"href":"https:\/\/www.radiopiu.net\/wordpress\/wp-json\/wp\/v2\/media?parent=461856"}],"wp:term":[{"taxonomy":"category","embeddable":true,"href":"https:\/\/www.radiopiu.net\/wordpress\/wp-json\/wp\/v2\/categories?post=461856"},{"taxonomy":"post_tag","embeddable":true,"href":"https:\/\/www.radiopiu.net\/wordpress\/wp-json\/wp\/v2\/tags?post=461856"}],"curies":[{"name":"wp","href":"https:\/\/api.w.org\/{rel}","templated":true}]}}