{"id":461933,"date":"2025-07-29T15:31:22","date_gmt":"2025-07-29T13:31:22","guid":{"rendered":"https:\/\/www.radiopiu.net\/wordpress\/?p=461933"},"modified":"2025-07-29T15:33:11","modified_gmt":"2025-07-29T13:33:11","slug":"il-14-agosto-torna-il-giro-del-lago-di-alleghe-in-notturna","status":"publish","type":"post","link":"https:\/\/www.radiopiu.net\/wordpress\/il-14-agosto-torna-il-giro-del-lago-di-alleghe-in-notturna\/","title":{"rendered":"IL 14 AGOSTO TORNA IL GIRO DEL LAGO DI ALLEGHE IN NOTTURNA"},"content":{"rendered":"<p>*******<\/p>\n<p>&nbsp;<\/p>\n<p><strong><a class=\"dt-pswp-item\" href=\"https:\/\/www.radiopiu.net\/wordpress\/wp-content\/uploads\/2025\/07\/partenza1.jpg\" data-dt-img-description=\"\" data-large_image_width=\"1772\" data-large_image_height=\"1182\"><img loading=\"lazy\" decoding=\"async\" class=\" wp-image-461938 alignleft\" src=\"https:\/\/www.radiopiu.net\/wordpress\/wp-content\/uploads\/2025\/07\/partenza1-300x200.jpg\" alt=\"\" width=\"203\" height=\"135\" srcset=\"https:\/\/www.radiopiu.net\/wordpress\/wp-content\/uploads\/2025\/07\/partenza1-300x200.jpg 300w, https:\/\/www.radiopiu.net\/wordpress\/wp-content\/uploads\/2025\/07\/partenza1-1024x683.jpg 1024w, https:\/\/www.radiopiu.net\/wordpress\/wp-content\/uploads\/2025\/07\/partenza1-768x512.jpg 768w, https:\/\/www.radiopiu.net\/wordpress\/wp-content\/uploads\/2025\/07\/partenza1-1536x1025.jpg 1536w, https:\/\/www.radiopiu.net\/wordpress\/wp-content\/uploads\/2025\/07\/partenza1.jpg 1772w\" sizes=\"auto, (max-width: 203px) 100vw, 203px\" \/><\/a>ALLEGHE <\/strong>Si rinnova anche quest\u2019anno l\u2019appuntamento con \u201cIl Giro del Lago di Alleghe in notturna\u201d, manifestazione podistica giunta alla sua 45\u00aa edizione e divenuta ormai un evento fisso del Ferragosto alleghese. La gara, attesa da residenti e turisti, si svolger\u00e0 gioved\u00ec 14 agosto, con partenza alle 21 dal piazzale di Masar\u00e8, davanti alla sede del Gruppo Alpini. Caratterizzata da una suggestiva ambientazione serale, la corsa si snoda lungo un tracciato panoramico di 5,3 chilometri attorno al lago di Alleghe, immerso nello scenario unico delle Dolomiti. Non si tratta solo di una gara competitiva, ma di un evento aperto a tutti, adulti e bambini, che unisce sport, natura e tradizione. Negli ultimi anni la manifestazione ha registrato un crescente successo di pubblico, superando i 1000 concorrenti nelle edizioni 2022, 2023 e 2024. La partecipazione numerosa conferma l\u2019appeal dell\u2019iniziativa, molto apprezzata anche per l\u2019atmosfera festosa che la accompagna. Le iscrizioni sono gi\u00e0 aperte e potranno essere effettuate fino alle ore 18.00 del giorno della gara. Sar\u00e0 possibile iscriversi presso il gazebo degli Alpini in Piazza Kennedy oppure, dalle 20.45 in poi, direttamente nella sede degli Alpini a Masar\u00e8 (fino ad esaurimento dei pettorali disponibili). Per ulteriori informazioni su quote di iscrizione e orari, \u00e8 possibile rivolgersi all\u2019Ufficio Turistico di Alleghe (Tel. 0437\/523333 \u2013 Email: <a class=\"cursor-pointer\" rel=\"noopener\" data-start=\"1642\" data-end=\"1664\">consorzio@alleghe.info<\/a>).<\/p>\n<p><strong>PERCORSO<\/strong><\/p>\n<p><a class=\"dt-pswp-item\" href=\"https:\/\/www.radiopiu.net\/wordpress\/wp-content\/uploads\/2025\/07\/Percorso-del-Giro-del-Lago-in-notturna-Copia.jpg\" data-dt-img-description=\"\" data-large_image_width=\"1060\" data-large_image_height=\"705\"><img loading=\"lazy\" decoding=\"async\" class=\"alignnone wp-image-461937 size-large\" src=\"https:\/\/www.radiopiu.net\/wordpress\/wp-content\/uploads\/2025\/07\/Percorso-del-Giro-del-Lago-in-notturna-Copia-1024x681.jpg\" alt=\"\" width=\"1024\" height=\"681\" srcset=\"https:\/\/www.radiopiu.net\/wordpress\/wp-content\/uploads\/2025\/07\/Percorso-del-Giro-del-Lago-in-notturna-Copia-1024x681.jpg 1024w, https:\/\/www.radiopiu.net\/wordpress\/wp-content\/uploads\/2025\/07\/Percorso-del-Giro-del-Lago-in-notturna-Copia-300x200.jpg 300w, https:\/\/www.radiopiu.net\/wordpress\/wp-content\/uploads\/2025\/07\/Percorso-del-Giro-del-Lago-in-notturna-Copia-768x511.jpg 768w, https:\/\/www.radiopiu.net\/wordpress\/wp-content\/uploads\/2025\/07\/Percorso-del-Giro-del-Lago-in-notturna-Copia.jpg 1060w\" sizes=\"auto, (max-width: 1024px) 100vw, 1024px\" \/><\/a><\/p>\n<p>&nbsp;<\/p>\n<p>&nbsp;<\/p>\n<p>&nbsp;<\/p>\n<p>&nbsp;<\/p>\n<p>&nbsp;<\/p>\n<p>&nbsp;<\/p>\n<p>&nbsp;<\/p>\n<p>&nbsp;<\/p>\n<p>*********<\/p>\n","protected":false},"excerpt":{"rendered":"<p>******* &nbsp; ALLEGHE Si rinnova anche quest\u2019anno l\u2019appuntamento con \u201cIl Giro del Lago di Alleghe in notturna\u201d, manifestazione podistica giunta alla sua 45\u00aa edizione e divenuta ormai un evento fisso del Ferragosto alleghese. La gara, attesa da residenti e turisti, si svolger\u00e0 gioved\u00ec 14 agosto, con partenza alle 21 dal piazzale di Masar\u00e8, davanti alla&hellip;<\/p>\n","protected":false},"author":4,"featured_media":461938,"comment_status":"closed","ping_status":"closed","sticky":false,"template":"","format":"standard","meta":{"_monsterinsights_skip_tracking":false,"_monsterinsights_sitenote_active":false,"_monsterinsights_sitenote_note":"","_monsterinsights_sitenote_category":0,"footnotes":""},"categories":[49],"tags":[],"class_list":["post-461933","post","type-post","status-publish","format-standard","has-post-thumbnail","hentry","category-news-18","category-49","description-off"],"img_url":"https:\/\/www.radiopiu.net\/wordpress\/wp-content\/uploads\/2025\/07\/partenza1.jpg","_links":{"self":[{"href":"https:\/\/www.radiopiu.net\/wordpress\/wp-json\/wp\/v2\/posts\/461933","targetHints":{"allow":["GET"]}}],"collection":[{"href":"https:\/\/www.radiopiu.net\/wordpress\/wp-json\/wp\/v2\/posts"}],"about":[{"href":"https:\/\/www.radiopiu.net\/wordpress\/wp-json\/wp\/v2\/types\/post"}],"author":[{"embeddable":true,"href":"https:\/\/www.radiopiu.net\/wordpress\/wp-json\/wp\/v2\/users\/4"}],"replies":[{"embeddable":true,"href":"https:\/\/www.radiopiu.net\/wordpress\/wp-json\/wp\/v2\/comments?post=461933"}],"version-history":[{"count":3,"href":"https:\/\/www.radiopiu.net\/wordpress\/wp-json\/wp\/v2\/posts\/461933\/revisions"}],"predecessor-version":[{"id":461941,"href":"https:\/\/www.radiopiu.net\/wordpress\/wp-json\/wp\/v2\/posts\/461933\/revisions\/461941"}],"wp:featuredmedia":[{"embeddable":true,"href":"https:\/\/www.radiopiu.net\/wordpress\/wp-json\/wp\/v2\/media\/461938"}],"wp:attachment":[{"href":"https:\/\/www.radiopiu.net\/wordpress\/wp-json\/wp\/v2\/media?parent=461933"}],"wp:term":[{"taxonomy":"category","embeddable":true,"href":"https:\/\/www.radiopiu.net\/wordpress\/wp-json\/wp\/v2\/categories?post=461933"},{"taxonomy":"post_tag","embeddable":true,"href":"https:\/\/www.radiopiu.net\/wordpress\/wp-json\/wp\/v2\/tags?post=461933"}],"curies":[{"name":"wp","href":"https:\/\/api.w.org\/{rel}","templated":true}]}}