{"id":461965,"date":"2025-07-29T16:52:45","date_gmt":"2025-07-29T14:52:45","guid":{"rendered":"https:\/\/www.radiopiu.net\/wordpress\/?p=461965"},"modified":"2025-07-29T16:52:45","modified_gmt":"2025-07-29T14:52:45","slug":"dillo-a-radio-piu-salvato-il-liceo-linguistico-di-auronzo-ma-la-partita-per-la-scuola-in-cadore-e-ancora-aperta","status":"publish","type":"post","link":"https:\/\/www.radiopiu.net\/wordpress\/dillo-a-radio-piu-salvato-il-liceo-linguistico-di-auronzo-ma-la-partita-per-la-scuola-in-cadore-e-ancora-aperta\/","title":{"rendered":"DILLO A RADIO PIU&#8217;&#8230;SALVATO IL LICEO LINGUISTICO DI AURONZO, MA LA PARTITA PER LA SCUOLA IN CADORE \u00c8 ANCORA APERTA"},"content":{"rendered":"<p>********<\/p>\n<p>&nbsp;<\/p>\n<p dir=\"auto\"><strong><a class=\"dt-pswp-item\" href=\"https:\/\/www.radiopiu.net\/wordpress\/wp-content\/uploads\/2025\/07\/maxresdefault.jpg\" data-dt-img-description=\"\" data-large_image_width=\"1280\" data-large_image_height=\"720\"><img loading=\"lazy\" decoding=\"async\" class=\" wp-image-461966 alignleft\" src=\"https:\/\/www.radiopiu.net\/wordpress\/wp-content\/uploads\/2025\/07\/maxresdefault-300x169.jpg\" alt=\"\" width=\"243\" height=\"137\" srcset=\"https:\/\/www.radiopiu.net\/wordpress\/wp-content\/uploads\/2025\/07\/maxresdefault-300x169.jpg 300w, https:\/\/www.radiopiu.net\/wordpress\/wp-content\/uploads\/2025\/07\/maxresdefault-1024x576.jpg 1024w, https:\/\/www.radiopiu.net\/wordpress\/wp-content\/uploads\/2025\/07\/maxresdefault-768x432.jpg 768w, https:\/\/www.radiopiu.net\/wordpress\/wp-content\/uploads\/2025\/07\/maxresdefault.jpg 1280w\" sizes=\"auto, (max-width: 243px) 100vw, 243px\" \/><\/a>DI FRANCESCO MARENGON<\/strong><\/p>\n<p dir=\"auto\"><strong>AURONZO DI CADORE <\/strong>Il salvataggio del Liceo linguistico di Auronzo, il futuro delle scuole del Cadore e il ringraziamento a Silvia Calligaro, sindaco di Vigo di Cadore e vicepresidente della Provincia di Belluno, per le sue azioni in questi campi: Francesco Marengon, consigliere dell&#8217;Unione Montana Centro Cadore, guarda al presente e al futuro delle strutture scolastiche delle terre alte. \u00abPartiamo dalla questione del Liceo linguistico, dove hanno studiato le mie figlie e dove ho anche ricoperto il ruolo di rappresentante: negli ultimi anni, abbiamo cercato (senza riuscirci) un referente preparato e cosciente di come siano organizzate le scuole in Cadore per poter affrontare la questione e trovare possibili soluzioni. Per questo, non posso e non possiamo far altro che ringraziare Silvia Calligaro per aver scelto di metterci la faccia e per essersi impegnata per arrivare a questo salvataggio\u00bb, sottolinea Marengon. Ma questa azione non pu\u00f2 essere sufficiente se non c&#8217;\u00e8 la partecipazione dei territori: \u00abPochi giorni dopo l&#8217;ottima notizia dell&#8217;intervento della Provincia di Belluno, di investitori esterni e di un importante investitore privato, la riunione promossa dal comitato delle aree interne proprio sul tema delle scuole e dei finanziamenti per l\u2019istruzione \u00e8 andata praticamente deserta: su questi temi dobbiamo esserci tutti, la situazione \u00e8 delicata e non possiamo lasciare al suo destino chi ha scelto di impegnarsi in prima persona come Silvia. Pensiamo ad esempio alla nuova scuola (in costruzione) dell&#8217;istituto ottici e ITT a Pieve di Cadore: ci sono temi importanti da affrontare e i nostri amministratori non possono pensare che sia una persona sola a risolverli. Basta nascondersi o delegare: tutti parlano di lotta allo spopolamento, ma la scuola \u00e8 uno dei servizi principali da mantenere in montagna se vogliamo che le famiglie e i ragazzi continuino a vivere nei nostri paesi. Dobbiamo tutti prenderci la nostra fetta di responsabilit\u00e0, sapendo che possiamo contare su una rappresentante importante a Belluno e Silvia deve sapere di poter contare su di noi\u00bb. \u00abIl salvataggio del Liceo linguistico \u00e8 stata una vittoria importante, ma \u00e8 stata anche una sola partita all&#8217;interno di un campionato pi\u00f9 importante, quello del futuro delle scuole e della formazione in Cadore, Comelico e Ampezzo\u00bb, conclude Marengon. \u00abIl \u201ctorneo\u201d \u00e8 ancora lungo, e tutti devono scendere in campo dando il massimo, altrimenti rischiamo di veder sfumare il risultato finale\u00bb.<\/p>\n<div dir=\"auto\"><\/div>\n<div dir=\"auto\"><\/div>\n<div dir=\"auto\"><\/div>\n<div dir=\"auto\">***********<\/div>\n","protected":false},"excerpt":{"rendered":"<p>******** &nbsp; DI FRANCESCO MARENGON AURONZO DI CADORE Il salvataggio del Liceo linguistico di Auronzo, il futuro delle scuole del Cadore e il ringraziamento a Silvia Calligaro, sindaco di Vigo di Cadore e vicepresidente della Provincia di Belluno, per le sue azioni in questi campi: Francesco Marengon, consigliere dell&#8217;Unione Montana Centro Cadore, guarda al presente&hellip;<\/p>\n","protected":false},"author":4,"featured_media":461966,"comment_status":"closed","ping_status":"closed","sticky":false,"template":"","format":"standard","meta":{"_monsterinsights_skip_tracking":false,"_monsterinsights_sitenote_active":false,"_monsterinsights_sitenote_note":"","_monsterinsights_sitenote_category":0,"footnotes":""},"categories":[49],"tags":[],"class_list":["post-461965","post","type-post","status-publish","format-standard","has-post-thumbnail","hentry","category-news-18","category-49","description-off"],"img_url":"https:\/\/www.radiopiu.net\/wordpress\/wp-content\/uploads\/2025\/07\/maxresdefault.jpg","_links":{"self":[{"href":"https:\/\/www.radiopiu.net\/wordpress\/wp-json\/wp\/v2\/posts\/461965","targetHints":{"allow":["GET"]}}],"collection":[{"href":"https:\/\/www.radiopiu.net\/wordpress\/wp-json\/wp\/v2\/posts"}],"about":[{"href":"https:\/\/www.radiopiu.net\/wordpress\/wp-json\/wp\/v2\/types\/post"}],"author":[{"embeddable":true,"href":"https:\/\/www.radiopiu.net\/wordpress\/wp-json\/wp\/v2\/users\/4"}],"replies":[{"embeddable":true,"href":"https:\/\/www.radiopiu.net\/wordpress\/wp-json\/wp\/v2\/comments?post=461965"}],"version-history":[{"count":1,"href":"https:\/\/www.radiopiu.net\/wordpress\/wp-json\/wp\/v2\/posts\/461965\/revisions"}],"predecessor-version":[{"id":461967,"href":"https:\/\/www.radiopiu.net\/wordpress\/wp-json\/wp\/v2\/posts\/461965\/revisions\/461967"}],"wp:featuredmedia":[{"embeddable":true,"href":"https:\/\/www.radiopiu.net\/wordpress\/wp-json\/wp\/v2\/media\/461966"}],"wp:attachment":[{"href":"https:\/\/www.radiopiu.net\/wordpress\/wp-json\/wp\/v2\/media?parent=461965"}],"wp:term":[{"taxonomy":"category","embeddable":true,"href":"https:\/\/www.radiopiu.net\/wordpress\/wp-json\/wp\/v2\/categories?post=461965"},{"taxonomy":"post_tag","embeddable":true,"href":"https:\/\/www.radiopiu.net\/wordpress\/wp-json\/wp\/v2\/tags?post=461965"}],"curies":[{"name":"wp","href":"https:\/\/api.w.org\/{rel}","templated":true}]}}