{"id":461990,"date":"2025-07-29T17:22:23","date_gmt":"2025-07-29T15:22:23","guid":{"rendered":"https:\/\/www.radiopiu.net\/wordpress\/?p=461990"},"modified":"2025-07-29T17:22:23","modified_gmt":"2025-07-29T15:22:23","slug":"la-seduta-del-consiglio-provinciale-a-san-vito-di-cadore","status":"publish","type":"post","link":"https:\/\/www.radiopiu.net\/wordpress\/la-seduta-del-consiglio-provinciale-a-san-vito-di-cadore\/","title":{"rendered":"LA SEDUTA DEL CONSIGLIO PROVINCIALE A SAN VITO DI CADORE"},"content":{"rendered":"<p>**********<\/p>\n<p>&nbsp;<\/p>\n<p><strong><a class=\"dt-pswp-item\" href=\"https:\/\/www.radiopiu.net\/wordpress\/wp-content\/uploads\/2025\/07\/e31f5408-6b31-4678-aff3-dc0e60609609.jpg\" data-dt-img-description=\"\" data-large_image_width=\"1600\" data-large_image_height=\"900\"><img loading=\"lazy\" decoding=\"async\" class=\" wp-image-461991 alignleft\" src=\"https:\/\/www.radiopiu.net\/wordpress\/wp-content\/uploads\/2025\/07\/e31f5408-6b31-4678-aff3-dc0e60609609-300x169.jpg\" alt=\"\" width=\"201\" height=\"113\" srcset=\"https:\/\/www.radiopiu.net\/wordpress\/wp-content\/uploads\/2025\/07\/e31f5408-6b31-4678-aff3-dc0e60609609-300x169.jpg 300w, https:\/\/www.radiopiu.net\/wordpress\/wp-content\/uploads\/2025\/07\/e31f5408-6b31-4678-aff3-dc0e60609609-1024x576.jpg 1024w, https:\/\/www.radiopiu.net\/wordpress\/wp-content\/uploads\/2025\/07\/e31f5408-6b31-4678-aff3-dc0e60609609-768x432.jpg 768w, https:\/\/www.radiopiu.net\/wordpress\/wp-content\/uploads\/2025\/07\/e31f5408-6b31-4678-aff3-dc0e60609609-1536x864.jpg 1536w, https:\/\/www.radiopiu.net\/wordpress\/wp-content\/uploads\/2025\/07\/e31f5408-6b31-4678-aff3-dc0e60609609.jpg 1600w\" sizes=\"auto, (max-width: 201px) 100vw, 201px\" \/><\/a>SAN VITO DI CADORE <\/strong>Si \u00e8 tenuta stamattina presso il municipio di San Vito di Cadore la pervista seduta del Consiglio Provinciale, in \u201ctrasferta\u201d, rispetto alla sede consueta di Palazzo Piloni (tutti i consiglieri presenti, ad eccezione del consigliere Deola, assente giustificato). I lavori sono stati aperti dal presidente Roberto Padrin che ha ringraziato il sindaco di San Vito (presenti anche i sindaci di Cortina, Borca di Cadore e S. Nicol\u00f2 Comelico) e ha illustrato le motivazioni che hanno condotto la Provincia a optare per la seduta in Cadore, in senso di vicinanza, ascolto e dialogo con le comunit\u00e0 locali, colpite dagli eventi che ben conosciamo. Il sindaco di S. Vito Franco De Bon ha poi ripercorso quanto fatto in queste settimane, rivendicando la bont\u00e0 delle scelte assunte, in primis proprio con la collaborazione di Palazzo Piloni, attivatosi gi\u00e0 subito dopo il primo crollo della Marcora. De Bon ha anche ricordato che gi\u00e0 nel 2016 in sede di Tavolo di lavoro in vista dei mondiali di sci di Cortina erano state segnalate le criticit\u00e0 della viabilit\u00e0 lungo l\u2019Alemagna. \u201cVoglio sottolineare che nessuno si \u00e8 fatto male nel corso degli ultimi eventi: la sicurezza \u00e8 il valore decisamente primario da tutelare e credo che in questa direzione ci siamo mossi con responsabilit\u00e0\u201d. A quello di De Bon \u00e8 seguito il saluto del sindaco di Cortina Lorenzi, che ha sottolineato come a suo avviso il sistema si sia mosso bene; \u201cda soli per\u00f2 non ce la possiamo fare: serve il sostegno di governo e Regione, per porre termine al clima di incertezza che mina le sicurezze di cittadini, lavoratori pendolari (che hanno recapitato oggi una lettera con una raccolta di firme alle istituzioni locali per segnalare i propri gravi disagi), imprese e turisti\u201d. Il tema \u00e8 entrato nella sua fase pi\u00f9 dibattuta in concomitanza con i due punti all\u2019ordine del giorno riguardanti le \u201csomme urgenze\u201d attivate per i dissesti di Cancia (oltre 2 milioni di euro) e di San Vito lungo l\u2019Alemagna (220 mila euro). In relazione a quest\u2019ultimo intervento, il consigliere Bortoluzzi ha relazionato di come i lavori per il sistema di monitoraggio finanziato dalla Provincia siano quasi completamente realizzati; resta da completare una parte relativa al posizionamento di un pendolo, che per questioni di sicurezza degli operatori che devono intervenire al momento non si pu\u00f2 per\u00f2 eseguire. Poi ci sar\u00e0 il collaudo e il passaggio in capo ad ANAS per la gestione. Il tutto, ha detto Bortoluzzi, \u00e8 avvenuto in tempi sostanzialmente rapidi vista la complessit\u00e0 della situazione. A monte, inoltre, ANAS sta eseguendo opere di mitigazione del rischio idrogeologico. La consigliera Sindi Manushi ha sollecitato il consiglio a sfruttare pienamente l\u2019occasione della seduta a S. Vito per dare un segnale fermo, anche in termini formali, agli organi superiori, approfittando del \u201cmomento\u201d pre-olimpico. A tale scopo ha presentato un emendamento alla delibera, che \u00e8 stato poi rivisto e integrato d\u2019intesa con la maggioranza dell\u2019Amministrazione provinciale. Nel testo si chiede sia al governo che alla Regione del Veneto di stanziare con urgenza e tempestivit\u00e0, possibilmente inserendola nella prima programmazione utile, una somma che vada a finanziare un intervento strutturale sull\u2019Alemagna. Nel testo finale, approvato all\u2019unanimit\u00e0 anche in questo caso, si cita in premessa la lettera inviata da Palazzo Piloni alle Istituzioni per un intervento risolutivo sull\u2019Alemagna e si fa pari riferimento anche alla difficile questione di Cancia. Durante la seduta, il consiglio ha anche approvato, sempre all\u2019unanimit\u00e0, alcune delibere in tema economico, tra cui una variazione di bilancio del valore di circa 1 milione di euro. Saranno destinati, ha evidenziato la consigliera delegata Matilde Vieceli, per 631 mila euro al cofinanziamento per quest\u2019anno di Investi Scuola (la parte restante sar\u00e0 coperta dal Consorzio Bim Piave e da Dolomiti Bus per un totale di circa 1,2 milioni di euro); per 48 mila euro per assicurare la continuit\u00e0 didattica del liceo linguistico \u201cCadore\u201d di Auronzo; per 217 mila per la pulizia e i traslochi dei container in uso agli istituti \u201cRenier\u201d e \u201cCatullo\u201d e per il resto ad altri interventi minori, molti dei quali inerenti comunque l\u2019ambito scolastico. Il Consiglio ha anche approvato il Documento Unico di Programmazione &#8211; DUP 2026-2028, che sar\u00e0 ispirato da sette direttrici tematiche volte all\u2019incremento del benessere della collettivit\u00e0: il consolidamento dell\u2019operativit\u00e0 dell\u2019ente, una maggior accessibilit\u00e0 digitale da parte di tutte le fasce d\u2019et\u00e0, il potenziamento di un\u2019educazione di qualit\u00e0, lo sviluppo della conoscenza e della fruizione del patrimonio culturale, la promozione di un uso sostenibile dell\u2019ecosistema, lo sviluppo dei servizi contro lo spopolamento e la valorizzare l\u2019ambientale. Infine, l\u2019assemblea ha dato il via libera all\u2019accordo di programma tra Provincia di Belluno e Ministero dell\u2019Interno \u2013 Dipartimento dei Vigili del Fuoco del Soccorso Pubblico e Della Difesa Civile, Corpo Nazionale Vigili Del Fuoco per il completamento del CCS, Centro Coordinamento Soccorsi della protezione civile a Belluno presso la caserma dei Vigili del Fuoco, che sar\u00e0 cos\u00ec utilizzato, in virt\u00f9 della sua modernit\u00e0 e dotazione avanzata, anche come sala interforze.<\/p>\n<p>&nbsp;<\/p>\n<p>&nbsp;<\/p>\n<p>&nbsp;<\/p>\n<p>&nbsp;<\/p>\n<p>**********<\/p>\n","protected":false},"excerpt":{"rendered":"<p>********** &nbsp; SAN VITO DI CADORE Si \u00e8 tenuta stamattina presso il municipio di San Vito di Cadore la pervista seduta del Consiglio Provinciale, in \u201ctrasferta\u201d, rispetto alla sede consueta di Palazzo Piloni (tutti i consiglieri presenti, ad eccezione del consigliere Deola, assente giustificato). I lavori sono stati aperti dal presidente Roberto Padrin che ha&hellip;<\/p>\n","protected":false},"author":4,"featured_media":461991,"comment_status":"closed","ping_status":"closed","sticky":false,"template":"","format":"standard","meta":{"_monsterinsights_skip_tracking":false,"_monsterinsights_sitenote_active":false,"_monsterinsights_sitenote_note":"","_monsterinsights_sitenote_category":0,"footnotes":""},"categories":[104,49],"tags":[],"class_list":["post-461990","post","type-post","status-publish","format-standard","has-post-thumbnail","hentry","category-evidenza_3","category-news-18","category-104","category-49","description-off"],"img_url":"https:\/\/www.radiopiu.net\/wordpress\/wp-content\/uploads\/2025\/07\/e31f5408-6b31-4678-aff3-dc0e60609609.jpg","_links":{"self":[{"href":"https:\/\/www.radiopiu.net\/wordpress\/wp-json\/wp\/v2\/posts\/461990","targetHints":{"allow":["GET"]}}],"collection":[{"href":"https:\/\/www.radiopiu.net\/wordpress\/wp-json\/wp\/v2\/posts"}],"about":[{"href":"https:\/\/www.radiopiu.net\/wordpress\/wp-json\/wp\/v2\/types\/post"}],"author":[{"embeddable":true,"href":"https:\/\/www.radiopiu.net\/wordpress\/wp-json\/wp\/v2\/users\/4"}],"replies":[{"embeddable":true,"href":"https:\/\/www.radiopiu.net\/wordpress\/wp-json\/wp\/v2\/comments?post=461990"}],"version-history":[{"count":1,"href":"https:\/\/www.radiopiu.net\/wordpress\/wp-json\/wp\/v2\/posts\/461990\/revisions"}],"predecessor-version":[{"id":461992,"href":"https:\/\/www.radiopiu.net\/wordpress\/wp-json\/wp\/v2\/posts\/461990\/revisions\/461992"}],"wp:featuredmedia":[{"embeddable":true,"href":"https:\/\/www.radiopiu.net\/wordpress\/wp-json\/wp\/v2\/media\/461991"}],"wp:attachment":[{"href":"https:\/\/www.radiopiu.net\/wordpress\/wp-json\/wp\/v2\/media?parent=461990"}],"wp:term":[{"taxonomy":"category","embeddable":true,"href":"https:\/\/www.radiopiu.net\/wordpress\/wp-json\/wp\/v2\/categories?post=461990"},{"taxonomy":"post_tag","embeddable":true,"href":"https:\/\/www.radiopiu.net\/wordpress\/wp-json\/wp\/v2\/tags?post=461990"}],"curies":[{"name":"wp","href":"https:\/\/api.w.org\/{rel}","templated":true}]}}