{"id":462051,"date":"2025-07-31T05:39:36","date_gmt":"2025-07-31T03:39:36","guid":{"rendered":"https:\/\/www.radiopiu.net\/wordpress\/?p=462051"},"modified":"2025-07-31T14:10:03","modified_gmt":"2025-07-31T12:10:03","slug":"giornale-radiopiu-31-luglio-2025-direttore-mirko-mezzacasa","status":"publish","type":"post","link":"https:\/\/www.radiopiu.net\/wordpress\/giornale-radiopiu-31-luglio-2025-direttore-mirko-mezzacasa\/","title":{"rendered":"GIORNALE RADIOPIU 31 LUGLIO 2025 DIRETTORE MIRKO MEZZACASA"},"content":{"rendered":"<p>*******<\/p>\n<p>&nbsp;<\/p>\n<p><em><span style=\"color: #ff0000;\"><a class=\"dt-pswp-item\" href=\"https:\/\/www.radiopiu.net\/wordpress\/wp-content\/uploads\/2024\/10\/Senza-nome-8.png\" data-dt-img-description=\"\" data-large_image_width=\"343\" data-large_image_height=\"303\"><img loading=\"lazy\" decoding=\"async\" class=\"wp-image-412130 alignleft\" src=\"https:\/\/www.radiopiu.net\/wordpress\/wp-content\/uploads\/2024\/10\/Senza-nome-8-300x265.png\" alt=\"\" width=\"105\" height=\"93\" srcset=\"https:\/\/www.radiopiu.net\/wordpress\/wp-content\/uploads\/2024\/10\/Senza-nome-8-300x265.png 300w, https:\/\/www.radiopiu.net\/wordpress\/wp-content\/uploads\/2024\/10\/Senza-nome-8.png 343w\" sizes=\"auto, (max-width: 105px) 100vw, 105px\" \/><\/a><\/span><\/em><strong><em><span style=\"color: #ff0000;\"> LA\u00a0 APP PER IOS-IPHONE di Nicola Vettorello<\/span><\/em><\/strong><\/p>\n<p><strong><span style=\"color: #0000ff;\"><a style=\"color: #0000ff;\" href=\"https:\/\/apps.apple.com\/it\/app\/radio-pi%C3%B9-emittente-agordina\/id1515939845\">https:\/\/apps.apple.com\/it\/app\/radio-pi%C3%B9-emittente-agordina\/id1515939845<\/a><\/span><\/strong><\/p>\n<p><strong><em style=\"color: #ff0000;\">LA\u00a0 APP RADIO\u00a0 PER ANDROID di Nicola Vettorello<\/em><\/strong><\/p>\n<p><strong><span style=\"color: #0000ff;\"><a style=\"color: #0000ff;\" href=\"https:\/\/play.google.com\/store\/apps\/details?id=net.radiopiu.iniko\" target=\"_blank\" rel=\"noopener noreferrer\">https:\/\/<\/a><a style=\"color: #0000ff;\" href=\"https:\/\/play.google.com\/store\/apps\/details?id=net.radiopiu.iniko\" target=\"_blank\" rel=\"noopener noreferrer\">play.google.com\/store\/apps\/details?id=net.radiopiu.iniko\u00a0\u00a0\u00a0\u00a0<\/a><\/span><\/strong><\/p>\n<p>&nbsp;<\/p>\n<p>&nbsp;<\/p>\n<p>&nbsp;<\/p>\n<hr \/>\n<p><span style=\"color: #0000ff;\">\u00a0<\/span><\/p>\n<p>&nbsp;<\/p>\n<blockquote>\n<h1 data-start=\"0\" data-end=\"60\"><strong data-start=\"0\" data-end=\"60\">OGGI SU RADIOPI\u00d9: MUSICA, informazione\u00a0 e dirette\u00a0<\/strong><\/h1>\n<\/blockquote>\n<p class=\"\" data-start=\"62\" data-end=\"463\"><strong><a class=\"dt-pswp-item\" href=\"https:\/\/www.radiopiu.net\/wordpress\/wp-content\/uploads\/2025\/07\/Senza-nome-90-1.png\" data-dt-img-description=\"\" data-large_image_width=\"298\" data-large_image_height=\"197\"><img loading=\"lazy\" decoding=\"async\" class=\"size-full wp-image-462237 alignleft\" src=\"https:\/\/www.radiopiu.net\/wordpress\/wp-content\/uploads\/2025\/07\/Senza-nome-90-1.png\" alt=\"\" width=\"298\" height=\"197\" \/><\/a>ALLE 8.05 LA RASSEGNA STAMPA LOCALE 8.25\u00a0 PIU SIAMO 9.00\u00a0 la musica country di alex nascinben 9.40\u00a0 NEL RICORDO DI LUCIA BARBIERO, DOMENICA LA GARA A FORCELLA AURINE (SARA&#8217; TRASMESSA IN DIRETTA SUI CANALI SOCIAL DI RADIOPIU, foto) 10.10 LE NOVE IN LADIN, CON IL MUSLA CON MARTINO DALLA VAL DI ZOLDO 10.30 IL CINEMA AD AGORDO, TRE SERATA IN CONTRADA DEI SIGNORI CON SAMUEL DA CAMPO ALESSANDRA DA RONCH E ANDREA COLAIACONO 2025 11.00\u00a0 arcade show, di ELIA CASAGRANDE 12.30 GR PRINCIPALE 13 10 MADONA DE LA NEIF, IL FINE SETTIMANA LAVALLESE CON RICCARDO RDJ E FEDERICA MEZZACASA\u00a0 \u00a013.20 COLLAGE OPERAZIONE NOSTALGIA, LORIS SCUSSEL 1400 TRE PER DUE PER TE&#8230; DI MARINA DONA&#8217; 15.10 ueeeb CON ANTONIO FIABANE E MARINA DONA&#8217;\u00a0 16 45 LE HIT STORICHE DI MIRCO BENCIVENNI 1830 MASIERE TROPHY A SOSPIROLO, DI MARCO GAZ 19.05 LE ANTICIPAZIONI DAL TG DI ANTENNA 3 DA UN\u2019IDEA DI TIZIANA BOLOGNANI 1920\u00a0 EVENTI A SAN TOMASO AGORDINO, IN STUDIO MARIA JOSE GAIARDO E IL SINDACO MORENO DE VAL<\/strong><\/p>\n<p>&nbsp;<\/p>\n<hr \/>\n<p>&nbsp;<\/p>\n<p>&nbsp;<\/p>\n<div class=\"x11i5rnm xat24cr x1mh8g0r x1vvkbs xtlvy1s x126k92a\">\n<div dir=\"auto\">\n<div dir=\"auto\">\n<p><strong><a class=\"dt-pswp-item\" href=\"https:\/\/www.radiopiu.net\/wordpress\/wp-content\/uploads\/2025\/07\/file-2.jpg\" data-dt-img-description=\"\" data-large_image_width=\"640\" data-large_image_height=\"641\"><img loading=\"lazy\" decoding=\"async\" class=\"wp-image-460616 alignleft\" src=\"https:\/\/www.radiopiu.net\/wordpress\/wp-content\/uploads\/2025\/07\/file-2-300x300.jpg\" alt=\"\" width=\"141\" height=\"141\" srcset=\"https:\/\/www.radiopiu.net\/wordpress\/wp-content\/uploads\/2025\/07\/file-2-300x300.jpg 300w, https:\/\/www.radiopiu.net\/wordpress\/wp-content\/uploads\/2025\/07\/file-2-150x150.jpg 150w, https:\/\/www.radiopiu.net\/wordpress\/wp-content\/uploads\/2025\/07\/file-2.jpg 640w\" sizes=\"auto, (max-width: 141px) 100vw, 141px\" \/><\/a>EL BAL DEL FIOR, DI GIULIANA DA RONCH, 31 LUGLIO<\/strong><strong>\u00a02025<\/strong><\/p>\n<\/div>\n<\/div>\n<div dir=\"auto\">\n<div dir=\"auto\">\n<p>&nbsp;<\/p>\n<p>&nbsp;<\/p>\n<audio class=\"wp-audio-shortcode\" id=\"audio-462051-1\" preload=\"none\" style=\"width: 100%;\" controls=\"controls\"><source type=\"audio\/mpeg\" src=\"https:\/\/www.radiopiu.net\/wordpress\/wp-content\/uploads\/2025\/07\/GGI-3.mp3?_=1\" \/><a href=\"https:\/\/www.radiopiu.net\/wordpress\/wp-content\/uploads\/2025\/07\/GGI-3.mp3\">https:\/\/www.radiopiu.net\/wordpress\/wp-content\/uploads\/2025\/07\/GGI-3.mp3<\/a><\/audio>\n<p>&nbsp;<\/p>\n<hr \/>\n<p>&nbsp;<\/p>\n<p>&nbsp;<\/p>\n<\/div>\n<\/div>\n<\/div>\n<div class=\"x11i5rnm xat24cr x1mh8g0r x1vvkbs xtlvy1s x126k92a\">\n<blockquote>\n<h1><strong><a class=\"dt-pswp-item\" href=\"https:\/\/www.radiopiu.net\/wordpress\/wp-content\/uploads\/2024\/10\/629301fd-708d-4f53-95c2-d28cbefd500f.jpg\" data-dt-img-description=\"\" data-large_image_width=\"1600\" data-large_image_height=\"1322\"><img loading=\"lazy\" decoding=\"async\" class=\"wp-image-413782 alignright\" src=\"https:\/\/www.radiopiu.net\/wordpress\/wp-content\/uploads\/2024\/10\/629301fd-708d-4f53-95c2-d28cbefd500f-300x248.jpg\" alt=\"\" width=\"106\" height=\"88\" srcset=\"https:\/\/www.radiopiu.net\/wordpress\/wp-content\/uploads\/2024\/10\/629301fd-708d-4f53-95c2-d28cbefd500f-300x248.jpg 300w, https:\/\/www.radiopiu.net\/wordpress\/wp-content\/uploads\/2024\/10\/629301fd-708d-4f53-95c2-d28cbefd500f-1024x846.jpg 1024w, https:\/\/www.radiopiu.net\/wordpress\/wp-content\/uploads\/2024\/10\/629301fd-708d-4f53-95c2-d28cbefd500f-768x635.jpg 768w, https:\/\/www.radiopiu.net\/wordpress\/wp-content\/uploads\/2024\/10\/629301fd-708d-4f53-95c2-d28cbefd500f-1536x1269.jpg 1536w, https:\/\/www.radiopiu.net\/wordpress\/wp-content\/uploads\/2024\/10\/629301fd-708d-4f53-95c2-d28cbefd500f.jpg 1600w\" sizes=\"auto, (max-width: 106px) 100vw, 106px\" \/><\/a><\/strong><\/h1>\n<h1><strong><a class=\"dt-pswp-item\" href=\"https:\/\/www.radiopiu.net\/wordpress\/wp-content\/uploads\/2024\/11\/th-18.jpg\" data-dt-img-description=\"\" data-large_image_width=\"156\" data-large_image_height=\"180\"><img loading=\"lazy\" decoding=\"async\" class=\"size-full wp-image-421611 alignleft\" src=\"https:\/\/www.radiopiu.net\/wordpress\/wp-content\/uploads\/2024\/11\/th-18.jpg\" alt=\"\" width=\"156\" height=\"180\" \/><\/a><\/strong><\/h1>\n<h1><strong>N di parom &#8211; L Almanach de la nosta jent<\/strong><\/h1>\n<\/blockquote>\n<p>&nbsp;<\/p>\n<p>Le voci: Davide Conedera, Agordo, Michela Dell&#8217;Osbel, La Valle Agordina Simone Ganz, Falcade Veronica Lezuo, Colle Santa Lucia. La voce nella sigla \u00e8 di Giorgia Taio<\/p>\n<p><strong>LA PUNTATA DI OGGI, 31<\/strong><strong>\u00a0LUGLIO 2025<\/strong><\/p>\n<p>&nbsp;<\/p>\n<audio class=\"wp-audio-shortcode\" id=\"audio-462051-2\" preload=\"none\" style=\"width: 100%;\" controls=\"controls\"><source type=\"audio\/mpeg\" src=\"https:\/\/www.radiopiu.net\/wordpress\/wp-content\/uploads\/2025\/07\/AL4-3.mp3?_=2\" \/><a href=\"https:\/\/www.radiopiu.net\/wordpress\/wp-content\/uploads\/2025\/07\/AL4-3.mp3\">https:\/\/www.radiopiu.net\/wordpress\/wp-content\/uploads\/2025\/07\/AL4-3.mp3<\/a><\/audio>\n<p>&nbsp;<\/p>\n<\/div>\n<div class=\"x11i5rnm xat24cr x1mh8g0r x1vvkbs xtlvy1s x126k92a\">\n<div dir=\"auto\">\n<hr \/>\n<\/div>\n<\/div>\n<blockquote>\n<blockquote>\n<h1><span style=\"color: #ff0000;\">\u00a0<\/span><\/h1>\n<h1><span style=\"color: #ff0000;\">I podcast informativi del mattino &#8211; audio &#8211;\u00a0\u00a0<\/span><\/h1>\n<\/blockquote>\n<p><strong><a class=\"dt-pswp-item\" href=\"https:\/\/www.radiopiu.net\/wordpress\/wp-content\/uploads\/2024\/11\/6.jpg\" data-dt-img-description=\"\" data-large_image_width=\"177\" data-large_image_height=\"180\"><img loading=\"lazy\" decoding=\"async\" class=\"size-full wp-image-417911 alignleft\" src=\"https:\/\/www.radiopiu.net\/wordpress\/wp-content\/uploads\/2024\/11\/6.jpg\" alt=\"\" width=\"177\" height=\"180\" \/><\/a>LA RASSEGNA STAMPA NAZIONALE ALLA RADIO, OGNI GIORNO ALLE 5 E ALLE 6 DEL MATTINO <span style=\"color: #0000ff;\">viene pubblicata alle 6.00 <span style=\"color: #ff0000;\">DIRETTA RADIO\u00a0 \u00a0\u00a0<\/span><\/span><\/strong><\/p><\/blockquote>\n<p>&nbsp;<\/p>\n<p><strong>NOTIZIE DELLA NOTTE<\/strong><\/p>\n<p>&nbsp;<\/p>\n<p data-start=\"0\" data-end=\"41\"><strong data-start=\"0\" data-end=\"41\">FLASH MONDO \u2013 LE ULTIME IN 60 SECONDI<\/strong><\/p>\n<p data-start=\"43\" data-end=\"377\">Otto feriti a <strong>Kiev<\/strong> dopo un attacco russo con droni, nuovo episodio del conflitto che continua a colpire la popolazione civile.\u00a0 <strong>Donald Trump<\/strong> rilancia il suo protagonismo internazionale proponendo di ospitare il G20 del 2026 nel suo golf club a Miami e annuncia un accordo con la Corea del Sud: dazi al 15% e maxi investimenti. <strong>Dal Brasile<\/strong>, il presidente Lula promette di difendere la sovranit\u00e0 del Paese, mentre <strong>l\u2019ISS<\/strong> segnala ancora irrisolta la perdita d\u2019aria sul modulo russo Zvezda. <strong>Il Canada,<\/strong> per voce dell\u2019ex governatore Carney, annuncia l\u2019intenzione di riconoscere la Palestina a settembre. Cresce la tensione a <strong>Gaza<\/strong>: coloni israeliani presidiano il confine,\u00a0 il ministro degli Esteri <strong>Tajani<\/strong> conferma nuove iniziative umanitarie italiane per la popolazione.<\/p>\n<h1>AUDIO dalle 6 del mattino<\/h1>\n<audio class=\"wp-audio-shortcode\" id=\"audio-462051-3\" preload=\"none\" style=\"width: 100%;\" controls=\"controls\"><source type=\"audio\/mpeg\" src=\"https:\/\/www.radiopiu.net\/wordpress\/wp-content\/uploads\/2025\/07\/GIORNALEDELLESEI-25.mp3?_=3\" \/><a href=\"https:\/\/www.radiopiu.net\/wordpress\/wp-content\/uploads\/2025\/07\/GIORNALEDELLESEI-25.mp3\">https:\/\/www.radiopiu.net\/wordpress\/wp-content\/uploads\/2025\/07\/GIORNALEDELLESEI-25.mp3<\/a><\/audio>\n<p>&nbsp;<\/p>\n<p>&nbsp;<\/p>\n<hr \/>\n<p>&nbsp;<\/p>\n<h1 style=\"text-align: center;\"><span style=\"color: #ff0000;\"><a class=\"dt-pswp-item\" href=\"https:\/\/www.radiopiu.net\/wordpress\/wp-content\/uploads\/2024\/11\/7.jpg\" data-dt-img-description=\"\" data-large_image_width=\"180\" data-large_image_height=\"180\"><img loading=\"lazy\" decoding=\"async\" class=\"size-full wp-image-417912 alignleft\" src=\"https:\/\/www.radiopiu.net\/wordpress\/wp-content\/uploads\/2024\/11\/7.jpg\" alt=\"\" width=\"180\" height=\"180\" srcset=\"https:\/\/www.radiopiu.net\/wordpress\/wp-content\/uploads\/2024\/11\/7.jpg 180w, https:\/\/www.radiopiu.net\/wordpress\/wp-content\/uploads\/2024\/11\/7-150x150.jpg 150w\" sizes=\"auto, (max-width: 180px) 100vw, 180px\" \/><\/a>I podcast informativi del mattino &#8211; audio &#8211;\u00a0<\/span><\/h1>\n<p><strong>OGNI GIORNO ALLE SETTE DEL MATTINO, LA RASSEGNA STAMPA LOCALE FLASH&#8230; PER CHI VA IN FRETTA. I TITOLI DAI GIORNALI E DAL SITO WWW.RADIOPIU.NET <span style=\"color: #0000ff;\">viene pubblicato alle 7.00<\/span> <span style=\"color: #ff0000;\">DIRETTA RADIO\u00a0<\/span><\/strong><\/p>\n<p><em><span style=\"color: #ff0000;\">per chi va in fretta&#8230; tante notizie in pochi minuti. L&#8217;informazione locale alla radio, ogni ora dalle 7 del mattino alle 19 della sera.\u00a0\u00a0<\/span><\/em><\/p>\n<p><strong data-start=\"0\" data-end=\"62\">Notizie locali dal Bellunese: tra cronaca, eventi e novit\u00e0<\/strong><\/p>\n<p>&nbsp;<\/p>\n<div class=\"flex flex-1 grow basis-auto flex-col overflow-hidden\">\n<div class=\"relative h-full\">\n<div class=\"flex h-full flex-col overflow-y-auto [scrollbar-gutter:stable]\">\n<div class=\"mt-1.5 flex flex-col text-sm @thread-xl\/thread:pt-header-height md:pb-9\">\n<article class=\"group\/turn w-full text-token-text-primary focus-visible:outline-none\" dir=\"auto\" tabindex=\"-1\" data-testid=\"conversation-turn-2\" data-scroll-anchor=\"true\">\n<div class=\"text-base my-auto mx-auto py-5 px-6\">\n<div class=\"mx-auto flex flex-1 text-base gap-4 md:gap-5 lg:gap-6 md:max-w-3xl\">\n<div class=\"group\/conversation-turn relative flex w-full min-w-0 flex-col agent-turn @xs\/thread:px-0 @sm\/thread:px-1.5 @md\/thread:px-4\">\n<div class=\"relative flex-col gap-1 md:gap-3\">\n<div class=\"flex max-w-full flex-col flex-grow\">\n<div class=\"min-h-8 text-message relative flex w-full flex-col items-end gap-2 whitespace-normal break-words text-start [.text-message+&amp;]:mt-5\" dir=\"auto\" data-message-author-role=\"assistant\" data-message-id=\"bff05fc0-dc7c-4ab7-9b20-d3eec753127b\" data-message-model-slug=\"gpt-4o-mini\">\n<div class=\"flex w-full flex-col gap-1 empty:hidden first:pt-[3px]\">\n<div class=\"markdown prose w-full break-words dark:prose-invert dark\">\n<p class=\"\" data-start=\"64\" data-end=\"329\"><em><strong>Radio Pi\u00f9 offre una panoramica sui principali eventi e notizie in provincia di Belluno, accompagnata dalla programmazione radiofonica. Tra le principali notizie<\/strong><\/em><\/p>\n<\/div>\n<\/div>\n<\/div>\n<\/div>\n<\/div>\n<\/div>\n<\/div>\n<\/div>\n<\/article>\n<\/div>\n<\/div>\n<\/div>\n<\/div>\n<h1>AUDIO dalle 7 del mattino<\/h1>\n<audio class=\"wp-audio-shortcode\" id=\"audio-462051-4\" preload=\"none\" style=\"width: 100%;\" controls=\"controls\"><source type=\"audio\/mpeg\" src=\"https:\/\/www.radiopiu.net\/wordpress\/wp-content\/uploads\/2025\/07\/GF07-24.mp3?_=4\" \/><a href=\"https:\/\/www.radiopiu.net\/wordpress\/wp-content\/uploads\/2025\/07\/GF07-24.mp3\">https:\/\/www.radiopiu.net\/wordpress\/wp-content\/uploads\/2025\/07\/GF07-24.mp3<\/a><\/audio>\n<p>&nbsp;<\/p>\n<p>&nbsp;<\/p>\n<hr \/>\n<p>&nbsp;<\/p>\n<h1><\/h1>\n<h1 style=\"text-align: center;\"><span style=\"color: #ff0000;\"><a class=\"dt-pswp-item\" href=\"https:\/\/www.radiopiu.net\/wordpress\/wp-content\/uploads\/2024\/11\/th.jpg\" data-dt-img-description=\"\" data-large_image_width=\"148\" data-large_image_height=\"179\"><img loading=\"lazy\" decoding=\"async\" class=\" wp-image-417913 alignleft\" src=\"https:\/\/www.radiopiu.net\/wordpress\/wp-content\/uploads\/2024\/11\/th.jpg\" alt=\"\" width=\"66\" height=\"80\" \/><\/a>I podcast informativi del mattino &#8211; audio &#8211;\u00a0<\/span><\/h1>\n<blockquote><p><strong>GIORNALE RADIO NAZIONALE, EDIZIONE DELLE SETTE <span style=\"color: #0000ff;\">viene pubblicato alle 7.05 <span style=\"color: #ff0000;\">DIRETTA RADIO\u00a0<\/span><\/span><\/strong><\/p><\/blockquote>\n<p><strong>il giornale radionazionale e&#8217; in onda ogni ora, dalle sette del mattino alle venti della sera\u00a0 \u00a0\u00a0<\/strong><\/p>\n<p>&nbsp;<\/p>\n<blockquote>\n<h2><em> <a class=\"dt-pswp-item\" href=\"https:\/\/www.radiopiu.net\/wordpress\/wp-content\/uploads\/2025\/02\/download-7.jpg\" data-dt-img-description=\"\" data-large_image_width=\"211\" data-large_image_height=\"239\"><img loading=\"lazy\" decoding=\"async\" class=\" wp-image-435553 alignleft\" src=\"https:\/\/www.radiopiu.net\/wordpress\/wp-content\/uploads\/2025\/02\/download-7.jpg\" alt=\"\" width=\"186\" height=\"211\" \/><\/a><span style=\"color: #ff0000;\">RADIOPI\u00d9<\/span> \u2013 La voce del territorio, lo sguardo sul Paese.\u00a0<\/em><\/h2>\n<div class=\"flex basis-auto flex-col -mb-(--composer-overlap-px) [--composer-overlap-px:55px] grow overflow-hidden\">\n<div class=\"relative h-full\">\n<div class=\"flex h-full flex-col overflow-y-auto [scrollbar-gutter:stable_both-edges] @[84rem]\/thread:pt-(--header-height)\">\n<div class=\"@thread-xl\/thread:pt-header-height flex flex-col text-sm pb-25\">\n<article class=\"text-token-text-primary w-full\" dir=\"auto\" data-testid=\"conversation-turn-124\" data-scroll-anchor=\"true\">\n<div class=\"text-base my-auto mx-auto pb-10 [--thread-content-margin:--spacing(4)] @[37rem]:[--thread-content-margin:--spacing(6)] @[72rem]:[--thread-content-margin:--spacing(16)] px-(--thread-content-margin)\">\n<div class=\"[--thread-content-max-width:32rem] @[34rem]:[--thread-content-max-width:40rem] @[64rem]:[--thread-content-max-width:48rem] mx-auto flex max-w-(--thread-content-max-width) flex-1 text-base gap-4 md:gap-5 lg:gap-6 group\/turn-messages focus-visible:outline-hidden\" tabindex=\"-1\">\n<div class=\"group\/conversation-turn relative flex w-full min-w-0 flex-col agent-turn\">\n<div class=\"relative flex-col gap-1 md:gap-3\">\n<div class=\"flex max-w-full flex-col grow\">\n<div class=\"min-h-8 text-message relative flex w-full flex-col items-end gap-2 text-start break-words whitespace-normal [.text-message+&amp;]:mt-5\" dir=\"auto\" data-message-author-role=\"assistant\" data-message-id=\"169b8012-c210-4c6b-8e09-4a4e181fa687\" data-message-model-slug=\"gpt-4o\">\n<div class=\"flex w-full flex-col gap-1 empty:hidden first:pt-[3px]\">\n<div class=\"markdown prose dark:prose-invert w-full break-words dark\">\n<p data-start=\"52\" data-end=\"364\"><strong data-start=\"52\" data-end=\"75\">Tragedia sul lavoro<\/strong>, due operai morti in Puglia e Sardegna dopo essere precipitati nel vuoto; grave un diciottenne caduto da un&#8217;impalcatura nel Vicentino. Intanto in Italia aumentano le zone a rischio frana: secondo ISPRA, sono 6 milioni i cittadini esposti, con un +15% rispetto al 2021. Allarme <strong data-start=\"374\" data-end=\"387\">West Nile<\/strong>: nove le vittime accertate, si stimano 10mila infezioni. Dopo Ferragosto, intensificati i controlli sul sangue, scatta l\u2019ordinanza nel <strong data-start=\"523\" data-end=\"532\">Lazio<\/strong>. Nella <strong data-start=\"541\" data-end=\"561\">Terra dei Fuochi<\/strong>, il nuovo decreto prevede <strong data-start=\"588\" data-end=\"623\">pene pi\u00f9 severe per chi inquina<\/strong>. Il ministro Pichetto: \u201cBasta sconti\u201d. Stanziati 15 milioni per le bonifiche. La <strong data-start=\"705\" data-end=\"713\">Cgil<\/strong> commenta: \u201cNon basta\u201d. In cronaca giudiziaria, \u00e8 stato <strong data-start=\"770\" data-end=\"797\">estradato da Barcellona<\/strong> Andrea Cavallari, evaso dopo la laurea. <strong data-start=\"838\" data-end=\"857\">Andrea Prospero<\/strong>, 18 anni, sar\u00e0 processato per istigazione al suicidio. Ai domiciliari. A <strong data-start=\"932\" data-end=\"942\">Torino<\/strong>, il sindaco firma il riconoscimento per quattro bimbi con due mamme: \u201cBellissimo, ma resta l\u2019amaro politico\u201d. Aggressione in carcere a <strong data-start=\"1079\" data-end=\"1091\">Cagliari<\/strong> per Paolo Bellini, ex Avanguardia Nazionale, gi\u00e0 condannato per la strage di Bologna. Si indaga su un gruppo di 15 persone per l\u2019aggressione a ebrei: Nahum denuncia gli hater. Il legale degli indagati smentisce: \u201cHanno iniziato loro\u201d. Infine, <strong data-start=\"1339\" data-end=\"1367\">migliorano le condizioni<\/strong> dell\u2019unica sopravvissuta al terribile incidente sulla A4: si \u00e8 risvegliata dal coma, resta la prognosi riservata.<\/p>\n<\/div>\n<\/div>\n<\/div>\n<\/div>\n<div class=\"mx-[var(--mini-thread-content-inset)]\">\n<div class=\"flex min-h-[46px] justify-start\"><\/div>\n<\/div>\n<\/div>\n<\/div>\n<\/div>\n<\/div>\n<\/article>\n<\/div>\n<\/div>\n<\/div>\n<\/div>\n<div id=\"thread-bottom-container\" class=\"content-fade relative isolate z-10 w-full basis-auto has-data-has-thread-error:pt-2 has-data-has-thread-error:[box-shadow:var(--sharp-edge-bottom-shadow)] md:border-transparent md:pt-0 dark:border-white\/20 md:dark:border-transparent flex flex-col\">\n<div id=\"thread-bottom\">\n<div class=\"text-base mx-auto [--thread-content-margin:--spacing(4)] @[37rem]:[--thread-content-margin:--spacing(6)] @[72rem]:[--thread-content-margin:--spacing(16)] px-(--thread-content-margin)\">\n<div class=\"[--thread-content-max-width:32rem] @[34rem]:[--thread-content-max-width:40rem] @[64rem]:[--thread-content-max-width:48rem] mx-auto flex max-w-(--thread-content-max-width) flex-1 text-base gap-4 md:gap-5 lg:gap-6\">\n<div class=\"max-xs:[--force-hide-label:none] relative z-1 flex h-full max-w-full flex-1 flex-col\">\n<form class=\"w-full [view-transition-name:var(--vt-composer)]\" data-type=\"unified-composer\">\n<div class=\"bg-token-bg-primary shadow-short flex w-full cursor-text flex-col items-center justify-center overflow-clip bg-clip-padding contain-inline-size dark:bg-[#303030] rounded-[28px]\">\n<div class=\"relative flex min-h-14 w-full items-end\">\n<div class=\"relative flex w-full flex-auto flex-col\">\n<div class=\"relative mx-5 flex min-h-14 flex-auto bg-transparent items-start\">\n<div class=\"_prosemirror-parent_276o5_2 text-token-text-primary max-h-[25dvh] max-h-52 flex-1 overflow-auto [scrollbar-width:thin] default-browser vertical-scroll-fade-mask\">\n<div id=\"prompt-textarea\" class=\"ProseMirror\" contenteditable=\"true\" translate=\"no\" data-virtualkeyboard=\"true\"><\/div>\n<\/div>\n<\/div>\n<\/div>\n<\/div>\n<\/div>\n<\/form>\n<\/div>\n<\/div>\n<\/div>\n<\/div>\n<\/div>\n<\/blockquote>\n<blockquote>\n<h2><span style=\"color: #ff0000;\">RADIOPI\u00d9<\/span> \u2013 Dalle Dolomiti alla pianura, i fatti che segnano la Regione.<\/h2>\n<\/blockquote>\n<p><strong><a class=\"dt-pswp-item\" href=\"https:\/\/www.radiopiu.net\/wordpress\/wp-content\/uploads\/2025\/02\/download-3.jpg\" data-dt-img-description=\"\" data-large_image_width=\"223\" data-large_image_height=\"226\"><img loading=\"lazy\" decoding=\"async\" class=\"size-full wp-image-434732 alignleft\" src=\"https:\/\/www.radiopiu.net\/wordpress\/wp-content\/uploads\/2025\/02\/download-3.jpg\" alt=\"\" width=\"223\" height=\"226\" \/><\/a><\/strong><\/p>\n<p data-start=\"75\" data-end=\"366\"><strong data-start=\"78\" data-end=\"89\">TREVISO<\/strong>, la lotta ai topi diventa\u2026 aromatica. Il Comune ha avviato una nuova sperimentazione con esche \u201cal Prosecco\u201d, pensate per attirare pi\u00f9 efficacemente i roditori che infestano le aree urbane. Un metodo innovativo che unisce la tradizione del territorio alla gestione ambientale.<\/p>\n<p data-start=\"368\" data-end=\"624\"><strong data-start=\"377\" data-end=\"388\">TREVISO<\/strong>, sono stati sequestrati 486mila euro a un imprenditore locale, accusato di aver ottenuto indebitamente fondi del PNRR. L\u2019inchiesta ha rilievo europeo e coinvolge anche autorit\u00e0 finanziarie internazionali.<\/p>\n<p data-start=\"626\" data-end=\"957\"><strong data-start=\"629\" data-end=\"639\">PADOVA<\/strong>, grande passo avanti per la medicina pediatrica: un bambino di 7 anni affetto da encefalite \u00e8 stato operato con successo grazie alla tecnica della Deep Brain Stimulation nella nuova \u201csala ibrida\u201d. L\u2019intervento, normalmente complesso, \u00e8 stato ridotto della met\u00e0 del tempo grazie a tecnologie d\u2019avanguardia.<\/p>\n<p data-start=\"959\" data-end=\"1221\"><strong data-start=\"968\" data-end=\"978\">PADOVA<\/strong>, la raccolta differenziata della carta segna un record: 346mila tonnellate raccolte nel 2024. Secondo Comieco, si tratta di un aumento del 9,5% rispetto all\u2019anno precedente: un quantitativo che basterebbe a riempire l\u2019Arena di Verona.<\/p>\n<p data-start=\"1223\" data-end=\"1554\"><strong data-start=\"1247\" data-end=\"1257\">VENETO<\/strong>\u00a0prosegue con le immissioni in ruolo scolastiche, fondamentali per garantire stabilit\u00e0 al prossimo anno educativo. Sul fronte sanitario, un nuovo test consente di mantenere attiva la donazione di sangue nonostante la diffusione del virus West Nile, fondamentale per evitare carenze estive.<\/p>\n<p data-start=\"1556\" data-end=\"1734\"><strong>AMBIENTE<\/strong> il Veneto stanzia altri 3,7 milioni di euro per fronteggiare l\u2019emergenza del granchio blu, che continua a danneggiare pesantemente la pesca locale.<\/p>\n<h1><span style=\"color: #ff0000;\"><span style=\"color: #0000ff;\">ULTIM&#8217;ORA<\/span> <span style=\"color: #000000;\">AUDIO dalle sette del mattino, ogni ora alla radio EDIZIONE DELLE SETTE<\/span><\/span><\/h1>\n<audio class=\"wp-audio-shortcode\" id=\"audio-462051-5\" preload=\"none\" style=\"width: 100%;\" controls=\"controls\"><source type=\"audio\/mpeg\" src=\"https:\/\/www.radiopiu.net\/wordpress\/wp-content\/uploads\/2025\/07\/giornale07-28.mp3?_=5\" \/><a href=\"https:\/\/www.radiopiu.net\/wordpress\/wp-content\/uploads\/2025\/07\/giornale07-28.mp3\">https:\/\/www.radiopiu.net\/wordpress\/wp-content\/uploads\/2025\/07\/giornale07-28.mp3<\/a><\/audio>\n<p>&nbsp;<\/p>\n<p>&nbsp;<\/p>\n<p>&nbsp;<\/p>\n<hr \/>\n<p>&nbsp;<\/p>\n<p>&nbsp;<\/p>\n<h1><span style=\"color: #ff0000;\"><a class=\"dt-pswp-item\" href=\"https:\/\/www.radiopiu.net\/wordpress\/wp-content\/uploads\/2024\/11\/8.jpg\" data-dt-img-description=\"\" data-large_image_width=\"180\" data-large_image_height=\"180\"><img loading=\"lazy\" decoding=\"async\" class=\"size-full wp-image-417910 alignleft\" src=\"https:\/\/www.radiopiu.net\/wordpress\/wp-content\/uploads\/2024\/11\/8.jpg\" alt=\"\" width=\"180\" height=\"180\" srcset=\"https:\/\/www.radiopiu.net\/wordpress\/wp-content\/uploads\/2024\/11\/8.jpg 180w, https:\/\/www.radiopiu.net\/wordpress\/wp-content\/uploads\/2024\/11\/8-150x150.jpg 150w\" sizes=\"auto, (max-width: 180px) 100vw, 180px\" \/><\/a>I podcast informativi del mattino &#8211; video &#8211;\u00a0<\/span><\/h1>\n<h2 style=\"text-align: left;\"><strong>RASSEGNA STAMPA LOCALE, ORE OTTO<\/strong><\/h2>\n<h2><strong> <span style=\"color: #0000ff;\">viene\u00a0 <\/span><\/strong><strong><span style=\"color: #0000ff;\">pubblicata alle 8.05 <span style=\"color: #ff0000;\">DIRETTA RADIO\u00a0 \u00a0<\/span><\/span><\/strong><strong>DI MIRKO MEZZACASA<\/strong><\/h2>\n<h1><span style=\"color: #ff0000;\"><strong>VIDEO\u00a0 \u00a0in diretta AGGIORNAMENTO\u00a0 dalle 8 del mattino\u00a0 \u00a0\u00a0<\/strong><\/span><\/h1>\n<p>&nbsp;<\/p>\n\n\t\t\t<style type='text\/css'>\n\t\t\t\t#gallery-1 {\n\t\t\t\t\tmargin: auto;\n\t\t\t\t}\n\t\t\t\t#gallery-1 .gallery-item {\n\t\t\t\t\tfloat: left;\n\t\t\t\t\tmargin-top: 10px;\n\t\t\t\t\ttext-align: center;\n\t\t\t\t\twidth: 25%;\n\t\t\t\t}\n\t\t\t\t#gallery-1 img {\n\t\t\t\t\tborder: 2px solid #cfcfcf;\n\t\t\t\t}\n\t\t\t\t#gallery-1 .gallery-caption {\n\t\t\t\t\tmargin-left: 0;\n\t\t\t\t}\n\t\t\t\t\/* see gallery_shortcode() in wp-includes\/media.php *\/\n\t\t\t<\/style>\n\t\t<div id='gallery-1' class='dt-gallery-container gallery galleryid-462051 gallery-columns-4 gallery-size-thumbnail'><dl class='gallery-item'>\n\t\t\t\t<dt class='gallery-icon landscape'>\n\t\t\t\t\t<a class=\"rollover rollover-zoom dt-pswp-item\" title=\"Screenshot 2025-07-31 050932\" data-dt-img-description=\"\" data-large_image_width=\"562\" data-large_image_height=\"447\"href='https:\/\/www.radiopiu.net\/wordpress\/wp-content\/uploads\/2025\/07\/Screenshot-2025-07-31-050932.png'><img loading=\"lazy\" decoding=\"async\" width=\"150\" height=\"150\" src=\"https:\/\/www.radiopiu.net\/wordpress\/wp-content\/uploads\/2025\/07\/Screenshot-2025-07-31-050932-150x150.png\" class=\"attachment-thumbnail size-thumbnail\" alt=\"\" \/><\/a>\n\t\t\t\t<\/dt><\/dl><dl class='gallery-item'>\n\t\t\t\t<dt class='gallery-icon landscape'>\n\t\t\t\t\t<a class=\"rollover rollover-zoom dt-pswp-item\" title=\"Screenshot 2025-07-31 051254\" data-dt-img-description=\"\" data-large_image_width=\"539\" data-large_image_height=\"259\"href='https:\/\/www.radiopiu.net\/wordpress\/wp-content\/uploads\/2025\/07\/Screenshot-2025-07-31-051254.png'><img loading=\"lazy\" decoding=\"async\" width=\"150\" height=\"150\" src=\"https:\/\/www.radiopiu.net\/wordpress\/wp-content\/uploads\/2025\/07\/Screenshot-2025-07-31-051254-150x150.png\" class=\"attachment-thumbnail size-thumbnail\" alt=\"\" \/><\/a>\n\t\t\t\t<\/dt><\/dl><dl class='gallery-item'>\n\t\t\t\t<dt class='gallery-icon landscape'>\n\t\t\t\t\t<a class=\"rollover rollover-zoom dt-pswp-item\" title=\"Screenshot 2025-07-31 052041\" data-dt-img-description=\"\" data-large_image_width=\"522\" data-large_image_height=\"203\"href='https:\/\/www.radiopiu.net\/wordpress\/wp-content\/uploads\/2025\/07\/Screenshot-2025-07-31-052041.png'><img loading=\"lazy\" decoding=\"async\" width=\"150\" height=\"150\" src=\"https:\/\/www.radiopiu.net\/wordpress\/wp-content\/uploads\/2025\/07\/Screenshot-2025-07-31-052041-150x150.png\" class=\"attachment-thumbnail size-thumbnail\" alt=\"\" \/><\/a>\n\t\t\t\t<\/dt><\/dl><dl class='gallery-item'>\n\t\t\t\t<dt class='gallery-icon landscape'>\n\t\t\t\t\t<a class=\"rollover rollover-zoom dt-pswp-item\" title=\"Screenshot 2025-07-31 051327\" data-dt-img-description=\"\" data-large_image_width=\"503\" data-large_image_height=\"246\"href='https:\/\/www.radiopiu.net\/wordpress\/wp-content\/uploads\/2025\/07\/Screenshot-2025-07-31-051327.png'><img loading=\"lazy\" decoding=\"async\" width=\"150\" height=\"150\" src=\"https:\/\/www.radiopiu.net\/wordpress\/wp-content\/uploads\/2025\/07\/Screenshot-2025-07-31-051327-150x150.png\" class=\"attachment-thumbnail size-thumbnail\" alt=\"\" \/><\/a>\n\t\t\t\t<\/dt><\/dl><br style=\"clear: both\" \/>\n\t\t\t<\/div>\n\n<p><iframe loading=\"lazy\" title=\"DAL 1983 LA RASSEGNA STAMPA LOCALE di mirko mezzacasa. L&#039;ORIGINALE\" width=\"1200\" height=\"675\" src=\"https:\/\/www.youtube.com\/embed\/rfL-my4AhqU?feature=oembed\" frameborder=\"0\" allow=\"accelerometer; autoplay; clipboard-write; encrypted-media; gyroscope; picture-in-picture; web-share\" referrerpolicy=\"strict-origin-when-cross-origin\" allowfullscreen><\/iframe><\/p>\n<hr \/>\n<p>&nbsp;<\/p>\n<p><strong><a class=\"dt-pswp-item\" href=\"https:\/\/www.radiopiu.net\/wordpress\/wp-content\/uploads\/2023\/12\/ANTENNA.png\" data-dt-img-description=\"\" data-large_image_width=\"300\" data-large_image_height=\"166\"><img loading=\"lazy\" decoding=\"async\" class=\"wp-image-366306 alignright\" src=\"https:\/\/www.radiopiu.net\/wordpress\/wp-content\/uploads\/2023\/12\/ANTENNA.png\" alt=\"\" width=\"101\" height=\"56\" \/><\/a><a class=\"dt-pswp-item\" href=\"https:\/\/www.radiopiu.net\/wordpress\/wp-content\/uploads\/2024\/11\/th-17.jpg\" data-dt-img-description=\"\" data-large_image_width=\"224\" data-large_image_height=\"180\"><img loading=\"lazy\" decoding=\"async\" class=\" wp-image-421610 alignleft\" src=\"https:\/\/www.radiopiu.net\/wordpress\/wp-content\/uploads\/2024\/11\/th-17.jpg\" alt=\"\" width=\"167\" height=\"134\" \/><\/a>ogni sera alle 19 le anticipazioni alla radio, quello che poi seguirete nel TELEGIORNALE BELLUNESE\u00a0 in onda alle 19.30 sul CANALE 10 del digitale terrestre.\u00a0\u00a0<\/strong><\/p>\n<p><b>\u00a0\u00a0<\/b><\/p>\n<p>&nbsp;<\/p>\n<p>&nbsp;<\/p>\n<p>&nbsp;<\/p>\n<hr \/>\n<p>&nbsp;<\/p>\n<blockquote>\n<h3>ACQUA NON POTABILE A LIVINALLONGO, TORNA POTABILE A COLLE SANTA LUCIA<\/h3>\n<\/blockquote>\n<p><strong>REDAZIONE <\/strong>Servizi Integrati Bellunesi informa che a Livinallongo Del Col di Lana in localit\u00e0 Collaz l&#8217;acqua erogata dall&#8217;acquedotto non \u00e8 potabile e non pu\u00f2 essere usata per scopi alimentari. Torna potabile l&#8217;acqua a Colle Santa Lucia in localit\u00e0 Rucav\u00e0<\/p>\n<p>&nbsp;<\/p>\n<blockquote>\n<h3>LAVORI PROGRAMMATI SIB<\/h3>\n<\/blockquote>\n<p><strong>TAIBON<\/strong> Servizi Integrati Bellunesi informa che, per lavori alla rete idrica comunale, oggi dalle 8 alle 17 verr\u00e0 sospesa l\u2019erogazione dell\u2019acqua a Taibon Agordino, nelle Localit\u00e0 capoluogo, Campagna, Villanova, Forno Di Val e Peden (ad eccezione di Via AL FORTE e di Viale NUOVO). Il personale addetto operer\u00e0 per limitare il pi\u00f9 possibile i disagi alla popolazione.<\/p>\n<p>&nbsp;<\/p>\n<hr \/>\n<p>&nbsp;<\/p>\n<blockquote>\n<h3>ADDIO A RENATO DE ZORDO, STORICO GESTORE DEL COLDAI<\/h3>\n<p><span style=\"color: #ff0000;\">l&#8217;ultimo saluto: domani alle 14.30 nella chiesa di San Biagio ad Alleghe\u00a0<\/span><\/p><\/blockquote>\n<p><strong><a class=\"dt-pswp-item\" href=\"https:\/\/www.radiopiu.net\/wordpress\/wp-content\/uploads\/2025\/07\/Screenshot-2025-07-31-052205.png\" data-dt-img-description=\"\" data-large_image_width=\"429\" data-large_image_height=\"218\"><img loading=\"lazy\" decoding=\"async\" class=\"size-medium wp-image-462248 alignleft\" src=\"https:\/\/www.radiopiu.net\/wordpress\/wp-content\/uploads\/2025\/07\/Screenshot-2025-07-31-052205-300x152.png\" alt=\"\" width=\"300\" height=\"152\" srcset=\"https:\/\/www.radiopiu.net\/wordpress\/wp-content\/uploads\/2025\/07\/Screenshot-2025-07-31-052205-300x152.png 300w, https:\/\/www.radiopiu.net\/wordpress\/wp-content\/uploads\/2025\/07\/Screenshot-2025-07-31-052205.png 429w\" sizes=\"auto, (max-width: 300px) 100vw, 300px\" \/><\/a>ALLEGHE<\/strong> \u201cCi hai fatto l\u2019ultimo dei tuoi scherzetti, lasciandoci in piena stagione&#8230; perch\u00e9 le cose facili, a te, non sono mai piaciute.\u201d Cos\u00ec, con parole semplici e cariche di affetto, lo staff del Rifugio Coldai ha annunciato la scomparsa di Renato De Zordo, classe 1934, storico gestore della struttura incastonata a 2.135 metri nel gruppo del Civetta. Renato \u2013 o \u201cRen\u00e9\u201d, come lo chiamavano tutti \u2013 se n\u2019\u00e8 andato nella notte tra il 29 e il 30 luglio, a 91 anni, lasciando un vuoto enorme tra chi ha condiviso con lui decenni di alpinismo, accoglienza e passione per la montagna.\u00a0 Arrivato al rifugio nel 1968 insieme alla moglie Enza, Renato ha dedicato 45 anni della sua vita a far crescere e vivere il Coldai come una vera casa di montagna, punto di riferimento per generazioni di escursionisti. Ha poi passato il testimone a Luca (oggi gestore de La Grande Baita Civetta e del Rifugio Col dei Baldi), creando un&#8217;altra perla, L&#8217;Hotel Barance a Masar\u00e8 di Alleghe, ma la sua presenza \u00e8 rimasta viva e costante. \u201cGrazie per tutto, davvero.\u201d Renato De Zordo lascia un\u2019impronta indelebile non solo tra le pietre del rifugio, ma nei cuori di chi l\u2019ha incontrato. La montagna, da oggi, ha una stella in pi\u00f9.<\/p>\n<p data-start=\"248\" data-end=\"634\"><strong>IL MESSAGGIO DEL SINDACO DI ALLEGHE DANILO DE TONI<\/strong><\/p>\n<audio class=\"wp-audio-shortcode\" id=\"audio-462051-6\" preload=\"none\" style=\"width: 100%;\" controls=\"controls\"><source type=\"audio\/mpeg\" src=\"https:\/\/www.radiopiu.net\/wordpress\/wp-content\/uploads\/2025\/07\/DANILO-DE-TONI.mp3?_=6\" \/><a href=\"https:\/\/www.radiopiu.net\/wordpress\/wp-content\/uploads\/2025\/07\/DANILO-DE-TONI.mp3\">https:\/\/www.radiopiu.net\/wordpress\/wp-content\/uploads\/2025\/07\/DANILO-DE-TONI.mp3<\/a><\/audio>\n<p>&nbsp;<\/p>\n<p>&nbsp;<\/p>\n<p>&nbsp;<\/p>\n<hr \/>\n<p>&nbsp;<\/p>\n<blockquote>\n<h3>ULTRALEGGERO PRECIPITA A SANTA GIUSTINA<\/h3>\n<\/blockquote>\n<p><strong>SANTA GIUSTINA<\/strong>Momenti di paura ieri sera al campo di volo di Fant, a Santa Giustina: Fabio Varotto, 85 anni, esperto pilota del Fant Air Club, \u00e8 precipitato con il suo ultraleggero Filippin pochi secondi dopo il decollo, a causa di un improvviso spegnimento del motore. Il velivolo si \u00e8 schiantato sul bordo di una scarpata, rimbalzando sulla strada. Varotto, cosciente ma dolorante, \u00e8 stato elitrasportato all\u2019ospedale di Belluno con ferite di media gravit\u00e0, soprattutto alla schiena. Il mezzo \u00e8 stato posto sotto sequestro per accertamenti tecnici. Sul posto carabinieri, vigili del fuoco e i soci del club. L\u2019aereo era appena stato revisionato. La dinamica dell\u2019incidente fa pensare a un guasto meccanico.<\/p>\n<p><strong>LE FOTO DEI VIGILI DEL FUOCO<\/strong><\/p>\n\n\t\t\t<style type='text\/css'>\n\t\t\t\t#gallery-2 {\n\t\t\t\t\tmargin: auto;\n\t\t\t\t}\n\t\t\t\t#gallery-2 .gallery-item {\n\t\t\t\t\tfloat: left;\n\t\t\t\t\tmargin-top: 10px;\n\t\t\t\t\ttext-align: center;\n\t\t\t\t\twidth: 33%;\n\t\t\t\t}\n\t\t\t\t#gallery-2 img {\n\t\t\t\t\tborder: 2px solid #cfcfcf;\n\t\t\t\t}\n\t\t\t\t#gallery-2 .gallery-caption {\n\t\t\t\t\tmargin-left: 0;\n\t\t\t\t}\n\t\t\t\t\/* see gallery_shortcode() in wp-includes\/media.php *\/\n\t\t\t<\/style>\n\t\t<div id='gallery-2' class='dt-gallery-container gallery galleryid-462051 gallery-columns-3 gallery-size-medium'><dl class='gallery-item'>\n\t\t\t\t<dt class='gallery-icon landscape'>\n\t\t\t\t\t<a class=\"rollover rollover-zoom dt-pswp-item\" title=\"cdd62c4b-aba8-4c04-8721-3cd0cf000a71\" data-dt-img-description=\"\" data-large_image_width=\"1008\" data-large_image_height=\"720\"href='https:\/\/www.radiopiu.net\/wordpress\/wp-content\/uploads\/2025\/07\/cdd62c4b-aba8-4c04-8721-3cd0cf000a71.jpg'><img loading=\"lazy\" decoding=\"async\" width=\"300\" height=\"214\" src=\"https:\/\/www.radiopiu.net\/wordpress\/wp-content\/uploads\/2025\/07\/cdd62c4b-aba8-4c04-8721-3cd0cf000a71-300x214.jpg\" class=\"attachment-medium size-medium\" alt=\"\" srcset=\"https:\/\/www.radiopiu.net\/wordpress\/wp-content\/uploads\/2025\/07\/cdd62c4b-aba8-4c04-8721-3cd0cf000a71-300x214.jpg 300w, https:\/\/www.radiopiu.net\/wordpress\/wp-content\/uploads\/2025\/07\/cdd62c4b-aba8-4c04-8721-3cd0cf000a71-768x549.jpg 768w, https:\/\/www.radiopiu.net\/wordpress\/wp-content\/uploads\/2025\/07\/cdd62c4b-aba8-4c04-8721-3cd0cf000a71.jpg 1008w\" sizes=\"auto, (max-width: 300px) 100vw, 300px\" \/><\/a>\n\t\t\t\t<\/dt><\/dl><dl class='gallery-item'>\n\t\t\t\t<dt class='gallery-icon landscape'>\n\t\t\t\t\t<a class=\"rollover rollover-zoom dt-pswp-item\" title=\"c7064119-6489-48c6-8221-da4c0b878596\" data-dt-img-description=\"\" data-large_image_width=\"1008\" data-large_image_height=\"720\"href='https:\/\/www.radiopiu.net\/wordpress\/wp-content\/uploads\/2025\/07\/c7064119-6489-48c6-8221-da4c0b878596.jpg'><img loading=\"lazy\" decoding=\"async\" width=\"300\" height=\"214\" src=\"https:\/\/www.radiopiu.net\/wordpress\/wp-content\/uploads\/2025\/07\/c7064119-6489-48c6-8221-da4c0b878596-300x214.jpg\" class=\"attachment-medium size-medium\" alt=\"\" srcset=\"https:\/\/www.radiopiu.net\/wordpress\/wp-content\/uploads\/2025\/07\/c7064119-6489-48c6-8221-da4c0b878596-300x214.jpg 300w, https:\/\/www.radiopiu.net\/wordpress\/wp-content\/uploads\/2025\/07\/c7064119-6489-48c6-8221-da4c0b878596-768x549.jpg 768w, https:\/\/www.radiopiu.net\/wordpress\/wp-content\/uploads\/2025\/07\/c7064119-6489-48c6-8221-da4c0b878596.jpg 1008w\" sizes=\"auto, (max-width: 300px) 100vw, 300px\" \/><\/a>\n\t\t\t\t<\/dt><\/dl><dl class='gallery-item'>\n\t\t\t\t<dt class='gallery-icon landscape'>\n\t\t\t\t\t<a class=\"rollover rollover-zoom dt-pswp-item\" title=\"fdcbb1b3-19da-469c-9b5b-600550724183\" data-dt-img-description=\"\" data-large_image_width=\"1008\" data-large_image_height=\"720\"href='https:\/\/www.radiopiu.net\/wordpress\/wp-content\/uploads\/2025\/07\/fdcbb1b3-19da-469c-9b5b-600550724183.jpg'><img loading=\"lazy\" decoding=\"async\" width=\"300\" height=\"214\" src=\"https:\/\/www.radiopiu.net\/wordpress\/wp-content\/uploads\/2025\/07\/fdcbb1b3-19da-469c-9b5b-600550724183-300x214.jpg\" class=\"attachment-medium size-medium\" alt=\"\" srcset=\"https:\/\/www.radiopiu.net\/wordpress\/wp-content\/uploads\/2025\/07\/fdcbb1b3-19da-469c-9b5b-600550724183-300x214.jpg 300w, https:\/\/www.radiopiu.net\/wordpress\/wp-content\/uploads\/2025\/07\/fdcbb1b3-19da-469c-9b5b-600550724183-768x549.jpg 768w, https:\/\/www.radiopiu.net\/wordpress\/wp-content\/uploads\/2025\/07\/fdcbb1b3-19da-469c-9b5b-600550724183.jpg 1008w\" sizes=\"auto, (max-width: 300px) 100vw, 300px\" \/><\/a>\n\t\t\t\t<\/dt><\/dl><br style=\"clear: both\" \/><dl class='gallery-item'>\n\t\t\t\t<dt class='gallery-icon landscape'>\n\t\t\t\t\t<a class=\"rollover rollover-zoom dt-pswp-item\" title=\"58a7f92d-aede-46ac-93ee-093d5604b3f1\" data-dt-img-description=\"\" data-large_image_width=\"1008\" data-large_image_height=\"720\"href='https:\/\/www.radiopiu.net\/wordpress\/wp-content\/uploads\/2025\/07\/58a7f92d-aede-46ac-93ee-093d5604b3f1.jpg'><img loading=\"lazy\" decoding=\"async\" width=\"300\" height=\"214\" src=\"https:\/\/www.radiopiu.net\/wordpress\/wp-content\/uploads\/2025\/07\/58a7f92d-aede-46ac-93ee-093d5604b3f1-300x214.jpg\" class=\"attachment-medium size-medium\" alt=\"\" srcset=\"https:\/\/www.radiopiu.net\/wordpress\/wp-content\/uploads\/2025\/07\/58a7f92d-aede-46ac-93ee-093d5604b3f1-300x214.jpg 300w, https:\/\/www.radiopiu.net\/wordpress\/wp-content\/uploads\/2025\/07\/58a7f92d-aede-46ac-93ee-093d5604b3f1-768x549.jpg 768w, https:\/\/www.radiopiu.net\/wordpress\/wp-content\/uploads\/2025\/07\/58a7f92d-aede-46ac-93ee-093d5604b3f1.jpg 1008w\" sizes=\"auto, (max-width: 300px) 100vw, 300px\" \/><\/a>\n\t\t\t\t<\/dt><\/dl><dl class='gallery-item'>\n\t\t\t\t<dt class='gallery-icon landscape'>\n\t\t\t\t\t<a class=\"rollover rollover-zoom dt-pswp-item\" title=\"c6ab0d78-e4e6-4083-aff3-a0f442a1b3ea\" data-dt-img-description=\"\" data-large_image_width=\"1008\" data-large_image_height=\"720\"href='https:\/\/www.radiopiu.net\/wordpress\/wp-content\/uploads\/2025\/07\/c6ab0d78-e4e6-4083-aff3-a0f442a1b3ea.jpg'><img loading=\"lazy\" decoding=\"async\" width=\"300\" height=\"214\" src=\"https:\/\/www.radiopiu.net\/wordpress\/wp-content\/uploads\/2025\/07\/c6ab0d78-e4e6-4083-aff3-a0f442a1b3ea-300x214.jpg\" class=\"attachment-medium size-medium\" alt=\"\" srcset=\"https:\/\/www.radiopiu.net\/wordpress\/wp-content\/uploads\/2025\/07\/c6ab0d78-e4e6-4083-aff3-a0f442a1b3ea-300x214.jpg 300w, https:\/\/www.radiopiu.net\/wordpress\/wp-content\/uploads\/2025\/07\/c6ab0d78-e4e6-4083-aff3-a0f442a1b3ea-768x549.jpg 768w, https:\/\/www.radiopiu.net\/wordpress\/wp-content\/uploads\/2025\/07\/c6ab0d78-e4e6-4083-aff3-a0f442a1b3ea.jpg 1008w\" sizes=\"auto, (max-width: 300px) 100vw, 300px\" \/><\/a>\n\t\t\t\t<\/dt><\/dl><dl class='gallery-item'>\n\t\t\t\t<dt class='gallery-icon landscape'>\n\t\t\t\t\t<a class=\"rollover rollover-zoom dt-pswp-item\" title=\"86e62f90-e627-49b7-a7e2-a1aaa181d31e\" data-dt-img-description=\"\" data-large_image_width=\"1008\" data-large_image_height=\"720\"href='https:\/\/www.radiopiu.net\/wordpress\/wp-content\/uploads\/2025\/07\/86e62f90-e627-49b7-a7e2-a1aaa181d31e.jpg'><img loading=\"lazy\" decoding=\"async\" width=\"300\" height=\"214\" src=\"https:\/\/www.radiopiu.net\/wordpress\/wp-content\/uploads\/2025\/07\/86e62f90-e627-49b7-a7e2-a1aaa181d31e-300x214.jpg\" class=\"attachment-medium size-medium\" alt=\"\" srcset=\"https:\/\/www.radiopiu.net\/wordpress\/wp-content\/uploads\/2025\/07\/86e62f90-e627-49b7-a7e2-a1aaa181d31e-300x214.jpg 300w, https:\/\/www.radiopiu.net\/wordpress\/wp-content\/uploads\/2025\/07\/86e62f90-e627-49b7-a7e2-a1aaa181d31e-768x549.jpg 768w, https:\/\/www.radiopiu.net\/wordpress\/wp-content\/uploads\/2025\/07\/86e62f90-e627-49b7-a7e2-a1aaa181d31e.jpg 1008w\" sizes=\"auto, (max-width: 300px) 100vw, 300px\" \/><\/a>\n\t\t\t\t<\/dt><\/dl><br style=\"clear: both\" \/>\n\t\t\t<\/div>\n\n<p>&nbsp;<\/p>\n<p>&nbsp;<\/p>\n<hr \/>\n<p>&nbsp;<\/p>\n<blockquote>\n<h3>CARABINIERI DEL NIL NEI LUOGHI DI LAVORO DEL BELLUNESE: SOSPESE 4 IMPRESE, UN LAVORATORE IN NERO E SANZIONI PER 100 MILA EURO<\/h3>\n<\/blockquote>\n<p><strong><a class=\"dt-pswp-item\" href=\"https:\/\/www.radiopiu.net\/wordpress\/wp-content\/uploads\/2025\/07\/e965c910-5781-4bf5-beec-35b430e4204f.jpg\" data-dt-img-description=\"\" data-large_image_width=\"1600\" data-large_image_height=\"1452\"><img loading=\"lazy\" decoding=\"async\" class=\" wp-image-462074 alignleft\" src=\"https:\/\/www.radiopiu.net\/wordpress\/wp-content\/uploads\/2025\/07\/e965c910-5781-4bf5-beec-35b430e4204f-300x272.jpg\" alt=\"\" width=\"180\" height=\"163\" srcset=\"https:\/\/www.radiopiu.net\/wordpress\/wp-content\/uploads\/2025\/07\/e965c910-5781-4bf5-beec-35b430e4204f-300x272.jpg 300w, https:\/\/www.radiopiu.net\/wordpress\/wp-content\/uploads\/2025\/07\/e965c910-5781-4bf5-beec-35b430e4204f-1024x929.jpg 1024w, https:\/\/www.radiopiu.net\/wordpress\/wp-content\/uploads\/2025\/07\/e965c910-5781-4bf5-beec-35b430e4204f-768x697.jpg 768w, https:\/\/www.radiopiu.net\/wordpress\/wp-content\/uploads\/2025\/07\/e965c910-5781-4bf5-beec-35b430e4204f-1536x1394.jpg 1536w, https:\/\/www.radiopiu.net\/wordpress\/wp-content\/uploads\/2025\/07\/e965c910-5781-4bf5-beec-35b430e4204f.jpg 1600w\" sizes=\"auto, (max-width: 180px) 100vw, 180px\" \/><\/a>BELLUNO<\/strong> Prosegue in tutta la provincia di Belluno l\u2019intensa campagna di controlli da parte dei Carabinieri del NIL, con il supporto dell\u2019Arma territoriale, per verificare il rispetto delle normative sulla sicurezza nei luoghi di lavoro e contrastare l\u2019irregolarit\u00e0 nei rapporti di lavoro. Le ispezioni hanno riguardato diversi settori, tra cui edilizia, ristorazione, commercio e manifattura. In due cantieri dell\u2019Alto Cadore e dell\u2019Agordino, sono state sospese tre imprese edili per gravi carenze nei ponteggi e per l\u2019assenza di documentazione obbligatoria, tra cui il P.O.S. e la nuova Patente a Crediti, obbligatoria dal 1\u00b0 ottobre 2024. Un ristorante nel Basso Feltrino \u00e8 stato sospeso per l\u2019impiego di un lavoratore \u201cin nero\u201d. Altre irregolarit\u00e0 sono state accertate nei comuni di Alleghe, Cortina, Limana, Sedico, Falcade, Feltre, Santo Stefano e Setteville: dieci aziende non risultavano in regola. Tra le violazioni pi\u00f9 frequenti: mancata formazione, assenza di dispositivi di sicurezza e videosorveglianza non autorizzata. Le sanzioni comminate ammontano complessivamente a 100.000 euro. I controlli proseguiranno per tutta l\u2019estate.<\/p>\n<p>&nbsp;<\/p>\n<p>&nbsp;<\/p>\n<hr \/>\n<p>&nbsp;<\/p>\n<blockquote>\n<h3>ESCURSIONISTA BLOCCATA A RUDEMONT<\/h3>\n<\/blockquote>\n<p><strong><a class=\"dt-pswp-item\" href=\"https:\/\/www.radiopiu.net\/wordpress\/wp-content\/uploads\/2024\/08\/SALT.jpg\" data-dt-img-description=\"\" data-large_image_width=\"2048\" data-large_image_height=\"1536\"><img loading=\"lazy\" decoding=\"async\" class=\" wp-image-404421 alignleft\" src=\"https:\/\/www.radiopiu.net\/wordpress\/wp-content\/uploads\/2024\/08\/SALT-300x225.jpg\" alt=\"\" width=\"165\" height=\"124\" srcset=\"https:\/\/www.radiopiu.net\/wordpress\/wp-content\/uploads\/2024\/08\/SALT-300x225.jpg 300w, https:\/\/www.radiopiu.net\/wordpress\/wp-content\/uploads\/2024\/08\/SALT-1024x768.jpg 1024w, https:\/\/www.radiopiu.net\/wordpress\/wp-content\/uploads\/2024\/08\/SALT-768x576.jpg 768w, https:\/\/www.radiopiu.net\/wordpress\/wp-content\/uploads\/2024\/08\/SALT-1536x1152.jpg 1536w, https:\/\/www.radiopiu.net\/wordpress\/wp-content\/uploads\/2024\/08\/SALT.jpg 2048w\" sizes=\"auto, (max-width: 165px) 100vw, 165px\" \/><\/a>REDAZIONE<\/strong> A Forcella Lavaredo, un escursionista sudcoreano di 52 anni si \u00e8 procurato un trauma alla caviglia. \u00c8 stato raggiunto da una squadra della Guardia di finanza e trasportato all\u2019ambulanza a Misurina. Nel pomeriggio, a Livinallongo, una 27enne di Cisterna di Latina \u00e8 rimasta bloccata sopra alcuni salti di roccia in localit\u00e0 Rudemont, dopo aver perso la traccia del sentiero. L\u2019allarme \u00e8 scattato grazie a passanti che l\u2019hanno vista sventolare una giacca. Recuperata con un verricello di 20 metri dall\u2019elicottero del Suem, \u00e8 stata portata in salvo a Masarei, con solo alcune escoriazioni. Intorno allo stesso orario, l\u2019elicottero dell\u2019Aiut Alpin Dolomites di Bolzano \u00e8 intervenuto anche nella zona del Nuvolau, a Cortina, dove una turista portoghese di 52 anni si era infortunata a un piede. Anche lei \u00e8 stata soccorsa e trasportata all\u2019ospedale Codivilla.<\/p>\n<p>&nbsp;<\/p>\n<p>&nbsp;<\/p>\n<hr \/>\n<p>&nbsp;<\/p>\n<blockquote>\n<h3>RAGAZZE URTANO AUTO DEI CARABINIERI ALLA ROTONDA DELL\u2019EMISFERO<\/h3>\n<\/blockquote>\n<p><strong>BELLUNO<\/strong> Un curioso incidente si \u00e8 verificato ieri pomeriggio alla rotonda dell\u2019Emisfero, uno dei punti pi\u00f9 trafficati della citt\u00e0. Protagoniste dell\u2019episodio alcune ragazze alla guida di un\u2019utilitaria che, per cause ancora in fase di accertamento, hanno urtato un\u2019auto dei Carabinieri impegnata in un normale pattugliamento della zona.<\/p>\n\n\t\t\t<style type='text\/css'>\n\t\t\t\t#gallery-3 {\n\t\t\t\t\tmargin: auto;\n\t\t\t\t}\n\t\t\t\t#gallery-3 .gallery-item {\n\t\t\t\t\tfloat: left;\n\t\t\t\t\tmargin-top: 10px;\n\t\t\t\t\ttext-align: center;\n\t\t\t\t\twidth: 50%;\n\t\t\t\t}\n\t\t\t\t#gallery-3 img {\n\t\t\t\t\tborder: 2px solid #cfcfcf;\n\t\t\t\t}\n\t\t\t\t#gallery-3 .gallery-caption {\n\t\t\t\t\tmargin-left: 0;\n\t\t\t\t}\n\t\t\t\t\/* see gallery_shortcode() in wp-includes\/media.php *\/\n\t\t\t<\/style>\n\t\t<div id='gallery-3' class='dt-gallery-container gallery galleryid-462051 gallery-columns-2 gallery-size-medium'><dl class='gallery-item'>\n\t\t\t\t<dt class='gallery-icon landscape'>\n\t\t\t\t\t<a class=\"rollover rollover-zoom dt-pswp-item\" title=\"LKASHYG\" data-dt-img-description=\"\" data-large_image_width=\"681\" data-large_image_height=\"525\"href='https:\/\/www.radiopiu.net\/wordpress\/wp-content\/uploads\/2025\/07\/LKASHYG.jpg'><img loading=\"lazy\" decoding=\"async\" width=\"300\" height=\"231\" src=\"https:\/\/www.radiopiu.net\/wordpress\/wp-content\/uploads\/2025\/07\/LKASHYG-300x231.jpg\" class=\"attachment-medium size-medium\" alt=\"\" srcset=\"https:\/\/www.radiopiu.net\/wordpress\/wp-content\/uploads\/2025\/07\/LKASHYG-300x231.jpg 300w, https:\/\/www.radiopiu.net\/wordpress\/wp-content\/uploads\/2025\/07\/LKASHYG.jpg 681w\" sizes=\"auto, (max-width: 300px) 100vw, 300px\" \/><\/a>\n\t\t\t\t<\/dt><\/dl><dl class='gallery-item'>\n\t\t\t\t<dt class='gallery-icon landscape'>\n\t\t\t\t\t<a class=\"rollover rollover-zoom dt-pswp-item\" title=\"IJGUA\" data-dt-img-description=\"\" data-large_image_width=\"623\" data-large_image_height=\"495\"href='https:\/\/www.radiopiu.net\/wordpress\/wp-content\/uploads\/2025\/07\/IJGUA.jpg'><img loading=\"lazy\" decoding=\"async\" width=\"300\" height=\"238\" src=\"https:\/\/www.radiopiu.net\/wordpress\/wp-content\/uploads\/2025\/07\/IJGUA-300x238.jpg\" class=\"attachment-medium size-medium\" alt=\"\" srcset=\"https:\/\/www.radiopiu.net\/wordpress\/wp-content\/uploads\/2025\/07\/IJGUA-300x238.jpg 300w, https:\/\/www.radiopiu.net\/wordpress\/wp-content\/uploads\/2025\/07\/IJGUA.jpg 623w\" sizes=\"auto, (max-width: 300px) 100vw, 300px\" \/><\/a>\n\t\t\t\t<\/dt><\/dl><br style=\"clear: both\" \/>\n\t\t\t<\/div>\n\n<p>&nbsp;<\/p>\n<hr \/>\n<p>&nbsp;<\/p>\n<blockquote>\n<h3>DONNA ACCUSA UN MALORE A FALCADE<\/h3>\n<\/blockquote>\n<p><strong><a class=\"dt-pswp-item\" href=\"https:\/\/www.radiopiu.net\/wordpress\/wp-content\/uploads\/2025\/07\/e1690e85-9a53-49e3-919a-77012f1a5929.jpg\" data-dt-img-description=\"\" data-large_image_width=\"1600\" data-large_image_height=\"1200\"><img loading=\"lazy\" decoding=\"async\" class=\" wp-image-462154 alignleft\" src=\"https:\/\/www.radiopiu.net\/wordpress\/wp-content\/uploads\/2025\/07\/e1690e85-9a53-49e3-919a-77012f1a5929-300x225.jpg\" alt=\"\" width=\"128\" height=\"96\" srcset=\"https:\/\/www.radiopiu.net\/wordpress\/wp-content\/uploads\/2025\/07\/e1690e85-9a53-49e3-919a-77012f1a5929-300x225.jpg 300w, https:\/\/www.radiopiu.net\/wordpress\/wp-content\/uploads\/2025\/07\/e1690e85-9a53-49e3-919a-77012f1a5929-1024x768.jpg 1024w, https:\/\/www.radiopiu.net\/wordpress\/wp-content\/uploads\/2025\/07\/e1690e85-9a53-49e3-919a-77012f1a5929-768x576.jpg 768w, https:\/\/www.radiopiu.net\/wordpress\/wp-content\/uploads\/2025\/07\/e1690e85-9a53-49e3-919a-77012f1a5929-1536x1152.jpg 1536w, https:\/\/www.radiopiu.net\/wordpress\/wp-content\/uploads\/2025\/07\/e1690e85-9a53-49e3-919a-77012f1a5929.jpg 1600w\" sizes=\"auto, (max-width: 128px) 100vw, 128px\" \/><\/a> <\/strong><\/p>\n<p><strong>\u00a0<\/strong><b>REDAZIONE <\/b>L&#8217;ambulanza della croce verde Val Biois e l&#8217;elicottero Falco 1 sono intervenuti a Falcade per assistere una donna che ha accusato un malore. L&#8217;intervento nel pomeriggio di ieri, la paziente una 77enne di Monza. Un altro malore a Sovramonte dove una donna di Venezia di 71 \u00e8 stata soccorsa e portata al San Martino di Belluno. Nel tardo pomeriggio il personale del Suem \u00e8 stato mandato a Santa Giustina per soccorrere un 85enne del posto. Sul posto ambulanza e Falco 1. (foto: Diego Costa)<\/p>\n<p>&nbsp;<\/p>\n<p>&nbsp;<\/p>\n<hr \/>\n<p>&nbsp;<\/p>\n<blockquote>\n<h3>POTENZIATO IL TRASPORTO PUBBLICO PER LA ZONA INDUSTRIALE DI LONGARONE<\/h3>\n<\/blockquote>\n<p><strong><a class=\"dt-pswp-item\" href=\"https:\/\/www.radiopiu.net\/wordpress\/wp-content\/uploads\/2020\/06\/f662441c-c6a1-40df-8978-3ff5202173f9.jpg\" data-dt-img-description=\"\" data-large_image_width=\"1280\" data-large_image_height=\"960\"><img loading=\"lazy\" decoding=\"async\" class=\" wp-image-145519 alignleft\" src=\"https:\/\/www.radiopiu.net\/wordpress\/wp-content\/uploads\/2020\/06\/f662441c-c6a1-40df-8978-3ff5202173f9-300x225.jpg\" alt=\"\" width=\"163\" height=\"122\" srcset=\"https:\/\/www.radiopiu.net\/wordpress\/wp-content\/uploads\/2020\/06\/f662441c-c6a1-40df-8978-3ff5202173f9-300x225.jpg 300w, https:\/\/www.radiopiu.net\/wordpress\/wp-content\/uploads\/2020\/06\/f662441c-c6a1-40df-8978-3ff5202173f9-1024x768.jpg 1024w, https:\/\/www.radiopiu.net\/wordpress\/wp-content\/uploads\/2020\/06\/f662441c-c6a1-40df-8978-3ff5202173f9-768x576.jpg 768w, https:\/\/www.radiopiu.net\/wordpress\/wp-content\/uploads\/2020\/06\/f662441c-c6a1-40df-8978-3ff5202173f9.jpg 1280w\" sizes=\"auto, (max-width: 163px) 100vw, 163px\" \/><\/a>BELLUNO <\/strong>Dal 4 al 22 agosto 2025, Dolomiti Bus attiver\u00e0 corse aggiuntive per migliorare il collegamento con la zona industriale di Longarone, in risposta alle esigenze dei lavoratori emerse durante l\u2019incontro del 24 luglio con Provincia, sindacati, Consorzio BIM Piave e rappresentanti dell\u2019azienda. L\u2019obiettivo \u00e8 facilitare l\u2019accesso ai luoghi di lavoro negli orari di ingresso e uscita dai turni, con collegamenti da Auronzo, Calalzo, Feltre (sinistra e destra Piave), Cesiomaggiore e Alpago. La presidente Martina Moritsch ha sottolineato l\u2019importanza di un servizio pubblico efficiente e condiviso, frutto del dialogo con il territorio e pensato per rispondere alle reali esigenze locali. Il dettaglio degli orari \u00e8 consultabile sul sito ufficiale di Dolomiti Bus.<\/p>\n<p>&nbsp;<\/p>\n<hr \/>\n<p>&nbsp;<\/p>\n<h1 class=\"_title post-title entry-title\">NEVEGAL: PARCHEGGI BLU, FAVOREVOLI E CONTRARI<\/h1>\n<p>(Servizio di\u00a0<a href=\"https:\/\/antennatre.medianordest.it\/redazione\/Fabio-Fioravanzi\/\">Fabio Fioravanzi<\/a>)<\/p>\n<p><iframe loading=\"lazy\" title=\"NEVEGAL: PARCHEGGI BLU, FAVOREVOLI E CONTRARI | 30\/07\/2025\" width=\"1200\" height=\"675\" src=\"https:\/\/www.youtube.com\/embed\/nOlA4urOh3I?feature=oembed\" frameborder=\"0\" allow=\"accelerometer; autoplay; clipboard-write; encrypted-media; gyroscope; picture-in-picture; web-share\" referrerpolicy=\"strict-origin-when-cross-origin\" allowfullscreen><\/iframe><\/p>\n<p>&nbsp;<\/p>\n<hr \/>\n<p>&nbsp;<\/p>\n<blockquote>\n<h3>MARCHE E MARGINI STABILI PER MARCOLIN NEL PRIMO SEMESTRE 2025<\/h3>\n<\/blockquote>\n<p><strong><a class=\"dt-pswp-item\" href=\"https:\/\/www.radiopiu.net\/wordpress\/wp-content\/uploads\/2025\/07\/Marcolin-Fortogna.jpg\" data-dt-img-description=\"\" data-large_image_width=\"2400\" data-large_image_height=\"1500\"><img loading=\"lazy\" decoding=\"async\" class=\" wp-image-462127 alignleft\" src=\"https:\/\/www.radiopiu.net\/wordpress\/wp-content\/uploads\/2025\/07\/Marcolin-Fortogna-300x188.jpg\" alt=\"\" width=\"184\" height=\"115\" srcset=\"https:\/\/www.radiopiu.net\/wordpress\/wp-content\/uploads\/2025\/07\/Marcolin-Fortogna-300x188.jpg 300w, https:\/\/www.radiopiu.net\/wordpress\/wp-content\/uploads\/2025\/07\/Marcolin-Fortogna-1024x640.jpg 1024w, https:\/\/www.radiopiu.net\/wordpress\/wp-content\/uploads\/2025\/07\/Marcolin-Fortogna-768x480.jpg 768w, https:\/\/www.radiopiu.net\/wordpress\/wp-content\/uploads\/2025\/07\/Marcolin-Fortogna-1536x960.jpg 1536w, https:\/\/www.radiopiu.net\/wordpress\/wp-content\/uploads\/2025\/07\/Marcolin-Fortogna-2048x1280.jpg 2048w\" sizes=\"auto, (max-width: 184px) 100vw, 184px\" \/><\/a>LONGARONE <\/strong>Nel primo semestre del 2025, Marcolin ha mantenuto una solida performance nonostante il contesto macroeconomico incerto. L\u2019EBITDA adjusted si \u00e8 attestato a \u20ac52,3 milioni, pari al 17,7% delle vendite nette, confermando la stabilit\u00e0 della marginalit\u00e0 rispetto al 2024. Le vendite nette hanno raggiunto \u20ac295,7 milioni, in crescita dello 0,3% a cambi costanti (-0,6% a cambi correnti). Le aree EMEA e Americas si sono confermate principali mercati di riferimento: la prima ha segnato ricavi per \u20ac161,3 milioni (+7,3% a cambi correnti), mentre la seconda ha registrato \u20ac98,7 milioni, in calo del 7,4%. In Asia si osserva un rallentamento temporaneo dovuto al diverso timing degli approvvigionamenti da parte dei distributori, gi\u00e0 in fase di recupero. La posizione finanziaria netta adjusted \u00e8 risultata pari a \u20ac323,1 milioni, sostanzialmente invariata rispetto a fine 2024, grazie a un positivo flusso di cassa operativo. Tra i traguardi strategici, il rinnovo delle licenze con Max Mara, Guess, adidas e GANT, oltre al nuovo accordo esclusivo con rag &amp; bone.<\/p>\n<p>&nbsp;<\/p>\n<p>&nbsp;<\/p>\n<hr \/>\n<p>&nbsp;<\/p>\n<blockquote>\n<h3>LINEA DEL PIAVE GI\u00c0 SUPERATA: LA LEGA ATTACCA E RILANCIA SUL CASO EX AGIP<\/h3>\n<\/blockquote>\n<p><strong><a class=\"dt-pswp-item\" href=\"https:\/\/www.radiopiu.net\/wordpress\/wp-content\/uploads\/2025\/07\/Agip-Baldenich-2_edited-300x300-1.jpg\" data-dt-img-description=\"\" data-large_image_width=\"300\" data-large_image_height=\"300\"><img loading=\"lazy\" decoding=\"async\" class=\" wp-image-462150 alignleft\" src=\"https:\/\/www.radiopiu.net\/wordpress\/wp-content\/uploads\/2025\/07\/Agip-Baldenich-2_edited-300x300-1.jpg\" alt=\"\" width=\"139\" height=\"139\" srcset=\"https:\/\/www.radiopiu.net\/wordpress\/wp-content\/uploads\/2025\/07\/Agip-Baldenich-2_edited-300x300-1.jpg 300w, https:\/\/www.radiopiu.net\/wordpress\/wp-content\/uploads\/2025\/07\/Agip-Baldenich-2_edited-300x300-1-150x150.jpg 150w\" sizes=\"auto, (max-width: 139px) 100vw, 139px\" \/><\/a>BELLUNO<\/strong> Sul futuro dell\u2019area Ex Agip, la Lega di Belluno prende posizione: \u00abLa cosiddetta \u201cLinea del Piave\u201d \u00e8 stata superata da tempo. La verit\u00e0 andrebbe raccontata tutta, non solo quella che conviene a una parte politica\u00bb. Il riferimento \u00e8 al progetto del nuovo supermercato a Baldenich, al centro del dibattito cittadino. \u00abSenza giudicare le scelte del privato, in democrazia ognuno \u00e8 libero di investire \u2013 precisa la Lega \u2013 ma fu nel penultimo consiglio comunale dell\u2019Amministrazione Massaro che si decise di allargare l\u2019area commerciale a 1500 metri quadrati, nonostante il voto contrario di Lega, Insieme per Belluno e del consigliere Bello\u00bb. \u00abOra \u2013 prosegue la nota \u2013 la nostra Amministrazione ha il dovere di valutare con responsabilit\u00e0, ascoltando i cittadini ma anche cogliendo le opportunit\u00e0 di sviluppo. \u00c8 giusto parlarne, sarebbe sbagliato ignorarlo. Il progetto comporta opere che il pubblico da solo oggi difficilmente potrebbe sostenere\u00bb. Dalla Lega, quindi, un appello al confronto aperto, \u00abper il bene del quartiere e della citt\u00e0\u00bb.<\/p>\n<p>&nbsp;<\/p>\n<p>&nbsp;<\/p>\n<hr \/>\n<p>&nbsp;<\/p>\n<blockquote>\n<h3>EX AGIP: IL SINDACO DIFENDE IL PROGETTO E INVITA AL CONFRONTO DEMOCRATICO<\/h3>\n<\/blockquote>\n<p><strong><a class=\"dt-pswp-item\" href=\"https:\/\/www.radiopiu.net\/wordpress\/wp-content\/uploads\/2022\/06\/oscar-de-pellegrin.png\" data-dt-img-description=\"\" data-large_image_width=\"2000\" data-large_image_height=\"1804\"><img loading=\"lazy\" decoding=\"async\" class=\" wp-image-281257 alignleft\" src=\"https:\/\/www.radiopiu.net\/wordpress\/wp-content\/uploads\/2022\/06\/oscar-de-pellegrin-300x271.png\" alt=\"\" width=\"128\" height=\"116\" srcset=\"https:\/\/www.radiopiu.net\/wordpress\/wp-content\/uploads\/2022\/06\/oscar-de-pellegrin-300x271.png 300w, https:\/\/www.radiopiu.net\/wordpress\/wp-content\/uploads\/2022\/06\/oscar-de-pellegrin-1024x924.png 1024w, https:\/\/www.radiopiu.net\/wordpress\/wp-content\/uploads\/2022\/06\/oscar-de-pellegrin-768x693.png 768w, https:\/\/www.radiopiu.net\/wordpress\/wp-content\/uploads\/2022\/06\/oscar-de-pellegrin-1536x1385.png 1536w, https:\/\/www.radiopiu.net\/wordpress\/wp-content\/uploads\/2022\/06\/oscar-de-pellegrin.png 2000w\" sizes=\"auto, (max-width: 128px) 100vw, 128px\" \/><\/a>BELLUNO<\/strong> Il sindaco Oscar De Pellegrin interviene sulla delibera per l\u2019adozione del Piano Urbanistico Attuativo (PUA) di via Vittorio Veneto, in variante al Piano degli Interventi, in discussione al Consiglio comunale. Critica i toni accesi emersi durante l\u2019assemblea pubblica, ribadendo la volont\u00e0 dell\u2019Amministrazione di promuovere il dialogo e garantire trasparenza. Il Sindaco ricorda che l\u2019iter ha avuto origine con la delibera n.43 del 2022, approvata dalla precedente giunta Massaro, che individuava l\u2019area come degradata e da riqualificare. Il progetto \u00e8 stato quindi avviato dal privato e ha ricevuto parere favorevole, con prescrizioni, dalla Conferenza dei Servizi. L\u2019attuale Amministrazione ha richiesto opere straordinarie a beneficio pubblico. Il piano sar\u00e0 depositato per 10 giorni, con possibilit\u00e0 per i cittadini di inviare osservazioni nei 20 successivi. Queste saranno valutate dagli organi tecnici e sottoposte alla Commissione Regionale VAS. Il sindaco ribadisce che la delibera non rappresenta l\u2019atto conclusivo, ma un passaggio necessario in un processo gi\u00e0 avviato, da gestire nell\u2019interesse della collettivit\u00e0.<\/p>\n<p>&nbsp;<\/p>\n<blockquote>\n<h1 class=\"_title post-title entry-title\">SUPERMERCATO ALL\u2019EX AGIP, SVELATI GLI ATTI. I CITTADINI AL SINDACO: \u00abFERMATEVI\u00bb<\/h1>\n<\/blockquote>\n<p>(Servizio di\u00a0<a href=\"https:\/\/antennatre.medianordest.it\/redazione\/Tiziana-Bolognani\/\">Tiziana Bolognani<\/a>)<\/p>\n<p><iframe loading=\"lazy\" title=\"SUPERMERCATO ALL&#039;EX AGIP, SVELATI GLI ATTI. I CITTADINI AL SINDACO: \u00abFERMATEVI\u00bb | 30\/07\/2025\" width=\"1200\" height=\"675\" src=\"https:\/\/www.youtube.com\/embed\/q_fY5t42ALw?feature=oembed\" frameborder=\"0\" allow=\"accelerometer; autoplay; clipboard-write; encrypted-media; gyroscope; picture-in-picture; web-share\" referrerpolicy=\"strict-origin-when-cross-origin\" allowfullscreen><\/iframe><\/p>\n<p>&nbsp;<\/p>\n<hr \/>\n<p>&nbsp;<\/p>\n<blockquote>\n<h3>PROGETTO INTERREG MOSAIC: UNIVERSIT\u00c0 DI PADOVA E COMUNE DI BELLUNO INSIEME PER STUDIARE IL CAMBIAMENTO CLIMATICO IN NEVEGAL<\/h3>\n<\/blockquote>\n<p><strong>BELLUNO<\/strong> \u00c8 sbarcato in Nevegal il progetto Interreg Mosaic, che a Belluno vede l&#8217;Universit\u00e0 di Padova impegnata sul Colle in collaborazione con il Comune di Belluno per studiare gli effetti del cambiamento climatico e possibili strumenti di prevenzione.<\/p>\n<p><strong>DI DANIELE DALVIT<\/strong><\/p>\n<audio class=\"wp-audio-shortcode\" id=\"audio-462051-7\" preload=\"none\" style=\"width: 100%;\" controls=\"controls\"><source type=\"audio\/mpeg\" src=\"https:\/\/www.radiopiu.net\/wordpress\/wp-content\/uploads\/2025\/07\/Servizio-Progetto-Interreg-bosco-cambiamenti-climatici-Nevegal.mp3?_=7\" \/><a href=\"https:\/\/www.radiopiu.net\/wordpress\/wp-content\/uploads\/2025\/07\/Servizio-Progetto-Interreg-bosco-cambiamenti-climatici-Nevegal.mp3\">https:\/\/www.radiopiu.net\/wordpress\/wp-content\/uploads\/2025\/07\/Servizio-Progetto-Interreg-bosco-cambiamenti-climatici-Nevegal.mp3<\/a><\/audio>\n<p>&nbsp;<\/p>\n\n\t\t\t<style type='text\/css'>\n\t\t\t\t#gallery-4 {\n\t\t\t\t\tmargin: auto;\n\t\t\t\t}\n\t\t\t\t#gallery-4 .gallery-item {\n\t\t\t\t\tfloat: left;\n\t\t\t\t\tmargin-top: 10px;\n\t\t\t\t\ttext-align: center;\n\t\t\t\t\twidth: 50%;\n\t\t\t\t}\n\t\t\t\t#gallery-4 img {\n\t\t\t\t\tborder: 2px solid #cfcfcf;\n\t\t\t\t}\n\t\t\t\t#gallery-4 .gallery-caption {\n\t\t\t\t\tmargin-left: 0;\n\t\t\t\t}\n\t\t\t\t\/* see gallery_shortcode() in wp-includes\/media.php *\/\n\t\t\t<\/style>\n\t\t<div id='gallery-4' class='dt-gallery-container gallery galleryid-462051 gallery-columns-2 gallery-size-medium'><dl class='gallery-item'>\n\t\t\t\t<dt class='gallery-icon landscape'>\n\t\t\t\t\t<a class=\"rollover rollover-zoom dt-pswp-item\" title=\"c75a722a-0faf-4521-a56e-9f982d1655f5\" data-dt-img-description=\"\" data-large_image_width=\"2560\" data-large_image_height=\"1920\"href='https:\/\/www.radiopiu.net\/wordpress\/wp-content\/uploads\/2025\/07\/c75a722a-0faf-4521-a56e-9f982d1655f5-scaled.jpg'><img loading=\"lazy\" decoding=\"async\" width=\"300\" height=\"225\" src=\"https:\/\/www.radiopiu.net\/wordpress\/wp-content\/uploads\/2025\/07\/c75a722a-0faf-4521-a56e-9f982d1655f5-300x225.jpg\" class=\"attachment-medium size-medium\" alt=\"\" srcset=\"https:\/\/www.radiopiu.net\/wordpress\/wp-content\/uploads\/2025\/07\/c75a722a-0faf-4521-a56e-9f982d1655f5-300x225.jpg 300w, https:\/\/www.radiopiu.net\/wordpress\/wp-content\/uploads\/2025\/07\/c75a722a-0faf-4521-a56e-9f982d1655f5-1024x768.jpg 1024w, https:\/\/www.radiopiu.net\/wordpress\/wp-content\/uploads\/2025\/07\/c75a722a-0faf-4521-a56e-9f982d1655f5-768x576.jpg 768w, https:\/\/www.radiopiu.net\/wordpress\/wp-content\/uploads\/2025\/07\/c75a722a-0faf-4521-a56e-9f982d1655f5-1536x1152.jpg 1536w, https:\/\/www.radiopiu.net\/wordpress\/wp-content\/uploads\/2025\/07\/c75a722a-0faf-4521-a56e-9f982d1655f5-2048x1536.jpg 2048w\" sizes=\"auto, (max-width: 300px) 100vw, 300px\" \/><\/a>\n\t\t\t\t<\/dt><\/dl><dl class='gallery-item'>\n\t\t\t\t<dt class='gallery-icon landscape'>\n\t\t\t\t\t<a class=\"rollover rollover-zoom dt-pswp-item\" title=\"22a3c462-e1c5-4baa-9bc4-67fb2d6ef289\" data-dt-img-description=\"\" data-large_image_width=\"2560\" data-large_image_height=\"1920\"href='https:\/\/www.radiopiu.net\/wordpress\/wp-content\/uploads\/2025\/07\/22a3c462-e1c5-4baa-9bc4-67fb2d6ef289-scaled.jpg'><img loading=\"lazy\" decoding=\"async\" width=\"300\" height=\"225\" src=\"https:\/\/www.radiopiu.net\/wordpress\/wp-content\/uploads\/2025\/07\/22a3c462-e1c5-4baa-9bc4-67fb2d6ef289-300x225.jpg\" class=\"attachment-medium size-medium\" alt=\"\" srcset=\"https:\/\/www.radiopiu.net\/wordpress\/wp-content\/uploads\/2025\/07\/22a3c462-e1c5-4baa-9bc4-67fb2d6ef289-300x225.jpg 300w, https:\/\/www.radiopiu.net\/wordpress\/wp-content\/uploads\/2025\/07\/22a3c462-e1c5-4baa-9bc4-67fb2d6ef289-1024x768.jpg 1024w, https:\/\/www.radiopiu.net\/wordpress\/wp-content\/uploads\/2025\/07\/22a3c462-e1c5-4baa-9bc4-67fb2d6ef289-768x576.jpg 768w, https:\/\/www.radiopiu.net\/wordpress\/wp-content\/uploads\/2025\/07\/22a3c462-e1c5-4baa-9bc4-67fb2d6ef289-1536x1152.jpg 1536w, https:\/\/www.radiopiu.net\/wordpress\/wp-content\/uploads\/2025\/07\/22a3c462-e1c5-4baa-9bc4-67fb2d6ef289-2048x1536.jpg 2048w\" sizes=\"auto, (max-width: 300px) 100vw, 300px\" \/><\/a>\n\t\t\t\t<\/dt><\/dl><br style=\"clear: both\" \/>\n\t\t\t<\/div>\n\n<p>&nbsp;<\/p>\n<hr \/>\n<p>&nbsp;<\/p>\n<blockquote>\n<h3>ASSESTAMENTO DI BILANCIO 2025: IL VENETO INVESTE 168 MILIONI PER SICUREZZA, SOCIALE E CULTURA<\/h3>\n<\/blockquote>\n<p><strong><a class=\"dt-pswp-item\" href=\"https:\/\/www.radiopiu.net\/wordpress\/wp-content\/uploads\/2021\/09\/regione-veneto.png\" data-dt-img-description=\"\" data-large_image_width=\"455\" data-large_image_height=\"344\"><img loading=\"lazy\" decoding=\"async\" class=\" wp-image-234211 alignleft\" src=\"https:\/\/www.radiopiu.net\/wordpress\/wp-content\/uploads\/2021\/09\/regione-veneto-300x227.png\" alt=\"\" width=\"159\" height=\"120\" srcset=\"https:\/\/www.radiopiu.net\/wordpress\/wp-content\/uploads\/2021\/09\/regione-veneto-300x227.png 300w, https:\/\/www.radiopiu.net\/wordpress\/wp-content\/uploads\/2021\/09\/regione-veneto.png 455w\" sizes=\"auto, (max-width: 159px) 100vw, 159px\" \/><\/a>VENEZIA <\/strong>L\u2019assessore regionale al Bilancio Francesco Calzavara ha commentato con soddisfazione l\u2019approvazione dell\u2019assestamento di bilancio 2025, sottolineando l\u2019impegno del Veneto ad affrontare con decisione le esigenze del territorio. Il provvedimento prevede 168 milioni di euro, di cui 128 coperti con nuovo debito e 40 milioni di spesa immediata. Le risorse saranno destinate a priorit\u00e0 strategiche come la sicurezza territoriale (oltre 100 milioni), il sostegno alle scuole dell\u2019infanzia e all\u2019assistenza per alunni con disabilit\u00e0. Ulteriori fondi sono previsti per cultura (775.000 euro), impianti sportivi (600.000 euro) e sanit\u00e0. Calzavara ha ribadito che l\u2019intervento d\u00e0 risposte urgenti, rinviando le spese pluriennali meno prioritarie, e ha apprezzato il confronto con le opposizioni, che ha portato all\u2019inserimento di nuove misure condivise. L\u2019assessamento si conferma cos\u00ec un atto concreto di responsabilit\u00e0 e visione.<\/p>\n<p>&nbsp;<\/p>\n<p>&nbsp;<\/p>\n<hr \/>\n<p>&nbsp;<\/p>\n<blockquote>\n<h3>DILLO A RADIO PIU&#8217;&#8230;I RIFIUTI ABBANDONATI DI BUON MATTINO<\/h3>\n<\/blockquote>\n<p><strong><a class=\"dt-pswp-item\" href=\"https:\/\/www.radiopiu.net\/wordpress\/wp-content\/uploads\/2025\/07\/SCR-20250730-jkup.jpeg\" data-dt-img-description=\"\" data-large_image_width=\"1666\" data-large_image_height=\"1152\"><img loading=\"lazy\" decoding=\"async\" class=\"size-medium wp-image-462061 alignleft\" src=\"https:\/\/www.radiopiu.net\/wordpress\/wp-content\/uploads\/2025\/07\/SCR-20250730-jkup-300x207.jpeg\" alt=\"\" width=\"300\" height=\"207\" srcset=\"https:\/\/www.radiopiu.net\/wordpress\/wp-content\/uploads\/2025\/07\/SCR-20250730-jkup-300x207.jpeg 300w, https:\/\/www.radiopiu.net\/wordpress\/wp-content\/uploads\/2025\/07\/SCR-20250730-jkup-1024x708.jpeg 1024w, https:\/\/www.radiopiu.net\/wordpress\/wp-content\/uploads\/2025\/07\/SCR-20250730-jkup-768x531.jpeg 768w, https:\/\/www.radiopiu.net\/wordpress\/wp-content\/uploads\/2025\/07\/SCR-20250730-jkup-1536x1062.jpeg 1536w, https:\/\/www.radiopiu.net\/wordpress\/wp-content\/uploads\/2025\/07\/SCR-20250730-jkup.jpeg 1666w\" sizes=\"auto, (max-width: 300px) 100vw, 300px\" \/><\/a>RICEVIAMO E PUBBLICHIAMO<\/strong><\/p>\n<p>Vi scrivo direttamente perch\u00e9 poco tempo fa ho assistito a una scena davvero scioccante. Lavoro in Luxottica e questa mattina, intorno alle 7:30, mentre mi recavo al lavoro, poco prima di entrare nella galleria di Agordo, ho notato qualcosa di preoccupante. Sulla destra, in una piazzola, c\u2019era un uomo con un\u2019auto verde scuro che stava gettando rifiuti oltre il muretto, nel prato e sotto gli alberi, su per la collinetta. Purtroppo non sono riuscita a scattare foto, ma credo sarebbe importante che qualcuno verificasse la situazione. Dopo il lavoro, ho intenzione di fermarmi a raccogliere almeno una parte dei rifiuti, per quanto possibile. Credo sia giusto condividere questo fatto: \u00e8 un gesto triste e assolutamente inaccettabile.<\/p>\n<p>Marina<\/p>\n<p>&nbsp;<\/p>\n<p>&nbsp;<\/p>\n<hr \/>\n<p>&nbsp;<\/p>\n<blockquote>\n<h3>L\u2019ISTITUTO COMPRENSIVO DI FELTRE PUNTA SULLO SPORT: UN ANNO DI ATTIVIT\u00c0 MOTORIE, EDUCAZIONE E INCLUSIONE<\/h3>\n<\/blockquote>\n<p><strong>FELTRE <\/strong>L\u2019Istituto Comprensivo di Feltre ha offerto anche nel 2024\/25 un\u2019ampia gamma di attivit\u00e0 sportive per tutte le classi. Le prime medie hanno partecipato a progetti di accoglienza, uscite a piedi, \u201cSport in piazza\u201d e incontri con Dolomiti Emergency. Le \u201cGiornate sulla neve\u201d sono saltate per maltempo, ma torneranno l\u2019anno prossimo. Le seconde hanno svolto sci di fondo, conosciuto lo sport paralimpico e partecipato al progetto CAI per la sicurezza in montagna. Le terze hanno provato discipline sul ghiaccio, incontrato il Soccorso Alpino e preso parte a progetti come \u201cLa montagna Amarla in sicurezza\u201d. Tutte le classi sono state coinvolte in competizioni scolastiche, tornei, attivit\u00e0 pomeridiane e progetti come \u201c1 Chilometro al Giorno\u201d e \u201cScuola Attiva Junior\u201d. Alcuni alunni hanno partecipato anche a eventi cittadini come \u201cCorriFeltre\u201d. L\u2019I.C. Feltre si distingue per la promozione del movimento come strumento di benessere fisico e psicologico, rendendo lo sport accessibile a tutti, con benefici anche economici per le famiglie. Una scuola dinamica e attenta alla crescita completa dei suoi studenti.<\/p>\n\n\t\t\t<style type='text\/css'>\n\t\t\t\t#gallery-5 {\n\t\t\t\t\tmargin: auto;\n\t\t\t\t}\n\t\t\t\t#gallery-5 .gallery-item {\n\t\t\t\t\tfloat: left;\n\t\t\t\t\tmargin-top: 10px;\n\t\t\t\t\ttext-align: center;\n\t\t\t\t\twidth: 33%;\n\t\t\t\t}\n\t\t\t\t#gallery-5 img {\n\t\t\t\t\tborder: 2px solid #cfcfcf;\n\t\t\t\t}\n\t\t\t\t#gallery-5 .gallery-caption {\n\t\t\t\t\tmargin-left: 0;\n\t\t\t\t}\n\t\t\t\t\/* see gallery_shortcode() in wp-includes\/media.php *\/\n\t\t\t<\/style>\n\t\t<div id='gallery-5' class='dt-gallery-container gallery galleryid-462051 gallery-columns-3 gallery-size-thumbnail'><dl class='gallery-item'>\n\t\t\t\t<dt class='gallery-icon landscape'>\n\t\t\t\t\t<a class=\"rollover rollover-zoom dt-pswp-item\" title=\"IMG-20250730-WA0005\" data-dt-img-description=\"\" data-large_image_width=\"2000\" data-large_image_height=\"1500\"href='https:\/\/www.radiopiu.net\/wordpress\/wp-content\/uploads\/2025\/07\/IMG-20250730-WA0005.jpg'><img loading=\"lazy\" decoding=\"async\" width=\"150\" height=\"150\" src=\"https:\/\/www.radiopiu.net\/wordpress\/wp-content\/uploads\/2025\/07\/IMG-20250730-WA0005-150x150.jpg\" class=\"attachment-thumbnail size-thumbnail\" alt=\"\" \/><\/a>\n\t\t\t\t<\/dt><\/dl><dl class='gallery-item'>\n\t\t\t\t<dt class='gallery-icon landscape'>\n\t\t\t\t\t<a class=\"rollover rollover-zoom dt-pswp-item\" title=\"IMG-20250730-WA0004 (2)\" data-dt-img-description=\"\" data-large_image_width=\"2000\" data-large_image_height=\"1500\"href='https:\/\/www.radiopiu.net\/wordpress\/wp-content\/uploads\/2025\/07\/IMG-20250730-WA0004-2.jpg'><img loading=\"lazy\" decoding=\"async\" width=\"150\" height=\"150\" src=\"https:\/\/www.radiopiu.net\/wordpress\/wp-content\/uploads\/2025\/07\/IMG-20250730-WA0004-2-150x150.jpg\" class=\"attachment-thumbnail size-thumbnail\" alt=\"\" \/><\/a>\n\t\t\t\t<\/dt><\/dl><dl class='gallery-item'>\n\t\t\t\t<dt class='gallery-icon landscape'>\n\t\t\t\t\t<a class=\"rollover rollover-zoom dt-pswp-item\" title=\"IMG-20250730-WA0002 (1)\" data-dt-img-description=\"\" data-large_image_width=\"2000\" data-large_image_height=\"1500\"href='https:\/\/www.radiopiu.net\/wordpress\/wp-content\/uploads\/2025\/07\/IMG-20250730-WA0002-1.jpg'><img loading=\"lazy\" decoding=\"async\" width=\"150\" height=\"150\" src=\"https:\/\/www.radiopiu.net\/wordpress\/wp-content\/uploads\/2025\/07\/IMG-20250730-WA0002-1-150x150.jpg\" class=\"attachment-thumbnail size-thumbnail\" alt=\"\" \/><\/a>\n\t\t\t\t<\/dt><\/dl><br style=\"clear: both\" \/>\n\t\t\t<\/div>\n\n<p>&nbsp;<\/p>\n<p>&nbsp;<\/p>\n<hr \/>\n<p>&nbsp;<\/p>\n<blockquote>\n<h3>DECORIAMO LA NOSTRA CITT\u00c0: BAMBINI DELL\u2019INFANZIA ABBELLISCONO FELTRE<\/h3>\n<\/blockquote>\n<p><strong>FELTRE <\/strong>Si \u00e8 concluso il progetto \u201cDecoriamo la nostra citt\u00e0\u201d, promosso dall\u2019Istituto Comprensivo di Feltre e ideato dall\u2019insegnante Valentina Zallot. Coinvolgendo i bambini delle scuole dell\u2019infanzia, il percorso ha unito educazione civica, creativit\u00e0 e rispetto per il bene comune. I piccoli artisti hanno decorato panchine in legno, poi posizionate in parchi e aree pubbliche, grazie al supporto del Comune di Feltre e al contributo di Banco BPM. L\u2019iniziativa punta a trasmettere fin da piccoli valori di cittadinanza attiva, contrastando il vandalismo e stimolando senso civico e appartenenza alla comunit\u00e0.<\/p>\n\n\t\t\t<style type='text\/css'>\n\t\t\t\t#gallery-6 {\n\t\t\t\t\tmargin: auto;\n\t\t\t\t}\n\t\t\t\t#gallery-6 .gallery-item {\n\t\t\t\t\tfloat: left;\n\t\t\t\t\tmargin-top: 10px;\n\t\t\t\t\ttext-align: center;\n\t\t\t\t\twidth: 33%;\n\t\t\t\t}\n\t\t\t\t#gallery-6 img {\n\t\t\t\t\tborder: 2px solid #cfcfcf;\n\t\t\t\t}\n\t\t\t\t#gallery-6 .gallery-caption {\n\t\t\t\t\tmargin-left: 0;\n\t\t\t\t}\n\t\t\t\t\/* see gallery_shortcode() in wp-includes\/media.php *\/\n\t\t\t<\/style>\n\t\t<div id='gallery-6' class='dt-gallery-container gallery galleryid-462051 gallery-columns-3 gallery-size-thumbnail'><dl class='gallery-item'>\n\t\t\t\t<dt class='gallery-icon landscape'>\n\t\t\t\t\t<a class=\"rollover rollover-zoom dt-pswp-item\" title=\"IMG-20250505-WA0006\" data-dt-img-description=\"\" data-large_image_width=\"1845\" data-large_image_height=\"1384\"href='https:\/\/www.radiopiu.net\/wordpress\/wp-content\/uploads\/2025\/07\/IMG-20250505-WA0006.jpg'><img loading=\"lazy\" decoding=\"async\" width=\"150\" height=\"150\" src=\"https:\/\/www.radiopiu.net\/wordpress\/wp-content\/uploads\/2025\/07\/IMG-20250505-WA0006-150x150.jpg\" class=\"attachment-thumbnail size-thumbnail\" alt=\"\" \/><\/a>\n\t\t\t\t<\/dt><\/dl><dl class='gallery-item'>\n\t\t\t\t<dt class='gallery-icon landscape'>\n\t\t\t\t\t<a class=\"rollover rollover-zoom dt-pswp-item\" title=\"IMG-20250505-WA0038\" data-dt-img-description=\"\" data-large_image_width=\"1600\" data-large_image_height=\"1200\"href='https:\/\/www.radiopiu.net\/wordpress\/wp-content\/uploads\/2025\/07\/IMG-20250505-WA0038.jpg'><img loading=\"lazy\" decoding=\"async\" width=\"150\" height=\"150\" src=\"https:\/\/www.radiopiu.net\/wordpress\/wp-content\/uploads\/2025\/07\/IMG-20250505-WA0038-150x150.jpg\" class=\"attachment-thumbnail size-thumbnail\" alt=\"\" \/><\/a>\n\t\t\t\t<\/dt><\/dl><dl class='gallery-item'>\n\t\t\t\t<dt class='gallery-icon landscape'>\n\t\t\t\t\t<a class=\"rollover rollover-zoom dt-pswp-item\" title=\"IMG-20250325-WA0002\" data-dt-img-description=\"\" data-large_image_width=\"1600\" data-large_image_height=\"1200\"href='https:\/\/www.radiopiu.net\/wordpress\/wp-content\/uploads\/2025\/07\/IMG-20250325-WA0002.jpg'><img loading=\"lazy\" decoding=\"async\" width=\"150\" height=\"150\" src=\"https:\/\/www.radiopiu.net\/wordpress\/wp-content\/uploads\/2025\/07\/IMG-20250325-WA0002-150x150.jpg\" class=\"attachment-thumbnail size-thumbnail\" alt=\"\" \/><\/a>\n\t\t\t\t<\/dt><\/dl><br style=\"clear: both\" \/>\n\t\t\t<\/div>\n\n<p>&nbsp;<\/p>\n<p>&nbsp;<\/p>\n<hr \/>\n<p>&nbsp;<\/p>\n<blockquote>\n<h3>ARTEN SI PREPARA A CELEBRARE I 170 ANNI DEL DECENNALE DELLA MADONNA DEL VOTO<\/h3>\n<\/blockquote>\n<p><strong><a class=\"dt-pswp-item\" href=\"https:\/\/www.radiopiu.net\/wordpress\/wp-content\/uploads\/2025\/07\/Volontari-ad-Arten.jpg\" data-dt-img-description=\"\" data-large_image_width=\"1600\" data-large_image_height=\"720\"><img loading=\"lazy\" decoding=\"async\" class=\" wp-image-462178 alignleft\" src=\"https:\/\/www.radiopiu.net\/wordpress\/wp-content\/uploads\/2025\/07\/Volontari-ad-Arten-300x135.jpg\" alt=\"\" width=\"191\" height=\"86\" srcset=\"https:\/\/www.radiopiu.net\/wordpress\/wp-content\/uploads\/2025\/07\/Volontari-ad-Arten-300x135.jpg 300w, https:\/\/www.radiopiu.net\/wordpress\/wp-content\/uploads\/2025\/07\/Volontari-ad-Arten-1024x461.jpg 1024w, https:\/\/www.radiopiu.net\/wordpress\/wp-content\/uploads\/2025\/07\/Volontari-ad-Arten-768x346.jpg 768w, https:\/\/www.radiopiu.net\/wordpress\/wp-content\/uploads\/2025\/07\/Volontari-ad-Arten-1536x691.jpg 1536w, https:\/\/www.radiopiu.net\/wordpress\/wp-content\/uploads\/2025\/07\/Volontari-ad-Arten.jpg 1600w\" sizes=\"auto, (max-width: 191px) 100vw, 191px\" \/><\/a>DI ALESSIA DALL&#8217;O&#8217;<\/strong><\/p>\n<p><strong>FONZASO <\/strong>Ad Arten di Fonzaso, dal 14 al 24 agosto 2025, si celebra il Decennale della Madonna del Voto, che compie 170 anni. Nato nel 1855 durante un\u2019epidemia di colera, il voto alla Madonna ha unito generazioni. Oggi, volontari decorano il paese con colori mariani, costruiscono un grande palco e il tradizionale ponte dei coscritti. L\u2019evento coinvolge tutta la comunit\u00e0, unendo fede, memoria e convivialit\u00e0, con iniziative culturali e religiose. Il culmine sar\u00e0 la processione del 24 agosto. Un rito che rinnova l\u2019identit\u00e0 collettiva e passa di mano in mano, dai pi\u00f9 anziani ai giovani<\/p>\n<p>&nbsp;<\/p>\n<p>&nbsp;<\/p>\n<hr \/>\n<p>&nbsp;<\/p>\n<blockquote>\n<h3>DISARONNO INGREDIENTS E DIS CONFERMANO LA LORO PRESENZA ALLA 65\u00aa MIG DI LONGARONE<\/h3>\n<\/blockquote>\n<p><strong><a class=\"dt-pswp-item\" href=\"https:\/\/www.radiopiu.net\/wordpress\/wp-content\/uploads\/2025\/07\/Stand-Disaronno-Vecogel-scaled.jpg\" data-dt-img-description=\"\" data-large_image_width=\"2560\" data-large_image_height=\"1540\"><img loading=\"lazy\" decoding=\"async\" class=\" wp-image-462112 alignleft\" src=\"https:\/\/www.radiopiu.net\/wordpress\/wp-content\/uploads\/2025\/07\/Stand-Disaronno-Vecogel-300x180.jpg\" alt=\"\" width=\"198\" height=\"119\" srcset=\"https:\/\/www.radiopiu.net\/wordpress\/wp-content\/uploads\/2025\/07\/Stand-Disaronno-Vecogel-300x180.jpg 300w, https:\/\/www.radiopiu.net\/wordpress\/wp-content\/uploads\/2025\/07\/Stand-Disaronno-Vecogel-1024x616.jpg 1024w, https:\/\/www.radiopiu.net\/wordpress\/wp-content\/uploads\/2025\/07\/Stand-Disaronno-Vecogel-768x462.jpg 768w, https:\/\/www.radiopiu.net\/wordpress\/wp-content\/uploads\/2025\/07\/Stand-Disaronno-Vecogel-1536x924.jpg 1536w, https:\/\/www.radiopiu.net\/wordpress\/wp-content\/uploads\/2025\/07\/Stand-Disaronno-Vecogel-2048x1232.jpg 2048w\" sizes=\"auto, (max-width: 198px) 100vw, 198px\" \/><\/a>LONGARONE <\/strong>Nei giorni scorsi i vertici della 65\u00aa MIG \u2013 Mostra Internazionale del Gelato Artigianale (in programma dal 30 novembre al 3 dicembre 2025) hanno incontrato a Longarone i rappresentanti di Disaronno Ingredients e DIS. L&#8217;incontro ha offerto l\u2019occasione per affrontare temi centrali per il futuro del settore, come la formazione dei giovani e l\u2019inserimento del gelato artigianale nella ristorazione. In vista delle Olimpiadi Invernali Milano Cortina 2026, Longarone Fiere ha annunciato un\u2019area tematica dedicata al gelato all\u2019interno di Horeca 2025 (5-7 ottobre), alla quale le due aziende hanno manifestato interesse. Marco Casol, AD di Disaronno Ingredients, ha sottolineato il ruolo della MIG come ponte tra tradizione e innovazione, esprimendo apprezzamento per le iniziative previste. Giovanni De Lorenzi, AD di Longarone Fiere Dolomiti, ha ringraziato le due realt\u00e0 per la confermata partecipazione, riconoscendo il valore del loro supporto alla filiera del gelato artigianale.<\/p>\n<p>&nbsp;<\/p>\n<hr \/>\n<p>&nbsp;<\/p>\n<blockquote>\n<h2>I GIGANTI DI PIETRA 50 ANNI DOPO, IL LIBRO di Claudio Pra<\/h2>\n<\/blockquote>\n<p><strong>DI CLAUDIO PRA<\/strong><\/p>\n<audio class=\"wp-audio-shortcode\" id=\"audio-462051-8\" preload=\"none\" style=\"width: 100%;\" controls=\"controls\"><source type=\"audio\/mpeg\" src=\"https:\/\/www.radiopiu.net\/wordpress\/wp-content\/uploads\/2025\/07\/Stefano-Gava-1.mp3?_=8\" \/><a href=\"https:\/\/www.radiopiu.net\/wordpress\/wp-content\/uploads\/2025\/07\/Stefano-Gava-1.mp3\">https:\/\/www.radiopiu.net\/wordpress\/wp-content\/uploads\/2025\/07\/Stefano-Gava-1.mp3<\/a><\/audio>\n<p><a class=\"dt-pswp-item\" href=\"https:\/\/www.radiopiu.net\/wordpress\/wp-content\/uploads\/2025\/07\/14235371-6d3e-46c5-8ba5-ab5b64f2b60f.jpg\" data-dt-img-description=\"\" data-large_image_width=\"908\" data-large_image_height=\"1451\"><img loading=\"lazy\" decoding=\"async\" class=\"size-medium wp-image-462240 aligncenter\" src=\"https:\/\/www.radiopiu.net\/wordpress\/wp-content\/uploads\/2025\/07\/14235371-6d3e-46c5-8ba5-ab5b64f2b60f-188x300.jpg\" alt=\"\" width=\"188\" height=\"300\" srcset=\"https:\/\/www.radiopiu.net\/wordpress\/wp-content\/uploads\/2025\/07\/14235371-6d3e-46c5-8ba5-ab5b64f2b60f-188x300.jpg 188w, https:\/\/www.radiopiu.net\/wordpress\/wp-content\/uploads\/2025\/07\/14235371-6d3e-46c5-8ba5-ab5b64f2b60f-641x1024.jpg 641w, https:\/\/www.radiopiu.net\/wordpress\/wp-content\/uploads\/2025\/07\/14235371-6d3e-46c5-8ba5-ab5b64f2b60f-768x1227.jpg 768w, https:\/\/www.radiopiu.net\/wordpress\/wp-content\/uploads\/2025\/07\/14235371-6d3e-46c5-8ba5-ab5b64f2b60f.jpg 908w\" sizes=\"auto, (max-width: 188px) 100vw, 188px\" \/><\/a><\/p>\n<p>&nbsp;<\/p>\n<p>&nbsp;<\/p>\n<hr \/>\n<p>&nbsp;<\/p>\n<blockquote>\n<h3>IL CONSIGLIO DELL&#8217;UNIONE MONTANA AGORDINA<\/h3>\n<\/blockquote>\n<p><strong>AGORDO<\/strong> In Sala Don Tamis ad Agordo, la seduta pubblica ordinaria del Consiglio dell\u2019Unione Montana Agordina. All\u2019ordine del giorno: recepimento delle convenzioni approvate dai Comuni agordini per la gestione associata di servizi strategici, tra cui strutture sportive, beni silvo-pastorali, centrale unica di committenza, protezione civile, tributi, personale, informatica e manutenzione del territorio. In programma anche la salvaguardia degli equilibri di bilancio 2025\u20132027 con l\u2019assestamento generale, la presa d\u2019atto della relazione dell\u2019Unit\u00e0 di controllo per il primo semestre 2025 e la presentazione del DUP 2026\/2028.<\/p>\n<article class=\"text-token-text-primary w-full\" dir=\"auto\" data-testid=\"conversation-turn-128\" data-scroll-anchor=\"true\">\n<div class=\"text-base my-auto mx-auto pb-10 [--thread-content-margin:--spacing(4)] @[37rem]:[--thread-content-margin:--spacing(6)] @[72rem]:[--thread-content-margin:--spacing(16)] px-(--thread-content-margin)\">\n<div class=\"[--thread-content-max-width:32rem] @[34rem]:[--thread-content-max-width:40rem] @[64rem]:[--thread-content-max-width:48rem] mx-auto flex max-w-(--thread-content-max-width) flex-1 text-base gap-4 md:gap-5 lg:gap-6 group\/turn-messages focus-visible:outline-hidden\" tabindex=\"-1\">\n<div class=\"group\/conversation-turn relative flex w-full min-w-0 flex-col agent-turn\">\n<div class=\"relative flex-col gap-1 md:gap-3\">\n<div class=\"flex max-w-full flex-col grow\">\n<div class=\"min-h-8 text-message relative flex w-full flex-col items-end gap-2 text-start break-words whitespace-normal [.text-message+&amp;]:mt-5\" dir=\"auto\" data-message-author-role=\"assistant\" data-message-id=\"94dbb35f-5b48-475f-b4b9-239ba8e97b91\" data-message-model-slug=\"gpt-4o\">\n<div class=\"flex w-full flex-col gap-1 empty:hidden first:pt-[3px]\">\n<div class=\"markdown prose dark:prose-invert w-full break-words dark\">\n<h3 data-start=\"44\" data-end=\"118\"><strong data-start=\"48\" data-end=\"118\">MARMOLADA: LA &#8220;REGINA DELLE DOLOMITI&#8221; OGGETTO DI SCONTRO REGIONALE<br \/>\n<\/strong><\/h3>\n<p data-start=\"765\" data-end=\"887\">La Marmolada <strong data-start=\"778\" data-end=\"800\">\u00e8 nata come Regina<\/strong>, ma il titolo \u00e8 oggi conteso sul fronte turistico-marketing con <strong data-start=\"865\" data-end=\"886\">Cortina d\u2019Ampezzo<\/strong>. Da <strong data-start=\"893\" data-end=\"919\">Trento e Rocca Pietore<\/strong> si chiedono contromosse ufficiali per preservare l\u2019identit\u00e0 originaria del titolo. Il dibattito supera i confini politici e promuove una visione moderna: tra promozione turistica responsabile e salvaguardia ambientale della Regina delle Dolomiti.<\/p>\n<ul data-start=\"120\" data-end=\"438\">\n<li data-start=\"120\" data-end=\"198\">\n<p data-start=\"122\" data-end=\"198\"><span class=\"relative -mx-px my-[-0.2rem] rounded px-px py-[0.2rem] transition-colors duration-100 ease-in-out\">Il <strong data-start=\"3\" data-end=\"21\">titolo storico<\/strong> di <em data-start=\"25\" data-end=\"48\">Regina delle Dolomiti<\/em> \u00e8 da sempre legato alla <strong data-start=\"73\" data-end=\"86\">Marmolada<\/strong>, la vetta pi\u00f9 alta delle Dolomiti (3.343\u202fm), sede del ghiacciaio pi\u00f9 esteso del gruppo e riconosciuta dall\u2019UNESCO per il suo valore paesaggistico, geologico e culturale<\/span> <span class=\"\" data-state=\"closed\"><span class=\"ms-1 inline-flex max-w-full items-center relative top-[-0.094rem] animate-[show_150ms_ease-in]\"><a class=\"flex h-4.5 overflow-hidden rounded-xl px-2 text-[9px] font-medium text-token-text-secondary! bg-[#F4F4F4]! dark:bg-[#303030]! transition-colors duration-150 ease-in-out\" href=\"https:\/\/www.dolomiti.it\/it\/passi-e-montagne\/marmolada-la-regina-delle-dolomiti?utm_source=chatgpt.com\" target=\"_blank\" rel=\"noopener\"><span class=\"relative start-0 bottom-0 flex h-full w-full items-center\"><span class=\"flex h-4 w-full items-center justify-between absolute\"><span class=\"max-w-full grow truncate overflow-hidden text-center\">Wikipedia<\/span><span class=\"-me-1 flex h-full items-center rounded-full px-1 text-[#8F8F8F]\">+15<\/span><\/span><span class=\"flex h-4 w-full items-center justify-between\"><span class=\"max-w-full grow truncate overflow-hidden text-center\">Dolomiti.it<\/span><span class=\"-me-1 flex h-full items-center rounded-full px-1 text-[#8F8F8F]\">+15<\/span><\/span><span class=\"flex h-4 w-full items-center justify-between absolute\"><span class=\"max-w-full grow truncate overflow-hidden text-center\">Radio Pi\u00f9<\/span><span class=\"-me-1 flex h-full items-center rounded-full px-1 text-[#8F8F8F]\">+15<\/span><\/span><\/span><\/a><\/span><\/span>.<\/p>\n<\/li>\n<li data-start=\"200\" data-end=\"278\">\n<p data-start=\"202\" data-end=\"278\"><span class=\"relative -mx-px my-[-0.2rem] rounded px-px py-[0.2rem] transition-colors duration-100 ease-in-out\">Recentemente, i materiali promozionali di <strong data-start=\"42\" data-end=\"63\">Cortina d\u2019Ampezzo<\/strong> hanno iniziato a usare il titolo, definendosi &#8220;Regina delle Dolomiti&#8221;, suscitando la reazione del <strong data-start=\"162\" data-end=\"174\">Trentino<\/strong> e del Comune di <strong data-start=\"191\" data-end=\"208\" data-is-last-node=\"\">Rocca Pietore<\/strong><\/span> <span class=\"\" data-state=\"closed\"><span class=\"ms-1 inline-flex max-w-full items-center relative top-[-0.094rem] animate-[show_150ms_ease-in]\"><a class=\"flex h-4.5 overflow-hidden rounded-xl px-2 text-[9px] font-medium text-token-text-secondary! bg-[#F4F4F4]! dark:bg-[#303030]! transition-colors duration-150 ease-in-out\" href=\"https:\/\/www.ildolomiti.it\/montagna\/2025\/il-trentino-attacca-cortina-regina-delle-dolomiti-rubano-il-nome-alla-marmolada-ma-li-fermeremo-la-storia-non-si-svende-a-chi-cerca-facili-scorciatoie-di-marketing?utm_source=chatgpt.com\" target=\"_blank\" rel=\"noopener\"><span class=\"relative start-0 bottom-0 flex h-full w-full items-center\"><span class=\"flex h-4 w-full items-center justify-between absolute\"><span class=\"max-w-full grow truncate overflow-hidden text-center\">RaiNews<\/span><span class=\"-me-1 flex h-full items-center rounded-full px-1 text-[#8F8F8F]\">+4<\/span><\/span><span class=\"flex h-4 w-full items-center justify-between\"><span class=\"max-w-full grow truncate overflow-hidden text-center\">il Dolomiti<\/span><span class=\"-me-1 flex h-full items-center rounded-full px-1 text-[#8F8F8F]\">+4<\/span><\/span><span class=\"flex h-4 w-full items-center justify-between absolute\"><span class=\"max-w-full grow truncate overflow-hidden text-center\">Radio Pi\u00f9<\/span><span class=\"-me-1 flex h-full items-center rounded-full px-1 text-[#8F8F8F]\">+4<\/span><\/span><\/span><\/a><\/span><\/span>.<\/p>\n<\/li>\n<li data-start=\"280\" data-end=\"358\">\n<p data-start=\"282\" data-end=\"358\"><span class=\"relative -mx-px my-[-0.2rem] rounded px-px py-[0.2rem] transition-colors duration-100 ease-in-out\">\u00c8 stata approvata una <strong data-start=\"22\" data-end=\"42\">mozione unitaria<\/strong> dal Consiglio provinciale di <strong data-start=\"72\" data-end=\"82\">Trento<\/strong>, dove il consigliere ladino <strong data-start=\"111\" data-end=\"129\">Luca\u202fGuglielmi<\/strong> ha chiesto una difesa del titolo e l\u2019avvio di iniziative legali a tutela della Marmolada<\/span> <span class=\"\" data-state=\"closed\"><span class=\"ms-1 inline-flex max-w-full items-center relative top-[-0.094rem] animate-[show_150ms_ease-in]\"><a class=\"flex h-4.5 overflow-hidden rounded-xl px-2 text-[9px] font-medium text-token-text-secondary! bg-[#F4F4F4]! dark:bg-[#303030]! transition-colors duration-150 ease-in-out\" href=\"https:\/\/www.ildolomiti.it\/montagna\/2025\/il-trentino-attacca-cortina-regina-delle-dolomiti-rubano-il-nome-alla-marmolada-ma-li-fermeremo-la-storia-non-si-svende-a-chi-cerca-facili-scorciatoie-di-marketing?utm_source=chatgpt.com\" target=\"_blank\" rel=\"noopener\"><span class=\"relative start-0 bottom-0 flex h-full w-full items-center\"><span class=\"flex h-4 w-full items-center justify-between absolute\"><span class=\"max-w-full grow truncate overflow-hidden text-center\">Lavisioblog<\/span><span class=\"-me-1 flex h-full items-center rounded-full px-1 text-[#8F8F8F]\">+2<\/span><\/span><span class=\"flex h-4 w-full items-center justify-between\"><span class=\"max-w-full grow truncate overflow-hidden text-center\">il Dolomiti<\/span><span class=\"-me-1 flex h-full items-center rounded-full px-1 text-[#8F8F8F]\">+2<\/span><\/span><span class=\"flex h-4 w-full items-center justify-between absolute\"><span class=\"max-w-full grow truncate overflow-hidden text-center\">Radio Pi\u00f9<\/span><span class=\"-me-1 flex h-full items-center rounded-full px-1 text-[#8F8F8F]\">+2<\/span><\/span><\/span><\/a><\/span><\/span>.<\/p>\n<\/li>\n<li data-start=\"360\" data-end=\"438\">\n<p data-start=\"362\" data-end=\"438\"><span class=\"relative -mx-px my-[-0.2rem] rounded px-px py-[0.2rem] transition-colors duration-100 ease-in-out\">Il sindaco di <strong data-start=\"14\" data-end=\"31\">Rocca Pietore<\/strong>, <strong data-start=\"33\" data-end=\"51\">Valerio Davare<\/strong>, ha richiamato all\u2019attenzione la difesa identitaria dell\u2019area marmoladiana, sottolineando l\u2019importanza simbolica e l\u2019attaccamento storico di un territorio al proprio marchio sentinella<\/span> <span class=\"\" data-state=\"closed\"><span class=\"ms-1 inline-flex max-w-full items-center relative top-[-0.094rem] animate-[show_150ms_ease-in]\"><a class=\"flex h-4.5 overflow-hidden rounded-xl px-2 text-[9px] font-medium text-token-text-secondary! bg-[#F4F4F4]! dark:bg-[#303030]! transition-colors duration-150 ease-in-out\" href=\"https:\/\/www.radiopiu.net\/wordpress\/difendiamo-il-nome-marmolada\/?utm_source=chatgpt.com\" target=\"_blank\" rel=\"noopener\"><span class=\"relative start-0 bottom-0 flex h-full w-full items-center\"><span class=\"flex h-4 w-full items-center justify-between absolute\"><span class=\"max-w-full grow truncate overflow-hidden text-center\">Lavisioblog<\/span><span class=\"-me-1 flex h-full items-center rounded-full px-1 text-[#8F8F8F]\">+4<\/span><\/span><span class=\"flex h-4 w-full items-center justify-between\"><span class=\"max-w-full grow truncate overflow-hidden text-center\">Radio Pi\u00f9<\/span><span class=\"-me-1 flex h-full items-center rounded-full px-1 text-[#8F8F8F]\">+4<\/span><\/span><span class=\"flex h-4 w-full items-center justify-between absolute\"><span class=\"max-w-full grow truncate overflow-hidden text-center\">Dolomiti.it<\/span><span class=\"-me-1 flex h-full items-center rounded-full px-1 text-[#8F8F8F]\">+4<\/span><\/span><\/span><\/a><\/span><\/span>.<\/p>\n<\/li>\n<\/ul>\n<h2 data-start=\"656\" data-end=\"736\"><span style=\"color: #0000ff;\"><strong>LA DIRETTA RADIO PIU&#8217;\u00a0<\/strong><\/span><\/h2>\n<\/div>\n<\/div>\n<\/div>\n<\/div>\n<\/div>\n<\/div>\n<\/div>\n<\/div>\n<\/article>\n<p><strong>IL DIBATTITO SULLA MARMOALDA DAL MINUTO 55<br \/>\n<span style=\"color: #ff0000;\">CAUSA UN&#8217;INTERRUZIONE DI LINEA, L&#8217;INTERVENTO DI ROBERTO CHISSALE&#8217;, SINDACO DI AGORDO, E&#8217; DISPONIBILE NELLA PARTE FINALE DEL SECONDO VIDEO<\/span><br \/>\n<\/strong><\/p>\n<p><iframe loading=\"lazy\" title=\"IL CONSIGLIO DELL&#039;UNIONE MONTANA AGORDINA - 30 LUGLIO 2025\" width=\"1200\" height=\"900\" src=\"https:\/\/www.youtube.com\/embed\/Jdz08bXQBQQ?feature=oembed\" frameborder=\"0\" allow=\"accelerometer; autoplay; clipboard-write; encrypted-media; gyroscope; picture-in-picture; web-share\" referrerpolicy=\"strict-origin-when-cross-origin\" allowfullscreen><\/iframe><\/p>\n<p>&nbsp;<\/p>\n<p><strong>VIDEO 2<br \/>\n<span style=\"color: #ff0000;\">CAUSA UN&#8217;INTERRUZIONE DI LINEA, L&#8217;INTERVENTO DI ROBERTO CHISSALE&#8217;, SINDACO DI AGORDO, E&#8217; DISPONIBILE NELLA PARTE FINALE DEL SECONDO VIDEO<\/span><br \/>\n<\/strong><\/p>\n<p><iframe loading=\"lazy\" title=\"IL CONSIGLIO DELL&#039;UNIONE MONTANA AGORDINA - 30 LUGLIO 2025 - VIDEO 2\" width=\"1200\" height=\"900\" src=\"https:\/\/www.youtube.com\/embed\/F58G8o_ZQdk?feature=oembed\" frameborder=\"0\" allow=\"accelerometer; autoplay; clipboard-write; encrypted-media; gyroscope; picture-in-picture; web-share\" referrerpolicy=\"strict-origin-when-cross-origin\" allowfullscreen><\/iframe><\/p>\n<p>&nbsp;<\/p>\n<p>&nbsp;<\/p>\n<hr \/>\n<p>&nbsp;<\/p>\n<h1><span style=\"color: #ff0000;\">CONSIGLI COMUNALI IN AGORDINO<\/span><\/h1>\n<p><strong>CANALE<\/strong> <strong>D&#8217;AGORDO<\/strong> Il consiglio comunale \u00e8 stato convocato per oggi alle 8. Due punti da discutere: una variazione a bilancio e il mutamento di destinazione d&#8217;uso di un terreno<\/p>\n<p><strong>ROCCA PIETORE<\/strong> Il sindaco di Rocca Pietore ha convocato il consiglio comunale per oggi alle 18. Due punti all&#8217;ordine del giorno: assestamento di bilancio e salvaguardia degli equilibri e l&#8217;approvazione del rendiconto di ASCA per il 2024<\/p>\n<p><strong>ALLEGHE\u00a0<\/strong>Si svolger\u00e0 oggi alle 20 il consiglio comunale di Alleghe. Sei punti in discussione tra cuo l&#8217;approvazione del DUP, due variazioni a bilancio, la modifica del regolamento comunale sulla tassa di soggiorno e al piano del commercio su aree pubbliche<\/p>\n<p><strong>CENCENIGHE<\/strong> Consiglio comunale oggi alle 20:30. Tra i punti in discussione una variazione a bilancio, l&#8217;approvazione del DUP e il bilancio 2024 di ASCA<\/p>\n<p><strong>LIVINALLONGO\u00a0<\/strong>Saranno 4 i punti in discussione nel consiglio comunale convocato oggi alle 20:30. In discussione la salvaguardia degli equilibri, la nomina del revisore dei conti e il bilancio dell&#8217;Azienda Fodom Servizi<\/p>\n<p>&nbsp;<\/p>\n<p>&nbsp;<\/p>\n<hr \/>\n<p>&nbsp;<\/p>\n<blockquote>\n<h3><a class=\"dt-pswp-item\" href=\"https:\/\/www.radiopiu.net\/wordpress\/wp-content\/uploads\/2021\/12\/BIM-PIAVE.jpg\" data-dt-img-description=\"\" data-large_image_width=\"420\" data-large_image_height=\"280\"><img loading=\"lazy\" decoding=\"async\" class=\" wp-image-249802 alignleft\" src=\"https:\/\/www.radiopiu.net\/wordpress\/wp-content\/uploads\/2021\/12\/BIM-PIAVE-300x200.jpg\" alt=\"\" width=\"153\" height=\"102\" srcset=\"https:\/\/www.radiopiu.net\/wordpress\/wp-content\/uploads\/2021\/12\/BIM-PIAVE-300x200.jpg 300w, https:\/\/www.radiopiu.net\/wordpress\/wp-content\/uploads\/2021\/12\/BIM-PIAVE.jpg 420w\" sizes=\"auto, (max-width: 153px) 100vw, 153px\" \/><\/a>ASSEMBLEA GENERALE CONSORZIO BIM PIAVE BELLUNO<\/h3>\n<\/blockquote>\n<p><strong>BELLUNO<\/strong> L\u2019Assemblea Generale del Consorzio BIM Piave di Belluno \u00e8 convocata per oggi alle ore 14:30 in modalit\u00e0 mista: in presenza presso la Sala Convegni dell\u2019A.N.A. Sezione di Belluno (Via A. Tissi 10) e online. All\u2019ordine del giorno: verifica della permanenza degli equilibri di bilancio e approvazione della terza variazione al Bilancio di Previsione 2025-2027.<\/p>\n<p>&nbsp;<\/p>\n<p>&nbsp;<\/p>\n<hr \/>\n<p>&nbsp;<\/p>\n<blockquote>\n<h3>CONVOCAZIONE ASSEMBLEA CONSIGLIO DI BACINO \u201cDOLOMITI BELLUNESI\u201d<\/h3>\n<\/blockquote>\n<p><strong>BELLUNO <\/strong>\u00c8 convocata l\u2019Assemblea del Consiglio di Bacino \u201cDolomiti Bellunesi\u201d per mercoled\u00ec 6 agosto alle 15 in Sala Bianchi, Viale G. Fantuzzi 11, Belluno. All\u2019ordine del giorno: comunicazioni; informativa sul progetto \u201cLe sorgenti delle Dolomiti Bellunesi\u201d; approvazione della Relazione Semestrale e verifica degli equilibri di bilancio; approvazione del Documento Unico di Programmazione 2026-2028; aggiornamenti su qualit\u00e0 tecnica e contrattuale del SII; indirizzi sulle concessioni idropotabili e idroelettriche; approvazione della direttiva sulle spese tecniche.<\/p>\n<p>&nbsp;<\/p>\n<p>&nbsp;<\/p>\n<hr \/>\n<p>&nbsp;<\/p>\n<blockquote>\n<h3>LA MONTAGNA NEL CUORE 2025: CULTURA, EMOZIONI E GRANDI OSPITI AD ALLEGHE<\/h3>\n<\/blockquote>\n<p><strong><a class=\"dt-pswp-item\" href=\"https:\/\/www.radiopiu.net\/wordpress\/wp-content\/uploads\/2025\/07\/LoSGHAOSGA-1.jpg\" data-dt-img-description=\"\" data-large_image_width=\"1131\" data-large_image_height=\"997\"><img loading=\"lazy\" decoding=\"async\" class=\" wp-image-458380 alignleft\" src=\"https:\/\/www.radiopiu.net\/wordpress\/wp-content\/uploads\/2025\/07\/LoSGHAOSGA-1-300x264.jpg\" alt=\"\" width=\"182\" height=\"160\" srcset=\"https:\/\/www.radiopiu.net\/wordpress\/wp-content\/uploads\/2025\/07\/LoSGHAOSGA-1-300x264.jpg 300w, https:\/\/www.radiopiu.net\/wordpress\/wp-content\/uploads\/2025\/07\/LoSGHAOSGA-1-1024x903.jpg 1024w, https:\/\/www.radiopiu.net\/wordpress\/wp-content\/uploads\/2025\/07\/LoSGHAOSGA-1-768x677.jpg 768w, https:\/\/www.radiopiu.net\/wordpress\/wp-content\/uploads\/2025\/07\/LoSGHAOSGA-1.jpg 1131w\" sizes=\"auto, (max-width: 182px) 100vw, 182px\" \/><\/a>ALLEGHE <\/strong>L\u2019estate 2025 ad Alleghe si arricchisce con \u201cLa Montagna nel Cuore\u201d, rassegna culturale promossa dal Consorzio Operatori Turistici e dal Comune, in collaborazione con la biblioteca. Sei appuntamenti settimanali, dal 17 luglio al 6 agosto, animeranno la Sala Stoppani con protagonisti d\u2019eccezione. Oggi l\u2019olimpionica Deborah Compagnoni racconter\u00e0 la sua vita tra le montagne. Il 2 agosto Igor Koller e Luca Calvi parleranno della leggendaria Via del Pesce sulla Marmolada. Chiuder\u00e0 la rassegna una serata speciale tra musica e disegno con Fabio Vettori e il duo Gabrielli Bernardi, per un originale omaggio a Niccol\u00f2 Paganini il 6 agosto. Una celebrazione intensa della montagna tra parole, immagini e suoni.<\/p>\n<p>&nbsp;<\/p>\n<p>&nbsp;<\/p>\n<p>&nbsp;<\/p>\n<hr \/>\n<p>&nbsp;<\/p>\n<blockquote>\n<h3>UN&#8217;ESTATE DI EVENTI CON L&#8217;ASSOCIAZIONE BORGO SOTTOGUDA<\/h3>\n<\/blockquote>\n<p><strong>ROCCA PIETORE <\/strong>Cultura, musica, spettacoli e natura si incontrano nello straordinario scenario di Rocca Pietore e delle Dolomiti. Segui l\u2019Associazione su Instagram e Facebook per non perdere neanche un appuntamento! Domani, al Teatro Tenda alle 20.45, arriva &#8220;Tutto Inizi\u00f2 con un tremendo Botto\u201d. Uno spettacolo per grandi e piccoli, ricco di magia e fantasia. Anche questo evento \u00e8 a ingresso con offerta consapevole. Un\u2019estate da vivere tra emozioni, storie e paesaggi indimenticabili, grazie all\u2019impegno dell\u2019Associazione Borgo Sottoguda \u2013 Qualit\u00e0 e Territorio.<\/p>\n\n\t\t\t<style type='text\/css'>\n\t\t\t\t#gallery-7 {\n\t\t\t\t\tmargin: auto;\n\t\t\t\t}\n\t\t\t\t#gallery-7 .gallery-item {\n\t\t\t\t\tfloat: left;\n\t\t\t\t\tmargin-top: 10px;\n\t\t\t\t\ttext-align: center;\n\t\t\t\t\twidth: 50%;\n\t\t\t\t}\n\t\t\t\t#gallery-7 img {\n\t\t\t\t\tborder: 2px solid #cfcfcf;\n\t\t\t\t}\n\t\t\t\t#gallery-7 .gallery-caption {\n\t\t\t\t\tmargin-left: 0;\n\t\t\t\t}\n\t\t\t\t\/* see gallery_shortcode() in wp-includes\/media.php *\/\n\t\t\t<\/style>\n\t\t<div id='gallery-7' class='dt-gallery-container gallery galleryid-462051 gallery-columns-2 gallery-size-medium'><dl class='gallery-item'>\n\t\t\t\t<dt class='gallery-icon portrait'>\n\t\t\t\t\t<a class=\"rollover rollover-zoom dt-pswp-item\" title=\"4651f578-507e-465d-9233-15b857674fc4\" data-dt-img-description=\"\" data-large_image_width=\"1061\" data-large_image_height=\"1500\"href='https:\/\/www.radiopiu.net\/wordpress\/wp-content\/uploads\/2025\/07\/4651f578-507e-465d-9233-15b857674fc4.jpg'><img loading=\"lazy\" decoding=\"async\" width=\"212\" height=\"300\" src=\"https:\/\/www.radiopiu.net\/wordpress\/wp-content\/uploads\/2025\/07\/4651f578-507e-465d-9233-15b857674fc4-212x300.jpg\" class=\"attachment-medium size-medium\" alt=\"\" srcset=\"https:\/\/www.radiopiu.net\/wordpress\/wp-content\/uploads\/2025\/07\/4651f578-507e-465d-9233-15b857674fc4-212x300.jpg 212w, https:\/\/www.radiopiu.net\/wordpress\/wp-content\/uploads\/2025\/07\/4651f578-507e-465d-9233-15b857674fc4-724x1024.jpg 724w, https:\/\/www.radiopiu.net\/wordpress\/wp-content\/uploads\/2025\/07\/4651f578-507e-465d-9233-15b857674fc4-768x1086.jpg 768w, https:\/\/www.radiopiu.net\/wordpress\/wp-content\/uploads\/2025\/07\/4651f578-507e-465d-9233-15b857674fc4.jpg 1061w\" sizes=\"auto, (max-width: 212px) 100vw, 212px\" \/><\/a>\n\t\t\t\t<\/dt><\/dl><dl class='gallery-item'>\n\t\t\t\t<dt class='gallery-icon portrait'>\n\t\t\t\t\t<a class=\"rollover rollover-zoom dt-pswp-item\" title=\"9f9ca95d-04e3-4709-bc79-9e0aa5324ef1\" data-dt-img-description=\"\" data-large_image_width=\"1131\" data-large_image_height=\"1600\"href='https:\/\/www.radiopiu.net\/wordpress\/wp-content\/uploads\/2025\/07\/9f9ca95d-04e3-4709-bc79-9e0aa5324ef1.jpg'><img loading=\"lazy\" decoding=\"async\" width=\"212\" height=\"300\" src=\"https:\/\/www.radiopiu.net\/wordpress\/wp-content\/uploads\/2025\/07\/9f9ca95d-04e3-4709-bc79-9e0aa5324ef1-212x300.jpg\" class=\"attachment-medium size-medium\" alt=\"\" srcset=\"https:\/\/www.radiopiu.net\/wordpress\/wp-content\/uploads\/2025\/07\/9f9ca95d-04e3-4709-bc79-9e0aa5324ef1-212x300.jpg 212w, https:\/\/www.radiopiu.net\/wordpress\/wp-content\/uploads\/2025\/07\/9f9ca95d-04e3-4709-bc79-9e0aa5324ef1-724x1024.jpg 724w, https:\/\/www.radiopiu.net\/wordpress\/wp-content\/uploads\/2025\/07\/9f9ca95d-04e3-4709-bc79-9e0aa5324ef1-768x1086.jpg 768w, https:\/\/www.radiopiu.net\/wordpress\/wp-content\/uploads\/2025\/07\/9f9ca95d-04e3-4709-bc79-9e0aa5324ef1-1086x1536.jpg 1086w, https:\/\/www.radiopiu.net\/wordpress\/wp-content\/uploads\/2025\/07\/9f9ca95d-04e3-4709-bc79-9e0aa5324ef1.jpg 1131w\" sizes=\"auto, (max-width: 212px) 100vw, 212px\" \/><\/a>\n\t\t\t\t<\/dt><\/dl><br style=\"clear: both\" \/>\n\t\t\t<\/div>\n\n<p>&nbsp;<\/p>\n<hr \/>\n<p>&nbsp;<\/p>\n<blockquote>\n<h3>VAL FIORENTINA SUMMER VIBES: MUSICA DAL VIVO A SELVA DI CADORE<\/h3>\n<\/blockquote>\n<p><strong><a class=\"dt-pswp-item\" href=\"https:\/\/www.radiopiu.net\/wordpress\/wp-content\/uploads\/2022\/03\/254026600_962124181039693_1306450083412456774_n.png\" data-dt-img-description=\"\" data-large_image_width=\"390\" data-large_image_height=\"300\"><img loading=\"lazy\" decoding=\"async\" class=\" wp-image-267555 alignleft\" src=\"https:\/\/www.radiopiu.net\/wordpress\/wp-content\/uploads\/2022\/03\/254026600_962124181039693_1306450083412456774_n-300x231.png\" alt=\"\" width=\"160\" height=\"123\" srcset=\"https:\/\/www.radiopiu.net\/wordpress\/wp-content\/uploads\/2022\/03\/254026600_962124181039693_1306450083412456774_n-300x231.png 300w, https:\/\/www.radiopiu.net\/wordpress\/wp-content\/uploads\/2022\/03\/254026600_962124181039693_1306450083412456774_n.png 390w\" sizes=\"auto, (max-width: 160px) 100vw, 160px\" \/><\/a>SELVA DI CADORE <\/strong>Al via <em data-start=\"87\" data-end=\"116\">Val Fiorentina Summer Vibes<\/em>, la rassegna musicale estiva che animer\u00e0 Piazza S. Fosca a Selva di Cadore ogni venerd\u00ec dalle 18:00 alle 19:30. Un\u2019occasione per vivere l\u2019estate in musica, tra artisti locali e atmosfere rilassanti ai piedi delle Dolomiti. <strong data-start=\"341\" data-end=\"369\">Calendario degli eventi: <\/strong><strong data-start=\"422\" data-end=\"435\">01 agosto<\/strong>: Marco Marchesin + Chitarrista, <strong data-start=\"471\" data-end=\"484\">08 agosto<\/strong>: Eleonora Simeoni + Mattia Mad (duo vocale), <strong data-start=\"533\" data-end=\"546\">15 agosto<\/strong>: Miryam Magrini + Chitarrista + Percussioni, <strong data-start=\"595\" data-end=\"608\">22 agosto<\/strong>: Eleonora Simeoni + Chitarrista, <strong data-start=\"645\" data-end=\"658\">29 agosto<\/strong>: Silvia Smaniotto + Tastierista, <strong data-start=\"695\" data-end=\"711\">05 settembre<\/strong>: Alice Favaro + Chitarrista, <strong data-start=\"744\" data-end=\"760\">12 settembre<\/strong>: Marco Marchesin + Chitarrista. Un&#8217;estate di suoni e emozioni nella splendida cornice della Val Fiorentina.<\/p>\n<p>&nbsp;<\/p>\n<p>&nbsp;<\/p>\n<hr \/>\n<p>&nbsp;<\/p>\n<blockquote>\n<h3>IL CINEMA SOTTO LE STELLE TORNA AD AGORDO<\/h3>\n<\/blockquote>\n<p><strong><a class=\"dt-pswp-item\" href=\"https:\/\/www.radiopiu.net\/wordpress\/wp-content\/uploads\/2025\/07\/CINEMA-IN-CONTRADA.jpg\" data-dt-img-description=\"\" data-large_image_width=\"589\" data-large_image_height=\"403\"><img loading=\"lazy\" decoding=\"async\" class=\" wp-image-459052 alignleft\" src=\"https:\/\/www.radiopiu.net\/wordpress\/wp-content\/uploads\/2025\/07\/CINEMA-IN-CONTRADA-300x205.jpg\" alt=\"\" width=\"206\" height=\"141\" srcset=\"https:\/\/www.radiopiu.net\/wordpress\/wp-content\/uploads\/2025\/07\/CINEMA-IN-CONTRADA-300x205.jpg 300w, https:\/\/www.radiopiu.net\/wordpress\/wp-content\/uploads\/2025\/07\/CINEMA-IN-CONTRADA.jpg 589w\" sizes=\"auto, (max-width: 206px) 100vw, 206px\" \/><\/a>AGORDO<\/strong> Torna ad Agordo la rassegna \u201cCinema sotto le stelle delle Dolomiti\u201d, giunta alla sua quinta edizione. L\u2019iniziativa, organizzata dal Comune e dalla Pro Loco di Agordo, animer\u00e0 anche quest\u2019estate la Contrada dei Signori con tre serate dedicate al grande cinema, dal 31 luglio al 6 agosto. Il programma propone film per tutte le et\u00e0, capaci di emozionare e stimolare la riflessione. Si parte stasera con <em data-start=\"469\" data-end=\"482\">Jojo Rabbit<\/em>, ironico e profondo racconto sull\u2019odio e la tolleranza. Segue, il 4 agosto, <em data-start=\"545\" data-end=\"557\">La La Land<\/em>, musical che celebra sogni e passioni. La rassegna si chiude il 6 agosto con <em data-start=\"623\" data-end=\"658\">Mio fratello rincorre i dinosauri<\/em>, toccante storia sulla disabilit\u00e0 e i legami familiari. In quest\u2019ultima serata interverranno la famiglia Mazzariol e la cooperativa Societ\u00e0 Nuova. Le proiezioni sono gratuite (posti limitati) e iniziano alle 21.00, tranne il 6 agosto (alle 20.15). Prenotazioni su Eventbrite o presso l\u2019Ufficio Turistico di Agordo.<\/p>\n<p><strong>DI GIANNI SANTOMASO<\/strong><\/p>\n<audio class=\"wp-audio-shortcode\" id=\"audio-462051-9\" preload=\"none\" style=\"width: 100%;\" controls=\"controls\"><source type=\"audio\/mpeg\" src=\"https:\/\/www.radiopiu.net\/wordpress\/wp-content\/uploads\/2025\/07\/GIANNI-TORNA-IL-CINEMA-ALLAPERTO-AD-AGORDO.mp3?_=9\" \/><a href=\"https:\/\/www.radiopiu.net\/wordpress\/wp-content\/uploads\/2025\/07\/GIANNI-TORNA-IL-CINEMA-ALLAPERTO-AD-AGORDO.mp3\">https:\/\/www.radiopiu.net\/wordpress\/wp-content\/uploads\/2025\/07\/GIANNI-TORNA-IL-CINEMA-ALLAPERTO-AD-AGORDO.mp3<\/a><\/audio>\n<p>&nbsp;<\/p>\n<hr \/>\n<p>&nbsp;<\/p>\n<blockquote>\n<h3>DOMENICA LA 40ESIMA ADUNANZA DEL CAI DI AGORDO<\/h3>\n<\/blockquote>\n<p><strong><a class=\"dt-pswp-item\" href=\"https:\/\/www.radiopiu.net\/wordpress\/wp-content\/uploads\/2020\/04\/cai-agordo.jpg\" data-dt-img-description=\"\" data-large_image_width=\"297\" data-large_image_height=\"170\"><img loading=\"lazy\" decoding=\"async\" class=\" wp-image-127841 alignleft\" src=\"https:\/\/www.radiopiu.net\/wordpress\/wp-content\/uploads\/2020\/04\/cai-agordo.jpg\" alt=\"\" width=\"229\" height=\"131\" \/><\/a>SOSPIROLO <\/strong>Domenica la splendida cornice della Certosa di Vedana ospiter\u00e0 la <strong data-start=\"278\" data-end=\"338\">40\u00aa Adunanza del Club Alpino Italiano \u2013 Sezione Agordina<\/strong>, con il patrocinio del Comune di Sospirolo. L\u2019evento, aperto a tutti, prender\u00e0 il via alle 9.30 con il ritrovo dei partecipanti presso la Certosa. A seguire, alle 10, si terr\u00e0 la Santa Messa nella cappella del complesso monastico. Il programma proseguir\u00e0 con i saluti ufficiali del Presidente Sezionale e delle autorit\u00e0 locali. Uno dei momenti centrali sar\u00e0 la <strong data-start=\"713\" data-end=\"752\">presentazione del libretto &#8220;Vedana&#8221;<\/strong>, prevista per le 11.45. A concludere la giornata, un rinfresco organizzato dalla Pro Loco di Sospirolo presso la localit\u00e0 Pr\u00e0 della Melia. In caso di maltempo, la presentazione del libretto si svolger\u00e0 presso la Sala Pellizzari del Centro Civico di Sospirolo.<\/p>\n<p><strong>DI GIANNI SANTOMASO<\/strong><\/p>\n<audio class=\"wp-audio-shortcode\" id=\"audio-462051-10\" preload=\"none\" style=\"width: 100%;\" controls=\"controls\"><source type=\"audio\/mpeg\" src=\"https:\/\/www.radiopiu.net\/wordpress\/wp-content\/uploads\/2025\/07\/GIANNI-ADUNANZA-CAI-AGORDO.mp3?_=10\" \/><a href=\"https:\/\/www.radiopiu.net\/wordpress\/wp-content\/uploads\/2025\/07\/GIANNI-ADUNANZA-CAI-AGORDO.mp3\">https:\/\/www.radiopiu.net\/wordpress\/wp-content\/uploads\/2025\/07\/GIANNI-ADUNANZA-CAI-AGORDO.mp3<\/a><\/audio>\n<p>&nbsp;<\/p>\n<hr \/>\n<p>&nbsp;<\/p>\n<blockquote>\n<h3>VENERD\u00cc GOURMET ALL\u2019OH PERBACCO WINE DI CENCENIGHE: QUESTA SETTIMANA LE SPECIALITA DELL&#8217;EMILIA ROMAGNA<\/h3>\n<\/blockquote>\n<p><strong>CENCENIGHE<\/strong> Per tutto il mese di luglio e agosto, l\u2019Oh Perbacco Wine di Cencenighe dedica il venerd\u00ec sera agli apericena con abbinamenti gastronomici. Otto venerd\u00ec per otto cantine diverse. Un modo diverso per passare la serata tra un buon vino e del cibo delizioso. Questa settimana tocca all&#8217;aperitivo dell&#8217;Emilia Romagna.<\/p>\n\n\t\t\t<style type='text\/css'>\n\t\t\t\t#gallery-8 {\n\t\t\t\t\tmargin: auto;\n\t\t\t\t}\n\t\t\t\t#gallery-8 .gallery-item {\n\t\t\t\t\tfloat: left;\n\t\t\t\t\tmargin-top: 10px;\n\t\t\t\t\ttext-align: center;\n\t\t\t\t\twidth: 100%;\n\t\t\t\t}\n\t\t\t\t#gallery-8 img {\n\t\t\t\t\tborder: 2px solid #cfcfcf;\n\t\t\t\t}\n\t\t\t\t#gallery-8 .gallery-caption {\n\t\t\t\t\tmargin-left: 0;\n\t\t\t\t}\n\t\t\t\t\/* see gallery_shortcode() in wp-includes\/media.php *\/\n\t\t\t<\/style>\n\t\t<div id='gallery-8' class='dt-gallery-container gallery galleryid-462051 gallery-columns-1 gallery-size-medium'><dl class='gallery-item'>\n\t\t\t\t<dt class='gallery-icon portrait'>\n\t\t\t\t\t<a class=\"rollover rollover-zoom dt-pswp-item\" title=\"73c95982-118c-4d21-b11c-0bce34db78df\" data-dt-img-description=\"\" data-large_image_width=\"784\" data-large_image_height=\"1174\"href='https:\/\/www.radiopiu.net\/wordpress\/wp-content\/uploads\/2025\/07\/73c95982-118c-4d21-b11c-0bce34db78df.jpg'><img loading=\"lazy\" decoding=\"async\" width=\"200\" height=\"300\" src=\"https:\/\/www.radiopiu.net\/wordpress\/wp-content\/uploads\/2025\/07\/73c95982-118c-4d21-b11c-0bce34db78df-200x300.jpg\" class=\"attachment-medium size-medium\" alt=\"\" srcset=\"https:\/\/www.radiopiu.net\/wordpress\/wp-content\/uploads\/2025\/07\/73c95982-118c-4d21-b11c-0bce34db78df-200x300.jpg 200w, https:\/\/www.radiopiu.net\/wordpress\/wp-content\/uploads\/2025\/07\/73c95982-118c-4d21-b11c-0bce34db78df-684x1024.jpg 684w, https:\/\/www.radiopiu.net\/wordpress\/wp-content\/uploads\/2025\/07\/73c95982-118c-4d21-b11c-0bce34db78df-768x1150.jpg 768w, https:\/\/www.radiopiu.net\/wordpress\/wp-content\/uploads\/2025\/07\/73c95982-118c-4d21-b11c-0bce34db78df.jpg 784w\" sizes=\"auto, (max-width: 200px) 100vw, 200px\" \/><\/a>\n\t\t\t\t<\/dt><\/dl><br style=\"clear: both\" \/>\n\t\t\t<\/div>\n\n<p>&nbsp;<\/p>\n<hr \/>\n<p>&nbsp;<\/p>\n<blockquote>\n<h3><a class=\"dt-pswp-item\" href=\"https:\/\/www.radiopiu.net\/wordpress\/wp-content\/uploads\/2025\/07\/Copia-di-esafonia.jpeg\" data-dt-img-description=\"\" data-large_image_width=\"904\" data-large_image_height=\"1080\"><img loading=\"lazy\" decoding=\"async\" class=\" wp-image-462066 alignleft\" src=\"https:\/\/www.radiopiu.net\/wordpress\/wp-content\/uploads\/2025\/07\/Copia-di-esafonia-251x300.jpeg\" alt=\"\" width=\"128\" height=\"153\" srcset=\"https:\/\/www.radiopiu.net\/wordpress\/wp-content\/uploads\/2025\/07\/Copia-di-esafonia-251x300.jpeg 251w, https:\/\/www.radiopiu.net\/wordpress\/wp-content\/uploads\/2025\/07\/Copia-di-esafonia-857x1024.jpeg 857w, https:\/\/www.radiopiu.net\/wordpress\/wp-content\/uploads\/2025\/07\/Copia-di-esafonia-768x918.jpeg 768w, https:\/\/www.radiopiu.net\/wordpress\/wp-content\/uploads\/2025\/07\/Copia-di-esafonia.jpeg 904w\" sizes=\"auto, (max-width: 128px) 100vw, 128px\" \/><\/a>ESAFONIA IN CONCERTO A RIVAMONTE: UN VIAGGIO DALLA POLIFONIA RINASCIMENTALE A BACH<\/h3>\n<\/blockquote>\n<p><strong>RIVAMONTE<\/strong> Sabato alle 21, nella Chiesa Parrocchiale di Rivamonte Agordino, si terr\u00e0 il concerto &#8220;Dalla polifonia rinascimentale a Johann Sebastian Bach&#8221;, parte della Settimana Organistica promossa da Agordo Musica. Protagonista sar\u00e0 l\u2019ensemble vocale femminile bellunese Esafonia, affiancato dall\u2019organista agordino Manuel Santomaso. Il programma spazier\u00e0 dalla musica rinascimentale di Vecchi e Banchieri fino al barocco di Bach. Fondato nel 2014, il gruppo proporr\u00e0 un repertorio ricco e suggestivo. L\u2019evento \u00e8 organizzato con la collaborazione della Parrocchia di Rivamonte, Asolo Musica, Comunit\u00e0 Montana Agordina, Regione Veneto, Camera di Commercio e Radio Pi\u00f9.<\/p>\n<p>&nbsp;<\/p>\n<p>&nbsp;<\/p>\n<hr \/>\n<p>&nbsp;<\/p>\n<blockquote>\n<h3>TRE GIORNI DI FESTA A LA VALLE CON LA SAGRA DE LA MADONA DE LA NEIF<\/h3>\n<\/blockquote>\n<p><strong><a class=\"dt-pswp-item\" href=\"https:\/\/www.radiopiu.net\/wordpress\/wp-content\/uploads\/2025\/07\/lhgaoghaoh.jpg\" data-dt-img-description=\"\" data-large_image_width=\"569\" data-large_image_height=\"267\"><img loading=\"lazy\" decoding=\"async\" class=\" wp-image-461023 alignleft\" src=\"https:\/\/www.radiopiu.net\/wordpress\/wp-content\/uploads\/2025\/07\/lhgaoghaoh-300x141.jpg\" alt=\"\" width=\"213\" height=\"100\" srcset=\"https:\/\/www.radiopiu.net\/wordpress\/wp-content\/uploads\/2025\/07\/lhgaoghaoh-300x141.jpg 300w, https:\/\/www.radiopiu.net\/wordpress\/wp-content\/uploads\/2025\/07\/lhgaoghaoh.jpg 569w\" sizes=\"auto, (max-width: 213px) 100vw, 213px\" \/><\/a>LA VALLE<\/strong> Dal 2 al 5 agosto 2025 torna a La Valle Agordina la tradizionale sagra \u201cMadona de la Neif\u201d, organizzata dai Lavallesi Riuniti. Quattro giorni di festa tra musica, gastronomia, giochi e tradizioni. Sabato apertura con aperitivo, torneo di calcio femminile e concerto della Kriss Groove Band. Domenica pomeriggio per bambini, magia, specialit\u00e0 gastronomiche e AlpenBruder in serata. Luned\u00ec si celebra la veglia solenne e si inaugura la mostra fotografica \u201cLa Val da Incornis\u00e0\u201d. Marted\u00ec gran finale con il Merc\u00e0 de l\u2019Ista, sfilata in costumi tradizionali, mestieri antichi, spiedo e serata danzante con Eros &amp; Karin.<\/p>\n<p>&nbsp;<\/p>\n<p>&nbsp;<\/p>\n<hr \/>\n<p>&nbsp;<\/p>\n<p><strong><a class=\"dt-pswp-item\" href=\"https:\/\/www.radiopiu.net\/wordpress\/wp-content\/uploads\/2025\/07\/SCR-20250723-mrjt.jpeg\" data-dt-img-description=\"\" data-large_image_width=\"1408\" data-large_image_height=\"1980\"><img loading=\"lazy\" decoding=\"async\" class=\" wp-image-460819 alignleft\" src=\"https:\/\/www.radiopiu.net\/wordpress\/wp-content\/uploads\/2025\/07\/SCR-20250723-mrjt-213x300.jpeg\" alt=\"\" width=\"130\" height=\"183\" srcset=\"https:\/\/www.radiopiu.net\/wordpress\/wp-content\/uploads\/2025\/07\/SCR-20250723-mrjt-213x300.jpeg 213w, https:\/\/www.radiopiu.net\/wordpress\/wp-content\/uploads\/2025\/07\/SCR-20250723-mrjt-728x1024.jpeg 728w, https:\/\/www.radiopiu.net\/wordpress\/wp-content\/uploads\/2025\/07\/SCR-20250723-mrjt-768x1080.jpeg 768w, https:\/\/www.radiopiu.net\/wordpress\/wp-content\/uploads\/2025\/07\/SCR-20250723-mrjt-1092x1536.jpeg 1092w, https:\/\/www.radiopiu.net\/wordpress\/wp-content\/uploads\/2025\/07\/SCR-20250723-mrjt.jpeg 1408w\" sizes=\"auto, (max-width: 130px) 100vw, 130px\" \/><\/a> <\/strong><\/p>\n<blockquote>\n<h3>PANZE PIENE&#8230;LA FESTA DEL PANZEROTTO A GOSALDO<\/h3>\n<\/blockquote>\n<p><strong>GOSALDO <\/strong>Sabato 2 agosto, appuntamento da non perdere a Gosaldo con \u201cPANZE-PIENE\u201d, la serata pi\u00f9 golosa dell\u2019estate! Dalle ore 19:00, sotto il tendone allestito dalla Pro Loco, prender\u00e0 il via la Festa del Panzerotto: panzerotti caldi, croccanti e filanti, preparati in tante varianti per soddisfare tutti i gusti. Ma la serata non finisce qui: dalle 21:00, si accendono le luci del palco e si scatena il divertimento con la musica live dei Tirataie, per ballare, cantare e vivere una notte all\u2019insegna dell\u2019allegria. Un ringraziamento speciale va alla Macelleria Bepi Bosol, sponsor dell\u2019evento e sostenitore delle iniziative locali. Per ulteriori informazioni: <a class=\"cursor-pointer\" rel=\"noopener\" data-start=\"790\" data-end=\"814\">prolocogosaldo@gmail.com<\/a><\/p>\n<p>&nbsp;<\/p>\n<p>&nbsp;<\/p>\n<hr \/>\n<p>&nbsp;<\/p>\n<blockquote>\n<h3><a class=\"dt-pswp-item\" href=\"https:\/\/www.radiopiu.net\/wordpress\/wp-content\/uploads\/2025\/07\/e62b2e71-0ff5-431d-96e8-6abc8fff354b.jpg\" data-dt-img-description=\"\" data-large_image_width=\"1070\" data-large_image_height=\"1523\"><img loading=\"lazy\" decoding=\"async\" class=\" wp-image-461260 alignleft\" src=\"https:\/\/www.radiopiu.net\/wordpress\/wp-content\/uploads\/2025\/07\/e62b2e71-0ff5-431d-96e8-6abc8fff354b-211x300.jpg\" alt=\"\" width=\"101\" height=\"144\" srcset=\"https:\/\/www.radiopiu.net\/wordpress\/wp-content\/uploads\/2025\/07\/e62b2e71-0ff5-431d-96e8-6abc8fff354b-211x300.jpg 211w, https:\/\/www.radiopiu.net\/wordpress\/wp-content\/uploads\/2025\/07\/e62b2e71-0ff5-431d-96e8-6abc8fff354b-719x1024.jpg 719w, https:\/\/www.radiopiu.net\/wordpress\/wp-content\/uploads\/2025\/07\/e62b2e71-0ff5-431d-96e8-6abc8fff354b-768x1093.jpg 768w, https:\/\/www.radiopiu.net\/wordpress\/wp-content\/uploads\/2025\/07\/e62b2e71-0ff5-431d-96e8-6abc8fff354b.jpg 1070w\" sizes=\"auto, (max-width: 101px) 100vw, 101px\" \/><\/a>LA MOSTRA MERCATO A GOSALDO<\/h3>\n<\/blockquote>\n<p><strong>GOSALDO<\/strong> L&#8217;Associazione Amici della Biblioteca di Gosaldo e la Pro Loco Gosaldo organizzano la mostra mercato &#8220;L&#8217;Arte che fa del bene&#8221;, presso la ex chiesa di San Giacomo a Gosaldo. La mostra raccoglie varie opere (tra cui acquerelli, acqueforti, litografie, oli) a firma di artisti come Bruno Donadel, Lino Fornasier e Francesco Piazza. Le opere esposte sono state donate da Simonetta, Valentina e Sergio Tazzer. Il ricavato dell&#8217;iniziativa sar\u00e0 devoluto alla Parrocchia di Gosaldo, che lo destiner\u00e0 ad iniziative benefiche. La mostra rimarr\u00e0 aperta dalle 10.00 alle 12.00 e dalle 17.00 alle 19.00 del 2 e 3 agosto, dal 9 al 17 agosto e il 23 e 24 agosto.<\/p>\n<p>&nbsp;<\/p>\n<p>&nbsp;<\/p>\n<hr \/>\n<p>&nbsp;<\/p>\n<blockquote>\n<h3><a class=\"dt-pswp-item\" href=\"https:\/\/www.radiopiu.net\/wordpress\/wp-content\/uploads\/2018\/05\/Dunio-al-lavoro_resized_2.jpg\" data-dt-img-description=\"\" data-large_image_width=\"1536\" data-large_image_height=\"1152\"><img loading=\"lazy\" decoding=\"async\" class=\" wp-image-48005 alignleft\" src=\"https:\/\/www.radiopiu.net\/wordpress\/wp-content\/uploads\/2018\/05\/Dunio-al-lavoro_resized_2-300x225.jpg\" alt=\"\" width=\"172\" height=\"129\" srcset=\"https:\/\/www.radiopiu.net\/wordpress\/wp-content\/uploads\/2018\/05\/Dunio-al-lavoro_resized_2-300x225.jpg 300w, https:\/\/www.radiopiu.net\/wordpress\/wp-content\/uploads\/2018\/05\/Dunio-al-lavoro_resized_2-768x576.jpg 768w, https:\/\/www.radiopiu.net\/wordpress\/wp-content\/uploads\/2018\/05\/Dunio-al-lavoro_resized_2-1024x768.jpg 1024w, https:\/\/www.radiopiu.net\/wordpress\/wp-content\/uploads\/2018\/05\/Dunio-al-lavoro_resized_2.jpg 1536w\" sizes=\"auto, (max-width: 172px) 100vw, 172px\" \/><\/a>ARTE E SCACCHI IN MOSTRA A SAN TOMASO AGORDINO<\/h3>\n<\/blockquote>\n<p><strong>SAN TOMASO <\/strong>La Pro Loco di San Tomaso Agordino inaugura sabato 2 agosto 2025 la mostra &#8220;Dunio e gli scacchi&#8221;, con 36 opere di Dunio Piccolin, nate dalla collaborazione con Giovanni Lorusso dell\u2019Associazione Valbelluna Scacchi. L\u2019esposizione unisce arte e gioco, rendendo gli scacchi pi\u00f9 accessibili e coinvolgenti attraverso illustrazioni per tornei e scuole. Visitabile fino al 17 agosto, la mostra celebra il valore educativo e sociale degli scacchi. Domenica 10 agosto verr\u00e0 presentato anche il libro \u201cLa scacchiera sotto il calicanto\u201d, con opere e racconti legati all\u2019iniziativa. Un evento imperdibile per appassionati.<\/p>\n<p><strong>DI GIANNI SANTOMASO<\/strong><\/p>\n<audio class=\"wp-audio-shortcode\" id=\"audio-462051-11\" preload=\"none\" style=\"width: 100%;\" controls=\"controls\"><source type=\"audio\/mpeg\" src=\"https:\/\/www.radiopiu.net\/wordpress\/wp-content\/uploads\/2025\/07\/GIANNI-DUNIO-E-GLI-SCACCHI.mp3?_=11\" \/><a href=\"https:\/\/www.radiopiu.net\/wordpress\/wp-content\/uploads\/2025\/07\/GIANNI-DUNIO-E-GLI-SCACCHI.mp3\">https:\/\/www.radiopiu.net\/wordpress\/wp-content\/uploads\/2025\/07\/GIANNI-DUNIO-E-GLI-SCACCHI.mp3<\/a><\/audio>\n<p>&nbsp;<\/p>\n<hr \/>\n<p>&nbsp;<\/p>\n<blockquote>\n<h3><a class=\"dt-pswp-item\" href=\"https:\/\/www.radiopiu.net\/wordpress\/wp-content\/uploads\/2025\/07\/d51a6893-06fe-44a2-80b0-b1604b82f746.jpg\" data-dt-img-description=\"\" data-large_image_width=\"1080\" data-large_image_height=\"1080\"><img loading=\"lazy\" decoding=\"async\" class=\" wp-image-461113 alignleft\" src=\"https:\/\/www.radiopiu.net\/wordpress\/wp-content\/uploads\/2025\/07\/d51a6893-06fe-44a2-80b0-b1604b82f746-300x300.jpg\" alt=\"\" width=\"107\" height=\"107\" srcset=\"https:\/\/www.radiopiu.net\/wordpress\/wp-content\/uploads\/2025\/07\/d51a6893-06fe-44a2-80b0-b1604b82f746-300x300.jpg 300w, https:\/\/www.radiopiu.net\/wordpress\/wp-content\/uploads\/2025\/07\/d51a6893-06fe-44a2-80b0-b1604b82f746-1024x1024.jpg 1024w, https:\/\/www.radiopiu.net\/wordpress\/wp-content\/uploads\/2025\/07\/d51a6893-06fe-44a2-80b0-b1604b82f746-150x150.jpg 150w, https:\/\/www.radiopiu.net\/wordpress\/wp-content\/uploads\/2025\/07\/d51a6893-06fe-44a2-80b0-b1604b82f746-768x768.jpg 768w, https:\/\/www.radiopiu.net\/wordpress\/wp-content\/uploads\/2025\/07\/d51a6893-06fe-44a2-80b0-b1604b82f746.jpg 1080w\" sizes=\"auto, (max-width: 107px) 100vw, 107px\" \/><\/a><\/h3>\n<h3>IL CORO AMICI CANTORI A SAN TOMASO<\/h3>\n<\/blockquote>\n<p><strong>SAN TOMASO<\/strong> Serata imperdibile sabato 2 agosto dedicata al canto corale alpino, ospitata nell\u2019antica chiesa di Celat a San Tomaso alle 20:30. Ad esibirsi saranno alcuni cantori del celebre Coro della SAT di Trento, la compagine maschile pi\u00f9 nota tra i cori di montagna in Italia.<\/p>\n<p><strong>DI GIANNI SANTOMASO<\/strong><\/p>\n<audio class=\"wp-audio-shortcode\" id=\"audio-462051-12\" preload=\"none\" style=\"width: 100%;\" controls=\"controls\"><source type=\"audio\/mpeg\" src=\"https:\/\/www.radiopiu.net\/wordpress\/wp-content\/uploads\/2025\/07\/GIANNI-SAN-TOMASO-AMICI-CANTORI.mp3?_=12\" \/><a href=\"https:\/\/www.radiopiu.net\/wordpress\/wp-content\/uploads\/2025\/07\/GIANNI-SAN-TOMASO-AMICI-CANTORI.mp3\">https:\/\/www.radiopiu.net\/wordpress\/wp-content\/uploads\/2025\/07\/GIANNI-SAN-TOMASO-AMICI-CANTORI.mp3<\/a><\/audio>\n<p>&nbsp;<\/p>\n<hr \/>\n<p>&nbsp;<\/p>\n<blockquote>\n<h3>\u201cFORTEMENTE DONNE\u201d: IL TEATRO ITINERANTE CELEBRA LE DONNE BELLUNESI A PIEVE DI CADORE<\/h3>\n<\/blockquote>\n<p><strong><a class=\"dt-pswp-item\" href=\"https:\/\/www.radiopiu.net\/wordpress\/wp-content\/uploads\/2025\/07\/Unknown.jpeg\" data-dt-img-description=\"\" data-large_image_width=\"2000\" data-large_image_height=\"1500\"><img loading=\"lazy\" decoding=\"async\" class=\" wp-image-462087 alignleft\" src=\"https:\/\/www.radiopiu.net\/wordpress\/wp-content\/uploads\/2025\/07\/Unknown-300x225.jpeg\" alt=\"\" width=\"145\" height=\"109\" srcset=\"https:\/\/www.radiopiu.net\/wordpress\/wp-content\/uploads\/2025\/07\/Unknown-300x225.jpeg 300w, https:\/\/www.radiopiu.net\/wordpress\/wp-content\/uploads\/2025\/07\/Unknown-1024x768.jpeg 1024w, https:\/\/www.radiopiu.net\/wordpress\/wp-content\/uploads\/2025\/07\/Unknown-768x576.jpeg 768w, https:\/\/www.radiopiu.net\/wordpress\/wp-content\/uploads\/2025\/07\/Unknown-1536x1152.jpeg 1536w, https:\/\/www.radiopiu.net\/wordpress\/wp-content\/uploads\/2025\/07\/Unknown.jpeg 2000w\" sizes=\"auto, (max-width: 145px) 100vw, 145px\" \/><\/a>PIEVE DI CADORE <\/strong>Sabato 2 agosto, dalle ore 9.30, le vie di Pieve di Cadore ospiteranno \u201cFortemente Donne \u2013 Storie di donne bellunesi\u201d, evento teatrale itinerante a cura delle compagnie amatoriali UILT Belluno. Le \u201ccarovane poetiche\u201d proporranno sei corti teatrali in diversi angoli del centro, raccontando figure femminili che hanno segnato il territorio bellunese. L\u2019iniziativa, gratuita e patrocinata dal Comune, \u00e8 parte del Progetto Donna UILT e coinvolge sei compagnie: Se Queris, Zumellese, Farine Fossili, Lavori in Corso, Bretelle Lasche e I Comelianti. In caso di maltempo, l\u2019evento sar\u00e0 rinviato a domenica 3 agosto.<\/p>\n<p>&nbsp;<\/p>\n<p>&nbsp;<\/p>\n<hr \/>\n<p>&nbsp;<\/p>\n<blockquote>\n<h3>AUTO MUSICA E DIVERTIMENTO A VILLA PATT DI SEDICO<\/h3>\n<\/blockquote>\n<p><strong><a class=\"dt-pswp-item\" href=\"https:\/\/www.radiopiu.net\/wordpress\/wp-content\/uploads\/2025\/07\/SCR-20250728-tcop.jpeg\" data-dt-img-description=\"\" data-large_image_width=\"1500\" data-large_image_height=\"654\"><img loading=\"lazy\" decoding=\"async\" class=\" wp-image-461845 alignleft\" src=\"https:\/\/www.radiopiu.net\/wordpress\/wp-content\/uploads\/2025\/07\/SCR-20250728-tcop-300x131.jpeg\" alt=\"\" width=\"204\" height=\"89\" srcset=\"https:\/\/www.radiopiu.net\/wordpress\/wp-content\/uploads\/2025\/07\/SCR-20250728-tcop-300x131.jpeg 300w, https:\/\/www.radiopiu.net\/wordpress\/wp-content\/uploads\/2025\/07\/SCR-20250728-tcop-1024x446.jpeg 1024w, https:\/\/www.radiopiu.net\/wordpress\/wp-content\/uploads\/2025\/07\/SCR-20250728-tcop-768x335.jpeg 768w, https:\/\/www.radiopiu.net\/wordpress\/wp-content\/uploads\/2025\/07\/SCR-20250728-tcop.jpeg 1500w\" sizes=\"auto, (max-width: 204px) 100vw, 204px\" \/><\/a>SEDICO <\/strong>Sabato Villa Patt a Sedico ospiter\u00e0 il primo raduno &#8220;Disagiato&#8221; del Bellunese: <em data-start=\"215\" data-end=\"242\">\u201cDisagiati on the Street\u201d<\/em>, un evento dedicato agli appassionati di auto sportive, d&#8217;epoca e moto a 2 e 3 ruote. Organizzato da Disagiati on the Street in collaborazione con TechnoLegend e Dolomiti Center Fitness, l\u2019evento promette una giornata ricca di intrattenimento: ingresso dalle ore 10, DJ set e musica dal vivo per tutto il giorno, food truck, chioschi e un mezzo speciale per i gelati. La partecipazione ha un costo di 15 euro per veicolo, con buono pasto e gadget inclusi per le prime 100 auto iscritte. Non mancheranno attivit\u00e0 e intrattenimento pensati anche per bambini e famiglie. Per info e iscrizioni: <a class=\"cursor-pointer\" target=\"_new\" rel=\"noopener\" data-start=\"838\" data-end=\"903\">www.disagiationthestreet.it<\/a><\/p>\n<p>&nbsp;<\/p>\n<p>&nbsp;<\/p>\n<hr \/>\n<p>&nbsp;<\/p>\n<blockquote>\n<h3>MUSICA DA CORTILE A PAIANE<\/h3>\n<\/blockquote>\n<p><strong>PONTE NELLE ALPI<\/strong> Sabato dalle 17, torna a Paiane la quinta edizione di &#8220;Musica da Cortile&#8221;, evento gratuito organizzato da APS ITM e Amici della Musica, con il patrocinio del Comune di Ponte nelle Alpi. Due palchi ospiteranno artisti come Fosca e La Gente, TaGaDa, Zeno Turetta, Neon, Suspectra e Gaia Morelli. La manifestazione trasforma la Scuola di Musica in uno spazio di condivisione e cultura, unendo generazioni attraverso la musica dal vivo. Ingresso libero.<\/p>\n<p>&nbsp;<\/p>\n<p>&nbsp;<\/p>\n<hr \/>\n<p>&nbsp;<\/p>\n<blockquote>\n<h3>\u201cGERLE\u201d: UN VIAGGIO TRA STORIA E TEATRO SULLE TRACCE DELLE PORTATRICI DEL COMELICO<\/h3>\n<\/blockquote>\n<p><strong><a class=\"dt-pswp-item\" href=\"https:\/\/www.radiopiu.net\/wordpress\/wp-content\/uploads\/2025\/07\/gerle_comelianti.jpg\" data-dt-img-description=\"\" data-large_image_width=\"1804\" data-large_image_height=\"1354\"><img loading=\"lazy\" decoding=\"async\" class=\" wp-image-461960 alignleft\" src=\"https:\/\/www.radiopiu.net\/wordpress\/wp-content\/uploads\/2025\/07\/gerle_comelianti-300x225.jpg\" alt=\"\" width=\"121\" height=\"91\" srcset=\"https:\/\/www.radiopiu.net\/wordpress\/wp-content\/uploads\/2025\/07\/gerle_comelianti-300x225.jpg 300w, https:\/\/www.radiopiu.net\/wordpress\/wp-content\/uploads\/2025\/07\/gerle_comelianti-1024x769.jpg 1024w, https:\/\/www.radiopiu.net\/wordpress\/wp-content\/uploads\/2025\/07\/gerle_comelianti-768x576.jpg 768w, https:\/\/www.radiopiu.net\/wordpress\/wp-content\/uploads\/2025\/07\/gerle_comelianti-1536x1153.jpg 1536w, https:\/\/www.radiopiu.net\/wordpress\/wp-content\/uploads\/2025\/07\/gerle_comelianti.jpg 1804w\" sizes=\"auto, (max-width: 121px) 100vw, 121px\" \/><\/a>SAN PIETRO DI CADORE <\/strong>Sabato alle 16, a San Pietro di Cadore si terr\u00e0 \u201cGerle. Il peso della guerra sulle spalle e nel cuore\u201d, tour storico-artistico in memoria delle Portatrici del Comelico, donne dimenticate della Prima Guerra Mondiale. L\u2019evento prevede visite guidate in piccoli gruppi con partenza dal monumento in Piazza Roma, per poi proseguire a Palazzo Poli-De Pol. Ogni tour include una parte storica, a cura di Silvia Soravia e Francesco Pomar\u00e8, e una teatrale con il gruppo I Comelianti. Parte della rassegna \u201cEstate in Villa 2025\u201d, l\u2019iniziativa \u00e8 gratuita, con prenotazione obbligatoria entro le 12.00 del 2 agosto.<\/p>\n<p>&nbsp;<\/p>\n<p>&nbsp;<\/p>\n<hr \/>\n<p>&nbsp;<\/p>\n<blockquote>\n<h3>SERATA IN RICORDO DI MARCO SIMONCELLI: MUSICA, SOLIDARIET\u00c0 E PIADINA ROMAGNOLA A VALLE DI CADORE<\/h3>\n<\/blockquote>\n<p><strong>VALLE DI CADORE <\/strong>Sabato 2 agosto 2025, l\u2019Associazione Parkinson Alto Bellunese, con la Pro Loco di Valle di Cadore e il patrocinio comunale, organizza una serata evento in memoria del pilota Marco Simoncelli. Dalle 19.00 in Piazzale Serafini, musica dal vivo, piadina romagnola e divertimento per tutte le et\u00e0 animeranno la serata. Sar\u00e0 presentato un progetto solidale con la Fondazione Sic 58 e si terr\u00e0 una lotteria con premi dedicati al \u201cSic\u201d. Il ricavato andr\u00e0 a sostegno dei malati di Parkinson seguiti dall\u2019associazione. Un\u2019occasione per ricordare e aiutare.<\/p>\n<p>&nbsp;<\/p>\n<p>&nbsp;<\/p>\n<hr \/>\n<p>&nbsp;<\/p>\n<blockquote>\n<h3>&#8220;LE MONTAGNE DI MARIO&#8221;: TEDDY SOPPELSA PRESENTA IL SUO NUOVO LIBRO IN LOCALIT\u00c0 CANS\u00c9CH, NEL CUORE DELLA VAL CANZOI<\/h3>\n<\/blockquote>\n<p><strong><a class=\"dt-pswp-item\" href=\"https:\/\/www.radiopiu.net\/wordpress\/wp-content\/uploads\/2025\/07\/teddy-con-libro_01.jpg\" data-dt-img-description=\"\" data-large_image_width=\"1512\" data-large_image_height=\"1584\"><img loading=\"lazy\" decoding=\"async\" class=\" wp-image-462081 alignleft\" src=\"https:\/\/www.radiopiu.net\/wordpress\/wp-content\/uploads\/2025\/07\/teddy-con-libro_01-286x300.jpg\" alt=\"\" width=\"162\" height=\"170\" srcset=\"https:\/\/www.radiopiu.net\/wordpress\/wp-content\/uploads\/2025\/07\/teddy-con-libro_01-286x300.jpg 286w, https:\/\/www.radiopiu.net\/wordpress\/wp-content\/uploads\/2025\/07\/teddy-con-libro_01-977x1024.jpg 977w, https:\/\/www.radiopiu.net\/wordpress\/wp-content\/uploads\/2025\/07\/teddy-con-libro_01-768x805.jpg 768w, https:\/\/www.radiopiu.net\/wordpress\/wp-content\/uploads\/2025\/07\/teddy-con-libro_01-1466x1536.jpg 1466w, https:\/\/www.radiopiu.net\/wordpress\/wp-content\/uploads\/2025\/07\/teddy-con-libro_01.jpg 1512w\" sizes=\"auto, (max-width: 162px) 100vw, 162px\" \/><\/a>DI ALESSIA DALL&#8217;O&#8217;<\/strong><\/p>\n<p><strong>CESIOMAGGIORE<\/strong> Domenica 3 agosto, alle ore 9.30 in localit\u00e0 Cans\u00e9ch, nella Val Canzoi di Cesiomaggiore, si terr\u00e0 la presentazione del libro <em data-start=\"205\" data-end=\"253\">Le montagne di Mario. Memorie dalla Val Canz\u00f3i<\/em> di Teddy Soppelsa. Il volume rende omaggio a Mario Meneguz, detto Scudel\u00ecn, figura storica della valle: boscaiolo, malgaro e primo gestore del rifugio Bruno B\u00f2z. Il libro raccoglie testimonianze di chi lo ha conosciuto, dipingendo un ritratto corale di un uomo profondamente legato alla montagna. L\u2019evento prevede interventi istituzionali, letture, canti del Coro Sintagma e un\u2019escursione lungo il \u201cSentiero di Mario\u201d. In caso di maltempo, la presentazione si svolger\u00e0 ai campi sportivi di Pradenich. Teddy Soppelsa, autore e guida ambientale, dedica il libro alla memoria e all\u2019autenticit\u00e0 dei luoghi alpini.<\/p>\n<p>&nbsp;<\/p>\n<p>&nbsp;<\/p>\n<hr \/>\n<p>&nbsp;<\/p>\n<blockquote>\n<h3>VOLTAGO AGORDINO: SPAZIO ALL\u2019ARTIGIANATO LOCALE<\/h3>\n<\/blockquote>\n<p><strong><img loading=\"lazy\" decoding=\"async\" class=\"alignleft\" src=\"https:\/\/www.radiopiu.net\/wordpress\/wp-content\/uploads\/2023\/07\/MUNICIPIO-VOLTAGO.jpeg\" width=\"178\" height=\"132\" \/>VOLTAGO <\/strong>A Voltago Agordino, dal 9 al 24 agosto, va in scena la Mostra dell\u2019Artigianato Locale, un\u2019iniziativa pensata per valorizzare le abilit\u00e0 manuali e le tradizioni del territorio. Ogni giorno, fino a quattro espositori avranno a disposizione spazi comunali gratuiti per presentare e vendere le proprie creazioni: dagli oggetti in legno ai lavori all\u2019uncinetto, dai tessuti fatti a mano alla piccola produzione artistica. L\u2019iniziativa, promossa dal Comune, rappresenta un\u2019occasione unica per cittadini e turisti di scoprire da vicino la creativit\u00e0 locale e sostenere l\u2019economia artigiana. Una passeggiata nel cuore del paese, tra talento, passione e autenticit\u00e0.<\/p>\n<p>&nbsp;<\/p>\n<p>&nbsp;<\/p>\n<hr \/>\n<p>&nbsp;<\/p>\n<blockquote>\n<h3><a class=\"dt-pswp-item\" href=\"https:\/\/www.radiopiu.net\/wordpress\/wp-content\/uploads\/2025\/07\/LKDKL.jpg\" data-dt-img-description=\"\" data-large_image_width=\"1130\" data-large_image_height=\"707\"><img loading=\"lazy\" decoding=\"async\" class=\" wp-image-461767 alignleft\" src=\"https:\/\/www.radiopiu.net\/wordpress\/wp-content\/uploads\/2025\/07\/LKDKL-300x188.jpg\" alt=\"\" width=\"190\" height=\"119\" srcset=\"https:\/\/www.radiopiu.net\/wordpress\/wp-content\/uploads\/2025\/07\/LKDKL-300x188.jpg 300w, https:\/\/www.radiopiu.net\/wordpress\/wp-content\/uploads\/2025\/07\/LKDKL-1024x641.jpg 1024w, https:\/\/www.radiopiu.net\/wordpress\/wp-content\/uploads\/2025\/07\/LKDKL-768x481.jpg 768w, https:\/\/www.radiopiu.net\/wordpress\/wp-content\/uploads\/2025\/07\/LKDKL.jpg 1130w\" sizes=\"auto, (max-width: 190px) 100vw, 190px\" \/><\/a>LO SCHIANTO DEL F16 A LIMANA<\/h3>\n<\/blockquote>\n<p><strong>LIMANA<\/strong> Il Comune di Limana, in collaborazione con la Pro Loco, ripropone il documentario &#8220;Lo schianto dell&#8217;F16 a Limana&#8221; sabato 9 agosto alle 21:00, dopo il successo di febbraio. Saranno presenti il regista Giovanni Carraro e altri ospiti. Verranno mostrati documenti inediti e sar\u00e0 dato spazio alle testimonianze dei cittadini sul tragico evento accaduto 40 anni fa. L\u2019evento si terr\u00e0 sotto il tendone dell\u2019area Pro Loco in via R. Fiabane. Ingresso libero fino a esaurimento posti.<\/p>\n<p>&nbsp;<\/p>\n<p>&nbsp;<\/p>\n<p>&nbsp;<\/p>\n<hr \/>\n<p>&nbsp;<\/p>\n<blockquote>\n<h3>AL CENTRO MINERARIO DI VALLE IMPERINA LA STORIA DEI \u201cNERI FANTASMI DI MARCINELLE\u201d<\/h3>\n<\/blockquote>\n<p data-start=\"100\" data-end=\"499\"><strong><a class=\"dt-pswp-item\" href=\"https:\/\/www.radiopiu.net\/wordpress\/wp-content\/uploads\/2025\/07\/OIEUD-NLJH.jpg\" data-dt-img-description=\"\" data-large_image_width=\"474\" data-large_image_height=\"677\"><img loading=\"lazy\" decoding=\"async\" class=\" wp-image-461770 alignleft\" src=\"https:\/\/www.radiopiu.net\/wordpress\/wp-content\/uploads\/2025\/07\/OIEUD-NLJH-210x300.jpg\" alt=\"\" width=\"160\" height=\"229\" srcset=\"https:\/\/www.radiopiu.net\/wordpress\/wp-content\/uploads\/2025\/07\/OIEUD-NLJH-210x300.jpg 210w, https:\/\/www.radiopiu.net\/wordpress\/wp-content\/uploads\/2025\/07\/OIEUD-NLJH.jpg 474w\" sizes=\"auto, (max-width: 160px) 100vw, 160px\" \/><\/a>RIVAMONTE <\/strong>All\u2019indomani della Seconda guerra mondiale, centinaia di agordini partirono per il Belgio, allora noto come il \u201cPaese nero\u201d. Molti trovarono impiego nelle miniere, in condizioni durissime. Le famiglie agordine si stabilirono principalmente nella zona di Mons, in particolare a Boussu Bois, localit\u00e0 che ancora oggi evoca ricordi vivi \u2013 spesso dolorosi \u2013 in chi visse quella stagione. Sabato 2 agosto, alle ore 17.00, questo importante capitolo dell\u2019emigrazione bellunese sar\u00e0 rievocato nel centro minerario di Valle Imperina, luogo simbolico scelto non a caso. L\u2019incontro \u00e8 promosso dal Comune di Rivamonte, dall\u2019Associazione Bellunesi nel Mondo (ABM) e dalla Famiglia degli ex emigranti dell\u2019Agordino. Dopo i saluti istituzionali, interverr\u00e0 lo storico Egidio Pasuch, autore del libro <em data-start=\"873\" data-end=\"960\">I neri fantasmi di Marcinelle. Storia (e storie) dell\u2019emigrazione bellunese in Belgio<\/em>. L\u2019introduzione sar\u00e0 affidata al professor Gian Pietro Zanin. La scelta di Valle Imperina, oltre al forte valore simbolico, segna anche la conclusione di un ciclo di circa trenta presentazioni svoltesi in tutta la provincia. Proprio in questo centro minerario, tra qualche settimana, sar\u00e0 presentato anche il nuovo libro di Pasuch, ideale prosecuzione del precedente, dedicato alla silicosi nelle montagne venete. Tra le storie rievocate, un posto speciale \u00e8 occupato da quella di Armando Casera, minatore agordino e figura di spicco del sindacalismo in Belgio. Casera si batt\u00e9 con determinazione per migliorare le condizioni di sicurezza nei luoghi di lavoro e fu promotore, nel 1966 a Mons, della nascita di una delle prime Famiglie di Emigranti, tra le prime a ricevere il gonfalone della Provincia di Belluno. Non si possono dimenticare i molti agordini che persero la vita nelle miniere belghe, soprattutto a Boussu Bois, localit\u00e0 visitata anche dall\u2019allora parroco di Frassen\u00e8, don Giosu\u00e8 Fagherazzi, che raccont\u00f2 la sua esperienza in un opuscolo. <em data-start=\"2019\" data-end=\"2050\">I neri fantasmi di Marcinelle<\/em>, pubblicato dall\u2019Associazione Bellunesi nel Mondo, ha riscosso grande interesse e ha gi\u00e0 richiesto pi\u00f9 ristampe nel primo anno di pubblicazione: segno evidente di una memoria ancora viva nel cuore della comunit\u00e0 bellunese.<\/p>\n<p>&nbsp;<\/p>\n<p>&nbsp;<\/p>\n<hr \/>\n<p>&nbsp;<\/p>\n<h1><span style=\"color: #ff6600;\">IERI ALLA RADIO<\/span><\/h1>\n<h2><span style=\"color: #0000ff;\">LA POLIZIA CONTRO LE TRUFFE AGLI ANZIANI: ONLINE LO SPOT DELLA CAMPAGNA DI PREVENZIONE<\/span><\/h2>\n<p data-start=\"0\" data-end=\"90\"><strong><a class=\"dt-pswp-item\" href=\"https:\/\/www.radiopiu.net\/wordpress\/wp-content\/uploads\/2025\/07\/commissario-Sofia-Pierini_edited.jpg\" data-dt-img-description=\"\" data-large_image_width=\"806\" data-large_image_height=\"1000\"><img loading=\"lazy\" decoding=\"async\" class=\"wp-image-460931 alignleft\" src=\"https:\/\/www.radiopiu.net\/wordpress\/wp-content\/uploads\/2025\/07\/commissario-Sofia-Pierini_edited-242x300.jpg\" alt=\"\" width=\"183\" height=\"227\" srcset=\"https:\/\/www.radiopiu.net\/wordpress\/wp-content\/uploads\/2025\/07\/commissario-Sofia-Pierini_edited-242x300.jpg 242w, https:\/\/www.radiopiu.net\/wordpress\/wp-content\/uploads\/2025\/07\/commissario-Sofia-Pierini_edited-768x953.jpg 768w, https:\/\/www.radiopiu.net\/wordpress\/wp-content\/uploads\/2025\/07\/commissario-Sofia-Pierini_edited.jpg 806w\" sizes=\"auto, (max-width: 183px) 100vw, 183px\" \/><\/a>L&#8217;INTERVISTA ALLA RADIO, OSPITE SOFIA PIERINI (DIRIGENTE UFFICIO PREVENZIONE GENERALE QUESTURA DI BELLUNO)<\/strong><br \/>\nIl commissario Sofia Pierini,\u00a0 di Macerata, \u00e8 la\u00a0 dirigente della Polizia di Stato, Ufficio prevenzione generale e soccorso pubblico (in sigla UPG e SP). Laureata in Giurisprudenza, con master in Comunicazione al Consolato d\u2019Italia a New York, e master in diritto penale al Foro di Macerata, la dottoressa Pierini conosce l\u2019inglese e lo spagnolo.<\/p>\n<audio class=\"wp-audio-shortcode\" id=\"audio-462051-13\" preload=\"none\" style=\"width: 100%;\" controls=\"controls\"><source type=\"audio\/mpeg\" src=\"https:\/\/www.radiopiu.net\/wordpress\/wp-content\/uploads\/2025\/07\/SOFIA-PIERINI-QUESTURA-BELLUNO.mp3?_=13\" \/><a href=\"https:\/\/www.radiopiu.net\/wordpress\/wp-content\/uploads\/2025\/07\/SOFIA-PIERINI-QUESTURA-BELLUNO.mp3\">https:\/\/www.radiopiu.net\/wordpress\/wp-content\/uploads\/2025\/07\/SOFIA-PIERINI-QUESTURA-BELLUNO.mp3<\/a><\/audio>\n<p>&nbsp;<\/p>\n<hr \/>\n<p>&nbsp;<\/p>\n<h2><span style=\"color: #ff99cc;\">BATTI CINQUE&#8230;CON MARINA ED ALESSIO<\/span><\/h2>\n<p><strong><a class=\"dt-pswp-item\" href=\"https:\/\/www.radiopiu.net\/wordpress\/wp-content\/uploads\/2024\/10\/2b41afd1-2910-40a2-aa8e-1f6263104f30.jpg\" data-dt-img-description=\"\" data-large_image_width=\"2048\" data-large_image_height=\"1536\"><img loading=\"lazy\" decoding=\"async\" class=\" wp-image-415813 alignleft\" src=\"https:\/\/www.radiopiu.net\/wordpress\/wp-content\/uploads\/2024\/10\/2b41afd1-2910-40a2-aa8e-1f6263104f30-300x225.jpg\" alt=\"\" width=\"135\" height=\"101\" srcset=\"https:\/\/www.radiopiu.net\/wordpress\/wp-content\/uploads\/2024\/10\/2b41afd1-2910-40a2-aa8e-1f6263104f30-300x225.jpg 300w, https:\/\/www.radiopiu.net\/wordpress\/wp-content\/uploads\/2024\/10\/2b41afd1-2910-40a2-aa8e-1f6263104f30-1024x768.jpg 1024w, https:\/\/www.radiopiu.net\/wordpress\/wp-content\/uploads\/2024\/10\/2b41afd1-2910-40a2-aa8e-1f6263104f30-768x576.jpg 768w, https:\/\/www.radiopiu.net\/wordpress\/wp-content\/uploads\/2024\/10\/2b41afd1-2910-40a2-aa8e-1f6263104f30-1536x1152.jpg 1536w, https:\/\/www.radiopiu.net\/wordpress\/wp-content\/uploads\/2024\/10\/2b41afd1-2910-40a2-aa8e-1f6263104f30.jpg 2048w\" sizes=\"auto, (max-width: 135px) 100vw, 135px\" \/><\/a>REDAZIONE<\/strong> Un confronto tra generazioni, lo si pu\u00f2 definire cos\u00ec il nuovo programma pomeridiano di Radio Pi\u00f9. &#8220;Batti Cinque&#8221; il titolo del contenitore in onda il mercoled\u00ec dalle 15 a cadenza quindicinale. In studio Marina ed Alessio<\/p>\n<p><span style=\"color: #ff0000;\"><strong>\u00a0<\/strong><\/span><\/p>\n<p>&nbsp;<\/p>\n<p><span style=\"color: #ff0000;\"><strong>PUNTATA 20 &#8211; PRIMA PARTE<\/strong><\/span><\/p>\n<audio class=\"wp-audio-shortcode\" id=\"audio-462051-14\" preload=\"none\" style=\"width: 100%;\" controls=\"controls\"><source type=\"audio\/mpeg\" src=\"https:\/\/www.radiopiu.net\/wordpress\/wp-content\/uploads\/2025\/07\/BATTI-5-DICIANNOVESIMA-PUNTATA-1.mp3?_=14\" \/><a href=\"https:\/\/www.radiopiu.net\/wordpress\/wp-content\/uploads\/2025\/07\/BATTI-5-DICIANNOVESIMA-PUNTATA-1.mp3\">https:\/\/www.radiopiu.net\/wordpress\/wp-content\/uploads\/2025\/07\/BATTI-5-DICIANNOVESIMA-PUNTATA-1.mp3<\/a><\/audio>\n<p><span style=\"color: #ff0000;\">\u00a0<\/span><\/p>\n<p><span style=\"color: #ff0000;\"><strong>SECONDA PARTE<\/strong><\/span><\/p>\n<audio class=\"wp-audio-shortcode\" id=\"audio-462051-15\" preload=\"none\" style=\"width: 100%;\" controls=\"controls\"><source type=\"audio\/mpeg\" src=\"https:\/\/www.radiopiu.net\/wordpress\/wp-content\/uploads\/2025\/07\/BATTI-5-DICIANNOVESIMA-PUNTATA-2.mp3?_=15\" \/><a href=\"https:\/\/www.radiopiu.net\/wordpress\/wp-content\/uploads\/2025\/07\/BATTI-5-DICIANNOVESIMA-PUNTATA-2.mp3\">https:\/\/www.radiopiu.net\/wordpress\/wp-content\/uploads\/2025\/07\/BATTI-5-DICIANNOVESIMA-PUNTATA-2.mp3<\/a><\/audio>\n<p><span style=\"color: #ff0000;\">\u00a0<\/span><\/p>\n<p><span style=\"color: #ff0000;\"><strong>TERZA PARTE<\/strong><\/span><\/p>\n<audio class=\"wp-audio-shortcode\" id=\"audio-462051-16\" preload=\"none\" style=\"width: 100%;\" controls=\"controls\"><source type=\"audio\/mpeg\" src=\"https:\/\/www.radiopiu.net\/wordpress\/wp-content\/uploads\/2025\/07\/BATTI-5-DICIANNOVESIMA-PUNTATA-3.mp3?_=16\" \/><a href=\"https:\/\/www.radiopiu.net\/wordpress\/wp-content\/uploads\/2025\/07\/BATTI-5-DICIANNOVESIMA-PUNTATA-3.mp3\">https:\/\/www.radiopiu.net\/wordpress\/wp-content\/uploads\/2025\/07\/BATTI-5-DICIANNOVESIMA-PUNTATA-3.mp3<\/a><\/audio>\n<p>&nbsp;<\/p>\n<h2><strong>LA RACCOLTA COMPLETA <a href=\"https:\/\/www.radiopiu.net\/wordpress\/batti-cinque-con-marina-ed-alessio-la-raccolta\/\"><span style=\"color: #3366ff;\">CLICCA QUI<\/span><\/a><\/strong><\/h2>\n<p>&nbsp;<\/p>\n<hr \/>\n<p>&nbsp;<\/p>\n<h2><span style=\"color: #333399;\">FINE SETTIMANA LUNGO A LA VALLE CON LA SAGRA DE LA MADONA DE LA NEIF<\/span><\/h2>\n<p><strong><a class=\"dt-pswp-item\" href=\"https:\/\/www.radiopiu.net\/wordpress\/wp-content\/uploads\/2025\/07\/lhgaoghaoh.jpg\" data-dt-img-description=\"\" data-large_image_width=\"569\" data-large_image_height=\"267\"><img loading=\"lazy\" decoding=\"async\" class=\" wp-image-461023 alignleft\" src=\"https:\/\/www.radiopiu.net\/wordpress\/wp-content\/uploads\/2025\/07\/lhgaoghaoh-300x141.jpg\" alt=\"\" width=\"213\" height=\"100\" srcset=\"https:\/\/www.radiopiu.net\/wordpress\/wp-content\/uploads\/2025\/07\/lhgaoghaoh-300x141.jpg 300w, https:\/\/www.radiopiu.net\/wordpress\/wp-content\/uploads\/2025\/07\/lhgaoghaoh.jpg 569w\" sizes=\"auto, (max-width: 213px) 100vw, 213px\" \/><\/a>DI MIRKO MEZZACASA<\/strong><\/p>\n<p>OSPITI: Federica Mezzacasa e Riccardo Dell&#8217;Osbel<\/p>\n<audio class=\"wp-audio-shortcode\" id=\"audio-462051-17\" preload=\"none\" style=\"width: 100%;\" controls=\"controls\"><source type=\"audio\/mpeg\" src=\"https:\/\/www.radiopiu.net\/wordpress\/wp-content\/uploads\/2025\/07\/RICCARDO-FEDERICA-MADONA-DE-LA-NEIF.mp3?_=17\" \/><a href=\"https:\/\/www.radiopiu.net\/wordpress\/wp-content\/uploads\/2025\/07\/RICCARDO-FEDERICA-MADONA-DE-LA-NEIF.mp3\">https:\/\/www.radiopiu.net\/wordpress\/wp-content\/uploads\/2025\/07\/RICCARDO-FEDERICA-MADONA-DE-LA-NEIF.mp3<\/a><\/audio>\n<p>&nbsp;<\/p>\n<hr \/>\n<p>&nbsp;<\/p>\n<h2><span style=\"color: #ff6600;\">DOMENICA LA SGAMBADA ZOLDANA 2025<\/span><\/h2>\n<p><strong><a class=\"dt-pswp-item\" href=\"https:\/\/www.radiopiu.net\/wordpress\/wp-content\/uploads\/2025\/07\/SCR-20250730-luvu.jpeg\" data-dt-img-description=\"\" data-large_image_width=\"992\" data-large_image_height=\"642\"><img loading=\"lazy\" decoding=\"async\" class=\" wp-image-462094 alignleft\" src=\"https:\/\/www.radiopiu.net\/wordpress\/wp-content\/uploads\/2025\/07\/SCR-20250730-luvu-300x194.jpeg\" alt=\"\" width=\"203\" height=\"131\" srcset=\"https:\/\/www.radiopiu.net\/wordpress\/wp-content\/uploads\/2025\/07\/SCR-20250730-luvu-300x194.jpeg 300w, https:\/\/www.radiopiu.net\/wordpress\/wp-content\/uploads\/2025\/07\/SCR-20250730-luvu-768x497.jpeg 768w, https:\/\/www.radiopiu.net\/wordpress\/wp-content\/uploads\/2025\/07\/SCR-20250730-luvu.jpeg 992w\" sizes=\"auto, (max-width: 203px) 100vw, 203px\" \/><\/a>DI MIRKO MEZZACASA<\/strong><\/p>\n<p>OSPITE: Corrado De Rocco, Atletica Val Di Zoldo<\/p>\n<audio class=\"wp-audio-shortcode\" id=\"audio-462051-18\" preload=\"none\" style=\"width: 100%;\" controls=\"controls\"><source type=\"audio\/mpeg\" src=\"https:\/\/www.radiopiu.net\/wordpress\/wp-content\/uploads\/2025\/07\/CORRADO-DE-ROCCO.mp3?_=18\" \/><a href=\"https:\/\/www.radiopiu.net\/wordpress\/wp-content\/uploads\/2025\/07\/CORRADO-DE-ROCCO.mp3\">https:\/\/www.radiopiu.net\/wordpress\/wp-content\/uploads\/2025\/07\/CORRADO-DE-ROCCO.mp3<\/a><\/audio>\n<p>&nbsp;<\/p>\n<hr \/>\n<p>&nbsp;<\/p>\n<h2><span style=\"color: #00ccff;\">A FORCELLA AURINE IL VERTICAL COL DE LUNA IN RICORDO DI LUCIA BARBIERO<\/span><\/h2>\n<p><strong><a class=\"dt-pswp-item\" href=\"https:\/\/www.radiopiu.net\/wordpress\/wp-content\/uploads\/2025\/07\/SCR-20250723-nfyz-1.png\" data-dt-img-description=\"\" data-large_image_width=\"634\" data-large_image_height=\"520\"><img loading=\"lazy\" decoding=\"async\" class=\" wp-image-460847 alignleft\" src=\"https:\/\/www.radiopiu.net\/wordpress\/wp-content\/uploads\/2025\/07\/SCR-20250723-nfyz-1-300x246.png\" alt=\"\" width=\"187\" height=\"153\" srcset=\"https:\/\/www.radiopiu.net\/wordpress\/wp-content\/uploads\/2025\/07\/SCR-20250723-nfyz-1-300x246.png 300w, https:\/\/www.radiopiu.net\/wordpress\/wp-content\/uploads\/2025\/07\/SCR-20250723-nfyz-1.png 634w\" sizes=\"auto, (max-width: 187px) 100vw, 187px\" \/><\/a>DI MIRKO MEZZACASA<\/strong><\/p>\n<p>OSPITI: Alessia De Marco, Terry Dal Soler e Luca Cagnati<\/p>\n<audio class=\"wp-audio-shortcode\" id=\"audio-462051-19\" preload=\"none\" style=\"width: 100%;\" controls=\"controls\"><source type=\"audio\/mpeg\" src=\"https:\/\/www.radiopiu.net\/wordpress\/wp-content\/uploads\/2025\/07\/lucia-barbiero-seconda-parte-col-de-luna-trail.mp3?_=19\" \/><a href=\"https:\/\/www.radiopiu.net\/wordpress\/wp-content\/uploads\/2025\/07\/lucia-barbiero-seconda-parte-col-de-luna-trail.mp3\">https:\/\/www.radiopiu.net\/wordpress\/wp-content\/uploads\/2025\/07\/lucia-barbiero-seconda-parte-col-de-luna-trail.mp3<\/a><\/audio>\n<p>&nbsp;<\/p>\n<hr \/>\n<p>&nbsp;<\/p>\n<h2><span style=\"color: #ffcc00;\">L&#8217;ESTATE AL CASTELLO DI ANDRAZ<\/span><\/h2>\n<p><strong><a class=\"dt-pswp-item\" href=\"https:\/\/www.radiopiu.net\/wordpress\/wp-content\/uploads\/2022\/05\/1_Sentiero-del-Respiro_Castello-Andraz_18-maggio.jpg\" data-dt-img-description=\"\" data-large_image_width=\"2048\" data-large_image_height=\"1536\"><img loading=\"lazy\" decoding=\"async\" class=\" wp-image-276482 alignleft\" src=\"https:\/\/www.radiopiu.net\/wordpress\/wp-content\/uploads\/2022\/05\/1_Sentiero-del-Respiro_Castello-Andraz_18-maggio-300x225.jpg\" alt=\"\" width=\"199\" height=\"149\" srcset=\"https:\/\/www.radiopiu.net\/wordpress\/wp-content\/uploads\/2022\/05\/1_Sentiero-del-Respiro_Castello-Andraz_18-maggio-300x225.jpg 300w, https:\/\/www.radiopiu.net\/wordpress\/wp-content\/uploads\/2022\/05\/1_Sentiero-del-Respiro_Castello-Andraz_18-maggio-1024x768.jpg 1024w, https:\/\/www.radiopiu.net\/wordpress\/wp-content\/uploads\/2022\/05\/1_Sentiero-del-Respiro_Castello-Andraz_18-maggio-768x576.jpg 768w, https:\/\/www.radiopiu.net\/wordpress\/wp-content\/uploads\/2022\/05\/1_Sentiero-del-Respiro_Castello-Andraz_18-maggio-1536x1152.jpg 1536w, https:\/\/www.radiopiu.net\/wordpress\/wp-content\/uploads\/2022\/05\/1_Sentiero-del-Respiro_Castello-Andraz_18-maggio.jpg 2048w\" sizes=\"auto, (max-width: 199px) 100vw, 199px\" \/><\/a>DI MIRKO MEZZACASA<\/strong><\/p>\n<p>OSPITI: Eleonora De Mattia e Milly Crepaz<\/p>\n<audio class=\"wp-audio-shortcode\" id=\"audio-462051-20\" preload=\"none\" style=\"width: 100%;\" controls=\"controls\"><source type=\"audio\/mpeg\" src=\"https:\/\/www.radiopiu.net\/wordpress\/wp-content\/uploads\/2025\/07\/ELEONORA-MILLY.mp3?_=20\" \/><a href=\"https:\/\/www.radiopiu.net\/wordpress\/wp-content\/uploads\/2025\/07\/ELEONORA-MILLY.mp3\">https:\/\/www.radiopiu.net\/wordpress\/wp-content\/uploads\/2025\/07\/ELEONORA-MILLY.mp3<\/a><\/audio>\n<p>&nbsp;<\/p>\n<hr \/>\n<p>&nbsp;<\/p>\n<h2><span style=\"color: #cc99ff;\">UN&#8217;ESTATE DI EVENTI A SAN TOMASO AGORDINO<\/span><\/h2>\n<p><strong><a class=\"dt-pswp-item\" href=\"https:\/\/www.radiopiu.net\/wordpress\/wp-content\/uploads\/2025\/07\/pdjsaph.jpg\" data-dt-img-description=\"\" data-large_image_width=\"376\" data-large_image_height=\"306\"><img loading=\"lazy\" decoding=\"async\" class=\" wp-image-458699 alignleft\" src=\"https:\/\/www.radiopiu.net\/wordpress\/wp-content\/uploads\/2025\/07\/pdjsaph-300x244.jpg\" alt=\"\" width=\"176\" height=\"143\" srcset=\"https:\/\/www.radiopiu.net\/wordpress\/wp-content\/uploads\/2025\/07\/pdjsaph-300x244.jpg 300w, https:\/\/www.radiopiu.net\/wordpress\/wp-content\/uploads\/2025\/07\/pdjsaph.jpg 376w\" sizes=\"auto, (max-width: 176px) 100vw, 176px\" \/><\/a>DI MIRKO MEZZACASA<\/strong><\/p>\n<p>OSPITI: Jos\u00e8 Gaiardo e Moreno De Val<\/p>\n<audio class=\"wp-audio-shortcode\" id=\"audio-462051-21\" preload=\"none\" style=\"width: 100%;\" controls=\"controls\"><source type=\"audio\/mpeg\" src=\"https:\/\/www.radiopiu.net\/wordpress\/wp-content\/uploads\/2025\/07\/jose-e-moreno-san-tmaso-2025.mp3?_=21\" \/><a href=\"https:\/\/www.radiopiu.net\/wordpress\/wp-content\/uploads\/2025\/07\/jose-e-moreno-san-tmaso-2025.mp3\">https:\/\/www.radiopiu.net\/wordpress\/wp-content\/uploads\/2025\/07\/jose-e-moreno-san-tmaso-2025.mp3<\/a><\/audio>\n<p>&nbsp;<\/p>\n<p>&nbsp;<\/p>\n<hr \/>\n<p>&nbsp;<\/p>\n<h2><span style=\"color: #333399;\">TORNA A CESIOMAGGIORE LA SETTIMANA DEL CICLISMO 2025: OSPITE D\u2019ONORE FRANCESCO MOSER<\/span><\/h2>\n<p><strong>CESIOMAGGIORE<\/strong> Torna a Cesiomaggiore la Settimana del Ciclismo: tanti appuntamenti sportivi e culturali, e dal Comune arriva l&#8217;annuncio di un&#8217;importante novit\u00e0. A benedire l&#8217;edizione 2025 della manifestazione, un gigante del ciclismo nazionale e mondiale: Francesco Moser.<\/p>\n<p><strong>DI DANIELE DALVIT<\/strong><\/p>\n<audio class=\"wp-audio-shortcode\" id=\"audio-462051-22\" preload=\"none\" style=\"width: 100%;\" controls=\"controls\"><source type=\"audio\/mpeg\" src=\"https:\/\/www.radiopiu.net\/wordpress\/wp-content\/uploads\/2025\/07\/Servizio-Settimana-ciclismo-Cesio-2025.mp3?_=22\" \/><a href=\"https:\/\/www.radiopiu.net\/wordpress\/wp-content\/uploads\/2025\/07\/Servizio-Settimana-ciclismo-Cesio-2025.mp3\">https:\/\/www.radiopiu.net\/wordpress\/wp-content\/uploads\/2025\/07\/Servizio-Settimana-ciclismo-Cesio-2025.mp3<\/a><\/audio>\n<p>&nbsp;<\/p>\n\n\t\t\t<style type='text\/css'>\n\t\t\t\t#gallery-9 {\n\t\t\t\t\tmargin: auto;\n\t\t\t\t}\n\t\t\t\t#gallery-9 .gallery-item {\n\t\t\t\t\tfloat: left;\n\t\t\t\t\tmargin-top: 10px;\n\t\t\t\t\ttext-align: center;\n\t\t\t\t\twidth: 20%;\n\t\t\t\t}\n\t\t\t\t#gallery-9 img {\n\t\t\t\t\tborder: 2px solid #cfcfcf;\n\t\t\t\t}\n\t\t\t\t#gallery-9 .gallery-caption {\n\t\t\t\t\tmargin-left: 0;\n\t\t\t\t}\n\t\t\t\t\/* see gallery_shortcode() in wp-includes\/media.php *\/\n\t\t\t<\/style>\n\t\t<div id='gallery-9' class='dt-gallery-container gallery galleryid-462051 gallery-columns-5 gallery-size-thumbnail'><dl class='gallery-item'>\n\t\t\t\t<dt class='gallery-icon landscape'>\n\t\t\t\t\t<a class=\"rollover rollover-zoom dt-pswp-item\" title=\"d716f072-5ffc-472a-8ebf-a020cf87852d\" data-dt-img-description=\"\" data-large_image_width=\"2560\" data-large_image_height=\"1920\"href='https:\/\/www.radiopiu.net\/wordpress\/wp-content\/uploads\/2025\/07\/d716f072-5ffc-472a-8ebf-a020cf87852d-scaled.jpg'><img loading=\"lazy\" decoding=\"async\" width=\"150\" height=\"150\" src=\"https:\/\/www.radiopiu.net\/wordpress\/wp-content\/uploads\/2025\/07\/d716f072-5ffc-472a-8ebf-a020cf87852d-150x150.jpg\" class=\"attachment-thumbnail size-thumbnail\" alt=\"\" \/><\/a>\n\t\t\t\t<\/dt><\/dl><dl class='gallery-item'>\n\t\t\t\t<dt class='gallery-icon landscape'>\n\t\t\t\t\t<a class=\"rollover rollover-zoom dt-pswp-item\" title=\"34f77be5-2e7b-4646-9905-7ba850bd4fce\" data-dt-img-description=\"\" data-large_image_width=\"2560\" data-large_image_height=\"1920\"href='https:\/\/www.radiopiu.net\/wordpress\/wp-content\/uploads\/2025\/07\/34f77be5-2e7b-4646-9905-7ba850bd4fce-scaled.jpg'><img loading=\"lazy\" decoding=\"async\" width=\"150\" height=\"150\" src=\"https:\/\/www.radiopiu.net\/wordpress\/wp-content\/uploads\/2025\/07\/34f77be5-2e7b-4646-9905-7ba850bd4fce-150x150.jpg\" class=\"attachment-thumbnail size-thumbnail\" alt=\"\" \/><\/a>\n\t\t\t\t<\/dt><\/dl><dl class='gallery-item'>\n\t\t\t\t<dt class='gallery-icon landscape'>\n\t\t\t\t\t<a class=\"rollover rollover-zoom dt-pswp-item\" title=\"11382885-a454-47be-8065-0db5eaa5e0dc\" data-dt-img-description=\"\" data-large_image_width=\"2560\" data-large_image_height=\"1920\"href='https:\/\/www.radiopiu.net\/wordpress\/wp-content\/uploads\/2025\/07\/11382885-a454-47be-8065-0db5eaa5e0dc-scaled.jpg'><img loading=\"lazy\" decoding=\"async\" width=\"150\" height=\"150\" src=\"https:\/\/www.radiopiu.net\/wordpress\/wp-content\/uploads\/2025\/07\/11382885-a454-47be-8065-0db5eaa5e0dc-150x150.jpg\" class=\"attachment-thumbnail size-thumbnail\" alt=\"\" \/><\/a>\n\t\t\t\t<\/dt><\/dl><dl class='gallery-item'>\n\t\t\t\t<dt class='gallery-icon landscape'>\n\t\t\t\t\t<a class=\"rollover rollover-zoom dt-pswp-item\" title=\"0f60dbea-5ce9-412b-ad61-1531feb7ca5a\" data-dt-img-description=\"\" data-large_image_width=\"2560\" data-large_image_height=\"1920\"href='https:\/\/www.radiopiu.net\/wordpress\/wp-content\/uploads\/2025\/07\/0f60dbea-5ce9-412b-ad61-1531feb7ca5a-scaled.jpg'><img loading=\"lazy\" decoding=\"async\" width=\"150\" height=\"150\" src=\"https:\/\/www.radiopiu.net\/wordpress\/wp-content\/uploads\/2025\/07\/0f60dbea-5ce9-412b-ad61-1531feb7ca5a-150x150.jpg\" class=\"attachment-thumbnail size-thumbnail\" alt=\"\" \/><\/a>\n\t\t\t\t<\/dt><\/dl><dl class='gallery-item'>\n\t\t\t\t<dt class='gallery-icon landscape'>\n\t\t\t\t\t<a class=\"rollover rollover-zoom dt-pswp-item\" title=\"66e5e6dc-5964-400e-a4d8-df5de56a7457\" data-dt-img-description=\"\" data-large_image_width=\"2560\" data-large_image_height=\"1920\"href='https:\/\/www.radiopiu.net\/wordpress\/wp-content\/uploads\/2025\/07\/66e5e6dc-5964-400e-a4d8-df5de56a7457-scaled.jpg'><img loading=\"lazy\" decoding=\"async\" width=\"150\" height=\"150\" src=\"https:\/\/www.radiopiu.net\/wordpress\/wp-content\/uploads\/2025\/07\/66e5e6dc-5964-400e-a4d8-df5de56a7457-150x150.jpg\" class=\"attachment-thumbnail size-thumbnail\" alt=\"\" \/><\/a>\n\t\t\t\t<\/dt><\/dl><br style=\"clear: both\" \/>\n\t\t\t<\/div>\n\n<p>&nbsp;<\/p>\n<hr \/>\n<p>&nbsp;<\/p>\n<h2><span style=\"color: #808080;\">UN FINE LUGLIO CARICO DI APPUNTAMENTI IN TERRITORIO FODOM<\/span><\/h2>\n<p><strong><a class=\"dt-pswp-item\" href=\"https:\/\/www.radiopiu.net\/wordpress\/wp-content\/uploads\/2021\/07\/Pieve-di-Livinallongo_Arabba-Fodom-Turismo.jpg\" data-dt-img-description=\"\" data-large_image_width=\"2016\" data-large_image_height=\"1512\"><img loading=\"lazy\" decoding=\"async\" class=\" wp-image-222884 alignleft\" src=\"https:\/\/www.radiopiu.net\/wordpress\/wp-content\/uploads\/2021\/07\/Pieve-di-Livinallongo_Arabba-Fodom-Turismo-300x225.jpg\" alt=\"\" width=\"173\" height=\"130\" srcset=\"https:\/\/www.radiopiu.net\/wordpress\/wp-content\/uploads\/2021\/07\/Pieve-di-Livinallongo_Arabba-Fodom-Turismo-300x225.jpg 300w, https:\/\/www.radiopiu.net\/wordpress\/wp-content\/uploads\/2021\/07\/Pieve-di-Livinallongo_Arabba-Fodom-Turismo-1024x768.jpg 1024w, https:\/\/www.radiopiu.net\/wordpress\/wp-content\/uploads\/2021\/07\/Pieve-di-Livinallongo_Arabba-Fodom-Turismo-768x576.jpg 768w, https:\/\/www.radiopiu.net\/wordpress\/wp-content\/uploads\/2021\/07\/Pieve-di-Livinallongo_Arabba-Fodom-Turismo-1536x1152.jpg 1536w, https:\/\/www.radiopiu.net\/wordpress\/wp-content\/uploads\/2021\/07\/Pieve-di-Livinallongo_Arabba-Fodom-Turismo.jpg 2016w\" sizes=\"auto, (max-width: 173px) 100vw, 173px\" \/><\/a>LIVINALLONGO<\/strong><\/p>\n<p>DI GIANPAOLO SORATROI<\/p>\n<audio class=\"wp-audio-shortcode\" id=\"audio-462051-23\" preload=\"none\" style=\"width: 100%;\" controls=\"controls\"><source type=\"audio\/mpeg\" src=\"https:\/\/www.radiopiu.net\/wordpress\/wp-content\/uploads\/2025\/07\/GIANPAOLO-SORATROI-APPUNTAMENTI-FODOM.mp3?_=23\" \/><a href=\"https:\/\/www.radiopiu.net\/wordpress\/wp-content\/uploads\/2025\/07\/GIANPAOLO-SORATROI-APPUNTAMENTI-FODOM.mp3\">https:\/\/www.radiopiu.net\/wordpress\/wp-content\/uploads\/2025\/07\/GIANPAOLO-SORATROI-APPUNTAMENTI-FODOM.mp3<\/a><\/audio>\n<p>&nbsp;<\/p>\n<hr \/>\n<p>&nbsp;<\/p>\n<h2><span style=\"color: #99cc00;\">GLI APPUNTAMENTI ESTIVI AL CENTRO MINERARIO DI VALLE IMPERINA<\/span><\/h2>\n<p><strong><a class=\"dt-pswp-item\" href=\"https:\/\/www.radiopiu.net\/wordpress\/wp-content\/uploads\/2023\/11\/OSTELLO-VALLE-IMPERINA.jpg\" data-dt-img-description=\"\" data-large_image_width=\"1600\" data-large_image_height=\"1066\"><img loading=\"lazy\" decoding=\"async\" class=\" wp-image-361608 alignleft\" src=\"https:\/\/www.radiopiu.net\/wordpress\/wp-content\/uploads\/2023\/11\/OSTELLO-VALLE-IMPERINA-300x200.jpg\" alt=\"\" width=\"203\" height=\"135\" srcset=\"https:\/\/www.radiopiu.net\/wordpress\/wp-content\/uploads\/2023\/11\/OSTELLO-VALLE-IMPERINA-300x200.jpg 300w, https:\/\/www.radiopiu.net\/wordpress\/wp-content\/uploads\/2023\/11\/OSTELLO-VALLE-IMPERINA-1024x682.jpg 1024w, https:\/\/www.radiopiu.net\/wordpress\/wp-content\/uploads\/2023\/11\/OSTELLO-VALLE-IMPERINA-768x512.jpg 768w, https:\/\/www.radiopiu.net\/wordpress\/wp-content\/uploads\/2023\/11\/OSTELLO-VALLE-IMPERINA-1536x1023.jpg 1536w, https:\/\/www.radiopiu.net\/wordpress\/wp-content\/uploads\/2023\/11\/OSTELLO-VALLE-IMPERINA.jpg 1600w\" sizes=\"auto, (max-width: 203px) 100vw, 203px\" \/><\/a>DI MIRKO MEZZACASA<\/strong><\/p>\n<p>OSPITE: Marco Mottes<\/p>\n<audio class=\"wp-audio-shortcode\" id=\"audio-462051-24\" preload=\"none\" style=\"width: 100%;\" controls=\"controls\"><source type=\"audio\/mpeg\" src=\"https:\/\/www.radiopiu.net\/wordpress\/wp-content\/uploads\/2025\/07\/MARCO-MOTTES-CENTRO-MINERARIO-VALLE-IMPERINA.mp3?_=24\" \/><a href=\"https:\/\/www.radiopiu.net\/wordpress\/wp-content\/uploads\/2025\/07\/MARCO-MOTTES-CENTRO-MINERARIO-VALLE-IMPERINA.mp3\">https:\/\/www.radiopiu.net\/wordpress\/wp-content\/uploads\/2025\/07\/MARCO-MOTTES-CENTRO-MINERARIO-VALLE-IMPERINA.mp3<\/a><\/audio>\n<p>&nbsp;<\/p>\n<hr \/>\n<p>&nbsp;<\/p>\n<h2><span style=\"color: #33cccc;\">GLI APPUNTAMENTI ESTIVI DEL GAMP<\/span><\/h2>\n<p><strong><a class=\"dt-pswp-item\" href=\"https:\/\/www.radiopiu.net\/wordpress\/wp-content\/uploads\/2025\/07\/1c72018c-51c5-470c-ab45-7ebe8dd3c5fd.jpg\" data-dt-img-description=\"\" data-large_image_width=\"2048\" data-large_image_height=\"1152\"><img loading=\"lazy\" decoding=\"async\" class=\" wp-image-460212 alignleft\" src=\"https:\/\/www.radiopiu.net\/wordpress\/wp-content\/uploads\/2025\/07\/1c72018c-51c5-470c-ab45-7ebe8dd3c5fd-300x169.jpg\" alt=\"\" width=\"257\" height=\"145\" srcset=\"https:\/\/www.radiopiu.net\/wordpress\/wp-content\/uploads\/2025\/07\/1c72018c-51c5-470c-ab45-7ebe8dd3c5fd-300x169.jpg 300w, https:\/\/www.radiopiu.net\/wordpress\/wp-content\/uploads\/2025\/07\/1c72018c-51c5-470c-ab45-7ebe8dd3c5fd-1024x576.jpg 1024w, https:\/\/www.radiopiu.net\/wordpress\/wp-content\/uploads\/2025\/07\/1c72018c-51c5-470c-ab45-7ebe8dd3c5fd-768x432.jpg 768w, https:\/\/www.radiopiu.net\/wordpress\/wp-content\/uploads\/2025\/07\/1c72018c-51c5-470c-ab45-7ebe8dd3c5fd-1536x864.jpg 1536w, https:\/\/www.radiopiu.net\/wordpress\/wp-content\/uploads\/2025\/07\/1c72018c-51c5-470c-ab45-7ebe8dd3c5fd.jpg 2048w\" sizes=\"auto, (max-width: 257px) 100vw, 257px\" \/><\/a>DI MIRKO MEZZACASA<\/strong><\/p>\n<p>OSPITI: Manuel Conedera ed Enea Decima<\/p>\n<audio class=\"wp-audio-shortcode\" id=\"audio-462051-25\" preload=\"none\" style=\"width: 100%;\" controls=\"controls\"><source type=\"audio\/mpeg\" src=\"https:\/\/www.radiopiu.net\/wordpress\/wp-content\/uploads\/2025\/07\/manuel-conedera-enea-decima-2025.mp3?_=25\" \/><a href=\"https:\/\/www.radiopiu.net\/wordpress\/wp-content\/uploads\/2025\/07\/manuel-conedera-enea-decima-2025.mp3\">https:\/\/www.radiopiu.net\/wordpress\/wp-content\/uploads\/2025\/07\/manuel-conedera-enea-decima-2025.mp3<\/a><\/audio>\n<p>&nbsp;<\/p>\n<hr \/>\n<p>&nbsp;<\/p>\n<h2><span style=\"color: #99ccff;\">CON LA PRO LOCO DI GOSALDO GLI APPUNTAMENTI ESTIVI NON MANCANO<\/span><\/h2>\n<p><strong><a class=\"dt-pswp-item\" href=\"https:\/\/www.radiopiu.net\/wordpress\/wp-content\/uploads\/2022\/01\/280px-DBGosaldoPala3.jpg\" data-dt-img-description=\"\" data-large_image_width=\"280\" data-large_image_height=\"181\"><img loading=\"lazy\" decoding=\"async\" class=\" wp-image-255077 alignleft\" src=\"https:\/\/www.radiopiu.net\/wordpress\/wp-content\/uploads\/2022\/01\/280px-DBGosaldoPala3.jpg\" alt=\"\" width=\"220\" height=\"142\" \/><\/a>DI MIRKO MEZZACASA<\/strong><\/p>\n<p>OSPITI: Donatello Garatone, Milena Masoch, Sara Laveder<\/p>\n<audio class=\"wp-audio-shortcode\" id=\"audio-462051-26\" preload=\"none\" style=\"width: 100%;\" controls=\"controls\"><source type=\"audio\/mpeg\" src=\"https:\/\/www.radiopiu.net\/wordpress\/wp-content\/uploads\/2025\/07\/donatello-sara-milena.mp3?_=26\" \/><a href=\"https:\/\/www.radiopiu.net\/wordpress\/wp-content\/uploads\/2025\/07\/donatello-sara-milena.mp3\">https:\/\/www.radiopiu.net\/wordpress\/wp-content\/uploads\/2025\/07\/donatello-sara-milena.mp3<\/a><\/audio>\n<p>&nbsp;<\/p>\n<hr \/>\n<p>&nbsp;<\/p>\n<h2><span style=\"color: #ffcc99;\">DOMENICA SI ACCENDONO I MOTORI A MASIERE DI SOSPIROLO CON IL MASIERE TROPHY<\/span><\/h2>\n<p><strong><a class=\"dt-pswp-item\" href=\"https:\/\/www.radiopiu.net\/wordpress\/wp-content\/uploads\/2025\/07\/518422396_1492048838795727_5394581552165021776_n.jpg\" data-dt-img-description=\"\" data-large_image_width=\"1240\" data-large_image_height=\"1754\"><img loading=\"lazy\" decoding=\"async\" class=\" wp-image-460527 alignleft\" src=\"https:\/\/www.radiopiu.net\/wordpress\/wp-content\/uploads\/2025\/07\/518422396_1492048838795727_5394581552165021776_n-212x300.jpg\" alt=\"\" width=\"150\" height=\"212\" srcset=\"https:\/\/www.radiopiu.net\/wordpress\/wp-content\/uploads\/2025\/07\/518422396_1492048838795727_5394581552165021776_n-212x300.jpg 212w, https:\/\/www.radiopiu.net\/wordpress\/wp-content\/uploads\/2025\/07\/518422396_1492048838795727_5394581552165021776_n-724x1024.jpg 724w, https:\/\/www.radiopiu.net\/wordpress\/wp-content\/uploads\/2025\/07\/518422396_1492048838795727_5394581552165021776_n-768x1086.jpg 768w, https:\/\/www.radiopiu.net\/wordpress\/wp-content\/uploads\/2025\/07\/518422396_1492048838795727_5394581552165021776_n-1086x1536.jpg 1086w, https:\/\/www.radiopiu.net\/wordpress\/wp-content\/uploads\/2025\/07\/518422396_1492048838795727_5394581552165021776_n.jpg 1240w\" sizes=\"auto, (max-width: 150px) 100vw, 150px\" \/><\/a>DI MARCO GAZ<\/strong><\/p>\n<p>OSPITI: Manuel, Loris e Davide di TNT Corse<\/p>\n<audio class=\"wp-audio-shortcode\" id=\"audio-462051-27\" preload=\"none\" style=\"width: 100%;\" controls=\"controls\"><source type=\"audio\/mpeg\" src=\"https:\/\/www.radiopiu.net\/wordpress\/wp-content\/uploads\/2025\/07\/MASIERE-TROPHY-MANUEL-LORIS-DAVIDE.mp3?_=27\" \/><a href=\"https:\/\/www.radiopiu.net\/wordpress\/wp-content\/uploads\/2025\/07\/MASIERE-TROPHY-MANUEL-LORIS-DAVIDE.mp3\">https:\/\/www.radiopiu.net\/wordpress\/wp-content\/uploads\/2025\/07\/MASIERE-TROPHY-MANUEL-LORIS-DAVIDE.mp3<\/a><\/audio>\n<p>&nbsp;<\/p>\n<hr \/>\n<p>&nbsp;<\/p>\n<h2><span style=\"color: #ff0000;\">I CONSIGLI DI GIANLUCA&#8230;DA DOLOMITI BEER &amp; WINE SHOP<\/span><\/h2>\n<p><strong><a class=\"dt-pswp-item\" href=\"https:\/\/www.radiopiu.net\/wordpress\/wp-content\/uploads\/2021\/03\/vino-300x199-1.jpg\" data-dt-img-description=\"\" data-large_image_width=\"300\" data-large_image_height=\"199\"><img loading=\"lazy\" decoding=\"async\" class=\" wp-image-199994 alignleft\" src=\"https:\/\/www.radiopiu.net\/wordpress\/wp-content\/uploads\/2021\/03\/vino-300x199-1.jpg\" alt=\"\" width=\"163\" height=\"108\" \/><\/a><\/strong><\/p>\n<p>&nbsp;<\/p>\n<p>&nbsp;<\/p>\n<p><strong>REDAZIONE<\/strong> Con l&#8217;arrivo dell&#8217;estate arrivano anche i consigli di Gianluca dal Dolomiti Beer &amp; Wine Shop<\/p>\n<p>&nbsp;<\/p>\n<p>&nbsp;<\/p>\n<p><span style=\"color: #ff0000;\"><strong><a class=\"dt-pswp-item\" href=\"https:\/\/www.radiopiu.net\/wordpress\/wp-content\/uploads\/2025\/07\/don-papa.jpg\" data-dt-img-description=\"\" data-large_image_width=\"2560\" data-large_image_height=\"2560\"><img loading=\"lazy\" decoding=\"async\" class=\" wp-image-462108 alignleft\" src=\"https:\/\/www.radiopiu.net\/wordpress\/wp-content\/uploads\/2025\/07\/don-papa-300x300.jpg\" alt=\"\" width=\"138\" height=\"138\" srcset=\"https:\/\/www.radiopiu.net\/wordpress\/wp-content\/uploads\/2025\/07\/don-papa-300x300.jpg 300w, https:\/\/www.radiopiu.net\/wordpress\/wp-content\/uploads\/2025\/07\/don-papa-1024x1024.jpg 1024w, https:\/\/www.radiopiu.net\/wordpress\/wp-content\/uploads\/2025\/07\/don-papa-150x150.jpg 150w, https:\/\/www.radiopiu.net\/wordpress\/wp-content\/uploads\/2025\/07\/don-papa-768x768.jpg 768w, https:\/\/www.radiopiu.net\/wordpress\/wp-content\/uploads\/2025\/07\/don-papa-1536x1536.jpg 1536w, https:\/\/www.radiopiu.net\/wordpress\/wp-content\/uploads\/2025\/07\/don-papa-2048x2048.jpg 2048w\" sizes=\"auto, (max-width: 138px) 100vw, 138px\" \/><\/a>30 LUGLIO 2025<\/strong><\/span><\/p>\n<p>DON PAPA: IL RUM HA UNA MASCHERA, UN\u2019ANIMA E UN SORRISO\u00a0 Dal cuore selvaggio di Negros, nelle Filippine, arrivano due spiriti inconfondibili: Don Papa Baroko \u2013 Esuberante, dolce e speziato, come un carnevale tropicale. Don Papa Masskara \u2013 Audace, aromatico, con note di agrumi e peperoncino.Due anime, un solo spirito: libero, misterioso, indimenticabile.Li trovi nelle nostre enoteche Dolomiti Beer &amp; Wine Shop e su www.dafrom.it<br \/>\nPerfetti per cocktail creativi o da gustare lisci\u2026 perch\u00e9 in fondo,<br \/>\n\u201cOgni persona \u00e8 un buon bevitore\u201d \u2013 Dafrom<\/p>\n<audio class=\"wp-audio-shortcode\" id=\"audio-462051-28\" preload=\"none\" style=\"width: 100%;\" controls=\"controls\"><source type=\"audio\/mpeg\" src=\"https:\/\/www.radiopiu.net\/wordpress\/wp-content\/uploads\/2025\/07\/GWINE1A-6.mp3?_=28\" \/><a href=\"https:\/\/www.radiopiu.net\/wordpress\/wp-content\/uploads\/2025\/07\/GWINE1A-6.mp3\">https:\/\/www.radiopiu.net\/wordpress\/wp-content\/uploads\/2025\/07\/GWINE1A-6.mp3<\/a><\/audio>\n<p>&nbsp;<\/p>\n<h2><strong>LA RACCOLTA COMPLETA <a href=\"https:\/\/www.radiopiu.net\/wordpress\/i-consigli-di-gianluca\/\"><span style=\"color: #3366ff;\">CLICCA QUI<\/span><\/a><\/strong><\/h2>\n<p>&nbsp;<\/p>\n<hr \/>\n<p>&nbsp;<\/p>\n<h2><span style=\"color: #99cc00;\">OGGI LA DEGUSTAZIONE DI VINI DEI COLLI BERICI AL DOLOMITI BEER &amp; WINE SHOP DI SEDICO<\/span><\/h2>\n<p><strong><a class=\"dt-pswp-item\" href=\"https:\/\/www.radiopiu.net\/wordpress\/wp-content\/uploads\/2025\/07\/vino-bianco.jpg\" data-dt-img-description=\"\" data-large_image_width=\"1280\" data-large_image_height=\"853\"><img loading=\"lazy\" decoding=\"async\" class=\" wp-image-462136 alignleft\" src=\"https:\/\/www.radiopiu.net\/wordpress\/wp-content\/uploads\/2025\/07\/vino-bianco-300x200.jpg\" alt=\"\" width=\"150\" height=\"100\" srcset=\"https:\/\/www.radiopiu.net\/wordpress\/wp-content\/uploads\/2025\/07\/vino-bianco-300x200.jpg 300w, https:\/\/www.radiopiu.net\/wordpress\/wp-content\/uploads\/2025\/07\/vino-bianco-1024x682.jpg 1024w, https:\/\/www.radiopiu.net\/wordpress\/wp-content\/uploads\/2025\/07\/vino-bianco-768x512.jpg 768w, https:\/\/www.radiopiu.net\/wordpress\/wp-content\/uploads\/2025\/07\/vino-bianco.jpg 1280w\" sizes=\"auto, (max-width: 150px) 100vw, 150px\" \/><\/a>SEDICO <\/strong>Tempo di degustazioni al Dolomiti Beer &amp; Wine Shop di Sedico. Oggi alle 17 la degustazione di vini dei Colli Berici<\/p>\n<p>&nbsp;<\/p>\n<p>&nbsp;<\/p>\n<p><strong>LO SPOT ALLA RADIO<\/strong><\/p>\n<audio class=\"wp-audio-shortcode\" id=\"audio-462051-29\" preload=\"none\" style=\"width: 100%;\" controls=\"controls\"><source type=\"audio\/mpeg\" src=\"https:\/\/www.radiopiu.net\/wordpress\/wp-content\/uploads\/2025\/07\/FELTRE-31-LUGLIO.mp3?_=29\" \/><a href=\"https:\/\/www.radiopiu.net\/wordpress\/wp-content\/uploads\/2025\/07\/FELTRE-31-LUGLIO.mp3\">https:\/\/www.radiopiu.net\/wordpress\/wp-content\/uploads\/2025\/07\/FELTRE-31-LUGLIO.mp3<\/a><\/audio>\n<p>&nbsp;<\/p>\n<hr \/>\n<p>&nbsp;<\/p>\n<h2><span style=\"color: #ff0000;\"><a class=\"dt-pswp-item\" href=\"https:\/\/www.radiopiu.net\/wordpress\/wp-content\/uploads\/2018\/09\/appuntamenti.jpeg\" data-dt-img-description=\"\" data-large_image_width=\"800\" data-large_image_height=\"100\"><img loading=\"lazy\" decoding=\"async\" class=\"wp-image-61958 size-full aligncenter\" src=\"https:\/\/www.radiopiu.net\/wordpress\/wp-content\/uploads\/2018\/09\/appuntamenti.jpeg\" alt=\"\" width=\"800\" height=\"100\" srcset=\"https:\/\/www.radiopiu.net\/wordpress\/wp-content\/uploads\/2018\/09\/appuntamenti.jpeg 800w, https:\/\/www.radiopiu.net\/wordpress\/wp-content\/uploads\/2018\/09\/appuntamenti-300x38.jpeg 300w, https:\/\/www.radiopiu.net\/wordpress\/wp-content\/uploads\/2018\/09\/appuntamenti-768x96.jpeg 768w\" sizes=\"auto, (max-width: 800px) 100vw, 800px\" \/><\/a><\/span><\/h2>\n<p>&nbsp;<\/p>\n\n\t\t\t<style type='text\/css'>\n\t\t\t\t#gallery-10 {\n\t\t\t\t\tmargin: auto;\n\t\t\t\t}\n\t\t\t\t#gallery-10 .gallery-item {\n\t\t\t\t\tfloat: left;\n\t\t\t\t\tmargin-top: 10px;\n\t\t\t\t\ttext-align: center;\n\t\t\t\t\twidth: 20%;\n\t\t\t\t}\n\t\t\t\t#gallery-10 img {\n\t\t\t\t\tborder: 2px solid #cfcfcf;\n\t\t\t\t}\n\t\t\t\t#gallery-10 .gallery-caption {\n\t\t\t\t\tmargin-left: 0;\n\t\t\t\t}\n\t\t\t\t\/* see gallery_shortcode() in wp-includes\/media.php *\/\n\t\t\t<\/style>\n\t\t<div id='gallery-10' class='dt-gallery-container gallery galleryid-462051 gallery-columns-5 gallery-size-thumbnail'><dl class='gallery-item'>\n\t\t\t\t<dt class='gallery-icon portrait'>\n\t\t\t\t\t<a class=\"rollover rollover-zoom dt-pswp-item\" title=\"090267ee-c61a-4395-8f22-076aae3d6bae\" data-dt-img-description=\"\" data-large_image_width=\"1131\" data-large_image_height=\"1600\"href='https:\/\/www.radiopiu.net\/wordpress\/wp-content\/uploads\/2025\/07\/090267ee-c61a-4395-8f22-076aae3d6bae.jpg'><img loading=\"lazy\" decoding=\"async\" width=\"150\" height=\"150\" src=\"https:\/\/www.radiopiu.net\/wordpress\/wp-content\/uploads\/2025\/07\/090267ee-c61a-4395-8f22-076aae3d6bae-150x150.jpg\" class=\"attachment-thumbnail size-thumbnail\" alt=\"\" \/><\/a>\n\t\t\t\t<\/dt><\/dl><dl class='gallery-item'>\n\t\t\t\t<dt class='gallery-icon portrait'>\n\t\t\t\t\t<a class=\"rollover rollover-zoom dt-pswp-item\" title=\"cadf9f3e-b763-4b78-a053-a610ef5c8c99\" data-dt-img-description=\"\" data-large_image_width=\"960\" data-large_image_height=\"1280\"href='https:\/\/www.radiopiu.net\/wordpress\/wp-content\/uploads\/2025\/06\/cadf9f3e-b763-4b78-a053-a610ef5c8c99.jpg'><img loading=\"lazy\" decoding=\"async\" width=\"150\" height=\"150\" src=\"https:\/\/www.radiopiu.net\/wordpress\/wp-content\/uploads\/2025\/06\/cadf9f3e-b763-4b78-a053-a610ef5c8c99-150x150.jpg\" class=\"attachment-thumbnail size-thumbnail\" alt=\"\" \/><\/a>\n\t\t\t\t<\/dt><\/dl><dl class='gallery-item'>\n\t\t\t\t<dt class='gallery-icon portrait'>\n\t\t\t\t\t<a class=\"rollover rollover-zoom dt-pswp-item\" title=\"24d6f9ce-9932-4a78-80fb-ae29b85682ec\" data-dt-img-description=\"\" data-large_image_width=\"1280\" data-large_image_height=\"1600\"href='https:\/\/www.radiopiu.net\/wordpress\/wp-content\/uploads\/2025\/07\/24d6f9ce-9932-4a78-80fb-ae29b85682ec.jpg'><img loading=\"lazy\" decoding=\"async\" width=\"150\" height=\"150\" src=\"https:\/\/www.radiopiu.net\/wordpress\/wp-content\/uploads\/2025\/07\/24d6f9ce-9932-4a78-80fb-ae29b85682ec-150x150.jpg\" class=\"attachment-thumbnail size-thumbnail\" alt=\"\" \/><\/a>\n\t\t\t\t<\/dt><\/dl><dl class='gallery-item'>\n\t\t\t\t<dt class='gallery-icon portrait'>\n\t\t\t\t\t<a class=\"rollover rollover-zoom dt-pswp-item\" title=\"mostra_RotaSperti\" data-dt-img-description=\"\" data-large_image_width=\"1414\" data-large_image_height=\"2000\"href='https:\/\/www.radiopiu.net\/wordpress\/wp-content\/uploads\/2025\/06\/mostra_RotaSperti.png'><img loading=\"lazy\" decoding=\"async\" width=\"150\" height=\"150\" src=\"https:\/\/www.radiopiu.net\/wordpress\/wp-content\/uploads\/2025\/06\/mostra_RotaSperti-150x150.png\" class=\"attachment-thumbnail size-thumbnail\" alt=\"\" \/><\/a>\n\t\t\t\t<\/dt><\/dl><dl class='gallery-item'>\n\t\t\t\t<dt class='gallery-icon portrait'>\n\t\t\t\t\t<a class=\"rollover rollover-zoom dt-pswp-item\" title=\"fac4fca6-e68b-4407-9911-927fad81e2d6\" data-dt-img-description=\"\" data-large_image_width=\"1080\" data-large_image_height=\"1507\"href='https:\/\/www.radiopiu.net\/wordpress\/wp-content\/uploads\/2025\/06\/fac4fca6-e68b-4407-9911-927fad81e2d6.jpg'><img loading=\"lazy\" decoding=\"async\" width=\"150\" height=\"150\" src=\"https:\/\/www.radiopiu.net\/wordpress\/wp-content\/uploads\/2025\/06\/fac4fca6-e68b-4407-9911-927fad81e2d6-150x150.jpg\" class=\"attachment-thumbnail size-thumbnail\" alt=\"\" \/><\/a>\n\t\t\t\t<\/dt><\/dl><br style=\"clear: both\" \/><dl class='gallery-item'>\n\t\t\t\t<dt class='gallery-icon portrait'>\n\t\t\t\t\t<a class=\"rollover rollover-zoom dt-pswp-item\" title=\"c55ce2db-ca03-471b-81c4-095c39ada29e\" data-dt-img-description=\"\" data-large_image_width=\"509\" data-large_image_height=\"720\"href='https:\/\/www.radiopiu.net\/wordpress\/wp-content\/uploads\/2025\/06\/c55ce2db-ca03-471b-81c4-095c39ada29e.jpg'><img loading=\"lazy\" decoding=\"async\" width=\"150\" height=\"150\" src=\"https:\/\/www.radiopiu.net\/wordpress\/wp-content\/uploads\/2025\/06\/c55ce2db-ca03-471b-81c4-095c39ada29e-150x150.jpg\" class=\"attachment-thumbnail size-thumbnail\" alt=\"\" \/><\/a>\n\t\t\t\t<\/dt><\/dl><dl class='gallery-item'>\n\t\t\t\t<dt class='gallery-icon portrait'>\n\t\t\t\t\t<a class=\"rollover rollover-zoom dt-pswp-item\" title=\"8d3ab9cd-a4cb-4a99-bfe1-ac0fb17b9dba\" data-dt-img-description=\"\" data-large_image_width=\"828\" data-large_image_height=\"1158\"href='https:\/\/www.radiopiu.net\/wordpress\/wp-content\/uploads\/2025\/07\/8d3ab9cd-a4cb-4a99-bfe1-ac0fb17b9dba.jpg'><img loading=\"lazy\" decoding=\"async\" width=\"150\" height=\"150\" src=\"https:\/\/www.radiopiu.net\/wordpress\/wp-content\/uploads\/2025\/07\/8d3ab9cd-a4cb-4a99-bfe1-ac0fb17b9dba-150x150.jpg\" class=\"attachment-thumbnail size-thumbnail\" alt=\"\" \/><\/a>\n\t\t\t\t<\/dt><\/dl><dl class='gallery-item'>\n\t\t\t\t<dt class='gallery-icon portrait'>\n\t\t\t\t\t<a class=\"rollover rollover-zoom dt-pswp-item\" title=\"4d595d64-63bb-4e50-8359-03cbcfa1dd7a\" data-dt-img-description=\"\" data-large_image_width=\"828\" data-large_image_height=\"1158\"href='https:\/\/www.radiopiu.net\/wordpress\/wp-content\/uploads\/2025\/07\/4d595d64-63bb-4e50-8359-03cbcfa1dd7a.jpg'><img loading=\"lazy\" decoding=\"async\" width=\"150\" height=\"150\" src=\"https:\/\/www.radiopiu.net\/wordpress\/wp-content\/uploads\/2025\/07\/4d595d64-63bb-4e50-8359-03cbcfa1dd7a-150x150.jpg\" class=\"attachment-thumbnail size-thumbnail\" alt=\"\" \/><\/a>\n\t\t\t\t<\/dt><\/dl><dl class='gallery-item'>\n\t\t\t\t<dt class='gallery-icon portrait'>\n\t\t\t\t\t<a class=\"rollover rollover-zoom dt-pswp-item\" title=\"3962b3bb-de84-4fa0-beb8-8af3574e8151\" data-dt-img-description=\"\" data-large_image_width=\"1132\" data-large_image_height=\"1600\"href='https:\/\/www.radiopiu.net\/wordpress\/wp-content\/uploads\/2025\/07\/3962b3bb-de84-4fa0-beb8-8af3574e8151.jpg'><img loading=\"lazy\" decoding=\"async\" width=\"150\" height=\"150\" src=\"https:\/\/www.radiopiu.net\/wordpress\/wp-content\/uploads\/2025\/07\/3962b3bb-de84-4fa0-beb8-8af3574e8151-150x150.jpg\" class=\"attachment-thumbnail size-thumbnail\" alt=\"\" \/><\/a>\n\t\t\t\t<\/dt><\/dl><dl class='gallery-item'>\n\t\t\t\t<dt class='gallery-icon portrait'>\n\t\t\t\t\t<a class=\"rollover rollover-zoom dt-pswp-item\" title=\"locandina mostra 25\" data-dt-img-description=\"\" data-large_image_width=\"629\" data-large_image_height=\"875\"href='https:\/\/www.radiopiu.net\/wordpress\/wp-content\/uploads\/2025\/07\/locandina-mostra-25.jpg'><img loading=\"lazy\" decoding=\"async\" width=\"150\" height=\"150\" src=\"https:\/\/www.radiopiu.net\/wordpress\/wp-content\/uploads\/2025\/07\/locandina-mostra-25-150x150.jpg\" class=\"attachment-thumbnail size-thumbnail\" alt=\"\" \/><\/a>\n\t\t\t\t<\/dt><\/dl><br style=\"clear: both\" \/><dl class='gallery-item'>\n\t\t\t\t<dt class='gallery-icon portrait'>\n\t\t\t\t\t<a class=\"rollover rollover-zoom dt-pswp-item\" title=\"SCR-20250710-rfhq\" data-dt-img-description=\"\" data-large_image_width=\"1278\" data-large_image_height=\"1818\"href='https:\/\/www.radiopiu.net\/wordpress\/wp-content\/uploads\/2025\/07\/SCR-20250710-rfhq.png'><img loading=\"lazy\" decoding=\"async\" width=\"150\" height=\"150\" src=\"https:\/\/www.radiopiu.net\/wordpress\/wp-content\/uploads\/2025\/07\/SCR-20250710-rfhq-150x150.png\" class=\"attachment-thumbnail size-thumbnail\" alt=\"\" \/><\/a>\n\t\t\t\t<\/dt><\/dl><dl class='gallery-item'>\n\t\t\t\t<dt class='gallery-icon portrait'>\n\t\t\t\t\t<a class=\"rollover rollover-zoom dt-pswp-item\" title=\"Cinema in Contrada 2025_Locandina_A4\" data-dt-img-description=\"\" data-large_image_width=\"1416\" data-large_image_height=\"2000\"href='https:\/\/www.radiopiu.net\/wordpress\/wp-content\/uploads\/2025\/07\/Cinema-in-Contrada-2025_Locandina_A4.png'><img loading=\"lazy\" decoding=\"async\" width=\"150\" height=\"150\" src=\"https:\/\/www.radiopiu.net\/wordpress\/wp-content\/uploads\/2025\/07\/Cinema-in-Contrada-2025_Locandina_A4-150x150.png\" class=\"attachment-thumbnail size-thumbnail\" alt=\"\" \/><\/a>\n\t\t\t\t<\/dt><\/dl><dl class='gallery-item'>\n\t\t\t\t<dt class='gallery-icon portrait'>\n\t\t\t\t\t<a class=\"rollover rollover-zoom dt-pswp-item\" title=\"582f7d3f-1659-4262-b430-7f809aa35179\" data-dt-img-description=\"\" data-large_image_width=\"1131\" data-large_image_height=\"1600\"href='https:\/\/www.radiopiu.net\/wordpress\/wp-content\/uploads\/2025\/07\/582f7d3f-1659-4262-b430-7f809aa35179.jpg'><img loading=\"lazy\" decoding=\"async\" width=\"150\" height=\"150\" src=\"https:\/\/www.radiopiu.net\/wordpress\/wp-content\/uploads\/2025\/07\/582f7d3f-1659-4262-b430-7f809aa35179-150x150.jpg\" class=\"attachment-thumbnail size-thumbnail\" alt=\"\" \/><\/a>\n\t\t\t\t<\/dt><\/dl><dl class='gallery-item'>\n\t\t\t\t<dt class='gallery-icon portrait'>\n\t\t\t\t\t<a class=\"rollover rollover-zoom dt-pswp-item\" title=\"79bd5598-a5d8-47fa-8ba6-4fdc84938635\" data-dt-img-description=\"\" data-large_image_width=\"1344\" data-large_image_height=\"1674\"href='https:\/\/www.radiopiu.net\/wordpress\/wp-content\/uploads\/2025\/07\/79bd5598-a5d8-47fa-8ba6-4fdc84938635.jpg'><img loading=\"lazy\" decoding=\"async\" width=\"150\" height=\"150\" src=\"https:\/\/www.radiopiu.net\/wordpress\/wp-content\/uploads\/2025\/07\/79bd5598-a5d8-47fa-8ba6-4fdc84938635-150x150.jpg\" class=\"attachment-thumbnail size-thumbnail\" alt=\"\" \/><\/a>\n\t\t\t\t<\/dt><\/dl><dl class='gallery-item'>\n\t\t\t\t<dt class='gallery-icon landscape'>\n\t\t\t\t\t<a class=\"rollover rollover-zoom dt-pswp-item\" title=\"Screenshot 2025-07-16 095516\" data-dt-img-description=\"\" data-large_image_width=\"364\" data-large_image_height=\"332\"href='https:\/\/www.radiopiu.net\/wordpress\/wp-content\/uploads\/2025\/07\/Screenshot-2025-07-16-095516.png'><img loading=\"lazy\" decoding=\"async\" width=\"150\" height=\"150\" src=\"https:\/\/www.radiopiu.net\/wordpress\/wp-content\/uploads\/2025\/07\/Screenshot-2025-07-16-095516-150x150.png\" class=\"attachment-thumbnail size-thumbnail\" alt=\"\" \/><\/a>\n\t\t\t\t<\/dt><\/dl><br style=\"clear: both\" \/><dl class='gallery-item'>\n\t\t\t\t<dt class='gallery-icon portrait'>\n\t\t\t\t\t<a class=\"rollover rollover-zoom dt-pswp-item\" title=\"514284824_122160849950463773_4248149650309788008_n\" data-dt-img-description=\"\" data-large_image_width=\"480\" data-large_image_height=\"600\"href='https:\/\/www.radiopiu.net\/wordpress\/wp-content\/uploads\/2025\/07\/514284824_122160849950463773_4248149650309788008_n.jpg'><img loading=\"lazy\" decoding=\"async\" width=\"150\" height=\"150\" src=\"https:\/\/www.radiopiu.net\/wordpress\/wp-content\/uploads\/2025\/07\/514284824_122160849950463773_4248149650309788008_n-150x150.jpg\" class=\"attachment-thumbnail size-thumbnail\" alt=\"\" \/><\/a>\n\t\t\t\t<\/dt><\/dl><dl class='gallery-item'>\n\t\t\t\t<dt class='gallery-icon portrait'>\n\t\t\t\t\t<a class=\"rollover rollover-zoom dt-pswp-item\" title=\"90765e4f-be2b-4e18-8c1f-e4715da15ab1\" data-dt-img-description=\"\" data-large_image_width=\"1131\" data-large_image_height=\"1600\"href='https:\/\/www.radiopiu.net\/wordpress\/wp-content\/uploads\/2025\/07\/90765e4f-be2b-4e18-8c1f-e4715da15ab1.jpg'><img loading=\"lazy\" decoding=\"async\" width=\"150\" height=\"150\" src=\"https:\/\/www.radiopiu.net\/wordpress\/wp-content\/uploads\/2025\/07\/90765e4f-be2b-4e18-8c1f-e4715da15ab1-150x150.jpg\" class=\"attachment-thumbnail size-thumbnail\" alt=\"\" \/><\/a>\n\t\t\t\t<\/dt><\/dl><dl class='gallery-item'>\n\t\t\t\t<dt class='gallery-icon portrait'>\n\t\t\t\t\t<a class=\"rollover rollover-zoom dt-pswp-item\" title=\"Col-de-Luna-Trail1-pdf\" data-dt-img-description=\"\" data-large_image_width=\"756\" data-large_image_height=\"1068\"href='https:\/\/www.radiopiu.net\/wordpress\/wp-content\/uploads\/2025\/07\/Col-de-Luna-Trail1-pdf.jpg'><img loading=\"lazy\" decoding=\"async\" width=\"150\" height=\"150\" src=\"https:\/\/www.radiopiu.net\/wordpress\/wp-content\/uploads\/2025\/07\/Col-de-Luna-Trail1-pdf-150x150.jpg\" class=\"attachment-thumbnail size-thumbnail\" alt=\"\" \/><\/a>\n\t\t\t\t<\/dt><\/dl><dl class='gallery-item'>\n\t\t\t\t<dt class='gallery-icon portrait'>\n\t\t\t\t\t<a class=\"rollover rollover-zoom dt-pswp-item\" title=\"4651f578-507e-465d-9233-15b857674fc4\" data-dt-img-description=\"\" data-large_image_width=\"1061\" data-large_image_height=\"1500\"href='https:\/\/www.radiopiu.net\/wordpress\/wp-content\/uploads\/2025\/07\/4651f578-507e-465d-9233-15b857674fc4.jpg'><img loading=\"lazy\" decoding=\"async\" width=\"150\" height=\"150\" src=\"https:\/\/www.radiopiu.net\/wordpress\/wp-content\/uploads\/2025\/07\/4651f578-507e-465d-9233-15b857674fc4-150x150.jpg\" class=\"attachment-thumbnail size-thumbnail\" alt=\"\" \/><\/a>\n\t\t\t\t<\/dt><\/dl><dl class='gallery-item'>\n\t\t\t\t<dt class='gallery-icon portrait'>\n\t\t\t\t\t<a class=\"rollover rollover-zoom dt-pswp-item\" title=\"SerateNaturaAvventura-P4-853\" data-dt-img-description=\"\" data-large_image_width=\"1200\" data-large_image_height=\"1710\"href='https:\/\/www.radiopiu.net\/wordpress\/wp-content\/uploads\/2025\/07\/SerateNaturaAvventura-P4-853.jpg'><img loading=\"lazy\" decoding=\"async\" width=\"150\" height=\"150\" src=\"https:\/\/www.radiopiu.net\/wordpress\/wp-content\/uploads\/2025\/07\/SerateNaturaAvventura-P4-853-150x150.jpg\" class=\"attachment-thumbnail size-thumbnail\" alt=\"\" \/><\/a>\n\t\t\t\t<\/dt><\/dl><br style=\"clear: both\" \/><dl class='gallery-item'>\n\t\t\t\t<dt class='gallery-icon portrait'>\n\t\t\t\t\t<a class=\"rollover rollover-zoom dt-pswp-item\" title=\"518422396_1492048838795727_5394581552165021776_n\" data-dt-img-description=\"\" data-large_image_width=\"1240\" data-large_image_height=\"1754\"href='https:\/\/www.radiopiu.net\/wordpress\/wp-content\/uploads\/2025\/07\/518422396_1492048838795727_5394581552165021776_n.jpg'><img loading=\"lazy\" decoding=\"async\" width=\"150\" height=\"150\" src=\"https:\/\/www.radiopiu.net\/wordpress\/wp-content\/uploads\/2025\/07\/518422396_1492048838795727_5394581552165021776_n-150x150.jpg\" class=\"attachment-thumbnail size-thumbnail\" alt=\"\" \/><\/a>\n\t\t\t\t<\/dt><\/dl><dl class='gallery-item'>\n\t\t\t\t<dt class='gallery-icon landscape'>\n\t\t\t\t\t<a class=\"rollover rollover-zoom dt-pswp-item\" title=\"d2f26985-2ffd-4602-aeea-476feb5befda\" data-dt-img-description=\"\" data-large_image_width=\"526\" data-large_image_height=\"526\"href='https:\/\/www.radiopiu.net\/wordpress\/wp-content\/uploads\/2025\/07\/d2f26985-2ffd-4602-aeea-476feb5befda.jpg'><img loading=\"lazy\" decoding=\"async\" width=\"150\" height=\"150\" src=\"https:\/\/www.radiopiu.net\/wordpress\/wp-content\/uploads\/2025\/07\/d2f26985-2ffd-4602-aeea-476feb5befda-150x150.jpg\" class=\"attachment-thumbnail size-thumbnail\" alt=\"\" srcset=\"https:\/\/www.radiopiu.net\/wordpress\/wp-content\/uploads\/2025\/07\/d2f26985-2ffd-4602-aeea-476feb5befda-150x150.jpg 150w, https:\/\/www.radiopiu.net\/wordpress\/wp-content\/uploads\/2025\/07\/d2f26985-2ffd-4602-aeea-476feb5befda-300x300.jpg 300w, https:\/\/www.radiopiu.net\/wordpress\/wp-content\/uploads\/2025\/07\/d2f26985-2ffd-4602-aeea-476feb5befda.jpg 526w\" sizes=\"auto, (max-width: 150px) 100vw, 150px\" \/><\/a>\n\t\t\t\t<\/dt><\/dl><dl class='gallery-item'>\n\t\t\t\t<dt class='gallery-icon landscape'>\n\t\t\t\t\t<a class=\"rollover rollover-zoom dt-pswp-item\" title=\"b93d192e-fe1c-4b9a-8b00-c924d7c09ef0\" data-dt-img-description=\"\" data-large_image_width=\"526\" data-large_image_height=\"526\"href='https:\/\/www.radiopiu.net\/wordpress\/wp-content\/uploads\/2025\/07\/b93d192e-fe1c-4b9a-8b00-c924d7c09ef0.jpg'><img loading=\"lazy\" decoding=\"async\" width=\"150\" height=\"150\" src=\"https:\/\/www.radiopiu.net\/wordpress\/wp-content\/uploads\/2025\/07\/b93d192e-fe1c-4b9a-8b00-c924d7c09ef0-150x150.jpg\" class=\"attachment-thumbnail size-thumbnail\" alt=\"\" srcset=\"https:\/\/www.radiopiu.net\/wordpress\/wp-content\/uploads\/2025\/07\/b93d192e-fe1c-4b9a-8b00-c924d7c09ef0-150x150.jpg 150w, https:\/\/www.radiopiu.net\/wordpress\/wp-content\/uploads\/2025\/07\/b93d192e-fe1c-4b9a-8b00-c924d7c09ef0-300x300.jpg 300w, https:\/\/www.radiopiu.net\/wordpress\/wp-content\/uploads\/2025\/07\/b93d192e-fe1c-4b9a-8b00-c924d7c09ef0.jpg 526w\" sizes=\"auto, (max-width: 150px) 100vw, 150px\" \/><\/a>\n\t\t\t\t<\/dt><\/dl><dl class='gallery-item'>\n\t\t\t\t<dt class='gallery-icon landscape'>\n\t\t\t\t\t<a class=\"rollover rollover-zoom dt-pswp-item\" title=\"515444840_1149597150531066_7749231705219023918_n\" data-dt-img-description=\"\" data-large_image_width=\"1440\" data-large_image_height=\"1079\"href='https:\/\/www.radiopiu.net\/wordpress\/wp-content\/uploads\/2025\/07\/515444840_1149597150531066_7749231705219023918_n.jpg'><img loading=\"lazy\" decoding=\"async\" width=\"150\" height=\"150\" src=\"https:\/\/www.radiopiu.net\/wordpress\/wp-content\/uploads\/2025\/07\/515444840_1149597150531066_7749231705219023918_n-150x150.jpg\" class=\"attachment-thumbnail size-thumbnail\" alt=\"\" \/><\/a>\n\t\t\t\t<\/dt><\/dl><dl class='gallery-item'>\n\t\t\t\t<dt class='gallery-icon portrait'>\n\t\t\t\t\t<a class=\"rollover rollover-zoom dt-pswp-item\" title=\"5eea8780-bf42-4677-985e-b728a3cb7860\" data-dt-img-description=\"\" data-large_image_width=\"1131\" data-large_image_height=\"1600\"href='https:\/\/www.radiopiu.net\/wordpress\/wp-content\/uploads\/2025\/07\/5eea8780-bf42-4677-985e-b728a3cb7860.jpg'><img loading=\"lazy\" decoding=\"async\" width=\"150\" height=\"150\" src=\"https:\/\/www.radiopiu.net\/wordpress\/wp-content\/uploads\/2025\/07\/5eea8780-bf42-4677-985e-b728a3cb7860-150x150.jpg\" class=\"attachment-thumbnail size-thumbnail\" alt=\"\" \/><\/a>\n\t\t\t\t<\/dt><\/dl><br style=\"clear: both\" \/><dl class='gallery-item'>\n\t\t\t\t<dt class='gallery-icon portrait'>\n\t\t\t\t\t<a class=\"rollover rollover-zoom dt-pswp-item\" title=\"60540118-6352-45bd-abf6-424501e3a37e\" data-dt-img-description=\"\" data-large_image_width=\"1131\" data-large_image_height=\"1600\"href='https:\/\/www.radiopiu.net\/wordpress\/wp-content\/uploads\/2025\/07\/60540118-6352-45bd-abf6-424501e3a37e.jpg'><img loading=\"lazy\" decoding=\"async\" width=\"150\" height=\"150\" src=\"https:\/\/www.radiopiu.net\/wordpress\/wp-content\/uploads\/2025\/07\/60540118-6352-45bd-abf6-424501e3a37e-150x150.jpg\" class=\"attachment-thumbnail size-thumbnail\" alt=\"\" \/><\/a>\n\t\t\t\t<\/dt><\/dl><dl class='gallery-item'>\n\t\t\t\t<dt class='gallery-icon portrait'>\n\t\t\t\t\t<a class=\"rollover rollover-zoom dt-pswp-item\" title=\"MADONA DE LA NEIF 2025\" data-dt-img-description=\"\" data-large_image_width=\"658\" data-large_image_height=\"861\"href='https:\/\/www.radiopiu.net\/wordpress\/wp-content\/uploads\/2025\/07\/MADONA-DE-LA-NEIF-2025.jpg'><img loading=\"lazy\" decoding=\"async\" width=\"150\" height=\"150\" src=\"https:\/\/www.radiopiu.net\/wordpress\/wp-content\/uploads\/2025\/07\/MADONA-DE-LA-NEIF-2025-150x150.jpg\" class=\"attachment-thumbnail size-thumbnail\" alt=\"\" \/><\/a>\n\t\t\t\t<\/dt><\/dl><dl class='gallery-item'>\n\t\t\t\t<dt class='gallery-icon portrait'>\n\t\t\t\t\t<a class=\"rollover rollover-zoom dt-pswp-item\" title=\"Locandina concerto 31.07.2025\" data-dt-img-description=\"\" data-large_image_width=\"595\" data-large_image_height=\"842\"href='https:\/\/www.radiopiu.net\/wordpress\/wp-content\/uploads\/2025\/07\/Locandina-concerto-31.07.2025.jpg'><img loading=\"lazy\" decoding=\"async\" width=\"150\" height=\"150\" src=\"https:\/\/www.radiopiu.net\/wordpress\/wp-content\/uploads\/2025\/07\/Locandina-concerto-31.07.2025-150x150.jpg\" class=\"attachment-thumbnail size-thumbnail\" alt=\"\" \/><\/a>\n\t\t\t\t<\/dt><\/dl><dl class='gallery-item'>\n\t\t\t\t<dt class='gallery-icon portrait'>\n\t\t\t\t\t<a class=\"rollover rollover-zoom dt-pswp-item\" title=\"Immagine WhatsApp 2025-07-25 ore 07.38.18_19f3e277\" data-dt-img-description=\"\" data-large_image_width=\"1070\" data-large_image_height=\"1523\"href='https:\/\/www.radiopiu.net\/wordpress\/wp-content\/uploads\/2025\/07\/Immagine-WhatsApp-2025-07-25-ore-07.38.18_19f3e277.jpg'><img loading=\"lazy\" decoding=\"async\" width=\"150\" height=\"150\" src=\"https:\/\/www.radiopiu.net\/wordpress\/wp-content\/uploads\/2025\/07\/Immagine-WhatsApp-2025-07-25-ore-07.38.18_19f3e277-150x150.jpg\" class=\"attachment-thumbnail size-thumbnail\" alt=\"\" \/><\/a>\n\t\t\t\t<\/dt><\/dl><dl class='gallery-item'>\n\t\t\t\t<dt class='gallery-icon portrait'>\n\t\t\t\t\t<a class=\"rollover rollover-zoom dt-pswp-item\" title=\"Immagine WhatsApp 2025-07-26 ore 20.22.45_c48ad501\" data-dt-img-description=\"\" data-large_image_width=\"1131\" data-large_image_height=\"1600\"href='https:\/\/www.radiopiu.net\/wordpress\/wp-content\/uploads\/2025\/07\/Immagine-WhatsApp-2025-07-26-ore-20.22.45_c48ad501.jpg'><img loading=\"lazy\" decoding=\"async\" width=\"150\" height=\"150\" src=\"https:\/\/www.radiopiu.net\/wordpress\/wp-content\/uploads\/2025\/07\/Immagine-WhatsApp-2025-07-26-ore-20.22.45_c48ad501-150x150.jpg\" class=\"attachment-thumbnail size-thumbnail\" alt=\"\" \/><\/a>\n\t\t\t\t<\/dt><\/dl><br style=\"clear: both\" \/><dl class='gallery-item'>\n\t\t\t\t<dt class='gallery-icon portrait'>\n\t\t\t\t\t<a class=\"rollover rollover-zoom dt-pswp-item\" title=\"IMG-20250726-WA0015\" data-dt-img-description=\"\" data-large_image_width=\"975\" data-large_image_height=\"1352\"href='https:\/\/www.radiopiu.net\/wordpress\/wp-content\/uploads\/2025\/07\/IMG-20250726-WA0015.jpg'><img loading=\"lazy\" decoding=\"async\" width=\"150\" height=\"150\" src=\"https:\/\/www.radiopiu.net\/wordpress\/wp-content\/uploads\/2025\/07\/IMG-20250726-WA0015-150x150.jpg\" class=\"attachment-thumbnail size-thumbnail\" alt=\"\" \/><\/a>\n\t\t\t\t<\/dt><\/dl><dl class='gallery-item'>\n\t\t\t\t<dt class='gallery-icon portrait'>\n\t\t\t\t\t<a class=\"rollover rollover-zoom dt-pswp-item\" title=\"manifesto_40_2025-3\" data-dt-img-description=\"\" data-large_image_width=\"1164\" data-large_image_height=\"2560\"href='https:\/\/www.radiopiu.net\/wordpress\/wp-content\/uploads\/2025\/07\/manifesto_40_2025-3-scaled.jpg'><img loading=\"lazy\" decoding=\"async\" width=\"150\" height=\"150\" src=\"https:\/\/www.radiopiu.net\/wordpress\/wp-content\/uploads\/2025\/07\/manifesto_40_2025-3-150x150.jpg\" class=\"attachment-thumbnail size-thumbnail\" alt=\"\" \/><\/a>\n\t\t\t\t<\/dt><\/dl><dl class='gallery-item'>\n\t\t\t\t<dt class='gallery-icon portrait'>\n\t\t\t\t\t<a class=\"rollover rollover-zoom dt-pswp-item\" title=\"F16 replica\" data-dt-img-description=\"\" data-large_image_width=\"1131\" data-large_image_height=\"1600\"href='https:\/\/www.radiopiu.net\/wordpress\/wp-content\/uploads\/2025\/07\/F16-replica.jpg'><img loading=\"lazy\" decoding=\"async\" width=\"150\" height=\"150\" src=\"https:\/\/www.radiopiu.net\/wordpress\/wp-content\/uploads\/2025\/07\/F16-replica-150x150.jpg\" class=\"attachment-thumbnail size-thumbnail\" alt=\"\" \/><\/a>\n\t\t\t\t<\/dt><\/dl><dl class='gallery-item'>\n\t\t\t\t<dt class='gallery-icon portrait'>\n\t\t\t\t\t<a class=\"rollover rollover-zoom dt-pswp-item\" title=\"8cb87d28-6df9-4bd9-af92-dab34de2a982\" data-dt-img-description=\"\" data-large_image_width=\"1181\" data-large_image_height=\"1670\"href='https:\/\/www.radiopiu.net\/wordpress\/wp-content\/uploads\/2025\/07\/8cb87d28-6df9-4bd9-af92-dab34de2a982.jpg'><img loading=\"lazy\" decoding=\"async\" width=\"150\" height=\"150\" src=\"https:\/\/www.radiopiu.net\/wordpress\/wp-content\/uploads\/2025\/07\/8cb87d28-6df9-4bd9-af92-dab34de2a982-150x150.jpg\" class=\"attachment-thumbnail size-thumbnail\" alt=\"\" \/><\/a>\n\t\t\t\t<\/dt><\/dl><dl class='gallery-item'>\n\t\t\t\t<dt class='gallery-icon portrait'>\n\t\t\t\t\t<a class=\"rollover rollover-zoom dt-pswp-item\" title=\"gares\" data-dt-img-description=\"\" data-large_image_width=\"600\" data-large_image_height=\"855\"href='https:\/\/www.radiopiu.net\/wordpress\/wp-content\/uploads\/2025\/07\/gares.jpg'><img loading=\"lazy\" decoding=\"async\" width=\"150\" height=\"150\" src=\"https:\/\/www.radiopiu.net\/wordpress\/wp-content\/uploads\/2025\/07\/gares-150x150.jpg\" class=\"attachment-thumbnail size-thumbnail\" alt=\"\" \/><\/a>\n\t\t\t\t<\/dt><\/dl><br style=\"clear: both\" \/><dl class='gallery-item'>\n\t\t\t\t<dt class='gallery-icon landscape'>\n\t\t\t\t\t<a class=\"rollover rollover-zoom dt-pswp-item\" title=\"eb234dd4-d70c-4445-bc02-d9cf97a3c245\" data-dt-img-description=\"\" data-large_image_width=\"1080\" data-large_image_height=\"1080\"href='https:\/\/www.radiopiu.net\/wordpress\/wp-content\/uploads\/2025\/07\/eb234dd4-d70c-4445-bc02-d9cf97a3c245.jpg'><img loading=\"lazy\" decoding=\"async\" width=\"150\" height=\"150\" src=\"https:\/\/www.radiopiu.net\/wordpress\/wp-content\/uploads\/2025\/07\/eb234dd4-d70c-4445-bc02-d9cf97a3c245-150x150.jpg\" class=\"attachment-thumbnail size-thumbnail\" alt=\"\" srcset=\"https:\/\/www.radiopiu.net\/wordpress\/wp-content\/uploads\/2025\/07\/eb234dd4-d70c-4445-bc02-d9cf97a3c245-150x150.jpg 150w, https:\/\/www.radiopiu.net\/wordpress\/wp-content\/uploads\/2025\/07\/eb234dd4-d70c-4445-bc02-d9cf97a3c245-300x300.jpg 300w, https:\/\/www.radiopiu.net\/wordpress\/wp-content\/uploads\/2025\/07\/eb234dd4-d70c-4445-bc02-d9cf97a3c245-1024x1024.jpg 1024w, https:\/\/www.radiopiu.net\/wordpress\/wp-content\/uploads\/2025\/07\/eb234dd4-d70c-4445-bc02-d9cf97a3c245-768x768.jpg 768w, https:\/\/www.radiopiu.net\/wordpress\/wp-content\/uploads\/2025\/07\/eb234dd4-d70c-4445-bc02-d9cf97a3c245.jpg 1080w\" sizes=\"auto, (max-width: 150px) 100vw, 150px\" \/><\/a>\n\t\t\t\t<\/dt><\/dl><dl class='gallery-item'>\n\t\t\t\t<dt class='gallery-icon portrait'>\n\t\t\t\t\t<a class=\"rollover rollover-zoom dt-pswp-item\" title=\"ddb863d7-62a1-4f60-9265-13e2e8193bc9\" data-dt-img-description=\"\" data-large_image_width=\"1244\" data-large_image_height=\"1600\"href='https:\/\/www.radiopiu.net\/wordpress\/wp-content\/uploads\/2025\/07\/ddb863d7-62a1-4f60-9265-13e2e8193bc9.jpg'><img loading=\"lazy\" decoding=\"async\" width=\"150\" height=\"150\" src=\"https:\/\/www.radiopiu.net\/wordpress\/wp-content\/uploads\/2025\/07\/ddb863d7-62a1-4f60-9265-13e2e8193bc9-150x150.jpg\" class=\"attachment-thumbnail size-thumbnail\" alt=\"\" \/><\/a>\n\t\t\t\t<\/dt><\/dl><dl class='gallery-item'>\n\t\t\t\t<dt class='gallery-icon portrait'>\n\t\t\t\t\t<a class=\"rollover rollover-zoom dt-pswp-item\" title=\"Screenshot\" data-dt-img-description=\"\" data-large_image_width=\"1178\" data-large_image_height=\"1332\"href='https:\/\/www.radiopiu.net\/wordpress\/wp-content\/uploads\/2025\/07\/SCR-20250728-qnyg.jpeg'><img loading=\"lazy\" decoding=\"async\" width=\"150\" height=\"150\" src=\"https:\/\/www.radiopiu.net\/wordpress\/wp-content\/uploads\/2025\/07\/SCR-20250728-qnyg-150x150.jpeg\" class=\"attachment-thumbnail size-thumbnail\" alt=\"\" \/><\/a>\n\t\t\t\t<\/dt><\/dl><dl class='gallery-item'>\n\t\t\t\t<dt class='gallery-icon portrait'>\n\t\t\t\t\t<a class=\"rollover rollover-zoom dt-pswp-item\" title=\"ed2718c8-19c0-4c92-bb73-9b4c4f18e705\" data-dt-img-description=\"\" data-large_image_width=\"1200\" data-large_image_height=\"1600\"href='https:\/\/www.radiopiu.net\/wordpress\/wp-content\/uploads\/2025\/07\/ed2718c8-19c0-4c92-bb73-9b4c4f18e705.jpg'><img loading=\"lazy\" decoding=\"async\" width=\"150\" height=\"150\" src=\"https:\/\/www.radiopiu.net\/wordpress\/wp-content\/uploads\/2025\/07\/ed2718c8-19c0-4c92-bb73-9b4c4f18e705-150x150.jpg\" class=\"attachment-thumbnail size-thumbnail\" alt=\"\" \/><\/a>\n\t\t\t\t<\/dt><\/dl><dl class='gallery-item'>\n\t\t\t\t<dt class='gallery-icon portrait'>\n\t\t\t\t\t<a class=\"rollover rollover-zoom dt-pswp-item\" title=\"523777113_1154780213354341_6981268896384360470_n\" data-dt-img-description=\"\" data-large_image_width=\"1080\" data-large_image_height=\"1526\"href='https:\/\/www.radiopiu.net\/wordpress\/wp-content\/uploads\/2025\/07\/523777113_1154780213354341_6981268896384360470_n.jpg'><img loading=\"lazy\" decoding=\"async\" width=\"150\" height=\"150\" src=\"https:\/\/www.radiopiu.net\/wordpress\/wp-content\/uploads\/2025\/07\/523777113_1154780213354341_6981268896384360470_n-150x150.jpg\" class=\"attachment-thumbnail size-thumbnail\" alt=\"\" \/><\/a>\n\t\t\t\t<\/dt><\/dl><br style=\"clear: both\" \/><dl class='gallery-item'>\n\t\t\t\t<dt class='gallery-icon portrait'>\n\t\t\t\t\t<a class=\"rollover rollover-zoom dt-pswp-item\" title=\"Fuori Orario Reunion all&#039;Ostaria la Ridesta di Irrighe\" data-dt-img-description=\"\" data-large_image_width=\"1131\" data-large_image_height=\"1600\"href='https:\/\/www.radiopiu.net\/wordpress\/wp-content\/uploads\/2025\/07\/Fuori-Orario-Reunion-allOstaria-la-Ridesta-di-Irrighe.jpg'><img loading=\"lazy\" decoding=\"async\" width=\"150\" height=\"150\" src=\"https:\/\/www.radiopiu.net\/wordpress\/wp-content\/uploads\/2025\/07\/Fuori-Orario-Reunion-allOstaria-la-Ridesta-di-Irrighe-150x150.jpg\" class=\"attachment-thumbnail size-thumbnail\" alt=\"\" \/><\/a>\n\t\t\t\t<\/dt><\/dl><dl class='gallery-item'>\n\t\t\t\t<dt class='gallery-icon portrait'>\n\t\t\t\t\t<a class=\"rollover rollover-zoom dt-pswp-item\" title=\"Greenball Night - Memorial Matteo Zanon\" data-dt-img-description=\"\" data-large_image_width=\"1127\" data-large_image_height=\"1600\"href='https:\/\/www.radiopiu.net\/wordpress\/wp-content\/uploads\/2025\/07\/Greenball-Night-Memorial-Matteo-Zanon.jpg'><img loading=\"lazy\" decoding=\"async\" width=\"150\" height=\"150\" src=\"https:\/\/www.radiopiu.net\/wordpress\/wp-content\/uploads\/2025\/07\/Greenball-Night-Memorial-Matteo-Zanon-150x150.jpg\" class=\"attachment-thumbnail size-thumbnail\" alt=\"\" \/><\/a>\n\t\t\t\t<\/dt><\/dl><dl class='gallery-item'>\n\t\t\t\t<dt class='gallery-icon portrait'>\n\t\t\t\t\t<a class=\"rollover rollover-zoom dt-pswp-item\" title=\"1e3f7b00-7647-45cf-9e72-e3b2df294e1d\" data-dt-img-description=\"\" data-large_image_width=\"1060\" data-large_image_height=\"1600\"href='https:\/\/www.radiopiu.net\/wordpress\/wp-content\/uploads\/2025\/07\/1e3f7b00-7647-45cf-9e72-e3b2df294e1d.jpg'><img loading=\"lazy\" decoding=\"async\" width=\"150\" height=\"150\" src=\"https:\/\/www.radiopiu.net\/wordpress\/wp-content\/uploads\/2025\/07\/1e3f7b00-7647-45cf-9e72-e3b2df294e1d-150x150.jpg\" class=\"attachment-thumbnail size-thumbnail\" alt=\"\" \/><\/a>\n\t\t\t\t<\/dt><\/dl><dl class='gallery-item'>\n\t\t\t\t<dt class='gallery-icon portrait'>\n\t\t\t\t\t<a class=\"rollover rollover-zoom dt-pswp-item\" title=\"100d0741-e575-497b-b3c9-071672b149c1\" data-dt-img-description=\"\" data-large_image_width=\"739\" data-large_image_height=\"1600\"href='https:\/\/www.radiopiu.net\/wordpress\/wp-content\/uploads\/2025\/07\/100d0741-e575-497b-b3c9-071672b149c1.jpg'><img loading=\"lazy\" decoding=\"async\" width=\"150\" height=\"150\" src=\"https:\/\/www.radiopiu.net\/wordpress\/wp-content\/uploads\/2025\/07\/100d0741-e575-497b-b3c9-071672b149c1-150x150.jpg\" class=\"attachment-thumbnail size-thumbnail\" alt=\"\" \/><\/a>\n\t\t\t\t<\/dt><\/dl><dl class='gallery-item'>\n\t\t\t\t<dt class='gallery-icon portrait'>\n\t\t\t\t\t<a class=\"rollover rollover-zoom dt-pswp-item\" title=\"c3d6f0b8-3236-4d49-b07e-3612be2ddc73\" data-dt-img-description=\"\" data-large_image_width=\"1512\" data-large_image_height=\"2048\"href='https:\/\/www.radiopiu.net\/wordpress\/wp-content\/uploads\/2025\/07\/c3d6f0b8-3236-4d49-b07e-3612be2ddc73.jpg'><img loading=\"lazy\" decoding=\"async\" width=\"150\" height=\"150\" src=\"https:\/\/www.radiopiu.net\/wordpress\/wp-content\/uploads\/2025\/07\/c3d6f0b8-3236-4d49-b07e-3612be2ddc73-150x150.jpg\" class=\"attachment-thumbnail size-thumbnail\" alt=\"\" \/><\/a>\n\t\t\t\t<\/dt><\/dl><br style=\"clear: both\" \/><dl class='gallery-item'>\n\t\t\t\t<dt class='gallery-icon portrait'>\n\t\t\t\t\t<a class=\"rollover rollover-zoom dt-pswp-item\" title=\"3812307a-aa0d-4629-b459-dbeda692d5af\" data-dt-img-description=\"\" data-large_image_width=\"1181\" data-large_image_height=\"1670\"href='https:\/\/www.radiopiu.net\/wordpress\/wp-content\/uploads\/2025\/07\/3812307a-aa0d-4629-b459-dbeda692d5af.jpg'><img loading=\"lazy\" decoding=\"async\" width=\"150\" height=\"150\" src=\"https:\/\/www.radiopiu.net\/wordpress\/wp-content\/uploads\/2025\/07\/3812307a-aa0d-4629-b459-dbeda692d5af-150x150.jpg\" class=\"attachment-thumbnail size-thumbnail\" alt=\"\" \/><\/a>\n\t\t\t\t<\/dt><\/dl><dl class='gallery-item'>\n\t\t\t\t<dt class='gallery-icon portrait'>\n\t\t\t\t\t<a class=\"rollover rollover-zoom dt-pswp-item\" title=\"b50c6f6f-77f5-41a7-a950-cb7c813d2200\" data-dt-img-description=\"\" data-large_image_width=\"874\" data-large_image_height=\"1240\"href='https:\/\/www.radiopiu.net\/wordpress\/wp-content\/uploads\/2025\/07\/b50c6f6f-77f5-41a7-a950-cb7c813d2200.jpg'><img loading=\"lazy\" decoding=\"async\" width=\"150\" height=\"150\" src=\"https:\/\/www.radiopiu.net\/wordpress\/wp-content\/uploads\/2025\/07\/b50c6f6f-77f5-41a7-a950-cb7c813d2200-150x150.jpg\" class=\"attachment-thumbnail size-thumbnail\" alt=\"\" \/><\/a>\n\t\t\t\t<\/dt><\/dl><dl class='gallery-item'>\n\t\t\t\t<dt class='gallery-icon portrait'>\n\t\t\t\t\t<a class=\"rollover rollover-zoom dt-pswp-item\" title=\"man32x47_FortDonne25 ridotto\" data-dt-img-description=\"\" data-large_image_width=\"907\" data-large_image_height=\"1332\"href='https:\/\/www.radiopiu.net\/wordpress\/wp-content\/uploads\/2025\/07\/man32x47_FortDonne25-ridotto.jpg'><img loading=\"lazy\" decoding=\"async\" width=\"150\" height=\"150\" src=\"https:\/\/www.radiopiu.net\/wordpress\/wp-content\/uploads\/2025\/07\/man32x47_FortDonne25-ridotto-150x150.jpg\" class=\"attachment-thumbnail size-thumbnail\" alt=\"\" \/><\/a>\n\t\t\t\t<\/dt><\/dl><dl class='gallery-item'>\n\t\t\t\t<dt class='gallery-icon landscape'>\n\t\t\t\t\t<a class=\"rollover rollover-zoom dt-pswp-item\" title=\"Screenshot 2025-07-31 045651\" data-dt-img-description=\"\" data-large_image_width=\"807\" data-large_image_height=\"764\"href='https:\/\/www.radiopiu.net\/wordpress\/wp-content\/uploads\/2025\/07\/Screenshot-2025-07-31-045651.png'><img loading=\"lazy\" decoding=\"async\" width=\"150\" height=\"150\" src=\"https:\/\/www.radiopiu.net\/wordpress\/wp-content\/uploads\/2025\/07\/Screenshot-2025-07-31-045651-150x150.png\" class=\"attachment-thumbnail size-thumbnail\" alt=\"\" \/><\/a>\n\t\t\t\t<\/dt><\/dl><dl class='gallery-item'>\n\t\t\t\t<dt class='gallery-icon portrait'>\n\t\t\t\t\t<a class=\"rollover rollover-zoom dt-pswp-item\" title=\"Uscita sul territorio con il geologo Dott. Vittorio Fenti\" data-dt-img-description=\"\" data-large_image_width=\"1414\" data-large_image_height=\"2000\"href='https:\/\/www.radiopiu.net\/wordpress\/wp-content\/uploads\/2025\/07\/Uscita-sul-territorio-con-il-geologo-Dott.-Vittorio-Fenti-.png'><img loading=\"lazy\" decoding=\"async\" width=\"150\" height=\"150\" src=\"https:\/\/www.radiopiu.net\/wordpress\/wp-content\/uploads\/2025\/07\/Uscita-sul-territorio-con-il-geologo-Dott.-Vittorio-Fenti--150x150.png\" class=\"attachment-thumbnail size-thumbnail\" alt=\"\" \/><\/a>\n\t\t\t\t<\/dt><\/dl><br style=\"clear: both\" \/><dl class='gallery-item'>\n\t\t\t\t<dt class='gallery-icon portrait'>\n\t\t\t\t\t<a class=\"rollover rollover-zoom dt-pswp-item\" title=\"2fc1fed0-6cb3-4783-a766-6519a585de3a\" data-dt-img-description=\"\" data-large_image_width=\"1143\" data-large_image_height=\"1599\"href='https:\/\/www.radiopiu.net\/wordpress\/wp-content\/uploads\/2025\/07\/2fc1fed0-6cb3-4783-a766-6519a585de3a.jpg'><img loading=\"lazy\" decoding=\"async\" width=\"150\" height=\"150\" src=\"https:\/\/www.radiopiu.net\/wordpress\/wp-content\/uploads\/2025\/07\/2fc1fed0-6cb3-4783-a766-6519a585de3a-150x150.jpg\" class=\"attachment-thumbnail size-thumbnail\" alt=\"\" \/><\/a>\n\t\t\t\t<\/dt><\/dl>\n\t\t\t\t<br style='clear: both' \/>\n\t\t\t<\/div>\n\n<p>&nbsp;<\/p>\n<p>&nbsp;<\/p>\n<div>\n<div class=\"\" dir=\"auto\">\n<div id=\":r9h:\" class=\"x1iorvi4 x1pi30zi x1l90r2v x1swvt13\" data-ad-comet-preview=\"message\" data-ad-preview=\"message\">\n<div class=\"\" dir=\"auto\">\n<div id=\":r9h:\" class=\"x1iorvi4 x1pi30zi x1l90r2v x1swvt13\" data-ad-comet-preview=\"message\" data-ad-preview=\"message\">\n<div class=\"\" dir=\"auto\">\n<div id=\":r9h:\" class=\"x1iorvi4 x1pi30zi x1l90r2v x1swvt13\" data-ad-comet-preview=\"message\" data-ad-preview=\"message\">\n<div class=\"\" dir=\"auto\">\n<div id=\":r9h:\" class=\"x1iorvi4 x1pi30zi x1l90r2v x1swvt13\" data-ad-comet-preview=\"message\" data-ad-preview=\"message\">\n<div>\n<div class=\"\" dir=\"auto\">\n<div id=\":r9h:\" class=\"x1iorvi4 x1pi30zi x1l90r2v x1swvt13\" data-ad-comet-preview=\"message\" data-ad-preview=\"message\">\n<div>\n<div class=\"\" dir=\"auto\">\n<div id=\":r9h:\" class=\"x1iorvi4 x1pi30zi x1l90r2v x1swvt13\" data-ad-comet-preview=\"message\" data-ad-preview=\"message\">\n<div>\n<div class=\"\" dir=\"auto\">\n<div id=\":r9h:\" class=\"x1iorvi4 x1pi30zi x1l90r2v x1swvt13\" data-ad-comet-preview=\"message\" data-ad-preview=\"message\">\n<div>\n<div class=\"\" dir=\"auto\">\n<div id=\":r9h:\" class=\"x1iorvi4 x1pi30zi x1l90r2v x1swvt13\" data-ad-comet-preview=\"message\" data-ad-preview=\"message\">\n<hr \/>\n<p>&nbsp;<\/p>\n<\/div>\n<\/div>\n<\/div>\n<\/div>\n<\/div>\n<\/div>\n<\/div>\n<\/div>\n<\/div>\n<\/div>\n<\/div>\n<\/div>\n<\/div>\n<\/div>\n<\/div>\n<\/div>\n<\/div>\n<\/div>\n<\/div>\n<\/div>\n<\/div>\n<p class=\"mceTemp\"><a class=\"dt-pswp-item\" href=\"https:\/\/www.radiopiu.net\/wordpress\/wp-content\/uploads\/2018\/09\/WhatsApp-Image-2018-09-20-at-16.04.06.jpeg\" data-dt-img-description=\"\" data-large_image_width=\"800\" data-large_image_height=\"100\"><img loading=\"lazy\" decoding=\"async\" class=\"wp-image-61378 size-full aligncenter\" src=\"https:\/\/www.radiopiu.net\/wordpress\/wp-content\/uploads\/2018\/09\/WhatsApp-Image-2018-09-20-at-16.04.06.jpeg\" alt=\"\" width=\"800\" height=\"100\" srcset=\"https:\/\/www.radiopiu.net\/wordpress\/wp-content\/uploads\/2018\/09\/WhatsApp-Image-2018-09-20-at-16.04.06.jpeg 800w, https:\/\/www.radiopiu.net\/wordpress\/wp-content\/uploads\/2018\/09\/WhatsApp-Image-2018-09-20-at-16.04.06-300x38.jpeg 300w, https:\/\/www.radiopiu.net\/wordpress\/wp-content\/uploads\/2018\/09\/WhatsApp-Image-2018-09-20-at-16.04.06-768x96.jpeg 768w\" sizes=\"auto, (max-width: 800px) 100vw, 800px\" \/><\/a><\/p>\n<div id=\"dolomitimeteo_div_testi\"><\/div>\n<p><center><b>OGGI<\/b><\/center>Mattinata perlopi\u00f9 soleggiata con cielo sereno o poco nuvoloso. Poi parziale riduzione del soleggiamento per modesta attivit\u00e0 cumuliforme, localmente moderata, ma ad oggi sembra che il rischio di fenomeni convettivi sia piuttosto remoto se non del tutto assente.<br \/>\n<b>Precipitazioni: <\/b>Assenti al mattino e pressoch\u00e9 assenti al pomeriggio<br \/>\n<b>Temperature: <\/b>In generale lieve rialzo, salvo stazionariet\u00e0 delle minime nelle valli.<\/p>\n<hr \/>\n<p><center><b>DOMANI<\/b><\/center>Al mattino sole e cielo sereno o poco nuvoloso per iniziali primi cumuli. Dalle ore centrali crescente attivit\u00e0 cumuliforme e comparsa di addensamenti via via pi\u00f9 intensi, mentre il tempo sar\u00e0 all&#8217;insegna dell&#8217;instabilit\u00e0 con fenomeni convettivi sempre pi\u00f9 diffusi su tutto il territorio montano.<br \/>\n<b>Precipitazioni: <\/b>Al mattino fenomeni assenti. Al pomeriggio crescente probabilit\u00e0 fino ad alta per rovesci e temporali via via pi\u00f9 diffusi. Le precipitazioni potranno risultare localmente intense, anche abbondanti su alcuni settori.<br \/>\n<b>Temperature: <\/b>Minime in rialzo e massime in calo.<\/p>\n<hr \/>\n<p><center><b>SABATO<\/b><\/center>Al mattino lunghi tratti soleggiati e iniziale attivit\u00e0 cumuliforme. Dalle ore centrali in poi tempo instabile\/perturbato con cielo molto nuvoloso\/coperto e alta probabilit\u00e0 di diffuse precipitazioni, anche a carattere di rovescio e e di temporale. Temperature in generale calo con minime osservate alla sera, almeno in quota.<\/p>\n<hr \/>\n<p><center><b>DOMENICA<\/b><\/center>Sole, cielo sereno, aria tersa ed ottima visibilit\u00e0 al mattino, eccetto irregolari annuvolamenti sulle Dolomiti pi\u00f9 settentrionali. Al pomeriggio annuvolamenti irregolari sulle Dolomiti e maggiore attivit\u00e0 cumuliforme sulle Prealpi, dove qualche fenomeno convettivo non sar\u00e0 escluso. Temperature minime in calo e massime in rialzo, salvo calo delle stesse sulle cime pi\u00f9 alte.<\/p>\n<p>&nbsp;<\/p>\n<hr \/>\n<p>&nbsp;<\/p>\n<p class=\"mceTemp\"><a class=\"dt-pswp-item\" href=\"https:\/\/www.radiopiu.net\/wordpress\/wp-content\/uploads\/2018\/09\/sport.jpg\" data-dt-img-description=\"\" data-large_image_width=\"800\" data-large_image_height=\"100\"><img loading=\"lazy\" decoding=\"async\" class=\"aligncenter wp-image-60761 size-full\" src=\"https:\/\/www.radiopiu.net\/wordpress\/wp-content\/uploads\/2018\/09\/sport.jpg\" alt=\"\" width=\"800\" height=\"100\" srcset=\"https:\/\/www.radiopiu.net\/wordpress\/wp-content\/uploads\/2018\/09\/sport.jpg 800w, https:\/\/www.radiopiu.net\/wordpress\/wp-content\/uploads\/2018\/09\/sport-300x38.jpg 300w, https:\/\/www.radiopiu.net\/wordpress\/wp-content\/uploads\/2018\/09\/sport-768x96.jpg 768w\" sizes=\"auto, (max-width: 800px) 100vw, 800px\" \/> <\/a><\/p>\n<p class=\"mceTemp\"><span style=\"color: #0000ff;\"><strong>\u00a0 \u00a0 \u00a0 \u00a0 \u00a0 \u00a0 \u00a0 \u00a0<\/strong><\/span><\/p>\n<p><span style=\"color: #0000ff;\"><strong>CORSA CAMPESTRE<\/strong><\/span><\/p>\n<blockquote>\n<h3>SUCCESSO PER LA TERZA EDIZIONE DELLA FRUSSEDA TRAIL: OLTRE 150 ATLETI AL VIA<\/h3>\n<\/blockquote>\n<p><a class=\"dt-pswp-item\" href=\"https:\/\/www.radiopiu.net\/wordpress\/wp-content\/uploads\/2025\/07\/525493865_122185201184301890_4500412550598365130_n.jpg\" data-dt-img-description=\"\" data-large_image_width=\"2048\" data-large_image_height=\"1356\"><img loading=\"lazy\" decoding=\"async\" class=\" wp-image-462055 alignleft\" src=\"https:\/\/www.radiopiu.net\/wordpress\/wp-content\/uploads\/2025\/07\/525493865_122185201184301890_4500412550598365130_n-300x199.jpg\" alt=\"\" width=\"214\" height=\"142\" srcset=\"https:\/\/www.radiopiu.net\/wordpress\/wp-content\/uploads\/2025\/07\/525493865_122185201184301890_4500412550598365130_n-300x199.jpg 300w, https:\/\/www.radiopiu.net\/wordpress\/wp-content\/uploads\/2025\/07\/525493865_122185201184301890_4500412550598365130_n-1024x678.jpg 1024w, https:\/\/www.radiopiu.net\/wordpress\/wp-content\/uploads\/2025\/07\/525493865_122185201184301890_4500412550598365130_n-768x509.jpg 768w, https:\/\/www.radiopiu.net\/wordpress\/wp-content\/uploads\/2025\/07\/525493865_122185201184301890_4500412550598365130_n-1536x1017.jpg 1536w, https:\/\/www.radiopiu.net\/wordpress\/wp-content\/uploads\/2025\/07\/525493865_122185201184301890_4500412550598365130_n.jpg 2048w\" sizes=\"auto, (max-width: 214px) 100vw, 214px\" \/><\/a>Domenica 27 luglio si \u00e8 svolta la terza edizione della Frusseda Trail, baciata dal sole e da una grande partecipazione. Oltre 150 atleti hanno preso parte alla gara organizzata dall\u2019ASD Alpago Tornado Run, scegliendo tra il percorso classico di 12 km e la novit\u00e0 \u201cMini Trail\u201d di 8,5 km. Il tracciato, impegnativo e panoramico, si snoda tra Nuova Erto, la strada romana e il monte Frusseda, toccando Cima Anties e la chiesetta di Sant\u2019Andrea. Vittorie per De Bon Giovanni e Casagrande Monica nella gara lunga, Bonatti Enrico e De Poi Angela nel Mini Trail. Entusiasta l\u2019organizzatore Roberto Feltrin, che ha ringraziato volontari, sostenitori e l\u2019Amministrazione comunale per il supporto. La manifestazione, giovane ma in crescita, si conferma un evento atteso e sentito dal territorio. Prossimo appuntamento: domenica 26 luglio 2026.<\/p>\n<p>&nbsp;<\/p>\n<blockquote class=\"wp-embedded-content\" data-secret=\"lkMOE7sTkc\"><p><a href=\"https:\/\/www.radiopiu.net\/wordpress\/il-14-agosto-torna-il-giro-del-lago-di-alleghe-in-notturna\/\">IL 14 AGOSTO TORNA IL GIRO DEL LAGO DI ALLEGHE IN NOTTURNA<\/a><\/p><\/blockquote>\n<p><iframe loading=\"lazy\" class=\"wp-embedded-content\" sandbox=\"allow-scripts\" security=\"restricted\" style=\"position: absolute; visibility: hidden;\" title=\"&#8220;IL 14 AGOSTO TORNA IL GIRO DEL LAGO DI ALLEGHE IN NOTTURNA&#8221; &#8212; Radio Pi\u00f9\" src=\"https:\/\/www.radiopiu.net\/wordpress\/il-14-agosto-torna-il-giro-del-lago-di-alleghe-in-notturna\/embed\/#?secret=eJMm4xjUW1#?secret=lkMOE7sTkc\" data-secret=\"lkMOE7sTkc\" width=\"600\" height=\"338\" frameborder=\"0\" marginwidth=\"0\" marginheight=\"0\" scrolling=\"no\"><\/iframe><\/p>\n<p>&nbsp;<\/p>\n<p>&nbsp;<\/p>\n","protected":false},"excerpt":{"rendered":"<p>******* &nbsp; LA\u00a0 APP PER IOS-IPHONE di Nicola Vettorello https:\/\/apps.apple.com\/it\/app\/radio-pi%C3%B9-emittente-agordina\/id1515939845 LA\u00a0 APP RADIO\u00a0 PER ANDROID di Nicola Vettorello https:\/\/play.google.com\/store\/apps\/details?id=net.radiopiu.iniko\u00a0\u00a0\u00a0\u00a0 &nbsp; &nbsp; &nbsp; \u00a0 &nbsp; OGGI SU RADIOPI\u00d9: MUSICA, informazione\u00a0 e dirette\u00a0 ALLE 8.05 LA RASSEGNA STAMPA LOCALE 8.25\u00a0 PIU SIAMO 9.00\u00a0 la musica country di alex nascinben 9.40\u00a0 NEL RICORDO DI LUCIA BARBIERO, DOMENICA LA&hellip;<\/p>\n","protected":false},"author":4,"featured_media":462205,"comment_status":"closed","ping_status":"closed","sticky":false,"template":"","format":"standard","meta":{"_monsterinsights_skip_tracking":false,"_monsterinsights_sitenote_active":false,"_monsterinsights_sitenote_note":"","_monsterinsights_sitenote_category":0,"footnotes":""},"categories":[51,86,49],"tags":[],"class_list":["post-462051","post","type-post","status-publish","format-standard","has-post-thumbnail","hentry","category-evidenza-top","category-gr","category-news-18","category-51","category-86","category-49","description-off"],"img_url":"https:\/\/www.radiopiu.net\/wordpress\/wp-content\/uploads\/2025\/07\/86e62f90-e627-49b7-a7e2-a1aaa181d31e.jpg","_links":{"self":[{"href":"https:\/\/www.radiopiu.net\/wordpress\/wp-json\/wp\/v2\/posts\/462051","targetHints":{"allow":["GET"]}}],"collection":[{"href":"https:\/\/www.radiopiu.net\/wordpress\/wp-json\/wp\/v2\/posts"}],"about":[{"href":"https:\/\/www.radiopiu.net\/wordpress\/wp-json\/wp\/v2\/types\/post"}],"author":[{"embeddable":true,"href":"https:\/\/www.radiopiu.net\/wordpress\/wp-json\/wp\/v2\/users\/4"}],"replies":[{"embeddable":true,"href":"https:\/\/www.radiopiu.net\/wordpress\/wp-json\/wp\/v2\/comments?post=462051"}],"version-history":[{"count":56,"href":"https:\/\/www.radiopiu.net\/wordpress\/wp-json\/wp\/v2\/posts\/462051\/revisions"}],"predecessor-version":[{"id":462285,"href":"https:\/\/www.radiopiu.net\/wordpress\/wp-json\/wp\/v2\/posts\/462051\/revisions\/462285"}],"wp:featuredmedia":[{"embeddable":true,"href":"https:\/\/www.radiopiu.net\/wordpress\/wp-json\/wp\/v2\/media\/462205"}],"wp:attachment":[{"href":"https:\/\/www.radiopiu.net\/wordpress\/wp-json\/wp\/v2\/media?parent=462051"}],"wp:term":[{"taxonomy":"category","embeddable":true,"href":"https:\/\/www.radiopiu.net\/wordpress\/wp-json\/wp\/v2\/categories?post=462051"},{"taxonomy":"post_tag","embeddable":true,"href":"https:\/\/www.radiopiu.net\/wordpress\/wp-json\/wp\/v2\/tags?post=462051"}],"curies":[{"name":"wp","href":"https:\/\/api.w.org\/{rel}","templated":true}]}}