{"id":462079,"date":"2025-07-30T12:45:54","date_gmt":"2025-07-30T10:45:54","guid":{"rendered":"https:\/\/www.radiopiu.net\/wordpress\/?p=462079"},"modified":"2025-07-30T12:45:54","modified_gmt":"2025-07-30T10:45:54","slug":"le-montagne-di-mario-teddy-soppelsa-presenta-il-suo-nuovo-libro-in-localita-cansech-nel-cuore-della-val-canzoi","status":"publish","type":"post","link":"https:\/\/www.radiopiu.net\/wordpress\/le-montagne-di-mario-teddy-soppelsa-presenta-il-suo-nuovo-libro-in-localita-cansech-nel-cuore-della-val-canzoi\/","title":{"rendered":"&#8220;LE MONTAGNE DI MARIO&#8221;: TEDDY SOPPELSA PRESENTA IL SUO NUOVO LIBRO IN LOCALIT\u00c0 CANS\u00c9CH, NEL CUORE DELLA VAL CANZOI"},"content":{"rendered":"<p>********<\/p>\n<p>&nbsp;<\/p>\n<p><strong><a class=\"dt-pswp-item\" href=\"https:\/\/www.radiopiu.net\/wordpress\/wp-content\/uploads\/2025\/07\/Mario-al-rifugio-Boz-con-escursionisti-Alta-Via-2-1.jpeg\" data-dt-img-description=\"\" data-large_image_width=\"1570\" data-large_image_height=\"2434\"><img loading=\"lazy\" decoding=\"async\" class=\" wp-image-462080 alignleft\" src=\"https:\/\/www.radiopiu.net\/wordpress\/wp-content\/uploads\/2025\/07\/Mario-al-rifugio-Boz-con-escursionisti-Alta-Via-2-1-194x300.jpeg\" alt=\"\" width=\"148\" height=\"229\" srcset=\"https:\/\/www.radiopiu.net\/wordpress\/wp-content\/uploads\/2025\/07\/Mario-al-rifugio-Boz-con-escursionisti-Alta-Via-2-1-194x300.jpeg 194w, https:\/\/www.radiopiu.net\/wordpress\/wp-content\/uploads\/2025\/07\/Mario-al-rifugio-Boz-con-escursionisti-Alta-Via-2-1-661x1024.jpeg 661w, https:\/\/www.radiopiu.net\/wordpress\/wp-content\/uploads\/2025\/07\/Mario-al-rifugio-Boz-con-escursionisti-Alta-Via-2-1-768x1191.jpeg 768w, https:\/\/www.radiopiu.net\/wordpress\/wp-content\/uploads\/2025\/07\/Mario-al-rifugio-Boz-con-escursionisti-Alta-Via-2-1-991x1536.jpeg 991w, https:\/\/www.radiopiu.net\/wordpress\/wp-content\/uploads\/2025\/07\/Mario-al-rifugio-Boz-con-escursionisti-Alta-Via-2-1-1321x2048.jpeg 1321w, https:\/\/www.radiopiu.net\/wordpress\/wp-content\/uploads\/2025\/07\/Mario-al-rifugio-Boz-con-escursionisti-Alta-Via-2-1.jpeg 1570w\" sizes=\"auto, (max-width: 148px) 100vw, 148px\" \/><\/a>DI ALESSIA DALL&#8217;O&#8217;<\/strong><\/p>\n<p><strong>CESIOMAGGIORE <\/strong>Domenica 3 agosto, alle ore 9.30, in localit\u00e0 Cans\u00e9ch, nella suggestiva Val Canzoi di Cesiomaggiore, si terr\u00e0 la presentazione ufficiale del nuovo libro di Teddy Soppelsa, <em>Le montagne di Mario. Memorie dalla Val Canz\u00f3i<\/em>, edito da Cierre edizioni. Una data simbolica, quella del 3 agosto: il giorno in cui nacque Mario Meneguz, conosciuto da tutti come <em>Scudel\u00ecn<\/em>, figura centrale di questo volume e della memoria collettiva della valle.<\/p>\n<p><strong>LA FIGURA STORICA DI MARIO MENEGUZ<\/strong><\/p>\n<p>Il libro nasce come un omaggio affettuoso e corale a un uomo che ha fatto della semplicit\u00e0 e del legame con la montagna la sua cifra pi\u00f9 autentica. Boscaiolo, malgaro e primo gestore del rifugio Bruno B\u00f2z, Mario Meneguz ha segnato profondamente la vita di chi ha frequentato Neva e la Val Canz\u00f3i tra gli anni Sessanta e Novanta. Il suo nome \u00e8 ancora oggi pronunciato con rispetto e affetto da molti soci del CAI Feltre e da chi ha incrociato il suo cammino su quei sentieri. \u00abNon una biografia tradizionale, ma un atto d\u2019amore verso un uomo e la sua valle \u2013 racconta l\u2019autore Teddy Soppelsa \u2013 Ho raccolto memorie e voci come si raccolgono ruscelli d\u2019acqua: ognuna con un suo suono, una sua direzione, ma tutte unite nel disegnare un paesaggio umano. Questo libro \u00e8 un invito a riconoscere il valore della semplicit\u00e0, delle radici, dell\u2019autenticit\u00e0\u00bb. Il desiderio di tramandare la memoria di Mario \u00e8 nato primariamente da Daniele Castellaz, che con la moglie Ginetta Spada ha gestito per quasi quarant\u2019anni il rifugio Bruno B\u00f2z, raccogliendo l\u2019eredit\u00e0 dello stesso Scudel\u00ecn a met\u00e0 degli anni Settanta. A questo progetto editoriale si sono uniti con entusiasmo amici, familiari, enti locali e istituzioni, in uno sforzo condiviso per restituire alla comunit\u00e0 una figura che \u00e8 stata parte integrante del paesaggio.<\/p>\n<p><strong>IL PROGRAMMA DELL\u2019EVENTO<\/strong><\/p>\n<p>Sar\u00e0 una mattinata all\u2019insegna della memoria, del paesaggio e della condivisione. Perch\u00e9 certe persone, come certi luoghi, non si dimenticano: si attraversano, si vivono e si raccontano. La presentazione si aprir\u00e0 con il saluto del sociologo Diego Cason e vedr\u00e0 gli interventi del Sindaco di Cesiomaggiore, Carlo Zanella, del Commissario straordinario dell\u2019Ente Parco Nazionale Dolomiti Bellunesi, Ennio Vigne, del Tenente Colonnello Elisabetta Tropea, Comandante del Reparto Carabinieri Biodiversit\u00e0 di Belluno, del Presidente della sezione CAI di Feltre, Renzo Zollet, e dell\u2019autore stesso, il cesiolino Teddy Soppelsa. A rendere l\u2019atmosfera ancora pi\u00f9 speciale saranno l\u2019esibizione del Coro Sintagma, le letture di Francesco Padovani e Silvana Vignaga, e un brindisi di benvenuto. Seguir\u00e0 un\u2019escursione lungo il \u201cSentiero di Mario\u201d, un itinerario semplice ma ricco di significato: da Cans\u00e9ch al lago de La Stua, fino a La Guarda, per un totale di circa 3 km e 150 metri di dislivello, un percorso adatto a tutti e da vivere come sempre richiede la montagna, con consapevolezza e preparazione. <a class=\"dt-pswp-item\" href=\"https:\/\/www.radiopiu.net\/wordpress\/wp-content\/uploads\/2025\/07\/teddy-con-libro_01.jpg\" data-dt-img-description=\"\" data-large_image_width=\"1512\" data-large_image_height=\"1584\"><img loading=\"lazy\" decoding=\"async\" class=\" wp-image-462081 alignright\" src=\"https:\/\/www.radiopiu.net\/wordpress\/wp-content\/uploads\/2025\/07\/teddy-con-libro_01-286x300.jpg\" alt=\"\" width=\"258\" height=\"271\" srcset=\"https:\/\/www.radiopiu.net\/wordpress\/wp-content\/uploads\/2025\/07\/teddy-con-libro_01-286x300.jpg 286w, https:\/\/www.radiopiu.net\/wordpress\/wp-content\/uploads\/2025\/07\/teddy-con-libro_01-977x1024.jpg 977w, https:\/\/www.radiopiu.net\/wordpress\/wp-content\/uploads\/2025\/07\/teddy-con-libro_01-768x805.jpg 768w, https:\/\/www.radiopiu.net\/wordpress\/wp-content\/uploads\/2025\/07\/teddy-con-libro_01-1466x1536.jpg 1466w, https:\/\/www.radiopiu.net\/wordpress\/wp-content\/uploads\/2025\/07\/teddy-con-libro_01.jpg 1512w\" sizes=\"auto, (max-width: 258px) 100vw, 258px\" \/><\/a>Lungo il percorso, presso la diga del lago, saranno installati distributori di \u201cpillole di natura dalla Val Canz\u00f3i\u201d, piccoli messaggi da leggere e portare con s\u00e9, per riflettere sulla montagna e sulla sua ricchezza. Per raggiungere Cans\u00e9ch \u00e8 necessario un breve tratto a piedi: circa 20 minuti da La Guarda, lungo la strada della Val Canz\u00f3i. Si consiglia di aggiungere almeno 10 minuti per chi lascia l\u2019auto nei parcheggi predisposti. In caso di maltempo, la presentazione si svolger\u00e0 alla stessa ora presso gli impianti sportivi di Pradenich a Cesiomaggiore.<\/p>\n<p><strong>CHI E\u2019 TEDDY SOPPELSA<\/strong><\/p>\n<p>Teddy Soppelsa, nato a Feltre nel 1961 e oggi residente a Cesiomaggiore, \u00e8 una figura nota nel panorama culturale legato alla montagna. Dopo una carriera che ha spaziato dall\u2019informatica alla comunicazione nel settore delle calzature outdoor, \u00e8 oggi guida ambientale escursionistica, autore e promotore di progetti culturali dedicati alla memoria alpina. \u201cScrivere \u2013 afferma \u2013 \u00e8 il mio modo di restituire ci\u00f2 che la montagna mi ha insegnato. Ogni paesaggio custodisce una storia umana, che vale la pena ascoltare e raccontare\u201d.<\/p>\n<p>&nbsp;<\/p>\n<p>&nbsp;<\/p>\n<p>&nbsp;<\/p>\n<p>&nbsp;<\/p>\n<p>&nbsp;<\/p>\n<p>&nbsp;<\/p>\n<p>&nbsp;<\/p>\n<p>*********<\/p>\n","protected":false},"excerpt":{"rendered":"<p>******** &nbsp; DI ALESSIA DALL&#8217;O&#8217; CESIOMAGGIORE Domenica 3 agosto, alle ore 9.30, in localit\u00e0 Cans\u00e9ch, nella suggestiva Val Canzoi di Cesiomaggiore, si terr\u00e0 la presentazione ufficiale del nuovo libro di Teddy Soppelsa, Le montagne di Mario. Memorie dalla Val Canz\u00f3i, edito da Cierre edizioni. Una data simbolica, quella del 3 agosto: il giorno in cui&hellip;<\/p>\n","protected":false},"author":4,"featured_media":462082,"comment_status":"closed","ping_status":"closed","sticky":false,"template":"","format":"standard","meta":{"_monsterinsights_skip_tracking":false,"_monsterinsights_sitenote_active":false,"_monsterinsights_sitenote_note":"","_monsterinsights_sitenote_category":0,"footnotes":""},"categories":[49],"tags":[],"class_list":["post-462079","post","type-post","status-publish","format-standard","has-post-thumbnail","hentry","category-news-18","category-49","description-off"],"img_url":"https:\/\/www.radiopiu.net\/wordpress\/wp-content\/uploads\/2025\/07\/SCR-20250730-llue.jpeg","_links":{"self":[{"href":"https:\/\/www.radiopiu.net\/wordpress\/wp-json\/wp\/v2\/posts\/462079","targetHints":{"allow":["GET"]}}],"collection":[{"href":"https:\/\/www.radiopiu.net\/wordpress\/wp-json\/wp\/v2\/posts"}],"about":[{"href":"https:\/\/www.radiopiu.net\/wordpress\/wp-json\/wp\/v2\/types\/post"}],"author":[{"embeddable":true,"href":"https:\/\/www.radiopiu.net\/wordpress\/wp-json\/wp\/v2\/users\/4"}],"replies":[{"embeddable":true,"href":"https:\/\/www.radiopiu.net\/wordpress\/wp-json\/wp\/v2\/comments?post=462079"}],"version-history":[{"count":1,"href":"https:\/\/www.radiopiu.net\/wordpress\/wp-json\/wp\/v2\/posts\/462079\/revisions"}],"predecessor-version":[{"id":462083,"href":"https:\/\/www.radiopiu.net\/wordpress\/wp-json\/wp\/v2\/posts\/462079\/revisions\/462083"}],"wp:featuredmedia":[{"embeddable":true,"href":"https:\/\/www.radiopiu.net\/wordpress\/wp-json\/wp\/v2\/media\/462082"}],"wp:attachment":[{"href":"https:\/\/www.radiopiu.net\/wordpress\/wp-json\/wp\/v2\/media?parent=462079"}],"wp:term":[{"taxonomy":"category","embeddable":true,"href":"https:\/\/www.radiopiu.net\/wordpress\/wp-json\/wp\/v2\/categories?post=462079"},{"taxonomy":"post_tag","embeddable":true,"href":"https:\/\/www.radiopiu.net\/wordpress\/wp-json\/wp\/v2\/tags?post=462079"}],"curies":[{"name":"wp","href":"https:\/\/api.w.org\/{rel}","templated":true}]}}