{"id":462119,"date":"2025-07-31T05:31:01","date_gmt":"2025-07-31T03:31:01","guid":{"rendered":"https:\/\/www.radiopiu.net\/wordpress\/?p=462119"},"modified":"2025-07-31T05:46:42","modified_gmt":"2025-07-31T03:46:42","slug":"addio-a-renato-de-zordo-storico-gestore-del-coldai","status":"publish","type":"post","link":"https:\/\/www.radiopiu.net\/wordpress\/addio-a-renato-de-zordo-storico-gestore-del-coldai\/","title":{"rendered":"ADDIO A RENATO DE ZORDO, STORICO GESTORE DEL COLDAI:"},"content":{"rendered":"<p>**<\/p>\n<p><strong>ALLEGHE<\/strong><\/p>\n<article class=\"text-token-text-primary w-full focus:outline-none scroll-mt-[calc(var(--header-height)+min(200px,max(70px,20svh)))]\" dir=\"auto\" tabindex=\"-1\" data-testid=\"conversation-turn-114\" data-scroll-anchor=\"true\" data-turn=\"assistant\">\n<div class=\"text-base my-auto mx-auto pb-10 [--thread-content-margin:--spacing(4)] @[37rem]:[--thread-content-margin:--spacing(6)] @[72rem]:[--thread-content-margin:--spacing(16)] px-(--thread-content-margin)\">\n<div class=\"[--thread-content-max-width:32rem] @[34rem]:[--thread-content-max-width:40rem] @[64rem]:[--thread-content-max-width:48rem] mx-auto max-w-(--thread-content-max-width) flex-1 group\/turn-messages focus-visible:outline-hidden relative flex w-full min-w-0 flex-col agent-turn\" tabindex=\"-1\">\n<div class=\"flex max-w-full flex-col grow\">\n<div class=\"min-h-8 text-message relative flex w-full flex-col items-end gap-2 text-start break-words whitespace-normal [.text-message+&amp;]:mt-5\" dir=\"auto\" data-message-author-role=\"assistant\" data-message-id=\"c86d87e2-abb4-4d10-93cd-5b1d3fc100c8\" data-message-model-slug=\"gpt-4o\">\n<div class=\"flex w-full flex-col gap-1 empty:hidden first:pt-[3px]\">\n<div class=\"markdown prose dark:prose-invert w-full break-words dark\">\n<p data-start=\"248\" data-end=\"634\"><a class=\"dt-pswp-item\" href=\"https:\/\/www.radiopiu.net\/wordpress\/wp-content\/uploads\/2025\/07\/524560858_1328416135956051_8261300572494366385_n.jpg\" data-dt-img-description=\"\" data-large_image_width=\"570\" data-large_image_height=\"797\"><img loading=\"lazy\" decoding=\"async\" class=\" wp-image-462121 alignleft\" src=\"https:\/\/www.radiopiu.net\/wordpress\/wp-content\/uploads\/2025\/07\/524560858_1328416135956051_8261300572494366385_n-215x300.jpg\" alt=\"\" width=\"173\" height=\"241\" srcset=\"https:\/\/www.radiopiu.net\/wordpress\/wp-content\/uploads\/2025\/07\/524560858_1328416135956051_8261300572494366385_n-215x300.jpg 215w, https:\/\/www.radiopiu.net\/wordpress\/wp-content\/uploads\/2025\/07\/524560858_1328416135956051_8261300572494366385_n.jpg 570w\" sizes=\"auto, (max-width: 173px) 100vw, 173px\" \/><\/a>\u201cCi hai fatto l\u2019ultimo dei tuoi scherzetti, lasciandoci in piena stagione&#8230; perch\u00e9 le cose facili, a te, non sono mai piaciute.\u201d Cos\u00ec, con parole semplici e cariche di affetto, lo staff del <strong data-start=\"468\" data-end=\"486\">Rifugio Coldai<\/strong> ha annunciato la scomparsa di <strong data-start=\"517\" data-end=\"536\">Renato De Zordo<\/strong>, classe 1934, storico gestore della struttura incastonata a 2.135 metri nel gruppo del Civetta. Renato \u2013 o \u201cRen\u00e9\u201d, come lo chiamavano tutti \u2013 <strong data-start=\"682\" data-end=\"736\">se n\u2019\u00e8 andato nella notte tra il 29 e il 30 luglio<\/strong>, a 91 anni, lasciando un vuoto enorme tra chi ha condiviso con lui decenni di alpinismo, accoglienza e passione per la montagna.\u00a0 Arrivato al rifugio nel <strong data-start=\"1126\" data-end=\"1159\">1968 insieme alla moglie Enza<\/strong>, Renato ha dedicato <strong data-start=\"1180\" data-end=\"1206\">45 anni della sua vita<\/strong> a far crescere e vivere il Coldai come una vera casa di montagna, punto di riferimento per generazioni di escursionisti. Ha poi passato il testimone a Luca (oggi gestore de La Grande Baita Civetta e del Rifugio Col dei Baldi), creando un&#8217;altra perla, L&#8217;Hotel Barance a Masar\u00e8 di Alleghe, ma la sua presenza \u00e8 rimasta viva e costante. \u201cGrazie per tutto, davvero.\u201d Renato De Zordo lascia un\u2019impronta indelebile non solo tra le pietre del rifugio, ma nei cuori di chi l\u2019ha incontrato. <strong data-start=\"1981\" data-end=\"2028\" data-is-last-node=\"\">La montagna, da oggi, ha una stella in pi\u00f9.<\/strong><\/p>\n<p data-start=\"248\" data-end=\"634\"><strong>IL MESSAGGIO DEL SINDACO DI ALLEGHE DANILO DE TONI<\/strong><\/p>\n<audio class=\"wp-audio-shortcode\" id=\"audio-462119-1\" preload=\"none\" style=\"width: 100%;\" controls=\"controls\"><source type=\"audio\/mpeg\" src=\"https:\/\/www.radiopiu.net\/wordpress\/wp-content\/uploads\/2025\/07\/DANILO-DE-TONI.mp3?_=1\" \/><a href=\"https:\/\/www.radiopiu.net\/wordpress\/wp-content\/uploads\/2025\/07\/DANILO-DE-TONI.mp3\">https:\/\/www.radiopiu.net\/wordpress\/wp-content\/uploads\/2025\/07\/DANILO-DE-TONI.mp3<\/a><\/audio>\n<p>&nbsp;<\/p>\n<p data-start=\"248\" data-end=\"634\"><a class=\"dt-pswp-item\" href=\"https:\/\/www.radiopiu.net\/wordpress\/wp-content\/uploads\/2025\/07\/525008410_1328410755956589_8387052354420827285_n.jpg\" data-dt-img-description=\"\" data-large_image_width=\"403\" data-large_image_height=\"598\"><img loading=\"lazy\" decoding=\"async\" class=\" wp-image-462120 alignleft\" src=\"https:\/\/www.radiopiu.net\/wordpress\/wp-content\/uploads\/2025\/07\/525008410_1328410755956589_8387052354420827285_n-202x300.jpg\" alt=\"\" width=\"165\" height=\"245\" srcset=\"https:\/\/www.radiopiu.net\/wordpress\/wp-content\/uploads\/2025\/07\/525008410_1328410755956589_8387052354420827285_n-202x300.jpg 202w, https:\/\/www.radiopiu.net\/wordpress\/wp-content\/uploads\/2025\/07\/525008410_1328410755956589_8387052354420827285_n.jpg 403w\" sizes=\"auto, (max-width: 165px) 100vw, 165px\" \/><\/a><span style=\"color: #0000ff;\"><strong>PAGINA FACEBOOK RIFUGIO COLDAI<\/strong><\/span><\/p>\n<\/div>\n<\/div>\n<\/div>\n<\/div>\n<div class=\"mx-[var(--mini-thread-content-inset)]\">\n<div class=\"flex min-h-[46px] justify-start\"><\/div>\n<\/div>\n<div class=\"aria-live=polite absolute\">\n<div class=\"flex items-center justify-center\">\n<div class=\"xdj266r x14z9mp xat24cr x1lziwak x1vvkbs x126k92a\">\n<blockquote>\n<div dir=\"auto\">Questa mattina prepare le colazioni, fare le pulizie e tirare la teleferica ha avuto un sapore diverso.. silenzi, tanti pensieri e tanti, tanti ricordi. Questa notte ci ha lasciati Renato. Un pezzo di storia di questo rifugio.. lo storico gestore del Coldai. Arrivato qui nel 1968 con la tua Enza avete trasformato questo rifugio nella vostra casa.. per ben 45 anni con amore, dedizione, tenacia, ottimismo e disponibilit\u00e0 verso le persone che venivano a trovarvi avete fatto s\u00ec che tutto quello che c \u00e8 oggi\u2026esistesse. Ci hai fatto l\u2019 ultimo dei tuoi scherzetti lasciandoci in piena stagione, perch\u00e9 le cose facili a te non piacevano.. e cos\u00ec ci hai messi a dura prova! Ma ti promettiamo che tutto continuer\u00e0 come avresti voluto tu, come avresti fatto tu! Il tuo Coldai rimarr\u00e0 tale e quale. Ci hai insegnato tutto per bene, con le tue \u201cbrontolate\u201d affettuose, perch\u00e9 tu eri cos\u00ec. Brontolavi e facevi il duro. ma bastava guardarti negli occhi per capire che era il tuo modo di dirci \u201cti voglio bene\u201d. Sei stato un grande uomo. Grazie Ren\u00e8 <span class=\"html-span xexx8yu xyri2b x18d9i69 x1c1uobl x1hl2dhg x16tdsg8 x1vvkbs x3nfvp2 x1j61x8r x1fcty0u xdj266r xat24cr xm2jcoa x1mpyi22 xxymvpz xlup9mm x1kky2od\"><img loading=\"lazy\" decoding=\"async\" class=\"xz74otr x15mokao x1ga7v0g x16uus16 xbiv7yw\" src=\"https:\/\/static.xx.fbcdn.net\/images\/emoji.php\/v9\/t6c\/1\/16\/2764.png\" alt=\"\u2764\ufe0f\" width=\"16\" height=\"16\" \/><\/span>. Grazie per tutto, davvero. Il rosario sar\u00e0 domani, gioved\u00ec 31 luglio alle ore 18.00 e il funerale si terr\u00e0 venerd\u00ec 01 agosto alle ore 14.30 presso la Chiesa S. Biagio di Alleghe.<\/div>\n<\/blockquote>\n<\/div>\n<\/div>\n<\/div>\n<\/div>\n<\/div>\n<\/article>\n<div dir=\"auto\"><\/div>\n<div dir=\"auto\"><\/div>\n<div dir=\"auto\"><\/div>\n<div dir=\"auto\"><\/div>\n<div dir=\"auto\">\n<hr \/>\n<\/div>\n<div class=\"pointer-events-none h-px w-px\" aria-hidden=\"true\" data-edge=\"true\"><\/div>\n","protected":false},"excerpt":{"rendered":"<p>** ALLEGHE \u201cCi hai fatto l\u2019ultimo dei tuoi scherzetti, lasciandoci in piena stagione&#8230; perch\u00e9 le cose facili, a te, non sono mai piaciute.\u201d Cos\u00ec, con parole semplici e cariche di affetto, lo staff del Rifugio Coldai ha annunciato la scomparsa di Renato De Zordo, classe 1934, storico gestore della struttura incastonata a 2.135 metri nel&hellip;<\/p>\n","protected":false},"author":4,"featured_media":462122,"comment_status":"closed","ping_status":"closed","sticky":false,"template":"","format":"standard","meta":{"_monsterinsights_skip_tracking":false,"_monsterinsights_sitenote_active":false,"_monsterinsights_sitenote_note":"","_monsterinsights_sitenote_category":0,"footnotes":""},"categories":[51,49],"tags":[],"class_list":["post-462119","post","type-post","status-publish","format-standard","has-post-thumbnail","hentry","category-evidenza-top","category-news-18","category-51","category-49","description-off"],"img_url":"https:\/\/www.radiopiu.net\/wordpress\/wp-content\/uploads\/2025\/07\/Screenshot-2025-07-30-143734.png","_links":{"self":[{"href":"https:\/\/www.radiopiu.net\/wordpress\/wp-json\/wp\/v2\/posts\/462119","targetHints":{"allow":["GET"]}}],"collection":[{"href":"https:\/\/www.radiopiu.net\/wordpress\/wp-json\/wp\/v2\/posts"}],"about":[{"href":"https:\/\/www.radiopiu.net\/wordpress\/wp-json\/wp\/v2\/types\/post"}],"author":[{"embeddable":true,"href":"https:\/\/www.radiopiu.net\/wordpress\/wp-json\/wp\/v2\/users\/4"}],"replies":[{"embeddable":true,"href":"https:\/\/www.radiopiu.net\/wordpress\/wp-json\/wp\/v2\/comments?post=462119"}],"version-history":[{"count":7,"href":"https:\/\/www.radiopiu.net\/wordpress\/wp-json\/wp\/v2\/posts\/462119\/revisions"}],"predecessor-version":[{"id":462176,"href":"https:\/\/www.radiopiu.net\/wordpress\/wp-json\/wp\/v2\/posts\/462119\/revisions\/462176"}],"wp:featuredmedia":[{"embeddable":true,"href":"https:\/\/www.radiopiu.net\/wordpress\/wp-json\/wp\/v2\/media\/462122"}],"wp:attachment":[{"href":"https:\/\/www.radiopiu.net\/wordpress\/wp-json\/wp\/v2\/media?parent=462119"}],"wp:term":[{"taxonomy":"category","embeddable":true,"href":"https:\/\/www.radiopiu.net\/wordpress\/wp-json\/wp\/v2\/categories?post=462119"},{"taxonomy":"post_tag","embeddable":true,"href":"https:\/\/www.radiopiu.net\/wordpress\/wp-json\/wp\/v2\/tags?post=462119"}],"curies":[{"name":"wp","href":"https:\/\/api.w.org\/{rel}","templated":true}]}}