{"id":462149,"date":"2025-07-31T05:30:38","date_gmt":"2025-07-31T03:30:38","guid":{"rendered":"https:\/\/www.radiopiu.net\/wordpress\/?p=462149"},"modified":"2025-07-31T05:46:26","modified_gmt":"2025-07-31T03:46:26","slug":"linea-del-piave-gia-superata-la-lega-attacca-e-rilancia-sul-caso-ex-agip","status":"publish","type":"post","link":"https:\/\/www.radiopiu.net\/wordpress\/linea-del-piave-gia-superata-la-lega-attacca-e-rilancia-sul-caso-ex-agip\/","title":{"rendered":"LINEA DEL PIAVE GI\u00c0 SUPERATA: LA LEGA ATTACCA E RILANCIA SUL CASO EX AGIP"},"content":{"rendered":"<p>**<\/p>\n<p>&nbsp;<\/p>\n<p data-start=\"90\" data-end=\"315\"><strong> <a class=\"dt-pswp-item\" href=\"https:\/\/www.radiopiu.net\/wordpress\/wp-content\/uploads\/2025\/07\/Agip-Baldenich-2_edited-300x300-1.jpg\" data-dt-img-description=\"\" data-large_image_width=\"300\" data-large_image_height=\"300\"><img loading=\"lazy\" decoding=\"async\" class=\"wp-image-462150 alignleft\" src=\"https:\/\/www.radiopiu.net\/wordpress\/wp-content\/uploads\/2025\/07\/Agip-Baldenich-2_edited-300x300-1.jpg\" alt=\"\" width=\"164\" height=\"164\" srcset=\"https:\/\/www.radiopiu.net\/wordpress\/wp-content\/uploads\/2025\/07\/Agip-Baldenich-2_edited-300x300-1.jpg 300w, https:\/\/www.radiopiu.net\/wordpress\/wp-content\/uploads\/2025\/07\/Agip-Baldenich-2_edited-300x300-1-150x150.jpg 150w\" sizes=\"auto, (max-width: 164px) 100vw, 164px\" \/><\/a>BELLUNO<\/strong> \u2013 Sul futuro dell\u2019area Ex Agip, la Lega di Belluno prende posizione: \u00abLa cosiddetta \u201cLinea del Piave\u201d \u00e8 stata superata da tempo. La verit\u00e0 andrebbe raccontata tutta, non solo quella che conviene a una parte politica\u00bb. Il riferimento \u00e8 al progetto del nuovo supermercato a Baldenich, al centro del dibattito cittadino. \u00abSenza giudicare le scelte del privato, in democrazia ognuno \u00e8 libero di investire \u2013 precisa la Lega \u2013 ma fu nel penultimo consiglio comunale dell\u2019Amministrazione Massaro che si decise di allargare l\u2019area commerciale a 1500 metri quadrati, nonostante il voto contrario di Lega, Insieme per Belluno e del consigliere Bello\u00bb. \u00abOra \u2013 prosegue la nota \u2013 la nostra Amministrazione ha il dovere di valutare con responsabilit\u00e0, ascoltando i cittadini ma anche cogliendo le opportunit\u00e0 di sviluppo. \u00c8 giusto parlarne, sarebbe sbagliato ignorarlo. Il progetto comporta opere che il pubblico da solo oggi difficilmente potrebbe sostenere\u00bb. Dalla Lega, quindi, un appello al confronto aperto, \u00abper il bene del quartiere e della citt\u00e0\u00bb.<\/p>\n<p data-start=\"90\" data-end=\"315\">\n<hr \/>\n<p data-start=\"90\" data-end=\"315\">\n","protected":false},"excerpt":{"rendered":"<p>** &nbsp; BELLUNO \u2013 Sul futuro dell\u2019area Ex Agip, la Lega di Belluno prende posizione: \u00abLa cosiddetta \u201cLinea del Piave\u201d \u00e8 stata superata da tempo. La verit\u00e0 andrebbe raccontata tutta, non solo quella che conviene a una parte politica\u00bb. Il riferimento \u00e8 al progetto del nuovo supermercato a Baldenich, al centro del dibattito cittadino. \u00abSenza&hellip;<\/p>\n","protected":false},"author":4,"featured_media":441236,"comment_status":"closed","ping_status":"closed","sticky":false,"template":"","format":"standard","meta":{"_monsterinsights_skip_tracking":false,"_monsterinsights_sitenote_active":false,"_monsterinsights_sitenote_note":"","_monsterinsights_sitenote_category":0,"footnotes":""},"categories":[51,49],"tags":[],"class_list":["post-462149","post","type-post","status-publish","format-standard","has-post-thumbnail","hentry","category-evidenza-top","category-news-18","category-51","category-49","description-off"],"img_url":"https:\/\/www.radiopiu.net\/wordpress\/wp-content\/uploads\/2025\/03\/Agip-Baldenich-2_edited.jpg","_links":{"self":[{"href":"https:\/\/www.radiopiu.net\/wordpress\/wp-json\/wp\/v2\/posts\/462149","targetHints":{"allow":["GET"]}}],"collection":[{"href":"https:\/\/www.radiopiu.net\/wordpress\/wp-json\/wp\/v2\/posts"}],"about":[{"href":"https:\/\/www.radiopiu.net\/wordpress\/wp-json\/wp\/v2\/types\/post"}],"author":[{"embeddable":true,"href":"https:\/\/www.radiopiu.net\/wordpress\/wp-json\/wp\/v2\/users\/4"}],"replies":[{"embeddable":true,"href":"https:\/\/www.radiopiu.net\/wordpress\/wp-json\/wp\/v2\/comments?post=462149"}],"version-history":[{"count":1,"href":"https:\/\/www.radiopiu.net\/wordpress\/wp-json\/wp\/v2\/posts\/462149\/revisions"}],"predecessor-version":[{"id":462151,"href":"https:\/\/www.radiopiu.net\/wordpress\/wp-json\/wp\/v2\/posts\/462149\/revisions\/462151"}],"wp:featuredmedia":[{"embeddable":true,"href":"https:\/\/www.radiopiu.net\/wordpress\/wp-json\/wp\/v2\/media\/441236"}],"wp:attachment":[{"href":"https:\/\/www.radiopiu.net\/wordpress\/wp-json\/wp\/v2\/media?parent=462149"}],"wp:term":[{"taxonomy":"category","embeddable":true,"href":"https:\/\/www.radiopiu.net\/wordpress\/wp-json\/wp\/v2\/categories?post=462149"},{"taxonomy":"post_tag","embeddable":true,"href":"https:\/\/www.radiopiu.net\/wordpress\/wp-json\/wp\/v2\/tags?post=462149"}],"curies":[{"name":"wp","href":"https:\/\/api.w.org\/{rel}","templated":true}]}}