{"id":462177,"date":"2025-07-30T18:30:10","date_gmt":"2025-07-30T16:30:10","guid":{"rendered":"https:\/\/www.radiopiu.net\/wordpress\/?p=462177"},"modified":"2025-07-31T05:46:15","modified_gmt":"2025-07-31T03:46:15","slug":"arten-si-prepara-a-celebrare-i-170-anni-del-decennale-della-madonna-del-voto","status":"publish","type":"post","link":"https:\/\/www.radiopiu.net\/wordpress\/arten-si-prepara-a-celebrare-i-170-anni-del-decennale-della-madonna-del-voto\/","title":{"rendered":"ARTEN SI PREPARA A CELEBRARE I 170 ANNI DEL DECENNALE DELLA MADONNA DEL VOTO"},"content":{"rendered":"<p>********<\/p>\n<p>&nbsp;<\/p>\n<p><strong><a class=\"dt-pswp-item\" href=\"https:\/\/www.radiopiu.net\/wordpress\/wp-content\/uploads\/2025\/07\/Volontari-ad-Arten.jpg\" data-dt-img-description=\"\" data-large_image_width=\"1600\" data-large_image_height=\"720\"><img loading=\"lazy\" decoding=\"async\" class=\" wp-image-462178 alignleft\" src=\"https:\/\/www.radiopiu.net\/wordpress\/wp-content\/uploads\/2025\/07\/Volontari-ad-Arten-300x135.jpg\" alt=\"\" width=\"240\" height=\"108\" srcset=\"https:\/\/www.radiopiu.net\/wordpress\/wp-content\/uploads\/2025\/07\/Volontari-ad-Arten-300x135.jpg 300w, https:\/\/www.radiopiu.net\/wordpress\/wp-content\/uploads\/2025\/07\/Volontari-ad-Arten-1024x461.jpg 1024w, https:\/\/www.radiopiu.net\/wordpress\/wp-content\/uploads\/2025\/07\/Volontari-ad-Arten-768x346.jpg 768w, https:\/\/www.radiopiu.net\/wordpress\/wp-content\/uploads\/2025\/07\/Volontari-ad-Arten-1536x691.jpg 1536w, https:\/\/www.radiopiu.net\/wordpress\/wp-content\/uploads\/2025\/07\/Volontari-ad-Arten.jpg 1600w\" sizes=\"auto, (max-width: 240px) 100vw, 240px\" \/><\/a>DI ALESSIA DALL&#8217;O&#8217;<\/strong><\/p>\n<p><strong>FONZASO <\/strong>Arten di Fonzaso si veste a festa per uno degli appuntamenti pi\u00f9 sentiti e identitari del territorio: il Decennale della Madonna del Voto, che quest\u2019anno compie 170 anni. Le celebrazioni, in programma dal 14 al 24 agosto 2025, affondano le radici in una devozione popolare che ha attraversato le generazioni, mantenendosi viva nel cuore della comunit\u00e0. I preparativi sono iniziati gi\u00e0 a maggio, con decine di volontari impegnati giorno dopo giorno a decorare vie, contrade e piazze, trasformando il paese in un grande santuario a cielo aperto. Ovunque si respira un\u2019atmosfera di attesa, lavoro condiviso e fede profonda nei toni dell\u2019azzurro e bianco mariani.<\/p>\n<p><strong>UNA PROMESSA NATA NEL 1855 <\/strong><\/p>\n<p>L\u2019origine di questa tradizione risale al 1855, quando una grave epidemia di colera colp\u00ec la zona, disseminando perdite a vista d\u2019occhio nella popolazione, prevalentemente contadina, gi\u00e0 malnutrita e debole. In quel momento drammatico, la popolazione di Arten si rivolse alla Madonna, facendo voto di onorarla ogni dieci anni con solenni festeggiamenti. Un impegno che, da allora, non \u00e8 mai venuto meno, neppure nei periodi pi\u00f9 difficili come le guerre. Una promessa fedele, quella di festeggiare, in piccolo o in grande che vede coinvolte squadra intere di volontari che non mancano mai di innovare e portare s\u00e8 stessi in questi giorni di festa.<\/p>\n<p><strong>IL PAESE DIVENTA l\u2019ALTARE DELL\u2019AVE<\/strong><\/p>\n<p>In Piazza San Gottardo, Angelina Bordin, storica residente, racconta: \u201cLe donne del paese continuano a stendere lenzuola bianche e azzurre ai balconi, colori simbolo della Madonna. Una mia vicina, che \u00e8 pittrice, sta preparando l&#8217;immagine della Madonnina che verr\u00e0 esposta sul palco principale\u201d. Assieme a Francesca De Riz, molte volontarie stanno creando a mano fiori decorativi che accompagneranno la processione. \u201cOgnuno d\u00e0 il proprio contributo per il bene di Arten\u201d, sottolineano. Tra le opere in corso, spicca la realizzazione del grande palco monumentale, progettato da Angelo Cappellin. L\u2019imponente struttura in legno, alta sei metri e dominata dalla scritta \u201cAve M\u201d, \u00e8 simbolo della devozione collettiva. \u201cVogliamo che il palco, dove si concentreranno le autorit\u00e0 civili e religiose, insieme alla Madonnina, sia impeccabile\u201d dice lavorando con seghe cicolari, martelli e pezzi di legno. A lavorarci, in una squadra composta da circa 10 volontari, anche Nino Corso, 85 anni, il pi\u00f9 anziano dei volontari, che con un sorriso afferma: \u201cQuesta sar\u00e0 l\u2019ultima volta che partecipo\u201d. Al suo fianco, il nipote Enrico, tra i pi\u00f9 giovani del gruppo: una vera e propria staffetta tra generazioni.<\/p>\n<p><strong>Il ponte dei coscritti: un rito che continua<\/strong><\/p>\n<p>Accanto agli adulti, sono protagonisti anche i giovani. Come da tradizione, i coscritti \u2013 quest\u2019anno i nati nel 2005 con qualche aiuto anche dalle classi di et\u00e0 vicine \u2013 si stanno occupando della costruzione del ponte votivo sul torrente. Un\u2019opera simbolica che nasce nel 1945, quando i ragazzi del paese decisero di offrire il proprio contributo concreto ai festeggiamenti. Oggi, il ponte \u00e8 ancora espressione di appartenenza, impegno e voglia di tramandare la tradizione.<\/p>\n<p><strong><a class=\"dt-pswp-item\" href=\"https:\/\/www.radiopiu.net\/wordpress\/wp-content\/uploads\/2025\/07\/Signora-Angelina-Bordin-memoria-storica.jpg\" data-dt-img-description=\"\" data-large_image_width=\"1600\" data-large_image_height=\"720\"><img loading=\"lazy\" decoding=\"async\" class=\"size-medium wp-image-462179 alignright\" src=\"https:\/\/www.radiopiu.net\/wordpress\/wp-content\/uploads\/2025\/07\/Signora-Angelina-Bordin-memoria-storica-300x135.jpg\" alt=\"\" width=\"300\" height=\"135\" srcset=\"https:\/\/www.radiopiu.net\/wordpress\/wp-content\/uploads\/2025\/07\/Signora-Angelina-Bordin-memoria-storica-300x135.jpg 300w, https:\/\/www.radiopiu.net\/wordpress\/wp-content\/uploads\/2025\/07\/Signora-Angelina-Bordin-memoria-storica-1024x461.jpg 1024w, https:\/\/www.radiopiu.net\/wordpress\/wp-content\/uploads\/2025\/07\/Signora-Angelina-Bordin-memoria-storica-768x346.jpg 768w, https:\/\/www.radiopiu.net\/wordpress\/wp-content\/uploads\/2025\/07\/Signora-Angelina-Bordin-memoria-storica-1536x691.jpg 1536w, https:\/\/www.radiopiu.net\/wordpress\/wp-content\/uploads\/2025\/07\/Signora-Angelina-Bordin-memoria-storica.jpg 1600w\" sizes=\"auto, (max-width: 300px) 100vw, 300px\" \/><\/a>Un evento che unisce sacro e comunit\u00e0<\/strong><\/p>\n<p>Il Decennale della Madonna del Voto \u00e8 molto pi\u00f9 di una semplice ricorrenza religiosa. \u00c8 un patto collettivo che si rinnova di decennio in decennio, un\u2019occasione di condivisione che coinvolge l\u2019intera comunit\u00e0, credenti e non, giovani e anziani. Un patrimonio immateriale fatto di memoria, partecipazione e identit\u00e0. Oltre al cuore spirituale della festa, c\u2019\u00e8 un\u2019anima popolare e conviviale curata dall\u2019Associazione Levica, che affianca le celebrazioni religiose con iniziative culturali, ricreative e momenti di incontro. L\u2019intero paese si sta organizzando per accogliere fedeli, visitatori e curiosi: archi decorati, infiorate, installazioni artistiche animano ogni angolo. Il momento culminante di questo evento sar\u00e0 il 24 agosto, con la grande processione lungo le vie imbandierate e sovrastate da archi del paese. Sar\u00e0 allora che ogni cittadino, in silenzio o con emozione, potr\u00e0 dire di aver fatto la sua parte. \u201cSperiamo che sempre pi\u00f9 giovani si lascino coinvolgere\u201d, auspica una volontaria. Perch\u00e9 il Decennale continui a vivere anche nei secoli a venire.<\/p>\n<p>&nbsp;<\/p>\n<p>&nbsp;<\/p>\n<p>&nbsp;<\/p>\n<p>&nbsp;<\/p>\n<p>**********<\/p>\n","protected":false},"excerpt":{"rendered":"<p>******** &nbsp; DI ALESSIA DALL&#8217;O&#8217; FONZASO Arten di Fonzaso si veste a festa per uno degli appuntamenti pi\u00f9 sentiti e identitari del territorio: il Decennale della Madonna del Voto, che quest\u2019anno compie 170 anni. Le celebrazioni, in programma dal 14 al 24 agosto 2025, affondano le radici in una devozione popolare che ha attraversato le&hellip;<\/p>\n","protected":false},"author":4,"featured_media":462178,"comment_status":"closed","ping_status":"closed","sticky":false,"template":"","format":"standard","meta":{"_monsterinsights_skip_tracking":false,"_monsterinsights_sitenote_active":false,"_monsterinsights_sitenote_note":"","_monsterinsights_sitenote_category":0,"footnotes":""},"categories":[51,49],"tags":[],"class_list":["post-462177","post","type-post","status-publish","format-standard","has-post-thumbnail","hentry","category-evidenza-top","category-news-18","category-51","category-49","description-off"],"img_url":"https:\/\/www.radiopiu.net\/wordpress\/wp-content\/uploads\/2025\/07\/Volontari-ad-Arten.jpg","_links":{"self":[{"href":"https:\/\/www.radiopiu.net\/wordpress\/wp-json\/wp\/v2\/posts\/462177","targetHints":{"allow":["GET"]}}],"collection":[{"href":"https:\/\/www.radiopiu.net\/wordpress\/wp-json\/wp\/v2\/posts"}],"about":[{"href":"https:\/\/www.radiopiu.net\/wordpress\/wp-json\/wp\/v2\/types\/post"}],"author":[{"embeddable":true,"href":"https:\/\/www.radiopiu.net\/wordpress\/wp-json\/wp\/v2\/users\/4"}],"replies":[{"embeddable":true,"href":"https:\/\/www.radiopiu.net\/wordpress\/wp-json\/wp\/v2\/comments?post=462177"}],"version-history":[{"count":1,"href":"https:\/\/www.radiopiu.net\/wordpress\/wp-json\/wp\/v2\/posts\/462177\/revisions"}],"predecessor-version":[{"id":462180,"href":"https:\/\/www.radiopiu.net\/wordpress\/wp-json\/wp\/v2\/posts\/462177\/revisions\/462180"}],"wp:featuredmedia":[{"embeddable":true,"href":"https:\/\/www.radiopiu.net\/wordpress\/wp-json\/wp\/v2\/media\/462178"}],"wp:attachment":[{"href":"https:\/\/www.radiopiu.net\/wordpress\/wp-json\/wp\/v2\/media?parent=462177"}],"wp:term":[{"taxonomy":"category","embeddable":true,"href":"https:\/\/www.radiopiu.net\/wordpress\/wp-json\/wp\/v2\/categories?post=462177"},{"taxonomy":"post_tag","embeddable":true,"href":"https:\/\/www.radiopiu.net\/wordpress\/wp-json\/wp\/v2\/tags?post=462177"}],"curies":[{"name":"wp","href":"https:\/\/api.w.org\/{rel}","templated":true}]}}