{"id":462185,"date":"2025-07-31T05:35:46","date_gmt":"2025-07-31T03:35:46","guid":{"rendered":"https:\/\/www.radiopiu.net\/wordpress\/?p=462185"},"modified":"2025-07-31T05:45:33","modified_gmt":"2025-07-31T03:45:33","slug":"escursionista-bloccata-a-rudemont","status":"publish","type":"post","link":"https:\/\/www.radiopiu.net\/wordpress\/escursionista-bloccata-a-rudemont\/","title":{"rendered":"ESCURSIONISTA BLOCCATA A RUDEMONT"},"content":{"rendered":"<p>*******<\/p>\n<p>&nbsp;<\/p>\n<p><strong><a class=\"dt-pswp-item\" href=\"https:\/\/www.radiopiu.net\/wordpress\/wp-content\/uploads\/2024\/08\/SALT.jpg\" data-dt-img-description=\"\" data-large_image_width=\"2048\" data-large_image_height=\"1536\"><img loading=\"lazy\" decoding=\"async\" class=\" wp-image-404421 alignleft\" src=\"https:\/\/www.radiopiu.net\/wordpress\/wp-content\/uploads\/2024\/08\/SALT-300x225.jpg\" alt=\"\" width=\"165\" height=\"124\" srcset=\"https:\/\/www.radiopiu.net\/wordpress\/wp-content\/uploads\/2024\/08\/SALT-300x225.jpg 300w, https:\/\/www.radiopiu.net\/wordpress\/wp-content\/uploads\/2024\/08\/SALT-1024x768.jpg 1024w, https:\/\/www.radiopiu.net\/wordpress\/wp-content\/uploads\/2024\/08\/SALT-768x576.jpg 768w, https:\/\/www.radiopiu.net\/wordpress\/wp-content\/uploads\/2024\/08\/SALT-1536x1152.jpg 1536w, https:\/\/www.radiopiu.net\/wordpress\/wp-content\/uploads\/2024\/08\/SALT.jpg 2048w\" sizes=\"auto, (max-width: 165px) 100vw, 165px\" \/><\/a>AURONZO <\/strong>Verso mezzogiorno la Centrale del 118 ha attivato il Soccorso alpino di Auronzo per un escursionista sudcoreano\u00a0 di 52 anni, che si trovava a Forcella Lavaredo con un trauma alla caviglia. Una squadra della Guardia di finanza ha raggiunto l&#8217;infortunato e lo ha trasportato al rendez vous con l&#8217;ambulanza a Misurina.<\/p>\n<p><strong>LIVINALLONGO <\/strong>A seguito della segnalazione di alcuni passanti che dalla strada vedevano una persona sventolare una giacca e chiedere aiuto, alle 16.30 circa \u00e8 stato attivato il Soccorso alpino di Livinallongo. Una squadra si \u00e8 portata a Masarei, da dove era arrivata l&#8217;indicazione, e un&#8217;altra \u00e8 partita per scendere dall&#8217;alto, mentre sopraggiungeva l&#8217;elicottero del Suem di Pieve di Cadore. Individuata la 27enne di Cisterna di Latina, bloccata sopra salti di roccia in localit\u00e0 Rudemont, il tecnico di elisoccorso l&#8217;ha recuperata con un verricello di 20 metri e portata a Masarei, per affidarla ai soccorritori. La ragazza, che stava bene, seppur impaurita e con alcune escoriazioni, ha raccontato di aver perso la traccia del sentiero, fino a rimanere bloccata.<\/p>\n<p><strong>CORTINA <\/strong>Contemporaneamente l&#8217;elicottero dell&#8217;Aiut Alpin Dolomites di Bolzano \u00e8 intervenuto nella zona del Nuvolau, per una turista portoghese di 52 anni, che si era fatta male a un piede. La donna \u00e8 stata trasportata al Codivilla.<\/p>\n<p>&nbsp;<\/p>\n<p>&nbsp;<\/p>\n<p>&nbsp;<\/p>\n<p>&nbsp;<\/p>\n<p>*********<\/p>\n","protected":false},"excerpt":{"rendered":"<p>******* &nbsp; AURONZO Verso mezzogiorno la Centrale del 118 ha attivato il Soccorso alpino di Auronzo per un escursionista sudcoreano\u00a0 di 52 anni, che si trovava a Forcella Lavaredo con un trauma alla caviglia. Una squadra della Guardia di finanza ha raggiunto l&#8217;infortunato e lo ha trasportato al rendez vous con l&#8217;ambulanza a Misurina. LIVINALLONGO&hellip;<\/p>\n","protected":false},"author":4,"featured_media":404421,"comment_status":"closed","ping_status":"closed","sticky":false,"template":"","format":"standard","meta":{"_monsterinsights_skip_tracking":false,"_monsterinsights_sitenote_active":false,"_monsterinsights_sitenote_note":"","_monsterinsights_sitenote_category":0,"footnotes":""},"categories":[51,49],"tags":[],"class_list":["post-462185","post","type-post","status-publish","format-standard","has-post-thumbnail","hentry","category-evidenza-top","category-news-18","category-51","category-49","description-off"],"img_url":"https:\/\/www.radiopiu.net\/wordpress\/wp-content\/uploads\/2024\/08\/SALT.jpg","_links":{"self":[{"href":"https:\/\/www.radiopiu.net\/wordpress\/wp-json\/wp\/v2\/posts\/462185","targetHints":{"allow":["GET"]}}],"collection":[{"href":"https:\/\/www.radiopiu.net\/wordpress\/wp-json\/wp\/v2\/posts"}],"about":[{"href":"https:\/\/www.radiopiu.net\/wordpress\/wp-json\/wp\/v2\/types\/post"}],"author":[{"embeddable":true,"href":"https:\/\/www.radiopiu.net\/wordpress\/wp-json\/wp\/v2\/users\/4"}],"replies":[{"embeddable":true,"href":"https:\/\/www.radiopiu.net\/wordpress\/wp-json\/wp\/v2\/comments?post=462185"}],"version-history":[{"count":1,"href":"https:\/\/www.radiopiu.net\/wordpress\/wp-json\/wp\/v2\/posts\/462185\/revisions"}],"predecessor-version":[{"id":462196,"href":"https:\/\/www.radiopiu.net\/wordpress\/wp-json\/wp\/v2\/posts\/462185\/revisions\/462196"}],"wp:featuredmedia":[{"embeddable":true,"href":"https:\/\/www.radiopiu.net\/wordpress\/wp-json\/wp\/v2\/media\/404421"}],"wp:attachment":[{"href":"https:\/\/www.radiopiu.net\/wordpress\/wp-json\/wp\/v2\/media?parent=462185"}],"wp:term":[{"taxonomy":"category","embeddable":true,"href":"https:\/\/www.radiopiu.net\/wordpress\/wp-json\/wp\/v2\/categories?post=462185"},{"taxonomy":"post_tag","embeddable":true,"href":"https:\/\/www.radiopiu.net\/wordpress\/wp-json\/wp\/v2\/tags?post=462185"}],"curies":[{"name":"wp","href":"https:\/\/api.w.org\/{rel}","templated":true}]}}