{"id":462286,"date":"2025-08-01T05:36:21","date_gmt":"2025-08-01T03:36:21","guid":{"rendered":"https:\/\/www.radiopiu.net\/wordpress\/?p=462286"},"modified":"2025-08-01T05:56:43","modified_gmt":"2025-08-01T03:56:43","slug":"il-protocollo-per-la-sicurezza-energetica-in-emergenza","status":"publish","type":"post","link":"https:\/\/www.radiopiu.net\/wordpress\/il-protocollo-per-la-sicurezza-energetica-in-emergenza\/","title":{"rendered":"IL PROTOCOLLO PER LA SICUREZZA ENERGETICA IN EMERGENZA"},"content":{"rendered":"<p>**<\/p>\n<p><strong>VENEZIA<\/strong><br \/>\n<a href=\"https:\/\/www.radiopiu.net\/wordpress\/wp-content\/uploads\/2022\/02\/traliccio-enel-638x425-1.webp\"><img loading=\"lazy\" decoding=\"async\" class=\"size-medium wp-image-260764 alignleft\" src=\"https:\/\/www.radiopiu.net\/wordpress\/wp-content\/uploads\/2022\/02\/traliccio-enel-638x425-1-300x200.webp\" alt=\"\" width=\"300\" height=\"200\" srcset=\"https:\/\/www.radiopiu.net\/wordpress\/wp-content\/uploads\/2022\/02\/traliccio-enel-638x425-1-300x200.webp 300w, https:\/\/www.radiopiu.net\/wordpress\/wp-content\/uploads\/2022\/02\/traliccio-enel-638x425-1.webp 638w\" sizes=\"auto, (max-width: 300px) 100vw, 300px\" \/><\/a>Un\u2019intesa strategica per garantire la continuit\u00e0 del servizio elettrico anche in caso di calamit\u00e0. \u00c8 questo l\u2019obiettivo del protocollo d\u2019intesa firmato dall\u2019assessore alla Protezione Civile Gianpaolo Bottacin e da Enel Italia. L\u2019accordo rafforza una collaborazione gi\u00e0 consolidata, ora formalizzata per aumentare l\u2019efficienza operativa in situazioni di emergenza e nella gestione dei rischi naturali e antropici. \u00abUn ulteriore passo avanti per rendere sempre pi\u00f9 funzionale il sistema di Protezione Civile\u00bb, sottolinea Bottacin. Il protocollo, valido fino al 2030, prevede la definizione di piani specifici per ogni tipo di rischio che possa compromettere il servizio elettrico, con l\u2019obiettivo di garantire un rapido ritorno alla normalit\u00e0 in caso di guasti o interruzioni. Tra le azioni previste anche l\u2019istituzione di un Gruppo di lavoro congiunto che si occuper\u00e0 di coordinare attivit\u00e0 comuni, migliorare i flussi informativi e condividere soluzioni operative, sia in situazioni ordinarie che in contesti critici. In caso di emergenze di tipo B e C, \u00e8 prevista la presenza di un rappresentante di Enel nella Sala Operativa Regionale. Il protocollo prevede inoltre moduli di formazione congiunta ed esercitazioni comuni per rafforzare la conoscenza reciproca dei modelli di intervento. \u00abUn ottimo rapporto, che si consolida ulteriormente \u2013 conclude Bottacin \u2013 e che fornir\u00e0 garanzie aggiuntive per la sicurezza di un bene essenziale come l\u2019energia elettrica\u00bb.<\/p>\n<article class=\"text-token-text-primary w-full focus:outline-none scroll-mt-[calc(var(--header-height)+min(200px,max(70px,20svh)))]\" dir=\"auto\" tabindex=\"-1\" data-testid=\"conversation-turn-18\" data-scroll-anchor=\"true\" data-turn=\"assistant\">\n<div class=\"text-base my-auto mx-auto pb-10 [--thread-content-margin:--spacing(4)] @[37rem]:[--thread-content-margin:--spacing(6)] @[72rem]:[--thread-content-margin:--spacing(16)] px-(--thread-content-margin)\">\n<div class=\"[--thread-content-max-width:32rem] @[34rem]:[--thread-content-max-width:40rem] @[64rem]:[--thread-content-max-width:48rem] mx-auto max-w-(--thread-content-max-width) flex-1 group\/turn-messages focus-visible:outline-hidden relative flex w-full min-w-0 flex-col agent-turn\" tabindex=\"-1\">\n<div class=\"flex min-h-[46px] justify-start\"><\/div>\n<div class=\"aria-live=polite absolute\">\n<div class=\"flex items-center justify-center\"><strong>AUDIO ALLA RADIO l&#8217;assessore alla protezione civile Gianpaolo Bottacin<\/strong><\/div>\n<\/div>\n<\/div>\n<\/div>\n<\/article>\n<div class=\"pointer-events-none h-px w-px\" aria-hidden=\"true\" data-edge=\"true\">\n<p>&nbsp;<\/p>\n<audio class=\"wp-audio-shortcode\" id=\"audio-462286-1\" preload=\"none\" style=\"width: 100%;\" controls=\"controls\"><source type=\"audio\/mpeg\" src=\"https:\/\/www.radiopiu.net\/wordpress\/wp-content\/uploads\/2025\/07\/bottaccin.mp3?_=1\" \/><a href=\"https:\/\/www.radiopiu.net\/wordpress\/wp-content\/uploads\/2025\/07\/bottaccin.mp3\">https:\/\/www.radiopiu.net\/wordpress\/wp-content\/uploads\/2025\/07\/bottaccin.mp3<\/a><\/audio>\n<p>&nbsp;<\/p>\n<hr \/>\n<p>&nbsp;<\/p>\n<\/div>\n","protected":false},"excerpt":{"rendered":"<p>** VENEZIA Un\u2019intesa strategica per garantire la continuit\u00e0 del servizio elettrico anche in caso di calamit\u00e0. \u00c8 questo l\u2019obiettivo del protocollo d\u2019intesa firmato dall\u2019assessore alla Protezione Civile Gianpaolo Bottacin e da Enel Italia. L\u2019accordo rafforza una collaborazione gi\u00e0 consolidata, ora formalizzata per aumentare l\u2019efficienza operativa in situazioni di emergenza e nella gestione dei rischi naturali&hellip;<\/p>\n","protected":false},"author":4,"featured_media":260765,"comment_status":"closed","ping_status":"closed","sticky":false,"template":"","format":"standard","meta":{"_monsterinsights_skip_tracking":false,"_monsterinsights_sitenote_active":false,"_monsterinsights_sitenote_note":"","_monsterinsights_sitenote_category":0,"footnotes":""},"categories":[51,49],"tags":[],"class_list":["post-462286","post","type-post","status-publish","format-standard","has-post-thumbnail","hentry","category-evidenza-top","category-news-18","category-51","category-49","description-off"],"img_url":"https:\/\/www.radiopiu.net\/wordpress\/wp-content\/uploads\/2022\/02\/traliccio-enel-638x425-2.webp","_links":{"self":[{"href":"https:\/\/www.radiopiu.net\/wordpress\/wp-json\/wp\/v2\/posts\/462286","targetHints":{"allow":["GET"]}}],"collection":[{"href":"https:\/\/www.radiopiu.net\/wordpress\/wp-json\/wp\/v2\/posts"}],"about":[{"href":"https:\/\/www.radiopiu.net\/wordpress\/wp-json\/wp\/v2\/types\/post"}],"author":[{"embeddable":true,"href":"https:\/\/www.radiopiu.net\/wordpress\/wp-json\/wp\/v2\/users\/4"}],"replies":[{"embeddable":true,"href":"https:\/\/www.radiopiu.net\/wordpress\/wp-json\/wp\/v2\/comments?post=462286"}],"version-history":[{"count":2,"href":"https:\/\/www.radiopiu.net\/wordpress\/wp-json\/wp\/v2\/posts\/462286\/revisions"}],"predecessor-version":[{"id":462289,"href":"https:\/\/www.radiopiu.net\/wordpress\/wp-json\/wp\/v2\/posts\/462286\/revisions\/462289"}],"wp:featuredmedia":[{"embeddable":true,"href":"https:\/\/www.radiopiu.net\/wordpress\/wp-json\/wp\/v2\/media\/260765"}],"wp:attachment":[{"href":"https:\/\/www.radiopiu.net\/wordpress\/wp-json\/wp\/v2\/media?parent=462286"}],"wp:term":[{"taxonomy":"category","embeddable":true,"href":"https:\/\/www.radiopiu.net\/wordpress\/wp-json\/wp\/v2\/categories?post=462286"},{"taxonomy":"post_tag","embeddable":true,"href":"https:\/\/www.radiopiu.net\/wordpress\/wp-json\/wp\/v2\/tags?post=462286"}],"curies":[{"name":"wp","href":"https:\/\/api.w.org\/{rel}","templated":true}]}}