{"id":462317,"date":"2025-07-31T15:56:44","date_gmt":"2025-07-31T13:56:44","guid":{"rendered":"https:\/\/www.radiopiu.net\/wordpress\/?p=462317"},"modified":"2025-07-31T16:04:45","modified_gmt":"2025-07-31T14:04:45","slug":"giro-del-lago-di-santa-croce-a25-sport-solidarieta-e-territorio-insieme-per-ununica-grande-causa","status":"publish","type":"post","link":"https:\/\/www.radiopiu.net\/wordpress\/giro-del-lago-di-santa-croce-a25-sport-solidarieta-e-territorio-insieme-per-ununica-grande-causa\/","title":{"rendered":"GIRO DEL LAGO DI SANTA CROCE 2025: SPORT, SOLIDARIET\u00c0 E TERRITORIO INSIEME PER UN\u2019UNICA GRANDE CAUSA"},"content":{"rendered":"<p>***<\/p>\n<p>&nbsp;<\/p>\n<p><strong>ALPAGO<\/strong><\/p>\n<p data-start=\"63\" data-end=\"397\">Presentata a Palazzo Piloni la 31\u00aa edizione del Giro del Lago di Santa Croce, la manifestazione multisport organizzata dal Comitato Alpago 2 Ruote &amp; Solidariet\u00e0. L\u2019appuntamento \u00e8 per domenica 17 agosto con ciclismo, corsa, roller, camminata e handbike, ma senza cronometro: a vincere sar\u00e0, come sempre, la solidariet\u00e0. L\u2019intero ricavato delle iscrizioni (8 euro) sar\u00e0\u00a0 devoluto a Via di Natale, Associazione Cucchini e Progetto Alpago Solidale, a sostegno di chi affronta la malattia. Ogni partecipante ricever\u00e0 la maglietta ufficiale firmata dall\u2019artista Alberto Levis, che ha ideato un disegno ispirato al lago e alle Dolomiti. Spazio anche alla cultura, con la mostra \u201cWater is Life\u201d ospitata fino al 17 agosto nel municipio di Puos d\u2019Alpago. Tutte le info e le iscrizioni su <a class=\"\" href=\"http:\/\/www.2ruotealpago.it\" target=\"_new\" rel=\"noopener\" data-start=\"887\" data-end=\"936\">www.2ruotealpago.it<\/a>.<\/p>\n<blockquote>\n<p data-start=\"63\" data-end=\"397\"><em><span style=\"font-family: verdana, sans-serif;\">\u00abSulla maglietta campegger\u00e0 anche il logo di Apidolomiti, realt\u00e0 che festeggia i 50 anni di vita\u00bb spiega Ennio Soccal, presidente del Comitato Alpago 2 Ruote &amp; Solidariet\u00e0. \u00abCome fin dalla prima edizione, il Giro del Lago \u00e8 aperto alle collaborazioni con il territorio, nella convinzione che l\u2019unione fa davvero la forza. In questo senso, voglio ringraziare le istituzioni, in primis il Comune di Alpago, le aziende, il cui supporto permette di devolvere tutto il ricavato delle iscrizioni a Via di Natale, Cucchini e Alpago Solidale, e i volontari, senza il lavoro dei quali il Giro non esisterebbe\u00bb.<\/span><\/em><\/p>\n<\/blockquote>\n\n\t\t\t<style type='text\/css'>\n\t\t\t\t#gallery-1 {\n\t\t\t\t\tmargin: auto;\n\t\t\t\t}\n\t\t\t\t#gallery-1 .gallery-item {\n\t\t\t\t\tfloat: left;\n\t\t\t\t\tmargin-top: 10px;\n\t\t\t\t\ttext-align: center;\n\t\t\t\t\twidth: 50%;\n\t\t\t\t}\n\t\t\t\t#gallery-1 img {\n\t\t\t\t\tborder: 2px solid #cfcfcf;\n\t\t\t\t}\n\t\t\t\t#gallery-1 .gallery-caption {\n\t\t\t\t\tmargin-left: 0;\n\t\t\t\t}\n\t\t\t\t\/* see gallery_shortcode() in wp-includes\/media.php *\/\n\t\t\t<\/style>\n\t\t<div id='gallery-1' class='dt-gallery-container gallery galleryid-462317 gallery-columns-2 gallery-size-medium'><dl class='gallery-item'>\n\t\t\t\t<dt class='gallery-icon landscape'>\n\t\t\t\t\t<a class=\"rollover rollover-zoom dt-pswp-item\" title=\"\u00a9EchidiAlessandroSogne_PRESENTAZIONE GIRO DEL LAGO DI SANTA CROCE 2025\" data-dt-img-description=\"\" data-large_image_width=\"1500\" data-large_image_height=\"999\"href='https:\/\/www.radiopiu.net\/wordpress\/wp-content\/uploads\/2025\/07\/\u00a9EchidiAlessandroSogne_PRESENTAZIONE-GIRO-DEL-LAGO-DI-SANTA-CROCE-2025.jpg'><img loading=\"lazy\" decoding=\"async\" width=\"300\" height=\"200\" src=\"https:\/\/www.radiopiu.net\/wordpress\/wp-content\/uploads\/2025\/07\/\u00a9EchidiAlessandroSogne_PRESENTAZIONE-GIRO-DEL-LAGO-DI-SANTA-CROCE-2025-300x200.jpg\" class=\"attachment-medium size-medium\" alt=\"\" srcset=\"https:\/\/www.radiopiu.net\/wordpress\/wp-content\/uploads\/2025\/07\/\u00a9EchidiAlessandroSogne_PRESENTAZIONE-GIRO-DEL-LAGO-DI-SANTA-CROCE-2025-300x200.jpg 300w, https:\/\/www.radiopiu.net\/wordpress\/wp-content\/uploads\/2025\/07\/\u00a9EchidiAlessandroSogne_PRESENTAZIONE-GIRO-DEL-LAGO-DI-SANTA-CROCE-2025-1024x682.jpg 1024w, https:\/\/www.radiopiu.net\/wordpress\/wp-content\/uploads\/2025\/07\/\u00a9EchidiAlessandroSogne_PRESENTAZIONE-GIRO-DEL-LAGO-DI-SANTA-CROCE-2025-768x511.jpg 768w, https:\/\/www.radiopiu.net\/wordpress\/wp-content\/uploads\/2025\/07\/\u00a9EchidiAlessandroSogne_PRESENTAZIONE-GIRO-DEL-LAGO-DI-SANTA-CROCE-2025.jpg 1500w\" sizes=\"auto, (max-width: 300px) 100vw, 300px\" \/><\/a>\n\t\t\t\t<\/dt><\/dl><dl class='gallery-item'>\n\t\t\t\t<dt class='gallery-icon portrait'>\n\t\t\t\t\t<a class=\"rollover rollover-zoom dt-pswp-item\" title=\"GDL_maglia\" data-dt-img-description=\"\" data-large_image_width=\"1008\" data-large_image_height=\"1296\"href='https:\/\/www.radiopiu.net\/wordpress\/wp-content\/uploads\/2025\/07\/GDL_maglia.jpg'><img loading=\"lazy\" decoding=\"async\" width=\"233\" height=\"300\" src=\"https:\/\/www.radiopiu.net\/wordpress\/wp-content\/uploads\/2025\/07\/GDL_maglia-233x300.jpg\" class=\"attachment-medium size-medium\" alt=\"\" srcset=\"https:\/\/www.radiopiu.net\/wordpress\/wp-content\/uploads\/2025\/07\/GDL_maglia-233x300.jpg 233w, https:\/\/www.radiopiu.net\/wordpress\/wp-content\/uploads\/2025\/07\/GDL_maglia-796x1024.jpg 796w, https:\/\/www.radiopiu.net\/wordpress\/wp-content\/uploads\/2025\/07\/GDL_maglia-768x987.jpg 768w, https:\/\/www.radiopiu.net\/wordpress\/wp-content\/uploads\/2025\/07\/GDL_maglia.jpg 1008w\" sizes=\"auto, (max-width: 233px) 100vw, 233px\" \/><\/a>\n\t\t\t\t<\/dt><\/dl><br style=\"clear: both\" \/>\n\t\t\t<\/div>\n\n<hr \/>\n<p data-start=\"63\" data-end=\"397\">\n","protected":false},"excerpt":{"rendered":"<p>*** &nbsp; ALPAGO Presentata a Palazzo Piloni la 31\u00aa edizione del Giro del Lago di Santa Croce, la manifestazione multisport organizzata dal Comitato Alpago 2 Ruote &amp; Solidariet\u00e0. L\u2019appuntamento \u00e8 per domenica 17 agosto con ciclismo, corsa, roller, camminata e handbike, ma senza cronometro: a vincere sar\u00e0, come sempre, la solidariet\u00e0. L\u2019intero ricavato delle iscrizioni&hellip;<\/p>\n","protected":false},"author":4,"featured_media":462324,"comment_status":"closed","ping_status":"closed","sticky":false,"template":"","format":"standard","meta":{"_monsterinsights_skip_tracking":false,"_monsterinsights_sitenote_active":false,"_monsterinsights_sitenote_note":"","_monsterinsights_sitenote_category":0,"footnotes":""},"categories":[104,49],"tags":[],"class_list":["post-462317","post","type-post","status-publish","format-standard","has-post-thumbnail","hentry","category-evidenza_3","category-news-18","category-104","category-49","description-off"],"img_url":"https:\/\/www.radiopiu.net\/wordpress\/wp-content\/uploads\/2025\/07\/DD.jpg","_links":{"self":[{"href":"https:\/\/www.radiopiu.net\/wordpress\/wp-json\/wp\/v2\/posts\/462317","targetHints":{"allow":["GET"]}}],"collection":[{"href":"https:\/\/www.radiopiu.net\/wordpress\/wp-json\/wp\/v2\/posts"}],"about":[{"href":"https:\/\/www.radiopiu.net\/wordpress\/wp-json\/wp\/v2\/types\/post"}],"author":[{"embeddable":true,"href":"https:\/\/www.radiopiu.net\/wordpress\/wp-json\/wp\/v2\/users\/4"}],"replies":[{"embeddable":true,"href":"https:\/\/www.radiopiu.net\/wordpress\/wp-json\/wp\/v2\/comments?post=462317"}],"version-history":[{"count":4,"href":"https:\/\/www.radiopiu.net\/wordpress\/wp-json\/wp\/v2\/posts\/462317\/revisions"}],"predecessor-version":[{"id":462325,"href":"https:\/\/www.radiopiu.net\/wordpress\/wp-json\/wp\/v2\/posts\/462317\/revisions\/462325"}],"wp:featuredmedia":[{"embeddable":true,"href":"https:\/\/www.radiopiu.net\/wordpress\/wp-json\/wp\/v2\/media\/462324"}],"wp:attachment":[{"href":"https:\/\/www.radiopiu.net\/wordpress\/wp-json\/wp\/v2\/media?parent=462317"}],"wp:term":[{"taxonomy":"category","embeddable":true,"href":"https:\/\/www.radiopiu.net\/wordpress\/wp-json\/wp\/v2\/categories?post=462317"},{"taxonomy":"post_tag","embeddable":true,"href":"https:\/\/www.radiopiu.net\/wordpress\/wp-json\/wp\/v2\/tags?post=462317"}],"curies":[{"name":"wp","href":"https:\/\/api.w.org\/{rel}","templated":true}]}}