{"id":462335,"date":"2025-08-01T05:38:49","date_gmt":"2025-08-01T03:38:49","guid":{"rendered":"https:\/\/www.radiopiu.net\/wordpress\/?p=462335"},"modified":"2025-08-01T05:56:11","modified_gmt":"2025-08-01T03:56:11","slug":"marmolada-regina-delle-dolomiti-ma-lunanimita-non-ce-lunione-montana-si-spacca","status":"publish","type":"post","link":"https:\/\/www.radiopiu.net\/wordpress\/marmolada-regina-delle-dolomiti-ma-lunanimita-non-ce-lunione-montana-si-spacca\/","title":{"rendered":"&#8220;MARMOLADA REGINA DELLE DOLOMITI&#8221;, MA L\u2019UNANIMIT\u00c0 NON C\u2019\u00c8: L\u2019UNIONE MONTANA SI SPACCA"},"content":{"rendered":"<p>**<\/p>\n<p>di Mirko Mezzacasa<\/p>\n<p><strong>MOZIONE &#8220;MARMOLADA REGINA DELLE DOLOMITI&#8221; PRESENTATA DAL SINDACO VALERIO DAVARE, IL VOTO:\u00a0 FAVOREVOLI 28, ASTENUTI 5<\/strong><\/p>\n<article class=\"text-token-text-primary w-full focus:outline-none scroll-mt-[calc(var(--header-height)+min(200px,max(70px,20svh)))]\" dir=\"auto\" tabindex=\"-1\" data-testid=\"conversation-turn-32\" data-scroll-anchor=\"true\" data-turn=\"assistant\">\n<div class=\"text-base my-auto mx-auto pb-10 [--thread-content-margin:--spacing(4)] @[37rem]:[--thread-content-margin:--spacing(6)] @[72rem]:[--thread-content-margin:--spacing(16)] px-(--thread-content-margin)\">\n<div class=\"[--thread-content-max-width:32rem] @[34rem]:[--thread-content-max-width:40rem] @[64rem]:[--thread-content-max-width:48rem] mx-auto max-w-(--thread-content-max-width) flex-1 group\/turn-messages focus-visible:outline-hidden relative flex w-full min-w-0 flex-col agent-turn\" tabindex=\"-1\">\n<div class=\"flex max-w-full flex-col grow\">\n<div class=\"min-h-8 text-message relative flex w-full flex-col items-end gap-2 text-start break-words whitespace-normal [.text-message+&amp;]:mt-5\" dir=\"auto\" data-message-author-role=\"assistant\" data-message-id=\"32c90e04-d0cd-48fd-9aab-5016d849cb35\" data-message-model-slug=\"gpt-4o\">\n<div class=\"flex w-full flex-col gap-1 empty:hidden first:pt-[3px]\">\n<div class=\"markdown prose dark:prose-invert w-full break-words dark\">\n<p data-start=\"93\" data-end=\"458\"><strong data-start=\"93\" data-end=\"110\"><a class=\"dt-pswp-item\" href=\"https:\/\/www.radiopiu.net\/wordpress\/wp-content\/uploads\/2025\/07\/Screenshot-2025-07-31-164803.png\" data-dt-img-description=\"\" data-large_image_width=\"579\" data-large_image_height=\"778\"><img loading=\"lazy\" decoding=\"async\" class=\" wp-image-462346 alignleft\" src=\"https:\/\/www.radiopiu.net\/wordpress\/wp-content\/uploads\/2025\/07\/Screenshot-2025-07-31-164803-223x300.png\" alt=\"\" width=\"182\" height=\"245\" srcset=\"https:\/\/www.radiopiu.net\/wordpress\/wp-content\/uploads\/2025\/07\/Screenshot-2025-07-31-164803-223x300.png 223w, https:\/\/www.radiopiu.net\/wordpress\/wp-content\/uploads\/2025\/07\/Screenshot-2025-07-31-164803.png 579w\" sizes=\"auto, (max-width: 182px) 100vw, 182px\" \/><\/a>ROCCA PIETORE<\/strong> \u2013 Doveva essere un\u2019azione condivisa, simbolica e d\u2019orgoglio per rivendicare il titolo di \u201cRegina delle Dolomiti\u201d per la Marmolada, la montagna che pi\u00f9 di tutte rappresenta l\u2019identit\u00e0 agordina. Ma la mozione presentata dal sindaco di Rocca Pietore, Valerio Davare (foto), si \u00e8 scontrata con una realt\u00e0 diversa: l\u2019unanimit\u00e0 auspicata \u00e8 mancata. Durante il consiglio dell\u2019Unione Montana Agordina, il documento non ha ottenuto il sostegno compatto dei rappresentanti. Tra gli astenuti anche figure di peso: il presidente dell\u2019Unione, Paolo Frena\u00a0 che \u00e8 anche sindaco di Colle Santa Lucia <em>&#8220;Anche per non creare dissapori con Cortina,\u00a0 Comune confinante con Colle Santa Lucia. Far\u00f2 le mie valutazione anche dopo la\u00a0 votazione di questa sera circa il mio ruolo di Presidente&#8221;. <\/em>La replica del sindaco di Alleghe, Danilo De Toni (l&#8217;altro componente della Giunta a due dell&#8217;Unione Montana:<em>&#8220;Quando ero in Provincia del 2023 come consigliere,\u00a0 non sapevo che Cortina si era candidata a Regina delle Dolomiti. Che Colle Santa Lucia confini con Cortina non deve inficiare il territorio agordino, tu Paolo Frena dell&#8217;Unione Montana sei Presidente&#8221;.\u00a0 <\/em>il <img loading=\"lazy\" decoding=\"async\" class=\"alignright\" src=\"https:\/\/www.radiopiu.net\/wordpress\/wp-content\/uploads\/2025\/07\/Screenshot-2025-07-31-165007.png\" width=\"287\" height=\"303\" \/>sindaco di Agordo Roberto Chissal\u00e8 <em>&#8220;I panni sporchi si lavano in Provincia, in questo caso&#8221;<\/em> e il consigliere Roberto Agnolet. Eclatante anche il caso del sindaco di Rivamonte, che pur avendo firmato la mozione (servono 17 firme per portarla in consiglio), ha poi ammesso pubblicamente di non aver letto il testo <em>&#8220;altrimenti non lo sottoscrivevo &#8211; ha detto &#8211; ma voto comunque a favore&#8221;<\/em>, come emerso chiaramente dal dibattito trasmesso in diretta. La questione, che inevitabilmente riapre la storica &#8220;rivalit\u00e0&#8221; con Cortina d\u2019Ampezzo (lo sanno bene gli amanti dell&#8217;hockey su ghiaccio dei tempi migliori), spesso definita &#8220;Perla delle Dolomiti&#8221;, ha mostrato come il tema della rappresentanza del territorio dolomitico sia tutt\u2019altro che pacifico. Dura la critica di Stefano Scardanzan, consigliere comunale di Falcade, che ha attaccato il metodo e la partecipazione all&#8217;interno dell&#8217;Unione Montana: <em data-start=\"1409\" data-end=\"1523\">\u00abCosa stiamo qui a fare? Non siamo coinvolti in nulla. Non chiamateci solo per fare numero al comitato di Valpe\u00bb<\/em>, ha dichiarato con tono polemico. Il dibattito ha lasciato intravedere una frattura interna, non solo sul merito della mozione, ma anche sul metodo con cui si intende portare avanti l\u2019identit\u00e0 del territorio. Il titolo di &#8220;Regina&#8221; per la Marmolada, per ora, dovr\u00e0 attendere un consenso pi\u00f9 solido. (vignetta, Silvano Savio)<\/p>\n<p data-start=\"93\" data-end=\"458\"><span style=\"color: #ff0000;\"><strong>dal GIORNALE RADIO PRINCIPALE DELLE 12.30 di Mirko Mezzacasa<\/strong><\/span><\/p>\n<audio class=\"wp-audio-shortcode\" id=\"audio-462335-1\" preload=\"none\" style=\"width: 100%;\" controls=\"controls\"><source type=\"audio\/mpeg\" src=\"https:\/\/www.radiopiu.net\/wordpress\/wp-content\/uploads\/2025\/07\/marmomirko.mp3?_=1\" \/><a href=\"https:\/\/www.radiopiu.net\/wordpress\/wp-content\/uploads\/2025\/07\/marmomirko.mp3\">https:\/\/www.radiopiu.net\/wordpress\/wp-content\/uploads\/2025\/07\/marmomirko.mp3<\/a><\/audio>\n<p><span style=\"color: #ff0000;\"><strong>\u00a0<\/strong><\/span><\/p>\n<p><span style=\"color: #ff0000;\"><strong>AUDIO COMPLETO alta qualit\u00e0, PRESENTAZIONE DELLA MOZIONE DEL SINDACO VALERIO DAVARE, INTRODUZIONE AL DIBATTITO DEL SINDACO ROBERTO CHISSALE&#8217; E SUCCESSIVI INTERVENTI<\/strong><\/span><\/p>\n<audio class=\"wp-audio-shortcode\" id=\"audio-462335-2\" preload=\"none\" style=\"width: 100%;\" controls=\"controls\"><source type=\"audio\/mpeg\" src=\"https:\/\/www.radiopiu.net\/wordpress\/wp-content\/uploads\/2025\/07\/MARMOLADA-CONSIGLIO-UMA.mp3?_=2\" \/><a href=\"https:\/\/www.radiopiu.net\/wordpress\/wp-content\/uploads\/2025\/07\/MARMOLADA-CONSIGLIO-UMA.mp3\">https:\/\/www.radiopiu.net\/wordpress\/wp-content\/uploads\/2025\/07\/MARMOLADA-CONSIGLIO-UMA.mp3<\/a><\/audio>\n<p><strong>\u00a0<\/strong><\/p>\n<hr \/>\n<blockquote>\n<h1 data-start=\"93\" data-end=\"458\"><\/h1>\n<\/blockquote>\n<h1 data-start=\"93\" data-end=\"458\">IN VIDEO<\/h1>\n<blockquote>\n<h1 data-start=\"93\" data-end=\"458\">RIASCOLTA L&#8217;INTERO DIBATTITO, TRASMESSO IN DIRETTA SUI CANALI DI RADIOPIU<\/h1>\n<\/blockquote>\n<\/div>\n<\/div>\n<\/div>\n<\/div>\n<div class=\"flex min-h-[46px] justify-start\">\n<p><strong><span style=\"color: #ff0000;\">CAUSA UN&#8217;INTERRUZIONE DI LINEA, L&#8217;INTERVENTO DI ROBERTO CHISSALE&#8217;, SINDACO DI AGORDO, E&#8217; DISPONIBILE NELLA PARTE FINALE DEL SECONDO VIDEO<\/span><br \/>\n<\/strong><\/p>\n<p><iframe loading=\"lazy\" title=\"IL CONSIGLIO DELL&#039;UNIONE MONTANA AGORDINA - 30 LUGLIO 2025 - VIDEO 2\" width=\"1200\" height=\"675\" src=\"https:\/\/www.youtube.com\/embed\/F58G8o_ZQdk?feature=oembed\" frameborder=\"0\" allow=\"accelerometer; autoplay; clipboard-write; encrypted-media; gyroscope; picture-in-picture; web-share\" referrerpolicy=\"strict-origin-when-cross-origin\" allowfullscreen><\/iframe><\/p>\n<p>&nbsp;<\/p>\n<hr \/>\n<p>&nbsp;<\/p>\n<\/div>\n<div class=\"aria-live=polite absolute\">\n<blockquote>\n<h1 class=\"flex items-center justify-center\">REGINE GELOSE, CUORI SPEZZATI E MARCHI CONTESI. BENVENUTI NEL GRANDE FRATELLO DELLE DOLOMITI<\/h1>\n<\/blockquote>\n<div>\n<p><img loading=\"lazy\" decoding=\"async\" class=\"alignleft\" src=\"https:\/\/www.radiopiu.net\/wordpress\/wp-content\/uploads\/2025\/07\/Immagine-2025-07-21-072811.png\" width=\"182\" height=\"134\" \/>di Mirko Mezzacasa<\/p>\n<blockquote>\n<p data-start=\"0\" data-end=\"212\"><em data-start=\"99\" data-end=\"212\">Dove la Marmolada \u00e8 la vera Regina (ma Cortina fa la splendida) e Agordo si mette il cuore in pace\u2026 o forse no.<\/em><\/p>\n<\/blockquote>\n<p data-start=\"214\" data-end=\"580\">Altro che gossip estivi: nelle Dolomiti si consuma un dramma a puntate degno delle migliori telenovele (pardon, radionovele\u2026perch\u00e8 la Radio suona meglio, la si trova subito e arriva ovunque). Protagonisti? Re e regine, cuori appassionati, avvocati pronti a sguainare carte bollate e un esercito di sindaci agguerriti. Il tutto sullo sfondo delle montagne pi\u00f9 belle del mondo, dove non si combatte con sciabole o piccozze, ma con\u2026 slogan promozionali.<\/p>\n<h3 data-start=\"582\" data-end=\"666\"><strong class=\"photoswipe-wrapper\" data-start=\"586\" data-end=\"666\"><a class=\"dt-pswp-item pspw-wrap-ready\" href=\"https:\/\/www.radiopiu.net\/wordpress\/wp-content\/uploads\/2024\/09\/MARMOLADA-scaled.jpg\" data-dt-img-description=\"DCIM100MEDIADJI_0208.JPG\" data-large_image_width=\"2560\" data-large_image_height=\"1440\"><img loading=\"lazy\" decoding=\"async\" class=\"size-medium wp-image-408674 alignleft\" src=\"https:\/\/www.radiopiu.net\/wordpress\/wp-content\/uploads\/2024\/09\/MARMOLADA-300x169.jpg\" sizes=\"auto, (max-width: 300px) 100vw, 300px\" srcset=\"https:\/\/www.radiopiu.net\/wordpress\/wp-content\/uploads\/2024\/09\/MARMOLADA-300x169.jpg 300w, https:\/\/www.radiopiu.net\/wordpress\/wp-content\/uploads\/2024\/09\/MARMOLADA-1024x576.jpg 1024w, https:\/\/www.radiopiu.net\/wordpress\/wp-content\/uploads\/2024\/09\/MARMOLADA-768x432.jpg 768w, https:\/\/www.radiopiu.net\/wordpress\/wp-content\/uploads\/2024\/09\/MARMOLADA-1536x864.jpg 1536w, https:\/\/www.radiopiu.net\/wordpress\/wp-content\/uploads\/2024\/09\/MARMOLADA-2048x1152.jpg 2048w\" alt=\"\" width=\"300\" height=\"169\" \/><\/a>\u201cLa Regina sono io!\u201d \u2013 disse la Marmolada. \u201cMa anche io\u2026\u201d \u2013 sussurr\u00f2 Cortina<\/strong><\/h3>\n<p data-start=\"668\" data-end=\"1207\">Cominciamo dalla Marmolada, che da oltre un secolo porta con fierezza la corona di \u201cRegina delle Dolomiti\u201d. Un titolo guadagnato sul campo \u2013 o meglio, sul ghiacciaio \u2013 con tanto di riconoscimento storico, foto d\u2019epoca e plauso unanime. Peccato per\u00f2 che, ultimamente, Cortina d\u2019Ampezzo \u2013 gi\u00e0 \u201cPerla delle Dolomiti\u201d (e scusate se \u00e8 poco) \u2013 abbia deciso che \u201cPerla\u201d non basta pi\u00f9. E allora via col restyling: la Conca Ampezzana comincia a flirtare con la parola \u201cRegina\u201d, infilando qua e l\u00e0 l\u2019epiteto nei suoi d\u00e9pliant e spot. Il risultato? Il sindaco di Rocca Pietore, Valerio Davare, spalleggiato da altri primi cittadini dell\u2019Agordino, ha detto basta: la Regina \u00e8 una e una sola, e abita tra le creste della Marmolada. \u201cDifenderemo il titolo con le unghie e con i denti!\u201d, tuonano. Manca solo il vessillo reale issato sulla Punta Penia.<\/p>\n<h3 data-start=\"1531\" data-end=\"1598\"><strong data-start=\"1535\" data-end=\"1598\">Guerre fratricide? No grazie. Ma neanche regalare la corona<\/strong><\/h3>\n<p data-start=\"1600\" data-end=\"2049\">Per ora, la linea \u00e8 quella del buon senso. Nessuno vuole finire a litigare tra avvocati in toga e timbri del tribunale. Ma il messaggio \u00e8 chiaro: le Dolomiti non sono una fiera del copia-incolla, e se Cortina ha il suo charme, l\u2019Agordino ha la sua storia. E poi, diciamolo: se ognuno comincia a fregarsi i titoli altrui, finisce che anche Alleghe si autoproclama \u201cTrono delle Dolomiti\u201d, Falcade \u201cRegno dei Cieli\u201d e Taibon \u201cVaticano montano\u201d.<\/p>\n<h3 data-start=\"2051\" data-end=\"2091\"><strong data-start=\"2055\" data-end=\"2091\">E ora\u2026 chi ha rubato il cuore?<\/strong><\/h3>\n<p class=\"photoswipe-wrapper\" data-start=\"2093\" data-end=\"2697\"><a class=\"dt-pswp-item pspw-wrap-ready\" href=\"https:\/\/www.radiopiu.net\/wordpress\/wp-content\/uploads\/2024\/12\/AGORDO-PIAZZA-E-MERCATO.png\" data-dt-img-description=\"\" data-large_image_width=\"493\" data-large_image_height=\"390\"><img loading=\"lazy\" decoding=\"async\" class=\" wp-image-425436 alignleft\" src=\"https:\/\/www.radiopiu.net\/wordpress\/wp-content\/uploads\/2024\/12\/AGORDO-PIAZZA-E-MERCATO-300x237.png\" sizes=\"auto, (max-width: 130px) 100vw, 130px\" srcset=\"https:\/\/www.radiopiu.net\/wordpress\/wp-content\/uploads\/2024\/12\/AGORDO-PIAZZA-E-MERCATO-300x237.png 300w, https:\/\/www.radiopiu.net\/wordpress\/wp-content\/uploads\/2024\/12\/AGORDO-PIAZZA-E-MERCATO.png 493w\" alt=\"\" width=\"130\" height=\"103\" \/><\/a>Non bastava la Regina, ora spunta anche un caso\u2026 di cuore rubato. Eh s\u00ec, perch\u00e9 Agordo da anni si definisce \u201ccuore delle Dolomiti\u201d, e mica per caso. Gi\u00e0 alla fine degli anni \u201980, l\u2019Azienda di Promozione Turistica Dolomiti Agordine \u2013 presieduta da Franco Pra e diretta da Emilio Cagnati \u2013 lo aveva messo nero su bianco. Con la complicit\u00e0 della mitica FotoRiva di Alleghe, furono realizzati adesivi, d\u00e9pliant, volantini e chi pi\u00f9 ne ha pi\u00f9 ne attacchi (sui camper, ovviamente). Il tutto distribuito anche sulle spiagge venete, in un gemellaggio mare-monti che oggi ci sembra visionario. Poi, qualche anno fa, l\u2019assessore Angelo Ramazzina ha fatto il passo decisivo: registrare ufficialmente il marchio \u201cAgordo cuore delle Dolomiti\u201d. Applausi, coriandoli, bollo da 16 euro. Ma \u2013 udite udite \u2013 oggi quel cuore comincia a battere in pi\u00f9 petti: in giro per le Dolomiti il \u201ccuore\u201d spunta ovunque. Insomma, un\u2019inflazione di emozioni. E Agordo, giustamente, si chiede: ma se io ho il cuore, gli altri che ci mettono, il pancreas?<\/p>\n<h3 data-start=\"3149\" data-end=\"3209\"><strong data-start=\"3153\" data-end=\"3209\">Dolomiti: chi l\u2019ha detto che non sono appassionanti?<\/strong><\/h3>\n<p data-start=\"3211\" data-end=\"3475\">In attesa del prossimo episodio \u2013 magari con protagonisti \u201cFalcade, respiro delle Dolomiti\u201d o \u201cCencenighe, sopracciglio delle Dolomiti\u201d \u2013 possiamo solo augurarci che tra una regina, un cuore e qualche puntura di orgoglio, si riesca a trovare un po\u2019 di armonia. Perch\u00e9 le Dolomiti, in fondo, non sono una partita a Risiko, e se tutti vogliono vincere a colpi di brand, il rischio \u00e8 che a perdere sia proprio l\u2019identit\u00e0 di questi territori. E poi, lo sappiamo tutti: il cuore non si ruba\u2026 si conquista.<\/p>\n<p data-start=\"3730\" data-end=\"3781\" data-is-last-node=\"\" data-is-only-node=\"\">E la Regina? Beh, quella ha gi\u00e0 una vetta in testa.<\/p>\n<\/div>\n<\/div>\n<\/div>\n<\/div>\n<\/article>\n<div class=\"pointer-events-none h-px w-px\" aria-hidden=\"true\" data-edge=\"true\"><\/div>\n<div aria-hidden=\"true\" data-edge=\"true\"><\/div>\n<div aria-hidden=\"true\" data-edge=\"true\">\n<p>&nbsp;<\/p>\n<hr \/>\n<p>&nbsp;<\/p>\n<\/div>\n","protected":false},"excerpt":{"rendered":"<p>** di Mirko Mezzacasa MOZIONE &#8220;MARMOLADA REGINA DELLE DOLOMITI&#8221; PRESENTATA DAL SINDACO VALERIO DAVARE, IL VOTO:\u00a0 FAVOREVOLI 28, ASTENUTI 5 ROCCA PIETORE \u2013 Doveva essere un\u2019azione condivisa, simbolica e d\u2019orgoglio per rivendicare il titolo di \u201cRegina delle Dolomiti\u201d per la Marmolada, la montagna che pi\u00f9 di tutte rappresenta l\u2019identit\u00e0 agordina. Ma la mozione presentata dal&hellip;<\/p>\n","protected":false},"author":4,"featured_media":462347,"comment_status":"closed","ping_status":"closed","sticky":false,"template":"","format":"standard","meta":{"_monsterinsights_skip_tracking":false,"_monsterinsights_sitenote_active":false,"_monsterinsights_sitenote_note":"","_monsterinsights_sitenote_category":0,"footnotes":""},"categories":[104,49],"tags":[],"class_list":["post-462335","post","type-post","status-publish","format-standard","has-post-thumbnail","hentry","category-evidenza_3","category-news-18","category-104","category-49","description-off"],"img_url":"https:\/\/www.radiopiu.net\/wordpress\/wp-content\/uploads\/2025\/07\/Screenshot-2025-07-31-165007.png","_links":{"self":[{"href":"https:\/\/www.radiopiu.net\/wordpress\/wp-json\/wp\/v2\/posts\/462335","targetHints":{"allow":["GET"]}}],"collection":[{"href":"https:\/\/www.radiopiu.net\/wordpress\/wp-json\/wp\/v2\/posts"}],"about":[{"href":"https:\/\/www.radiopiu.net\/wordpress\/wp-json\/wp\/v2\/types\/post"}],"author":[{"embeddable":true,"href":"https:\/\/www.radiopiu.net\/wordpress\/wp-json\/wp\/v2\/users\/4"}],"replies":[{"embeddable":true,"href":"https:\/\/www.radiopiu.net\/wordpress\/wp-json\/wp\/v2\/comments?post=462335"}],"version-history":[{"count":5,"href":"https:\/\/www.radiopiu.net\/wordpress\/wp-json\/wp\/v2\/posts\/462335\/revisions"}],"predecessor-version":[{"id":462372,"href":"https:\/\/www.radiopiu.net\/wordpress\/wp-json\/wp\/v2\/posts\/462335\/revisions\/462372"}],"wp:featuredmedia":[{"embeddable":true,"href":"https:\/\/www.radiopiu.net\/wordpress\/wp-json\/wp\/v2\/media\/462347"}],"wp:attachment":[{"href":"https:\/\/www.radiopiu.net\/wordpress\/wp-json\/wp\/v2\/media?parent=462335"}],"wp:term":[{"taxonomy":"category","embeddable":true,"href":"https:\/\/www.radiopiu.net\/wordpress\/wp-json\/wp\/v2\/categories?post=462335"},{"taxonomy":"post_tag","embeddable":true,"href":"https:\/\/www.radiopiu.net\/wordpress\/wp-json\/wp\/v2\/tags?post=462335"}],"curies":[{"name":"wp","href":"https:\/\/api.w.org\/{rel}","templated":true}]}}