{"id":462382,"date":"2025-08-01T05:39:29","date_gmt":"2025-08-01T03:39:29","guid":{"rendered":"https:\/\/www.radiopiu.net\/wordpress\/?p=462382"},"modified":"2025-08-01T05:55:56","modified_gmt":"2025-08-01T03:55:56","slug":"da-domani-ad-alleghe-scatta-la-ztl-estiva-limitazioni-al-traffico-fino-al-31-agosto","status":"publish","type":"post","link":"https:\/\/www.radiopiu.net\/wordpress\/da-domani-ad-alleghe-scatta-la-ztl-estiva-limitazioni-al-traffico-fino-al-31-agosto\/","title":{"rendered":"DA OGGI AD ALLEGHE SCATTA LA ZTL ESTIVA: LIMITAZIONI AL TRAFFICO FINO AL 31 AGOSTO"},"content":{"rendered":"<p>******<\/p>\n<p>&nbsp;<\/p>\n<p><strong>ALLEGHE<\/strong> A partire da oggi, 1\u00b0 agosto, entrer\u00e0 in vigore la Zona a Traffico Limitato (ZTL) nel centro di Alleghe, una misura pensata per favorire la vivibilit\u00e0 del paese durante il periodo di maggiore afflusso turistico. Il provvedimento sar\u00e0 valido fino al 31 agosto e interesser\u00e0 le principali vie del centro: piazza Kennedy, via Lungolago, via Europa e via Montepape.<\/p>\n\n\t\t\t<style type='text\/css'>\n\t\t\t\t#gallery-1 {\n\t\t\t\t\tmargin: auto;\n\t\t\t\t}\n\t\t\t\t#gallery-1 .gallery-item {\n\t\t\t\t\tfloat: left;\n\t\t\t\t\tmargin-top: 10px;\n\t\t\t\t\ttext-align: center;\n\t\t\t\t\twidth: 50%;\n\t\t\t\t}\n\t\t\t\t#gallery-1 img {\n\t\t\t\t\tborder: 2px solid #cfcfcf;\n\t\t\t\t}\n\t\t\t\t#gallery-1 .gallery-caption {\n\t\t\t\t\tmargin-left: 0;\n\t\t\t\t}\n\t\t\t\t\/* see gallery_shortcode() in wp-includes\/media.php *\/\n\t\t\t<\/style>\n\t\t<div id='gallery-1' class='dt-gallery-container gallery galleryid-462382 gallery-columns-2 gallery-size-medium'><dl class='gallery-item'>\n\t\t\t\t<dt class='gallery-icon portrait'>\n\t\t\t\t\t<a class=\"rollover rollover-zoom dt-pswp-item\" title=\"fb781417-b7d0-49a0-ad2c-e081a87cbe16\" data-dt-img-description=\"\" data-large_image_width=\"1500\" data-large_image_height=\"2000\"href='https:\/\/www.radiopiu.net\/wordpress\/wp-content\/uploads\/2025\/07\/fb781417-b7d0-49a0-ad2c-e081a87cbe16.jpg'><img loading=\"lazy\" decoding=\"async\" width=\"225\" height=\"300\" src=\"https:\/\/www.radiopiu.net\/wordpress\/wp-content\/uploads\/2025\/07\/fb781417-b7d0-49a0-ad2c-e081a87cbe16-225x300.jpg\" class=\"attachment-medium size-medium\" alt=\"\" srcset=\"https:\/\/www.radiopiu.net\/wordpress\/wp-content\/uploads\/2025\/07\/fb781417-b7d0-49a0-ad2c-e081a87cbe16-225x300.jpg 225w, https:\/\/www.radiopiu.net\/wordpress\/wp-content\/uploads\/2025\/07\/fb781417-b7d0-49a0-ad2c-e081a87cbe16-768x1024.jpg 768w, https:\/\/www.radiopiu.net\/wordpress\/wp-content\/uploads\/2025\/07\/fb781417-b7d0-49a0-ad2c-e081a87cbe16-1152x1536.jpg 1152w, https:\/\/www.radiopiu.net\/wordpress\/wp-content\/uploads\/2025\/07\/fb781417-b7d0-49a0-ad2c-e081a87cbe16.jpg 1500w\" sizes=\"auto, (max-width: 225px) 100vw, 225px\" \/><\/a>\n\t\t\t\t<\/dt><\/dl><dl class='gallery-item'>\n\t\t\t\t<dt class='gallery-icon portrait'>\n\t\t\t\t\t<a class=\"rollover rollover-zoom dt-pswp-item\" title=\"ade58485-5533-4fe1-886f-e4aa02198afc\" data-dt-img-description=\"\" data-large_image_width=\"1500\" data-large_image_height=\"2000\"href='https:\/\/www.radiopiu.net\/wordpress\/wp-content\/uploads\/2025\/07\/ade58485-5533-4fe1-886f-e4aa02198afc.jpg'><img loading=\"lazy\" decoding=\"async\" width=\"225\" height=\"300\" src=\"https:\/\/www.radiopiu.net\/wordpress\/wp-content\/uploads\/2025\/07\/ade58485-5533-4fe1-886f-e4aa02198afc-225x300.jpg\" class=\"attachment-medium size-medium\" alt=\"\" srcset=\"https:\/\/www.radiopiu.net\/wordpress\/wp-content\/uploads\/2025\/07\/ade58485-5533-4fe1-886f-e4aa02198afc-225x300.jpg 225w, https:\/\/www.radiopiu.net\/wordpress\/wp-content\/uploads\/2025\/07\/ade58485-5533-4fe1-886f-e4aa02198afc-768x1024.jpg 768w, https:\/\/www.radiopiu.net\/wordpress\/wp-content\/uploads\/2025\/07\/ade58485-5533-4fe1-886f-e4aa02198afc-1152x1536.jpg 1152w, https:\/\/www.radiopiu.net\/wordpress\/wp-content\/uploads\/2025\/07\/ade58485-5533-4fe1-886f-e4aa02198afc.jpg 1500w\" sizes=\"auto, (max-width: 225px) 100vw, 225px\" \/><\/a>\n\t\t\t\t<\/dt><\/dl><br style=\"clear: both\" \/>\n\t\t\t<\/div>\n\n<p>&nbsp;<\/p>\n<p>&nbsp;<\/p>\n<p>**********<\/p>\n","protected":false},"excerpt":{"rendered":"<p>****** &nbsp; ALLEGHE A partire da oggi, 1\u00b0 agosto, entrer\u00e0 in vigore la Zona a Traffico Limitato (ZTL) nel centro di Alleghe, una misura pensata per favorire la vivibilit\u00e0 del paese durante il periodo di maggiore afflusso turistico. Il provvedimento sar\u00e0 valido fino al 31 agosto e interesser\u00e0 le principali vie del centro: piazza Kennedy,&hellip;<\/p>\n","protected":false},"author":4,"featured_media":462385,"comment_status":"closed","ping_status":"closed","sticky":false,"template":"","format":"standard","meta":{"_monsterinsights_skip_tracking":false,"_monsterinsights_sitenote_active":false,"_monsterinsights_sitenote_note":"","_monsterinsights_sitenote_category":0,"footnotes":""},"categories":[51,49],"tags":[],"class_list":["post-462382","post","type-post","status-publish","format-standard","has-post-thumbnail","hentry","category-evidenza-top","category-news-18","category-51","category-49","description-off"],"img_url":"https:\/\/www.radiopiu.net\/wordpress\/wp-content\/uploads\/2025\/07\/SCR-20250731-raol.jpeg","_links":{"self":[{"href":"https:\/\/www.radiopiu.net\/wordpress\/wp-json\/wp\/v2\/posts\/462382","targetHints":{"allow":["GET"]}}],"collection":[{"href":"https:\/\/www.radiopiu.net\/wordpress\/wp-json\/wp\/v2\/posts"}],"about":[{"href":"https:\/\/www.radiopiu.net\/wordpress\/wp-json\/wp\/v2\/types\/post"}],"author":[{"embeddable":true,"href":"https:\/\/www.radiopiu.net\/wordpress\/wp-json\/wp\/v2\/users\/4"}],"replies":[{"embeddable":true,"href":"https:\/\/www.radiopiu.net\/wordpress\/wp-json\/wp\/v2\/comments?post=462382"}],"version-history":[{"count":2,"href":"https:\/\/www.radiopiu.net\/wordpress\/wp-json\/wp\/v2\/posts\/462382\/revisions"}],"predecessor-version":[{"id":462439,"href":"https:\/\/www.radiopiu.net\/wordpress\/wp-json\/wp\/v2\/posts\/462382\/revisions\/462439"}],"wp:featuredmedia":[{"embeddable":true,"href":"https:\/\/www.radiopiu.net\/wordpress\/wp-json\/wp\/v2\/media\/462385"}],"wp:attachment":[{"href":"https:\/\/www.radiopiu.net\/wordpress\/wp-json\/wp\/v2\/media?parent=462382"}],"wp:term":[{"taxonomy":"category","embeddable":true,"href":"https:\/\/www.radiopiu.net\/wordpress\/wp-json\/wp\/v2\/categories?post=462382"},{"taxonomy":"post_tag","embeddable":true,"href":"https:\/\/www.radiopiu.net\/wordpress\/wp-json\/wp\/v2\/tags?post=462382"}],"curies":[{"name":"wp","href":"https:\/\/api.w.org\/{rel}","templated":true}]}}