{"id":465254,"date":"2025-08-16T09:49:14","date_gmt":"2025-08-16T07:49:14","guid":{"rendered":"https:\/\/www.radiopiu.net\/wordpress\/?p=465254"},"modified":"2025-08-16T09:49:14","modified_gmt":"2025-08-16T07:49:14","slug":"disco-piu-dal-16-al-22-agosto-2025","status":"publish","type":"post","link":"https:\/\/www.radiopiu.net\/wordpress\/disco-piu-dal-16-al-22-agosto-2025\/","title":{"rendered":"DISCO PIU\u2019 DAL 16 AL 22 AGOSTO 2025"},"content":{"rendered":"<p>********<\/p>\n<p>&nbsp;<\/p>\n<p><strong><a class=\"dt-pswp-item\" href=\"https:\/\/www.radiopiu.net\/wordpress\/wp-content\/uploads\/2025\/08\/clara.jpg\" data-dt-img-description=\"\" data-large_image_width=\"400\" data-large_image_height=\"400\"><img loading=\"lazy\" decoding=\"async\" class=\" wp-image-465255 alignleft\" src=\"https:\/\/www.radiopiu.net\/wordpress\/wp-content\/uploads\/2025\/08\/clara-300x300.jpg\" alt=\"\" width=\"185\" height=\"185\" srcset=\"https:\/\/www.radiopiu.net\/wordpress\/wp-content\/uploads\/2025\/08\/clara-300x300.jpg 300w, https:\/\/www.radiopiu.net\/wordpress\/wp-content\/uploads\/2025\/08\/clara-150x150.jpg 150w, https:\/\/www.radiopiu.net\/wordpress\/wp-content\/uploads\/2025\/08\/clara.jpg 400w\" sizes=\"auto, (max-width: 185px) 100vw, 185px\" \/><\/a>I SUCCESSI DI DOMANI<\/strong><\/p>\n<p><strong>LI ASCOLTI OGGI\u2026SU RADIO PIU\u2019<\/strong><\/p>\n<p><strong>IL DISCO PIU\u2019 DAL 16 AL 22 AGOSTO 2025 E\u2019:<\/strong><\/p>\n<p><strong>ARTISTA:<\/strong>\u00a0<strong>Clara<\/strong><\/p>\n<p><strong>TITOLO:\u00a0Uragani<\/strong><\/p>\n<p><strong>ETICHETTA:\u00a0Warner Music<\/strong><\/p>\n<p><strong>\u00a0<\/strong><\/p>\n<p>&#8220;Uragani&#8221;, il nuovo singolo di Clara, un brano ritmato ed emotivo che racconta la liberazione da una relazione burrascosa. Dopo aver vissuto un amore tormentato, \u00e8 importante riabbracciare se stessi. &#8220;Uragani&#8221; \u00e8 il simbolo di una rinascita, tra ritmo e vulnerabilit\u00e0.<\/p>\n<p>&nbsp;<\/p>\n<p>&nbsp;<\/p>\n<p>&nbsp;<\/p>\n<p>&nbsp;<\/p>\n<p>***********<\/p>\n","protected":false},"excerpt":{"rendered":"<p>******** &nbsp; I SUCCESSI DI DOMANI LI ASCOLTI OGGI\u2026SU RADIO PIU\u2019 IL DISCO PIU\u2019 DAL 16 AL 22 AGOSTO 2025 E\u2019: ARTISTA:\u00a0Clara TITOLO:\u00a0Uragani ETICHETTA:\u00a0Warner Music \u00a0 &#8220;Uragani&#8221;, il nuovo singolo di Clara, un brano ritmato ed emotivo che racconta la liberazione da una relazione burrascosa. Dopo aver vissuto un amore tormentato, \u00e8 importante riabbracciare se&hellip;<\/p>\n","protected":false},"author":4,"featured_media":465255,"comment_status":"closed","ping_status":"closed","sticky":false,"template":"","format":"standard","meta":{"_monsterinsights_skip_tracking":false,"_monsterinsights_sitenote_active":false,"_monsterinsights_sitenote_note":"","_monsterinsights_sitenote_category":0,"footnotes":""},"categories":[15],"tags":[],"class_list":["post-465254","post","type-post","status-publish","format-standard","has-post-thumbnail","hentry","category-discopiu","category-15","description-off"],"img_url":"https:\/\/www.radiopiu.net\/wordpress\/wp-content\/uploads\/2025\/08\/clara.jpg","_links":{"self":[{"href":"https:\/\/www.radiopiu.net\/wordpress\/wp-json\/wp\/v2\/posts\/465254","targetHints":{"allow":["GET"]}}],"collection":[{"href":"https:\/\/www.radiopiu.net\/wordpress\/wp-json\/wp\/v2\/posts"}],"about":[{"href":"https:\/\/www.radiopiu.net\/wordpress\/wp-json\/wp\/v2\/types\/post"}],"author":[{"embeddable":true,"href":"https:\/\/www.radiopiu.net\/wordpress\/wp-json\/wp\/v2\/users\/4"}],"replies":[{"embeddable":true,"href":"https:\/\/www.radiopiu.net\/wordpress\/wp-json\/wp\/v2\/comments?post=465254"}],"version-history":[{"count":1,"href":"https:\/\/www.radiopiu.net\/wordpress\/wp-json\/wp\/v2\/posts\/465254\/revisions"}],"predecessor-version":[{"id":465256,"href":"https:\/\/www.radiopiu.net\/wordpress\/wp-json\/wp\/v2\/posts\/465254\/revisions\/465256"}],"wp:featuredmedia":[{"embeddable":true,"href":"https:\/\/www.radiopiu.net\/wordpress\/wp-json\/wp\/v2\/media\/465255"}],"wp:attachment":[{"href":"https:\/\/www.radiopiu.net\/wordpress\/wp-json\/wp\/v2\/media?parent=465254"}],"wp:term":[{"taxonomy":"category","embeddable":true,"href":"https:\/\/www.radiopiu.net\/wordpress\/wp-json\/wp\/v2\/categories?post=465254"},{"taxonomy":"post_tag","embeddable":true,"href":"https:\/\/www.radiopiu.net\/wordpress\/wp-json\/wp\/v2\/tags?post=465254"}],"curies":[{"name":"wp","href":"https:\/\/api.w.org\/{rel}","templated":true}]}}