{"id":468784,"date":"2025-09-18T05:53:36","date_gmt":"2025-09-18T03:53:36","guid":{"rendered":"https:\/\/www.radiopiu.net\/wordpress\/?p=468784"},"modified":"2025-09-18T06:01:55","modified_gmt":"2025-09-18T04:01:55","slug":"investiti-a-bolago-s","status":"publish","type":"post","link":"https:\/\/www.radiopiu.net\/wordpress\/investiti-a-bolago-s\/","title":{"rendered":"INVESTITI DUE MINORENNI, 21ENNE A PROCESSO"},"content":{"rendered":"<p>**<\/p>\n<p data-start=\"113\" data-end=\"951\"><strong>BOLAGO<\/strong> M.D.B., 21enne bellunese, ha confessato lo schianto di Bolago ma non ha fornito altri dettagli. Il giovane era alla guida di una Seat Leon senza patente quando ha travolto un motorino con in sella un 15enne e una 14enne, senza fermarsi subito a soccorrerli. Successivamente \u00e8 tornato indietro, permettendo di risalire alla targa e all\u2019indagato, ora accusato di lesioni stradali gravi e omissione di soccorso; il passeggero, un 31enne, potrebbe essere indagato a sua volta. I due ragazzi investiti, inizialmente in rianimazione, stanno migliorando dopo fratture e un edema polmonare. M.D.B. si \u00e8 gi\u00e0 scusato pubblicamente e ha avviato la procedura per la messa alla prova, con lavori di pubblica utilit\u00e0 e risarcimento dei danni. L\u2019interrogatorio \u00e8 previsto per il 3 ottobre, con possibilit\u00e0 di avvalersi della facolt\u00e0 di non rispondere.<\/p>\n<p data-start=\"113\" data-end=\"951\">\n<p>&nbsp;<\/p>\n<hr \/>\n<blockquote>\n<h3>INVESTITI A BOLAGO: RAGAZZI STABILI MA IN GRAVI CONDIZIONI<\/h3>\n<\/blockquote>\n<p><strong>BELLUNO<\/strong><\/p>\n<p data-start=\"156\" data-end=\"411\">Restano gravi, ma stabili e in prognosi riservata, i due adolescenti di 15 e 14 anni investiti sabato sera da un\u2019auto pirata a Bolago. Entrambi sopravviveranno, ma serviranno tempo e cure: la ragazza ha riportato fratture e un edema polmonare.<\/p>\n<p data-start=\"413\" data-end=\"649\">Alla guida della Seat Leon c\u2019era un 21enne bellunese, denunciato per lesioni stradali gravi e omissione di soccorso. Era senza patente valida e in stato di ebbrezza. L\u2019auto non era sua, ma del passeggero, che potrebbe essere indagato.<\/p>\n<p data-start=\"651\" data-end=\"775\">Il ciclomotore dei ragazzi e la vettura sono sotto sequestro. L\u2019interrogatorio del conducente \u00e8 atteso entro la settimana.<\/p>\n<h2 data-start=\"107\" data-end=\"319\"><\/h2>\n<p><strong>IERI ALLA RADIO<\/strong><\/p>\n<blockquote>\n<h3>BOLAGO, INVESTE DUE ADOLESCENTI IN MOTORINO: 21ENNE UBRIACO SENZA PATENTE<\/h3>\n<p data-start=\"73\" data-end=\"152\"><strong data-start=\"73\" data-end=\"150\"><a class=\"dt-pswp-item\" href=\"https:\/\/www.radiopiu.net\/wordpress\/wp-content\/uploads\/2025\/02\/Foto-servizio-controllo-del-territorio.jpg\" data-dt-img-description=\"\" data-large_image_width=\"1440\" data-large_image_height=\"1080\"><img loading=\"lazy\" decoding=\"async\" class=\" wp-image-434073 alignleft\" src=\"https:\/\/www.radiopiu.net\/wordpress\/wp-content\/uploads\/2025\/02\/Foto-servizio-controllo-del-territorio-300x225.jpg\" alt=\"\" width=\"245\" height=\"184\" srcset=\"https:\/\/www.radiopiu.net\/wordpress\/wp-content\/uploads\/2025\/02\/Foto-servizio-controllo-del-territorio-300x225.jpg 300w, https:\/\/www.radiopiu.net\/wordpress\/wp-content\/uploads\/2025\/02\/Foto-servizio-controllo-del-territorio-1024x768.jpg 1024w, https:\/\/www.radiopiu.net\/wordpress\/wp-content\/uploads\/2025\/02\/Foto-servizio-controllo-del-territorio-768x576.jpg 768w, https:\/\/www.radiopiu.net\/wordpress\/wp-content\/uploads\/2025\/02\/Foto-servizio-controllo-del-territorio.jpg 1440w\" sizes=\"auto, (max-width: 245px) 100vw, 245px\" \/><\/a><\/strong><\/p>\n<\/blockquote>\n<p data-start=\"154\" data-end=\"614\"><strong>SEDICO<\/strong> Situazione pesante per il 21enne di Sois residente a Borgo Valbelluna, che sabato sera a Bolago ha travolto due ragazzi in motorino ed \u00e8 fuggito. \u00c8 indagato per lesioni stradali gravi e omissione di soccorso, con aggravanti per guida in stato di ebbrezza in orario notturno. Alla guida di un\u2019auto non sua e senza patente valida, rischia ulteriori conseguenze, cos\u00ec come il proprietario del mezzo, che potrebbe essere coinvolto per omissione di soccorso. Le vittime, un 15enne e una 14enne, sono state ricoverate in Rianimazione all\u2019ospedale San Martino: il ragazzo ha riportato fratture a femore e perone, la ragazza la frattura di un perone, la rottura della milza e un edema polmonare. Non sarebbero in pericolo di vita, ma la degenza sar\u00e0 lunga. Indagini in corso per chiarire tutte le responsabilit\u00e0.<\/p>\n","protected":false},"excerpt":{"rendered":"<p>** BOLAGO M.D.B., 21enne bellunese, ha confessato lo schianto di Bolago ma non ha fornito altri dettagli. Il giovane era alla guida di una Seat Leon senza patente quando ha travolto un motorino con in sella un 15enne e una 14enne, senza fermarsi subito a soccorrerli. Successivamente \u00e8 tornato indietro, permettendo di risalire alla targa&hellip;<\/p>\n","protected":false},"author":4,"featured_media":434073,"comment_status":"closed","ping_status":"closed","sticky":false,"template":"","format":"standard","meta":{"_monsterinsights_skip_tracking":false,"_monsterinsights_sitenote_active":false,"_monsterinsights_sitenote_note":"","_monsterinsights_sitenote_category":0,"footnotes":""},"categories":[51,49],"tags":[],"class_list":["post-468784","post","type-post","status-publish","format-standard","has-post-thumbnail","hentry","category-evidenza-top","category-news-18","category-51","category-49","description-off"],"img_url":"https:\/\/www.radiopiu.net\/wordpress\/wp-content\/uploads\/2025\/02\/Foto-servizio-controllo-del-territorio.jpg","_links":{"self":[{"href":"https:\/\/www.radiopiu.net\/wordpress\/wp-json\/wp\/v2\/posts\/468784","targetHints":{"allow":["GET"]}}],"collection":[{"href":"https:\/\/www.radiopiu.net\/wordpress\/wp-json\/wp\/v2\/posts"}],"about":[{"href":"https:\/\/www.radiopiu.net\/wordpress\/wp-json\/wp\/v2\/types\/post"}],"author":[{"embeddable":true,"href":"https:\/\/www.radiopiu.net\/wordpress\/wp-json\/wp\/v2\/users\/4"}],"replies":[{"embeddable":true,"href":"https:\/\/www.radiopiu.net\/wordpress\/wp-json\/wp\/v2\/comments?post=468784"}],"version-history":[{"count":3,"href":"https:\/\/www.radiopiu.net\/wordpress\/wp-json\/wp\/v2\/posts\/468784\/revisions"}],"predecessor-version":[{"id":470376,"href":"https:\/\/www.radiopiu.net\/wordpress\/wp-json\/wp\/v2\/posts\/468784\/revisions\/470376"}],"wp:featuredmedia":[{"embeddable":true,"href":"https:\/\/www.radiopiu.net\/wordpress\/wp-json\/wp\/v2\/media\/434073"}],"wp:attachment":[{"href":"https:\/\/www.radiopiu.net\/wordpress\/wp-json\/wp\/v2\/media?parent=468784"}],"wp:term":[{"taxonomy":"category","embeddable":true,"href":"https:\/\/www.radiopiu.net\/wordpress\/wp-json\/wp\/v2\/categories?post=468784"},{"taxonomy":"post_tag","embeddable":true,"href":"https:\/\/www.radiopiu.net\/wordpress\/wp-json\/wp\/v2\/tags?post=468784"}],"curies":[{"name":"wp","href":"https:\/\/api.w.org\/{rel}","templated":true}]}}