{"id":468787,"date":"2025-09-09T04:07:56","date_gmt":"2025-09-09T02:07:56","guid":{"rendered":"https:\/\/www.radiopiu.net\/wordpress\/?p=468787"},"modified":"2025-09-09T05:08:23","modified_gmt":"2025-09-09T03:08:23","slug":"ospitale-casa-colpita-da-massi-famiglia-pronta-al-rientro","status":"publish","type":"post","link":"https:\/\/www.radiopiu.net\/wordpress\/ospitale-casa-colpita-da-massi-famiglia-pronta-al-rientro\/","title":{"rendered":"OSPITALE, CASA COLPITA DA MASSI: FAMIGLIA PRONTA AL RIENTRO"},"content":{"rendered":"<p>***<\/p>\n<blockquote>\n<p data-start=\"75\" data-end=\"140\"><strong data-start=\"75\" data-end=\"138\"><a class=\"dt-pswp-item\" href=\"https:\/\/www.radiopiu.net\/wordpress\/wp-content\/uploads\/2025\/09\/97c2b5af-c9aa-4b23-ba48-f88f6d7f36f0.jpg\" data-dt-img-description=\"\" data-large_image_width=\"2016\" data-large_image_height=\"1512\"><img loading=\"lazy\" decoding=\"async\" class=\" wp-image-468786 alignleft\" src=\"https:\/\/www.radiopiu.net\/wordpress\/wp-content\/uploads\/2025\/09\/97c2b5af-c9aa-4b23-ba48-f88f6d7f36f0-300x225.jpg\" alt=\"\" width=\"197\" height=\"148\" srcset=\"https:\/\/www.radiopiu.net\/wordpress\/wp-content\/uploads\/2025\/09\/97c2b5af-c9aa-4b23-ba48-f88f6d7f36f0-300x225.jpg 300w, https:\/\/www.radiopiu.net\/wordpress\/wp-content\/uploads\/2025\/09\/97c2b5af-c9aa-4b23-ba48-f88f6d7f36f0-1024x768.jpg 1024w, https:\/\/www.radiopiu.net\/wordpress\/wp-content\/uploads\/2025\/09\/97c2b5af-c9aa-4b23-ba48-f88f6d7f36f0-768x576.jpg 768w, https:\/\/www.radiopiu.net\/wordpress\/wp-content\/uploads\/2025\/09\/97c2b5af-c9aa-4b23-ba48-f88f6d7f36f0-1536x1152.jpg 1536w, https:\/\/www.radiopiu.net\/wordpress\/wp-content\/uploads\/2025\/09\/97c2b5af-c9aa-4b23-ba48-f88f6d7f36f0.jpg 2016w\" sizes=\"auto, (max-width: 197px) 100vw, 197px\" \/><\/a><\/strong><\/p>\n<\/blockquote>\n<p data-start=\"142\" data-end=\"468\"><strong>OSPITALE<\/strong> Potr\u00e0 rientrare probabilmente gi\u00e0 oggi la famiglia di Ospitale evacuata sabato sera dopo la caduta di massi vicino al cimitero. Ieri una ditta specializzata ha eseguito il disgaggio, oggi l\u2019area sar\u00e0 messa in sicurezza con una rete provvisoria. Seguir\u00e0 un intervento pi\u00f9 esteso con chiodature e protezioni lungo il versante.<\/p>\n<p data-start=\"470\" data-end=\"675\">Il sindaco Roberto Santin ringrazia Provincia, volontari e l\u2019impresa locale Olivotto per la tempestivit\u00e0 degli interventi che hanno permesso di garantire subito la viabilit\u00e0 e l\u2019assistenza alla famiglia.<\/p>\n<p data-start=\"470\" data-end=\"675\">\n<hr \/>\n<p data-start=\"470\" data-end=\"675\">\n","protected":false},"excerpt":{"rendered":"<p>*** OSPITALE Potr\u00e0 rientrare probabilmente gi\u00e0 oggi la famiglia di Ospitale evacuata sabato sera dopo la caduta di massi vicino al cimitero. Ieri una ditta specializzata ha eseguito il disgaggio, oggi l\u2019area sar\u00e0 messa in sicurezza con una rete provvisoria. Seguir\u00e0 un intervento pi\u00f9 esteso con chiodature e protezioni lungo il versante. Il sindaco Roberto&hellip;<\/p>\n","protected":false},"author":4,"featured_media":468786,"comment_status":"closed","ping_status":"closed","sticky":false,"template":"","format":"standard","meta":{"_monsterinsights_skip_tracking":false,"_monsterinsights_sitenote_active":false,"_monsterinsights_sitenote_note":"","_monsterinsights_sitenote_category":0,"footnotes":""},"categories":[51,49],"tags":[],"class_list":["post-468787","post","type-post","status-publish","format-standard","has-post-thumbnail","hentry","category-evidenza-top","category-news-18","category-51","category-49","description-off"],"img_url":"https:\/\/www.radiopiu.net\/wordpress\/wp-content\/uploads\/2025\/09\/97c2b5af-c9aa-4b23-ba48-f88f6d7f36f0.jpg","_links":{"self":[{"href":"https:\/\/www.radiopiu.net\/wordpress\/wp-json\/wp\/v2\/posts\/468787","targetHints":{"allow":["GET"]}}],"collection":[{"href":"https:\/\/www.radiopiu.net\/wordpress\/wp-json\/wp\/v2\/posts"}],"about":[{"href":"https:\/\/www.radiopiu.net\/wordpress\/wp-json\/wp\/v2\/types\/post"}],"author":[{"embeddable":true,"href":"https:\/\/www.radiopiu.net\/wordpress\/wp-json\/wp\/v2\/users\/4"}],"replies":[{"embeddable":true,"href":"https:\/\/www.radiopiu.net\/wordpress\/wp-json\/wp\/v2\/comments?post=468787"}],"version-history":[{"count":1,"href":"https:\/\/www.radiopiu.net\/wordpress\/wp-json\/wp\/v2\/posts\/468787\/revisions"}],"predecessor-version":[{"id":468788,"href":"https:\/\/www.radiopiu.net\/wordpress\/wp-json\/wp\/v2\/posts\/468787\/revisions\/468788"}],"wp:featuredmedia":[{"embeddable":true,"href":"https:\/\/www.radiopiu.net\/wordpress\/wp-json\/wp\/v2\/media\/468786"}],"wp:attachment":[{"href":"https:\/\/www.radiopiu.net\/wordpress\/wp-json\/wp\/v2\/media?parent=468787"}],"wp:term":[{"taxonomy":"category","embeddable":true,"href":"https:\/\/www.radiopiu.net\/wordpress\/wp-json\/wp\/v2\/categories?post=468787"},{"taxonomy":"post_tag","embeddable":true,"href":"https:\/\/www.radiopiu.net\/wordpress\/wp-json\/wp\/v2\/tags?post=468787"}],"curies":[{"name":"wp","href":"https:\/\/api.w.org\/{rel}","templated":true}]}}