{"id":468795,"date":"2025-09-09T04:16:17","date_gmt":"2025-09-09T02:16:17","guid":{"rendered":"https:\/\/www.radiopiu.net\/wordpress\/?p=468795"},"modified":"2025-09-09T05:16:46","modified_gmt":"2025-09-09T03:16:46","slug":"collegamento-tra-civetta-e-cortina-si-fara","status":"publish","type":"post","link":"https:\/\/www.radiopiu.net\/wordpress\/collegamento-tra-civetta-e-cortina-si-fara\/","title":{"rendered":"COLLEGAMENTO TRA CIVETTA E CORTINA: \u00abSI FAR\u00c0\u00bb"},"content":{"rendered":"<blockquote>\n<p data-start=\"69\" data-end=\"120\">**<\/p>\n<\/blockquote>\n<p data-start=\"122\" data-end=\"454\"><a class=\"dt-pswp-item\" href=\"https:\/\/www.radiopiu.net\/wordpress\/wp-content\/uploads\/2024\/12\/CANER.jpeg\" data-dt-img-description=\"\" data-large_image_width=\"2098\" data-large_image_height=\"1400\"><img loading=\"lazy\" decoding=\"async\" class=\" wp-image-424999 alignleft\" src=\"https:\/\/www.radiopiu.net\/wordpress\/wp-content\/uploads\/2024\/12\/CANER-300x200.jpeg\" alt=\"\" width=\"239\" height=\"159\" srcset=\"https:\/\/www.radiopiu.net\/wordpress\/wp-content\/uploads\/2024\/12\/CANER-300x200.jpeg 300w, https:\/\/www.radiopiu.net\/wordpress\/wp-content\/uploads\/2024\/12\/CANER-1024x683.jpeg 1024w, https:\/\/www.radiopiu.net\/wordpress\/wp-content\/uploads\/2024\/12\/CANER-768x512.jpeg 768w, https:\/\/www.radiopiu.net\/wordpress\/wp-content\/uploads\/2024\/12\/CANER-1536x1025.jpeg 1536w, https:\/\/www.radiopiu.net\/wordpress\/wp-content\/uploads\/2024\/12\/CANER-2048x1367.jpeg 2048w\" sizes=\"auto, (max-width: 239px) 100vw, 239px\" \/><\/a><strong>COLLE SANTA LUCIA<\/strong> L\u2019assessore regionale al turismo, Federico Caner, al Corriere delle Alpi conferma l\u2019impegno per il collegamento impiantistico tra il Civetta e Cortina, con estensione ad Arabba e al SellaRonda. La Regione ha gi\u00e0 stanziato 33 milioni di euro per la progettazione e una prima parte dell\u2019opera, mentre dai privati si attendono circa 20 milioni. La novit\u00e0 riguarda il tracciato: non pi\u00f9 da Fedare ma dal Passo Giau al Fertazza, soluzione che ridurrebbe anche il traffico automobilistico. Restano per\u00f2 da affrontare i vincoli paesaggistici e le richieste dei Comuni, in particolare di Colle Santa Lucia, che chiede una stazione intermedia vicino al centro. Il costo complessivo si aggira sui 50-60 milioni. \u00abSpero che gi\u00e0 prima delle Olimpiadi si possa avviare la progettazione\u00bb, ha dichiarato Caner.<\/p>\n<p data-start=\"122\" data-end=\"454\">\n<p data-start=\"122\" data-end=\"454\">\n<p data-start=\"122\" data-end=\"454\">__<\/p>\n","protected":false},"excerpt":{"rendered":"<p>** COLLE SANTA LUCIA L\u2019assessore regionale al turismo, Federico Caner, al Corriere delle Alpi conferma l\u2019impegno per il collegamento impiantistico tra il Civetta e Cortina, con estensione ad Arabba e al SellaRonda. La Regione ha gi\u00e0 stanziato 33 milioni di euro per la progettazione e una prima parte dell\u2019opera, mentre dai privati si attendono circa&hellip;<\/p>\n","protected":false},"author":4,"featured_media":424999,"comment_status":"closed","ping_status":"closed","sticky":false,"template":"","format":"standard","meta":{"_monsterinsights_skip_tracking":false,"_monsterinsights_sitenote_active":false,"_monsterinsights_sitenote_note":"","_monsterinsights_sitenote_category":0,"footnotes":""},"categories":[124,51,49],"tags":[],"class_list":["post-468795","post","type-post","status-publish","format-standard","has-post-thumbnail","hentry","category-4-ciacole","category-evidenza-top","category-news-18","category-124","category-51","category-49","description-off"],"img_url":"https:\/\/www.radiopiu.net\/wordpress\/wp-content\/uploads\/2024\/12\/CANER.jpeg","_links":{"self":[{"href":"https:\/\/www.radiopiu.net\/wordpress\/wp-json\/wp\/v2\/posts\/468795","targetHints":{"allow":["GET"]}}],"collection":[{"href":"https:\/\/www.radiopiu.net\/wordpress\/wp-json\/wp\/v2\/posts"}],"about":[{"href":"https:\/\/www.radiopiu.net\/wordpress\/wp-json\/wp\/v2\/types\/post"}],"author":[{"embeddable":true,"href":"https:\/\/www.radiopiu.net\/wordpress\/wp-json\/wp\/v2\/users\/4"}],"replies":[{"embeddable":true,"href":"https:\/\/www.radiopiu.net\/wordpress\/wp-json\/wp\/v2\/comments?post=468795"}],"version-history":[{"count":1,"href":"https:\/\/www.radiopiu.net\/wordpress\/wp-json\/wp\/v2\/posts\/468795\/revisions"}],"predecessor-version":[{"id":468796,"href":"https:\/\/www.radiopiu.net\/wordpress\/wp-json\/wp\/v2\/posts\/468795\/revisions\/468796"}],"wp:featuredmedia":[{"embeddable":true,"href":"https:\/\/www.radiopiu.net\/wordpress\/wp-json\/wp\/v2\/media\/424999"}],"wp:attachment":[{"href":"https:\/\/www.radiopiu.net\/wordpress\/wp-json\/wp\/v2\/media?parent=468795"}],"wp:term":[{"taxonomy":"category","embeddable":true,"href":"https:\/\/www.radiopiu.net\/wordpress\/wp-json\/wp\/v2\/categories?post=468795"},{"taxonomy":"post_tag","embeddable":true,"href":"https:\/\/www.radiopiu.net\/wordpress\/wp-json\/wp\/v2\/tags?post=468795"}],"curies":[{"name":"wp","href":"https:\/\/api.w.org\/{rel}","templated":true}]}}