{"id":469033,"date":"2025-09-11T05:49:32","date_gmt":"2025-09-11T03:49:32","guid":{"rendered":"https:\/\/www.radiopiu.net\/wordpress\/?p=469033"},"modified":"2025-09-11T10:07:02","modified_gmt":"2025-09-11T08:07:02","slug":"giornale-radiopiu-11-settembre-2025-direttore-mirko-mezzacasa","status":"publish","type":"post","link":"https:\/\/www.radiopiu.net\/wordpress\/giornale-radiopiu-11-settembre-2025-direttore-mirko-mezzacasa\/","title":{"rendered":"GIORNALE RADIOPIU 11 SETTEMBRE 2025 DIRETTORE MIRKO MEZZACASA"},"content":{"rendered":"<p>**********<\/p>\n<p>&nbsp;<\/p>\n<p><em><span style=\"color: #ff0000;\"><a class=\"dt-pswp-item\" href=\"https:\/\/www.radiopiu.net\/wordpress\/wp-content\/uploads\/2024\/10\/Senza-nome-8.png\" data-dt-img-description=\"\" data-large_image_width=\"343\" data-large_image_height=\"303\"><img loading=\"lazy\" decoding=\"async\" class=\"wp-image-412130 alignleft\" src=\"https:\/\/www.radiopiu.net\/wordpress\/wp-content\/uploads\/2024\/10\/Senza-nome-8-300x265.png\" alt=\"\" width=\"105\" height=\"93\" srcset=\"https:\/\/www.radiopiu.net\/wordpress\/wp-content\/uploads\/2024\/10\/Senza-nome-8-300x265.png 300w, https:\/\/www.radiopiu.net\/wordpress\/wp-content\/uploads\/2024\/10\/Senza-nome-8.png 343w\" sizes=\"auto, (max-width: 105px) 100vw, 105px\" \/><\/a><\/span><\/em><strong><em><span style=\"color: #ff0000;\"> LA\u00a0 APP PER IOS-IPHONE di Nicola Vettorello<\/span><\/em><\/strong><\/p>\n<p><strong><span style=\"color: #0000ff;\"><a style=\"color: #0000ff;\" href=\"https:\/\/apps.apple.com\/it\/app\/radio-pi%C3%B9-emittente-agordina\/id1515939845\">https:\/\/apps.apple.com\/it\/app\/radio-pi%C3%B9-emittente-agordina\/id1515939845<\/a><\/span><\/strong><\/p>\n<p><strong><em style=\"color: #ff0000;\">LA\u00a0 APP RADIO\u00a0 PER ANDROID di Nicola Vettorello<\/em><\/strong><\/p>\n<p><strong><span style=\"color: #0000ff;\"><a style=\"color: #0000ff;\" href=\"https:\/\/play.google.com\/store\/apps\/details?id=net.radiopiu.iniko\" target=\"_blank\" rel=\"noopener noreferrer\">https:\/\/<\/a><a style=\"color: #0000ff;\" href=\"https:\/\/play.google.com\/store\/apps\/details?id=net.radiopiu.iniko\" target=\"_blank\" rel=\"noopener noreferrer\">play.google.com\/store\/apps\/details?id=net.radiopiu.iniko\u00a0\u00a0\u00a0\u00a0\u00a0<\/a><\/span><\/strong><\/p>\n<p>&nbsp;<\/p>\n<blockquote>\n<h1 data-start=\"0\" data-end=\"59\"><strong data-start=\"0\" data-end=\"57\">11 SETTEMBRE 2001, 24 ANNI DOPO: IL RICORDO CHE RESTA<\/strong><\/h1>\n<\/blockquote>\n<p data-start=\"61\" data-end=\"661\" data-is-last-node=\"\" data-is-only-node=\"\">Sono passati 24 anni dagli attacchi dell\u201911 settembre 2001, e il mondo continua a ricordare quella giornata che cambi\u00f2 per sempre la storia. Le Torri Gemelle a New York, il Pentagono a Washington e il volo diretto in Pennsylvania: simboli di vite spezzate, di coraggio e di resilienza. Ogni anno, commemorazioni, fotografie e testimonianze rendono omaggio alle migliaia di vittime e agli eroi che si sacrificarono. A distanza di pi\u00f9 di due decenni, il dolore resta vivo, ma con esso cresce anche la memoria collettiva, la consapevolezza di quanto sia preziosa la pace e la solidariet\u00e0 tra le persone.<\/p>\n\n\t\t\t<style type='text\/css'>\n\t\t\t\t#gallery-1 {\n\t\t\t\t\tmargin: auto;\n\t\t\t\t}\n\t\t\t\t#gallery-1 .gallery-item {\n\t\t\t\t\tfloat: left;\n\t\t\t\t\tmargin-top: 10px;\n\t\t\t\t\ttext-align: center;\n\t\t\t\t\twidth: 25%;\n\t\t\t\t}\n\t\t\t\t#gallery-1 img {\n\t\t\t\t\tborder: 2px solid #cfcfcf;\n\t\t\t\t}\n\t\t\t\t#gallery-1 .gallery-caption {\n\t\t\t\t\tmargin-left: 0;\n\t\t\t\t}\n\t\t\t\t\/* see gallery_shortcode() in wp-includes\/media.php *\/\n\t\t\t<\/style>\n\t\t<div id='gallery-1' class='dt-gallery-container gallery galleryid-469033 gallery-columns-4 gallery-size-thumbnail'><dl class='gallery-item'>\n\t\t\t\t<dt class='gallery-icon landscape'>\n\t\t\t\t\t<a class=\"rollover rollover-zoom dt-pswp-item\" title=\"Screenshot 2025-09-10 150250\" data-dt-img-description=\"\" data-large_image_width=\"854\" data-large_image_height=\"379\"href='https:\/\/www.radiopiu.net\/wordpress\/wp-content\/uploads\/2025\/09\/Screenshot-2025-09-10-150250.png'><img loading=\"lazy\" decoding=\"async\" width=\"150\" height=\"150\" src=\"https:\/\/www.radiopiu.net\/wordpress\/wp-content\/uploads\/2025\/09\/Screenshot-2025-09-10-150250-150x150.png\" class=\"attachment-thumbnail size-thumbnail\" alt=\"\" \/><\/a>\n\t\t\t\t<\/dt><\/dl><dl class='gallery-item'>\n\t\t\t\t<dt class='gallery-icon landscape'>\n\t\t\t\t\t<a class=\"rollover rollover-zoom dt-pswp-item\" title=\"Screenshot 2025-09-10 150258\" data-dt-img-description=\"\" data-large_image_width=\"839\" data-large_image_height=\"404\"href='https:\/\/www.radiopiu.net\/wordpress\/wp-content\/uploads\/2025\/09\/Screenshot-2025-09-10-150258.png'><img loading=\"lazy\" decoding=\"async\" width=\"150\" height=\"150\" src=\"https:\/\/www.radiopiu.net\/wordpress\/wp-content\/uploads\/2025\/09\/Screenshot-2025-09-10-150258-150x150.png\" class=\"attachment-thumbnail size-thumbnail\" alt=\"\" \/><\/a>\n\t\t\t\t<\/dt><\/dl><dl class='gallery-item'>\n\t\t\t\t<dt class='gallery-icon landscape'>\n\t\t\t\t\t<a class=\"rollover rollover-zoom dt-pswp-item\" title=\"Screenshot 2025-09-10 150308\" data-dt-img-description=\"\" data-large_image_width=\"904\" data-large_image_height=\"414\"href='https:\/\/www.radiopiu.net\/wordpress\/wp-content\/uploads\/2025\/09\/Screenshot-2025-09-10-150308.png'><img loading=\"lazy\" decoding=\"async\" width=\"150\" height=\"150\" src=\"https:\/\/www.radiopiu.net\/wordpress\/wp-content\/uploads\/2025\/09\/Screenshot-2025-09-10-150308-150x150.png\" class=\"attachment-thumbnail size-thumbnail\" alt=\"\" \/><\/a>\n\t\t\t\t<\/dt><\/dl><dl class='gallery-item'>\n\t\t\t\t<dt class='gallery-icon landscape'>\n\t\t\t\t\t<a class=\"rollover rollover-zoom dt-pswp-item\" title=\"Screenshot 2025-09-10 150345\" data-dt-img-description=\"\" data-large_image_width=\"555\" data-large_image_height=\"397\"href='https:\/\/www.radiopiu.net\/wordpress\/wp-content\/uploads\/2025\/09\/Screenshot-2025-09-10-150345.png'><img loading=\"lazy\" decoding=\"async\" width=\"150\" height=\"150\" src=\"https:\/\/www.radiopiu.net\/wordpress\/wp-content\/uploads\/2025\/09\/Screenshot-2025-09-10-150345-150x150.png\" class=\"attachment-thumbnail size-thumbnail\" alt=\"\" \/><\/a>\n\t\t\t\t<\/dt><\/dl><br style=\"clear: both\" \/><dl class='gallery-item'>\n\t\t\t\t<dt class='gallery-icon landscape'>\n\t\t\t\t\t<a class=\"rollover rollover-zoom dt-pswp-item\" title=\"Screenshot 2025-09-10 150328\" data-dt-img-description=\"\" data-large_image_width=\"856\" data-large_image_height=\"433\"href='https:\/\/www.radiopiu.net\/wordpress\/wp-content\/uploads\/2025\/09\/Screenshot-2025-09-10-150328.png'><img loading=\"lazy\" decoding=\"async\" width=\"150\" height=\"150\" src=\"https:\/\/www.radiopiu.net\/wordpress\/wp-content\/uploads\/2025\/09\/Screenshot-2025-09-10-150328-150x150.png\" class=\"attachment-thumbnail size-thumbnail\" alt=\"\" \/><\/a>\n\t\t\t\t<\/dt><\/dl><dl class='gallery-item'>\n\t\t\t\t<dt class='gallery-icon landscape'>\n\t\t\t\t\t<a class=\"rollover rollover-zoom dt-pswp-item\" title=\"Screenshot 2025-09-10 150410\" data-dt-img-description=\"\" data-large_image_width=\"745\" data-large_image_height=\"470\"href='https:\/\/www.radiopiu.net\/wordpress\/wp-content\/uploads\/2025\/09\/Screenshot-2025-09-10-150410.png'><img loading=\"lazy\" decoding=\"async\" width=\"150\" height=\"150\" src=\"https:\/\/www.radiopiu.net\/wordpress\/wp-content\/uploads\/2025\/09\/Screenshot-2025-09-10-150410-150x150.png\" class=\"attachment-thumbnail size-thumbnail\" alt=\"\" \/><\/a>\n\t\t\t\t<\/dt><\/dl><dl class='gallery-item'>\n\t\t\t\t<dt class='gallery-icon landscape'>\n\t\t\t\t\t<a class=\"rollover rollover-zoom dt-pswp-item\" title=\"Screenshot 2025-09-10 150458\" data-dt-img-description=\"\" data-large_image_width=\"755\" data-large_image_height=\"493\"href='https:\/\/www.radiopiu.net\/wordpress\/wp-content\/uploads\/2025\/09\/Screenshot-2025-09-10-150458.png'><img loading=\"lazy\" decoding=\"async\" width=\"150\" height=\"150\" src=\"https:\/\/www.radiopiu.net\/wordpress\/wp-content\/uploads\/2025\/09\/Screenshot-2025-09-10-150458-150x150.png\" class=\"attachment-thumbnail size-thumbnail\" alt=\"\" \/><\/a>\n\t\t\t\t<\/dt><\/dl><dl class='gallery-item'>\n\t\t\t\t<dt class='gallery-icon landscape'>\n\t\t\t\t\t<a class=\"rollover rollover-zoom dt-pswp-item\" title=\"Screenshot 2025-09-10 150446\" data-dt-img-description=\"\" data-large_image_width=\"844\" data-large_image_height=\"426\"href='https:\/\/www.radiopiu.net\/wordpress\/wp-content\/uploads\/2025\/09\/Screenshot-2025-09-10-150446.png'><img loading=\"lazy\" decoding=\"async\" width=\"150\" height=\"150\" src=\"https:\/\/www.radiopiu.net\/wordpress\/wp-content\/uploads\/2025\/09\/Screenshot-2025-09-10-150446-150x150.png\" class=\"attachment-thumbnail size-thumbnail\" alt=\"\" \/><\/a>\n\t\t\t\t<\/dt><\/dl><br style=\"clear: both\" \/>\n\t\t\t<\/div>\n\n<div class=\"x14z9mp xat24cr x1lziwak x1vvkbs xtlvy1s x126k92a\"><\/div>\n<p>&nbsp;<\/p>\n<h3><span style=\"color: #ff0000;\"><strong>di BRUNELLA MORO<\/strong><\/span><\/h3>\n<audio class=\"wp-audio-shortcode\" id=\"audio-469033-1\" preload=\"none\" style=\"width: 100%;\" controls=\"controls\"><source type=\"audio\/mpeg\" src=\"https:\/\/www.radiopiu.net\/wordpress\/wp-content\/uploads\/2025\/09\/apertura-rassegna-stampa.mp3?_=1\" \/><a href=\"https:\/\/www.radiopiu.net\/wordpress\/wp-content\/uploads\/2025\/09\/apertura-rassegna-stampa.mp3\">https:\/\/www.radiopiu.net\/wordpress\/wp-content\/uploads\/2025\/09\/apertura-rassegna-stampa.mp3<\/a><\/audio>\n<p>&nbsp;<\/p>\n<p>&nbsp;<\/p>\n<hr \/>\n<p><span style=\"color: #0000ff;\">\u00a0\u00a0<\/span><\/p>\n<blockquote>\n<h1 data-start=\"0\" data-end=\"60\"><strong data-start=\"0\" data-end=\"60\"><a class=\"dt-pswp-item\" href=\"https:\/\/www.radiopiu.net\/wordpress\/wp-content\/uploads\/2025\/09\/Desmontegada-valfiorentina-dolomiti.jpg\" data-dt-img-description=\"\" data-large_image_width=\"1200\" data-large_image_height=\"798\"><img loading=\"lazy\" decoding=\"async\" class=\"size-medium wp-image-468894 alignleft\" src=\"https:\/\/www.radiopiu.net\/wordpress\/wp-content\/uploads\/2025\/09\/Desmontegada-valfiorentina-dolomiti-300x200.jpg\" alt=\"\" width=\"300\" height=\"200\" srcset=\"https:\/\/www.radiopiu.net\/wordpress\/wp-content\/uploads\/2025\/09\/Desmontegada-valfiorentina-dolomiti-300x200.jpg 300w, https:\/\/www.radiopiu.net\/wordpress\/wp-content\/uploads\/2025\/09\/Desmontegada-valfiorentina-dolomiti-1024x681.jpg 1024w, https:\/\/www.radiopiu.net\/wordpress\/wp-content\/uploads\/2025\/09\/Desmontegada-valfiorentina-dolomiti-768x511.jpg 768w, https:\/\/www.radiopiu.net\/wordpress\/wp-content\/uploads\/2025\/09\/Desmontegada-valfiorentina-dolomiti.jpg 1200w\" sizes=\"auto, (max-width: 300px) 100vw, 300px\" \/><\/a>OGGI SU RADIOPI\u00d9: MUSICA, informazione\u00a0 e dirette\u00a0<\/strong><\/h1>\n<\/blockquote>\n<p class=\"\" data-start=\"62\" data-end=\"463\"><strong>ALLE 8.05 LA RASSEGNA STAMPA LOCALE 8.25 piu siamo con marina dona&#8217;<\/strong><strong> 900 LA MUSICA COUNTRY DI ALEX NASCINBEN 9.40 oggi come ieri, l&#8217;11 settembre 2001, di silvia baldo\u00a0 10 10 sei in radio se&#8230; di marina dona&#8217;\u00a0 10.30\u00a0 spi cgil belluno, la nuova stagiona con maria rita gentilin segretaria spi cgil belluno 11.00\u00a0 arcade show il programma di elia casagrande\u00a0 12.00 IL LISCIO DI MIRCO BENCIVENNI 12.30 GR PRINCIPALE\u00a0 13 10 tre per due per te.. con marina dona&#8217;\u00a0 13.20 collage operazione nostalgia di loris scussel 14.00 LA CLASSIFICA UFFICIALE DI RADIOPIU CON MARCO GAZ 15.10\u00a0 time for me con marina dona&#8217; OSPITE GIUSEPPE CRUPI\u00a0 1630 speciale desmontegada a SELVA DI CADORE ospite ALICE DALL&#8217;ACQUA presidente proloco Val Fiorentina 16 45 LE HIT STORICHE DI MIRCO BENCIVENNI 18.10 PAOLO BEN DA MOB ART BEN&#8230; il capolavoro lungo la regionale 203 agordina 19.05 LE ANTICIPAZIONI DAL TG DI ANTENNA 3 DA UN\u2019IDEA DI TIZIANA BOLOGNANI 19.20 SPORT IN PIAZZA, SABATO AD AGORDO 21.00 elena vieceli, la Presidente del Comitato Festeggiamenti a Meano, la sagra del Ciclamino, di mirko mezzacasa\u00a0<\/strong><\/p>\n<p>&nbsp;<\/p>\n<p>&nbsp;<\/p>\n<hr \/>\n<div class=\"x11i5rnm xat24cr x1mh8g0r x1vvkbs xtlvy1s x126k92a\">\n<blockquote>\n<h1><strong><a class=\"dt-pswp-item\" href=\"https:\/\/www.radiopiu.net\/wordpress\/wp-content\/uploads\/2024\/10\/629301fd-708d-4f53-95c2-d28cbefd500f.jpg\" data-dt-img-description=\"\" data-large_image_width=\"1600\" data-large_image_height=\"1322\"><img loading=\"lazy\" decoding=\"async\" class=\"wp-image-413782 alignright\" src=\"https:\/\/www.radiopiu.net\/wordpress\/wp-content\/uploads\/2024\/10\/629301fd-708d-4f53-95c2-d28cbefd500f-300x248.jpg\" alt=\"\" width=\"106\" height=\"88\" srcset=\"https:\/\/www.radiopiu.net\/wordpress\/wp-content\/uploads\/2024\/10\/629301fd-708d-4f53-95c2-d28cbefd500f-300x248.jpg 300w, https:\/\/www.radiopiu.net\/wordpress\/wp-content\/uploads\/2024\/10\/629301fd-708d-4f53-95c2-d28cbefd500f-1024x846.jpg 1024w, https:\/\/www.radiopiu.net\/wordpress\/wp-content\/uploads\/2024\/10\/629301fd-708d-4f53-95c2-d28cbefd500f-768x635.jpg 768w, https:\/\/www.radiopiu.net\/wordpress\/wp-content\/uploads\/2024\/10\/629301fd-708d-4f53-95c2-d28cbefd500f-1536x1269.jpg 1536w, https:\/\/www.radiopiu.net\/wordpress\/wp-content\/uploads\/2024\/10\/629301fd-708d-4f53-95c2-d28cbefd500f.jpg 1600w\" sizes=\"auto, (max-width: 106px) 100vw, 106px\" \/><\/a><\/strong><\/h1>\n<h1><strong><a class=\"dt-pswp-item\" href=\"https:\/\/www.radiopiu.net\/wordpress\/wp-content\/uploads\/2024\/11\/th-18.jpg\" data-dt-img-description=\"\" data-large_image_width=\"156\" data-large_image_height=\"180\"><img loading=\"lazy\" decoding=\"async\" class=\"size-full wp-image-421611 alignleft\" src=\"https:\/\/www.radiopiu.net\/wordpress\/wp-content\/uploads\/2024\/11\/th-18.jpg\" alt=\"\" width=\"156\" height=\"180\" \/><\/a><\/strong><\/h1>\n<h1><strong>N di parom &#8211; L Almanach de la nosta jent<\/strong><\/h1>\n<\/blockquote>\n<p>&nbsp;<\/p>\n<p>Le voci: Davide Conedera, Agordo, Michela Dell&#8217;Osbel, La Valle Agordina Simone Ganz, Falcade Veronica Lezuo, Colle Santa Lucia. La voce nella sigla \u00e8 di Giorgia Taio<\/p>\n<p><strong>LA PUNTATA DI OGGI, 10\u00a0 SETTEMBRE 2025<\/strong><\/p>\n<audio class=\"wp-audio-shortcode\" id=\"audio-469033-2\" preload=\"none\" style=\"width: 100%;\" controls=\"controls\"><source type=\"audio\/mpeg\" src=\"https:\/\/www.radiopiu.net\/wordpress\/wp-content\/uploads\/2025\/09\/AL4-1.mp3?_=2\" \/><a href=\"https:\/\/www.radiopiu.net\/wordpress\/wp-content\/uploads\/2025\/09\/AL4-1.mp3\">https:\/\/www.radiopiu.net\/wordpress\/wp-content\/uploads\/2025\/09\/AL4-1.mp3<\/a><\/audio>\n<p>&nbsp;<\/p>\n<p>&nbsp;<\/p>\n<\/div>\n<p>&nbsp;<\/p>\n<hr \/>\n<p>&nbsp;<\/p>\n<p>&nbsp;<\/p>\n<div class=\"x11i5rnm xat24cr x1mh8g0r x1vvkbs xtlvy1s x126k92a\">\n<div dir=\"auto\">\n<div dir=\"auto\">\n<p><strong><a class=\"dt-pswp-item\" href=\"https:\/\/www.radiopiu.net\/wordpress\/wp-content\/uploads\/2025\/07\/file-2.jpg\" data-dt-img-description=\"\" data-large_image_width=\"640\" data-large_image_height=\"641\"><img loading=\"lazy\" decoding=\"async\" class=\"wp-image-460616 alignleft\" src=\"https:\/\/www.radiopiu.net\/wordpress\/wp-content\/uploads\/2025\/07\/file-2-300x300.jpg\" alt=\"\" width=\"141\" height=\"141\" srcset=\"https:\/\/www.radiopiu.net\/wordpress\/wp-content\/uploads\/2025\/07\/file-2-300x300.jpg 300w, https:\/\/www.radiopiu.net\/wordpress\/wp-content\/uploads\/2025\/07\/file-2-150x150.jpg 150w, https:\/\/www.radiopiu.net\/wordpress\/wp-content\/uploads\/2025\/07\/file-2.jpg 640w\" sizes=\"auto, (max-width: 141px) 100vw, 141px\" \/><\/a>EL BAL DEL FIOR, DI GIULIANA DA RONCH, 06 SETTEMBRE<\/strong><strong>\u00a02025<\/strong><\/p>\n<\/div>\n<\/div>\n<div dir=\"auto\">\n<div dir=\"auto\">\n<p>&nbsp;<\/p>\n<p>&nbsp;<\/p>\n<p>&nbsp;<\/p>\n<p>&nbsp;<\/p>\n<\/div>\n<\/div>\n<\/div>\n<div class=\"x11i5rnm xat24cr x1mh8g0r x1vvkbs xtlvy1s x126k92a\"><\/div>\n<div class=\"x11i5rnm xat24cr x1mh8g0r x1vvkbs xtlvy1s x126k92a\">\n<div dir=\"auto\">\n<audio class=\"wp-audio-shortcode\" id=\"audio-469033-3\" preload=\"none\" style=\"width: 100%;\" controls=\"controls\"><source type=\"audio\/mpeg\" src=\"https:\/\/www.radiopiu.net\/wordpress\/wp-content\/uploads\/2025\/09\/GGI-1.mp3?_=3\" \/><a href=\"https:\/\/www.radiopiu.net\/wordpress\/wp-content\/uploads\/2025\/09\/GGI-1.mp3\">https:\/\/www.radiopiu.net\/wordpress\/wp-content\/uploads\/2025\/09\/GGI-1.mp3<\/a><\/audio>\n<p>&nbsp;<\/p>\n<p>&nbsp;<\/p>\n<hr \/>\n<\/div>\n<\/div>\n<blockquote>\n<blockquote>\n<h1><span style=\"color: #ff0000;\">\u00a0<\/span><\/h1>\n<h1><span style=\"color: #ff0000;\">I podcast informativi del mattino &#8211; audio &#8211;\u00a0\u00a0<\/span><\/h1>\n<\/blockquote>\n<p><strong><a class=\"dt-pswp-item\" href=\"https:\/\/www.radiopiu.net\/wordpress\/wp-content\/uploads\/2024\/11\/6.jpg\" data-dt-img-description=\"\" data-large_image_width=\"177\" data-large_image_height=\"180\"><img loading=\"lazy\" decoding=\"async\" class=\"size-full wp-image-417911 alignleft\" src=\"https:\/\/www.radiopiu.net\/wordpress\/wp-content\/uploads\/2024\/11\/6.jpg\" alt=\"\" width=\"177\" height=\"180\" \/><\/a>LA RASSEGNA STAMPA NAZIONALE ALLA RADIO, OGNI GIORNO ALLE 5 E ALLE 6 DEL MATTINO <span style=\"color: #0000ff;\">viene pubblicata alle 6.00 <span style=\"color: #ff0000;\">DIRETTA RADIO\u00a0 \u00a0\u00a0<\/span><\/span><\/strong><\/p><\/blockquote>\n<h1><strong>NOTIZIE DELLA NOTTE\u00a0\u00a0<\/strong><\/h1>\n<p data-start=\"0\" data-end=\"40\"><strong data-start=\"0\" data-end=\"38\">ULTIMA ORA \u2013 LE NOTIZIE PRINCIPALI<\/strong><\/p>\n<p data-start=\"42\" data-end=\"1128\"><strong data-start=\"45\" data-end=\"54\">Tokyo<\/strong> \u2013 La Borsa apre in lieve rialzo (+0,07%).<br data-start=\"96\" data-end=\"99\" \/><strong data-start=\"104\" data-end=\"116\">Colorado<\/strong> \u2013 Sparatoria in una scuola: almeno due studenti in gravi condizioni.<br data-start=\"185\" data-end=\"188\" \/><strong data-start=\"193\" data-end=\"200\">Usa<\/strong> \u2013 Caso Kirk: l\u2019Fbi rilascia la persona arrestata per l\u2019omicidio, mentre in Utah resta in custodia un\u2019altra persona di interesse. Intanto l\u2019America piange Charlie Kirk, la voce Maga tra i giovani, ucciso ieri sera.<br data-start=\"414\" data-end=\"417\" \/><strong data-start=\"422\" data-end=\"432\">Italia<\/strong> \u2013 Ponte sullo Stretto: il Mit chiarisce, ora la parola passa alla Corte dei Conti.<br data-start=\"515\" data-end=\"518\" \/>\ufe0f <strong data-start=\"522\" data-end=\"534\">Economia<\/strong> \u2013 Petrolio in rialzo a New York: chiusura a 63,71 dollari al barile. Larry Ellison supera Elon Musk: \u00e8 l\u2019uomo pi\u00f9 ricco del mondo.<br data-start=\"665\" data-end=\"668\" \/><strong data-start=\"673\" data-end=\"684\">Francia<\/strong> \u2013 Parigi in fiamme: incendiato un ristorante, fumogeni contro i manifestanti, tensioni e arresti. Appelli sui social al saccheggio.<br data-start=\"816\" data-end=\"819\" \/><strong data-start=\"824\" data-end=\"835\">Abruzzo<\/strong> \u2013 Padre cinquantenne arrestato per abusi sul figlio 17enne.<br data-start=\"895\" data-end=\"898\" \/><strong data-start=\"903\" data-end=\"912\">Prato<\/strong> \u2013 Bufera in Fratelli d\u2019Italia: due indagati per revenge porn contro il consigliere Cocci, che si ritira.<br data-start=\"1017\" data-end=\"1020\" \/><strong data-start=\"1025\" data-end=\"1037\">Garlasco<\/strong> \u2013 Nuovi sviluppi sul caso Chiara Poggi: trovate otto impronte su cereali e spazzatura. \u2014<\/p>\n<h1>IL GIORNALE DELLE SEI DEL MATTINO<\/h1>\n<audio class=\"wp-audio-shortcode\" id=\"audio-469033-4\" preload=\"none\" style=\"width: 100%;\" controls=\"controls\"><source type=\"audio\/mpeg\" src=\"https:\/\/www.radiopiu.net\/wordpress\/wp-content\/uploads\/2025\/09\/GIORNALEDELLESEI-10.mp3?_=4\" \/><a href=\"https:\/\/www.radiopiu.net\/wordpress\/wp-content\/uploads\/2025\/09\/GIORNALEDELLESEI-10.mp3\">https:\/\/www.radiopiu.net\/wordpress\/wp-content\/uploads\/2025\/09\/GIORNALEDELLESEI-10.mp3<\/a><\/audio>\n<p>&nbsp;<\/p>\n<p>&nbsp;<\/p>\n<p>&nbsp;<\/p>\n<p>&nbsp;<\/p>\n<hr \/>\n<p>&nbsp;<\/p>\n<h1 style=\"text-align: center;\"><span style=\"color: #ff0000;\"><a class=\"dt-pswp-item\" href=\"https:\/\/www.radiopiu.net\/wordpress\/wp-content\/uploads\/2024\/11\/7.jpg\" data-dt-img-description=\"\" data-large_image_width=\"180\" data-large_image_height=\"180\"><img loading=\"lazy\" decoding=\"async\" class=\"size-full wp-image-417912 alignleft\" src=\"https:\/\/www.radiopiu.net\/wordpress\/wp-content\/uploads\/2024\/11\/7.jpg\" alt=\"\" width=\"180\" height=\"180\" srcset=\"https:\/\/www.radiopiu.net\/wordpress\/wp-content\/uploads\/2024\/11\/7.jpg 180w, https:\/\/www.radiopiu.net\/wordpress\/wp-content\/uploads\/2024\/11\/7-150x150.jpg 150w\" sizes=\"auto, (max-width: 180px) 100vw, 180px\" \/><\/a>I podcast informativi del mattino &#8211; audio &#8211;\u00a0<\/span><\/h1>\n<p><strong>OGNI GIORNO ALLE SETTE DEL MATTINO, LA RASSEGNA STAMPA LOCALE FLASH&#8230; PER CHI VA IN FRETTA. I TITOLI DAI GIORNALI E DAL SITO WWW.RADIOPIU.NET <span style=\"color: #0000ff;\">viene pubblicato alle 7.00<\/span> <span style=\"color: #ff0000;\">DIRETTA RADIO\u00a0<\/span><\/strong><\/p>\n<p><em><span style=\"color: #ff0000;\">per chi va in fretta&#8230; tante notizie in pochi minuti. L&#8217;informazione locale alla radio, ogni ora dalle 7 del mattino alle 19 della sera.\u00a0\u00a0<\/span><\/em><\/p>\n<p><strong data-start=\"0\" data-end=\"62\">Notizie locali dal Bellunese: tra cronaca, eventi e novit\u00e0<\/strong><\/p>\n<p>&nbsp;<\/p>\n<div class=\"flex flex-1 grow basis-auto flex-col overflow-hidden\">\n<div class=\"relative h-full\">\n<div class=\"flex h-full flex-col overflow-y-auto [scrollbar-gutter:stable]\">\n<div class=\"mt-1.5 flex flex-col text-sm @thread-xl\/thread:pt-header-height md:pb-9\">\n<article class=\"group\/turn w-full text-token-text-primary focus-visible:outline-none\" dir=\"auto\" tabindex=\"-1\" data-testid=\"conversation-turn-2\" data-scroll-anchor=\"true\">\n<div class=\"text-base my-auto mx-auto py-5 px-6\">\n<div class=\"mx-auto flex flex-1 text-base gap-4 md:gap-5 lg:gap-6 md:max-w-3xl\">\n<div class=\"group\/conversation-turn relative flex w-full min-w-0 flex-col agent-turn @xs\/thread:px-0 @sm\/thread:px-1.5 @md\/thread:px-4\">\n<div class=\"relative flex-col gap-1 md:gap-3\">\n<div class=\"flex max-w-full flex-col flex-grow\">\n<div class=\"min-h-8 text-message relative flex w-full flex-col items-end gap-2 whitespace-normal break-words text-start [.text-message+&amp;]:mt-5\" dir=\"auto\" data-message-author-role=\"assistant\" data-message-id=\"bff05fc0-dc7c-4ab7-9b20-d3eec753127b\" data-message-model-slug=\"gpt-4o-mini\">\n<div class=\"flex w-full flex-col gap-1 empty:hidden first:pt-[3px]\">\n<div class=\"markdown prose w-full break-words dark:prose-invert dark\">\n<p class=\"\" data-start=\"64\" data-end=\"329\"><em><strong>Radio Pi\u00f9 offre una panoramica sui principali eventi e notizie in provincia di Belluno, accompagnata dalla programmazione radiofonica. Tra le principali notizie<\/strong><\/em><\/p>\n<\/div>\n<\/div>\n<\/div>\n<\/div>\n<\/div>\n<\/div>\n<\/div>\n<\/div>\n<\/article>\n<\/div>\n<\/div>\n<\/div>\n<\/div>\n<h1>AUDIO dalle 7 del mattino<\/h1>\n<audio class=\"wp-audio-shortcode\" id=\"audio-469033-5\" preload=\"none\" style=\"width: 100%;\" controls=\"controls\"><source type=\"audio\/mpeg\" src=\"https:\/\/www.radiopiu.net\/wordpress\/wp-content\/uploads\/2025\/09\/GF07-9.mp3?_=5\" \/><a href=\"https:\/\/www.radiopiu.net\/wordpress\/wp-content\/uploads\/2025\/09\/GF07-9.mp3\">https:\/\/www.radiopiu.net\/wordpress\/wp-content\/uploads\/2025\/09\/GF07-9.mp3<\/a><\/audio>\n<p>&nbsp;<\/p>\n<hr \/>\n<p>&nbsp;<\/p>\n<h1><\/h1>\n<h1 style=\"text-align: center;\"><span style=\"color: #ff0000;\"><a class=\"dt-pswp-item\" href=\"https:\/\/www.radiopiu.net\/wordpress\/wp-content\/uploads\/2024\/11\/th.jpg\" data-dt-img-description=\"\" data-large_image_width=\"148\" data-large_image_height=\"179\"><img loading=\"lazy\" decoding=\"async\" class=\" wp-image-417913 alignleft\" src=\"https:\/\/www.radiopiu.net\/wordpress\/wp-content\/uploads\/2024\/11\/th.jpg\" alt=\"\" width=\"66\" height=\"80\" \/><\/a>I podcast informativi del mattino &#8211; audio &#8211;\u00a0<\/span><\/h1>\n<blockquote><p><strong>GIORNALE RADIO NAZIONALE, EDIZIONE DELLE SETTE <span style=\"color: #0000ff;\">viene pubblicato alle 7.05 <span style=\"color: #ff0000;\">DIRETTA RADIO\u00a0<\/span><\/span><\/strong><\/p><\/blockquote>\n<p><strong>il giornale radionazionale e&#8217; in onda ogni ora, dalle sette del mattino alle venti della sera\u00a0 \u00a0\u00a0<\/strong><\/p>\n<blockquote>\n<h2><em><a class=\"dt-pswp-item\" href=\"https:\/\/www.radiopiu.net\/wordpress\/wp-content\/uploads\/2025\/02\/download-7.jpg\" data-dt-img-description=\"\" data-large_image_width=\"211\" data-large_image_height=\"239\"><img loading=\"lazy\" decoding=\"async\" class=\" wp-image-435553 alignleft\" src=\"https:\/\/www.radiopiu.net\/wordpress\/wp-content\/uploads\/2025\/02\/download-7.jpg\" alt=\"\" width=\"186\" height=\"211\" \/><\/a><span style=\"color: #ff0000;\">RADIOPI\u00d9<\/span> \u2013 La voce del territorio, lo sguardo sul Paese.\u00a0<\/em><\/h2>\n<\/blockquote>\n<div class=\"flex basis-auto flex-col -mb-(--composer-overlap-px) [--composer-overlap-px:55px] grow overflow-hidden\">\n<div class=\"relative h-full\">\n<div class=\"flex h-full flex-col overflow-y-auto [scrollbar-gutter:stable_both-edges] @[84rem]\/thread:pt-(--header-height)\">\n<div class=\"@thread-xl\/thread:pt-header-height flex flex-col text-sm pb-25\">\n<article class=\"text-token-text-primary w-full focus:outline-none scroll-mt-[calc(var(--header-height)+min(200px,max(70px,20svh)))]\" dir=\"auto\" tabindex=\"-1\" data-testid=\"conversation-turn-68\" data-scroll-anchor=\"true\" data-turn=\"assistant\">\n<div class=\"text-base my-auto mx-auto pb-10 [--thread-content-margin:--spacing(4)] @[37rem]:[--thread-content-margin:--spacing(6)] @[72rem]:[--thread-content-margin:--spacing(16)] px-(--thread-content-margin)\">\n<div class=\"[--thread-content-max-width:32rem] @[34rem]:[--thread-content-max-width:40rem] @[64rem]:[--thread-content-max-width:48rem] mx-auto max-w-(--thread-content-max-width) flex-1 group\/turn-messages focus-visible:outline-hidden relative flex w-full min-w-0 flex-col agent-turn\" tabindex=\"-1\">\n<div class=\"flex max-w-full flex-col grow\">\n<div class=\"min-h-8 text-message relative flex w-full flex-col items-end gap-2 text-start break-words whitespace-normal [.text-message+&amp;]:mt-5\" dir=\"auto\" data-message-author-role=\"assistant\" data-message-id=\"44b2bab2-310d-4a9e-8ff2-f21a32a7d5b3\" data-message-model-slug=\"gpt-4-1-mini\">\n<div class=\"flex w-full flex-col gap-1 empty:hidden first:pt-[3px]\">\n<div class=\"markdown prose dark:prose-invert w-full break-words dark\">\n<div class=\"pointer-events-none h-px w-px\" aria-hidden=\"true\" data-edge=\"true\">\n<p data-start=\"42\" data-end=\"214\"><strong data-start=\"47\" data-end=\"57\">Milano<\/strong> \u2013 Fermo per il giovane accusato di aver stuprato una 18enne vicino alla stazione di San Zenone al Lambro. L\u2019uomo sarebbe stato individuato tramite il DNA.<\/p>\n<p data-start=\"216\" data-end=\"339\">\ufe0f <strong data-start=\"220\" data-end=\"232\">Maltempo<\/strong> \u2013 Nubifragio sull\u2019Elba con danni in Veneto. Colpite anche Lombardia e Friuli. Scuole chiuse in Campania.<\/p>\n<p data-start=\"341\" data-end=\"509\"><strong data-start=\"346\" data-end=\"357\">Abruzzo<\/strong> \u2013 Padre cinquantenne finisce in carcere per abusi sessuali sul figlio 17enne a Capistrello, mentre nega le accuse e punta il dito contro l\u2019ex moglie.<\/p>\n<p data-start=\"511\" data-end=\"683\"><strong data-start=\"516\" data-end=\"528\">Calabria<\/strong> \u2013 Tre esponenti di Forza Nuova arrestati per propaganda, violenza e istigazione a delinquere con motivi di discriminazione razziale, etnica e religiosa.<\/p>\n<p data-start=\"685\" data-end=\"791\"><strong data-start=\"690\" data-end=\"701\">Sanremo<\/strong> \u2013 Disabile picchiato dal branco fuori da un locale: due arresti, 45 giorni di prognosi.<\/p>\n<p data-start=\"793\" data-end=\"928\">\u2696\ufe0f <strong data-start=\"796\" data-end=\"807\">Messina<\/strong> \u2013 I legali dei familiari di Sara Campanella denunciano la madre del femminicida per favoreggiamento e concorso morale.<\/p>\n<p data-start=\"930\" data-end=\"1044\"><strong data-start=\"935\" data-end=\"947\">Garlasco<\/strong> \u2013 Nuove otto impronte trovate su cereali e spazzatura nel caso Chiara Poggi; dati da valutare.<\/p>\n<p data-start=\"1046\" data-end=\"1177\">\u00a0<strong data-start=\"1049\" data-end=\"1062\">Roma\/Vibo<\/strong> \u2013 Muore il bambino rimasto schiacciato da una trave in un parco giochi; due interventi medici risultati inutili.<\/p>\n<\/div>\n<div aria-hidden=\"true\" data-edge=\"true\"><\/div>\n<\/div>\n<\/div>\n<\/div>\n<\/div>\n<\/div>\n<\/div>\n<\/article>\n<\/div>\n<\/div>\n<\/div>\n<\/div>\n<article class=\"text-token-text-primary w-full focus:outline-none scroll-mt-[calc(var(--header-height)+min(200px,max(70px,20svh)))]\" dir=\"auto\" tabindex=\"-1\" data-testid=\"conversation-turn-72\" data-scroll-anchor=\"true\" data-turn=\"assistant\">\n<div class=\"text-base my-auto mx-auto pb-10 [--thread-content-margin:--spacing(4)] @[37rem]:[--thread-content-margin:--spacing(6)] @[72rem]:[--thread-content-margin:--spacing(16)] px-(--thread-content-margin)\">\n<div class=\"[--thread-content-max-width:32rem] @[34rem]:[--thread-content-max-width:40rem] @[64rem]:[--thread-content-max-width:48rem] mx-auto max-w-(--thread-content-max-width) flex-1 group\/turn-messages focus-visible:outline-hidden relative flex w-full min-w-0 flex-col agent-turn\" tabindex=\"-1\">\n<div class=\"flex max-w-full flex-col grow\">\n<div class=\"min-h-8 text-message relative flex w-full flex-col items-end gap-2 text-start break-words whitespace-normal [.text-message+&amp;]:mt-5\" dir=\"auto\" data-message-author-role=\"assistant\" data-message-id=\"6ad35c52-e3d0-4186-88d9-35bb4972681f\" data-message-model-slug=\"gpt-4o\">\n<div class=\"flex w-full flex-col gap-1 empty:hidden first:pt-[3px]\">\n<div class=\"markdown prose dark:prose-invert w-full break-words dark\">\n<article class=\"text-token-text-primary w-full\" dir=\"auto\" data-testid=\"conversation-turn-163\" data-scroll-anchor=\"true\">\n<div class=\"text-base my-auto mx-auto pb-10 [--thread-content-margin:--spacing(4)] @[37rem]:[--thread-content-margin:--spacing(6)] @[72rem]:[--thread-content-margin:--spacing(16)] px-(--thread-content-margin)\">\n<div class=\"[--thread-content-max-width:32rem] @[34rem]:[--thread-content-max-width:40rem] @[64rem]:[--thread-content-max-width:48rem] mx-auto flex max-w-(--thread-content-max-width) flex-1 text-base gap-4 md:gap-5 lg:gap-6 group\/turn-messages focus-visible:outline-hidden\" tabindex=\"-1\">\n<div class=\"group\/conversation-turn relative flex w-full min-w-0 flex-col agent-turn\">\n<div class=\"relative flex-col gap-1 md:gap-3\">\n<div class=\"flex max-w-full flex-col grow\">\n<div class=\"min-h-8 text-message relative flex w-full flex-col items-end gap-2 text-start break-words whitespace-normal [.text-message+&amp;]:mt-5\" dir=\"auto\" data-message-author-role=\"assistant\" data-message-id=\"efdea043-c36a-42e6-8e01-aec593793ec1\" data-message-model-slug=\"gpt-4o\">\n<div class=\"flex w-full flex-col gap-1 empty:hidden first:pt-[3px]\">\n<div class=\"markdown prose dark:prose-invert w-full break-words dark\">\n<article class=\"text-token-text-primary w-full focus:outline-none scroll-mt-[calc(var(--header-height)+min(200px,max(70px,20svh)))]\" dir=\"auto\" tabindex=\"-1\" data-testid=\"conversation-turn-162\" data-scroll-anchor=\"true\" data-turn=\"assistant\">\n<div class=\"text-base my-auto mx-auto pb-10 [--thread-content-margin:--spacing(4)] @[37rem]:[--thread-content-margin:--spacing(6)] @[72rem]:[--thread-content-margin:--spacing(16)] px-(--thread-content-margin)\">\n<div class=\"[--thread-content-max-width:32rem] @[34rem]:[--thread-content-max-width:40rem] @[64rem]:[--thread-content-max-width:48rem] mx-auto max-w-(--thread-content-max-width) flex-1 group\/turn-messages focus-visible:outline-hidden relative flex w-full min-w-0 flex-col agent-turn\" tabindex=\"-1\">\n<div class=\"flex max-w-full flex-col grow\">\n<div class=\"min-h-8 text-message relative flex w-full flex-col items-end gap-2 text-start break-words whitespace-normal [.text-message+&amp;]:mt-5\" dir=\"auto\" data-message-author-role=\"assistant\" data-message-id=\"842efa5e-0b6b-4c68-b1eb-9dd894bae6c3\" data-message-model-slug=\"gpt-4o\">\n<div class=\"flex w-full flex-col gap-1 empty:hidden first:pt-[3px]\">\n<div class=\"markdown prose dark:prose-invert w-full break-words dark\">\n<div class=\"flex basis-auto flex-col -mb-(--composer-overlap-px) [--composer-overlap-px:55px] grow overflow-hidden\">\n<div class=\"relative h-full\">\n<div class=\"flex h-full flex-col overflow-y-auto [scrollbar-gutter:stable_both-edges] @[84rem]\/thread:pt-(--header-height)\">\n<div class=\"@thread-xl\/thread:pt-header-height flex flex-col text-sm pb-25\">\n<article class=\"text-token-text-primary w-full focus:outline-none scroll-mt-[calc(var(--header-height)+min(200px,max(70px,20svh)))]\" dir=\"auto\" tabindex=\"-1\" data-testid=\"conversation-turn-18\" data-scroll-anchor=\"true\" data-turn=\"assistant\">\n<div class=\"text-base my-auto mx-auto pb-10 [--thread-content-margin:--spacing(4)] @[37rem]:[--thread-content-margin:--spacing(6)] @[72rem]:[--thread-content-margin:--spacing(16)] px-(--thread-content-margin)\">\n<div class=\"[--thread-content-max-width:32rem] @[34rem]:[--thread-content-max-width:40rem] @[64rem]:[--thread-content-max-width:48rem] mx-auto max-w-(--thread-content-max-width) flex-1 group\/turn-messages focus-visible:outline-hidden relative flex w-full min-w-0 flex-col agent-turn\" tabindex=\"-1\">\n<div class=\"flex max-w-full flex-col grow\">\n<div class=\"min-h-8 text-message relative flex w-full flex-col items-end gap-2 text-start break-words whitespace-normal [.text-message+&amp;]:mt-5\" dir=\"auto\" data-message-author-role=\"assistant\" data-message-id=\"10a6d749-a0ed-478c-a66e-5f27b47e163c\" data-message-model-slug=\"gpt-5\">\n<div class=\"flex w-full flex-col gap-1 empty:hidden first:pt-[3px]\">\n<div class=\"markdown prose dark:prose-invert w-full break-words dark\">\n<hr data-start=\"1055\" data-end=\"1058\" \/>\n<\/div>\n<\/div>\n<\/div>\n<\/div>\n<\/div>\n<\/div>\n<\/article>\n<\/div>\n<\/div>\n<\/div>\n<\/div>\n<div id=\"thread-bottom-container\" class=\"content-fade relative isolate z-10 w-full basis-auto has-data-has-thread-error:pt-2 has-data-has-thread-error:[box-shadow:var(--sharp-edge-bottom-shadow)] md:border-transparent md:pt-0 dark:border-white\/20 md:dark:border-transparent flex flex-col\">\n<div id=\"thread-bottom\">\n<div class=\"text-base mx-auto [--thread-content-margin:--spacing(4)] @[37rem]:[--thread-content-margin:--spacing(6)] @[72rem]:[--thread-content-margin:--spacing(16)] px-(--thread-content-margin)\">\n<div class=\"[--thread-content-max-width:32rem] @[34rem]:[--thread-content-max-width:40rem] @[64rem]:[--thread-content-max-width:48rem] mx-auto max-w-(--thread-content-max-width) flex-1\">\n<div class=\"max-xs:[--force-hide-label:none] relative z-1 flex h-full max-w-full flex-1 flex-col\">\n<form class=\"w-full [view-transition-name:var(--vt-composer)]\" data-type=\"unified-composer\">\n<div class=\"bg-token-bg-primary shadow-short flex w-full cursor-text flex-col items-center justify-center overflow-clip bg-clip-padding contain-inline-size dark:bg-[#303030] rounded-[28px]\">\n<div class=\"relative flex min-h-14 w-full items-end\">\n<div class=\"relative flex w-full flex-auto flex-col\">\n<div class=\"relative mx-5 flex min-h-14 flex-auto bg-transparent items-start\">\n<div class=\"_prosemirror-parent_276o5_2 text-token-text-primary max-h-[25dvh] max-h-52 flex-1 overflow-auto [scrollbar-width:thin] default-browser vertical-scroll-fade-mask\">\n<div id=\"prompt-textarea\" class=\"ProseMirror\" contenteditable=\"true\" translate=\"no\" data-virtualkeyboard=\"true\"><\/div>\n<\/div>\n<\/div>\n<\/div>\n<\/div>\n<\/div>\n<\/form>\n<\/div>\n<\/div>\n<\/div>\n<\/div>\n<\/div>\n<\/div>\n<\/div>\n<\/div>\n<\/div>\n<\/div>\n<\/div>\n<\/article>\n<\/div>\n<\/div>\n<\/div>\n<\/div>\n<\/div>\n<\/div>\n<\/div>\n<\/div>\n<\/article>\n<\/div>\n<\/div>\n<\/div>\n<\/div>\n<\/div>\n<\/div>\n<\/article>\n<article class=\"text-token-text-primary w-full focus:outline-none scroll-mt-[calc(var(--header-height)+min(200px,max(70px,20svh)))]\" dir=\"auto\" tabindex=\"-1\" data-testid=\"conversation-turn-72\" data-scroll-anchor=\"true\" data-turn=\"assistant\">\n<div class=\"text-base my-auto mx-auto pb-10 [--thread-content-margin:--spacing(4)] @[37rem]:[--thread-content-margin:--spacing(6)] @[72rem]:[--thread-content-margin:--spacing(16)] px-(--thread-content-margin)\">\n<div class=\"[--thread-content-max-width:32rem] @[34rem]:[--thread-content-max-width:40rem] @[64rem]:[--thread-content-max-width:48rem] mx-auto max-w-(--thread-content-max-width) flex-1 group\/turn-messages focus-visible:outline-hidden relative flex w-full min-w-0 flex-col agent-turn\" tabindex=\"-1\">\n<div class=\"flex max-w-full flex-col grow\">\n<div class=\"min-h-8 text-message relative flex w-full flex-col items-end gap-2 text-start break-words whitespace-normal [.text-message+&amp;]:mt-5\" dir=\"auto\" data-message-author-role=\"assistant\" data-message-id=\"6ad35c52-e3d0-4186-88d9-35bb4972681f\" data-message-model-slug=\"gpt-4o\">\n<div class=\"flex w-full flex-col gap-1 empty:hidden first:pt-[3px]\">\n<div class=\"markdown prose dark:prose-invert w-full break-words dark\">\n<article class=\"text-token-text-primary w-full\" dir=\"auto\" data-testid=\"conversation-turn-163\" data-scroll-anchor=\"true\">\n<div class=\"text-base my-auto mx-auto pb-10 [--thread-content-margin:--spacing(4)] @[37rem]:[--thread-content-margin:--spacing(6)] @[72rem]:[--thread-content-margin:--spacing(16)] px-(--thread-content-margin)\">\n<div class=\"[--thread-content-max-width:32rem] @[34rem]:[--thread-content-max-width:40rem] @[64rem]:[--thread-content-max-width:48rem] mx-auto flex max-w-(--thread-content-max-width) flex-1 text-base gap-4 md:gap-5 lg:gap-6 group\/turn-messages focus-visible:outline-hidden\" tabindex=\"-1\">\n<div class=\"group\/conversation-turn relative flex w-full min-w-0 flex-col agent-turn\">\n<div class=\"flex items-center justify-center\"><\/div>\n<\/div>\n<\/div>\n<\/div>\n<\/article>\n<\/div>\n<\/div>\n<\/div>\n<\/div>\n<\/div>\n<\/div>\n<\/article>\n<blockquote>\n<h2><span style=\"color: #ff0000;\"><strong><a class=\"dt-pswp-item\" href=\"https:\/\/www.radiopiu.net\/wordpress\/wp-content\/uploads\/2025\/02\/download-3.jpg\" data-dt-img-description=\"\" data-large_image_width=\"223\" data-large_image_height=\"226\"><img loading=\"lazy\" decoding=\"async\" class=\"size-full wp-image-434732 alignleft\" src=\"https:\/\/www.radiopiu.net\/wordpress\/wp-content\/uploads\/2025\/02\/download-3.jpg\" alt=\"\" width=\"223\" height=\"226\" \/><\/a><\/strong>RADIOPI\u00d9<\/span> \u2013 Dalle Dolomiti alla pianura, i fatti che segnano la Regione.<\/h2>\n<\/blockquote>\n<article class=\"text-token-text-primary w-full focus:outline-none scroll-mt-[calc(var(--header-height)+min(200px,max(70px,20svh)))]\" dir=\"auto\" tabindex=\"-1\" data-testid=\"conversation-turn-112\" data-scroll-anchor=\"true\" data-turn=\"assistant\">\n<div class=\"text-base my-auto mx-auto pb-10 [--thread-content-margin:--spacing(4)] @[37rem]:[--thread-content-margin:--spacing(6)] @[72rem]:[--thread-content-margin:--spacing(16)] px-(--thread-content-margin)\">\n<div class=\"[--thread-content-max-width:32rem] @[34rem]:[--thread-content-max-width:40rem] @[64rem]:[--thread-content-max-width:48rem] mx-auto max-w-(--thread-content-max-width) flex-1 group\/turn-messages focus-visible:outline-hidden relative flex w-full min-w-0 flex-col agent-turn\" tabindex=\"-1\">\n<div class=\"flex max-w-full flex-col grow\">\n<div class=\"min-h-8 text-message relative flex w-full flex-col items-end gap-2 text-start break-words whitespace-normal [.text-message+&amp;]:mt-5\" dir=\"auto\" data-message-author-role=\"assistant\" data-message-id=\"74820017-8765-4ccc-b0c7-da916c45f87f\" data-message-model-slug=\"gpt-5\">\n<div class=\"flex w-full flex-col gap-1 empty:hidden first:pt-[3px]\">\n<div class=\"markdown prose dark:prose-invert w-full break-words dark\">\n<p data-start=\"31\" data-end=\"335\">\ufe0f <strong data-start=\"35\" data-end=\"70\">Montecchio Precalcino (Vicenza)<\/strong> \u2013 Ritrovato il corpo senza vita di un uomo di 55 anni in un\u2019abitazione. Presentava un\u2019ampia ferita da arma da fuoco al torace e plurime ferite da taglio. A chiamare i soccorsi \u00e8 stato il figlio. Sul posto stanno operando i carabinieri per ricostruire l\u2019accaduto.<\/p>\n<p data-start=\"337\" data-end=\"628\"><strong data-start=\"340\" data-end=\"362\">Chioggia (Venezia)<\/strong> \u2013 Grave incidente sulla SS309 \u201cRomea\u201d tra un\u2019automobile e un mezzo pesante. Deceduta una persona. La circolazione \u00e8 temporaneamente chiusa in entrambe le direzioni. Sul posto Vigili del Fuoco, Anas e Forze dell\u2019Ordine per i soccorsi e la gestione della viabilit\u00e0.<\/p>\n<p data-start=\"37\" data-end=\"156\"><strong data-start=\"40\" data-end=\"63\">Marina di Cavallino<\/strong> \u2013 Incendio a diverse barche: sul posto i Vigili del Fuoco di Jesolo. Non risultano feriti.<\/p>\n<p data-start=\"37\" data-end=\"156\"><strong>Vicenza<\/strong> Detenuto appicca incendio in cella 2 intossicati. Agenti Polizia penitenziaria intervenuti per domare le fiamme<\/p>\n<p data-start=\"158\" data-end=\"461\">\u200d <strong data-start=\"164\" data-end=\"195\">Meduna di Livenza (Treviso)<\/strong> \u2013 Il sindaco Arnaldo Pitton, 57 anni, dopo la cassa integrazione e la fine del mandato, trova lavoro in una panetteria locale. Dopo 42 anni come responsabile manutenzioni, ora si dedica a pane, pizze e grissini, con un salario molto inferiore a quello precedente.<\/p>\n<p data-start=\"463\" data-end=\"839\">\ufe0f <strong data-start=\"467\" data-end=\"487\">Veneto orientale<\/strong> \u2013 Il presidente Luca Zaia dichiara lo stato di emergenza per San Michele al Tagliamento e le zone costiere colpite dalla bomba d\u2019acqua. A Bibione caduti 245 mm di pioggia. Tecnici regionali e Protezione Civile al lavoro per censire i danni e riportare la situazione alla normalit\u00e0. L\u2019assessore Bottacin e i Vigili del Fuoco monitorano la situazione.<\/p>\n<\/div>\n<p data-start=\"463\" data-end=\"839\"><strong>Padova<\/strong> La &#8216;Palma di Goethe&#8217; a Padova ora ha la sua mappa genomica Studio dell&#8217;Universit\u00e0, ha origini nel Mediterraneo occidentale<\/p>\n<\/div>\n<\/div>\n<\/div>\n<\/div>\n<\/div>\n<\/article>\n<h1><span style=\"color: #ff0000;\"><span style=\"color: #0000ff;\">ULTIM&#8217;ORA<\/span> <span style=\"color: #000000;\">AUDIO dalle sette del mattino, ogni ora alla radio EDIZIONE DELLE SETTE<\/span><\/span><\/h1>\n<audio class=\"wp-audio-shortcode\" id=\"audio-469033-6\" preload=\"none\" style=\"width: 100%;\" controls=\"controls\"><source type=\"audio\/mpeg\" src=\"https:\/\/www.radiopiu.net\/wordpress\/wp-content\/uploads\/2025\/09\/giornale07-9.mp3?_=6\" \/><a href=\"https:\/\/www.radiopiu.net\/wordpress\/wp-content\/uploads\/2025\/09\/giornale07-9.mp3\">https:\/\/www.radiopiu.net\/wordpress\/wp-content\/uploads\/2025\/09\/giornale07-9.mp3<\/a><\/audio>\n<p>&nbsp;<\/p>\n<p>&nbsp;<\/p>\n<hr \/>\n<p>&nbsp;<\/p>\n<h1><span style=\"color: #ff0000;\"><a class=\"dt-pswp-item\" href=\"https:\/\/www.radiopiu.net\/wordpress\/wp-content\/uploads\/2024\/11\/8.jpg\" data-dt-img-description=\"\" data-large_image_width=\"180\" data-large_image_height=\"180\"><img loading=\"lazy\" decoding=\"async\" class=\"size-full wp-image-417910 alignleft\" src=\"https:\/\/www.radiopiu.net\/wordpress\/wp-content\/uploads\/2024\/11\/8.jpg\" alt=\"\" width=\"180\" height=\"180\" srcset=\"https:\/\/www.radiopiu.net\/wordpress\/wp-content\/uploads\/2024\/11\/8.jpg 180w, https:\/\/www.radiopiu.net\/wordpress\/wp-content\/uploads\/2024\/11\/8-150x150.jpg 150w\" sizes=\"auto, (max-width: 180px) 100vw, 180px\" \/><\/a>I podcast informativi del mattino &#8211; video &#8211;\u00a0<\/span><\/h1>\n<h2 style=\"text-align: left;\"><strong>RASSEGNA STAMPA LOCALE, ORE OTTO<\/strong><\/h2>\n<h2><strong> <span style=\"color: #0000ff;\">viene\u00a0 <\/span><\/strong><strong><span style=\"color: #0000ff;\">pubblicata alle 8.05 <span style=\"color: #ff0000;\">DIRETTA RADIO\u00a0 \u00a0<\/span><\/span><\/strong><strong>DI MIRKO MEZZACASA<\/strong><\/h2>\n<h1><span style=\"color: #ff0000;\"><strong>VIDEO\u00a0 \u00a0in diretta AGGIORNAMENTO\u00a0 dalle 8 del mattino\u00a0\u00a0<\/strong><\/span><\/h1>\n<p>&nbsp;<\/p>\n<p>&nbsp;<\/p>\n<div class=\"page-title-head hgroup\">\n\n\t\t\t<style type='text\/css'>\n\t\t\t\t#gallery-2 {\n\t\t\t\t\tmargin: auto;\n\t\t\t\t}\n\t\t\t\t#gallery-2 .gallery-item {\n\t\t\t\t\tfloat: left;\n\t\t\t\t\tmargin-top: 10px;\n\t\t\t\t\ttext-align: center;\n\t\t\t\t\twidth: 25%;\n\t\t\t\t}\n\t\t\t\t#gallery-2 img {\n\t\t\t\t\tborder: 2px solid #cfcfcf;\n\t\t\t\t}\n\t\t\t\t#gallery-2 .gallery-caption {\n\t\t\t\t\tmargin-left: 0;\n\t\t\t\t}\n\t\t\t\t\/* see gallery_shortcode() in wp-includes\/media.php *\/\n\t\t\t<\/style>\n\t\t<div id='gallery-2' class='dt-gallery-container gallery galleryid-469033 gallery-columns-4 gallery-size-thumbnail'><dl class='gallery-item'>\n\t\t\t\t<dt class='gallery-icon landscape'>\n\t\t\t\t\t<a class=\"rollover rollover-zoom dt-pswp-item\" title=\"Screenshot 2025-09-11 054905\" data-dt-img-description=\"\" data-large_image_width=\"383\" data-large_image_height=\"147\"href='https:\/\/www.radiopiu.net\/wordpress\/wp-content\/uploads\/2025\/09\/Screenshot-2025-09-11-054905.png'><img loading=\"lazy\" decoding=\"async\" width=\"150\" height=\"147\" src=\"https:\/\/www.radiopiu.net\/wordpress\/wp-content\/uploads\/2025\/09\/Screenshot-2025-09-11-054905-150x147.png\" class=\"attachment-thumbnail size-thumbnail\" alt=\"\" \/><\/a>\n\t\t\t\t<\/dt><\/dl><dl class='gallery-item'>\n\t\t\t\t<dt class='gallery-icon landscape'>\n\t\t\t\t\t<a class=\"rollover rollover-zoom dt-pswp-item\" title=\"Screenshot 2025-09-11 051834\" data-dt-img-description=\"\" data-large_image_width=\"500\" data-large_image_height=\"272\"href='https:\/\/www.radiopiu.net\/wordpress\/wp-content\/uploads\/2025\/09\/Screenshot-2025-09-11-051834.png'><img loading=\"lazy\" decoding=\"async\" width=\"150\" height=\"150\" src=\"https:\/\/www.radiopiu.net\/wordpress\/wp-content\/uploads\/2025\/09\/Screenshot-2025-09-11-051834-150x150.png\" class=\"attachment-thumbnail size-thumbnail\" alt=\"\" \/><\/a>\n\t\t\t\t<\/dt><\/dl><dl class='gallery-item'>\n\t\t\t\t<dt class='gallery-icon landscape'>\n\t\t\t\t\t<a class=\"rollover rollover-zoom dt-pswp-item\" title=\"Screenshot 2025-09-11 052105\" data-dt-img-description=\"\" data-large_image_width=\"707\" data-large_image_height=\"247\"href='https:\/\/www.radiopiu.net\/wordpress\/wp-content\/uploads\/2025\/09\/Screenshot-2025-09-11-052105.png'><img loading=\"lazy\" decoding=\"async\" width=\"150\" height=\"150\" src=\"https:\/\/www.radiopiu.net\/wordpress\/wp-content\/uploads\/2025\/09\/Screenshot-2025-09-11-052105-150x150.png\" class=\"attachment-thumbnail size-thumbnail\" alt=\"\" \/><\/a>\n\t\t\t\t<\/dt><\/dl><dl class='gallery-item'>\n\t\t\t\t<dt class='gallery-icon landscape'>\n\t\t\t\t\t<a class=\"rollover rollover-zoom dt-pswp-item\" title=\"Screenshot 2025-09-11 051719\" data-dt-img-description=\"\" data-large_image_width=\"714\" data-large_image_height=\"335\"href='https:\/\/www.radiopiu.net\/wordpress\/wp-content\/uploads\/2025\/09\/Screenshot-2025-09-11-051719.png'><img loading=\"lazy\" decoding=\"async\" width=\"150\" height=\"150\" src=\"https:\/\/www.radiopiu.net\/wordpress\/wp-content\/uploads\/2025\/09\/Screenshot-2025-09-11-051719-150x150.png\" class=\"attachment-thumbnail size-thumbnail\" alt=\"\" \/><\/a>\n\t\t\t\t<\/dt><\/dl><br style=\"clear: both\" \/>\n\t\t\t<\/div>\n\n<\/div>\n<div class=\"page-title-breadcrumbs\">\n<p><iframe loading=\"lazy\" title=\"DAL 1983 LA RASSEGNA STAMPA LOCALE di mirko mezzacasa. L&#039;ORIGINALE\" width=\"1200\" height=\"675\" src=\"https:\/\/www.youtube.com\/embed\/oCW9OGCdpJ8?feature=oembed\" frameborder=\"0\" allow=\"accelerometer; autoplay; clipboard-write; encrypted-media; gyroscope; picture-in-picture; web-share\" referrerpolicy=\"strict-origin-when-cross-origin\" allowfullscreen><\/iframe><\/p>\n<\/div>\n<hr \/>\n<p>&nbsp;<\/p>\n<p><strong><a class=\"dt-pswp-item\" href=\"https:\/\/www.radiopiu.net\/wordpress\/wp-content\/uploads\/2023\/12\/ANTENNA.png\" data-dt-img-description=\"\" data-large_image_width=\"300\" data-large_image_height=\"166\"><img loading=\"lazy\" decoding=\"async\" class=\"wp-image-366306 alignright\" src=\"https:\/\/www.radiopiu.net\/wordpress\/wp-content\/uploads\/2023\/12\/ANTENNA.png\" alt=\"\" width=\"101\" height=\"56\" \/><\/a><a class=\"dt-pswp-item\" href=\"https:\/\/www.radiopiu.net\/wordpress\/wp-content\/uploads\/2024\/11\/th-17.jpg\" data-dt-img-description=\"\" data-large_image_width=\"224\" data-large_image_height=\"180\"><img loading=\"lazy\" decoding=\"async\" class=\" wp-image-421610 alignleft\" src=\"https:\/\/www.radiopiu.net\/wordpress\/wp-content\/uploads\/2024\/11\/th-17.jpg\" alt=\"\" width=\"167\" height=\"134\" \/><\/a>ogni sera alle 19 le anticipazioni alla radio, quello che poi seguirete nel TELEGIORNALE BELLUNESE\u00a0 in onda alle 19.30 sul CANALE 10 del digitale terrestre.\u00a0\u00a0<\/strong><\/p>\n<p><b>\u00a0\u00a0<\/b><\/p>\n<p>&nbsp;<\/p>\n<p>&nbsp;<\/p>\n<h1>ANTICIPAZIONI, DI FABIO FIORAVANZI<\/h1>\n<audio class=\"wp-audio-shortcode\" id=\"audio-469033-7\" preload=\"none\" style=\"width: 100%;\" controls=\"controls\"><source type=\"audio\/mpeg\" src=\"https:\/\/www.radiopiu.net\/wordpress\/wp-content\/uploads\/2025\/09\/ANTENNA3-8.mp3?_=7\" \/><a href=\"https:\/\/www.radiopiu.net\/wordpress\/wp-content\/uploads\/2025\/09\/ANTENNA3-8.mp3\">https:\/\/www.radiopiu.net\/wordpress\/wp-content\/uploads\/2025\/09\/ANTENNA3-8.mp3<\/a><\/audio>\n<p>&nbsp;<\/p>\n<p>&nbsp;<\/p>\n<hr \/>\n<p>&nbsp;<\/p>\n<h2>CHIUSURE STRADALI, PER LA MANIFESTAZIONE CICLISTICA\u00a0 A PEDALATA LIBERA LUNGO I PASSI ATTORNO AL SELLA<\/h2>\n\n\t\t\t<style type='text\/css'>\n\t\t\t\t#gallery-3 {\n\t\t\t\t\tmargin: auto;\n\t\t\t\t}\n\t\t\t\t#gallery-3 .gallery-item {\n\t\t\t\t\tfloat: left;\n\t\t\t\t\tmargin-top: 10px;\n\t\t\t\t\ttext-align: center;\n\t\t\t\t\twidth: 100%;\n\t\t\t\t}\n\t\t\t\t#gallery-3 img {\n\t\t\t\t\tborder: 2px solid #cfcfcf;\n\t\t\t\t}\n\t\t\t\t#gallery-3 .gallery-caption {\n\t\t\t\t\tmargin-left: 0;\n\t\t\t\t}\n\t\t\t\t\/* see gallery_shortcode() in wp-includes\/media.php *\/\n\t\t\t<\/style>\n\t\t<div id='gallery-3' class='dt-gallery-container gallery galleryid-469033 gallery-columns-1 gallery-size-medium'><dl class='gallery-item'>\n\t\t\t\t<dt class='gallery-icon portrait'>\n\t\t\t\t\t<a class=\"rollover rollover-zoom dt-pswp-item\" title=\"6dc0022b-f890-4811-8255-2cbd7d56744f\" data-dt-img-description=\"\" data-large_image_width=\"1536\" data-large_image_height=\"2048\"href='https:\/\/www.radiopiu.net\/wordpress\/wp-content\/uploads\/2025\/09\/6dc0022b-f890-4811-8255-2cbd7d56744f.jpg'><img loading=\"lazy\" decoding=\"async\" width=\"225\" height=\"300\" src=\"https:\/\/www.radiopiu.net\/wordpress\/wp-content\/uploads\/2025\/09\/6dc0022b-f890-4811-8255-2cbd7d56744f-225x300.jpg\" class=\"attachment-medium size-medium\" alt=\"\" srcset=\"https:\/\/www.radiopiu.net\/wordpress\/wp-content\/uploads\/2025\/09\/6dc0022b-f890-4811-8255-2cbd7d56744f-225x300.jpg 225w, https:\/\/www.radiopiu.net\/wordpress\/wp-content\/uploads\/2025\/09\/6dc0022b-f890-4811-8255-2cbd7d56744f-768x1024.jpg 768w, https:\/\/www.radiopiu.net\/wordpress\/wp-content\/uploads\/2025\/09\/6dc0022b-f890-4811-8255-2cbd7d56744f-1152x1536.jpg 1152w, https:\/\/www.radiopiu.net\/wordpress\/wp-content\/uploads\/2025\/09\/6dc0022b-f890-4811-8255-2cbd7d56744f.jpg 1536w\" sizes=\"auto, (max-width: 225px) 100vw, 225px\" \/><\/a>\n\t\t\t\t<\/dt><\/dl><br style=\"clear: both\" \/>\n\t\t\t<\/div>\n\n<p data-start=\"43\" data-end=\"105\"><strong data-start=\"43\" data-end=\"103\">\u00a0<\/strong><\/p>\n<blockquote>\n<p data-start=\"0\" data-end=\"61\"><strong data-start=\"0\" data-end=\"59\">SP 10 CHIUSA PER ASFALTATURA, LAVORI ANCHE SULLA SP 473<\/strong><\/p>\n<\/blockquote>\n<p data-start=\"63\" data-end=\"432\" data-is-last-node=\"\" data-is-only-node=\"\">Ad Alano di Piave proseguono i lavori di asfaltatura sulla Sp 10: chiusura totale al traffico oggi e domani dalle 7 alle 18, dopo i ritardi causati dal maltempo. Da oggi limitazioni anche sulla Sp 473 a Sovramonte: senso unico alternato fino al 31 ottobre per il consolidamento di un muro a valle lungo 100 metri. \u2014<\/p>\n<blockquote>\n<p data-start=\"43\" data-end=\"105\"><strong data-start=\"43\" data-end=\"103\">FALCADE, PERICOLO CADUTA MASSI SUL SENTIERO PER IL MULAZ<\/strong><\/p>\n<\/blockquote>\n<p data-start=\"107\" data-end=\"319\">Allerta sicurezza sul sentiero 710 che dalla Val Venegia porta al Rifugio Mulaz: i gestori segnalano il pericolo di caduta massi e invitano gli escursionisti a non utilizzarlo fino al bivio con il 710A. Per salire o scendere dal Mulaz \u00e8 quindi raccomandato esclusivamente il sentiero 710A, indicato come alternativa sicura.<\/p>\n<p><strong>TAIBON, ACQUA DI NUOVO POTABILE<\/strong><br \/>\nServizi Integrati Bellunesi informa che a TAIBON AGORDINO nelle localit\u00e0 RONCH DE BUOS e NOGAROLA l&#8217;acqua erogata dall&#8217;acquedotto \u00e8 di nuovo potabile e pu\u00f2 essere usata, quindi, per scopi alimentari.<\/p>\n<p>&nbsp;<\/p>\n<hr \/>\n<p>&nbsp;<\/p>\n<blockquote>\n<h2><a class=\"dt-pswp-item\" href=\"https:\/\/www.radiopiu.net\/wordpress\/wp-content\/uploads\/2025\/09\/Screenshot-2025-09-10-133344.png\" data-dt-img-description=\"\" data-large_image_width=\"586\" data-large_image_height=\"439\"><img loading=\"lazy\" decoding=\"async\" class=\" wp-image-469060 alignleft\" src=\"https:\/\/www.radiopiu.net\/wordpress\/wp-content\/uploads\/2025\/09\/Screenshot-2025-09-10-133344-300x225.png\" alt=\"\" width=\"229\" height=\"172\" srcset=\"https:\/\/www.radiopiu.net\/wordpress\/wp-content\/uploads\/2025\/09\/Screenshot-2025-09-10-133344-300x225.png 300w, https:\/\/www.radiopiu.net\/wordpress\/wp-content\/uploads\/2025\/09\/Screenshot-2025-09-10-133344.png 586w\" sizes=\"auto, (max-width: 229px) 100vw, 229px\" \/><\/a>DEGRADO E IRRISPETTO SULLA MESOLINA: IL TURISMO CHE OFFENDE LA STORIA<\/h2>\n<\/blockquote>\n<p>&nbsp;<\/p>\n<p><strong>di CLAUDIO PRA<\/strong><\/p>\n<p>&nbsp;<\/p>\n<p>Stupenda postazione risalente alla Prima Guerra Mondiale sotto la Mesolina, presso il Bivacco Bontadini sopra il Rifugio Padon. Usata come latrina. E tutto attorno Fazzoletti di carta e degrado. Ma che bel turismo, ma che cultura, ma che rispetto. Poi ci vengono a dire che bisogna saper accogliere, che la montagna \u00e8 di tutti, che l&#8217;arrivo di 2 milioni di persone per le Olimpiadi \u00e8 cosa buona, che tutti ci guadagneremo dal saccheggio delle nostre montagne. Se non ti allinei ti danno del pessimista e &#8220;i pessimisti non fanno fortuna&#8221;&#8230;<\/p>\n<p>&nbsp;<\/p>\n<blockquote>\n<h2 class=\"_title post-title entry-title\">BELLUNO | TURISMO SOSTENIBILE E TURISTI DA EDUCARE<\/h2>\n<\/blockquote>\n<p class=\"_title post-title entry-title\">\u2013 Intervistati ENNIO VIGNE (PRESIDENTE PARCO DOLOMITI BELLUNESI), MARCO BUSSONE (PRESIDENTE UNCEM) (Servizio di\u00a0<a href=\"https:\/\/antennatre.medianordest.it\/redazione\/Fabio-Fioravanzi\/\">Fabio Fioravanzi<\/a>)<\/p>\n<p><iframe loading=\"lazy\" title=\"TURISMO SOSTENIBILE E TURISTI DA EDUCARE | 10\/09\/2025\" width=\"1200\" height=\"675\" src=\"https:\/\/www.youtube.com\/embed\/v6j-tY9sliA?feature=oembed\" frameborder=\"0\" allow=\"accelerometer; autoplay; clipboard-write; encrypted-media; gyroscope; picture-in-picture; web-share\" referrerpolicy=\"strict-origin-when-cross-origin\" allowfullscreen><\/iframe><\/p>\n<hr \/>\n<p>&nbsp;<\/p>\n<blockquote>\n<h2>LEGGE SULLA MONTAGNA APPROVATA IN SENATO: DE CARLO, \u201cUNA SVOLTA PER LE TERRE ALTE\u201d<\/h2>\n<\/blockquote>\n<p><strong><img loading=\"lazy\" decoding=\"async\" class=\"alignleft\" src=\"https:\/\/www.radiopiu.net\/wordpress\/wp-content\/uploads\/2019\/03\/DE-CARLO-300x300.jpg\" width=\"152\" height=\"152\" \/>ROMA<\/strong><\/p>\n<p data-start=\"90\" data-end=\"358\">Via libera in Senato alla nuova Legge sulla Montagna. Grande soddisfazione per il senatore bellunese Luca De Carlo (Fratelli d\u2019Italia), presidente della IX Commissione Industria e Turismo, che parla di \u201cuna montagna di impegno\u201d finalmente tradotta in fatti concreti.<\/p>\n<p data-start=\"360\" data-end=\"843\">Il provvedimento stanzia quasi 200 milioni di euro l\u2019anno e punta a rafforzare i servizi essenziali (sanit\u00e0, scuola, giustizia), le infrastrutture e la banda larga, oltre a sostenere l\u2019agricoltura e la tutela di boschi, pascoli e risorse idriche. Previsti incentivi per medici, insegnanti e nuove professioni legate alla montagna, agevolazioni fiscali per le imprese giovanili, misure per il lavoro agile e sostegni per la natalit\u00e0 e l\u2019acquisto della prima casa nei comuni montani.<\/p>\n<blockquote>\n<p data-start=\"845\" data-end=\"1017\" data-is-last-node=\"\" data-is-only-node=\"\"><em>\u201cNon pi\u00f9 periferia, ma priorit\u00e0 \u2013 sottolinea De Carlo \u2013. Questa legge \u00e8 uno strumento formidabile per garantire futuro e lavoro a chi sceglie di vivere nelle terre alte\u201d.<\/em><\/p>\n<\/blockquote>\n<p>&nbsp;<\/p>\n<blockquote>\n<p data-start=\"0\" data-end=\"72\"><strong data-start=\"0\" data-end=\"70\">CONFARTIGIANATO BELLUNO: SODDISFAZIONE PER LA LEGGE SULLA MONTAGNA<\/strong><\/p>\n<\/blockquote>\n<p data-start=\"74\" data-end=\"625\" data-is-last-node=\"\" data-is-only-node=\"\"><strong>BELLUNO<\/strong> Confartigianato Imprese Belluno accoglie con favore l\u2019approvazione del ddl Montagna in Senato.<br data-start=\"168\" data-end=\"171\" \/>Il direttore Michele Basso sottolinea l\u2019importanza degli incentivi per i giovani imprenditori, l\u2019acquisto della prima casa e le misure per medici e insegnanti.<br data-start=\"330\" data-end=\"333\" \/>La presidente Claudia Scarzanella evidenzia invece l\u2019attenzione dedicata alle problematiche delle terre alte, trasformando i limiti in opportunit\u00e0 per trattenere giovani, famiglie e imprese. Una legge che, secondo Confartigianato, potr\u00e0 rafforzare lo sviluppo e contrastare lo spopolamento.<\/p>\n<blockquote>\n<h3><a class=\"dt-pswp-item\" href=\"https:\/\/www.radiopiu.net\/wordpress\/wp-content\/uploads\/2023\/04\/ANDREA-DB.png\" data-dt-img-description=\"\" data-large_image_width=\"439\" data-large_image_height=\"319\"><img loading=\"lazy\" decoding=\"async\" class=\"wp-image-331912 alignleft\" src=\"https:\/\/www.radiopiu.net\/wordpress\/wp-content\/uploads\/2023\/04\/ANDREA-DB-300x218.png\" alt=\"\" width=\"162\" height=\"118\" srcset=\"https:\/\/www.radiopiu.net\/wordpress\/wp-content\/uploads\/2023\/04\/ANDREA-DB-300x218.png 300w, https:\/\/www.radiopiu.net\/wordpress\/wp-content\/uploads\/2023\/04\/ANDREA-DB.png 439w\" sizes=\"auto, (max-width: 162px) 100vw, 162px\" \/><\/a>IL SEGRETARIO provinciale DELLA LEGA NORD ANDREA DE BERNARDIN<\/h3>\n<audio class=\"wp-audio-shortcode\" id=\"audio-469033-8\" preload=\"none\" style=\"width: 100%;\" controls=\"controls\"><source type=\"audio\/ogg\" src=\"https:\/\/www.radiopiu.net\/wordpress\/wp-content\/uploads\/2025\/09\/de-bernardin.ogg?_=8\" \/><a href=\"https:\/\/www.radiopiu.net\/wordpress\/wp-content\/uploads\/2025\/09\/de-bernardin.ogg\">https:\/\/www.radiopiu.net\/wordpress\/wp-content\/uploads\/2025\/09\/de-bernardin.ogg<\/a><\/audio><\/blockquote>\n<p>&nbsp;<\/p>\n<blockquote>\n<h3>L&#8217;INTERVENTO DEL MINISTRO CALDEROLI<\/h3>\n<\/blockquote>\n<p><iframe loading=\"lazy\" title=\"WhatsApp Video 2025 09 10 at 20 24 05\" width=\"1200\" height=\"675\" src=\"https:\/\/www.youtube.com\/embed\/Qzr9BXqW1OE?feature=oembed\" frameborder=\"0\" allow=\"accelerometer; autoplay; clipboard-write; encrypted-media; gyroscope; picture-in-picture; web-share\" referrerpolicy=\"strict-origin-when-cross-origin\" allowfullscreen><\/iframe><\/p>\n<p>&nbsp;<\/p>\n<hr \/>\n<p>&nbsp;<\/p>\n<blockquote>\n<h2>BOMBA D\u2019ACQUA SU CAORLE E BIBIONE: \u201c122 MM DI PIOGGIA IN 4 ORE<\/h2>\n<\/blockquote>\n<p>&nbsp;<\/p>\n<p data-start=\"227\" data-end=\"684\"><a class=\"dt-pswp-item\" href=\"https:\/\/www.radiopiu.net\/wordpress\/wp-content\/uploads\/2025\/09\/Screenshot-2025-09-10-110359.png\" data-dt-img-description=\"\" data-large_image_width=\"649\" data-large_image_height=\"318\"><img loading=\"lazy\" decoding=\"async\" class=\"size-medium wp-image-469042 alignleft\" src=\"https:\/\/www.radiopiu.net\/wordpress\/wp-content\/uploads\/2025\/09\/Screenshot-2025-09-10-110359-300x147.png\" alt=\"\" width=\"300\" height=\"147\" srcset=\"https:\/\/www.radiopiu.net\/wordpress\/wp-content\/uploads\/2025\/09\/Screenshot-2025-09-10-110359-300x147.png 300w, https:\/\/www.radiopiu.net\/wordpress\/wp-content\/uploads\/2025\/09\/Screenshot-2025-09-10-110359.png 649w\" sizes=\"auto, (max-width: 300px) 100vw, 300px\" \/><\/a>Un violento acquazzone si \u00e8 abbattuto nella notte tra le 2 e le 6 su San Michele al Tagliamento, Bibione, Porto Santa Margherita e Caorle, dove sono stati registrati 122 millimetri di pioggia in poche ore. Numerose le strade impraticabili e gli allagamenti di propriet\u00e0 private. Vigili del fuoco e volontari della Protezione civile del Veneto sono al lavoro senza sosta, in coordinamento con i tecnici comunali, per riportare la situazione alla normalit\u00e0.<\/p>\n<blockquote>\n<p data-start=\"686\" data-end=\"1116\"><em>\u201cRingrazio tutti gli uomini della nostra protezione civile e dei vigili del fuoco che stanno operando da stanotte \u2013 ha dichiarato il presidente della Regione Luca Zaia \u2013. Il maltempo insister\u00e0 fino a stasera, con una fase pi\u00f9 intensa tra mattina e tardo pomeriggio, soprattutto sulla zona prealpina e sulla pianura nordorientale. I temporali saranno violenti e per le 13.05 in laguna sono previsti 105 centimetri di acqua alta\u201d.<\/em><\/p>\n<\/blockquote>\n<p data-start=\"1118\" data-end=\"1372\">La Protezione civile del Veneto ha dichiarato criticit\u00e0 gialla fino alle 20 per i fenomeni temporaleschi intensi. Zaia ha quindi rinnovato l\u2019appello ai cittadini, soprattutto a chi risiede nelle aree pi\u00f9 a rischio, a prestare la massima attenzione.<\/p>\n<p data-start=\"1118\" data-end=\"1372\"><a class=\"dt-pswp-item\" href=\"https:\/\/www.radiopiu.net\/wordpress\/wp-content\/uploads\/2025\/09\/Screenshot-2025-09-11-053052.png\" data-dt-img-description=\"\" data-large_image_width=\"402\" data-large_image_height=\"51\"><img loading=\"lazy\" decoding=\"async\" class=\"size-medium wp-image-469133 aligncenter\" src=\"https:\/\/www.radiopiu.net\/wordpress\/wp-content\/uploads\/2025\/09\/Screenshot-2025-09-11-053052-300x38.png\" alt=\"\" width=\"300\" height=\"38\" srcset=\"https:\/\/www.radiopiu.net\/wordpress\/wp-content\/uploads\/2025\/09\/Screenshot-2025-09-11-053052-300x38.png 300w, https:\/\/www.radiopiu.net\/wordpress\/wp-content\/uploads\/2025\/09\/Screenshot-2025-09-11-053052.png 402w\" sizes=\"auto, (max-width: 300px) 100vw, 300px\" \/><\/a><\/p>\n<p align=\"JUSTIFY\"><span style=\"color: #1f3864;\"><span style=\"font-family: Segoe Condensed, serif;\"><span style=\"font-size: large;\"><b>Nubifragio a Bibione. Bottacin sul posto. \u201ccaduti 245 millimetri di pioggia. In funzione sei pompe ad alta capacit\u00e0 e attive numerose squadre della Protezione Civile\u201d<\/b><\/span><\/span><\/span><\/p>\n<p align=\"JUSTIFY\"><span style=\"font-size: medium;\">L\u2019Assessore alla Protezione Civile della Regione Veneto, Gianpaolo Bottacin, si \u00e8 recato oggi di persona a Bibione per rendersi personalmente conto della situazione determinatasi dopo che la localit\u00e0 balneare veneta \u00e8 stata colpita da un violento nubifragio.<\/span><\/p>\n<p align=\"JUSTIFY\">\u201c<span style=\"font-size: medium;\">In poco tempo \u2013 riferisce Bottacin \u2013 sono caduti 245 millimetri di pioggia, un quantitativo assolutamente notevole e si sono creati molti problemi e disagi\u201d.<\/span><\/p>\n<p align=\"JUSTIFY\">\u201c<span style=\"font-size: medium;\">Con il Sindaco di San Michele al Tagliamento, i responsabili del Consorzio spiagge e i Vigili del Fuoco \u2013 aggiunge Bottacin \u2013 abbiamo fatto il punto della situazione e speriamo di poter riportare al pi\u00f9 presto la situazione alla normalit\u00e0, viste anche le previsioni meteo in miglioramento. Sul posto \u2013 aggiunge \u2013 sono state impiegate ben sei grosse pompe ad alta capacit\u00e0 (due dei Vigili del Fuoco e quattro della Protezione Civile) per abbattere il tirante d\u2019acqua che ha invaso la localit\u00e0. Quindi sono state attivate numerose squadre di volontari della Protezione Civile regionale con pompe pi\u00f9 piccole per intervenire sui molti scantinati e garage allagati, che risultano essere circa 60. A Bibione ci sono ancora molti turisti, e anche per questo le operazioni di ripristino della normalit\u00e0 vengono effettuate con la massima celerit\u00e0 possibile\u201d.<\/span><\/p>\n\n\t\t\t<style type='text\/css'>\n\t\t\t\t#gallery-4 {\n\t\t\t\t\tmargin: auto;\n\t\t\t\t}\n\t\t\t\t#gallery-4 .gallery-item {\n\t\t\t\t\tfloat: left;\n\t\t\t\t\tmargin-top: 10px;\n\t\t\t\t\ttext-align: center;\n\t\t\t\t\twidth: 33%;\n\t\t\t\t}\n\t\t\t\t#gallery-4 img {\n\t\t\t\t\tborder: 2px solid #cfcfcf;\n\t\t\t\t}\n\t\t\t\t#gallery-4 .gallery-caption {\n\t\t\t\t\tmargin-left: 0;\n\t\t\t\t}\n\t\t\t\t\/* see gallery_shortcode() in wp-includes\/media.php *\/\n\t\t\t<\/style>\n\t\t<div id='gallery-4' class='dt-gallery-container gallery galleryid-469033 gallery-columns-3 gallery-size-thumbnail'><dl class='gallery-item'>\n\t\t\t\t<dt class='gallery-icon landscape'>\n\t\t\t\t\t<a class=\"rollover rollover-zoom dt-pswp-item\" title=\"db2c9eed-ea4f-4263-84a2-05f090087b7a\" data-dt-img-description=\"\" data-large_image_width=\"1600\" data-large_image_height=\"1200\"href='https:\/\/www.radiopiu.net\/wordpress\/wp-content\/uploads\/2025\/09\/db2c9eed-ea4f-4263-84a2-05f090087b7a.jpg'><img loading=\"lazy\" decoding=\"async\" width=\"150\" height=\"150\" src=\"https:\/\/www.radiopiu.net\/wordpress\/wp-content\/uploads\/2025\/09\/db2c9eed-ea4f-4263-84a2-05f090087b7a-150x150.jpg\" class=\"attachment-thumbnail size-thumbnail\" alt=\"\" \/><\/a>\n\t\t\t\t<\/dt><\/dl><dl class='gallery-item'>\n\t\t\t\t<dt class='gallery-icon landscape'>\n\t\t\t\t\t<a class=\"rollover rollover-zoom dt-pswp-item\" title=\"22f600bb-6e51-4cf6-aabb-0c86e6d6aa76\" data-dt-img-description=\"\" data-large_image_width=\"1600\" data-large_image_height=\"1200\"href='https:\/\/www.radiopiu.net\/wordpress\/wp-content\/uploads\/2025\/09\/22f600bb-6e51-4cf6-aabb-0c86e6d6aa76.jpg'><img loading=\"lazy\" decoding=\"async\" width=\"150\" height=\"150\" src=\"https:\/\/www.radiopiu.net\/wordpress\/wp-content\/uploads\/2025\/09\/22f600bb-6e51-4cf6-aabb-0c86e6d6aa76-150x150.jpg\" class=\"attachment-thumbnail size-thumbnail\" alt=\"\" \/><\/a>\n\t\t\t\t<\/dt><\/dl><dl class='gallery-item'>\n\t\t\t\t<dt class='gallery-icon landscape'>\n\t\t\t\t\t<a class=\"rollover rollover-zoom dt-pswp-item\" title=\"2f1001f0-477e-49e9-8b81-f5afddca12c4\" data-dt-img-description=\"\" data-large_image_width=\"1600\" data-large_image_height=\"1200\"href='https:\/\/www.radiopiu.net\/wordpress\/wp-content\/uploads\/2025\/09\/2f1001f0-477e-49e9-8b81-f5afddca12c4.jpg'><img loading=\"lazy\" decoding=\"async\" width=\"150\" height=\"150\" src=\"https:\/\/www.radiopiu.net\/wordpress\/wp-content\/uploads\/2025\/09\/2f1001f0-477e-49e9-8b81-f5afddca12c4-150x150.jpg\" class=\"attachment-thumbnail size-thumbnail\" alt=\"\" \/><\/a>\n\t\t\t\t<\/dt><\/dl><br style=\"clear: both\" \/>\n\t\t\t<\/div>\n\n<hr \/>\n<p>&nbsp;<\/p>\n<p data-start=\"0\" data-end=\"87\"><strong data-start=\"0\" data-end=\"85\">\u00a0<\/strong><\/p>\n<p data-start=\"0\" data-end=\"87\"><strong data-start=\"0\" data-end=\"85\"><a class=\"dt-pswp-item\" href=\"https:\/\/www.radiopiu.net\/wordpress\/wp-content\/uploads\/2025\/09\/Screenshot-2025-09-11-050914.png\" data-dt-img-description=\"\" data-large_image_width=\"360\" data-large_image_height=\"252\"><img loading=\"lazy\" decoding=\"async\" class=\"wp-image-469125 alignleft\" src=\"https:\/\/www.radiopiu.net\/wordpress\/wp-content\/uploads\/2025\/09\/Screenshot-2025-09-11-050914-300x210.png\" alt=\"\" width=\"231\" height=\"162\" srcset=\"https:\/\/www.radiopiu.net\/wordpress\/wp-content\/uploads\/2025\/09\/Screenshot-2025-09-11-050914-300x210.png 300w, https:\/\/www.radiopiu.net\/wordpress\/wp-content\/uploads\/2025\/09\/Screenshot-2025-09-11-050914.png 360w\" sizes=\"auto, (max-width: 231px) 100vw, 231px\" \/><\/a>FELTRE, AUTO CONTRO IL GUARD-RAIL IN VIA PANORAMICA: TANTA PAURA MA NESSUN FERITO<\/strong><\/p>\n<p data-start=\"89\" data-end=\"490\" data-is-last-node=\"\" data-is-only-node=\"\">Attimi di paura ieri a Feltre, lungo la Panoramica, dove una donna alla guida di una Toyota Rav 4 ha perso il controllo del mezzo in una curva a sinistra ed \u00e8 finita contro il guard-rail. L\u2019urto ha causato gravi danni all\u2019auto, ma fortunatamente la conducente \u00e8 uscita illesa dall\u2019incidente. Sul posto \u00e8 intervenuta una pattuglia della Guardia di Finanza per i rilievi e la gestione della viabilit\u00e0.<\/p>\n<p>&nbsp;<\/p>\n<p>&nbsp;<\/p>\n<p>&nbsp;<\/p>\n<blockquote>\n<p data-start=\"0\" data-end=\"54\"><strong data-start=\"0\" data-end=\"52\">BOLAGO, MIGLIORA LA 14ENNE INVESTITA IN MOTORINO<\/strong><\/p>\n<\/blockquote>\n<p data-start=\"56\" data-end=\"551\" data-is-last-node=\"\" data-is-only-node=\"\"><strong>SEDICO<\/strong> Respira da sola e non \u00e8 pi\u00f9 intubata la 14enne travolta sabato a Bolago mentre era in motorino con un amico. La giovane resta ricoverata in Rianimazione al San Martino, ma non \u00e8 in pericolo di vita; i medici monitorano un edema polmonare. Il 15enne alla\u00a0 ha riportato fratture complesse. Intanto proseguono le indagini: il 21enne alla guida della Seat Leon, rintracciata dopo lo schianto, \u00e8 indagato per lesioni stradali gravi e omissione di soccorso. Non aveva la patente e aveva bevuto.<\/p>\n<hr \/>\n<blockquote>\n<h2><\/h2>\n<h2>INCIDENTI STRADALI IN VALBELLUNA: TRE FERITI IN 24 ORE<\/h2>\n<\/blockquote>\n<p><img loading=\"lazy\" decoding=\"async\" class=\"alignleft\" src=\"https:\/\/www.radiopiu.net\/wordpress\/wp-content\/uploads\/2025\/08\/ambulanza.jpg\" width=\"142\" height=\"80\" \/>La Centrale Operativa SUEM 118 di Belluno ha registrato due incidenti stradali nelle ultime 24 ore. Il primo \u00e8 avvenuto a Sedico poco prima di mezzogiorno, dove una donna di 60 anni residente a Belluno \u00e8 rimasta coinvolta in un sinistro: fortunatamente non ha riportato conseguenze gravi e ha rifiutato il trasporto in ospedale.<\/p>\n<p>Pi\u00f9 serio invece l\u2019incidente di Trichiana in prossimit\u00e0 del sottopasso, nel primo pomeriggio: un uomo di 80 anni e una donna di 38 anni, entrambi bellunesi, sono rimasti feriti. L\u2019anziano \u00e8 stato soccorso per le ferite lievi e trasportato in ambulanza a Feltre, la donna in codice giallo, sempre all\u2019ospedale feltrino.<\/p>\n<p>&nbsp;<\/p>\n<p>&nbsp;<\/p>\n<hr \/>\n<p>&nbsp;<\/p>\n<blockquote>\n<p data-start=\"0\" data-end=\"65\"><strong data-start=\"0\" data-end=\"63\"><a class=\"dt-pswp-item\" href=\"https:\/\/www.radiopiu.net\/wordpress\/wp-content\/uploads\/2025\/09\/Screenshot-2025-09-11-051109.png\" data-dt-img-description=\"\" data-large_image_width=\"126\" data-large_image_height=\"89\"><img loading=\"lazy\" decoding=\"async\" class=\"size-full wp-image-469126 alignleft\" src=\"https:\/\/www.radiopiu.net\/wordpress\/wp-content\/uploads\/2025\/09\/Screenshot-2025-09-11-051109.png\" alt=\"\" width=\"126\" height=\"89\" \/><\/a>ADDIO A ODINO ENDRIGHETTI, PILASTRO DEGLI ALPINI DI LENTIAI<\/strong><\/p>\n<\/blockquote>\n<p data-start=\"67\" data-end=\"630\" data-is-last-node=\"\" data-is-only-node=\"\"><strong>FELTRE<\/strong> Lutto nelle penne nere feltrine per la scomparsa di Odino Endrighetti, 79 anni, cavaliere della Repubblica, gi\u00e0 capogruppo di Lentiai e vicepresidente della sezione Ana di Feltre. Figura di riferimento per rigore morale e dedizione, Endrighetti \u00e8 ricordato dal presidente Stefano Mariech come \u00abun grande alpino con la A maiuscola, coerente e capace di insegnare ai giovani\u00bb. Lascia la moglie Vally, i figli Eliana e Michele e i nipoti. I funerali si terranno domani alle 15 nella chiesa arcipretale di Lentiai. Eventuali offerte saranno devolute all\u2019Ana locale<\/p>\n<hr \/>\n<blockquote>\n<h3 data-start=\"67\" data-end=\"630\">ADDIO A GIANCARLO FEDON, SOPRAVVISSUTO DEL VAJONT ED EX GIOCATORE DEL LONGARONE \u201963<\/h3>\n<\/blockquote>\n<p><img loading=\"lazy\" decoding=\"async\" class=\"alignleft\" src=\"https:\/\/www.radiopiu.net\/wordpress\/wp-content\/uploads\/2025\/09\/Screenshot-2025-09-11-052324.png\" width=\"174\" height=\"155\" \/><strong>LONGARONE<\/strong><\/p>\n<p>Aveva 84 anni Giancarlo Fedon, volto storico del Longarone \u201963, la squadra di calcio che nel 1963 fu segnata dalla tragedia del Vajont. Sopravvissuto a quella notte drammatica, era rimasto nel cuore di tanti per il suo carattere gioviale e sempre disponibile. A Vallesella di Domegge, dove viveva, in moltissimi hanno partecipato alle esequie, ricordandolo non solo come sportivo ma anche come uomo di comunit\u00e0, capace di tenere vivo il legame con la memoria e con lo sport. Lascia la sorella Zaira e un ricordo indelebile tra chi lo ha conosciuto sul campo e nella vita. \u2014<\/p>\n<p>&nbsp;<\/p>\n<p>&nbsp;<\/p>\n<p>&nbsp;<\/p>\n<hr \/>\n<p>&nbsp;<\/p>\n<blockquote>\n<h2>&#8220;PROSTITUISCITI&#8221; L&#8217;INVITO ALLA FIGLIA. CHIESTI DUE ANNI, LA PROCURA VUOLE LA CONDANNA<\/h2>\n<\/blockquote>\n<p>&nbsp;<\/p>\n<p>&nbsp;<\/p>\n<p><strong><a class=\"dt-pswp-item\" href=\"https:\/\/www.radiopiu.net\/wordpress\/wp-content\/uploads\/2025\/09\/download-15.jpg\" data-dt-img-description=\"\" data-large_image_width=\"309\" data-large_image_height=\"163\"><img loading=\"lazy\" decoding=\"async\" class=\"size-medium wp-image-469135 alignleft\" src=\"https:\/\/www.radiopiu.net\/wordpress\/wp-content\/uploads\/2025\/09\/download-15-300x158.jpg\" alt=\"\" width=\"300\" height=\"158\" srcset=\"https:\/\/www.radiopiu.net\/wordpress\/wp-content\/uploads\/2025\/09\/download-15-300x158.jpg 300w, https:\/\/www.radiopiu.net\/wordpress\/wp-content\/uploads\/2025\/09\/download-15.jpg 309w\" sizes=\"auto, (max-width: 300px) 100vw, 300px\" \/><\/a>LA GIUDIZIARIA OGGI<\/strong><br \/>\n<strong>DAL CORRIERE DELLE ALPI<\/strong><br \/>\n<strong>SINTESI_GIGI SOSSO\u00a0<\/strong><\/p>\n<p>&nbsp;<\/p>\n<blockquote>\n<p data-start=\"0\" data-end=\"60\"><strong data-start=\"0\" data-end=\"58\">FIGLI MALTRATTATI: PROCURA CHIEDE DUE ANNI AI GENITORI<\/strong><\/p>\n<\/blockquote>\n<p data-start=\"62\" data-end=\"417\" data-is-last-node=\"\" data-is-only-node=\"\"><strong>BELLUNO<\/strong> Il padre avrebbe sottoposto i figli a maltrattamenti psicologici e fisici, spingendo la figlia nata nel 2008 persino all\u2019autolesionismo. La madre, accusata di non aver reagito, rischia anch\u2019essa la condanna. Il pm Alberto Primavera ha chiesto due anni a testa, mentre la difesa punta alla derubricazione o all\u2019assoluzione.\u00c8 stata una discussione molto interessante e articolata, nella quale la parte civile ha aggiunto il risarcimento, mentre la difesa avrebbe puntato di nuovo sulla giustizia riparativa, ma in provincia non \u00e8 ancora possibile applicarla. Il prossimo 15 ottobre eventuali repliche e soprattutto la sentenza di primo grado emessa dai giudici Federico Montalto, Paolo Velo e Cristina Cittolin.<\/p>\n<blockquote>\n<p data-start=\"0\" data-end=\"66\"><strong data-start=\"0\" data-end=\"64\">VIOLENZA IN VIA FELTRE: IMPUTATO PUNTA ALL\u2019INFERMIT\u00c0 MENTALE<\/strong><\/p>\n<\/blockquote>\n<p data-start=\"68\" data-end=\"402\" data-is-last-node=\"\" data-is-only-node=\"\"><strong>BELLUNO<\/strong> Una donna aggredita e palpeggiata su una panchina il 13 dicembre 2021: l\u2019imputato, un maliano ex cameriere, sar\u00e0 sottoposto a perizia psichiatrica nel febbraio 2026 per accertare capacit\u00e0 di intendere e volere e pericolosit\u00e0 sociale.<br data-start=\"301\" data-end=\"304\" \/>Decisivi i video girati da passanti e l\u2019intervento delle guardie giurate che salvarono la vittima.<\/p>\n<blockquote>\n<p data-start=\"0\" data-end=\"53\"><strong data-start=\"0\" data-end=\"51\">ASSOLTO: LA VIOLENZA SESSUALE NON C\u2019\u00c8 MAI STATA<\/strong><\/p>\n<\/blockquote>\n<p data-start=\"55\" data-end=\"573\" data-is-last-node=\"\" data-is-only-node=\"\"><strong>CORTINA<\/strong> Era accusato di aver palpeggiato una donna dopo una serata in un locale di corso Italia. Ma il tribunale collegiale (giudici Montalto, Velo e Cittolin) lo ha assolto: il fatto non sussiste per insufficienza o contraddittoriet\u00e0 della prova. L\u2019imputato, un giovane pakistano residente in Cadore, ha sempre sostenuto di essersi comportato da gentiluomo, pagando il conto e rifiutando l\u2019invito della donna a salire in casa. Il pm Primavera aveva chiesto un anno e otto mesi, ma la difesa ha ottenuto l\u2019assoluzione piena. \u2014<\/p>\n<p data-start=\"62\" data-end=\"417\" data-is-last-node=\"\" data-is-only-node=\"\">foto copertina ilcittadinopescia.it\/<\/p>\n<p>&nbsp;<\/p>\n<hr \/>\n<p>&nbsp;<\/p>\n<blockquote>\n<p data-start=\"0\" data-end=\"98\"><strong data-start=\"0\" data-end=\"96\"><a class=\"dt-pswp-item\" href=\"https:\/\/www.radiopiu.net\/wordpress\/wp-content\/uploads\/2025\/09\/download-13.jpg\" data-dt-img-description=\"\" data-large_image_width=\"319\" data-large_image_height=\"158\"><img loading=\"lazy\" decoding=\"async\" class=\"size-medium wp-image-469110 alignleft\" src=\"https:\/\/www.radiopiu.net\/wordpress\/wp-content\/uploads\/2025\/09\/download-13-300x149.jpg\" alt=\"\" width=\"300\" height=\"149\" srcset=\"https:\/\/www.radiopiu.net\/wordpress\/wp-content\/uploads\/2025\/09\/download-13-300x149.jpg 300w, https:\/\/www.radiopiu.net\/wordpress\/wp-content\/uploads\/2025\/09\/download-13.jpg 319w\" sizes=\"auto, (max-width: 300px) 100vw, 300px\" \/><\/a>FWA, OSSERVATORIO SEGUGIO.IT: AUMENTANO I PREZZI MA LA RETE RESTA UN\u2019ALTERNATIVA ACCESSIBILE<\/strong><\/p>\n<\/blockquote>\n<p data-start=\"100\" data-end=\"509\">Secondo i dati aggiornati dell\u2019Osservatorio Segugio.it, il canone medio delle offerte FWA (Fixed Wireless Access) in Italia nel 2025 \u00e8 di 25,69 euro al mese, in lieve aumento rispetto al 2023. Restano per\u00f2 disponibili promozioni pi\u00f9 convenienti: si parte da 21,90 euro, mentre per la seconda casa la media \u00e8 di 15,94 euro. Le soluzioni prepagate, invece, si attestano sui 37,65 euro mensili. La rete FWA continua quindi a rappresentare un\u2019alternativa valida per chi non \u00e8 raggiunto dalla fibra FTTH o cerca una connessione flessibile. L\u2019indagine evidenzia anche la crescente competitivit\u00e0 delle SIM dati: 219 GB a 10,23 euro\/mese in media, con offerte dedicate ai gi\u00e0 clienti che partono da 8,65 euro per Giga illimitati.<\/p>\n<p>FOTO www.francescorenzo.com<\/p>\n<p>&nbsp;<\/p>\n<hr \/>\n<div class=\"page-title-head hgroup\"><\/div>\n<div class=\"html-div xdj266r x14z9mp xat24cr x1lziwak xexx8yu xyri2b x18d9i69 x1c1uobl x6s0dn4 x17zd0t2 x78zum5 x1q0g3np x1a02dak\"><\/div>\n<blockquote>\n<h2>AVVIO ANNO SCOLASTICO, TROPPI POSTI VACANTI TRA DOCENTI E ATA<\/h2>\n<\/blockquote>\n<div><\/div>\n<div>\n<p><strong>TREVISO-BELLUNO<\/strong><\/p>\n<p data-start=\"174\" data-end=\"357\"><a class=\"dt-pswp-item\" href=\"https:\/\/www.radiopiu.net\/wordpress\/wp-content\/uploads\/2025\/09\/download-12.jpg\" data-dt-img-description=\"\" data-large_image_width=\"259\" data-large_image_height=\"194\"><img loading=\"lazy\" decoding=\"async\" class=\"size-full wp-image-469056 alignleft\" src=\"https:\/\/www.radiopiu.net\/wordpress\/wp-content\/uploads\/2025\/09\/download-12.jpg\" alt=\"\" width=\"259\" height=\"194\" \/><\/a>L\u2019inizio dell\u2019anno scolastico nelle province di Belluno e Treviso evidenzia ancora numerose criticit\u00e0, nonostante qualche progresso rispetto al passato.<\/p>\n<p data-start=\"359\" data-end=\"742\">Per quanto riguarda i dirigenti scolastici, la situazione \u00e8 migliorata solo parzialmente: nella Marca trevigiana sono stati assegnati 5 dirigenti su 6 posti vacanti, mentre in provincia di Belluno soltanto 3 su 6. \u201cBelluno resta penalizzata da posizione geografica, caro vita e carenza di alloggi\u201d, sottolinea Anna Lucia Tamborrini, segretaria generale Cisl Scuola Belluno Treviso (FOTO).<\/p>\n<p data-start=\"744\" data-end=\"1150\">La carenza pi\u00f9 grave riguarda i docenti, in particolare quelli di sostegno: mancano tra il 20 e il 30% dei posti previsti, costringendo molti alunni con disabilit\u00e0 a iniziare le lezioni senza insegnante di riferimento. Situazione critica anche per il personale ATA: tra collaboratori scolastici, assistenti amministrativi e DSGA molti posti restano scoperti, nonostante le immissioni di ruolo effettuate.<\/p>\n<\/div>\n<div class=\"page-title-breadcrumbs\">\n<hr \/>\n<\/div>\n<p>&nbsp;<\/p>\n<blockquote>\n<h2>CARABINIERI ACCANTO AGLI STUDENTI PER L\u2019INIZIO DELL\u2019ANNO SCOLASTICO<\/h2>\n<\/blockquote>\n<p><strong>BELLUNO<\/strong><\/p>\n<p data-start=\"168\" data-end=\"459\"><img loading=\"lazy\" decoding=\"async\" class=\"alignleft\" src=\"https:\/\/www.radiopiu.net\/wordpress\/wp-content\/uploads\/2023\/09\/carabinieri_apertura-anno-scolastico_1-scaled.jpg\" width=\"241\" height=\"181\" \/>Questa mattina oltre 30 pattuglie dei Carabinieri hanno accolto gli studenti in diversi istituti della Provincia di Belluno, con i Comandanti delle Stazioni in prima linea. Come ogni anno, l\u2019Arma \u00e8 accanto ai giovani per dare il benvenuto e augurare loro un buon inizio di anno scolastico.<\/p>\n<p data-start=\"461\" data-end=\"813\">La presenza dei militari serve non solo a garantire sicurezza, ma anche a prevenire reati e promuovere la cultura della legalit\u00e0. Nei prossimi mesi sono previsti incontri e conferenze nelle scuole di ogni ordine e grado, oltre a visite guidate presso Reparti, dove gli studenti potranno conoscere mezzi, equipaggiamenti e il servizio dei Carabinieri.<\/p>\n<p data-start=\"815\" data-end=\"998\">Nel corso del precedente anno scolastico, l\u2019Arma ha incontrato oltre 3.000 studenti della provincia, rafforzando il legame tra istituzioni scolastiche, famiglie e forze dell\u2019ordine.<\/p>\n<p>&nbsp;<\/p>\n<p>&nbsp;<\/p>\n<hr \/>\n<p>&nbsp;<\/p>\n<blockquote>\n<h2 data-start=\"105\" data-end=\"182\"><strong data-start=\"105\" data-end=\"180\">NUOVO LICEO TIZIANO, UNA SCUOLA SICURA E ACCOGLIENTE DOPO I LAVORI PNRR<\/strong><\/h2>\n<\/blockquote>\n<p data-start=\"184\" data-end=\"528\"><strong>BELLUNO<\/strong><\/p>\n<p data-start=\"184\" data-end=\"528\">Ieri mattina \u00e8 stato inaugurato il nuovo edificio del liceo Tiziano, dopo quasi due anni di lavori Pnrr per un investimento complessivo di 4,4 milioni di euro. Il presidente della Provincia Roberto Padrin ha sottolineato l\u2019importanza di restituire agli studenti e alla citt\u00e0 una scuola pi\u00f9 sicura e accogliente.<\/p>\n<p data-start=\"530\" data-end=\"830\">I lavori hanno previsto adeguamento sismico e antincendio, sostituzione di serramenti, nuovi tendaggi, intonaci e pitture, riorganizzazione della biblioteca e riqualificazione di cortile e ingressi. La palestra \u00e8 in fase di completamento, con spogliatoi separati e bagno per persone con disabilit\u00e0.<\/p>\n<p data-start=\"832\" data-end=\"1253\">Al taglio del nastro erano presenti il preside Andrea Pozzobon, il dirigente dell\u2019Ufficio scolastico Massimiliano Salvador, l\u2019assessore comunale Roberta Olivotto e la ditta realizzatrice Cardazzo di Sacile. I consiglieri Marzio Sovilla e Vanessa De Francesch hanno augurato buon anno scolastico a tutti gli studenti delle superiori, ricordando l\u2019importanza di passione, curiosit\u00e0 e impegno per il futuro del territorio.<\/p>\n<p><strong>IL PRESIDENTE DELLA PROVINCIA ROBERTO PADRIN<\/strong><\/p>\n<audio class=\"wp-audio-shortcode\" id=\"audio-469033-9\" preload=\"none\" style=\"width: 100%;\" controls=\"controls\"><source type=\"audio\/mpeg\" src=\"https:\/\/www.radiopiu.net\/wordpress\/wp-content\/uploads\/2025\/09\/padrin.mp3?_=9\" \/><a href=\"https:\/\/www.radiopiu.net\/wordpress\/wp-content\/uploads\/2025\/09\/padrin.mp3\">https:\/\/www.radiopiu.net\/wordpress\/wp-content\/uploads\/2025\/09\/padrin.mp3<\/a><\/audio>\n<p>&nbsp;<\/p>\n\n\t\t\t<style type='text\/css'>\n\t\t\t\t#gallery-5 {\n\t\t\t\t\tmargin: auto;\n\t\t\t\t}\n\t\t\t\t#gallery-5 .gallery-item {\n\t\t\t\t\tfloat: left;\n\t\t\t\t\tmargin-top: 10px;\n\t\t\t\t\ttext-align: center;\n\t\t\t\t\twidth: 50%;\n\t\t\t\t}\n\t\t\t\t#gallery-5 img {\n\t\t\t\t\tborder: 2px solid #cfcfcf;\n\t\t\t\t}\n\t\t\t\t#gallery-5 .gallery-caption {\n\t\t\t\t\tmargin-left: 0;\n\t\t\t\t}\n\t\t\t\t\/* see gallery_shortcode() in wp-includes\/media.php *\/\n\t\t\t<\/style>\n\t\t<div id='gallery-5' class='dt-gallery-container gallery galleryid-469033 gallery-columns-2 gallery-size-medium'><dl class='gallery-item'>\n\t\t\t\t<dt class='gallery-icon landscape'>\n\t\t\t\t\t<a class=\"rollover rollover-zoom dt-pswp-item\" title=\"e20e9e09-3209-445a-b706-fb81db578efa\" data-dt-img-description=\"\" data-large_image_width=\"1600\" data-large_image_height=\"1064\"href='https:\/\/www.radiopiu.net\/wordpress\/wp-content\/uploads\/2025\/09\/e20e9e09-3209-445a-b706-fb81db578efa.jpg'><img loading=\"lazy\" decoding=\"async\" width=\"300\" height=\"200\" src=\"https:\/\/www.radiopiu.net\/wordpress\/wp-content\/uploads\/2025\/09\/e20e9e09-3209-445a-b706-fb81db578efa-300x200.jpg\" class=\"attachment-medium size-medium\" alt=\"\" srcset=\"https:\/\/www.radiopiu.net\/wordpress\/wp-content\/uploads\/2025\/09\/e20e9e09-3209-445a-b706-fb81db578efa-300x200.jpg 300w, https:\/\/www.radiopiu.net\/wordpress\/wp-content\/uploads\/2025\/09\/e20e9e09-3209-445a-b706-fb81db578efa-1024x681.jpg 1024w, https:\/\/www.radiopiu.net\/wordpress\/wp-content\/uploads\/2025\/09\/e20e9e09-3209-445a-b706-fb81db578efa-768x511.jpg 768w, https:\/\/www.radiopiu.net\/wordpress\/wp-content\/uploads\/2025\/09\/e20e9e09-3209-445a-b706-fb81db578efa-1536x1021.jpg 1536w, https:\/\/www.radiopiu.net\/wordpress\/wp-content\/uploads\/2025\/09\/e20e9e09-3209-445a-b706-fb81db578efa.jpg 1600w\" sizes=\"auto, (max-width: 300px) 100vw, 300px\" \/><\/a>\n\t\t\t\t<\/dt><\/dl><dl class='gallery-item'>\n\t\t\t\t<dt class='gallery-icon landscape'>\n\t\t\t\t\t<a class=\"rollover rollover-zoom dt-pswp-item\" title=\"461f694a-890a-4374-8770-a1efdec2b493\" data-dt-img-description=\"\" data-large_image_width=\"1296\" data-large_image_height=\"972\"href='https:\/\/www.radiopiu.net\/wordpress\/wp-content\/uploads\/2025\/09\/461f694a-890a-4374-8770-a1efdec2b493.jpg'><img loading=\"lazy\" decoding=\"async\" width=\"300\" height=\"225\" src=\"https:\/\/www.radiopiu.net\/wordpress\/wp-content\/uploads\/2025\/09\/461f694a-890a-4374-8770-a1efdec2b493-300x225.jpg\" class=\"attachment-medium size-medium\" alt=\"\" srcset=\"https:\/\/www.radiopiu.net\/wordpress\/wp-content\/uploads\/2025\/09\/461f694a-890a-4374-8770-a1efdec2b493-300x225.jpg 300w, https:\/\/www.radiopiu.net\/wordpress\/wp-content\/uploads\/2025\/09\/461f694a-890a-4374-8770-a1efdec2b493-1024x768.jpg 1024w, https:\/\/www.radiopiu.net\/wordpress\/wp-content\/uploads\/2025\/09\/461f694a-890a-4374-8770-a1efdec2b493-768x576.jpg 768w, https:\/\/www.radiopiu.net\/wordpress\/wp-content\/uploads\/2025\/09\/461f694a-890a-4374-8770-a1efdec2b493.jpg 1296w\" sizes=\"auto, (max-width: 300px) 100vw, 300px\" \/><\/a>\n\t\t\t\t<\/dt><\/dl><br style=\"clear: both\" \/>\n\t\t\t<\/div>\n\n<p>&nbsp;<\/p>\n<hr \/>\n<p>&nbsp;<\/p>\n<blockquote>\n<h2 data-start=\"0\" data-end=\"104\"><strong data-start=\"0\" data-end=\"102\">NUOVO ANNO SCOLASTICO AL LICEO LINGUISTICO CADORE: SALVATO L\u2019INDIRIZZO GRAZIE ALL\u2019ACCORDO TRA ENTI<\/strong><\/h2>\n<\/blockquote>\n<p data-start=\"106\" data-end=\"665\" data-is-last-node=\"\" data-is-only-node=\"\"><strong>\u00a0AURONZO<\/strong>\u2013 Prima campanella con un ospite speciale al Liceo Linguistico Cadore: la vice presidente della Provincia di Belluno, Silvia Calligaro, che ha portato il saluto istituzionale e l\u2019augurio di buon anno scolastico. La scuola ha riaperto grazie all\u2019accordo tra Provincia, Consorzio Bim Piave, Unioni Montane e Comune di Auronzo, evitando cos\u00ec la chiusura dell\u2019indirizzo linguistico. In mattinata Calligaro ha visitato anche il plesso di Santo Stefano, ribadendo che investire nella scuola significa garantire futuro e vitalit\u00e0 alle comunit\u00e0 di montagna.<\/p>\n<p>&nbsp;<\/p>\n<p><a class=\"dt-pswp-item\" href=\"https:\/\/www.radiopiu.net\/wordpress\/wp-content\/uploads\/2025\/09\/9b4c65a7-46f9-4efc-b6f3-6d5265242e5c.jpg\" data-dt-img-description=\"\" data-large_image_width=\"1600\" data-large_image_height=\"1200\"><img loading=\"lazy\" decoding=\"async\" class=\" wp-image-469100 aligncenter\" src=\"https:\/\/www.radiopiu.net\/wordpress\/wp-content\/uploads\/2025\/09\/9b4c65a7-46f9-4efc-b6f3-6d5265242e5c-300x225.jpg\" alt=\"\" width=\"303\" height=\"227\" srcset=\"https:\/\/www.radiopiu.net\/wordpress\/wp-content\/uploads\/2025\/09\/9b4c65a7-46f9-4efc-b6f3-6d5265242e5c-300x225.jpg 300w, https:\/\/www.radiopiu.net\/wordpress\/wp-content\/uploads\/2025\/09\/9b4c65a7-46f9-4efc-b6f3-6d5265242e5c-1024x768.jpg 1024w, https:\/\/www.radiopiu.net\/wordpress\/wp-content\/uploads\/2025\/09\/9b4c65a7-46f9-4efc-b6f3-6d5265242e5c-768x576.jpg 768w, https:\/\/www.radiopiu.net\/wordpress\/wp-content\/uploads\/2025\/09\/9b4c65a7-46f9-4efc-b6f3-6d5265242e5c-1536x1152.jpg 1536w, https:\/\/www.radiopiu.net\/wordpress\/wp-content\/uploads\/2025\/09\/9b4c65a7-46f9-4efc-b6f3-6d5265242e5c.jpg 1600w\" sizes=\"auto, (max-width: 303px) 100vw, 303px\" \/><\/a><\/p>\n<p>&nbsp;<\/p>\n<hr \/>\n<p>&nbsp;<\/p>\n<p>&nbsp;<\/p>\n<h1>SE NON LA SMETTI&#8230;TI MANDO DAL PRESIDE<\/h1>\n<p><strong><a class=\"dt-pswp-item\" href=\"https:\/\/www.radiopiu.net\/wordpress\/wp-content\/uploads\/2024\/11\/th-9.jpg\" data-dt-img-description=\"\" data-large_image_width=\"320\" data-large_image_height=\"180\"><img loading=\"lazy\" decoding=\"async\" class=\" wp-image-419423 alignleft\" src=\"https:\/\/www.radiopiu.net\/wordpress\/wp-content\/uploads\/2024\/11\/th-9-300x169.jpg\" alt=\"\" width=\"249\" height=\"140\" srcset=\"https:\/\/www.radiopiu.net\/wordpress\/wp-content\/uploads\/2024\/11\/th-9-300x169.jpg 300w, https:\/\/www.radiopiu.net\/wordpress\/wp-content\/uploads\/2024\/11\/th-9.jpg 320w\" sizes=\"auto, (max-width: 249px) 100vw, 249px\" \/><\/a>REDAZIONE<\/strong> E con l&#8217;inizio dell&#8217;anno scolastico anche Radio Pi\u00f9 ha dato di nuovo corso alla trasmissione dedicata alla scuola &#8220;Se non la smetti ti mando dal Preside&#8221;, con la prof. Maria Rosa Salmazo. Il programma ha una sua storia, 14 anni, puntuale ogni settimana per tutta la durata dell&#8217;anno scolastico.<br \/>\nGrazie per la preziosa collaborazione alla professoressa Salmazo.<\/p>\n<p><strong>PUNTATA 01 2025-2026, QUATTORDICESIMO ANNO<\/strong><\/p>\n<audio class=\"wp-audio-shortcode\" id=\"audio-469033-10\" preload=\"none\" style=\"width: 100%;\" controls=\"controls\"><source type=\"audio\/mpeg\" src=\"https:\/\/www.radiopiu.net\/wordpress\/wp-content\/uploads\/2025\/09\/14-SE-NON-LA-SMETTI-01-25.mp3?_=10\" \/><a href=\"https:\/\/www.radiopiu.net\/wordpress\/wp-content\/uploads\/2025\/09\/14-SE-NON-LA-SMETTI-01-25.mp3\">https:\/\/www.radiopiu.net\/wordpress\/wp-content\/uploads\/2025\/09\/14-SE-NON-LA-SMETTI-01-25.mp3<\/a><\/audio>\n<p>&nbsp;<\/p>\n<p>&nbsp;<\/p>\n<hr \/>\n<p>&nbsp;<\/p>\n<blockquote>\n<h2 data-start=\"0\" data-end=\"67\"><strong data-start=\"0\" data-end=\"65\"><a class=\"dt-pswp-item\" href=\"https:\/\/www.radiopiu.net\/wordpress\/wp-content\/uploads\/2025\/09\/Screenshot-2025-09-10-193508.png\" data-dt-img-description=\"\" data-large_image_width=\"309\" data-large_image_height=\"187\"><img loading=\"lazy\" decoding=\"async\" class=\" wp-image-469109 alignleft\" src=\"https:\/\/www.radiopiu.net\/wordpress\/wp-content\/uploads\/2025\/09\/Screenshot-2025-09-10-193508-300x182.png\" alt=\"\" width=\"231\" height=\"140\" srcset=\"https:\/\/www.radiopiu.net\/wordpress\/wp-content\/uploads\/2025\/09\/Screenshot-2025-09-10-193508-300x182.png 300w, https:\/\/www.radiopiu.net\/wordpress\/wp-content\/uploads\/2025\/09\/Screenshot-2025-09-10-193508.png 309w\" sizes=\"auto, (max-width: 231px) 100vw, 231px\" \/><\/a>ANNO SCOLASTICO 2025\/2026, L\u2019AUGURIO DEL SINDACO DE PELLEGRIN<\/strong><\/h2>\n<\/blockquote>\n<p data-start=\"69\" data-end=\"439\"><strong>BELLUNO<\/strong> \u201cBuon anno scolastico e buona strada\u201d. Con queste parole il sindaco di Belluno, Oscar De Pellegrin, ha salutato gli studenti nel giorno della prima campanella, portando personalmente il suo augurio alla scuola media Ricci. Assessori e consiglieri comunali hanno fatto visita agli altri plessi cittadini, mantenendo viva la tradizione della vicinanza delle istituzioni. De Pellegrin ha invitato i ragazzi a vivere il percorso con entusiasmo, a rispettare regole e istituzioni, ma soprattutto a coltivare sogni e passioni senza paura. \u201cI vostri sogni sono validi \u2013 ha detto \u2013 e si realizzano con impegno e costanza. Avete testa, cuore, curiosit\u00e0 e una citt\u00e0 che crede in voi\u201d. Il Sindaco ha infine esortato a un dialogo attivo con il Comune: \u201cIl futuro della citt\u00e0 si costruisce anche grazie al contributo dei giovani\u201d.<\/p>\n<p>&nbsp;<\/p>\n<p>&nbsp;<\/p>\n<hr \/>\n<p>&nbsp;<\/p>\n<blockquote>\n<h2>VOLONTARIATO AL CENTRO, SABATO A BELLUNO LA SECONDA EDIZIONE<\/h2>\n<\/blockquote>\n<p data-start=\"0\" data-end=\"66\"><strong><img loading=\"lazy\" decoding=\"async\" class=\"alignleft\" src=\"https:\/\/www.radiopiu.net\/wordpress\/wp-content\/uploads\/2025\/09\/936e1ecf-1d9f-4157-89e4-97f9cab0e26c-scaled.jpg\" width=\"276\" height=\"207\" \/>DI DANIELE DALVIT<\/strong><\/p>\n<p data-start=\"68\" data-end=\"246\" data-is-last-node=\"\" data-is-only-node=\"\">Quasi novanta associazioni animeranno Piazza dei Martiri sabato mattina per \u201cVolontariato al centro\u201d, evento promosso da Comune e CSV. Dalle 9 alle 13 musica, sfilata, incontri e la consegna del Sigillo della Citt\u00e0 all\u2019ANA. Un\u2019occasione per far conoscere le realt\u00e0 del territorio e attrarre nuove energie al servizio della comunit\u00e0.<\/p>\n<p>AUDIO<\/p>\n<audio class=\"wp-audio-shortcode\" id=\"audio-469033-11\" preload=\"none\" style=\"width: 100%;\" controls=\"controls\"><source type=\"audio\/mpeg\" src=\"https:\/\/www.radiopiu.net\/wordpress\/wp-content\/uploads\/2025\/09\/Servizio-Presentazione-Volontariato-al-centro-Belluno-2025.mp3?_=11\" \/><a href=\"https:\/\/www.radiopiu.net\/wordpress\/wp-content\/uploads\/2025\/09\/Servizio-Presentazione-Volontariato-al-centro-Belluno-2025.mp3\">https:\/\/www.radiopiu.net\/wordpress\/wp-content\/uploads\/2025\/09\/Servizio-Presentazione-Volontariato-al-centro-Belluno-2025.mp3<\/a><\/audio>\n<p>&nbsp;<\/p>\n<hr \/>\n<p>&nbsp;<\/p>\n<blockquote>\n<h1>QUESTA SERA &#8220;DAT&#8221; SECONDO APPUNTAMENTO AD AGORDO &#8220;VINCENZO SAVIO&#8221;<\/h1>\n<\/blockquote>\n<p><strong><a class=\"dt-pswp-item\" href=\"https:\/\/www.radiopiu.net\/wordpress\/wp-content\/uploads\/2022\/11\/th-21.jpg\" data-dt-img-description=\"\" data-large_image_width=\"474\" data-large_image_height=\"335\"><img loading=\"lazy\" decoding=\"async\" class=\"wp-image-309972 aligncenter\" src=\"https:\/\/www.radiopiu.net\/wordpress\/wp-content\/uploads\/2022\/11\/th-21-300x212.jpg\" alt=\"\" width=\"183\" height=\"129\" srcset=\"https:\/\/www.radiopiu.net\/wordpress\/wp-content\/uploads\/2022\/11\/th-21-300x212.jpg 300w, https:\/\/www.radiopiu.net\/wordpress\/wp-content\/uploads\/2022\/11\/th-21.jpg 474w\" sizes=\"auto, (max-width: 183px) 100vw, 183px\" \/><\/a><\/strong><\/p>\n<p style=\"text-align: left;\"><strong><a class=\"dt-pswp-item\" href=\"https:\/\/www.radiopiu.net\/wordpress\/wp-content\/uploads\/2025\/08\/Screenshot-2025-09-11-060906.png\" data-dt-img-description=\"\" data-large_image_width=\"107\" data-large_image_height=\"121\"><img loading=\"lazy\" decoding=\"async\" class=\"size-full wp-image-469150 alignleft\" src=\"https:\/\/www.radiopiu.net\/wordpress\/wp-content\/uploads\/2025\/08\/Screenshot-2025-09-11-060906.png\" alt=\"\" width=\"107\" height=\"121\" \/><\/a>DI MIRKO MEZZACASA<\/strong><\/p>\n<p>OSPITE: Laura Miana<\/p>\n<audio class=\"wp-audio-shortcode\" id=\"audio-469033-12\" preload=\"none\" style=\"width: 100%;\" controls=\"controls\"><source type=\"audio\/mpeg\" src=\"https:\/\/www.radiopiu.net\/wordpress\/wp-content\/uploads\/2025\/08\/LAURA-MIANA-PETTIROSSO-2025-AGOSTO.mp3?_=12\" \/><a href=\"https:\/\/www.radiopiu.net\/wordpress\/wp-content\/uploads\/2025\/08\/LAURA-MIANA-PETTIROSSO-2025-AGOSTO.mp3\">https:\/\/www.radiopiu.net\/wordpress\/wp-content\/uploads\/2025\/08\/LAURA-MIANA-PETTIROSSO-2025-AGOSTO.mp3<\/a><\/audio>\n<p>&nbsp;<\/p>\n<p><strong><a class=\"dt-pswp-item\" href=\"https:\/\/www.radiopiu.net\/wordpress\/wp-content\/uploads\/2025\/08\/Screenshot-2025-09-11-060921.png\" data-dt-img-description=\"\" data-large_image_width=\"166\" data-large_image_height=\"146\"><img loading=\"lazy\" decoding=\"async\" class=\"size-full wp-image-469151 alignleft\" src=\"https:\/\/www.radiopiu.net\/wordpress\/wp-content\/uploads\/2025\/08\/Screenshot-2025-09-11-060921.png\" alt=\"\" width=\"166\" height=\"146\" \/><\/a>OSPITE SONIA D&#8217;AGOSTINI<\/strong><\/p>\n<audio class=\"wp-audio-shortcode\" id=\"audio-469033-13\" preload=\"none\" style=\"width: 100%;\" controls=\"controls\"><source type=\"audio\/mpeg\" src=\"https:\/\/www.radiopiu.net\/wordpress\/wp-content\/uploads\/2025\/09\/sonia-dagostini-per-il-3-settembre.mp3?_=13\" \/><a href=\"https:\/\/www.radiopiu.net\/wordpress\/wp-content\/uploads\/2025\/09\/sonia-dagostini-per-il-3-settembre.mp3\">https:\/\/www.radiopiu.net\/wordpress\/wp-content\/uploads\/2025\/09\/sonia-dagostini-per-il-3-settembre.mp3<\/a><\/audio>\n<p>&nbsp;<\/p>\n<p>&nbsp;<\/p>\n<p>&nbsp;<\/p>\n<hr \/>\n<p>&nbsp;<\/p>\n<blockquote>\n<h2>SPORT IN PIAZZA AD AGORDO, SABATO SUL BROI E IN CENTRO<\/h2>\n<\/blockquote>\n<p>&nbsp;<\/p>\n<p><strong>IN COLLABORAZIONE CON:<\/strong><span style=\"color: #ff0000;\"><strong> OTTICA MOTTES, DI GIACOMO MOTTES A TAIBON AGORDINO &#8211; CAFFE&#8217; MINIERE, IL CAFFE&#8217; AD AGORDO &#8211; FIORERIA DE TOFFOL AD AGORDO<\/strong><\/span><\/p>\n<p><strong>AGORDO<\/strong><\/p>\n<p><strong>L&#8217;INTERVISTA di Marco Gaz<\/strong><\/p>\n<p><strong>ospiti,<\/strong> Francesco Corazza, Elodie Badole, Giorgia Ben, Marianna De Nicolo&#8217;, Maria Rosa Salmazo<\/p>\n<audio class=\"wp-audio-shortcode\" id=\"audio-469033-14\" preload=\"none\" style=\"width: 100%;\" controls=\"controls\"><source type=\"audio\/mpeg\" src=\"https:\/\/www.radiopiu.net\/wordpress\/wp-content\/uploads\/2025\/09\/SPORT-IN-PIAZZA-2025-SPECIALE-ALLA-RADIO.mp3?_=14\" \/><a href=\"https:\/\/www.radiopiu.net\/wordpress\/wp-content\/uploads\/2025\/09\/SPORT-IN-PIAZZA-2025-SPECIALE-ALLA-RADIO.mp3\">https:\/\/www.radiopiu.net\/wordpress\/wp-content\/uploads\/2025\/09\/SPORT-IN-PIAZZA-2025-SPECIALE-ALLA-RADIO.mp3<\/a><\/audio>\n<p>&nbsp;<\/p>\n\n\t\t\t<style type='text\/css'>\n\t\t\t\t#gallery-6 {\n\t\t\t\t\tmargin: auto;\n\t\t\t\t}\n\t\t\t\t#gallery-6 .gallery-item {\n\t\t\t\t\tfloat: left;\n\t\t\t\t\tmargin-top: 10px;\n\t\t\t\t\ttext-align: center;\n\t\t\t\t\twidth: 33%;\n\t\t\t\t}\n\t\t\t\t#gallery-6 img {\n\t\t\t\t\tborder: 2px solid #cfcfcf;\n\t\t\t\t}\n\t\t\t\t#gallery-6 .gallery-caption {\n\t\t\t\t\tmargin-left: 0;\n\t\t\t\t}\n\t\t\t\t\/* see gallery_shortcode() in wp-includes\/media.php *\/\n\t\t\t<\/style>\n\t\t<div id='gallery-6' class='dt-gallery-container gallery galleryid-469033 gallery-columns-3 gallery-size-thumbnail'><dl class='gallery-item'>\n\t\t\t\t<dt class='gallery-icon landscape'>\n\t\t\t\t\t<a class=\"rollover rollover-zoom dt-pswp-item\" title=\"download\" data-dt-img-description=\"\" data-large_image_width=\"300\" data-large_image_height=\"168\"href='https:\/\/www.radiopiu.net\/wordpress\/wp-content\/uploads\/2025\/09\/download-9.jpg'><img loading=\"lazy\" decoding=\"async\" width=\"150\" height=\"150\" src=\"https:\/\/www.radiopiu.net\/wordpress\/wp-content\/uploads\/2025\/09\/download-9-150x150.jpg\" class=\"attachment-thumbnail size-thumbnail\" alt=\"\" \/><\/a>\n\t\t\t\t<\/dt><\/dl><dl class='gallery-item'>\n\t\t\t\t<dt class='gallery-icon landscape'>\n\t\t\t\t\t<a class=\"rollover rollover-zoom dt-pswp-item\" title=\"download\" data-dt-img-description=\"\" data-large_image_width=\"300\" data-large_image_height=\"168\"href='https:\/\/www.radiopiu.net\/wordpress\/wp-content\/uploads\/2025\/09\/download-10.jpg'><img loading=\"lazy\" decoding=\"async\" width=\"150\" height=\"150\" src=\"https:\/\/www.radiopiu.net\/wordpress\/wp-content\/uploads\/2025\/09\/download-10-150x150.jpg\" class=\"attachment-thumbnail size-thumbnail\" alt=\"\" \/><\/a>\n\t\t\t\t<\/dt><\/dl><dl class='gallery-item'>\n\t\t\t\t<dt class='gallery-icon landscape'>\n\t\t\t\t\t<a class=\"rollover rollover-zoom dt-pswp-item\" title=\"download\" data-dt-img-description=\"\" data-large_image_width=\"300\" data-large_image_height=\"168\"href='https:\/\/www.radiopiu.net\/wordpress\/wp-content\/uploads\/2025\/09\/download-11.jpg'><img loading=\"lazy\" decoding=\"async\" width=\"150\" height=\"150\" src=\"https:\/\/www.radiopiu.net\/wordpress\/wp-content\/uploads\/2025\/09\/download-11-150x150.jpg\" class=\"attachment-thumbnail size-thumbnail\" alt=\"\" \/><\/a>\n\t\t\t\t<\/dt><\/dl><br style=\"clear: both\" \/>\n\t\t\t<\/div>\n\n<p>&nbsp;<\/p>\n<p>&nbsp;<\/p>\n<p>&nbsp;<\/p>\n<p>&nbsp;<\/p>\n<hr \/>\n<p>&nbsp;<\/p>\n<blockquote>\n<p data-start=\"0\" data-end=\"59\"><strong data-start=\"0\" data-end=\"57\">LIBeRI SU MARTE, PRIMO GIORNO TRA LIBRI E OVERTOURISM<\/strong><\/p>\n<\/blockquote>\n<p data-start=\"61\" data-end=\"464\" data-is-last-node=\"\" data-is-only-node=\"\"><strong>BELLUNO<\/strong> \u00c8 iniziata la rassegna LIBeRI a Palazzo Crepadona, dedicata al ritorno della Biblioteca Civica. Primo giorno con il saggista Antonio Castronuovo e l\u2019antropologo Duccio Canestrini, tra amore per i libri e riflessioni sull\u2019overtourism nelle Dolomiti. La rassegna prosegue fino al 14 settembre con laboratori, incontri e ospiti su Marte come orizzonte da immaginare e indagare.<\/p>\n\n\t\t\t<style type='text\/css'>\n\t\t\t\t#gallery-7 {\n\t\t\t\t\tmargin: auto;\n\t\t\t\t}\n\t\t\t\t#gallery-7 .gallery-item {\n\t\t\t\t\tfloat: left;\n\t\t\t\t\tmargin-top: 10px;\n\t\t\t\t\ttext-align: center;\n\t\t\t\t\twidth: 50%;\n\t\t\t\t}\n\t\t\t\t#gallery-7 img {\n\t\t\t\t\tborder: 2px solid #cfcfcf;\n\t\t\t\t}\n\t\t\t\t#gallery-7 .gallery-caption {\n\t\t\t\t\tmargin-left: 0;\n\t\t\t\t}\n\t\t\t\t\/* see gallery_shortcode() in wp-includes\/media.php *\/\n\t\t\t<\/style>\n\t\t<div id='gallery-7' class='dt-gallery-container gallery galleryid-469033 gallery-columns-2 gallery-size-thumbnail'><dl class='gallery-item'>\n\t\t\t\t<dt class='gallery-icon portrait'>\n\t\t\t\t\t<a class=\"rollover rollover-zoom dt-pswp-item\" title=\"Antonio_Castronuovo\" data-dt-img-description=\"\" data-large_image_width=\"1107\" data-large_image_height=\"1500\"href='https:\/\/www.radiopiu.net\/wordpress\/wp-content\/uploads\/2025\/09\/Antonio_Castronuovo.jpg'><img loading=\"lazy\" decoding=\"async\" width=\"150\" height=\"150\" src=\"https:\/\/www.radiopiu.net\/wordpress\/wp-content\/uploads\/2025\/09\/Antonio_Castronuovo-150x150.jpg\" class=\"attachment-thumbnail size-thumbnail\" alt=\"\" aria-describedby=\"gallery-7-469088\" \/><\/a>\n\t\t\t\t<\/dt>\n\t\t\t\t\t<dd class='wp-caption-text gallery-caption' id='gallery-7-469088'>\n\t\t\t\t\tAntonio_Castronuovo\n\n\t\t\t\t\t<\/dd><\/dl><dl class='gallery-item'>\n\t\t\t\t<dt class='gallery-icon landscape'>\n\t\t\t\t\t<a class=\"rollover rollover-zoom dt-pswp-item\" title=\"Duccio_Canestrini\" data-dt-img-description=\"\" data-large_image_width=\"1500\" data-large_image_height=\"1232\"href='https:\/\/www.radiopiu.net\/wordpress\/wp-content\/uploads\/2025\/09\/Duccio_Canestrini.jpg'><img loading=\"lazy\" decoding=\"async\" width=\"150\" height=\"150\" src=\"https:\/\/www.radiopiu.net\/wordpress\/wp-content\/uploads\/2025\/09\/Duccio_Canestrini-150x150.jpg\" class=\"attachment-thumbnail size-thumbnail\" alt=\"\" aria-describedby=\"gallery-7-469089\" \/><\/a>\n\t\t\t\t<\/dt>\n\t\t\t\t\t<dd class='wp-caption-text gallery-caption' id='gallery-7-469089'>\n\t\t\t\t\tDuccio_Canestrini\n\t\t\t\t\t<\/dd><\/dl><br style=\"clear: both\" \/>\n\t\t\t<\/div>\n\n<p>&nbsp;<\/p>\n<hr \/>\n<p>&nbsp;<\/p>\n<blockquote>\n<p data-start=\"128\" data-end=\"213\"><strong data-start=\"128\" data-end=\"211\">IL NUOVO LIBRO DI GRAZIANO DAMERINI: \u201cIL BARBIERE\u201d IN PRESENTAZIONE A CAVARZANO<\/strong><\/p>\n<\/blockquote>\n<p data-start=\"215\" data-end=\"504\"><strong>BELLUNO <\/strong>Dopo una lunga serie di titoli che hanno conquistato i lettori, Graziano Damerini torna con un\u2019opera fresca e ironica: <em data-start=\"344\" data-end=\"357\">Il Barbiere<\/em>, novantuno pagine tra testi e illustrazioni che raccontano personaggi e vicende di un paese immaginario, custodi di valori semplici e autentici. \u00a0L\u2019appuntamento \u00e8 per venerd\u00ec 19 settembre alle 20.30, a Cavarzano di Belluno, nell\u2019auditorium della Parrocchia. A introdurre l\u2019autore sar\u00e0 Alberto De Biasio, mentre l\u2019attrice Mara Formenti dar\u00e0 voce ad alcuni brani del libro.<\/p>\n<p>&nbsp;<\/p>\n<hr \/>\n<p>&nbsp;<\/p>\n<blockquote>\n<h2>BELLUNO OSPITA LE &#8220;GIORNATE DELLA VISTA&#8221; CON LA FONDAZIONE ONESIGHT ESSILORLUXOTTICA<\/h2>\n<\/blockquote>\n<p><strong><a class=\"dt-pswp-item\" href=\"https:\/\/www.radiopiu.net\/wordpress\/wp-content\/uploads\/2025\/09\/ONESIGHT.jpg\" data-dt-img-description=\"\" data-large_image_width=\"706\" data-large_image_height=\"516\"><img loading=\"lazy\" decoding=\"async\" class=\" wp-image-468193 alignleft\" src=\"https:\/\/www.radiopiu.net\/wordpress\/wp-content\/uploads\/2025\/09\/ONESIGHT-300x219.jpg\" alt=\"\" width=\"212\" height=\"155\" srcset=\"https:\/\/www.radiopiu.net\/wordpress\/wp-content\/uploads\/2025\/09\/ONESIGHT-300x219.jpg 300w, https:\/\/www.radiopiu.net\/wordpress\/wp-content\/uploads\/2025\/09\/ONESIGHT.jpg 706w\" sizes=\"auto, (max-width: 212px) 100vw, 212px\" \/><\/a>BELLUNO <\/strong>Dal 8 al 19 settembre 2025 la citt\u00e0 di Belluno sar\u00e0 protagonista delle <em data-start=\"290\" data-end=\"312\">Giornate della Vista<\/em>, iniziativa promossa dalla Fondazione OneSight EssilorLuxottica Italia per garantire accesso gratuito a visite oculistiche e occhiali da vista alle persone pi\u00f9 fragili con difetti visivi.Con le <em data-start=\"1408\" data-end=\"1430\">Giornate della Vista<\/em>, Belluno si inserisce in un percorso nazionale che vuole restituire dignit\u00e0 e qualit\u00e0 della vita a chi non pu\u00f2 permettersi cure o strumenti correttivi adeguati. Per ulteriori informazioni \u00e8 disponibile il sito ufficiale della Fondazione: <a href=\"http:\/\/onesight.essilorluxottica.it.\"><strong data-start=\"1672\" data-end=\"1704\">onesight.essilorluxottica.it<\/strong>.<\/a><\/p>\n<p>&nbsp;<\/p>\n<p>&nbsp;<\/p>\n<p>&nbsp;<\/p>\n<hr \/>\n<blockquote><p>&nbsp;<\/p>\n<h2><strong>SELLARONDA BIKE DAY \u2013 Edizione autunnale<\/strong><\/h2>\n<\/blockquote>\n<p>Sabato, 13 settembre 2025 dalle ore 8:30 alle 16:00\u00a0 i passi Dolomitici attorno al massiccio del Sella\u00a0 (Pordoi, Campolongo, Gardena, Sella) saranno riservati agli amanti della bicicletta. La giornata ciclistica non competitiva \u00e8 giunta quest\u2019anno alla sua 19a edizione annuale.\u00a0L\u2019evento permette agli appassionati delle due ruote di compiere il giro dei quattro passi in assenza di automobili e gas di scarico<strong>.<\/strong>\u00a0 A Si raccomanda il giro in senso antiorario<strong> da Arabba<\/strong> al Passo Pordoi SR 48 e al Passo Campolongo SP 244 sul lato del comune di Livinallongo a partire dalle ore 08:00 alle ore 16:00 (Arabba, dall\u2019incrocio con il Passo Campolongo fino al Passo Pordoi)<strong>. da Corvara<\/strong> &#8211; Passo Gardena e Corvara &#8211; Passo Campolongo sul lato Val Badia a partire dalle ore 08:30 alle ore 16:00 (dalla stazione a valle della cabinovia Bo\u00e8 \u2013 SS 243 e SS 244). <strong>da Canazei<\/strong> al Passo Sella e al Passo Pordoi sul lato Val di Fassa a partire dalle ore 08:30 alle ore 16:00 (Canazei, incrocio Str\u00e8da Dolomites e Str\u00e8da de Col de Pin presso Hotel Bellevue e Ufficio Postale \u2013 SS 48 e rotatoria Str\u00e8da de Pareda e Str\u00e8da de Col de Pin). da Selva di Val Gardena al Passo Sella e al Passo Gardena sul lato Val Gardena a partire dalle ore 08:30 alle ore 16:00 (dalla Piazza Nives a Selva di Val Gardena \u2013 SS 242). Riapertura del tratto dalla Piazza Nives a Plan de Gralba alle ore 10.00. <em>Il percorso si snoda su 58 km di strade asfaltate, con un dislivello complessivo di circa 1.800 metri, attraversando quattro passi leggendari delle Dolomiti. Una giornata senz\u2019auto che rappresenta una vera festa per tutti gli amanti della bici, promossa dalle associazioni turistiche e dalle amministrazioni pubbliche delle quattro valli ladine: Val Gardena, Alta Badia, Val di Fassa e Arabba\/Fodom.<\/em><\/p>\n\n\t\t\t<style type='text\/css'>\n\t\t\t\t#gallery-8 {\n\t\t\t\t\tmargin: auto;\n\t\t\t\t}\n\t\t\t\t#gallery-8 .gallery-item {\n\t\t\t\t\tfloat: left;\n\t\t\t\t\tmargin-top: 10px;\n\t\t\t\t\ttext-align: center;\n\t\t\t\t\twidth: 25%;\n\t\t\t\t}\n\t\t\t\t#gallery-8 img {\n\t\t\t\t\tborder: 2px solid #cfcfcf;\n\t\t\t\t}\n\t\t\t\t#gallery-8 .gallery-caption {\n\t\t\t\t\tmargin-left: 0;\n\t\t\t\t}\n\t\t\t\t\/* see gallery_shortcode() in wp-includes\/media.php *\/\n\t\t\t<\/style>\n\t\t<div id='gallery-8' class='dt-gallery-container gallery galleryid-469033 gallery-columns-4 gallery-size-thumbnail'><dl class='gallery-item'>\n\t\t\t\t<dt class='gallery-icon portrait'>\n\t\t\t\t\t<a class=\"rollover rollover-zoom dt-pswp-item\" title=\"LOCANDINA-SELLARONDABIKEDAY-2025\" data-dt-img-description=\"\" data-large_image_width=\"1241\" data-large_image_height=\"1754\"href='https:\/\/www.radiopiu.net\/wordpress\/wp-content\/uploads\/2025\/09\/LOCANDINA-SELLARONDABIKEDAY-2025.jpg'><img loading=\"lazy\" decoding=\"async\" width=\"150\" height=\"150\" src=\"https:\/\/www.radiopiu.net\/wordpress\/wp-content\/uploads\/2025\/09\/LOCANDINA-SELLARONDABIKEDAY-2025-150x150.jpg\" class=\"attachment-thumbnail size-thumbnail\" alt=\"\" \/><\/a>\n\t\t\t\t<\/dt><\/dl><dl class='gallery-item'>\n\t\t\t\t<dt class='gallery-icon landscape'>\n\t\t\t\t\t<a class=\"rollover rollover-zoom dt-pswp-item\" title=\"Percorso-Sellaronda-Bike-Day\" data-dt-img-description=\"\" data-large_image_width=\"1500\" data-large_image_height=\"982\"href='https:\/\/www.radiopiu.net\/wordpress\/wp-content\/uploads\/2025\/09\/Percorso-Sellaronda-Bike-Day.jpg'><img loading=\"lazy\" decoding=\"async\" width=\"150\" height=\"150\" src=\"https:\/\/www.radiopiu.net\/wordpress\/wp-content\/uploads\/2025\/09\/Percorso-Sellaronda-Bike-Day-150x150.jpg\" class=\"attachment-thumbnail size-thumbnail\" alt=\"\" \/><\/a>\n\t\t\t\t<\/dt><\/dl><dl class='gallery-item'>\n\t\t\t\t<dt class='gallery-icon landscape'>\n\t\t\t\t\t<a class=\"rollover rollover-zoom dt-pswp-item\" title=\"SELLARONDABIKEDAY-ARABBA\u00a9 freddy planinschek\" data-dt-img-description=\"\" data-large_image_width=\"2560\" data-large_image_height=\"1707\"href='https:\/\/www.radiopiu.net\/wordpress\/wp-content\/uploads\/2025\/09\/SELLARONDABIKEDAY-ARABBA\u00a9-freddy-planinschek-scaled.jpg'><img loading=\"lazy\" decoding=\"async\" width=\"150\" height=\"150\" src=\"https:\/\/www.radiopiu.net\/wordpress\/wp-content\/uploads\/2025\/09\/SELLARONDABIKEDAY-ARABBA\u00a9-freddy-planinschek-150x150.jpg\" class=\"attachment-thumbnail size-thumbnail\" alt=\"\" \/><\/a>\n\t\t\t\t<\/dt><\/dl><dl class='gallery-item'>\n\t\t\t\t<dt class='gallery-icon landscape'>\n\t\t\t\t\t<a class=\"rollover rollover-zoom dt-pswp-item\" title=\"SELLARONDABIKEDAY\u00a9 freddy planinschek\" data-dt-img-description=\"\" data-large_image_width=\"2560\" data-large_image_height=\"1707\"href='https:\/\/www.radiopiu.net\/wordpress\/wp-content\/uploads\/2025\/09\/SELLARONDABIKEDAY\u00a9-freddy-planinschek-scaled.jpg'><img loading=\"lazy\" decoding=\"async\" width=\"150\" height=\"150\" src=\"https:\/\/www.radiopiu.net\/wordpress\/wp-content\/uploads\/2025\/09\/SELLARONDABIKEDAY\u00a9-freddy-planinschek-150x150.jpg\" class=\"attachment-thumbnail size-thumbnail\" alt=\"\" \/><\/a>\n\t\t\t\t<\/dt><\/dl><br style=\"clear: both\" \/>\n\t\t\t<\/div>\n\n<p>&nbsp;<\/p>\n<p>&nbsp;<\/p>\n<p>&nbsp;<\/p>\n<hr \/>\n<p data-start=\"43\" data-end=\"129\"><strong data-start=\"43\" data-end=\"127\">\u00a0<\/strong><\/p>\n<p data-start=\"43\" data-end=\"129\"><strong data-start=\"43\" data-end=\"127\">\u201c100 SOLLEDER LETTENBAUER\u201d, DOCUMENTARIO PER I CENT\u2019ANNI DELLA VIA SULLA CIVETTA<\/strong><\/p>\n<blockquote>\n<p data-start=\"131\" data-end=\"374\"><em>Il 7 agosto del 1925 Emil Solleder e Gustav Lettenbauer realizzarono, sulla parete nord-ovest della Civetta, quella via che \u00e8 passata alla storia come l\u2019inizio ufficiale dell\u2019epopea del VI grado.<\/em><\/p>\n<\/blockquote>\n<p data-start=\"131\" data-end=\"374\"><strong><a class=\"dt-pswp-item\" href=\"https:\/\/www.radiopiu.net\/wordpress\/wp-content\/uploads\/2025\/09\/FigureCivetta-Solleder_Lettenbauer.jpg\" data-dt-img-description=\"\" data-large_image_width=\"500\" data-large_image_height=\"384\"><img loading=\"lazy\" decoding=\"async\" class=\" wp-image-468270 alignleft\" src=\"https:\/\/www.radiopiu.net\/wordpress\/wp-content\/uploads\/2025\/09\/FigureCivetta-Solleder_Lettenbauer-300x230.jpg\" alt=\"\" width=\"198\" height=\"152\" srcset=\"https:\/\/www.radiopiu.net\/wordpress\/wp-content\/uploads\/2025\/09\/FigureCivetta-Solleder_Lettenbauer-300x230.jpg 300w, https:\/\/www.radiopiu.net\/wordpress\/wp-content\/uploads\/2025\/09\/FigureCivetta-Solleder_Lettenbauer.jpg 500w\" sizes=\"auto, (max-width: 198px) 100vw, 198px\" \/><\/a>ALLEGHE<\/strong> Sar\u00e0 presentato sabato 27 settembre alle 20.30 nella palestra comunale di Caprile il documentario <em data-start=\"233\" data-end=\"259\">100 Solleder Lettenbauer<\/em>, dedicato ai cent\u2019anni della storica via sulla Nord-Ovest della Civetta, realizzato con il sostegno del Cai.<\/p>\n<p data-start=\"376\" data-end=\"551\">La proiezione concluder\u00e0 una giornata di eventi: al mattino un incontro con il Soccorso Alpino e al pomeriggio le testimonianze di alpinisti sulla \u201cParete delle Pareti\u201d.<\/p>\n<p data-start=\"553\" data-end=\"813\">Il progetto \u00e8 nato da un\u2019idea di Valter Bellenzier con i rifugisti De Zordo e De Bona, ed \u00e8 stato sviluppato da Alessandro Ba\u00f9, Alessandro Beber ed Emanuele Confortin, che con una cordata di sei alpinisti ha ripetuto la via per realizzare le riprese.<\/p>\n<p data-start=\"815\" data-end=\"1033\">Oltre alle immagini attuali, il documentario raccoglie materiali d\u2019archivio, testimonianze e contributi di grandi protagonisti della Civetta, con il montaggio firmato da Confortin insieme a un team di professionisti.<\/p>\n<p>FOTO\u00a0 gognablog.sherpa-gate.com<\/p>\n<p>&nbsp;<\/p>\n<p>&nbsp;<\/p>\n<hr \/>\n<p>&nbsp;<\/p>\n<h3><strong>CONSIGLIO COMUNALE<\/strong><\/h3>\n<p><strong>SAN TOMASO<\/strong> Venerdi alle 20, all&#8217;ordine del giorno il bilancio di previsione finanziario 2025-2027, aggiornamento del Dup e del piano triennale degli investimenti<\/p>\n<p>&nbsp;<\/p>\n<p>&nbsp;<\/p>\n<p>&nbsp;<\/p>\n<hr \/>\n<p>&nbsp;<\/p>\n<p>&nbsp;<\/p>\n<blockquote>\n<h1>LA FESTA DELLA DESMONTEGADA ACCENDE SANTA FOSCA<\/h1>\n<\/blockquote>\n<p><strong data-start=\"131\" data-end=\"151\"><img loading=\"lazy\" decoding=\"async\" class=\"alignleft\" src=\"https:\/\/www.radiopiu.net\/wordpress\/wp-content\/uploads\/2025\/09\/Desmontegada-valfiorentina-dolomiti.jpg\" width=\"269\" height=\"179\" \/>SELVA DI CADORE.<\/strong> Sta per tornare uno degli appuntamenti pi\u00f9 attesi delle Dolomiti: la Festa della Desmontegada, giunta alla sua tredicesima edizione. Sabato 13 e domenica 14 settembre, Santa Fosca si trasformer\u00e0 in un grande palcoscenico a cielo aperto, dove tradizione, musica e sapori autentici saranno protagonisti. Il programma prevede due giornate ricche di eventi: stand gastronomici con prodotti tipici, mercatini dell\u2019artigianato locale, giochi per grandi e bambini e tanta musica dal vivo. Il momento pi\u00f9 atteso sar\u00e0 domenica mattina, alle ore 11, con la spettacolare sfilata del bestiame di ritorno da malghe e pascoli, nel cuore del paese. Un rito antico che conserva intatto il fascino della vera vita di montagna. Per consentire lo svolgimento della manifestazione, domenica 14 settembre la Strada Provinciale 251 rester\u00e0 chiusa al traffico da Pescul a Santa Fosca, dalle ore 10 alle 12. La Festa della Desmontegada \u00e8 resa possibile grazie al prezioso contributo di sponsor, volontari e associazioni locali, che con impegno e passione rinnovano ogni anno un appuntamento capace di unire comunit\u00e0, turisti e amanti della montagna.<\/p>\n<p>&nbsp;<\/p>\n<hr \/>\n<blockquote class=\"wp-embedded-content\" data-secret=\"sH8biulW1c\"><p><a href=\"https:\/\/www.radiopiu.net\/wordpress\/voci-di-montagna-radio-pio-alla-scoperta-dei-rifugi-delle-dolomiti\/\">VOCI DI MONTAGNA \u2013 RADIO PI\u00d9 E LEONARDO CHINELLATO ALLA SCOPERTA DEI RIFUGI DELLE DOLOMITI<\/a><\/p><\/blockquote>\n<p><iframe loading=\"lazy\" class=\"wp-embedded-content\" sandbox=\"allow-scripts\" security=\"restricted\" style=\"position: absolute; visibility: hidden;\" title=\"&#8220;VOCI DI MONTAGNA \u2013 RADIO PI\u00d9 E LEONARDO CHINELLATO ALLA SCOPERTA DEI RIFUGI DELLE DOLOMITI&#8221; &#8212; Radio Pi\u00f9\" src=\"https:\/\/www.radiopiu.net\/wordpress\/voci-di-montagna-radio-pio-alla-scoperta-dei-rifugi-delle-dolomiti\/embed\/#?secret=CWu9lw9O82#?secret=sH8biulW1c\" data-secret=\"sH8biulW1c\" width=\"600\" height=\"338\" frameborder=\"0\" marginwidth=\"0\" marginheight=\"0\" scrolling=\"no\"><\/iframe><\/p>\n<p>&nbsp;<\/p>\n<p>&nbsp;<\/p>\n<hr \/>\n<blockquote>\n<h3><\/h3>\n<h3><a class=\"dt-pswp-item\" href=\"https:\/\/www.radiopiu.net\/wordpress\/wp-content\/uploads\/2025\/08\/WhatsApp-Image-2025-08-21-at-16.48.41.jpeg\" data-dt-img-description=\"\" data-large_image_width=\"1107\" data-large_image_height=\"1600\"><img loading=\"lazy\" decoding=\"async\" class=\" wp-image-466935 alignleft\" src=\"https:\/\/www.radiopiu.net\/wordpress\/wp-content\/uploads\/2025\/08\/WhatsApp-Image-2025-08-21-at-16.48.41-208x300.jpeg\" alt=\"\" width=\"108\" height=\"156\" srcset=\"https:\/\/www.radiopiu.net\/wordpress\/wp-content\/uploads\/2025\/08\/WhatsApp-Image-2025-08-21-at-16.48.41-208x300.jpeg 208w, https:\/\/www.radiopiu.net\/wordpress\/wp-content\/uploads\/2025\/08\/WhatsApp-Image-2025-08-21-at-16.48.41-708x1024.jpeg 708w, https:\/\/www.radiopiu.net\/wordpress\/wp-content\/uploads\/2025\/08\/WhatsApp-Image-2025-08-21-at-16.48.41-768x1110.jpeg 768w, https:\/\/www.radiopiu.net\/wordpress\/wp-content\/uploads\/2025\/08\/WhatsApp-Image-2025-08-21-at-16.48.41-1063x1536.jpeg 1063w, https:\/\/www.radiopiu.net\/wordpress\/wp-content\/uploads\/2025\/08\/WhatsApp-Image-2025-08-21-at-16.48.41.jpeg 1107w\" sizes=\"auto, (max-width: 108px) 100vw, 108px\" \/><\/a><\/h3>\n<h3>SILICOSI, L\u2019OLOCAUSTO DIMENTICATO<\/h3>\n<\/blockquote>\n<p><strong>RIVAMONTE<\/strong> Il 13 settembre alle 17, al Centro Minerario di Valle Imperina a Rivamonte Agordino, sar\u00e0 presentato il volume <em data-start=\"218\" data-end=\"275\">Silicosi. L\u2019olocausto dimenticato della montagna veneta<\/em>, scritto dal giornalista e ricercatore Egidio Pasuch. L\u2019opera ricostruisce una tragedia che ha segnato intere comunit\u00e0 del Bellunese negli anni Sessanta e Settanta: la silicosi, \u00abla pi\u00f9 micidiale malattia professionale dell\u2019era moderna\u00bb, che caus\u00f2 migliaia di morti e trasform\u00f2 paesi in \u201cvillaggi di vedove\u201d. All\u2019incontro interverranno l\u2019autore, Antonio Di Franco (Fillea CGIL) e il pneumologo Gian Marcello D\u2019Ambros. Ingresso libero.<\/p>\n<p>&nbsp;<\/p>\n<p>&nbsp;<\/p>\n<p>&nbsp;<\/p>\n<hr \/>\n<p>&nbsp;<\/p>\n<p>&nbsp;<\/p>\n<blockquote>\n<p data-start=\"0\" data-end=\"64\"><strong data-start=\"0\" data-end=\"62\"><a class=\"dt-pswp-item\" href=\"https:\/\/www.radiopiu.net\/wordpress\/wp-content\/uploads\/2025\/09\/Screenshot-2025-09-10-194035.png\" data-dt-img-description=\"\" data-large_image_width=\"380\" data-large_image_height=\"305\"><img loading=\"lazy\" decoding=\"async\" class=\"wp-image-469111 alignleft\" src=\"https:\/\/www.radiopiu.net\/wordpress\/wp-content\/uploads\/2025\/09\/Screenshot-2025-09-10-194035-300x241.png\" alt=\"\" width=\"148\" height=\"119\" srcset=\"https:\/\/www.radiopiu.net\/wordpress\/wp-content\/uploads\/2025\/09\/Screenshot-2025-09-10-194035-300x241.png 300w, https:\/\/www.radiopiu.net\/wordpress\/wp-content\/uploads\/2025\/09\/Screenshot-2025-09-10-194035.png 380w\" sizes=\"auto, (max-width: 148px) 100vw, 148px\" \/><\/a>\u201cCHI VUOL ESSERE PINOCCHIO?\u201d DOMENICA ALLA CARTIERA DI VAS<\/strong><\/p>\n<\/blockquote>\n<p data-start=\"66\" data-end=\"371\"><strong>SETTEVILLE<\/strong> Domenica 28 settembre 2025 la Cartiera di Vas (BL) ospita la passeggiata narrativa <em data-start=\"149\" data-end=\"179\">\u201cChi vuol essere Pinocchio?\u201d<\/em>, un evento per ragazzi, famiglie e camminatori curiosi. Lungo un sentiero ad anello si svilupper\u00e0 una narrazione itinerante della favola di Collodi, con tappe dedicate al celebre burattino. L\u2019iniziativa sar\u00e0 anche inclusiva: grazie alle jo\u00eblette, persone con disabilit\u00e0 motoria potranno partecipare all\u2019escursione. Al termine, giochi e prove a tema premieranno chi sapr\u00e0 \u201cdiventare bambino vero\u201d. Per informazioni: Loris 348 5728754.<\/p>\n<p>&nbsp;<\/p>\n<p>&nbsp;<\/p>\n<hr \/>\n<p>&nbsp;<\/p>\n<blockquote>\n<h3><a class=\"dt-pswp-item\" href=\"https:\/\/www.radiopiu.net\/wordpress\/wp-content\/uploads\/2025\/09\/1e63c571-c4cc-49a9-9b4c-bfc340992c60.jpg\" data-dt-img-description=\"\" data-large_image_width=\"579\" data-large_image_height=\"595\"><img loading=\"lazy\" decoding=\"async\" class=\" wp-image-468238 alignleft\" src=\"https:\/\/www.radiopiu.net\/wordpress\/wp-content\/uploads\/2025\/09\/1e63c571-c4cc-49a9-9b4c-bfc340992c60-292x300.jpg\" alt=\"\" width=\"170\" height=\"175\" srcset=\"https:\/\/www.radiopiu.net\/wordpress\/wp-content\/uploads\/2025\/09\/1e63c571-c4cc-49a9-9b4c-bfc340992c60-292x300.jpg 292w, https:\/\/www.radiopiu.net\/wordpress\/wp-content\/uploads\/2025\/09\/1e63c571-c4cc-49a9-9b4c-bfc340992c60.jpg 579w\" sizes=\"auto, (max-width: 170px) 100vw, 170px\" \/><\/a>14 SETTEMBRE: LA MANIFESTAZIONE ANTIFASCISTA A PIAN DEL CANSIGLIO<\/h3>\n<\/blockquote>\n<p><strong>TAMBRE<\/strong><\/p>\n<p>DI ROBERTO BONA<\/p>\n<audio class=\"wp-audio-shortcode\" id=\"audio-469033-15\" preload=\"none\" style=\"width: 100%;\" controls=\"controls\"><source type=\"audio\/mpeg\" src=\"https:\/\/www.radiopiu.net\/wordpress\/wp-content\/uploads\/2025\/09\/gr-06-tutti-in-pian-del-cansiglio-bona.mp3?_=15\" \/><a href=\"https:\/\/www.radiopiu.net\/wordpress\/wp-content\/uploads\/2025\/09\/gr-06-tutti-in-pian-del-cansiglio-bona.mp3\">https:\/\/www.radiopiu.net\/wordpress\/wp-content\/uploads\/2025\/09\/gr-06-tutti-in-pian-del-cansiglio-bona.mp3<\/a><\/audio>\n<p>&nbsp;<\/p>\n<hr \/>\n<blockquote>\n<p data-start=\"49\" data-end=\"123\"><strong data-start=\"49\" data-end=\"121\">\u00a0<\/strong><\/p>\n<p data-start=\"49\" data-end=\"123\"><strong data-start=\"49\" data-end=\"121\">CERIMONIA ANNUALE PER I CADUTI DELLA MONTAGNA E GLI ALPINI A BELLUNO<\/strong><\/p>\n<\/blockquote>\n<p>La Sezione di Belluno del Club Alpino Italiano informa che sabato 13 settembre alle 11, al Rifugio 7\u00b0 Alpini al Pis Pilon, sotto le pareti della Schiara, si terr\u00e0 la Cerimonia annuale in memoria dei Caduti della Montagna e degli Alpini \u201candati avanti\u201d, con Santa Messa presso la Cappella della Regina Alpinorum.<\/p>\n<p>&nbsp;<\/p>\n<hr \/>\n<blockquote>\n<h3><\/h3>\n<h3>LANTRAGO SI RACCONTA: FINO AL 15 SETTEMBRE LA MOSTRA FOTOGRAFICA \u201cLA VAL DA INCORNIS\u00c0\u201d<\/h3>\n<\/blockquote>\n<p><strong>LA VALLE AGORDINA <\/strong>Fino al 15 settembre, Lantrago (Lantr\u00e0ch in dialetto) ospita la rassegna fotografica \u201cLa Val da Incornis\u00e0 \u2013 vite e ricordi nel cassetto\u201d, organizzata dalla Pro Loco La Val. Giunta alla quarta edizione, dopo Conaggia, Fades e Gaidon, quest\u2019anno \u00e8 dedicata a uno dei borghi centrali di La Valle Agordina<\/p>\n<p>&nbsp;<\/p>\n<hr \/>\n<blockquote>\n<h3><\/h3>\n<h3>MOSTRA FOTOGRAFICA DEDICATA A RUGGERO MONEGO \u201cTABOR\u201d<\/h3>\n<\/blockquote>\n<p><strong><a class=\"dt-pswp-item\" href=\"https:\/\/www.radiopiu.net\/wordpress\/wp-content\/uploads\/2025\/09\/3bc86872-9cc9-4575-9375-bb5be6ac31db-scaled.png\" data-dt-img-description=\"\" data-large_image_width=\"1920\" data-large_image_height=\"2560\"><img loading=\"lazy\" decoding=\"async\" class=\" wp-image-468182 alignleft\" src=\"https:\/\/www.radiopiu.net\/wordpress\/wp-content\/uploads\/2025\/09\/3bc86872-9cc9-4575-9375-bb5be6ac31db-225x300.png\" alt=\"\" width=\"110\" height=\"147\" srcset=\"https:\/\/www.radiopiu.net\/wordpress\/wp-content\/uploads\/2025\/09\/3bc86872-9cc9-4575-9375-bb5be6ac31db-225x300.png 225w, https:\/\/www.radiopiu.net\/wordpress\/wp-content\/uploads\/2025\/09\/3bc86872-9cc9-4575-9375-bb5be6ac31db-768x1024.png 768w, https:\/\/www.radiopiu.net\/wordpress\/wp-content\/uploads\/2025\/09\/3bc86872-9cc9-4575-9375-bb5be6ac31db-1152x1536.png 1152w, https:\/\/www.radiopiu.net\/wordpress\/wp-content\/uploads\/2025\/09\/3bc86872-9cc9-4575-9375-bb5be6ac31db-1536x2048.png 1536w, https:\/\/www.radiopiu.net\/wordpress\/wp-content\/uploads\/2025\/09\/3bc86872-9cc9-4575-9375-bb5be6ac31db-scaled.png 1920w\" sizes=\"auto, (max-width: 110px) 100vw, 110px\" \/><\/a>SEDICO <\/strong>Venerd\u00ec 12 settembre 2025, alle ore 18:00, a Villa De Manzoni ai Patt di Sedico, si inaugura la mostra fotografica <em data-start=\"171\" data-end=\"223\">\u201cRuggero Monego: una vita coraggiosamente vissuta\u201d<\/em>, visitabile fino al 28 settembre. L\u2019esposizione, promossa dall\u2019ISBREC con enti e associazioni locali, racconta attraverso scatti storici il giorno della Liberazione a Santa Giustina e Belluno. Le immagini, realizzate da Monego il 2 maggio 1945, testimoniano la gioia per l\u2019arrivo delle truppe alleate. Eventi collaterali, letture, incontri e visite guidate arricchiranno l\u2019iniziativa, con ingresso libero nei fine settimana.<\/p>\n<p><strong>DI ROBERTO BONA<\/strong><\/p>\n<audio class=\"wp-audio-shortcode\" id=\"audio-469033-16\" preload=\"none\" style=\"width: 100%;\" controls=\"controls\"><source type=\"audio\/mpeg\" src=\"https:\/\/www.radiopiu.net\/wordpress\/wp-content\/uploads\/2025\/09\/MostraFotograficaMonegoRuggero.mp3?_=16\" \/><a href=\"https:\/\/www.radiopiu.net\/wordpress\/wp-content\/uploads\/2025\/09\/MostraFotograficaMonegoRuggero.mp3\">https:\/\/www.radiopiu.net\/wordpress\/wp-content\/uploads\/2025\/09\/MostraFotograficaMonegoRuggero.mp3<\/a><\/audio>\n<p>&nbsp;<\/p>\n<p>&nbsp;<\/p>\n<hr \/>\n<p>&nbsp;<\/p>\n<p>&nbsp;<\/p>\n<blockquote>\n<h2>MOTORI E SPERANZA, LA TERZA EDIZIONE A FALCADE<\/h2>\n<\/blockquote>\n<p><strong><a class=\"dt-pswp-item\" href=\"https:\/\/www.radiopiu.net\/wordpress\/wp-content\/uploads\/2024\/10\/lgql.png\" data-dt-img-description=\"\" data-large_image_width=\"660\" data-large_image_height=\"415\"><img loading=\"lazy\" decoding=\"async\" class=\" wp-image-412010 alignleft\" src=\"https:\/\/www.radiopiu.net\/wordpress\/wp-content\/uploads\/2024\/10\/lgql-300x189.png\" alt=\"\" width=\"190\" height=\"120\" srcset=\"https:\/\/www.radiopiu.net\/wordpress\/wp-content\/uploads\/2024\/10\/lgql-300x189.png 300w, https:\/\/www.radiopiu.net\/wordpress\/wp-content\/uploads\/2024\/10\/lgql.png 660w\" sizes=\"auto, (max-width: 190px) 100vw, 190px\" \/><\/a>DI MARCO GAZ<\/strong><\/p>\n<p>OSPITE: Mauro Riva ed Enzo Slongo<\/p>\n<p>&nbsp;<\/p>\n<p>&nbsp;<\/p>\n<p>&nbsp;<\/p>\n<audio class=\"wp-audio-shortcode\" id=\"audio-469033-17\" preload=\"none\" style=\"width: 100%;\" controls=\"controls\"><source type=\"audio\/mpeg\" src=\"https:\/\/www.radiopiu.net\/wordpress\/wp-content\/uploads\/2024\/10\/MOTORI-E-SPERANZA-2025-MAURO-RIVA-ENZO-SLONGO.mp3?_=17\" \/><a href=\"https:\/\/www.radiopiu.net\/wordpress\/wp-content\/uploads\/2024\/10\/MOTORI-E-SPERANZA-2025-MAURO-RIVA-ENZO-SLONGO.mp3\">https:\/\/www.radiopiu.net\/wordpress\/wp-content\/uploads\/2024\/10\/MOTORI-E-SPERANZA-2025-MAURO-RIVA-ENZO-SLONGO.mp3<\/a><\/audio>\n<p>&nbsp;<\/p>\n<p>&nbsp;<\/p>\n<p>&nbsp;<\/p>\n<hr \/>\n<p>&nbsp;<\/p>\n<blockquote>\n<h1>MIRCO DE BONA ASSISTENZA TECNICA ALLA RADIO &#8211; LO SPECIALE<\/h1>\n<\/blockquote>\n<p><iframe loading=\"lazy\" title=\"MDB PUNTATA 4   SETTEMBRE 2025\" width=\"1200\" height=\"675\" src=\"https:\/\/www.youtube.com\/embed\/tY3FqNoEqng?feature=oembed\" frameborder=\"0\" allow=\"accelerometer; autoplay; clipboard-write; encrypted-media; gyroscope; picture-in-picture; web-share\" referrerpolicy=\"strict-origin-when-cross-origin\" allowfullscreen><\/iframe><\/p>\n<h1>LA RACCOLTA COMPLETA<\/h1>\n<blockquote class=\"wp-embedded-content\" data-secret=\"OwEdDxeVH8\"><p><a href=\"https:\/\/www.radiopiu.net\/wordpress\/mirco-de-bona-assistenza-tecnica-alla-radio-lo-speciale\/\">MIRCO DE BONA ASSISTENZA TECNICA ALLA RADIO &#8211; LO SPECIALE<\/a><\/p><\/blockquote>\n<p><iframe loading=\"lazy\" class=\"wp-embedded-content\" sandbox=\"allow-scripts\" security=\"restricted\" style=\"position: absolute; visibility: hidden;\" title=\"&#8220;MIRCO DE BONA ASSISTENZA TECNICA ALLA RADIO &#8211; LO SPECIALE&#8221; &#8212; Radio Pi\u00f9\" src=\"https:\/\/www.radiopiu.net\/wordpress\/mirco-de-bona-assistenza-tecnica-alla-radio-lo-speciale\/embed\/#?secret=6bGjEW9fUI#?secret=OwEdDxeVH8\" data-secret=\"OwEdDxeVH8\" width=\"600\" height=\"338\" frameborder=\"0\" marginwidth=\"0\" marginheight=\"0\" scrolling=\"no\"><\/iframe><\/p>\n<p>&nbsp;<\/p>\n<hr \/>\n<p>&nbsp;<\/p>\n<h2><span style=\"color: #333399;\">I CORSI ITS ACADEMY<\/span><\/h2>\n<p><strong><a class=\"dt-pswp-item\" href=\"https:\/\/www.radiopiu.net\/wordpress\/wp-content\/uploads\/2025\/09\/Screenshot-2025-09-04-063518.png\" data-dt-img-description=\"\" data-large_image_width=\"246\" data-large_image_height=\"138\"><img loading=\"lazy\" decoding=\"async\" class=\"size-full wp-image-467986 alignleft\" src=\"https:\/\/www.radiopiu.net\/wordpress\/wp-content\/uploads\/2025\/09\/Screenshot-2025-09-04-063518.png\" alt=\"\" width=\"246\" height=\"138\" \/><\/a>DI MIRKO MEZZACASA<\/strong><\/p>\n<p>OSPITE: Enrica Scopel Direttrice ITS Academy<\/p>\n<audio class=\"wp-audio-shortcode\" id=\"audio-469033-18\" preload=\"none\" style=\"width: 100%;\" controls=\"controls\"><source type=\"audio\/mpeg\" src=\"https:\/\/www.radiopiu.net\/wordpress\/wp-content\/uploads\/2025\/09\/ENRICA-SCOPEL-DIRETTORE-ITS.mp3?_=18\" \/><a href=\"https:\/\/www.radiopiu.net\/wordpress\/wp-content\/uploads\/2025\/09\/ENRICA-SCOPEL-DIRETTORE-ITS.mp3\">https:\/\/www.radiopiu.net\/wordpress\/wp-content\/uploads\/2025\/09\/ENRICA-SCOPEL-DIRETTORE-ITS.mp3<\/a><\/audio>\n<p>&nbsp;<\/p>\n<p>&nbsp;<\/p>\n<p>&nbsp;<\/p>\n<hr \/>\n<p>&nbsp;<\/p>\n<blockquote>\n<h1>DDOMIA DOLOMITI, &#8220;ABBIAMO LA PERSONA GIUSTA PER TE&#8221;<\/h1>\n<\/blockquote>\n<p><strong><img loading=\"lazy\" decoding=\"async\" class=\"alignleft\" src=\"https:\/\/www.radiopiu.net\/wordpress\/wp-content\/uploads\/2025\/09\/0d425ac3-0ce4-48eb-b4b6-1f8f5a4f7ff4-e1757410516621.jpg\" width=\"243\" height=\"137\" \/>Con la Presidente di DDOMIA DOLOMITI\u00a0 Alice Mannai e con il vice presidente Manuel Rosso<\/strong><\/p>\n<p><strong>di mirko mezzacasa<\/strong><\/p>\n<p>&nbsp;<\/p>\n<p>&nbsp;<\/p>\n<p>&nbsp;<\/p>\n<p><strong>AUDIO<\/strong><\/p>\n<audio class=\"wp-audio-shortcode\" id=\"audio-469033-19\" preload=\"none\" style=\"width: 100%;\" controls=\"controls\"><source type=\"audio\/mpeg\" src=\"https:\/\/www.radiopiu.net\/wordpress\/wp-content\/uploads\/2025\/09\/MANUEL-ED-ALICE-BADANTI.mp3?_=19\" \/><a href=\"https:\/\/www.radiopiu.net\/wordpress\/wp-content\/uploads\/2025\/09\/MANUEL-ED-ALICE-BADANTI.mp3\">https:\/\/www.radiopiu.net\/wordpress\/wp-content\/uploads\/2025\/09\/MANUEL-ED-ALICE-BADANTI.mp3<\/a><\/audio>\n<p>&nbsp;<\/p>\n<p>&nbsp;<\/p>\n<hr \/>\n<p>&nbsp;<\/p>\n<blockquote>\n<h1>BATTI CINQUE&#8230;CON MARINA ED ALESSIO &#8211; LA RACCOLTA<\/h1>\n<\/blockquote>\n<p>&nbsp;<\/p>\n<p><strong><a class=\"dt-pswp-item\" href=\"https:\/\/www.radiopiu.net\/wordpress\/wp-content\/uploads\/2024\/10\/2b41afd1-2910-40a2-aa8e-1f6263104f30.jpg\" data-dt-img-description=\"\" data-large_image_width=\"2048\" data-large_image_height=\"1536\"><img loading=\"lazy\" decoding=\"async\" class=\" wp-image-415813 alignleft\" src=\"https:\/\/www.radiopiu.net\/wordpress\/wp-content\/uploads\/2024\/10\/2b41afd1-2910-40a2-aa8e-1f6263104f30-300x225.jpg\" alt=\"\" width=\"135\" height=\"101\" srcset=\"https:\/\/www.radiopiu.net\/wordpress\/wp-content\/uploads\/2024\/10\/2b41afd1-2910-40a2-aa8e-1f6263104f30-300x225.jpg 300w, https:\/\/www.radiopiu.net\/wordpress\/wp-content\/uploads\/2024\/10\/2b41afd1-2910-40a2-aa8e-1f6263104f30-1024x768.jpg 1024w, https:\/\/www.radiopiu.net\/wordpress\/wp-content\/uploads\/2024\/10\/2b41afd1-2910-40a2-aa8e-1f6263104f30-768x576.jpg 768w, https:\/\/www.radiopiu.net\/wordpress\/wp-content\/uploads\/2024\/10\/2b41afd1-2910-40a2-aa8e-1f6263104f30-1536x1152.jpg 1536w, https:\/\/www.radiopiu.net\/wordpress\/wp-content\/uploads\/2024\/10\/2b41afd1-2910-40a2-aa8e-1f6263104f30.jpg 2048w\" sizes=\"auto, (max-width: 135px) 100vw, 135px\" \/><\/a>REDAZIONE<\/strong> Un confronto tra generazioni, lo si pu\u00f2 definire cos\u00ec il nuovo programma pomeridiano di Radio Pi\u00f9. &#8220;Batti Cinque&#8221; il titolo del contenitore in onda il mercoled\u00ec dalle 15 a cadenza quindicinale. In studio Marina ed Alessio<\/p>\n<p><span style=\"color: #ff0000;\"><strong>\u00a0<\/strong><\/span><\/p>\n<p>&nbsp;<\/p>\n<p>&nbsp;<\/p>\n<p><span style=\"color: #ff0000;\"><strong>PUNTATA 23 PRIMA PARTE<\/strong><\/span><\/p>\n<audio class=\"wp-audio-shortcode\" id=\"audio-469033-20\" preload=\"none\" style=\"width: 100%;\" controls=\"controls\"><source type=\"audio\/mpeg\" src=\"https:\/\/www.radiopiu.net\/wordpress\/wp-content\/uploads\/2025\/09\/BATTI-5-VENTIDUESIMA-PUNTATA-3.mp3?_=20\" \/><a href=\"https:\/\/www.radiopiu.net\/wordpress\/wp-content\/uploads\/2025\/09\/BATTI-5-VENTIDUESIMA-PUNTATA-3.mp3\">https:\/\/www.radiopiu.net\/wordpress\/wp-content\/uploads\/2025\/09\/BATTI-5-VENTIDUESIMA-PUNTATA-3.mp3<\/a><\/audio>\n<p><span style=\"color: #ff0000;\"><strong>SECONDA PARTE<\/strong><\/span><\/p>\n<audio class=\"wp-audio-shortcode\" id=\"audio-469033-21\" preload=\"none\" style=\"width: 100%;\" controls=\"controls\"><source type=\"audio\/mpeg\" src=\"https:\/\/www.radiopiu.net\/wordpress\/wp-content\/uploads\/2025\/09\/BATTI-5-VENTIDUESIMA-PUNTATA-2.mp3?_=21\" \/><a href=\"https:\/\/www.radiopiu.net\/wordpress\/wp-content\/uploads\/2025\/09\/BATTI-5-VENTIDUESIMA-PUNTATA-2.mp3\">https:\/\/www.radiopiu.net\/wordpress\/wp-content\/uploads\/2025\/09\/BATTI-5-VENTIDUESIMA-PUNTATA-2.mp3<\/a><\/audio>\n<p><span style=\"color: #ff0000;\"><strong>TERZA PARTE<\/strong><\/span><\/p>\n<audio class=\"wp-audio-shortcode\" id=\"audio-469033-22\" preload=\"none\" style=\"width: 100%;\" controls=\"controls\"><source type=\"audio\/mpeg\" src=\"https:\/\/www.radiopiu.net\/wordpress\/wp-content\/uploads\/2025\/09\/BATTI-5-VENTIDUESIMA-PUNTATA-1.mp3?_=22\" \/><a href=\"https:\/\/www.radiopiu.net\/wordpress\/wp-content\/uploads\/2025\/09\/BATTI-5-VENTIDUESIMA-PUNTATA-1.mp3\">https:\/\/www.radiopiu.net\/wordpress\/wp-content\/uploads\/2025\/09\/BATTI-5-VENTIDUESIMA-PUNTATA-1.mp3<\/a><\/audio>\n<p>&nbsp;<\/p>\n<h1>LA RACCOLTA COMPLETA<\/h1>\n<blockquote class=\"wp-embedded-content\" data-secret=\"ZbBBdweuwX\"><p><a href=\"https:\/\/www.radiopiu.net\/wordpress\/batti-cinque-con-marina-ed-alessio-la-raccolta\/\">BATTI CINQUE&#8230;CON MARINA ED ALESSIO &#8211; LA RACCOLTA<\/a><\/p><\/blockquote>\n<p><iframe loading=\"lazy\" class=\"wp-embedded-content\" sandbox=\"allow-scripts\" security=\"restricted\" style=\"position: absolute; visibility: hidden;\" title=\"&#8220;BATTI CINQUE&#8230;CON MARINA ED ALESSIO &#8211; LA RACCOLTA&#8221; &#8212; Radio Pi\u00f9\" src=\"https:\/\/www.radiopiu.net\/wordpress\/batti-cinque-con-marina-ed-alessio-la-raccolta\/embed\/#?secret=DgATMXpina#?secret=ZbBBdweuwX\" data-secret=\"ZbBBdweuwX\" width=\"600\" height=\"338\" frameborder=\"0\" marginwidth=\"0\" marginheight=\"0\" scrolling=\"no\"><\/iframe><\/p>\n<p>&nbsp;<\/p>\n<hr \/>\n<p>&nbsp;<\/p>\n<p>&nbsp;<\/p>\n<p>&nbsp;<\/p>\n<blockquote class=\"wp-embedded-content\" data-secret=\"kj8V27v89M\"><p><a href=\"https:\/\/www.radiopiu.net\/wordpress\/curiosando-il-programma\/\">CURIOSANDO&#8230; IL PROGRAMMA DI PAOLA LANCIATO<\/a><\/p><\/blockquote>\n<p><iframe loading=\"lazy\" class=\"wp-embedded-content\" sandbox=\"allow-scripts\" security=\"restricted\" style=\"position: absolute; visibility: hidden;\" title=\"&#8220;CURIOSANDO&#8230; IL PROGRAMMA DI PAOLA LANCIATO&#8221; &#8212; Radio Pi\u00f9\" src=\"https:\/\/www.radiopiu.net\/wordpress\/curiosando-il-programma\/embed\/#?secret=IB2byUEQwU#?secret=kj8V27v89M\" data-secret=\"kj8V27v89M\" width=\"600\" height=\"338\" frameborder=\"0\" marginwidth=\"0\" marginheight=\"0\" scrolling=\"no\"><\/iframe><\/p>\n<hr \/>\n<h2><\/h2>\n<h2><span style=\"color: #ff0000;\">I CONSIGLI DI GIANLUCA&#8230;DA DOLOMITI BEER &amp; WINE SHOP<\/span><\/h2>\n<p><strong><a class=\"dt-pswp-item\" href=\"https:\/\/www.radiopiu.net\/wordpress\/wp-content\/uploads\/2021\/03\/vino-300x199-1.jpg\" data-dt-img-description=\"\" data-large_image_width=\"300\" data-large_image_height=\"199\"><img loading=\"lazy\" decoding=\"async\" class=\" wp-image-199994 alignleft\" src=\"https:\/\/www.radiopiu.net\/wordpress\/wp-content\/uploads\/2021\/03\/vino-300x199-1.jpg\" alt=\"\" width=\"163\" height=\"108\" \/><\/a><\/strong><\/p>\n<p>&nbsp;<\/p>\n<p>&nbsp;<\/p>\n<p><strong>REDAZIONE<\/strong> Con l&#8217;arrivo dell&#8217;estate arrivano anche i consigli di Gianluca dal Dolomiti Beer &amp; Wine Shop<\/p>\n<p>&nbsp;<\/p>\n<p><strong>10 settembre 2025<\/strong><\/p>\n<audio class=\"wp-audio-shortcode\" id=\"audio-469033-23\" preload=\"none\" style=\"width: 100%;\" controls=\"controls\"><source type=\"audio\/mpeg\" src=\"https:\/\/www.radiopiu.net\/wordpress\/wp-content\/uploads\/2025\/09\/GWINE1A-6.mp3?_=23\" \/><a href=\"https:\/\/www.radiopiu.net\/wordpress\/wp-content\/uploads\/2025\/09\/GWINE1A-6.mp3\">https:\/\/www.radiopiu.net\/wordpress\/wp-content\/uploads\/2025\/09\/GWINE1A-6.mp3<\/a><\/audio>\n<h2><\/h2>\n<h2><strong>LA RACCOLTA COMPLETA <a href=\"https:\/\/www.radiopiu.net\/wordpress\/i-consigli-di-gianluca-aago19\/\"><span style=\"color: #3366ff;\">CLICCA QUI<\/span><\/a><\/strong><\/h2>\n<p>&nbsp;<\/p>\n<p>&nbsp;<\/p>\n<hr \/>\n<p>&nbsp;<\/p>\n<p>&nbsp;<\/p>\n<h2><span style=\"color: #ff0000;\"><a class=\"dt-pswp-item\" href=\"https:\/\/www.radiopiu.net\/wordpress\/wp-content\/uploads\/2018\/09\/appuntamenti.jpeg\" data-dt-img-description=\"\" data-large_image_width=\"800\" data-large_image_height=\"100\"><img loading=\"lazy\" decoding=\"async\" class=\"wp-image-61958 size-full aligncenter\" src=\"https:\/\/www.radiopiu.net\/wordpress\/wp-content\/uploads\/2018\/09\/appuntamenti.jpeg\" alt=\"\" width=\"800\" height=\"100\" srcset=\"https:\/\/www.radiopiu.net\/wordpress\/wp-content\/uploads\/2018\/09\/appuntamenti.jpeg 800w, https:\/\/www.radiopiu.net\/wordpress\/wp-content\/uploads\/2018\/09\/appuntamenti-300x38.jpeg 300w, https:\/\/www.radiopiu.net\/wordpress\/wp-content\/uploads\/2018\/09\/appuntamenti-768x96.jpeg 768w\" sizes=\"auto, (max-width: 800px) 100vw, 800px\" \/><\/a><\/span><\/h2>\n\n\t\t\t<style type='text\/css'>\n\t\t\t\t#gallery-9 {\n\t\t\t\t\tmargin: auto;\n\t\t\t\t}\n\t\t\t\t#gallery-9 .gallery-item {\n\t\t\t\t\tfloat: left;\n\t\t\t\t\tmargin-top: 10px;\n\t\t\t\t\ttext-align: center;\n\t\t\t\t\twidth: 20%;\n\t\t\t\t}\n\t\t\t\t#gallery-9 img {\n\t\t\t\t\tborder: 2px solid #cfcfcf;\n\t\t\t\t}\n\t\t\t\t#gallery-9 .gallery-caption {\n\t\t\t\t\tmargin-left: 0;\n\t\t\t\t}\n\t\t\t\t\/* see gallery_shortcode() in wp-includes\/media.php *\/\n\t\t\t<\/style>\n\t\t<div id='gallery-9' class='dt-gallery-container gallery galleryid-469033 gallery-columns-5 gallery-size-thumbnail'><dl class='gallery-item'>\n\t\t\t\t<dt class='gallery-icon portrait'>\n\t\t\t\t\t<a class=\"rollover rollover-zoom dt-pswp-item\" title=\"mostra_RotaSperti\" data-dt-img-description=\"\" data-large_image_width=\"1414\" data-large_image_height=\"2000\"href='https:\/\/www.radiopiu.net\/wordpress\/wp-content\/uploads\/2025\/06\/mostra_RotaSperti.png'><img loading=\"lazy\" decoding=\"async\" width=\"150\" height=\"150\" src=\"https:\/\/www.radiopiu.net\/wordpress\/wp-content\/uploads\/2025\/06\/mostra_RotaSperti-150x150.png\" class=\"attachment-thumbnail size-thumbnail\" alt=\"\" \/><\/a>\n\t\t\t\t<\/dt><\/dl><dl class='gallery-item'>\n\t\t\t\t<dt class='gallery-icon portrait'>\n\t\t\t\t\t<a class=\"rollover rollover-zoom dt-pswp-item\" title=\"fac4fca6-e68b-4407-9911-927fad81e2d6\" data-dt-img-description=\"\" data-large_image_width=\"1080\" data-large_image_height=\"1507\"href='https:\/\/www.radiopiu.net\/wordpress\/wp-content\/uploads\/2025\/06\/fac4fca6-e68b-4407-9911-927fad81e2d6.jpg'><img loading=\"lazy\" decoding=\"async\" width=\"150\" height=\"150\" src=\"https:\/\/www.radiopiu.net\/wordpress\/wp-content\/uploads\/2025\/06\/fac4fca6-e68b-4407-9911-927fad81e2d6-150x150.jpg\" class=\"attachment-thumbnail size-thumbnail\" alt=\"\" \/><\/a>\n\t\t\t\t<\/dt><\/dl><dl class='gallery-item'>\n\t\t\t\t<dt class='gallery-icon portrait'>\n\t\t\t\t\t<a class=\"rollover rollover-zoom dt-pswp-item\" title=\"3962b3bb-de84-4fa0-beb8-8af3574e8151\" data-dt-img-description=\"\" data-large_image_width=\"1132\" data-large_image_height=\"1600\"href='https:\/\/www.radiopiu.net\/wordpress\/wp-content\/uploads\/2025\/07\/3962b3bb-de84-4fa0-beb8-8af3574e8151.jpg'><img loading=\"lazy\" decoding=\"async\" width=\"150\" height=\"150\" src=\"https:\/\/www.radiopiu.net\/wordpress\/wp-content\/uploads\/2025\/07\/3962b3bb-de84-4fa0-beb8-8af3574e8151-150x150.jpg\" class=\"attachment-thumbnail size-thumbnail\" alt=\"\" \/><\/a>\n\t\t\t\t<\/dt><\/dl><dl class='gallery-item'>\n\t\t\t\t<dt class='gallery-icon landscape'>\n\t\t\t\t\t<a class=\"rollover rollover-zoom dt-pswp-item\" title=\"515444840_1149597150531066_7749231705219023918_n\" data-dt-img-description=\"\" data-large_image_width=\"1440\" data-large_image_height=\"1079\"href='https:\/\/www.radiopiu.net\/wordpress\/wp-content\/uploads\/2025\/07\/515444840_1149597150531066_7749231705219023918_n.jpg'><img loading=\"lazy\" decoding=\"async\" width=\"150\" height=\"150\" src=\"https:\/\/www.radiopiu.net\/wordpress\/wp-content\/uploads\/2025\/07\/515444840_1149597150531066_7749231705219023918_n-150x150.jpg\" class=\"attachment-thumbnail size-thumbnail\" alt=\"\" \/><\/a>\n\t\t\t\t<\/dt><\/dl><dl class='gallery-item'>\n\t\t\t\t<dt class='gallery-icon landscape'>\n\t\t\t\t\t<a class=\"rollover rollover-zoom dt-pswp-item\" title=\"581e097b-20de-42f6-9729-222a93903da0\" data-dt-img-description=\"\" data-large_image_width=\"1754\" data-large_image_height=\"1241\"href='https:\/\/www.radiopiu.net\/wordpress\/wp-content\/uploads\/2025\/08\/581e097b-20de-42f6-9729-222a93903da0.jpg'><img loading=\"lazy\" decoding=\"async\" width=\"150\" height=\"150\" src=\"https:\/\/www.radiopiu.net\/wordpress\/wp-content\/uploads\/2025\/08\/581e097b-20de-42f6-9729-222a93903da0-150x150.jpg\" class=\"attachment-thumbnail size-thumbnail\" alt=\"\" \/><\/a>\n\t\t\t\t<\/dt><\/dl><br style=\"clear: both\" \/><dl class='gallery-item'>\n\t\t\t\t<dt class='gallery-icon portrait'>\n\t\t\t\t\t<a class=\"rollover rollover-zoom dt-pswp-item\" title=\"Locandina Sagra di Fregona 2025\" data-dt-img-description=\"\" data-large_image_width=\"1125\" data-large_image_height=\"1608\"href='https:\/\/www.radiopiu.net\/wordpress\/wp-content\/uploads\/2025\/08\/Locandina-Sagra-di-Fregona-2025.jpeg'><img loading=\"lazy\" decoding=\"async\" width=\"150\" height=\"150\" src=\"https:\/\/www.radiopiu.net\/wordpress\/wp-content\/uploads\/2025\/08\/Locandina-Sagra-di-Fregona-2025-150x150.jpeg\" class=\"attachment-thumbnail size-thumbnail\" alt=\"\" \/><\/a>\n\t\t\t\t<\/dt><\/dl><dl class='gallery-item'>\n\t\t\t\t<dt class='gallery-icon portrait'>\n\t\t\t\t\t<a class=\"rollover rollover-zoom dt-pswp-item\" title=\"9c71ce0b-ff13-4ec8-b170-8fb0f4a358d6\" data-dt-img-description=\"\" data-large_image_width=\"731\" data-large_image_height=\"1600\"href='https:\/\/www.radiopiu.net\/wordpress\/wp-content\/uploads\/2025\/09\/9c71ce0b-ff13-4ec8-b170-8fb0f4a358d6.jpg'><img loading=\"lazy\" decoding=\"async\" width=\"150\" height=\"150\" src=\"https:\/\/www.radiopiu.net\/wordpress\/wp-content\/uploads\/2025\/09\/9c71ce0b-ff13-4ec8-b170-8fb0f4a358d6-150x150.jpg\" class=\"attachment-thumbnail size-thumbnail\" alt=\"\" \/><\/a>\n\t\t\t\t<\/dt><\/dl><dl class='gallery-item'>\n\t\t\t\t<dt class='gallery-icon portrait'>\n\t\t\t\t\t<a class=\"rollover rollover-zoom dt-pswp-item\" title=\"SPORT IN PIAZZA 2025\" data-dt-img-description=\"\" data-large_image_width=\"577\" data-large_image_height=\"729\"href='https:\/\/www.radiopiu.net\/wordpress\/wp-content\/uploads\/2025\/09\/SPORT-IN-PIAZZA-2025.jpg'><img loading=\"lazy\" decoding=\"async\" width=\"150\" height=\"150\" src=\"https:\/\/www.radiopiu.net\/wordpress\/wp-content\/uploads\/2025\/09\/SPORT-IN-PIAZZA-2025-150x150.jpg\" class=\"attachment-thumbnail size-thumbnail\" alt=\"\" \/><\/a>\n\t\t\t\t<\/dt><\/dl><dl class='gallery-item'>\n\t\t\t\t<dt class='gallery-icon portrait'>\n\t\t\t\t\t<a class=\"rollover rollover-zoom dt-pswp-item\" title=\"6ef6b8ca-bdf3-472d-a716-0c8c278a5f0f\" data-dt-img-description=\"\" data-large_image_width=\"828\" data-large_image_height=\"1059\"href='https:\/\/www.radiopiu.net\/wordpress\/wp-content\/uploads\/2025\/09\/6ef6b8ca-bdf3-472d-a716-0c8c278a5f0f.jpg'><img loading=\"lazy\" decoding=\"async\" width=\"150\" height=\"150\" src=\"https:\/\/www.radiopiu.net\/wordpress\/wp-content\/uploads\/2025\/09\/6ef6b8ca-bdf3-472d-a716-0c8c278a5f0f-150x150.jpg\" class=\"attachment-thumbnail size-thumbnail\" alt=\"\" \/><\/a>\n\t\t\t\t<\/dt><\/dl><dl class='gallery-item'>\n\t\t\t\t<dt class='gallery-icon portrait'>\n\t\t\t\t\t<a class=\"rollover rollover-zoom dt-pswp-item\" title=\"e1f44182-3b2b-4656-9ab3-55b78e3f276b\" data-dt-img-description=\"\" data-large_image_width=\"1131\" data-large_image_height=\"1600\"href='https:\/\/www.radiopiu.net\/wordpress\/wp-content\/uploads\/2025\/09\/e1f44182-3b2b-4656-9ab3-55b78e3f276b.jpg'><img loading=\"lazy\" decoding=\"async\" width=\"150\" height=\"150\" src=\"https:\/\/www.radiopiu.net\/wordpress\/wp-content\/uploads\/2025\/09\/e1f44182-3b2b-4656-9ab3-55b78e3f276b-150x150.jpg\" class=\"attachment-thumbnail size-thumbnail\" alt=\"\" \/><\/a>\n\t\t\t\t<\/dt><\/dl><br style=\"clear: both\" \/><dl class='gallery-item'>\n\t\t\t\t<dt class='gallery-icon portrait'>\n\t\t\t\t\t<a class=\"rollover rollover-zoom dt-pswp-item\" title=\"Mostra fotografica\" data-dt-img-description=\"\" data-large_image_width=\"1587\" data-large_image_height=\"2245\"href='https:\/\/www.radiopiu.net\/wordpress\/wp-content\/uploads\/2025\/09\/Mostra-fotografica.jpg'><img loading=\"lazy\" decoding=\"async\" width=\"150\" height=\"150\" src=\"https:\/\/www.radiopiu.net\/wordpress\/wp-content\/uploads\/2025\/09\/Mostra-fotografica-150x150.jpg\" class=\"attachment-thumbnail size-thumbnail\" alt=\"\" \/><\/a>\n\t\t\t\t<\/dt><\/dl><dl class='gallery-item'>\n\t\t\t\t<dt class='gallery-icon portrait'>\n\t\t\t\t\t<a class=\"rollover rollover-zoom dt-pswp-item\" title=\"13set-A4 Conferenza Presentazione\" data-dt-img-description=\"\" data-large_image_width=\"1241\" data-large_image_height=\"1754\"href='https:\/\/www.radiopiu.net\/wordpress\/wp-content\/uploads\/2025\/09\/13set-A4-Conferenza-Presentazione.jpg'><img loading=\"lazy\" decoding=\"async\" width=\"150\" height=\"150\" src=\"https:\/\/www.radiopiu.net\/wordpress\/wp-content\/uploads\/2025\/09\/13set-A4-Conferenza-Presentazione-150x150.jpg\" class=\"attachment-thumbnail size-thumbnail\" alt=\"\" \/><\/a>\n\t\t\t\t<\/dt><\/dl><dl class='gallery-item'>\n\t\t\t\t<dt class='gallery-icon landscape'>\n\t\t\t\t\t<a class=\"rollover rollover-zoom dt-pswp-item\" title=\"dba9b07b-c0d4-4eff-a12d-00d81642bfba\" data-dt-img-description=\"\" data-large_image_width=\"1600\" data-large_image_height=\"1600\"href='https:\/\/www.radiopiu.net\/wordpress\/wp-content\/uploads\/2025\/09\/dba9b07b-c0d4-4eff-a12d-00d81642bfba.jpg'><img loading=\"lazy\" decoding=\"async\" width=\"150\" height=\"150\" src=\"https:\/\/www.radiopiu.net\/wordpress\/wp-content\/uploads\/2025\/09\/dba9b07b-c0d4-4eff-a12d-00d81642bfba-150x150.jpg\" class=\"attachment-thumbnail size-thumbnail\" alt=\"\" srcset=\"https:\/\/www.radiopiu.net\/wordpress\/wp-content\/uploads\/2025\/09\/dba9b07b-c0d4-4eff-a12d-00d81642bfba-150x150.jpg 150w, https:\/\/www.radiopiu.net\/wordpress\/wp-content\/uploads\/2025\/09\/dba9b07b-c0d4-4eff-a12d-00d81642bfba-300x300.jpg 300w, https:\/\/www.radiopiu.net\/wordpress\/wp-content\/uploads\/2025\/09\/dba9b07b-c0d4-4eff-a12d-00d81642bfba-1024x1024.jpg 1024w, https:\/\/www.radiopiu.net\/wordpress\/wp-content\/uploads\/2025\/09\/dba9b07b-c0d4-4eff-a12d-00d81642bfba-768x768.jpg 768w, https:\/\/www.radiopiu.net\/wordpress\/wp-content\/uploads\/2025\/09\/dba9b07b-c0d4-4eff-a12d-00d81642bfba-1536x1536.jpg 1536w, https:\/\/www.radiopiu.net\/wordpress\/wp-content\/uploads\/2025\/09\/dba9b07b-c0d4-4eff-a12d-00d81642bfba.jpg 1600w\" sizes=\"auto, (max-width: 150px) 100vw, 150px\" \/><\/a>\n\t\t\t\t<\/dt><\/dl><dl class='gallery-item'>\n\t\t\t\t<dt class='gallery-icon portrait'>\n\t\t\t\t\t<a class=\"rollover rollover-zoom dt-pswp-item\" title=\"8e489b8c-620a-4a56-b756-9fa90aa61577\" data-dt-img-description=\"\" data-large_image_width=\"899\" data-large_image_height=\"1599\"href='https:\/\/www.radiopiu.net\/wordpress\/wp-content\/uploads\/2025\/09\/8e489b8c-620a-4a56-b756-9fa90aa61577.jpg'><img loading=\"lazy\" decoding=\"async\" width=\"150\" height=\"150\" src=\"https:\/\/www.radiopiu.net\/wordpress\/wp-content\/uploads\/2025\/09\/8e489b8c-620a-4a56-b756-9fa90aa61577-150x150.jpg\" class=\"attachment-thumbnail size-thumbnail\" alt=\"\" \/><\/a>\n\t\t\t\t<\/dt><\/dl><dl class='gallery-item'>\n\t\t\t\t<dt class='gallery-icon portrait'>\n\t\t\t\t\t<a class=\"rollover rollover-zoom dt-pswp-item\" title=\"b13636c4-92d6-4f21-bbd1-2bf5066bd155\" data-dt-img-description=\"\" data-large_image_width=\"899\" data-large_image_height=\"1599\"href='https:\/\/www.radiopiu.net\/wordpress\/wp-content\/uploads\/2025\/09\/b13636c4-92d6-4f21-bbd1-2bf5066bd155.jpg'><img loading=\"lazy\" decoding=\"async\" width=\"150\" height=\"150\" src=\"https:\/\/www.radiopiu.net\/wordpress\/wp-content\/uploads\/2025\/09\/b13636c4-92d6-4f21-bbd1-2bf5066bd155-150x150.jpg\" class=\"attachment-thumbnail size-thumbnail\" alt=\"\" \/><\/a>\n\t\t\t\t<\/dt><\/dl><br style=\"clear: both\" \/>\n\t\t\t<\/div>\n\n<h2><\/h2>\n<p>&nbsp;<\/p>\n<h2><a class=\"dt-pswp-item\" href=\"https:\/\/www.radiopiu.net\/wordpress\/wp-content\/uploads\/2025\/09\/Screenshot-2025-09-09-135233.png\" data-dt-img-description=\"\" data-large_image_width=\"448\" data-large_image_height=\"245\"><img loading=\"lazy\" decoding=\"async\" class=\"size-medium wp-image-468899 alignleft\" src=\"https:\/\/www.radiopiu.net\/wordpress\/wp-content\/uploads\/2025\/09\/Screenshot-2025-09-09-135233-300x164.png\" alt=\"\" width=\"300\" height=\"164\" srcset=\"https:\/\/www.radiopiu.net\/wordpress\/wp-content\/uploads\/2025\/09\/Screenshot-2025-09-09-135233-300x164.png 300w, https:\/\/www.radiopiu.net\/wordpress\/wp-content\/uploads\/2025\/09\/Screenshot-2025-09-09-135233.png 448w\" sizes=\"auto, (max-width: 300px) 100vw, 300px\" \/><\/a>OKTOBERFEST OHPERBACCO: SABATO 13 SETTEMBRE MUSICA, BIRRA E SAPORI BAVARESI<\/h2>\n<p data-start=\"164\" data-end=\"442\"><strong>CENCENIGHE<\/strong> Atmosfera bavarese e divertimento assicurato: sabato 13 settembre torna l\u2019attesa <strong data-start=\"258\" data-end=\"290\">Festa Oktoberfest Ohperbacco<\/strong>. A partire dalle ore 17 il locale si trasformer\u00e0 in un vero e proprio villaggio a tema, con allestimenti, piatti tipici e naturalmente birra a fiumi. Il programma prevede <strong data-start=\"465\" data-end=\"484\">musica dal vivo<\/strong> con i <em data-start=\"491\" data-end=\"508\">Folkloristici 4<\/em>, gruppo che porter\u00e0 sul palco le sonorit\u00e0 tradizionali, e a seguire il ritmo dei <strong data-start=\"590\" data-end=\"600\">dj set<\/strong>, per far ballare e festeggiare fino a notte fonda. Accanto alla musica non mancheranno i <strong data-start=\"693\" data-end=\"724\">sapori tipici della Baviera<\/strong>, dai pretzel alla birra artigianale, per un\u2019esperienza che mescola gusto e convivialit\u00e0. Un appuntamento che unisce la passione per la musica, l\u2019allegria della festa e l\u2019atmosfera unica dell\u2019Oktoberfest, tutto senza muoversi dal cuore delle Dolomiti.<\/p>\n<hr \/>\n<p><strong>ANTICIPAZIONE&#8230; SAVE THE DATE 4.10.25<\/strong><\/p>\n<p data-start=\"164\" data-end=\"442\"><a class=\"dt-pswp-item\" href=\"https:\/\/www.radiopiu.net\/wordpress\/wp-content\/uploads\/2025\/09\/b13636c4-92d6-4f21-bbd1-2bf5066bd155.jpg\" data-dt-img-description=\"\" data-large_image_width=\"899\" data-large_image_height=\"1599\"><img loading=\"lazy\" decoding=\"async\" class=\"alignnone size-medium wp-image-468897\" src=\"https:\/\/www.radiopiu.net\/wordpress\/wp-content\/uploads\/2025\/09\/b13636c4-92d6-4f21-bbd1-2bf5066bd155-169x300.jpg\" alt=\"\" width=\"169\" height=\"300\" srcset=\"https:\/\/www.radiopiu.net\/wordpress\/wp-content\/uploads\/2025\/09\/b13636c4-92d6-4f21-bbd1-2bf5066bd155-169x300.jpg 169w, https:\/\/www.radiopiu.net\/wordpress\/wp-content\/uploads\/2025\/09\/b13636c4-92d6-4f21-bbd1-2bf5066bd155-576x1024.jpg 576w, https:\/\/www.radiopiu.net\/wordpress\/wp-content\/uploads\/2025\/09\/b13636c4-92d6-4f21-bbd1-2bf5066bd155-768x1366.jpg 768w, https:\/\/www.radiopiu.net\/wordpress\/wp-content\/uploads\/2025\/09\/b13636c4-92d6-4f21-bbd1-2bf5066bd155-864x1536.jpg 864w, https:\/\/www.radiopiu.net\/wordpress\/wp-content\/uploads\/2025\/09\/b13636c4-92d6-4f21-bbd1-2bf5066bd155.jpg 899w\" sizes=\"auto, (max-width: 169px) 100vw, 169px\" \/><\/a><\/p>\n<p>&nbsp;<\/p>\n<p>&nbsp;<\/p>\n<div>\n<div class=\"\" dir=\"auto\">\n<div id=\":r9h:\" class=\"x1iorvi4 x1pi30zi x1l90r2v x1swvt13\" data-ad-comet-preview=\"message\" data-ad-preview=\"message\">\n<div class=\"\" dir=\"auto\">\n<div id=\":r9h:\" class=\"x1iorvi4 x1pi30zi x1l90r2v x1swvt13\" data-ad-comet-preview=\"message\" data-ad-preview=\"message\">\n<div class=\"\" dir=\"auto\">\n<div id=\":r9h:\" class=\"x1iorvi4 x1pi30zi x1l90r2v x1swvt13\" data-ad-comet-preview=\"message\" data-ad-preview=\"message\">\n<div class=\"\" dir=\"auto\">\n<div id=\":r9h:\" class=\"x1iorvi4 x1pi30zi x1l90r2v x1swvt13\" data-ad-comet-preview=\"message\" data-ad-preview=\"message\">\n<div>\n<div class=\"\" dir=\"auto\">\n<div id=\":r9h:\" class=\"x1iorvi4 x1pi30zi x1l90r2v x1swvt13\" data-ad-comet-preview=\"message\" data-ad-preview=\"message\">\n<div>\n<div class=\"\" dir=\"auto\">\n<div id=\":r9h:\" class=\"x1iorvi4 x1pi30zi x1l90r2v x1swvt13\" data-ad-comet-preview=\"message\" data-ad-preview=\"message\">\n<div>\n<div class=\"\" dir=\"auto\">\n<div id=\":r9h:\" class=\"x1iorvi4 x1pi30zi x1l90r2v x1swvt13\" data-ad-comet-preview=\"message\" data-ad-preview=\"message\">\n<div>\n<div class=\"\" dir=\"auto\">\n<div id=\":r9h:\" class=\"x1iorvi4 x1pi30zi x1l90r2v x1swvt13\" data-ad-comet-preview=\"message\" data-ad-preview=\"message\">\n<hr \/>\n<p>&nbsp;<\/p>\n<\/div>\n<\/div>\n<\/div>\n<\/div>\n<\/div>\n<\/div>\n<\/div>\n<\/div>\n<\/div>\n<\/div>\n<\/div>\n<\/div>\n<\/div>\n<\/div>\n<\/div>\n<\/div>\n<\/div>\n<\/div>\n<\/div>\n<\/div>\n<\/div>\n<p class=\"mceTemp\"><a class=\"dt-pswp-item\" href=\"https:\/\/www.radiopiu.net\/wordpress\/wp-content\/uploads\/2018\/09\/WhatsApp-Image-2018-09-20-at-16.04.06.jpeg\" data-dt-img-description=\"\" data-large_image_width=\"800\" data-large_image_height=\"100\"><img loading=\"lazy\" decoding=\"async\" class=\"wp-image-61378 size-full aligncenter\" src=\"https:\/\/www.radiopiu.net\/wordpress\/wp-content\/uploads\/2018\/09\/WhatsApp-Image-2018-09-20-at-16.04.06.jpeg\" alt=\"\" width=\"800\" height=\"100\" srcset=\"https:\/\/www.radiopiu.net\/wordpress\/wp-content\/uploads\/2018\/09\/WhatsApp-Image-2018-09-20-at-16.04.06.jpeg 800w, https:\/\/www.radiopiu.net\/wordpress\/wp-content\/uploads\/2018\/09\/WhatsApp-Image-2018-09-20-at-16.04.06-300x38.jpeg 300w, https:\/\/www.radiopiu.net\/wordpress\/wp-content\/uploads\/2018\/09\/WhatsApp-Image-2018-09-20-at-16.04.06-768x96.jpeg 768w\" sizes=\"auto, (max-width: 800px) 100vw, 800px\" \/><\/a><\/p>\n<p>&nbsp;<\/p>\n<p><center><b>OGGI<\/b><\/center><b>\u00a0<\/b>Nuvolosit\u00e0 variabile. Schiarite pi\u00f9 probabili ed ampie al mattino ed annuvolamenti pi\u00f9 intensi dal mezzogiorno e nel pomeriggio. Durante le ore pi\u00f9 fredde possibili nubi basse nelle valli. <b>Precipitazioni: <\/b>Durante la notte qualche piovasco o rovescio qua e l\u00e0 non del tutto escluso. Tra le ore centrali e il pomeriggio, tratti, brevi piovaschi o rovesci qua e l\u00e0. <b>Temperature: <\/b>Temperature minime senza notevoli variazioni, massime in contenuto aumento nelle valli.<\/p>\n<p>&nbsp;<\/p>\n<p><center><b>DOMANI<\/b><\/center>Variabile a tratti un p\u00f2 instabile con via vai di nubi alternate a schiarite. Durante la notte e fino al primo mattino possibili nubi basse nelle valli localmente persistenti fino a met\u00e0 mattino <b>Precipitazioni: <\/b>Tra notte e mattino non del tutto escluso qualche piovasco o rovescio qua e l\u00e0. Dal mezzogiorno e nel pomeriggio probabilit\u00e0 in aumento a media (40-60%) per rovesci sparsi e isolati temporali un p\u00f2 pi\u00f9 probabili su bellunese. <b>Temperature: <\/b>Temperature minime in lieve aumento, massime stazionarie<\/p>\n<hr \/>\n<p><center><b>SABATO<\/b><\/center>Nuvolosit\u00e0 variabile alternata a schiarite anche ampie. Seppur bassa persiste la possibilit\u00e0 di brevi piovaschi qua e l\u00e0 specie nel pomeriggio ed in serata. Temperature pressoch\u00e8 stazionarie.<\/p>\n<hr \/>\n<p><center><b>DOMENICA<\/b><\/center>Nuvolosit\u00e0 residua nella notte e fino al primo mattino poi schiarite via via pi\u00f9 ampie fino a poco nuvoloso. Temperature massime in aumento specie nelle valli.<\/p>\n<p>&nbsp;<\/p>\n<p>&nbsp;<\/p>\n<hr \/>\n<p>&nbsp;<\/p>\n<p class=\"mceTemp\"><a class=\"dt-pswp-item\" href=\"https:\/\/www.radiopiu.net\/wordpress\/wp-content\/uploads\/2018\/09\/sport.jpg\" data-dt-img-description=\"\" data-large_image_width=\"800\" data-large_image_height=\"100\"><img loading=\"lazy\" decoding=\"async\" class=\"aligncenter wp-image-60761 size-full\" src=\"https:\/\/www.radiopiu.net\/wordpress\/wp-content\/uploads\/2018\/09\/sport.jpg\" alt=\"\" width=\"800\" height=\"100\" srcset=\"https:\/\/www.radiopiu.net\/wordpress\/wp-content\/uploads\/2018\/09\/sport.jpg 800w, https:\/\/www.radiopiu.net\/wordpress\/wp-content\/uploads\/2018\/09\/sport-300x38.jpg 300w, https:\/\/www.radiopiu.net\/wordpress\/wp-content\/uploads\/2018\/09\/sport-768x96.jpg 768w\" sizes=\"auto, (max-width: 800px) 100vw, 800px\" \/> <\/a><\/p>\n<p>&nbsp;<\/p>\n<blockquote>\n<h1>MONZA: IL GRANDE POTENZIALE DI FILIPPO<\/h1>\n<\/blockquote>\n<p><strong>MASER<\/strong><\/p>\n<p>di ROBERTO BONA<\/p>\n<audio class=\"wp-audio-shortcode\" id=\"audio-469033-24\" preload=\"none\" style=\"width: 100%;\" controls=\"controls\"><source type=\"audio\/wav\" src=\"https:\/\/www.radiopiu.net\/wordpress\/wp-content\/uploads\/2025\/09\/MonzaFant.wav?_=24\" \/><a href=\"https:\/\/www.radiopiu.net\/wordpress\/wp-content\/uploads\/2025\/09\/MonzaFant.wav\">https:\/\/www.radiopiu.net\/wordpress\/wp-content\/uploads\/2025\/09\/MonzaFant.wav<\/a><\/audio>\n<p>&nbsp;<\/p>\n<div class=\"page-title-head hgroup\">\n<h1 class=\"entry-title\"><img loading=\"lazy\" decoding=\"async\" class=\"aligncenter\" src=\"https:\/\/www.radiopiu.net\/wordpress\/wp-content\/uploads\/2025\/09\/cecb46fb-a6f3-477e-8f83-0263d3515bbf.jpg\" width=\"457\" height=\"305\" \/><\/h1>\n<\/div>\n<p>&nbsp;<\/p>\n<p>&nbsp;<\/p>\n<blockquote>\n<h2 data-start=\"0\" data-end=\"64\"><strong data-start=\"0\" data-end=\"62\"><a class=\"dt-pswp-item\" href=\"https:\/\/www.radiopiu.net\/wordpress\/wp-content\/uploads\/2025\/09\/Definita_la_pre_season.jpg\" data-dt-img-description=\"\" data-large_image_width=\"897\" data-large_image_height=\"1121\"><img loading=\"lazy\" decoding=\"async\" class=\" wp-image-469107 alignleft\" src=\"https:\/\/www.radiopiu.net\/wordpress\/wp-content\/uploads\/2025\/09\/Definita_la_pre_season-240x300.jpg\" alt=\"\" width=\"132\" height=\"165\" srcset=\"https:\/\/www.radiopiu.net\/wordpress\/wp-content\/uploads\/2025\/09\/Definita_la_pre_season-240x300.jpg 240w, https:\/\/www.radiopiu.net\/wordpress\/wp-content\/uploads\/2025\/09\/Definita_la_pre_season-819x1024.jpg 819w, https:\/\/www.radiopiu.net\/wordpress\/wp-content\/uploads\/2025\/09\/Definita_la_pre_season-768x960.jpg 768w, https:\/\/www.radiopiu.net\/wordpress\/wp-content\/uploads\/2025\/09\/Definita_la_pre_season.jpg 897w\" sizes=\"auto, (max-width: 132px) 100vw, 132px\" \/><\/a>CINQUE TEST IN 18 GIORNI: LA PRE-SEASON DEL BELLUNO VOLLEY<\/strong><\/h2>\n<\/blockquote>\n<p data-start=\"66\" data-end=\"328\">Il Belluno Volley si prepara al campionato di Serie A3 con un fitto calendario di amichevoli: cinque test tra il 24 settembre e l\u201911 ottobre. Avversari di livello: la Tinet Prata di Pordenone (A2), il Silvolley Trebaseleghe e il Volley Team Club San Don\u00e0 (A3).<\/p>\n<p data-start=\"330\" data-end=\"555\">Si parte mercoled\u00ec 24 settembre alla VHV Arena contro Prata, poi replica il 1\u00b0 ottobre a campi invertiti. Il 4 ottobre sfida a Trebaseleghe, l\u20198 nuovo match casalingo con San Don\u00e0 e chiusura l\u201911 ancora contro il Silvolley.<\/p>\n<p data-start=\"557\" data-end=\"739\" data-is-last-node=\"\" data-is-only-node=\"\">Al termine dell\u2019ultima gara, la presentazione ufficiale della stagione 2025-2026. L\u2019esordio in campionato \u00e8 fissato per domenica 19 ottobre contro l\u2019ErmGroup Altotevere San Giustino.<\/p>\n<blockquote>\n<h1>DOMENICA AI PIANI DI PEZZE&#8217; LA &#8220;SEDICI COMUNI DELL&#8217;AGORDINO&#8221;<\/h1>\n<\/blockquote>\n<p>Domenica il gran giorno! Dopo 16 anni il Trofeo dei 16 Comuni torna ad Alleghe, ai Piani di Pezz\u00e8. Tutto \u00e8 pronto per una grande festa, ne abbiamo parlato con: Danilo De Toni sindaco di Alleghe,\u00a0 Morena Stefanon consigliere comunale, Omar Pini\u00e8 Presidente Proloco Alleghe e Ivano &#8220;Doric&#8221; Da Tos<\/p>\n<audio class=\"wp-audio-shortcode\" id=\"audio-469033-25\" preload=\"none\" style=\"width: 100%;\" controls=\"controls\"><source type=\"audio\/mpeg\" src=\"https:\/\/www.radiopiu.net\/wordpress\/wp-content\/uploads\/2025\/09\/SEDICI-COMUNI-2025-DANILO-DE-TONI.mp3?_=25\" \/><a href=\"https:\/\/www.radiopiu.net\/wordpress\/wp-content\/uploads\/2025\/09\/SEDICI-COMUNI-2025-DANILO-DE-TONI.mp3\">https:\/\/www.radiopiu.net\/wordpress\/wp-content\/uploads\/2025\/09\/SEDICI-COMUNI-2025-DANILO-DE-TONI.mp3<\/a><\/audio>\n<p>&nbsp;<\/p>\n<p><img decoding=\"async\" class=\"aligncenter\" src=\"https:\/\/www.radiopiu.net\/wordpress\/wp-content\/uploads\/2025\/09\/6ef6b8ca-bdf3-472d-a716-0c8c278a5f0f-235x300-1.jpg\" \/><\/p>\n","protected":false},"excerpt":{"rendered":"<p>********** &nbsp; LA\u00a0 APP PER IOS-IPHONE di Nicola Vettorello https:\/\/apps.apple.com\/it\/app\/radio-pi%C3%B9-emittente-agordina\/id1515939845 LA\u00a0 APP RADIO\u00a0 PER ANDROID di Nicola Vettorello https:\/\/play.google.com\/store\/apps\/details?id=net.radiopiu.iniko\u00a0\u00a0\u00a0\u00a0\u00a0 &nbsp; 11 SETTEMBRE 2001, 24 ANNI DOPO: IL RICORDO CHE RESTA Sono passati 24 anni dagli attacchi dell\u201911 settembre 2001, e il mondo continua a ricordare quella giornata che cambi\u00f2 per sempre la storia. Le Torri&hellip;<\/p>\n","protected":false},"author":4,"featured_media":469125,"comment_status":"closed","ping_status":"closed","sticky":false,"template":"","format":"standard","meta":{"_monsterinsights_skip_tracking":false,"_monsterinsights_sitenote_active":false,"_monsterinsights_sitenote_note":"","_monsterinsights_sitenote_category":0,"footnotes":""},"categories":[51,86,49],"tags":[],"class_list":["post-469033","post","type-post","status-publish","format-standard","has-post-thumbnail","hentry","category-evidenza-top","category-gr","category-news-18","category-51","category-86","category-49","description-off"],"img_url":"https:\/\/www.radiopiu.net\/wordpress\/wp-content\/uploads\/2025\/09\/Screenshot-2025-09-11-050914.png","_links":{"self":[{"href":"https:\/\/www.radiopiu.net\/wordpress\/wp-json\/wp\/v2\/posts\/469033","targetHints":{"allow":["GET"]}}],"collection":[{"href":"https:\/\/www.radiopiu.net\/wordpress\/wp-json\/wp\/v2\/posts"}],"about":[{"href":"https:\/\/www.radiopiu.net\/wordpress\/wp-json\/wp\/v2\/types\/post"}],"author":[{"embeddable":true,"href":"https:\/\/www.radiopiu.net\/wordpress\/wp-json\/wp\/v2\/users\/4"}],"replies":[{"embeddable":true,"href":"https:\/\/www.radiopiu.net\/wordpress\/wp-json\/wp\/v2\/comments?post=469033"}],"version-history":[{"count":14,"href":"https:\/\/www.radiopiu.net\/wordpress\/wp-json\/wp\/v2\/posts\/469033\/revisions"}],"predecessor-version":[{"id":469184,"href":"https:\/\/www.radiopiu.net\/wordpress\/wp-json\/wp\/v2\/posts\/469033\/revisions\/469184"}],"wp:featuredmedia":[{"embeddable":true,"href":"https:\/\/www.radiopiu.net\/wordpress\/wp-json\/wp\/v2\/media\/469125"}],"wp:attachment":[{"href":"https:\/\/www.radiopiu.net\/wordpress\/wp-json\/wp\/v2\/media?parent=469033"}],"wp:term":[{"taxonomy":"category","embeddable":true,"href":"https:\/\/www.radiopiu.net\/wordpress\/wp-json\/wp\/v2\/categories?post=469033"},{"taxonomy":"post_tag","embeddable":true,"href":"https:\/\/www.radiopiu.net\/wordpress\/wp-json\/wp\/v2\/tags?post=469033"}],"curies":[{"name":"wp","href":"https:\/\/api.w.org\/{rel}","templated":true}]}}