{"id":469124,"date":"2025-09-11T05:48:40","date_gmt":"2025-09-11T03:48:40","guid":{"rendered":"https:\/\/www.radiopiu.net\/wordpress\/?p=469124"},"modified":"2025-09-11T05:51:05","modified_gmt":"2025-09-11T03:51:05","slug":"prostituisciti-lin","status":"publish","type":"post","link":"https:\/\/www.radiopiu.net\/wordpress\/prostituisciti-lin\/","title":{"rendered":"&#8220;PROSTITUISCITI&#8221; L&#8217;INVITO ALLA FIGLIA. CHIESTI DUE ANNI, LA PROCURA VUOLE LA CONDANNA"},"content":{"rendered":"<p>**<\/p>\n<p>&nbsp;<\/p>\n<p><strong><img decoding=\"async\" class=\"alignleft\" src=\"https:\/\/www.radiopiu.net\/wordpress\/wp-content\/uploads\/2025\/09\/download-15-300x158.jpg\" \/>LA GIUDIZIARIA OGGI<\/strong><br \/>\n<strong>DAL CORRIERE DELLE ALPI<\/strong><br \/>\n<strong>SINTESI_GIGI SOSSO\u00a0<\/strong><\/p>\n<p>&nbsp;<\/p>\n<blockquote>\n<p data-start=\"0\" data-end=\"60\"><strong data-start=\"0\" data-end=\"58\">FIGLI MALTRATTATI: PROCURA CHIEDE DUE ANNI AI GENITORI<\/strong><\/p>\n<\/blockquote>\n<p data-start=\"62\" data-end=\"417\" data-is-last-node=\"\" data-is-only-node=\"\"><strong>BELLUNO<\/strong> Il padre avrebbe sottoposto i figli a maltrattamenti psicologici e fisici, spingendo la figlia nata nel 2008 persino all\u2019autolesionismo. La madre, accusata di non aver reagito, rischia anch\u2019essa la condanna. Il pm Alberto Primavera ha chiesto due anni a testa, mentre la difesa punta alla derubricazione o all\u2019assoluzione.\u00c8 stata una discussione molto interessante e articolata, nella quale la parte civile ha aggiunto il risarcimento, mentre la difesa avrebbe puntato di nuovo sulla giustizia riparativa, ma in provincia non \u00e8 ancora possibile applicarla. Il prossimo 15 ottobre eventuali repliche e soprattutto la sentenza di primo grado emessa dai giudici Federico Montalto, Paolo Velo e Cristina Cittolin.<\/p>\n<blockquote>\n<p data-start=\"0\" data-end=\"66\"><strong data-start=\"0\" data-end=\"64\">VIOLENZA IN VIA FELTRE: IMPUTATO PUNTA ALL\u2019INFERMIT\u00c0 MENTALE<\/strong><\/p>\n<\/blockquote>\n<p data-start=\"68\" data-end=\"402\" data-is-last-node=\"\" data-is-only-node=\"\"><strong>BELLUNO<\/strong> Una donna aggredita e palpeggiata su una panchina il 13 dicembre 2021: l\u2019imputato, un maliano ex cameriere, sar\u00e0 sottoposto a perizia psichiatrica nel febbraio 2026 per accertare capacit\u00e0 di intendere e volere e pericolosit\u00e0 sociale.<br data-start=\"301\" data-end=\"304\" \/>Decisivi i video girati da passanti e l\u2019intervento delle guardie giurate che salvarono la vittima.<\/p>\n<blockquote>\n<p data-start=\"0\" data-end=\"53\"><strong data-start=\"0\" data-end=\"51\">ASSOLTO: LA VIOLENZA SESSUALE NON C\u2019\u00c8 MAI STATA<\/strong><\/p>\n<\/blockquote>\n<p data-start=\"55\" data-end=\"573\" data-is-last-node=\"\" data-is-only-node=\"\"><strong>CORTINA<\/strong> Era accusato di aver palpeggiato una donna dopo una serata in un locale di corso Italia. Ma il tribunale collegiale (giudici Montalto, Velo e Cittolin) lo ha assolto: il fatto non sussiste per insufficienza o contraddittoriet\u00e0 della prova. L\u2019imputato, un giovane pakistano residente in Cadore, ha sempre sostenuto di essersi comportato da gentiluomo, pagando il conto e rifiutando l\u2019invito della donna a salire in casa. Il pm Primavera aveva chiesto un anno e otto mesi, ma la difesa ha ottenuto l\u2019assoluzione piena. \u2014<\/p>\n<p data-start=\"62\" data-end=\"417\" data-is-last-node=\"\" data-is-only-node=\"\">\n","protected":false},"excerpt":{"rendered":"<p>** &nbsp; LA GIUDIZIARIA OGGI DAL CORRIERE DELLE ALPI SINTESI_GIGI SOSSO\u00a0 &nbsp; FIGLI MALTRATTATI: PROCURA CHIEDE DUE ANNI AI GENITORI BELLUNO Il padre avrebbe sottoposto i figli a maltrattamenti psicologici e fisici, spingendo la figlia nata nel 2008 persino all\u2019autolesionismo. La madre, accusata di non aver reagito, rischia anch\u2019essa la condanna. Il pm Alberto Primavera&hellip;<\/p>\n","protected":false},"author":4,"featured_media":469135,"comment_status":"closed","ping_status":"closed","sticky":false,"template":"","format":"standard","meta":{"_monsterinsights_skip_tracking":false,"_monsterinsights_sitenote_active":false,"_monsterinsights_sitenote_note":"","_monsterinsights_sitenote_category":0,"footnotes":""},"categories":[51,49],"tags":[],"class_list":["post-469124","post","type-post","status-publish","format-standard","has-post-thumbnail","hentry","category-evidenza-top","category-news-18","category-51","category-49","description-off"],"img_url":"https:\/\/www.radiopiu.net\/wordpress\/wp-content\/uploads\/2025\/09\/download-15.jpg","_links":{"self":[{"href":"https:\/\/www.radiopiu.net\/wordpress\/wp-json\/wp\/v2\/posts\/469124","targetHints":{"allow":["GET"]}}],"collection":[{"href":"https:\/\/www.radiopiu.net\/wordpress\/wp-json\/wp\/v2\/posts"}],"about":[{"href":"https:\/\/www.radiopiu.net\/wordpress\/wp-json\/wp\/v2\/types\/post"}],"author":[{"embeddable":true,"href":"https:\/\/www.radiopiu.net\/wordpress\/wp-json\/wp\/v2\/users\/4"}],"replies":[{"embeddable":true,"href":"https:\/\/www.radiopiu.net\/wordpress\/wp-json\/wp\/v2\/comments?post=469124"}],"version-history":[{"count":2,"href":"https:\/\/www.radiopiu.net\/wordpress\/wp-json\/wp\/v2\/posts\/469124\/revisions"}],"predecessor-version":[{"id":469137,"href":"https:\/\/www.radiopiu.net\/wordpress\/wp-json\/wp\/v2\/posts\/469124\/revisions\/469137"}],"wp:featuredmedia":[{"embeddable":true,"href":"https:\/\/www.radiopiu.net\/wordpress\/wp-json\/wp\/v2\/media\/469135"}],"wp:attachment":[{"href":"https:\/\/www.radiopiu.net\/wordpress\/wp-json\/wp\/v2\/media?parent=469124"}],"wp:term":[{"taxonomy":"category","embeddable":true,"href":"https:\/\/www.radiopiu.net\/wordpress\/wp-json\/wp\/v2\/categories?post=469124"},{"taxonomy":"post_tag","embeddable":true,"href":"https:\/\/www.radiopiu.net\/wordpress\/wp-json\/wp\/v2\/tags?post=469124"}],"curies":[{"name":"wp","href":"https:\/\/api.w.org\/{rel}","templated":true}]}}