{"id":469174,"date":"2025-09-12T05:51:18","date_gmt":"2025-09-12T03:51:18","guid":{"rendered":"https:\/\/www.radiopiu.net\/wordpress\/?p=469174"},"modified":"2025-09-12T08:37:10","modified_gmt":"2025-09-12T06:37:10","slug":"giornale-radiopiu-12-settembre-2025-direttore-mirko-mezzacasa","status":"publish","type":"post","link":"https:\/\/www.radiopiu.net\/wordpress\/giornale-radiopiu-12-settembre-2025-direttore-mirko-mezzacasa\/","title":{"rendered":"GIORNALE RADIOPIU 12 SETTEMBRE 2025 DIRETTORE MIRKO MEZZACASA"},"content":{"rendered":"<p>***<\/p>\n<p>&nbsp;<\/p>\n<p><em><span style=\"color: #ff0000;\"><a class=\"dt-pswp-item\" href=\"https:\/\/www.radiopiu.net\/wordpress\/wp-content\/uploads\/2024\/10\/Senza-nome-8.png\" data-dt-img-description=\"\" data-large_image_width=\"343\" data-large_image_height=\"303\"><img loading=\"lazy\" decoding=\"async\" class=\"wp-image-412130 alignleft\" src=\"https:\/\/www.radiopiu.net\/wordpress\/wp-content\/uploads\/2024\/10\/Senza-nome-8-300x265.png\" alt=\"\" width=\"105\" height=\"93\" srcset=\"https:\/\/www.radiopiu.net\/wordpress\/wp-content\/uploads\/2024\/10\/Senza-nome-8-300x265.png 300w, https:\/\/www.radiopiu.net\/wordpress\/wp-content\/uploads\/2024\/10\/Senza-nome-8.png 343w\" sizes=\"auto, (max-width: 105px) 100vw, 105px\" \/><\/a><\/span><\/em><strong><em><span style=\"color: #ff0000;\"> LA\u00a0 APP PER IOS-IPHONE di Nicola Vettorello<\/span><\/em><\/strong><\/p>\n<p><strong><span style=\"color: #0000ff;\"><a style=\"color: #0000ff;\" href=\"https:\/\/apps.apple.com\/it\/app\/radio-pi%C3%B9-emittente-agordina\/id1515939845\">https:\/\/apps.apple.com\/it\/app\/radio-pi%C3%B9-emittente-agordina\/id1515939845<\/a><\/span><\/strong><\/p>\n<p><strong><em style=\"color: #ff0000;\">LA\u00a0 APP RADIO\u00a0 PER ANDROID di Nicola Vettorello<\/em><\/strong><\/p>\n<p><strong><span style=\"color: #0000ff;\"><a style=\"color: #0000ff;\" href=\"https:\/\/play.google.com\/store\/apps\/details?id=net.radiopiu.iniko\" target=\"_blank\" rel=\"noopener noreferrer\">https:\/\/<\/a><a style=\"color: #0000ff;\" href=\"https:\/\/play.google.com\/store\/apps\/details?id=net.radiopiu.iniko\" target=\"_blank\" rel=\"noopener noreferrer\">play.google.com\/store\/apps\/details?id=net.radiopiu.iniko\u00a0\u00a0\u00a0\u00a0\u00a0<\/a><\/span><\/strong><\/p>\n<p>&nbsp;<\/p>\n<hr \/>\n<p><span style=\"color: #0000ff;\">\u00a0\u00a0<\/span><\/p>\n<blockquote>\n<h1 data-start=\"0\" data-end=\"60\"><strong data-start=\"0\" data-end=\"60\">OGGI SU RADIOPI\u00d9: MUSICA, informazione\u00a0 e dirette\u00a0<\/strong><\/h1>\n<\/blockquote>\n<p class=\"\" data-start=\"62\" data-end=\"463\"><strong><a class=\"dt-pswp-item\" href=\"https:\/\/www.radiopiu.net\/wordpress\/wp-content\/uploads\/2025\/09\/Screenshot-2025-09-11-111234.png\" data-dt-img-description=\"\" data-large_image_width=\"497\" data-large_image_height=\"331\"><img loading=\"lazy\" decoding=\"async\" class=\"size-medium wp-image-469199 alignleft\" src=\"https:\/\/www.radiopiu.net\/wordpress\/wp-content\/uploads\/2025\/09\/Screenshot-2025-09-11-111234-300x200.png\" alt=\"\" width=\"300\" height=\"200\" srcset=\"https:\/\/www.radiopiu.net\/wordpress\/wp-content\/uploads\/2025\/09\/Screenshot-2025-09-11-111234-300x200.png 300w, https:\/\/www.radiopiu.net\/wordpress\/wp-content\/uploads\/2025\/09\/Screenshot-2025-09-11-111234.png 497w\" sizes=\"auto, (max-width: 300px) 100vw, 300px\" \/><\/a>ALLE 8.05 LA RASSEGNA STAMPA LOCALE 8.25 piu siamo con marina dona&#8217;<\/strong><strong> 900 PREMIERE LE NOVITA&#8217; MUSICALI ALLA RADIO DI MARCO GAZ 9.40\u00a0 SAGRA DEL CICLAMINO, DA MEANO OSPITE DI RADIOPIU&#8217; LA PRESIDENTE DEL COMITATO FESTEGGIAMENTI ELENA VIECELI, DI MIRKO MEZZACASA (FOTO) 10.10 le nove in ladin, dal musla ogni martedi e venerdi alla radio 10.30\u00a0 120-80 SPECIALE SANITA&#8217; DAL POLIAMBULATORIO AGORDINO, OSPITE IL RADIOLOGO DOTTOR GIOVANNI MARCANTONI di mirko mezzacasa\u00a0 11.00\u00a0 amazing calendar, il programma di marina con michela direttamente dalla NEVEGAL TOUR di BELLUNO\u00a0 12.00 IL LISCIO DI MIRCO BENCIVENNI 12.30 GR PRINCIPALE\u00a0 13 10 tre per due per te.. con marina dona&#8217;\u00a0 13.20 collage operazione nostalgia di loris scussel 14.00\u00a0 SUMMER ISTA&#8217; IL PROGRAMMA ESTIVO DA UN&#8217;IDEA DI DAVID BEN E MARINA DONA&#8217; 15.10\u00a0 \u00a0WEEK END&#8230; MARINA C&#8217;E&#8217;\u00a0<\/strong> <strong>1630 ALICE DALL&#8217;ACQUA, PRESIDENTE PROLOCO SELVA DI CADORE, SE DESMONTEGHEA DOMANI E DOMENICA IN VAL FIORENTINA\u00a0<\/strong> <strong>16 45 LE HIT STORICHE DI MIRCO BENCIVENNI<\/strong>\u00a0 <strong>19.05 LE ANTICIPAZIONI DAL TG DI ANTENNA 3 DA UN\u2019IDEA DI TIZIANA BOLOGNANI 19.20 SPECIALE SANITA&#8217; DAL POLIAMBULATORIO AGORDINO, OSPITE IL RADIOLOGO DOTTOR GIOVANNI MARCANTONI di mirko mezzacasa<\/strong><\/p>\n<p>&nbsp;<\/p>\n<p>&nbsp;<\/p>\n<hr \/>\n<div class=\"x11i5rnm xat24cr x1mh8g0r x1vvkbs xtlvy1s x126k92a\">\n<blockquote>\n<h1><strong><a class=\"dt-pswp-item\" href=\"https:\/\/www.radiopiu.net\/wordpress\/wp-content\/uploads\/2024\/10\/629301fd-708d-4f53-95c2-d28cbefd500f.jpg\" data-dt-img-description=\"\" data-large_image_width=\"1600\" data-large_image_height=\"1322\"><img loading=\"lazy\" decoding=\"async\" class=\"wp-image-413782 alignright\" src=\"https:\/\/www.radiopiu.net\/wordpress\/wp-content\/uploads\/2024\/10\/629301fd-708d-4f53-95c2-d28cbefd500f-300x248.jpg\" alt=\"\" width=\"106\" height=\"88\" srcset=\"https:\/\/www.radiopiu.net\/wordpress\/wp-content\/uploads\/2024\/10\/629301fd-708d-4f53-95c2-d28cbefd500f-300x248.jpg 300w, https:\/\/www.radiopiu.net\/wordpress\/wp-content\/uploads\/2024\/10\/629301fd-708d-4f53-95c2-d28cbefd500f-1024x846.jpg 1024w, https:\/\/www.radiopiu.net\/wordpress\/wp-content\/uploads\/2024\/10\/629301fd-708d-4f53-95c2-d28cbefd500f-768x635.jpg 768w, https:\/\/www.radiopiu.net\/wordpress\/wp-content\/uploads\/2024\/10\/629301fd-708d-4f53-95c2-d28cbefd500f-1536x1269.jpg 1536w, https:\/\/www.radiopiu.net\/wordpress\/wp-content\/uploads\/2024\/10\/629301fd-708d-4f53-95c2-d28cbefd500f.jpg 1600w\" sizes=\"auto, (max-width: 106px) 100vw, 106px\" \/><\/a><\/strong><\/h1>\n<h1><strong><a class=\"dt-pswp-item\" href=\"https:\/\/www.radiopiu.net\/wordpress\/wp-content\/uploads\/2024\/11\/th-18.jpg\" data-dt-img-description=\"\" data-large_image_width=\"156\" data-large_image_height=\"180\"><img loading=\"lazy\" decoding=\"async\" class=\"size-full wp-image-421611 alignleft\" src=\"https:\/\/www.radiopiu.net\/wordpress\/wp-content\/uploads\/2024\/11\/th-18.jpg\" alt=\"\" width=\"156\" height=\"180\" \/><\/a><\/strong><\/h1>\n<h1><strong>N di parom &#8211; L Almanach de la nosta jent<\/strong><\/h1>\n<\/blockquote>\n<p>&nbsp;<\/p>\n<p>Le voci: Davide Conedera, Agordo, Michela Dell&#8217;Osbel, La Valle Agordina Simone Ganz, Falcade Veronica Lezuo, Colle Santa Lucia. La voce nella sigla \u00e8 di Giorgia Taio<\/p>\n<p><strong>LA PUNTATA DI OGGI, 11\u00a0 SETTEMBRE 2025<\/strong><\/p>\n<audio class=\"wp-audio-shortcode\" id=\"audio-469174-1\" preload=\"none\" style=\"width: 100%;\" controls=\"controls\"><source type=\"audio\/mpeg\" src=\"https:\/\/www.radiopiu.net\/wordpress\/wp-content\/uploads\/2025\/09\/AL5-1.mp3?_=1\" \/><a href=\"https:\/\/www.radiopiu.net\/wordpress\/wp-content\/uploads\/2025\/09\/AL5-1.mp3\">https:\/\/www.radiopiu.net\/wordpress\/wp-content\/uploads\/2025\/09\/AL5-1.mp3<\/a><\/audio>\n<p>&nbsp;<\/p>\n<p>&nbsp;<\/p>\n<\/div>\n<p>&nbsp;<\/p>\n<hr \/>\n<p>&nbsp;<\/p>\n<p>&nbsp;<\/p>\n<div class=\"x11i5rnm xat24cr x1mh8g0r x1vvkbs xtlvy1s x126k92a\">\n<div dir=\"auto\">\n<div dir=\"auto\">\n<p><strong><a class=\"dt-pswp-item\" href=\"https:\/\/www.radiopiu.net\/wordpress\/wp-content\/uploads\/2025\/07\/file-2.jpg\" data-dt-img-description=\"\" data-large_image_width=\"640\" data-large_image_height=\"641\"><img loading=\"lazy\" decoding=\"async\" class=\"wp-image-460616 alignleft\" src=\"https:\/\/www.radiopiu.net\/wordpress\/wp-content\/uploads\/2025\/07\/file-2-300x300.jpg\" alt=\"\" width=\"141\" height=\"141\" srcset=\"https:\/\/www.radiopiu.net\/wordpress\/wp-content\/uploads\/2025\/07\/file-2-300x300.jpg 300w, https:\/\/www.radiopiu.net\/wordpress\/wp-content\/uploads\/2025\/07\/file-2-150x150.jpg 150w, https:\/\/www.radiopiu.net\/wordpress\/wp-content\/uploads\/2025\/07\/file-2.jpg 640w\" sizes=\"auto, (max-width: 141px) 100vw, 141px\" \/><\/a>EL BAL DEL FIOR, DI GIULIANA DA RONCH, 06 SETTEMBRE<\/strong><strong>\u00a02025<\/strong><\/p>\n<\/div>\n<\/div>\n<div dir=\"auto\">\n<div dir=\"auto\">\n<p>&nbsp;<\/p>\n<p>&nbsp;<\/p>\n<audio class=\"wp-audio-shortcode\" id=\"audio-469174-2\" preload=\"none\" style=\"width: 100%;\" controls=\"controls\"><source type=\"audio\/mpeg\" src=\"https:\/\/www.radiopiu.net\/wordpress\/wp-content\/uploads\/2025\/09\/GVE-1.mp3?_=2\" \/><a href=\"https:\/\/www.radiopiu.net\/wordpress\/wp-content\/uploads\/2025\/09\/GVE-1.mp3\">https:\/\/www.radiopiu.net\/wordpress\/wp-content\/uploads\/2025\/09\/GVE-1.mp3<\/a><\/audio>\n<\/div>\n<\/div>\n<\/div>\n<div class=\"x11i5rnm xat24cr x1mh8g0r x1vvkbs xtlvy1s x126k92a\"><\/div>\n<div class=\"x11i5rnm xat24cr x1mh8g0r x1vvkbs xtlvy1s x126k92a\">\n<div dir=\"auto\">\n<p>&nbsp;<\/p>\n<p>&nbsp;<\/p>\n<hr \/>\n<\/div>\n<\/div>\n<blockquote>\n<blockquote>\n<h1><span style=\"color: #ff0000;\">\u00a0<\/span><\/h1>\n<h1><span style=\"color: #ff0000;\">I podcast informativi del mattino &#8211; audio &#8211;\u00a0\u00a0<\/span><\/h1>\n<\/blockquote>\n<p><strong><a class=\"dt-pswp-item\" href=\"https:\/\/www.radiopiu.net\/wordpress\/wp-content\/uploads\/2024\/11\/6.jpg\" data-dt-img-description=\"\" data-large_image_width=\"177\" data-large_image_height=\"180\"><img loading=\"lazy\" decoding=\"async\" class=\"size-full wp-image-417911 alignleft\" src=\"https:\/\/www.radiopiu.net\/wordpress\/wp-content\/uploads\/2024\/11\/6.jpg\" alt=\"\" width=\"177\" height=\"180\" \/><\/a>LA RASSEGNA STAMPA NAZIONALE ALLA RADIO, OGNI GIORNO ALLE 5 E ALLE 6 DEL MATTINO <span style=\"color: #0000ff;\">viene pubblicata alle 6.00 <span style=\"color: #ff0000;\">DIRETTA RADIO\u00a0 \u00a0\u00a0<\/span><\/span><\/strong><\/p><\/blockquote>\n<h1><strong>NOTIZIE DELLA NOTTE\u00a0\u00a0<\/strong><\/h1>\n<p data-start=\"97\" data-end=\"149\"><strong data-start=\"97\" data-end=\"147\">DAL MONDO: CRISI, VIOLENZA E SCENARI ECONOMICI<\/strong><\/p>\n<p data-start=\"151\" data-end=\"418\"><strong>Nelle ultime ore, Washington<\/strong> ha chiesto al Giappone di imporre nuovi dazi contro Cina e India, mentre in Niger un attacco di sospetti jihadisti ha provocato la morte di 20 soldati.<\/p>\n<p data-start=\"151\" data-end=\"418\"><strong>Yemen<\/strong> salgono a 46 le vittime degli attacchi israeliani contro postazioni Houthi.<\/p>\n<p data-start=\"420\" data-end=\"693\"><strong>Stati Uniti<\/strong>, il governatore dello Utah chieder\u00e0 la pena di morte per il killer di Kirk. Intanto Donald Trump, apparso allo stadio di New York, \u00e8 stato accolto con fischi e qualche applauso. Preoccupazione alla Us Naval Academy per una sparatoria con diversi feriti.<\/p>\n<p data-start=\"695\" data-end=\"899\"><strong>la Borsa di Tokyo<\/strong> apre in rialzo (+0,83%). La presidente della BCE Christine Lagarde ha annunciato il congelamento dei tassi, con una crescita dell\u2019Unione Europea stimata all\u20191,2%.<\/p>\n<p data-start=\"901\" data-end=\"1097\"><strong>In Italia<\/strong>, la Lega spinge per un rafforzamento nelle Regioni, ma Tajani frena: \u201cCi sono altre urgenze\u201d. Il cardinale Parolin accoglie positivamente ogni iniziativa a sostegno del popolo di Gaza.<\/p>\n<p data-start=\"1099\" data-end=\"1242\"><strong>\u00a0Il futuro del gruppo Armani<\/strong> sar\u00e0 regolato da due testamenti firmati dallo stilista, per garantire stabilit\u00e0 e continuit\u00e0 alla maison<\/p>\n<h1>IL GIORNALE DELLE SEI DEL MATTINO<\/h1>\n<audio class=\"wp-audio-shortcode\" id=\"audio-469174-3\" preload=\"none\" style=\"width: 100%;\" controls=\"controls\"><source type=\"audio\/mpeg\" src=\"https:\/\/www.radiopiu.net\/wordpress\/wp-content\/uploads\/2025\/09\/GIORNALEDELLESEI-11.mp3?_=3\" \/><a href=\"https:\/\/www.radiopiu.net\/wordpress\/wp-content\/uploads\/2025\/09\/GIORNALEDELLESEI-11.mp3\">https:\/\/www.radiopiu.net\/wordpress\/wp-content\/uploads\/2025\/09\/GIORNALEDELLESEI-11.mp3<\/a><\/audio>\n<p>&nbsp;<\/p>\n<p>&nbsp;<\/p>\n<p>&nbsp;<\/p>\n<p>&nbsp;<\/p>\n<hr \/>\n<p>&nbsp;<\/p>\n<h1 style=\"text-align: center;\"><span style=\"color: #ff0000;\"><a class=\"dt-pswp-item\" href=\"https:\/\/www.radiopiu.net\/wordpress\/wp-content\/uploads\/2024\/11\/7.jpg\" data-dt-img-description=\"\" data-large_image_width=\"180\" data-large_image_height=\"180\"><img loading=\"lazy\" decoding=\"async\" class=\"size-full wp-image-417912 alignleft\" src=\"https:\/\/www.radiopiu.net\/wordpress\/wp-content\/uploads\/2024\/11\/7.jpg\" alt=\"\" width=\"180\" height=\"180\" srcset=\"https:\/\/www.radiopiu.net\/wordpress\/wp-content\/uploads\/2024\/11\/7.jpg 180w, https:\/\/www.radiopiu.net\/wordpress\/wp-content\/uploads\/2024\/11\/7-150x150.jpg 150w\" sizes=\"auto, (max-width: 180px) 100vw, 180px\" \/><\/a>I podcast informativi del mattino &#8211; audio &#8211;\u00a0<\/span><\/h1>\n<p><strong>OGNI GIORNO ALLE SETTE DEL MATTINO, LA RASSEGNA STAMPA LOCALE FLASH&#8230; PER CHI VA IN FRETTA. I TITOLI DAI GIORNALI E DAL SITO WWW.RADIOPIU.NET <span style=\"color: #0000ff;\">viene pubblicato alle 7.00<\/span> <span style=\"color: #ff0000;\">DIRETTA RADIO\u00a0<\/span><\/strong><\/p>\n<p><em><span style=\"color: #ff0000;\">per chi va in fretta&#8230; tante notizie in pochi minuti. L&#8217;informazione locale alla radio, ogni ora dalle 7 del mattino alle 19 della sera.\u00a0\u00a0<\/span><\/em><\/p>\n<p><strong data-start=\"0\" data-end=\"62\">Notizie locali dal Bellunese: tra cronaca, eventi e novit\u00e0<\/strong><\/p>\n<p>&nbsp;<\/p>\n<div class=\"flex flex-1 grow basis-auto flex-col overflow-hidden\">\n<div class=\"relative h-full\">\n<div class=\"flex h-full flex-col overflow-y-auto [scrollbar-gutter:stable]\">\n<div class=\"mt-1.5 flex flex-col text-sm @thread-xl\/thread:pt-header-height md:pb-9\">\n<article class=\"group\/turn w-full text-token-text-primary focus-visible:outline-none\" dir=\"auto\" tabindex=\"-1\" data-testid=\"conversation-turn-2\" data-scroll-anchor=\"true\">\n<div class=\"text-base my-auto mx-auto py-5 px-6\">\n<div class=\"mx-auto flex flex-1 text-base gap-4 md:gap-5 lg:gap-6 md:max-w-3xl\">\n<div class=\"group\/conversation-turn relative flex w-full min-w-0 flex-col agent-turn @xs\/thread:px-0 @sm\/thread:px-1.5 @md\/thread:px-4\">\n<div class=\"relative flex-col gap-1 md:gap-3\">\n<div class=\"flex max-w-full flex-col flex-grow\">\n<div class=\"min-h-8 text-message relative flex w-full flex-col items-end gap-2 whitespace-normal break-words text-start [.text-message+&amp;]:mt-5\" dir=\"auto\" data-message-author-role=\"assistant\" data-message-id=\"bff05fc0-dc7c-4ab7-9b20-d3eec753127b\" data-message-model-slug=\"gpt-4o-mini\">\n<div class=\"flex w-full flex-col gap-1 empty:hidden first:pt-[3px]\">\n<div class=\"markdown prose w-full break-words dark:prose-invert dark\">\n<p class=\"\" data-start=\"64\" data-end=\"329\"><em><strong>Radio Pi\u00f9 offre una panoramica sui principali eventi e notizie in provincia di Belluno, accompagnata dalla programmazione radiofonica. Tra le principali notizie<\/strong><\/em><\/p>\n<\/div>\n<\/div>\n<\/div>\n<\/div>\n<\/div>\n<\/div>\n<\/div>\n<\/div>\n<\/article>\n<\/div>\n<\/div>\n<\/div>\n<\/div>\n<h1>AUDIO dalle 7 del mattino<\/h1>\n<audio class=\"wp-audio-shortcode\" id=\"audio-469174-4\" preload=\"none\" style=\"width: 100%;\" controls=\"controls\"><source type=\"audio\/mpeg\" src=\"https:\/\/www.radiopiu.net\/wordpress\/wp-content\/uploads\/2025\/09\/GF07-10.mp3?_=4\" \/><a href=\"https:\/\/www.radiopiu.net\/wordpress\/wp-content\/uploads\/2025\/09\/GF07-10.mp3\">https:\/\/www.radiopiu.net\/wordpress\/wp-content\/uploads\/2025\/09\/GF07-10.mp3<\/a><\/audio>\n<p>&nbsp;<\/p>\n<hr \/>\n<p>&nbsp;<\/p>\n<h1><\/h1>\n<h1 style=\"text-align: center;\"><span style=\"color: #ff0000;\"><a class=\"dt-pswp-item\" href=\"https:\/\/www.radiopiu.net\/wordpress\/wp-content\/uploads\/2024\/11\/th.jpg\" data-dt-img-description=\"\" data-large_image_width=\"148\" data-large_image_height=\"179\"><img loading=\"lazy\" decoding=\"async\" class=\" wp-image-417913 alignleft\" src=\"https:\/\/www.radiopiu.net\/wordpress\/wp-content\/uploads\/2024\/11\/th.jpg\" alt=\"\" width=\"66\" height=\"80\" \/><\/a>I podcast informativi del mattino &#8211; audio &#8211;\u00a0<\/span><\/h1>\n<blockquote><p><strong>GIORNALE RADIO NAZIONALE, EDIZIONE DELLE SETTE <span style=\"color: #0000ff;\">viene pubblicato alle 7.05 <span style=\"color: #ff0000;\">DIRETTA RADIO\u00a0<\/span><\/span><\/strong><\/p><\/blockquote>\n<p><strong>il giornale radionazionale e&#8217; in onda ogni ora, dalle sette del mattino alle venti della sera\u00a0 \u00a0\u00a0<\/strong><\/p>\n<blockquote>\n<h2><em><a class=\"dt-pswp-item\" href=\"https:\/\/www.radiopiu.net\/wordpress\/wp-content\/uploads\/2025\/02\/download-7.jpg\" data-dt-img-description=\"\" data-large_image_width=\"211\" data-large_image_height=\"239\"><img loading=\"lazy\" decoding=\"async\" class=\" wp-image-435553 alignleft\" src=\"https:\/\/www.radiopiu.net\/wordpress\/wp-content\/uploads\/2025\/02\/download-7.jpg\" alt=\"\" width=\"186\" height=\"211\" \/><\/a><span style=\"color: #ff0000;\">RADIOPI\u00d9<\/span> \u2013 La voce del territorio, lo sguardo sul Paese.\u00a0<\/em><\/h2>\n<\/blockquote>\n<div class=\"flex basis-auto flex-col -mb-(--composer-overlap-px) [--composer-overlap-px:55px] grow overflow-hidden\">\n<div class=\"relative h-full\">\n<div class=\"flex h-full flex-col overflow-y-auto [scrollbar-gutter:stable_both-edges] @[84rem]\/thread:pt-(--header-height)\">\n<div class=\"@thread-xl\/thread:pt-header-height flex flex-col text-sm pb-25\">\n<article class=\"text-token-text-primary w-full focus:outline-none scroll-mt-[calc(var(--header-height)+min(200px,max(70px,20svh)))]\" dir=\"auto\" tabindex=\"-1\" data-testid=\"conversation-turn-68\" data-scroll-anchor=\"true\" data-turn=\"assistant\">\n<div class=\"text-base my-auto mx-auto pb-10 [--thread-content-margin:--spacing(4)] @[37rem]:[--thread-content-margin:--spacing(6)] @[72rem]:[--thread-content-margin:--spacing(16)] px-(--thread-content-margin)\">\n<div class=\"[--thread-content-max-width:32rem] @[34rem]:[--thread-content-max-width:40rem] @[64rem]:[--thread-content-max-width:48rem] mx-auto max-w-(--thread-content-max-width) flex-1 group\/turn-messages focus-visible:outline-hidden relative flex w-full min-w-0 flex-col agent-turn\" tabindex=\"-1\">\n<div class=\"flex max-w-full flex-col grow\">\n<div class=\"min-h-8 text-message relative flex w-full flex-col items-end gap-2 text-start break-words whitespace-normal [.text-message+&amp;]:mt-5\" dir=\"auto\" data-message-author-role=\"assistant\" data-message-id=\"44b2bab2-310d-4a9e-8ff2-f21a32a7d5b3\" data-message-model-slug=\"gpt-4-1-mini\">\n<div class=\"flex w-full flex-col gap-1 empty:hidden first:pt-[3px]\">\n<div class=\"markdown prose dark:prose-invert w-full break-words dark\">\n<div class=\"pointer-events-none h-px w-px\" aria-hidden=\"true\" data-edge=\"true\">\n<p data-start=\"109\" data-end=\"161\"><strong data-start=\"109\" data-end=\"159\">ITALIA: CRONACA, METEO E INCHIESTE GIUDIZIARIE<\/strong><\/p>\n<p data-start=\"163\" data-end=\"427\"><strong>\u00a0Roma<\/strong> stop alle proroghe: arrivano nuove regole per i dehors. Sempre nella Capitale, indagine dopo l\u2019attacco hacker all\u2019account X del ministro Crosetto. La Polizia Postale ha inoltre chiuso la piattaforma \u201cPhica\u201d con contenuti sessisti, su ordine della Procura.<\/p>\n<p data-start=\"429\" data-end=\"711\"><strong>Bergamo<\/strong>, una donna \u00e8 indagata: avrebbe vissuto un anno con la madre morta in casa. A Milano fermato un uomo per lo stupro di una giovane, individuato tramite DNA. A Vittorito, in provincia dell\u2019Aquila, un operaio di 55 anni \u00e8 morto precipitando da un ponteggio alto dieci metri.<\/p>\n<p data-start=\"713\" data-end=\"973\"><strong>Roma<\/strong>, luned\u00ec l\u2019incarico per la perizia psichiatrica a Chiara Petrolini, che seppell\u00ec i neonati:<\/p>\n<p data-start=\"713\" data-end=\"973\"><strong>Catania<\/strong>, un ex primario \u00e8 stato interdetto per violenza sessuale su una collega: la difesa parla di persecuzione.<\/p>\n<p data-start=\"975\" data-end=\"1115\"><strong>politico-giudiziario<\/strong>, arrestati i vertici calabresi e catanzaresi di Forza Nuova, accusati di un\u2019aggressione a sfondo razziale.<\/p>\n<p data-start=\"1117\" data-end=\"1238\"><strong>\u00a0maltempo sull\u2019Italia:<\/strong> nubifragi all\u2019Elba, danni anche in Veneto, Lombardia e Friuli; in Campania scuole chiuse.<\/p>\n<\/div>\n<div aria-hidden=\"true\" data-edge=\"true\"><\/div>\n<\/div>\n<\/div>\n<\/div>\n<\/div>\n<\/div>\n<\/div>\n<\/article>\n<\/div>\n<\/div>\n<\/div>\n<\/div>\n<article class=\"text-token-text-primary w-full focus:outline-none scroll-mt-[calc(var(--header-height)+min(200px,max(70px,20svh)))]\" dir=\"auto\" tabindex=\"-1\" data-testid=\"conversation-turn-72\" data-scroll-anchor=\"true\" data-turn=\"assistant\">\n<div class=\"text-base my-auto mx-auto pb-10 [--thread-content-margin:--spacing(4)] @[37rem]:[--thread-content-margin:--spacing(6)] @[72rem]:[--thread-content-margin:--spacing(16)] px-(--thread-content-margin)\">\n<div class=\"[--thread-content-max-width:32rem] @[34rem]:[--thread-content-max-width:40rem] @[64rem]:[--thread-content-max-width:48rem] mx-auto max-w-(--thread-content-max-width) flex-1 group\/turn-messages focus-visible:outline-hidden relative flex w-full min-w-0 flex-col agent-turn\" tabindex=\"-1\">\n<div class=\"flex max-w-full flex-col grow\">\n<div class=\"min-h-8 text-message relative flex w-full flex-col items-end gap-2 text-start break-words whitespace-normal [.text-message+&amp;]:mt-5\" dir=\"auto\" data-message-author-role=\"assistant\" data-message-id=\"6ad35c52-e3d0-4186-88d9-35bb4972681f\" data-message-model-slug=\"gpt-4o\">\n<div class=\"flex w-full flex-col gap-1 empty:hidden first:pt-[3px]\">\n<div class=\"markdown prose dark:prose-invert w-full break-words dark\">\n<article class=\"text-token-text-primary w-full\" dir=\"auto\" data-testid=\"conversation-turn-163\" data-scroll-anchor=\"true\">\n<div class=\"text-base my-auto mx-auto pb-10 [--thread-content-margin:--spacing(4)] @[37rem]:[--thread-content-margin:--spacing(6)] @[72rem]:[--thread-content-margin:--spacing(16)] px-(--thread-content-margin)\">\n<div class=\"[--thread-content-max-width:32rem] @[34rem]:[--thread-content-max-width:40rem] @[64rem]:[--thread-content-max-width:48rem] mx-auto flex max-w-(--thread-content-max-width) flex-1 text-base gap-4 md:gap-5 lg:gap-6 group\/turn-messages focus-visible:outline-hidden\" tabindex=\"-1\">\n<div class=\"group\/conversation-turn relative flex w-full min-w-0 flex-col agent-turn\">\n<div class=\"relative flex-col gap-1 md:gap-3\">\n<div class=\"flex max-w-full flex-col grow\">\n<div class=\"min-h-8 text-message relative flex w-full flex-col items-end gap-2 text-start break-words whitespace-normal [.text-message+&amp;]:mt-5\" dir=\"auto\" data-message-author-role=\"assistant\" data-message-id=\"efdea043-c36a-42e6-8e01-aec593793ec1\" data-message-model-slug=\"gpt-4o\">\n<div class=\"flex w-full flex-col gap-1 empty:hidden first:pt-[3px]\">\n<div class=\"markdown prose dark:prose-invert w-full break-words dark\">\n<article class=\"text-token-text-primary w-full focus:outline-none scroll-mt-[calc(var(--header-height)+min(200px,max(70px,20svh)))]\" dir=\"auto\" tabindex=\"-1\" data-testid=\"conversation-turn-162\" data-scroll-anchor=\"true\" data-turn=\"assistant\">\n<div class=\"text-base my-auto mx-auto pb-10 [--thread-content-margin:--spacing(4)] @[37rem]:[--thread-content-margin:--spacing(6)] @[72rem]:[--thread-content-margin:--spacing(16)] px-(--thread-content-margin)\">\n<div class=\"[--thread-content-max-width:32rem] @[34rem]:[--thread-content-max-width:40rem] @[64rem]:[--thread-content-max-width:48rem] mx-auto max-w-(--thread-content-max-width) flex-1 group\/turn-messages focus-visible:outline-hidden relative flex w-full min-w-0 flex-col agent-turn\" tabindex=\"-1\">\n<div class=\"flex max-w-full flex-col grow\">\n<div class=\"min-h-8 text-message relative flex w-full flex-col items-end gap-2 text-start break-words whitespace-normal [.text-message+&amp;]:mt-5\" dir=\"auto\" data-message-author-role=\"assistant\" data-message-id=\"842efa5e-0b6b-4c68-b1eb-9dd894bae6c3\" data-message-model-slug=\"gpt-4o\">\n<div class=\"flex w-full flex-col gap-1 empty:hidden first:pt-[3px]\">\n<div class=\"markdown prose dark:prose-invert w-full break-words dark\">\n<div class=\"flex basis-auto flex-col -mb-(--composer-overlap-px) [--composer-overlap-px:55px] grow overflow-hidden\">\n<div class=\"relative h-full\">\n<div class=\"flex h-full flex-col overflow-y-auto [scrollbar-gutter:stable_both-edges] @[84rem]\/thread:pt-(--header-height)\">\n<div class=\"@thread-xl\/thread:pt-header-height flex flex-col text-sm pb-25\">\n<article class=\"text-token-text-primary w-full focus:outline-none scroll-mt-[calc(var(--header-height)+min(200px,max(70px,20svh)))]\" dir=\"auto\" tabindex=\"-1\" data-testid=\"conversation-turn-18\" data-scroll-anchor=\"true\" data-turn=\"assistant\">\n<div class=\"text-base my-auto mx-auto pb-10 [--thread-content-margin:--spacing(4)] @[37rem]:[--thread-content-margin:--spacing(6)] @[72rem]:[--thread-content-margin:--spacing(16)] px-(--thread-content-margin)\">\n<div class=\"[--thread-content-max-width:32rem] @[34rem]:[--thread-content-max-width:40rem] @[64rem]:[--thread-content-max-width:48rem] mx-auto max-w-(--thread-content-max-width) flex-1 group\/turn-messages focus-visible:outline-hidden relative flex w-full min-w-0 flex-col agent-turn\" tabindex=\"-1\">\n<div class=\"flex max-w-full flex-col grow\">\n<div class=\"min-h-8 text-message relative flex w-full flex-col items-end gap-2 text-start break-words whitespace-normal [.text-message+&amp;]:mt-5\" dir=\"auto\" data-message-author-role=\"assistant\" data-message-id=\"10a6d749-a0ed-478c-a66e-5f27b47e163c\" data-message-model-slug=\"gpt-5\">\n<div class=\"flex w-full flex-col gap-1 empty:hidden first:pt-[3px]\">\n<div class=\"markdown prose dark:prose-invert w-full break-words dark\">\n<hr data-start=\"1055\" data-end=\"1058\" \/>\n<\/div>\n<\/div>\n<\/div>\n<\/div>\n<\/div>\n<\/div>\n<\/article>\n<\/div>\n<\/div>\n<\/div>\n<\/div>\n<div id=\"thread-bottom-container\" class=\"content-fade relative isolate z-10 w-full basis-auto has-data-has-thread-error:pt-2 has-data-has-thread-error:[box-shadow:var(--sharp-edge-bottom-shadow)] md:border-transparent md:pt-0 dark:border-white\/20 md:dark:border-transparent flex flex-col\">\n<div id=\"thread-bottom\">\n<div class=\"text-base mx-auto [--thread-content-margin:--spacing(4)] @[37rem]:[--thread-content-margin:--spacing(6)] @[72rem]:[--thread-content-margin:--spacing(16)] px-(--thread-content-margin)\">\n<div class=\"[--thread-content-max-width:32rem] @[34rem]:[--thread-content-max-width:40rem] @[64rem]:[--thread-content-max-width:48rem] mx-auto max-w-(--thread-content-max-width) flex-1\">\n<div class=\"max-xs:[--force-hide-label:none] relative z-1 flex h-full max-w-full flex-1 flex-col\">\n<form class=\"w-full [view-transition-name:var(--vt-composer)]\" data-type=\"unified-composer\">\n<div class=\"bg-token-bg-primary shadow-short flex w-full cursor-text flex-col items-center justify-center overflow-clip bg-clip-padding contain-inline-size dark:bg-[#303030] rounded-[28px]\">\n<div class=\"relative flex min-h-14 w-full items-end\">\n<div class=\"relative flex w-full flex-auto flex-col\">\n<div class=\"relative mx-5 flex min-h-14 flex-auto bg-transparent items-start\">\n<div class=\"_prosemirror-parent_276o5_2 text-token-text-primary max-h-[25dvh] max-h-52 flex-1 overflow-auto [scrollbar-width:thin] default-browser vertical-scroll-fade-mask\">\n<div id=\"prompt-textarea\" class=\"ProseMirror\" contenteditable=\"true\" translate=\"no\" data-virtualkeyboard=\"true\"><\/div>\n<\/div>\n<\/div>\n<\/div>\n<\/div>\n<\/div>\n<\/form>\n<\/div>\n<\/div>\n<\/div>\n<\/div>\n<\/div>\n<\/div>\n<\/div>\n<\/div>\n<\/div>\n<\/div>\n<\/div>\n<\/article>\n<\/div>\n<\/div>\n<\/div>\n<\/div>\n<\/div>\n<\/div>\n<\/div>\n<\/div>\n<\/article>\n<\/div>\n<\/div>\n<\/div>\n<\/div>\n<\/div>\n<\/div>\n<\/article>\n<article class=\"text-token-text-primary w-full focus:outline-none scroll-mt-[calc(var(--header-height)+min(200px,max(70px,20svh)))]\" dir=\"auto\" tabindex=\"-1\" data-testid=\"conversation-turn-72\" data-scroll-anchor=\"true\" data-turn=\"assistant\">\n<div class=\"text-base my-auto mx-auto pb-10 [--thread-content-margin:--spacing(4)] @[37rem]:[--thread-content-margin:--spacing(6)] @[72rem]:[--thread-content-margin:--spacing(16)] px-(--thread-content-margin)\">\n<div class=\"[--thread-content-max-width:32rem] @[34rem]:[--thread-content-max-width:40rem] @[64rem]:[--thread-content-max-width:48rem] mx-auto max-w-(--thread-content-max-width) flex-1 group\/turn-messages focus-visible:outline-hidden relative flex w-full min-w-0 flex-col agent-turn\" tabindex=\"-1\">\n<div class=\"flex max-w-full flex-col grow\">\n<div class=\"min-h-8 text-message relative flex w-full flex-col items-end gap-2 text-start break-words whitespace-normal [.text-message+&amp;]:mt-5\" dir=\"auto\" data-message-author-role=\"assistant\" data-message-id=\"6ad35c52-e3d0-4186-88d9-35bb4972681f\" data-message-model-slug=\"gpt-4o\">\n<div class=\"flex w-full flex-col gap-1 empty:hidden first:pt-[3px]\">\n<div class=\"markdown prose dark:prose-invert w-full break-words dark\">\n<article class=\"text-token-text-primary w-full\" dir=\"auto\" data-testid=\"conversation-turn-163\" data-scroll-anchor=\"true\">\n<div class=\"text-base my-auto mx-auto pb-10 [--thread-content-margin:--spacing(4)] @[37rem]:[--thread-content-margin:--spacing(6)] @[72rem]:[--thread-content-margin:--spacing(16)] px-(--thread-content-margin)\">\n<div class=\"[--thread-content-max-width:32rem] @[34rem]:[--thread-content-max-width:40rem] @[64rem]:[--thread-content-max-width:48rem] mx-auto flex max-w-(--thread-content-max-width) flex-1 text-base gap-4 md:gap-5 lg:gap-6 group\/turn-messages focus-visible:outline-hidden\" tabindex=\"-1\">\n<div class=\"group\/conversation-turn relative flex w-full min-w-0 flex-col agent-turn\">\n<div class=\"flex items-center justify-center\"><\/div>\n<\/div>\n<\/div>\n<\/div>\n<\/article>\n<\/div>\n<\/div>\n<\/div>\n<\/div>\n<\/div>\n<\/div>\n<\/article>\n<blockquote>\n<h2><span style=\"color: #ff0000;\"><strong><a class=\"dt-pswp-item\" href=\"https:\/\/www.radiopiu.net\/wordpress\/wp-content\/uploads\/2025\/02\/download-3.jpg\" data-dt-img-description=\"\" data-large_image_width=\"223\" data-large_image_height=\"226\"><img loading=\"lazy\" decoding=\"async\" class=\"size-full wp-image-434732 alignleft\" src=\"https:\/\/www.radiopiu.net\/wordpress\/wp-content\/uploads\/2025\/02\/download-3.jpg\" alt=\"\" width=\"223\" height=\"226\" \/><\/a><\/strong>RADIOPI\u00d9<\/span> \u2013 Dalle Dolomiti alla pianura, i fatti che segnano la Regione.<\/h2>\n<\/blockquote>\n<article class=\"text-token-text-primary w-full focus:outline-none scroll-mt-[calc(var(--header-height)+min(200px,max(70px,20svh)))]\" dir=\"auto\" tabindex=\"-1\" data-testid=\"conversation-turn-112\" data-scroll-anchor=\"true\" data-turn=\"assistant\">\n<div class=\"text-base my-auto mx-auto pb-10 [--thread-content-margin:--spacing(4)] @[37rem]:[--thread-content-margin:--spacing(6)] @[72rem]:[--thread-content-margin:--spacing(16)] px-(--thread-content-margin)\">\n<div class=\"[--thread-content-max-width:32rem] @[34rem]:[--thread-content-max-width:40rem] @[64rem]:[--thread-content-max-width:48rem] mx-auto max-w-(--thread-content-max-width) flex-1 group\/turn-messages focus-visible:outline-hidden relative flex w-full min-w-0 flex-col agent-turn\" tabindex=\"-1\">\n<div class=\"flex max-w-full flex-col grow\">\n<div class=\"min-h-8 text-message relative flex w-full flex-col items-end gap-2 text-start break-words whitespace-normal [.text-message+&amp;]:mt-5\" dir=\"auto\" data-message-author-role=\"assistant\" data-message-id=\"74820017-8765-4ccc-b0c7-da916c45f87f\" data-message-model-slug=\"gpt-5\">\n<div class=\"flex w-full flex-col gap-1 empty:hidden first:pt-[3px]\">\n<div class=\"markdown prose dark:prose-invert w-full break-words dark\">\n<p data-start=\"31\" data-end=\"335\">\ufe0f<\/p>\n<p data-start=\"79\" data-end=\"115\"><strong data-start=\"79\" data-end=\"113\">CRONACA E ATTUALIT\u00c0 DAL VENETO<\/strong><\/p>\n<p data-start=\"79\" data-end=\"115\"><strong>PADOVA<\/strong> andr\u00e0 a processo per omicidio volontario Melissa Russo Machado, 29 anni, italo-brasiliana: la giovane \u00e8 accusata di aver ucciso la neonata appena partorita, gettandola nel water e azionando lo sciacquone. La Procura ha contestato l\u2019omicidio volontario e non l\u2019infanticidio: la donna rischia anche l\u2019ergastolo.<\/p>\n<p data-start=\"117\" data-end=\"327\"><strong>VICENZA<\/strong> Il 21 ottobre si aprir\u00e0 a Vicenza il processo ai genitori di un giovane morto per un presunto ritardo nelle cure oncologiche: sono accusati di responsabilit\u00e0 per non aver garantito tempestivit\u00e0 nelle terapie.<\/p>\n<p data-start=\"329\" data-end=\"572\"><strong>VICENZA<\/strong> A Conco, si terranno luned\u00ec 15 settembre i funerali di Stefano Angonese, 13 anni, travolto e ucciso da un\u2019auto pirata sulla provinciale della Fratellanza a Lusiana Conco. L\u2019investitore \u00e8 stato rintracciato dai carabinieri.<\/p>\n<p data-start=\"329\" data-end=\"572\"><strong>VENEZIA<\/strong>\u00a0 grave episodio di violenza: una coppia di turisti ebrei, lui americano e lei israeliana, \u00e8 stata aggredita da una decina di uomini nordafricani al grido di \u201cFree Palestine\u201d.<\/p>\n<p data-start=\"574\" data-end=\"798\"><strong>VENEZIA<\/strong> , il Terminal Passegger<strong data-start=\"588\" data-end=\"611\">i<\/strong> e l\u2019Autorit\u00e0 portuale hanno presentato al \u201cSeatrade Cruise Europe\u201d di Amburgo la candidatura di Venezia e Chioggia come destinazioni crocieristiche di riferimento per l\u2019Alto Adriatico.<\/p>\n<p data-start=\"800\" data-end=\"1191\"><strong>BIBIONE<\/strong> Dopo i danni del maltempo, Bibione si \u00e8 rialzata in tempi record grazie alla mobilitazione di residenti e turisti.<\/p>\n<p data-start=\"800\" data-end=\"1191\"><strong>VENEZIA<\/strong>\u00a0 il <strong>Garante della Privacy<\/strong> ha inflitto al Comune una sanzione da 10.000 euro per illeciti nella raccolta dei dati relativi al contributo d\u2019accesso. Contestualmente \u00e8 stato imposto di adottare misure pi\u00f9 stringenti su trasparenza e sicurezza dei dati.<\/p>\n<p data-start=\"1193\" data-end=\"1572\"><strong>MESTRE<\/strong> al pronto soccorso, una guardia giurata \u00e8 rimasta ferita dopo le escandescenze di un paziente; sul posto la Polizia.<\/p>\n<p data-start=\"1193\" data-end=\"1572\"><strong>TREVISO<\/strong>\u00a0 un falso corriere, che tentava di ritirare gioielli per 135mila euro, \u00e8 stato fermato dai carabinieri.<\/p>\n<p data-start=\"1193\" data-end=\"1572\"><strong>PADOVA\u00a0<\/strong> la Guardia di Finanza ha sequestrato 3 chili di eroina e cocaina, arrestando un uomo trovato con la droga in casa.<\/p>\n<p data-start=\"1907\" data-end=\"2101\">\n<\/div>\n<\/div>\n<\/div>\n<\/div>\n<\/div>\n<\/div>\n<\/article>\n<h1><span style=\"color: #ff0000;\"><span style=\"color: #0000ff;\">ULTIM&#8217;ORA<\/span> <span style=\"color: #000000;\">AUDIO dalle sette del mattino, ogni ora alla radio EDIZIONE DELLE SETTE<\/span><\/span><\/h1>\n<audio class=\"wp-audio-shortcode\" id=\"audio-469174-5\" preload=\"none\" style=\"width: 100%;\" controls=\"controls\"><source type=\"audio\/mpeg\" src=\"https:\/\/www.radiopiu.net\/wordpress\/wp-content\/uploads\/2025\/09\/giornale07-10.mp3?_=5\" \/><a href=\"https:\/\/www.radiopiu.net\/wordpress\/wp-content\/uploads\/2025\/09\/giornale07-10.mp3\">https:\/\/www.radiopiu.net\/wordpress\/wp-content\/uploads\/2025\/09\/giornale07-10.mp3<\/a><\/audio>\n<p>&nbsp;<\/p>\n<p>&nbsp;<\/p>\n<hr \/>\n<p>&nbsp;<\/p>\n<h1><span style=\"color: #ff0000;\"><a class=\"dt-pswp-item\" href=\"https:\/\/www.radiopiu.net\/wordpress\/wp-content\/uploads\/2024\/11\/8.jpg\" data-dt-img-description=\"\" data-large_image_width=\"180\" data-large_image_height=\"180\"><img loading=\"lazy\" decoding=\"async\" class=\"size-full wp-image-417910 alignleft\" src=\"https:\/\/www.radiopiu.net\/wordpress\/wp-content\/uploads\/2024\/11\/8.jpg\" alt=\"\" width=\"180\" height=\"180\" srcset=\"https:\/\/www.radiopiu.net\/wordpress\/wp-content\/uploads\/2024\/11\/8.jpg 180w, https:\/\/www.radiopiu.net\/wordpress\/wp-content\/uploads\/2024\/11\/8-150x150.jpg 150w\" sizes=\"auto, (max-width: 180px) 100vw, 180px\" \/><\/a>I podcast informativi del mattino &#8211; video &#8211;\u00a0<\/span><\/h1>\n<h2 style=\"text-align: left;\"><strong>RASSEGNA STAMPA LOCALE, ORE OTTO<\/strong><\/h2>\n<h2><strong> <span style=\"color: #0000ff;\">viene\u00a0 <\/span><\/strong><strong><span style=\"color: #0000ff;\">pubblicata alle 8.05 <span style=\"color: #ff0000;\">DIRETTA RADIO\u00a0 \u00a0<\/span><\/span><\/strong><strong>DI MIRKO MEZZACASA<\/strong><\/h2>\n<h1><span style=\"color: #ff0000;\"><strong>VIDEO\u00a0 \u00a0in diretta AGGIORNAMENTO\u00a0 dalle 8 del mattino\u00a0\u00a0<\/strong><\/span><\/h1>\n\n\t\t\t<style type='text\/css'>\n\t\t\t\t#gallery-1 {\n\t\t\t\t\tmargin: auto;\n\t\t\t\t}\n\t\t\t\t#gallery-1 .gallery-item {\n\t\t\t\t\tfloat: left;\n\t\t\t\t\tmargin-top: 10px;\n\t\t\t\t\ttext-align: center;\n\t\t\t\t\twidth: 33%;\n\t\t\t\t}\n\t\t\t\t#gallery-1 img {\n\t\t\t\t\tborder: 2px solid #cfcfcf;\n\t\t\t\t}\n\t\t\t\t#gallery-1 .gallery-caption {\n\t\t\t\t\tmargin-left: 0;\n\t\t\t\t}\n\t\t\t\t\/* see gallery_shortcode() in wp-includes\/media.php *\/\n\t\t\t<\/style>\n\t\t<div id='gallery-1' class='dt-gallery-container gallery galleryid-469174 gallery-columns-3 gallery-size-thumbnail'><dl class='gallery-item'>\n\t\t\t\t<dt class='gallery-icon landscape'>\n\t\t\t\t\t<a class=\"rollover rollover-zoom dt-pswp-item\" title=\"Screenshot 2025-09-12 052416\" data-dt-img-description=\"\" data-large_image_width=\"490\" data-large_image_height=\"263\"href='https:\/\/www.radiopiu.net\/wordpress\/wp-content\/uploads\/2025\/09\/Screenshot-2025-09-12-052416.png'><img loading=\"lazy\" decoding=\"async\" width=\"150\" height=\"150\" src=\"https:\/\/www.radiopiu.net\/wordpress\/wp-content\/uploads\/2025\/09\/Screenshot-2025-09-12-052416-150x150.png\" class=\"attachment-thumbnail size-thumbnail\" alt=\"\" \/><\/a>\n\t\t\t\t<\/dt><\/dl><dl class='gallery-item'>\n\t\t\t\t<dt class='gallery-icon landscape'>\n\t\t\t\t\t<a class=\"rollover rollover-zoom dt-pswp-item\" title=\"Screenshot 2025-09-12 052429\" data-dt-img-description=\"\" data-large_image_width=\"704\" data-large_image_height=\"309\"href='https:\/\/www.radiopiu.net\/wordpress\/wp-content\/uploads\/2025\/09\/Screenshot-2025-09-12-052429.png'><img loading=\"lazy\" decoding=\"async\" width=\"150\" height=\"150\" src=\"https:\/\/www.radiopiu.net\/wordpress\/wp-content\/uploads\/2025\/09\/Screenshot-2025-09-12-052429-150x150.png\" class=\"attachment-thumbnail size-thumbnail\" alt=\"\" \/><\/a>\n\t\t\t\t<\/dt><\/dl><dl class='gallery-item'>\n\t\t\t\t<dt class='gallery-icon landscape'>\n\t\t\t\t\t<a class=\"rollover rollover-zoom dt-pswp-item\" title=\"Screenshot 2025-09-12 052446\" data-dt-img-description=\"\" data-large_image_width=\"577\" data-large_image_height=\"378\"href='https:\/\/www.radiopiu.net\/wordpress\/wp-content\/uploads\/2025\/09\/Screenshot-2025-09-12-052446.png'><img loading=\"lazy\" decoding=\"async\" width=\"150\" height=\"150\" src=\"https:\/\/www.radiopiu.net\/wordpress\/wp-content\/uploads\/2025\/09\/Screenshot-2025-09-12-052446-150x150.png\" class=\"attachment-thumbnail size-thumbnail\" alt=\"\" \/><\/a>\n\t\t\t\t<\/dt><\/dl><br style=\"clear: both\" \/>\n\t\t\t<\/div>\n\n<p>&nbsp;<\/p>\n<div class=\"page-title-head hgroup\">\n<p><iframe loading=\"lazy\" title=\"DAL 1983 LA RASSEGNA STAMPA LOCALE di mirko mezzacasa. L&#039;ORIGINALE\" width=\"1200\" height=\"675\" src=\"https:\/\/www.youtube.com\/embed\/65vO96VBSbY?feature=oembed\" frameborder=\"0\" allow=\"accelerometer; autoplay; clipboard-write; encrypted-media; gyroscope; picture-in-picture; web-share\" referrerpolicy=\"strict-origin-when-cross-origin\" allowfullscreen><\/iframe><\/p>\n<\/div>\n<div class=\"page-title-breadcrumbs\"><\/div>\n<hr \/>\n<p>&nbsp;<\/p>\n<p><strong><a class=\"dt-pswp-item\" href=\"https:\/\/www.radiopiu.net\/wordpress\/wp-content\/uploads\/2023\/12\/ANTENNA.png\" data-dt-img-description=\"\" data-large_image_width=\"300\" data-large_image_height=\"166\"><img loading=\"lazy\" decoding=\"async\" class=\"wp-image-366306 alignright\" src=\"https:\/\/www.radiopiu.net\/wordpress\/wp-content\/uploads\/2023\/12\/ANTENNA.png\" alt=\"\" width=\"101\" height=\"56\" \/><\/a><a class=\"dt-pswp-item\" href=\"https:\/\/www.radiopiu.net\/wordpress\/wp-content\/uploads\/2024\/11\/th-17.jpg\" data-dt-img-description=\"\" data-large_image_width=\"224\" data-large_image_height=\"180\"><img loading=\"lazy\" decoding=\"async\" class=\" wp-image-421610 alignleft\" src=\"https:\/\/www.radiopiu.net\/wordpress\/wp-content\/uploads\/2024\/11\/th-17.jpg\" alt=\"\" width=\"167\" height=\"134\" \/><\/a>ogni sera alle 19 le anticipazioni alla radio, quello che poi seguirete nel TELEGIORNALE BELLUNESE\u00a0 in onda alle 19.30 sul CANALE 10 del digitale terrestre.\u00a0\u00a0<\/strong><\/p>\n<p><b>\u00a0<\/b><\/p>\n<p>&nbsp;<\/p>\n<p>&nbsp;<\/p>\n<blockquote>\n<h2><span style=\"color: #ff0000;\">ANTICIPAZIONI, DI STEFANO BOZZI<\/span><\/h2>\n<\/blockquote>\n<audio class=\"wp-audio-shortcode\" id=\"audio-469174-6\" preload=\"none\" style=\"width: 100%;\" controls=\"controls\"><source type=\"audio\/mpeg\" src=\"https:\/\/www.radiopiu.net\/wordpress\/wp-content\/uploads\/2025\/09\/ANTENNA3-9.mp3?_=6\" \/><a href=\"https:\/\/www.radiopiu.net\/wordpress\/wp-content\/uploads\/2025\/09\/ANTENNA3-9.mp3\">https:\/\/www.radiopiu.net\/wordpress\/wp-content\/uploads\/2025\/09\/ANTENNA3-9.mp3<\/a><\/audio>\n<p>&nbsp;<\/p>\n<p>&nbsp;<\/p>\n<hr \/>\n<p>&nbsp;<\/p>\n<h2>DOMANI: CHIUSURE STRADALI, PER LA MANIFESTAZIONE CICLISTICA\u00a0 A PEDALATA LIBERA LUNGO I PASSI ATTORNO AL SELLA<\/h2>\n\n\t\t\t<style type='text\/css'>\n\t\t\t\t#gallery-2 {\n\t\t\t\t\tmargin: auto;\n\t\t\t\t}\n\t\t\t\t#gallery-2 .gallery-item {\n\t\t\t\t\tfloat: left;\n\t\t\t\t\tmargin-top: 10px;\n\t\t\t\t\ttext-align: center;\n\t\t\t\t\twidth: 100%;\n\t\t\t\t}\n\t\t\t\t#gallery-2 img {\n\t\t\t\t\tborder: 2px solid #cfcfcf;\n\t\t\t\t}\n\t\t\t\t#gallery-2 .gallery-caption {\n\t\t\t\t\tmargin-left: 0;\n\t\t\t\t}\n\t\t\t\t\/* see gallery_shortcode() in wp-includes\/media.php *\/\n\t\t\t<\/style>\n\t\t<div id='gallery-2' class='dt-gallery-container gallery galleryid-469174 gallery-columns-1 gallery-size-medium'><dl class='gallery-item'>\n\t\t\t\t<dt class='gallery-icon portrait'>\n\t\t\t\t\t<a class=\"rollover rollover-zoom dt-pswp-item\" title=\"6dc0022b-f890-4811-8255-2cbd7d56744f\" data-dt-img-description=\"\" data-large_image_width=\"1536\" data-large_image_height=\"2048\"href='https:\/\/www.radiopiu.net\/wordpress\/wp-content\/uploads\/2025\/09\/6dc0022b-f890-4811-8255-2cbd7d56744f.jpg'><img loading=\"lazy\" decoding=\"async\" width=\"225\" height=\"300\" src=\"https:\/\/www.radiopiu.net\/wordpress\/wp-content\/uploads\/2025\/09\/6dc0022b-f890-4811-8255-2cbd7d56744f-225x300.jpg\" class=\"attachment-medium size-medium\" alt=\"\" srcset=\"https:\/\/www.radiopiu.net\/wordpress\/wp-content\/uploads\/2025\/09\/6dc0022b-f890-4811-8255-2cbd7d56744f-225x300.jpg 225w, https:\/\/www.radiopiu.net\/wordpress\/wp-content\/uploads\/2025\/09\/6dc0022b-f890-4811-8255-2cbd7d56744f-768x1024.jpg 768w, https:\/\/www.radiopiu.net\/wordpress\/wp-content\/uploads\/2025\/09\/6dc0022b-f890-4811-8255-2cbd7d56744f-1152x1536.jpg 1152w, https:\/\/www.radiopiu.net\/wordpress\/wp-content\/uploads\/2025\/09\/6dc0022b-f890-4811-8255-2cbd7d56744f.jpg 1536w\" sizes=\"auto, (max-width: 225px) 100vw, 225px\" \/><\/a>\n\t\t\t\t<\/dt><\/dl><br style=\"clear: both\" \/>\n\t\t\t<\/div>\n\n<p data-start=\"43\" data-end=\"105\"><strong>DOMENICA CHIUSURA STRADA PER SALESEI<\/strong><\/p>\n<p data-start=\"43\" data-end=\"105\"><strong data-start=\"43\" data-end=\"103\">ROCCA PIETORE <\/strong>durante la mattinata di domenica 14 settembre sar\u00e0 prevista la chiusura al traffico sulla SP 563 che sale da Saviner di Laste fino a Salesei. Ai residenti sar\u00e0 comunque concesso il transito.<\/p>\n<blockquote>\n<p data-start=\"43\" data-end=\"105\">\n<p data-start=\"43\" data-end=\"105\"><strong data-start=\"43\" data-end=\"103\">FALCADE, PERICOLO CADUTA MASSI SUL SENTIERO PER IL MULAZ<\/strong><\/p>\n<\/blockquote>\n<p data-start=\"107\" data-end=\"319\">Allerta sicurezza sul sentiero 710 che dalla Val Venegia porta al Rifugio Mulaz: i gestori segnalano il pericolo di caduta massi e invitano gli escursionisti a non utilizzarlo fino al bivio con il 710A. Per salire o scendere dal Mulaz \u00e8 quindi raccomandato esclusivamente il sentiero 710A, indicato come alternativa sicura.<\/p>\n<p>&nbsp;<\/p>\n<p>&nbsp;<\/p>\n<hr \/>\n<p>&nbsp;<\/p>\n<blockquote>\n<h3>EMERGENZE SANITARIE: GLI INTERVENTI DEL SUEM 118 A BELLUNO<\/h3>\n<\/blockquote>\n<p><strong><a class=\"dt-pswp-item\" href=\"https:\/\/www.radiopiu.net\/wordpress\/wp-content\/uploads\/2025\/09\/DSC00443-Modifica-1-300x200-1.jpg\" data-dt-img-description=\"\" data-large_image_width=\"300\" data-large_image_height=\"200\"><img loading=\"lazy\" decoding=\"async\" class=\"wp-image-469222 alignleft\" src=\"https:\/\/www.radiopiu.net\/wordpress\/wp-content\/uploads\/2025\/09\/DSC00443-Modifica-1-300x200-1.jpg\" alt=\"\" width=\"206\" height=\"137\" \/><\/a>BELLUNO<\/strong><\/p>\n<p data-start=\"153\" data-end=\"509\">Ieri l\u2019UOC Centrale Operativa SUEM 118 di Belluno ha gestito diversi interventi sul territorio della provincia. Alle 7.50 a San Vito di Cadore un uomo di 71 anni ha accusato un malore ed \u00e8 stato soccorso dai mezzi dell\u2019Ambulanza Croce Bianca e dell\u2019elicottero Falco 1, venendo trasportato all\u2019ospedale di Belluno in codice giallo. In mattinata, alle 11.31, un uomo di 46 anni di nazionalit\u00e0 spagnola ha subito un trauma in un incidente stradale a Mussoi, (ferite lievi) mentre alle 11.33 un altro uomo, 44 anni dall\u2019Austria, \u00e8 rimasto coinvolto in un incidente al Passo Mauria (ferite di media gravit\u00e0); entrambi sono stati trasportati a Belluno rispettivamente con ambulanza e Falco 1.<\/p>\n<p><a class=\"dt-pswp-item\" href=\"https:\/\/www.radiopiu.net\/wordpress\/wp-content\/uploads\/2025\/09\/Screenshot-2025-09-11-053052.png\" data-dt-img-description=\"\" data-large_image_width=\"402\" data-large_image_height=\"51\"><img loading=\"lazy\" decoding=\"async\" class=\"size-medium wp-image-469133 aligncenter\" src=\"https:\/\/www.radiopiu.net\/wordpress\/wp-content\/uploads\/2025\/09\/Screenshot-2025-09-11-053052-300x38.png\" alt=\"\" width=\"300\" height=\"38\" srcset=\"https:\/\/www.radiopiu.net\/wordpress\/wp-content\/uploads\/2025\/09\/Screenshot-2025-09-11-053052-300x38.png 300w, https:\/\/www.radiopiu.net\/wordpress\/wp-content\/uploads\/2025\/09\/Screenshot-2025-09-11-053052.png 402w\" sizes=\"auto, (max-width: 300px) 100vw, 300px\" \/><\/a><\/p>\n<hr \/>\n<blockquote>\n<h3 data-start=\"153\" data-end=\"509\">UBRIACO MOLESTA I CLIENTI E AGGREDISCE I POLIZIOTTI: ARRESTATO IN CENTRO A BELLUNO<\/h3>\n<\/blockquote>\n<blockquote><p><em><img loading=\"lazy\" decoding=\"async\" class=\"alignleft\" src=\"https:\/\/www.radiopiu.net\/wordpress\/wp-content\/uploads\/2022\/08\/295832323_428597342649333_2091359398335650946_n.jpg\" width=\"174\" height=\"218\" \/>I poliziotti, non avrebbero riportato conseguenze significative e stanno entrambi bene. Hanno potuto riprendere normalmente il loro servizio, naturale saranno tra i primi testimoni della pubblica accusa da ascoltare, quando comincer\u00e0 il processo in tribunale.<\/em><\/p><\/blockquote>\n<p><strong>BELLUNO<\/strong><\/p>\n<p>Un sessantenne bellunese, gi\u00e0 noto alle forze dell\u2019ordine, \u00e8 stato arrestato mercoled\u00ec sera in piazza dei Martiri dopo aver molestato i clienti di un locale e aggredito gli agenti intervenuti. Condotto in questura e poi nel carcere di Baldenich, sar\u00e0 sottoposto a convalida nelle prossime ore. I poliziotti stanno bene; per l\u2019uomo scatteranno sanzione amministrativa per ubriachezza e procedimento per resistenza a pubblico ufficiale.<\/p>\n<p>&nbsp;<\/p>\n<p>&nbsp;<\/p>\n<p><a class=\"dt-pswp-item\" href=\"https:\/\/www.radiopiu.net\/wordpress\/wp-content\/uploads\/2025\/09\/Screenshot-2025-09-11-053052.png\" data-dt-img-description=\"\" data-large_image_width=\"402\" data-large_image_height=\"51\"><img loading=\"lazy\" decoding=\"async\" class=\"size-medium wp-image-469133 aligncenter\" src=\"https:\/\/www.radiopiu.net\/wordpress\/wp-content\/uploads\/2025\/09\/Screenshot-2025-09-11-053052-300x38.png\" alt=\"\" width=\"300\" height=\"38\" srcset=\"https:\/\/www.radiopiu.net\/wordpress\/wp-content\/uploads\/2025\/09\/Screenshot-2025-09-11-053052-300x38.png 300w, https:\/\/www.radiopiu.net\/wordpress\/wp-content\/uploads\/2025\/09\/Screenshot-2025-09-11-053052.png 402w\" sizes=\"auto, (max-width: 300px) 100vw, 300px\" \/><\/a><\/p>\n<hr \/>\n<p>&nbsp;<\/p>\n<blockquote>\n<h2>ANZIANO ANNEGATO NELLA VASCA DI LIQUAMI: CHIESTI 16 MESI PER L\u2019IMPRENDITORE<\/h2>\n<\/blockquote>\n<p>&nbsp;<\/p>\n<p><strong>LA GIUDIZIARIA OGGI<\/strong><br \/>\n<strong>SINTESI DAL CORRIERE DELLE ALPI<\/strong><br \/>\n<strong>DI GIGI SOSSO<\/strong><\/p>\n<p>&nbsp;<\/p>\n<p><strong><a class=\"dt-pswp-item\" href=\"https:\/\/www.radiopiu.net\/wordpress\/wp-content\/uploads\/2025\/09\/Screenshot-2025-09-12-050938.png\" data-dt-img-description=\"\" data-large_image_width=\"563\" data-large_image_height=\"341\"><img loading=\"lazy\" decoding=\"async\" class=\" wp-image-469287 alignleft\" src=\"https:\/\/www.radiopiu.net\/wordpress\/wp-content\/uploads\/2025\/09\/Screenshot-2025-09-12-050938-300x182.png\" alt=\"\" width=\"219\" height=\"133\" srcset=\"https:\/\/www.radiopiu.net\/wordpress\/wp-content\/uploads\/2025\/09\/Screenshot-2025-09-12-050938-300x182.png 300w, https:\/\/www.radiopiu.net\/wordpress\/wp-content\/uploads\/2025\/09\/Screenshot-2025-09-12-050938.png 563w\" sizes=\"auto, (max-width: 219px) 100vw, 219px\" \/><\/a>ARSIE&#8217;<\/strong> Antonio Salina, 85 anni, mor\u00ec ad Arsi\u00e8 dopo essersi allontanato dalla casa di riposo. Per il titolare dell\u2019azienda agricola, Alessandro De Rocco, il pm ha chiesto 16 mesi in abbreviato; la difesa punta all\u2019assoluzione. Rinviata al 6 novembre la sentenza. A processo dal 14 ottobre anche quattro responsabili della Rsa, accusati di omissioni nella gestione dell\u2019ospite.<\/p>\n<p>&nbsp;<\/p>\n<blockquote>\n<p data-start=\"51\" data-end=\"110\"><strong data-start=\"51\" data-end=\"108\">PROCESSO A BELLUNO: EX MARITO A GIUDIZIO PER STALKING<\/strong><\/p>\n<\/blockquote>\n<p data-start=\"112\" data-end=\"527\">E.V., gi\u00e0 condannato a 20 mesi per maltrattamenti, \u00e8 ora imputato per atti persecutori nei confronti dell\u2019ex moglie. L\u2019uomo, difeso dall\u2019avvocato Cesare Stradaioli, \u00e8 sottoposto a divieto di avvicinamento e al braccialetto elettronico, di cui ha chiesto la rimozione per motivi di salute. La donna, assistita dall\u2019avvocato Laura Vittoria De Biasi, si \u00e8 costituita parte civile chiedendo il risarcimento dei danni.<\/p>\n<blockquote>\n<p data-start=\"51\" data-end=\"106\"><strong data-start=\"51\" data-end=\"104\">A GIUDIZIO A BELLUNO: MINACCE E PUGNI AGLI AGENTI<\/strong><\/p>\n<\/blockquote>\n<p data-start=\"108\" data-end=\"444\">Z.F., nato in Sicilia e residente a Ragusa, deve rispondere in tribunale dopo un controllo stradale degenerato lo scorso 1\u00b0 giugno. Rifiuto di fornire le generalit\u00e0, calci, pugni e minacce pesanti agli agenti, anche a sfondo erotico. Difeso dall\u2019avvocato Valentina Mazzucco, ha presentato richiesta di messa alla prova davanti al gup.<\/p>\n<blockquote>\n<p data-start=\"51\" data-end=\"113\"><strong data-start=\"51\" data-end=\"111\">INVESTIMENTO A BOLAGO: IL 21ENNE CHIEDE SCUSA E CONFESSA<\/strong><\/p>\n<\/blockquote>\n<p data-start=\"115\" data-end=\"605\">\u00a0il giovane che sabato ha investito due adolescenti in scooter a Belluno ed \u00e8 fuggito, ha ammesso le proprie responsabilit\u00e0 e, tramite l\u2019avvocato Cesare Stradaioli, ha espresso dispiacere e vicinanza alle famiglie. \u00c8 indagato per lesioni stradali e omissione di soccorso. Non aveva la patente e potrebbe aver bevuto, ma forse sotto il limite penale. I due ragazzi sono ricoverati: migliorano le condizioni della 14enne. Si valuta la messa alla prova con lavori di pubblica utilit\u00e0.<\/p>\n<p data-start=\"115\" data-end=\"605\"><a class=\"dt-pswp-item\" href=\"https:\/\/www.radiopiu.net\/wordpress\/wp-content\/uploads\/2025\/09\/Screenshot-2025-09-11-053052.png\" data-dt-img-description=\"\" data-large_image_width=\"402\" data-large_image_height=\"51\"><img loading=\"lazy\" decoding=\"async\" class=\"size-medium wp-image-469133 aligncenter\" src=\"https:\/\/www.radiopiu.net\/wordpress\/wp-content\/uploads\/2025\/09\/Screenshot-2025-09-11-053052-300x38.png\" alt=\"\" width=\"300\" height=\"38\" srcset=\"https:\/\/www.radiopiu.net\/wordpress\/wp-content\/uploads\/2025\/09\/Screenshot-2025-09-11-053052-300x38.png 300w, https:\/\/www.radiopiu.net\/wordpress\/wp-content\/uploads\/2025\/09\/Screenshot-2025-09-11-053052.png 402w\" sizes=\"auto, (max-width: 300px) 100vw, 300px\" \/><\/a><\/p>\n<hr \/>\n<p>&nbsp;<\/p>\n<blockquote>\n<h3 data-start=\"0\" data-end=\"69\">CORTINA, MONDIALI DI SPINTA CON 16 NAZIONI IN VISTA DELLE OLIMPIADI<\/h3>\n<\/blockquote>\n<p data-start=\"71\" data-end=\"672\" data-is-last-node=\"\" data-is-only-node=\"\"><strong>CORTINA<\/strong> A 148 giorni dai Giochi 2026, Cortina torna sotto i riflettori con i Mondiali estivi di spinta di bob e skeleton, ospitati sul pistino di Fiames, vicino al futuro Villaggio olimpico. Sedici nazioni, dall\u2019Italia alla Nigeria fino a Taipei, si sfidano in una disciplina decisiva: i primi metri che lanciano il mezzo e possono valere una medaglia. In gara bob a due, bob a quattro, monobob e skeleton, maschile e femminile. Un banco di prova che unisce spettacolo, tecnica e forza, avvicinando Cortina allo Sliding Centre, destinato a diventare uno dei simboli delle Olimpiadi e Paralimpiadi<\/p>\n<p data-start=\"71\" data-end=\"672\" data-is-last-node=\"\" data-is-only-node=\"\">invernali.<\/p>\n<p data-start=\"71\" data-end=\"672\" data-is-last-node=\"\" data-is-only-node=\"\"><a class=\"dt-pswp-item\" href=\"https:\/\/www.radiopiu.net\/wordpress\/wp-content\/uploads\/2025\/09\/Screenshot-2025-09-11-053052.png\" data-dt-img-description=\"\" data-large_image_width=\"402\" data-large_image_height=\"51\"><img loading=\"lazy\" decoding=\"async\" class=\"size-medium wp-image-469133 aligncenter\" src=\"https:\/\/www.radiopiu.net\/wordpress\/wp-content\/uploads\/2025\/09\/Screenshot-2025-09-11-053052-300x38.png\" alt=\"\" width=\"300\" height=\"38\" srcset=\"https:\/\/www.radiopiu.net\/wordpress\/wp-content\/uploads\/2025\/09\/Screenshot-2025-09-11-053052-300x38.png 300w, https:\/\/www.radiopiu.net\/wordpress\/wp-content\/uploads\/2025\/09\/Screenshot-2025-09-11-053052.png 402w\" sizes=\"auto, (max-width: 300px) 100vw, 300px\" \/><\/a><\/p>\n<hr \/>\n<blockquote>\n<h2 data-start=\"71\" data-end=\"672\">GALLERIA COMELICO, CHIUSURA STRAORDINARIA DAL 3 OTTOBRE<\/h2>\n<\/blockquote>\n<article class=\"text-token-text-primary w-full focus:outline-none scroll-mt-[calc(var(--header-height)+min(200px,max(70px,20svh)))]\" dir=\"auto\" tabindex=\"-1\" data-turn-id=\"request-WEB:1e4b819b-ac3d-4024-8ea5-e98f42b58405-90\" data-testid=\"conversation-turn-182\" data-scroll-anchor=\"true\" data-turn=\"assistant\">\n<div class=\"text-base my-auto mx-auto pb-10 [--thread-content-margin:--spacing(4)] thread-sm:[--thread-content-margin:--spacing(6)] thread-lg:[--thread-content-margin:--spacing(16)] px-(--thread-content-margin)\">\n<div class=\"[--thread-content-max-width:40rem] thread-sm:[--thread-content-max-width:40rem] thread-lg:[--thread-content-max-width:48rem] mx-auto max-w-(--thread-content-max-width) flex-1 group\/turn-messages focus-visible:outline-hidden relative flex w-full min-w-0 flex-col agent-turn\" tabindex=\"-1\">\n<div class=\"flex max-w-full flex-col grow\">\n<div class=\"min-h-8 text-message relative flex w-full flex-col items-end gap-2 text-start break-words whitespace-normal [.text-message+&amp;]:mt-5\" dir=\"auto\" data-message-author-role=\"assistant\" data-message-id=\"35de923a-bb9c-47bb-b2a9-d2579a8712ee\" data-message-model-slug=\"gpt-5\">\n<div class=\"flex w-full flex-col gap-1 empty:hidden first:pt-[3px]\">\n<div class=\"markdown prose dark:prose-invert w-full break-words dark markdown-new-styling\">\n<h3 data-start=\"0\" data-end=\"70\"><img loading=\"lazy\" decoding=\"async\" class=\"alignleft\" src=\"https:\/\/www.radiopiu.net\/wordpress\/wp-content\/uploads\/2021\/02\/galleria-comelico.jpg\" width=\"131\" height=\"156\" \/><\/h3>\n<p data-start=\"72\" data-end=\"837\" data-is-last-node=\"\" data-is-only-node=\"\"><strong>VENEZIA\u00a0<\/strong> Si \u00e8 svolto\u00a0 l\u2019incontro tecnico presso l\u2019Unione Comunit\u00e0 Montana per aggiornare sullo stato dei lavori alla galleria Comelico, lungo la SS 52 \u201cCarnica\u201d. Anas ha confermato la stabilit\u00e0 dell\u2019infrastruttura e illustrato le nuove modalit\u00e0 di cantierizzazione: chiusura anticipata alle 21 anzich\u00e9 alle 22, dal luned\u00ec al venerd\u00ec, con apertura alle 6; dalla met\u00e0 di ottobre le chiusure notturne saranno estese anche ai fine settimana. Prevista inoltre la chiusura straordinaria dal 3 all\u20198 ottobre. In partenza anche i lavori per il nuovo viadotto \u201cTarlisse\u201d, con viabilit\u00e0 deviata sulla SR48 e una rotatoria provvisoria sulla SP532. Anas ribadisce la piena sicurezza del cantiere e la disponibilit\u00e0 al confronto con enti e istituzioni.<\/p>\n<\/div>\n<\/div>\n<\/div>\n<\/div>\n<\/div>\n<\/div>\n<\/article>\n<article class=\"text-token-text-primary w-full focus:outline-none scroll-mt-[calc(var(--header-height)+min(200px,max(70px,20svh)))]\" dir=\"auto\" tabindex=\"-1\" data-turn-id=\"request-WEB:1e4b819b-ac3d-4024-8ea5-e98f42b58405-90\" data-testid=\"conversation-turn-182\" data-scroll-anchor=\"true\" data-turn=\"assistant\">\n<div class=\"text-base my-auto mx-auto pb-10 [--thread-content-margin:--spacing(4)] thread-sm:[--thread-content-margin:--spacing(6)] thread-lg:[--thread-content-margin:--spacing(16)] px-(--thread-content-margin)\">\n<div class=\"[--thread-content-max-width:40rem] thread-sm:[--thread-content-max-width:40rem] thread-lg:[--thread-content-max-width:48rem] mx-auto max-w-(--thread-content-max-width) flex-1 group\/turn-messages focus-visible:outline-hidden relative flex w-full min-w-0 flex-col agent-turn\" tabindex=\"-1\">\n<div class=\"flex max-w-full flex-col grow\">\n<div class=\"min-h-8 text-message relative flex w-full flex-col items-end gap-2 text-start break-words whitespace-normal [.text-message+&amp;]:mt-5\" dir=\"auto\" data-message-author-role=\"assistant\" data-message-id=\"35de923a-bb9c-47bb-b2a9-d2579a8712ee\" data-message-model-slug=\"gpt-5\">\n<div class=\"flex w-full flex-col gap-1 empty:hidden first:pt-[3px]\">\n<div class=\"markdown prose dark:prose-invert w-full break-words dark markdown-new-styling\">\n<p data-start=\"72\" data-end=\"837\" data-is-last-node=\"\" data-is-only-node=\"\"><a class=\"dt-pswp-item\" href=\"https:\/\/www.radiopiu.net\/wordpress\/wp-content\/uploads\/2025\/09\/Screenshot-2025-09-11-053052.png\" data-dt-img-description=\"\" data-large_image_width=\"402\" data-large_image_height=\"51\"><img loading=\"lazy\" decoding=\"async\" class=\"size-medium wp-image-469133 aligncenter\" src=\"https:\/\/www.radiopiu.net\/wordpress\/wp-content\/uploads\/2025\/09\/Screenshot-2025-09-11-053052-300x38.png\" alt=\"\" width=\"300\" height=\"38\" srcset=\"https:\/\/www.radiopiu.net\/wordpress\/wp-content\/uploads\/2025\/09\/Screenshot-2025-09-11-053052-300x38.png 300w, https:\/\/www.radiopiu.net\/wordpress\/wp-content\/uploads\/2025\/09\/Screenshot-2025-09-11-053052.png 402w\" sizes=\"auto, (max-width: 300px) 100vw, 300px\" \/><\/a><\/p>\n<\/div>\n<\/div>\n<\/div>\n<\/div>\n<\/div>\n<\/div>\n<\/article>\n<hr \/>\n<blockquote>\n<h2 data-start=\"71\" data-end=\"672\">AGORDO, CHIUSURA PIAZZA DELLA LIBERT\u00c0 PER LAVORI STRADALI<\/h2>\n<\/blockquote>\n<p data-start=\"174\" data-end=\"272\"><em data-start=\"174\" data-end=\"270\"><img loading=\"lazy\" decoding=\"async\" class=\"alignleft\" src=\"https:\/\/www.radiopiu.net\/wordpress\/wp-content\/uploads\/2024\/03\/chiesa-agordo.jpg\" width=\"217\" height=\"122\" \/>Dal 18 al 23 settembre, deviazioni e divieti per il ripristino delle pavimentazioni in porfido<\/em><\/p>\n<p data-start=\"274\" data-end=\"884\">Agordo si prepara a una settimana di modifiche alla viabilit\u00e0 nel centro storico: da gioved\u00ec 18 a marted\u00ec 23 settembre, dalle 7:00 alle 19:00, Piazza della Libert\u00e0 sar\u00e0 chiusa al traffico per lavori di ripristino del porfido, con deviazioni su Corso degli Alpini, Viale Sommariva e Via Insurrezione. Interruzioni e divieti di sosta riguarderanno anche Via Santa Maria e alcune aree limitrofe, mentre sar\u00e0 istituito il doppio senso in Viale Sommariva. Il transito pedonale e dei mezzi di emergenza sar\u00e0 sempre garantito, e la ditta esecutrice dovr\u00e0 riportare il suolo alla regola d\u2019arte al termine dei lavori.<\/p>\n<p>&nbsp;<\/p>\n<p>&nbsp;<\/p>\n<hr \/>\n<blockquote>\n<h2><\/h2>\n<h2>LEGGE SULLA MONTAGNA, CESTARO (LEGA\u2013LV): \u201cSVOLTA STORICA PER I TERRITORI\u201d<\/h2>\n<\/blockquote>\n<p><strong>VENEZIA<\/strong><\/p>\n<p><a class=\"dt-pswp-item\" href=\"https:\/\/www.radiopiu.net\/wordpress\/wp-content\/uploads\/2025\/07\/SILVIA-CESTARO.jpg\" data-dt-img-description=\"\" data-large_image_width=\"883\" data-large_image_height=\"642\"><img loading=\"lazy\" decoding=\"async\" class=\"wp-image-461018 alignleft\" src=\"https:\/\/www.radiopiu.net\/wordpress\/wp-content\/uploads\/2025\/07\/SILVIA-CESTARO-300x218.jpg\" alt=\"\" width=\"146\" height=\"106\" \/><\/a>Soddisfazione dalla consigliera regionale bellunese Silvia Cestaro, Lega\u2013LV, per l\u2019approvazione definitiva della nuova <strong data-start=\"246\" data-end=\"270\">Legge sulla Montagna<\/strong>, attesa da oltre trent\u2019anni. Il provvedimento prevede incentivi per abitare in montagna, sostegni alle aziende, ai giovani, alla sanit\u00e0 e alla scuola, oltre a una forte attenzione alle minoranze linguistiche, come il ladino e il cimbro presenti nel Bellunese. \u201c\u00c8 una svolta storica \u2013 commenta Cestaro \u2013 ora servono decreti attuativi rapidi e risorse certe per renderla davvero operativa\u201d. Un ringraziamento speciale al ministro Calderoli per l\u2019impegno e il grande lavoro svolto.<br \/>\n<strong>AUDIO<\/strong><\/p>\n<audio class=\"wp-audio-shortcode\" id=\"audio-469174-7\" preload=\"none\" style=\"width: 100%;\" controls=\"controls\"><source type=\"audio\/mpeg\" src=\"https:\/\/www.radiopiu.net\/wordpress\/wp-content\/uploads\/2025\/09\/cestaro.mp3?_=7\" \/><a href=\"https:\/\/www.radiopiu.net\/wordpress\/wp-content\/uploads\/2025\/09\/cestaro.mp3\">https:\/\/www.radiopiu.net\/wordpress\/wp-content\/uploads\/2025\/09\/cestaro.mp3<\/a><\/audio>\n<p>&nbsp;<\/p>\n<p>&nbsp;<\/p>\n<p>&nbsp;<\/p>\n<hr \/>\n<blockquote><p><strong><a class=\"dt-pswp-item\" href=\"https:\/\/www.radiopiu.net\/wordpress\/wp-content\/uploads\/2021\/12\/BARD.png\" data-dt-img-description=\"\" data-large_image_width=\"452\" data-large_image_height=\"448\"><img loading=\"lazy\" decoding=\"async\" class=\"wp-image-247298 alignleft\" src=\"https:\/\/www.radiopiu.net\/wordpress\/wp-content\/uploads\/2021\/12\/BARD-300x297.png\" alt=\"\" width=\"133\" height=\"132\" srcset=\"https:\/\/www.radiopiu.net\/wordpress\/wp-content\/uploads\/2021\/12\/BARD-300x297.png 300w, https:\/\/www.radiopiu.net\/wordpress\/wp-content\/uploads\/2021\/12\/BARD-150x150.png 150w, https:\/\/www.radiopiu.net\/wordpress\/wp-content\/uploads\/2021\/12\/BARD.png 452w\" sizes=\"auto, (max-width: 133px) 100vw, 133px\" \/><\/a>APPROVATA LA LEGGE SULLA MONTAGNA<\/strong><br \/>\n<em>IL BARD: \u00abBENE I MIGLIORAMENTI, MA SERVONO AUTONOMIA ED ELETTIVIT\u00c0\u00bb<\/em><\/p><\/blockquote>\n<p data-start=\"167\" data-end=\"609\">Il movimento BARD &#8211; Belluno Autonoma Regione Dolomiti accoglie positivamente l\u2019approvazione della nuova Legge sulla Montagna in Senato, ritenendola uno strumento utile ad attrarre nuovi residenti e sostenere chi gi\u00e0 vive in quota. Tuttavia, avverte che senza una vera autonomia e senza un ente provinciale elettivo, forte e rappresentativo, capace di gestire risorse e competenze, la riforma rischia di rivelarsi inefficace.<\/p>\n<p>&nbsp;<\/p>\n<p>&nbsp;<\/p>\n<hr \/>\n<h3 data-start=\"113\" data-end=\"196\"><\/h3>\n<h3 data-start=\"113\" data-end=\"196\">DDL MONTAGNA, PADRIN: \u00abORA LE TERRE ALTE HANNO UN RUOLO NELL\u2019AGENDA POLITICA\u00bb<\/h3>\n<p data-start=\"198\" data-end=\"380\"><em data-start=\"198\" data-end=\"378\"><a class=\"dt-pswp-item\" href=\"https:\/\/www.radiopiu.net\/wordpress\/wp-content\/uploads\/2024\/08\/RITRATTI-PADRIN.jpg\" data-dt-img-description=\"\" data-large_image_width=\"1600\" data-large_image_height=\"1200\"><img loading=\"lazy\" decoding=\"async\" class=\"wp-image-404840 alignleft\" src=\"https:\/\/www.radiopiu.net\/wordpress\/wp-content\/uploads\/2024\/08\/RITRATTI-PADRIN-300x225.jpg\" alt=\"\" width=\"239\" height=\"179\" srcset=\"https:\/\/www.radiopiu.net\/wordpress\/wp-content\/uploads\/2024\/08\/RITRATTI-PADRIN-300x225.jpg 300w, https:\/\/www.radiopiu.net\/wordpress\/wp-content\/uploads\/2024\/08\/RITRATTI-PADRIN-1024x768.jpg 1024w, https:\/\/www.radiopiu.net\/wordpress\/wp-content\/uploads\/2024\/08\/RITRATTI-PADRIN-768x576.jpg 768w, https:\/\/www.radiopiu.net\/wordpress\/wp-content\/uploads\/2024\/08\/RITRATTI-PADRIN-1536x1152.jpg 1536w, https:\/\/www.radiopiu.net\/wordpress\/wp-content\/uploads\/2024\/08\/RITRATTI-PADRIN.jpg 1600w\" sizes=\"auto, (max-width: 239px) 100vw, 239px\" \/><\/a>Il presidente della Provincia di Belluno accoglie con soddisfazione l\u2019approvazione della nuova legge: \u201cUna svolta storica, servono risorse, personale e semplificazione normativa\u201d<\/em><\/p>\n<p data-start=\"382\" data-end=\"1076\"><strong>BELLUNO<\/strong> \u2013 \u00abDa oggi la montagna non \u00e8 pi\u00f9 un territorio ancillare e subalterno, ma ha la stessa dignit\u00e0 della pianura e delle aree metropolitane\u00bb. Cos\u00ec Roberto Padrin, presidente della Provincia di Belluno, commenta l\u2019approvazione definitiva della nuova legge sulla montagna.<br data-start=\"656\" data-end=\"659\" \/>Padrin evidenzia l\u2019importanza degli incentivi per scuola, sanit\u00e0 e sviluppo economico, fondamentali per contrastare lo spopolamento e rendere attrattive le terre alte. \u00abI 200 milioni stanziati sono una base significativa \u2013 aggiunge \u2013 ma oltre alle risorse servono personale della Pubblica Amministrazione e semplificazione normativa, per permettere alla montagna di correre alla stessa velocit\u00e0 del resto d\u2019Italia\u00bb.<\/p>\n<p><a class=\"dt-pswp-item\" href=\"https:\/\/www.radiopiu.net\/wordpress\/wp-content\/uploads\/2025\/09\/Screenshot-2025-09-11-053052.png\" data-dt-img-description=\"\" data-large_image_width=\"402\" data-large_image_height=\"51\"><img loading=\"lazy\" decoding=\"async\" class=\"size-medium wp-image-469133 aligncenter\" src=\"https:\/\/www.radiopiu.net\/wordpress\/wp-content\/uploads\/2025\/09\/Screenshot-2025-09-11-053052-300x38.png\" alt=\"\" width=\"300\" height=\"38\" srcset=\"https:\/\/www.radiopiu.net\/wordpress\/wp-content\/uploads\/2025\/09\/Screenshot-2025-09-11-053052-300x38.png 300w, https:\/\/www.radiopiu.net\/wordpress\/wp-content\/uploads\/2025\/09\/Screenshot-2025-09-11-053052.png 402w\" sizes=\"auto, (max-width: 300px) 100vw, 300px\" \/><\/a><\/p>\n<p>&nbsp;<\/p>\n<hr \/>\n<p>&nbsp;<\/p>\n<p>&nbsp;<\/p>\n<blockquote>\n<h2 data-start=\"103\" data-end=\"155\"><strong data-start=\"103\" data-end=\"153\">DILLO A RADIO PI\u00d9 \u2013 LETTERA DI TOMMASO PETAZZI<\/strong><\/h2>\n<\/blockquote>\n<p data-start=\"157\" data-end=\"746\"><em>Due notizie hanno riportato l\u2019attenzione sulla montagna: la nuova Legge nazionale e il referendum dei Comuni ladini. La legge? Solo \u201cpannicelli caldi\u201d: 200 milioni spalmati su tutta Italia, per Belluno equivalgono a poco o nulla. Quanto al referendum, da autonomista comprendo le ragioni, ma come bellunese vedo un rischio enorme: con il distacco dei tre Comuni la nostra provincia scenderebbe sotto i 190mila abitanti, perdendo servizi fondamentali e la stessa sostenibilit\u00e0 come ente. \u00c8 tempo che chi ha responsabilit\u00e0 si dia una mossa, perch\u00e9 la fine \u00e8 vicina e nessuno si salverebbe.<\/em><\/p>\n<blockquote class=\"wp-embedded-content\" data-secret=\"LewmBVvB7w\"><p><a href=\"https:\/\/www.radiopiu.net\/wordpress\/belluno-da-provincia-a-riserva-il-declino-e-gia-in-corso\/\">BELLUNO, DA PROVINCIA A RISERVA? IL DECLINO \u00c8 GI\u00c0 IN CORSO<\/a><\/p><\/blockquote>\n<p><iframe loading=\"lazy\" class=\"wp-embedded-content\" sandbox=\"allow-scripts\" security=\"restricted\" style=\"position: absolute; visibility: hidden;\" title=\"&#8220;BELLUNO, DA PROVINCIA A RISERVA? IL DECLINO \u00c8 GI\u00c0 IN CORSO&#8221; &#8212; Radio Pi\u00f9\" src=\"https:\/\/www.radiopiu.net\/wordpress\/belluno-da-provincia-a-riserva-il-declino-e-gia-in-corso\/embed\/#?secret=YP62rZJ7jz#?secret=LewmBVvB7w\" data-secret=\"LewmBVvB7w\" width=\"600\" height=\"338\" frameborder=\"0\" marginwidth=\"0\" marginheight=\"0\" scrolling=\"no\"><\/iframe><\/p>\n<p>&nbsp;<\/p>\n<p>&nbsp;<\/p>\n<hr \/>\n<p>&nbsp;<\/p>\n<blockquote>\n<h2 data-start=\"0\" data-end=\"173\"><strong data-start=\"0\" data-end=\"54\">SIGILLO DELLA CITT\u00c0 ALL\u2019ANA NAZIONALE<\/strong><\/h2>\n<\/blockquote>\n<p data-start=\"0\" data-end=\"173\"><em data-start=\"57\" data-end=\"171\"><a class=\"dt-pswp-item\" href=\"https:\/\/www.radiopiu.net\/wordpress\/wp-content\/uploads\/2025\/09\/download-16.jpg\" data-dt-img-description=\"\" data-large_image_width=\"148\" data-large_image_height=\"148\"><img loading=\"lazy\" decoding=\"async\" class=\"size-full wp-image-469213 alignleft\" src=\"https:\/\/www.radiopiu.net\/wordpress\/wp-content\/uploads\/2025\/09\/download-16.jpg\" alt=\"\" width=\"148\" height=\"148\" \/><\/a>Sabato 13 settembre a Belluno, tra alzabandiera, caroselli e concerto della Fanfara della Brigata Alpina Cadore.<\/em><\/p>\n<p data-start=\"175\" data-end=\"991\" data-is-last-node=\"\" data-is-only-node=\"\"><strong>BELLUNO<\/strong> si prepara a un evento di grande valore simbolico: sabato 13 settembre il Teatro Comunale ospiter\u00e0 la cerimonia di conferimento del Sigillo della Citt\u00e0 all\u2019Associazione Nazionale Alpini, massimo riconoscimento comunale. Il programma prevede alle 15.30 l\u2019alzabandiera in piazza dei Martiri, alle 16.30 il carosello della Fanfara in piazza Duomo e alle 20.30 la cerimonia e il concerto al Teatro Dino Buzzati, con ingresso libero e offerta devoluta in beneficenza. Il riconoscimento sottolinea l\u2019impegno costante degli Alpini a favore della comunit\u00e0 e il legame storico con la citt\u00e0, dove la sezione ANA festeggia 104 anni di attivit\u00e0, tra solidariet\u00e0, servizio e cittadinanza attiva. Negli ultimi 22 anni, il Sigillo \u00e8 stato conferito solo a quattro personalit\u00e0 e realt\u00e0 di rilievo nazionale e internazionale.<\/p>\n<p data-start=\"175\" data-end=\"991\" data-is-last-node=\"\" data-is-only-node=\"\"><em>\u201cConsegnare il Sigillo all\u2019ANA Nazionale significa riconoscere non solo la storia, ma soprattutto l\u2019attualit\u00e0 di un impegno costante e silenzioso a favore della collettivit\u00e0 \u2013<\/em> le parole del sindaco, Oscar De Pellegrin<\/p>\n<table class=\"w-fit min-w-(--thread-content-width)\" data-start=\"123\" data-end=\"752\">\n<thead data-start=\"123\" data-end=\"179\">\n<tr data-start=\"123\" data-end=\"179\">\n<th data-start=\"123\" data-end=\"134\" data-col-size=\"sm\"><strong data-start=\"125\" data-end=\"133\">ANNO<\/strong><\/th>\n<th data-start=\"134\" data-end=\"153\" data-col-size=\"sm\"><strong data-start=\"136\" data-end=\"152\">DESTINATARIO<\/strong><\/th>\n<th data-start=\"153\" data-end=\"179\" data-col-size=\"md\"><strong data-start=\"155\" data-end=\"177\">MOTIVAZIONE \/ NOTE<\/strong><\/th>\n<\/tr>\n<\/thead>\n<tbody data-start=\"235\" data-end=\"752\">\n<tr data-start=\"235\" data-end=\"348\">\n<td data-start=\"235\" data-end=\"246\" data-col-size=\"sm\"><strong data-start=\"237\" data-end=\"245\">2003<\/strong><\/td>\n<td data-start=\"246\" data-end=\"269\" data-col-size=\"sm\">Rita Levi Montalcini<\/td>\n<td data-start=\"269\" data-end=\"348\" data-col-size=\"md\">Riconoscimento internazionale per il contributo alla scienza e alla cultura<\/td>\n<\/tr>\n<tr data-start=\"349\" data-end=\"440\">\n<td data-start=\"349\" data-end=\"360\" data-col-size=\"sm\"><strong data-start=\"351\" data-end=\"359\">2003<\/strong><\/td>\n<td data-start=\"360\" data-end=\"378\" data-col-size=\"sm\">Paul Guichonnet<\/td>\n<td data-start=\"378\" data-end=\"440\" data-col-size=\"md\">Storico e scrittore, per il contributo culturale e storico<\/td>\n<\/tr>\n<tr data-start=\"441\" data-end=\"533\">\n<td data-start=\"441\" data-end=\"452\" data-col-size=\"sm\"><strong data-start=\"443\" data-end=\"451\">2005<\/strong><\/td>\n<td data-start=\"452\" data-end=\"466\" data-col-size=\"sm\">Gino Strada<\/td>\n<td data-start=\"466\" data-end=\"533\" data-col-size=\"md\">Fondatore di Emergency, per l\u2019impegno umanitario internazionale<\/td>\n<\/tr>\n<tr data-start=\"534\" data-end=\"639\">\n<td data-start=\"534\" data-end=\"545\" data-col-size=\"sm\"><strong data-start=\"536\" data-end=\"544\">2005<\/strong><\/td>\n<td data-start=\"545\" data-end=\"568\" data-col-size=\"sm\">7\u00b0 Reggimento Alpini<\/td>\n<td data-start=\"568\" data-end=\"639\" data-col-size=\"md\">Per il servizio, la protezione civile e il legame con il territorio<\/td>\n<\/tr>\n<tr data-start=\"640\" data-end=\"752\">\n<td data-start=\"640\" data-end=\"651\" data-col-size=\"sm\"><strong data-start=\"642\" data-end=\"650\">2025<\/strong><\/td>\n<td data-start=\"651\" data-end=\"689\" data-col-size=\"sm\">Associazione Nazionale Alpini (ANA)<\/td>\n<td data-start=\"689\" data-end=\"752\" data-col-size=\"md\">Per 104 anni di storia locale, impegno civico e comunitario<\/td>\n<\/tr>\n<\/tbody>\n<\/table>\n<p>&nbsp;<\/p>\n<p>&nbsp;<\/p>\n<hr \/>\n<p>&nbsp;<\/p>\n<blockquote>\n<h2>NUOVE PISTOLE ALLA POLIZIA LOCALE DI BELLUNO<\/h2>\n<\/blockquote>\n<p><strong><img loading=\"lazy\" decoding=\"async\" class=\"alignleft\" src=\"https:\/\/www.radiopiu.net\/wordpress\/wp-content\/uploads\/2025\/09\/download-17.jpg\" width=\"182\" height=\"136\" \/>BELLUNO<\/strong><\/p>\n<p data-start=\"52\" data-end=\"365\" data-is-last-node=\"\" data-is-only-node=\"\">A breve la Polizia Locale di Belluno ricever\u00e0 23 pistole, kit di pulizia e 750 munizioni, per un investimento di circa 16mila euro. \u00abServiranno a garantire maggiore sicurezza e ad avviare i servizi notturni\u00bb, spiegano l\u2019assessore Addamiano e il comandante Codemo, che confermano la dotazione a tutti gli agenti.<\/p>\n<p data-start=\"52\" data-end=\"365\" data-is-last-node=\"\" data-is-only-node=\"\">DI DANIELE DALVIT<\/p>\n<audio class=\"wp-audio-shortcode\" id=\"audio-469174-8\" preload=\"none\" style=\"width: 100%;\" controls=\"controls\"><source type=\"audio\/mpeg\" src=\"https:\/\/www.radiopiu.net\/wordpress\/wp-content\/uploads\/2025\/09\/Servizio-Pistole-Polizia-Locale-Belluno.mp3?_=8\" \/><a href=\"https:\/\/www.radiopiu.net\/wordpress\/wp-content\/uploads\/2025\/09\/Servizio-Pistole-Polizia-Locale-Belluno.mp3\">https:\/\/www.radiopiu.net\/wordpress\/wp-content\/uploads\/2025\/09\/Servizio-Pistole-Polizia-Locale-Belluno.mp3<\/a><\/audio>\n<p>&nbsp;<\/p>\n<p>&nbsp;<\/p>\n<hr \/>\n<p>&nbsp;<\/p>\n<blockquote>\n<h3>&#8220;DAT&#8221; I DETTAGLI DELLA LEGGE CON IL DOTTOR CAPELLI<\/h3>\n<\/blockquote>\n<p><strong>AGORDO<\/strong><br \/>\nSecondo incontro con Pettirosso Agordino ad Agordo, auditorium Vincenzo Savio. Nell&#8217;incontro sono intervenuti il sindaco di Agordo Roberto Chissal\u00e8, la Presidente di Pettirosso Agordino Sonia d&#8217;Agostini, il dottore Stefano Capelli Presidente Ordine dei Medici della Provincia di Belluno e anna Piovan Comune di Agordo. Moderatrice la dottoressa Ileana Corazzin<\/p>\n<p><strong>AUDIO-VIDEO-INTEGRALE REGISTRAZIONE RADIO PIU\u00a0 \u00a0<\/strong><\/p>\n<p><iframe loading=\"lazy\" title=\"dat ad agordo\" width=\"1200\" height=\"675\" src=\"https:\/\/www.youtube.com\/embed\/z8J_5pPocQI?feature=oembed\" frameborder=\"0\" allow=\"accelerometer; autoplay; clipboard-write; encrypted-media; gyroscope; picture-in-picture; web-share\" referrerpolicy=\"strict-origin-when-cross-origin\" allowfullscreen><\/iframe><\/p>\n<p><strong><a class=\"dt-pswp-item\" href=\"https:\/\/www.radiopiu.net\/wordpress\/wp-content\/uploads\/2022\/11\/th-21.jpg\" data-dt-img-description=\"\" data-large_image_width=\"474\" data-large_image_height=\"335\"><img loading=\"lazy\" decoding=\"async\" class=\"wp-image-309972 aligncenter\" src=\"https:\/\/www.radiopiu.net\/wordpress\/wp-content\/uploads\/2022\/11\/th-21-300x212.jpg\" alt=\"\" width=\"183\" height=\"129\" srcset=\"https:\/\/www.radiopiu.net\/wordpress\/wp-content\/uploads\/2022\/11\/th-21-300x212.jpg 300w, https:\/\/www.radiopiu.net\/wordpress\/wp-content\/uploads\/2022\/11\/th-21.jpg 474w\" sizes=\"auto, (max-width: 183px) 100vw, 183px\" \/><\/a><\/strong><\/p>\n<hr \/>\n<p>&nbsp;<\/p>\n<h2><a class=\"dt-pswp-item\" href=\"https:\/\/www.radiopiu.net\/wordpress\/wp-content\/uploads\/2025\/09\/download-10-1.jpg\" data-dt-img-description=\"\" data-large_image_width=\"300\" data-large_image_height=\"168\"><img loading=\"lazy\" decoding=\"async\" class=\"size-full wp-image-469293 alignleft\" src=\"https:\/\/www.radiopiu.net\/wordpress\/wp-content\/uploads\/2025\/09\/download-10-1.jpg\" alt=\"\" width=\"300\" height=\"168\" \/><\/a>SPORT IN PIAZZA AD AGORDO, DOMANI SUL BROI E IN CENTRO<\/h2>\n<p>&nbsp;<\/p>\n<p><strong>IN COLLABORAZIONE CON:<\/strong><span style=\"color: #ff0000;\"><strong> OTTICA MOTTES, DI GIACOMO MOTTES A TAIBON AGORDINO &#8211; CAFFE&#8217; MINIERE, IL CAFFE&#8217; AD AGORDO &#8211; FIORERIA DE TOFFOL AD AGORDO, BRESSAN SCAVI GOSALDO<\/strong><\/span><\/p>\n<p>&nbsp;<\/p>\n<blockquote>\n<h2>DI DENNIS BAIOLLA<\/h2>\n<\/blockquote>\n<audio class=\"wp-audio-shortcode\" id=\"audio-469174-9\" preload=\"none\" style=\"width: 100%;\" controls=\"controls\"><source type=\"audio\/ogg\" src=\"https:\/\/www.radiopiu.net\/wordpress\/wp-content\/uploads\/2025\/09\/WhatsApp-Ptt-2025-09-10-at-09.57.27.ogg?_=9\" \/><a href=\"https:\/\/www.radiopiu.net\/wordpress\/wp-content\/uploads\/2025\/09\/WhatsApp-Ptt-2025-09-10-at-09.57.27.ogg\">https:\/\/www.radiopiu.net\/wordpress\/wp-content\/uploads\/2025\/09\/WhatsApp-Ptt-2025-09-10-at-09.57.27.ogg<\/a><\/audio>\n<p>&nbsp;<\/p>\n<p><strong>AGORDO<\/strong><\/p>\n<p><strong>L&#8217;INTERVISTA di Marco Gaz<\/strong><\/p>\n<p><strong>ospiti,<\/strong> Francesco Corazza, Elodie Badole, Giorgia Ben, Marianna De Nicolo&#8217;, Maria Rosa Salmazo<\/p>\n<audio class=\"wp-audio-shortcode\" id=\"audio-469174-10\" preload=\"none\" style=\"width: 100%;\" controls=\"controls\"><source type=\"audio\/mpeg\" src=\"https:\/\/www.radiopiu.net\/wordpress\/wp-content\/uploads\/2025\/09\/SPORT-IN-PIAZZA-2025-SPECIALE-ALLA-RADIO.mp3?_=10\" \/><a href=\"https:\/\/www.radiopiu.net\/wordpress\/wp-content\/uploads\/2025\/09\/SPORT-IN-PIAZZA-2025-SPECIALE-ALLA-RADIO.mp3\">https:\/\/www.radiopiu.net\/wordpress\/wp-content\/uploads\/2025\/09\/SPORT-IN-PIAZZA-2025-SPECIALE-ALLA-RADIO.mp3<\/a><\/audio>\n<p>&nbsp;<\/p>\n<p>&nbsp;<\/p>\n<hr \/>\n<p>&nbsp;<\/p>\n<p>&nbsp;<\/p>\n<blockquote>\n<p data-start=\"138\" data-end=\"284\"><strong data-start=\"138\" data-end=\"194\">FILIERA E PMI: SINERGIE PER UN ECOSISTEMA STRATEGICO<\/strong><br data-start=\"194\" data-end=\"197\" \/><em data-start=\"197\" data-end=\"282\">Convegno a Feltre il 18 settembre per promuovere innovazione e crescita sostenibile<\/em><\/p>\n<\/blockquote>\n<p data-start=\"286\" data-end=\"1287\"><strong><a class=\"dt-pswp-item\" href=\"https:\/\/www.radiopiu.net\/wordpress\/wp-content\/uploads\/2021\/05\/CONFINDUSTRIA.png\" data-dt-img-description=\"\" data-large_image_width=\"575\" data-large_image_height=\"575\"><img loading=\"lazy\" decoding=\"async\" class=\"wp-image-211858 alignleft\" src=\"https:\/\/www.radiopiu.net\/wordpress\/wp-content\/uploads\/2021\/05\/CONFINDUSTRIA-300x300.png\" alt=\"\" width=\"131\" height=\"131\" srcset=\"https:\/\/www.radiopiu.net\/wordpress\/wp-content\/uploads\/2021\/05\/CONFINDUSTRIA-300x300.png 300w, https:\/\/www.radiopiu.net\/wordpress\/wp-content\/uploads\/2021\/05\/CONFINDUSTRIA-150x150.png 150w, https:\/\/www.radiopiu.net\/wordpress\/wp-content\/uploads\/2021\/05\/CONFINDUSTRIA.png 575w\" sizes=\"auto, (max-width: 131px) 100vw, 131px\" \/><\/a>FELTRE<\/strong> Gioved\u00ec 18 settembre 2025, alle 16.00, presso la sede di Clivet SPA a Feltre, si terr\u00e0 il convegno <strong data-start=\"385\" data-end=\"443\">\u201cFiliere e PMI: Sinergie per un Ecosistema Strategico\u201d<\/strong>, promosso dai Comitati Regionali della Piccola Industria di Confindustria Veneto, Friuli-Venezia Giulia, Trento e Bolzano, in collaborazione con Confindustria Piccola Industria nazionale. L\u2019incontro, quinta tappa di un ciclo dedicato alla cultura di filiera, approfondir\u00e0 il ruolo delle filiere nello sviluppo delle PMI italiane, nell\u2019accelerazione della transizione digitale e ambientale e nella crescita sostenibile del sistema produttivo. Manager, imprenditori ed esperti analizzeranno esperienze concrete, punti di forza e criticit\u00e0, con l\u2019obiettivo di rafforzare il coordinamento lungo le filiere e favorire innovazione, resilienza e competitivit\u00e0. Tra i partecipanti figurano rappresentanti di Confindustria, grandi aziende e PMI di diversi settori. Per partecipare \u00e8 possibile scrivere a: <strong data-start=\"1244\" data-end=\"1284\"><a class=\"decorated-link cursor-pointer\" rel=\"noopener\" data-start=\"1246\" data-end=\"1282\">piccolaindustria@confindustria.bl.it<\/a><\/strong>.<\/p>\n<p>&nbsp;<\/p>\n<p>&nbsp;<\/p>\n<hr \/>\n<blockquote>\n<h2><\/h2>\n<h2>AGORDO CELEBRA FEDELE RAGGI: CONVEGNO E RESTAURO DELLE SCULTURE BAROCCHE DI VILLA CROTTA<\/h2>\n<\/blockquote>\n<blockquote><p><em>L\u2019identit\u00e0 culturale agordina rivive attraverso il restauro e la memoria storica<\/em><\/p><\/blockquote>\n<p><strong>AGORDO<\/strong><\/p>\n<p style=\"text-align: left;\" data-start=\"175\" data-end=\"472\"><img loading=\"lazy\" decoding=\"async\" class=\"alignleft\" src=\"https:\/\/www.radiopiu.net\/wordpress\/wp-content\/uploads\/2025\/09\/Screenshot-2025-09-11-102734.png\" width=\"295\" height=\"185\" \/>Sabato 20 settembre, alle\u00a0 10, la Sala Convegni di Agordo ospiter\u00e0 l\u2019incontro \u201cDa Villa Crotta de\u2019 Manzoni ai palazzi della Moravia: le sculture barocche di Fedele Raggi\u201d. L\u2019evento, promosso dal Comune di Agordo, rappresenta un\u2019occasione preziosa per approfondire la figura e l\u2019opera di Fedele Raggi, scultore barocco di rilievo, autore di numerose opere che impreziosiscono ville e palazzi tra Veneto e Mitteleuropa. I relatori ripercorreranno il contesto storico-artistico in cui si svilupp\u00f2 la sua attivit\u00e0, sottolineando l\u2019importanza di Agordo e delle Dolomiti come crocevia <a class=\"dt-pswp-item\" href=\"https:\/\/www.radiopiu.net\/wordpress\/wp-content\/uploads\/2024\/12\/ROBERTO-CHISSALE.png\" data-dt-img-description=\"\" data-large_image_width=\"593\" data-large_image_height=\"386\"><img loading=\"lazy\" decoding=\"async\" class=\" wp-image-427282 alignright\" src=\"https:\/\/www.radiopiu.net\/wordpress\/wp-content\/uploads\/2024\/12\/ROBERTO-CHISSALE-300x195.png\" alt=\"\" width=\"211\" height=\"137\" srcset=\"https:\/\/www.radiopiu.net\/wordpress\/wp-content\/uploads\/2024\/12\/ROBERTO-CHISSALE-300x195.png 300w, https:\/\/www.radiopiu.net\/wordpress\/wp-content\/uploads\/2024\/12\/ROBERTO-CHISSALE.png 593w\" sizes=\"auto, (max-width: 211px) 100vw, 211px\" \/><\/a>culturale. Al termine del convegno si terr\u00e0 l\u2019attesa inaugurazione del restauro del gruppo scultoreo di Villa Crotta de\u2019 Manzoni, uno dei pi\u00f9 significativi esempi di arte barocca nel territorio. Il lavoro di recupero ha restituito nuova vita a un patrimonio di grande pregio, testimone della storia e della sensibilit\u00e0 artistica locale. <em>\u201c\u00c8 con soddisfazione \u2013 ha dichiarato il sindaco Roberto Chissal\u00e9 \u2013 che invito la cittadinanza e gli appassionati a prendere parte a questo momento di cultura e valorizzazione del nostro patrimonio. Le sculture di Villa Crotta non sono solo un bene artistico, ma un simbolo della nostra identit\u00e0 e della nostra memoria storica\u201d. <\/em>Il convegno e l\u2019inaugurazione sono aperti al pubblico. L\u2019iniziativa si avvale del sostegno di studiosi, restauratori, associazioni culturali e istituzioni che da anni lavorano per la tutela e la promozione dell\u2019arte e della storia agordine. Un\u2019occasione, dunque, per conoscere da vicino un artista e un\u2019epoca che hanno lasciato tracce indelebili nel paesaggio culturale europeo e per celebrare la rinascita di un bene prezioso del patrimonio locale.<\/p>\n<p>&nbsp;<\/p>\n<hr \/>\n<p>&nbsp;<\/p>\n<blockquote>\n<h2><\/h2>\n<h2>VOLONTARIATO AL CENTRO,\u00a0 DOMANI A BELLUNO LA SECONDA EDIZIONE<\/h2>\n<\/blockquote>\n<p data-start=\"0\" data-end=\"66\"><strong><img loading=\"lazy\" decoding=\"async\" class=\"alignleft\" src=\"https:\/\/www.radiopiu.net\/wordpress\/wp-content\/uploads\/2025\/09\/936e1ecf-1d9f-4157-89e4-97f9cab0e26c-scaled.jpg\" width=\"276\" height=\"207\" \/>DI DANIELE DALVIT<\/strong><\/p>\n<p data-start=\"68\" data-end=\"246\" data-is-last-node=\"\" data-is-only-node=\"\">Quasi novanta associazioni animeranno Piazza dei Martiri sabato mattina per \u201cVolontariato al centro\u201d, evento promosso da Comune e CSV. Dalle 9 alle 13 musica, sfilata, incontri e la consegna del Sigillo della Citt\u00e0 all\u2019ANA. Un\u2019occasione per far conoscere le realt\u00e0 del territorio e attrarre nuove energie al servizio della comunit\u00e0.<\/p>\n<p>AUDIO<\/p>\n<audio class=\"wp-audio-shortcode\" id=\"audio-469174-11\" preload=\"none\" style=\"width: 100%;\" controls=\"controls\"><source type=\"audio\/mpeg\" src=\"https:\/\/www.radiopiu.net\/wordpress\/wp-content\/uploads\/2025\/09\/Servizio-Presentazione-Volontariato-al-centro-Belluno-2025.mp3?_=11\" \/><a href=\"https:\/\/www.radiopiu.net\/wordpress\/wp-content\/uploads\/2025\/09\/Servizio-Presentazione-Volontariato-al-centro-Belluno-2025.mp3\">https:\/\/www.radiopiu.net\/wordpress\/wp-content\/uploads\/2025\/09\/Servizio-Presentazione-Volontariato-al-centro-Belluno-2025.mp3<\/a><\/audio>\n<p>&nbsp;<\/p>\n<p>&nbsp;<\/p>\n<hr \/>\n<p>&nbsp;<\/p>\n<p>&nbsp;<\/p>\n<blockquote>\n<h2>ARABBA, I POMPIERI VOLONTARI AVRANNO LA LORO AUTOSCALA<\/h2>\n<\/blockquote>\n<p><strong>LIVINALLONGO<\/strong><\/p>\n<p><strong>DI LORENZO SORATROI<\/strong><\/p>\n<p><strong>LIVINALLONGO<\/strong> Il distaccamento dei Vigili del fuoco volontari di Arabba avr\u00e0 presto in dotazione un\u2019autoscala. Il mezzo, un Mercedes 1124 con scala da 24 metri e trazione integrale, \u00e8 stato acquistato di seconda mano dai colleghi di La Villa in Badia per 30 mila euro, con il via libera del Comune guidato dal sindaco Nagler. \u00a0L\u2019autoscala sar\u00e0 subito protagonista di un\u2019esercitazione all\u2019RSA Villa San Giuseppe di Pieve di Livinallongo.<\/p>\n<p>AUDIO<\/p>\n<audio class=\"wp-audio-shortcode\" id=\"audio-469174-12\" preload=\"none\" style=\"width: 100%;\" controls=\"controls\"><source type=\"audio\/mpeg\" src=\"https:\/\/www.radiopiu.net\/wordpress\/wp-content\/uploads\/2025\/09\/WhatsApp-Ptt-2025-09-12-at-07.20.53.mp3?_=12\" \/><a href=\"https:\/\/www.radiopiu.net\/wordpress\/wp-content\/uploads\/2025\/09\/WhatsApp-Ptt-2025-09-12-at-07.20.53.mp3\">https:\/\/www.radiopiu.net\/wordpress\/wp-content\/uploads\/2025\/09\/WhatsApp-Ptt-2025-09-12-at-07.20.53.mp3<\/a><\/audio>\n<p>&nbsp;<\/p>\n\n\t\t\t<style type='text\/css'>\n\t\t\t\t#gallery-3 {\n\t\t\t\t\tmargin: auto;\n\t\t\t\t}\n\t\t\t\t#gallery-3 .gallery-item {\n\t\t\t\t\tfloat: left;\n\t\t\t\t\tmargin-top: 10px;\n\t\t\t\t\ttext-align: center;\n\t\t\t\t\twidth: 33%;\n\t\t\t\t}\n\t\t\t\t#gallery-3 img {\n\t\t\t\t\tborder: 2px solid #cfcfcf;\n\t\t\t\t}\n\t\t\t\t#gallery-3 .gallery-caption {\n\t\t\t\t\tmargin-left: 0;\n\t\t\t\t}\n\t\t\t\t\/* see gallery_shortcode() in wp-includes\/media.php *\/\n\t\t\t<\/style>\n\t\t<div id='gallery-3' class='dt-gallery-container gallery galleryid-469174 gallery-columns-3 gallery-size-thumbnail'><dl class='gallery-item'>\n\t\t\t\t<dt class='gallery-icon landscape'>\n\t\t\t\t\t<a class=\"rollover rollover-zoom dt-pswp-item\" title=\"2815c66b-fd03-4a8e-b1dd-0a8c177b4def\" data-dt-img-description=\"\" data-large_image_width=\"1600\" data-large_image_height=\"900\"href='https:\/\/www.radiopiu.net\/wordpress\/wp-content\/uploads\/2025\/09\/2815c66b-fd03-4a8e-b1dd-0a8c177b4def.jpg'><img loading=\"lazy\" decoding=\"async\" width=\"150\" height=\"150\" src=\"https:\/\/www.radiopiu.net\/wordpress\/wp-content\/uploads\/2025\/09\/2815c66b-fd03-4a8e-b1dd-0a8c177b4def-150x150.jpg\" class=\"attachment-thumbnail size-thumbnail\" alt=\"\" \/><\/a>\n\t\t\t\t<\/dt><\/dl><dl class='gallery-item'>\n\t\t\t\t<dt class='gallery-icon landscape'>\n\t\t\t\t\t<a class=\"rollover rollover-zoom dt-pswp-item\" title=\"b21c02d0-3140-4abe-9f5e-6e517e585cf2\" data-dt-img-description=\"\" data-large_image_width=\"1600\" data-large_image_height=\"900\"href='https:\/\/www.radiopiu.net\/wordpress\/wp-content\/uploads\/2025\/09\/b21c02d0-3140-4abe-9f5e-6e517e585cf2.jpg'><img loading=\"lazy\" decoding=\"async\" width=\"150\" height=\"150\" src=\"https:\/\/www.radiopiu.net\/wordpress\/wp-content\/uploads\/2025\/09\/b21c02d0-3140-4abe-9f5e-6e517e585cf2-150x150.jpg\" class=\"attachment-thumbnail size-thumbnail\" alt=\"\" \/><\/a>\n\t\t\t\t<\/dt><\/dl><dl class='gallery-item'>\n\t\t\t\t<dt class='gallery-icon landscape'>\n\t\t\t\t\t<a class=\"rollover rollover-zoom dt-pswp-item\" title=\"4395d0d1-ca66-4c92-9dc6-ac6444e60db9\" data-dt-img-description=\"\" data-large_image_width=\"1600\" data-large_image_height=\"900\"href='https:\/\/www.radiopiu.net\/wordpress\/wp-content\/uploads\/2025\/09\/4395d0d1-ca66-4c92-9dc6-ac6444e60db9.jpg'><img loading=\"lazy\" decoding=\"async\" width=\"150\" height=\"150\" src=\"https:\/\/www.radiopiu.net\/wordpress\/wp-content\/uploads\/2025\/09\/4395d0d1-ca66-4c92-9dc6-ac6444e60db9-150x150.jpg\" class=\"attachment-thumbnail size-thumbnail\" alt=\"\" \/><\/a>\n\t\t\t\t<\/dt><\/dl><br style=\"clear: both\" \/>\n\t\t\t<\/div>\n\n<p>&nbsp;<\/p>\n<p>&nbsp;<\/p>\n<p>&nbsp;<\/p>\n<hr \/>\n<p>&nbsp;<\/p>\n<blockquote>\n<h2><a class=\"dt-pswp-item\" href=\"https:\/\/www.radiopiu.net\/wordpress\/wp-content\/uploads\/2025\/09\/download-11.jpg\" data-dt-img-description=\"\" data-large_image_width=\"300\" data-large_image_height=\"168\"><img loading=\"lazy\" decoding=\"async\" class=\" wp-image-469050 alignleft\" src=\"https:\/\/www.radiopiu.net\/wordpress\/wp-content\/uploads\/2025\/09\/download-11.jpg\" alt=\"\" width=\"257\" height=\"144\" \/><\/a>SPORT IN PIAZZA AD AGORDO, DOMANI SUL BROI E IN CENTRO<\/h2>\n<\/blockquote>\n<p><strong>IN COLLABORAZIONE CON:<\/strong><span style=\"color: #ff0000;\"><strong> OTTICA MOTTES, DI GIACOMO MOTTES A TAIBON AGORDINO &#8211; CAFFE&#8217; MINIERE, IL CAFFE&#8217; AD AGORDO &#8211; FIORERIA DE TOFFOL AD AGORDO<\/strong><\/span><\/p>\n<p><strong>AGORDO<\/strong><\/p>\n<p><strong>L&#8217;INTERVISTA di Marco Gaz<\/strong><\/p>\n<p><strong>ospiti,<\/strong> Francesco Corazza, Elodie Badole, Giorgia Ben, Marianna De Nicolo&#8217;, Maria Rosa Salmazo<\/p>\n<audio class=\"wp-audio-shortcode\" id=\"audio-469174-13\" preload=\"none\" style=\"width: 100%;\" controls=\"controls\"><source type=\"audio\/mpeg\" src=\"https:\/\/www.radiopiu.net\/wordpress\/wp-content\/uploads\/2025\/09\/SPORT-IN-PIAZZA-2025-SPECIALE-ALLA-RADIO.mp3?_=13\" \/><a href=\"https:\/\/www.radiopiu.net\/wordpress\/wp-content\/uploads\/2025\/09\/SPORT-IN-PIAZZA-2025-SPECIALE-ALLA-RADIO.mp3\">https:\/\/www.radiopiu.net\/wordpress\/wp-content\/uploads\/2025\/09\/SPORT-IN-PIAZZA-2025-SPECIALE-ALLA-RADIO.mp3<\/a><\/audio>\n<p>&nbsp;<\/p>\n<hr \/>\n<p>&nbsp;<\/p>\n<p>&nbsp;<\/p>\n<blockquote>\n<h2>MOTORI E SPERANZA, DOMENICA LA TERZA EDIZIONE A FALCADE<\/h2>\n<\/blockquote>\n<p><strong><a class=\"dt-pswp-item\" href=\"https:\/\/www.radiopiu.net\/wordpress\/wp-content\/uploads\/2025\/09\/Screenshot-2025-09-12-052305.png\" data-dt-img-description=\"\" data-large_image_width=\"840\" data-large_image_height=\"396\"><img loading=\"lazy\" decoding=\"async\" class=\"size-medium wp-image-469297 alignleft\" src=\"https:\/\/www.radiopiu.net\/wordpress\/wp-content\/uploads\/2025\/09\/Screenshot-2025-09-12-052305-300x141.png\" alt=\"\" width=\"300\" height=\"141\" srcset=\"https:\/\/www.radiopiu.net\/wordpress\/wp-content\/uploads\/2025\/09\/Screenshot-2025-09-12-052305-300x141.png 300w, https:\/\/www.radiopiu.net\/wordpress\/wp-content\/uploads\/2025\/09\/Screenshot-2025-09-12-052305-768x362.png 768w, https:\/\/www.radiopiu.net\/wordpress\/wp-content\/uploads\/2025\/09\/Screenshot-2025-09-12-052305.png 840w\" sizes=\"auto, (max-width: 300px) 100vw, 300px\" \/><\/a>DI MARCO GAZ<\/strong><\/p>\n<p>OSPITE: Mauro Riva ed Enzo Slongo<\/p>\n<p>&nbsp;<\/p>\n<p>&nbsp;<\/p>\n<p>&nbsp;<\/p>\n<audio class=\"wp-audio-shortcode\" id=\"audio-469174-14\" preload=\"none\" style=\"width: 100%;\" controls=\"controls\"><source type=\"audio\/mpeg\" src=\"https:\/\/www.radiopiu.net\/wordpress\/wp-content\/uploads\/2024\/10\/MOTORI-E-SPERANZA-2025-MAURO-RIVA-ENZO-SLONGO.mp3?_=14\" \/><a href=\"https:\/\/www.radiopiu.net\/wordpress\/wp-content\/uploads\/2024\/10\/MOTORI-E-SPERANZA-2025-MAURO-RIVA-ENZO-SLONGO.mp3\">https:\/\/www.radiopiu.net\/wordpress\/wp-content\/uploads\/2024\/10\/MOTORI-E-SPERANZA-2025-MAURO-RIVA-ENZO-SLONGO.mp3<\/a><\/audio>\n<p>&nbsp;<\/p>\n<p>&nbsp;<\/p>\n<p>&nbsp;<\/p>\n<hr \/>\n<p>&nbsp;<\/p>\n<p>&nbsp;<\/p>\n<blockquote>\n<h3 data-start=\"0\" data-end=\"239\"><strong data-start=\"0\" data-end=\"60\">COMMISSIONE PARI OPPORTUNIT\u00c0: NUOVO ASSETTO E CONTINUIT\u00c0<\/strong><\/h3>\n<p data-start=\"0\" data-end=\"239\"><em data-start=\"63\" data-end=\"237\">Giorgia Li Castri eletta presidente e Federica Cesa segretaria, la Commissione di Feltre rilancia progetti per l\u2019uguaglianza di genere e la collaborazione transfrontaliera.<\/em><\/p>\n<\/blockquote>\n<p data-start=\"241\" data-end=\"1135\" data-is-last-node=\"\" data-is-only-node=\"\"><strong>FELTRE<\/strong> La Commissione Pari Opportunit\u00e0 del Comune di Feltre ha riorganizzato i propri ruoli interni dopo le dimissioni per motivi di salute della presidente Velleda Bronzato e della segretaria Sandra Vettorel, entrambe comunque attive nel supporto ai lavori. Nella seduta del 5 settembre, Giorgia Li Castri \u00e8 stata eletta all\u2019unanimit\u00e0 presidente, mentre Federica Cesa assume il ruolo di segretaria, garantendo cos\u00ec la continuit\u00e0 delle attivit\u00e0. Tra i progetti ripresi spicca il programma Disruption, finalizzato a creare reti tra enti pubblici, privati e del Terzo Settore per promuovere equit\u00e0 di genere. La Commissione parteciper\u00e0 inoltre al progetto Interreg EQUALIT-\u00c1 in Austria, per sviluppare governance transfrontaliera e scambiare buone pratiche in tema di parit\u00e0 e inclusione. La presidente Li Castri sottolinea l\u2019impegno a continuare i lavori per costruire una societ\u00e0 pi\u00f9 equa e inclusiva.<\/p>\n\n\t\t\t<style type='text\/css'>\n\t\t\t\t#gallery-4 {\n\t\t\t\t\tmargin: auto;\n\t\t\t\t}\n\t\t\t\t#gallery-4 .gallery-item {\n\t\t\t\t\tfloat: left;\n\t\t\t\t\tmargin-top: 10px;\n\t\t\t\t\ttext-align: center;\n\t\t\t\t\twidth: 50%;\n\t\t\t\t}\n\t\t\t\t#gallery-4 img {\n\t\t\t\t\tborder: 2px solid #cfcfcf;\n\t\t\t\t}\n\t\t\t\t#gallery-4 .gallery-caption {\n\t\t\t\t\tmargin-left: 0;\n\t\t\t\t}\n\t\t\t\t\/* see gallery_shortcode() in wp-includes\/media.php *\/\n\t\t\t<\/style>\n\t\t<div id='gallery-4' class='dt-gallery-container gallery galleryid-469174 gallery-columns-2 gallery-size-medium'><dl class='gallery-item'>\n\t\t\t\t<dt class='gallery-icon portrait'>\n\t\t\t\t\t<a class=\"rollover rollover-zoom dt-pswp-item\" title=\"Federica Cesa\" data-dt-img-description=\"\" data-large_image_width=\"341\" data-large_image_height=\"402\"href='https:\/\/www.radiopiu.net\/wordpress\/wp-content\/uploads\/2025\/09\/Federica-Cesa.jpeg'><img loading=\"lazy\" decoding=\"async\" width=\"254\" height=\"300\" src=\"https:\/\/www.radiopiu.net\/wordpress\/wp-content\/uploads\/2025\/09\/Federica-Cesa-254x300.jpeg\" class=\"attachment-medium size-medium\" alt=\"\" aria-describedby=\"gallery-4-469211\" srcset=\"https:\/\/www.radiopiu.net\/wordpress\/wp-content\/uploads\/2025\/09\/Federica-Cesa-254x300.jpeg 254w, https:\/\/www.radiopiu.net\/wordpress\/wp-content\/uploads\/2025\/09\/Federica-Cesa.jpeg 341w\" sizes=\"auto, (max-width: 254px) 100vw, 254px\" \/><\/a>\n\t\t\t\t<\/dt>\n\t\t\t\t\t<dd class='wp-caption-text gallery-caption' id='gallery-4-469211'>\n\t\t\t\t\tFederica Cesa\n\t\t\t\t\t<\/dd><\/dl><dl class='gallery-item'>\n\t\t\t\t<dt class='gallery-icon portrait'>\n\t\t\t\t\t<a class=\"rollover rollover-zoom dt-pswp-item\" title=\"Giorgia Li Castri\" data-dt-img-description=\"Giorgia Li Castri\" data-large_image_width=\"402\" data-large_image_height=\"595\"href='https:\/\/www.radiopiu.net\/wordpress\/wp-content\/uploads\/2025\/09\/Giorgia-Li-Castri.jpeg'><img loading=\"lazy\" decoding=\"async\" width=\"203\" height=\"300\" src=\"https:\/\/www.radiopiu.net\/wordpress\/wp-content\/uploads\/2025\/09\/Giorgia-Li-Castri-203x300.jpeg\" class=\"attachment-medium size-medium\" alt=\"\" aria-describedby=\"gallery-4-469210\" srcset=\"https:\/\/www.radiopiu.net\/wordpress\/wp-content\/uploads\/2025\/09\/Giorgia-Li-Castri-203x300.jpeg 203w, https:\/\/www.radiopiu.net\/wordpress\/wp-content\/uploads\/2025\/09\/Giorgia-Li-Castri.jpeg 402w\" sizes=\"auto, (max-width: 203px) 100vw, 203px\" \/><\/a>\n\t\t\t\t<\/dt>\n\t\t\t\t\t<dd class='wp-caption-text gallery-caption' id='gallery-4-469210'>\n\t\t\t\t\tGiorgia Li Castri\n\t\t\t\t\t<\/dd><\/dl><br style=\"clear: both\" \/>\n\t\t\t<\/div>\n\n<p>&nbsp;<\/p>\n<hr \/>\n<p>&nbsp;<\/p>\n<blockquote>\n<h2 data-start=\"138\" data-end=\"293\"><strong data-start=\"138\" data-end=\"216\">WEBINAR CAMERA DI COMMERCIO: ANALISI FINANZIARIA E PREVENZIONE DELLE CRISI<\/strong><\/h2>\n<\/blockquote>\n<p data-start=\"138\" data-end=\"293\"><em data-start=\"219\" data-end=\"291\"><a class=\"dt-pswp-item\" href=\"https:\/\/www.radiopiu.net\/wordpress\/wp-content\/uploads\/2024\/03\/ee5a0546-b1cd-4c75-be00-58435b134846.jpg\" data-dt-img-description=\"\" data-large_image_width=\"1600\" data-large_image_height=\"531\"><img loading=\"lazy\" decoding=\"async\" class=\"size-medium wp-image-377589 alignleft\" src=\"https:\/\/www.radiopiu.net\/wordpress\/wp-content\/uploads\/2024\/03\/ee5a0546-b1cd-4c75-be00-58435b134846-300x100.jpg\" alt=\"\" width=\"300\" height=\"100\" srcset=\"https:\/\/www.radiopiu.net\/wordpress\/wp-content\/uploads\/2024\/03\/ee5a0546-b1cd-4c75-be00-58435b134846-300x100.jpg 300w, https:\/\/www.radiopiu.net\/wordpress\/wp-content\/uploads\/2024\/03\/ee5a0546-b1cd-4c75-be00-58435b134846-1024x340.jpg 1024w, https:\/\/www.radiopiu.net\/wordpress\/wp-content\/uploads\/2024\/03\/ee5a0546-b1cd-4c75-be00-58435b134846-768x255.jpg 768w, https:\/\/www.radiopiu.net\/wordpress\/wp-content\/uploads\/2024\/03\/ee5a0546-b1cd-4c75-be00-58435b134846-1536x510.jpg 1536w, https:\/\/www.radiopiu.net\/wordpress\/wp-content\/uploads\/2024\/03\/ee5a0546-b1cd-4c75-be00-58435b134846.jpg 1600w\" sizes=\"auto, (max-width: 300px) 100vw, 300px\" \/><\/a>Strumenti digitali gratuiti per supportare le PMI di Treviso e Belluno<\/em><\/p>\n<p data-start=\"295\" data-end=\"1141\"><strong>TREVISO-BELLUNO<\/strong> La Camera di Commercio di Treviso-Belluno organizza il 25 settembre 2025, dalle 11.00 alle 12.30, un webinar dedicato all\u2019analisi economico-finanziaria e alla prevenzione della crisi d\u2019impresa. L\u2019iniziativa, rivolta a imprenditori, manager, professionisti e consulenti, illustrer\u00e0 due strumenti digitali gratuiti: <strong data-start=\"609\" data-end=\"618\">LIBRA<\/strong>, per valutazioni economico-finanziarie delle imprese, e <strong data-start=\"675\" data-end=\"686\">SKILLUP<\/strong>, piattaforma di e-learning per corsi su prevenzione della crisi, sostenibilit\u00e0 e gestione finanziaria.<br data-start=\"789\" data-end=\"792\" \/>L\u2019obiettivo \u00e8 diffondere una cultura finanziaria moderna e fornire strumenti pratici per gestire e prevenire tensioni economiche, rafforzando la capacit\u00e0 delle PMI di operare in equilibrio finanziario. Il webinar si terr\u00e0 su GoToWebinar; iscrizioni entro il giorno precedente. Maggiori dettagli sono disponibili sul sito della Camera di Commercio.<\/p>\n<p>&nbsp;<\/p>\n<hr \/>\n<p>&nbsp;<\/p>\n<blockquote>\n<h3 data-start=\"0\" data-end=\"70\"><a class=\"dt-pswp-item\" href=\"https:\/\/www.radiopiu.net\/wordpress\/wp-content\/uploads\/2025\/09\/Umbertide-particolare-de-La-Guerra-Vincenzo-Munaro.jpg\" data-dt-img-description=\"\" data-large_image_width=\"1227\" data-large_image_height=\"1185\"><img loading=\"lazy\" decoding=\"async\" class=\"wp-image-469191 alignleft\" src=\"https:\/\/www.radiopiu.net\/wordpress\/wp-content\/uploads\/2025\/09\/Umbertide-particolare-de-La-Guerra-Vincenzo-Munaro-300x290.jpg\" alt=\"\" width=\"151\" height=\"146\" srcset=\"https:\/\/www.radiopiu.net\/wordpress\/wp-content\/uploads\/2025\/09\/Umbertide-particolare-de-La-Guerra-Vincenzo-Munaro-300x290.jpg 300w, https:\/\/www.radiopiu.net\/wordpress\/wp-content\/uploads\/2025\/09\/Umbertide-particolare-de-La-Guerra-Vincenzo-Munaro-1024x989.jpg 1024w, https:\/\/www.radiopiu.net\/wordpress\/wp-content\/uploads\/2025\/09\/Umbertide-particolare-de-La-Guerra-Vincenzo-Munaro-768x742.jpg 768w, https:\/\/www.radiopiu.net\/wordpress\/wp-content\/uploads\/2025\/09\/Umbertide-particolare-de-La-Guerra-Vincenzo-Munaro.jpg 1227w\" sizes=\"auto, (max-width: 151px) 100vw, 151px\" \/><\/a>MUNARO, DUE CELEBRAZIONI PER I 50 ANNI DEL MONUMENTO ALLA RESISTENZA<\/h3>\n<\/blockquote>\n<p data-start=\"72\" data-end=\"652\" data-is-last-node=\"\" data-is-only-node=\"\"><strong>BELLUNO<\/strong> L\u2019artista bellunese Vincenzo Munaro sar\u00e0 protagonista di un doppio appuntamento nel 2025. A Umbertide, il 14 settembre, verr\u00e0 celebrato il cinquantesimo anniversario del Monumento alla Resistenza, fulcro di una commemorazione e di una mostra antologica. In autunno, Munaro torner\u00e0 nel Bellunese con l\u2019esposizione \u201cOmaggio a Longarone \u2013 Una tragedia annunciata\u201d, arricchita da opere inedite e ospitata ad Arredamont. Un omaggio, sottolinea il presidente della Provincia Roberto Padrin, \u201cai valori della resistenza, della resilienza e al legame profondo con il nostro territorio\u201d.<\/p>\n<p data-start=\"72\" data-end=\"652\" data-is-last-node=\"\" data-is-only-node=\"\"><strong> Il sindaco di Chies d\u2019Alpago, Gianluca Dal Borgo<\/strong>, esprime orgoglio per il traguardo e ricorda come le sculture di Munaro, dal Casal di Funes fino a Umbertide, sappiano custodire la memoria e al tempo stesso proiettare valori universali di rinascita e comunit\u00e0.<\/p>\n<p data-start=\"92\" data-end=\"404\"><strong>Il sindaco di Belluno, Oscar De Pellegrin<\/strong>, celebra Vincenzo Munaro definendolo un orgoglio del territorio e punto di riferimento per l\u2019arte veneta e friulana. Con oltre sessant\u2019anni di carriera, Munaro ha saputo trasmettere valori universali attraverso le sue opere, costruendo ponti tra culture e generazioni.De Pellegrin ricorda anche il San Martino di Belluno, realizzato nel 1992 in Piazza dei Martiri, simbolo di altruismo e identit\u00e0 cittadina, che sar\u00e0 presto restaurato. \u201cMunaro unisce radici e orizzonti, tradizione e innovazione \u2013 conclude il Sindaco \u2013 a nome di tutta la citt\u00e0, grazie per ci\u00f2 che ha donato alla memoria collettiva\u201d.<\/p>\n<p data-start=\"92\" data-end=\"404\">\u201cMunaro \u00e8 un orgoglio per il mondo artistico bellunese\u201d, commenta la<strong> consigliera regionale Silvia Cestaro<\/strong><\/p>\n<p><a class=\"dt-pswp-item\" href=\"https:\/\/www.radiopiu.net\/wordpress\/wp-content\/uploads\/2025\/09\/Screenshot-2025-09-11-053052.png\" data-dt-img-description=\"\" data-large_image_width=\"402\" data-large_image_height=\"51\"><img loading=\"lazy\" decoding=\"async\" class=\"size-medium wp-image-469133 aligncenter\" src=\"https:\/\/www.radiopiu.net\/wordpress\/wp-content\/uploads\/2025\/09\/Screenshot-2025-09-11-053052-300x38.png\" alt=\"\" width=\"300\" height=\"38\" srcset=\"https:\/\/www.radiopiu.net\/wordpress\/wp-content\/uploads\/2025\/09\/Screenshot-2025-09-11-053052-300x38.png 300w, https:\/\/www.radiopiu.net\/wordpress\/wp-content\/uploads\/2025\/09\/Screenshot-2025-09-11-053052.png 402w\" sizes=\"auto, (max-width: 300px) 100vw, 300px\" \/><\/a><\/p>\n<hr \/>\n<blockquote>\n<h3 data-start=\"122\" data-end=\"176\"><strong data-start=\"122\" data-end=\"174\">ASILO NIDO E OPERE PUBBLICHE: POLEMICHE A LIMANA<\/strong><\/h3>\n<\/blockquote>\n<p data-start=\"178\" data-end=\"268\"><em data-start=\"178\" data-end=\"266\"><a class=\"dt-pswp-item\" href=\"https:\/\/www.radiopiu.net\/wordpress\/wp-content\/uploads\/2024\/10\/OLTRE-LIMANA.png\" data-dt-img-description=\"\" data-large_image_width=\"1179\" data-large_image_height=\"1184\"><img loading=\"lazy\" decoding=\"async\" class=\"wp-image-413077 alignleft\" src=\"https:\/\/www.radiopiu.net\/wordpress\/wp-content\/uploads\/2024\/10\/OLTRE-LIMANA-300x300.png\" alt=\"\" width=\"151\" height=\"151\" srcset=\"https:\/\/www.radiopiu.net\/wordpress\/wp-content\/uploads\/2024\/10\/OLTRE-LIMANA-300x300.png 300w, https:\/\/www.radiopiu.net\/wordpress\/wp-content\/uploads\/2024\/10\/OLTRE-LIMANA-1020x1024.png 1020w, https:\/\/www.radiopiu.net\/wordpress\/wp-content\/uploads\/2024\/10\/OLTRE-LIMANA-150x150.png 150w, https:\/\/www.radiopiu.net\/wordpress\/wp-content\/uploads\/2024\/10\/OLTRE-LIMANA-768x771.png 768w, https:\/\/www.radiopiu.net\/wordpress\/wp-content\/uploads\/2024\/10\/OLTRE-LIMANA.png 1179w\" sizes=\"auto, (max-width: 151px) 100vw, 151px\" \/><\/a>Oltre Limana critica il piano della Giunta Talo e solleva dubbi su costi e tempistiche<\/em><\/p>\n<p data-start=\"270\" data-end=\"737\"><strong>LIMANA<\/strong> Il Consiglio Comunale di Limana si \u00e8 concentrato sul nuovo asilo nido e sul programma triennale dei lavori pubblici. Il gruppo Oltre Limana ha bocciato entrambe le delibere, denunciando vizi di forma e criticando il sovradimensionamento della struttura: per 24 posti sono stati stanziati 1,1 milioni di euro, met\u00e0 dei quali secondo l\u2019opposizione non necessari. Preoccupazioni sono emerse anche sulle tempistiche ridotte, con fine lavori anticipata al 31 marzo 2026. Il Sindaco e l\u2019Assessore Troian hanno confermato che il progetto andr\u00e0 avanti, puntando a rispettare il termine, ma Oltre Limana ha evidenziato come il nido assorba gran parte dei risparmi comunali accumulati in decenni, lasciando poche risorse per emergenze o altre opere pubbliche. Anche il piano triennale da oltre 9 milioni di euro \u00e8 stato definito \u201cinsostenibile\u201d senza ulteriori contributi esterni. L\u2019opposizione promette di vigilare attentamente sull\u2019uso dei fondi e sul rispetto delle scadenze.<\/p>\n<p><a class=\"dt-pswp-item\" href=\"https:\/\/www.radiopiu.net\/wordpress\/wp-content\/uploads\/2025\/09\/Screenshot-2025-09-11-053052.png\" data-dt-img-description=\"\" data-large_image_width=\"402\" data-large_image_height=\"51\"><img loading=\"lazy\" decoding=\"async\" class=\"size-medium wp-image-469133 aligncenter\" src=\"https:\/\/www.radiopiu.net\/wordpress\/wp-content\/uploads\/2025\/09\/Screenshot-2025-09-11-053052-300x38.png\" alt=\"\" width=\"300\" height=\"38\" srcset=\"https:\/\/www.radiopiu.net\/wordpress\/wp-content\/uploads\/2025\/09\/Screenshot-2025-09-11-053052-300x38.png 300w, https:\/\/www.radiopiu.net\/wordpress\/wp-content\/uploads\/2025\/09\/Screenshot-2025-09-11-053052.png 402w\" sizes=\"auto, (max-width: 300px) 100vw, 300px\" \/><\/a><\/p>\n<hr \/>\n<p>&nbsp;<\/p>\n<blockquote>\n<h3 data-start=\"0\" data-end=\"65\">SLOW FOOD BELLUNO-FELTRE: I SAPORI AUTENTICI DELLA MONTAGNA<\/h3>\n<\/blockquote>\n<p data-start=\"67\" data-end=\"365\" data-is-last-node=\"\" data-is-only-node=\"\"><strong>BELLUNO<\/strong> Sabato 6 settembre al Fil\u00f2 Nevegal si \u00e8 svolta la cena-degustazione organizzata da Slow Food Belluno-Feltre, dedicata ai formaggi a latte crudo e ai prodotti del territorio. Un percorso sensoriale tra piatti tipici, vini locali e arte, per valorizzare cultura gastronomica e biodiversit\u00e0 montana.<\/p>\n<p data-start=\"67\" data-end=\"365\" data-is-last-node=\"\" data-is-only-node=\"\"><a class=\"dt-pswp-item\" href=\"https:\/\/www.radiopiu.net\/wordpress\/wp-content\/uploads\/2025\/09\/Screenshot-2025-09-11-053052.png\" data-dt-img-description=\"\" data-large_image_width=\"402\" data-large_image_height=\"51\"><img loading=\"lazy\" decoding=\"async\" class=\"size-medium wp-image-469133 aligncenter\" src=\"https:\/\/www.radiopiu.net\/wordpress\/wp-content\/uploads\/2025\/09\/Screenshot-2025-09-11-053052-300x38.png\" alt=\"\" width=\"300\" height=\"38\" srcset=\"https:\/\/www.radiopiu.net\/wordpress\/wp-content\/uploads\/2025\/09\/Screenshot-2025-09-11-053052-300x38.png 300w, https:\/\/www.radiopiu.net\/wordpress\/wp-content\/uploads\/2025\/09\/Screenshot-2025-09-11-053052.png 402w\" sizes=\"auto, (max-width: 300px) 100vw, 300px\" \/><\/a><\/p>\n<hr \/>\n<blockquote>\n<h1 class=\"_title post-title entry-title\">BELLUNO | LE GIORNATE DELLA VISTA<\/h1>\n<\/blockquote>\n<p data-start=\"67\" data-end=\"365\" data-is-last-node=\"\" data-is-only-node=\"\">\u00a0Intervistati ANDREA RENDINA (PRESIDENTE FONDAZIONE ONESIGHT ESSILOR LUXOTTICA), MARCO DAL PONT (ASSESSORE SOCIALE POLITICHE DELLA FAMIGLIA COMUNE BELLUNO) (Servizio di\u00a0<a href=\"https:\/\/antennatre.medianordest.it\/redazione\/Fabio-Fioravanzi\/\">Fabio Fioravanzi<\/a>)<\/p>\n<p><iframe loading=\"lazy\" title=\"LE GIORNATE DELLA VISTA | 11\/09\/2025\" width=\"1200\" height=\"675\" src=\"https:\/\/www.youtube.com\/embed\/334cd0XhwLo?feature=oembed\" frameborder=\"0\" allow=\"accelerometer; autoplay; clipboard-write; encrypted-media; gyroscope; picture-in-picture; web-share\" referrerpolicy=\"strict-origin-when-cross-origin\" allowfullscreen><\/iframe><\/p>\n<p>&nbsp;<\/p>\n<hr \/>\n<p>&nbsp;<\/p>\n<blockquote>\n<h3 data-start=\"0\" data-end=\"87\">BELLUNO CITT\u00c0 DELLE RONDINI: DIECI ANNI DI CENSIMENTI E TUTELA DELLA BIODIVERSIT\u00c0<\/h3>\n<\/blockquote>\n<p data-start=\"89\" data-end=\"358\" data-is-last-node=\"\" data-is-only-node=\"\"><strong><a class=\"dt-pswp-item\" href=\"https:\/\/www.radiopiu.net\/wordpress\/wp-content\/uploads\/2023\/06\/Rondini-2023_2-scaled.jpg\" data-dt-img-description=\"\" data-large_image_width=\"2560\" data-large_image_height=\"1920\"><img loading=\"lazy\" decoding=\"async\" class=\" wp-image-339216 alignleft\" src=\"https:\/\/www.radiopiu.net\/wordpress\/wp-content\/uploads\/2023\/06\/Rondini-2023_2-300x225.jpg\" alt=\"\" width=\"180\" height=\"135\" srcset=\"https:\/\/www.radiopiu.net\/wordpress\/wp-content\/uploads\/2023\/06\/Rondini-2023_2-300x225.jpg 300w, https:\/\/www.radiopiu.net\/wordpress\/wp-content\/uploads\/2023\/06\/Rondini-2023_2-1024x768.jpg 1024w, https:\/\/www.radiopiu.net\/wordpress\/wp-content\/uploads\/2023\/06\/Rondini-2023_2-768x576.jpg 768w, https:\/\/www.radiopiu.net\/wordpress\/wp-content\/uploads\/2023\/06\/Rondini-2023_2-1536x1152.jpg 1536w, https:\/\/www.radiopiu.net\/wordpress\/wp-content\/uploads\/2023\/06\/Rondini-2023_2-2048x1536.jpg 2048w\" sizes=\"auto, (max-width: 180px) 100vw, 180px\" \/><\/a>BELLUNO<\/strong> Domani alle 16.30, nella Sala Bianchi, il convegno dedicato al decennale del progetto \u201cBelluno citt\u00e0 delle rondini\u201d. Un percorso che ha unito monitoraggi, educazione e sensibilizzazione, trasformando le rondini in simbolo collettivo di biodiversit\u00e0 urbana.<\/p>\n<blockquote><p><em>\u201cDieci anni di censimenti, studio e divulgazione meritano di essere celebrati come si deve \u2013 dichiara l\u2019assessore all\u2019ambiente, Lorenza De Kunovich -. Questo progetto rende onore a Belluno, citt\u00e0 attenta, rispettosa dell\u2019ambiente e capace di innovare nel segno della sostenibilit\u00e0. Valorizzare le rondini significa valorizzare un\u2019intera visione del nostro futuro, dove natura, conoscenza e cura del territorio camminano insieme\u201d<\/em><\/p><\/blockquote>\n<p>&nbsp;<\/p>\n<hr \/>\n<blockquote>\n<p data-start=\"128\" data-end=\"213\"><strong data-start=\"128\" data-end=\"211\">\u00a0<\/strong><\/p>\n<p data-start=\"128\" data-end=\"213\"><strong data-start=\"128\" data-end=\"211\">IL NUOVO LIBRO DI GRAZIANO DAMERINI: \u201cIL BARBIERE\u201d IN PRESENTAZIONE A CAVARZANO<\/strong><\/p>\n<\/blockquote>\n<p data-start=\"215\" data-end=\"504\"><strong>BELLUNO <\/strong>Dopo una lunga serie di titoli che hanno conquistato i lettori, Graziano Damerini torna con un\u2019opera fresca e ironica: <em data-start=\"344\" data-end=\"357\">Il Barbiere<\/em>, novantuno pagine tra testi e illustrazioni che raccontano personaggi e vicende di un paese immaginario, custodi di valori semplici e autentici. \u00a0L\u2019appuntamento questsa sera\u00a0 alle 20.30, a Cavarzano\u00a0 nell\u2019auditorium della Parrocchia. A introdurre l\u2019autore sar\u00e0 Alberto De Biasio, mentre l\u2019attrice Mara Formenti dar\u00e0 voce ad alcuni brani del libro. Il sindaco di Chies d\u2019Alpago, Gianluca Dal Borgo, esprime orgoglio per il traguardo e ricorda come le sculture di Munaro, dal Casal di Funes fino a Umbertide, sappiano custodire la memoria e al tempo stesso proiettare valori universali di rinascita e comunit\u00e0.<\/p>\n<article class=\"text-token-text-primary w-full focus:outline-none scroll-mt-[calc(var(--header-height)+min(200px,max(70px,20svh)))]\" dir=\"auto\" tabindex=\"-1\" data-turn-id=\"request-WEB:1e4b819b-ac3d-4024-8ea5-e98f42b58405-69\" data-testid=\"conversation-turn-140\" data-scroll-anchor=\"true\" data-turn=\"assistant\">\n<div class=\"text-base my-auto mx-auto pb-10 [--thread-content-margin:--spacing(4)] thread-sm:[--thread-content-margin:--spacing(6)] thread-lg:[--thread-content-margin:--spacing(16)] px-(--thread-content-margin)\">\n<div class=\"[--thread-content-max-width:40rem] thread-sm:[--thread-content-max-width:40rem] thread-lg:[--thread-content-max-width:48rem] mx-auto max-w-(--thread-content-max-width) flex-1 group\/turn-messages focus-visible:outline-hidden relative flex w-full min-w-0 flex-col agent-turn\" tabindex=\"-1\">\n<div class=\"flex min-h-[46px] justify-start\"><\/div>\n<\/div>\n<\/div>\n<\/article>\n<p>&nbsp;<\/p>\n<hr \/>\n<blockquote><p>&nbsp;<\/p>\n<h2><strong><a class=\"dt-pswp-item\" href=\"https:\/\/www.radiopiu.net\/wordpress\/wp-content\/uploads\/2025\/09\/6dc0022b-f890-4811-8255-2cbd7d56744f.jpg\" data-dt-img-description=\"\" data-large_image_width=\"1536\" data-large_image_height=\"2048\"><img loading=\"lazy\" decoding=\"async\" class=\"size-medium wp-image-468875 alignleft\" src=\"https:\/\/www.radiopiu.net\/wordpress\/wp-content\/uploads\/2025\/09\/6dc0022b-f890-4811-8255-2cbd7d56744f-225x300.jpg\" alt=\"\" width=\"225\" height=\"300\" srcset=\"https:\/\/www.radiopiu.net\/wordpress\/wp-content\/uploads\/2025\/09\/6dc0022b-f890-4811-8255-2cbd7d56744f-225x300.jpg 225w, https:\/\/www.radiopiu.net\/wordpress\/wp-content\/uploads\/2025\/09\/6dc0022b-f890-4811-8255-2cbd7d56744f-768x1024.jpg 768w, https:\/\/www.radiopiu.net\/wordpress\/wp-content\/uploads\/2025\/09\/6dc0022b-f890-4811-8255-2cbd7d56744f-1152x1536.jpg 1152w, https:\/\/www.radiopiu.net\/wordpress\/wp-content\/uploads\/2025\/09\/6dc0022b-f890-4811-8255-2cbd7d56744f.jpg 1536w\" sizes=\"auto, (max-width: 225px) 100vw, 225px\" \/><\/a>SELLARONDA BIKE DAY \u2013 Edizione autunnale<\/strong><\/h2>\n<\/blockquote>\n<p>Sabato, 13 settembre 2025 dalle ore 8:30 alle 16:00\u00a0 i passi Dolomitici attorno al massiccio del Sella\u00a0 (Pordoi, Campolongo, Gardena, Sella) saranno riservati agli amanti della bicicletta. La giornata ciclistica non competitiva \u00e8 giunta quest\u2019anno alla sua 19a edizione annuale.\u00a0L\u2019evento permette agli appassionati delle due ruote di compiere il giro dei quattro passi in assenza di automobili e gas di scarico<strong>.<\/strong>\u00a0 A Si raccomanda il giro in senso antiorario<strong> da Arabba<\/strong> al Passo Pordoi SR 48 e al Passo Campolongo SP 244 sul lato del comune di Livinallongo a partire dalle ore 08:00 alle ore 16:00 (Arabba, dall\u2019incrocio con il Passo Campolongo fino al Passo Pordoi)<strong>. da Corvara<\/strong> &#8211; Passo Gardena e Corvara &#8211; Passo Campolongo sul lato Val Badia a partire dalle ore 08:30 alle ore 16:00 (dalla stazione a valle della cabinovia Bo\u00e8 \u2013 SS 243 e SS 244). <strong>da Canazei<\/strong> al Passo Sella e al Passo Pordoi sul lato Val di Fassa a partire dalle ore 08:30 alle ore 16:00 (Canazei, incrocio Str\u00e8da Dolomites e Str\u00e8da de Col de Pin presso Hotel Bellevue e Ufficio Postale \u2013 SS 48 e rotatoria Str\u00e8da de Pareda e Str\u00e8da de Col de Pin). da Selva di Val Gardena al Passo Sella e al Passo Gardena sul lato Val Gardena a partire dalle ore 08:30 alle ore 16:00 (dalla Piazza Nives a Selva di Val Gardena \u2013 SS 242). Riapertura del tratto dalla Piazza Nives a Plan de Gralba alle ore 10.00. <em>Il percorso si snoda su 58 km di strade asfaltate, con un dislivello complessivo di circa 1.800 metri, attraversando quattro passi leggendari delle Dolomiti. Una giornata senz\u2019auto che rappresenta una vera festa per tutti gli amanti della bici, promossa dalle associazioni turistiche e dalle amministrazioni pubbliche delle quattro valli ladine: Val Gardena, Alta Badia, Val di Fassa e Arabba\/Fodom.<\/em><\/p>\n<p>&nbsp;<\/p>\n<hr \/>\n<p>&nbsp;<\/p>\n<div class=\"page-title-head hgroup\">\n<h1 class=\"entry-title\">DALL&#8217;OMBRA DEL DUOMO DI MILANO AL TRAMONTO SOTTO AL FRAMONT<\/h1>\n<\/div>\n<div class=\"page-title-breadcrumbs\">\n<p><strong><a class=\"dt-pswp-item\" href=\"https:\/\/www.radiopiu.net\/wordpress\/wp-content\/uploads\/2025\/09\/file-2.jpg\" data-dt-img-description=\"\" data-large_image_width=\"640\" data-large_image_height=\"640\"><img loading=\"lazy\" decoding=\"async\" class=\" wp-image-469231 alignleft\" src=\"https:\/\/www.radiopiu.net\/wordpress\/wp-content\/uploads\/2025\/09\/file-2-300x300.jpg\" alt=\"\" width=\"153\" height=\"153\" srcset=\"https:\/\/www.radiopiu.net\/wordpress\/wp-content\/uploads\/2025\/09\/file-2-300x300.jpg 300w, https:\/\/www.radiopiu.net\/wordpress\/wp-content\/uploads\/2025\/09\/file-2-150x150.jpg 150w, https:\/\/www.radiopiu.net\/wordpress\/wp-content\/uploads\/2025\/09\/file-2.jpg 640w\" sizes=\"auto, (max-width: 153px) 100vw, 153px\" \/><\/a>TAIBON<\/strong> Sono in molti a chiedersi e spesso a chiederci cosa sia quella elegante struttura legno e natura collocata da Paolo e Manuela Ben di MobArt Ben in via Strapont, a Taibon Agordino. L&#8217;azienda di Taibon si \u00e8 affidata agli architetti Perlini e Biello per esprimere un concetto audace, creando un&#8217;esperienza sensoriale che invita il visitatore a immergersi in un paesaggio luminoso e mutevole, dove la natura e la citt\u00e0 si incontrano in un affascinante gioco di prospettive. Ne abbiamo parlato con Paolo Ben<\/p>\n<p><strong>L&#8217;INTERVISTA DI MIRKO MEZZACASA<\/strong><\/p>\n<audio class=\"wp-audio-shortcode\" id=\"audio-469174-15\" preload=\"none\" style=\"width: 100%;\" controls=\"controls\"><source type=\"audio\/mpeg\" src=\"https:\/\/www.radiopiu.net\/wordpress\/wp-content\/uploads\/2025\/03\/PAOLO-BEN-MOB-ART-BEN.mp3?_=15\" \/><a href=\"https:\/\/www.radiopiu.net\/wordpress\/wp-content\/uploads\/2025\/03\/PAOLO-BEN-MOB-ART-BEN.mp3\">https:\/\/www.radiopiu.net\/wordpress\/wp-content\/uploads\/2025\/03\/PAOLO-BEN-MOB-ART-BEN.mp3<\/a><\/audio>\n<p>&nbsp;<\/p>\n\n\t\t\t<style type='text\/css'>\n\t\t\t\t#gallery-5 {\n\t\t\t\t\tmargin: auto;\n\t\t\t\t}\n\t\t\t\t#gallery-5 .gallery-item {\n\t\t\t\t\tfloat: left;\n\t\t\t\t\tmargin-top: 10px;\n\t\t\t\t\ttext-align: center;\n\t\t\t\t\twidth: 20%;\n\t\t\t\t}\n\t\t\t\t#gallery-5 img {\n\t\t\t\t\tborder: 2px solid #cfcfcf;\n\t\t\t\t}\n\t\t\t\t#gallery-5 .gallery-caption {\n\t\t\t\t\tmargin-left: 0;\n\t\t\t\t}\n\t\t\t\t\/* see gallery_shortcode() in wp-includes\/media.php *\/\n\t\t\t<\/style>\n\t\t<div id='gallery-5' class='dt-gallery-container gallery galleryid-469174 gallery-columns-5 gallery-size-thumbnail'><dl class='gallery-item'>\n\t\t\t\t<dt class='gallery-icon landscape'>\n\t\t\t\t\t<a class=\"rollover rollover-zoom dt-pswp-item\" title=\"71a7246a-3ead-4d27-8f8b-d7419180e630\" data-dt-img-description=\"\" data-large_image_width=\"2048\" data-large_image_height=\"1152\"href='https:\/\/www.radiopiu.net\/wordpress\/wp-content\/uploads\/2025\/09\/71a7246a-3ead-4d27-8f8b-d7419180e630.jpg'><img loading=\"lazy\" decoding=\"async\" width=\"150\" height=\"150\" src=\"https:\/\/www.radiopiu.net\/wordpress\/wp-content\/uploads\/2025\/09\/71a7246a-3ead-4d27-8f8b-d7419180e630-150x150.jpg\" class=\"attachment-thumbnail size-thumbnail\" alt=\"\" \/><\/a>\n\t\t\t\t<\/dt><\/dl><dl class='gallery-item'>\n\t\t\t\t<dt class='gallery-icon landscape'>\n\t\t\t\t\t<a class=\"rollover rollover-zoom dt-pswp-item\" title=\"306db61c-d589-4928-bfb8-f0f570fd3e94\" data-dt-img-description=\"\" data-large_image_width=\"2048\" data-large_image_height=\"1152\"href='https:\/\/www.radiopiu.net\/wordpress\/wp-content\/uploads\/2025\/09\/306db61c-d589-4928-bfb8-f0f570fd3e94.jpg'><img loading=\"lazy\" decoding=\"async\" width=\"150\" height=\"150\" src=\"https:\/\/www.radiopiu.net\/wordpress\/wp-content\/uploads\/2025\/09\/306db61c-d589-4928-bfb8-f0f570fd3e94-150x150.jpg\" class=\"attachment-thumbnail size-thumbnail\" alt=\"\" \/><\/a>\n\t\t\t\t<\/dt><\/dl><dl class='gallery-item'>\n\t\t\t\t<dt class='gallery-icon landscape'>\n\t\t\t\t\t<a class=\"rollover rollover-zoom dt-pswp-item\" title=\"3c502750-d1b8-4879-8867-0a4f95c36578\" data-dt-img-description=\"\" data-large_image_width=\"2048\" data-large_image_height=\"1152\"href='https:\/\/www.radiopiu.net\/wordpress\/wp-content\/uploads\/2025\/09\/3c502750-d1b8-4879-8867-0a4f95c36578.jpg'><img loading=\"lazy\" decoding=\"async\" width=\"150\" height=\"150\" src=\"https:\/\/www.radiopiu.net\/wordpress\/wp-content\/uploads\/2025\/09\/3c502750-d1b8-4879-8867-0a4f95c36578-150x150.jpg\" class=\"attachment-thumbnail size-thumbnail\" alt=\"\" \/><\/a>\n\t\t\t\t<\/dt><\/dl><dl class='gallery-item'>\n\t\t\t\t<dt class='gallery-icon landscape'>\n\t\t\t\t\t<a class=\"rollover rollover-zoom dt-pswp-item\" title=\"c4dc3472-2658-4a87-a095-064cd18defe9\" data-dt-img-description=\"\" data-large_image_width=\"2048\" data-large_image_height=\"1152\"href='https:\/\/www.radiopiu.net\/wordpress\/wp-content\/uploads\/2025\/09\/c4dc3472-2658-4a87-a095-064cd18defe9.jpg'><img loading=\"lazy\" decoding=\"async\" width=\"150\" height=\"150\" src=\"https:\/\/www.radiopiu.net\/wordpress\/wp-content\/uploads\/2025\/09\/c4dc3472-2658-4a87-a095-064cd18defe9-150x150.jpg\" class=\"attachment-thumbnail size-thumbnail\" alt=\"\" \/><\/a>\n\t\t\t\t<\/dt><\/dl><dl class='gallery-item'>\n\t\t\t\t<dt class='gallery-icon landscape'>\n\t\t\t\t\t<a class=\"rollover rollover-zoom dt-pswp-item\" title=\"8584c561-6a31-480e-bd7b-34b9c6567536\" data-dt-img-description=\"\" data-large_image_width=\"2048\" data-large_image_height=\"1152\"href='https:\/\/www.radiopiu.net\/wordpress\/wp-content\/uploads\/2025\/09\/8584c561-6a31-480e-bd7b-34b9c6567536.jpg'><img loading=\"lazy\" decoding=\"async\" width=\"150\" height=\"150\" src=\"https:\/\/www.radiopiu.net\/wordpress\/wp-content\/uploads\/2025\/09\/8584c561-6a31-480e-bd7b-34b9c6567536-150x150.jpg\" class=\"attachment-thumbnail size-thumbnail\" alt=\"\" \/><\/a>\n\t\t\t\t<\/dt><\/dl><br style=\"clear: both\" \/>\n\t\t\t<\/div>\n\n<\/div>\n<p>&nbsp;<\/p>\n<p>&nbsp;<\/p>\n<hr \/>\n<p data-start=\"43\" data-end=\"129\"><strong data-start=\"43\" data-end=\"127\">\u00a0<\/strong><\/p>\n<p data-start=\"43\" data-end=\"129\"><strong data-start=\"43\" data-end=\"127\">\u201c100 SOLLEDER LETTENBAUER\u201d, DOCUMENTARIO PER I CENT\u2019ANNI DELLA VIA SULLA CIVETTA<\/strong><\/p>\n<blockquote>\n<p data-start=\"131\" data-end=\"374\"><em>Il 7 agosto del 1925 Emil Solleder e Gustav Lettenbauer realizzarono, sulla parete nord-ovest della Civetta, quella via che \u00e8 passata alla storia come l\u2019inizio ufficiale dell\u2019epopea del VI grado.<\/em><\/p>\n<\/blockquote>\n<p data-start=\"131\" data-end=\"374\"><strong><a class=\"dt-pswp-item\" href=\"https:\/\/www.radiopiu.net\/wordpress\/wp-content\/uploads\/2025\/09\/FigureCivetta-Solleder_Lettenbauer.jpg\" data-dt-img-description=\"\" data-large_image_width=\"500\" data-large_image_height=\"384\"><img loading=\"lazy\" decoding=\"async\" class=\" wp-image-468270 alignleft\" src=\"https:\/\/www.radiopiu.net\/wordpress\/wp-content\/uploads\/2025\/09\/FigureCivetta-Solleder_Lettenbauer-300x230.jpg\" alt=\"\" width=\"198\" height=\"152\" srcset=\"https:\/\/www.radiopiu.net\/wordpress\/wp-content\/uploads\/2025\/09\/FigureCivetta-Solleder_Lettenbauer-300x230.jpg 300w, https:\/\/www.radiopiu.net\/wordpress\/wp-content\/uploads\/2025\/09\/FigureCivetta-Solleder_Lettenbauer.jpg 500w\" sizes=\"auto, (max-width: 198px) 100vw, 198px\" \/><\/a>ALLEGHE<\/strong> Sar\u00e0 presentato sabato 27 settembre alle 20.30 nella palestra comunale di Caprile il documentario <em data-start=\"233\" data-end=\"259\">100 Solleder Lettenbauer<\/em>, dedicato ai cent\u2019anni della storica via sulla Nord-Ovest della Civetta, realizzato con il sostegno del Cai.<\/p>\n<p data-start=\"376\" data-end=\"551\">La proiezione concluder\u00e0 una giornata di eventi: al mattino un incontro con il Soccorso Alpino e al pomeriggio le testimonianze di alpinisti sulla \u201cParete delle Pareti\u201d.<\/p>\n<p data-start=\"553\" data-end=\"813\">Il progetto \u00e8 nato da un\u2019idea di Valter Bellenzier con i rifugisti De Zordo e De Bona, ed \u00e8 stato sviluppato da Alessandro Ba\u00f9, Alessandro Beber ed Emanuele Confortin, che con una cordata di sei alpinisti ha ripetuto la via per realizzare le riprese.<\/p>\n<p data-start=\"815\" data-end=\"1033\">Oltre alle immagini attuali, il documentario raccoglie materiali d\u2019archivio, testimonianze e contributi di grandi protagonisti della Civetta, con il montaggio firmato da Confortin insieme a un team di professionisti.<\/p>\n<p>FOTO\u00a0 gognablog.sherpa-gate.com<\/p>\n<p>&nbsp;<\/p>\n<p>&nbsp;<\/p>\n<hr \/>\n<p>&nbsp;<\/p>\n<h3><strong>CONSIGLIO COMUNALE<\/strong><\/h3>\n<p><strong>SAN TOMASO<\/strong>\u00a0 Questa sera alle 20, all&#8217;ordine del giorno il bilancio di previsione finanziario 2025-2027, aggiornamento del Dup e del piano triennale degli investimenti<\/p>\n<p>&nbsp;<\/p>\n<p>&nbsp;<\/p>\n<hr \/>\n<p>&nbsp;<\/p>\n<blockquote><p>&nbsp;<\/p>\n<h1>BESTIAME IN SFILATA: TORNA LA DESMONTEGADA A SELVA DI CADORE<\/h1>\n<blockquote>\n<h1><a class=\"dt-pswp-item\" href=\"https:\/\/www.radiopiu.net\/wordpress\/wp-content\/uploads\/2025\/09\/Screenshot-2025-09-11-095713.png\" data-dt-img-description=\"\" data-large_image_width=\"680\" data-large_image_height=\"367\"><img loading=\"lazy\" decoding=\"async\" class=\"size-medium wp-image-469179 alignleft\" src=\"https:\/\/www.radiopiu.net\/wordpress\/wp-content\/uploads\/2025\/09\/Screenshot-2025-09-11-095713-300x162.png\" alt=\"\" width=\"300\" height=\"162\" srcset=\"https:\/\/www.radiopiu.net\/wordpress\/wp-content\/uploads\/2025\/09\/Screenshot-2025-09-11-095713-300x162.png 300w, https:\/\/www.radiopiu.net\/wordpress\/wp-content\/uploads\/2025\/09\/Screenshot-2025-09-11-095713.png 680w\" sizes=\"auto, (max-width: 300px) 100vw, 300px\" \/><\/a><\/h1>\n<\/blockquote>\n<p><strong data-start=\"131\" data-end=\"151\">SELVA DI CADORE.<\/strong> La Festa della Desmontegada a Santa Fosca (Selva di Cadore) torna per la tredicesima edizione sabato 13 e domenica 14 settembre, trasformando il paese in un grande palcoscenico all\u2019aperto. L\u2019evento propone stand gastronomici, mercatini, giochi, musica dal vivo e, domenica alle 11, la tradizionale sfilata del bestiame di ritorno dai pascoli. La SP251 sar\u00e0 chiusa dalle 10 alle 12 per permettere lo svolgimento della manifestazione, resa possibile grazie a sponsor, volontari e associazioni locali. Ai microfoni di Radio Pi\u00f9 ha parlato <strong data-start=\"540\" data-end=\"560\">Alice Dall\u2019Acqua<\/strong>, presidente della Pro Loco Val Fiorentina.<\/p>\n<p>&nbsp;<\/p>\n<p>&nbsp;<\/p>\n<p><strong>ALICE DALL&#8217;ACQUA, PRESIDENTE PROLOCO VAL FIORENTINA<\/strong><\/p>\n<audio class=\"wp-audio-shortcode\" id=\"audio-469174-16\" preload=\"none\" style=\"width: 100%;\" controls=\"controls\"><source type=\"audio\/mpeg\" src=\"https:\/\/www.radiopiu.net\/wordpress\/wp-content\/uploads\/2025\/09\/ALICE-DALLACQUA-SELVA-DI-CADORE-2025.mp3?_=16\" \/><a href=\"https:\/\/www.radiopiu.net\/wordpress\/wp-content\/uploads\/2025\/09\/ALICE-DALLACQUA-SELVA-DI-CADORE-2025.mp3\">https:\/\/www.radiopiu.net\/wordpress\/wp-content\/uploads\/2025\/09\/ALICE-DALLACQUA-SELVA-DI-CADORE-2025.mp3<\/a><\/audio>\n<p>&nbsp;<\/p>\n<p><a class=\"dt-pswp-item\" href=\"https:\/\/www.radiopiu.net\/wordpress\/wp-content\/uploads\/2025\/09\/Screenshot-2025-09-11-095721.png\" data-dt-img-description=\"\" data-large_image_width=\"531\" data-large_image_height=\"345\"><img loading=\"lazy\" decoding=\"async\" class=\"size-medium wp-image-469180 aligncenter\" src=\"https:\/\/www.radiopiu.net\/wordpress\/wp-content\/uploads\/2025\/09\/Screenshot-2025-09-11-095721-300x195.png\" alt=\"\" width=\"300\" height=\"195\" srcset=\"https:\/\/www.radiopiu.net\/wordpress\/wp-content\/uploads\/2025\/09\/Screenshot-2025-09-11-095721-300x195.png 300w, https:\/\/www.radiopiu.net\/wordpress\/wp-content\/uploads\/2025\/09\/Screenshot-2025-09-11-095721.png 531w\" sizes=\"auto, (max-width: 300px) 100vw, 300px\" \/><\/a><\/p><\/blockquote>\n<p>&nbsp;<\/p>\n<p>&nbsp;<\/p>\n<hr \/>\n<p>&nbsp;<\/p>\n<blockquote>\n<h2>L&#8217;IMPEGNO DEL COMITATO FESTEGGIAMENTI DELLA &#8220;SAGRA DEL CICLAMINO&#8221;<\/h2>\n<\/blockquote>\n<p><strong><a class=\"dt-pswp-item\" href=\"https:\/\/www.radiopiu.net\/wordpress\/wp-content\/uploads\/2025\/09\/Screenshot-2025-09-11-111146-e1757596071305.png\" data-dt-img-description=\"\" data-large_image_width=\"252\" data-large_image_height=\"294\"><img loading=\"lazy\" decoding=\"async\" class=\" wp-image-469197 alignleft\" src=\"https:\/\/www.radiopiu.net\/wordpress\/wp-content\/uploads\/2025\/09\/Screenshot-2025-09-11-111146-e1757596071305.png\" alt=\"\" width=\"121\" height=\"141\" \/><\/a>REDAZIONE<\/strong><br \/>\nAnche quest&#8217;anno Meano ha fatto il pieno mettendo nell&#8217;angolo anche il maltempo. Tre giorni di feste grazie all&#8217;impegno di un comitato di volontari guidato dalla Presidente Elena Vieceli, ospite a Radio Pi\u00f9<\/p>\n<p><strong>L&#8217;INTERVISTA<\/strong><\/p>\n<p><strong>di mirko mezzacasa<\/strong><\/p>\n<audio class=\"wp-audio-shortcode\" id=\"audio-469174-17\" preload=\"none\" style=\"width: 100%;\" controls=\"controls\"><source type=\"audio\/mpeg\" src=\"https:\/\/www.radiopiu.net\/wordpress\/wp-content\/uploads\/2025\/09\/ELENA-VIECELI-2025-MEANO.mp3?_=17\" \/><a href=\"https:\/\/www.radiopiu.net\/wordpress\/wp-content\/uploads\/2025\/09\/ELENA-VIECELI-2025-MEANO.mp3\">https:\/\/www.radiopiu.net\/wordpress\/wp-content\/uploads\/2025\/09\/ELENA-VIECELI-2025-MEANO.mp3<\/a><\/audio>\n<p>&nbsp;<\/p>\n\n\t\t\t<style type='text\/css'>\n\t\t\t\t#gallery-6 {\n\t\t\t\t\tmargin: auto;\n\t\t\t\t}\n\t\t\t\t#gallery-6 .gallery-item {\n\t\t\t\t\tfloat: left;\n\t\t\t\t\tmargin-top: 10px;\n\t\t\t\t\ttext-align: center;\n\t\t\t\t\twidth: 50%;\n\t\t\t\t}\n\t\t\t\t#gallery-6 img {\n\t\t\t\t\tborder: 2px solid #cfcfcf;\n\t\t\t\t}\n\t\t\t\t#gallery-6 .gallery-caption {\n\t\t\t\t\tmargin-left: 0;\n\t\t\t\t}\n\t\t\t\t\/* see gallery_shortcode() in wp-includes\/media.php *\/\n\t\t\t<\/style>\n\t\t<div id='gallery-6' class='dt-gallery-container gallery galleryid-469174 gallery-columns-2 gallery-size-thumbnail'><dl class='gallery-item'>\n\t\t\t\t<dt class='gallery-icon landscape'>\n\t\t\t\t\t<a class=\"rollover rollover-zoom dt-pswp-item\" title=\"539420343_1256507746520968_1083523172345564753_n\" data-dt-img-description=\"\" data-large_image_width=\"960\" data-large_image_height=\"540\"href='https:\/\/www.radiopiu.net\/wordpress\/wp-content\/uploads\/2025\/09\/539420343_1256507746520968_1083523172345564753_n.jpg'><img loading=\"lazy\" decoding=\"async\" width=\"150\" height=\"150\" src=\"https:\/\/www.radiopiu.net\/wordpress\/wp-content\/uploads\/2025\/09\/539420343_1256507746520968_1083523172345564753_n-150x150.jpg\" class=\"attachment-thumbnail size-thumbnail\" alt=\"\" \/><\/a>\n\t\t\t\t<\/dt><\/dl><dl class='gallery-item'>\n\t\t\t\t<dt class='gallery-icon landscape'>\n\t\t\t\t\t<a class=\"rollover rollover-zoom dt-pswp-item\" title=\"Screenshot 2025-09-11 111234\" data-dt-img-description=\"\" data-large_image_width=\"497\" data-large_image_height=\"331\"href='https:\/\/www.radiopiu.net\/wordpress\/wp-content\/uploads\/2025\/09\/Screenshot-2025-09-11-111234.png'><img loading=\"lazy\" decoding=\"async\" width=\"150\" height=\"150\" src=\"https:\/\/www.radiopiu.net\/wordpress\/wp-content\/uploads\/2025\/09\/Screenshot-2025-09-11-111234-150x150.png\" class=\"attachment-thumbnail size-thumbnail\" alt=\"\" \/><\/a>\n\t\t\t\t<\/dt><\/dl><br style=\"clear: both\" \/>\n\t\t\t<\/div>\n\n<p><a class=\"dt-pswp-item\" href=\"https:\/\/www.radiopiu.net\/wordpress\/wp-content\/uploads\/2025\/09\/Screenshot-2025-09-11-053052.png\" data-dt-img-description=\"\" data-large_image_width=\"402\" data-large_image_height=\"51\"><img loading=\"lazy\" decoding=\"async\" class=\"size-medium wp-image-469133 aligncenter\" src=\"https:\/\/www.radiopiu.net\/wordpress\/wp-content\/uploads\/2025\/09\/Screenshot-2025-09-11-053052-300x38.png\" alt=\"\" width=\"300\" height=\"38\" srcset=\"https:\/\/www.radiopiu.net\/wordpress\/wp-content\/uploads\/2025\/09\/Screenshot-2025-09-11-053052-300x38.png 300w, https:\/\/www.radiopiu.net\/wordpress\/wp-content\/uploads\/2025\/09\/Screenshot-2025-09-11-053052.png 402w\" sizes=\"auto, (max-width: 300px) 100vw, 300px\" \/><\/a><\/p>\n<hr \/>\n<p><a class=\"dt-pswp-item\" href=\"https:\/\/www.radiopiu.net\/wordpress\/wp-content\/uploads\/2025\/09\/Screenshot-2025-09-11-053052.png\" data-dt-img-description=\"\" data-large_image_width=\"402\" data-large_image_height=\"51\"><img loading=\"lazy\" decoding=\"async\" class=\"size-medium wp-image-469133 aligncenter\" src=\"https:\/\/www.radiopiu.net\/wordpress\/wp-content\/uploads\/2025\/09\/Screenshot-2025-09-11-053052-300x38.png\" alt=\"\" width=\"300\" height=\"38\" srcset=\"https:\/\/www.radiopiu.net\/wordpress\/wp-content\/uploads\/2025\/09\/Screenshot-2025-09-11-053052-300x38.png 300w, https:\/\/www.radiopiu.net\/wordpress\/wp-content\/uploads\/2025\/09\/Screenshot-2025-09-11-053052.png 402w\" sizes=\"auto, (max-width: 300px) 100vw, 300px\" \/><\/a><\/p>\n\n\t\t\t<style type='text\/css'>\n\t\t\t\t#gallery-7 {\n\t\t\t\t\tmargin: auto;\n\t\t\t\t}\n\t\t\t\t#gallery-7 .gallery-item {\n\t\t\t\t\tfloat: left;\n\t\t\t\t\tmargin-top: 10px;\n\t\t\t\t\ttext-align: center;\n\t\t\t\t\twidth: 50%;\n\t\t\t\t}\n\t\t\t\t#gallery-7 img {\n\t\t\t\t\tborder: 2px solid #cfcfcf;\n\t\t\t\t}\n\t\t\t\t#gallery-7 .gallery-caption {\n\t\t\t\t\tmargin-left: 0;\n\t\t\t\t}\n\t\t\t\t\/* see gallery_shortcode() in wp-includes\/media.php *\/\n\t\t\t<\/style>\n\t\t<div id='gallery-7' class='dt-gallery-container gallery galleryid-469174 gallery-columns-2 gallery-size-medium'><dl class='gallery-item'>\n\t\t\t\t<dt class='gallery-icon portrait'>\n\t\t\t\t\t<a class=\"rollover rollover-zoom dt-pswp-item\" title=\"38c6abd5-3afd-4637-a620-9f8926cef84d\" data-dt-img-description=\"\" data-large_image_width=\"1080\" data-large_image_height=\"1920\"href='https:\/\/www.radiopiu.net\/wordpress\/wp-content\/uploads\/2025\/09\/38c6abd5-3afd-4637-a620-9f8926cef84d.jpg'><img loading=\"lazy\" decoding=\"async\" width=\"169\" height=\"300\" src=\"https:\/\/www.radiopiu.net\/wordpress\/wp-content\/uploads\/2025\/09\/38c6abd5-3afd-4637-a620-9f8926cef84d-169x300.jpg\" class=\"attachment-medium size-medium\" alt=\"\" srcset=\"https:\/\/www.radiopiu.net\/wordpress\/wp-content\/uploads\/2025\/09\/38c6abd5-3afd-4637-a620-9f8926cef84d-169x300.jpg 169w, https:\/\/www.radiopiu.net\/wordpress\/wp-content\/uploads\/2025\/09\/38c6abd5-3afd-4637-a620-9f8926cef84d-576x1024.jpg 576w, https:\/\/www.radiopiu.net\/wordpress\/wp-content\/uploads\/2025\/09\/38c6abd5-3afd-4637-a620-9f8926cef84d-768x1365.jpg 768w, https:\/\/www.radiopiu.net\/wordpress\/wp-content\/uploads\/2025\/09\/38c6abd5-3afd-4637-a620-9f8926cef84d-864x1536.jpg 864w, https:\/\/www.radiopiu.net\/wordpress\/wp-content\/uploads\/2025\/09\/38c6abd5-3afd-4637-a620-9f8926cef84d.jpg 1080w\" sizes=\"auto, (max-width: 169px) 100vw, 169px\" \/><\/a>\n\t\t\t\t<\/dt><\/dl><dl class='gallery-item'>\n\t\t\t\t<dt class='gallery-icon portrait'>\n\t\t\t\t\t<a class=\"rollover rollover-zoom dt-pswp-item\" title=\"79edaaed-f2de-4904-9242-1427d45eb4fe\" data-dt-img-description=\"\" data-large_image_width=\"1080\" data-large_image_height=\"1920\"href='https:\/\/www.radiopiu.net\/wordpress\/wp-content\/uploads\/2025\/09\/79edaaed-f2de-4904-9242-1427d45eb4fe.jpg'><img loading=\"lazy\" decoding=\"async\" width=\"169\" height=\"300\" src=\"https:\/\/www.radiopiu.net\/wordpress\/wp-content\/uploads\/2025\/09\/79edaaed-f2de-4904-9242-1427d45eb4fe-169x300.jpg\" class=\"attachment-medium size-medium\" alt=\"\" srcset=\"https:\/\/www.radiopiu.net\/wordpress\/wp-content\/uploads\/2025\/09\/79edaaed-f2de-4904-9242-1427d45eb4fe-169x300.jpg 169w, https:\/\/www.radiopiu.net\/wordpress\/wp-content\/uploads\/2025\/09\/79edaaed-f2de-4904-9242-1427d45eb4fe-576x1024.jpg 576w, https:\/\/www.radiopiu.net\/wordpress\/wp-content\/uploads\/2025\/09\/79edaaed-f2de-4904-9242-1427d45eb4fe-768x1365.jpg 768w, https:\/\/www.radiopiu.net\/wordpress\/wp-content\/uploads\/2025\/09\/79edaaed-f2de-4904-9242-1427d45eb4fe-864x1536.jpg 864w, https:\/\/www.radiopiu.net\/wordpress\/wp-content\/uploads\/2025\/09\/79edaaed-f2de-4904-9242-1427d45eb4fe.jpg 1080w\" sizes=\"auto, (max-width: 169px) 100vw, 169px\" \/><\/a>\n\t\t\t\t<\/dt><\/dl><br style=\"clear: both\" \/>\n\t\t\t<\/div>\n\n<hr \/>\n<p>&nbsp;<\/p>\n<p>&nbsp;<\/p>\n<div class=\"page-title-head hgroup\">\n<h1 class=\"entry-title\">DILLO A RADIO PIU\u2019: RINGRAZIAMENTI AL REPARTO DI ORTOPEDIA DI FELTRE<\/h1>\n<\/div>\n<p><em>Flavia Nardelli di Venezia esprime la sua gratitudine al Reparto di Ortopedia dell\u2019Ospedale di Feltre per l\u2019assistenza ricevuta dopo un intervento alla spalla il 19 agosto 2025. Plaude al Primario Stefano Di Fabio e al team per professionalit\u00e0, umanit\u00e0 e attenzione, sottolineando l\u2019efficienza del reparto e l\u2019eccellenza della Sanit\u00e0 Veneta.<\/em><\/p>\n<p><strong>LA LETTERA<\/strong><\/p>\n<p><img loading=\"lazy\" decoding=\"async\" class=\"alignleft\" src=\"https:\/\/www.radiopiu.net\/wordpress\/wp-content\/uploads\/2023\/05\/ospedale-di-feltre.jpeg\" width=\"331\" height=\"236\" \/>Desidero esprimere pubblicamente la mia pi\u00f9 sincera gratitudine per l\u2019eccellente assistenza ricevuta presso il Reparto di Ortopedia dell\u2019Ospedale di Feltre, dove sono stata operata alla spalla in seguito a un incidente in data 19 agosto 2025. Un enorme plauso va al Primario del Reparto di Ortopedia, dott. Stefano Di Fabio, che desidero citare personalmente per la straordinaria professionalit\u00e0 e la grande umanit\u00e0 dimostrate. Grazie a lui e a tutto il suo team, l\u2019intervento e il percorso di cura sono stati gestiti con competenza, attenzione e rispetto per la persona. Vorrei ringraziare di cuore tutti i medici, le infermiere, gli infermieri e il personale del reparto, sempre gentili, disponibili, pronti ad ascoltare e a rassicurare, creando un clima di fiducia e serenit\u00e0, anche in un momento difficile come quello di un intervento chirurgico.<br \/>\nHo potuto effettuare in reparto anche le prime sedute di fisioterapia, seguite poi nella mia citt\u00e0, e posso dire che tutto \u00e8 stato organizzato e condotto con grande efficienza. Un reparto che funziona cos\u00ec bene \u00e8 motivo di orgoglio non solo per Feltre e per la provincia di Belluno, ma per tutta la Sanit\u00e0 Veneta, che con questo<br \/>\nesempio dimostra come la qualit\u00e0 delle cure, unita all\u2019attenzione alla persona, faccia davvero la differenza nella vita dei cittadini. Per questo desidero che questo mio pubblico ringraziamento arrivi non solo agli operatori che mi hanno seguita, ma anche alle Istituzioni: ai Direttori delle ULSS di Belluno e Feltre, alla Sanit\u00e0 Veneta e al<br \/>\nPresidente Luca Zaia, perch\u00e9 sappiano che quando le cose funzionano bene, i cittadini lo vedono, lo apprezzano e lo riconoscono.<br \/>\nCon riconoscenza e stima,<\/p>\n<p>Flavia Nardelli<br \/>\nVenezia.<\/p>\n<p>&nbsp;<\/p>\n<p>&nbsp;<\/p>\n<hr \/>\n<blockquote class=\"wp-embedded-content\" data-secret=\"kXzBBDGnxV\"><p><a href=\"https:\/\/www.radiopiu.net\/wordpress\/voci-di-montagna-radio-pio-alla-scoperta-dei-rifugi-delle-dolomiti\/\">VOCI DI MONTAGNA \u2013 RADIO PI\u00d9 E LEONARDO CHINELLATO ALLA SCOPERTA DEI RIFUGI DELLE DOLOMITI<\/a><\/p><\/blockquote>\n<p><iframe loading=\"lazy\" class=\"wp-embedded-content\" sandbox=\"allow-scripts\" security=\"restricted\" style=\"position: absolute; visibility: hidden;\" title=\"&#8220;VOCI DI MONTAGNA \u2013 RADIO PI\u00d9 E LEONARDO CHINELLATO ALLA SCOPERTA DEI RIFUGI DELLE DOLOMITI&#8221; &#8212; Radio Pi\u00f9\" src=\"https:\/\/www.radiopiu.net\/wordpress\/voci-di-montagna-radio-pio-alla-scoperta-dei-rifugi-delle-dolomiti\/embed\/#?secret=nRtAntpwJv#?secret=kXzBBDGnxV\" data-secret=\"kXzBBDGnxV\" width=\"600\" height=\"338\" frameborder=\"0\" marginwidth=\"0\" marginheight=\"0\" scrolling=\"no\"><\/iframe><\/p>\n<blockquote><p>TIME FOR ME&#8230; CON GIUSEPPE CRUPI<\/p><\/blockquote>\n<p>&nbsp;<\/p>\n<p class=\"photoswipe-wrapper\"><strong><a class=\"dt-pswp-item\" href=\"https:\/\/www.radiopiu.net\/wordpress\/wp-content\/uploads\/2025\/09\/831e01b0-9911-4605-a756-f845a3f8695d.jpg\" data-dt-img-description=\"\" data-large_image_width=\"1224\" data-large_image_height=\"910\"><img loading=\"lazy\" decoding=\"async\" class=\" wp-image-469315 alignleft\" src=\"https:\/\/www.radiopiu.net\/wordpress\/wp-content\/uploads\/2025\/09\/831e01b0-9911-4605-a756-f845a3f8695d-300x223.jpg\" alt=\"\" width=\"115\" height=\"86\" srcset=\"https:\/\/www.radiopiu.net\/wordpress\/wp-content\/uploads\/2025\/09\/831e01b0-9911-4605-a756-f845a3f8695d-300x223.jpg 300w, https:\/\/www.radiopiu.net\/wordpress\/wp-content\/uploads\/2025\/09\/831e01b0-9911-4605-a756-f845a3f8695d-1024x761.jpg 1024w, https:\/\/www.radiopiu.net\/wordpress\/wp-content\/uploads\/2025\/09\/831e01b0-9911-4605-a756-f845a3f8695d-768x571.jpg 768w, https:\/\/www.radiopiu.net\/wordpress\/wp-content\/uploads\/2025\/09\/831e01b0-9911-4605-a756-f845a3f8695d.jpg 1224w\" sizes=\"auto, (max-width: 115px) 100vw, 115px\" \/><\/a>PUNTATA 11 SETTEMBRE<\/strong><\/p>\n<p><strong>DI MARINA DONA\u2019<\/strong><\/p>\n<p><strong>OSPITE GIUSEPPE CRUPI<\/strong><\/p>\n<audio class=\"wp-audio-shortcode\" id=\"audio-469174-18\" preload=\"none\" style=\"width: 100%;\" controls=\"controls\"><source type=\"audio\/mpeg\" src=\"https:\/\/www.radiopiu.net\/wordpress\/wp-content\/uploads\/2025\/09\/TIME1-1.mp3?_=18\" \/><a href=\"https:\/\/www.radiopiu.net\/wordpress\/wp-content\/uploads\/2025\/09\/TIME1-1.mp3\">https:\/\/www.radiopiu.net\/wordpress\/wp-content\/uploads\/2025\/09\/TIME1-1.mp3<\/a><\/audio>\n<p>&nbsp;<\/p>\n<audio class=\"wp-audio-shortcode\" id=\"audio-469174-19\" preload=\"none\" style=\"width: 100%;\" controls=\"controls\"><source type=\"audio\/mpeg\" src=\"https:\/\/www.radiopiu.net\/wordpress\/wp-content\/uploads\/2025\/09\/TIME2-1.mp3?_=19\" \/><a href=\"https:\/\/www.radiopiu.net\/wordpress\/wp-content\/uploads\/2025\/09\/TIME2-1.mp3\">https:\/\/www.radiopiu.net\/wordpress\/wp-content\/uploads\/2025\/09\/TIME2-1.mp3<\/a><\/audio>\n<p>&nbsp;<\/p>\n<audio class=\"wp-audio-shortcode\" id=\"audio-469174-20\" preload=\"none\" style=\"width: 100%;\" controls=\"controls\"><source type=\"audio\/mpeg\" src=\"https:\/\/www.radiopiu.net\/wordpress\/wp-content\/uploads\/2025\/09\/TIME3-1.mp3?_=20\" \/><a href=\"https:\/\/www.radiopiu.net\/wordpress\/wp-content\/uploads\/2025\/09\/TIME3-1.mp3\">https:\/\/www.radiopiu.net\/wordpress\/wp-content\/uploads\/2025\/09\/TIME3-1.mp3<\/a><\/audio>\n<p>&nbsp;<\/p>\n<p>&nbsp;<\/p>\n<hr \/>\n<blockquote>\n<h3><\/h3>\n<h3><a class=\"dt-pswp-item\" href=\"https:\/\/www.radiopiu.net\/wordpress\/wp-content\/uploads\/2025\/08\/WhatsApp-Image-2025-08-21-at-16.48.41.jpeg\" data-dt-img-description=\"\" data-large_image_width=\"1107\" data-large_image_height=\"1600\"><img loading=\"lazy\" decoding=\"async\" class=\" wp-image-466935 alignleft\" src=\"https:\/\/www.radiopiu.net\/wordpress\/wp-content\/uploads\/2025\/08\/WhatsApp-Image-2025-08-21-at-16.48.41-208x300.jpeg\" alt=\"\" width=\"108\" height=\"156\" srcset=\"https:\/\/www.radiopiu.net\/wordpress\/wp-content\/uploads\/2025\/08\/WhatsApp-Image-2025-08-21-at-16.48.41-208x300.jpeg 208w, https:\/\/www.radiopiu.net\/wordpress\/wp-content\/uploads\/2025\/08\/WhatsApp-Image-2025-08-21-at-16.48.41-708x1024.jpeg 708w, https:\/\/www.radiopiu.net\/wordpress\/wp-content\/uploads\/2025\/08\/WhatsApp-Image-2025-08-21-at-16.48.41-768x1110.jpeg 768w, https:\/\/www.radiopiu.net\/wordpress\/wp-content\/uploads\/2025\/08\/WhatsApp-Image-2025-08-21-at-16.48.41-1063x1536.jpeg 1063w, https:\/\/www.radiopiu.net\/wordpress\/wp-content\/uploads\/2025\/08\/WhatsApp-Image-2025-08-21-at-16.48.41.jpeg 1107w\" sizes=\"auto, (max-width: 108px) 100vw, 108px\" \/><\/a><\/h3>\n<h3>DOMANI IN VALLE IMPERINA: SILICOSI, L\u2019OLOCAUSTO DIMENTICATO<\/h3>\n<\/blockquote>\n<p><strong>RIVAMONTE <\/strong>Domani\u00a0alle 17, al Centro Minerario di Valle Imperina a Rivamonte Agordino, sar\u00e0 presentato il volume <em data-start=\"218\" data-end=\"275\">Silicosi. L\u2019olocausto dimenticato della montagna veneta<\/em>, scritto dal giornalista e ricercatore Egidio Pasuch. L\u2019opera ricostruisce una tragedia che ha segnato intere comunit\u00e0 del Bellunese negli anni Sessanta e Settanta: la silicosi, \u00abla pi\u00f9 micidiale malattia professionale dell\u2019era moderna\u00bb, che caus\u00f2 migliaia di morti e trasform\u00f2 paesi in \u201cvillaggi di vedove\u201d. All\u2019incontro interverranno l\u2019autore, Antonio Di Franco (Fillea CGIL) e il pneumologo Gian Marcello D\u2019Ambros. Ingresso libero.<\/p>\n<p>&nbsp;<\/p>\n<p>&nbsp;<\/p>\n<p>&nbsp;<\/p>\n<hr \/>\n<p>&nbsp;<\/p>\n<blockquote>\n<h3><a class=\"dt-pswp-item\" href=\"https:\/\/www.radiopiu.net\/wordpress\/wp-content\/uploads\/2025\/09\/1e63c571-c4cc-49a9-9b4c-bfc340992c60.jpg\" data-dt-img-description=\"\" data-large_image_width=\"579\" data-large_image_height=\"595\"><img loading=\"lazy\" decoding=\"async\" class=\" wp-image-468238 alignleft\" src=\"https:\/\/www.radiopiu.net\/wordpress\/wp-content\/uploads\/2025\/09\/1e63c571-c4cc-49a9-9b4c-bfc340992c60-292x300.jpg\" alt=\"\" width=\"170\" height=\"175\" srcset=\"https:\/\/www.radiopiu.net\/wordpress\/wp-content\/uploads\/2025\/09\/1e63c571-c4cc-49a9-9b4c-bfc340992c60-292x300.jpg 292w, https:\/\/www.radiopiu.net\/wordpress\/wp-content\/uploads\/2025\/09\/1e63c571-c4cc-49a9-9b4c-bfc340992c60.jpg 579w\" sizes=\"auto, (max-width: 170px) 100vw, 170px\" \/><\/a>DOMENICA 14 SETTEMBRE: LA MANIFESTAZIONE ANTIFASCISTA A PIAN DEL CANSIGLIO<\/h3>\n<\/blockquote>\n<p><strong>TAMBRE<\/strong><\/p>\n<p>DI ROBERTO BONA<\/p>\n<audio class=\"wp-audio-shortcode\" id=\"audio-469174-21\" preload=\"none\" style=\"width: 100%;\" controls=\"controls\"><source type=\"audio\/mpeg\" src=\"https:\/\/www.radiopiu.net\/wordpress\/wp-content\/uploads\/2025\/09\/gr-06-tutti-in-pian-del-cansiglio-bona.mp3?_=21\" \/><a href=\"https:\/\/www.radiopiu.net\/wordpress\/wp-content\/uploads\/2025\/09\/gr-06-tutti-in-pian-del-cansiglio-bona.mp3\">https:\/\/www.radiopiu.net\/wordpress\/wp-content\/uploads\/2025\/09\/gr-06-tutti-in-pian-del-cansiglio-bona.mp3<\/a><\/audio>\n<p>&nbsp;<\/p>\n<hr \/>\n<blockquote>\n<p data-start=\"49\" data-end=\"123\"><strong data-start=\"49\" data-end=\"121\">\u00a0<\/strong><\/p>\n<p data-start=\"49\" data-end=\"123\"><strong data-start=\"49\" data-end=\"121\">CERIMONIA ANNUALE PER I CADUTI DELLA MONTAGNA E GLI ALPINI A BELLUNO<\/strong><\/p>\n<\/blockquote>\n<p>La Sezione di Belluno del Club Alpino Italiano informa che domani alle 11, al Rifugio 7\u00b0 Alpini al Pis Pilon, sotto le pareti della Schiara, si terr\u00e0 la Cerimonia annuale in memoria dei Caduti della Montagna e degli Alpini \u201candati avanti\u201d, con Santa Messa presso la Cappella della Regina Alpinorum.<\/p>\n<p>&nbsp;<\/p>\n<h3><\/h3>\n<hr \/>\n<blockquote>\n<h3><\/h3>\n<h3>MOSTRA FOTOGRAFICA DEDICATA A RUGGERO MONEGO \u201cTABOR\u201d<\/h3>\n<\/blockquote>\n<p><strong>SEDICO <\/strong>Venerd\u00ec 12 settembre 2025, alle ore 18:00, a Villa De Manzoni ai Patt di Sedico, si inaugura la mostra fotografica <em data-start=\"171\" data-end=\"223\">\u201cRuggero Monego: una vita coraggiosamente vissuta\u201d<\/em>, visitabile fino al 28 settembre.<\/p>\n<p>&nbsp;<\/p>\n<hr \/>\n<p>&nbsp;<\/p>\n<blockquote>\n<h2>SPECIALE SPI CGIL -NUOVA STAGIONE, PUNTATA 10 SETTEMBRE 2025<\/h2>\n<\/blockquote>\n<blockquote>\n<h3><a href=\"https:\/\/www.radiopiu.net\/wordpress\/giornale-radiopiu-06-febbraio-2019-direttore-mirko-mezzacasa\/logo_spi-cgil-800x445\/\" rel=\"attachment wp-att-75538\"><img loading=\"lazy\" decoding=\"async\" class=\"wp-image-75538 alignleft\" src=\"https:\/\/www.radiopiu.net\/wordpress\/wp-content\/uploads\/2019\/02\/Logo_Spi-CGIL-800x445-300x167.jpg\" alt=\"\" width=\"210\" height=\"117\" srcset=\"https:\/\/www.radiopiu.net\/wordpress\/wp-content\/uploads\/2019\/02\/Logo_Spi-CGIL-800x445-300x167.jpg 300w, https:\/\/www.radiopiu.net\/wordpress\/wp-content\/uploads\/2019\/02\/Logo_Spi-CGIL-800x445-768x427.jpg 768w, https:\/\/www.radiopiu.net\/wordpress\/wp-content\/uploads\/2019\/02\/Logo_Spi-CGIL-800x445.jpg 800w\" sizes=\"auto, (max-width: 210px) 100vw, 210px\" \/><\/a>ALLA RADIO, APPUNTAMENTO QUINDICINALE CON SPI-CGIL BELLUNO, IN STUDIO MARIA RITA GENTILIN<\/h3>\n<\/blockquote>\n<p><strong>di MIRKO MEZZACASA<\/strong><\/p>\n<p>&nbsp;<\/p>\n<p><span style=\"color: #ff0000;\"><strong>PUNTATA DEL\u00a0 11 SETTEMBRE 2025<\/strong><\/span><\/p>\n<audio class=\"wp-audio-shortcode\" id=\"audio-469174-22\" preload=\"none\" style=\"width: 100%;\" controls=\"controls\"><source type=\"audio\/mpeg\" src=\"https:\/\/www.radiopiu.net\/wordpress\/wp-content\/uploads\/2021\/03\/SPI-CGIL-BELLUNO-NUOVO-ANNO-2025-SETTEMBRE-1.mp3?_=22\" \/><a href=\"https:\/\/www.radiopiu.net\/wordpress\/wp-content\/uploads\/2021\/03\/SPI-CGIL-BELLUNO-NUOVO-ANNO-2025-SETTEMBRE-1.mp3\">https:\/\/www.radiopiu.net\/wordpress\/wp-content\/uploads\/2021\/03\/SPI-CGIL-BELLUNO-NUOVO-ANNO-2025-SETTEMBRE-1.mp3<\/a><\/audio>\n<p>&nbsp;<\/p>\n<p>&nbsp;<\/p>\n<p>&nbsp;<\/p>\n<hr \/>\n<p>&nbsp;<\/p>\n<h2><span style=\"color: #333399;\">I CORSI ITS ACADEMY<\/span><\/h2>\n<p><strong><a class=\"dt-pswp-item\" href=\"https:\/\/www.radiopiu.net\/wordpress\/wp-content\/uploads\/2025\/09\/Screenshot-2025-09-04-063518.png\" data-dt-img-description=\"\" data-large_image_width=\"246\" data-large_image_height=\"138\"><img loading=\"lazy\" decoding=\"async\" class=\"size-full wp-image-467986 alignleft\" src=\"https:\/\/www.radiopiu.net\/wordpress\/wp-content\/uploads\/2025\/09\/Screenshot-2025-09-04-063518.png\" alt=\"\" width=\"246\" height=\"138\" \/><\/a>DI MIRKO MEZZACASA<\/strong><\/p>\n<p>OSPITE: Enrica Scopel Direttrice ITS Academy<\/p>\n<audio class=\"wp-audio-shortcode\" id=\"audio-469174-23\" preload=\"none\" style=\"width: 100%;\" controls=\"controls\"><source type=\"audio\/mpeg\" src=\"https:\/\/www.radiopiu.net\/wordpress\/wp-content\/uploads\/2025\/09\/ENRICA-SCOPEL-DIRETTORE-ITS.mp3?_=23\" \/><a href=\"https:\/\/www.radiopiu.net\/wordpress\/wp-content\/uploads\/2025\/09\/ENRICA-SCOPEL-DIRETTORE-ITS.mp3\">https:\/\/www.radiopiu.net\/wordpress\/wp-content\/uploads\/2025\/09\/ENRICA-SCOPEL-DIRETTORE-ITS.mp3<\/a><\/audio>\n<p>&nbsp;<\/p>\n<p>&nbsp;<\/p>\n<p>&nbsp;<\/p>\n<hr \/>\n<p>&nbsp;<\/p>\n<blockquote>\n<h1>DDOMIA DOLOMITI, &#8220;ABBIAMO LA PERSONA GIUSTA PER TE&#8221;<\/h1>\n<\/blockquote>\n<p><strong><img loading=\"lazy\" decoding=\"async\" class=\"alignleft\" src=\"https:\/\/www.radiopiu.net\/wordpress\/wp-content\/uploads\/2025\/09\/0d425ac3-0ce4-48eb-b4b6-1f8f5a4f7ff4-e1757410516621.jpg\" width=\"243\" height=\"137\" \/>Con la Presidente di DDOMIA DOLOMITI\u00a0 Alice Mannai e con il vice presidente Manuel Rosso<\/strong><\/p>\n<p><strong>di mirko mezzacasa<\/strong><\/p>\n<p>&nbsp;<\/p>\n<p>&nbsp;<\/p>\n<p>&nbsp;<\/p>\n<p><strong>AUDIO<\/strong><\/p>\n<audio class=\"wp-audio-shortcode\" id=\"audio-469174-24\" preload=\"none\" style=\"width: 100%;\" controls=\"controls\"><source type=\"audio\/mpeg\" src=\"https:\/\/www.radiopiu.net\/wordpress\/wp-content\/uploads\/2025\/09\/MANUEL-ED-ALICE-BADANTI.mp3?_=24\" \/><a href=\"https:\/\/www.radiopiu.net\/wordpress\/wp-content\/uploads\/2025\/09\/MANUEL-ED-ALICE-BADANTI.mp3\">https:\/\/www.radiopiu.net\/wordpress\/wp-content\/uploads\/2025\/09\/MANUEL-ED-ALICE-BADANTI.mp3<\/a><\/audio>\n<p>&nbsp;<\/p>\n<p>&nbsp;<\/p>\n<hr \/>\n<blockquote class=\"wp-embedded-content\" data-secret=\"FiiZLP8PXd\"><p><a href=\"https:\/\/www.radiopiu.net\/wordpress\/curiosando-il-programma\/\">CURIOSANDO&#8230; IL PROGRAMMA DI PAOLA LANCIATO<\/a><\/p><\/blockquote>\n<p><iframe loading=\"lazy\" class=\"wp-embedded-content\" sandbox=\"allow-scripts\" security=\"restricted\" style=\"position: absolute; visibility: hidden;\" title=\"&#8220;CURIOSANDO&#8230; IL PROGRAMMA DI PAOLA LANCIATO&#8221; &#8212; Radio Pi\u00f9\" src=\"https:\/\/www.radiopiu.net\/wordpress\/curiosando-il-programma\/embed\/#?secret=lhjnclkZKh#?secret=FiiZLP8PXd\" data-secret=\"FiiZLP8PXd\" width=\"600\" height=\"338\" frameborder=\"0\" marginwidth=\"0\" marginheight=\"0\" scrolling=\"no\"><\/iframe><\/p>\n<hr \/>\n<h2><\/h2>\n<h2><span style=\"color: #ff0000;\">I CONSIGLI DI GIANLUCA&#8230;DA DOLOMITI BEER &amp; WINE SHOP<\/span><\/h2>\n<p><strong><a class=\"dt-pswp-item\" href=\"https:\/\/www.radiopiu.net\/wordpress\/wp-content\/uploads\/2021\/03\/vino-300x199-1.jpg\" data-dt-img-description=\"\" data-large_image_width=\"300\" data-large_image_height=\"199\"><img loading=\"lazy\" decoding=\"async\" class=\" wp-image-199994 alignleft\" src=\"https:\/\/www.radiopiu.net\/wordpress\/wp-content\/uploads\/2021\/03\/vino-300x199-1.jpg\" alt=\"\" width=\"163\" height=\"108\" \/><\/a><\/strong><\/p>\n<p>&nbsp;<\/p>\n<p>&nbsp;<\/p>\n<p><strong>REDAZIONE<\/strong> Con l&#8217;arrivo dell&#8217;estate arrivano anche i consigli di Gianluca dal Dolomiti Beer &amp; Wine Shop<\/p>\n<p>&nbsp;<\/p>\n<p><strong>11\u00a0 settembre 2025<\/strong><\/p>\n<audio class=\"wp-audio-shortcode\" id=\"audio-469174-25\" preload=\"none\" style=\"width: 100%;\" controls=\"controls\"><source type=\"audio\/mpeg\" src=\"https:\/\/www.radiopiu.net\/wordpress\/wp-content\/uploads\/2025\/09\/GWINE1A-7.mp3?_=25\" \/><a href=\"https:\/\/www.radiopiu.net\/wordpress\/wp-content\/uploads\/2025\/09\/GWINE1A-7.mp3\">https:\/\/www.radiopiu.net\/wordpress\/wp-content\/uploads\/2025\/09\/GWINE1A-7.mp3<\/a><\/audio>\n<h2><\/h2>\n<h2><strong>LA RACCOLTA COMPLETA <a href=\"https:\/\/www.radiopiu.net\/wordpress\/i-consigli-di-gianluca-aago19\/\"><span style=\"color: #3366ff;\">CLICCA QUI<\/span><\/a><\/strong><\/h2>\n<p>&nbsp;<\/p>\n<hr \/>\n<p>&nbsp;<\/p>\n<blockquote>\n<h1>SEI IN RADIO&#8230; SE di MARINA DONA&#8217;<\/h1>\n<\/blockquote>\n<p>&nbsp;<\/p>\n<p>&nbsp;<\/p>\n<p><strong>PUNTATA 25\u00a0 \u00a0 \u00a0 \u00a0 \u00a0 \u00a0 AUDIO<\/strong><br \/>\n<span style=\"color: #ff0000;\"><strong> \u00a0 \u00a0 \u00a0DA&#8230; DOLOMITI CHE PASSIONE<\/strong><\/span><\/p>\n<audio class=\"wp-audio-shortcode\" id=\"audio-469174-26\" preload=\"none\" style=\"width: 100%;\" controls=\"controls\"><source type=\"audio\/mpeg\" src=\"https:\/\/www.radiopiu.net\/wordpress\/wp-content\/uploads\/2025\/09\/SEISE.mp3?_=26\" \/><a href=\"https:\/\/www.radiopiu.net\/wordpress\/wp-content\/uploads\/2025\/09\/SEISE.mp3\">https:\/\/www.radiopiu.net\/wordpress\/wp-content\/uploads\/2025\/09\/SEISE.mp3<\/a><\/audio>\n<p>&nbsp;<\/p>\n<p><img loading=\"lazy\" decoding=\"async\" class=\"aligncenter\" src=\"https:\/\/www.radiopiu.net\/wordpress\/wp-content\/uploads\/2025\/09\/Screenshot-2025-09-12-073840.png\" width=\"320\" height=\"304\" \/><\/p>\n<p>&nbsp;<\/p>\n<h1>LA RACCOLTA COMPLETA<\/h1>\n<blockquote class=\"wp-embedded-content\" data-secret=\"dq3ecrnCV4\"><p><a href=\"https:\/\/www.radiopiu.net\/wordpress\/sei-in-radio-se-04-sett\/\">SEI IN RADIO&#8230; SE di MARINA DONA&#8217;<\/a><\/p><\/blockquote>\n<p><iframe loading=\"lazy\" class=\"wp-embedded-content\" sandbox=\"allow-scripts\" security=\"restricted\" style=\"position: absolute; visibility: hidden;\" title=\"&#8220;SEI IN RADIO&#8230; SE di MARINA DONA&#8217;&#8221; &#8212; Radio Pi\u00f9\" src=\"https:\/\/www.radiopiu.net\/wordpress\/sei-in-radio-se-04-sett\/embed\/#?secret=gYRMVFk4cO#?secret=dq3ecrnCV4\" data-secret=\"dq3ecrnCV4\" width=\"600\" height=\"338\" frameborder=\"0\" marginwidth=\"0\" marginheight=\"0\" scrolling=\"no\"><\/iframe><\/p>\n<p>&nbsp;<\/p>\n<hr \/>\n<p>&nbsp;<\/p>\n<p>&nbsp;<\/p>\n<h2><span style=\"color: #ff0000;\"><a class=\"dt-pswp-item\" href=\"https:\/\/www.radiopiu.net\/wordpress\/wp-content\/uploads\/2018\/09\/appuntamenti.jpeg\" data-dt-img-description=\"\" data-large_image_width=\"800\" data-large_image_height=\"100\"><img loading=\"lazy\" decoding=\"async\" class=\"wp-image-61958 size-full aligncenter\" src=\"https:\/\/www.radiopiu.net\/wordpress\/wp-content\/uploads\/2018\/09\/appuntamenti.jpeg\" alt=\"\" width=\"800\" height=\"100\" srcset=\"https:\/\/www.radiopiu.net\/wordpress\/wp-content\/uploads\/2018\/09\/appuntamenti.jpeg 800w, https:\/\/www.radiopiu.net\/wordpress\/wp-content\/uploads\/2018\/09\/appuntamenti-300x38.jpeg 300w, https:\/\/www.radiopiu.net\/wordpress\/wp-content\/uploads\/2018\/09\/appuntamenti-768x96.jpeg 768w\" sizes=\"auto, (max-width: 800px) 100vw, 800px\" \/><\/a><\/span><\/h2>\n\n\t\t\t<style type='text\/css'>\n\t\t\t\t#gallery-8 {\n\t\t\t\t\tmargin: auto;\n\t\t\t\t}\n\t\t\t\t#gallery-8 .gallery-item {\n\t\t\t\t\tfloat: left;\n\t\t\t\t\tmargin-top: 10px;\n\t\t\t\t\ttext-align: center;\n\t\t\t\t\twidth: 20%;\n\t\t\t\t}\n\t\t\t\t#gallery-8 img {\n\t\t\t\t\tborder: 2px solid #cfcfcf;\n\t\t\t\t}\n\t\t\t\t#gallery-8 .gallery-caption {\n\t\t\t\t\tmargin-left: 0;\n\t\t\t\t}\n\t\t\t\t\/* see gallery_shortcode() in wp-includes\/media.php *\/\n\t\t\t<\/style>\n\t\t<div id='gallery-8' class='dt-gallery-container gallery galleryid-469174 gallery-columns-5 gallery-size-thumbnail'><dl class='gallery-item'>\n\t\t\t\t<dt class='gallery-icon portrait'>\n\t\t\t\t\t<a class=\"rollover rollover-zoom dt-pswp-item\" title=\"mostra_RotaSperti\" data-dt-img-description=\"\" data-large_image_width=\"1414\" data-large_image_height=\"2000\"href='https:\/\/www.radiopiu.net\/wordpress\/wp-content\/uploads\/2025\/06\/mostra_RotaSperti.png'><img loading=\"lazy\" decoding=\"async\" width=\"150\" height=\"150\" src=\"https:\/\/www.radiopiu.net\/wordpress\/wp-content\/uploads\/2025\/06\/mostra_RotaSperti-150x150.png\" class=\"attachment-thumbnail size-thumbnail\" alt=\"\" \/><\/a>\n\t\t\t\t<\/dt><\/dl><dl class='gallery-item'>\n\t\t\t\t<dt class='gallery-icon landscape'>\n\t\t\t\t\t<a class=\"rollover rollover-zoom dt-pswp-item\" title=\"515444840_1149597150531066_7749231705219023918_n\" data-dt-img-description=\"\" data-large_image_width=\"1440\" data-large_image_height=\"1079\"href='https:\/\/www.radiopiu.net\/wordpress\/wp-content\/uploads\/2025\/07\/515444840_1149597150531066_7749231705219023918_n.jpg'><img loading=\"lazy\" decoding=\"async\" width=\"150\" height=\"150\" src=\"https:\/\/www.radiopiu.net\/wordpress\/wp-content\/uploads\/2025\/07\/515444840_1149597150531066_7749231705219023918_n-150x150.jpg\" class=\"attachment-thumbnail size-thumbnail\" alt=\"\" \/><\/a>\n\t\t\t\t<\/dt><\/dl><dl class='gallery-item'>\n\t\t\t\t<dt class='gallery-icon portrait'>\n\t\t\t\t\t<a class=\"rollover rollover-zoom dt-pswp-item\" title=\"Locandina Sagra di Fregona 2025\" data-dt-img-description=\"\" data-large_image_width=\"1125\" data-large_image_height=\"1608\"href='https:\/\/www.radiopiu.net\/wordpress\/wp-content\/uploads\/2025\/08\/Locandina-Sagra-di-Fregona-2025.jpeg'><img loading=\"lazy\" decoding=\"async\" width=\"150\" height=\"150\" src=\"https:\/\/www.radiopiu.net\/wordpress\/wp-content\/uploads\/2025\/08\/Locandina-Sagra-di-Fregona-2025-150x150.jpeg\" class=\"attachment-thumbnail size-thumbnail\" alt=\"\" \/><\/a>\n\t\t\t\t<\/dt><\/dl><dl class='gallery-item'>\n\t\t\t\t<dt class='gallery-icon portrait'>\n\t\t\t\t\t<a class=\"rollover rollover-zoom dt-pswp-item\" title=\"9c71ce0b-ff13-4ec8-b170-8fb0f4a358d6\" data-dt-img-description=\"\" data-large_image_width=\"731\" data-large_image_height=\"1600\"href='https:\/\/www.radiopiu.net\/wordpress\/wp-content\/uploads\/2025\/09\/9c71ce0b-ff13-4ec8-b170-8fb0f4a358d6.jpg'><img loading=\"lazy\" decoding=\"async\" width=\"150\" height=\"150\" src=\"https:\/\/www.radiopiu.net\/wordpress\/wp-content\/uploads\/2025\/09\/9c71ce0b-ff13-4ec8-b170-8fb0f4a358d6-150x150.jpg\" class=\"attachment-thumbnail size-thumbnail\" alt=\"\" \/><\/a>\n\t\t\t\t<\/dt><\/dl><dl class='gallery-item'>\n\t\t\t\t<dt class='gallery-icon portrait'>\n\t\t\t\t\t<a class=\"rollover rollover-zoom dt-pswp-item\" title=\"SPORT IN PIAZZA 2025\" data-dt-img-description=\"\" data-large_image_width=\"577\" data-large_image_height=\"729\"href='https:\/\/www.radiopiu.net\/wordpress\/wp-content\/uploads\/2025\/09\/SPORT-IN-PIAZZA-2025.jpg'><img loading=\"lazy\" decoding=\"async\" width=\"150\" height=\"150\" src=\"https:\/\/www.radiopiu.net\/wordpress\/wp-content\/uploads\/2025\/09\/SPORT-IN-PIAZZA-2025-150x150.jpg\" class=\"attachment-thumbnail size-thumbnail\" alt=\"\" \/><\/a>\n\t\t\t\t<\/dt><\/dl><br style=\"clear: both\" \/><dl class='gallery-item'>\n\t\t\t\t<dt class='gallery-icon portrait'>\n\t\t\t\t\t<a class=\"rollover rollover-zoom dt-pswp-item\" title=\"13set-A4 Conferenza Presentazione\" data-dt-img-description=\"\" data-large_image_width=\"1241\" data-large_image_height=\"1754\"href='https:\/\/www.radiopiu.net\/wordpress\/wp-content\/uploads\/2025\/09\/13set-A4-Conferenza-Presentazione.jpg'><img loading=\"lazy\" decoding=\"async\" width=\"150\" height=\"150\" src=\"https:\/\/www.radiopiu.net\/wordpress\/wp-content\/uploads\/2025\/09\/13set-A4-Conferenza-Presentazione-150x150.jpg\" class=\"attachment-thumbnail size-thumbnail\" alt=\"\" \/><\/a>\n\t\t\t\t<\/dt><\/dl><dl class='gallery-item'>\n\t\t\t\t<dt class='gallery-icon portrait'>\n\t\t\t\t\t<a class=\"rollover rollover-zoom dt-pswp-item\" title=\"8e489b8c-620a-4a56-b756-9fa90aa61577\" data-dt-img-description=\"\" data-large_image_width=\"899\" data-large_image_height=\"1599\"href='https:\/\/www.radiopiu.net\/wordpress\/wp-content\/uploads\/2025\/09\/8e489b8c-620a-4a56-b756-9fa90aa61577.jpg'><img loading=\"lazy\" decoding=\"async\" width=\"150\" height=\"150\" src=\"https:\/\/www.radiopiu.net\/wordpress\/wp-content\/uploads\/2025\/09\/8e489b8c-620a-4a56-b756-9fa90aa61577-150x150.jpg\" class=\"attachment-thumbnail size-thumbnail\" alt=\"\" \/><\/a>\n\t\t\t\t<\/dt><\/dl><dl class='gallery-item'>\n\t\t\t\t<dt class='gallery-icon portrait'>\n\t\t\t\t\t<a class=\"rollover rollover-zoom dt-pswp-item\" title=\"6ef6b8ca-bdf3-472d-a716-0c8c278a5f0f\" data-dt-img-description=\"\" data-large_image_width=\"828\" data-large_image_height=\"1059\"href='https:\/\/www.radiopiu.net\/wordpress\/wp-content\/uploads\/2025\/09\/6ef6b8ca-bdf3-472d-a716-0c8c278a5f0f.jpg'><img loading=\"lazy\" decoding=\"async\" width=\"150\" height=\"150\" src=\"https:\/\/www.radiopiu.net\/wordpress\/wp-content\/uploads\/2025\/09\/6ef6b8ca-bdf3-472d-a716-0c8c278a5f0f-150x150.jpg\" class=\"attachment-thumbnail size-thumbnail\" alt=\"\" \/><\/a>\n\t\t\t\t<\/dt><\/dl><dl class='gallery-item'>\n\t\t\t\t<dt class='gallery-icon portrait'>\n\t\t\t\t\t<a class=\"rollover rollover-zoom dt-pswp-item\" title=\"e1f44182-3b2b-4656-9ab3-55b78e3f276b\" data-dt-img-description=\"\" data-large_image_width=\"1131\" data-large_image_height=\"1600\"href='https:\/\/www.radiopiu.net\/wordpress\/wp-content\/uploads\/2025\/09\/e1f44182-3b2b-4656-9ab3-55b78e3f276b.jpg'><img loading=\"lazy\" decoding=\"async\" width=\"150\" height=\"150\" src=\"https:\/\/www.radiopiu.net\/wordpress\/wp-content\/uploads\/2025\/09\/e1f44182-3b2b-4656-9ab3-55b78e3f276b-150x150.jpg\" class=\"attachment-thumbnail size-thumbnail\" alt=\"\" \/><\/a>\n\t\t\t\t<\/dt><\/dl><dl class='gallery-item'>\n\t\t\t\t<dt class='gallery-icon landscape'>\n\t\t\t\t\t<a class=\"rollover rollover-zoom dt-pswp-item\" title=\"dba9b07b-c0d4-4eff-a12d-00d81642bfba\" data-dt-img-description=\"\" data-large_image_width=\"1600\" data-large_image_height=\"1600\"href='https:\/\/www.radiopiu.net\/wordpress\/wp-content\/uploads\/2025\/09\/dba9b07b-c0d4-4eff-a12d-00d81642bfba.jpg'><img loading=\"lazy\" decoding=\"async\" width=\"150\" height=\"150\" src=\"https:\/\/www.radiopiu.net\/wordpress\/wp-content\/uploads\/2025\/09\/dba9b07b-c0d4-4eff-a12d-00d81642bfba-150x150.jpg\" class=\"attachment-thumbnail size-thumbnail\" alt=\"\" srcset=\"https:\/\/www.radiopiu.net\/wordpress\/wp-content\/uploads\/2025\/09\/dba9b07b-c0d4-4eff-a12d-00d81642bfba-150x150.jpg 150w, https:\/\/www.radiopiu.net\/wordpress\/wp-content\/uploads\/2025\/09\/dba9b07b-c0d4-4eff-a12d-00d81642bfba-300x300.jpg 300w, https:\/\/www.radiopiu.net\/wordpress\/wp-content\/uploads\/2025\/09\/dba9b07b-c0d4-4eff-a12d-00d81642bfba-1024x1024.jpg 1024w, https:\/\/www.radiopiu.net\/wordpress\/wp-content\/uploads\/2025\/09\/dba9b07b-c0d4-4eff-a12d-00d81642bfba-768x768.jpg 768w, https:\/\/www.radiopiu.net\/wordpress\/wp-content\/uploads\/2025\/09\/dba9b07b-c0d4-4eff-a12d-00d81642bfba-1536x1536.jpg 1536w, https:\/\/www.radiopiu.net\/wordpress\/wp-content\/uploads\/2025\/09\/dba9b07b-c0d4-4eff-a12d-00d81642bfba.jpg 1600w\" sizes=\"auto, (max-width: 150px) 100vw, 150px\" \/><\/a>\n\t\t\t\t<\/dt><\/dl><br style=\"clear: both\" \/><dl class='gallery-item'>\n\t\t\t\t<dt class='gallery-icon portrait'>\n\t\t\t\t\t<a class=\"rollover rollover-zoom dt-pswp-item\" title=\"b13636c4-92d6-4f21-bbd1-2bf5066bd155\" data-dt-img-description=\"\" data-large_image_width=\"899\" data-large_image_height=\"1599\"href='https:\/\/www.radiopiu.net\/wordpress\/wp-content\/uploads\/2025\/09\/b13636c4-92d6-4f21-bbd1-2bf5066bd155.jpg'><img loading=\"lazy\" decoding=\"async\" width=\"150\" height=\"150\" src=\"https:\/\/www.radiopiu.net\/wordpress\/wp-content\/uploads\/2025\/09\/b13636c4-92d6-4f21-bbd1-2bf5066bd155-150x150.jpg\" class=\"attachment-thumbnail size-thumbnail\" alt=\"\" \/><\/a>\n\t\t\t\t<\/dt><\/dl>\n\t\t\t\t<br style='clear: both' \/>\n\t\t\t<\/div>\n\n<h2><\/h2>\n<p>&nbsp;<\/p>\n<h2><a class=\"dt-pswp-item\" href=\"https:\/\/www.radiopiu.net\/wordpress\/wp-content\/uploads\/2025\/09\/Screenshot-2025-09-09-135233.png\" data-dt-img-description=\"\" data-large_image_width=\"448\" data-large_image_height=\"245\"><img loading=\"lazy\" decoding=\"async\" class=\"size-medium wp-image-468899 alignleft\" src=\"https:\/\/www.radiopiu.net\/wordpress\/wp-content\/uploads\/2025\/09\/Screenshot-2025-09-09-135233-300x164.png\" alt=\"\" width=\"300\" height=\"164\" srcset=\"https:\/\/www.radiopiu.net\/wordpress\/wp-content\/uploads\/2025\/09\/Screenshot-2025-09-09-135233-300x164.png 300w, https:\/\/www.radiopiu.net\/wordpress\/wp-content\/uploads\/2025\/09\/Screenshot-2025-09-09-135233.png 448w\" sizes=\"auto, (max-width: 300px) 100vw, 300px\" \/><\/a>OKTOBERFEST OHPERBACCO: SABATO 13 SETTEMBRE MUSICA, BIRRA E SAPORI BAVARESI<\/h2>\n<p data-start=\"164\" data-end=\"442\"><strong>CENCENIGHE<\/strong> Atmosfera bavarese e divertimento assicurato: sabato 13 settembre torna l\u2019attesa <strong data-start=\"258\" data-end=\"290\">Festa Oktoberfest Ohperbacco<\/strong>. A partire dalle ore 17 il locale si trasformer\u00e0 in un vero e proprio villaggio a tema, con allestimenti, piatti tipici e naturalmente birra a fiumi. Il programma prevede <strong data-start=\"465\" data-end=\"484\">musica dal vivo<\/strong> con i <em data-start=\"491\" data-end=\"508\">Folkloristici 4<\/em>, gruppo che porter\u00e0 sul palco le sonorit\u00e0 tradizionali, e a seguire il ritmo dei <strong data-start=\"590\" data-end=\"600\">dj set<\/strong>, per far ballare e festeggiare fino a notte fonda. Accanto alla musica non mancheranno i <strong data-start=\"693\" data-end=\"724\">sapori tipici della Baviera<\/strong>, dai pretzel alla birra artigianale, per un\u2019esperienza che mescola gusto e convivialit\u00e0. Un appuntamento che unisce la passione per la musica, l\u2019allegria della festa e l\u2019atmosfera unica dell\u2019Oktoberfest, tutto senza muoversi dal cuore delle Dolomiti.<\/p>\n<hr \/>\n<p><strong>ANTICIPAZIONE&#8230; SAVE THE DATE 4.10.25<\/strong><\/p>\n<p data-start=\"164\" data-end=\"442\"><a class=\"dt-pswp-item\" href=\"https:\/\/www.radiopiu.net\/wordpress\/wp-content\/uploads\/2025\/09\/b13636c4-92d6-4f21-bbd1-2bf5066bd155.jpg\" data-dt-img-description=\"\" data-large_image_width=\"899\" data-large_image_height=\"1599\"><img loading=\"lazy\" decoding=\"async\" class=\"alignnone size-medium wp-image-468897\" src=\"https:\/\/www.radiopiu.net\/wordpress\/wp-content\/uploads\/2025\/09\/b13636c4-92d6-4f21-bbd1-2bf5066bd155-169x300.jpg\" alt=\"\" width=\"169\" height=\"300\" srcset=\"https:\/\/www.radiopiu.net\/wordpress\/wp-content\/uploads\/2025\/09\/b13636c4-92d6-4f21-bbd1-2bf5066bd155-169x300.jpg 169w, https:\/\/www.radiopiu.net\/wordpress\/wp-content\/uploads\/2025\/09\/b13636c4-92d6-4f21-bbd1-2bf5066bd155-576x1024.jpg 576w, https:\/\/www.radiopiu.net\/wordpress\/wp-content\/uploads\/2025\/09\/b13636c4-92d6-4f21-bbd1-2bf5066bd155-768x1366.jpg 768w, https:\/\/www.radiopiu.net\/wordpress\/wp-content\/uploads\/2025\/09\/b13636c4-92d6-4f21-bbd1-2bf5066bd155-864x1536.jpg 864w, https:\/\/www.radiopiu.net\/wordpress\/wp-content\/uploads\/2025\/09\/b13636c4-92d6-4f21-bbd1-2bf5066bd155.jpg 899w\" sizes=\"auto, (max-width: 169px) 100vw, 169px\" \/><\/a><\/p>\n<p>&nbsp;<\/p>\n<p>&nbsp;<\/p>\n<div>\n<div class=\"\" dir=\"auto\">\n<div id=\":r9h:\" class=\"x1iorvi4 x1pi30zi x1l90r2v x1swvt13\" data-ad-comet-preview=\"message\" data-ad-preview=\"message\">\n<div class=\"\" dir=\"auto\">\n<div id=\":r9h:\" class=\"x1iorvi4 x1pi30zi x1l90r2v x1swvt13\" data-ad-comet-preview=\"message\" data-ad-preview=\"message\">\n<div class=\"\" dir=\"auto\">\n<div id=\":r9h:\" class=\"x1iorvi4 x1pi30zi x1l90r2v x1swvt13\" data-ad-comet-preview=\"message\" data-ad-preview=\"message\">\n<div class=\"\" dir=\"auto\">\n<div id=\":r9h:\" class=\"x1iorvi4 x1pi30zi x1l90r2v x1swvt13\" data-ad-comet-preview=\"message\" data-ad-preview=\"message\">\n<div>\n<div class=\"\" dir=\"auto\">\n<div id=\":r9h:\" class=\"x1iorvi4 x1pi30zi x1l90r2v x1swvt13\" data-ad-comet-preview=\"message\" data-ad-preview=\"message\">\n<div>\n<div class=\"\" dir=\"auto\">\n<div id=\":r9h:\" class=\"x1iorvi4 x1pi30zi x1l90r2v x1swvt13\" data-ad-comet-preview=\"message\" data-ad-preview=\"message\">\n<div>\n<div class=\"\" dir=\"auto\">\n<div id=\":r9h:\" class=\"x1iorvi4 x1pi30zi x1l90r2v x1swvt13\" data-ad-comet-preview=\"message\" data-ad-preview=\"message\">\n<div>\n<div class=\"\" dir=\"auto\">\n<div id=\":r9h:\" class=\"x1iorvi4 x1pi30zi x1l90r2v x1swvt13\" data-ad-comet-preview=\"message\" data-ad-preview=\"message\">\n<hr \/>\n<p>&nbsp;<\/p>\n<\/div>\n<\/div>\n<\/div>\n<\/div>\n<\/div>\n<\/div>\n<\/div>\n<\/div>\n<\/div>\n<\/div>\n<\/div>\n<\/div>\n<\/div>\n<\/div>\n<\/div>\n<\/div>\n<\/div>\n<\/div>\n<\/div>\n<\/div>\n<\/div>\n<p class=\"mceTemp\"><a class=\"dt-pswp-item\" href=\"https:\/\/www.radiopiu.net\/wordpress\/wp-content\/uploads\/2018\/09\/WhatsApp-Image-2018-09-20-at-16.04.06.jpeg\" data-dt-img-description=\"\" data-large_image_width=\"800\" data-large_image_height=\"100\"><img loading=\"lazy\" decoding=\"async\" class=\"wp-image-61378 size-full aligncenter\" src=\"https:\/\/www.radiopiu.net\/wordpress\/wp-content\/uploads\/2018\/09\/WhatsApp-Image-2018-09-20-at-16.04.06.jpeg\" alt=\"\" width=\"800\" height=\"100\" srcset=\"https:\/\/www.radiopiu.net\/wordpress\/wp-content\/uploads\/2018\/09\/WhatsApp-Image-2018-09-20-at-16.04.06.jpeg 800w, https:\/\/www.radiopiu.net\/wordpress\/wp-content\/uploads\/2018\/09\/WhatsApp-Image-2018-09-20-at-16.04.06-300x38.jpeg 300w, https:\/\/www.radiopiu.net\/wordpress\/wp-content\/uploads\/2018\/09\/WhatsApp-Image-2018-09-20-at-16.04.06-768x96.jpeg 768w\" sizes=\"auto, (max-width: 800px) 100vw, 800px\" \/><\/a><\/p>\n<p>&nbsp;<\/p>\n<p><center><b>OGGI<\/b><\/center><b>\u00a0<\/b>Cielo in prevalenza nuvoloso, fino al mattino per nubi medio-basse specie sulle Prealpi seguite da alcune schiarite, poi per nubi sparse anche di tipo cumuliforme. <b>Precipitazioni: <\/b>Probabili nella prima parte della giornata piovaschi sparsi, in seguito fenomeni sparsi di modesta entit\u00e0 salvo locali rovesci. <b>Temperature: <\/b>Minime in aumento salvo stazionariet\u00e0 ad alta quota, massime un po&#8217; in calo<\/p>\n<p>&nbsp;<\/p>\n<hr \/>\n<p><center><b>DOMANI<\/b><\/center>Cielo fino alle ore centrali nuvoloso con qualche schiarita, poi molto nuvoloso o coperto. <b>Precipitazioni: <\/b>Fenomeni sparsi e intermittenti, in prevalenza modesti ma con possibili locali rovesci, probabilmente pi\u00f9 diffusi nelle ultime ore sulle Prealpi. <b>Temperature: <\/b>Contenute variazioni di carattere locale.<\/p>\n<p>&nbsp;<\/p>\n<hr \/>\n<p><center><b>Domenica 14<\/b><\/center>Variabilit\u00e0 residua, con nubi pi\u00f9 estese nelle primissime ore, per il resto alternate a spazi di sereno; probabili alcune precipitazioni, nelle prime ore sparse con qualche rovescio, poi pi\u00f9 modeste e locali; temperature minime in moderata diminuzione, massime in contenuto aumento salvo locali lievi controtendenze.<\/p>\n<hr \/>\n<p><center><b>Lunedi 15<\/b><\/center>Cielo da poco a parzialmente nuvoloso, con qualche nube bassa nelle prime ore sulle Prealpi e un po&#8217; di attivit\u00e0 cumuliforme da met\u00e0 giornata, ma anche significativi spazi di sereno; precipitazioni generalmente assenti, salvo occasionali piovaschi; per le temperature minime, attese contenute diminuzioni nelle valli e valori stazionari o modesti aumenti in quota; temperature massime in aumento.<\/p>\n<p>&nbsp;<\/p>\n<hr \/>\n<p>&nbsp;<\/p>\n<p class=\"mceTemp\"><a class=\"dt-pswp-item\" href=\"https:\/\/www.radiopiu.net\/wordpress\/wp-content\/uploads\/2018\/09\/sport.jpg\" data-dt-img-description=\"\" data-large_image_width=\"800\" data-large_image_height=\"100\"><img loading=\"lazy\" decoding=\"async\" class=\"aligncenter wp-image-60761 size-full\" src=\"https:\/\/www.radiopiu.net\/wordpress\/wp-content\/uploads\/2018\/09\/sport.jpg\" alt=\"\" width=\"800\" height=\"100\" srcset=\"https:\/\/www.radiopiu.net\/wordpress\/wp-content\/uploads\/2018\/09\/sport.jpg 800w, https:\/\/www.radiopiu.net\/wordpress\/wp-content\/uploads\/2018\/09\/sport-300x38.jpg 300w, https:\/\/www.radiopiu.net\/wordpress\/wp-content\/uploads\/2018\/09\/sport-768x96.jpg 768w\" sizes=\"auto, (max-width: 800px) 100vw, 800px\" \/> <\/a><\/p>\n<p>&nbsp;<\/p>\n<blockquote>\n<h2><\/h2>\n<h2><strong><a class=\"dt-pswp-item\" href=\"https:\/\/www.radiopiu.net\/wordpress\/wp-content\/uploads\/2025\/09\/festa-sci-veneto-2023_alleghe_credito-Daniele-Dalvit-scaled.jpg\" data-dt-img-description=\"\" data-large_image_width=\"2560\" data-large_image_height=\"1706\"><img loading=\"lazy\" decoding=\"async\" class=\" wp-image-469242 alignleft\" src=\"https:\/\/www.radiopiu.net\/wordpress\/wp-content\/uploads\/2025\/09\/festa-sci-veneto-2023_alleghe_credito-Daniele-Dalvit-300x200.jpg\" alt=\"\" width=\"219\" height=\"146\" srcset=\"https:\/\/www.radiopiu.net\/wordpress\/wp-content\/uploads\/2025\/09\/festa-sci-veneto-2023_alleghe_credito-Daniele-Dalvit-300x200.jpg 300w, https:\/\/www.radiopiu.net\/wordpress\/wp-content\/uploads\/2025\/09\/festa-sci-veneto-2023_alleghe_credito-Daniele-Dalvit-1024x682.jpg 1024w, https:\/\/www.radiopiu.net\/wordpress\/wp-content\/uploads\/2025\/09\/festa-sci-veneto-2023_alleghe_credito-Daniele-Dalvit-768x512.jpg 768w, https:\/\/www.radiopiu.net\/wordpress\/wp-content\/uploads\/2025\/09\/festa-sci-veneto-2023_alleghe_credito-Daniele-Dalvit-1536x1023.jpg 1536w, https:\/\/www.radiopiu.net\/wordpress\/wp-content\/uploads\/2025\/09\/festa-sci-veneto-2023_alleghe_credito-Daniele-Dalvit-2048x1365.jpg 2048w\" sizes=\"auto, (max-width: 219px) 100vw, 219px\" \/><\/a>DOMANI AD ALLEGHE LA TERZA FESTA DELLO SCI VENETO<\/strong><\/h2>\n<\/blockquote>\n<p>Sar\u00e0 Alleghe a ospitare la terza edizione della Festa dello Sci veneto. L\u2019appuntamento \u00e8 per domani ai Piani di Pezz\u00e8. L\u2019inizio \u00e8 previsto per le 10.30. Il programma prevede la presentazione delle squadre regionali delle diverse discipline per la stagione 2025-2026 e la premiazione dei circuiti istituzionali 2024-2025. Verranno inoltre premiati gli atleti meritevoli in ambito sportivo e scolastico. In pi\u00f9 ci sar\u00e0 l\u2019assegnazione di alcuni premi speciali come il terzo memorial Giovanni Viel. Interverr\u00e0, tra gli altri, la pluricampionessa olimpica, oggi dirigente sportiva e membro onorario del comitato olimpico internazionale Manuela Di Centa.<\/p>\n<p>&nbsp;<\/p>\n<p>&nbsp;<\/p>\n<blockquote>\n<h1>DOMENICA AI PIANI DI PEZZE&#8217; LA &#8220;SEDICI COMUNI DELL&#8217;AGORDINO&#8221;<\/h1>\n<\/blockquote>\n<p>Domenica il gran giorno! Dopo 16 anni il Trofeo dei 16 Comuni torna ad Alleghe, ai Piani di Pezz\u00e8. Tutto \u00e8 pronto per una grande festa, ne abbiamo parlato con: Danilo De Toni sindaco di Alleghe,\u00a0 Morena Stefanon consigliere comunale, Omar Pini\u00e8 Presidente Proloco Alleghe e Ivano &#8220;Doric&#8221; Da Tos<\/p>\n<audio class=\"wp-audio-shortcode\" id=\"audio-469174-27\" preload=\"none\" style=\"width: 100%;\" controls=\"controls\"><source type=\"audio\/mpeg\" src=\"https:\/\/www.radiopiu.net\/wordpress\/wp-content\/uploads\/2025\/09\/SEDICI-COMUNI-2025-DANILO-DE-TONI.mp3?_=27\" \/><a href=\"https:\/\/www.radiopiu.net\/wordpress\/wp-content\/uploads\/2025\/09\/SEDICI-COMUNI-2025-DANILO-DE-TONI.mp3\">https:\/\/www.radiopiu.net\/wordpress\/wp-content\/uploads\/2025\/09\/SEDICI-COMUNI-2025-DANILO-DE-TONI.mp3<\/a><\/audio>\n<p>&nbsp;<\/p>\n<p><img decoding=\"async\" class=\"aligncenter\" src=\"https:\/\/www.radiopiu.net\/wordpress\/wp-content\/uploads\/2025\/09\/6ef6b8ca-bdf3-472d-a716-0c8c278a5f0f-235x300-1.jpg\" \/><\/p>\n","protected":false},"excerpt":{"rendered":"<p>*** &nbsp; LA\u00a0 APP PER IOS-IPHONE di Nicola Vettorello https:\/\/apps.apple.com\/it\/app\/radio-pi%C3%B9-emittente-agordina\/id1515939845 LA\u00a0 APP RADIO\u00a0 PER ANDROID di Nicola Vettorello https:\/\/play.google.com\/store\/apps\/details?id=net.radiopiu.iniko\u00a0\u00a0\u00a0\u00a0\u00a0 &nbsp; \u00a0\u00a0 OGGI SU RADIOPI\u00d9: MUSICA, informazione\u00a0 e dirette\u00a0 ALLE 8.05 LA RASSEGNA STAMPA LOCALE 8.25 piu siamo con marina dona&#8217; 900 PREMIERE LE NOVITA&#8217; MUSICALI ALLA RADIO DI MARCO GAZ 9.40\u00a0 SAGRA DEL CICLAMINO, DA&hellip;<\/p>\n","protected":false},"author":4,"featured_media":469242,"comment_status":"closed","ping_status":"closed","sticky":false,"template":"","format":"standard","meta":{"_monsterinsights_skip_tracking":false,"_monsterinsights_sitenote_active":false,"_monsterinsights_sitenote_note":"","_monsterinsights_sitenote_category":0,"footnotes":""},"categories":[51,86,49],"tags":[],"class_list":["post-469174","post","type-post","status-publish","format-standard","has-post-thumbnail","hentry","category-evidenza-top","category-gr","category-news-18","category-51","category-86","category-49","description-off"],"img_url":"https:\/\/www.radiopiu.net\/wordpress\/wp-content\/uploads\/2025\/09\/festa-sci-veneto-2023_alleghe_credito-Daniele-Dalvit-scaled.jpg","_links":{"self":[{"href":"https:\/\/www.radiopiu.net\/wordpress\/wp-json\/wp\/v2\/posts\/469174","targetHints":{"allow":["GET"]}}],"collection":[{"href":"https:\/\/www.radiopiu.net\/wordpress\/wp-json\/wp\/v2\/posts"}],"about":[{"href":"https:\/\/www.radiopiu.net\/wordpress\/wp-json\/wp\/v2\/types\/post"}],"author":[{"embeddable":true,"href":"https:\/\/www.radiopiu.net\/wordpress\/wp-json\/wp\/v2\/users\/4"}],"replies":[{"embeddable":true,"href":"https:\/\/www.radiopiu.net\/wordpress\/wp-json\/wp\/v2\/comments?post=469174"}],"version-history":[{"count":23,"href":"https:\/\/www.radiopiu.net\/wordpress\/wp-json\/wp\/v2\/posts\/469174\/revisions"}],"predecessor-version":[{"id":469317,"href":"https:\/\/www.radiopiu.net\/wordpress\/wp-json\/wp\/v2\/posts\/469174\/revisions\/469317"}],"wp:featuredmedia":[{"embeddable":true,"href":"https:\/\/www.radiopiu.net\/wordpress\/wp-json\/wp\/v2\/media\/469242"}],"wp:attachment":[{"href":"https:\/\/www.radiopiu.net\/wordpress\/wp-json\/wp\/v2\/media?parent=469174"}],"wp:term":[{"taxonomy":"category","embeddable":true,"href":"https:\/\/www.radiopiu.net\/wordpress\/wp-json\/wp\/v2\/categories?post=469174"},{"taxonomy":"post_tag","embeddable":true,"href":"https:\/\/www.radiopiu.net\/wordpress\/wp-json\/wp\/v2\/tags?post=469174"}],"curies":[{"name":"wp","href":"https:\/\/api.w.org\/{rel}","templated":true}]}}