{"id":469208,"date":"2025-09-11T14:22:45","date_gmt":"2025-09-11T12:22:45","guid":{"rendered":"https:\/\/www.radiopiu.net\/wordpress\/?p=469208"},"modified":"2025-09-11T14:22:45","modified_gmt":"2025-09-11T12:22:45","slug":"dillo-a-radio-piu-ringraziamenti-al-reparto-di-ortopedia-di-feltre","status":"publish","type":"post","link":"https:\/\/www.radiopiu.net\/wordpress\/dillo-a-radio-piu-ringraziamenti-al-reparto-di-ortopedia-di-feltre\/","title":{"rendered":"DILLO A RADIO PIU&#8217;:  RINGRAZIAMENTI AL REPARTO DI ORTOPEDIA DI FELTRE"},"content":{"rendered":"<p>**<\/p>\n<p><em>Flavia Nardelli di Venezia esprime la sua gratitudine al Reparto di Ortopedia dell\u2019Ospedale di Feltre per l\u2019assistenza ricevuta dopo un intervento alla spalla il 19 agosto 2025. Plaude al Primario Stefano Di Fabio e al team per professionalit\u00e0, umanit\u00e0 e attenzione, sottolineando l\u2019efficienza del reparto e l\u2019eccellenza della Sanit\u00e0 Veneta.<\/em><\/p>\n<p><strong>LA LETTERA<\/strong><\/p>\n<p><img loading=\"lazy\" decoding=\"async\" class=\"alignleft\" src=\"https:\/\/www.radiopiu.net\/wordpress\/wp-content\/uploads\/2023\/05\/ospedale-di-feltre.jpeg\" width=\"331\" height=\"236\" \/>Desidero esprimere pubblicamente la mia pi\u00f9 sincera gratitudine per l\u2019eccellente assistenza ricevuta presso il Reparto di Ortopedia dell\u2019Ospedale di Feltre, dove sono stata operata alla spalla in seguito a un incidente in data 19 agosto 2025. Un enorme plauso va al Primario del Reparto di Ortopedia, dott. Stefano Di Fabio, che desidero citare personalmente per la straordinaria professionalit\u00e0 e la grande umanit\u00e0 dimostrate. Grazie a lui e a tutto il suo team, l\u2019intervento e il percorso di cura sono stati gestiti con competenza, attenzione e rispetto per la persona. Vorrei ringraziare di cuore tutti i medici, le infermiere, gli infermieri e il personale del reparto, sempre gentili, disponibili, pronti ad ascoltare e a rassicurare, creando un clima di fiducia e serenit\u00e0, anche in un momento difficile come quello di un intervento chirurgico.<br \/>\nHo potuto effettuare in reparto anche le prime sedute di fisioterapia, seguite poi nella mia citt\u00e0, e posso dire che tutto \u00e8 stato organizzato e condotto con grande efficienza. Un reparto che funziona cos\u00ec bene \u00e8 motivo di orgoglio non solo per Feltre e per la provincia di Belluno, ma per tutta la Sanit\u00e0 Veneta, che con questo<br \/>\nesempio dimostra come la qualit\u00e0 delle cure, unita all\u2019attenzione alla persona, faccia davvero la differenza nella vita dei cittadini. Per questo desidero che questo mio pubblico ringraziamento arrivi non solo agli operatori che mi hanno seguita, ma anche alle Istituzioni: ai Direttori delle ULSS di Belluno e Feltre, alla Sanit\u00e0 Veneta e al<br \/>\nPresidente Luca Zaia, perch\u00e9 sappiano che quando le cose funzionano bene, i cittadini lo vedono, lo apprezzano e lo riconoscono.<br \/>\nCon riconoscenza e stima,<\/p>\n<p>Flavia Nardelli<br \/>\nVenezia.<\/p>\n<p>__<\/p>\n","protected":false},"excerpt":{"rendered":"<p>** Flavia Nardelli di Venezia esprime la sua gratitudine al Reparto di Ortopedia dell\u2019Ospedale di Feltre per l\u2019assistenza ricevuta dopo un intervento alla spalla il 19 agosto 2025. Plaude al Primario Stefano Di Fabio e al team per professionalit\u00e0, umanit\u00e0 e attenzione, sottolineando l\u2019efficienza del reparto e l\u2019eccellenza della Sanit\u00e0 Veneta. LA LETTERA Desidero esprimere&hellip;<\/p>\n","protected":false},"author":4,"featured_media":336242,"comment_status":"closed","ping_status":"closed","sticky":false,"template":"","format":"standard","meta":{"_monsterinsights_skip_tracking":false,"_monsterinsights_sitenote_active":false,"_monsterinsights_sitenote_note":"","_monsterinsights_sitenote_category":0,"footnotes":""},"categories":[49],"tags":[],"class_list":["post-469208","post","type-post","status-publish","format-standard","has-post-thumbnail","hentry","category-news-18","category-49","description-off"],"img_url":"https:\/\/www.radiopiu.net\/wordpress\/wp-content\/uploads\/2023\/05\/ospedale-di-feltre.jpeg","_links":{"self":[{"href":"https:\/\/www.radiopiu.net\/wordpress\/wp-json\/wp\/v2\/posts\/469208","targetHints":{"allow":["GET"]}}],"collection":[{"href":"https:\/\/www.radiopiu.net\/wordpress\/wp-json\/wp\/v2\/posts"}],"about":[{"href":"https:\/\/www.radiopiu.net\/wordpress\/wp-json\/wp\/v2\/types\/post"}],"author":[{"embeddable":true,"href":"https:\/\/www.radiopiu.net\/wordpress\/wp-json\/wp\/v2\/users\/4"}],"replies":[{"embeddable":true,"href":"https:\/\/www.radiopiu.net\/wordpress\/wp-json\/wp\/v2\/comments?post=469208"}],"version-history":[{"count":1,"href":"https:\/\/www.radiopiu.net\/wordpress\/wp-json\/wp\/v2\/posts\/469208\/revisions"}],"predecessor-version":[{"id":469209,"href":"https:\/\/www.radiopiu.net\/wordpress\/wp-json\/wp\/v2\/posts\/469208\/revisions\/469209"}],"wp:featuredmedia":[{"embeddable":true,"href":"https:\/\/www.radiopiu.net\/wordpress\/wp-json\/wp\/v2\/media\/336242"}],"wp:attachment":[{"href":"https:\/\/www.radiopiu.net\/wordpress\/wp-json\/wp\/v2\/media?parent=469208"}],"wp:term":[{"taxonomy":"category","embeddable":true,"href":"https:\/\/www.radiopiu.net\/wordpress\/wp-json\/wp\/v2\/categories?post=469208"},{"taxonomy":"post_tag","embeddable":true,"href":"https:\/\/www.radiopiu.net\/wordpress\/wp-json\/wp\/v2\/tags?post=469208"}],"curies":[{"name":"wp","href":"https:\/\/api.w.org\/{rel}","templated":true}]}}