{"id":469212,"date":"2025-09-11T14:36:02","date_gmt":"2025-09-11T12:36:02","guid":{"rendered":"https:\/\/www.radiopiu.net\/wordpress\/?p=469212"},"modified":"2025-09-11T14:37:04","modified_gmt":"2025-09-11T12:37:04","slug":"sigillo-della-citta-allana-nazionale","status":"publish","type":"post","link":"https:\/\/www.radiopiu.net\/wordpress\/sigillo-della-citta-allana-nazionale\/","title":{"rendered":"SIGILLO DELLA CITT\u00c0 ALL\u2019ANA NAZIONALE"},"content":{"rendered":"<p>***<\/p>\n<blockquote>\n<h2 data-start=\"0\" data-end=\"173\"><em style=\"font-size: 14px; font-weight: normal;\" data-start=\"57\" data-end=\"171\"><a class=\"dt-pswp-item\" href=\"https:\/\/www.radiopiu.net\/wordpress\/wp-content\/uploads\/2025\/09\/download-16.jpg\" data-dt-img-description=\"\" data-large_image_width=\"148\" data-large_image_height=\"148\"><img loading=\"lazy\" decoding=\"async\" class=\"size-full wp-image-469213 alignleft\" src=\"https:\/\/www.radiopiu.net\/wordpress\/wp-content\/uploads\/2025\/09\/download-16.jpg\" alt=\"\" width=\"148\" height=\"148\" \/><\/a>Sabato 13 settembre a Belluno, tra alzabandiera, caroselli e concerto della Fanfara della Brigata Alpina Cadore.<\/em><\/h2>\n<\/blockquote>\n<p data-start=\"175\" data-end=\"991\" data-is-last-node=\"\" data-is-only-node=\"\"><strong>BELLUNO<\/strong> si prepara a un evento di grande valore simbolico: sabato 13 settembre il Teatro Comunale ospiter\u00e0 la cerimonia di conferimento del Sigillo della Citt\u00e0 all\u2019Associazione Nazionale Alpini, massimo riconoscimento comunale. Il programma prevede alle 15.30 l\u2019alzabandiera in piazza dei Martiri, alle 16.30 il carosello della Fanfara in piazza Duomo e alle 20.30 la cerimonia e il concerto al Teatro Dino Buzzati, con ingresso libero e offerta devoluta in beneficenza. Il riconoscimento sottolinea l\u2019impegno costante degli Alpini a favore della comunit\u00e0 e il legame storico con la citt\u00e0, dove la sezione ANA festeggia 104 anni di attivit\u00e0, tra solidariet\u00e0, servizio e cittadinanza attiva. Negli ultimi 22 anni, il Sigillo \u00e8 stato conferito solo a quattro personalit\u00e0 e realt\u00e0 di rilievo nazionale e internazionale.<\/p>\n<blockquote>\n<p data-start=\"175\" data-end=\"991\" data-is-last-node=\"\" data-is-only-node=\"\"><em>\u201cConsegnare il Sigillo all\u2019ANA Nazionale significa riconoscere non solo la storia, ma soprattutto l\u2019attualit\u00e0 di un impegno costante e silenzioso a favore della collettivit\u00e0 \u2013<\/em> le parole del sindaco, Oscar De Pellegrin<\/p>\n<p data-start=\"175\" data-end=\"991\" data-is-last-node=\"\" data-is-only-node=\"\">\n<\/blockquote>\n<table class=\"w-fit min-w-(--thread-content-width)\" data-start=\"123\" data-end=\"752\">\n<thead data-start=\"123\" data-end=\"179\">\n<tr data-start=\"123\" data-end=\"179\">\n<th data-start=\"123\" data-end=\"134\" data-col-size=\"sm\"><strong data-start=\"125\" data-end=\"133\">ANNO<\/strong><\/th>\n<th data-start=\"134\" data-end=\"153\" data-col-size=\"sm\"><strong data-start=\"136\" data-end=\"152\">DESTINATARIO<\/strong><\/th>\n<th data-start=\"153\" data-end=\"179\" data-col-size=\"md\"><strong data-start=\"155\" data-end=\"177\">MOTIVAZIONE \/ NOTE<\/strong><\/th>\n<\/tr>\n<\/thead>\n<tbody data-start=\"235\" data-end=\"752\">\n<tr data-start=\"235\" data-end=\"348\">\n<td data-start=\"235\" data-end=\"246\" data-col-size=\"sm\"><strong data-start=\"237\" data-end=\"245\">2003<\/strong><\/td>\n<td data-start=\"246\" data-end=\"269\" data-col-size=\"sm\">Rita Levi Montalcini<\/td>\n<td data-start=\"269\" data-end=\"348\" data-col-size=\"md\">Riconoscimento internazionale per il contributo alla scienza e alla cultura<\/td>\n<\/tr>\n<tr data-start=\"349\" data-end=\"440\">\n<td data-start=\"349\" data-end=\"360\" data-col-size=\"sm\"><strong data-start=\"351\" data-end=\"359\">2003<\/strong><\/td>\n<td data-start=\"360\" data-end=\"378\" data-col-size=\"sm\">Paul Guichonnet<\/td>\n<td data-start=\"378\" data-end=\"440\" data-col-size=\"md\">Storico e scrittore, per il contributo culturale e storico<\/td>\n<\/tr>\n<tr data-start=\"441\" data-end=\"533\">\n<td data-start=\"441\" data-end=\"452\" data-col-size=\"sm\"><strong data-start=\"443\" data-end=\"451\">2005<\/strong><\/td>\n<td data-start=\"452\" data-end=\"466\" data-col-size=\"sm\">Gino Strada<\/td>\n<td data-start=\"466\" data-end=\"533\" data-col-size=\"md\">Fondatore di Emergency, per l\u2019impegno umanitario internazionale<\/td>\n<\/tr>\n<tr data-start=\"534\" data-end=\"639\">\n<td data-start=\"534\" data-end=\"545\" data-col-size=\"sm\"><strong data-start=\"536\" data-end=\"544\">2005<\/strong><\/td>\n<td data-start=\"545\" data-end=\"568\" data-col-size=\"sm\">7\u00b0 Reggimento Alpini<\/td>\n<td data-start=\"568\" data-end=\"639\" data-col-size=\"md\">Per il servizio, la protezione civile e il legame con il territorio<\/td>\n<\/tr>\n<tr data-start=\"640\" data-end=\"752\">\n<td data-start=\"640\" data-end=\"651\" data-col-size=\"sm\"><strong data-start=\"642\" data-end=\"650\">2025<\/strong><\/td>\n<td data-start=\"651\" data-end=\"689\" data-col-size=\"sm\">Associazione Nazionale Alpini (ANA)<\/td>\n<td data-start=\"689\" data-end=\"752\" data-col-size=\"md\">Per 104 anni di storia locale, impegno civico e comunitario<\/td>\n<\/tr>\n<\/tbody>\n<\/table>\n<p>&nbsp;<\/p>\n<p>&nbsp;<\/p>\n<hr \/>\n<blockquote>\n<h2><\/h2>\n<\/blockquote>\n","protected":false},"excerpt":{"rendered":"<p>*** Sabato 13 settembre a Belluno, tra alzabandiera, caroselli e concerto della Fanfara della Brigata Alpina Cadore. BELLUNO si prepara a un evento di grande valore simbolico: sabato 13 settembre il Teatro Comunale ospiter\u00e0 la cerimonia di conferimento del Sigillo della Citt\u00e0 all\u2019Associazione Nazionale Alpini, massimo riconoscimento comunale. Il programma prevede alle 15.30 l\u2019alzabandiera in&hellip;<\/p>\n","protected":false},"author":4,"featured_media":469213,"comment_status":"closed","ping_status":"closed","sticky":false,"template":"","format":"standard","meta":{"_monsterinsights_skip_tracking":false,"_monsterinsights_sitenote_active":false,"_monsterinsights_sitenote_note":"","_monsterinsights_sitenote_category":0,"footnotes":""},"categories":[49],"tags":[],"class_list":["post-469212","post","type-post","status-publish","format-standard","has-post-thumbnail","hentry","category-news-18","category-49","description-off"],"img_url":"https:\/\/www.radiopiu.net\/wordpress\/wp-content\/uploads\/2025\/09\/download-16.jpg","_links":{"self":[{"href":"https:\/\/www.radiopiu.net\/wordpress\/wp-json\/wp\/v2\/posts\/469212","targetHints":{"allow":["GET"]}}],"collection":[{"href":"https:\/\/www.radiopiu.net\/wordpress\/wp-json\/wp\/v2\/posts"}],"about":[{"href":"https:\/\/www.radiopiu.net\/wordpress\/wp-json\/wp\/v2\/types\/post"}],"author":[{"embeddable":true,"href":"https:\/\/www.radiopiu.net\/wordpress\/wp-json\/wp\/v2\/users\/4"}],"replies":[{"embeddable":true,"href":"https:\/\/www.radiopiu.net\/wordpress\/wp-json\/wp\/v2\/comments?post=469212"}],"version-history":[{"count":2,"href":"https:\/\/www.radiopiu.net\/wordpress\/wp-json\/wp\/v2\/posts\/469212\/revisions"}],"predecessor-version":[{"id":469215,"href":"https:\/\/www.radiopiu.net\/wordpress\/wp-json\/wp\/v2\/posts\/469212\/revisions\/469215"}],"wp:featuredmedia":[{"embeddable":true,"href":"https:\/\/www.radiopiu.net\/wordpress\/wp-json\/wp\/v2\/media\/469213"}],"wp:attachment":[{"href":"https:\/\/www.radiopiu.net\/wordpress\/wp-json\/wp\/v2\/media?parent=469212"}],"wp:term":[{"taxonomy":"category","embeddable":true,"href":"https:\/\/www.radiopiu.net\/wordpress\/wp-json\/wp\/v2\/categories?post=469212"},{"taxonomy":"post_tag","embeddable":true,"href":"https:\/\/www.radiopiu.net\/wordpress\/wp-json\/wp\/v2\/tags?post=469212"}],"curies":[{"name":"wp","href":"https:\/\/api.w.org\/{rel}","templated":true}]}}