{"id":469236,"date":"2025-09-12T05:44:12","date_gmt":"2025-09-12T03:44:12","guid":{"rendered":"https:\/\/www.radiopiu.net\/wordpress\/?p=469236"},"modified":"2025-09-12T06:00:32","modified_gmt":"2025-09-12T04:00:32","slug":"ddl-montagna-padrin-ora-le-terre-alte-hanno-un-ruolo-nellagenda-politica","status":"publish","type":"post","link":"https:\/\/www.radiopiu.net\/wordpress\/ddl-montagna-padrin-ora-le-terre-alte-hanno-un-ruolo-nellagenda-politica\/","title":{"rendered":"DDL MONTAGNA, PADRIN: \u00abORA LE TERRE ALTE HANNO UN RUOLO NELL\u2019AGENDA POLITICA\u00bb"},"content":{"rendered":"<p>***<\/p>\n<h3 data-start=\"113\" data-end=\"196\"><\/h3>\n<p data-start=\"198\" data-end=\"380\"><em data-start=\"198\" data-end=\"378\"><a class=\"dt-pswp-item\" href=\"https:\/\/www.radiopiu.net\/wordpress\/wp-content\/uploads\/2024\/08\/RITRATTI-PADRIN.jpg\" data-dt-img-description=\"\" data-large_image_width=\"1600\" data-large_image_height=\"1200\"><img loading=\"lazy\" decoding=\"async\" class=\"wp-image-404840 alignleft\" src=\"https:\/\/www.radiopiu.net\/wordpress\/wp-content\/uploads\/2024\/08\/RITRATTI-PADRIN-300x225.jpg\" alt=\"\" width=\"203\" height=\"152\" srcset=\"https:\/\/www.radiopiu.net\/wordpress\/wp-content\/uploads\/2024\/08\/RITRATTI-PADRIN-300x225.jpg 300w, https:\/\/www.radiopiu.net\/wordpress\/wp-content\/uploads\/2024\/08\/RITRATTI-PADRIN-1024x768.jpg 1024w, https:\/\/www.radiopiu.net\/wordpress\/wp-content\/uploads\/2024\/08\/RITRATTI-PADRIN-768x576.jpg 768w, https:\/\/www.radiopiu.net\/wordpress\/wp-content\/uploads\/2024\/08\/RITRATTI-PADRIN-1536x1152.jpg 1536w, https:\/\/www.radiopiu.net\/wordpress\/wp-content\/uploads\/2024\/08\/RITRATTI-PADRIN.jpg 1600w\" sizes=\"auto, (max-width: 203px) 100vw, 203px\" \/><\/a>Il presidente della Provincia di Belluno accoglie con soddisfazione l\u2019approvazione della nuova legge: \u201cUna svolta storica, servono risorse, personale e semplificazione normativa\u201d<\/em><\/p>\n<p data-start=\"382\" data-end=\"1076\"><strong>BELLUNO<\/strong> \u2013 \u00abDa oggi la montagna non \u00e8 pi\u00f9 un territorio ancillare e subalterno, ma ha la stessa dignit\u00e0 della pianura e delle aree metropolitane\u00bb. Cos\u00ec Roberto Padrin, presidente della Provincia di Belluno, commenta l\u2019approvazione definitiva della nuova legge sulla montagna.<br data-start=\"656\" data-end=\"659\" \/>Padrin evidenzia l\u2019importanza degli incentivi per scuola, sanit\u00e0 e sviluppo economico, fondamentali per contrastare lo spopolamento e rendere attrattive le terre alte. \u00abI 200 milioni stanziati sono una base significativa \u2013 aggiunge \u2013 ma oltre alle risorse servono personale della Pubblica Amministrazione e semplificazione normativa, per permettere alla montagna di correre alla stessa velocit\u00e0 del resto d\u2019Italia\u00bb.<\/p>\n<p data-start=\"382\" data-end=\"1076\">\n<hr \/>\n<p data-start=\"382\" data-end=\"1076\">\n","protected":false},"excerpt":{"rendered":"<p>*** Il presidente della Provincia di Belluno accoglie con soddisfazione l\u2019approvazione della nuova legge: \u201cUna svolta storica, servono risorse, personale e semplificazione normativa\u201d BELLUNO \u2013 \u00abDa oggi la montagna non \u00e8 pi\u00f9 un territorio ancillare e subalterno, ma ha la stessa dignit\u00e0 della pianura e delle aree metropolitane\u00bb. Cos\u00ec Roberto Padrin, presidente della Provincia di&hellip;<\/p>\n","protected":false},"author":4,"featured_media":469237,"comment_status":"closed","ping_status":"closed","sticky":false,"template":"","format":"standard","meta":{"_monsterinsights_skip_tracking":false,"_monsterinsights_sitenote_active":false,"_monsterinsights_sitenote_note":"","_monsterinsights_sitenote_category":0,"footnotes":""},"categories":[51,49],"tags":[],"class_list":["post-469236","post","type-post","status-publish","format-standard","has-post-thumbnail","hentry","category-evidenza-top","category-news-18","category-51","category-49","description-off"],"img_url":"https:\/\/www.radiopiu.net\/wordpress\/wp-content\/uploads\/2025\/09\/RITRATTI-PADRIN-300x225-1.jpg","_links":{"self":[{"href":"https:\/\/www.radiopiu.net\/wordpress\/wp-json\/wp\/v2\/posts\/469236","targetHints":{"allow":["GET"]}}],"collection":[{"href":"https:\/\/www.radiopiu.net\/wordpress\/wp-json\/wp\/v2\/posts"}],"about":[{"href":"https:\/\/www.radiopiu.net\/wordpress\/wp-json\/wp\/v2\/types\/post"}],"author":[{"embeddable":true,"href":"https:\/\/www.radiopiu.net\/wordpress\/wp-json\/wp\/v2\/users\/4"}],"replies":[{"embeddable":true,"href":"https:\/\/www.radiopiu.net\/wordpress\/wp-json\/wp\/v2\/comments?post=469236"}],"version-history":[{"count":1,"href":"https:\/\/www.radiopiu.net\/wordpress\/wp-json\/wp\/v2\/posts\/469236\/revisions"}],"predecessor-version":[{"id":469238,"href":"https:\/\/www.radiopiu.net\/wordpress\/wp-json\/wp\/v2\/posts\/469236\/revisions\/469238"}],"wp:featuredmedia":[{"embeddable":true,"href":"https:\/\/www.radiopiu.net\/wordpress\/wp-json\/wp\/v2\/media\/469237"}],"wp:attachment":[{"href":"https:\/\/www.radiopiu.net\/wordpress\/wp-json\/wp\/v2\/media?parent=469236"}],"wp:term":[{"taxonomy":"category","embeddable":true,"href":"https:\/\/www.radiopiu.net\/wordpress\/wp-json\/wp\/v2\/categories?post=469236"},{"taxonomy":"post_tag","embeddable":true,"href":"https:\/\/www.radiopiu.net\/wordpress\/wp-json\/wp\/v2\/tags?post=469236"}],"curies":[{"name":"wp","href":"https:\/\/api.w.org\/{rel}","templated":true}]}}